{"id":1,"date":"2024-06-01T18:04:23","date_gmt":"2024-06-01T16:04:23","guid":{"rendered":"http:\/\/planetactus.com\/?p=1"},"modified":"2024-06-02T22:33:55","modified_gmt":"2024-06-02T20:33:55","slug":"l-ue-est-sur-le-point-de-faire-du-discours-de-haine-un-crime-grave","status":"publish","type":"post","link":"https:\/\/planetactus.com\/index.php\/2024\/06\/01\/l-ue-est-sur-le-point-de-faire-du-discours-de-haine-un-crime-grave\/","title":{"rendered":"L\u2019UE est sur le point de faire du \u00ab discours de haine \u00bb un crime grave"},"content":{"rendered":"\n<p><\/p>\n\n\n\n<p><strong><em>Par Didi Rankovic<\/em><\/strong><\/p>\n\n\n\n<p>La Commission europ\u00e9enne (CE) semble se pr\u00e9parer \u00e0 inclure le \u00ab discours de haine \u00bb parmi la liste des infractions p\u00e9nales les plus graves et \u00e0 r\u00e9glementer ses enqu\u00eates et ses poursuites dans l&rsquo;ensemble du bloc.<\/p>\n\n\n\n<p>Que ce type de proposition surgisse maintenant en raison des prochaines \u00e9lections europ\u00e9ennes ou que l&rsquo;initiative ait des longueurs d&rsquo;avance deviendra une \u00e9vidence avec le temps, mais pour l&rsquo;instant, les projets sont soutenus par plusieurs commissaires europ\u00e9ens.<\/p>\n\n\n\n<p>L&rsquo;id\u00e9e \u00e9mane du Panel de citoyens europ\u00e9ens sur la lutte contre la haine dans la soci\u00e9t\u00e9, l&rsquo;un des nombreux panels (ECP) cr\u00e9\u00e9s pour aider la pr\u00e9sidente de la CE, Ursula von der Leyen, \u00e0 tenir sa (campagne ?) promesse d&rsquo;inaugurer une d\u00e9mocratie dans l&rsquo;UE \u00ab adapt\u00e9e \u00bb. pour le futur.\u00a0\u00bb<\/p>\n\n\n\n<p>Cela pourrait vouloir dire n\u2019importe quoi, et le flou ne s\u2019arr\u00eate pas l\u00e0 : le \u00ab discours de haine \u00bb lui-m\u00eame, malgr\u00e9 la gravit\u00e9 des propositions visant \u00e0 le qualifier de crime grave, n\u2019est m\u00eame pas bien d\u00e9fini, pr\u00e9viennent les observateurs.<\/p>\n\n\n\n<p>Malgr\u00e9 cela, les recommandations contenues dans un rapport produit par le panel ont \u00e9t\u00e9 soutenues par la vice-pr\u00e9sidente de la Commission europ\u00e9enne pour les valeurs et la transparence, Vera Jourova, ainsi que par la vice-pr\u00e9sidente pour la d\u00e9mocratie et la d\u00e9mographie, Dubravka Suica.<\/p>\n\n\n\n<p>Selon Jourova, les recommandations du panel sur la mani\u00e8re de traiter le \u00ab discours de haine \u00bb sont \u00ab claires et ambitieuses \u00bb \u2013 m\u00eame si, comme indiqu\u00e9, une d\u00e9finition claire de ce type de discours fait encore d\u00e9faut.<\/p>\n\n\n\n<p>C\u2019est la formulation recherch\u00e9e par le rapport : tout discours \u00ab incompatible avec les valeurs de dignit\u00e9 humaine, de libert\u00e9, de d\u00e9mocratie, d\u2019\u00c9tat de droit et de respect des droits de l\u2019homme \u00bb doit \u00eatre consid\u00e9r\u00e9 comme un \u00ab discours de haine \u00bb.<\/p>\n\n\n\n<p>Les critiques de cette approche contestent le fait de privil\u00e9gier des expressions essentiellement subjectives, sans parler des expressions vagues telles que \u00ab&nbsp;valeurs de dignit\u00e9 humaine&nbsp;\u00bb, consid\u00e9rant que m\u00eame en Europe, la parole peut toujours \u00eatre licite m\u00eame si des individus ou des groupes la per\u00e7oivent comme offensante ou bouleversante.<\/p>\n\n\n\n<p>Puisqu&rsquo;il existe \u00e9galement des discours de haine qui sont d\u00e9j\u00e0 ill\u00e9gaux dans l&rsquo;UE, le panel souhaite qu&rsquo;ils re\u00e7oivent une nouvelle d\u00e9finition, et l&rsquo;objectif, indique le rapport, est de \u00ab garantir que toutes les formes de discours de haine soient uniform\u00e9ment reconnues et p\u00e9nalis\u00e9es, renfor\u00e7ant ainsi notre politique \u00bb. engagement en faveur d\u2019une soci\u00e9t\u00e9 plus inclusive et respectueuse.<\/p>\n\n\n\n<p>Si l&rsquo;UE d\u00e9cide d&rsquo;ajouter le discours de haine \u00e0 sa liste de crimes, ajoute le rapport du panel, cela permettra de prot\u00e9ger les communaut\u00e9s marginalis\u00e9es et de \u00ab pr\u00e9server la dignit\u00e9 humaine \u00bb.<\/p>\n\n\n\n<p>Il convient de noter que l\u2019effort semble coordonn\u00e9, m\u00eame en ce qui concerne la formulation, puisque les m\u00e9dias notent que la recommandation \u00ab adopte exactement la m\u00eame terminologie qu\u2019une proposition de la CE r\u00e9cemment approuv\u00e9e par le Parlement europ\u00e9en visant \u00e0 \u00e9tendre la liste des crimes \u00e0 l\u2019\u00e9chelle de l\u2019UE. pour inclure le \u00ab\u00a0discours de haine\u00a0\u00bb.\u00a0\u00bb<\/p>\n\n\n\n<p>\ud83d\udd17 Source :  <a href=\"https:\/\/reclaimthenet.org\/the-eu-is-on-the-brink-off-making-hate-speech-a-serious-crime\" data-type=\"link\" data-id=\"https:\/\/reclaimthenet.org\/the-eu-is-on-the-brink-off-making-hate-speech-a-serious-crime\" target=\"_blank\" rel=\"noreferrer noopener\">Reclaim The Net<\/a><\/p>\n\n\n\n<p>Traduite par Planet Actus<\/p>\n\n\n\n<hr class=\"wp-block-separator has-alpha-channel-opacity\"\/>\n\n\n<div class=\"wp-block-image\">\n<figure class=\"aligncenter size-large is-resized\"><a href=\"https:\/\/zeno.fm\/player\/rv7-mix\" target=\"_blank\" rel=\"noreferrer noopener\"><img data-opt-id=1397863654  fetchpriority=\"high\" decoding=\"async\" src=\"https:\/\/mlrdeoj2ejbf.i.optimole.com\/cb:mvHM.4ca\/w:auto\/h:auto\/q:mauto\/f:best\/https:\/\/i0.wp.com\/radiovolume7.com\/wp-content\/uploads\/2023\/12\/000007Ba-2nderoleOriginaleRV7Mix-000.jpg?resize=768%2C226&amp;ssl=1\" alt=\"\" style=\"width:865px;height:auto\"\/><\/a><\/figure>\n<\/div><div class=\"gsp_post_data\" \r\n\t            data-post_type=\"post\" \r\n\t            data-cat=\"crimes,europe\" \r\n\t            data-modified=\"120\"\r\n\t            data-created=\"1717265063\"\r\n\t            data-title=\"L\u2019UE est sur le point de faire du \u00ab discours de haine \u00bb un crime grave\" \r\n\t            data-home=\"https:\/\/planetactus.com\"><\/div>","protected":false},"excerpt":{"rendered":"<p>Par Didi Rankovic La Commission europ\u00e9enne (CE) semble se pr\u00e9parer \u00e0 inclure le \u00ab discours de haine \u00bb parmi la liste des infractions p\u00e9nales les plus graves et \u00e0 r\u00e9glementer ses enqu\u00eates et ses poursuites dans l&rsquo;ensemble du bloc. Que ce type de proposition surgisse maintenant en raison des prochaines \u00e9lections europ\u00e9ennes ou que l&rsquo;initiative [&hellip;]<\/p>\n","protected":false},"author":1,"featured_media":53,"comment_status":"open","ping_status":"open","sticky":false,"template":"","format":"standard","meta":{"_bbp_topic_count":0,"_bbp_reply_count":0,"_bbp_total_topic_count":0,"_bbp_total_reply_count":0,"_bbp_voice_count":0,"_bbp_anonymous_reply_count":0,"_bbp_topic_count_hidden":0,"_bbp_reply_count_hidden":0,"_bbp_forum_subforum_count":0,"fifu_image_url":"","fifu_image_alt":"","_jetpack_memberships_contains_paid_content":false,"footnotes":"","jetpack_publicize_message":"","jetpack_publicize_feature_enabled":true,"jetpack_social_post_already_shared":false,"jetpack_social_options":{"image_generator_settings":{"template":"highway","default_image_id":0,"font":"","enabled":false},"version":2}},"categories":[8,7],"tags":[],"class_list":["post-1","post","type-post","status-publish","format-standard","has-post-thumbnail","hentry","category-crimes","category-europe"],"featured_image_src":"https:\/\/mlrdeoj2ejbf.i.optimole.com\/cb:mvHM.4ca\/w:auto\/h:auto\/q:mauto\/f:best\/https:\/\/i0.wp.com\/planetactus.com\/wp-content\/uploads\/2024\/06\/crime-de-parole-a-lechelle-europeenne-min.webp?fit=2560%2C1440&ssl=1","author_info":{"display_name":"planetactus.com","author_link":"https:\/\/planetactus.com\/index.php\/author\/admin9861\/"},"yoast_head":"<!-- This site is optimized with the Yoast SEO plugin v27.5 - https:\/\/yoast.com\/product\/yoast-seo-wordpress\/ -->\n<title>L\u2019UE est sur le point de faire du \u00ab discours de haine \u00bb un crime grave -<\/title>\n<meta name=\"description\" content=\"La Commission europ\u00e9enne (CE) semble se pr\u00e9parer \u00e0 inclure le \u00ab discours de haine \u00bb parmi la liste des infractions p\u00e9nales les plus graves et \u00e0 r\u00e9glementer ses enqu\u00eates et ses poursuites dans l&#039;ensemble du bloc.\" class=\"yoast-seo-meta-tag\" \/>\n<meta name=\"robots\" content=\"index, follow, max-snippet:-1, max-image-preview:large, max-video-preview:-1\" \/>\n<link rel=\"canonical\" href=\"https:\/\/planetactus.com\/index.php\/2024\/06\/01\/l-ue-est-sur-le-point-de-faire-du-discours-de-haine-un-crime-grave\/\" class=\"yoast-seo-meta-tag\" \/>\n<meta property=\"og:locale\" content=\"fr_FR\" class=\"yoast-seo-meta-tag\" \/>\n<meta property=\"og:type\" content=\"article\" class=\"yoast-seo-meta-tag\" \/>\n<meta property=\"og:title\" content=\"L\u2019UE est sur le point de faire du \u00ab discours de haine \u00bb un crime grave\" class=\"yoast-seo-meta-tag\" \/>\n<meta property=\"og:description\" content=\"La Commission europ\u00e9enne (CE) semble se pr\u00e9parer \u00e0 inclure le \u00ab discours de haine \u00bb parmi la liste des infractions p\u00e9nales les plus graves et \u00e0 r\u00e9glementer ses enqu\u00eates et ses poursuites dans l&#039;ensemble du bloc.\" class=\"yoast-seo-meta-tag\" \/>\n<meta property=\"og:url\" content=\"https:\/\/planetactus.com\/index.php\/2024\/06\/01\/l-ue-est-sur-le-point-de-faire-du-discours-de-haine-un-crime-grave\/\" class=\"yoast-seo-meta-tag\" \/>\n<meta property=\"article:publisher\" content=\"https:\/\/www.facebook.com\/profile.php?id=61561620320740\" class=\"yoast-seo-meta-tag\" \/>\n<meta property=\"article:author\" content=\"https:\/\/www.facebook.com\/profile.php?id=61561620320740\" class=\"yoast-seo-meta-tag\" \/>\n<meta property=\"article:published_time\" content=\"2024-06-01T16:04:23+00:00\" class=\"yoast-seo-meta-tag\" \/>\n<meta property=\"article:modified_time\" content=\"2024-06-02T20:33:55+00:00\" class=\"yoast-seo-meta-tag\" \/>\n<meta property=\"og:image\" content=\"https:\/\/mlrdeoj2ejbf.i.optimole.com\/cb:mvHM.4ca\/w:auto\/h:auto\/q:mauto\/f:best\/http:\/\/planetactus.com\/wp-content\/uploads\/2024\/06\/crime-de-parole-a-lechelle-europeenne-min.webp\" class=\"yoast-seo-meta-tag\" \/>\n\t<meta property=\"og:image:width\" content=\"2560\" class=\"yoast-seo-meta-tag\" \/>\n\t<meta property=\"og:image:height\" content=\"1440\" class=\"yoast-seo-meta-tag\" \/>\n\t<meta property=\"og:image:type\" content=\"image\/webp\" class=\"yoast-seo-meta-tag\" \/>\n<meta name=\"author\" content=\"planetactus.com\" class=\"yoast-seo-meta-tag\" \/>\n<meta name=\"twitter:card\" content=\"summary_large_image\" class=\"yoast-seo-meta-tag\" \/>\n<meta name=\"twitter:title\" content=\"L\u2019UE est sur le point de faire du \u00ab discours de haine \u00bb un crime grave\" class=\"yoast-seo-meta-tag\" \/>\n<meta name=\"twitter:description\" content=\"La Commission europ\u00e9enne (CE) semble se pr\u00e9parer \u00e0 inclure le \u00ab discours de haine \u00bb parmi la liste des infractions p\u00e9nales les plus graves et \u00e0 r\u00e9glementer ses enqu\u00eates et ses poursuites dans l&#039;ensemble du bloc.\" class=\"yoast-seo-meta-tag\" \/>\n<meta name=\"twitter:image\" content=\"https:\/\/mlrdeoj2ejbf.i.optimole.com\/cb:mvHM.4ca\/w:auto\/h:auto\/q:mauto\/f:best\/https:\/\/i0.wp.com\/planetactus.com\/wp-content\/uploads\/2024\/06\/crime-de-parole-a-lechelle-europeenne-min.webp?fit=2560%2C1440&ssl=1\" class=\"yoast-seo-meta-tag\" \/>\n<meta name=\"twitter:creator\" content=\"@https:\/\/x.com\/PlanetActus\" class=\"yoast-seo-meta-tag\" \/>\n<meta name=\"twitter:site\" content=\"@PlanetActus\" class=\"yoast-seo-meta-tag\" \/>\n<meta name=\"twitter:label1\" content=\"\u00c9crit par\" class=\"yoast-seo-meta-tag\" \/>\n\t<meta name=\"twitter:data1\" content=\"planetactus.com\" class=\"yoast-seo-meta-tag\" \/>\n\t<meta name=\"twitter:label2\" content=\"Dur\u00e9e de lecture estim\u00e9e\" class=\"yoast-seo-meta-tag\" \/>\n\t<meta name=\"twitter:data2\" content=\"3 minutes\" class=\"yoast-seo-meta-tag\" \/>\n<script type=\"application\/ld+json\" class=\"yoast-schema-graph\">{\"@context\":\"https:\\\/\\\/schema.org\",\"@graph\":[{\"@type\":\"Article\",\"@id\":\"https:\\\/\\\/planetactus.com\\\/index.php\\\/2024\\\/06\\\/01\\\/l-ue-est-sur-le-point-de-faire-du-discours-de-haine-un-crime-grave\\\/#article\",\"isPartOf\":{\"@id\":\"https:\\\/\\\/planetactus.com\\\/index.php\\\/2024\\\/06\\\/01\\\/l-ue-est-sur-le-point-de-faire-du-discours-de-haine-un-crime-grave\\\/\"},\"author\":{\"name\":\"planetactus.com\",\"@id\":\"https:\\\/\\\/planetactus.com\\\/#\\\/schema\\\/person\\\/fbb75ac73a2424d2e176d31b021372a4\"},\"headline\":\"L\u2019UE est sur le point de faire du \u00ab discours de haine \u00bb un crime grave\",\"datePublished\":\"2024-06-01T16:04:23+00:00\",\"dateModified\":\"2024-06-02T20:33:55+00:00\",\"mainEntityOfPage\":{\"@id\":\"https:\\\/\\\/planetactus.com\\\/index.php\\\/2024\\\/06\\\/01\\\/l-ue-est-sur-le-point-de-faire-du-discours-de-haine-un-crime-grave\\\/\"},\"wordCount\":563,\"commentCount\":2,\"publisher\":{\"@id\":\"https:\\\/\\\/planetactus.com\\\/#\\\/schema\\\/person\\\/fbb75ac73a2424d2e176d31b021372a4\"},\"image\":{\"@id\":\"https:\\\/\\\/planetactus.com\\\/index.php\\\/2024\\\/06\\\/01\\\/l-ue-est-sur-le-point-de-faire-du-discours-de-haine-un-crime-grave\\\/#primaryimage\"},\"thumbnailUrl\":\"https:\\/\\/i0.wp.com\\/planetactus.com\\/wp-content\\/uploads\\/2024\\/06\\/crime-de-parole-a-lechelle-europeenne-min.webp?fit=2560%2C1440&ssl=1\",\"articleSection\":[\"Crimes\",\"Europe\"],\"inLanguage\":\"fr-FR\",\"potentialAction\":[{\"@type\":\"CommentAction\",\"name\":\"Comment\",\"target\":[\"https:\\\/\\\/planetactus.com\\\/index.php\\\/2024\\\/06\\\/01\\\/l-ue-est-sur-le-point-de-faire-du-discours-de-haine-un-crime-grave\\\/#respond\"]}]},{\"@type\":\"WebPage\",\"@id\":\"https:\\\/\\\/planetactus.com\\\/index.php\\\/2024\\\/06\\\/01\\\/l-ue-est-sur-le-point-de-faire-du-discours-de-haine-un-crime-grave\\\/\",\"url\":\"https:\\\/\\\/planetactus.com\\\/index.php\\\/2024\\\/06\\\/01\\\/l-ue-est-sur-le-point-de-faire-du-discours-de-haine-un-crime-grave\\\/\",\"name\":\"L\u2019UE est sur le point de faire du \u00ab discours de haine \u00bb un crime grave -\",\"isPartOf\":{\"@id\":\"https:\\\/\\\/planetactus.com\\\/#website\"},\"primaryImageOfPage\":{\"@id\":\"https:\\\/\\\/planetactus.com\\\/index.php\\\/2024\\\/06\\\/01\\\/l-ue-est-sur-le-point-de-faire-du-discours-de-haine-un-crime-grave\\\/#primaryimage\"},\"image\":{\"@id\":\"https:\\\/\\\/planetactus.com\\\/index.php\\\/2024\\\/06\\\/01\\\/l-ue-est-sur-le-point-de-faire-du-discours-de-haine-un-crime-grave\\\/#primaryimage\"},\"thumbnailUrl\":\"https:\\/\\/i0.wp.com\\/planetactus.com\\/wp-content\\/uploads\\/2024\\/06\\/crime-de-parole-a-lechelle-europeenne-min.webp?fit=2560%2C1440&ssl=1\",\"datePublished\":\"2024-06-01T16:04:23+00:00\",\"dateModified\":\"2024-06-02T20:33:55+00:00\",\"description\":\"La Commission europ\u00e9enne (CE) semble se pr\u00e9parer \u00e0 inclure le \u00ab discours de haine \u00bb parmi la liste des infractions p\u00e9nales les plus graves et \u00e0 r\u00e9glementer ses enqu\u00eates et ses poursuites dans l'ensemble du bloc.\",\"breadcrumb\":{\"@id\":\"https:\\\/\\\/planetactus.com\\\/index.php\\\/2024\\\/06\\\/01\\\/l-ue-est-sur-le-point-de-faire-du-discours-de-haine-un-crime-grave\\\/#breadcrumb\"},\"inLanguage\":\"fr-FR\",\"potentialAction\":[{\"@type\":\"ReadAction\",\"target\":[\"https:\\\/\\\/planetactus.com\\\/index.php\\\/2024\\\/06\\\/01\\\/l-ue-est-sur-le-point-de-faire-du-discours-de-haine-un-crime-grave\\\/\"]}]},{\"@type\":\"ImageObject\",\"inLanguage\":\"fr-FR\",\"@id\":\"https:\\\/\\\/planetactus.com\\\/index.php\\\/2024\\\/06\\\/01\\\/l-ue-est-sur-le-point-de-faire-du-discours-de-haine-un-crime-grave\\\/#primaryimage\",\"url\":\"https:\\/\\/i0.wp.com\\/planetactus.com\\/wp-content\\/uploads\\/2024\\/06\\/crime-de-parole-a-lechelle-europeenne-min.webp?fit=2560%2C1440&ssl=1\",\"contentUrl\":\"https:\\/\\/i0.wp.com\\/planetactus.com\\/wp-content\\/uploads\\/2024\\/06\\/crime-de-parole-a-lechelle-europeenne-min.webp?fit=2560%2C1440&ssl=1\",\"width\":2560,\"height\":1440,\"caption\":\"Illustration image \\\/ crime de parole \u00e0 l'\u00e9chelle europ\u00e9enne \\\/ reclaimthenet.org\"},{\"@type\":\"BreadcrumbList\",\"@id\":\"https:\\\/\\\/planetactus.com\\\/index.php\\\/2024\\\/06\\\/01\\\/l-ue-est-sur-le-point-de-faire-du-discours-de-haine-un-crime-grave\\\/#breadcrumb\",\"itemListElement\":[{\"@type\":\"ListItem\",\"position\":1,\"name\":\"Accueil\",\"item\":\"https:\\\/\\\/planetactus.com\\\/\"},{\"@type\":\"ListItem\",\"position\":2,\"name\":\"L\u2019UE est sur le point de faire du \u00ab discours de haine \u00bb un crime grave\"}]},{\"@type\":\"WebSite\",\"@id\":\"https:\\\/\\\/planetactus.com\\\/#website\",\"url\":\"https:\\\/\\\/planetactus.com\\\/\",\"name\":\"PLANET ACTUS\",\"description\":\"PLANET ACTUS\",\"publisher\":{\"@id\":\"https:\\\/\\\/planetactus.com\\\/#\\\/schema\\\/person\\\/fbb75ac73a2424d2e176d31b021372a4\"},\"potentialAction\":[{\"@type\":\"SearchAction\",\"target\":{\"@type\":\"EntryPoint\",\"urlTemplate\":\"https:\\\/\\\/planetactus.com\\\/?s={search_term_string}\"},\"query-input\":{\"@type\":\"PropertyValueSpecification\",\"valueRequired\":true,\"valueName\":\"search_term_string\"}}],\"inLanguage\":\"fr-FR\"},{\"@type\":[\"Person\",\"Organization\"],\"@id\":\"https:\\\/\\\/planetactus.com\\\/#\\\/schema\\\/person\\\/fbb75ac73a2424d2e176d31b021372a4\",\"name\":\"planetactus.com\",\"image\":{\"@type\":\"ImageObject\",\"inLanguage\":\"fr-FR\",\"@id\":\"https:\\/\\/i0.wp.com\\/planetactus.com\\/wp-content\\/uploads\\/2024\\/07\\/cropped-2-Planet-Actus-Banniere-02a.jpg?fit=1189%2C365&ssl=1\",\"url\":\"https:\\/\\/i0.wp.com\\/planetactus.com\\/wp-content\\/uploads\\/2024\\/07\\/cropped-2-Planet-Actus-Banniere-02a.jpg?fit=1189%2C365&ssl=1\",\"contentUrl\":\"https:\\/\\/i0.wp.com\\/planetactus.com\\/wp-content\\/uploads\\/2024\\/07\\/cropped-2-Planet-Actus-Banniere-02a.jpg?fit=1189%2C365&ssl=1\",\"width\":1189,\"height\":365,\"caption\":\"planetactus.com\"},\"logo\":{\"@id\":\"https:\\/\\/i0.wp.com\\/planetactus.com\\/wp-content\\/uploads\\/2024\\/07\\/cropped-2-Planet-Actus-Banniere-02a.jpg?fit=1189%2C365&ssl=1\"},\"sameAs\":[\"http:\\\/\\\/planetactus.com\",\"https:\\\/\\\/www.facebook.com\\\/profile.php?id=61561620320740\",\"https:\\\/\\\/x.com\\\/https:\\\/\\\/x.com\\\/PlanetActus\",\"https:\\\/\\\/www.youtube.com\\\/@PlanetActus\"],\"url\":\"https:\\\/\\\/planetactus.com\\\/index.php\\\/author\\\/admin9861\\\/\"}]}<\/script>\n<!-- \/ Yoast SEO plugin. -->","yoast_head_json":{"title":"L\u2019UE est sur le point de faire du \u00ab discours de haine \u00bb un crime grave -","description":"La Commission europ\u00e9enne (CE) semble se pr\u00e9parer \u00e0 inclure le \u00ab discours de haine \u00bb parmi la liste des infractions p\u00e9nales les plus graves et \u00e0 r\u00e9glementer ses enqu\u00eates et ses poursuites dans l'ensemble du bloc.","robots":{"index":"index","follow":"follow","max-snippet":"max-snippet:-1","max-image-preview":"max-image-preview:large","max-video-preview":"max-video-preview:-1"},"canonical":"https:\/\/planetactus.com\/index.php\/2024\/06\/01\/l-ue-est-sur-le-point-de-faire-du-discours-de-haine-un-crime-grave\/","og_locale":"fr_FR","og_type":"article","og_title":"L\u2019UE est sur le point de faire du \u00ab discours de haine \u00bb un crime grave","og_description":"La Commission europ\u00e9enne (CE) semble se pr\u00e9parer \u00e0 inclure le \u00ab discours de haine \u00bb parmi la liste des infractions p\u00e9nales les plus graves et \u00e0 r\u00e9glementer ses enqu\u00eates et ses poursuites dans l'ensemble du bloc.","og_url":"https:\/\/planetactus.com\/index.php\/2024\/06\/01\/l-ue-est-sur-le-point-de-faire-du-discours-de-haine-un-crime-grave\/","article_publisher":"https:\/\/www.facebook.com\/profile.php?id=61561620320740","article_author":"https:\/\/www.facebook.com\/profile.php?id=61561620320740","article_published_time":"2024-06-01T16:04:23+00:00","article_modified_time":"2024-06-02T20:33:55+00:00","og_image":[{"width":2560,"height":1440,"url":"https:\/\/mlrdeoj2ejbf.i.optimole.com\/cb:mvHM.4ca\/w:auto\/h:auto\/q:mauto\/f:best\/http:\/\/planetactus.com\/wp-content\/uploads\/2024\/06\/crime-de-parole-a-lechelle-europeenne-min.webp","type":"image\/webp"}],"author":"planetactus.com","twitter_card":"summary_large_image","twitter_title":"L\u2019UE est sur le point de faire du \u00ab discours de haine \u00bb un crime grave","twitter_description":"La Commission europ\u00e9enne (CE) semble se pr\u00e9parer \u00e0 inclure le \u00ab discours de haine \u00bb parmi la liste des infractions p\u00e9nales les plus graves et \u00e0 r\u00e9glementer ses enqu\u00eates et ses poursuites dans l'ensemble du bloc.","twitter_image":"https:\/\/mlrdeoj2ejbf.i.optimole.com\/cb:mvHM.4ca\/w:auto\/h:auto\/q:mauto\/f:best\/https:\/\/i0.wp.com\/planetactus.com\/wp-content\/uploads\/2024\/06\/crime-de-parole-a-lechelle-europeenne-min.webp?fit=2560%2C1440&ssl=1","twitter_creator":"@https:\/\/x.com\/PlanetActus","twitter_site":"@PlanetActus","twitter_misc":{"\u00c9crit par":"planetactus.com","Dur\u00e9e de lecture estim\u00e9e":"3 minutes"},"schema":{"@context":"https:\/\/schema.org","@graph":[{"@type":"Article","@id":"https:\/\/planetactus.com\/index.php\/2024\/06\/01\/l-ue-est-sur-le-point-de-faire-du-discours-de-haine-un-crime-grave\/#article","isPartOf":{"@id":"https:\/\/planetactus.com\/index.php\/2024\/06\/01\/l-ue-est-sur-le-point-de-faire-du-discours-de-haine-un-crime-grave\/"},"author":{"name":"planetactus.com","@id":"https:\/\/planetactus.com\/#\/schema\/person\/fbb75ac73a2424d2e176d31b021372a4"},"headline":"L\u2019UE est sur le point de faire du \u00ab discours de haine \u00bb un crime grave","datePublished":"2024-06-01T16:04:23+00:00","dateModified":"2024-06-02T20:33:55+00:00","mainEntityOfPage":{"@id":"https:\/\/planetactus.com\/index.php\/2024\/06\/01\/l-ue-est-sur-le-point-de-faire-du-discours-de-haine-un-crime-grave\/"},"wordCount":563,"commentCount":2,"publisher":{"@id":"https:\/\/planetactus.com\/#\/schema\/person\/fbb75ac73a2424d2e176d31b021372a4"},"image":{"@id":"https:\/\/planetactus.com\/index.php\/2024\/06\/01\/l-ue-est-sur-le-point-de-faire-du-discours-de-haine-un-crime-grave\/#primaryimage"},"thumbnailUrl":"https:\/\/mlrdeoj2ejbf.i.optimole.com\/cb:mvHM.4ca\/w:auto\/h:auto\/q:mauto\/f:best\/https:\/\/i0.wp.com\/planetactus.com\/wp-content\/uploads\/2024\/06\/crime-de-parole-a-lechelle-europeenne-min.webp?fit=2560%2C1440&ssl=1","articleSection":["Crimes","Europe"],"inLanguage":"fr-FR","potentialAction":[{"@type":"CommentAction","name":"Comment","target":["https:\/\/planetactus.com\/index.php\/2024\/06\/01\/l-ue-est-sur-le-point-de-faire-du-discours-de-haine-un-crime-grave\/#respond"]}]},{"@type":"WebPage","@id":"https:\/\/planetactus.com\/index.php\/2024\/06\/01\/l-ue-est-sur-le-point-de-faire-du-discours-de-haine-un-crime-grave\/","url":"https:\/\/planetactus.com\/index.php\/2024\/06\/01\/l-ue-est-sur-le-point-de-faire-du-discours-de-haine-un-crime-grave\/","name":"L\u2019UE est sur le point de faire du \u00ab discours de haine \u00bb un crime grave -","isPartOf":{"@id":"https:\/\/planetactus.com\/#website"},"primaryImageOfPage":{"@id":"https:\/\/planetactus.com\/index.php\/2024\/06\/01\/l-ue-est-sur-le-point-de-faire-du-discours-de-haine-un-crime-grave\/#primaryimage"},"image":{"@id":"https:\/\/planetactus.com\/index.php\/2024\/06\/01\/l-ue-est-sur-le-point-de-faire-du-discours-de-haine-un-crime-grave\/#primaryimage"},"thumbnailUrl":"https:\/\/mlrdeoj2ejbf.i.optimole.com\/cb:mvHM.4ca\/w:auto\/h:auto\/q:mauto\/f:best\/https:\/\/i0.wp.com\/planetactus.com\/wp-content\/uploads\/2024\/06\/crime-de-parole-a-lechelle-europeenne-min.webp?fit=2560%2C1440&ssl=1","datePublished":"2024-06-01T16:04:23+00:00","dateModified":"2024-06-02T20:33:55+00:00","description":"La Commission europ\u00e9enne (CE) semble se pr\u00e9parer \u00e0 inclure le \u00ab discours de haine \u00bb parmi la liste des infractions p\u00e9nales les plus graves et \u00e0 r\u00e9glementer ses enqu\u00eates et ses poursuites dans l'ensemble du bloc.","breadcrumb":{"@id":"https:\/\/planetactus.com\/index.php\/2024\/06\/01\/l-ue-est-sur-le-point-de-faire-du-discours-de-haine-un-crime-grave\/#breadcrumb"},"inLanguage":"fr-FR","potentialAction":[{"@type":"ReadAction","target":["https:\/\/planetactus.com\/index.php\/2024\/06\/01\/l-ue-est-sur-le-point-de-faire-du-discours-de-haine-un-crime-grave\/"]}]},{"@type":"ImageObject","inLanguage":"fr-FR","@id":"https:\/\/planetactus.com\/index.php\/2024\/06\/01\/l-ue-est-sur-le-point-de-faire-du-discours-de-haine-un-crime-grave\/#primaryimage","url":"https:\/\/mlrdeoj2ejbf.i.optimole.com\/cb:mvHM.4ca\/w:auto\/h:auto\/q:mauto\/f:best\/https:\/\/i0.wp.com\/planetactus.com\/wp-content\/uploads\/2024\/06\/crime-de-parole-a-lechelle-europeenne-min.webp?fit=2560%2C1440&ssl=1","contentUrl":"https:\/\/mlrdeoj2ejbf.i.optimole.com\/cb:mvHM.4ca\/w:auto\/h:auto\/q:mauto\/f:best\/https:\/\/i0.wp.com\/planetactus.com\/wp-content\/uploads\/2024\/06\/crime-de-parole-a-lechelle-europeenne-min.webp?fit=2560%2C1440&ssl=1","width":2560,"height":1440,"caption":"Illustration image \/ crime de parole \u00e0 l'\u00e9chelle europ\u00e9enne \/ reclaimthenet.org"},{"@type":"BreadcrumbList","@id":"https:\/\/planetactus.com\/index.php\/2024\/06\/01\/l-ue-est-sur-le-point-de-faire-du-discours-de-haine-un-crime-grave\/#breadcrumb","itemListElement":[{"@type":"ListItem","position":1,"name":"Accueil","item":"https:\/\/planetactus.com\/"},{"@type":"ListItem","position":2,"name":"L\u2019UE est sur le point de faire du \u00ab discours de haine \u00bb un crime grave"}]},{"@type":"WebSite","@id":"https:\/\/planetactus.com\/#website","url":"https:\/\/planetactus.com\/","name":"PLANET ACTUS","description":"PLANET ACTUS","publisher":{"@id":"https:\/\/planetactus.com\/#\/schema\/person\/fbb75ac73a2424d2e176d31b021372a4"},"potentialAction":[{"@type":"SearchAction","target":{"@type":"EntryPoint","urlTemplate":"https:\/\/planetactus.com\/?s={search_term_string}"},"query-input":{"@type":"PropertyValueSpecification","valueRequired":true,"valueName":"search_term_string"}}],"inLanguage":"fr-FR"},{"@type":["Person","Organization"],"@id":"https:\/\/planetactus.com\/#\/schema\/person\/fbb75ac73a2424d2e176d31b021372a4","name":"planetactus.com","image":{"@type":"ImageObject","inLanguage":"fr-FR","@id":"https:\/\/mlrdeoj2ejbf.i.optimole.com\/cb:mvHM.4ca\/w:auto\/h:auto\/q:mauto\/f:best\/https:\/\/i0.wp.com\/planetactus.com\/wp-content\/uploads\/2024\/07\/cropped-2-Planet-Actus-Banniere-02a.jpg?fit=1189%2C365&ssl=1","url":"https:\/\/mlrdeoj2ejbf.i.optimole.com\/cb:mvHM.4ca\/w:auto\/h:auto\/q:mauto\/f:best\/https:\/\/i0.wp.com\/planetactus.com\/wp-content\/uploads\/2024\/07\/cropped-2-Planet-Actus-Banniere-02a.jpg?fit=1189%2C365&ssl=1","contentUrl":"https:\/\/mlrdeoj2ejbf.i.optimole.com\/cb:mvHM.4ca\/w:auto\/h:auto\/q:mauto\/f:best\/https:\/\/i0.wp.com\/planetactus.com\/wp-content\/uploads\/2024\/07\/cropped-2-Planet-Actus-Banniere-02a.jpg?fit=1189%2C365&ssl=1","width":1189,"height":365,"caption":"planetactus.com"},"logo":{"@id":"https:\/\/mlrdeoj2ejbf.i.optimole.com\/cb:mvHM.4ca\/w:auto\/h:auto\/q:mauto\/f:best\/https:\/\/i0.wp.com\/planetactus.com\/wp-content\/uploads\/2024\/07\/cropped-2-Planet-Actus-Banniere-02a.jpg?fit=1189%2C365&ssl=1"},"sameAs":["http:\/\/planetactus.com","https:\/\/www.facebook.com\/profile.php?id=61561620320740","https:\/\/x.com\/https:\/\/x.com\/PlanetActus","https:\/\/www.youtube.com\/@PlanetActus"],"url":"https:\/\/planetactus.com\/index.php\/author\/admin9861\/"}]}},"jetpack_publicize_connections":[],"jetpack_featured_media_url":"https:\/\/mlrdeoj2ejbf.i.optimole.com\/cb:mvHM.4ca\/w:auto\/h:auto\/q:mauto\/f:best\/https:\/\/i0.wp.com\/planetactus.com\/wp-content\/uploads\/2024\/06\/crime-de-parole-a-lechelle-europeenne-min.webp?fit=2560%2C1440&ssl=1","jetpack_sharing_enabled":true,"_links":{"self":[{"href":"https:\/\/planetactus.com\/index.php\/wp-json\/wp\/v2\/posts\/1","targetHints":{"allow":["GET"]}}],"collection":[{"href":"https:\/\/planetactus.com\/index.php\/wp-json\/wp\/v2\/posts"}],"about":[{"href":"https:\/\/planetactus.com\/index.php\/wp-json\/wp\/v2\/types\/post"}],"author":[{"embeddable":true,"href":"https:\/\/planetactus.com\/index.php\/wp-json\/wp\/v2\/users\/1"}],"replies":[{"embeddable":true,"href":"https:\/\/planetactus.com\/index.php\/wp-json\/wp\/v2\/comments?post=1"}],"version-history":[{"count":1,"href":"https:\/\/planetactus.com\/index.php\/wp-json\/wp\/v2\/posts\/1\/revisions"}],"predecessor-version":[{"id":54,"href":"https:\/\/planetactus.com\/index.php\/wp-json\/wp\/v2\/posts\/1\/revisions\/54"}],"wp:featuredmedia":[{"embeddable":true,"href":"https:\/\/planetactus.com\/index.php\/wp-json\/wp\/v2\/media\/53"}],"wp:attachment":[{"href":"https:\/\/planetactus.com\/index.php\/wp-json\/wp\/v2\/media?parent=1"}],"wp:term":[{"taxonomy":"category","embeddable":true,"href":"https:\/\/planetactus.com\/index.php\/wp-json\/wp\/v2\/categories?post=1"},{"taxonomy":"post_tag","embeddable":true,"href":"https:\/\/planetactus.com\/index.php\/wp-json\/wp\/v2\/tags?post=1"}],"curies":[{"name":"wp","href":"https:\/\/api.w.org\/{rel}","templated":true}]}}