{"id":1014,"date":"2024-07-24T20:20:53","date_gmt":"2024-07-24T18:20:53","guid":{"rendered":"https:\/\/planetactus.com\/?p=1014"},"modified":"2024-07-25T06:32:48","modified_gmt":"2024-07-25T04:32:48","slug":"alerte-censure-guy-boulianne-denonce-la-censure-numerique-son-site-wordpress-arme-contre-le-bannissement-invisible-des-reseaux-sociaux","status":"publish","type":"post","link":"https:\/\/planetactus.com\/index.php\/2024\/07\/24\/alerte-censure-guy-boulianne-denonce-la-censure-numerique-son-site-wordpress-arme-contre-le-bannissement-invisible-des-reseaux-sociaux\/","title":{"rendered":"Alerte CENSURE | Guy Boulianne D\u00e9nonce la Censure Num\u00e9rique : son site WordPress, Arme Contre le Bannissement Invisible des R\u00e9seaux Sociaux."},"content":{"rendered":"\n<p>\ud83c\udd98\ufe0f&nbsp;<strong>La libert\u00e9 d&rsquo;expression en p\u00e9ril : Un blogueur d\u00e9nonce la censure des r\u00e9seaux sociaux et se r\u00e9fugie sur WordPress.<\/strong><\/p>\n\n\n\n<p>\ud83d\udccd<strong>Guy Boulianne a r\u00e9activ\u00e9 son site WordPress pour lutter contre le<\/strong> \u00ab\u00a0<mark style=\"background-color:rgba(0, 0, 0, 0)\" class=\"has-inline-color has-vivid-red-color\"> <\/mark><a href=\"https:\/\/www.noiise.com\/definition\/shadow-ban\/\"><mark style=\"background-color:rgba(0, 0, 0, 0)\" class=\"has-inline-color has-vivid-red-color\">shadow banning<\/mark><\/a> \u00a0\u00bb <strong>sur les r\u00e9seaux sociaux comme Twitter, Facebook et YouTube. Malgr\u00e9 un nombre important d&rsquo;abonn\u00e9s, ses publications re\u00e7oivent peu d&rsquo;engagement<\/strong>. <strong>Il compte se concentrer davantage sur sa newsletter et moins sur les r\u00e9seaux sociaux,<\/strong> <span style=\"text-decoration: underline;\">en soulignant les avantages<\/span> <strong>de <\/strong><a href=\"https:\/\/wordpress.com\/fr\/\"><mark style=\"background-color:rgba(0, 0, 0, 0)\" class=\"has-inline-color has-vivid-red-color\">WordPress<\/mark><\/a><strong>  <\/strong><mark style=\"background-color:rgba(0, 0, 0, 0)\" class=\"has-inline-color has-vivid-red-color\"><\/mark><strong>pour un meilleur r\u00e9f\u00e9rencement. Boulianne exprime aussi des pr\u00e9occupations concernant la confidentialit\u00e9 des donn\u00e9es et les pratiques des entreprises de r\u00e9seaux sociaux.<\/strong><\/p>\n\n\n\n<p><strong>Pour plus de d\u00e9tails, vous pouvez consulter l&rsquo;article complet<\/strong> [<a href=\"https:\/\/www.guyboulianne.info\/2024\/07\/23\/jai-reactive-mon-site-internet-sur-la-plateforme-wordpress-pour-combattre-mon-bannissement-de-lombre-par-les-differents-reseaux-sociaux\/\"><mark style=\"background-color:rgba(0, 0, 0, 0)\" class=\"has-inline-color has-vivid-red-color\">ici<\/mark><\/a>]<\/p>\n\n\n\n<p>\ud83d\udd76  <a href=\"https:\/\/www.guyboulianne.info\/guyboulianne\/\"><mark style=\"background-color:rgba(0, 0, 0, 0)\" class=\"has-inline-color has-vivid-red-color\">Guy Boulianne<\/mark><\/a>, <strong>Auteur et chroniqueur ind\u00e9pendant, membre de la NFAA, de AuthorsDen et de la Society of Professional Journalists<\/strong>,<a href=\"http:\/\/guyboulianne.info\"> <mark style=\"background-color:rgba(0, 0, 0, 0)\" class=\"has-inline-color has-vivid-red-color\">\u00c9ditions D\u00e9dicaces<\/mark><\/a>, <span style=\"text-decoration: underline;\">rapporte<\/span> avoir \u00e9t\u00e9 <strong>banni<\/strong> ou <strong>restreint sur plusieurs plateformes de m\u00e9dias sociaux majeurs, notamment Facebook, YouTube, Instagram, Vimeo et LinkedIn<\/strong>. Il <span style=\"text-decoration: underline;\">d\u00e9nonce <\/span>particuli\u00e8rement un \u00a0\u00bb <strong>bannissement de l&rsquo;ombre<\/strong> \u00a0\u00bb (shadowban) sur Twitter\/X, <strong>o\u00f9 malgr\u00e9 ses 30 000 abonn\u00e9s, ses publications re\u00e7oivent peu d&rsquo;engagement.<\/strong><\/p>\n\n\n\n<p><strong>Face \u00e0 cette censure per\u00e7ue, Boulianne a pris plusieurs mesures<\/strong> :<\/p>\n\n\n\n<p><strong>1. R\u00e9activation de son site WordPress original : Il a r\u00e9activ\u00e9 son site h\u00e9berg\u00e9 sur WordPress.com, constatant un meilleur r\u00e9f\u00e9rencement<\/strong><mark style=\"background-color:rgba(0, 0, 0, 0)\" class=\"has-inline-color has-white-color\"><strong> <\/strong><\/mark><mark style=\"background-color:rgba(0, 0, 0, 0)\" class=\"has-inline-color has-black-color\"><strong>et une augmentation spectaculaire du trafic <\/strong>(1870% de vues <\/mark>en plus en 3 jours).<\/p>\n\n\n\n<p><strong>2. Strat\u00e9gie de contenu<\/strong> : Il publie d\u00e9sormais des extraits d&rsquo;articles sur WordPress.com, redirigeant les lecteurs vers son site principal pour le contenu complet.<\/p>\n\n\n\n<p><strong>3. Focalisation sur la newsletter<\/strong> : Boulianne mise sur les 2144 abonn\u00e9s \u00e0 sa lettre d&rsquo;information, consid\u00e9rant ces lecteurs comme plus engag\u00e9s.<\/p>\n\n\n\n<p><strong>4. Critique des r\u00e9seaux sociaux<\/strong> : <strong>Il exprime des inqui\u00e9tudes concernant <\/strong><a href=\"https:\/\/www.google.com\/search?client=firefox-b-d&amp;q=collecte+de+donn%C3%A9es+biom%C3%A9triques\"><mark style=\"background-color:rgba(0, 0, 0, 0)\" class=\"has-inline-color has-vivid-red-color\">la collecte de donn\u00e9es<\/mark><\/a><strong><a href=\"https:\/\/www.google.com\/search?client=firefox-b-d&amp;q=collecte+de+donn%C3%A9es+biom%C3%A9triques\"><mark style=\"background-color:rgba(0, 0, 0, 0)\" class=\"has-inline-color has-vivid-red-color\"> <\/mark><\/a>personnelles<\/strong>, la <strong>reconnaissance faciale<\/strong> et <a href=\"https:\/\/planetactus.com\/index.php\/2024\/06\/25\/manipulation-mentale-par-lia-une-histoire-vraie-dagression-technologique-lia-peut-elle-lire-nos-pensees-lincroyable-experience-de-robert-stanley\/\"><mark style=\"background-color:rgba(0, 0, 0, 0)\" class=\"has-inline-color has-vivid-red-color\">l&rsquo;intelligence artificielle<\/mark><\/a> <strong>utilis\u00e9es par les r\u00e9seaux sociaux.<\/strong><\/p>\n\n\n\n<p><strong>5. Rejet du mod\u00e8le payant<\/strong> : <span style=\"text-decoration: underline;\">Boulianne refuse de payer<\/span> <strong>pour obtenir plus de visibilit\u00e9<\/strong> sur Twitter\/X, critiquant la philosophie \u00a0\u00bb <a href=\"https:\/\/www.google.com\/search?client=firefox-b-d&amp;q=Freedom+of+Speech%2C+Not+Reach\"><mark style=\"background-color:rgba(0, 0, 0, 0)\" class=\"has-inline-color has-vivid-red-color\">Freedom of Speech, Not Reach<\/mark><\/a> \u00a0\u00bb de la plateforme.<\/p>\n\n\n\n<p><strong>Le blogueur soul\u00e8ve \u00e9galement des pr\u00e9occupations sur la vie priv\u00e9e, mentionnant les liens suppos\u00e9s entre la soci\u00e9t\u00e9 de v\u00e9rification d&rsquo;identit\u00e9 <\/strong><a href=\"https:\/\/www.google.com\/search?client=firefox-b-d&amp;q=identit%C3%A9+AU10TIX+et+le+Mossad+isra%C3%A9lien.\"><mark style=\"background-color:rgba(0, 0, 0, 0)\" class=\"has-inline-color has-vivid-red-color\">AU10TIX et le Mossad isra\u00e9lien<\/mark><\/a><strong><a href=\"https:\/\/www.google.com\/search?client=firefox-b-d&amp;q=identit%C3%A9+AU10TIX+et+le+Mossad+isra%C3%A9lien.\">.<\/a><\/strong><\/p>\n\n\n\n<p><strong>En conclusion, Boulianne appelle ses lecteurs \u00e0 s&rsquo;abonner directement \u00e0 sa newsletter pour <\/strong><a href=\"https:\/\/www.google.com\/search?client=firefox-b-d&amp;q=contourner+les+restrictions+des+r%C3%A9seaux+sociaux\"><mark style=\"background-color:rgba(0, 0, 0, 0)\" class=\"has-inline-color has-vivid-red-color\">contourner les restrictions des r\u00e9seaux sociaux<\/mark><\/a><strong> et maintenir un lien direct avec son audience.<\/strong><\/p>\n\n\n<div class=\"wp-block-image\">\n<figure class=\"aligncenter size-large\"><a href=\"https:\/\/www.guyboulianne.info\/\"><img data-opt-id=1687857894  fetchpriority=\"high\" data-recalc-dims=\"1\" decoding=\"async\" width=\"640\" height=\"129\" src=\"https:\/\/mlrdeoj2ejbf.i.optimole.com\/cb:mvHM.4ca\/w:1024\/h:207\/q:mauto\/f:best\/https:\/\/i0.wp.com\/planetactus.com\/wp-content\/uploads\/2024\/07\/Headersite044.jpeg?resize=640%2C129&#038;ssl=1\" alt=\"\" class=\"wp-image-1020\" srcset=\"https:\/\/mlrdeoj2ejbf.i.optimole.com\/cb:mvHM.4ca\/w:1024\/h:4000\/q:mauto\/f:best\/https:\/\/planetactus.com\/wp-content\/uploads\/2024\/07\/Headersite044.jpeg 1024w, https:\/\/mlrdeoj2ejbf.i.optimole.com\/cb:mvHM.4ca\/w:300\/h:4000\/q:mauto\/f:best\/https:\/\/planetactus.com\/wp-content\/uploads\/2024\/07\/Headersite044.jpeg 300w, https:\/\/mlrdeoj2ejbf.i.optimole.com\/cb:mvHM.4ca\/w:768\/h:4000\/q:mauto\/f:best\/https:\/\/planetactus.com\/wp-content\/uploads\/2024\/07\/Headersite044.jpeg 768w, https:\/\/mlrdeoj2ejbf.i.optimole.com\/cb:mvHM.4ca\/w:1188\/h:240\/q:mauto\/f:best\/https:\/\/planetactus.com\/wp-content\/uploads\/2024\/07\/Headersite044.jpeg 1188w\" sizes=\"(max-width: 640px) 100vw, 640px\" \/><\/a><\/figure>\n<\/div>\n\n\n<p><strong><mark style=\"background-color:rgba(0, 0, 0, 0)\" class=\"has-inline-color has-vivid-red-color\"><span style=\"text-decoration: underline;\">Sur le m\u00e8me sujet<\/span><\/mark><\/strong><\/p>\n\n\n\n<p>\ud83d\udcb0 <a href=\"https:\/\/www.i24news.tv\/fr\/actu\/international\/europe\/artc-l-irlande-ordonne-a-la-societe-israelienne-wix-d-indemniser-une-employee-licenciee-pour-des-messages-anti-israeliens\"><mark style=\"background-color:rgba(0, 0, 0, 0)\" class=\"has-inline-color has-vivid-red-color\">L&rsquo;Irlande<\/mark><\/a><mark style=\"background-color:rgba(0, 0, 0, 0)\" class=\"has-inline-color has-vivid-red-color\"> <\/mark><strong>ordonne \u00e0 la soci\u00e9t\u00e9 isra\u00e9lienne<\/strong> <a href=\"https:\/\/fr.wix.com\/\"><mark style=\"background-color:rgba(0, 0, 0, 0)\" class=\"has-inline-color has-vivid-red-color\">Wix <\/mark><\/a><strong>d&rsquo;indemniser une employ\u00e9e licenci\u00e9e pour des messages anti-isra\u00e9liens.<\/strong> \u2696\ufe0f<\/p>\n\n\n\n<p>\ud83d\udccd<strong>La Commission des relations de travail irlandaise a impos\u00e9 cette compensation, inf\u00e9rieure \u00e0 ce que demandait Carey, qui affirme avoir \u00e9t\u00e9 \u00a0\u00bb mise sur liste noire \u00ab\u00a0.<\/strong><\/p>\n\n\n\n<p>\u270d\ufe0f <strong>L&rsquo;entreprise isra\u00e9lienne de logiciels Wix a \u00e9t\u00e9 condamn\u00e9e \u00e0 verser 35 000 euros d&rsquo;indemnit\u00e9s \u00e0 une ancienne employ\u00e9e de sa filiale de Dublin, licenci\u00e9e en octobre dernier pour des publications sur les r\u00e9seaux sociaux qualifiant Isra\u00ebl<\/strong> d'\u00a0\u00bb<strong>\u00c9tat terroriste<\/strong> \u00ab\u00a0.&nbsp;Selon <a href=\"https:\/\/www.thesun.ie\/\"><mark style=\"background-color:rgba(0, 0, 0, 0)\" class=\"has-inline-color has-vivid-red-color\">The Irish Sun<\/mark><\/a>, <strong>Wix <\/strong>a <span style=\"text-decoration: underline;\">reconnu <\/span><strong>que le licenciement de Courtney Carey, 27 ans, \u00e9tait<\/strong> \u00ab\u00a0<strong> proc\u00e9duralement injuste<\/strong> \u00ab\u00a0. <span style=\"text-decoration: underline;\">La Commission des Relations de Travail Irlandaise<\/span> a impos\u00e9 cette compensation, inf\u00e9rieure \u00e0 ce que demandait Carey, qui affirme avoir \u00e9t\u00e9 \u00a0\u00bb <strong>mise sur liste noire<\/strong> \u00a0\u00bb <strong>dans le secteur technologique suite \u00e0 son licenciement public.<\/strong><\/p>\n\n\n\n<p><strong>Quelques semaines apr\u00e8s le massacre perp\u00e9tr\u00e9 par le Hamas le 7 octobre en Isra\u00ebl, Carey avait \u00e9crit sur LinkedIn \u00eatre fi\u00e8re d&rsquo;\u00eatre irlandaise<\/strong> <strong>et de \u00a0\u00bb se tenir en solidarit\u00e9 avec le peuple palestinien contre l&rsquo;apartheid isra\u00e9lien<\/strong> \u00ab\u00a0. <strong>Sans mentionner l&rsquo;attaque qui a fait 1 200 morts et 251 otages en Isra\u00ebl, Carey attribuait la <\/strong>\u00a0\u00bb <strong>cause profonde<\/strong> \u00a0\u00bb <strong>de la guerre Isra\u00ebl-Hamas \u00e0<\/strong> \u00a0\u00bb <strong>l&rsquo;id\u00e9ologie sioniste qui promeut un \u00c9tat exclusiviste niant l&rsquo;identit\u00e9 palestinienne<\/strong> \u00ab\u00a0. <a href=\"https:\/\/www.i24news.tv\/fr\/actu\/international\/europe\/artc-l-irlande-ordonne-a-la-societe-israelienne-wix-d-indemniser-une-employee-licenciee-pour-des-messages-anti-israeliens\"><strong><mark style=\"background-color:rgba(0, 0, 0, 0)\" class=\"has-inline-color has-vivid-red-color\">Lire la suite<\/mark><\/strong><\/a>. [I 24 News TV].<\/p>\n\n\n<div class=\"wp-block-image\">\n<figure class=\"aligncenter size-large\"><a href=\"https:\/\/planetactus.com\/index.php\/2024\/07\/24\/alerte-censure-guy-boulianne-denonce-la-censure-numerique-son-site-wordpress-arme-contre-le-bannissement-invisible-des-reseaux-sociaux\/\"><img data-opt-id=1927372040  fetchpriority=\"high\" data-recalc-dims=\"1\" decoding=\"async\" width=\"640\" height=\"133\" src=\"https:\/\/mlrdeoj2ejbf.i.optimole.com\/cb:mvHM.4ca\/w:auto\/h:auto\/q:mauto\/f:best\/https:\/\/i0.wp.com\/planetactus.com\/wp-content\/uploads\/2024\/07\/cropped-BanderoulePlanetActus1920x400-03.jpg?resize=640%2C133\" alt=\"\" class=\"wp-image-771\" srcset=\"https:\/\/mlrdeoj2ejbf.i.optimole.com\/cb:mvHM.4ca\/w:1024\/h:4000\/q:mauto\/f:best\/https:\/\/planetactus.com\/wp-content\/uploads\/2024\/07\/cropped-BanderoulePlanetActus1920x400-03.jpg 1024w, https:\/\/mlrdeoj2ejbf.i.optimole.com\/cb:mvHM.4ca\/w:300\/h:4000\/q:mauto\/f:best\/https:\/\/planetactus.com\/wp-content\/uploads\/2024\/07\/cropped-BanderoulePlanetActus1920x400-03.jpg 300w, https:\/\/mlrdeoj2ejbf.i.optimole.com\/cb:mvHM.4ca\/w:768\/h:4000\/q:mauto\/f:best\/https:\/\/planetactus.com\/wp-content\/uploads\/2024\/07\/cropped-BanderoulePlanetActus1920x400-03.jpg 768w, https:\/\/mlrdeoj2ejbf.i.optimole.com\/cb:mvHM.4ca\/w:1536\/h:4000\/q:mauto\/f:best\/https:\/\/planetactus.com\/wp-content\/uploads\/2024\/07\/cropped-BanderoulePlanetActus1920x400-03.jpg 1536w, https:\/\/mlrdeoj2ejbf.i.optimole.com\/cb:mvHM.4ca\/w:1920\/h:399\/q:mauto\/f:best\/https:\/\/planetactus.com\/wp-content\/uploads\/2024\/07\/cropped-BanderoulePlanetActus1920x400-03.jpg 1920w, https:\/\/mlrdeoj2ejbf.i.optimole.com\/cb:mvHM.4ca\/w:1280\/h:4000\/q:mauto\/f:best\/https:\/\/planetactus.com\/wp-content\/uploads\/2024\/07\/cropped-BanderoulePlanetActus1920x400-03.jpg 1280w\" sizes=\"(max-width: 640px) 100vw, 640px\" \/><\/a><\/figure>\n<\/div>\n\n\n<p><strong>Abonnez-Vous<\/strong> <strong>\u00e0 <\/strong> <a href=\"https:\/\/planetactus.com\/\"><strong><mark style=\"background-color:rgba(0, 0, 0, 0)\" class=\"has-inline-color has-vivid-red-color\">Planet Atcus.com<\/mark><\/strong><\/a> \ud83d\udece<\/p>\n\n\n\n<p>\ud83d\udef8&nbsp;<a href=\"https:\/\/t.me\/ufo_planetactus_sightings\"><mark style=\"background-color:rgba(0, 0, 0, 0)\" class=\"has-inline-color has-vivid-red-color\">Ufo Planet Actus Sightings Investigations<\/mark><\/a><mark style=\"background-color:rgba(0, 0, 0, 0)\" class=\"has-inline-color has-vivid-red-color\">&nbsp;<\/mark>\ud83d\udc7d<br>\ud83e\ude90&nbsp;<a href=\"https:\/\/t.me\/planetactus\"><mark style=\"background-color:rgba(0, 0, 0, 0)\" class=\"has-inline-color has-vivid-red-color\">Planet Actus&nbsp;True News Letters<\/mark><\/a>&nbsp;\ud83d\uddde<br>\ud83d\udcbb&nbsp;<a href=\"https:\/\/planetactus.com\/\"><mark style=\"background-color:rgba(0, 0, 0, 0)\" class=\"has-inline-color has-vivid-red-color\">Planet Actus.com<\/mark><\/a>&nbsp;\ud83e\ude90<\/p>\n\n\n<div class=\"wp-block-post-author\"><div class=\"wp-block-post-author__avatar\"><img decoding=async data-opt-id=1391982141  alt='' src='\/\/www.gravatar.com\/avatar\/1f651b4ef1fc23d4d1601d6f2649258e?s=48&#038;r=g&#038;d=mm' srcset='\/\/www.gravatar.com\/avatar\/1f651b4ef1fc23d4d1601d6f2649258e?s=48&#038;r=g&#038;d=mm 2x' class='avatar avatar-48 photo' height='48' width='48' \/><\/div><div class=\"wp-block-post-author__content\"><p class=\"wp-block-post-author__byline\"><strong><a href=\"http:\/\/planetactus.com\">Planetactus<\/a><\/strong><\/p><p class=\"wp-block-post-author__name\">planetactus.com<\/p><\/div><\/div><div class=\"gsp_post_data\" \r\n\t            data-post_type=\"post\" \r\n\t            data-cat=\"a-la-une,afrique,asie,caraibes,crimes,europe,international,opinion\" \r\n\t            data-modified=\"120\"\r\n\t            data-created=\"1721852453\"\r\n\t            data-title=\"Alerte CENSURE | Guy Boulianne D\u00e9nonce la Censure Num\u00e9rique : son site WordPress, Arme Contre le Bannissement Invisible des R\u00e9seaux Sociaux.\" \r\n\t            data-home=\"https:\/\/planetactus.com\"><\/div>","protected":false},"excerpt":{"rendered":"<p>La libert\u00e9 d&rsquo;expression en p\u00e9ril : Un blogueur d\u00e9nonce la censure des r\u00e9seaux sociaux et se r\u00e9fugie sur WordPress.<\/p>\n","protected":false},"author":1,"featured_media":1017,"comment_status":"open","ping_status":"open","sticky":false,"template":"","format":"standard","meta":{"_bbp_topic_count":0,"_bbp_reply_count":0,"_bbp_total_topic_count":0,"_bbp_total_reply_count":0,"_bbp_voice_count":0,"_bbp_anonymous_reply_count":0,"_bbp_topic_count_hidden":0,"_bbp_reply_count_hidden":0,"_bbp_forum_subforum_count":0,"fifu_image_url":"","fifu_image_alt":"","_jetpack_memberships_contains_paid_content":false,"footnotes":"","jetpack_publicize_message":"","jetpack_publicize_feature_enabled":true,"jetpack_social_post_already_shared":false,"jetpack_social_options":{"image_generator_settings":{"template":"highway","default_image_id":0,"font":"","enabled":false},"version":2}},"categories":[19,24,23,25,8,7,21,13],"tags":[],"class_list":["post-1014","post","type-post","status-publish","format-standard","has-post-thumbnail","hentry","category-a-la-une","category-afrique","category-asie","category-caraibes","category-crimes","category-europe","category-international","category-opinion"],"featured_image_src":"https:\/\/mlrdeoj2ejbf.i.optimole.com\/cb:mvHM.4ca\/w:auto\/h:auto\/q:mauto\/f:best\/https:\/\/i0.wp.com\/planetactus.com\/wp-content\/uploads\/2024\/07\/Alerte-Censure-Planet-Actus-IA.jpg?fit=1024%2C1024&ssl=1","author_info":{"display_name":"planetactus.com","author_link":"https:\/\/planetactus.com\/index.php\/author\/admin9861\/"},"yoast_head":"<!-- This site is optimized with the Yoast SEO plugin v27.5 - https:\/\/yoast.com\/product\/yoast-seo-wordpress\/ -->\n<title>Alerte CENSURE | Guy Boulianne D\u00e9nonce la Censure Num\u00e9rique : son site WordPress, Arme Contre le Bannissement Invisible des R\u00e9seaux Sociaux. -<\/title>\n<meta name=\"description\" content=\"Cher abonn\u00e9.Je me trouve dans l&#039;obligation de vous informer d&#039;une situation pr\u00e9occupante qui perdure depuis le 19 juin 2024, soit 35 jours \u00e0 ce jour. Je suis victime d&#039;une restriction injustifi\u00e9e de mes droits d&#039;utilisateur sur Telegram, s&#039;apparentant \u00e0 une &quot; gr\u00e8ve de la faim num\u00e9rique &quot; impos\u00e9e par des administrateurs de canal dont les actions soul\u00e8vent de s\u00e9rieuses questions \u00e9thiques et l\u00e9gales. Malgr\u00e9 mon statut d&#039;abonn\u00e9 premium, pour lequel je verse une contrepartie financi\u00e8re significative, je demeure bloqu\u00e9. Cette situation constitue une violation flagrante des termes du contrat qui nous lie, Telegram et moi-m\u00eame, et pourrait \u00eatre qualifi\u00e9e juridiquement d&#039;inex\u00e9cution contractuelle (article 1217 du Code civil).\" class=\"yoast-seo-meta-tag\" \/>\n<meta name=\"robots\" content=\"index, follow, max-snippet:-1, max-image-preview:large, max-video-preview:-1\" \/>\n<link rel=\"canonical\" href=\"https:\/\/planetactus.com\/index.php\/2024\/07\/24\/alerte-censure-guy-boulianne-denonce-la-censure-numerique-son-site-wordpress-arme-contre-le-bannissement-invisible-des-reseaux-sociaux\/\" class=\"yoast-seo-meta-tag\" \/>\n<meta property=\"og:locale\" content=\"fr_FR\" class=\"yoast-seo-meta-tag\" \/>\n<meta property=\"og:type\" content=\"article\" class=\"yoast-seo-meta-tag\" \/>\n<meta property=\"og:title\" content=\"Alerte CENSURE | Guy Boulianne D\u00e9nonce la Censure Num\u00e9rique : son site WordPress, Arme Contre le Bannissement Invisible des R\u00e9seaux Sociaux. Alert CENSORSHIP | Guy Boulianne Denounces Digital Censorship: his WordPress site, Weapon Against Invisible Social Media Banishment.\" class=\"yoast-seo-meta-tag\" \/>\n<meta property=\"og:description\" content=\"Cher abonn\u00e9.Je me trouve dans l&#039;obligation de vous informer d&#039;une situation pr\u00e9occupante qui perdure depuis le 19 juin 2024, soit 35 jours \u00e0 ce jour. Je suis victime d&#039;une restriction injustifi\u00e9e de mes droits d&#039;utilisateur sur Telegram, s&#039;apparentant \u00e0 une &quot; gr\u00e8ve de la faim num\u00e9rique &quot; impos\u00e9e par des administrateurs de canal dont les actions soul\u00e8vent de s\u00e9rieuses questions \u00e9thiques et l\u00e9gales. Malgr\u00e9 mon statut d&#039;abonn\u00e9 premium, pour lequel je verse une contrepartie financi\u00e8re significative, je demeure bloqu\u00e9. Cette situation constitue une violation flagrante des termes du contrat qui nous lie, Telegram et moi-m\u00eame, et pourrait \u00eatre qualifi\u00e9e juridiquement d&#039;inex\u00e9cution contractuelle (article 1217 du Code civil).\" class=\"yoast-seo-meta-tag\" \/>\n<meta property=\"og:url\" content=\"https:\/\/planetactus.com\/index.php\/2024\/07\/24\/alerte-censure-guy-boulianne-denonce-la-censure-numerique-son-site-wordpress-arme-contre-le-bannissement-invisible-des-reseaux-sociaux\/\" class=\"yoast-seo-meta-tag\" \/>\n<meta property=\"article:publisher\" content=\"https:\/\/www.facebook.com\/profile.php?id=61561620320740\" class=\"yoast-seo-meta-tag\" \/>\n<meta property=\"article:author\" content=\"https:\/\/www.facebook.com\/profile.php?id=61561620320740\" class=\"yoast-seo-meta-tag\" \/>\n<meta property=\"article:published_time\" content=\"2024-07-24T18:20:53+00:00\" class=\"yoast-seo-meta-tag\" \/>\n<meta property=\"article:modified_time\" content=\"2024-07-25T04:32:48+00:00\" class=\"yoast-seo-meta-tag\" \/>\n<meta property=\"og:image\" content=\"https:\/\/mlrdeoj2ejbf.i.optimole.com\/cb:mvHM.4ca\/w:auto\/h:auto\/q:mauto\/f:best\/http:\/\/planetactus.com\/wp-content\/uploads\/2024\/07\/Alerte-Censure-Planet-Actus-IA.jpg\" class=\"yoast-seo-meta-tag\" \/>\n\t<meta property=\"og:image:width\" content=\"1024\" class=\"yoast-seo-meta-tag\" \/>\n\t<meta property=\"og:image:height\" content=\"1024\" class=\"yoast-seo-meta-tag\" \/>\n\t<meta property=\"og:image:type\" content=\"image\/jpeg\" class=\"yoast-seo-meta-tag\" \/>\n<meta name=\"author\" content=\"planetactus.com\" class=\"yoast-seo-meta-tag\" \/>\n<meta name=\"twitter:card\" content=\"summary_large_image\" class=\"yoast-seo-meta-tag\" \/>\n<meta name=\"twitter:title\" content=\"Alerte CENSURE | Guy Boulianne D\u00e9nonce la Censure Num\u00e9rique : son site WordPress, Arme Contre le Bannissement Invisible des R\u00e9seaux Sociaux. Alert CENSORSHIP | Guy Boulianne Denounces Digital Censorship: his WordPress site, Weapon Against Invisible Social Media Banishment.\" class=\"yoast-seo-meta-tag\" \/>\n<meta name=\"twitter:description\" content=\"Cher abonn\u00e9.Je me trouve dans l&#039;obligation de vous informer d&#039;une situation pr\u00e9occupante qui perdure depuis le 19 juin 2024, soit 35 jours \u00e0 ce jour. Je suis victime d&#039;une restriction injustifi\u00e9e de mes droits d&#039;utilisateur sur Telegram, s&#039;apparentant \u00e0 une &quot; gr\u00e8ve de la faim num\u00e9rique &quot; impos\u00e9e par des administrateurs de canal dont les actions soul\u00e8vent de s\u00e9rieuses questions \u00e9thiques et l\u00e9gales. Malgr\u00e9 mon statut d&#039;abonn\u00e9 premium, pour lequel je verse une contrepartie financi\u00e8re significative, je demeure bloqu\u00e9. Cette situation constitue une violation flagrante des termes du contrat qui nous lie, Telegram et moi-m\u00eame, et pourrait \u00eatre qualifi\u00e9e juridiquement d&#039;inex\u00e9cution contractuelle (article 1217 du Code civil).\" class=\"yoast-seo-meta-tag\" \/>\n<meta name=\"twitter:image\" content=\"https:\/\/mlrdeoj2ejbf.i.optimole.com\/cb:mvHM.4ca\/w:auto\/h:auto\/q:mauto\/f:best\/https:\/\/i0.wp.com\/planetactus.com\/wp-content\/uploads\/2024\/07\/Alerte-Censure-Planet-Actus-IA.jpg?fit=1024%2C1024&ssl=1\" class=\"yoast-seo-meta-tag\" \/>\n<meta name=\"twitter:creator\" content=\"@https:\/\/x.com\/PlanetActus\" class=\"yoast-seo-meta-tag\" \/>\n<meta name=\"twitter:site\" content=\"@PlanetActus\" class=\"yoast-seo-meta-tag\" \/>\n<meta name=\"twitter:label1\" content=\"\u00c9crit par\" class=\"yoast-seo-meta-tag\" \/>\n\t<meta name=\"twitter:data1\" content=\"planetactus.com\" class=\"yoast-seo-meta-tag\" \/>\n\t<meta name=\"twitter:label2\" content=\"Dur\u00e9e de lecture estim\u00e9e\" class=\"yoast-seo-meta-tag\" \/>\n\t<meta name=\"twitter:data2\" content=\"4 minutes\" class=\"yoast-seo-meta-tag\" \/>\n<script type=\"application\/ld+json\" class=\"yoast-schema-graph\">{\"@context\":\"https:\\\/\\\/schema.org\",\"@graph\":[{\"@type\":\"Article\",\"@id\":\"https:\\\/\\\/planetactus.com\\\/index.php\\\/2024\\\/07\\\/24\\\/alerte-censure-guy-boulianne-denonce-la-censure-numerique-son-site-wordpress-arme-contre-le-bannissement-invisible-des-reseaux-sociaux\\\/#article\",\"isPartOf\":{\"@id\":\"https:\\\/\\\/planetactus.com\\\/index.php\\\/2024\\\/07\\\/24\\\/alerte-censure-guy-boulianne-denonce-la-censure-numerique-son-site-wordpress-arme-contre-le-bannissement-invisible-des-reseaux-sociaux\\\/\"},\"author\":{\"name\":\"planetactus.com\",\"@id\":\"https:\\\/\\\/planetactus.com\\\/#\\\/schema\\\/person\\\/fbb75ac73a2424d2e176d31b021372a4\"},\"headline\":\"Alerte CENSURE | Guy Boulianne D\u00e9nonce la Censure Num\u00e9rique : son site WordPress, Arme Contre le Bannissement Invisible des R\u00e9seaux Sociaux.\",\"datePublished\":\"2024-07-24T18:20:53+00:00\",\"dateModified\":\"2024-07-25T04:32:48+00:00\",\"mainEntityOfPage\":{\"@id\":\"https:\\\/\\\/planetactus.com\\\/index.php\\\/2024\\\/07\\\/24\\\/alerte-censure-guy-boulianne-denonce-la-censure-numerique-son-site-wordpress-arme-contre-le-bannissement-invisible-des-reseaux-sociaux\\\/\"},\"wordCount\":683,\"commentCount\":0,\"publisher\":{\"@id\":\"https:\\\/\\\/planetactus.com\\\/#\\\/schema\\\/person\\\/fbb75ac73a2424d2e176d31b021372a4\"},\"image\":{\"@id\":\"https:\\\/\\\/planetactus.com\\\/index.php\\\/2024\\\/07\\\/24\\\/alerte-censure-guy-boulianne-denonce-la-censure-numerique-son-site-wordpress-arme-contre-le-bannissement-invisible-des-reseaux-sociaux\\\/#primaryimage\"},\"thumbnailUrl\":\"https:\\/\\/i0.wp.com\\/planetactus.com\\/wp-content\\/uploads\\/2024\\/07\\/Alerte-Censure-Planet-Actus-IA.jpg?fit=1024%2C1024&ssl=1\",\"articleSection\":[\"A la Une\",\"Afrique\",\"Asie\",\"Cara\u00efbes\",\"Crimes\",\"Europe\",\"International\",\"Opinion\"],\"inLanguage\":\"fr-FR\",\"potentialAction\":[{\"@type\":\"CommentAction\",\"name\":\"Comment\",\"target\":[\"https:\\\/\\\/planetactus.com\\\/index.php\\\/2024\\\/07\\\/24\\\/alerte-censure-guy-boulianne-denonce-la-censure-numerique-son-site-wordpress-arme-contre-le-bannissement-invisible-des-reseaux-sociaux\\\/#respond\"]}]},{\"@type\":\"WebPage\",\"@id\":\"https:\\\/\\\/planetactus.com\\\/index.php\\\/2024\\\/07\\\/24\\\/alerte-censure-guy-boulianne-denonce-la-censure-numerique-son-site-wordpress-arme-contre-le-bannissement-invisible-des-reseaux-sociaux\\\/\",\"url\":\"https:\\\/\\\/planetactus.com\\\/index.php\\\/2024\\\/07\\\/24\\\/alerte-censure-guy-boulianne-denonce-la-censure-numerique-son-site-wordpress-arme-contre-le-bannissement-invisible-des-reseaux-sociaux\\\/\",\"name\":\"Alerte CENSURE | Guy Boulianne D\u00e9nonce la Censure Num\u00e9rique : son site WordPress, Arme Contre le Bannissement Invisible des R\u00e9seaux Sociaux. -\",\"isPartOf\":{\"@id\":\"https:\\\/\\\/planetactus.com\\\/#website\"},\"primaryImageOfPage\":{\"@id\":\"https:\\\/\\\/planetactus.com\\\/index.php\\\/2024\\\/07\\\/24\\\/alerte-censure-guy-boulianne-denonce-la-censure-numerique-son-site-wordpress-arme-contre-le-bannissement-invisible-des-reseaux-sociaux\\\/#primaryimage\"},\"image\":{\"@id\":\"https:\\\/\\\/planetactus.com\\\/index.php\\\/2024\\\/07\\\/24\\\/alerte-censure-guy-boulianne-denonce-la-censure-numerique-son-site-wordpress-arme-contre-le-bannissement-invisible-des-reseaux-sociaux\\\/#primaryimage\"},\"thumbnailUrl\":\"https:\\/\\/i0.wp.com\\/planetactus.com\\/wp-content\\/uploads\\/2024\\/07\\/Alerte-Censure-Planet-Actus-IA.jpg?fit=1024%2C1024&ssl=1\",\"datePublished\":\"2024-07-24T18:20:53+00:00\",\"dateModified\":\"2024-07-25T04:32:48+00:00\",\"description\":\"Cher abonn\u00e9.Je me trouve dans l'obligation de vous informer d'une situation pr\u00e9occupante qui perdure depuis le 19 juin 2024, soit 35 jours \u00e0 ce jour. Je suis victime d'une restriction injustifi\u00e9e de mes droits d'utilisateur sur Telegram, s'apparentant \u00e0 une \\\" gr\u00e8ve de la faim num\u00e9rique \\\" impos\u00e9e par des administrateurs de canal dont les actions soul\u00e8vent de s\u00e9rieuses questions \u00e9thiques et l\u00e9gales. Malgr\u00e9 mon statut d'abonn\u00e9 premium, pour lequel je verse une contrepartie financi\u00e8re significative, je demeure bloqu\u00e9. Cette situation constitue une violation flagrante des termes du contrat qui nous lie, Telegram et moi-m\u00eame, et pourrait \u00eatre qualifi\u00e9e juridiquement d'inex\u00e9cution contractuelle (article 1217 du Code civil).\",\"breadcrumb\":{\"@id\":\"https:\\\/\\\/planetactus.com\\\/index.php\\\/2024\\\/07\\\/24\\\/alerte-censure-guy-boulianne-denonce-la-censure-numerique-son-site-wordpress-arme-contre-le-bannissement-invisible-des-reseaux-sociaux\\\/#breadcrumb\"},\"inLanguage\":\"fr-FR\",\"potentialAction\":[{\"@type\":\"ReadAction\",\"target\":[\"https:\\\/\\\/planetactus.com\\\/index.php\\\/2024\\\/07\\\/24\\\/alerte-censure-guy-boulianne-denonce-la-censure-numerique-son-site-wordpress-arme-contre-le-bannissement-invisible-des-reseaux-sociaux\\\/\"]}]},{\"@type\":\"ImageObject\",\"inLanguage\":\"fr-FR\",\"@id\":\"https:\\\/\\\/planetactus.com\\\/index.php\\\/2024\\\/07\\\/24\\\/alerte-censure-guy-boulianne-denonce-la-censure-numerique-son-site-wordpress-arme-contre-le-bannissement-invisible-des-reseaux-sociaux\\\/#primaryimage\",\"url\":\"https:\\/\\/i0.wp.com\\/planetactus.com\\/wp-content\\/uploads\\/2024\\/07\\/Alerte-Censure-Planet-Actus-IA.jpg?fit=1024%2C1024&ssl=1\",\"contentUrl\":\"https:\\/\\/i0.wp.com\\/planetactus.com\\/wp-content\\/uploads\\/2024\\/07\\/Alerte-Censure-Planet-Actus-IA.jpg?fit=1024%2C1024&ssl=1\",\"width\":1024,\"height\":1024,\"caption\":\"Alerte-Censure-Planet-Actus-IA.jpg\"},{\"@type\":\"BreadcrumbList\",\"@id\":\"https:\\\/\\\/planetactus.com\\\/index.php\\\/2024\\\/07\\\/24\\\/alerte-censure-guy-boulianne-denonce-la-censure-numerique-son-site-wordpress-arme-contre-le-bannissement-invisible-des-reseaux-sociaux\\\/#breadcrumb\",\"itemListElement\":[{\"@type\":\"ListItem\",\"position\":1,\"name\":\"Accueil\",\"item\":\"https:\\\/\\\/planetactus.com\\\/\"},{\"@type\":\"ListItem\",\"position\":2,\"name\":\"Alerte CENSURE | Guy Boulianne D\u00e9nonce la Censure Num\u00e9rique : son site WordPress, Arme Contre le Bannissement Invisible des R\u00e9seaux Sociaux.\"}]},{\"@type\":\"WebSite\",\"@id\":\"https:\\\/\\\/planetactus.com\\\/#website\",\"url\":\"https:\\\/\\\/planetactus.com\\\/\",\"name\":\"PLANET ACTUS\",\"description\":\"PLANET ACTUS\",\"publisher\":{\"@id\":\"https:\\\/\\\/planetactus.com\\\/#\\\/schema\\\/person\\\/fbb75ac73a2424d2e176d31b021372a4\"},\"potentialAction\":[{\"@type\":\"SearchAction\",\"target\":{\"@type\":\"EntryPoint\",\"urlTemplate\":\"https:\\\/\\\/planetactus.com\\\/?s={search_term_string}\"},\"query-input\":{\"@type\":\"PropertyValueSpecification\",\"valueRequired\":true,\"valueName\":\"search_term_string\"}}],\"inLanguage\":\"fr-FR\"},{\"@type\":[\"Person\",\"Organization\"],\"@id\":\"https:\\\/\\\/planetactus.com\\\/#\\\/schema\\\/person\\\/fbb75ac73a2424d2e176d31b021372a4\",\"name\":\"planetactus.com\",\"image\":{\"@type\":\"ImageObject\",\"inLanguage\":\"fr-FR\",\"@id\":\"https:\\/\\/i0.wp.com\\/planetactus.com\\/wp-content\\/uploads\\/2024\\/07\\/cropped-2-Planet-Actus-Banniere-02a.jpg?fit=1189%2C365&ssl=1\",\"url\":\"https:\\/\\/i0.wp.com\\/planetactus.com\\/wp-content\\/uploads\\/2024\\/07\\/cropped-2-Planet-Actus-Banniere-02a.jpg?fit=1189%2C365&ssl=1\",\"contentUrl\":\"https:\\/\\/i0.wp.com\\/planetactus.com\\/wp-content\\/uploads\\/2024\\/07\\/cropped-2-Planet-Actus-Banniere-02a.jpg?fit=1189%2C365&ssl=1\",\"width\":1189,\"height\":365,\"caption\":\"planetactus.com\"},\"logo\":{\"@id\":\"https:\\/\\/i0.wp.com\\/planetactus.com\\/wp-content\\/uploads\\/2024\\/07\\/cropped-2-Planet-Actus-Banniere-02a.jpg?fit=1189%2C365&ssl=1\"},\"sameAs\":[\"http:\\\/\\\/planetactus.com\",\"https:\\\/\\\/www.facebook.com\\\/profile.php?id=61561620320740\",\"https:\\\/\\\/x.com\\\/https:\\\/\\\/x.com\\\/PlanetActus\",\"https:\\\/\\\/www.youtube.com\\\/@PlanetActus\"],\"url\":\"https:\\\/\\\/planetactus.com\\\/index.php\\\/author\\\/admin9861\\\/\"}]}<\/script>\n<!-- \/ Yoast SEO plugin. -->","yoast_head_json":{"title":"Alerte CENSURE | Guy Boulianne D\u00e9nonce la Censure Num\u00e9rique : son site WordPress, Arme Contre le Bannissement Invisible des R\u00e9seaux Sociaux. -","description":"Cher abonn\u00e9.Je me trouve dans l'obligation de vous informer d'une situation pr\u00e9occupante qui perdure depuis le 19 juin 2024, soit 35 jours \u00e0 ce jour. Je suis victime d'une restriction injustifi\u00e9e de mes droits d'utilisateur sur Telegram, s'apparentant \u00e0 une \" gr\u00e8ve de la faim num\u00e9rique \" impos\u00e9e par des administrateurs de canal dont les actions soul\u00e8vent de s\u00e9rieuses questions \u00e9thiques et l\u00e9gales. Malgr\u00e9 mon statut d'abonn\u00e9 premium, pour lequel je verse une contrepartie financi\u00e8re significative, je demeure bloqu\u00e9. Cette situation constitue une violation flagrante des termes du contrat qui nous lie, Telegram et moi-m\u00eame, et pourrait \u00eatre qualifi\u00e9e juridiquement d'inex\u00e9cution contractuelle (article 1217 du Code civil).","robots":{"index":"index","follow":"follow","max-snippet":"max-snippet:-1","max-image-preview":"max-image-preview:large","max-video-preview":"max-video-preview:-1"},"canonical":"https:\/\/planetactus.com\/index.php\/2024\/07\/24\/alerte-censure-guy-boulianne-denonce-la-censure-numerique-son-site-wordpress-arme-contre-le-bannissement-invisible-des-reseaux-sociaux\/","og_locale":"fr_FR","og_type":"article","og_title":"Alerte CENSURE | Guy Boulianne D\u00e9nonce la Censure Num\u00e9rique : son site WordPress, Arme Contre le Bannissement Invisible des R\u00e9seaux Sociaux. Alert CENSORSHIP | Guy Boulianne Denounces Digital Censorship: his WordPress site, Weapon Against Invisible Social Media Banishment.","og_description":"Cher abonn\u00e9.Je me trouve dans l'obligation de vous informer d'une situation pr\u00e9occupante qui perdure depuis le 19 juin 2024, soit 35 jours \u00e0 ce jour. Je suis victime d'une restriction injustifi\u00e9e de mes droits d'utilisateur sur Telegram, s'apparentant \u00e0 une \" gr\u00e8ve de la faim num\u00e9rique \" impos\u00e9e par des administrateurs de canal dont les actions soul\u00e8vent de s\u00e9rieuses questions \u00e9thiques et l\u00e9gales. Malgr\u00e9 mon statut d'abonn\u00e9 premium, pour lequel je verse une contrepartie financi\u00e8re significative, je demeure bloqu\u00e9. Cette situation constitue une violation flagrante des termes du contrat qui nous lie, Telegram et moi-m\u00eame, et pourrait \u00eatre qualifi\u00e9e juridiquement d'inex\u00e9cution contractuelle (article 1217 du Code civil).","og_url":"https:\/\/planetactus.com\/index.php\/2024\/07\/24\/alerte-censure-guy-boulianne-denonce-la-censure-numerique-son-site-wordpress-arme-contre-le-bannissement-invisible-des-reseaux-sociaux\/","article_publisher":"https:\/\/www.facebook.com\/profile.php?id=61561620320740","article_author":"https:\/\/www.facebook.com\/profile.php?id=61561620320740","article_published_time":"2024-07-24T18:20:53+00:00","article_modified_time":"2024-07-25T04:32:48+00:00","og_image":[{"width":1024,"height":1024,"url":"https:\/\/mlrdeoj2ejbf.i.optimole.com\/cb:mvHM.4ca\/w:auto\/h:auto\/q:mauto\/f:best\/http:\/\/planetactus.com\/wp-content\/uploads\/2024\/07\/Alerte-Censure-Planet-Actus-IA.jpg","type":"image\/jpeg"}],"author":"planetactus.com","twitter_card":"summary_large_image","twitter_title":"Alerte CENSURE | Guy Boulianne D\u00e9nonce la Censure Num\u00e9rique : son site WordPress, Arme Contre le Bannissement Invisible des R\u00e9seaux Sociaux. Alert CENSORSHIP | Guy Boulianne Denounces Digital Censorship: his WordPress site, Weapon Against Invisible Social Media Banishment.","twitter_description":"Cher abonn\u00e9.Je me trouve dans l'obligation de vous informer d'une situation pr\u00e9occupante qui perdure depuis le 19 juin 2024, soit 35 jours \u00e0 ce jour. Je suis victime d'une restriction injustifi\u00e9e de mes droits d'utilisateur sur Telegram, s'apparentant \u00e0 une \" gr\u00e8ve de la faim num\u00e9rique \" impos\u00e9e par des administrateurs de canal dont les actions soul\u00e8vent de s\u00e9rieuses questions \u00e9thiques et l\u00e9gales. Malgr\u00e9 mon statut d'abonn\u00e9 premium, pour lequel je verse une contrepartie financi\u00e8re significative, je demeure bloqu\u00e9. Cette situation constitue une violation flagrante des termes du contrat qui nous lie, Telegram et moi-m\u00eame, et pourrait \u00eatre qualifi\u00e9e juridiquement d'inex\u00e9cution contractuelle (article 1217 du Code civil).","twitter_image":"https:\/\/mlrdeoj2ejbf.i.optimole.com\/cb:mvHM.4ca\/w:auto\/h:auto\/q:mauto\/f:best\/https:\/\/i0.wp.com\/planetactus.com\/wp-content\/uploads\/2024\/07\/Alerte-Censure-Planet-Actus-IA.jpg?fit=1024%2C1024&ssl=1","twitter_creator":"@https:\/\/x.com\/PlanetActus","twitter_site":"@PlanetActus","twitter_misc":{"\u00c9crit par":"planetactus.com","Dur\u00e9e de lecture estim\u00e9e":"4 minutes"},"schema":{"@context":"https:\/\/schema.org","@graph":[{"@type":"Article","@id":"https:\/\/planetactus.com\/index.php\/2024\/07\/24\/alerte-censure-guy-boulianne-denonce-la-censure-numerique-son-site-wordpress-arme-contre-le-bannissement-invisible-des-reseaux-sociaux\/#article","isPartOf":{"@id":"https:\/\/planetactus.com\/index.php\/2024\/07\/24\/alerte-censure-guy-boulianne-denonce-la-censure-numerique-son-site-wordpress-arme-contre-le-bannissement-invisible-des-reseaux-sociaux\/"},"author":{"name":"planetactus.com","@id":"https:\/\/planetactus.com\/#\/schema\/person\/fbb75ac73a2424d2e176d31b021372a4"},"headline":"Alerte CENSURE | Guy Boulianne D\u00e9nonce la Censure Num\u00e9rique : son site WordPress, Arme Contre le Bannissement Invisible des R\u00e9seaux Sociaux.","datePublished":"2024-07-24T18:20:53+00:00","dateModified":"2024-07-25T04:32:48+00:00","mainEntityOfPage":{"@id":"https:\/\/planetactus.com\/index.php\/2024\/07\/24\/alerte-censure-guy-boulianne-denonce-la-censure-numerique-son-site-wordpress-arme-contre-le-bannissement-invisible-des-reseaux-sociaux\/"},"wordCount":683,"commentCount":0,"publisher":{"@id":"https:\/\/planetactus.com\/#\/schema\/person\/fbb75ac73a2424d2e176d31b021372a4"},"image":{"@id":"https:\/\/planetactus.com\/index.php\/2024\/07\/24\/alerte-censure-guy-boulianne-denonce-la-censure-numerique-son-site-wordpress-arme-contre-le-bannissement-invisible-des-reseaux-sociaux\/#primaryimage"},"thumbnailUrl":"https:\/\/mlrdeoj2ejbf.i.optimole.com\/cb:mvHM.4ca\/w:auto\/h:auto\/q:mauto\/f:best\/https:\/\/i0.wp.com\/planetactus.com\/wp-content\/uploads\/2024\/07\/Alerte-Censure-Planet-Actus-IA.jpg?fit=1024%2C1024&ssl=1","articleSection":["A la Une","Afrique","Asie","Cara\u00efbes","Crimes","Europe","International","Opinion"],"inLanguage":"fr-FR","potentialAction":[{"@type":"CommentAction","name":"Comment","target":["https:\/\/planetactus.com\/index.php\/2024\/07\/24\/alerte-censure-guy-boulianne-denonce-la-censure-numerique-son-site-wordpress-arme-contre-le-bannissement-invisible-des-reseaux-sociaux\/#respond"]}]},{"@type":"WebPage","@id":"https:\/\/planetactus.com\/index.php\/2024\/07\/24\/alerte-censure-guy-boulianne-denonce-la-censure-numerique-son-site-wordpress-arme-contre-le-bannissement-invisible-des-reseaux-sociaux\/","url":"https:\/\/planetactus.com\/index.php\/2024\/07\/24\/alerte-censure-guy-boulianne-denonce-la-censure-numerique-son-site-wordpress-arme-contre-le-bannissement-invisible-des-reseaux-sociaux\/","name":"Alerte CENSURE | Guy Boulianne D\u00e9nonce la Censure Num\u00e9rique : son site WordPress, Arme Contre le Bannissement Invisible des R\u00e9seaux Sociaux. -","isPartOf":{"@id":"https:\/\/planetactus.com\/#website"},"primaryImageOfPage":{"@id":"https:\/\/planetactus.com\/index.php\/2024\/07\/24\/alerte-censure-guy-boulianne-denonce-la-censure-numerique-son-site-wordpress-arme-contre-le-bannissement-invisible-des-reseaux-sociaux\/#primaryimage"},"image":{"@id":"https:\/\/planetactus.com\/index.php\/2024\/07\/24\/alerte-censure-guy-boulianne-denonce-la-censure-numerique-son-site-wordpress-arme-contre-le-bannissement-invisible-des-reseaux-sociaux\/#primaryimage"},"thumbnailUrl":"https:\/\/mlrdeoj2ejbf.i.optimole.com\/cb:mvHM.4ca\/w:auto\/h:auto\/q:mauto\/f:best\/https:\/\/i0.wp.com\/planetactus.com\/wp-content\/uploads\/2024\/07\/Alerte-Censure-Planet-Actus-IA.jpg?fit=1024%2C1024&ssl=1","datePublished":"2024-07-24T18:20:53+00:00","dateModified":"2024-07-25T04:32:48+00:00","description":"Cher abonn\u00e9.Je me trouve dans l'obligation de vous informer d'une situation pr\u00e9occupante qui perdure depuis le 19 juin 2024, soit 35 jours \u00e0 ce jour. Je suis victime d'une restriction injustifi\u00e9e de mes droits d'utilisateur sur Telegram, s'apparentant \u00e0 une \" gr\u00e8ve de la faim num\u00e9rique \" impos\u00e9e par des administrateurs de canal dont les actions soul\u00e8vent de s\u00e9rieuses questions \u00e9thiques et l\u00e9gales. Malgr\u00e9 mon statut d'abonn\u00e9 premium, pour lequel je verse une contrepartie financi\u00e8re significative, je demeure bloqu\u00e9. Cette situation constitue une violation flagrante des termes du contrat qui nous lie, Telegram et moi-m\u00eame, et pourrait \u00eatre qualifi\u00e9e juridiquement d'inex\u00e9cution contractuelle (article 1217 du Code civil).","breadcrumb":{"@id":"https:\/\/planetactus.com\/index.php\/2024\/07\/24\/alerte-censure-guy-boulianne-denonce-la-censure-numerique-son-site-wordpress-arme-contre-le-bannissement-invisible-des-reseaux-sociaux\/#breadcrumb"},"inLanguage":"fr-FR","potentialAction":[{"@type":"ReadAction","target":["https:\/\/planetactus.com\/index.php\/2024\/07\/24\/alerte-censure-guy-boulianne-denonce-la-censure-numerique-son-site-wordpress-arme-contre-le-bannissement-invisible-des-reseaux-sociaux\/"]}]},{"@type":"ImageObject","inLanguage":"fr-FR","@id":"https:\/\/planetactus.com\/index.php\/2024\/07\/24\/alerte-censure-guy-boulianne-denonce-la-censure-numerique-son-site-wordpress-arme-contre-le-bannissement-invisible-des-reseaux-sociaux\/#primaryimage","url":"https:\/\/mlrdeoj2ejbf.i.optimole.com\/cb:mvHM.4ca\/w:auto\/h:auto\/q:mauto\/f:best\/https:\/\/i0.wp.com\/planetactus.com\/wp-content\/uploads\/2024\/07\/Alerte-Censure-Planet-Actus-IA.jpg?fit=1024%2C1024&ssl=1","contentUrl":"https:\/\/mlrdeoj2ejbf.i.optimole.com\/cb:mvHM.4ca\/w:auto\/h:auto\/q:mauto\/f:best\/https:\/\/i0.wp.com\/planetactus.com\/wp-content\/uploads\/2024\/07\/Alerte-Censure-Planet-Actus-IA.jpg?fit=1024%2C1024&ssl=1","width":1024,"height":1024,"caption":"Alerte-Censure-Planet-Actus-IA.jpg"},{"@type":"BreadcrumbList","@id":"https:\/\/planetactus.com\/index.php\/2024\/07\/24\/alerte-censure-guy-boulianne-denonce-la-censure-numerique-son-site-wordpress-arme-contre-le-bannissement-invisible-des-reseaux-sociaux\/#breadcrumb","itemListElement":[{"@type":"ListItem","position":1,"name":"Accueil","item":"https:\/\/planetactus.com\/"},{"@type":"ListItem","position":2,"name":"Alerte CENSURE | Guy Boulianne D\u00e9nonce la Censure Num\u00e9rique : son site WordPress, Arme Contre le Bannissement Invisible des R\u00e9seaux Sociaux."}]},{"@type":"WebSite","@id":"https:\/\/planetactus.com\/#website","url":"https:\/\/planetactus.com\/","name":"PLANET ACTUS","description":"PLANET ACTUS","publisher":{"@id":"https:\/\/planetactus.com\/#\/schema\/person\/fbb75ac73a2424d2e176d31b021372a4"},"potentialAction":[{"@type":"SearchAction","target":{"@type":"EntryPoint","urlTemplate":"https:\/\/planetactus.com\/?s={search_term_string}"},"query-input":{"@type":"PropertyValueSpecification","valueRequired":true,"valueName":"search_term_string"}}],"inLanguage":"fr-FR"},{"@type":["Person","Organization"],"@id":"https:\/\/planetactus.com\/#\/schema\/person\/fbb75ac73a2424d2e176d31b021372a4","name":"planetactus.com","image":{"@type":"ImageObject","inLanguage":"fr-FR","@id":"https:\/\/mlrdeoj2ejbf.i.optimole.com\/cb:mvHM.4ca\/w:auto\/h:auto\/q:mauto\/f:best\/https:\/\/i0.wp.com\/planetactus.com\/wp-content\/uploads\/2024\/07\/cropped-2-Planet-Actus-Banniere-02a.jpg?fit=1189%2C365&ssl=1","url":"https:\/\/mlrdeoj2ejbf.i.optimole.com\/cb:mvHM.4ca\/w:auto\/h:auto\/q:mauto\/f:best\/https:\/\/i0.wp.com\/planetactus.com\/wp-content\/uploads\/2024\/07\/cropped-2-Planet-Actus-Banniere-02a.jpg?fit=1189%2C365&ssl=1","contentUrl":"https:\/\/mlrdeoj2ejbf.i.optimole.com\/cb:mvHM.4ca\/w:auto\/h:auto\/q:mauto\/f:best\/https:\/\/i0.wp.com\/planetactus.com\/wp-content\/uploads\/2024\/07\/cropped-2-Planet-Actus-Banniere-02a.jpg?fit=1189%2C365&ssl=1","width":1189,"height":365,"caption":"planetactus.com"},"logo":{"@id":"https:\/\/mlrdeoj2ejbf.i.optimole.com\/cb:mvHM.4ca\/w:auto\/h:auto\/q:mauto\/f:best\/https:\/\/i0.wp.com\/planetactus.com\/wp-content\/uploads\/2024\/07\/cropped-2-Planet-Actus-Banniere-02a.jpg?fit=1189%2C365&ssl=1"},"sameAs":["http:\/\/planetactus.com","https:\/\/www.facebook.com\/profile.php?id=61561620320740","https:\/\/x.com\/https:\/\/x.com\/PlanetActus","https:\/\/www.youtube.com\/@PlanetActus"],"url":"https:\/\/planetactus.com\/index.php\/author\/admin9861\/"}]}},"jetpack_publicize_connections":[],"jetpack_featured_media_url":"https:\/\/mlrdeoj2ejbf.i.optimole.com\/cb:mvHM.4ca\/w:auto\/h:auto\/q:mauto\/f:best\/https:\/\/i0.wp.com\/planetactus.com\/wp-content\/uploads\/2024\/07\/Alerte-Censure-Planet-Actus-IA.jpg?fit=1024%2C1024&ssl=1","jetpack_sharing_enabled":true,"_links":{"self":[{"href":"https:\/\/planetactus.com\/index.php\/wp-json\/wp\/v2\/posts\/1014","targetHints":{"allow":["GET"]}}],"collection":[{"href":"https:\/\/planetactus.com\/index.php\/wp-json\/wp\/v2\/posts"}],"about":[{"href":"https:\/\/planetactus.com\/index.php\/wp-json\/wp\/v2\/types\/post"}],"author":[{"embeddable":true,"href":"https:\/\/planetactus.com\/index.php\/wp-json\/wp\/v2\/users\/1"}],"replies":[{"embeddable":true,"href":"https:\/\/planetactus.com\/index.php\/wp-json\/wp\/v2\/comments?post=1014"}],"version-history":[{"count":47,"href":"https:\/\/planetactus.com\/index.php\/wp-json\/wp\/v2\/posts\/1014\/revisions"}],"predecessor-version":[{"id":1083,"href":"https:\/\/planetactus.com\/index.php\/wp-json\/wp\/v2\/posts\/1014\/revisions\/1083"}],"wp:featuredmedia":[{"embeddable":true,"href":"https:\/\/planetactus.com\/index.php\/wp-json\/wp\/v2\/media\/1017"}],"wp:attachment":[{"href":"https:\/\/planetactus.com\/index.php\/wp-json\/wp\/v2\/media?parent=1014"}],"wp:term":[{"taxonomy":"category","embeddable":true,"href":"https:\/\/planetactus.com\/index.php\/wp-json\/wp\/v2\/categories?post=1014"},{"taxonomy":"post_tag","embeddable":true,"href":"https:\/\/planetactus.com\/index.php\/wp-json\/wp\/v2\/tags?post=1014"}],"curies":[{"name":"wp","href":"https:\/\/api.w.org\/{rel}","templated":true}]}}