{"id":1198,"date":"2024-07-31T20:13:52","date_gmt":"2024-07-31T18:13:52","guid":{"rendered":"https:\/\/planetactus.com\/?p=1198"},"modified":"2026-01-16T23:34:54","modified_gmt":"2026-01-16T22:34:54","slug":"ceremonie-douverture-des-jo-assassins-creed-quasimodo-jules-et-jim-avez-vous-remarque-ces-references","status":"publish","type":"post","link":"https:\/\/planetactus.com\/index.php\/2024\/07\/31\/ceremonie-douverture-des-jo-assassins-creed-quasimodo-jules-et-jim-avez-vous-remarque-ces-references\/","title":{"rendered":"C\u00e9r\u00e9monie d\u2019ouverture des JO : Assassin\u2019s Creed, Quasimodo, \u00ab Jules et Jim \u00bb\u2026 Avez-vous Remarqu\u00e9 ces R\u00e9f\u00e9rences ?"},"content":{"rendered":"\n<p><strong>Il fallait s\u2019accrocher.<\/strong> <span style=\"text-decoration: underline;\"><a href=\"https:\/\/www.tokyvideo.com\/fr\/video\/assassin-s-creed-2016-vf\">\u00c0 son si\u00e8ge d\u2019abord<\/a><\/span> \ud83d\udd17, <strong>tant les spectateurs en ont pris plein les yeux<\/strong> durant cette\u00a0<a href=\"https:\/\/www.leparisien.fr\/jo-paris-2024\/cest-majestueux-eblouissant-la-ceremonie-de-paris-2024-dans-loeil-des-autres-villes-olympiques-27-07-2024-UEOSBVFOWJFHXAMETVKK7BCEJM.php\" target=\"_blank\" rel=\"noreferrer noopener\">c\u00e9r\u00e9monie d\u2019ouverture exceptionnelle<\/a> \ud83d\udd17. Et aussi pour ne pas en rater une miette. \u00c0 peine le temps de faire une pause technique que, d\u00e9j\u00e0, vous aviez rat\u00e9 de multiples r\u00e9f\u00e9rences qui tenaient \u00e0 c\u0153ur au\u00a0<a href=\"https:\/\/www.leparisien.fr\/jo-paris-2024\/dune-enfance-rurale-au-genial-spectacle-sur-la-seine-thomas-jolly-itineraire-dun-grand-maitre-de-ceremonie-27-07-2024-IDVHQFMSIZCPJNWAZJMN7R7C4I.php\" target=\"_blank\" rel=\"noreferrer noopener\">directeur artistique<\/a>\u00a0\ud83d\udd17de l\u2019\u00e9v\u00e9nement, Thomas Jolly. Vous en avez rat\u00e9 m\u00eame sans quitter l\u2019\u00e9cran ? <strong>On vous fait le r\u00e9cap.<\/strong><\/p>\n\n\n\n<p>Le premier, vous n\u2019avez pas pu le manquer. Tout au long de la c\u00e9r\u00e9monie, le porteur myst\u00e8re a multipli\u00e9 les clins d\u2019\u0153il litt\u00e9raires et cin\u00e9matographiques. \u00c0 commencer par l\u2019univers du&nbsp;<a href=\"https:\/\/www.leparisien.fr\/culture-loisirs\/jeux-video-le-nouvel-assassins-creed-dubisoft-sortira-le-15-novembre-et-sexporte-dans-le-japon-feodal-15-05-2024-7BI6SNJPQNA27IGS6TSECUUMEM.php\" target=\"_blank\" rel=\"noreferrer noopener\">jeu vid\u00e9o tricolore <mark style=\"background-color:rgba(0, 0, 0, 0)\" class=\"has-inline-color has-vivid-red-color\"><strong>Assassin\u2019s Creed<\/strong><\/mark><\/a>. L\u2019homme masqu\u00e9 n\u2019est autre qu\u2019un hommage au personnage d\u2019Arno Dorian de la saga, dont le volet \u00ab <strong><a href=\"https:\/\/planetactus.com\/index.php\/2024\/07\/20\/yoda-les-lecons-intemporelles-dun-maitre-jedi-pour-une-vie-equilibree-le-cote-obscur-de-la-force-redouter-tu-dois\/\"><mark style=\"background-color:rgba(0, 0, 0, 0)\" class=\"has-inline-color has-vivid-red-color\">Creed Unity<\/mark><\/a><\/strong><mark style=\"background-color:rgba(0, 0, 0, 0)\" class=\"has-inline-color has-vivid-red-color\"> <\/mark>\u00bb se d\u00e9roule dans la <strong>capitale<\/strong>.<\/p>\n\n\n\n<figure class=\"wp-block-embed aligncenter is-type-video is-provider-youtube wp-block-embed-youtube wp-embed-aspect-16-9 wp-has-aspect-ratio\"><div class=\"wp-block-embed__wrapper\">\n<iframe  id=\"_ytid_32473\"  width=\"640\" height=\"360\"  data-origwidth=\"640\" data-origheight=\"360\" src=\"https:\/\/www.youtube.com\/embed\/n6rqkhgwMVA?enablejsapi=1&#038;autoplay=0&#038;cc_load_policy=0&#038;cc_lang_pref=&#038;iv_load_policy=1&#038;loop=0&#038;rel=1&#038;fs=1&#038;playsinline=0&#038;autohide=2&#038;theme=dark&#038;color=red&#038;controls=1&#038;disablekb=0&#038;\" class=\"__youtube_prefs__  epyt-is-override  no-lazyload\" title=\"YouTube player\"  allow=\"fullscreen; accelerometer; autoplay; clipboard-write; encrypted-media; gyroscope; picture-in-picture; web-share\" referrerpolicy=\"strict-origin-when-cross-origin\" allowfullscreen data-no-lazy=\"1\" data-skipgform_ajax_framebjll=\"\"><\/iframe>\n<\/div><figcaption class=\"wp-element-caption\">ASSASSIN&rsquo;S CREED &#8211; Bande annonce ultime [Officielle] VOST HD \/ <a href=\"https:\/\/www.youtube.com\/watch?v=n6rqkhgwMVA\">20th Century Studios FR<\/a> \ud83d\udd17<\/figcaption><\/figure>\n\n\n\n<h1 class=\"wp-block-heading\">De la panne du m\u00e9tro parisien aux Mis\u00e9rables.<\/h1>\n\n\n\n<p>On peut aussi distinguer dans ce personnage les traits du Masque de Fer, le myst\u00e9rieux prisonnier de la Bastille \u00e0 la fin du XVIIe si\u00e8cle, dont l\u2019identit\u00e9 n\u2019aura jamais \u00e9t\u00e9 confirm\u00e9e, ou encore du Fant\u00f4me de l\u2019Op\u00e9ra, personnage fictif du roman \u00e9ponyme par Gaston Leroux, Fantomas, Belph\u00e9gor et Ars\u00e8ne Lupin\u2026<\/p>\n\n\n\n<p>Ce porteur myst\u00e8re nous a conduits aux quatre coins de la capitale, et m\u00eame sous terre, dans les rames du m\u00e9tro, avec une panne qui a fait sourire les habitu\u00e9s\u2026\u00a0<a href=\"https:\/\/www.leparisien.fr\/jo-paris-2024\/jo-paris-2024-han-zizou-christ-jamel-debbouze-et-zinedine-zidane-ouvrent-la-ceremonie-douverture-26-07-2024-6W2XI2KSL5APVAAVR66KJUGG4I.php\" target=\"_blank\" rel=\"noreferrer noopener\">et bloqu\u00e9 Zin\u00e9dine Zidane<\/a> \ud83d\udd17 C\u2019est le moment qu\u2019a choisi le champion du monde 1998 pour laisser la flamme rejoindre les catacombes, o\u00f9 elle a crois\u00e9 quelques rats, autre clin d\u2019\u0153il au quotidien des Parisiens. On y a vu aussi, plus surprenant, un crocodile faisant r\u00e9f\u00e9rence \u00e0 Eleanor, le reptile du Nil qui a v\u00e9cu dans les \u00e9gouts de Paris en 1984.<\/p>\n\n\n\n<figure class=\"wp-block-embed aligncenter is-type-video is-provider-youtube wp-block-embed-youtube wp-embed-aspect-16-9 wp-has-aspect-ratio\"><div class=\"wp-block-embed__wrapper\">\n<iframe  id=\"_ytid_64496\"  width=\"640\" height=\"360\"  data-origwidth=\"640\" data-origheight=\"360\" src=\"https:\/\/www.youtube.com\/embed\/aV3yOcF7kwA?enablejsapi=1&#038;autoplay=0&#038;cc_load_policy=0&#038;cc_lang_pref=&#038;iv_load_policy=1&#038;loop=0&#038;rel=1&#038;fs=1&#038;playsinline=0&#038;autohide=2&#038;theme=dark&#038;color=red&#038;controls=1&#038;disablekb=0&#038;\" class=\"__youtube_prefs__  epyt-is-override  no-lazyload\" title=\"YouTube player\"  allow=\"fullscreen; accelerometer; autoplay; clipboard-write; encrypted-media; gyroscope; picture-in-picture; web-share\" referrerpolicy=\"strict-origin-when-cross-origin\" allowfullscreen data-no-lazy=\"1\" data-skipgform_ajax_framebjll=\"\"><\/iframe>\n<\/div><figcaption class=\"wp-element-caption\">ASSASSIN&rsquo;S CREED Gameplay Walkthrough FULL GAME [4K 60FPS PC ULTRA] &#8211; No Commentary \/ <a href=\"https:\/\/www.youtube.com\/watch?v=aV3yOcF7kwA\">MKIceAndFire<\/a> <strong>\ud83d\udd17<\/strong><\/figcaption><\/figure>\n\n\n\n<p><mark style=\"background-color:rgba(0, 0, 0, 0)\" class=\"has-inline-color has-vivid-red-color\">Le reste de la c\u00e9r\u00e9monie a ensuite mis en valeur l\u2019art fran\u00e7ais<\/mark>. Son <strong>th\u00e9\u00e2tre<\/strong>, avec <strong>le rideau d\u2019eau pour entamer le show ; sa litt\u00e9rature, avec un hommage appuy\u00e9<\/strong> aux \u00ab <strong>Mis\u00e9rables <\/strong>\u00bb de Victor Hugo. Dans le tableau \u00ab <strong>Synchronicit\u00e9 <\/strong>\u00bb, la silhouette dans le ciel \u00e9tait une r\u00e9f\u00e9rence \u00e0 Quasimodo, le bossu sonneur de cloches amoureux d\u2019Esmeralda dans le roman \u00ab Notre-Dame de Paris \u00bb, toujours de Victor Hugo.<\/p>\n\n\n\n<p><strong>Autre s\u00e9quence forte de la c\u00e9r\u00e9monie<\/strong>, le \u00ab trouple \u00bb qui repr\u00e9sentait les <strong>triangles <\/strong>amoureux, l\u2019un des th\u00e8mes favoris des auteurs fran\u00e7ais. Dans la <strong>biblioth\u00e8que<\/strong>, plusieurs <strong>\u0153uvres <\/strong>ont \u00e9t\u00e9 mises en valeur : \u00ab Romances sans paroles \u00bb de Verlaine, \u00ab Les Liaisons Dangereuses \u00bb de Pierre Choderlos de Laclos ou encore \u00ab Le Triomphe de l\u2019Amour \u00bb de Marivaux. La sc\u00e8ne a \u00e9galement pu faire penser aux \u00ab Caprices de Marianne \u00bb d\u2019Alfred de Musset et \u00ab Jules et Jim \u00bb de Henri-Pierre Roch\u00e9, rendu c\u00e9l\u00e8bre par le r\u00e9alisateur Fran\u00e7ois Truffaut.<\/p>\n\n\n\n<h1 class=\"wp-block-heading\">La guillotine et La C\u00e8ne.<\/h1>\n\n\n\n<p><strong>La peinture a \u00e9galement \u00e9t\u00e9 mise \u00e0 l\u2019honneu<\/strong>r. Pendant la visite du <strong>Louvre<\/strong>, on a pu <strong>revivre\u00a0<\/strong><a href=\"https:\/\/www.leparisien.fr\/jo-paris-2024\/et-a-20h38-la-joconde-disparait-lhistoire-du-vol-du-celebre-tableau-de-leonard-de-vinci-26-07-2024-JMKYP54HQZFULIWXCYOAWP7ACY.php\" target=\"_blank\" rel=\"noreferrer noopener\">l\u2019\u00e9pisode du vol de La Joconde du 21 ao\u00fbt 1911<\/a> \ud83d\udd17, qui a particip\u00e9 \u00e0 la renomm\u00e9e de l\u2019\u0153uvre de <strong>Leonard de Vinci<\/strong>. Il ne fallait pas manquer les passages devant d\u2019autres chefs-d\u2019\u0153uvre comme <strong>Le Radeau de la M\u00e9duse<\/strong>, Le Sacre de Napol\u00e9on et La V\u00e9nus de Milo, bien apr\u00e8s le<strong> clin d\u2019\u0153il \u00e0 la Libert\u00e9<\/strong> Guidant Le Peuple au d\u00e9but du tableau intitul\u00e9 \u00ab <strong>Libert\u00e9 <\/strong>\u00bb.<\/p>\n\n\n\n<p><strong>Du pinceau \u00e0 la cam\u00e9ra<\/strong>, il n\u2019y a qu\u2019un pas. Les <strong>cr\u00e9ateurs <\/strong>ont \u00e9galement voulu c\u00e9l\u00e9brer l\u2019importance de la France dans l\u2019invention du cin\u00e9ma avec un passage du c\u00e9l\u00e8bre film \u00ab L\u2019arriv\u00e9e en gare du train de La Ciotat \u00bb des <strong>Fr\u00e8res Lumi\u00e8re.<\/strong> Fleuron plus actuel du septi\u00e8me art fran\u00e7ais, les petits personnages jaunes des Minions, qu\u2019on peut voir actuellement dans le quatri\u00e8me opus de \u00ab Moi, moche et m\u00e9chant \u00bb, ont fait <strong>une apparition remarqu\u00e9e.<\/strong><\/p>\n\n\n\n<figure class=\"wp-block-embed aligncenter is-type-video is-provider-youtube wp-block-embed-youtube wp-embed-aspect-16-9 wp-has-aspect-ratio\"><div class=\"wp-block-embed__wrapper\">\n<iframe  id=\"_ytid_81173\"  width=\"640\" height=\"360\"  data-origwidth=\"640\" data-origheight=\"360\" src=\"https:\/\/www.youtube.com\/embed\/E5Mn0q0Ch98?enablejsapi=1&#038;autoplay=0&#038;cc_load_policy=0&#038;cc_lang_pref=&#038;iv_load_policy=1&#038;loop=0&#038;rel=1&#038;fs=1&#038;playsinline=0&#038;autohide=2&#038;theme=dark&#038;color=red&#038;controls=1&#038;disablekb=0&#038;\" class=\"__youtube_prefs__  epyt-is-override  no-lazyload\" title=\"YouTube player\"  allow=\"fullscreen; accelerometer; autoplay; clipboard-write; encrypted-media; gyroscope; picture-in-picture; web-share\" referrerpolicy=\"strict-origin-when-cross-origin\" allowfullscreen data-no-lazy=\"1\" data-skipgform_ajax_framebjll=\"\"><\/iframe>\n<\/div><figcaption class=\"wp-element-caption\">Les secrets de la GUILLOTINE durant la R\u00c9VOLUTION \/ <a href=\"https:\/\/www.youtube.com\/@H%C3%A9rodoclachainehistoire\">H\u00c9RODOC La Cha\u00eene Histoire<\/a> \ud83d\udd17<\/figcaption><\/figure>\n\n\n\n<p>\ud83d\udc7d\u00a0<strong>La c\u00e9r\u00e9monie a mis en avant des moments et des personnages cl\u00e9s de l\u2019Histoire de France.<\/strong> Napol\u00e9on donc, mais aussi et <strong>surtout <a href=\"https:\/\/www.tokyvideo.com\/fr\/video\/les-visiteurs-la-revolution\"><mark style=\"background-color:rgba(0, 0, 0, 0)\" class=\"has-inline-color has-vivid-red-color\">la R\u00e9volution Fran\u00e7aise<\/mark> <\/a><\/strong>\ud83d\udcfd avec la d\u00e9capitation de Marie-Antoinette, derni\u00e8re reine de France et \u00e9pouse de Louis XVI, au son satur\u00e9 des guitares du groupe de metal Gojira, qui faisait r\u00e9f\u00e9rence au <strong>chant r\u00e9volutionnaire<\/strong> \u00ab <strong>Ah, \u00e7a ira, \u00e7a ira, \u00e7a ira <\/strong>! \u00bb, avec une sc\u00e8ne aux faux airs de \u00ab <strong><a href=\"https:\/\/www.tokyvideo.com\/fr\/video\/mad-max-fury-road-vf-2\"><mark style=\"background-color:rgba(0, 0, 0, 0)\" class=\"has-inline-color has-vivid-red-color\">Mad Max<\/mark><\/a><\/strong><mark style=\"background-color:rgba(0, 0, 0, 0)\" class=\"has-inline-color has-vivid-red-color\"><\/mark>\u00bb \ud83d\udcfd . <strong>Bien plus r\u00e9cent<\/strong>,\u00a0<a href=\"https:\/\/www.leparisien.fr\/jo-paris-2024\/ceremonie-douverture-des-jo-2024-lhommage-a-notre-dame-de-paris-et-a-ses-anges-gardiens-26-07-2024-3QXUNVJYRRFK5B5HYWAP7NTUUI.php\" target=\"_blank\" rel=\"noreferrer noopener\">l\u2019incendie de Notre-Dame de Paris<\/a>\u00a0\ud83d\udd17<strong>le 15 avril<\/strong> 2019 a \u00e9t\u00e9 mis en lumi\u00e8re par un bal de danseurs ouvriers c\u00e9l\u00e9brant la reconstruction de la cath\u00e9drale.<\/p>\n\n\n\n<p>Autre r\u00e9f\u00e9rence, Philippe Katerine n\u2019\u00e9tait pas un Schtroumpf bleu comme s\u2019en sont amus\u00e9s quelques internautes, mais bien\u00a0<a href=\"https:\/\/www.leparisien.fr\/jo-paris-2024\/ceremonie-douverture-des-jo-2024-le-chanteur-philippe-katerine-apparait-presque-nu-26-07-2024-LIUVEXTCFRDF7MZK6TXREDPB34.php\" target=\"_blank\" rel=\"noreferrer noopener\">Dionysos, le Dieu grec de la vigne<\/a> \ud83d\udd17, du vin, du <strong>th\u00e9\u00e2tre<\/strong>, de la <strong>f\u00eate <\/strong>et de ses <strong>exc\u00e8s<\/strong>. Il a mis un terme au tableau \u00ab <strong>Festivit\u00e9 <\/strong>\u00bb, o\u00f9 DJ et drag-queens se sont tr\u00e9mouss\u00e9s apr\u00e8s un tableau recr\u00e9ant,\u00a0<a href=\"https:\/\/www.leparisien.fr\/jo-paris-2024\/jo-paris-2024-la-scene-de-la-cene-avec-les-drag-queens-fait-polemique-lepiscopat-denonce-une-outrance-27-07-2024-FXQYUF65CFGGFDLALI37EBZKSQ.php\" target=\"_blank\" rel=\"noreferrer noopener\">de fa\u00e7on trop os\u00e9e trop pour certains<\/a> \ud83d\udd17, La C\u00e8ne, le dernier repas du Christ.<\/p>\n\n\n\n<p><strong>Pour cl\u00f4turer le show en apoth\u00e9ose<\/strong>,\u00a0<a href=\"https:\/\/www.leparisien.fr\/jo-paris-2024\/ceremonie-douverture-des-jo-paris-2024-perec-et-riner-allument-la-vasque-24-olympiens-pour-finir-le-relais-27-07-2024-IL7ZLPGL35CCZFD5ZBDSLRDPKY.php\" target=\"_blank\" rel=\"noreferrer noopener\">la vasque s\u2019est envol\u00e9e dans le ciel de Paris<\/a> \ud83d\udd17. De quoi mettre \u00e0 l\u2019honneur le premier vol en ballon \u00e0 gaz gonfl\u00e9 \u00e0 l\u2019hydrog\u00e8ne effectu\u00e9 par deux inventeurs fran\u00e7ais &#8211; le physicien Jacques Charles et l\u2019un des deux <strong>fr\u00e8res <\/strong>Robert &#8211; en d\u00e9cembre 1783 depuis ce m\u00eame Jardin des Tuileries. <strong>Et ainsi boucler la boucle.<\/strong> Source : [<a href=\"https:\/\/www.leparisien.fr\/jo-paris-2024\/ceremonie-douverture-des-jo-assassins-creed-la-cene-quasimodo-jules-et-jim-avez-vous-remarque-ces-references-27-07-2024-6AT6UAZG6VCKREUJ2CN3EEQEYQ.php\">Le Parisien<\/a>] &#8211; Par <a href=\"https:\/\/www.leparisien.fr\/auteur\/victor-cousin\/\">Victor Cousin<\/a>\u00a0<\/p>\n\n\n\n<p><span style=\"text-decoration: underline;\">Sur le m\u00eame sujet <\/span>:<\/p>\n\n\n\n<p>\u25a0 <strong><a href=\"https:\/\/www.tokyvideo.com\/fr\/video\/assassin-s-creed-2016-vf\" target=\"_blank\" rel=\"noreferrer noopener\"><mark style=\"background-color:rgba(0, 0, 0, 0)\" class=\"has-inline-color has-vivid-red-color\">Assassin&rsquo;s Creed VF<\/mark><\/a><\/strong> \ud83d\udd17 [<strong>Full<\/strong>] (01:55:29) \ud83c\udfa5<\/p>\n\n\n\n<p><strong><mark style=\"background-color:rgba(0, 0, 0, 0)\" class=\"has-inline-color has-vivid-red-color\">SYNOPSIS<\/mark><\/strong> : <em>\u00a0\u00bb Gr\u00e2ce \u00e0 une <strong>technologie r\u00e9volutionnaire qui lib\u00e8re la m\u00e9moire g\u00e9n\u00e9tique,<\/strong> <strong>Callum Lynch<\/strong> revit les aventures de son anc\u00eatre <strong>Aguilar<\/strong>, dans <strong>l\u2019Espagne du XVe si\u00e8cle<\/strong>. Alors que Callum d\u00e9couvre qu\u2019il est issu d\u2019une <strong>myst\u00e9rieuse soci\u00e9t\u00e9 secr\u00e8te<\/strong>, <a href=\"https:\/\/www.google.com\/search?client=firefox-b-d&amp;q=assanin+sceed+tokeyvideo\">les Assassins<\/a> \ud83d\udd17, <strong>il va assimiler les comp\u00e9tences dont il aura besoin pour affronter, dans le temps pr\u00e9sent, une autre redoutable organisation : l\u2019Ordre des Templiers<\/strong>.\u00a0\u00bb<\/em> [Toky Vid\u00e9o]<\/p>\n\n\n\n<p>\ud83d\udca1<strong>Watch The<\/strong> <strong><a href=\"https:\/\/www.tokyvideo.com\/video\/assassin-s-creed-derek-dzhoue\"><mark style=\"background-color:rgba(0, 0, 0, 0)\" class=\"has-inline-color has-vivid-red-color\">English Version<\/mark><\/a><\/strong> \ud83d\udd17<\/p>\n\n\n\n<p>\u25a0 <strong>Gladiator <\/strong>\u2022 <a href=\"https:\/\/www.youtube.com\/watch?v=mQQKZ5cgybU\"><strong><mark style=\"background-color:rgba(0, 0, 0, 0)\" class=\"has-inline-color has-vivid-red-color\">Now We Are Free<\/mark><\/strong><\/a> \ud83d\udd17\u2022 <strong>Hans Zimmer &amp; Lisa Gerrard<\/strong><\/p>\n\n\n\n<figure class=\"wp-block-embed aligncenter is-type-video is-provider-youtube wp-block-embed-youtube wp-embed-aspect-4-3 wp-has-aspect-ratio\"><div class=\"wp-block-embed__wrapper\">\n<iframe  id=\"_ytid_17237\"  width=\"640\" height=\"360\"  data-origwidth=\"640\" data-origheight=\"360\" src=\"https:\/\/www.youtube.com\/embed\/ghxzLw2wRis?enablejsapi=1&#038;autoplay=0&#038;cc_load_policy=0&#038;cc_lang_pref=&#038;iv_load_policy=1&#038;loop=0&#038;rel=1&#038;fs=1&#038;playsinline=0&#038;autohide=2&#038;theme=dark&#038;color=red&#038;controls=1&#038;disablekb=0&#038;\" class=\"__youtube_prefs__  epyt-is-override  no-lazyload\" title=\"YouTube player\"  allow=\"fullscreen; accelerometer; autoplay; clipboard-write; encrypted-media; gyroscope; picture-in-picture; web-share\" referrerpolicy=\"strict-origin-when-cross-origin\" allowfullscreen data-no-lazy=\"1\" data-skipgform_ajax_framebjll=\"\"><\/iframe>\n<\/div><figcaption class=\"wp-element-caption\"><strong>Lisa Gerrard<\/strong><\/figcaption><\/figure>\n\n\n\n<p>\u25a0 <strong><mark style=\"background-color:rgba(0, 0, 0, 0)\" class=\"has-inline-color has-vivid-red-color\">Now we are free &#8211; Hans Zimmer &amp; Lisa Gerrard <\/mark><\/strong>(2 hours)<\/p>\n\n\n\n<figure class=\"wp-block-embed aligncenter is-type-video is-provider-youtube wp-block-embed-youtube wp-embed-aspect-16-9 wp-has-aspect-ratio\"><div class=\"wp-block-embed__wrapper\">\n<iframe  id=\"_ytid_73742\"  width=\"640\" height=\"360\"  data-origwidth=\"640\" data-origheight=\"360\" src=\"https:\/\/www.youtube.com\/embed\/HwmT_Sskaek?enablejsapi=1&#038;autoplay=0&#038;cc_load_policy=0&#038;cc_lang_pref=&#038;iv_load_policy=1&#038;loop=0&#038;rel=1&#038;fs=1&#038;playsinline=0&#038;autohide=2&#038;theme=dark&#038;color=red&#038;controls=1&#038;disablekb=0&#038;\" class=\"__youtube_prefs__  epyt-is-override  no-lazyload\" title=\"YouTube player\"  allow=\"fullscreen; accelerometer; autoplay; clipboard-write; encrypted-media; gyroscope; picture-in-picture; web-share\" referrerpolicy=\"strict-origin-when-cross-origin\" allowfullscreen data-no-lazy=\"1\" data-skipgform_ajax_framebjll=\"\"><\/iframe>\n<\/div><figcaption class=\"wp-element-caption\">Lucas Mauro | <strong>Antenne Galaxy<\/strong><\/figcaption><\/figure>\n\n\n\n<p>\u25a0 <strong><mark style=\"background-color:rgba(0, 0, 0, 0)\" class=\"has-inline-color has-vivid-red-color\">The Little Prince Trailer<\/mark><\/strong> (2016) &#8211; <strong>Paramount Pictures.<\/strong><\/p>\n\n\n\n<figure class=\"wp-block-embed aligncenter is-type-video is-provider-youtube wp-block-embed-youtube wp-embed-aspect-16-9 wp-has-aspect-ratio\"><div class=\"wp-block-embed__wrapper\">\n<iframe  id=\"_ytid_32931\"  width=\"640\" height=\"360\"  data-origwidth=\"640\" data-origheight=\"360\" src=\"https:\/\/www.youtube.com\/embed\/ihi491RQo5A?enablejsapi=1&#038;autoplay=0&#038;cc_load_policy=0&#038;cc_lang_pref=&#038;iv_load_policy=1&#038;loop=0&#038;rel=1&#038;fs=1&#038;playsinline=0&#038;autohide=2&#038;theme=dark&#038;color=red&#038;controls=1&#038;disablekb=0&#038;\" class=\"__youtube_prefs__  epyt-is-override  no-lazyload\" title=\"YouTube player\"  allow=\"fullscreen; accelerometer; autoplay; clipboard-write; encrypted-media; gyroscope; picture-in-picture; web-share\" referrerpolicy=\"strict-origin-when-cross-origin\" allowfullscreen data-no-lazy=\"1\" data-skipgform_ajax_framebjll=\"\"><\/iframe>\n<\/div><figcaption class=\"wp-element-caption\">Paramount Pictures<\/figcaption><\/figure>\n\n\n\n<p>\u25a0 <strong><mark style=\"background-color:rgba(0, 0, 0, 0)\" class=\"has-inline-color has-vivid-red-color\">Le Nom De La Rose: MAKING OF.<\/mark><\/strong><\/p>\n\n\n\n<figure class=\"wp-block-embed aligncenter is-type-video is-provider-youtube wp-block-embed-youtube wp-embed-aspect-4-3 wp-has-aspect-ratio\"><div class=\"wp-block-embed__wrapper\">\n<iframe  id=\"_ytid_41052\"  width=\"640\" height=\"360\"  data-origwidth=\"640\" data-origheight=\"360\" src=\"https:\/\/www.youtube.com\/embed\/xz1mKczvyCk?enablejsapi=1&#038;autoplay=0&#038;cc_load_policy=0&#038;cc_lang_pref=&#038;iv_load_policy=1&#038;loop=0&#038;rel=1&#038;fs=1&#038;playsinline=0&#038;autohide=2&#038;theme=dark&#038;color=red&#038;controls=1&#038;disablekb=0&#038;\" class=\"__youtube_prefs__  epyt-is-override  no-lazyload\" title=\"YouTube player\"  allow=\"fullscreen; accelerometer; autoplay; clipboard-write; encrypted-media; gyroscope; picture-in-picture; web-share\" referrerpolicy=\"strict-origin-when-cross-origin\" allowfullscreen data-no-lazy=\"1\" data-skipgform_ajax_framebjll=\"\"><\/iframe>\n<\/div><figcaption class=\"wp-element-caption\">Le Making Of<\/figcaption><\/figure>\n\n\n\n<p>\u25a0 <strong><mark style=\"background-color:rgba(0, 0, 0, 0)\" class=\"has-inline-color has-vivid-red-color\">La Rose de Nostre Dame<\/mark><\/strong> &#8211; <strong>par F\u00e9licien. 1\u00e8re Partie <\/strong>\ud83d\udd4d<\/p>\n\n\n\n<figure class=\"wp-block-embed aligncenter is-type-video is-provider-youtube wp-block-embed-youtube wp-embed-aspect-16-9 wp-has-aspect-ratio\"><div class=\"wp-block-embed__wrapper\">\n<iframe  id=\"_ytid_31790\"  width=\"640\" height=\"360\"  data-origwidth=\"640\" data-origheight=\"360\" src=\"https:\/\/www.youtube.com\/embed\/zeXma-xGsY8?enablejsapi=1&#038;autoplay=0&#038;cc_load_policy=0&#038;cc_lang_pref=&#038;iv_load_policy=1&#038;loop=0&#038;rel=1&#038;fs=1&#038;playsinline=0&#038;autohide=2&#038;theme=dark&#038;color=red&#038;controls=1&#038;disablekb=0&#038;\" class=\"__youtube_prefs__  epyt-is-override  no-lazyload\" title=\"YouTube player\"  allow=\"fullscreen; accelerometer; autoplay; clipboard-write; encrypted-media; gyroscope; picture-in-picture; web-share\" referrerpolicy=\"strict-origin-when-cross-origin\" allowfullscreen data-no-lazy=\"1\" data-skipgform_ajax_framebjll=\"\"><\/iframe>\n<\/div><figcaption class=\"wp-element-caption\">La Biblioth\u00e8que &amp; la Cuisine de Phil<\/figcaption><\/figure>\n\n\n\n<p>\u25a0 <em>\u00a0\u00bb <strong>L\u2019homme peut-il acqu\u00e9rir des pouvoirs extraordinaires ? Seulement ceux que Dieu autorise. Les autres sont illusoires<\/strong> \u00a0\u00bb <\/em> [&#8230;] Roman [PDF]<a href=\"http:\/\/ekladata.com\/GBHAAzYumLT1_XLlrWa_lZvU_UQ\/la_rose_de_nostre_dame.pdf\"><strong><mark style=\"background-color:rgba(0, 0, 0, 0)\" class=\"has-inline-color has-vivid-red-color\">Ekla Data<\/mark><\/strong><\/a> \ud83d\udd17<\/p>\n\n\n\n<p>\u25a0 <strong>Profondita &amp; Astral Waves &#8211; Breaking Away <\/strong>( Original Mix ).<mark style=\"background-color:rgba(0, 0, 0, 0)\" class=\"has-inline-color has-vivid-red-color\"><\/mark> \ud83d\udd17<strong><a href=\"https:\/\/t.me\/ufo_planetactus_sightings\/2174\"><mark style=\"background-color:rgba(0, 0, 0, 0)\" class=\"has-inline-color has-vivid-red-color\">Parce que la V\u00e9rit\u00e9 Nous AffranchiRa. <\/mark><\/a><\/strong>(<a href=\"https:\/\/planetactus.com\/index.php\/2024\/06\/16\/mysteres-devoiles-rejoignez-aera_51-une-nouvelle-chaine-telegram-qui-revele-les-secrets-des-civilisations-et-des-phenomenes-inexpliques-zone-51\/\"><strong>Sun <mark style=\"background-color:rgba(0, 0, 0, 0)\" class=\"has-inline-color has-vivid-red-color\">Set Area<\/mark><\/strong><\/a>) \ud83d\udc7d \ud83e\udd1a<\/p>\n\n\n\n<figure class=\"wp-block-embed aligncenter is-type-video is-provider-youtube wp-block-embed-youtube wp-embed-aspect-16-9 wp-has-aspect-ratio\"><div class=\"wp-block-embed__wrapper\">\n<iframe  id=\"_ytid_43354\"  width=\"640\" height=\"360\"  data-origwidth=\"640\" data-origheight=\"360\" src=\"https:\/\/www.youtube.com\/embed\/QpaFvJ8Z-3w?enablejsapi=1&#038;autoplay=0&#038;cc_load_policy=0&#038;cc_lang_pref=&#038;iv_load_policy=1&#038;loop=0&#038;rel=1&#038;fs=1&#038;playsinline=0&#038;autohide=2&#038;theme=dark&#038;color=red&#038;controls=1&#038;disablekb=0&#038;\" class=\"__youtube_prefs__  epyt-is-override  no-lazyload\" title=\"YouTube player\"  allow=\"fullscreen; accelerometer; autoplay; clipboard-write; encrypted-media; gyroscope; picture-in-picture; web-share\" referrerpolicy=\"strict-origin-when-cross-origin\" allowfullscreen data-no-lazy=\"1\" data-skipgform_ajax_framebjll=\"\"><\/iframe>\n<\/div><figcaption class=\"wp-element-caption\">\ud83d\udd17 <a href=\"https:\/\/www.youtube.com\/watch?v=jYCFITCNiQo\">Sunset Area <\/a>[07:06 \u00a0\u00bb] | <strong>Profondita &amp; Astral Waves<\/strong><\/figcaption><\/figure>\n\n\n<div class=\"wp-block-post-author\"><div class=\"wp-block-post-author__avatar\"><img decoding=async data-opt-id=1391982141  fetchpriority=\"high\" alt='' src='\/\/www.gravatar.com\/avatar\/1f651b4ef1fc23d4d1601d6f2649258e?s=48&#038;r=g&#038;d=mm' srcset='\/\/www.gravatar.com\/avatar\/1f651b4ef1fc23d4d1601d6f2649258e?s=48&#038;r=g&#038;d=mm 2x' class='avatar avatar-48 photo' height='48' width='48' \/><\/div><div class=\"wp-block-post-author__content\"><p class=\"wp-block-post-author__byline\"><a href=\"http:\/\/planetactus.com\">Planetactus<\/a><\/p><p class=\"wp-block-post-author__name\">planetactus.com<\/p><\/div><\/div><div class=\"gsp_post_data\" \r\n\t            data-post_type=\"post\" \r\n\t            data-cat=\"a-la-une,international,leveil,mysteres,opinion,secrets-histoires\" \r\n\t            data-modified=\"120\"\r\n\t            data-created=\"1722456832\"\r\n\t            data-title=\"C\u00e9r\u00e9monie d\u2019ouverture des JO : Assassin\u2019s Creed, Quasimodo, \u00ab Jules et Jim \u00bb\u2026 Avez-vous Remarqu\u00e9 ces R\u00e9f\u00e9rences ?\" \r\n\t            data-home=\"https:\/\/planetactus.com\"><\/div>","protected":false},"excerpt":{"rendered":"<p> Gr\u00e2ce \u00e0 une technologie r\u00e9volutionnaire qui lib\u00e8re la m\u00e9moire g\u00e9n\u00e9tique, Callum Lynch revit les aventures de son anc\u00eatre Aguilar, dans l\u2019Espagne du XVe si\u00e8cle. Alors que Callum d\u00e9couvre qu\u2019il est issu d\u2019une myst\u00e9rieuse soci\u00e9t\u00e9 secr\u00e8te, les Assassins, il va assimiler les comp\u00e9tences dont il aura besoin pour affronter, dans le temps pr\u00e9sent, une autre redoutable organisation : l\u2019Ordre des Templiers<\/p>\n","protected":false},"author":1,"featured_media":1203,"comment_status":"open","ping_status":"open","sticky":false,"template":"","format":"standard","meta":{"_bbp_topic_count":0,"_bbp_reply_count":0,"_bbp_total_topic_count":0,"_bbp_total_reply_count":0,"_bbp_voice_count":0,"_bbp_anonymous_reply_count":0,"_bbp_topic_count_hidden":0,"_bbp_reply_count_hidden":0,"_bbp_forum_subforum_count":0,"fifu_image_url":"","fifu_image_alt":"","_jetpack_memberships_contains_paid_content":false,"footnotes":"","jetpack_publicize_message":"","jetpack_publicize_feature_enabled":true,"jetpack_social_post_already_shared":false,"jetpack_social_options":{"image_generator_settings":{"template":"highway","default_image_id":0,"font":"","enabled":false},"version":2}},"categories":[19,21,41,36,13,18],"tags":[],"class_list":["post-1198","post","type-post","status-publish","format-standard","has-post-thumbnail","hentry","category-a-la-une","category-international","category-leveil","category-mysteres","category-opinion","category-secrets-histoires"],"featured_image_src":"https:\/\/mlrdeoj2ejbf.i.optimole.com\/cb:mvHM.4ca\/w:auto\/h:auto\/q:mauto\/f:best\/https:\/\/i0.wp.com\/planetactus.com\/wp-content\/uploads\/2024\/07\/Assassins-Creed-Mirage_-Planet-Actus-IA.jpg?fit=1024%2C1024&ssl=1","author_info":{"display_name":"planetactus.com","author_link":"https:\/\/planetactus.com\/index.php\/author\/admin9861\/"},"yoast_head":"<!-- This site is optimized with the Yoast SEO plugin v27.5 - https:\/\/yoast.com\/product\/yoast-seo-wordpress\/ -->\n<title>C\u00e9r\u00e9monie d\u2019ouverture des JO : Assassin\u2019s Creed, Quasimodo, \u00ab Jules et Jim \u00bb\u2026 Avez-vous Remarqu\u00e9 ces R\u00e9f\u00e9rences ? -<\/title>\n<meta name=\"description\" content=\"Gr\u00e2ce \u00e0 une technologie r\u00e9volutionnaire qui lib\u00e8re la m\u00e9moire g\u00e9n\u00e9tique, Callum Lynch revit les aventures de son anc\u00eatre Aguilar, dans l\u2019Espagne du XVe si\u00e8cle. Alors que Callum d\u00e9couvre qu\u2019il est issu d\u2019une myst\u00e9rieuse soci\u00e9t\u00e9 secr\u00e8te, les Assassins, il va assimiler les comp\u00e9tences dont il aura besoin pour affronter, dans le temps pr\u00e9sent, une autre redoutable organisation : l\u2019Ordre des Templiers\" class=\"yoast-seo-meta-tag\" \/>\n<meta name=\"robots\" content=\"index, follow, max-snippet:-1, max-image-preview:large, max-video-preview:-1\" \/>\n<link rel=\"canonical\" href=\"https:\/\/planetactus.com\/index.php\/2024\/07\/31\/ceremonie-douverture-des-jo-assassins-creed-quasimodo-jules-et-jim-avez-vous-remarque-ces-references\/\" class=\"yoast-seo-meta-tag\" \/>\n<meta property=\"og:locale\" content=\"fr_FR\" class=\"yoast-seo-meta-tag\" \/>\n<meta property=\"og:type\" content=\"article\" class=\"yoast-seo-meta-tag\" \/>\n<meta property=\"og:title\" content=\"C\u00e9r\u00e9monie d\u2019ouverture des JO : Assassin\u2019s Creed, Quasimodo, \u00ab Jules et Jim \u00bb\u2026 Avez-vous Remarqu\u00e9 ces R\u00e9f\u00e9rences ?\" class=\"yoast-seo-meta-tag\" \/>\n<meta property=\"og:description\" content=\"Gr\u00e2ce \u00e0 une technologie r\u00e9volutionnaire qui lib\u00e8re la m\u00e9moire g\u00e9n\u00e9tique, Callum Lynch revit les aventures de son anc\u00eatre Aguilar, dans l\u2019Espagne du XVe si\u00e8cle. Alors que Callum d\u00e9couvre qu\u2019il est issu d\u2019une myst\u00e9rieuse soci\u00e9t\u00e9 secr\u00e8te, les Assassins, il va assimiler les comp\u00e9tences dont il aura besoin pour affronter, dans le temps pr\u00e9sent, une autre redoutable organisation : l\u2019Ordre des Templiers\" class=\"yoast-seo-meta-tag\" \/>\n<meta property=\"og:url\" content=\"https:\/\/planetactus.com\/index.php\/2024\/07\/31\/ceremonie-douverture-des-jo-assassins-creed-quasimodo-jules-et-jim-avez-vous-remarque-ces-references\/\" class=\"yoast-seo-meta-tag\" \/>\n<meta property=\"article:publisher\" content=\"https:\/\/www.facebook.com\/profile.php?id=61561620320740\" class=\"yoast-seo-meta-tag\" \/>\n<meta property=\"article:author\" content=\"https:\/\/www.facebook.com\/profile.php?id=61561620320740\" class=\"yoast-seo-meta-tag\" \/>\n<meta property=\"article:published_time\" content=\"2024-07-31T18:13:52+00:00\" class=\"yoast-seo-meta-tag\" \/>\n<meta property=\"article:modified_time\" content=\"2026-01-16T22:34:54+00:00\" class=\"yoast-seo-meta-tag\" \/>\n<meta property=\"og:image\" content=\"https:\/\/mlrdeoj2ejbf.i.optimole.com\/cb:mvHM.4ca\/w:auto\/h:auto\/q:mauto\/f:best\/http:\/\/planetactus.com\/wp-content\/uploads\/2024\/07\/Assassins-Creed-Mirage_-Planet-Actus-IA.jpg\" class=\"yoast-seo-meta-tag\" \/>\n\t<meta property=\"og:image:width\" content=\"1024\" class=\"yoast-seo-meta-tag\" \/>\n\t<meta property=\"og:image:height\" content=\"1024\" class=\"yoast-seo-meta-tag\" \/>\n\t<meta property=\"og:image:type\" content=\"image\/jpeg\" class=\"yoast-seo-meta-tag\" \/>\n<meta name=\"author\" content=\"planetactus.com\" class=\"yoast-seo-meta-tag\" \/>\n<meta name=\"twitter:card\" content=\"summary_large_image\" class=\"yoast-seo-meta-tag\" \/>\n<meta name=\"twitter:title\" content=\"C\u00e9r\u00e9monie d\u2019ouverture des JO : Assassin\u2019s Creed, Quasimodo, \u00ab Jules et Jim \u00bb\u2026 Avez-vous Remarqu\u00e9 ces R\u00e9f\u00e9rences ?\" class=\"yoast-seo-meta-tag\" \/>\n<meta name=\"twitter:description\" content=\"Gr\u00e2ce \u00e0 une technologie r\u00e9volutionnaire qui lib\u00e8re la m\u00e9moire g\u00e9n\u00e9tique, Callum Lynch revit les aventures de son anc\u00eatre Aguilar, dans l\u2019Espagne du XVe si\u00e8cle. Alors que Callum d\u00e9couvre qu\u2019il est issu d\u2019une myst\u00e9rieuse soci\u00e9t\u00e9 secr\u00e8te, les Assassins, il va assimiler les comp\u00e9tences dont il aura besoin pour affronter, dans le temps pr\u00e9sent, une autre redoutable organisation : l\u2019Ordre des Templiers\" class=\"yoast-seo-meta-tag\" \/>\n<meta name=\"twitter:image\" content=\"https:\/\/mlrdeoj2ejbf.i.optimole.com\/cb:mvHM.4ca\/w:auto\/h:auto\/q:mauto\/f:best\/https:\/\/i0.wp.com\/planetactus.com\/wp-content\/uploads\/2024\/07\/Assassins-Creed-Mirage_-Planet-Actus-IA.jpg?fit=1024%2C1024&ssl=1\" class=\"yoast-seo-meta-tag\" \/>\n<meta name=\"twitter:creator\" content=\"@https:\/\/x.com\/PlanetActus\" class=\"yoast-seo-meta-tag\" \/>\n<meta name=\"twitter:site\" content=\"@PlanetActus\" class=\"yoast-seo-meta-tag\" \/>\n<meta name=\"twitter:label1\" content=\"\u00c9crit par\" class=\"yoast-seo-meta-tag\" \/>\n\t<meta name=\"twitter:data1\" content=\"planetactus.com\" class=\"yoast-seo-meta-tag\" \/>\n\t<meta name=\"twitter:label2\" content=\"Dur\u00e9e de lecture estim\u00e9e\" class=\"yoast-seo-meta-tag\" \/>\n\t<meta name=\"twitter:data2\" content=\"6 minutes\" class=\"yoast-seo-meta-tag\" \/>\n<script type=\"application\/ld+json\" class=\"yoast-schema-graph\">{\"@context\":\"https:\\\/\\\/schema.org\",\"@graph\":[{\"@type\":\"Article\",\"@id\":\"https:\\\/\\\/planetactus.com\\\/index.php\\\/2024\\\/07\\\/31\\\/ceremonie-douverture-des-jo-assassins-creed-quasimodo-jules-et-jim-avez-vous-remarque-ces-references\\\/#article\",\"isPartOf\":{\"@id\":\"https:\\\/\\\/planetactus.com\\\/index.php\\\/2024\\\/07\\\/31\\\/ceremonie-douverture-des-jo-assassins-creed-quasimodo-jules-et-jim-avez-vous-remarque-ces-references\\\/\"},\"author\":{\"name\":\"planetactus.com\",\"@id\":\"https:\\\/\\\/planetactus.com\\\/#\\\/schema\\\/person\\\/fbb75ac73a2424d2e176d31b021372a4\"},\"headline\":\"C\u00e9r\u00e9monie d\u2019ouverture des JO : Assassin\u2019s Creed, Quasimodo, \u00ab Jules et Jim \u00bb\u2026 Avez-vous Remarqu\u00e9 ces R\u00e9f\u00e9rences ?\",\"datePublished\":\"2024-07-31T18:13:52+00:00\",\"dateModified\":\"2026-01-16T22:34:54+00:00\",\"mainEntityOfPage\":{\"@id\":\"https:\\\/\\\/planetactus.com\\\/index.php\\\/2024\\\/07\\\/31\\\/ceremonie-douverture-des-jo-assassins-creed-quasimodo-jules-et-jim-avez-vous-remarque-ces-references\\\/\"},\"wordCount\":1290,\"commentCount\":0,\"publisher\":{\"@id\":\"https:\\\/\\\/planetactus.com\\\/#\\\/schema\\\/person\\\/fbb75ac73a2424d2e176d31b021372a4\"},\"image\":{\"@id\":\"https:\\\/\\\/planetactus.com\\\/index.php\\\/2024\\\/07\\\/31\\\/ceremonie-douverture-des-jo-assassins-creed-quasimodo-jules-et-jim-avez-vous-remarque-ces-references\\\/#primaryimage\"},\"thumbnailUrl\":\"https:\\/\\/i0.wp.com\\/planetactus.com\\/wp-content\\/uploads\\/2024\\/07\\/Assassins-Creed-Mirage_-Planet-Actus-IA.jpg?fit=1024%2C1024&ssl=1\",\"articleSection\":[\"A la Une\",\"International\",\"L'Eveil\",\"Myst\u00e8res\",\"Opinion\",\"Secrets &amp; Histoires\"],\"inLanguage\":\"fr-FR\",\"potentialAction\":[{\"@type\":\"CommentAction\",\"name\":\"Comment\",\"target\":[\"https:\\\/\\\/planetactus.com\\\/index.php\\\/2024\\\/07\\\/31\\\/ceremonie-douverture-des-jo-assassins-creed-quasimodo-jules-et-jim-avez-vous-remarque-ces-references\\\/#respond\"]}]},{\"@type\":\"WebPage\",\"@id\":\"https:\\\/\\\/planetactus.com\\\/index.php\\\/2024\\\/07\\\/31\\\/ceremonie-douverture-des-jo-assassins-creed-quasimodo-jules-et-jim-avez-vous-remarque-ces-references\\\/\",\"url\":\"https:\\\/\\\/planetactus.com\\\/index.php\\\/2024\\\/07\\\/31\\\/ceremonie-douverture-des-jo-assassins-creed-quasimodo-jules-et-jim-avez-vous-remarque-ces-references\\\/\",\"name\":\"C\u00e9r\u00e9monie d\u2019ouverture des JO : Assassin\u2019s Creed, Quasimodo, \u00ab Jules et Jim \u00bb\u2026 Avez-vous Remarqu\u00e9 ces R\u00e9f\u00e9rences ? -\",\"isPartOf\":{\"@id\":\"https:\\\/\\\/planetactus.com\\\/#website\"},\"primaryImageOfPage\":{\"@id\":\"https:\\\/\\\/planetactus.com\\\/index.php\\\/2024\\\/07\\\/31\\\/ceremonie-douverture-des-jo-assassins-creed-quasimodo-jules-et-jim-avez-vous-remarque-ces-references\\\/#primaryimage\"},\"image\":{\"@id\":\"https:\\\/\\\/planetactus.com\\\/index.php\\\/2024\\\/07\\\/31\\\/ceremonie-douverture-des-jo-assassins-creed-quasimodo-jules-et-jim-avez-vous-remarque-ces-references\\\/#primaryimage\"},\"thumbnailUrl\":\"https:\\/\\/i0.wp.com\\/planetactus.com\\/wp-content\\/uploads\\/2024\\/07\\/Assassins-Creed-Mirage_-Planet-Actus-IA.jpg?fit=1024%2C1024&ssl=1\",\"datePublished\":\"2024-07-31T18:13:52+00:00\",\"dateModified\":\"2026-01-16T22:34:54+00:00\",\"description\":\"Gr\u00e2ce \u00e0 une technologie r\u00e9volutionnaire qui lib\u00e8re la m\u00e9moire g\u00e9n\u00e9tique, Callum Lynch revit les aventures de son anc\u00eatre Aguilar, dans l\u2019Espagne du XVe si\u00e8cle. Alors que Callum d\u00e9couvre qu\u2019il est issu d\u2019une myst\u00e9rieuse soci\u00e9t\u00e9 secr\u00e8te, les Assassins, il va assimiler les comp\u00e9tences dont il aura besoin pour affronter, dans le temps pr\u00e9sent, une autre redoutable organisation : l\u2019Ordre des Templiers\",\"breadcrumb\":{\"@id\":\"https:\\\/\\\/planetactus.com\\\/index.php\\\/2024\\\/07\\\/31\\\/ceremonie-douverture-des-jo-assassins-creed-quasimodo-jules-et-jim-avez-vous-remarque-ces-references\\\/#breadcrumb\"},\"inLanguage\":\"fr-FR\",\"potentialAction\":[{\"@type\":\"ReadAction\",\"target\":[\"https:\\\/\\\/planetactus.com\\\/index.php\\\/2024\\\/07\\\/31\\\/ceremonie-douverture-des-jo-assassins-creed-quasimodo-jules-et-jim-avez-vous-remarque-ces-references\\\/\"]}]},{\"@type\":\"ImageObject\",\"inLanguage\":\"fr-FR\",\"@id\":\"https:\\\/\\\/planetactus.com\\\/index.php\\\/2024\\\/07\\\/31\\\/ceremonie-douverture-des-jo-assassins-creed-quasimodo-jules-et-jim-avez-vous-remarque-ces-references\\\/#primaryimage\",\"url\":\"https:\\/\\/i0.wp.com\\/planetactus.com\\/wp-content\\/uploads\\/2024\\/07\\/Assassins-Creed-Mirage_-Planet-Actus-IA.jpg?fit=1024%2C1024&ssl=1\",\"contentUrl\":\"https:\\/\\/i0.wp.com\\/planetactus.com\\/wp-content\\/uploads\\/2024\\/07\\/Assassins-Creed-Mirage_-Planet-Actus-IA.jpg?fit=1024%2C1024&ssl=1\",\"width\":1024,\"height\":1024,\"caption\":\"Assassins-Creed-Mirage_-Planet-Actus-IA.jpg\"},{\"@type\":\"BreadcrumbList\",\"@id\":\"https:\\\/\\\/planetactus.com\\\/index.php\\\/2024\\\/07\\\/31\\\/ceremonie-douverture-des-jo-assassins-creed-quasimodo-jules-et-jim-avez-vous-remarque-ces-references\\\/#breadcrumb\",\"itemListElement\":[{\"@type\":\"ListItem\",\"position\":1,\"name\":\"Accueil\",\"item\":\"https:\\\/\\\/planetactus.com\\\/\"},{\"@type\":\"ListItem\",\"position\":2,\"name\":\"C\u00e9r\u00e9monie d\u2019ouverture des JO : Assassin\u2019s Creed, Quasimodo, \u00ab Jules et Jim \u00bb\u2026 Avez-vous Remarqu\u00e9 ces R\u00e9f\u00e9rences ?\"}]},{\"@type\":\"WebSite\",\"@id\":\"https:\\\/\\\/planetactus.com\\\/#website\",\"url\":\"https:\\\/\\\/planetactus.com\\\/\",\"name\":\"PLANET ACTUS\",\"description\":\"PLANET ACTUS\",\"publisher\":{\"@id\":\"https:\\\/\\\/planetactus.com\\\/#\\\/schema\\\/person\\\/fbb75ac73a2424d2e176d31b021372a4\"},\"potentialAction\":[{\"@type\":\"SearchAction\",\"target\":{\"@type\":\"EntryPoint\",\"urlTemplate\":\"https:\\\/\\\/planetactus.com\\\/?s={search_term_string}\"},\"query-input\":{\"@type\":\"PropertyValueSpecification\",\"valueRequired\":true,\"valueName\":\"search_term_string\"}}],\"inLanguage\":\"fr-FR\"},{\"@type\":[\"Person\",\"Organization\"],\"@id\":\"https:\\\/\\\/planetactus.com\\\/#\\\/schema\\\/person\\\/fbb75ac73a2424d2e176d31b021372a4\",\"name\":\"planetactus.com\",\"image\":{\"@type\":\"ImageObject\",\"inLanguage\":\"fr-FR\",\"@id\":\"https:\\/\\/i0.wp.com\\/planetactus.com\\/wp-content\\/uploads\\/2024\\/07\\/cropped-2-Planet-Actus-Banniere-02a.jpg?fit=1189%2C365&ssl=1\",\"url\":\"https:\\/\\/i0.wp.com\\/planetactus.com\\/wp-content\\/uploads\\/2024\\/07\\/cropped-2-Planet-Actus-Banniere-02a.jpg?fit=1189%2C365&ssl=1\",\"contentUrl\":\"https:\\/\\/i0.wp.com\\/planetactus.com\\/wp-content\\/uploads\\/2024\\/07\\/cropped-2-Planet-Actus-Banniere-02a.jpg?fit=1189%2C365&ssl=1\",\"width\":1189,\"height\":365,\"caption\":\"planetactus.com\"},\"logo\":{\"@id\":\"https:\\/\\/i0.wp.com\\/planetactus.com\\/wp-content\\/uploads\\/2024\\/07\\/cropped-2-Planet-Actus-Banniere-02a.jpg?fit=1189%2C365&ssl=1\"},\"sameAs\":[\"http:\\\/\\\/planetactus.com\",\"https:\\\/\\\/www.facebook.com\\\/profile.php?id=61561620320740\",\"https:\\\/\\\/x.com\\\/https:\\\/\\\/x.com\\\/PlanetActus\",\"https:\\\/\\\/www.youtube.com\\\/@PlanetActus\"],\"url\":\"https:\\\/\\\/planetactus.com\\\/index.php\\\/author\\\/admin9861\\\/\"}]}<\/script>\n<!-- \/ Yoast SEO plugin. -->","yoast_head_json":{"title":"C\u00e9r\u00e9monie d\u2019ouverture des JO : Assassin\u2019s Creed, Quasimodo, \u00ab Jules et Jim \u00bb\u2026 Avez-vous Remarqu\u00e9 ces R\u00e9f\u00e9rences ? -","description":"Gr\u00e2ce \u00e0 une technologie r\u00e9volutionnaire qui lib\u00e8re la m\u00e9moire g\u00e9n\u00e9tique, Callum Lynch revit les aventures de son anc\u00eatre Aguilar, dans l\u2019Espagne du XVe si\u00e8cle. Alors que Callum d\u00e9couvre qu\u2019il est issu d\u2019une myst\u00e9rieuse soci\u00e9t\u00e9 secr\u00e8te, les Assassins, il va assimiler les comp\u00e9tences dont il aura besoin pour affronter, dans le temps pr\u00e9sent, une autre redoutable organisation : l\u2019Ordre des Templiers","robots":{"index":"index","follow":"follow","max-snippet":"max-snippet:-1","max-image-preview":"max-image-preview:large","max-video-preview":"max-video-preview:-1"},"canonical":"https:\/\/planetactus.com\/index.php\/2024\/07\/31\/ceremonie-douverture-des-jo-assassins-creed-quasimodo-jules-et-jim-avez-vous-remarque-ces-references\/","og_locale":"fr_FR","og_type":"article","og_title":"C\u00e9r\u00e9monie d\u2019ouverture des JO : Assassin\u2019s Creed, Quasimodo, \u00ab Jules et Jim \u00bb\u2026 Avez-vous Remarqu\u00e9 ces R\u00e9f\u00e9rences ?","og_description":"Gr\u00e2ce \u00e0 une technologie r\u00e9volutionnaire qui lib\u00e8re la m\u00e9moire g\u00e9n\u00e9tique, Callum Lynch revit les aventures de son anc\u00eatre Aguilar, dans l\u2019Espagne du XVe si\u00e8cle. Alors que Callum d\u00e9couvre qu\u2019il est issu d\u2019une myst\u00e9rieuse soci\u00e9t\u00e9 secr\u00e8te, les Assassins, il va assimiler les comp\u00e9tences dont il aura besoin pour affronter, dans le temps pr\u00e9sent, une autre redoutable organisation : l\u2019Ordre des Templiers","og_url":"https:\/\/planetactus.com\/index.php\/2024\/07\/31\/ceremonie-douverture-des-jo-assassins-creed-quasimodo-jules-et-jim-avez-vous-remarque-ces-references\/","article_publisher":"https:\/\/www.facebook.com\/profile.php?id=61561620320740","article_author":"https:\/\/www.facebook.com\/profile.php?id=61561620320740","article_published_time":"2024-07-31T18:13:52+00:00","article_modified_time":"2026-01-16T22:34:54+00:00","og_image":[{"width":1024,"height":1024,"url":"https:\/\/mlrdeoj2ejbf.i.optimole.com\/cb:mvHM.4ca\/w:auto\/h:auto\/q:mauto\/f:best\/http:\/\/planetactus.com\/wp-content\/uploads\/2024\/07\/Assassins-Creed-Mirage_-Planet-Actus-IA.jpg","type":"image\/jpeg"}],"author":"planetactus.com","twitter_card":"summary_large_image","twitter_title":"C\u00e9r\u00e9monie d\u2019ouverture des JO : Assassin\u2019s Creed, Quasimodo, \u00ab Jules et Jim \u00bb\u2026 Avez-vous Remarqu\u00e9 ces R\u00e9f\u00e9rences ?","twitter_description":"Gr\u00e2ce \u00e0 une technologie r\u00e9volutionnaire qui lib\u00e8re la m\u00e9moire g\u00e9n\u00e9tique, Callum Lynch revit les aventures de son anc\u00eatre Aguilar, dans l\u2019Espagne du XVe si\u00e8cle. Alors que Callum d\u00e9couvre qu\u2019il est issu d\u2019une myst\u00e9rieuse soci\u00e9t\u00e9 secr\u00e8te, les Assassins, il va assimiler les comp\u00e9tences dont il aura besoin pour affronter, dans le temps pr\u00e9sent, une autre redoutable organisation : l\u2019Ordre des Templiers","twitter_image":"https:\/\/mlrdeoj2ejbf.i.optimole.com\/cb:mvHM.4ca\/w:auto\/h:auto\/q:mauto\/f:best\/https:\/\/i0.wp.com\/planetactus.com\/wp-content\/uploads\/2024\/07\/Assassins-Creed-Mirage_-Planet-Actus-IA.jpg?fit=1024%2C1024&ssl=1","twitter_creator":"@https:\/\/x.com\/PlanetActus","twitter_site":"@PlanetActus","twitter_misc":{"\u00c9crit par":"planetactus.com","Dur\u00e9e de lecture estim\u00e9e":"6 minutes"},"schema":{"@context":"https:\/\/schema.org","@graph":[{"@type":"Article","@id":"https:\/\/planetactus.com\/index.php\/2024\/07\/31\/ceremonie-douverture-des-jo-assassins-creed-quasimodo-jules-et-jim-avez-vous-remarque-ces-references\/#article","isPartOf":{"@id":"https:\/\/planetactus.com\/index.php\/2024\/07\/31\/ceremonie-douverture-des-jo-assassins-creed-quasimodo-jules-et-jim-avez-vous-remarque-ces-references\/"},"author":{"name":"planetactus.com","@id":"https:\/\/planetactus.com\/#\/schema\/person\/fbb75ac73a2424d2e176d31b021372a4"},"headline":"C\u00e9r\u00e9monie d\u2019ouverture des JO : Assassin\u2019s Creed, Quasimodo, \u00ab Jules et Jim \u00bb\u2026 Avez-vous Remarqu\u00e9 ces R\u00e9f\u00e9rences ?","datePublished":"2024-07-31T18:13:52+00:00","dateModified":"2026-01-16T22:34:54+00:00","mainEntityOfPage":{"@id":"https:\/\/planetactus.com\/index.php\/2024\/07\/31\/ceremonie-douverture-des-jo-assassins-creed-quasimodo-jules-et-jim-avez-vous-remarque-ces-references\/"},"wordCount":1290,"commentCount":0,"publisher":{"@id":"https:\/\/planetactus.com\/#\/schema\/person\/fbb75ac73a2424d2e176d31b021372a4"},"image":{"@id":"https:\/\/planetactus.com\/index.php\/2024\/07\/31\/ceremonie-douverture-des-jo-assassins-creed-quasimodo-jules-et-jim-avez-vous-remarque-ces-references\/#primaryimage"},"thumbnailUrl":"https:\/\/mlrdeoj2ejbf.i.optimole.com\/cb:mvHM.4ca\/w:auto\/h:auto\/q:mauto\/f:best\/https:\/\/i0.wp.com\/planetactus.com\/wp-content\/uploads\/2024\/07\/Assassins-Creed-Mirage_-Planet-Actus-IA.jpg?fit=1024%2C1024&ssl=1","articleSection":["A la Une","International","L'Eveil","Myst\u00e8res","Opinion","Secrets &amp; Histoires"],"inLanguage":"fr-FR","potentialAction":[{"@type":"CommentAction","name":"Comment","target":["https:\/\/planetactus.com\/index.php\/2024\/07\/31\/ceremonie-douverture-des-jo-assassins-creed-quasimodo-jules-et-jim-avez-vous-remarque-ces-references\/#respond"]}]},{"@type":"WebPage","@id":"https:\/\/planetactus.com\/index.php\/2024\/07\/31\/ceremonie-douverture-des-jo-assassins-creed-quasimodo-jules-et-jim-avez-vous-remarque-ces-references\/","url":"https:\/\/planetactus.com\/index.php\/2024\/07\/31\/ceremonie-douverture-des-jo-assassins-creed-quasimodo-jules-et-jim-avez-vous-remarque-ces-references\/","name":"C\u00e9r\u00e9monie d\u2019ouverture des JO : Assassin\u2019s Creed, Quasimodo, \u00ab Jules et Jim \u00bb\u2026 Avez-vous Remarqu\u00e9 ces R\u00e9f\u00e9rences ? -","isPartOf":{"@id":"https:\/\/planetactus.com\/#website"},"primaryImageOfPage":{"@id":"https:\/\/planetactus.com\/index.php\/2024\/07\/31\/ceremonie-douverture-des-jo-assassins-creed-quasimodo-jules-et-jim-avez-vous-remarque-ces-references\/#primaryimage"},"image":{"@id":"https:\/\/planetactus.com\/index.php\/2024\/07\/31\/ceremonie-douverture-des-jo-assassins-creed-quasimodo-jules-et-jim-avez-vous-remarque-ces-references\/#primaryimage"},"thumbnailUrl":"https:\/\/mlrdeoj2ejbf.i.optimole.com\/cb:mvHM.4ca\/w:auto\/h:auto\/q:mauto\/f:best\/https:\/\/i0.wp.com\/planetactus.com\/wp-content\/uploads\/2024\/07\/Assassins-Creed-Mirage_-Planet-Actus-IA.jpg?fit=1024%2C1024&ssl=1","datePublished":"2024-07-31T18:13:52+00:00","dateModified":"2026-01-16T22:34:54+00:00","description":"Gr\u00e2ce \u00e0 une technologie r\u00e9volutionnaire qui lib\u00e8re la m\u00e9moire g\u00e9n\u00e9tique, Callum Lynch revit les aventures de son anc\u00eatre Aguilar, dans l\u2019Espagne du XVe si\u00e8cle. Alors que Callum d\u00e9couvre qu\u2019il est issu d\u2019une myst\u00e9rieuse soci\u00e9t\u00e9 secr\u00e8te, les Assassins, il va assimiler les comp\u00e9tences dont il aura besoin pour affronter, dans le temps pr\u00e9sent, une autre redoutable organisation : l\u2019Ordre des Templiers","breadcrumb":{"@id":"https:\/\/planetactus.com\/index.php\/2024\/07\/31\/ceremonie-douverture-des-jo-assassins-creed-quasimodo-jules-et-jim-avez-vous-remarque-ces-references\/#breadcrumb"},"inLanguage":"fr-FR","potentialAction":[{"@type":"ReadAction","target":["https:\/\/planetactus.com\/index.php\/2024\/07\/31\/ceremonie-douverture-des-jo-assassins-creed-quasimodo-jules-et-jim-avez-vous-remarque-ces-references\/"]}]},{"@type":"ImageObject","inLanguage":"fr-FR","@id":"https:\/\/planetactus.com\/index.php\/2024\/07\/31\/ceremonie-douverture-des-jo-assassins-creed-quasimodo-jules-et-jim-avez-vous-remarque-ces-references\/#primaryimage","url":"https:\/\/mlrdeoj2ejbf.i.optimole.com\/cb:mvHM.4ca\/w:auto\/h:auto\/q:mauto\/f:best\/https:\/\/i0.wp.com\/planetactus.com\/wp-content\/uploads\/2024\/07\/Assassins-Creed-Mirage_-Planet-Actus-IA.jpg?fit=1024%2C1024&ssl=1","contentUrl":"https:\/\/mlrdeoj2ejbf.i.optimole.com\/cb:mvHM.4ca\/w:auto\/h:auto\/q:mauto\/f:best\/https:\/\/i0.wp.com\/planetactus.com\/wp-content\/uploads\/2024\/07\/Assassins-Creed-Mirage_-Planet-Actus-IA.jpg?fit=1024%2C1024&ssl=1","width":1024,"height":1024,"caption":"Assassins-Creed-Mirage_-Planet-Actus-IA.jpg"},{"@type":"BreadcrumbList","@id":"https:\/\/planetactus.com\/index.php\/2024\/07\/31\/ceremonie-douverture-des-jo-assassins-creed-quasimodo-jules-et-jim-avez-vous-remarque-ces-references\/#breadcrumb","itemListElement":[{"@type":"ListItem","position":1,"name":"Accueil","item":"https:\/\/planetactus.com\/"},{"@type":"ListItem","position":2,"name":"C\u00e9r\u00e9monie d\u2019ouverture des JO : Assassin\u2019s Creed, Quasimodo, \u00ab Jules et Jim \u00bb\u2026 Avez-vous Remarqu\u00e9 ces R\u00e9f\u00e9rences ?"}]},{"@type":"WebSite","@id":"https:\/\/planetactus.com\/#website","url":"https:\/\/planetactus.com\/","name":"PLANET ACTUS","description":"PLANET ACTUS","publisher":{"@id":"https:\/\/planetactus.com\/#\/schema\/person\/fbb75ac73a2424d2e176d31b021372a4"},"potentialAction":[{"@type":"SearchAction","target":{"@type":"EntryPoint","urlTemplate":"https:\/\/planetactus.com\/?s={search_term_string}"},"query-input":{"@type":"PropertyValueSpecification","valueRequired":true,"valueName":"search_term_string"}}],"inLanguage":"fr-FR"},{"@type":["Person","Organization"],"@id":"https:\/\/planetactus.com\/#\/schema\/person\/fbb75ac73a2424d2e176d31b021372a4","name":"planetactus.com","image":{"@type":"ImageObject","inLanguage":"fr-FR","@id":"https:\/\/mlrdeoj2ejbf.i.optimole.com\/cb:mvHM.4ca\/w:auto\/h:auto\/q:mauto\/f:best\/https:\/\/i0.wp.com\/planetactus.com\/wp-content\/uploads\/2024\/07\/cropped-2-Planet-Actus-Banniere-02a.jpg?fit=1189%2C365&ssl=1","url":"https:\/\/mlrdeoj2ejbf.i.optimole.com\/cb:mvHM.4ca\/w:auto\/h:auto\/q:mauto\/f:best\/https:\/\/i0.wp.com\/planetactus.com\/wp-content\/uploads\/2024\/07\/cropped-2-Planet-Actus-Banniere-02a.jpg?fit=1189%2C365&ssl=1","contentUrl":"https:\/\/mlrdeoj2ejbf.i.optimole.com\/cb:mvHM.4ca\/w:auto\/h:auto\/q:mauto\/f:best\/https:\/\/i0.wp.com\/planetactus.com\/wp-content\/uploads\/2024\/07\/cropped-2-Planet-Actus-Banniere-02a.jpg?fit=1189%2C365&ssl=1","width":1189,"height":365,"caption":"planetactus.com"},"logo":{"@id":"https:\/\/mlrdeoj2ejbf.i.optimole.com\/cb:mvHM.4ca\/w:auto\/h:auto\/q:mauto\/f:best\/https:\/\/i0.wp.com\/planetactus.com\/wp-content\/uploads\/2024\/07\/cropped-2-Planet-Actus-Banniere-02a.jpg?fit=1189%2C365&ssl=1"},"sameAs":["http:\/\/planetactus.com","https:\/\/www.facebook.com\/profile.php?id=61561620320740","https:\/\/x.com\/https:\/\/x.com\/PlanetActus","https:\/\/www.youtube.com\/@PlanetActus"],"url":"https:\/\/planetactus.com\/index.php\/author\/admin9861\/"}]}},"jetpack_publicize_connections":[],"jetpack_featured_media_url":"https:\/\/mlrdeoj2ejbf.i.optimole.com\/cb:mvHM.4ca\/w:auto\/h:auto\/q:mauto\/f:best\/https:\/\/i0.wp.com\/planetactus.com\/wp-content\/uploads\/2024\/07\/Assassins-Creed-Mirage_-Planet-Actus-IA.jpg?fit=1024%2C1024&ssl=1","jetpack_sharing_enabled":true,"_links":{"self":[{"href":"https:\/\/planetactus.com\/index.php\/wp-json\/wp\/v2\/posts\/1198","targetHints":{"allow":["GET"]}}],"collection":[{"href":"https:\/\/planetactus.com\/index.php\/wp-json\/wp\/v2\/posts"}],"about":[{"href":"https:\/\/planetactus.com\/index.php\/wp-json\/wp\/v2\/types\/post"}],"author":[{"embeddable":true,"href":"https:\/\/planetactus.com\/index.php\/wp-json\/wp\/v2\/users\/1"}],"replies":[{"embeddable":true,"href":"https:\/\/planetactus.com\/index.php\/wp-json\/wp\/v2\/comments?post=1198"}],"version-history":[{"count":43,"href":"https:\/\/planetactus.com\/index.php\/wp-json\/wp\/v2\/posts\/1198\/revisions"}],"predecessor-version":[{"id":5382,"href":"https:\/\/planetactus.com\/index.php\/wp-json\/wp\/v2\/posts\/1198\/revisions\/5382"}],"wp:featuredmedia":[{"embeddable":true,"href":"https:\/\/planetactus.com\/index.php\/wp-json\/wp\/v2\/media\/1203"}],"wp:attachment":[{"href":"https:\/\/planetactus.com\/index.php\/wp-json\/wp\/v2\/media?parent=1198"}],"wp:term":[{"taxonomy":"category","embeddable":true,"href":"https:\/\/planetactus.com\/index.php\/wp-json\/wp\/v2\/categories?post=1198"},{"taxonomy":"post_tag","embeddable":true,"href":"https:\/\/planetactus.com\/index.php\/wp-json\/wp\/v2\/tags?post=1198"}],"curies":[{"name":"wp","href":"https:\/\/api.w.org\/{rel}","templated":true}]}}