{"id":1305,"date":"2024-08-13T10:18:23","date_gmt":"2024-08-13T08:18:23","guid":{"rendered":"https:\/\/planetactus.com\/?p=1305"},"modified":"2024-08-13T10:18:31","modified_gmt":"2024-08-13T08:18:31","slug":"rencontre-du-troisieme-type-a-claudio-quand-la-police-militaire-bresilienne-affronte-linexplicable","status":"publish","type":"post","link":"https:\/\/planetactus.com\/index.php\/2024\/08\/13\/rencontre-du-troisieme-type-a-claudio-quand-la-police-militaire-bresilienne-affronte-linexplicable\/","title":{"rendered":"Rencontre du Troisi\u00e8me Type \u00e0 Cl\u00e1udio : Quand la Police Militaire Br\u00e9silienne Affronte l&rsquo;Inexplicable."},"content":{"rendered":"\n<p>\ud83d\udccd <strong>Le Br\u00e9sil, terre de myst\u00e8res et de l\u00e9gendes, a \u00e9t\u00e9 le th\u00e9\u00e2tre en 2008 d&rsquo;un \u00e9v\u00e9nement qui continue de fasciner les passionn\u00e9s d&rsquo;ufologie : le \u00ab\u00a0cas de Cl\u00e1udio\u00a0\u00bb. Cette affaire, qui s&rsquo;est d\u00e9roul\u00e9e dans la petite ville de Cl\u00e1udio, dans l&rsquo;\u00c9tat du Minas Gerais, met en sc\u00e8ne des protagonistes peu communs dans ce genre d&rsquo;histoires : des policiers militaires br\u00e9siliens. \ud83e\ude96&nbsp;<\/strong><\/p>\n\n\n\n<p><strong>L&rsquo;incident a d\u00e9but\u00e9 lorsque ces agents, form\u00e9s pour faire face \u00e0 toutes sortes de situations, se sont retrouv\u00e9s confront\u00e9s \u00e0 des ph\u00e9nom\u00e8nes d\u00e9fiant leur compr\u00e9hension. Des lumi\u00e8res \u00e9tranges dansant dans le ciel nocturne, des objets volants non identifi\u00e9s (OVNIs) effectuant des man\u0153uvres impossibles pour nos technologies actuelles, et plus troublant encore, des rencontres rapproch\u00e9es avec des entit\u00e9s humano\u00efdes brillantes.<\/strong><\/p>\n\n\n\n<p><strong>Ce qui rend ce cas particuli\u00e8rement intrigant, c&rsquo;est l&rsquo;effet que ces ph\u00e9nom\u00e8nes ont eu sur les policiers<\/strong>. Selon les t\u00e9moignages, ces rencontres ont non seulement affect\u00e9 leurs perceptions, mais aussi leur \u00e9tat physique. <strong>Comment expliquer que des hommes entra\u00een\u00e9s et rationnels puissent \u00eatre si profond\u00e9ment marqu\u00e9s par ces exp\u00e9riences ?<\/strong><\/p>\n\n\n\n<p>L&rsquo;affaire de Cl\u00e1udio ne se r\u00e9sume pas \u00e0 de simples t\u00e9moignages oraux. <strong>Elle est \u00e9tay\u00e9e par une documentation solide, comprenant des photographies et des rapports d\u00e9taill\u00e9s. Ces preuves tangibles font de cet incident l&rsquo;un des cas d&rsquo;observation d&rsquo;OVNIs les plus significatifs de l&rsquo;histoire du Br\u00e9sil.<\/strong><\/p>\n\n\n\n<p><strong>Que s&rsquo;est-il r\u00e9ellement pass\u00e9 cette nuit-l\u00e0 \u00e0 Cl\u00e1udio ?<\/strong> Les policiers ont-ils \u00e9t\u00e9 victimes d&rsquo;une hallucination collective ou ont-ils vraiment \u00e9t\u00e9 t\u00e9moins de quelque chose qui d\u00e9passe notre compr\u00e9hension actuelle de l&rsquo;univers ? Le myst\u00e8re reste entier, mais une chose est s\u00fbre : le \u00ab\u00a0cas de Cl\u00e1udio\u00a0\u00bb continue d&rsquo;alimenter les d\u00e9bats et les recherches dans le domaine de l&rsquo;ufologie.<\/p>\n\n\n\n<p>Pour ceux qui souhaitent plonger plus profond\u00e9ment dans les d\u00e9tails de cette <strong>affaire fascinante<\/strong>, une ressource pr\u00e9cieuse est disponible. Le site UAP Brazil offre une analyse approfondie du cas, accessible via ce <a href=\"https:\/\/uapbrazil-com.translate.goog\/claudio-case\/?_x_tr_sl=auto&amp;_x_tr_tl=fr&amp;_x_tr_hl=fr&amp;_x_tr_pto=wapp\"><mark style=\"background-color:rgba(0, 0, 0, 0)\" class=\"has-inline-color has-vivid-red-color\"><strong>lien<\/strong><\/mark><\/a> : [Uap Brazil]<\/p>\n\n\n\n<p>Que vous soyez sceptique ou ouvert \u00e0 l&rsquo;id\u00e9e d&rsquo;une pr\u00e9sence extraterrestre, le \u00ab\u00a0cas de Cl\u00e1udio\u00a0\u00bb nous rappelle que notre monde rec\u00e8le encore bien des myst\u00e8res \u00e0 explorer. \ud83d\udc7d&nbsp;&nbsp;<\/p>\n\n\n\n<p>\ud83d\udca1<span style=\"text-decoration: underline;\">Voici quelques liens et sources en rapport avec le sujet abord\u00e9<\/span> :<\/p>\n\n\n\n<p><strong>1. L&rsquo;incident de Rendlesham Forest (1980, Royaume-Uni)<\/strong>. \ud83c\udfa5 (36:26)<\/p>\n\n\n\n<p>\u25a0 <strong>[Rendlesham Forest Incident: A Military Mystery] &#8211; Un documentaire d\u00e9taillant les t\u00e9moignages des militaires am\u00e9ricains.<\/strong><\/p>\n\n\n\n<figure class=\"wp-block-embed aligncenter is-type-video is-provider-youtube wp-block-embed-youtube wp-embed-aspect-16-9 wp-has-aspect-ratio\"><div class=\"wp-block-embed__wrapper\">\n<iframe  id=\"_ytid_15492\"  width=\"640\" height=\"360\"  data-origwidth=\"640\" data-origheight=\"360\" src=\"https:\/\/www.youtube.com\/embed\/khOo9uvr5_s?enablejsapi=1&#038;autoplay=0&#038;cc_load_policy=0&#038;cc_lang_pref=&#038;iv_load_policy=1&#038;loop=0&#038;rel=1&#038;fs=1&#038;playsinline=0&#038;autohide=2&#038;theme=dark&#038;color=red&#038;controls=1&#038;disablekb=0&#038;\" class=\"__youtube_prefs__  epyt-is-override  no-lazyload\" title=\"YouTube player\"  allow=\"fullscreen; accelerometer; autoplay; clipboard-write; encrypted-media; gyroscope; picture-in-picture; web-share\" referrerpolicy=\"strict-origin-when-cross-origin\" allowfullscreen data-no-lazy=\"1\" data-skipgform_ajax_framebjll=\"\"><\/iframe>\n<\/div><figcaption class=\"wp-element-caption\">The Tape Library<\/figcaption><\/figure>\n\n\n\n<p>\u25a0 <strong>[Truth Behind UFO sighting at Rendlesham Forest] &#8211; Un autre documentaire complet sur cet incident.<\/strong> \ud83c\udfa5 (01:27:46)<\/p>\n\n\n\n<figure class=\"wp-block-embed aligncenter is-type-video is-provider-youtube wp-block-embed-youtube wp-embed-aspect-16-9 wp-has-aspect-ratio\"><div class=\"wp-block-embed__wrapper\">\n<iframe  id=\"_ytid_33392\"  width=\"640\" height=\"360\"  data-origwidth=\"640\" data-origheight=\"360\" src=\"https:\/\/www.youtube.com\/embed\/6Y8wHmLgDks?enablejsapi=1&#038;autoplay=0&#038;cc_load_policy=0&#038;cc_lang_pref=&#038;iv_load_policy=1&#038;loop=0&#038;rel=1&#038;fs=1&#038;playsinline=0&#038;autohide=2&#038;theme=dark&#038;color=red&#038;controls=1&#038;disablekb=0&#038;\" class=\"__youtube_prefs__  epyt-is-override  no-lazyload\" title=\"YouTube player\"  allow=\"fullscreen; accelerometer; autoplay; clipboard-write; encrypted-media; gyroscope; picture-in-picture; web-share\" referrerpolicy=\"strict-origin-when-cross-origin\" allowfullscreen data-no-lazy=\"1\" data-skipgform_ajax_framebjll=\"\"><\/iframe>\n<\/div><figcaption class=\"wp-element-caption\">Classic Documentaries &amp; VHS Tape<\/figcaption><\/figure>\n\n\n\n<p>2.<strong> L&rsquo;incident de Nimitz<\/strong> (2004, \u00c9tats-Unis). <\/p>\n\n\n\n<p>\u25a0<strong> [The 2004 USS Nimitz UFO Incident]- Vid\u00e9o sur l&rsquo;incident impliquant des pilotes de la marine am\u00e9ricaine.<\/strong> \ud83c\udfa5 (03:01)<\/p>\n\n\n\n<figure class=\"wp-block-embed aligncenter is-type-video is-provider-youtube wp-block-embed-youtube wp-embed-aspect-16-9 wp-has-aspect-ratio\"><div class=\"wp-block-embed__wrapper\">\n<iframe  id=\"_ytid_29147\"  width=\"640\" height=\"360\"  data-origwidth=\"640\" data-origheight=\"360\" src=\"https:\/\/www.youtube.com\/embed\/85OhTbTtK_I?enablejsapi=1&#038;autoplay=0&#038;cc_load_policy=0&#038;cc_lang_pref=&#038;iv_load_policy=1&#038;loop=0&#038;rel=1&#038;fs=1&#038;playsinline=0&#038;autohide=2&#038;theme=dark&#038;color=red&#038;controls=1&#038;disablekb=0&#038;\" class=\"__youtube_prefs__  epyt-is-override  no-lazyload\" title=\"YouTube player\"  allow=\"fullscreen; accelerometer; autoplay; clipboard-write; encrypted-media; gyroscope; picture-in-picture; web-share\" referrerpolicy=\"strict-origin-when-cross-origin\" allowfullscreen data-no-lazy=\"1\" data-skipgform_ajax_framebjll=\"\"><\/iframe>\n<\/div><figcaption class=\"wp-element-caption\">Discovery<\/figcaption><\/figure>\n\n\n\n<p>\u25a0 <strong>Navy Officer Captures UFOs Circling The USS Nimitz | Un officier de la marine capture des ovnis encerclant l&rsquo;USS Nimitz | Alien Contact.<\/strong> \ud83c\udfa5 (09:36)<\/p>\n\n\n\n<figure class=\"wp-block-embed aligncenter is-type-video is-provider-youtube wp-block-embed-youtube wp-embed-aspect-16-9 wp-has-aspect-ratio\"><div class=\"wp-block-embed__wrapper\">\n<iframe  id=\"_ytid_58833\"  width=\"640\" height=\"360\"  data-origwidth=\"640\" data-origheight=\"360\" src=\"https:\/\/www.youtube.com\/embed\/txbOiq-Fj50?enablejsapi=1&#038;autoplay=0&#038;cc_load_policy=0&#038;cc_lang_pref=&#038;iv_load_policy=1&#038;loop=0&#038;rel=1&#038;fs=1&#038;playsinline=0&#038;autohide=2&#038;theme=dark&#038;color=red&#038;controls=1&#038;disablekb=0&#038;\" class=\"__youtube_prefs__  epyt-is-override  no-lazyload\" title=\"YouTube player\"  allow=\"fullscreen; accelerometer; autoplay; clipboard-write; encrypted-media; gyroscope; picture-in-picture; web-share\" referrerpolicy=\"strict-origin-when-cross-origin\" allowfullscreen data-no-lazy=\"1\" data-skipgform_ajax_framebjll=\"\"><\/iframe>\n<\/div><figcaption class=\"wp-element-caption\">DMAX UK<\/figcaption><\/figure>\n\n\n\n<p><strong>3. L&rsquo;affaire de l&rsquo;\u00e9cole Ariel<\/strong> (1994, Zimbabwe)<\/p>\n\n\n\n<p>\u25a0 <strong>[Ariel Phenomenon UFO Documentary] &#8211; Un documentaire sur l&rsquo;observation massive d&rsquo;OVNI par des \u00e9coliers.<\/strong> \ud83c\udfa5 (53:07)<\/p>\n\n\n\n<figure class=\"wp-block-embed aligncenter is-type-video is-provider-youtube wp-block-embed-youtube wp-embed-aspect-16-9 wp-has-aspect-ratio\"><div class=\"wp-block-embed__wrapper\">\n<iframe  id=\"_ytid_13386\"  width=\"640\" height=\"360\"  data-origwidth=\"640\" data-origheight=\"360\" src=\"https:\/\/www.youtube.com\/embed\/gRtp_jUCq0o?enablejsapi=1&#038;autoplay=0&#038;cc_load_policy=0&#038;cc_lang_pref=&#038;iv_load_policy=1&#038;loop=0&#038;rel=1&#038;fs=1&#038;playsinline=0&#038;autohide=2&#038;theme=dark&#038;color=red&#038;controls=1&#038;disablekb=0&#038;\" class=\"__youtube_prefs__  epyt-is-override  no-lazyload\" title=\"YouTube player\"  allow=\"fullscreen; accelerometer; autoplay; clipboard-write; encrypted-media; gyroscope; picture-in-picture; web-share\" referrerpolicy=\"strict-origin-when-cross-origin\" allowfullscreen data-no-lazy=\"1\" data-skipgform_ajax_framebjll=\"\"><\/iframe>\n<\/div><figcaption class=\"wp-element-caption\">Den of Geek<\/figcaption><\/figure>\n\n\n\n<p>\u25a0<strong> [Close Encounters: The Ariel School UFO Incident] &#8211; Animation 3D de l&rsquo;incident.<\/strong> \ud83c\udfa5 (10:03)<\/p>\n\n\n\n<figure class=\"wp-block-embed is-type-video is-provider-youtube wp-block-embed-youtube wp-embed-aspect-16-9 wp-has-aspect-ratio\"><div class=\"wp-block-embed__wrapper\">\n<iframe  id=\"_ytid_36501\"  width=\"640\" height=\"360\"  data-origwidth=\"640\" data-origheight=\"360\" src=\"https:\/\/www.youtube.com\/embed\/StHCSSjbn44?enablejsapi=1&#038;autoplay=0&#038;cc_load_policy=0&#038;cc_lang_pref=&#038;iv_load_policy=1&#038;loop=0&#038;rel=1&#038;fs=1&#038;playsinline=0&#038;autohide=2&#038;theme=dark&#038;color=red&#038;controls=1&#038;disablekb=0&#038;\" class=\"__youtube_prefs__  epyt-is-override  no-lazyload\" title=\"YouTube player\"  allow=\"fullscreen; accelerometer; autoplay; clipboard-write; encrypted-media; gyroscope; picture-in-picture; web-share\" referrerpolicy=\"strict-origin-when-cross-origin\" allowfullscreen data-no-lazy=\"1\" data-skipgform_ajax_framebjll=\"\"><\/iframe>\n<\/div><figcaption class=\"wp-element-caption\">Mac Mave Studios<\/figcaption><\/figure>\n\n\n\n<p><strong>4. L&rsquo;incident de Colares<\/strong> (1977, Br\u00e9sil)<\/p>\n\n\n\n<p>\u25a0 <strong><a href=\"https:\/\/fr.wikipedia.org\/wiki\/Op%C3%A9ration_Prato\"><mark style=\"background-color:rgba(0, 0, 0, 0)\" class=\"has-inline-color has-vivid-red-color\">Op\u00e9ration Prato &#8211; Wikip\u00e9dia<\/mark><\/a><\/strong> &#8211; <strong>Article d\u00e9taill\u00e9 sur l&rsquo;op\u00e9ration men\u00e9e par la Force a\u00e9rienne br\u00e9silienne.<\/strong><\/p>\n\n\n\n<p>\u25a0 <strong><a href=\"https:\/\/en.wikipedia.org\/wiki\/Opera%C3%A7%C3%A3o_Prato\"><mark style=\"background-color:rgba(0, 0, 0, 0)\" class=\"has-inline-color has-vivid-red-color\">Opera\u00e7\u00e3o Prato &#8211; Wikipedia<\/mark><\/a><\/strong> &#8211; <strong>Version anglaise de l&rsquo;article.<\/strong><\/p>\n\n\n\n<p><strong>5. L&rsquo;incident de Phoenix Lights<\/strong> (1997, \u00c9tats-Unis)<\/p>\n\n\n\n<p>\u25a0<strong> [Arizona Phoenix Lights &#8211; The Largest UFO Sighting in History] &#8211; Documentaire sur l&rsquo;observation massive d&rsquo;OVNI \u00e0 Phoenix.<\/strong> \ud83c\udfa5 (44:22)<\/p>\n\n\n\n<figure class=\"wp-block-embed aligncenter is-type-video is-provider-youtube wp-block-embed-youtube wp-embed-aspect-16-9 wp-has-aspect-ratio\"><div class=\"wp-block-embed__wrapper\">\n<iframe  id=\"_ytid_73665\"  width=\"640\" height=\"360\"  data-origwidth=\"640\" data-origheight=\"360\" src=\"https:\/\/www.youtube.com\/embed\/aslR7l_Fb80?enablejsapi=1&#038;autoplay=0&#038;cc_load_policy=0&#038;cc_lang_pref=&#038;iv_load_policy=1&#038;loop=0&#038;rel=1&#038;fs=1&#038;playsinline=0&#038;autohide=2&#038;theme=dark&#038;color=red&#038;controls=1&#038;disablekb=0&#038;\" class=\"__youtube_prefs__  epyt-is-override  no-lazyload\" title=\"YouTube player\"  allow=\"fullscreen; accelerometer; autoplay; clipboard-write; encrypted-media; gyroscope; picture-in-picture; web-share\" referrerpolicy=\"strict-origin-when-cross-origin\" allowfullscreen data-no-lazy=\"1\" data-skipgform_ajax_framebjll=\"\"><\/iframe>\n<\/div><figcaption class=\"wp-element-caption\">Stichting NoFap<\/figcaption><\/figure>\n\n\n\n<p>&nbsp;\u25a0 <strong>[The Phoenix Lights &#8211; UFO Documentary]  &#8211; Un autre documentaire sur cet incident.<\/strong> \ud83c\udfa5 (01:23:15)<\/p>\n\n\n\n<figure class=\"wp-block-embed aligncenter is-type-video is-provider-youtube wp-block-embed-youtube wp-embed-aspect-16-9 wp-has-aspect-ratio\"><div class=\"wp-block-embed__wrapper\">\n<iframe  id=\"_ytid_59307\"  width=\"640\" height=\"360\"  data-origwidth=\"640\" data-origheight=\"360\" src=\"https:\/\/www.youtube.com\/embed\/3aHojdtI6nw?enablejsapi=1&#038;autoplay=0&#038;cc_load_policy=0&#038;cc_lang_pref=&#038;iv_load_policy=1&#038;loop=0&#038;rel=1&#038;fs=1&#038;playsinline=0&#038;autohide=2&#038;theme=dark&#038;color=red&#038;controls=1&#038;disablekb=0&#038;\" class=\"__youtube_prefs__  epyt-is-override  no-lazyload\" title=\"YouTube player\"  allow=\"fullscreen; accelerometer; autoplay; clipboard-write; encrypted-media; gyroscope; picture-in-picture; web-share\" referrerpolicy=\"strict-origin-when-cross-origin\" allowfullscreen data-no-lazy=\"1\" data-skipgform_ajax_framebjll=\"\"><\/iframe>\n<\/div><figcaption class=\"wp-element-caption\">UFO MatriX<\/figcaption><\/figure>\n\n\n\n<p><strong>Bon(ne) lecture et visionage !<\/strong><\/p>\n\n\n\n<p><strong>\ud83d\udef8<mark style=\"background-color:rgba(0, 0, 0, 0)\" class=\"has-inline-color has-vivid-red-color\">\u00a0<\/mark><\/strong><a href=\"https:\/\/t.me\/ufo_planetactus_sightings\"><mark style=\"background-color:rgba(0, 0, 0, 0)\" class=\"has-inline-color has-vivid-red-color\">Ufo Planet Actus Sightings Investigations<\/mark><\/a><strong>\u00a0\ud83d\udc7d<br>\ud83e\ude90\u00a0<\/strong><a href=\"https:\/\/t.me\/planetactus\"><mark style=\"background-color:rgba(0, 0, 0, 0)\" class=\"has-inline-color has-vivid-red-color\">Planet Actus\u00a0True News Letters<\/mark><\/a><strong><mark style=\"background-color:rgba(0, 0, 0, 0)\" class=\"has-inline-color has-vivid-red-color\">\u00a0<\/mark>\ud83d\uddde<br>\ud83d\udcbb<mark style=\"background-color:rgba(0, 0, 0, 0)\" class=\"has-inline-color has-vivid-red-color\">\u00a0<\/mark><\/strong><a href=\"https:\/\/planetactus.com\/\"><mark style=\"background-color:rgba(0, 0, 0, 0)\" class=\"has-inline-color has-vivid-red-color\">Planet Actus.com<\/mark><\/a><strong>\u00a0\ud83e\ude90<\/strong><\/p>\n\n\n<div class=\"wp-block-post-author\"><div class=\"wp-block-post-author__avatar\"><img decoding=async data-opt-id=1391982141  fetchpriority=\"high\" alt='' src='\/\/www.gravatar.com\/avatar\/1f651b4ef1fc23d4d1601d6f2649258e?s=48&#038;r=g&#038;d=mm' srcset='\/\/www.gravatar.com\/avatar\/1f651b4ef1fc23d4d1601d6f2649258e?s=48&#038;r=g&#038;d=mm 2x' class='avatar avatar-48 photo' height='48' width='48' \/><\/div><div class=\"wp-block-post-author__content\"><p class=\"wp-block-post-author__byline\"><a href=\"http:\/\/planetactus.com\">planetactus<\/a><\/p><p class=\"wp-block-post-author__name\">planetactus.com<\/p><\/div><\/div><div class=\"gsp_post_data\" \r\n\t            data-post_type=\"post\" \r\n\t            data-cat=\"a-la-une,enquetes-dinvestigations,top-secret,ufo-news\" \r\n\t            data-modified=\"120\"\r\n\t            data-created=\"1723544303\"\r\n\t            data-title=\"Rencontre du Troisi\u00e8me Type \u00e0 Cl\u00e1udio : Quand la Police Militaire Br\u00e9silienne Affronte l&rsquo;Inexplicable.\" \r\n\t            data-home=\"https:\/\/planetactus.com\"><\/div>","protected":false},"excerpt":{"rendered":"<p>\ud83d\udccd Le Br\u00e9sil, terre de myst\u00e8res et de l\u00e9gendes, a \u00e9t\u00e9 le th\u00e9\u00e2tre en 2008 d&rsquo;un \u00e9v\u00e9nement qui continue de fasciner les passionn\u00e9s d&rsquo;ufologie : le \u00ab\u00a0cas de Cl\u00e1udio\u00a0\u00bb. Cette affaire, qui s&rsquo;est d\u00e9roul\u00e9e dans la petite ville de Cl\u00e1udio, dans l&rsquo;\u00c9tat du Minas Gerais, met en sc\u00e8ne des protagonistes peu communs dans ce genre [&hellip;]<\/p>\n","protected":false},"author":1,"featured_media":1307,"comment_status":"open","ping_status":"open","sticky":false,"template":"","format":"standard","meta":{"_bbp_topic_count":0,"_bbp_reply_count":0,"_bbp_total_topic_count":0,"_bbp_total_reply_count":0,"_bbp_voice_count":0,"_bbp_anonymous_reply_count":0,"_bbp_topic_count_hidden":0,"_bbp_reply_count_hidden":0,"_bbp_forum_subforum_count":0,"fifu_image_url":"","fifu_image_alt":"","_jetpack_memberships_contains_paid_content":false,"footnotes":"","jetpack_publicize_message":"","jetpack_publicize_feature_enabled":true,"jetpack_social_post_already_shared":false,"jetpack_social_options":{"image_generator_settings":{"template":"highway","default_image_id":0,"font":"","enabled":false},"version":2}},"categories":[19,50,15,12],"tags":[],"class_list":["post-1305","post","type-post","status-publish","format-standard","has-post-thumbnail","hentry","category-a-la-une","category-enquetes-dinvestigations","category-top-secret","category-ufo-news"],"featured_image_src":"https:\/\/mlrdeoj2ejbf.i.optimole.com\/cb:mvHM.4ca\/w:auto\/h:auto\/q:mauto\/f:best\/https:\/\/i0.wp.com\/planetactus.com\/wp-content\/uploads\/2024\/08\/Rencontre-du-Troisieme-Type_Planet-Actus-IA.jpg?fit=1024%2C1024&ssl=1","author_info":{"display_name":"planetactus.com","author_link":"https:\/\/planetactus.com\/index.php\/author\/admin9861\/"},"yoast_head":"<!-- This site is optimized with the Yoast SEO plugin v27.5 - https:\/\/yoast.com\/product\/yoast-seo-wordpress\/ -->\n<title>Rencontre du Troisi\u00e8me Type \u00e0 Cl\u00e1udio : Quand la Police Militaire Br\u00e9silienne Affronte l&#039;Inexplicable. -<\/title>\n<meta name=\"description\" content=\"Le Br\u00e9sil, terre de myst\u00e8res et de l\u00e9gendes, a \u00e9t\u00e9 le th\u00e9\u00e2tre en 2008 d&#039;un \u00e9v\u00e9nement qui continue de fasciner les passionn\u00e9s d&#039;ufologie : le &quot;cas de Cl\u00e1udio&quot;. Cette affaire, qui s&#039;est d\u00e9roul\u00e9e dans la petite ville de Cl\u00e1udio, dans l&#039;\u00c9tat du Minas Gerais, met en sc\u00e8ne des protagonistes peu communs dans ce genre d&#039;histoires : des policiers militaires br\u00e9siliens. \ud83e\ude96\u00a0L&#039;incident a d\u00e9but\u00e9 lorsque ces agents, form\u00e9s pour faire face \u00e0 toutes sortes de situations, se sont retrouv\u00e9s confront\u00e9s \u00e0 des ph\u00e9nom\u00e8nes d\u00e9fiant leur compr\u00e9hension. Des lumi\u00e8res \u00e9tranges dansant dans le ciel nocturne, des objets volants non identifi\u00e9s (OVNIs) effectuant des man\u0153uvres impossibles pour nos technologies actuelles, et plus troublant encore, des rencontres rapproch\u00e9es avec des entit\u00e9s humano\u00efdes brillantes.\" class=\"yoast-seo-meta-tag\" \/>\n<meta name=\"robots\" content=\"index, follow, max-snippet:-1, max-image-preview:large, max-video-preview:-1\" \/>\n<link rel=\"canonical\" href=\"https:\/\/planetactus.com\/index.php\/2024\/08\/13\/rencontre-du-troisieme-type-a-claudio-quand-la-police-militaire-bresilienne-affronte-linexplicable\/\" class=\"yoast-seo-meta-tag\" \/>\n<meta property=\"og:locale\" content=\"fr_FR\" class=\"yoast-seo-meta-tag\" \/>\n<meta property=\"og:type\" content=\"article\" class=\"yoast-seo-meta-tag\" \/>\n<meta property=\"og:title\" content=\"Rencontre du Troisi\u00e8me Type \u00e0 Cl\u00e1udio : Quand la Police Militaire Br\u00e9silienne Affronte l&#039;Inexplicable.\" class=\"yoast-seo-meta-tag\" \/>\n<meta property=\"og:description\" content=\"Le Br\u00e9sil, terre de myst\u00e8res et de l\u00e9gendes, a \u00e9t\u00e9 le th\u00e9\u00e2tre en 2008 d&#039;un \u00e9v\u00e9nement qui continue de fasciner les passionn\u00e9s d&#039;ufologie : le &quot;cas de Cl\u00e1udio&quot;. Cette affaire, qui s&#039;est d\u00e9roul\u00e9e dans la petite ville de Cl\u00e1udio, dans l&#039;\u00c9tat du Minas Gerais, met en sc\u00e8ne des protagonistes peu communs dans ce genre d&#039;histoires : des policiers militaires br\u00e9siliens. \ud83e\ude96\u00a0L&#039;incident a d\u00e9but\u00e9 lorsque ces agents, form\u00e9s pour faire face \u00e0 toutes sortes de situations, se sont retrouv\u00e9s confront\u00e9s \u00e0 des ph\u00e9nom\u00e8nes d\u00e9fiant leur compr\u00e9hension. Des lumi\u00e8res \u00e9tranges dansant dans le ciel nocturne, des objets volants non identifi\u00e9s (OVNIs) effectuant des man\u0153uvres impossibles pour nos technologies actuelles, et plus troublant encore, des rencontres rapproch\u00e9es avec des entit\u00e9s humano\u00efdes brillantes.\" class=\"yoast-seo-meta-tag\" \/>\n<meta property=\"og:url\" content=\"https:\/\/planetactus.com\/index.php\/2024\/08\/13\/rencontre-du-troisieme-type-a-claudio-quand-la-police-militaire-bresilienne-affronte-linexplicable\/\" class=\"yoast-seo-meta-tag\" \/>\n<meta property=\"article:publisher\" content=\"https:\/\/www.facebook.com\/profile.php?id=61561620320740\" class=\"yoast-seo-meta-tag\" \/>\n<meta property=\"article:author\" content=\"https:\/\/www.facebook.com\/profile.php?id=61561620320740\" class=\"yoast-seo-meta-tag\" \/>\n<meta property=\"article:published_time\" content=\"2024-08-13T08:18:23+00:00\" class=\"yoast-seo-meta-tag\" \/>\n<meta property=\"article:modified_time\" content=\"2024-08-13T08:18:31+00:00\" class=\"yoast-seo-meta-tag\" \/>\n<meta property=\"og:image\" content=\"https:\/\/mlrdeoj2ejbf.i.optimole.com\/cb:mvHM.4ca\/w:auto\/h:auto\/q:mauto\/f:best\/http:\/\/planetactus.com\/wp-content\/uploads\/2024\/08\/Rencontre-du-Troisieme-Type_Planet-Actus-IA.jpg\" class=\"yoast-seo-meta-tag\" \/>\n\t<meta property=\"og:image:width\" content=\"1024\" class=\"yoast-seo-meta-tag\" \/>\n\t<meta property=\"og:image:height\" content=\"1024\" class=\"yoast-seo-meta-tag\" \/>\n\t<meta property=\"og:image:type\" content=\"image\/jpeg\" class=\"yoast-seo-meta-tag\" \/>\n<meta name=\"author\" content=\"planetactus.com\" class=\"yoast-seo-meta-tag\" \/>\n<meta name=\"twitter:card\" content=\"summary_large_image\" class=\"yoast-seo-meta-tag\" \/>\n<meta name=\"twitter:title\" content=\"Rencontre du Troisi\u00e8me Type \u00e0 Cl\u00e1udio : Quand la Police Militaire Br\u00e9silienne Affronte l&#039;Inexplicable.\" class=\"yoast-seo-meta-tag\" \/>\n<meta name=\"twitter:description\" content=\"Le Br\u00e9sil, terre de myst\u00e8res et de l\u00e9gendes, a \u00e9t\u00e9 le th\u00e9\u00e2tre en 2008 d&#039;un \u00e9v\u00e9nement qui continue de fasciner les passionn\u00e9s d&#039;ufologie : le &quot;cas de Cl\u00e1udio&quot;. Cette affaire, qui s&#039;est d\u00e9roul\u00e9e dans la petite ville de Cl\u00e1udio, dans l&#039;\u00c9tat du Minas Gerais, met en sc\u00e8ne des protagonistes peu communs dans ce genre d&#039;histoires : des policiers militaires br\u00e9siliens. \ud83e\ude96\u00a0L&#039;incident a d\u00e9but\u00e9 lorsque ces agents, form\u00e9s pour faire face \u00e0 toutes sortes de situations, se sont retrouv\u00e9s confront\u00e9s \u00e0 des ph\u00e9nom\u00e8nes d\u00e9fiant leur compr\u00e9hension. Des lumi\u00e8res \u00e9tranges dansant dans le ciel nocturne, des objets volants non identifi\u00e9s (OVNIs) effectuant des man\u0153uvres impossibles pour nos technologies actuelles, et plus troublant encore, des rencontres rapproch\u00e9es avec des entit\u00e9s humano\u00efdes brillantes.\" class=\"yoast-seo-meta-tag\" \/>\n<meta name=\"twitter:image\" content=\"https:\/\/mlrdeoj2ejbf.i.optimole.com\/cb:mvHM.4ca\/w:auto\/h:auto\/q:mauto\/f:best\/https:\/\/i0.wp.com\/planetactus.com\/wp-content\/uploads\/2024\/08\/Rencontre-du-Troisieme-Type_Planet-Actus-IA.jpg?fit=1024%2C1024&ssl=1\" class=\"yoast-seo-meta-tag\" \/>\n<meta name=\"twitter:creator\" content=\"@https:\/\/x.com\/PlanetActus\" class=\"yoast-seo-meta-tag\" \/>\n<meta name=\"twitter:site\" content=\"@PlanetActus\" class=\"yoast-seo-meta-tag\" \/>\n<meta name=\"twitter:label1\" content=\"\u00c9crit par\" class=\"yoast-seo-meta-tag\" \/>\n\t<meta name=\"twitter:data1\" content=\"planetactus.com\" class=\"yoast-seo-meta-tag\" \/>\n\t<meta name=\"twitter:label2\" content=\"Dur\u00e9e de lecture estim\u00e9e\" class=\"yoast-seo-meta-tag\" \/>\n\t<meta name=\"twitter:data2\" content=\"4 minutes\" class=\"yoast-seo-meta-tag\" \/>\n<script type=\"application\/ld+json\" class=\"yoast-schema-graph\">{\"@context\":\"https:\\\/\\\/schema.org\",\"@graph\":[{\"@type\":\"Article\",\"@id\":\"https:\\\/\\\/planetactus.com\\\/index.php\\\/2024\\\/08\\\/13\\\/rencontre-du-troisieme-type-a-claudio-quand-la-police-militaire-bresilienne-affronte-linexplicable\\\/#article\",\"isPartOf\":{\"@id\":\"https:\\\/\\\/planetactus.com\\\/index.php\\\/2024\\\/08\\\/13\\\/rencontre-du-troisieme-type-a-claudio-quand-la-police-militaire-bresilienne-affronte-linexplicable\\\/\"},\"author\":{\"name\":\"planetactus.com\",\"@id\":\"https:\\\/\\\/planetactus.com\\\/#\\\/schema\\\/person\\\/fbb75ac73a2424d2e176d31b021372a4\"},\"headline\":\"Rencontre du Troisi\u00e8me Type \u00e0 Cl\u00e1udio : Quand la Police Militaire Br\u00e9silienne Affronte l&rsquo;Inexplicable.\",\"datePublished\":\"2024-08-13T08:18:23+00:00\",\"dateModified\":\"2024-08-13T08:18:31+00:00\",\"mainEntityOfPage\":{\"@id\":\"https:\\\/\\\/planetactus.com\\\/index.php\\\/2024\\\/08\\\/13\\\/rencontre-du-troisieme-type-a-claudio-quand-la-police-militaire-bresilienne-affronte-linexplicable\\\/\"},\"wordCount\":729,\"commentCount\":0,\"publisher\":{\"@id\":\"https:\\\/\\\/planetactus.com\\\/#\\\/schema\\\/person\\\/fbb75ac73a2424d2e176d31b021372a4\"},\"image\":{\"@id\":\"https:\\\/\\\/planetactus.com\\\/index.php\\\/2024\\\/08\\\/13\\\/rencontre-du-troisieme-type-a-claudio-quand-la-police-militaire-bresilienne-affronte-linexplicable\\\/#primaryimage\"},\"thumbnailUrl\":\"https:\\/\\/i0.wp.com\\/planetactus.com\\/wp-content\\/uploads\\/2024\\/08\\/Rencontre-du-Troisieme-Type_Planet-Actus-IA.jpg?fit=1024%2C1024&ssl=1\",\"articleSection\":[\"A la Une\",\"Enqu\u00eates d'Investigations\",\"Top Secret\",\"Ufo-News\"],\"inLanguage\":\"fr-FR\",\"potentialAction\":[{\"@type\":\"CommentAction\",\"name\":\"Comment\",\"target\":[\"https:\\\/\\\/planetactus.com\\\/index.php\\\/2024\\\/08\\\/13\\\/rencontre-du-troisieme-type-a-claudio-quand-la-police-militaire-bresilienne-affronte-linexplicable\\\/#respond\"]}]},{\"@type\":\"WebPage\",\"@id\":\"https:\\\/\\\/planetactus.com\\\/index.php\\\/2024\\\/08\\\/13\\\/rencontre-du-troisieme-type-a-claudio-quand-la-police-militaire-bresilienne-affronte-linexplicable\\\/\",\"url\":\"https:\\\/\\\/planetactus.com\\\/index.php\\\/2024\\\/08\\\/13\\\/rencontre-du-troisieme-type-a-claudio-quand-la-police-militaire-bresilienne-affronte-linexplicable\\\/\",\"name\":\"Rencontre du Troisi\u00e8me Type \u00e0 Cl\u00e1udio : Quand la Police Militaire Br\u00e9silienne Affronte l'Inexplicable. -\",\"isPartOf\":{\"@id\":\"https:\\\/\\\/planetactus.com\\\/#website\"},\"primaryImageOfPage\":{\"@id\":\"https:\\\/\\\/planetactus.com\\\/index.php\\\/2024\\\/08\\\/13\\\/rencontre-du-troisieme-type-a-claudio-quand-la-police-militaire-bresilienne-affronte-linexplicable\\\/#primaryimage\"},\"image\":{\"@id\":\"https:\\\/\\\/planetactus.com\\\/index.php\\\/2024\\\/08\\\/13\\\/rencontre-du-troisieme-type-a-claudio-quand-la-police-militaire-bresilienne-affronte-linexplicable\\\/#primaryimage\"},\"thumbnailUrl\":\"https:\\/\\/i0.wp.com\\/planetactus.com\\/wp-content\\/uploads\\/2024\\/08\\/Rencontre-du-Troisieme-Type_Planet-Actus-IA.jpg?fit=1024%2C1024&ssl=1\",\"datePublished\":\"2024-08-13T08:18:23+00:00\",\"dateModified\":\"2024-08-13T08:18:31+00:00\",\"description\":\"Le Br\u00e9sil, terre de myst\u00e8res et de l\u00e9gendes, a \u00e9t\u00e9 le th\u00e9\u00e2tre en 2008 d'un \u00e9v\u00e9nement qui continue de fasciner les passionn\u00e9s d'ufologie : le \\\"cas de Cl\u00e1udio\\\". Cette affaire, qui s'est d\u00e9roul\u00e9e dans la petite ville de Cl\u00e1udio, dans l'\u00c9tat du Minas Gerais, met en sc\u00e8ne des protagonistes peu communs dans ce genre d'histoires : des policiers militaires br\u00e9siliens. \ud83e\ude96\u00a0L'incident a d\u00e9but\u00e9 lorsque ces agents, form\u00e9s pour faire face \u00e0 toutes sortes de situations, se sont retrouv\u00e9s confront\u00e9s \u00e0 des ph\u00e9nom\u00e8nes d\u00e9fiant leur compr\u00e9hension. Des lumi\u00e8res \u00e9tranges dansant dans le ciel nocturne, des objets volants non identifi\u00e9s (OVNIs) effectuant des man\u0153uvres impossibles pour nos technologies actuelles, et plus troublant encore, des rencontres rapproch\u00e9es avec des entit\u00e9s humano\u00efdes brillantes.\",\"breadcrumb\":{\"@id\":\"https:\\\/\\\/planetactus.com\\\/index.php\\\/2024\\\/08\\\/13\\\/rencontre-du-troisieme-type-a-claudio-quand-la-police-militaire-bresilienne-affronte-linexplicable\\\/#breadcrumb\"},\"inLanguage\":\"fr-FR\",\"potentialAction\":[{\"@type\":\"ReadAction\",\"target\":[\"https:\\\/\\\/planetactus.com\\\/index.php\\\/2024\\\/08\\\/13\\\/rencontre-du-troisieme-type-a-claudio-quand-la-police-militaire-bresilienne-affronte-linexplicable\\\/\"]}]},{\"@type\":\"ImageObject\",\"inLanguage\":\"fr-FR\",\"@id\":\"https:\\\/\\\/planetactus.com\\\/index.php\\\/2024\\\/08\\\/13\\\/rencontre-du-troisieme-type-a-claudio-quand-la-police-militaire-bresilienne-affronte-linexplicable\\\/#primaryimage\",\"url\":\"https:\\/\\/i0.wp.com\\/planetactus.com\\/wp-content\\/uploads\\/2024\\/08\\/Rencontre-du-Troisieme-Type_Planet-Actus-IA.jpg?fit=1024%2C1024&ssl=1\",\"contentUrl\":\"https:\\/\\/i0.wp.com\\/planetactus.com\\/wp-content\\/uploads\\/2024\\/08\\/Rencontre-du-Troisieme-Type_Planet-Actus-IA.jpg?fit=1024%2C1024&ssl=1\",\"width\":1024,\"height\":1024},{\"@type\":\"BreadcrumbList\",\"@id\":\"https:\\\/\\\/planetactus.com\\\/index.php\\\/2024\\\/08\\\/13\\\/rencontre-du-troisieme-type-a-claudio-quand-la-police-militaire-bresilienne-affronte-linexplicable\\\/#breadcrumb\",\"itemListElement\":[{\"@type\":\"ListItem\",\"position\":1,\"name\":\"Accueil\",\"item\":\"https:\\\/\\\/planetactus.com\\\/\"},{\"@type\":\"ListItem\",\"position\":2,\"name\":\"Rencontre du Troisi\u00e8me Type \u00e0 Cl\u00e1udio : Quand la Police Militaire Br\u00e9silienne Affronte l&rsquo;Inexplicable.\"}]},{\"@type\":\"WebSite\",\"@id\":\"https:\\\/\\\/planetactus.com\\\/#website\",\"url\":\"https:\\\/\\\/planetactus.com\\\/\",\"name\":\"PLANET ACTUS\",\"description\":\"PLANET ACTUS\",\"publisher\":{\"@id\":\"https:\\\/\\\/planetactus.com\\\/#\\\/schema\\\/person\\\/fbb75ac73a2424d2e176d31b021372a4\"},\"potentialAction\":[{\"@type\":\"SearchAction\",\"target\":{\"@type\":\"EntryPoint\",\"urlTemplate\":\"https:\\\/\\\/planetactus.com\\\/?s={search_term_string}\"},\"query-input\":{\"@type\":\"PropertyValueSpecification\",\"valueRequired\":true,\"valueName\":\"search_term_string\"}}],\"inLanguage\":\"fr-FR\"},{\"@type\":[\"Person\",\"Organization\"],\"@id\":\"https:\\\/\\\/planetactus.com\\\/#\\\/schema\\\/person\\\/fbb75ac73a2424d2e176d31b021372a4\",\"name\":\"planetactus.com\",\"image\":{\"@type\":\"ImageObject\",\"inLanguage\":\"fr-FR\",\"@id\":\"https:\\/\\/i0.wp.com\\/planetactus.com\\/wp-content\\/uploads\\/2024\\/07\\/cropped-2-Planet-Actus-Banniere-02a.jpg?fit=1189%2C365&ssl=1\",\"url\":\"https:\\/\\/i0.wp.com\\/planetactus.com\\/wp-content\\/uploads\\/2024\\/07\\/cropped-2-Planet-Actus-Banniere-02a.jpg?fit=1189%2C365&ssl=1\",\"contentUrl\":\"https:\\/\\/i0.wp.com\\/planetactus.com\\/wp-content\\/uploads\\/2024\\/07\\/cropped-2-Planet-Actus-Banniere-02a.jpg?fit=1189%2C365&ssl=1\",\"width\":1189,\"height\":365,\"caption\":\"planetactus.com\"},\"logo\":{\"@id\":\"https:\\/\\/i0.wp.com\\/planetactus.com\\/wp-content\\/uploads\\/2024\\/07\\/cropped-2-Planet-Actus-Banniere-02a.jpg?fit=1189%2C365&ssl=1\"},\"sameAs\":[\"http:\\\/\\\/planetactus.com\",\"https:\\\/\\\/www.facebook.com\\\/profile.php?id=61561620320740\",\"https:\\\/\\\/x.com\\\/https:\\\/\\\/x.com\\\/PlanetActus\",\"https:\\\/\\\/www.youtube.com\\\/@PlanetActus\"],\"url\":\"https:\\\/\\\/planetactus.com\\\/index.php\\\/author\\\/admin9861\\\/\"}]}<\/script>\n<!-- \/ Yoast SEO plugin. -->","yoast_head_json":{"title":"Rencontre du Troisi\u00e8me Type \u00e0 Cl\u00e1udio : Quand la Police Militaire Br\u00e9silienne Affronte l'Inexplicable. -","description":"Le Br\u00e9sil, terre de myst\u00e8res et de l\u00e9gendes, a \u00e9t\u00e9 le th\u00e9\u00e2tre en 2008 d'un \u00e9v\u00e9nement qui continue de fasciner les passionn\u00e9s d'ufologie : le \"cas de Cl\u00e1udio\". Cette affaire, qui s'est d\u00e9roul\u00e9e dans la petite ville de Cl\u00e1udio, dans l'\u00c9tat du Minas Gerais, met en sc\u00e8ne des protagonistes peu communs dans ce genre d'histoires : des policiers militaires br\u00e9siliens. \ud83e\ude96\u00a0L'incident a d\u00e9but\u00e9 lorsque ces agents, form\u00e9s pour faire face \u00e0 toutes sortes de situations, se sont retrouv\u00e9s confront\u00e9s \u00e0 des ph\u00e9nom\u00e8nes d\u00e9fiant leur compr\u00e9hension. Des lumi\u00e8res \u00e9tranges dansant dans le ciel nocturne, des objets volants non identifi\u00e9s (OVNIs) effectuant des man\u0153uvres impossibles pour nos technologies actuelles, et plus troublant encore, des rencontres rapproch\u00e9es avec des entit\u00e9s humano\u00efdes brillantes.","robots":{"index":"index","follow":"follow","max-snippet":"max-snippet:-1","max-image-preview":"max-image-preview:large","max-video-preview":"max-video-preview:-1"},"canonical":"https:\/\/planetactus.com\/index.php\/2024\/08\/13\/rencontre-du-troisieme-type-a-claudio-quand-la-police-militaire-bresilienne-affronte-linexplicable\/","og_locale":"fr_FR","og_type":"article","og_title":"Rencontre du Troisi\u00e8me Type \u00e0 Cl\u00e1udio : Quand la Police Militaire Br\u00e9silienne Affronte l'Inexplicable.","og_description":"Le Br\u00e9sil, terre de myst\u00e8res et de l\u00e9gendes, a \u00e9t\u00e9 le th\u00e9\u00e2tre en 2008 d'un \u00e9v\u00e9nement qui continue de fasciner les passionn\u00e9s d'ufologie : le \"cas de Cl\u00e1udio\". Cette affaire, qui s'est d\u00e9roul\u00e9e dans la petite ville de Cl\u00e1udio, dans l'\u00c9tat du Minas Gerais, met en sc\u00e8ne des protagonistes peu communs dans ce genre d'histoires : des policiers militaires br\u00e9siliens. \ud83e\ude96\u00a0L'incident a d\u00e9but\u00e9 lorsque ces agents, form\u00e9s pour faire face \u00e0 toutes sortes de situations, se sont retrouv\u00e9s confront\u00e9s \u00e0 des ph\u00e9nom\u00e8nes d\u00e9fiant leur compr\u00e9hension. Des lumi\u00e8res \u00e9tranges dansant dans le ciel nocturne, des objets volants non identifi\u00e9s (OVNIs) effectuant des man\u0153uvres impossibles pour nos technologies actuelles, et plus troublant encore, des rencontres rapproch\u00e9es avec des entit\u00e9s humano\u00efdes brillantes.","og_url":"https:\/\/planetactus.com\/index.php\/2024\/08\/13\/rencontre-du-troisieme-type-a-claudio-quand-la-police-militaire-bresilienne-affronte-linexplicable\/","article_publisher":"https:\/\/www.facebook.com\/profile.php?id=61561620320740","article_author":"https:\/\/www.facebook.com\/profile.php?id=61561620320740","article_published_time":"2024-08-13T08:18:23+00:00","article_modified_time":"2024-08-13T08:18:31+00:00","og_image":[{"width":1024,"height":1024,"url":"https:\/\/mlrdeoj2ejbf.i.optimole.com\/cb:mvHM.4ca\/w:auto\/h:auto\/q:mauto\/f:best\/http:\/\/planetactus.com\/wp-content\/uploads\/2024\/08\/Rencontre-du-Troisieme-Type_Planet-Actus-IA.jpg","type":"image\/jpeg"}],"author":"planetactus.com","twitter_card":"summary_large_image","twitter_title":"Rencontre du Troisi\u00e8me Type \u00e0 Cl\u00e1udio : Quand la Police Militaire Br\u00e9silienne Affronte l'Inexplicable.","twitter_description":"Le Br\u00e9sil, terre de myst\u00e8res et de l\u00e9gendes, a \u00e9t\u00e9 le th\u00e9\u00e2tre en 2008 d'un \u00e9v\u00e9nement qui continue de fasciner les passionn\u00e9s d'ufologie : le \"cas de Cl\u00e1udio\". Cette affaire, qui s'est d\u00e9roul\u00e9e dans la petite ville de Cl\u00e1udio, dans l'\u00c9tat du Minas Gerais, met en sc\u00e8ne des protagonistes peu communs dans ce genre d'histoires : des policiers militaires br\u00e9siliens. \ud83e\ude96\u00a0L'incident a d\u00e9but\u00e9 lorsque ces agents, form\u00e9s pour faire face \u00e0 toutes sortes de situations, se sont retrouv\u00e9s confront\u00e9s \u00e0 des ph\u00e9nom\u00e8nes d\u00e9fiant leur compr\u00e9hension. Des lumi\u00e8res \u00e9tranges dansant dans le ciel nocturne, des objets volants non identifi\u00e9s (OVNIs) effectuant des man\u0153uvres impossibles pour nos technologies actuelles, et plus troublant encore, des rencontres rapproch\u00e9es avec des entit\u00e9s humano\u00efdes brillantes.","twitter_image":"https:\/\/mlrdeoj2ejbf.i.optimole.com\/cb:mvHM.4ca\/w:auto\/h:auto\/q:mauto\/f:best\/https:\/\/i0.wp.com\/planetactus.com\/wp-content\/uploads\/2024\/08\/Rencontre-du-Troisieme-Type_Planet-Actus-IA.jpg?fit=1024%2C1024&ssl=1","twitter_creator":"@https:\/\/x.com\/PlanetActus","twitter_site":"@PlanetActus","twitter_misc":{"\u00c9crit par":"planetactus.com","Dur\u00e9e de lecture estim\u00e9e":"4 minutes"},"schema":{"@context":"https:\/\/schema.org","@graph":[{"@type":"Article","@id":"https:\/\/planetactus.com\/index.php\/2024\/08\/13\/rencontre-du-troisieme-type-a-claudio-quand-la-police-militaire-bresilienne-affronte-linexplicable\/#article","isPartOf":{"@id":"https:\/\/planetactus.com\/index.php\/2024\/08\/13\/rencontre-du-troisieme-type-a-claudio-quand-la-police-militaire-bresilienne-affronte-linexplicable\/"},"author":{"name":"planetactus.com","@id":"https:\/\/planetactus.com\/#\/schema\/person\/fbb75ac73a2424d2e176d31b021372a4"},"headline":"Rencontre du Troisi\u00e8me Type \u00e0 Cl\u00e1udio : Quand la Police Militaire Br\u00e9silienne Affronte l&rsquo;Inexplicable.","datePublished":"2024-08-13T08:18:23+00:00","dateModified":"2024-08-13T08:18:31+00:00","mainEntityOfPage":{"@id":"https:\/\/planetactus.com\/index.php\/2024\/08\/13\/rencontre-du-troisieme-type-a-claudio-quand-la-police-militaire-bresilienne-affronte-linexplicable\/"},"wordCount":729,"commentCount":0,"publisher":{"@id":"https:\/\/planetactus.com\/#\/schema\/person\/fbb75ac73a2424d2e176d31b021372a4"},"image":{"@id":"https:\/\/planetactus.com\/index.php\/2024\/08\/13\/rencontre-du-troisieme-type-a-claudio-quand-la-police-militaire-bresilienne-affronte-linexplicable\/#primaryimage"},"thumbnailUrl":"https:\/\/mlrdeoj2ejbf.i.optimole.com\/cb:mvHM.4ca\/w:auto\/h:auto\/q:mauto\/f:best\/https:\/\/i0.wp.com\/planetactus.com\/wp-content\/uploads\/2024\/08\/Rencontre-du-Troisieme-Type_Planet-Actus-IA.jpg?fit=1024%2C1024&ssl=1","articleSection":["A la Une","Enqu\u00eates d'Investigations","Top Secret","Ufo-News"],"inLanguage":"fr-FR","potentialAction":[{"@type":"CommentAction","name":"Comment","target":["https:\/\/planetactus.com\/index.php\/2024\/08\/13\/rencontre-du-troisieme-type-a-claudio-quand-la-police-militaire-bresilienne-affronte-linexplicable\/#respond"]}]},{"@type":"WebPage","@id":"https:\/\/planetactus.com\/index.php\/2024\/08\/13\/rencontre-du-troisieme-type-a-claudio-quand-la-police-militaire-bresilienne-affronte-linexplicable\/","url":"https:\/\/planetactus.com\/index.php\/2024\/08\/13\/rencontre-du-troisieme-type-a-claudio-quand-la-police-militaire-bresilienne-affronte-linexplicable\/","name":"Rencontre du Troisi\u00e8me Type \u00e0 Cl\u00e1udio : Quand la Police Militaire Br\u00e9silienne Affronte l'Inexplicable. -","isPartOf":{"@id":"https:\/\/planetactus.com\/#website"},"primaryImageOfPage":{"@id":"https:\/\/planetactus.com\/index.php\/2024\/08\/13\/rencontre-du-troisieme-type-a-claudio-quand-la-police-militaire-bresilienne-affronte-linexplicable\/#primaryimage"},"image":{"@id":"https:\/\/planetactus.com\/index.php\/2024\/08\/13\/rencontre-du-troisieme-type-a-claudio-quand-la-police-militaire-bresilienne-affronte-linexplicable\/#primaryimage"},"thumbnailUrl":"https:\/\/mlrdeoj2ejbf.i.optimole.com\/cb:mvHM.4ca\/w:auto\/h:auto\/q:mauto\/f:best\/https:\/\/i0.wp.com\/planetactus.com\/wp-content\/uploads\/2024\/08\/Rencontre-du-Troisieme-Type_Planet-Actus-IA.jpg?fit=1024%2C1024&ssl=1","datePublished":"2024-08-13T08:18:23+00:00","dateModified":"2024-08-13T08:18:31+00:00","description":"Le Br\u00e9sil, terre de myst\u00e8res et de l\u00e9gendes, a \u00e9t\u00e9 le th\u00e9\u00e2tre en 2008 d'un \u00e9v\u00e9nement qui continue de fasciner les passionn\u00e9s d'ufologie : le \"cas de Cl\u00e1udio\". Cette affaire, qui s'est d\u00e9roul\u00e9e dans la petite ville de Cl\u00e1udio, dans l'\u00c9tat du Minas Gerais, met en sc\u00e8ne des protagonistes peu communs dans ce genre d'histoires : des policiers militaires br\u00e9siliens. \ud83e\ude96\u00a0L'incident a d\u00e9but\u00e9 lorsque ces agents, form\u00e9s pour faire face \u00e0 toutes sortes de situations, se sont retrouv\u00e9s confront\u00e9s \u00e0 des ph\u00e9nom\u00e8nes d\u00e9fiant leur compr\u00e9hension. Des lumi\u00e8res \u00e9tranges dansant dans le ciel nocturne, des objets volants non identifi\u00e9s (OVNIs) effectuant des man\u0153uvres impossibles pour nos technologies actuelles, et plus troublant encore, des rencontres rapproch\u00e9es avec des entit\u00e9s humano\u00efdes brillantes.","breadcrumb":{"@id":"https:\/\/planetactus.com\/index.php\/2024\/08\/13\/rencontre-du-troisieme-type-a-claudio-quand-la-police-militaire-bresilienne-affronte-linexplicable\/#breadcrumb"},"inLanguage":"fr-FR","potentialAction":[{"@type":"ReadAction","target":["https:\/\/planetactus.com\/index.php\/2024\/08\/13\/rencontre-du-troisieme-type-a-claudio-quand-la-police-militaire-bresilienne-affronte-linexplicable\/"]}]},{"@type":"ImageObject","inLanguage":"fr-FR","@id":"https:\/\/planetactus.com\/index.php\/2024\/08\/13\/rencontre-du-troisieme-type-a-claudio-quand-la-police-militaire-bresilienne-affronte-linexplicable\/#primaryimage","url":"https:\/\/mlrdeoj2ejbf.i.optimole.com\/cb:mvHM.4ca\/w:auto\/h:auto\/q:mauto\/f:best\/https:\/\/i0.wp.com\/planetactus.com\/wp-content\/uploads\/2024\/08\/Rencontre-du-Troisieme-Type_Planet-Actus-IA.jpg?fit=1024%2C1024&ssl=1","contentUrl":"https:\/\/mlrdeoj2ejbf.i.optimole.com\/cb:mvHM.4ca\/w:auto\/h:auto\/q:mauto\/f:best\/https:\/\/i0.wp.com\/planetactus.com\/wp-content\/uploads\/2024\/08\/Rencontre-du-Troisieme-Type_Planet-Actus-IA.jpg?fit=1024%2C1024&ssl=1","width":1024,"height":1024},{"@type":"BreadcrumbList","@id":"https:\/\/planetactus.com\/index.php\/2024\/08\/13\/rencontre-du-troisieme-type-a-claudio-quand-la-police-militaire-bresilienne-affronte-linexplicable\/#breadcrumb","itemListElement":[{"@type":"ListItem","position":1,"name":"Accueil","item":"https:\/\/planetactus.com\/"},{"@type":"ListItem","position":2,"name":"Rencontre du Troisi\u00e8me Type \u00e0 Cl\u00e1udio : Quand la Police Militaire Br\u00e9silienne Affronte l&rsquo;Inexplicable."}]},{"@type":"WebSite","@id":"https:\/\/planetactus.com\/#website","url":"https:\/\/planetactus.com\/","name":"PLANET ACTUS","description":"PLANET ACTUS","publisher":{"@id":"https:\/\/planetactus.com\/#\/schema\/person\/fbb75ac73a2424d2e176d31b021372a4"},"potentialAction":[{"@type":"SearchAction","target":{"@type":"EntryPoint","urlTemplate":"https:\/\/planetactus.com\/?s={search_term_string}"},"query-input":{"@type":"PropertyValueSpecification","valueRequired":true,"valueName":"search_term_string"}}],"inLanguage":"fr-FR"},{"@type":["Person","Organization"],"@id":"https:\/\/planetactus.com\/#\/schema\/person\/fbb75ac73a2424d2e176d31b021372a4","name":"planetactus.com","image":{"@type":"ImageObject","inLanguage":"fr-FR","@id":"https:\/\/mlrdeoj2ejbf.i.optimole.com\/cb:mvHM.4ca\/w:auto\/h:auto\/q:mauto\/f:best\/https:\/\/i0.wp.com\/planetactus.com\/wp-content\/uploads\/2024\/07\/cropped-2-Planet-Actus-Banniere-02a.jpg?fit=1189%2C365&ssl=1","url":"https:\/\/mlrdeoj2ejbf.i.optimole.com\/cb:mvHM.4ca\/w:auto\/h:auto\/q:mauto\/f:best\/https:\/\/i0.wp.com\/planetactus.com\/wp-content\/uploads\/2024\/07\/cropped-2-Planet-Actus-Banniere-02a.jpg?fit=1189%2C365&ssl=1","contentUrl":"https:\/\/mlrdeoj2ejbf.i.optimole.com\/cb:mvHM.4ca\/w:auto\/h:auto\/q:mauto\/f:best\/https:\/\/i0.wp.com\/planetactus.com\/wp-content\/uploads\/2024\/07\/cropped-2-Planet-Actus-Banniere-02a.jpg?fit=1189%2C365&ssl=1","width":1189,"height":365,"caption":"planetactus.com"},"logo":{"@id":"https:\/\/mlrdeoj2ejbf.i.optimole.com\/cb:mvHM.4ca\/w:auto\/h:auto\/q:mauto\/f:best\/https:\/\/i0.wp.com\/planetactus.com\/wp-content\/uploads\/2024\/07\/cropped-2-Planet-Actus-Banniere-02a.jpg?fit=1189%2C365&ssl=1"},"sameAs":["http:\/\/planetactus.com","https:\/\/www.facebook.com\/profile.php?id=61561620320740","https:\/\/x.com\/https:\/\/x.com\/PlanetActus","https:\/\/www.youtube.com\/@PlanetActus"],"url":"https:\/\/planetactus.com\/index.php\/author\/admin9861\/"}]}},"jetpack_publicize_connections":[],"jetpack_featured_media_url":"https:\/\/mlrdeoj2ejbf.i.optimole.com\/cb:mvHM.4ca\/w:auto\/h:auto\/q:mauto\/f:best\/https:\/\/i0.wp.com\/planetactus.com\/wp-content\/uploads\/2024\/08\/Rencontre-du-Troisieme-Type_Planet-Actus-IA.jpg?fit=1024%2C1024&ssl=1","jetpack_sharing_enabled":true,"_links":{"self":[{"href":"https:\/\/planetactus.com\/index.php\/wp-json\/wp\/v2\/posts\/1305","targetHints":{"allow":["GET"]}}],"collection":[{"href":"https:\/\/planetactus.com\/index.php\/wp-json\/wp\/v2\/posts"}],"about":[{"href":"https:\/\/planetactus.com\/index.php\/wp-json\/wp\/v2\/types\/post"}],"author":[{"embeddable":true,"href":"https:\/\/planetactus.com\/index.php\/wp-json\/wp\/v2\/users\/1"}],"replies":[{"embeddable":true,"href":"https:\/\/planetactus.com\/index.php\/wp-json\/wp\/v2\/comments?post=1305"}],"version-history":[{"count":3,"href":"https:\/\/planetactus.com\/index.php\/wp-json\/wp\/v2\/posts\/1305\/revisions"}],"predecessor-version":[{"id":1309,"href":"https:\/\/planetactus.com\/index.php\/wp-json\/wp\/v2\/posts\/1305\/revisions\/1309"}],"wp:featuredmedia":[{"embeddable":true,"href":"https:\/\/planetactus.com\/index.php\/wp-json\/wp\/v2\/media\/1307"}],"wp:attachment":[{"href":"https:\/\/planetactus.com\/index.php\/wp-json\/wp\/v2\/media?parent=1305"}],"wp:term":[{"taxonomy":"category","embeddable":true,"href":"https:\/\/planetactus.com\/index.php\/wp-json\/wp\/v2\/categories?post=1305"},{"taxonomy":"post_tag","embeddable":true,"href":"https:\/\/planetactus.com\/index.php\/wp-json\/wp\/v2\/tags?post=1305"}],"curies":[{"name":"wp","href":"https:\/\/api.w.org\/{rel}","templated":true}]}}