{"id":1479,"date":"2024-08-25T18:26:31","date_gmt":"2024-08-25T16:26:31","guid":{"rendered":"https:\/\/planetactus.com\/?p=1479"},"modified":"2025-04-21T14:30:49","modified_gmt":"2025-04-21T12:30:49","slug":"france-de-jean-michel-a-brigitte-trogneux-mensonges-a-lelysee-from-jean-michel-to-brigitte-trogneux-lies-at-the-elysee","status":"publish","type":"post","link":"https:\/\/planetactus.com\/index.php\/2024\/08\/25\/france-de-jean-michel-a-brigitte-trogneux-mensonges-a-lelysee-from-jean-michel-to-brigitte-trogneux-lies-at-the-elysee\/","title":{"rendered":"France\u00a0: De Jean-Michel \u00e0 Brigitte Trogneux, Mensonges \u00e0 l&rsquo;Elys\u00e9e | From Jean-Michel to Brigitte Trogneux, Lies at the Elys\u00e9e."},"content":{"rendered":"\n<p>\ud83d\udccd <strong>Brigittegate, le DOSSIER Pressibus 2022, Journal d&rsquo;Enqu\u00eate Citoyenne<\/strong>. <strong>Derri\u00e8re la l\u00e9gende de Brigitte Macron.<\/strong> <strong><a href=\"http:\/\/pressibus.free.fr\/gen\/trogneux\/indexgb.html\"><mark style=\"background-color:rgba(0, 0, 0, 0)\" class=\"has-inline-color has-vivid-red-color\">The Same Page In English<\/mark><\/a><\/strong> \ud83d\udd17- <strong>Adresse courte de cette page<\/strong> : <a href=\"https:\/\/pressibus.org\/brigitte\"><mark style=\"background-color:rgba(0, 0, 0, 0)\" class=\"has-inline-color has-vivid-red-color\">pressibus.org\/brigitte<\/mark><\/a> \ud83d\udd17<br><br>\ud83d\udca1 <strong>Vous pouvez t\u00e9l\u00e9charger<\/strong> <a href=\"http:\/\/pressibus.free.fr\/gen\/trogneux\/brigitte2.pdf\"><strong><mark style=\"background-color:rgba(0, 0, 0, 0)\" class=\"has-inline-color has-vivid-red-color\">ce dossier au format pdf<\/mark><\/strong><\/a><mark style=\"background-color:rgba(0, 0, 0, 0)\" class=\"has-inline-color has-vivid-red-color\"> <\/mark>(inclus Post-Scriptum jusqu&rsquo;au 24 ao\u00fbt 2024) (22 Mo, <strong>270 pages<\/strong>)<\/p>\n\n\n\n<p><strong>Le volume qu&rsquo;occupe ce dossier ne doit pas d\u00e9tourner le visiteur de l&rsquo;essentiel<\/strong>. Voici, en quelques <strong>questions-r\u00e9ponses<\/strong>, <strong>un court r\u00e9sum\u00e9<\/strong>, existant aussi en <a href=\"http:\/\/pressibus.free.fr\/gen\/trogneux\/pressibusreponses.pdf\"><mark style=\"background-color:rgba(0, 0, 0, 0)\" class=\"has-inline-color has-vivid-red-color\">document pdf<\/mark><\/a> \ud83d\udd17 d&rsquo;une page au format A4 (<strong>\u00e0 imprimer et distribuer<\/strong>&#8230;). <strong>Vous disposez aussi d&rsquo;un<\/strong> <a href=\"http:\/\/pressibus.free.fr\/gen\/trogneux\/pressibusbioJMT.pdf\"><mark style=\"background-color:rgba(0, 0, 0, 0)\" class=\"has-inline-color has-vivid-red-color\">document pdf<\/mark><\/a><mark style=\"background-color:rgba(0, 0, 0, 0)\" class=\"has-inline-color has-vivid-red-color\">\ud83d\udd17 <\/mark>biographique d&rsquo;une double page A4 montrant comment Jean-Michel est devenu Brigitte. <strong>La conclusion<\/strong> du <a href=\"http:\/\/pressibus.free.fr\/gen\/trogneux\/index.html#31\"><mark style=\"background-color:rgba(0, 0, 0, 0)\" class=\"has-inline-color has-vivid-red-color\">chapitre 31<\/mark><\/a> \ud83d\udd17<strong>est plus d\u00e9taill\u00e9e, avec liens vers les autres chapitres et vers les annexes.<\/strong><\/p>\n\n\n\n<p><strong>Le dossier Pressibus en courtes r\u00e9ponses \u00e0 10 questions fr\u00e9quentes<\/strong>&nbsp;: <span style=\"text-decoration: underline;\">Cinq mois d&rsquo;enqu\u00eate citoyenne<\/span> parsem\u00e9e de fausses pistes et d&rsquo;h\u00e9sitations <strong>aboutissent \u00e0 une nouvelle compr\u00e9hension<\/strong>.&nbsp; Voici les r\u00e9ponses qui nous apparaissent les meilleures dans l&rsquo;\u00e9tat de nos connaissances \u00e0 la fin ao\u00fbt 2022.<\/p>\n\n\n\n<p><strong><em>1. Est-on s\u00fbr que Brigitte Macron est n\u00e9e et a grandi homme&nbsp;?<\/em><\/strong><br><strong>Oui<\/strong>. En 1977, une transsexuelle se faisant appeler V\u00e9ronique a \u00e9t\u00e9 interview\u00e9e \u00e0 la t\u00e9l\u00e9vision. Le comparatif audio de sa voix avec celle d&rsquo;un entretien r\u00e9cent de Brigitte Macron prouve que c&rsquo;est la m\u00eame personne. Sans aller jusqu&rsquo;\u00e0 cette preuve scientifique, chacun peut s&rsquo;en rendre compte en \u00e9coutant la juxtaposition des deux voix&nbsp;: la preuve est <a href=\"http:\/\/pressibus.free.fr\/gen\/trogneux\/index.html#rouge1\"><mark style=\"background-color:rgba(0, 0, 0, 0)\" class=\"has-inline-color has-vivid-red-color\">ici<\/mark><\/a><mark style=\"background-color:rgba(0, 0, 0, 0)\" class=\"has-inline-color has-vivid-red-color\"> <\/mark>en une vid\u00e9o de 1mn 27, dans le Chapitre 14.<\/p>\n\n\n\n<p><strong>2. <em>Brigitte Trogneux mari\u00e9e Macron est-elle la m\u00eame personne que son fr\u00e8re Jean-Michel ?<\/em><\/strong><br><strong>Oui<\/strong>. Jean-Michel Trogneux, n\u00e9 en 1945, a effectivement eu une s\u0153ur n\u00e9e en 1953, mais celle-ci est d\u00e9c\u00e9d\u00e9e jeune, d\u00e9but 1961. Ce sont donc deux personnes diff\u00e9rentes. L&rsquo;\u00e9pouse d&rsquo;Emmanuel Macron n&rsquo;est pas cette Brigitte-l\u00e0. Elle est Jean-Michel qui a usurp\u00e9 (r\u00e9incarn\u00e9) l&rsquo;identit\u00e9 de sa s\u0153ur, dont le d\u00e9c\u00e8s n&rsquo;avait pas \u00e9t\u00e9 d\u00e9clar\u00e9, ou a \u00e9t\u00e9 effac\u00e9. C&rsquo;est \u00e0 partir de 1984 environ que Jean-Michel a utilis\u00e9 l&rsquo;identit\u00e9 de sa s\u0153ur disparue, disposant donc de son acte de naissance, sa carte d&rsquo;identit\u00e9, son num\u00e9ro de s\u00e9curit\u00e9 sociale, etc. (<a href=\"http:\/\/pressibus.free.fr\/gen\/trogneux\/index.html#28\"><mark style=\"background-color:rgba(0, 0, 0, 0)\" class=\"has-inline-color has-vivid-red-color\">Chapitre 28<\/mark><\/a>) \ud83d\udd17<\/p>\n\n\n\n<p><strong>3. <em>Jean-Michel Trogneux est-il le p\u00e8re ou la m\u00e8re des trois enfants Auzi\u00e8re&nbsp;?<\/em><\/strong><br><strong>Le p\u00e8re<\/strong>. Puisqu&rsquo;il est n\u00e9 homme. Apr\u00e8s la naissance de sa fille cadette Tiphaine vers 1984, apr\u00e8s avoir pris l&rsquo;identit\u00e9 de sa s\u0153ur Brigitte, il s&rsquo;est fait passer pour leur m\u00e8re.<\/p>\n\n\n\n<p><strong>4. <em>Qu&rsquo;en est-il du premier mariage de Brigitte Macron\u00a0avec Andr\u00e9-Louis Auzi\u00e8re en 1974 ?<\/em><\/strong><br><strong>Il est \u00e0 la fois r\u00e9el et fictif<\/strong>. Fictif car la mari\u00e9e \u00e9tait d\u00e9funte et le mari\u00e9 \u00e9tait imaginaire. R\u00e9el car il a \u00e9t\u00e9 enregistr\u00e9 dans l&rsquo;\u00e9tat civil, sans v\u00e9rification des identit\u00e9s. Nous avons la preuve (<a href=\"http:\/\/pressibus.free.fr\/gen\/trogneux\/index.html#rouge2\"><mark style=\"background-color:rgba(0, 0, 0, 0)\" class=\"has-inline-color has-vivid-red-color\">ici<\/mark><\/a>) \ud83d\udd17dans le Chapitre 30, par comparaison d&rsquo;\u00e9critures manuscrites, que la mari\u00e9e de 1974 n&rsquo;\u00e9tait pas Brigitte Macron. Nous savons qui a jou\u00e9 les r\u00f4les du mari\u00e9 et de la mari\u00e9e.<\/p>\n\n\n\n<p><strong>5. <em>Qui est la m\u00e8re des trois enfants Auzi\u00e8re&nbsp;?<\/em><\/strong><br><strong>Brigitte Auzi\u00e8re<\/strong>. En 1975, 1977, janvier 1984, dates de naissance des trois enfants S\u00e9bastien, Laurence et Tiphaine Auzi\u00e8re, Jean-Michel n&rsquo;a pas encore endoss\u00e9 le r\u00f4le de leur m\u00e8re. Il n&rsquo;est pas non plus mari\u00e9 avec elle. En 1980, il s&rsquo;est m\u00eame mari\u00e9 avec une autre femme, dont il a eu deux enfants, n\u00e9s en 1982 et f\u00e9vrier 1984.<\/p>\n\n\n\n<p><strong>6. <em>Qu&rsquo;est devenue la m\u00e8re des trois enfants&nbsp;?<\/em><\/strong><br><strong>On ne sait pas<\/strong>. Le secret est bien gard\u00e9. Apr\u00e8s janvier 1984, il semble que Brigitte n\u00e9e Auzi\u00e8re ait v\u00e9cu \u00e0 Croix ou \u00e0 Lille, sous un autre nom. Nous avons d&rsquo;elle, \u00e0 cette heure, trois signatures, sa photo de mariage et sa citation au mariage de 1980.<\/p>\n\n\n\n<p><strong>7. <em>Qui a imagin\u00e9 un tel sc\u00e9nario&nbsp;?<\/em><\/strong><br><strong>Jean-Louis Auzi\u00e8re<\/strong>. Cet oncle de Brigitte Auzi\u00e8re, ami de Jean-Michel, a eu un p\u00e8re et un fr\u00e8re dans les services secrets. Il utilise souvent son second pr\u00e9nom, Andr\u00e9, pour se d\u00e9doubler, ce qui l&rsquo;a amen\u00e9 \u00e0 inventer Andr\u00e9 Louis Auzi\u00e8re, mari fictif de la d\u00e9funte Brigitte.<\/p>\n\n\n\n<p><strong>8. <em>La famille Trogneux est-elle complice&nbsp;?<\/em><\/strong><br><strong>Oui<\/strong>. Parents, fr\u00e8res et s\u0153urs ont tous \u00e9t\u00e9 affect\u00e9s par le d\u00e9c\u00e8s de Brigitte en 1961. Ils ont \u00e9t\u00e9 compr\u00e9hensifs quand l&rsquo;un d&rsquo;entre eux, tourment\u00e9 par une \u00a0\u00bb <strong>dysphorie de genre<\/strong> \u00ab\u00a0, l&rsquo;a r\u00e9incarn\u00e9e. Un pacte du silence s&rsquo;est instaur\u00e9. Les trois enfants Auzi\u00e8re y ont aussi adh\u00e9r\u00e9.<br><\/p>\n\n\n\n<p><strong>9. <em>La photo de famille Trogneux des ann\u00e9es 50 est-elle truqu\u00e9e&nbsp;?<\/em><\/strong><br><strong>Non<\/strong>, sauf peut-\u00eatre des retouches accessoires. Elle pr\u00e9sente les parents et leurs six enfants \u00e0 l&rsquo;automne 1954. Jean-Michel, 9 ans et demi, est \u00e0 gauche, Brigitte, 1 an et demi, sur les genoux de sa m\u00e8re.<\/p>\n\n\n\n<p><strong>10. <em>Tout cela est-il l\u00e9gal&nbsp;?<\/em><\/strong><br><strong>Non<\/strong>. Il est interdit d&rsquo;usurper l&rsquo;identit\u00e9 d&rsquo;une personne d\u00e9c\u00e9d\u00e9e, que sa mort ait \u00e9t\u00e9 d\u00e9clar\u00e9e ou pas.<\/p>\n\n\n\n<p><strong>Introduction : ce n&rsquo;est pas une rumeur mais un solide dossier<\/strong>.<\/p>\n\n\n\n<p><strong>La pr\u00e9sente page<\/strong> est partie des propos que j&rsquo;ai tenus sur Brigitte Macron le mois dernier, en d\u00e9cembre 2021, sur la <a href=\"http:\/\/pressibus.free.fr\/covid\/index.html#brigitte1\"><mark style=\"background-color:rgba(0, 0, 0, 0)\" class=\"has-inline-color has-vivid-red-color\">page voisine<\/mark><\/a> \ud83d\udd17 <strong>consacr\u00e9e \u00e0 la crise du Covid<\/strong>. Apr\u00e8s avoir <strong>pris connaissance de l&rsquo;ensemble du dossier \u00e0 cette date, il m\u2019a paru pertinent de traiter le sujet sous ses principaux angles en privil\u00e9giant l&rsquo;approche g\u00e9n\u00e9alogique parce qu&rsquo;elle permet plus efficacement de comprendre ce qui s&rsquo;est pass\u00e9, parce que j&rsquo;ai de l&rsquo;exp\u00e9rience en la mati\u00e8re et parce que, accessoirement, je suis un lointain cousin par alliance de la famille Trogneux.<\/strong><br><br><strong>Comment s\u2019est impos\u00e9e \u00e0 moi cette affaire ?<\/strong> Il y avait un bout de temps que j&rsquo;entendais des propos pour le moins \u00e9tonnants sur Brigitte Macron n\u00e9e Trogneux, \u00e9pouse du pr\u00e9sident de la R\u00e9publique fran\u00e7aise Emmanuel Macron. <strong>Comme pour beaucoup de gens, il m\u2019\u00e9tait difficile de saisir vraiment les allusions&#8230; A posteriori, je me rends compte que de nombreuses personnes savaient, comme, pour Mitterrand, nombreux savaient avant la r\u00e9v\u00e9lation de l&rsquo;existence d&rsquo;une fille cach\u00e9e.<\/strong><br><br>Le 18 d\u00e9cembre 2021, j&rsquo;ai entendu parler pour la premi\u00e8re fois, dans un <a href=\"https:\/\/lecourrierdesstrateges.fr\/2021\/12\/16\/la-caste-mondialisee-autorisera-t-elle-macron-a-se-presenter-aux-presidentielles\/\"><mark style=\"background-color:rgba(0, 0, 0, 0)\" class=\"has-inline-color has-vivid-red-color\">article<\/mark><\/a> \ud83d\udd17 de Eric Verhaeghe du fait que\u00a0: \u00a0\u00bb <em><strong>la rumeur court avec une vivacit\u00e9 \u00e9trange, affirmant que Brigitte Macron est en r\u00e9alit\u00e9 un homme, ou un transgenre. Cette affirmation initialement parue dans Faits &amp; Documents en octobre 2021 n\u2019avait gu\u00e8re suscit\u00e9 de passion. On se demande bien pourquoi, tout \u00e0 coup, elle s\u2019impose comme un scoop sur les r\u00e9seaux sociaux. L\u00e0 encore, \u00e7a sent la boule puante de campagne <\/strong>\u00a0\u00bb et \u00a0\u00bb <strong>Dans ce chapitre, on versera les paroles perfides prononc\u00e9es par G\u00e9rald Darmanin, \u00e9voquant le mari d\u2019Emmanuel Macron et expliquant que, compte tenu de la violence des attaques personnelles, le Pr\u00e9sident n\u2019\u00e9tait pas encore s\u00fbr de se pr\u00e9senter<\/strong><\/em> \u00a0\u00bb (<strong>>>><\/strong><a href=\"https:\/\/web.archive.org\/web\/20220901000000*\/https:\/ns2017.wordpress.com\/2021\/12\/16\/affaire-brigitte-macron-et-voila-que-le-pauvre-gerald-darmanin-en-perd-les-pedales-video\/amp\/\"><strong><mark style=\"background-color:rgba(0, 0, 0, 0)\" class=\"has-inline-color has-vivid-red-color\">vid\u00e9o<\/mark><\/strong><\/a><strong>>>><\/strong> de 18 secondes\ud83d\udd17). Je n&rsquo;ai pas vraiment tilt\u00e9, puisque c&rsquo;\u00e9tait pr\u00e9sent\u00e9 comme une \u00a0\u00bb <strong><em>rumeur<\/em> <\/strong>\u00ab\u00a0. Une rumeur parmi d&rsquo;autres&#8230;<br><br>Ce m\u00eame 18 d\u00e9cembre, peu apr\u00e8s, j&rsquo;ai trouv\u00e9 un <a href=\"http:\/\/www.altersexualite.com\/spip.php?article1064\"><mark style=\"background-color:rgba(0, 0, 0, 0)\" class=\"has-inline-color has-vivid-red-color\">article<\/mark><\/a> de Lionel Labosse argument\u00e9 qui s&rsquo;appuyait sur le dossier du n\u00b0\u00a0501 du journal \u00a0\u00bb <em><strong>Faits &amp; Documents<\/strong><\/em> \u00a0\u00bb (<mark style=\"background-color:rgba(0, 0, 0, 0)\" class=\"has-inline-color has-vivid-red-color\"><a href=\"http:\/\/pressibus.free.fr\/gen\/trogneux\/brigitte.pdf\">ici<\/a> <\/mark>en pdf)\ud83d\udd17, paru d\u00e9but octobre 2021. <strong>La th\u00e8se \u00e9tait os\u00e9e, \u00e9tait-elle \u00e9tay\u00e9e ?<\/strong><br><br><strong>D\u00e8s cette date et sans attendre<\/strong>, j&rsquo;ai donc pu lire et analyser directement l&rsquo;essentiel du dossier \u00e0 l&rsquo;origine de cette \u00a0\u00bb <strong><em>rumeur<\/em> <\/strong>\u00a0\u00bb avan\u00e7ant l\u2019hypoth\u00e8se que Brigitte Macron serait selon le vocabulaire actuel un \u00a0\u00bb <em><strong>homme transgenre<\/strong><\/em> \u00ab\u00a0, un individu de sexe m\u00e2le qui aurait pris l\u2019apparence sociale d\u2019une femme. Il s&rsquo;agit d&rsquo;une longue enqu\u00eate de Xavier Poussard, journaliste d&rsquo;investigation, comme il y en a trop peu actuellement. Je l&rsquo;ai trouv\u00e9e bien charpent\u00e9e, posant des questions pertinentes et \u00e9mettant des hypoth\u00e8ses de bon sens. En tant que passionn\u00e9 de g\u00e9n\u00e9alogie, j&rsquo;ai l&rsquo;habitude de mener de telles enqu\u00eates pour retrouver les parents d&rsquo;un anc\u00eatre, soupeser chaque hypoth\u00e8se&#8230; La recherche des documents d\u2019archive, administrative, ou biographique, est bien men\u00e9e par l&rsquo;auteur. Il constate leur absence en grand nombre, ce qui lui appara\u00eet tr\u00e8s vite suspect. Et il en va de m\u00eame de certaines incoh\u00e9rences qui semblent voulues, probablement pour brouiller les pistes.<br><br>Apr\u00e8s cette premi\u00e8re \u00e9tude du dossier et avant d\u2019entreprendre une analyse plus approfondie de son contenu, j&rsquo;ai voulu conna\u00eetre les contre-arguments. Quelle ne fut pas ma surprise\u00a0! Alors que cette r\u00e9v\u00e9lation enflammait la chronique dans les r\u00e9seaux sociaux (auxquels je ne participe pas) depuis cinq jours, je n&rsquo;ai rien trouv\u00e9 de s\u00e9rieux dans la presse officielle pour arr\u00eater net la rumeur. C&rsquo;\u00e9tait pourtant tr\u00e8s facile, il suffisait par exemple que Brigitte et Jean-Michel se pr\u00e9sentent ensemble devant un m\u00e9dia. Pourquoi ne pas l&rsquo;avoir d\u00e9j\u00e0 fait\u00a0?<\/p>\n\n\n\n<p><strong>Dans le contexte actuel<\/strong>, ce vide est le signe d&rsquo;un grand embarras, car, on le sait, les \u00a0\u00bb <em><strong>fake news<\/strong><\/em> \u00a0\u00bb sont tr\u00e8s vite d\u00e9menties. Le journal \u00a0\u00bb Lib\u00e9ration \u00a0\u00bb mobilis\u00e9 en premi\u00e8re ligne pour sauver la respectabilit\u00e9 du couple pr\u00e9sidentiel, pr\u00e9sentait bien une \u00a0\u00bb <em><a href=\"https:\/\/www.liberation.fr\/checknews\/jeanmicheltrogneux-quelle-est-lorigine-de-la-fake-news-transphobe-visant-brigitte-macron-20211215_VADA3N3GAZDBJESOF2MYYAVEII\/\"><mark style=\"background-color:rgba(0, 0, 0, 0)\" class=\"has-inline-color has-vivid-red-color\">checknews<\/mark><\/a><\/em> \u00ab\u00a0, qui fut reprise, faute de mieux, dans quelques autres journaux. Je l&rsquo;ai lue avec attention, elle \u00e9tait d&rsquo;une vacuit\u00e9 compl\u00e8te sur les faits et ne faisait qu&rsquo;encha\u00eener les attaques ad personam pour discr\u00e9diter l\u2019enqu\u00eatrice Natacha Rey, celle qui a d\u00e9voil\u00e9 les points les plus difficiles \u00e0 trouver de cette affaire, malgr\u00e9 que les services de l&rsquo;Elys\u00e9e l&rsquo;aient parsem\u00e9e de fausses pistes.<br><br><strong>Malgr\u00e9 l\u2019\u00e9normit\u00e9 de l\u2019attaque, le contraste entre le s\u00e9rieux du dossier \u00e0 charge et la vacuit\u00e9 factuelle des plaidoiries journalistiques de \u00ab\u00a0Lib\u00e9ration\u00a0\u00bb m&rsquo;a donn\u00e9 l&rsquo;intime conviction que Xavier Poussard et Natacha Rey disent vrai<\/strong> : Emmanuel Macron, n\u00e9 en 1977, a \u00e9pous\u00e9 en 2007 Jean-Michel Trogneux n\u00e9 en 1945, alors devenu sa soeur fictive Brigitte n\u00e9e en 1953. La transformation se serait faite \u00e0 la fin des ann\u00e9es 1970. Avant Brigitte n&rsquo;existait pas ou a \u00e9t\u00e9 \u00a0\u00bb <strong><em>fabriqu\u00e9e<\/em> <\/strong>\u00a0\u00bb a posteriori, apr\u00e8s Jean-Michel a disparu [P.-S. du 15 septembre 2022 : je laisse cette vision de l&rsquo;affaire que j&rsquo;avais en janvier\u00a0; on sait, depuis, qu&rsquo;elle n&rsquo;est pas rigoureusement exacte]. De p\u00e8re de ses trois enfants, il serait devenu leur m\u00e8re. Sur cette base, <strong>j&rsquo;ai proc\u00e9d\u00e9 comme je le fais en g\u00e9n\u00e9alogie<\/strong>\u00a0: j&rsquo;ai adopt\u00e9 l&rsquo;hypoth\u00e8se, pour ensuite rechercher les faits qui permettent de la pr\u00e9ciser. <strong>Devais-je faire une large place \u00e0 cette affaire (d\u2019Etat) <a href=\"http:\/\/pressibus.free.fr\/covid\/index.html\"><mark style=\"background-color:rgba(0, 0, 0, 0)\" class=\"has-inline-color has-vivid-red-color\">sur ma page consacr\u00e9e au Covid<\/mark><\/a>\u00a0\ud83d\udd17<\/strong> <strong>?<\/strong> J&rsquo;ai rapidement r\u00e9pondu oui pour les raisons qui seront pr\u00e9sent\u00e9es plus loin et j&rsquo;ai donc \u00e9t\u00e9 l&rsquo;un des premiers \u00e0 reprendre cette information sur un blog. <span style=\"text-decoration: underline;\">La menace d&rsquo;une plainte<\/span> agit\u00e9e par l&rsquo;Elys\u00e9e et rapport\u00e9e par \u00a0\u00bb <strong>Lib\u00e9ration <\/strong>\u00a0\u00bb <span style=\"text-decoration: underline;\">m&rsquo;apparaissait tr\u00e8s factice face \u00e0 la r\u00e9alit\u00e9 des faits<\/span>.<br><br>La pr\u00e9sente page est commenc\u00e9e le 14 janvier 2022, presqu&rsquo;un mois apr\u00e8s ma d\u00e9couverte de cette affaire Brigitte que j&rsquo;appelle \u00ab\u00a0<em><strong>le brigittegate<\/strong><\/em>\u00ab\u00a0. Je la r\u00e9alise parce que, visiblement les m\u00e9dias et politiques (dont mon d\u00e9put\u00e9, on le verra) ont d\u00e9cid\u00e9, faute de mieux, de marginaliser l&rsquo;affaire et de la traiter par le m\u00e9pris comme une rumeur et un tissu de mensonges. Il convient donc d&rsquo;essayer de convaincre les internautes du bien-fond\u00e9 des interrogations et de l&rsquo;hypoth\u00e8se retenue. Je m&rsquo;y essaye au moyen d&rsquo;un d\u00e9coupage en chapitres qui, je l&rsquo;esp\u00e8re, permettra au lecteur de s&rsquo;orienter vers ses points d&rsquo;accroche.<br><br>Comme l&rsquo;\u00e9crit Xavier Poussard \u00a0\u00bb <em><strong>La difficult\u00e9 de cette enqu\u00eate est de d\u00e9m\u00ealer le vrai du faux<\/strong><\/em> \u00ab\u00a0. <span style=\"text-decoration: underline;\">Ce n&rsquo;est pas facile<\/span>, j&rsquo;essaye mais il est possible que sur quelques points, que je pense secondaires, cette reconnaissance du vrai ou du faux soit contestable. Le sachant, j&rsquo;apporterai des rectifications. J&rsquo;ajoute que, par moi-m\u00eame, <strong>je n&rsquo;apporte rien de nouveau hormis mon lien de cousinage et une datation de photo en 1953\/1954, je ne fais que reprendre des informations d\u00e9j\u00e0 existantes par ailleurs.<\/strong><br><br><strong>J&rsquo;invite chaque lecteur \u00e0 se faire son opinion en confrontant l&rsquo;hypoth\u00e8se ici pr\u00e9sent\u00e9e avec la l\u00e9gende racont\u00e9e par les grands m\u00e9dias, en se basant sur la vraisemblance et la coh\u00e9rence des faits<\/strong>. Lire la suite sur [<a href=\"http:\/\/pressibus.free.fr\/gen\/trogneux\/index.html\"><mark style=\"background-color:rgba(0, 0, 0, 0)\" class=\"has-inline-color has-vivid-red-color\">PressiBus Free<\/mark><\/a>] \ud83d\udd17<\/p>\n\n\n\n<p><span style=\"text-decoration: underline;\">Sur le m\u00eame sujet<\/span>&nbsp;:<\/p>\n\n\n\n<p>\u25a0 <strong><mark style=\"background-color:rgba(0, 0, 0, 0)\" class=\"has-inline-color has-vivid-red-color\">BRIGITTE MACRON :<\/mark> <\/strong><a href=\"https:\/\/youtu.be\/KVb-TdU-0nA\"><strong>LA V\u00c9RIT\u00c9 SUR L&rsquo;AFFAIRE TROGNEUX<\/strong><\/a> \ud83d\udd17<\/p>\n\n\n\n<p><strong>Brigitte Macron est-elle un homme ? Cette question, aussi surr\u00e9aliste qu&rsquo;elle soit, a agit\u00e9 Internet et les m\u00e9dias, jusqu&rsquo;\u00e0 s\u2019immiscer au sein des foyers. Pour certains, Brigitte Macron serait un homme transsexuel. Plus croustillant encore, elle serait en r\u00e9alit\u00e9 son fr\u00e8re, Jean-Michel Trogneux, qui aurait chang\u00e9 de sexe. D\u00e9cryptage.<\/strong><\/p>\n\n\n\n<figure class=\"wp-block-embed aligncenter is-type-video is-provider-youtube wp-block-embed-youtube wp-embed-aspect-16-9 wp-has-aspect-ratio\"><div class=\"wp-block-embed__wrapper\">\n<iframe  id=\"_ytid_86997\"  width=\"640\" height=\"360\"  data-origwidth=\"640\" data-origheight=\"360\" src=\"https:\/\/www.youtube.com\/embed\/KVb-TdU-0nA?enablejsapi=1&#038;autoplay=0&#038;cc_load_policy=0&#038;cc_lang_pref=&#038;iv_load_policy=1&#038;loop=0&#038;rel=1&#038;fs=1&#038;playsinline=0&#038;autohide=2&#038;theme=dark&#038;color=red&#038;controls=1&#038;disablekb=0&#038;\" class=\"__youtube_prefs__  epyt-is-override  no-lazyload\" title=\"YouTube player\"  allow=\"fullscreen; accelerometer; autoplay; clipboard-write; encrypted-media; gyroscope; picture-in-picture; web-share\" referrerpolicy=\"strict-origin-when-cross-origin\" allowfullscreen data-no-lazy=\"1\" data-skipgform_ajax_framebjll=\"\"><\/iframe>\n<\/div><figcaption class=\"wp-element-caption\"><strong>BLAST, Le souffle de l&rsquo;info<\/strong> \ud83d\udd17<\/figcaption><\/figure>\n\n\n\n<p>\u25a0 <strong><mark style=\"background-color:rgba(0, 0, 0, 0)\" class=\"has-inline-color has-vivid-red-color\">LA PREUVE ULTIME : <\/mark><a href=\"https:\/\/youtu.be\/nuB5jR5HJko\">BRIGITTE MACRON EST JEAN-MICHEL TROGNEUX ?<\/a> \ud83d\udd17<\/strong> <mark style=\"background-color:rgba(0, 0, 0, 0)\" class=\"has-inline-color has-vivid-red-color\"><strong>| XAVIER POUSSARD G\u00c9OPOLITIQUE PROFONDE<\/strong>.<\/mark><\/p>\n\n\n\n<figure class=\"wp-block-embed aligncenter is-type-video is-provider-youtube wp-block-embed-youtube wp-embed-aspect-16-9 wp-has-aspect-ratio\"><div class=\"wp-block-embed__wrapper\">\n<iframe  id=\"_ytid_59543\"  width=\"640\" height=\"360\"  data-origwidth=\"640\" data-origheight=\"360\" src=\"https:\/\/www.youtube.com\/embed\/nuB5jR5HJko?enablejsapi=1&#038;autoplay=0&#038;cc_load_policy=0&#038;cc_lang_pref=&#038;iv_load_policy=1&#038;loop=0&#038;rel=1&#038;fs=1&#038;playsinline=0&#038;autohide=2&#038;theme=dark&#038;color=red&#038;controls=1&#038;disablekb=0&#038;\" class=\"__youtube_prefs__  epyt-is-override  no-lazyload\" title=\"YouTube player\"  allow=\"fullscreen; accelerometer; autoplay; clipboard-write; encrypted-media; gyroscope; picture-in-picture; web-share\" referrerpolicy=\"strict-origin-when-cross-origin\" allowfullscreen data-no-lazy=\"1\" data-skipgform_ajax_framebjll=\"\"><\/iframe>\n<\/div><figcaption class=\"wp-element-caption\"><a href=\"https:\/\/youtu.be\/nuB5jR5HJko\">G\u00c9OPOLITIQUE PROFONDE<\/a> \ud83d\udd17<\/figcaption><\/figure>\n\n\n\n<p>\u25a0 <strong><mark style=\"background-color:rgba(0, 0, 0, 0)\" class=\"has-inline-color has-vivid-red-color\">L&rsquo;affaire Brigitte MACRON :<\/mark> <\/strong><a href=\"https:\/\/youtu.be\/clX9J55J73A\"><strong>Les Liens Occultes de la Macronie<\/strong><\/a> \ud83d\udd17<\/p>\n\n\n\n<figure class=\"wp-block-embed aligncenter is-type-video is-provider-youtube wp-block-embed-youtube wp-embed-aspect-16-9 wp-has-aspect-ratio\"><div class=\"wp-block-embed__wrapper\">\n<iframe  id=\"_ytid_71951\"  width=\"640\" height=\"360\"  data-origwidth=\"640\" data-origheight=\"360\" src=\"https:\/\/www.youtube.com\/embed\/clX9J55J73A?enablejsapi=1&#038;autoplay=0&#038;cc_load_policy=0&#038;cc_lang_pref=&#038;iv_load_policy=1&#038;loop=0&#038;rel=1&#038;fs=1&#038;playsinline=0&#038;autohide=2&#038;theme=dark&#038;color=red&#038;controls=1&#038;disablekb=0&#038;\" class=\"__youtube_prefs__  epyt-is-override  no-lazyload\" title=\"YouTube player\"  allow=\"fullscreen; accelerometer; autoplay; clipboard-write; encrypted-media; gyroscope; picture-in-picture; web-share\" referrerpolicy=\"strict-origin-when-cross-origin\" allowfullscreen data-no-lazy=\"1\" data-skipgform_ajax_framebjll=\"\"><\/iframe>\n<\/div><figcaption class=\"wp-element-caption\"><a href=\"https:\/\/youtu.be\/clX9J55J73A\"><strong>Le Gaulois R\u00e9fl\u00e9chit<\/strong> <\/a>\ud83d\udd17<\/figcaption><\/figure>\n\n\n\n<p><span style=\"text-decoration: underline;\">Tu pourrais aussi aimer<\/span> :<\/p>\n\n\n\n<p>\u25a0 <strong><a href=\"https:\/\/www.google.com\/search?client=firefox-b-d&amp;q=jupiter+emmanuel+macron\"><mark style=\"background-color:rgba(0, 0, 0, 0)\" class=\"has-inline-color has-vivid-red-color\">Jupiter <\/mark><\/a>: le nom du groupe de Brigitte Macron sur Telegram : Pas encore candidat \u00e0 l\u2019\u00e9lection pr\u00e9sidentielle qu\u2019Emmanuel Macron parlait d\u00e9j\u00e0 de pr\u00e9sidence \u00ab jupit\u00e9rienne \u00bb ; Jupiter, un nom comme une id\u00e9e fixe, dont s\u2019est m\u00eame servie pendant la campagne, Brigitte Macron pour baptiser le groupe de discussions du premier cercle de son \u00e9poux sur l\u2019application Telegram<\/strong>. Lire la suite <a href=\"https:\/\/www.gala.fr\/l_actu\/news_de_stars\/jupiter_le_nom_du_groupe_de_brigitte_macron_sur_telegram_399960\"><mark style=\"background-color:rgba(0, 0, 0, 0)\" class=\"has-inline-color has-vivid-red-color\">sur Gala<\/mark><\/a><mark style=\"background-color:rgba(0, 0, 0, 0)\" class=\"has-inline-color has-vivid-red-color\"><a href=\"https:\/\/www.gala.fr\/l_actu\/news_de_stars\/jupiter_le_nom_du_groupe_de_brigitte_macron_sur_telegram_399960\"><br><\/a><\/mark><a href=\"https:\/\/www.gala.fr\/l_actu\/news_de_stars\/jupiter_le_nom_du_groupe_de_brigitte_macron_sur_telegram_399960\"><mark style=\"background-color:rgba(0, 0, 0, 0)\" class=\"has-inline-color has-vivid-red-color\">Stars : Toute l&rsquo;Actu des Stars<\/mark><\/a> \ud83d\udd17<\/p>\n\n\n\n<p><strong>Bon(ne) Lecture et Visionnage !<\/strong><\/p>\n\n\n\n<p><strong>\ud83d\udccdNote importante&nbsp;: Tous les Articles, les Vid\u00e9os et Podcast, les Tribunes Libres et Commentaires sont la Responsabilit\u00e9 Exclusive de leurs Auteurs Respectifs. <a href=\"https:\/\/planetactus.com\/\"><mark style=\"background-color:rgba(0, 0, 0, 0)\" class=\"has-inline-color has-vivid-red-color\">Planetactus.com<\/mark><\/a> ne peut en aucun cas \u00eatre tenu responsable du contenu ou de l&rsquo;orientation de ces \u00e9l\u00e9ments.&nbsp;<\/strong><\/p>\n\n\n\n<p>\ud83d\udef8&nbsp;<a href=\"https:\/\/t.me\/ufo_planetactus_sightings\"><mark style=\"background-color:rgba(0, 0, 0, 0)\" class=\"has-inline-color has-vivid-red-color\">Ufo Planet Actus Sightings Investigations<\/mark><\/a><mark style=\"background-color:rgba(0, 0, 0, 0)\" class=\"has-inline-color has-vivid-red-color\">&nbsp;<\/mark>\ud83d\udc7d<br>\ud83e\ude90&nbsp;<a href=\"https:\/\/t.me\/planetactus\"><mark style=\"background-color:rgba(0, 0, 0, 0)\" class=\"has-inline-color has-vivid-red-color\">Planet Actus&nbsp;True News Letters<\/mark><\/a><mark style=\"background-color:rgba(0, 0, 0, 0)\" class=\"has-inline-color has-vivid-red-color\">&nbsp;<\/mark>\ud83d\uddde<br>\ud83d\udcbb&nbsp;<a href=\"https:\/\/planetactus.com\/\"><mark style=\"background-color:rgba(0, 0, 0, 0)\" class=\"has-inline-color has-vivid-red-color\">Planet Actus.com<\/mark><\/a>&nbsp;\ud83e\ude90<\/p>\n\n\n<div class=\"wp-block-post-author\"><div class=\"wp-block-post-author__avatar\"><img decoding=async data-opt-id=1391982141  fetchpriority=\"high\" alt='' src='\/\/www.gravatar.com\/avatar\/1f651b4ef1fc23d4d1601d6f2649258e?s=48&#038;r=g&#038;d=mm' srcset='\/\/www.gravatar.com\/avatar\/1f651b4ef1fc23d4d1601d6f2649258e?s=48&#038;r=g&#038;d=mm 2x' class='avatar avatar-48 photo' height='48' width='48' \/><\/div><div class=\"wp-block-post-author__content\"><p class=\"wp-block-post-author__byline\"><a href=\"http:\/\/planetactus.com\">planetactus<\/a><\/p><p class=\"wp-block-post-author__name\">planetactus.com<\/p><\/div><\/div>\n\n\n<p><br><strong>&nbsp;<\/strong><\/p>\n\n\n\n<p><\/p>\n<div class=\"gsp_post_data\" \r\n\t            data-post_type=\"post\" \r\n\t            data-cat=\"a-la-une,enquetes-dinvestigations,international,mysteres,opinion,secrets-histoires\" \r\n\t            data-modified=\"120\"\r\n\t            data-created=\"1724610391\"\r\n\t            data-title=\"France\u00a0: De Jean-Michel \u00e0 Brigitte Trogneux, Mensonges \u00e0 l&rsquo;Elys\u00e9e | From Jean-Michel to Brigitte Trogneux, Lies at the Elys\u00e9e.\" \r\n\t            data-home=\"https:\/\/planetactus.com\"><\/div>","protected":false},"excerpt":{"rendered":"<p> Brigittegate, le DOSSIER Pressibus 2022, Journal d&rsquo;Enqu\u00eate Citoyenne. Derri\u00e8re la l\u00e9gende de Brigitte Macron. The Same Page In English &#8211; Adresse courte de cette page : pressibus.org\/brigitte.<\/p>\n","protected":false},"author":1,"featured_media":1487,"comment_status":"open","ping_status":"open","sticky":false,"template":"","format":"standard","meta":{"_bbp_topic_count":0,"_bbp_reply_count":0,"_bbp_total_topic_count":0,"_bbp_total_reply_count":0,"_bbp_voice_count":0,"_bbp_anonymous_reply_count":0,"_bbp_topic_count_hidden":0,"_bbp_reply_count_hidden":0,"_bbp_forum_subforum_count":0,"fifu_image_url":"","fifu_image_alt":"","_jetpack_memberships_contains_paid_content":false,"footnotes":"","jetpack_publicize_message":"","jetpack_publicize_feature_enabled":true,"jetpack_social_post_already_shared":false,"jetpack_social_options":{"image_generator_settings":{"template":"highway","default_image_id":0,"font":"","enabled":false},"version":2}},"categories":[19,50,21,36,13,18],"tags":[],"class_list":["post-1479","post","type-post","status-publish","format-standard","has-post-thumbnail","hentry","category-a-la-une","category-enquetes-dinvestigations","category-international","category-mysteres","category-opinion","category-secrets-histoires"],"featured_image_src":"https:\/\/mlrdeoj2ejbf.i.optimole.com\/cb:mvHM.4ca\/w:auto\/h:auto\/q:mauto\/f:best\/https:\/\/i0.wp.com\/planetactus.com\/wp-content\/uploads\/2024\/08\/France-Mensonge-a-lElysee_Planetactus_IA.webp?fit=1024%2C1024&ssl=1","author_info":{"display_name":"planetactus.com","author_link":"https:\/\/planetactus.com\/index.php\/author\/admin9861\/"},"yoast_head":"<!-- This site is optimized with the Yoast SEO plugin v27.5 - https:\/\/yoast.com\/product\/yoast-seo-wordpress\/ -->\n<title>France\u00a0: De Jean-Michel \u00e0 Brigitte Trogneux, Mensonges \u00e0 l&#039;Elys\u00e9e | From Jean-Michel to Brigitte Trogneux, Lies at the Elys\u00e9e. -<\/title>\n<meta name=\"description\" content=\"Brigittegate, le DOSSIER Pressibus 2022, Journal d&#039;Enqu\u00eate Citoyenne. Derri\u00e8re la l\u00e9gende de Brigitte Macron. The Same Page In English - Adresse courte de cette page : pressibus.org\/brigitte.\" class=\"yoast-seo-meta-tag\" \/>\n<meta name=\"robots\" content=\"index, follow, max-snippet:-1, max-image-preview:large, max-video-preview:-1\" \/>\n<link rel=\"canonical\" href=\"https:\/\/planetactus.com\/index.php\/2024\/08\/25\/france-de-jean-michel-a-brigitte-trogneux-mensonges-a-lelysee-from-jean-michel-to-brigitte-trogneux-lies-at-the-elysee\/\" class=\"yoast-seo-meta-tag\" \/>\n<meta property=\"og:locale\" content=\"fr_FR\" class=\"yoast-seo-meta-tag\" \/>\n<meta property=\"og:type\" content=\"article\" class=\"yoast-seo-meta-tag\" \/>\n<meta property=\"og:title\" content=\"France\u00a0: De Jean-Michel \u00e0 Brigitte Trogneux, Mensonges \u00e0 l&#039;Elys\u00e9e | From Jean-Michel to Brigitte Trogneux, Lies at the Elys\u00e9e.\" class=\"yoast-seo-meta-tag\" \/>\n<meta property=\"og:description\" content=\"Brigittegate, le DOSSIER Pressibus 2022, Journal d&#039;Enqu\u00eate Citoyenne. Derri\u00e8re la l\u00e9gende de Brigitte Macron. The Same Page In English - Adresse courte de cette page : pressibus.org\/brigitte.\" class=\"yoast-seo-meta-tag\" \/>\n<meta property=\"og:url\" content=\"https:\/\/planetactus.com\/index.php\/2024\/08\/25\/france-de-jean-michel-a-brigitte-trogneux-mensonges-a-lelysee-from-jean-michel-to-brigitte-trogneux-lies-at-the-elysee\/\" class=\"yoast-seo-meta-tag\" \/>\n<meta property=\"article:publisher\" content=\"https:\/\/www.facebook.com\/profile.php?id=61561620320740\" class=\"yoast-seo-meta-tag\" \/>\n<meta property=\"article:author\" content=\"https:\/\/www.facebook.com\/profile.php?id=61561620320740\" class=\"yoast-seo-meta-tag\" \/>\n<meta property=\"article:published_time\" content=\"2024-08-25T16:26:31+00:00\" class=\"yoast-seo-meta-tag\" \/>\n<meta property=\"article:modified_time\" content=\"2025-04-21T12:30:49+00:00\" class=\"yoast-seo-meta-tag\" \/>\n<meta property=\"og:image\" content=\"https:\/\/mlrdeoj2ejbf.i.optimole.com\/cb:mvHM.4ca\/w:auto\/h:auto\/q:mauto\/f:best\/http:\/\/planetactus.com\/wp-content\/uploads\/2024\/08\/France-Mensonge-a-lElysee_Planetactus_IA.webp\" class=\"yoast-seo-meta-tag\" \/>\n\t<meta property=\"og:image:width\" content=\"1024\" class=\"yoast-seo-meta-tag\" \/>\n\t<meta property=\"og:image:height\" content=\"1024\" class=\"yoast-seo-meta-tag\" \/>\n\t<meta property=\"og:image:type\" content=\"image\/webp\" class=\"yoast-seo-meta-tag\" \/>\n<meta name=\"author\" content=\"planetactus.com\" class=\"yoast-seo-meta-tag\" \/>\n<meta name=\"twitter:card\" content=\"summary_large_image\" class=\"yoast-seo-meta-tag\" \/>\n<meta name=\"twitter:title\" content=\"France\u00a0: De Jean-Michel \u00e0 Brigitte Trogneux, Mensonges \u00e0 l&#039;Elys\u00e9e | From Jean-Michel to Brigitte Trogneux, Lies at the Elys\u00e9e.\" class=\"yoast-seo-meta-tag\" \/>\n<meta name=\"twitter:description\" content=\"Brigittegate, le DOSSIER Pressibus 2022, Journal d&#039;Enqu\u00eate Citoyenne. Derri\u00e8re la l\u00e9gende de Brigitte Macron. The Same Page In English - Adresse courte de cette page : pressibus.org\/brigitte.\" class=\"yoast-seo-meta-tag\" \/>\n<meta name=\"twitter:creator\" content=\"@https:\/\/x.com\/PlanetActus\" class=\"yoast-seo-meta-tag\" \/>\n<meta name=\"twitter:site\" content=\"@PlanetActus\" class=\"yoast-seo-meta-tag\" \/>\n<meta name=\"twitter:label1\" content=\"\u00c9crit par\" class=\"yoast-seo-meta-tag\" \/>\n\t<meta name=\"twitter:data1\" content=\"planetactus.com\" class=\"yoast-seo-meta-tag\" \/>\n\t<meta name=\"twitter:label2\" content=\"Dur\u00e9e de lecture estim\u00e9e\" class=\"yoast-seo-meta-tag\" \/>\n\t<meta name=\"twitter:data2\" content=\"11 minutes\" class=\"yoast-seo-meta-tag\" \/>\n<script type=\"application\/ld+json\" class=\"yoast-schema-graph\">{\"@context\":\"https:\\\/\\\/schema.org\",\"@graph\":[{\"@type\":\"Article\",\"@id\":\"https:\\\/\\\/planetactus.com\\\/index.php\\\/2024\\\/08\\\/25\\\/france-de-jean-michel-a-brigitte-trogneux-mensonges-a-lelysee-from-jean-michel-to-brigitte-trogneux-lies-at-the-elysee\\\/#article\",\"isPartOf\":{\"@id\":\"https:\\\/\\\/planetactus.com\\\/index.php\\\/2024\\\/08\\\/25\\\/france-de-jean-michel-a-brigitte-trogneux-mensonges-a-lelysee-from-jean-michel-to-brigitte-trogneux-lies-at-the-elysee\\\/\"},\"author\":{\"name\":\"planetactus.com\",\"@id\":\"https:\\\/\\\/planetactus.com\\\/#\\\/schema\\\/person\\\/fbb75ac73a2424d2e176d31b021372a4\"},\"headline\":\"France\u00a0: De Jean-Michel \u00e0 Brigitte Trogneux, Mensonges \u00e0 l&rsquo;Elys\u00e9e | From Jean-Michel to Brigitte Trogneux, Lies at the Elys\u00e9e.\",\"datePublished\":\"2024-08-25T16:26:31+00:00\",\"dateModified\":\"2025-04-21T12:30:49+00:00\",\"mainEntityOfPage\":{\"@id\":\"https:\\\/\\\/planetactus.com\\\/index.php\\\/2024\\\/08\\\/25\\\/france-de-jean-michel-a-brigitte-trogneux-mensonges-a-lelysee-from-jean-michel-to-brigitte-trogneux-lies-at-the-elysee\\\/\"},\"wordCount\":2449,\"commentCount\":1,\"publisher\":{\"@id\":\"https:\\\/\\\/planetactus.com\\\/#\\\/schema\\\/person\\\/fbb75ac73a2424d2e176d31b021372a4\"},\"image\":{\"@id\":\"https:\\\/\\\/planetactus.com\\\/index.php\\\/2024\\\/08\\\/25\\\/france-de-jean-michel-a-brigitte-trogneux-mensonges-a-lelysee-from-jean-michel-to-brigitte-trogneux-lies-at-the-elysee\\\/#primaryimage\"},\"thumbnailUrl\":\"https:\\/\\/i0.wp.com\\/planetactus.com\\/wp-content\\/uploads\\/2024\\/08\\/France-Mensonge-a-lElysee_Planetactus_IA.webp?fit=1024%2C1024&ssl=1\",\"articleSection\":[\"A la Une\",\"Enqu\u00eates d'Investigations\",\"International\",\"Myst\u00e8res\",\"Opinion\",\"Secrets &amp; Histoires\"],\"inLanguage\":\"fr-FR\",\"potentialAction\":[{\"@type\":\"CommentAction\",\"name\":\"Comment\",\"target\":[\"https:\\\/\\\/planetactus.com\\\/index.php\\\/2024\\\/08\\\/25\\\/france-de-jean-michel-a-brigitte-trogneux-mensonges-a-lelysee-from-jean-michel-to-brigitte-trogneux-lies-at-the-elysee\\\/#respond\"]}]},{\"@type\":\"WebPage\",\"@id\":\"https:\\\/\\\/planetactus.com\\\/index.php\\\/2024\\\/08\\\/25\\\/france-de-jean-michel-a-brigitte-trogneux-mensonges-a-lelysee-from-jean-michel-to-brigitte-trogneux-lies-at-the-elysee\\\/\",\"url\":\"https:\\\/\\\/planetactus.com\\\/index.php\\\/2024\\\/08\\\/25\\\/france-de-jean-michel-a-brigitte-trogneux-mensonges-a-lelysee-from-jean-michel-to-brigitte-trogneux-lies-at-the-elysee\\\/\",\"name\":\"France\u00a0: De Jean-Michel \u00e0 Brigitte Trogneux, Mensonges \u00e0 l'Elys\u00e9e | From Jean-Michel to Brigitte Trogneux, Lies at the Elys\u00e9e. -\",\"isPartOf\":{\"@id\":\"https:\\\/\\\/planetactus.com\\\/#website\"},\"primaryImageOfPage\":{\"@id\":\"https:\\\/\\\/planetactus.com\\\/index.php\\\/2024\\\/08\\\/25\\\/france-de-jean-michel-a-brigitte-trogneux-mensonges-a-lelysee-from-jean-michel-to-brigitte-trogneux-lies-at-the-elysee\\\/#primaryimage\"},\"image\":{\"@id\":\"https:\\\/\\\/planetactus.com\\\/index.php\\\/2024\\\/08\\\/25\\\/france-de-jean-michel-a-brigitte-trogneux-mensonges-a-lelysee-from-jean-michel-to-brigitte-trogneux-lies-at-the-elysee\\\/#primaryimage\"},\"thumbnailUrl\":\"https:\\/\\/i0.wp.com\\/planetactus.com\\/wp-content\\/uploads\\/2024\\/08\\/France-Mensonge-a-lElysee_Planetactus_IA.webp?fit=1024%2C1024&ssl=1\",\"datePublished\":\"2024-08-25T16:26:31+00:00\",\"dateModified\":\"2025-04-21T12:30:49+00:00\",\"description\":\"Brigittegate, le DOSSIER Pressibus 2022, Journal d'Enqu\u00eate Citoyenne. Derri\u00e8re la l\u00e9gende de Brigitte Macron. The Same Page In English - Adresse courte de cette page : pressibus.org\\\/brigitte.\",\"breadcrumb\":{\"@id\":\"https:\\\/\\\/planetactus.com\\\/index.php\\\/2024\\\/08\\\/25\\\/france-de-jean-michel-a-brigitte-trogneux-mensonges-a-lelysee-from-jean-michel-to-brigitte-trogneux-lies-at-the-elysee\\\/#breadcrumb\"},\"inLanguage\":\"fr-FR\",\"potentialAction\":[{\"@type\":\"ReadAction\",\"target\":[\"https:\\\/\\\/planetactus.com\\\/index.php\\\/2024\\\/08\\\/25\\\/france-de-jean-michel-a-brigitte-trogneux-mensonges-a-lelysee-from-jean-michel-to-brigitte-trogneux-lies-at-the-elysee\\\/\"]}]},{\"@type\":\"ImageObject\",\"inLanguage\":\"fr-FR\",\"@id\":\"https:\\\/\\\/planetactus.com\\\/index.php\\\/2024\\\/08\\\/25\\\/france-de-jean-michel-a-brigitte-trogneux-mensonges-a-lelysee-from-jean-michel-to-brigitte-trogneux-lies-at-the-elysee\\\/#primaryimage\",\"url\":\"https:\\/\\/i0.wp.com\\/planetactus.com\\/wp-content\\/uploads\\/2024\\/08\\/France-Mensonge-a-lElysee_Planetactus_IA.webp?fit=1024%2C1024&ssl=1\",\"contentUrl\":\"https:\\/\\/i0.wp.com\\/planetactus.com\\/wp-content\\/uploads\\/2024\\/08\\/France-Mensonge-a-lElysee_Planetactus_IA.webp?fit=1024%2C1024&ssl=1\",\"width\":1024,\"height\":1024,\"caption\":\"France-Mensonge-a-lElysee_Planetactus_IA.webp\"},{\"@type\":\"BreadcrumbList\",\"@id\":\"https:\\\/\\\/planetactus.com\\\/index.php\\\/2024\\\/08\\\/25\\\/france-de-jean-michel-a-brigitte-trogneux-mensonges-a-lelysee-from-jean-michel-to-brigitte-trogneux-lies-at-the-elysee\\\/#breadcrumb\",\"itemListElement\":[{\"@type\":\"ListItem\",\"position\":1,\"name\":\"Accueil\",\"item\":\"https:\\\/\\\/planetactus.com\\\/\"},{\"@type\":\"ListItem\",\"position\":2,\"name\":\"France\u00a0: De Jean-Michel \u00e0 Brigitte Trogneux, Mensonges \u00e0 l&rsquo;Elys\u00e9e | From Jean-Michel to Brigitte Trogneux, Lies at the Elys\u00e9e.\"}]},{\"@type\":\"WebSite\",\"@id\":\"https:\\\/\\\/planetactus.com\\\/#website\",\"url\":\"https:\\\/\\\/planetactus.com\\\/\",\"name\":\"PLANET ACTUS\",\"description\":\"PLANET ACTUS\",\"publisher\":{\"@id\":\"https:\\\/\\\/planetactus.com\\\/#\\\/schema\\\/person\\\/fbb75ac73a2424d2e176d31b021372a4\"},\"potentialAction\":[{\"@type\":\"SearchAction\",\"target\":{\"@type\":\"EntryPoint\",\"urlTemplate\":\"https:\\\/\\\/planetactus.com\\\/?s={search_term_string}\"},\"query-input\":{\"@type\":\"PropertyValueSpecification\",\"valueRequired\":true,\"valueName\":\"search_term_string\"}}],\"inLanguage\":\"fr-FR\"},{\"@type\":[\"Person\",\"Organization\"],\"@id\":\"https:\\\/\\\/planetactus.com\\\/#\\\/schema\\\/person\\\/fbb75ac73a2424d2e176d31b021372a4\",\"name\":\"planetactus.com\",\"image\":{\"@type\":\"ImageObject\",\"inLanguage\":\"fr-FR\",\"@id\":\"https:\\/\\/i0.wp.com\\/planetactus.com\\/wp-content\\/uploads\\/2024\\/07\\/cropped-2-Planet-Actus-Banniere-02a.jpg?fit=1189%2C365&ssl=1\",\"url\":\"https:\\/\\/i0.wp.com\\/planetactus.com\\/wp-content\\/uploads\\/2024\\/07\\/cropped-2-Planet-Actus-Banniere-02a.jpg?fit=1189%2C365&ssl=1\",\"contentUrl\":\"https:\\/\\/i0.wp.com\\/planetactus.com\\/wp-content\\/uploads\\/2024\\/07\\/cropped-2-Planet-Actus-Banniere-02a.jpg?fit=1189%2C365&ssl=1\",\"width\":1189,\"height\":365,\"caption\":\"planetactus.com\"},\"logo\":{\"@id\":\"https:\\/\\/i0.wp.com\\/planetactus.com\\/wp-content\\/uploads\\/2024\\/07\\/cropped-2-Planet-Actus-Banniere-02a.jpg?fit=1189%2C365&ssl=1\"},\"sameAs\":[\"http:\\\/\\\/planetactus.com\",\"https:\\\/\\\/www.facebook.com\\\/profile.php?id=61561620320740\",\"https:\\\/\\\/x.com\\\/https:\\\/\\\/x.com\\\/PlanetActus\",\"https:\\\/\\\/www.youtube.com\\\/@PlanetActus\"],\"url\":\"https:\\\/\\\/planetactus.com\\\/index.php\\\/author\\\/admin9861\\\/\"}]}<\/script>\n<!-- \/ Yoast SEO plugin. -->","yoast_head_json":{"title":"France\u00a0: De Jean-Michel \u00e0 Brigitte Trogneux, Mensonges \u00e0 l'Elys\u00e9e | From Jean-Michel to Brigitte Trogneux, Lies at the Elys\u00e9e. -","description":"Brigittegate, le DOSSIER Pressibus 2022, Journal d'Enqu\u00eate Citoyenne. Derri\u00e8re la l\u00e9gende de Brigitte Macron. The Same Page In English - Adresse courte de cette page : pressibus.org\/brigitte.","robots":{"index":"index","follow":"follow","max-snippet":"max-snippet:-1","max-image-preview":"max-image-preview:large","max-video-preview":"max-video-preview:-1"},"canonical":"https:\/\/planetactus.com\/index.php\/2024\/08\/25\/france-de-jean-michel-a-brigitte-trogneux-mensonges-a-lelysee-from-jean-michel-to-brigitte-trogneux-lies-at-the-elysee\/","og_locale":"fr_FR","og_type":"article","og_title":"France\u00a0: De Jean-Michel \u00e0 Brigitte Trogneux, Mensonges \u00e0 l'Elys\u00e9e | From Jean-Michel to Brigitte Trogneux, Lies at the Elys\u00e9e.","og_description":"Brigittegate, le DOSSIER Pressibus 2022, Journal d'Enqu\u00eate Citoyenne. Derri\u00e8re la l\u00e9gende de Brigitte Macron. The Same Page In English - Adresse courte de cette page : pressibus.org\/brigitte.","og_url":"https:\/\/planetactus.com\/index.php\/2024\/08\/25\/france-de-jean-michel-a-brigitte-trogneux-mensonges-a-lelysee-from-jean-michel-to-brigitte-trogneux-lies-at-the-elysee\/","article_publisher":"https:\/\/www.facebook.com\/profile.php?id=61561620320740","article_author":"https:\/\/www.facebook.com\/profile.php?id=61561620320740","article_published_time":"2024-08-25T16:26:31+00:00","article_modified_time":"2025-04-21T12:30:49+00:00","og_image":[{"width":1024,"height":1024,"url":"https:\/\/mlrdeoj2ejbf.i.optimole.com\/cb:mvHM.4ca\/w:auto\/h:auto\/q:mauto\/f:best\/http:\/\/planetactus.com\/wp-content\/uploads\/2024\/08\/France-Mensonge-a-lElysee_Planetactus_IA.webp","type":"image\/webp"}],"author":"planetactus.com","twitter_card":"summary_large_image","twitter_title":"France\u00a0: De Jean-Michel \u00e0 Brigitte Trogneux, Mensonges \u00e0 l'Elys\u00e9e | From Jean-Michel to Brigitte Trogneux, Lies at the Elys\u00e9e.","twitter_description":"Brigittegate, le DOSSIER Pressibus 2022, Journal d'Enqu\u00eate Citoyenne. Derri\u00e8re la l\u00e9gende de Brigitte Macron. The Same Page In English - Adresse courte de cette page : pressibus.org\/brigitte.","twitter_creator":"@https:\/\/x.com\/PlanetActus","twitter_site":"@PlanetActus","twitter_misc":{"\u00c9crit par":"planetactus.com","Dur\u00e9e de lecture estim\u00e9e":"11 minutes"},"schema":{"@context":"https:\/\/schema.org","@graph":[{"@type":"Article","@id":"https:\/\/planetactus.com\/index.php\/2024\/08\/25\/france-de-jean-michel-a-brigitte-trogneux-mensonges-a-lelysee-from-jean-michel-to-brigitte-trogneux-lies-at-the-elysee\/#article","isPartOf":{"@id":"https:\/\/planetactus.com\/index.php\/2024\/08\/25\/france-de-jean-michel-a-brigitte-trogneux-mensonges-a-lelysee-from-jean-michel-to-brigitte-trogneux-lies-at-the-elysee\/"},"author":{"name":"planetactus.com","@id":"https:\/\/planetactus.com\/#\/schema\/person\/fbb75ac73a2424d2e176d31b021372a4"},"headline":"France\u00a0: De Jean-Michel \u00e0 Brigitte Trogneux, Mensonges \u00e0 l&rsquo;Elys\u00e9e | From Jean-Michel to Brigitte Trogneux, Lies at the Elys\u00e9e.","datePublished":"2024-08-25T16:26:31+00:00","dateModified":"2025-04-21T12:30:49+00:00","mainEntityOfPage":{"@id":"https:\/\/planetactus.com\/index.php\/2024\/08\/25\/france-de-jean-michel-a-brigitte-trogneux-mensonges-a-lelysee-from-jean-michel-to-brigitte-trogneux-lies-at-the-elysee\/"},"wordCount":2449,"commentCount":1,"publisher":{"@id":"https:\/\/planetactus.com\/#\/schema\/person\/fbb75ac73a2424d2e176d31b021372a4"},"image":{"@id":"https:\/\/planetactus.com\/index.php\/2024\/08\/25\/france-de-jean-michel-a-brigitte-trogneux-mensonges-a-lelysee-from-jean-michel-to-brigitte-trogneux-lies-at-the-elysee\/#primaryimage"},"thumbnailUrl":"https:\/\/mlrdeoj2ejbf.i.optimole.com\/cb:mvHM.4ca\/w:auto\/h:auto\/q:mauto\/f:best\/https:\/\/i0.wp.com\/planetactus.com\/wp-content\/uploads\/2024\/08\/France-Mensonge-a-lElysee_Planetactus_IA.webp?fit=1024%2C1024&ssl=1","articleSection":["A la Une","Enqu\u00eates d'Investigations","International","Myst\u00e8res","Opinion","Secrets &amp; Histoires"],"inLanguage":"fr-FR","potentialAction":[{"@type":"CommentAction","name":"Comment","target":["https:\/\/planetactus.com\/index.php\/2024\/08\/25\/france-de-jean-michel-a-brigitte-trogneux-mensonges-a-lelysee-from-jean-michel-to-brigitte-trogneux-lies-at-the-elysee\/#respond"]}]},{"@type":"WebPage","@id":"https:\/\/planetactus.com\/index.php\/2024\/08\/25\/france-de-jean-michel-a-brigitte-trogneux-mensonges-a-lelysee-from-jean-michel-to-brigitte-trogneux-lies-at-the-elysee\/","url":"https:\/\/planetactus.com\/index.php\/2024\/08\/25\/france-de-jean-michel-a-brigitte-trogneux-mensonges-a-lelysee-from-jean-michel-to-brigitte-trogneux-lies-at-the-elysee\/","name":"France\u00a0: De Jean-Michel \u00e0 Brigitte Trogneux, Mensonges \u00e0 l'Elys\u00e9e | From Jean-Michel to Brigitte Trogneux, Lies at the Elys\u00e9e. -","isPartOf":{"@id":"https:\/\/planetactus.com\/#website"},"primaryImageOfPage":{"@id":"https:\/\/planetactus.com\/index.php\/2024\/08\/25\/france-de-jean-michel-a-brigitte-trogneux-mensonges-a-lelysee-from-jean-michel-to-brigitte-trogneux-lies-at-the-elysee\/#primaryimage"},"image":{"@id":"https:\/\/planetactus.com\/index.php\/2024\/08\/25\/france-de-jean-michel-a-brigitte-trogneux-mensonges-a-lelysee-from-jean-michel-to-brigitte-trogneux-lies-at-the-elysee\/#primaryimage"},"thumbnailUrl":"https:\/\/mlrdeoj2ejbf.i.optimole.com\/cb:mvHM.4ca\/w:auto\/h:auto\/q:mauto\/f:best\/https:\/\/i0.wp.com\/planetactus.com\/wp-content\/uploads\/2024\/08\/France-Mensonge-a-lElysee_Planetactus_IA.webp?fit=1024%2C1024&ssl=1","datePublished":"2024-08-25T16:26:31+00:00","dateModified":"2025-04-21T12:30:49+00:00","description":"Brigittegate, le DOSSIER Pressibus 2022, Journal d'Enqu\u00eate Citoyenne. Derri\u00e8re la l\u00e9gende de Brigitte Macron. The Same Page In English - Adresse courte de cette page : pressibus.org\/brigitte.","breadcrumb":{"@id":"https:\/\/planetactus.com\/index.php\/2024\/08\/25\/france-de-jean-michel-a-brigitte-trogneux-mensonges-a-lelysee-from-jean-michel-to-brigitte-trogneux-lies-at-the-elysee\/#breadcrumb"},"inLanguage":"fr-FR","potentialAction":[{"@type":"ReadAction","target":["https:\/\/planetactus.com\/index.php\/2024\/08\/25\/france-de-jean-michel-a-brigitte-trogneux-mensonges-a-lelysee-from-jean-michel-to-brigitte-trogneux-lies-at-the-elysee\/"]}]},{"@type":"ImageObject","inLanguage":"fr-FR","@id":"https:\/\/planetactus.com\/index.php\/2024\/08\/25\/france-de-jean-michel-a-brigitte-trogneux-mensonges-a-lelysee-from-jean-michel-to-brigitte-trogneux-lies-at-the-elysee\/#primaryimage","url":"https:\/\/mlrdeoj2ejbf.i.optimole.com\/cb:mvHM.4ca\/w:auto\/h:auto\/q:mauto\/f:best\/https:\/\/i0.wp.com\/planetactus.com\/wp-content\/uploads\/2024\/08\/France-Mensonge-a-lElysee_Planetactus_IA.webp?fit=1024%2C1024&ssl=1","contentUrl":"https:\/\/mlrdeoj2ejbf.i.optimole.com\/cb:mvHM.4ca\/w:auto\/h:auto\/q:mauto\/f:best\/https:\/\/i0.wp.com\/planetactus.com\/wp-content\/uploads\/2024\/08\/France-Mensonge-a-lElysee_Planetactus_IA.webp?fit=1024%2C1024&ssl=1","width":1024,"height":1024,"caption":"France-Mensonge-a-lElysee_Planetactus_IA.webp"},{"@type":"BreadcrumbList","@id":"https:\/\/planetactus.com\/index.php\/2024\/08\/25\/france-de-jean-michel-a-brigitte-trogneux-mensonges-a-lelysee-from-jean-michel-to-brigitte-trogneux-lies-at-the-elysee\/#breadcrumb","itemListElement":[{"@type":"ListItem","position":1,"name":"Accueil","item":"https:\/\/planetactus.com\/"},{"@type":"ListItem","position":2,"name":"France\u00a0: De Jean-Michel \u00e0 Brigitte Trogneux, Mensonges \u00e0 l&rsquo;Elys\u00e9e | From Jean-Michel to Brigitte Trogneux, Lies at the Elys\u00e9e."}]},{"@type":"WebSite","@id":"https:\/\/planetactus.com\/#website","url":"https:\/\/planetactus.com\/","name":"PLANET ACTUS","description":"PLANET ACTUS","publisher":{"@id":"https:\/\/planetactus.com\/#\/schema\/person\/fbb75ac73a2424d2e176d31b021372a4"},"potentialAction":[{"@type":"SearchAction","target":{"@type":"EntryPoint","urlTemplate":"https:\/\/planetactus.com\/?s={search_term_string}"},"query-input":{"@type":"PropertyValueSpecification","valueRequired":true,"valueName":"search_term_string"}}],"inLanguage":"fr-FR"},{"@type":["Person","Organization"],"@id":"https:\/\/planetactus.com\/#\/schema\/person\/fbb75ac73a2424d2e176d31b021372a4","name":"planetactus.com","image":{"@type":"ImageObject","inLanguage":"fr-FR","@id":"https:\/\/mlrdeoj2ejbf.i.optimole.com\/cb:mvHM.4ca\/w:auto\/h:auto\/q:mauto\/f:best\/https:\/\/i0.wp.com\/planetactus.com\/wp-content\/uploads\/2024\/07\/cropped-2-Planet-Actus-Banniere-02a.jpg?fit=1189%2C365&ssl=1","url":"https:\/\/mlrdeoj2ejbf.i.optimole.com\/cb:mvHM.4ca\/w:auto\/h:auto\/q:mauto\/f:best\/https:\/\/i0.wp.com\/planetactus.com\/wp-content\/uploads\/2024\/07\/cropped-2-Planet-Actus-Banniere-02a.jpg?fit=1189%2C365&ssl=1","contentUrl":"https:\/\/mlrdeoj2ejbf.i.optimole.com\/cb:mvHM.4ca\/w:auto\/h:auto\/q:mauto\/f:best\/https:\/\/i0.wp.com\/planetactus.com\/wp-content\/uploads\/2024\/07\/cropped-2-Planet-Actus-Banniere-02a.jpg?fit=1189%2C365&ssl=1","width":1189,"height":365,"caption":"planetactus.com"},"logo":{"@id":"https:\/\/mlrdeoj2ejbf.i.optimole.com\/cb:mvHM.4ca\/w:auto\/h:auto\/q:mauto\/f:best\/https:\/\/i0.wp.com\/planetactus.com\/wp-content\/uploads\/2024\/07\/cropped-2-Planet-Actus-Banniere-02a.jpg?fit=1189%2C365&ssl=1"},"sameAs":["http:\/\/planetactus.com","https:\/\/www.facebook.com\/profile.php?id=61561620320740","https:\/\/x.com\/https:\/\/x.com\/PlanetActus","https:\/\/www.youtube.com\/@PlanetActus"],"url":"https:\/\/planetactus.com\/index.php\/author\/admin9861\/"}]}},"jetpack_publicize_connections":[],"jetpack_featured_media_url":"https:\/\/mlrdeoj2ejbf.i.optimole.com\/cb:mvHM.4ca\/w:auto\/h:auto\/q:mauto\/f:best\/https:\/\/i0.wp.com\/planetactus.com\/wp-content\/uploads\/2024\/08\/France-Mensonge-a-lElysee_Planetactus_IA.webp?fit=1024%2C1024&ssl=1","jetpack_sharing_enabled":true,"_links":{"self":[{"href":"https:\/\/planetactus.com\/index.php\/wp-json\/wp\/v2\/posts\/1479","targetHints":{"allow":["GET"]}}],"collection":[{"href":"https:\/\/planetactus.com\/index.php\/wp-json\/wp\/v2\/posts"}],"about":[{"href":"https:\/\/planetactus.com\/index.php\/wp-json\/wp\/v2\/types\/post"}],"author":[{"embeddable":true,"href":"https:\/\/planetactus.com\/index.php\/wp-json\/wp\/v2\/users\/1"}],"replies":[{"embeddable":true,"href":"https:\/\/planetactus.com\/index.php\/wp-json\/wp\/v2\/comments?post=1479"}],"version-history":[{"count":14,"href":"https:\/\/planetactus.com\/index.php\/wp-json\/wp\/v2\/posts\/1479\/revisions"}],"predecessor-version":[{"id":4290,"href":"https:\/\/planetactus.com\/index.php\/wp-json\/wp\/v2\/posts\/1479\/revisions\/4290"}],"wp:featuredmedia":[{"embeddable":true,"href":"https:\/\/planetactus.com\/index.php\/wp-json\/wp\/v2\/media\/1487"}],"wp:attachment":[{"href":"https:\/\/planetactus.com\/index.php\/wp-json\/wp\/v2\/media?parent=1479"}],"wp:term":[{"taxonomy":"category","embeddable":true,"href":"https:\/\/planetactus.com\/index.php\/wp-json\/wp\/v2\/categories?post=1479"},{"taxonomy":"post_tag","embeddable":true,"href":"https:\/\/planetactus.com\/index.php\/wp-json\/wp\/v2\/tags?post=1479"}],"curies":[{"name":"wp","href":"https:\/\/api.w.org\/{rel}","templated":true}]}}