{"id":1497,"date":"2024-08-26T13:40:54","date_gmt":"2024-08-26T11:40:54","guid":{"rendered":"https:\/\/planetactus.com\/?p=1497"},"modified":"2024-08-26T13:43:23","modified_gmt":"2024-08-26T11:43:23","slug":"fuite-explosive-le-fondateur-de-rumble-quitte-leurope-suite-a-larrestation-de-pavel-durov","status":"publish","type":"post","link":"https:\/\/planetactus.com\/index.php\/2024\/08\/26\/fuite-explosive-le-fondateur-de-rumble-quitte-leurope-suite-a-larrestation-de-pavel-durov\/","title":{"rendered":"Fuite Explosive : Le Fondateur de Rumble Quitte l&rsquo;Europe Suite \u00e0 l&rsquo;Arrestation de Pavel Durov"},"content":{"rendered":"\n<p>\ud83d\udccd <strong>Explosive Leak<\/strong> : <strong><a href=\"https:\/\/www.google.com\/search?client=firefox-b-d&amp;q=Le+Fondateur+de+Rumble+Quitte+l%27Europe+\"><mark style=\"background-color:rgba(0, 0, 0, 0)\" class=\"has-inline-color has-vivid-red-color\">Rumble Founder Leaves Europe Following Pavel Durov&rsquo;s Arrest<\/mark><\/a><mark style=\"background-color:rgba(0, 0, 0, 0)\" class=\"has-inline-color has-vivid-red-color\">.<\/mark><\/strong><\/p>\n\n\n\n<p><strong>Le choc est total !<\/strong> <a href=\"https:\/\/x.com\/chrispavlovski\"><mark style=\"background-color:rgba(0, 0, 0, 0)\" class=\"has-inline-color has-vivid-red-color\">Chris Pavlovski<\/mark><\/a> , <strong>le fondateur et PDG de Rumble, <\/strong><a href=\"https:\/\/x.com\/chrispavlovski\/status\/1827658235618144257\"><mark style=\"background-color:rgba(0, 0, 0, 0)\" class=\"has-inline-color has-vivid-red-color\">a pris la fuite<\/mark><\/a><strong> hors d&rsquo;Europe apr\u00e8s l&rsquo;arrestation de Pavel Durov, le fondateur de Telegram, \u00e0 Paris. Cette arrestation, li\u00e9e \u00e0 la mod\u00e9ration de contenu sur Telegram, a provoqu\u00e9 une onde de choc \u00e0 travers l&rsquo;Europe, suscitant m\u00eame des cyberattaques contre des sites fran\u00e7ais.<\/strong><\/p>\n\n\n\n<p><strong>Quelles seront les r\u00e9percussions pour les g\u00e9ants des plateformes num\u00e9riques ?<\/strong><\/p>\n\n\n\n<p>\ud83d\udd17 <span style=\"text-decoration: underline;\">En savoir plus<\/span> :<\/p>\n\n\n\n<p>\u25a0 <strong>ANALYSE<\/strong> [<strong>Arrestation de Pavel Durov : Le patron de Rumble quitte pr\u00e9cipitamment l\u2019Europe<\/strong>]<\/p>\n\n\n\n<p><em><strong>La Libert\u00e9 en question<\/strong>.&nbsp;<\/em>Au d\u00e9but du mois d\u2019ao\u00fbt, dans <span style=\"text-decoration: underline;\">une forme de proph\u00e9tie malheureuse<\/span>, nous publi\u00e2mes un article largement inspir\u00e9 des propos d\u2019Alexandre Stachtchenko qui remettait en question<a href=\"https:\/\/journalducoin.com\/bitcoin\/surveillance-financiere-et-democratie-cryptosphere-inquiete-derives-autoritaires-nos-gouvernants\/\" target=\"_blank\" rel=\"noreferrer noopener\">&nbsp;les notions de libert\u00e9 et de surveillance financi\u00e8re dans nos d\u00e9mocraties lib\u00e9rales<\/a>. Sous couvert de lutter contre le blanchiment d\u2019argent et le financement du terrorisme, notre droit fondamental \u00e0 la&nbsp;<em>Libert\u00e9&nbsp;<\/em>est de plus en plus bafou\u00e9 et la r\u00e9alit\u00e9 de l\u2019actualit\u00e9 est venu confirmer les craintes d\u2019une partie \u00e9clair\u00e9e de la cryptosph\u00e8re : <strong>Pavel Durov, le fondateur de Telegram a \u00e9t\u00e9 arr\u00eat\u00e9 \u00e0 Paris.<\/strong><\/p>\n\n\n\n<p>Manque de mod\u00e9ration sur sa plateforme, accusations de faciliter le blanchiment d\u2019argent et l\u2019acc\u00e8s \u00e0 du&nbsp;contenu p\u00e9docriminel sont les raisons avanc\u00e9es par les officiels fran\u00e7ais selon la&nbsp;<a href=\"https:\/\/www.tf1info.fr\/justice-faits-divers\/info-tf1-lci-le-fondateur-et-pdg-de-la-messagerie-cryptee-telegram-interpelle-en-france-2316072.html\" target=\"_blank\" rel=\"noreferrer noopener\">presse<\/a>. Dans la foul\u00e9e, on apprenait que le fondateur et PDG de la plateforme Rumble, Chris Pavlovski, avait pr\u00e9cipitamment quitt\u00e9 l\u2019Europe par crainte de subir le m\u00eame sort. Retour sur cette information qui jette d\u00e9finitivement l\u2019opprobre sur ce qu\u2019il reste du Pays des Lumi\u00e8res, chaque jour un peu plus grignot\u00e9 par l\u2019ombre de la censure bienveillante.<\/p>\n\n\n\n<p><strong>L\u2019arrestation controvers\u00e9e du patron de Telegram divise l\u2019opinion publique. Lire la suite sur<\/strong> [<a href=\"https:\/\/journalducoin.com\/analyses\/arrestation-pavel-durov-patron-rumble-quitte-europe\"><mark style=\"background-color:rgba(0, 0, 0, 0)\" class=\"has-inline-color has-vivid-red-color\">Le Journal Du Coin<\/mark><\/a>]<\/p>\n\n\n\n<p>\u25a0 [Le PDG de Rumble quitte l&rsquo;Europe apr\u00e8s l&rsquo;arrestation de Pavel Durov] : Chris Pavlovski, fondateur et PDG de Rumble, une plateforme vid\u00e9o en ligne ind\u00e9pendante, a rapport\u00e9 qu\u2019il avait quitt\u00e9 l\u2019Europe apr\u00e8s l\u2019arrestation du PDG de Telegram, Pavel Durov. Pavlovski a critiqu\u00e9 les mesures prises contre Durov, d\u00e9clarant que la France avait \u201cfranchi une ligne rouge\u201d en&nbsp;<a href=\"https:\/\/news.bitcoin.com\/telegram-ceo-pavel-durov-arrested-in-france-ton-price-plummets\/\">l\u2019arr\u00eatant<\/a>&nbsp;pour ne pas avoir censur\u00e9 la parole. \u201cRumble ne tol\u00e9rera pas ce comportement et utilisera tous les moyens l\u00e9gaux disponibles pour lutter pour la libert\u00e9 d\u2019expression, un droit humain universel,\u201d a-t-il&nbsp;<a href=\"https:\/\/x.com\/chrispavlovski\/status\/1827658235618144257?t=0NpiCdq3FoMMBDaDk-LOnQ&amp;s=19\">soulign\u00e9<\/a>. Rumble a \u00e9t\u00e9 interdit en France en raison de son refus de censurer les sources d\u2019informations russes en 2022. Cependant, Pavlovski a not\u00e9 qu\u2019ils combattaient cela devant les tribunaux et a exprim\u00e9 l\u2019espoir d\u2019une lib\u00e9ration imm\u00e9diate de Durov. [<a href=\"https:\/\/news.bitcoin.com\/fr\/le-pdg-de-rumble-quitte-leurope-apres-larrestation-de-pavel-durov\"><mark style=\"background-color:rgba(0, 0, 0, 0)\" class=\"has-inline-color has-vivid-red-color\">Le Bit Coin<\/mark><\/a>]<\/p>\n\n\n\n<p>\u25a0 <strong>[Le fondateur de l&rsquo;h\u00e9bergement vid\u00e9o Rumble quitte l&rsquo;UE apr\u00e8s l&rsquo;arrestation de durov]<\/strong> : <strong>MOSCOU, 25 ao\u00fbt-RIA Novosti.<\/strong>&nbsp;Le fondateur de l&rsquo;h\u00e9bergement vid\u00e9o Rumble, Chris pavlowski, a d\u00e9clar\u00e9 qu&rsquo;il avait quitt\u00e9 l&rsquo;UE en raison des nouvelles de l&rsquo;arrestation de Pavel durov.<\/p>\n\n\n\n<p>\u00a0\u00bb <strong><em>Je suis un peu en retard avec cette d\u00e9claration, mais il y a une bonne raison &#8211; je viens de quitter l&rsquo;Europe en toute s\u00e9curit\u00e9. La France a d\u00e9j\u00e0 menac\u00e9 Rumble, et maintenant ils ont franchi la ligne rouge en arr\u00eatant le chef de Telegram Pavel durov, aurait-il pour ne pas restreindre la libert\u00e9 d&rsquo;expression<\/em><\/strong> \u00ab\u00a0, a-t-il \u00e9crit sur le r\u00e9seau social&nbsp;<a href=\"https:\/\/x.com\/chrispavlovski\/status\/1827658235618144257\" target=\"_blank\" rel=\"noreferrer noopener\"><strong><mark style=\"background-color:rgba(0, 0, 0, 0)\" class=\"has-inline-color has-vivid-red-color\">X<\/mark><\/strong><\/a>.<\/p>\n\n\n\n<p><strong>Pavlowski a \u00e9galement ouvertement d\u00e9clar\u00e9 le soutien de Pavel durov et la poursuite de la lutte pour la libert\u00e9 d&rsquo;expression.<\/strong><\/p>\n\n\n\n<p>\u00a0\u00bb <em><strong>Rumble ne tol\u00e9rera pas un tel comportement et utilisera tous les moyens l\u00e9gaux disponibles pour lutter pour la libert\u00e9 d&rsquo;expression et les droits de l&rsquo;homme. Actuellement, nous nous battons devant les tribunaux fran\u00e7ais et nous esp\u00e9rons la lib\u00e9ration imm\u00e9diate de Pavel durov<\/strong><\/em> \u00ab\u00a0, a d\u00e9clar\u00e9 le chef de l&rsquo;h\u00e9bergement vid\u00e9o. <strong>Lire la suite sur<\/strong> [<a href=\"https:\/\/fr.news-pravda.com\/world\/2024\/08\/25\/229016.html\"><mark style=\"background-color:rgba(0, 0, 0, 0)\" class=\"has-inline-color has-vivid-red-color\">News-Pravda<\/mark><\/a>]<\/p>\n\n\n\n<p><span style=\"text-decoration: underline;\">Sur le m\u00eame sujet<\/span>&nbsp;:<\/p>\n\n\n\n<p>\u25a0 [<strong>Ce que l\u2019on sait de l\u2019arrestation de Pavel Durov, le PDG de Telegram<\/strong>] : <strong>Une arrestation qui secoue le monde de la tech<\/strong>.&nbsp;<a href=\"https:\/\/www.humanite.fr\/monde\/armee-israelienne\/guerre-israel-hamas-les-reseaux-sociaux-au-coeur-des-propagandes\" target=\"_blank\" rel=\"noreferrer noopener\">Le patron de Telegram Pavel Durov<\/a>&nbsp;doit \u00eatre pr\u00e9sent\u00e9 \u00e0 la justice ce dimanche, au lendemain de son interpellation dans un a\u00e9roport parisien, un mandat de recherche ayant \u00e9tant \u00e9mis contre lui par des enqu\u00eateurs fran\u00e7ais visant diverses infractions de sa messagerie crypt\u00e9e.<\/p>\n\n\n\n<p>Accompagn\u00e9 de son garde du corps et de son assistante qui le suivent en permanence, le milliardaire franco-russe de 39&nbsp;ans a \u00e9t\u00e9 interpell\u00e9 samedi soir dans l\u2019a\u00e9rogare du Bourget, au nord de Paris, a dit une source proche du dossier \u00e0 l\u2019AFP. Le fondateur de Telegram avait d\u00e9coll\u00e9 de Bakou (Azerba\u00efdjan) et devait passer au moins la soir\u00e9e \u00e0 Paris o\u00f9 il avait pr\u00e9vu de d\u00eener, a ajout\u00e9 une source proche de l\u2019enqu\u00eate. Lire la suite sur [<a href=\"https:\/\/www.humanite.fr\/societe\/cybercriminalite\/ce-que-lon-sait-de-larrestation-de-pavel-durov-le-pdg-de-lapplication-de-messagerie-cryptee-telegram\"><mark style=\"background-color:rgba(0, 0, 0, 0)\" class=\"has-inline-color has-vivid-red-color\">L\u2019Humanit\u00e9<\/mark><\/a>]<\/p>\n\n\n\n<p>\u25a0 <strong>Paris jette le fondateur de Telegram en prison ! | Idriss Aberkane re\u00e7oit Ma\u00eetre Massimo Bianchi<\/strong>.<\/p>\n\n\n\n<figure class=\"wp-block-embed aligncenter is-type-video is-provider-youtube wp-block-embed-youtube wp-embed-aspect-16-9 wp-has-aspect-ratio\"><div class=\"wp-block-embed__wrapper\">\n<iframe title=\"Paris jette le fondateur de Telegram en prison ! | Idriss Aberkane re\u00e7oit Ma\u00eetre Massimo Bianchi\" width=\"640\" height=\"360\" src=\"https:\/\/www.youtube.com\/embed\/p-BbIWuW7-E?feature=oembed\" frameborder=\"0\" allow=\"accelerometer; autoplay; clipboard-write; encrypted-media; gyroscope; picture-in-picture; web-share\" referrerpolicy=\"strict-origin-when-cross-origin\" allowfullscreen><\/iframe>\n<\/div><figcaption class=\"wp-element-caption\"><strong>Idriss J. Aberkane<\/strong><\/figcaption><\/figure>\n\n\n\n<p>Pavel Durov est un jeune prodige n\u00e9 en 1984, form\u00e9 en philologie \u00e0 l&rsquo;Universit\u00e9 d&rsquo;Etat de Saint-Petersbourg. Il a fond\u00e9 successivement Vkontakte, le Facebook Russe, puis Telegram, application de messagerie tellement s\u00e9curis\u00e9e que m\u00eame les militants macronistes l&rsquo;ont utilis\u00e9e durant leur premi\u00e8re campagne \u00e9lectorale.<\/p>\n\n\n\n<p>C&rsquo;est \u00e9galement un opposant \u00e0 Vladimir Poutine, qui a acquis la nationalit\u00e9 fran\u00e7aise mais aussi celle de Saint-Kitts-et-Nevis par peur de poursuites du Kremlin. Sa plateforme Telegram a en effet \u00e9t\u00e9 utilis\u00e9e par l&rsquo;arm\u00e9e Ukrainienne et par les commanditaires de diff\u00e9rents attentats en Russie.<\/p>\n\n\n\n<p>Coup de th\u00e9\u00e2tre, ce n&rsquo;est pas la Russie qui l&rsquo;arr\u00eate et le menace d&#8217;embl\u00e9e de vingt ans de r\u00e9clusion criminelle, mais bien la France qui lui avait pourtant accord\u00e9 sa nationalit\u00e9. Dans le m\u00eame temps, et pur hasard bien s\u00fbr, Durov avait d\u00e9clar\u00e9 que sa soci\u00e9t\u00e9 avait \u00e9t\u00e9 approch\u00e9e par le FBI pour y installer des \u00a0\u00bb backdoors \u00a0\u00bb (portes arri\u00e8res ou failles de s\u00e9curit\u00e9 d\u00e9lib\u00e9r\u00e9es pour pratiquer la surveillance de masse) et qu&rsquo;il avait refus\u00e9. Telegram avait \u00e9galement h\u00e9berg\u00e9 des sources utilis\u00e9es par Haaretz pour faire des r\u00e9v\u00e9lations fracassantes en Isra\u00ebl<\/p>\n\n\n\n<p>Il ne semble donc plus faire aucun doute quant aux motivations politiques cach\u00e9es de l&rsquo;arrestation du jeune entrepreneur. Nous recevons Ma\u00eetre Massimo Bianchi, p\u00e9naliste international et d&rsquo;ailleurs polyglotte comme Durov, qui a beaucoup exerc\u00e9 dans et aupr\u00e8s de pays d&rsquo;ex-URSS, pour analyser la situation. Avec lui nous simulerons aussi bien la d\u00e9fense que l&rsquo;accusation, en tenant compte du caract\u00e8re hautement politique de cette arrestation. <strong>Idriss J. Aberkane<\/strong><\/p>\n\n\n\n<p>\u25a0 <strong>Lucie Castets, castor ou cheval de Troie de l\u2019\u00c9lys\u00e9e ? P.Durov, le Julien Assange de Macron ?<\/strong><\/p>\n\n\n\n<figure class=\"wp-block-embed aligncenter is-type-video is-provider-youtube wp-block-embed-youtube wp-embed-aspect-16-9 wp-has-aspect-ratio\"><div class=\"wp-block-embed__wrapper\">\n<iframe  id=\"_ytid_70177\"  width=\"640\" height=\"360\"  data-origwidth=\"640\" data-origheight=\"360\" src=\"https:\/\/www.youtube.com\/embed\/rrm5-viJ3Qg?enablejsapi=1&#038;autoplay=0&#038;cc_load_policy=0&#038;cc_lang_pref=&#038;iv_load_policy=1&#038;loop=0&#038;rel=1&#038;fs=1&#038;playsinline=0&#038;autohide=2&#038;theme=dark&#038;color=red&#038;controls=1&#038;disablekb=0&#038;\" class=\"__youtube_prefs__  epyt-is-override  no-lazyload\" title=\"YouTube player\"  allow=\"fullscreen; accelerometer; autoplay; clipboard-write; encrypted-media; gyroscope; picture-in-picture; web-share\" referrerpolicy=\"strict-origin-when-cross-origin\" allowfullscreen data-no-lazy=\"1\" data-skipgform_ajax_framebjll=\"\"><\/iframe>\n<\/div><figcaption class=\"wp-element-caption\"><strong>Louis de Dreslincourt<\/strong><\/figcaption><\/figure>\n\n\n\n<p><span style=\"text-decoration: underline;\">Tu aimera aussi <\/span>: \ud83d\udca1<\/p>\n\n\n\n<p>\u25a0 <a href=\"https:\/\/planetactus.com\/index.php\/2024\/08\/25\/france-de-jean-michel-a-brigitte-trogneux-mensonges-a-lelysee-from-jean-michel-to-brigitte-trogneux-lies-at-the-elysee\/\"><strong><mark style=\"background-color:rgba(0, 0, 0, 0)\" class=\"has-inline-color has-vivid-red-color\">France : De Jean-Michel \u00e0 Brigitte Trogneux, Mensonges \u00e0 l\u2019Elys\u00e9e <\/mark><\/strong><\/a>: &nbsp;<strong>Brigittegate, le DOSSIER Pressibus 2022, Journal d\u2019Enqu\u00eate Citoyenne<\/strong>.&nbsp;<strong>Derri\u00e8re la l\u00e9gende de Brigitte Macron<\/strong>.<\/p>\n\n\n\n<p>\ud83d\udef8\u00a0<a href=\"https:\/\/t.me\/ufo_planetactus_sightings\"><mark style=\"background-color:rgba(0, 0, 0, 0);color:#ef0a0a\" class=\"has-inline-color\">Ufo Planet Actus Sightings Investigations<\/mark><\/a>\u00a0\ud83d\udc7d<br>\ud83e\ude90\u00a0<a href=\"https:\/\/t.me\/planetactus\"><mark style=\"background-color:rgba(0, 0, 0, 0)\" class=\"has-inline-color has-vivid-red-color\">Planet Actus\u00a0True News Letters<\/mark><\/a><mark style=\"background-color:rgba(0, 0, 0, 0)\" class=\"has-inline-color has-vivid-red-color\">\u00a0<\/mark>\ud83d\uddde<br>\ud83d\udcbb\u00a0<a href=\"https:\/\/planetactus.com\/\"><mark style=\"background-color:rgba(0, 0, 0, 0)\" class=\"has-inline-color has-vivid-red-color\">Planet Actus.com<\/mark><\/a><mark style=\"background-color:rgba(0, 0, 0, 0)\" class=\"has-inline-color has-vivid-red-color\">\u00a0<\/mark>\ud83e\ude90<\/p>\n\n\n<div class=\"wp-block-post-author\"><div class=\"wp-block-post-author__avatar\"><img decoding=async data-opt-id=1391982141  fetchpriority=\"high\" alt='' src='\/\/www.gravatar.com\/avatar\/1f651b4ef1fc23d4d1601d6f2649258e?s=48&#038;r=g&#038;d=mm' srcset='\/\/www.gravatar.com\/avatar\/1f651b4ef1fc23d4d1601d6f2649258e?s=48&#038;r=g&#038;d=mm 2x' class='avatar avatar-48 photo' height='48' width='48' \/><\/div><div class=\"wp-block-post-author__content\"><p class=\"wp-block-post-author__byline\">planetactus<\/p><p class=\"wp-block-post-author__name\">planetactus.com<\/p><\/div><\/div><div class=\"gsp_post_data\" \r\n\t            data-post_type=\"post\" \r\n\t            data-cat=\"a-la-une,enquetes-dinvestigations,international,mysteres,opinion\" \r\n\t            data-modified=\"120\"\r\n\t            data-created=\"1724679654\"\r\n\t            data-title=\"Fuite Explosive : Le Fondateur de Rumble Quitte l&rsquo;Europe Suite \u00e0 l&rsquo;Arrestation de Pavel Durov\" \r\n\t            data-home=\"https:\/\/planetactus.com\"><\/div>","protected":false},"excerpt":{"rendered":"<p>Fuite Explosive : Le Fondateur de Rumble Quitte l&rsquo;Europe Suite \u00e0 l&rsquo;Arrestation de Pavel Durov<\/p>\n","protected":false},"author":1,"featured_media":1499,"comment_status":"open","ping_status":"open","sticky":false,"template":"","format":"standard","meta":{"_bbp_topic_count":0,"_bbp_reply_count":0,"_bbp_total_topic_count":0,"_bbp_total_reply_count":0,"_bbp_voice_count":0,"_bbp_anonymous_reply_count":0,"_bbp_topic_count_hidden":0,"_bbp_reply_count_hidden":0,"_bbp_forum_subforum_count":0,"fifu_image_url":"","fifu_image_alt":"","_jetpack_memberships_contains_paid_content":false,"footnotes":"","jetpack_publicize_message":"","jetpack_publicize_feature_enabled":true,"jetpack_social_post_already_shared":false,"jetpack_social_options":{"image_generator_settings":{"template":"highway","default_image_id":0,"font":"","enabled":false},"version":2}},"categories":[19,50,21,36,13],"tags":[],"class_list":["post-1497","post","type-post","status-publish","format-standard","has-post-thumbnail","hentry","category-a-la-une","category-enquetes-dinvestigations","category-international","category-mysteres","category-opinion"],"featured_image_src":"https:\/\/mlrdeoj2ejbf.i.optimole.com\/cb:mvHM.4ca\/w:auto\/h:auto\/q:mauto\/f:best\/https:\/\/i0.wp.com\/planetactus.com\/wp-content\/uploads\/2024\/08\/Fuite-Explosive-Le-Fondateur-de-Rumble-Quitte-lEurope_Planet-Actus-IA.webp?fit=1024%2C1024&ssl=1","author_info":{"display_name":"planetactus.com","author_link":"https:\/\/planetactus.com\/index.php\/author\/admin9861\/"},"yoast_head":"<!-- This site is optimized with the Yoast SEO plugin v27.5 - https:\/\/yoast.com\/product\/yoast-seo-wordpress\/ -->\n<title>Fuite Explosive : Le Fondateur de Rumble Quitte l&#039;Europe Suite \u00e0 l&#039;Arrestation de Pavel Durov -<\/title>\n<meta name=\"description\" content=\"Le choc est total ! Chris Pavlovski , le fondateur et PDG de Rumble, a pris la fuite hors d&#039;Europe apr\u00e8s l&#039;arrestation de Pavel Durov, le fondateur de Telegram, \u00e0 Paris. Cette arrestation, li\u00e9e \u00e0 la mod\u00e9ration de contenu sur Telegram, a provoqu\u00e9 une onde de choc \u00e0 travers l&#039;Europe, suscitant m\u00eame des cyberattaques contre des sites fran\u00e7ais.Quelles seront les r\u00e9percussions pour les g\u00e9ants des plateformes num\u00e9riques ?\" class=\"yoast-seo-meta-tag\" \/>\n<meta name=\"robots\" content=\"index, follow, max-snippet:-1, max-image-preview:large, max-video-preview:-1\" \/>\n<link rel=\"canonical\" href=\"https:\/\/planetactus.com\/index.php\/2024\/08\/26\/fuite-explosive-le-fondateur-de-rumble-quitte-leurope-suite-a-larrestation-de-pavel-durov\/\" class=\"yoast-seo-meta-tag\" \/>\n<meta property=\"og:locale\" content=\"fr_FR\" class=\"yoast-seo-meta-tag\" \/>\n<meta property=\"og:type\" content=\"article\" class=\"yoast-seo-meta-tag\" \/>\n<meta property=\"og:title\" content=\"Fuite Explosive : Le Fondateur de Rumble Quitte l&#039;Europe Suite \u00e0 l&#039;Arrestation de Pavel Durov\" class=\"yoast-seo-meta-tag\" \/>\n<meta property=\"og:description\" content=\"Le choc est total ! Chris Pavlovski , le fondateur et PDG de Rumble, a pris la fuite hors d&#039;Europe apr\u00e8s l&#039;arrestation de Pavel Durov, le fondateur de Telegram, \u00e0 Paris. Cette arrestation, li\u00e9e \u00e0 la mod\u00e9ration de contenu sur Telegram, a provoqu\u00e9 une onde de choc \u00e0 travers l&#039;Europe, suscitant m\u00eame des cyberattaques contre des sites fran\u00e7ais.Quelles seront les r\u00e9percussions pour les g\u00e9ants des plateformes num\u00e9riques ?\" class=\"yoast-seo-meta-tag\" \/>\n<meta property=\"og:url\" content=\"https:\/\/planetactus.com\/index.php\/2024\/08\/26\/fuite-explosive-le-fondateur-de-rumble-quitte-leurope-suite-a-larrestation-de-pavel-durov\/\" class=\"yoast-seo-meta-tag\" \/>\n<meta property=\"article:publisher\" content=\"https:\/\/www.facebook.com\/profile.php?id=61561620320740\" class=\"yoast-seo-meta-tag\" \/>\n<meta property=\"article:author\" content=\"https:\/\/www.facebook.com\/profile.php?id=61561620320740\" class=\"yoast-seo-meta-tag\" \/>\n<meta property=\"article:published_time\" content=\"2024-08-26T11:40:54+00:00\" class=\"yoast-seo-meta-tag\" \/>\n<meta property=\"article:modified_time\" content=\"2024-08-26T11:43:23+00:00\" class=\"yoast-seo-meta-tag\" \/>\n<meta property=\"og:image\" content=\"https:\/\/mlrdeoj2ejbf.i.optimole.com\/cb:mvHM.4ca\/w:auto\/h:auto\/q:mauto\/f:best\/https:\/\/planetactus.com\/wp-content\/uploads\/2024\/08\/Fuite-Explosive-Le-Fondateur-de-Rumble-Quitte-lEurope_Planet-Actus-IA.webp\" class=\"yoast-seo-meta-tag\" \/>\n\t<meta property=\"og:image:width\" content=\"1024\" class=\"yoast-seo-meta-tag\" \/>\n\t<meta property=\"og:image:height\" content=\"1024\" class=\"yoast-seo-meta-tag\" \/>\n\t<meta property=\"og:image:type\" content=\"image\/webp\" class=\"yoast-seo-meta-tag\" \/>\n<meta name=\"author\" content=\"planetactus.com\" class=\"yoast-seo-meta-tag\" \/>\n<meta name=\"twitter:card\" content=\"summary_large_image\" class=\"yoast-seo-meta-tag\" \/>\n<meta name=\"twitter:title\" content=\"Fuite Explosive : Le Fondateur de Rumble Quitte l&#039;Europe Suite \u00e0 l&#039;Arrestation de Pavel Durov\" class=\"yoast-seo-meta-tag\" \/>\n<meta name=\"twitter:description\" content=\"Le choc est total ! Chris Pavlovski , le fondateur et PDG de Rumble, a pris la fuite hors d&#039;Europe apr\u00e8s l&#039;arrestation de Pavel Durov, le fondateur de Telegram, \u00e0 Paris. Cette arrestation, li\u00e9e \u00e0 la mod\u00e9ration de contenu sur Telegram, a provoqu\u00e9 une onde de choc \u00e0 travers l&#039;Europe, suscitant m\u00eame des cyberattaques contre des sites fran\u00e7ais.Quelles seront les r\u00e9percussions pour les g\u00e9ants des plateformes num\u00e9riques ?\" class=\"yoast-seo-meta-tag\" \/>\n<meta name=\"twitter:image\" content=\"https:\/\/mlrdeoj2ejbf.i.optimole.com\/cb:mvHM.4ca\/w:auto\/h:auto\/q:mauto\/f:best\/https:\/\/i0.wp.com\/planetactus.com\/wp-content\/uploads\/2024\/08\/Fuite-Explosive-Le-Fondateur-de-Rumble-Quitte-lEurope_Planet-Actus-IA.webp?fit=1024%2C1024&ssl=1\" class=\"yoast-seo-meta-tag\" \/>\n<meta name=\"twitter:creator\" content=\"@https:\/\/x.com\/PlanetActus\" class=\"yoast-seo-meta-tag\" \/>\n<meta name=\"twitter:site\" content=\"@PlanetActus\" class=\"yoast-seo-meta-tag\" \/>\n<meta name=\"twitter:label1\" content=\"\u00c9crit par\" class=\"yoast-seo-meta-tag\" \/>\n\t<meta name=\"twitter:data1\" content=\"planetactus.com\" class=\"yoast-seo-meta-tag\" \/>\n\t<meta name=\"twitter:label2\" content=\"Dur\u00e9e de lecture estim\u00e9e\" class=\"yoast-seo-meta-tag\" \/>\n\t<meta name=\"twitter:data2\" content=\"6 minutes\" class=\"yoast-seo-meta-tag\" \/>\n<script type=\"application\/ld+json\" class=\"yoast-schema-graph\">{\"@context\":\"https:\\\/\\\/schema.org\",\"@graph\":[{\"@type\":\"Article\",\"@id\":\"https:\\\/\\\/planetactus.com\\\/index.php\\\/2024\\\/08\\\/26\\\/fuite-explosive-le-fondateur-de-rumble-quitte-leurope-suite-a-larrestation-de-pavel-durov\\\/#article\",\"isPartOf\":{\"@id\":\"https:\\\/\\\/planetactus.com\\\/index.php\\\/2024\\\/08\\\/26\\\/fuite-explosive-le-fondateur-de-rumble-quitte-leurope-suite-a-larrestation-de-pavel-durov\\\/\"},\"author\":{\"name\":\"planetactus.com\",\"@id\":\"https:\\\/\\\/planetactus.com\\\/#\\\/schema\\\/person\\\/fbb75ac73a2424d2e176d31b021372a4\"},\"headline\":\"Fuite Explosive : Le Fondateur de Rumble Quitte l&rsquo;Europe Suite \u00e0 l&rsquo;Arrestation de Pavel Durov\",\"datePublished\":\"2024-08-26T11:40:54+00:00\",\"dateModified\":\"2024-08-26T11:43:23+00:00\",\"mainEntityOfPage\":{\"@id\":\"https:\\\/\\\/planetactus.com\\\/index.php\\\/2024\\\/08\\\/26\\\/fuite-explosive-le-fondateur-de-rumble-quitte-leurope-suite-a-larrestation-de-pavel-durov\\\/\"},\"wordCount\":1270,\"commentCount\":1,\"publisher\":{\"@id\":\"https:\\\/\\\/planetactus.com\\\/#\\\/schema\\\/person\\\/fbb75ac73a2424d2e176d31b021372a4\"},\"image\":{\"@id\":\"https:\\\/\\\/planetactus.com\\\/index.php\\\/2024\\\/08\\\/26\\\/fuite-explosive-le-fondateur-de-rumble-quitte-leurope-suite-a-larrestation-de-pavel-durov\\\/#primaryimage\"},\"thumbnailUrl\":\"https:\\/\\/i0.wp.com\\/planetactus.com\\/wp-content\\/uploads\\/2024\\/08\\/Fuite-Explosive-Le-Fondateur-de-Rumble-Quitte-lEurope_Planet-Actus-IA.webp?fit=1024%2C1024&ssl=1\",\"articleSection\":[\"A la Une\",\"Enqu\u00eates d'Investigations\",\"International\",\"Myst\u00e8res\",\"Opinion\"],\"inLanguage\":\"fr-FR\",\"potentialAction\":[{\"@type\":\"CommentAction\",\"name\":\"Comment\",\"target\":[\"https:\\\/\\\/planetactus.com\\\/index.php\\\/2024\\\/08\\\/26\\\/fuite-explosive-le-fondateur-de-rumble-quitte-leurope-suite-a-larrestation-de-pavel-durov\\\/#respond\"]}]},{\"@type\":\"WebPage\",\"@id\":\"https:\\\/\\\/planetactus.com\\\/index.php\\\/2024\\\/08\\\/26\\\/fuite-explosive-le-fondateur-de-rumble-quitte-leurope-suite-a-larrestation-de-pavel-durov\\\/\",\"url\":\"https:\\\/\\\/planetactus.com\\\/index.php\\\/2024\\\/08\\\/26\\\/fuite-explosive-le-fondateur-de-rumble-quitte-leurope-suite-a-larrestation-de-pavel-durov\\\/\",\"name\":\"Fuite Explosive : Le Fondateur de Rumble Quitte l'Europe Suite \u00e0 l'Arrestation de Pavel Durov -\",\"isPartOf\":{\"@id\":\"https:\\\/\\\/planetactus.com\\\/#website\"},\"primaryImageOfPage\":{\"@id\":\"https:\\\/\\\/planetactus.com\\\/index.php\\\/2024\\\/08\\\/26\\\/fuite-explosive-le-fondateur-de-rumble-quitte-leurope-suite-a-larrestation-de-pavel-durov\\\/#primaryimage\"},\"image\":{\"@id\":\"https:\\\/\\\/planetactus.com\\\/index.php\\\/2024\\\/08\\\/26\\\/fuite-explosive-le-fondateur-de-rumble-quitte-leurope-suite-a-larrestation-de-pavel-durov\\\/#primaryimage\"},\"thumbnailUrl\":\"https:\\/\\/i0.wp.com\\/planetactus.com\\/wp-content\\/uploads\\/2024\\/08\\/Fuite-Explosive-Le-Fondateur-de-Rumble-Quitte-lEurope_Planet-Actus-IA.webp?fit=1024%2C1024&ssl=1\",\"datePublished\":\"2024-08-26T11:40:54+00:00\",\"dateModified\":\"2024-08-26T11:43:23+00:00\",\"description\":\"Le choc est total ! Chris Pavlovski , le fondateur et PDG de Rumble, a pris la fuite hors d'Europe apr\u00e8s l'arrestation de Pavel Durov, le fondateur de Telegram, \u00e0 Paris. Cette arrestation, li\u00e9e \u00e0 la mod\u00e9ration de contenu sur Telegram, a provoqu\u00e9 une onde de choc \u00e0 travers l'Europe, suscitant m\u00eame des cyberattaques contre des sites fran\u00e7ais.Quelles seront les r\u00e9percussions pour les g\u00e9ants des plateformes num\u00e9riques ?\",\"breadcrumb\":{\"@id\":\"https:\\\/\\\/planetactus.com\\\/index.php\\\/2024\\\/08\\\/26\\\/fuite-explosive-le-fondateur-de-rumble-quitte-leurope-suite-a-larrestation-de-pavel-durov\\\/#breadcrumb\"},\"inLanguage\":\"fr-FR\",\"potentialAction\":[{\"@type\":\"ReadAction\",\"target\":[\"https:\\\/\\\/planetactus.com\\\/index.php\\\/2024\\\/08\\\/26\\\/fuite-explosive-le-fondateur-de-rumble-quitte-leurope-suite-a-larrestation-de-pavel-durov\\\/\"]}]},{\"@type\":\"ImageObject\",\"inLanguage\":\"fr-FR\",\"@id\":\"https:\\\/\\\/planetactus.com\\\/index.php\\\/2024\\\/08\\\/26\\\/fuite-explosive-le-fondateur-de-rumble-quitte-leurope-suite-a-larrestation-de-pavel-durov\\\/#primaryimage\",\"url\":\"https:\\/\\/i0.wp.com\\/planetactus.com\\/wp-content\\/uploads\\/2024\\/08\\/Fuite-Explosive-Le-Fondateur-de-Rumble-Quitte-lEurope_Planet-Actus-IA.webp?fit=1024%2C1024&ssl=1\",\"contentUrl\":\"https:\\/\\/i0.wp.com\\/planetactus.com\\/wp-content\\/uploads\\/2024\\/08\\/Fuite-Explosive-Le-Fondateur-de-Rumble-Quitte-lEurope_Planet-Actus-IA.webp?fit=1024%2C1024&ssl=1\",\"width\":1024,\"height\":1024,\"caption\":\"Fuite-Explosive-Le-Fondateur-de-Rumble-Quitte-lEurope_Planet-Actus-IA.webp\"},{\"@type\":\"BreadcrumbList\",\"@id\":\"https:\\\/\\\/planetactus.com\\\/index.php\\\/2024\\\/08\\\/26\\\/fuite-explosive-le-fondateur-de-rumble-quitte-leurope-suite-a-larrestation-de-pavel-durov\\\/#breadcrumb\",\"itemListElement\":[{\"@type\":\"ListItem\",\"position\":1,\"name\":\"Accueil\",\"item\":\"https:\\\/\\\/planetactus.com\\\/\"},{\"@type\":\"ListItem\",\"position\":2,\"name\":\"Fuite Explosive : Le Fondateur de Rumble Quitte l&rsquo;Europe Suite \u00e0 l&rsquo;Arrestation de Pavel Durov\"}]},{\"@type\":\"WebSite\",\"@id\":\"https:\\\/\\\/planetactus.com\\\/#website\",\"url\":\"https:\\\/\\\/planetactus.com\\\/\",\"name\":\"PLANET ACTUS\",\"description\":\"PLANET ACTUS\",\"publisher\":{\"@id\":\"https:\\\/\\\/planetactus.com\\\/#\\\/schema\\\/person\\\/fbb75ac73a2424d2e176d31b021372a4\"},\"potentialAction\":[{\"@type\":\"SearchAction\",\"target\":{\"@type\":\"EntryPoint\",\"urlTemplate\":\"https:\\\/\\\/planetactus.com\\\/?s={search_term_string}\"},\"query-input\":{\"@type\":\"PropertyValueSpecification\",\"valueRequired\":true,\"valueName\":\"search_term_string\"}}],\"inLanguage\":\"fr-FR\"},{\"@type\":[\"Person\",\"Organization\"],\"@id\":\"https:\\\/\\\/planetactus.com\\\/#\\\/schema\\\/person\\\/fbb75ac73a2424d2e176d31b021372a4\",\"name\":\"planetactus.com\",\"image\":{\"@type\":\"ImageObject\",\"inLanguage\":\"fr-FR\",\"@id\":\"https:\\/\\/i0.wp.com\\/planetactus.com\\/wp-content\\/uploads\\/2024\\/07\\/cropped-2-Planet-Actus-Banniere-02a.jpg?fit=1189%2C365&ssl=1\",\"url\":\"https:\\/\\/i0.wp.com\\/planetactus.com\\/wp-content\\/uploads\\/2024\\/07\\/cropped-2-Planet-Actus-Banniere-02a.jpg?fit=1189%2C365&ssl=1\",\"contentUrl\":\"https:\\/\\/i0.wp.com\\/planetactus.com\\/wp-content\\/uploads\\/2024\\/07\\/cropped-2-Planet-Actus-Banniere-02a.jpg?fit=1189%2C365&ssl=1\",\"width\":1189,\"height\":365,\"caption\":\"planetactus.com\"},\"logo\":{\"@id\":\"https:\\/\\/i0.wp.com\\/planetactus.com\\/wp-content\\/uploads\\/2024\\/07\\/cropped-2-Planet-Actus-Banniere-02a.jpg?fit=1189%2C365&ssl=1\"},\"sameAs\":[\"http:\\\/\\\/planetactus.com\",\"https:\\\/\\\/www.facebook.com\\\/profile.php?id=61561620320740\",\"https:\\\/\\\/x.com\\\/https:\\\/\\\/x.com\\\/PlanetActus\",\"https:\\\/\\\/www.youtube.com\\\/@PlanetActus\"],\"url\":\"https:\\\/\\\/planetactus.com\\\/index.php\\\/author\\\/admin9861\\\/\"}]}<\/script>\n<!-- \/ Yoast SEO plugin. -->","yoast_head_json":{"title":"Fuite Explosive : Le Fondateur de Rumble Quitte l'Europe Suite \u00e0 l'Arrestation de Pavel Durov -","description":"Le choc est total ! Chris Pavlovski , le fondateur et PDG de Rumble, a pris la fuite hors d'Europe apr\u00e8s l'arrestation de Pavel Durov, le fondateur de Telegram, \u00e0 Paris. Cette arrestation, li\u00e9e \u00e0 la mod\u00e9ration de contenu sur Telegram, a provoqu\u00e9 une onde de choc \u00e0 travers l'Europe, suscitant m\u00eame des cyberattaques contre des sites fran\u00e7ais.Quelles seront les r\u00e9percussions pour les g\u00e9ants des plateformes num\u00e9riques ?","robots":{"index":"index","follow":"follow","max-snippet":"max-snippet:-1","max-image-preview":"max-image-preview:large","max-video-preview":"max-video-preview:-1"},"canonical":"https:\/\/planetactus.com\/index.php\/2024\/08\/26\/fuite-explosive-le-fondateur-de-rumble-quitte-leurope-suite-a-larrestation-de-pavel-durov\/","og_locale":"fr_FR","og_type":"article","og_title":"Fuite Explosive : Le Fondateur de Rumble Quitte l'Europe Suite \u00e0 l'Arrestation de Pavel Durov","og_description":"Le choc est total ! Chris Pavlovski , le fondateur et PDG de Rumble, a pris la fuite hors d'Europe apr\u00e8s l'arrestation de Pavel Durov, le fondateur de Telegram, \u00e0 Paris. Cette arrestation, li\u00e9e \u00e0 la mod\u00e9ration de contenu sur Telegram, a provoqu\u00e9 une onde de choc \u00e0 travers l'Europe, suscitant m\u00eame des cyberattaques contre des sites fran\u00e7ais.Quelles seront les r\u00e9percussions pour les g\u00e9ants des plateformes num\u00e9riques ?","og_url":"https:\/\/planetactus.com\/index.php\/2024\/08\/26\/fuite-explosive-le-fondateur-de-rumble-quitte-leurope-suite-a-larrestation-de-pavel-durov\/","article_publisher":"https:\/\/www.facebook.com\/profile.php?id=61561620320740","article_author":"https:\/\/www.facebook.com\/profile.php?id=61561620320740","article_published_time":"2024-08-26T11:40:54+00:00","article_modified_time":"2024-08-26T11:43:23+00:00","og_image":[{"width":1024,"height":1024,"url":"https:\/\/mlrdeoj2ejbf.i.optimole.com\/cb:mvHM.4ca\/w:auto\/h:auto\/q:mauto\/f:best\/https:\/\/planetactus.com\/wp-content\/uploads\/2024\/08\/Fuite-Explosive-Le-Fondateur-de-Rumble-Quitte-lEurope_Planet-Actus-IA.webp","type":"image\/webp"}],"author":"planetactus.com","twitter_card":"summary_large_image","twitter_title":"Fuite Explosive : Le Fondateur de Rumble Quitte l'Europe Suite \u00e0 l'Arrestation de Pavel Durov","twitter_description":"Le choc est total ! Chris Pavlovski , le fondateur et PDG de Rumble, a pris la fuite hors d'Europe apr\u00e8s l'arrestation de Pavel Durov, le fondateur de Telegram, \u00e0 Paris. Cette arrestation, li\u00e9e \u00e0 la mod\u00e9ration de contenu sur Telegram, a provoqu\u00e9 une onde de choc \u00e0 travers l'Europe, suscitant m\u00eame des cyberattaques contre des sites fran\u00e7ais.Quelles seront les r\u00e9percussions pour les g\u00e9ants des plateformes num\u00e9riques ?","twitter_image":"https:\/\/mlrdeoj2ejbf.i.optimole.com\/cb:mvHM.4ca\/w:auto\/h:auto\/q:mauto\/f:best\/https:\/\/i0.wp.com\/planetactus.com\/wp-content\/uploads\/2024\/08\/Fuite-Explosive-Le-Fondateur-de-Rumble-Quitte-lEurope_Planet-Actus-IA.webp?fit=1024%2C1024&ssl=1","twitter_creator":"@https:\/\/x.com\/PlanetActus","twitter_site":"@PlanetActus","twitter_misc":{"\u00c9crit par":"planetactus.com","Dur\u00e9e de lecture estim\u00e9e":"6 minutes"},"schema":{"@context":"https:\/\/schema.org","@graph":[{"@type":"Article","@id":"https:\/\/planetactus.com\/index.php\/2024\/08\/26\/fuite-explosive-le-fondateur-de-rumble-quitte-leurope-suite-a-larrestation-de-pavel-durov\/#article","isPartOf":{"@id":"https:\/\/planetactus.com\/index.php\/2024\/08\/26\/fuite-explosive-le-fondateur-de-rumble-quitte-leurope-suite-a-larrestation-de-pavel-durov\/"},"author":{"name":"planetactus.com","@id":"https:\/\/planetactus.com\/#\/schema\/person\/fbb75ac73a2424d2e176d31b021372a4"},"headline":"Fuite Explosive : Le Fondateur de Rumble Quitte l&rsquo;Europe Suite \u00e0 l&rsquo;Arrestation de Pavel Durov","datePublished":"2024-08-26T11:40:54+00:00","dateModified":"2024-08-26T11:43:23+00:00","mainEntityOfPage":{"@id":"https:\/\/planetactus.com\/index.php\/2024\/08\/26\/fuite-explosive-le-fondateur-de-rumble-quitte-leurope-suite-a-larrestation-de-pavel-durov\/"},"wordCount":1270,"commentCount":1,"publisher":{"@id":"https:\/\/planetactus.com\/#\/schema\/person\/fbb75ac73a2424d2e176d31b021372a4"},"image":{"@id":"https:\/\/planetactus.com\/index.php\/2024\/08\/26\/fuite-explosive-le-fondateur-de-rumble-quitte-leurope-suite-a-larrestation-de-pavel-durov\/#primaryimage"},"thumbnailUrl":"https:\/\/mlrdeoj2ejbf.i.optimole.com\/cb:mvHM.4ca\/w:auto\/h:auto\/q:mauto\/f:best\/https:\/\/i0.wp.com\/planetactus.com\/wp-content\/uploads\/2024\/08\/Fuite-Explosive-Le-Fondateur-de-Rumble-Quitte-lEurope_Planet-Actus-IA.webp?fit=1024%2C1024&ssl=1","articleSection":["A la Une","Enqu\u00eates d'Investigations","International","Myst\u00e8res","Opinion"],"inLanguage":"fr-FR","potentialAction":[{"@type":"CommentAction","name":"Comment","target":["https:\/\/planetactus.com\/index.php\/2024\/08\/26\/fuite-explosive-le-fondateur-de-rumble-quitte-leurope-suite-a-larrestation-de-pavel-durov\/#respond"]}]},{"@type":"WebPage","@id":"https:\/\/planetactus.com\/index.php\/2024\/08\/26\/fuite-explosive-le-fondateur-de-rumble-quitte-leurope-suite-a-larrestation-de-pavel-durov\/","url":"https:\/\/planetactus.com\/index.php\/2024\/08\/26\/fuite-explosive-le-fondateur-de-rumble-quitte-leurope-suite-a-larrestation-de-pavel-durov\/","name":"Fuite Explosive : Le Fondateur de Rumble Quitte l'Europe Suite \u00e0 l'Arrestation de Pavel Durov -","isPartOf":{"@id":"https:\/\/planetactus.com\/#website"},"primaryImageOfPage":{"@id":"https:\/\/planetactus.com\/index.php\/2024\/08\/26\/fuite-explosive-le-fondateur-de-rumble-quitte-leurope-suite-a-larrestation-de-pavel-durov\/#primaryimage"},"image":{"@id":"https:\/\/planetactus.com\/index.php\/2024\/08\/26\/fuite-explosive-le-fondateur-de-rumble-quitte-leurope-suite-a-larrestation-de-pavel-durov\/#primaryimage"},"thumbnailUrl":"https:\/\/mlrdeoj2ejbf.i.optimole.com\/cb:mvHM.4ca\/w:auto\/h:auto\/q:mauto\/f:best\/https:\/\/i0.wp.com\/planetactus.com\/wp-content\/uploads\/2024\/08\/Fuite-Explosive-Le-Fondateur-de-Rumble-Quitte-lEurope_Planet-Actus-IA.webp?fit=1024%2C1024&ssl=1","datePublished":"2024-08-26T11:40:54+00:00","dateModified":"2024-08-26T11:43:23+00:00","description":"Le choc est total ! Chris Pavlovski , le fondateur et PDG de Rumble, a pris la fuite hors d'Europe apr\u00e8s l'arrestation de Pavel Durov, le fondateur de Telegram, \u00e0 Paris. Cette arrestation, li\u00e9e \u00e0 la mod\u00e9ration de contenu sur Telegram, a provoqu\u00e9 une onde de choc \u00e0 travers l'Europe, suscitant m\u00eame des cyberattaques contre des sites fran\u00e7ais.Quelles seront les r\u00e9percussions pour les g\u00e9ants des plateformes num\u00e9riques ?","breadcrumb":{"@id":"https:\/\/planetactus.com\/index.php\/2024\/08\/26\/fuite-explosive-le-fondateur-de-rumble-quitte-leurope-suite-a-larrestation-de-pavel-durov\/#breadcrumb"},"inLanguage":"fr-FR","potentialAction":[{"@type":"ReadAction","target":["https:\/\/planetactus.com\/index.php\/2024\/08\/26\/fuite-explosive-le-fondateur-de-rumble-quitte-leurope-suite-a-larrestation-de-pavel-durov\/"]}]},{"@type":"ImageObject","inLanguage":"fr-FR","@id":"https:\/\/planetactus.com\/index.php\/2024\/08\/26\/fuite-explosive-le-fondateur-de-rumble-quitte-leurope-suite-a-larrestation-de-pavel-durov\/#primaryimage","url":"https:\/\/mlrdeoj2ejbf.i.optimole.com\/cb:mvHM.4ca\/w:auto\/h:auto\/q:mauto\/f:best\/https:\/\/i0.wp.com\/planetactus.com\/wp-content\/uploads\/2024\/08\/Fuite-Explosive-Le-Fondateur-de-Rumble-Quitte-lEurope_Planet-Actus-IA.webp?fit=1024%2C1024&ssl=1","contentUrl":"https:\/\/mlrdeoj2ejbf.i.optimole.com\/cb:mvHM.4ca\/w:auto\/h:auto\/q:mauto\/f:best\/https:\/\/i0.wp.com\/planetactus.com\/wp-content\/uploads\/2024\/08\/Fuite-Explosive-Le-Fondateur-de-Rumble-Quitte-lEurope_Planet-Actus-IA.webp?fit=1024%2C1024&ssl=1","width":1024,"height":1024,"caption":"Fuite-Explosive-Le-Fondateur-de-Rumble-Quitte-lEurope_Planet-Actus-IA.webp"},{"@type":"BreadcrumbList","@id":"https:\/\/planetactus.com\/index.php\/2024\/08\/26\/fuite-explosive-le-fondateur-de-rumble-quitte-leurope-suite-a-larrestation-de-pavel-durov\/#breadcrumb","itemListElement":[{"@type":"ListItem","position":1,"name":"Accueil","item":"https:\/\/planetactus.com\/"},{"@type":"ListItem","position":2,"name":"Fuite Explosive : Le Fondateur de Rumble Quitte l&rsquo;Europe Suite \u00e0 l&rsquo;Arrestation de Pavel Durov"}]},{"@type":"WebSite","@id":"https:\/\/planetactus.com\/#website","url":"https:\/\/planetactus.com\/","name":"PLANET ACTUS","description":"PLANET ACTUS","publisher":{"@id":"https:\/\/planetactus.com\/#\/schema\/person\/fbb75ac73a2424d2e176d31b021372a4"},"potentialAction":[{"@type":"SearchAction","target":{"@type":"EntryPoint","urlTemplate":"https:\/\/planetactus.com\/?s={search_term_string}"},"query-input":{"@type":"PropertyValueSpecification","valueRequired":true,"valueName":"search_term_string"}}],"inLanguage":"fr-FR"},{"@type":["Person","Organization"],"@id":"https:\/\/planetactus.com\/#\/schema\/person\/fbb75ac73a2424d2e176d31b021372a4","name":"planetactus.com","image":{"@type":"ImageObject","inLanguage":"fr-FR","@id":"https:\/\/mlrdeoj2ejbf.i.optimole.com\/cb:mvHM.4ca\/w:auto\/h:auto\/q:mauto\/f:best\/https:\/\/i0.wp.com\/planetactus.com\/wp-content\/uploads\/2024\/07\/cropped-2-Planet-Actus-Banniere-02a.jpg?fit=1189%2C365&ssl=1","url":"https:\/\/mlrdeoj2ejbf.i.optimole.com\/cb:mvHM.4ca\/w:auto\/h:auto\/q:mauto\/f:best\/https:\/\/i0.wp.com\/planetactus.com\/wp-content\/uploads\/2024\/07\/cropped-2-Planet-Actus-Banniere-02a.jpg?fit=1189%2C365&ssl=1","contentUrl":"https:\/\/mlrdeoj2ejbf.i.optimole.com\/cb:mvHM.4ca\/w:auto\/h:auto\/q:mauto\/f:best\/https:\/\/i0.wp.com\/planetactus.com\/wp-content\/uploads\/2024\/07\/cropped-2-Planet-Actus-Banniere-02a.jpg?fit=1189%2C365&ssl=1","width":1189,"height":365,"caption":"planetactus.com"},"logo":{"@id":"https:\/\/mlrdeoj2ejbf.i.optimole.com\/cb:mvHM.4ca\/w:auto\/h:auto\/q:mauto\/f:best\/https:\/\/i0.wp.com\/planetactus.com\/wp-content\/uploads\/2024\/07\/cropped-2-Planet-Actus-Banniere-02a.jpg?fit=1189%2C365&ssl=1"},"sameAs":["http:\/\/planetactus.com","https:\/\/www.facebook.com\/profile.php?id=61561620320740","https:\/\/x.com\/https:\/\/x.com\/PlanetActus","https:\/\/www.youtube.com\/@PlanetActus"],"url":"https:\/\/planetactus.com\/index.php\/author\/admin9861\/"}]}},"jetpack_publicize_connections":[],"jetpack_featured_media_url":"https:\/\/mlrdeoj2ejbf.i.optimole.com\/cb:mvHM.4ca\/w:auto\/h:auto\/q:mauto\/f:best\/https:\/\/i0.wp.com\/planetactus.com\/wp-content\/uploads\/2024\/08\/Fuite-Explosive-Le-Fondateur-de-Rumble-Quitte-lEurope_Planet-Actus-IA.webp?fit=1024%2C1024&ssl=1","jetpack_sharing_enabled":true,"_links":{"self":[{"href":"https:\/\/planetactus.com\/index.php\/wp-json\/wp\/v2\/posts\/1497","targetHints":{"allow":["GET"]}}],"collection":[{"href":"https:\/\/planetactus.com\/index.php\/wp-json\/wp\/v2\/posts"}],"about":[{"href":"https:\/\/planetactus.com\/index.php\/wp-json\/wp\/v2\/types\/post"}],"author":[{"embeddable":true,"href":"https:\/\/planetactus.com\/index.php\/wp-json\/wp\/v2\/users\/1"}],"replies":[{"embeddable":true,"href":"https:\/\/planetactus.com\/index.php\/wp-json\/wp\/v2\/comments?post=1497"}],"version-history":[{"count":7,"href":"https:\/\/planetactus.com\/index.php\/wp-json\/wp\/v2\/posts\/1497\/revisions"}],"predecessor-version":[{"id":1505,"href":"https:\/\/planetactus.com\/index.php\/wp-json\/wp\/v2\/posts\/1497\/revisions\/1505"}],"wp:featuredmedia":[{"embeddable":true,"href":"https:\/\/planetactus.com\/index.php\/wp-json\/wp\/v2\/media\/1499"}],"wp:attachment":[{"href":"https:\/\/planetactus.com\/index.php\/wp-json\/wp\/v2\/media?parent=1497"}],"wp:term":[{"taxonomy":"category","embeddable":true,"href":"https:\/\/planetactus.com\/index.php\/wp-json\/wp\/v2\/categories?post=1497"},{"taxonomy":"post_tag","embeddable":true,"href":"https:\/\/planetactus.com\/index.php\/wp-json\/wp\/v2\/tags?post=1497"}],"curies":[{"name":"wp","href":"https:\/\/api.w.org\/{rel}","templated":true}]}}