{"id":1506,"date":"2024-08-27T18:22:18","date_gmt":"2024-08-27T16:22:18","guid":{"rendered":"https:\/\/planetactus.com\/?p=1506"},"modified":"2024-08-27T18:22:22","modified_gmt":"2024-08-27T16:22:22","slug":"dossier-special-loperation-prato-une-enigme-ufologique-au-coeur-de-lamazonie","status":"publish","type":"post","link":"https:\/\/planetactus.com\/index.php\/2024\/08\/27\/dossier-special-loperation-prato-une-enigme-ufologique-au-coeur-de-lamazonie\/","title":{"rendered":"Dossier Sp\u00e9cial. L&rsquo;Op\u00e9ration Prato : Une \u00e9nigme Ufologique au C\u0153ur de l&rsquo;Amazonie."},"content":{"rendered":"\n<p>\ud83e\udd9c <strong>Au c\u0153ur de la dense for\u00eat amazonienne,<\/strong> une s\u00e9rie d&rsquo;\u00e9v\u00e9nements \u00e9tranges et inexpliqu\u00e9s a secou\u00e9 la r\u00e9gion de Colares, au Br\u00e9sil, \u00e0 la fin des ann\u00e9es 1970. Ces ph\u00e9nom\u00e8nes, connus sous le nom de \u00a0\u00bb <strong>chupa-chupa<\/strong> \u00ab\u00a0, <strong>ont d\u00e9clench\u00e9 l&rsquo;une des enqu\u00eates militaires les plus intrigantes de l&rsquo;histoire de l&rsquo;ufologie<\/strong> : <strong>l&rsquo;Op\u00e9ration Prato.<\/strong> \ud83e\ude96\u00a0<\/p>\n\n\n\n<p><strong>Pendant des mois<\/strong>, des habitants de cette r\u00e9gion isol\u00e9e ont rapport\u00e9 des observations d&rsquo;objets volants non identifi\u00e9s et des attaques myst\u00e9rieuses impliquant des rayons de lumi\u00e8re qui laissaient des marques sur leurs corps<strong>. Ces t\u00e9moignages ont conduit l&rsquo;arm\u00e9e de l&rsquo;air br\u00e9silienne \u00e0 lancer une enqu\u00eate officielle, dirig\u00e9e par le capitaine Uyrang\u00ea Hollanda.<\/strong><\/p>\n\n\n\n<p>Depuis lors, <strong>l&rsquo;Op\u00e9ration Prato est devenue un sujet de fascination pour les chercheurs<\/strong>, les <strong>m\u00e9dias<\/strong> et le <strong>grand public<\/strong>, g\u00e9n\u00e9rant de nombreux <strong>documentaires<\/strong>, <strong>reportages <\/strong>et <strong>d\u00e9bats<\/strong>. Ce document rassemble une collection unique de vid\u00e9os et d&rsquo;analyses couvrant divers aspects de cette affaire \u00e9nigmatique.<\/p>\n\n\n\n<p>\ud83d\udccd <strong>Des interviews r\u00e9v\u00e9latrices du colonel Hollanda aux reconstitutions dramatiques<\/strong>, en passant par des <strong>documentaires d&rsquo;investigation<\/strong> et des <strong>t\u00e9moignages de premi\u00e8re main<\/strong>, ces ressources offrent un aper\u00e7u complet de l&rsquo;Op\u00e9ration Prato et de son impact durable. Elles explorent non seulement les \u00e9v\u00e9nements eux-m\u00eames, <strong>mais aussi leur influence sur la culture locale, les th\u00e9ories qui ont \u00e9merg\u00e9, et les questions persistantes qui continuent d&rsquo;intriguer les chercheurs<\/strong>.<\/p>\n\n\n\n<p><strong>Que vous soyez un passionn\u00e9 d&rsquo;ufologie, un sceptique curieux ou simplement int\u00e9ress\u00e9 par les myst\u00e8res non r\u00e9solus, cette collection vous invite \u00e0 plonger dans l&rsquo;une des affaires les plus fascinantes et controvers\u00e9es de l&rsquo;histoire de l&rsquo;ufologie br\u00e9silienne et mondiale.\u00a0<\/strong><\/p>\n\n\n\n<p>\u25a0 <strong>L&rsquo;\u00e9nigme du \u00a0\u00bb chupa-chupa \u00a0\u00bb <\/strong>: <a href=\"https:\/\/operacaoprato.com\/videos#video_1\"><mark style=\"background-color:rgba(0, 0, 0, 0)\" class=\"has-inline-color has-vivid-red-color\">Plong\u00e9e dans les myst\u00e8res de l&rsquo;Op\u00e9ration Prato<\/mark><\/a>. [Operacao Prato].<\/p>\n\n\n\n<p>\u25a0<strong> Operation Prato : le cas d&rsquo;OVNI Top secret le plus cr\u00e9dible du Br\u00e9sil <\/strong>(Archives D\u00e9classifi\u00e9es).<\/p>\n\n\n\n<figure class=\"wp-block-embed aligncenter is-type-video is-provider-youtube wp-block-embed-youtube wp-embed-aspect-16-9 wp-has-aspect-ratio\"><div class=\"wp-block-embed__wrapper\">\n<iframe  id=\"_ytid_84178\"  width=\"640\" height=\"360\"  data-origwidth=\"640\" data-origheight=\"360\" src=\"https:\/\/www.youtube.com\/embed\/CtOVBYhRGD8?enablejsapi=1&#038;autoplay=0&#038;cc_load_policy=0&#038;cc_lang_pref=&#038;iv_load_policy=1&#038;loop=0&#038;rel=1&#038;fs=1&#038;playsinline=0&#038;autohide=2&#038;theme=dark&#038;color=red&#038;controls=1&#038;disablekb=0&#038;\" class=\"__youtube_prefs__  epyt-is-override  no-lazyload\" title=\"YouTube player\"  allow=\"fullscreen; accelerometer; autoplay; clipboard-write; encrypted-media; gyroscope; picture-in-picture; web-share\" referrerpolicy=\"strict-origin-when-cross-origin\" allowfullscreen data-no-lazy=\"1\" data-skipgform_ajax_framebjll=\"\"><\/iframe>\n<\/div><figcaption class=\"wp-element-caption\">Sylartichot<\/figcaption><\/figure>\n\n\n\n<p>\u25a0 <strong>L&rsquo;affaire Colares, l&rsquo;Incroyable vague d&rsquo;OVNIS est l\u2019une des histoires d\u2019ovnis les plus surprenantes. En effet, ce qui s\u2019est d\u00e9roul\u00e9 \u00e0 Colares en 1977, a marqu\u00e9 les habitants de cette \u00eele pour toujours<\/strong> : Colares est une petite \u00eele sur la c\u00f4te atlantique dans le nord du Br\u00e9sil. <strong>Or, au d\u00e9but du mois de juillet 1977, les habitants de cette \u00eele, affirment avoir \u00e9t\u00e9 t\u00e9moins d\u2019une incroyable vague d\u2019ovnis.<\/strong><\/p>\n\n\n\n<p><strong>Bien souvent, les r\u00e9cits d\u2019ovnis mentionnent l\u2019apparition furtive d\u2019un objet, vu par un t\u00e9moin unique, et qui disparait sans explication. L\u2019int\u00e9r\u00eat de l\u2019affaire Colares, c\u2019est qu\u2019elle met en \u0153uvre plusieurs t\u00e9moins qui affirment avoir vu\u00a0 plusieurs OVNIS de mani\u00e8re r\u00e9p\u00e9t\u00e9e, et cela, pendant plusieurs mois.<\/strong> Lire la suite sur [<a href=\"https:\/\/sciencemysterieuse.com\/ufologie-ovni\/affaire-colares-incroyable-vague-dovnis-bresil\/\"><mark style=\"background-color:rgba(0, 0, 0, 0)\" class=\"has-inline-color has-vivid-red-color\">Science Mysterieuse<\/mark><\/a>]<\/p>\n\n\n\n<p>\u25a0 <strong>L&rsquo;enqu\u00eate de l&rsquo;arm\u00e9e de l&rsquo;air br\u00e9silienne sur une vague prolong\u00e9e d&rsquo;ovnis en 1977-78 est l&rsquo;un des \u00e9pisodes les plus importants de l&rsquo;histoire de l&rsquo;ufologie mondiale. Aujourd&rsquo;hui, plus que jamais<\/strong>. Lire le document PDF sur [<a href=\"https:\/\/documents.theblackvault.com\/documents\/MUFON\/Pratt\/prato.pdf\"><mark style=\"background-color:rgba(0, 0, 0, 0)\" class=\"has-inline-color has-vivid-red-color\">The Black Vault<\/mark><\/a>].<\/p>\n\n\n\n<p>\ud83d\udef8&nbsp;<a href=\"https:\/\/t.me\/ufo_planetactus_sightings\">Ufo Planet Actus Sightings Investigations<\/a>&nbsp;\ud83d\udc7d<br>\ud83e\ude90&nbsp;<a href=\"https:\/\/t.me\/planetactus\">Planet Actus&nbsp;True News Letters<\/a>&nbsp;\ud83d\uddde<br>\ud83d\udcbb&nbsp;<a href=\"https:\/\/planetactus.com\/\">Planet Actus.com<\/a>&nbsp;\ud83e\ude90<\/p>\n<div class=\"gsp_post_data\" \r\n\t            data-post_type=\"post\" \r\n\t            data-cat=\"a-la-une,enquetes-dinvestigations,international,top-secret,ufo-news\" \r\n\t            data-modified=\"120\"\r\n\t            data-created=\"1724782938\"\r\n\t            data-title=\"Dossier Sp\u00e9cial. L&rsquo;Op\u00e9ration Prato : Une \u00e9nigme Ufologique au C\u0153ur de l&rsquo;Amazonie.\" \r\n\t            data-home=\"https:\/\/planetactus.com\"><\/div>","protected":false},"excerpt":{"rendered":"<p>Dossier Sp\u00e9cial. L&rsquo;Op\u00e9ration Prato : Une \u00e9nigme Ufologique au C\u0153ur de l&rsquo;Amazonie.<\/p>\n","protected":false},"author":1,"featured_media":1510,"comment_status":"open","ping_status":"open","sticky":false,"template":"","format":"standard","meta":{"_bbp_topic_count":0,"_bbp_reply_count":0,"_bbp_total_topic_count":0,"_bbp_total_reply_count":0,"_bbp_voice_count":0,"_bbp_anonymous_reply_count":0,"_bbp_topic_count_hidden":0,"_bbp_reply_count_hidden":0,"_bbp_forum_subforum_count":0,"fifu_image_url":"","fifu_image_alt":"","_jetpack_memberships_contains_paid_content":false,"footnotes":"","jetpack_publicize_message":"","jetpack_publicize_feature_enabled":true,"jetpack_social_post_already_shared":false,"jetpack_social_options":{"image_generator_settings":{"template":"highway","default_image_id":0,"font":"","enabled":false},"version":2}},"categories":[19,50,21,15,12],"tags":[],"class_list":["post-1506","post","type-post","status-publish","format-standard","has-post-thumbnail","hentry","category-a-la-une","category-enquetes-dinvestigations","category-international","category-top-secret","category-ufo-news"],"featured_image_src":"https:\/\/mlrdeoj2ejbf.i.optimole.com\/cb:mvHM.4ca\/w:auto\/h:auto\/q:mauto\/f:best\/https:\/\/i0.wp.com\/planetactus.com\/wp-content\/uploads\/2024\/08\/LOperation-Prato_Une-enigme-ufologique-au-coeur-de-lAmazonie_Planet-Actus-IA.jpg?fit=1024%2C1024&ssl=1","author_info":{"display_name":"planetactus.com","author_link":"https:\/\/planetactus.com\/index.php\/author\/admin9861\/"},"yoast_head":"<!-- This site is optimized with the Yoast SEO plugin v27.5 - https:\/\/yoast.com\/product\/yoast-seo-wordpress\/ -->\n<title>Dossier Sp\u00e9cial. L&#039;Op\u00e9ration Prato : Une \u00e9nigme Ufologique au C\u0153ur de l&#039;Amazonie. -<\/title>\n<meta name=\"description\" content=\"Au c\u0153ur de la dense for\u00eat amazonienne, une s\u00e9rie d&#039;\u00e9v\u00e9nements \u00e9tranges et inexpliqu\u00e9s a secou\u00e9 la r\u00e9gion de Colares, au Br\u00e9sil, \u00e0 la fin des ann\u00e9es 1970. Ces ph\u00e9nom\u00e8nes, connus sous le nom de &quot; chupa-chupa &quot;, ont d\u00e9clench\u00e9 l&#039;une des enqu\u00eates militaires les plus intrigantes de l&#039;histoire de l&#039;ufologie : l&#039;Op\u00e9ration Prato.Pendant des mois, des habitants de cette r\u00e9gion isol\u00e9e ont rapport\u00e9 des observations d&#039;objets volants non identifi\u00e9s et des attaques myst\u00e9rieuses impliquant des rayons de lumi\u00e8re qui laissaient des marques sur leurs corps. Ces t\u00e9moignages ont conduit l&#039;arm\u00e9e de l&#039;air br\u00e9silienne \u00e0 lancer une enqu\u00eate officielle, dirig\u00e9e par le capitaine Uyrang\u00ea Hollanda.\" class=\"yoast-seo-meta-tag\" \/>\n<meta name=\"robots\" content=\"index, follow, max-snippet:-1, max-image-preview:large, max-video-preview:-1\" \/>\n<link rel=\"canonical\" href=\"https:\/\/planetactus.com\/index.php\/2024\/08\/27\/dossier-special-loperation-prato-une-enigme-ufologique-au-coeur-de-lamazonie\/\" class=\"yoast-seo-meta-tag\" \/>\n<meta property=\"og:locale\" content=\"fr_FR\" class=\"yoast-seo-meta-tag\" \/>\n<meta property=\"og:type\" content=\"article\" class=\"yoast-seo-meta-tag\" \/>\n<meta property=\"og:title\" content=\"Dossier Sp\u00e9cial. L&#039;Op\u00e9ration Prato : Une \u00e9nigme ufologique au c\u0153ur de l&#039;Amazonie.\" class=\"yoast-seo-meta-tag\" \/>\n<meta property=\"og:description\" content=\"Au c\u0153ur de la dense for\u00eat amazonienne, une s\u00e9rie d&#039;\u00e9v\u00e9nements \u00e9tranges et inexpliqu\u00e9s a secou\u00e9 la r\u00e9gion de Colares, au Br\u00e9sil, \u00e0 la fin des ann\u00e9es 1970. Ces ph\u00e9nom\u00e8nes, connus sous le nom de &quot; chupa-chupa &quot;, ont d\u00e9clench\u00e9 l&#039;une des enqu\u00eates militaires les plus intrigantes de l&#039;histoire de l&#039;ufologie : l&#039;Op\u00e9ration Prato.Pendant des mois, des habitants de cette r\u00e9gion isol\u00e9e ont rapport\u00e9 des observations d&#039;objets volants non identifi\u00e9s et des attaques myst\u00e9rieuses impliquant des rayons de lumi\u00e8re qui laissaient des marques sur leurs corps. Ces t\u00e9moignages ont conduit l&#039;arm\u00e9e de l&#039;air br\u00e9silienne \u00e0 lancer une enqu\u00eate officielle, dirig\u00e9e par le capitaine Uyrang\u00ea Hollanda.\" class=\"yoast-seo-meta-tag\" \/>\n<meta property=\"og:url\" content=\"https:\/\/planetactus.com\/index.php\/2024\/08\/27\/dossier-special-loperation-prato-une-enigme-ufologique-au-coeur-de-lamazonie\/\" class=\"yoast-seo-meta-tag\" \/>\n<meta property=\"article:publisher\" content=\"https:\/\/www.facebook.com\/profile.php?id=61561620320740\" class=\"yoast-seo-meta-tag\" \/>\n<meta property=\"article:author\" content=\"https:\/\/www.facebook.com\/profile.php?id=61561620320740\" class=\"yoast-seo-meta-tag\" \/>\n<meta property=\"article:published_time\" content=\"2024-08-27T16:22:18+00:00\" class=\"yoast-seo-meta-tag\" \/>\n<meta property=\"article:modified_time\" content=\"2024-08-27T16:22:22+00:00\" class=\"yoast-seo-meta-tag\" \/>\n<meta property=\"og:image\" content=\"https:\/\/mlrdeoj2ejbf.i.optimole.com\/cb:mvHM.4ca\/w:auto\/h:auto\/q:mauto\/f:best\/http:\/\/planetactus.com\/wp-content\/uploads\/2024\/08\/LOperation-Prato_Une-enigme-ufologique-au-coeur-de-lAmazonie_Planet-Actus-IA.jpg\" class=\"yoast-seo-meta-tag\" \/>\n\t<meta property=\"og:image:width\" content=\"1024\" class=\"yoast-seo-meta-tag\" \/>\n\t<meta property=\"og:image:height\" content=\"1024\" class=\"yoast-seo-meta-tag\" \/>\n\t<meta property=\"og:image:type\" content=\"image\/jpeg\" class=\"yoast-seo-meta-tag\" \/>\n<meta name=\"author\" content=\"planetactus.com\" class=\"yoast-seo-meta-tag\" \/>\n<meta name=\"twitter:card\" content=\"summary_large_image\" class=\"yoast-seo-meta-tag\" \/>\n<meta name=\"twitter:title\" content=\"Dossier Sp\u00e9cial. L&#039;Op\u00e9ration Prato : Une \u00e9nigme ufologique au c\u0153ur de l&#039;Amazonie.\" class=\"yoast-seo-meta-tag\" \/>\n<meta name=\"twitter:description\" content=\"Au c\u0153ur de la dense for\u00eat amazonienne, une s\u00e9rie d&#039;\u00e9v\u00e9nements \u00e9tranges et inexpliqu\u00e9s a secou\u00e9 la r\u00e9gion de Colares, au Br\u00e9sil, \u00e0 la fin des ann\u00e9es 1970. Ces ph\u00e9nom\u00e8nes, connus sous le nom de &quot; chupa-chupa &quot;, ont d\u00e9clench\u00e9 l&#039;une des enqu\u00eates militaires les plus intrigantes de l&#039;histoire de l&#039;ufologie : l&#039;Op\u00e9ration Prato.Pendant des mois, des habitants de cette r\u00e9gion isol\u00e9e ont rapport\u00e9 des observations d&#039;objets volants non identifi\u00e9s et des attaques myst\u00e9rieuses impliquant des rayons de lumi\u00e8re qui laissaient des marques sur leurs corps. Ces t\u00e9moignages ont conduit l&#039;arm\u00e9e de l&#039;air br\u00e9silienne \u00e0 lancer une enqu\u00eate officielle, dirig\u00e9e par le capitaine Uyrang\u00ea Hollanda.\" class=\"yoast-seo-meta-tag\" \/>\n<meta name=\"twitter:creator\" content=\"@https:\/\/x.com\/PlanetActus\" class=\"yoast-seo-meta-tag\" \/>\n<meta name=\"twitter:site\" content=\"@PlanetActus\" class=\"yoast-seo-meta-tag\" \/>\n<meta name=\"twitter:label1\" content=\"\u00c9crit par\" class=\"yoast-seo-meta-tag\" \/>\n\t<meta name=\"twitter:data1\" content=\"planetactus.com\" class=\"yoast-seo-meta-tag\" \/>\n\t<meta name=\"twitter:label2\" content=\"Dur\u00e9e de lecture estim\u00e9e\" class=\"yoast-seo-meta-tag\" \/>\n\t<meta name=\"twitter:data2\" content=\"3 minutes\" class=\"yoast-seo-meta-tag\" \/>\n<script type=\"application\/ld+json\" class=\"yoast-schema-graph\">{\"@context\":\"https:\\\/\\\/schema.org\",\"@graph\":[{\"@type\":\"Article\",\"@id\":\"https:\\\/\\\/planetactus.com\\\/index.php\\\/2024\\\/08\\\/27\\\/dossier-special-loperation-prato-une-enigme-ufologique-au-coeur-de-lamazonie\\\/#article\",\"isPartOf\":{\"@id\":\"https:\\\/\\\/planetactus.com\\\/index.php\\\/2024\\\/08\\\/27\\\/dossier-special-loperation-prato-une-enigme-ufologique-au-coeur-de-lamazonie\\\/\"},\"author\":{\"name\":\"planetactus.com\",\"@id\":\"https:\\\/\\\/planetactus.com\\\/#\\\/schema\\\/person\\\/fbb75ac73a2424d2e176d31b021372a4\"},\"headline\":\"Dossier Sp\u00e9cial. L&rsquo;Op\u00e9ration Prato : Une \u00e9nigme Ufologique au C\u0153ur de l&rsquo;Amazonie.\",\"datePublished\":\"2024-08-27T16:22:18+00:00\",\"dateModified\":\"2024-08-27T16:22:22+00:00\",\"mainEntityOfPage\":{\"@id\":\"https:\\\/\\\/planetactus.com\\\/index.php\\\/2024\\\/08\\\/27\\\/dossier-special-loperation-prato-une-enigme-ufologique-au-coeur-de-lamazonie\\\/\"},\"wordCount\":574,\"commentCount\":1,\"publisher\":{\"@id\":\"https:\\\/\\\/planetactus.com\\\/#\\\/schema\\\/person\\\/fbb75ac73a2424d2e176d31b021372a4\"},\"image\":{\"@id\":\"https:\\\/\\\/planetactus.com\\\/index.php\\\/2024\\\/08\\\/27\\\/dossier-special-loperation-prato-une-enigme-ufologique-au-coeur-de-lamazonie\\\/#primaryimage\"},\"thumbnailUrl\":\"https:\\/\\/i0.wp.com\\/planetactus.com\\/wp-content\\/uploads\\/2024\\/08\\/LOperation-Prato_Une-enigme-ufologique-au-coeur-de-lAmazonie_Planet-Actus-IA.jpg?fit=1024%2C1024&ssl=1\",\"articleSection\":[\"A la Une\",\"Enqu\u00eates d'Investigations\",\"International\",\"Top Secret\",\"Ufo-News\"],\"inLanguage\":\"fr-FR\",\"potentialAction\":[{\"@type\":\"CommentAction\",\"name\":\"Comment\",\"target\":[\"https:\\\/\\\/planetactus.com\\\/index.php\\\/2024\\\/08\\\/27\\\/dossier-special-loperation-prato-une-enigme-ufologique-au-coeur-de-lamazonie\\\/#respond\"]}]},{\"@type\":\"WebPage\",\"@id\":\"https:\\\/\\\/planetactus.com\\\/index.php\\\/2024\\\/08\\\/27\\\/dossier-special-loperation-prato-une-enigme-ufologique-au-coeur-de-lamazonie\\\/\",\"url\":\"https:\\\/\\\/planetactus.com\\\/index.php\\\/2024\\\/08\\\/27\\\/dossier-special-loperation-prato-une-enigme-ufologique-au-coeur-de-lamazonie\\\/\",\"name\":\"Dossier Sp\u00e9cial. L'Op\u00e9ration Prato : Une \u00e9nigme Ufologique au C\u0153ur de l'Amazonie. -\",\"isPartOf\":{\"@id\":\"https:\\\/\\\/planetactus.com\\\/#website\"},\"primaryImageOfPage\":{\"@id\":\"https:\\\/\\\/planetactus.com\\\/index.php\\\/2024\\\/08\\\/27\\\/dossier-special-loperation-prato-une-enigme-ufologique-au-coeur-de-lamazonie\\\/#primaryimage\"},\"image\":{\"@id\":\"https:\\\/\\\/planetactus.com\\\/index.php\\\/2024\\\/08\\\/27\\\/dossier-special-loperation-prato-une-enigme-ufologique-au-coeur-de-lamazonie\\\/#primaryimage\"},\"thumbnailUrl\":\"https:\\/\\/i0.wp.com\\/planetactus.com\\/wp-content\\/uploads\\/2024\\/08\\/LOperation-Prato_Une-enigme-ufologique-au-coeur-de-lAmazonie_Planet-Actus-IA.jpg?fit=1024%2C1024&ssl=1\",\"datePublished\":\"2024-08-27T16:22:18+00:00\",\"dateModified\":\"2024-08-27T16:22:22+00:00\",\"description\":\"Au c\u0153ur de la dense for\u00eat amazonienne, une s\u00e9rie d'\u00e9v\u00e9nements \u00e9tranges et inexpliqu\u00e9s a secou\u00e9 la r\u00e9gion de Colares, au Br\u00e9sil, \u00e0 la fin des ann\u00e9es 1970. Ces ph\u00e9nom\u00e8nes, connus sous le nom de \\\" chupa-chupa \\\", ont d\u00e9clench\u00e9 l'une des enqu\u00eates militaires les plus intrigantes de l'histoire de l'ufologie : l'Op\u00e9ration Prato.Pendant des mois, des habitants de cette r\u00e9gion isol\u00e9e ont rapport\u00e9 des observations d'objets volants non identifi\u00e9s et des attaques myst\u00e9rieuses impliquant des rayons de lumi\u00e8re qui laissaient des marques sur leurs corps. Ces t\u00e9moignages ont conduit l'arm\u00e9e de l'air br\u00e9silienne \u00e0 lancer une enqu\u00eate officielle, dirig\u00e9e par le capitaine Uyrang\u00ea Hollanda.\",\"breadcrumb\":{\"@id\":\"https:\\\/\\\/planetactus.com\\\/index.php\\\/2024\\\/08\\\/27\\\/dossier-special-loperation-prato-une-enigme-ufologique-au-coeur-de-lamazonie\\\/#breadcrumb\"},\"inLanguage\":\"fr-FR\",\"potentialAction\":[{\"@type\":\"ReadAction\",\"target\":[\"https:\\\/\\\/planetactus.com\\\/index.php\\\/2024\\\/08\\\/27\\\/dossier-special-loperation-prato-une-enigme-ufologique-au-coeur-de-lamazonie\\\/\"]}]},{\"@type\":\"ImageObject\",\"inLanguage\":\"fr-FR\",\"@id\":\"https:\\\/\\\/planetactus.com\\\/index.php\\\/2024\\\/08\\\/27\\\/dossier-special-loperation-prato-une-enigme-ufologique-au-coeur-de-lamazonie\\\/#primaryimage\",\"url\":\"https:\\/\\/i0.wp.com\\/planetactus.com\\/wp-content\\/uploads\\/2024\\/08\\/LOperation-Prato_Une-enigme-ufologique-au-coeur-de-lAmazonie_Planet-Actus-IA.jpg?fit=1024%2C1024&ssl=1\",\"contentUrl\":\"https:\\/\\/i0.wp.com\\/planetactus.com\\/wp-content\\/uploads\\/2024\\/08\\/LOperation-Prato_Une-enigme-ufologique-au-coeur-de-lAmazonie_Planet-Actus-IA.jpg?fit=1024%2C1024&ssl=1\",\"width\":1024,\"height\":1024,\"caption\":\"LOperation-Prato_Une-enigme-ufologique-au-coeur-de-lAmazonie_Planet-Actus-IA.jpg\"},{\"@type\":\"BreadcrumbList\",\"@id\":\"https:\\\/\\\/planetactus.com\\\/index.php\\\/2024\\\/08\\\/27\\\/dossier-special-loperation-prato-une-enigme-ufologique-au-coeur-de-lamazonie\\\/#breadcrumb\",\"itemListElement\":[{\"@type\":\"ListItem\",\"position\":1,\"name\":\"Accueil\",\"item\":\"https:\\\/\\\/planetactus.com\\\/\"},{\"@type\":\"ListItem\",\"position\":2,\"name\":\"Dossier Sp\u00e9cial. L&rsquo;Op\u00e9ration Prato : Une \u00e9nigme Ufologique au C\u0153ur de l&rsquo;Amazonie.\"}]},{\"@type\":\"WebSite\",\"@id\":\"https:\\\/\\\/planetactus.com\\\/#website\",\"url\":\"https:\\\/\\\/planetactus.com\\\/\",\"name\":\"PLANET ACTUS\",\"description\":\"PLANET ACTUS\",\"publisher\":{\"@id\":\"https:\\\/\\\/planetactus.com\\\/#\\\/schema\\\/person\\\/fbb75ac73a2424d2e176d31b021372a4\"},\"potentialAction\":[{\"@type\":\"SearchAction\",\"target\":{\"@type\":\"EntryPoint\",\"urlTemplate\":\"https:\\\/\\\/planetactus.com\\\/?s={search_term_string}\"},\"query-input\":{\"@type\":\"PropertyValueSpecification\",\"valueRequired\":true,\"valueName\":\"search_term_string\"}}],\"inLanguage\":\"fr-FR\"},{\"@type\":[\"Person\",\"Organization\"],\"@id\":\"https:\\\/\\\/planetactus.com\\\/#\\\/schema\\\/person\\\/fbb75ac73a2424d2e176d31b021372a4\",\"name\":\"planetactus.com\",\"image\":{\"@type\":\"ImageObject\",\"inLanguage\":\"fr-FR\",\"@id\":\"https:\\/\\/i0.wp.com\\/planetactus.com\\/wp-content\\/uploads\\/2024\\/07\\/cropped-2-Planet-Actus-Banniere-02a.jpg?fit=1189%2C365&ssl=1\",\"url\":\"https:\\/\\/i0.wp.com\\/planetactus.com\\/wp-content\\/uploads\\/2024\\/07\\/cropped-2-Planet-Actus-Banniere-02a.jpg?fit=1189%2C365&ssl=1\",\"contentUrl\":\"https:\\/\\/i0.wp.com\\/planetactus.com\\/wp-content\\/uploads\\/2024\\/07\\/cropped-2-Planet-Actus-Banniere-02a.jpg?fit=1189%2C365&ssl=1\",\"width\":1189,\"height\":365,\"caption\":\"planetactus.com\"},\"logo\":{\"@id\":\"https:\\/\\/i0.wp.com\\/planetactus.com\\/wp-content\\/uploads\\/2024\\/07\\/cropped-2-Planet-Actus-Banniere-02a.jpg?fit=1189%2C365&ssl=1\"},\"sameAs\":[\"http:\\\/\\\/planetactus.com\",\"https:\\\/\\\/www.facebook.com\\\/profile.php?id=61561620320740\",\"https:\\\/\\\/x.com\\\/https:\\\/\\\/x.com\\\/PlanetActus\",\"https:\\\/\\\/www.youtube.com\\\/@PlanetActus\"],\"url\":\"https:\\\/\\\/planetactus.com\\\/index.php\\\/author\\\/admin9861\\\/\"}]}<\/script>\n<!-- \/ Yoast SEO plugin. -->","yoast_head_json":{"title":"Dossier Sp\u00e9cial. L'Op\u00e9ration Prato : Une \u00e9nigme Ufologique au C\u0153ur de l'Amazonie. -","description":"Au c\u0153ur de la dense for\u00eat amazonienne, une s\u00e9rie d'\u00e9v\u00e9nements \u00e9tranges et inexpliqu\u00e9s a secou\u00e9 la r\u00e9gion de Colares, au Br\u00e9sil, \u00e0 la fin des ann\u00e9es 1970. Ces ph\u00e9nom\u00e8nes, connus sous le nom de \" chupa-chupa \", ont d\u00e9clench\u00e9 l'une des enqu\u00eates militaires les plus intrigantes de l'histoire de l'ufologie : l'Op\u00e9ration Prato.Pendant des mois, des habitants de cette r\u00e9gion isol\u00e9e ont rapport\u00e9 des observations d'objets volants non identifi\u00e9s et des attaques myst\u00e9rieuses impliquant des rayons de lumi\u00e8re qui laissaient des marques sur leurs corps. Ces t\u00e9moignages ont conduit l'arm\u00e9e de l'air br\u00e9silienne \u00e0 lancer une enqu\u00eate officielle, dirig\u00e9e par le capitaine Uyrang\u00ea Hollanda.","robots":{"index":"index","follow":"follow","max-snippet":"max-snippet:-1","max-image-preview":"max-image-preview:large","max-video-preview":"max-video-preview:-1"},"canonical":"https:\/\/planetactus.com\/index.php\/2024\/08\/27\/dossier-special-loperation-prato-une-enigme-ufologique-au-coeur-de-lamazonie\/","og_locale":"fr_FR","og_type":"article","og_title":"Dossier Sp\u00e9cial. L'Op\u00e9ration Prato : Une \u00e9nigme ufologique au c\u0153ur de l'Amazonie.","og_description":"Au c\u0153ur de la dense for\u00eat amazonienne, une s\u00e9rie d'\u00e9v\u00e9nements \u00e9tranges et inexpliqu\u00e9s a secou\u00e9 la r\u00e9gion de Colares, au Br\u00e9sil, \u00e0 la fin des ann\u00e9es 1970. Ces ph\u00e9nom\u00e8nes, connus sous le nom de \" chupa-chupa \", ont d\u00e9clench\u00e9 l'une des enqu\u00eates militaires les plus intrigantes de l'histoire de l'ufologie : l'Op\u00e9ration Prato.Pendant des mois, des habitants de cette r\u00e9gion isol\u00e9e ont rapport\u00e9 des observations d'objets volants non identifi\u00e9s et des attaques myst\u00e9rieuses impliquant des rayons de lumi\u00e8re qui laissaient des marques sur leurs corps. Ces t\u00e9moignages ont conduit l'arm\u00e9e de l'air br\u00e9silienne \u00e0 lancer une enqu\u00eate officielle, dirig\u00e9e par le capitaine Uyrang\u00ea Hollanda.","og_url":"https:\/\/planetactus.com\/index.php\/2024\/08\/27\/dossier-special-loperation-prato-une-enigme-ufologique-au-coeur-de-lamazonie\/","article_publisher":"https:\/\/www.facebook.com\/profile.php?id=61561620320740","article_author":"https:\/\/www.facebook.com\/profile.php?id=61561620320740","article_published_time":"2024-08-27T16:22:18+00:00","article_modified_time":"2024-08-27T16:22:22+00:00","og_image":[{"width":1024,"height":1024,"url":"https:\/\/mlrdeoj2ejbf.i.optimole.com\/cb:mvHM.4ca\/w:auto\/h:auto\/q:mauto\/f:best\/http:\/\/planetactus.com\/wp-content\/uploads\/2024\/08\/LOperation-Prato_Une-enigme-ufologique-au-coeur-de-lAmazonie_Planet-Actus-IA.jpg","type":"image\/jpeg"}],"author":"planetactus.com","twitter_card":"summary_large_image","twitter_title":"Dossier Sp\u00e9cial. L'Op\u00e9ration Prato : Une \u00e9nigme ufologique au c\u0153ur de l'Amazonie.","twitter_description":"Au c\u0153ur de la dense for\u00eat amazonienne, une s\u00e9rie d'\u00e9v\u00e9nements \u00e9tranges et inexpliqu\u00e9s a secou\u00e9 la r\u00e9gion de Colares, au Br\u00e9sil, \u00e0 la fin des ann\u00e9es 1970. Ces ph\u00e9nom\u00e8nes, connus sous le nom de \" chupa-chupa \", ont d\u00e9clench\u00e9 l'une des enqu\u00eates militaires les plus intrigantes de l'histoire de l'ufologie : l'Op\u00e9ration Prato.Pendant des mois, des habitants de cette r\u00e9gion isol\u00e9e ont rapport\u00e9 des observations d'objets volants non identifi\u00e9s et des attaques myst\u00e9rieuses impliquant des rayons de lumi\u00e8re qui laissaient des marques sur leurs corps. Ces t\u00e9moignages ont conduit l'arm\u00e9e de l'air br\u00e9silienne \u00e0 lancer une enqu\u00eate officielle, dirig\u00e9e par le capitaine Uyrang\u00ea Hollanda.","twitter_creator":"@https:\/\/x.com\/PlanetActus","twitter_site":"@PlanetActus","twitter_misc":{"\u00c9crit par":"planetactus.com","Dur\u00e9e de lecture estim\u00e9e":"3 minutes"},"schema":{"@context":"https:\/\/schema.org","@graph":[{"@type":"Article","@id":"https:\/\/planetactus.com\/index.php\/2024\/08\/27\/dossier-special-loperation-prato-une-enigme-ufologique-au-coeur-de-lamazonie\/#article","isPartOf":{"@id":"https:\/\/planetactus.com\/index.php\/2024\/08\/27\/dossier-special-loperation-prato-une-enigme-ufologique-au-coeur-de-lamazonie\/"},"author":{"name":"planetactus.com","@id":"https:\/\/planetactus.com\/#\/schema\/person\/fbb75ac73a2424d2e176d31b021372a4"},"headline":"Dossier Sp\u00e9cial. L&rsquo;Op\u00e9ration Prato : Une \u00e9nigme Ufologique au C\u0153ur de l&rsquo;Amazonie.","datePublished":"2024-08-27T16:22:18+00:00","dateModified":"2024-08-27T16:22:22+00:00","mainEntityOfPage":{"@id":"https:\/\/planetactus.com\/index.php\/2024\/08\/27\/dossier-special-loperation-prato-une-enigme-ufologique-au-coeur-de-lamazonie\/"},"wordCount":574,"commentCount":1,"publisher":{"@id":"https:\/\/planetactus.com\/#\/schema\/person\/fbb75ac73a2424d2e176d31b021372a4"},"image":{"@id":"https:\/\/planetactus.com\/index.php\/2024\/08\/27\/dossier-special-loperation-prato-une-enigme-ufologique-au-coeur-de-lamazonie\/#primaryimage"},"thumbnailUrl":"https:\/\/mlrdeoj2ejbf.i.optimole.com\/cb:mvHM.4ca\/w:auto\/h:auto\/q:mauto\/f:best\/https:\/\/i0.wp.com\/planetactus.com\/wp-content\/uploads\/2024\/08\/LOperation-Prato_Une-enigme-ufologique-au-coeur-de-lAmazonie_Planet-Actus-IA.jpg?fit=1024%2C1024&ssl=1","articleSection":["A la Une","Enqu\u00eates d'Investigations","International","Top Secret","Ufo-News"],"inLanguage":"fr-FR","potentialAction":[{"@type":"CommentAction","name":"Comment","target":["https:\/\/planetactus.com\/index.php\/2024\/08\/27\/dossier-special-loperation-prato-une-enigme-ufologique-au-coeur-de-lamazonie\/#respond"]}]},{"@type":"WebPage","@id":"https:\/\/planetactus.com\/index.php\/2024\/08\/27\/dossier-special-loperation-prato-une-enigme-ufologique-au-coeur-de-lamazonie\/","url":"https:\/\/planetactus.com\/index.php\/2024\/08\/27\/dossier-special-loperation-prato-une-enigme-ufologique-au-coeur-de-lamazonie\/","name":"Dossier Sp\u00e9cial. L'Op\u00e9ration Prato : Une \u00e9nigme Ufologique au C\u0153ur de l'Amazonie. -","isPartOf":{"@id":"https:\/\/planetactus.com\/#website"},"primaryImageOfPage":{"@id":"https:\/\/planetactus.com\/index.php\/2024\/08\/27\/dossier-special-loperation-prato-une-enigme-ufologique-au-coeur-de-lamazonie\/#primaryimage"},"image":{"@id":"https:\/\/planetactus.com\/index.php\/2024\/08\/27\/dossier-special-loperation-prato-une-enigme-ufologique-au-coeur-de-lamazonie\/#primaryimage"},"thumbnailUrl":"https:\/\/mlrdeoj2ejbf.i.optimole.com\/cb:mvHM.4ca\/w:auto\/h:auto\/q:mauto\/f:best\/https:\/\/i0.wp.com\/planetactus.com\/wp-content\/uploads\/2024\/08\/LOperation-Prato_Une-enigme-ufologique-au-coeur-de-lAmazonie_Planet-Actus-IA.jpg?fit=1024%2C1024&ssl=1","datePublished":"2024-08-27T16:22:18+00:00","dateModified":"2024-08-27T16:22:22+00:00","description":"Au c\u0153ur de la dense for\u00eat amazonienne, une s\u00e9rie d'\u00e9v\u00e9nements \u00e9tranges et inexpliqu\u00e9s a secou\u00e9 la r\u00e9gion de Colares, au Br\u00e9sil, \u00e0 la fin des ann\u00e9es 1970. Ces ph\u00e9nom\u00e8nes, connus sous le nom de \" chupa-chupa \", ont d\u00e9clench\u00e9 l'une des enqu\u00eates militaires les plus intrigantes de l'histoire de l'ufologie : l'Op\u00e9ration Prato.Pendant des mois, des habitants de cette r\u00e9gion isol\u00e9e ont rapport\u00e9 des observations d'objets volants non identifi\u00e9s et des attaques myst\u00e9rieuses impliquant des rayons de lumi\u00e8re qui laissaient des marques sur leurs corps. Ces t\u00e9moignages ont conduit l'arm\u00e9e de l'air br\u00e9silienne \u00e0 lancer une enqu\u00eate officielle, dirig\u00e9e par le capitaine Uyrang\u00ea Hollanda.","breadcrumb":{"@id":"https:\/\/planetactus.com\/index.php\/2024\/08\/27\/dossier-special-loperation-prato-une-enigme-ufologique-au-coeur-de-lamazonie\/#breadcrumb"},"inLanguage":"fr-FR","potentialAction":[{"@type":"ReadAction","target":["https:\/\/planetactus.com\/index.php\/2024\/08\/27\/dossier-special-loperation-prato-une-enigme-ufologique-au-coeur-de-lamazonie\/"]}]},{"@type":"ImageObject","inLanguage":"fr-FR","@id":"https:\/\/planetactus.com\/index.php\/2024\/08\/27\/dossier-special-loperation-prato-une-enigme-ufologique-au-coeur-de-lamazonie\/#primaryimage","url":"https:\/\/mlrdeoj2ejbf.i.optimole.com\/cb:mvHM.4ca\/w:auto\/h:auto\/q:mauto\/f:best\/https:\/\/i0.wp.com\/planetactus.com\/wp-content\/uploads\/2024\/08\/LOperation-Prato_Une-enigme-ufologique-au-coeur-de-lAmazonie_Planet-Actus-IA.jpg?fit=1024%2C1024&ssl=1","contentUrl":"https:\/\/mlrdeoj2ejbf.i.optimole.com\/cb:mvHM.4ca\/w:auto\/h:auto\/q:mauto\/f:best\/https:\/\/i0.wp.com\/planetactus.com\/wp-content\/uploads\/2024\/08\/LOperation-Prato_Une-enigme-ufologique-au-coeur-de-lAmazonie_Planet-Actus-IA.jpg?fit=1024%2C1024&ssl=1","width":1024,"height":1024,"caption":"LOperation-Prato_Une-enigme-ufologique-au-coeur-de-lAmazonie_Planet-Actus-IA.jpg"},{"@type":"BreadcrumbList","@id":"https:\/\/planetactus.com\/index.php\/2024\/08\/27\/dossier-special-loperation-prato-une-enigme-ufologique-au-coeur-de-lamazonie\/#breadcrumb","itemListElement":[{"@type":"ListItem","position":1,"name":"Accueil","item":"https:\/\/planetactus.com\/"},{"@type":"ListItem","position":2,"name":"Dossier Sp\u00e9cial. L&rsquo;Op\u00e9ration Prato : Une \u00e9nigme Ufologique au C\u0153ur de l&rsquo;Amazonie."}]},{"@type":"WebSite","@id":"https:\/\/planetactus.com\/#website","url":"https:\/\/planetactus.com\/","name":"PLANET ACTUS","description":"PLANET ACTUS","publisher":{"@id":"https:\/\/planetactus.com\/#\/schema\/person\/fbb75ac73a2424d2e176d31b021372a4"},"potentialAction":[{"@type":"SearchAction","target":{"@type":"EntryPoint","urlTemplate":"https:\/\/planetactus.com\/?s={search_term_string}"},"query-input":{"@type":"PropertyValueSpecification","valueRequired":true,"valueName":"search_term_string"}}],"inLanguage":"fr-FR"},{"@type":["Person","Organization"],"@id":"https:\/\/planetactus.com\/#\/schema\/person\/fbb75ac73a2424d2e176d31b021372a4","name":"planetactus.com","image":{"@type":"ImageObject","inLanguage":"fr-FR","@id":"https:\/\/mlrdeoj2ejbf.i.optimole.com\/cb:mvHM.4ca\/w:auto\/h:auto\/q:mauto\/f:best\/https:\/\/i0.wp.com\/planetactus.com\/wp-content\/uploads\/2024\/07\/cropped-2-Planet-Actus-Banniere-02a.jpg?fit=1189%2C365&ssl=1","url":"https:\/\/mlrdeoj2ejbf.i.optimole.com\/cb:mvHM.4ca\/w:auto\/h:auto\/q:mauto\/f:best\/https:\/\/i0.wp.com\/planetactus.com\/wp-content\/uploads\/2024\/07\/cropped-2-Planet-Actus-Banniere-02a.jpg?fit=1189%2C365&ssl=1","contentUrl":"https:\/\/mlrdeoj2ejbf.i.optimole.com\/cb:mvHM.4ca\/w:auto\/h:auto\/q:mauto\/f:best\/https:\/\/i0.wp.com\/planetactus.com\/wp-content\/uploads\/2024\/07\/cropped-2-Planet-Actus-Banniere-02a.jpg?fit=1189%2C365&ssl=1","width":1189,"height":365,"caption":"planetactus.com"},"logo":{"@id":"https:\/\/mlrdeoj2ejbf.i.optimole.com\/cb:mvHM.4ca\/w:auto\/h:auto\/q:mauto\/f:best\/https:\/\/i0.wp.com\/planetactus.com\/wp-content\/uploads\/2024\/07\/cropped-2-Planet-Actus-Banniere-02a.jpg?fit=1189%2C365&ssl=1"},"sameAs":["http:\/\/planetactus.com","https:\/\/www.facebook.com\/profile.php?id=61561620320740","https:\/\/x.com\/https:\/\/x.com\/PlanetActus","https:\/\/www.youtube.com\/@PlanetActus"],"url":"https:\/\/planetactus.com\/index.php\/author\/admin9861\/"}]}},"jetpack_publicize_connections":[],"jetpack_featured_media_url":"https:\/\/mlrdeoj2ejbf.i.optimole.com\/cb:mvHM.4ca\/w:auto\/h:auto\/q:mauto\/f:best\/https:\/\/i0.wp.com\/planetactus.com\/wp-content\/uploads\/2024\/08\/LOperation-Prato_Une-enigme-ufologique-au-coeur-de-lAmazonie_Planet-Actus-IA.jpg?fit=1024%2C1024&ssl=1","jetpack_sharing_enabled":true,"_links":{"self":[{"href":"https:\/\/planetactus.com\/index.php\/wp-json\/wp\/v2\/posts\/1506","targetHints":{"allow":["GET"]}}],"collection":[{"href":"https:\/\/planetactus.com\/index.php\/wp-json\/wp\/v2\/posts"}],"about":[{"href":"https:\/\/planetactus.com\/index.php\/wp-json\/wp\/v2\/types\/post"}],"author":[{"embeddable":true,"href":"https:\/\/planetactus.com\/index.php\/wp-json\/wp\/v2\/users\/1"}],"replies":[{"embeddable":true,"href":"https:\/\/planetactus.com\/index.php\/wp-json\/wp\/v2\/comments?post=1506"}],"version-history":[{"count":5,"href":"https:\/\/planetactus.com\/index.php\/wp-json\/wp\/v2\/posts\/1506\/revisions"}],"predecessor-version":[{"id":1512,"href":"https:\/\/planetactus.com\/index.php\/wp-json\/wp\/v2\/posts\/1506\/revisions\/1512"}],"wp:featuredmedia":[{"embeddable":true,"href":"https:\/\/planetactus.com\/index.php\/wp-json\/wp\/v2\/media\/1510"}],"wp:attachment":[{"href":"https:\/\/planetactus.com\/index.php\/wp-json\/wp\/v2\/media?parent=1506"}],"wp:term":[{"taxonomy":"category","embeddable":true,"href":"https:\/\/planetactus.com\/index.php\/wp-json\/wp\/v2\/categories?post=1506"},{"taxonomy":"post_tag","embeddable":true,"href":"https:\/\/planetactus.com\/index.php\/wp-json\/wp\/v2\/tags?post=1506"}],"curies":[{"name":"wp","href":"https:\/\/api.w.org\/{rel}","templated":true}]}}