{"id":1668,"date":"2024-09-05T17:14:19","date_gmt":"2024-09-05T15:14:19","guid":{"rendered":"https:\/\/planetactus.com\/?p=1668"},"modified":"2024-09-05T18:33:00","modified_gmt":"2024-09-05T16:33:00","slug":"les-ovnis-en-france-plongez-et-decouvrez-lincroyable-vague-dovnis-qui-a-secoue-la-france","status":"publish","type":"post","link":"https:\/\/planetactus.com\/index.php\/2024\/09\/05\/les-ovnis-en-france-plongez-et-decouvrez-lincroyable-vague-dovnis-qui-a-secoue-la-france\/","title":{"rendered":"Les OVNIS en France : Plongez et D\u00e9couvrez l\u2019Incroyable Vague d\u2019OVNIS qui a Secou\u00e9 la France !"},"content":{"rendered":"\n<p>\ud83d\udef8&nbsp;<strong>Myst\u00e8re au Ciel : <\/strong><a href=\"https:\/\/www.google.com\/search?client=firefox-b-d&amp;q=Les+OVNIS+en+France\"><mark style=\"background-color:rgba(0, 0, 0, 0)\" class=\"has-inline-color has-vivid-red-color\">Les OVNIS en France<\/mark><\/a><strong> et l&rsquo;Enqu\u00eate de L&rsquo;Heure H | Mystery in Heaven : <\/strong><a href=\"https:\/\/www.google.com\/search?client=firefox-b-d&amp;q=UFOs+in+France\"><mark style=\"background-color:rgba(0, 0, 0, 0)\" class=\"has-inline-color has-vivid-red-color\">UFOs in France<\/mark><\/a><strong> and the H Hour Investigation.<\/strong> \ud83d\udc7d&nbsp;&nbsp;<\/p>\n\n\n\n<p>\ud83d\udccd <strong>En 1954, la France a \u00e9t\u00e9 le th\u00e9\u00e2tre d&rsquo;\u00e9v\u00e9nements inexpliqu\u00e9s qui ont captiv\u00e9 le public et aliment\u00e9 l&rsquo;imagination collective. Des OVNIS ont \u00e9t\u00e9 aper\u00e7us \u00e0 travers le pays, marquant le d\u00e9but d&rsquo;une s\u00e9rie d&rsquo;observations myst\u00e9rieuses. Pour revivre ces moments fascinants et comprendre ce qui s\u2019est r\u00e9ellement pass\u00e9, plongez dans les trois podcasts captivants de \u00ab\u00a0L&rsquo;Heure H\u00a0\u00bb sur la RTBF.<\/strong> \ud83d\udd0e<\/p>\n\n\n\n<p><span style=\"text-decoration: underline;\">La rencontre myst\u00e9rieuse de Quarouble<\/span>.<\/p>\n\n\n\n<p>Le 10 septembre 1954, \u00e0 Quarouble, pr\u00e8s de Valenciennes, <strong>Marius Dewilde, m\u00e9tallurgiste, fait une rencontre hors du commun<\/strong>. Alors qu\u2019il se pr\u00e9pare \u00e0 s\u2019endormir, son chien se met \u00e0 grogner, alert\u00e9 par une pr\u00e9sence \u00e9trange \u00e0 l&rsquo;ext\u00e9rieur. Intrigu\u00e9, Dewilde sort avec sa lampe de poche pour d\u00e9couvrir une large tache sombre sur les rails du passage \u00e0 niveau voisin. <strong>Mais ce qu\u2019il voit d\u00e9passe l&rsquo;entendement : deux petites formes humano\u00efdes portant des combinaisons bizarres et casqu\u00e9es<\/strong>.<\/p>\n\n\n\n<p><strong>Dans le premier \u00e9pisode du podcast \u00ab\u00a0L&rsquo;Heure H\u00a0\u00bb de la RTBF, revivez cette nuit effrayante o\u00f9 Dewilde fut paralys\u00e9 par un myst\u00e9rieux faisceau de lumi\u00e8re \u00e9manant de l&rsquo;engin inconnu. D\u00e9couvrez comment, malgr\u00e9 la peur, il parvint \u00e0 observer une machine ovale impressionnante qui disparut rapidement dans le ciel.<\/strong> [<strong>\u00c9coutez maintenant<\/strong>] \ud83c\udfa7<\/p>\n\n\n\n<figure class=\"wp-block-embed aligncenter is-type-video is-provider-youtube wp-block-embed-youtube wp-embed-aspect-16-9 wp-has-aspect-ratio\"><div class=\"wp-block-embed__wrapper\">\n<iframe  id=\"_ytid_39469\"  width=\"640\" height=\"360\"  data-origwidth=\"640\" data-origheight=\"360\" src=\"https:\/\/www.youtube.com\/embed\/dQsMN2YEJiY?enablejsapi=1&#038;autoplay=0&#038;cc_load_policy=0&#038;cc_lang_pref=&#038;iv_load_policy=1&#038;loop=0&#038;rel=1&#038;fs=1&#038;playsinline=0&#038;autohide=2&#038;theme=dark&#038;color=red&#038;controls=1&#038;disablekb=0&#038;\" class=\"__youtube_prefs__  epyt-is-override  no-lazyload\" title=\"YouTube player\"  allow=\"fullscreen; accelerometer; autoplay; clipboard-write; encrypted-media; gyroscope; picture-in-picture; web-share\" referrerpolicy=\"strict-origin-when-cross-origin\" allowfullscreen data-no-lazy=\"1\" data-skipgform_ajax_framebjll=\"\"><\/iframe>\n<\/div><figcaption class=\"wp-element-caption\">OVNIS en France : vagues de soucoupes volantes (partie 1) &#8211; L&rsquo;Heure H.<\/figcaption><\/figure>\n\n\n\n<p><span style=\"text-decoration: underline;\">Des t\u00e9moignages qui se multiplient<\/span>.<\/p>\n\n\n\n<p><strong>Cet \u00e9v\u00e9nement marqua le d\u00e9but d\u2019une vague d\u2019observations d\u2019OVNIS \u00e0 travers toute la France.<\/strong> Tr\u00e8s vite, <strong>les t\u00e9moignages affluent de toutes les r\u00e9gions<\/strong> : des objets volants non identifi\u00e9s, des lumi\u00e8res \u00e9tranges et des entit\u00e9s inconnues. <strong>Les autorit\u00e9s se mobilisent, les scientifiques se penchent sur ces ph\u00e9nom\u00e8nes, et la presse se passionne pour ces r\u00e9cits myst\u00e9rieux<\/strong>.<\/p>\n\n\n\n<p><strong>Le deuxi\u00e8me \u00e9pisode du podcast<\/strong> \u00ab\u00a0L&rsquo;Heure H\u00a0\u00bb explore l&rsquo;ampleur de cette vague d&rsquo;apparitions. <strong>Des rencontres du troisi\u00e8me type<\/strong> ? De simples <strong>hallucinations collectives<\/strong> ?<strong> D\u00e9couvrez comment ces \u00e9v\u00e9nements ont \u00e9t\u00e9 per\u00e7us \u00e0 l\u2019\u00e9poque et les r\u00e9actions qu\u2019ils ont suscit\u00e9es aupr\u00e8s des autorit\u00e9s et du public<\/strong>. [<strong>Plongez dans l&rsquo;enqu\u00eate<\/strong>] \ud83d\udd0e<\/p>\n\n\n\n<figure class=\"wp-block-embed aligncenter is-type-video is-provider-youtube wp-block-embed-youtube wp-embed-aspect-16-9 wp-has-aspect-ratio\"><div class=\"wp-block-embed__wrapper\">\n<iframe  id=\"_ytid_26927\"  width=\"640\" height=\"360\"  data-origwidth=\"640\" data-origheight=\"360\" src=\"https:\/\/www.youtube.com\/embed\/xf2CsTfLSds?enablejsapi=1&#038;autoplay=0&#038;cc_load_policy=0&#038;cc_lang_pref=&#038;iv_load_policy=1&#038;loop=0&#038;rel=1&#038;fs=1&#038;playsinline=0&#038;autohide=2&#038;theme=dark&#038;color=red&#038;controls=1&#038;disablekb=0&#038;\" class=\"__youtube_prefs__  epyt-is-override  no-lazyload\" title=\"YouTube player\"  allow=\"fullscreen; accelerometer; autoplay; clipboard-write; encrypted-media; gyroscope; picture-in-picture; web-share\" referrerpolicy=\"strict-origin-when-cross-origin\" allowfullscreen data-no-lazy=\"1\" data-skipgform_ajax_framebjll=\"\"><\/iframe>\n<\/div><figcaption class=\"wp-element-caption\">OVNIS en France : vagues de soucoupes volantes (partie 2) &#8211; L&rsquo;Heure H.<\/figcaption><\/figure>\n\n\n\n<p><span style=\"text-decoration: underline;\">La fin d\u2019une \u00e8re ou d\u2019un myst\u00e8re sans fin <\/span>?<\/p>\n\n\n\n<p>Mais comment cette vague d\u2019OVNIS s\u2019est-elle \u00e9vanouie du ciel fran\u00e7ais ? Et que savons-nous vraiment de ces apparitions ? <strong>Dans le troisi\u00e8me et dernier \u00e9pisode<\/strong>, la RTBF revient sur la fin de cette p\u00e9riode myst\u00e9rieuse. <strong>Des explications rationnelles sont avanc\u00e9es, mais le myst\u00e8re reste entier. Certains y voient encore aujourd&rsquo;hui des preuves de visites extraterrestres.<\/strong><\/p>\n\n\n\n<p><strong>Pour<\/strong> <span style=\"text-decoration: underline;\">d\u00e9couvrir<\/span> la <strong>conclusion<\/strong> <strong>de cette \u00e9nigme fascinante, ne manquez pas le dernier \u00e9pisode du podcast. <\/strong>[<strong>\u00c9coutez la fin de l&rsquo;histoire<\/strong>].<\/p>\n\n\n\n<figure class=\"wp-block-embed aligncenter is-type-video is-provider-youtube wp-block-embed-youtube wp-embed-aspect-16-9 wp-has-aspect-ratio\"><div class=\"wp-block-embed__wrapper\">\n<iframe  id=\"_ytid_77178\"  width=\"640\" height=\"360\"  data-origwidth=\"640\" data-origheight=\"360\" src=\"https:\/\/www.youtube.com\/embed\/VHcFzhKjeP0?enablejsapi=1&#038;autoplay=0&#038;cc_load_policy=0&#038;cc_lang_pref=&#038;iv_load_policy=1&#038;loop=0&#038;rel=1&#038;fs=1&#038;playsinline=0&#038;autohide=2&#038;theme=dark&#038;color=red&#038;controls=1&#038;disablekb=0&#038;\" class=\"__youtube_prefs__  epyt-is-override  no-lazyload\" title=\"YouTube player\"  allow=\"fullscreen; accelerometer; autoplay; clipboard-write; encrypted-media; gyroscope; picture-in-picture; web-share\" referrerpolicy=\"strict-origin-when-cross-origin\" allowfullscreen data-no-lazy=\"1\" data-skipgform_ajax_framebjll=\"\"><\/iframe>\n<\/div><figcaption class=\"wp-element-caption\">OVNIS en France : vagues de soucoupes volantes (partie 3 et fin) &#8211; L&rsquo;Heure H.<\/figcaption><\/figure>\n\n\n\n<p><span style=\"text-decoration: underline;\">Conclusion<\/span><\/p>\n\n\n\n<p>Les OVNIS de 1954 continuent de captiver et de susciter la curiosit\u00e9. Que vous soyez sceptique ou convaincu, cette s\u00e9rie de podcasts de la RTBF est l&rsquo;occasion parfaite de revivre une page fascinante de l&rsquo;histoire contemporaine fran\u00e7aise et de <strong>vous faire votre propre opinion sur ces ph\u00e9nom\u00e8nes inexpliqu\u00e9s<\/strong><a> <\/a>\ud83e\ude90\u00a0<\/p>\n\n\n\n<p><span style=\"text-decoration: underline;\">Tu aimeras aussi<\/span> :<\/p>\n\n\n\n<p>\ud83e\ude96&nbsp;<strong>Dossier Sp\u00e9cial<\/strong>. <a href=\"https:\/\/planetactus.com\/index.php\/2024\/08\/27\/dossier-special-loperation-prato-une-enigme-ufologique-au-coeur-de-lamazonie\/\"><mark style=\"background-color:rgba(0, 0, 0, 0)\" class=\"has-inline-color has-vivid-red-color\">L\u2019Op\u00e9ration Prato<\/mark><\/a> : <strong>Une \u00e9nigme Ufologique au C\u0153ur de l\u2019Amazonie.<\/strong><\/p>\n\n\n\n<p>\ud83d\udc7d <strong>L\u2019URSS et les OVNIs<\/strong> : <a href=\"https:\/\/planetactus.com\/index.php\/2024\/08\/23\/lurss-et-les-ovnis-quand-le-kremlin-chassait-les-soucoupes-volantes-the-ussr-and-ufos-when-the-kremlin-hunted-flying-saucers\/\"><mark style=\"background-color:rgba(0, 0, 0, 0)\" class=\"has-inline-color has-vivid-red-color\">Quand le Kremlin chassait les soucoupes volantes<\/mark><\/a>.<\/p>\n\n\n\n<p>\ud83d\udccd <strong>Les OVNIs d\u00e9fient l\u2019\u00e9lite du Renseignement Mondial<\/strong> : <a href=\"https:\/\/planetactus.com\/index.php\/2024\/08\/14\/les-ovnis-defient-lelite-du-renseignement-mondial-un-ex-agent-de-la-cia-brise-le-silence-quand-les-services-secrets-mondiaux-perdent-le-nord\/\"><mark style=\"background-color:rgba(0, 0, 0, 0)\" class=\"has-inline-color has-vivid-red-color\">Un ex-agent de la CIA brise le silence<\/mark><\/a>.<\/p>\n\n\n\n<p>\ud83e\udd3f <strong>Plong\u00e9e dans l\u2019Inconnu<\/strong> : <a href=\"https:\/\/planetactus.com\/index.php\/2024\/07\/24\/plongee-dans-linconnu-la-conference-mondiale-sur-les-ovnis-de-la-society-for-uap-studies-2024\/\"><mark style=\"background-color:rgba(0, 0, 0, 0)\" class=\"has-inline-color has-vivid-red-color\">La Conf\u00e9rence Mondiale sur les OVNIs<\/mark><\/a> <strong>de la Society for UAP Studies 2024.<\/strong><\/p>\n\n\n\n<p>\ud83d\udef8&nbsp;<a href=\"https:\/\/t.me\/ufo_planetactus_sightings\">Ufo Planet Actus Sightings Investigations<\/a>&nbsp; <a>\ud83d\udc7d<\/a><br><a>\ud83e\ude90&nbsp;<\/a><a href=\"https:\/\/t.me\/planetactus\">Planet Actus&nbsp;True News Letters<\/a>&nbsp;\ud83d\uddde<br>\ud83d\udcbb&nbsp;<a href=\"https:\/\/planetactus.com\/\">Planet Actus.com<\/a>&nbsp;\ud83e\ude90<\/p>\n\n\n<div class=\"wp-block-post-author\"><div class=\"wp-block-post-author__avatar\"><img decoding=async data-opt-id=1391982141  fetchpriority=\"high\" alt='' src='\/\/www.gravatar.com\/avatar\/1f651b4ef1fc23d4d1601d6f2649258e?s=48&#038;r=g&#038;d=mm' srcset='\/\/www.gravatar.com\/avatar\/1f651b4ef1fc23d4d1601d6f2649258e?s=48&#038;r=g&#038;d=mm 2x' class='avatar avatar-48 photo' height='48' width='48' \/><\/div><div class=\"wp-block-post-author__content\"><p class=\"wp-block-post-author__byline\"><a href=\"http:\/\/planetactus.com\">planetactus<\/a><\/p><p class=\"wp-block-post-author__name\">planetactus.com<\/p><\/div><\/div><div class=\"gsp_post_data\" \r\n\t            data-post_type=\"post\" \r\n\t            data-cat=\"a-la-une,international,mysteres,top-secret,ufo-news\" \r\n\t            data-modified=\"120\"\r\n\t            data-created=\"1725556459\"\r\n\t            data-title=\"Les OVNIS en France : Plongez et D\u00e9couvrez l\u2019Incroyable Vague d\u2019OVNIS qui a Secou\u00e9 la France !\" \r\n\t            data-home=\"https:\/\/planetactus.com\"><\/div>","protected":false},"excerpt":{"rendered":"<p>\ud83d\udef8&nbsp;Myst\u00e8re au Ciel : Les OVNIS en France et l&rsquo;Enqu\u00eate de L&rsquo;Heure H | Mystery in Heaven : UFOs in France and the H Hour Investigation. \ud83d\udc7d&nbsp;&nbsp; \ud83d\udccd En 1954, la France a \u00e9t\u00e9 le th\u00e9\u00e2tre d&rsquo;\u00e9v\u00e9nements inexpliqu\u00e9s qui ont captiv\u00e9 le public et aliment\u00e9 l&rsquo;imagination collective. Des OVNIS ont \u00e9t\u00e9 aper\u00e7us \u00e0 travers le [&hellip;]<\/p>\n","protected":false},"author":1,"featured_media":1672,"comment_status":"open","ping_status":"open","sticky":false,"template":"","format":"standard","meta":{"_bbp_topic_count":0,"_bbp_reply_count":0,"_bbp_total_topic_count":0,"_bbp_total_reply_count":0,"_bbp_voice_count":0,"_bbp_anonymous_reply_count":0,"_bbp_topic_count_hidden":0,"_bbp_reply_count_hidden":0,"_bbp_forum_subforum_count":0,"fifu_image_url":"","fifu_image_alt":"","_jetpack_memberships_contains_paid_content":false,"footnotes":"","jetpack_publicize_message":"","jetpack_publicize_feature_enabled":true,"jetpack_social_post_already_shared":false,"jetpack_social_options":{"image_generator_settings":{"template":"highway","default_image_id":0,"font":"","enabled":false},"version":2}},"categories":[19,21,36,15,12],"tags":[],"class_list":["post-1668","post","type-post","status-publish","format-standard","has-post-thumbnail","hentry","category-a-la-une","category-international","category-mysteres","category-top-secret","category-ufo-news"],"featured_image_src":"https:\/\/mlrdeoj2ejbf.i.optimole.com\/cb:mvHM.4ca\/w:auto\/h:auto\/q:mauto\/f:best\/https:\/\/i0.wp.com\/planetactus.com\/wp-content\/uploads\/2024\/09\/Les-OVNIS-en-France_Planet-Actus-IA.jpg?fit=1024%2C1024&ssl=1","author_info":{"display_name":"planetactus.com","author_link":"https:\/\/planetactus.com\/index.php\/author\/admin9861\/"},"yoast_head":"<!-- This site is optimized with the Yoast SEO plugin v27.5 - https:\/\/yoast.com\/product\/yoast-seo-wordpress\/ -->\n<title>Les OVNIS en France : Plongez et D\u00e9couvrez l\u2019Incroyable Vague d\u2019OVNIS qui a Secou\u00e9 la France ! -<\/title>\n<meta name=\"description\" content=\"En 1954, la France a \u00e9t\u00e9 le th\u00e9\u00e2tre d&#039;\u00e9v\u00e9nements inexpliqu\u00e9s qui ont captiv\u00e9 le public et aliment\u00e9 l&#039;imagination collective. Des OVNIS ont \u00e9t\u00e9 aper\u00e7us \u00e0 travers le pays, marquant le d\u00e9but d&#039;une s\u00e9rie d&#039;observations myst\u00e9rieuses. Pour revivre ces moments fascinants et comprendre ce qui s\u2019est r\u00e9ellement pass\u00e9, plongez dans les trois podcasts captivants de &quot;L&#039;Heure H&quot; sur la RTBF.\" class=\"yoast-seo-meta-tag\" \/>\n<meta name=\"robots\" content=\"index, follow, max-snippet:-1, max-image-preview:large, max-video-preview:-1\" \/>\n<link rel=\"canonical\" href=\"https:\/\/planetactus.com\/index.php\/2024\/09\/05\/les-ovnis-en-france-plongez-et-decouvrez-lincroyable-vague-dovnis-qui-a-secoue-la-france\/\" class=\"yoast-seo-meta-tag\" \/>\n<meta property=\"og:locale\" content=\"fr_FR\" class=\"yoast-seo-meta-tag\" \/>\n<meta property=\"og:type\" content=\"article\" class=\"yoast-seo-meta-tag\" \/>\n<meta property=\"og:title\" content=\"Les OVNIS en France : Plongez et D\u00e9couvrez l\u2019Incroyable Vague d\u2019OVNIS qui a Secou\u00e9 la France !\" class=\"yoast-seo-meta-tag\" \/>\n<meta property=\"og:description\" content=\"En 1954, la France a \u00e9t\u00e9 le th\u00e9\u00e2tre d&#039;\u00e9v\u00e9nements inexpliqu\u00e9s qui ont captiv\u00e9 le public et aliment\u00e9 l&#039;imagination collective. Des OVNIS ont \u00e9t\u00e9 aper\u00e7us \u00e0 travers le pays, marquant le d\u00e9but d&#039;une s\u00e9rie d&#039;observations myst\u00e9rieuses. Pour revivre ces moments fascinants et comprendre ce qui s\u2019est r\u00e9ellement pass\u00e9, plongez dans les trois podcasts captivants de &quot;L&#039;Heure H&quot; sur la RTBF.\" class=\"yoast-seo-meta-tag\" \/>\n<meta property=\"og:url\" content=\"https:\/\/planetactus.com\/index.php\/2024\/09\/05\/les-ovnis-en-france-plongez-et-decouvrez-lincroyable-vague-dovnis-qui-a-secoue-la-france\/\" class=\"yoast-seo-meta-tag\" \/>\n<meta property=\"article:publisher\" content=\"https:\/\/www.facebook.com\/profile.php?id=61561620320740\" class=\"yoast-seo-meta-tag\" \/>\n<meta property=\"article:author\" content=\"https:\/\/www.facebook.com\/profile.php?id=61561620320740\" class=\"yoast-seo-meta-tag\" \/>\n<meta property=\"article:published_time\" content=\"2024-09-05T15:14:19+00:00\" class=\"yoast-seo-meta-tag\" \/>\n<meta property=\"article:modified_time\" content=\"2024-09-05T16:33:00+00:00\" class=\"yoast-seo-meta-tag\" \/>\n<meta property=\"og:image\" content=\"https:\/\/mlrdeoj2ejbf.i.optimole.com\/cb:mvHM.4ca\/w:auto\/h:auto\/q:mauto\/f:best\/http:\/\/planetactus.com\/wp-content\/uploads\/2024\/09\/Les-OVNIS-en-France_Planet-Actus-IA.jpg\" class=\"yoast-seo-meta-tag\" \/>\n\t<meta property=\"og:image:width\" content=\"1024\" class=\"yoast-seo-meta-tag\" \/>\n\t<meta property=\"og:image:height\" content=\"1024\" class=\"yoast-seo-meta-tag\" \/>\n\t<meta property=\"og:image:type\" content=\"image\/jpeg\" class=\"yoast-seo-meta-tag\" \/>\n<meta name=\"author\" content=\"planetactus.com\" class=\"yoast-seo-meta-tag\" \/>\n<meta name=\"twitter:card\" content=\"summary_large_image\" class=\"yoast-seo-meta-tag\" \/>\n<meta name=\"twitter:title\" content=\"Les OVNIS en France : Plongez et D\u00e9couvrez l\u2019Incroyable Vague d\u2019OVNIS qui a Secou\u00e9 la France !\" class=\"yoast-seo-meta-tag\" \/>\n<meta name=\"twitter:description\" content=\"En 1954, la France a \u00e9t\u00e9 le th\u00e9\u00e2tre d&#039;\u00e9v\u00e9nements inexpliqu\u00e9s qui ont captiv\u00e9 le public et aliment\u00e9 l&#039;imagination collective. Des OVNIS ont \u00e9t\u00e9 aper\u00e7us \u00e0 travers le pays, marquant le d\u00e9but d&#039;une s\u00e9rie d&#039;observations myst\u00e9rieuses. Pour revivre ces moments fascinants et comprendre ce qui s\u2019est r\u00e9ellement pass\u00e9, plongez dans les trois podcasts captivants de &quot;L&#039;Heure H&quot; sur la RTBF.\" class=\"yoast-seo-meta-tag\" \/>\n<meta name=\"twitter:image\" content=\"https:\/\/mlrdeoj2ejbf.i.optimole.com\/cb:mvHM.4ca\/w:auto\/h:auto\/q:mauto\/f:best\/https:\/\/i0.wp.com\/planetactus.com\/wp-content\/uploads\/2024\/09\/Les-OVNIS-en-France_Planet-Actus-IA.jpg?fit=1024%2C1024&ssl=1\" class=\"yoast-seo-meta-tag\" \/>\n<meta name=\"twitter:creator\" content=\"@https:\/\/x.com\/PlanetActus\" class=\"yoast-seo-meta-tag\" \/>\n<meta name=\"twitter:site\" content=\"@PlanetActus\" class=\"yoast-seo-meta-tag\" \/>\n<meta name=\"twitter:label1\" content=\"\u00c9crit par\" class=\"yoast-seo-meta-tag\" \/>\n\t<meta name=\"twitter:data1\" content=\"planetactus.com\" class=\"yoast-seo-meta-tag\" \/>\n\t<meta name=\"twitter:label2\" content=\"Dur\u00e9e de lecture estim\u00e9e\" class=\"yoast-seo-meta-tag\" \/>\n\t<meta name=\"twitter:data2\" content=\"4 minutes\" class=\"yoast-seo-meta-tag\" \/>\n<script type=\"application\/ld+json\" class=\"yoast-schema-graph\">{\"@context\":\"https:\\\/\\\/schema.org\",\"@graph\":[{\"@type\":\"Article\",\"@id\":\"https:\\\/\\\/planetactus.com\\\/index.php\\\/2024\\\/09\\\/05\\\/les-ovnis-en-france-plongez-et-decouvrez-lincroyable-vague-dovnis-qui-a-secoue-la-france\\\/#article\",\"isPartOf\":{\"@id\":\"https:\\\/\\\/planetactus.com\\\/index.php\\\/2024\\\/09\\\/05\\\/les-ovnis-en-france-plongez-et-decouvrez-lincroyable-vague-dovnis-qui-a-secoue-la-france\\\/\"},\"author\":{\"name\":\"planetactus.com\",\"@id\":\"https:\\\/\\\/planetactus.com\\\/#\\\/schema\\\/person\\\/fbb75ac73a2424d2e176d31b021372a4\"},\"headline\":\"Les OVNIS en France : Plongez et D\u00e9couvrez l\u2019Incroyable Vague d\u2019OVNIS qui a Secou\u00e9 la France !\",\"datePublished\":\"2024-09-05T15:14:19+00:00\",\"dateModified\":\"2024-09-05T16:33:00+00:00\",\"mainEntityOfPage\":{\"@id\":\"https:\\\/\\\/planetactus.com\\\/index.php\\\/2024\\\/09\\\/05\\\/les-ovnis-en-france-plongez-et-decouvrez-lincroyable-vague-dovnis-qui-a-secoue-la-france\\\/\"},\"wordCount\":698,\"commentCount\":0,\"publisher\":{\"@id\":\"https:\\\/\\\/planetactus.com\\\/#\\\/schema\\\/person\\\/fbb75ac73a2424d2e176d31b021372a4\"},\"image\":{\"@id\":\"https:\\\/\\\/planetactus.com\\\/index.php\\\/2024\\\/09\\\/05\\\/les-ovnis-en-france-plongez-et-decouvrez-lincroyable-vague-dovnis-qui-a-secoue-la-france\\\/#primaryimage\"},\"thumbnailUrl\":\"https:\\/\\/i0.wp.com\\/planetactus.com\\/wp-content\\/uploads\\/2024\\/09\\/Les-OVNIS-en-France_Planet-Actus-IA.jpg?fit=1024%2C1024&ssl=1\",\"articleSection\":[\"A la Une\",\"International\",\"Myst\u00e8res\",\"Top Secret\",\"Ufo-News\"],\"inLanguage\":\"fr-FR\",\"potentialAction\":[{\"@type\":\"CommentAction\",\"name\":\"Comment\",\"target\":[\"https:\\\/\\\/planetactus.com\\\/index.php\\\/2024\\\/09\\\/05\\\/les-ovnis-en-france-plongez-et-decouvrez-lincroyable-vague-dovnis-qui-a-secoue-la-france\\\/#respond\"]}]},{\"@type\":\"WebPage\",\"@id\":\"https:\\\/\\\/planetactus.com\\\/index.php\\\/2024\\\/09\\\/05\\\/les-ovnis-en-france-plongez-et-decouvrez-lincroyable-vague-dovnis-qui-a-secoue-la-france\\\/\",\"url\":\"https:\\\/\\\/planetactus.com\\\/index.php\\\/2024\\\/09\\\/05\\\/les-ovnis-en-france-plongez-et-decouvrez-lincroyable-vague-dovnis-qui-a-secoue-la-france\\\/\",\"name\":\"Les OVNIS en France : Plongez et D\u00e9couvrez l\u2019Incroyable Vague d\u2019OVNIS qui a Secou\u00e9 la France ! -\",\"isPartOf\":{\"@id\":\"https:\\\/\\\/planetactus.com\\\/#website\"},\"primaryImageOfPage\":{\"@id\":\"https:\\\/\\\/planetactus.com\\\/index.php\\\/2024\\\/09\\\/05\\\/les-ovnis-en-france-plongez-et-decouvrez-lincroyable-vague-dovnis-qui-a-secoue-la-france\\\/#primaryimage\"},\"image\":{\"@id\":\"https:\\\/\\\/planetactus.com\\\/index.php\\\/2024\\\/09\\\/05\\\/les-ovnis-en-france-plongez-et-decouvrez-lincroyable-vague-dovnis-qui-a-secoue-la-france\\\/#primaryimage\"},\"thumbnailUrl\":\"https:\\/\\/i0.wp.com\\/planetactus.com\\/wp-content\\/uploads\\/2024\\/09\\/Les-OVNIS-en-France_Planet-Actus-IA.jpg?fit=1024%2C1024&ssl=1\",\"datePublished\":\"2024-09-05T15:14:19+00:00\",\"dateModified\":\"2024-09-05T16:33:00+00:00\",\"description\":\"En 1954, la France a \u00e9t\u00e9 le th\u00e9\u00e2tre d'\u00e9v\u00e9nements inexpliqu\u00e9s qui ont captiv\u00e9 le public et aliment\u00e9 l'imagination collective. Des OVNIS ont \u00e9t\u00e9 aper\u00e7us \u00e0 travers le pays, marquant le d\u00e9but d'une s\u00e9rie d'observations myst\u00e9rieuses. Pour revivre ces moments fascinants et comprendre ce qui s\u2019est r\u00e9ellement pass\u00e9, plongez dans les trois podcasts captivants de \\\"L'Heure H\\\" sur la RTBF.\",\"breadcrumb\":{\"@id\":\"https:\\\/\\\/planetactus.com\\\/index.php\\\/2024\\\/09\\\/05\\\/les-ovnis-en-france-plongez-et-decouvrez-lincroyable-vague-dovnis-qui-a-secoue-la-france\\\/#breadcrumb\"},\"inLanguage\":\"fr-FR\",\"potentialAction\":[{\"@type\":\"ReadAction\",\"target\":[\"https:\\\/\\\/planetactus.com\\\/index.php\\\/2024\\\/09\\\/05\\\/les-ovnis-en-france-plongez-et-decouvrez-lincroyable-vague-dovnis-qui-a-secoue-la-france\\\/\"]}]},{\"@type\":\"ImageObject\",\"inLanguage\":\"fr-FR\",\"@id\":\"https:\\\/\\\/planetactus.com\\\/index.php\\\/2024\\\/09\\\/05\\\/les-ovnis-en-france-plongez-et-decouvrez-lincroyable-vague-dovnis-qui-a-secoue-la-france\\\/#primaryimage\",\"url\":\"https:\\/\\/i0.wp.com\\/planetactus.com\\/wp-content\\/uploads\\/2024\\/09\\/Les-OVNIS-en-France_Planet-Actus-IA.jpg?fit=1024%2C1024&ssl=1\",\"contentUrl\":\"https:\\/\\/i0.wp.com\\/planetactus.com\\/wp-content\\/uploads\\/2024\\/09\\/Les-OVNIS-en-France_Planet-Actus-IA.jpg?fit=1024%2C1024&ssl=1\",\"width\":1024,\"height\":1024,\"caption\":\"Les OVNIS en France_Planet Actus IA.jpg\"},{\"@type\":\"BreadcrumbList\",\"@id\":\"https:\\\/\\\/planetactus.com\\\/index.php\\\/2024\\\/09\\\/05\\\/les-ovnis-en-france-plongez-et-decouvrez-lincroyable-vague-dovnis-qui-a-secoue-la-france\\\/#breadcrumb\",\"itemListElement\":[{\"@type\":\"ListItem\",\"position\":1,\"name\":\"Accueil\",\"item\":\"https:\\\/\\\/planetactus.com\\\/\"},{\"@type\":\"ListItem\",\"position\":2,\"name\":\"Les OVNIS en France : Plongez et D\u00e9couvrez l\u2019Incroyable Vague d\u2019OVNIS qui a Secou\u00e9 la France !\"}]},{\"@type\":\"WebSite\",\"@id\":\"https:\\\/\\\/planetactus.com\\\/#website\",\"url\":\"https:\\\/\\\/planetactus.com\\\/\",\"name\":\"PLANET ACTUS\",\"description\":\"PLANET ACTUS\",\"publisher\":{\"@id\":\"https:\\\/\\\/planetactus.com\\\/#\\\/schema\\\/person\\\/fbb75ac73a2424d2e176d31b021372a4\"},\"potentialAction\":[{\"@type\":\"SearchAction\",\"target\":{\"@type\":\"EntryPoint\",\"urlTemplate\":\"https:\\\/\\\/planetactus.com\\\/?s={search_term_string}\"},\"query-input\":{\"@type\":\"PropertyValueSpecification\",\"valueRequired\":true,\"valueName\":\"search_term_string\"}}],\"inLanguage\":\"fr-FR\"},{\"@type\":[\"Person\",\"Organization\"],\"@id\":\"https:\\\/\\\/planetactus.com\\\/#\\\/schema\\\/person\\\/fbb75ac73a2424d2e176d31b021372a4\",\"name\":\"planetactus.com\",\"image\":{\"@type\":\"ImageObject\",\"inLanguage\":\"fr-FR\",\"@id\":\"https:\\/\\/i0.wp.com\\/planetactus.com\\/wp-content\\/uploads\\/2024\\/07\\/cropped-2-Planet-Actus-Banniere-02a.jpg?fit=1189%2C365&ssl=1\",\"url\":\"https:\\/\\/i0.wp.com\\/planetactus.com\\/wp-content\\/uploads\\/2024\\/07\\/cropped-2-Planet-Actus-Banniere-02a.jpg?fit=1189%2C365&ssl=1\",\"contentUrl\":\"https:\\/\\/i0.wp.com\\/planetactus.com\\/wp-content\\/uploads\\/2024\\/07\\/cropped-2-Planet-Actus-Banniere-02a.jpg?fit=1189%2C365&ssl=1\",\"width\":1189,\"height\":365,\"caption\":\"planetactus.com\"},\"logo\":{\"@id\":\"https:\\/\\/i0.wp.com\\/planetactus.com\\/wp-content\\/uploads\\/2024\\/07\\/cropped-2-Planet-Actus-Banniere-02a.jpg?fit=1189%2C365&ssl=1\"},\"sameAs\":[\"http:\\\/\\\/planetactus.com\",\"https:\\\/\\\/www.facebook.com\\\/profile.php?id=61561620320740\",\"https:\\\/\\\/x.com\\\/https:\\\/\\\/x.com\\\/PlanetActus\",\"https:\\\/\\\/www.youtube.com\\\/@PlanetActus\"],\"url\":\"https:\\\/\\\/planetactus.com\\\/index.php\\\/author\\\/admin9861\\\/\"}]}<\/script>\n<!-- \/ Yoast SEO plugin. -->","yoast_head_json":{"title":"Les OVNIS en France : Plongez et D\u00e9couvrez l\u2019Incroyable Vague d\u2019OVNIS qui a Secou\u00e9 la France ! -","description":"En 1954, la France a \u00e9t\u00e9 le th\u00e9\u00e2tre d'\u00e9v\u00e9nements inexpliqu\u00e9s qui ont captiv\u00e9 le public et aliment\u00e9 l'imagination collective. Des OVNIS ont \u00e9t\u00e9 aper\u00e7us \u00e0 travers le pays, marquant le d\u00e9but d'une s\u00e9rie d'observations myst\u00e9rieuses. Pour revivre ces moments fascinants et comprendre ce qui s\u2019est r\u00e9ellement pass\u00e9, plongez dans les trois podcasts captivants de \"L'Heure H\" sur la RTBF.","robots":{"index":"index","follow":"follow","max-snippet":"max-snippet:-1","max-image-preview":"max-image-preview:large","max-video-preview":"max-video-preview:-1"},"canonical":"https:\/\/planetactus.com\/index.php\/2024\/09\/05\/les-ovnis-en-france-plongez-et-decouvrez-lincroyable-vague-dovnis-qui-a-secoue-la-france\/","og_locale":"fr_FR","og_type":"article","og_title":"Les OVNIS en France : Plongez et D\u00e9couvrez l\u2019Incroyable Vague d\u2019OVNIS qui a Secou\u00e9 la France !","og_description":"En 1954, la France a \u00e9t\u00e9 le th\u00e9\u00e2tre d'\u00e9v\u00e9nements inexpliqu\u00e9s qui ont captiv\u00e9 le public et aliment\u00e9 l'imagination collective. Des OVNIS ont \u00e9t\u00e9 aper\u00e7us \u00e0 travers le pays, marquant le d\u00e9but d'une s\u00e9rie d'observations myst\u00e9rieuses. Pour revivre ces moments fascinants et comprendre ce qui s\u2019est r\u00e9ellement pass\u00e9, plongez dans les trois podcasts captivants de \"L'Heure H\" sur la RTBF.","og_url":"https:\/\/planetactus.com\/index.php\/2024\/09\/05\/les-ovnis-en-france-plongez-et-decouvrez-lincroyable-vague-dovnis-qui-a-secoue-la-france\/","article_publisher":"https:\/\/www.facebook.com\/profile.php?id=61561620320740","article_author":"https:\/\/www.facebook.com\/profile.php?id=61561620320740","article_published_time":"2024-09-05T15:14:19+00:00","article_modified_time":"2024-09-05T16:33:00+00:00","og_image":[{"width":1024,"height":1024,"url":"https:\/\/mlrdeoj2ejbf.i.optimole.com\/cb:mvHM.4ca\/w:auto\/h:auto\/q:mauto\/f:best\/http:\/\/planetactus.com\/wp-content\/uploads\/2024\/09\/Les-OVNIS-en-France_Planet-Actus-IA.jpg","type":"image\/jpeg"}],"author":"planetactus.com","twitter_card":"summary_large_image","twitter_title":"Les OVNIS en France : Plongez et D\u00e9couvrez l\u2019Incroyable Vague d\u2019OVNIS qui a Secou\u00e9 la France !","twitter_description":"En 1954, la France a \u00e9t\u00e9 le th\u00e9\u00e2tre d'\u00e9v\u00e9nements inexpliqu\u00e9s qui ont captiv\u00e9 le public et aliment\u00e9 l'imagination collective. Des OVNIS ont \u00e9t\u00e9 aper\u00e7us \u00e0 travers le pays, marquant le d\u00e9but d'une s\u00e9rie d'observations myst\u00e9rieuses. Pour revivre ces moments fascinants et comprendre ce qui s\u2019est r\u00e9ellement pass\u00e9, plongez dans les trois podcasts captivants de \"L'Heure H\" sur la RTBF.","twitter_image":"https:\/\/mlrdeoj2ejbf.i.optimole.com\/cb:mvHM.4ca\/w:auto\/h:auto\/q:mauto\/f:best\/https:\/\/i0.wp.com\/planetactus.com\/wp-content\/uploads\/2024\/09\/Les-OVNIS-en-France_Planet-Actus-IA.jpg?fit=1024%2C1024&ssl=1","twitter_creator":"@https:\/\/x.com\/PlanetActus","twitter_site":"@PlanetActus","twitter_misc":{"\u00c9crit par":"planetactus.com","Dur\u00e9e de lecture estim\u00e9e":"4 minutes"},"schema":{"@context":"https:\/\/schema.org","@graph":[{"@type":"Article","@id":"https:\/\/planetactus.com\/index.php\/2024\/09\/05\/les-ovnis-en-france-plongez-et-decouvrez-lincroyable-vague-dovnis-qui-a-secoue-la-france\/#article","isPartOf":{"@id":"https:\/\/planetactus.com\/index.php\/2024\/09\/05\/les-ovnis-en-france-plongez-et-decouvrez-lincroyable-vague-dovnis-qui-a-secoue-la-france\/"},"author":{"name":"planetactus.com","@id":"https:\/\/planetactus.com\/#\/schema\/person\/fbb75ac73a2424d2e176d31b021372a4"},"headline":"Les OVNIS en France : Plongez et D\u00e9couvrez l\u2019Incroyable Vague d\u2019OVNIS qui a Secou\u00e9 la France !","datePublished":"2024-09-05T15:14:19+00:00","dateModified":"2024-09-05T16:33:00+00:00","mainEntityOfPage":{"@id":"https:\/\/planetactus.com\/index.php\/2024\/09\/05\/les-ovnis-en-france-plongez-et-decouvrez-lincroyable-vague-dovnis-qui-a-secoue-la-france\/"},"wordCount":698,"commentCount":0,"publisher":{"@id":"https:\/\/planetactus.com\/#\/schema\/person\/fbb75ac73a2424d2e176d31b021372a4"},"image":{"@id":"https:\/\/planetactus.com\/index.php\/2024\/09\/05\/les-ovnis-en-france-plongez-et-decouvrez-lincroyable-vague-dovnis-qui-a-secoue-la-france\/#primaryimage"},"thumbnailUrl":"https:\/\/mlrdeoj2ejbf.i.optimole.com\/cb:mvHM.4ca\/w:auto\/h:auto\/q:mauto\/f:best\/https:\/\/i0.wp.com\/planetactus.com\/wp-content\/uploads\/2024\/09\/Les-OVNIS-en-France_Planet-Actus-IA.jpg?fit=1024%2C1024&ssl=1","articleSection":["A la Une","International","Myst\u00e8res","Top Secret","Ufo-News"],"inLanguage":"fr-FR","potentialAction":[{"@type":"CommentAction","name":"Comment","target":["https:\/\/planetactus.com\/index.php\/2024\/09\/05\/les-ovnis-en-france-plongez-et-decouvrez-lincroyable-vague-dovnis-qui-a-secoue-la-france\/#respond"]}]},{"@type":"WebPage","@id":"https:\/\/planetactus.com\/index.php\/2024\/09\/05\/les-ovnis-en-france-plongez-et-decouvrez-lincroyable-vague-dovnis-qui-a-secoue-la-france\/","url":"https:\/\/planetactus.com\/index.php\/2024\/09\/05\/les-ovnis-en-france-plongez-et-decouvrez-lincroyable-vague-dovnis-qui-a-secoue-la-france\/","name":"Les OVNIS en France : Plongez et D\u00e9couvrez l\u2019Incroyable Vague d\u2019OVNIS qui a Secou\u00e9 la France ! -","isPartOf":{"@id":"https:\/\/planetactus.com\/#website"},"primaryImageOfPage":{"@id":"https:\/\/planetactus.com\/index.php\/2024\/09\/05\/les-ovnis-en-france-plongez-et-decouvrez-lincroyable-vague-dovnis-qui-a-secoue-la-france\/#primaryimage"},"image":{"@id":"https:\/\/planetactus.com\/index.php\/2024\/09\/05\/les-ovnis-en-france-plongez-et-decouvrez-lincroyable-vague-dovnis-qui-a-secoue-la-france\/#primaryimage"},"thumbnailUrl":"https:\/\/mlrdeoj2ejbf.i.optimole.com\/cb:mvHM.4ca\/w:auto\/h:auto\/q:mauto\/f:best\/https:\/\/i0.wp.com\/planetactus.com\/wp-content\/uploads\/2024\/09\/Les-OVNIS-en-France_Planet-Actus-IA.jpg?fit=1024%2C1024&ssl=1","datePublished":"2024-09-05T15:14:19+00:00","dateModified":"2024-09-05T16:33:00+00:00","description":"En 1954, la France a \u00e9t\u00e9 le th\u00e9\u00e2tre d'\u00e9v\u00e9nements inexpliqu\u00e9s qui ont captiv\u00e9 le public et aliment\u00e9 l'imagination collective. Des OVNIS ont \u00e9t\u00e9 aper\u00e7us \u00e0 travers le pays, marquant le d\u00e9but d'une s\u00e9rie d'observations myst\u00e9rieuses. Pour revivre ces moments fascinants et comprendre ce qui s\u2019est r\u00e9ellement pass\u00e9, plongez dans les trois podcasts captivants de \"L'Heure H\" sur la RTBF.","breadcrumb":{"@id":"https:\/\/planetactus.com\/index.php\/2024\/09\/05\/les-ovnis-en-france-plongez-et-decouvrez-lincroyable-vague-dovnis-qui-a-secoue-la-france\/#breadcrumb"},"inLanguage":"fr-FR","potentialAction":[{"@type":"ReadAction","target":["https:\/\/planetactus.com\/index.php\/2024\/09\/05\/les-ovnis-en-france-plongez-et-decouvrez-lincroyable-vague-dovnis-qui-a-secoue-la-france\/"]}]},{"@type":"ImageObject","inLanguage":"fr-FR","@id":"https:\/\/planetactus.com\/index.php\/2024\/09\/05\/les-ovnis-en-france-plongez-et-decouvrez-lincroyable-vague-dovnis-qui-a-secoue-la-france\/#primaryimage","url":"https:\/\/mlrdeoj2ejbf.i.optimole.com\/cb:mvHM.4ca\/w:auto\/h:auto\/q:mauto\/f:best\/https:\/\/i0.wp.com\/planetactus.com\/wp-content\/uploads\/2024\/09\/Les-OVNIS-en-France_Planet-Actus-IA.jpg?fit=1024%2C1024&ssl=1","contentUrl":"https:\/\/mlrdeoj2ejbf.i.optimole.com\/cb:mvHM.4ca\/w:auto\/h:auto\/q:mauto\/f:best\/https:\/\/i0.wp.com\/planetactus.com\/wp-content\/uploads\/2024\/09\/Les-OVNIS-en-France_Planet-Actus-IA.jpg?fit=1024%2C1024&ssl=1","width":1024,"height":1024,"caption":"Les OVNIS en France_Planet Actus IA.jpg"},{"@type":"BreadcrumbList","@id":"https:\/\/planetactus.com\/index.php\/2024\/09\/05\/les-ovnis-en-france-plongez-et-decouvrez-lincroyable-vague-dovnis-qui-a-secoue-la-france\/#breadcrumb","itemListElement":[{"@type":"ListItem","position":1,"name":"Accueil","item":"https:\/\/planetactus.com\/"},{"@type":"ListItem","position":2,"name":"Les OVNIS en France : Plongez et D\u00e9couvrez l\u2019Incroyable Vague d\u2019OVNIS qui a Secou\u00e9 la France !"}]},{"@type":"WebSite","@id":"https:\/\/planetactus.com\/#website","url":"https:\/\/planetactus.com\/","name":"PLANET ACTUS","description":"PLANET ACTUS","publisher":{"@id":"https:\/\/planetactus.com\/#\/schema\/person\/fbb75ac73a2424d2e176d31b021372a4"},"potentialAction":[{"@type":"SearchAction","target":{"@type":"EntryPoint","urlTemplate":"https:\/\/planetactus.com\/?s={search_term_string}"},"query-input":{"@type":"PropertyValueSpecification","valueRequired":true,"valueName":"search_term_string"}}],"inLanguage":"fr-FR"},{"@type":["Person","Organization"],"@id":"https:\/\/planetactus.com\/#\/schema\/person\/fbb75ac73a2424d2e176d31b021372a4","name":"planetactus.com","image":{"@type":"ImageObject","inLanguage":"fr-FR","@id":"https:\/\/mlrdeoj2ejbf.i.optimole.com\/cb:mvHM.4ca\/w:auto\/h:auto\/q:mauto\/f:best\/https:\/\/i0.wp.com\/planetactus.com\/wp-content\/uploads\/2024\/07\/cropped-2-Planet-Actus-Banniere-02a.jpg?fit=1189%2C365&ssl=1","url":"https:\/\/mlrdeoj2ejbf.i.optimole.com\/cb:mvHM.4ca\/w:auto\/h:auto\/q:mauto\/f:best\/https:\/\/i0.wp.com\/planetactus.com\/wp-content\/uploads\/2024\/07\/cropped-2-Planet-Actus-Banniere-02a.jpg?fit=1189%2C365&ssl=1","contentUrl":"https:\/\/mlrdeoj2ejbf.i.optimole.com\/cb:mvHM.4ca\/w:auto\/h:auto\/q:mauto\/f:best\/https:\/\/i0.wp.com\/planetactus.com\/wp-content\/uploads\/2024\/07\/cropped-2-Planet-Actus-Banniere-02a.jpg?fit=1189%2C365&ssl=1","width":1189,"height":365,"caption":"planetactus.com"},"logo":{"@id":"https:\/\/mlrdeoj2ejbf.i.optimole.com\/cb:mvHM.4ca\/w:auto\/h:auto\/q:mauto\/f:best\/https:\/\/i0.wp.com\/planetactus.com\/wp-content\/uploads\/2024\/07\/cropped-2-Planet-Actus-Banniere-02a.jpg?fit=1189%2C365&ssl=1"},"sameAs":["http:\/\/planetactus.com","https:\/\/www.facebook.com\/profile.php?id=61561620320740","https:\/\/x.com\/https:\/\/x.com\/PlanetActus","https:\/\/www.youtube.com\/@PlanetActus"],"url":"https:\/\/planetactus.com\/index.php\/author\/admin9861\/"}]}},"jetpack_publicize_connections":[],"jetpack_featured_media_url":"https:\/\/mlrdeoj2ejbf.i.optimole.com\/cb:mvHM.4ca\/w:auto\/h:auto\/q:mauto\/f:best\/https:\/\/i0.wp.com\/planetactus.com\/wp-content\/uploads\/2024\/09\/Les-OVNIS-en-France_Planet-Actus-IA.jpg?fit=1024%2C1024&ssl=1","jetpack_sharing_enabled":true,"_links":{"self":[{"href":"https:\/\/planetactus.com\/index.php\/wp-json\/wp\/v2\/posts\/1668","targetHints":{"allow":["GET"]}}],"collection":[{"href":"https:\/\/planetactus.com\/index.php\/wp-json\/wp\/v2\/posts"}],"about":[{"href":"https:\/\/planetactus.com\/index.php\/wp-json\/wp\/v2\/types\/post"}],"author":[{"embeddable":true,"href":"https:\/\/planetactus.com\/index.php\/wp-json\/wp\/v2\/users\/1"}],"replies":[{"embeddable":true,"href":"https:\/\/planetactus.com\/index.php\/wp-json\/wp\/v2\/comments?post=1668"}],"version-history":[{"count":9,"href":"https:\/\/planetactus.com\/index.php\/wp-json\/wp\/v2\/posts\/1668\/revisions"}],"predecessor-version":[{"id":1680,"href":"https:\/\/planetactus.com\/index.php\/wp-json\/wp\/v2\/posts\/1668\/revisions\/1680"}],"wp:featuredmedia":[{"embeddable":true,"href":"https:\/\/planetactus.com\/index.php\/wp-json\/wp\/v2\/media\/1672"}],"wp:attachment":[{"href":"https:\/\/planetactus.com\/index.php\/wp-json\/wp\/v2\/media?parent=1668"}],"wp:term":[{"taxonomy":"category","embeddable":true,"href":"https:\/\/planetactus.com\/index.php\/wp-json\/wp\/v2\/categories?post=1668"},{"taxonomy":"post_tag","embeddable":true,"href":"https:\/\/planetactus.com\/index.php\/wp-json\/wp\/v2\/tags?post=1668"}],"curies":[{"name":"wp","href":"https:\/\/api.w.org\/{rel}","templated":true}]}}