{"id":1708,"date":"2024-09-07T21:13:34","date_gmt":"2024-09-07T19:13:34","guid":{"rendered":"https:\/\/planetactus.com\/?p=1708"},"modified":"2024-09-07T21:13:42","modified_gmt":"2024-09-07T19:13:42","slug":"bombe-davos-dans-la-tourmente-accusations-de-harcelement-et-discrimination-au-sein-du-forum-economique-mondial-wef","status":"publish","type":"post","link":"https:\/\/planetactus.com\/index.php\/2024\/09\/07\/bombe-davos-dans-la-tourmente-accusations-de-harcelement-et-discrimination-au-sein-du-forum-economique-mondial-wef\/","title":{"rendered":"Bombe | Davos Dans la Tourmente : Accusations de Harc\u00e8lement et Discrimination au Sein du Forum Economique Mondial (WEF)\u00a0!"},"content":{"rendered":"\n<p>\u25a0 <strong>Davos in turmoil: accusations of harassment and discrimination within the World Economic Forum<\/strong>, <strong>via <\/strong>[<a href=\"https:\/\/www.google.com\/search?client=firefox-b-d&amp;q=Le+Wall+Street+Journal+r%C3%A9v%C3%A8le+une+atmosph%C3%A8re+toxique+au+sein+du+Forum+%C3%A9conomique+mondial+%28WEF%29+de+Davos\"><mark style=\"background-color:rgba(0, 0, 0, 0)\" class=\"has-inline-color has-vivid-red-color\">Google<\/mark><\/a>].<\/p>\n\n\n\n<p>\u25a0 <strong>Despite its lofty goals, the World Economic Forum has faced numerous accusations of sexual harassment and discrimination against women and Black people, via<\/strong> [<a href=\"https:\/\/www.google.com\/search?client=firefox-b-d&amp;q=Despite+its+lofty+goals%2C+the+World+Economic+Forum+has+faced+numerous+accusations+of+sexual+harassment+and+discrimination+against+women+and+Black+people.\"><mark style=\"background-color:rgba(0, 0, 0, 0)\" class=\"has-inline-color has-vivid-red-color\">Google<\/mark><\/a>].<\/p>\n\n\n\n<p>\ud83d\udccd <strong>Le Wall Street Journal r\u00e9v\u00e8le une atmosph\u00e8re toxique au sein du Forum \u00e9conomique mondial<\/strong> (WEF) <strong>de Davos<\/strong>, <span style=\"text-decoration: underline;\">marqu\u00e9e par de nombreux cas de harc\u00e8lement et de discrimination envers les femmes et les personnes noires<\/span>. <strong>Plus de 80 anciens et actuels employ\u00e9s t\u00e9moignent d&rsquo;un environnement de travail hostile, avec des cas de harc\u00e8lement sexuel perp\u00e9tr\u00e9s par des cadres sup\u00e9rieurs et m\u00eame par Klaus Schwab, le fondateur du forum<\/strong>. <strong>Certains employ\u00e9s ont \u00e9t\u00e9 <u>licenci\u00e9s en raison de leur grossesse<\/u> ou apr\u00e8s un cong\u00e9 de maternit\u00e9, et d&rsquo;autres ont rapport\u00e9 des comportements racistes de la part de gestionnaires. Klaus Schwab, apr\u00e8s avoir tent\u00e9 d&rsquo;influencer le Wall Street Journal pour bloquer la publication de l&rsquo;article, a annonc\u00e9 son intention de quitter son poste de pr\u00e9sident, tout en niant les accusations.<\/strong><\/p>\n\n\n\n<p>\u25a0 <em>\u00ab&nbsp;<a href=\"https:\/\/www.google.com\/search?client=firefox-b-d&amp;q=Le+fondateur+du+Forum+%C3%A9conomique+mondial+%28WEF%29\"><mark style=\"background-color:rgba(0, 0, 0, 0)\" class=\"has-inline-color has-vivid-red-color\">Le fondateur du Forum \u00e9conomique mondial<\/mark><\/a> (WEF) <strong>de Davos Klaus Schwab aurait laiss\u00e9 couver une atmosph\u00e8re de travail hostile o\u00f9 certaines cat\u00e9gories d&#8217;employ\u00e9s sont maltrait\u00e9s, affirme le Wall Street Journal dans une longue enqu\u00eate. Les accusations se basent sur plusieurs dizaines de t\u00e9moignages.<\/strong><\/em><\/p>\n\n\n\n<p><em>Le quotidien am\u00e9ricain met directement en cause le fondateur du WEF Klaus Schwab. Dans <a href=\"https:\/\/www.wsj.com\/business\/world-economic-forum-klaus-schwab-discrimination-harassment-de285594?mod=Searchresults_pos2&amp;page=1\" target=\"_blank\" rel=\"noreferrer noopener\"><mark style=\"background-color:rgba(0, 0, 0, 0)\" class=\"has-inline-color has-vivid-red-color\">son enqu\u00eate <\/mark><\/a>publi\u00e9e le 29 juin dernier, le Wall Street Journal explique notamment qu&rsquo;il se serait un jour mis en t\u00eate de rajeunir ses effectifs. Il aurait alors cibl\u00e9 quelques employ\u00e9s dans la cinquantaine et aurait demand\u00e9 \u00e0 un responsable RH, Paolo Gallo, de les licencier.<\/em><\/p>\n\n\n\n<p><em>Ce dernier aurait refus\u00e9, soulignant qu&rsquo;il fallait une raison valable pour renvoyer quelqu&rsquo;un. Peu de temps apr\u00e8s ce refus, Paolo Gallo aurait lui-m\u00eame \u00e9t\u00e9 licenci\u00e9 par Klaus Schwab.<\/em><\/p>\n\n\n\n<p><strong><em>Atmosph\u00e8re \u00a0\u00bb hostile aux femmes et aux Noirs \u00ab\u00a0. &nbsp;<\/em><\/strong><\/p>\n\n\n\n<p><em>Le Wall Street Journal dit avoir interview\u00e9 80 collaboratrices et collaborateurs, anciens et actuels, de l&rsquo;institution bas\u00e9e \u00e0 Gen\u00e8ve. Beaucoup d\u00e9noncent une atmosph\u00e8re de travail \u00ab\u00a0<strong> toxique <\/strong>\u00a0\u00bb et \u00a0\u00bb <strong>hostile aux femmes et aux Noirs <\/strong>\u00ab\u00a0, que Klaus Schwab aurait laiss\u00e9e se d\u00e9velopper.<\/em><\/p>\n\n\n\n<p><strong><em>Des femmes auraient vu leur carri\u00e8re stagner \u00e0 leur retour de cong\u00e9 maternit\u00e9. Certaines auraient m\u00eame \u00e9t\u00e9 r\u00e9trograd\u00e9es ou pouss\u00e9es vers la sortie. Elles d\u00e9noncent \u00e9galement des cas de harc\u00e8lement de la part de leurs coll\u00e8gues ou d&rsquo;invit\u00e9s du Forum de Davos. Klaus Schwab lui-m\u00eame serait responsable de nombreux commentaires d\u00e9plac\u00e9s<\/em>. Lire la suite via La Radio T\u00e9l\u00e9vision Suisse<\/strong> [RTS.CH].<\/p>\n\n\n\n<p>\u25a0 Le WSJ a \u00e9t\u00e9 inform\u00e9 d&rsquo;un <strong>harc\u00e8lement <\/strong>et d&rsquo;une <strong>discrimination massifs lors du forum de Davos&nbsp;<\/strong>: <em>\u00ab&nbsp;Le forum vise \u00e0 am\u00e9liorer le monde, mais les employ\u00e9s ont signal\u00e9 de nombreux incidents de harc\u00e8lement et d&rsquo;humiliation, notamment de la part du fondateur de l&rsquo;entreprise. Ayant pris connaissance de la pr\u00e9paration de l&rsquo;article, il a tent\u00e9 d&rsquo;influencer le WSJ, mais a ensuite <strong>annonc\u00e9 sa d\u00e9mission<\/strong>&nbsp;\u00bb. <\/em><strong>Lire la suite via le<\/strong> [<a href=\"https:\/\/www.rbc.ru\/business\/30\/06\/2024\/6680cb489a79479a75d6844b\"><mark style=\"background-color:rgba(0, 0, 0, 0)\" class=\"has-inline-color has-vivid-red-color\">M\u00e9dia Russe RBC<\/mark><\/a>].<\/p>\n\n\n\n<p>\u25a0 <strong>Le World Economic Forum est-il raciste ?&nbsp;<\/strong>: <span style=\"text-decoration: underline;\">Une enqu\u00eate du quotidien am\u00e9ricain<\/span> \u00ab&nbsp;The Wall Street Journal&nbsp;\u00bb r\u00e9v\u00e8le que les comportements discriminatoires au sein des \u00e9quipes qui organisent chaque ann\u00e9e le Forum de Davos sont fr\u00e9quents, notamment envers les Noirs.<\/p>\n\n\n\n<p><em>\u00ab&nbsp;<strong>La sc\u00e8ne est \u00e9loquente<\/strong>,<strong> et c\u2019est le Wall Street Journal qui en fait le r\u00e9cit dans une longue enqu\u00eate publi\u00e9e le 29 juin dernier et intitul\u00e9e<\/strong> <a href=\"https:\/\/www.wsj.com\/business\/world-economic-forum-klaus-schwab-discrimination-harassment-de285594\">Behind Davos, Claims of a Toxic Workplace.<\/a> Le quotidien \u00e9conomique am\u00e9ricain raconte comment Tiffany Hart, une employ\u00e9e noire du World Economic Forum (WEF), qui organise chaque ann\u00e9e le sommet de Davos, a \u00e9t\u00e9 interrog\u00e9e par un de ses responsables sur sa perruque, l\u2019homme finissant par brandir des allumettes et par lui demander \u00ab&nbsp;<strong>s\u2019il pouvait y mettre le feu<\/strong>&nbsp;\u00bb. \u00c0 en croire le Wall Street Journal, les cas de discrimination sont nombreux au WEF.<\/em> <strong>Lire la suite via<\/strong> [<a href=\"https:\/\/www.jeuneafrique.com\/1587664\/politique\/le-world-economic-forum-est-il-raciste\"><mark style=\"background-color:rgba(0, 0, 0, 0)\" class=\"has-inline-color has-vivid-red-color\">Jeune Afrique<\/mark><\/a>].<\/p>\n\n\n\n<p>\ud83d\udccd <strong>En bonus&nbsp;: WARNING: Klaus Schwab &amp; the WEF Want to Control Your Life | AVERTISSEMENT&nbsp;: Klaus Schwab et le WEF Veulent Contr\u00f4ler Votre VIE !<\/strong><\/p>\n\n\n\n<p><strong>Dans cet \u00e9pisode, Patrick Bet-David explique comment Klaus Schwab et le Forum \u00e9conomique mondial exercent une influence consid\u00e9rable sur les entreprises et les dirigeants politiques du monde entier.<\/strong><\/p>\n\n\n\n<figure class=\"wp-block-embed aligncenter is-type-video is-provider-youtube wp-block-embed-youtube wp-embed-aspect-16-9 wp-has-aspect-ratio\"><div class=\"wp-block-embed__wrapper\">\n<iframe  id=\"_ytid_71697\"  width=\"640\" height=\"360\"  data-origwidth=\"640\" data-origheight=\"360\" src=\"https:\/\/www.youtube.com\/embed\/mSAJ4dC7NSI?enablejsapi=1&#038;autoplay=0&#038;cc_load_policy=0&#038;cc_lang_pref=&#038;iv_load_policy=1&#038;loop=0&#038;rel=1&#038;fs=1&#038;playsinline=0&#038;autohide=2&#038;theme=dark&#038;color=red&#038;controls=1&#038;disablekb=0&#038;\" class=\"__youtube_prefs__  epyt-is-override  no-lazyload\" title=\"YouTube player\"  allow=\"fullscreen; accelerometer; autoplay; clipboard-write; encrypted-media; gyroscope; picture-in-picture; web-share\" referrerpolicy=\"strict-origin-when-cross-origin\" allowfullscreen data-no-lazy=\"1\" data-skipgform_ajax_framebjll=\"\"><\/iframe>\n<\/div><figcaption class=\"wp-element-caption\">VALUE TAINMENT<\/figcaption><\/figure>\n\n\n\n<p>\u25a0 <strong>Agenda de Davos du World Economic Forum : intervention du Pr\u00e9sident Emmanuel Macron&nbsp;: Le Pr\u00e9sident de la R\u00e9publique Emmanuel Macron a pris part \u00e0 un \u00e9change avec le professeur Klaus Schwab, Pr\u00e9sident et Fondateur du World Economic Forum.<\/strong><\/p>\n\n\n\n<figure class=\"wp-block-embed is-type-video is-provider-youtube wp-block-embed-youtube wp-embed-aspect-16-9 wp-has-aspect-ratio\"><div class=\"wp-block-embed__wrapper\">\n<iframe  id=\"_ytid_31536\"  width=\"640\" height=\"360\"  data-origwidth=\"640\" data-origheight=\"360\" src=\"https:\/\/www.youtube.com\/embed\/mGHt1N0MYGA?enablejsapi=1&#038;autoplay=0&#038;cc_load_policy=0&#038;cc_lang_pref=&#038;iv_load_policy=1&#038;loop=0&#038;rel=1&#038;fs=1&#038;playsinline=0&#038;autohide=2&#038;theme=dark&#038;color=red&#038;controls=1&#038;disablekb=0&#038;\" class=\"__youtube_prefs__  epyt-is-override  no-lazyload\" title=\"YouTube player\"  allow=\"fullscreen; accelerometer; autoplay; clipboard-write; encrypted-media; gyroscope; picture-in-picture; web-share\" referrerpolicy=\"strict-origin-when-cross-origin\" allowfullscreen data-no-lazy=\"1\" data-skipgform_ajax_framebjll=\"\"><\/iframe>\n<\/div><figcaption class=\"wp-element-caption\">\u00c9lys\u00e9e.<\/figcaption><\/figure>\n\n\n\n<p>\u25a0 <strong>\u00c0 Davos, Macron a Exp\u00e9riment\u00e9 ce Moment de Solitude Si Propre aux Visios<\/strong>.<\/p>\n\n\n\n<figure class=\"wp-block-embed is-type-video is-provider-youtube wp-block-embed-youtube wp-embed-aspect-16-9 wp-has-aspect-ratio\"><div class=\"wp-block-embed__wrapper\">\n<iframe  id=\"_ytid_39113\"  width=\"640\" height=\"360\"  data-origwidth=\"640\" data-origheight=\"360\" src=\"https:\/\/www.youtube.com\/embed\/kkFrkJ6y0l4?enablejsapi=1&#038;autoplay=0&#038;cc_load_policy=0&#038;cc_lang_pref=&#038;iv_load_policy=1&#038;loop=0&#038;rel=1&#038;fs=1&#038;playsinline=0&#038;autohide=2&#038;theme=dark&#038;color=red&#038;controls=1&#038;disablekb=0&#038;\" class=\"__youtube_prefs__  epyt-is-override  no-lazyload\" title=\"YouTube player\"  allow=\"fullscreen; accelerometer; autoplay; clipboard-write; encrypted-media; gyroscope; picture-in-picture; web-share\" referrerpolicy=\"strict-origin-when-cross-origin\" allowfullscreen data-no-lazy=\"1\" data-skipgform_ajax_framebjll=\"\"><\/iframe>\n<\/div><figcaption class=\"wp-element-caption\">Le Huff Post.<\/figcaption><\/figure>\n\n\n\n<p><span style=\"text-decoration: underline;\">Tu aimeras aussi<\/span>&nbsp;:<\/p>\n\n\n\n<p>\u25a0 <strong>Michel Onfray : \u00a0\u00bb Emmanuel Macron n\u2019En A Rien \u00e0 Raire de la France \u00ab\u00a0<\/strong>.<\/p>\n\n\n\n<figure class=\"wp-block-embed aligncenter is-type-video is-provider-youtube wp-block-embed-youtube wp-embed-aspect-16-9 wp-has-aspect-ratio\"><div class=\"wp-block-embed__wrapper\">\n<iframe  id=\"_ytid_76589\"  width=\"640\" height=\"360\"  data-origwidth=\"640\" data-origheight=\"360\" src=\"https:\/\/www.youtube.com\/embed\/S7iAzZHMhTs?enablejsapi=1&#038;autoplay=0&#038;cc_load_policy=0&#038;cc_lang_pref=&#038;iv_load_policy=1&#038;loop=0&#038;rel=1&#038;fs=1&#038;playsinline=0&#038;autohide=2&#038;theme=dark&#038;color=red&#038;controls=1&#038;disablekb=0&#038;\" class=\"__youtube_prefs__  epyt-is-override  no-lazyload\" title=\"YouTube player\"  allow=\"fullscreen; accelerometer; autoplay; clipboard-write; encrypted-media; gyroscope; picture-in-picture; web-share\" referrerpolicy=\"strict-origin-when-cross-origin\" allowfullscreen data-no-lazy=\"1\" data-skipgform_ajax_framebjll=\"\"><\/iframe>\n<\/div><figcaption class=\"wp-element-caption\">Europe 1.<\/figcaption><\/figure>\n\n\n\n<p>\u25a0 <strong>Crise Politique : le Pr\u00e9sident Macron Abuse-t-il de Ses Pouvoirs ? | 28 minutes | ARTE<\/strong>.<\/p>\n\n\n\n<figure class=\"wp-block-embed is-type-video is-provider-youtube wp-block-embed-youtube wp-embed-aspect-16-9 wp-has-aspect-ratio\"><div class=\"wp-block-embed__wrapper\">\n<iframe  id=\"_ytid_14289\"  width=\"640\" height=\"360\"  data-origwidth=\"640\" data-origheight=\"360\" src=\"https:\/\/www.youtube.com\/embed\/FysfGG6ThOk?enablejsapi=1&#038;autoplay=0&#038;cc_load_policy=0&#038;cc_lang_pref=&#038;iv_load_policy=1&#038;loop=0&#038;rel=1&#038;fs=1&#038;playsinline=0&#038;autohide=2&#038;theme=dark&#038;color=red&#038;controls=1&#038;disablekb=0&#038;\" class=\"__youtube_prefs__  epyt-is-override  no-lazyload\" title=\"YouTube player\"  allow=\"fullscreen; accelerometer; autoplay; clipboard-write; encrypted-media; gyroscope; picture-in-picture; web-share\" referrerpolicy=\"strict-origin-when-cross-origin\" allowfullscreen data-no-lazy=\"1\" data-skipgform_ajax_framebjll=\"\"><\/iframe>\n<\/div><figcaption class=\"wp-element-caption\">28 minutes &#8211; ARTE.<\/figcaption><\/figure>\n\n\n\n<p>\u25a0 <strong>ROTHSCHILD GATE : O\u00d9 SONT LES MILLIONS DE MACRON ? CE JOURNALISTE A ENQU\u00caT\u00c9<\/strong>.<\/p>\n\n\n\n<figure class=\"wp-block-embed is-type-video is-provider-youtube wp-block-embed-youtube wp-embed-aspect-16-9 wp-has-aspect-ratio\"><div class=\"wp-block-embed__wrapper\">\n<iframe  id=\"_ytid_44834\"  width=\"640\" height=\"360\"  data-origwidth=\"640\" data-origheight=\"360\" src=\"https:\/\/www.youtube.com\/embed\/VNh2o7cPiLM?enablejsapi=1&#038;autoplay=0&#038;cc_load_policy=0&#038;cc_lang_pref=&#038;iv_load_policy=1&#038;loop=0&#038;rel=1&#038;fs=1&#038;playsinline=0&#038;autohide=2&#038;theme=dark&#038;color=red&#038;controls=1&#038;disablekb=0&#038;\" class=\"__youtube_prefs__  epyt-is-override  no-lazyload\" title=\"YouTube player\"  allow=\"fullscreen; accelerometer; autoplay; clipboard-write; encrypted-media; gyroscope; picture-in-picture; web-share\" referrerpolicy=\"strict-origin-when-cross-origin\" allowfullscreen data-no-lazy=\"1\" data-skipgform_ajax_framebjll=\"\"><\/iframe>\n<\/div><figcaption class=\"wp-element-caption\">Le M\u00e9dia.<\/figcaption><\/figure>\n\n\n\n<p>\u25a0 <strong>MACRON : LA NOTE INTERNE QUI L\u00c9GITIME UN SCANDALE D\u00c9MOCRATIQUE<\/strong>.<\/p>\n\n\n\n<figure class=\"wp-block-embed aligncenter is-type-video is-provider-youtube wp-block-embed-youtube wp-embed-aspect-16-9 wp-has-aspect-ratio\"><div class=\"wp-block-embed__wrapper\">\n<iframe  id=\"_ytid_25026\"  width=\"640\" height=\"360\"  data-origwidth=\"640\" data-origheight=\"360\" src=\"https:\/\/www.youtube.com\/embed\/RcsGvVv_kQA?enablejsapi=1&#038;autoplay=0&#038;cc_load_policy=0&#038;cc_lang_pref=&#038;iv_load_policy=1&#038;loop=0&#038;rel=1&#038;fs=1&#038;playsinline=0&#038;autohide=2&#038;theme=dark&#038;color=red&#038;controls=1&#038;disablekb=0&#038;\" class=\"__youtube_prefs__  epyt-is-override  no-lazyload\" title=\"YouTube player\"  allow=\"fullscreen; accelerometer; autoplay; clipboard-write; encrypted-media; gyroscope; picture-in-picture; web-share\" referrerpolicy=\"strict-origin-when-cross-origin\" allowfullscreen data-no-lazy=\"1\" data-skipgform_ajax_framebjll=\"\"><\/iframe>\n<\/div><figcaption class=\"wp-element-caption\">BLAST, Le souffle de l&rsquo;info.<\/figcaption><\/figure>\n\n\n\n<p>\ud83d\udca1<strong>GREAT RESET<\/strong> [<strong>PDF<\/strong>] | <strong>Free Download<\/strong> | <strong>VIA<\/strong> [<a href=\"https:\/\/www.google.com\/search?q=great+reset+klaus+schwab+free+download&amp;client=firefox-b-d&amp;sca_esv=6e60afa0b7ae2977&amp;sca_upv=1&amp;sxsrf=ADLYWIIYHO9JyBQeBbag_r2AUwydE5ye3Q:1725735727101&amp;lr=lang_fr&amp;sa=X&amp;ved=2ahUKEwipwfXHwrGIAxX5APsDHVz3Bx4QuAF6BAgKEAI&amp;biw=1536&amp;bih=703&amp;dpr=1.25\"><mark style=\"background-color:rgba(0, 0, 0, 0)\" class=\"has-inline-color has-vivid-red-color\">Google<\/mark><\/a>] \ud83d\uddde\u00a0<\/p>\n\n\n\n<p><strong>Bon(ne) Lecture et Visionnage !<\/strong><\/p>\n\n\n\n<p><strong>\ud83d\udccdNote importante&nbsp;: Tous les Articles, les Vid\u00e9os et Podcast, les Tribunes Libres et Commentaires sont la Responsabilit\u00e9 Exclusive de leurs Auteurs Respectifs.&nbsp;<a href=\"https:\/\/planetactus.com\/\">Planetactus.com<\/a>&nbsp;ne peut en aucun cas \u00eatre tenu responsable du contenu ou de l\u2019orientation de ces \u00e9l\u00e9ments.&nbsp;<\/strong><\/p>\n\n\n<div class=\"wp-block-post-author\"><div class=\"wp-block-post-author__avatar\"><img decoding=async data-opt-id=1391982141  fetchpriority=\"high\" alt='' src='\/\/www.gravatar.com\/avatar\/1f651b4ef1fc23d4d1601d6f2649258e?s=48&#038;r=g&#038;d=mm' srcset='\/\/www.gravatar.com\/avatar\/1f651b4ef1fc23d4d1601d6f2649258e?s=48&#038;r=g&#038;d=mm 2x' class='avatar avatar-48 photo' height='48' width='48' \/><\/div><div class=\"wp-block-post-author__content\"><p class=\"wp-block-post-author__byline\"><a href=\"http:\/\/planetactus.com\">planetactus<\/a><\/p><p class=\"wp-block-post-author__name\">planetactus.com<\/p><\/div><\/div>\n\n\n<p>\ud83d\udef8&nbsp;<a href=\"https:\/\/t.me\/ufo_planetactus_sightings\">Ufo Planet Actus Sightings Investigations<\/a>&nbsp;\ud83d\udc7d<br>\ud83e\ude90&nbsp;<a href=\"https:\/\/t.me\/planetactus\">Planet Actus&nbsp;True News Letters<\/a>&nbsp;\ud83d\uddde<br>\ud83d\udcbb&nbsp;<a href=\"https:\/\/planetactus.com\/\">Planet Actus.com<\/a>&nbsp;\ud83e\ude90<\/p>\n<div class=\"gsp_post_data\" \r\n\t            data-post_type=\"post\" \r\n\t            data-cat=\"a-la-une,crimes,enquetes-dinvestigations,international,opinion\" \r\n\t            data-modified=\"120\"\r\n\t            data-created=\"1725743614\"\r\n\t            data-title=\"Bombe | Davos Dans la Tourmente : Accusations de Harc\u00e8lement et Discrimination au Sein du Forum Economique Mondial (WEF)\u00a0!\" \r\n\t            data-home=\"https:\/\/planetactus.com\"><\/div>","protected":false},"excerpt":{"rendered":"<p>\u25a0 Davos in turmoil: accusations of harassment and discrimination within the World Economic Forum, via [Google]. \u25a0 Despite its lofty goals, the World Economic Forum has faced numerous accusations of sexual harassment and discrimination against women and Black people, via [Google]. \ud83d\udccd Le Wall Street Journal r\u00e9v\u00e8le une atmosph\u00e8re toxique au sein du Forum \u00e9conomique [&hellip;]<\/p>\n","protected":false},"author":1,"featured_media":1713,"comment_status":"open","ping_status":"open","sticky":false,"template":"","format":"standard","meta":{"_bbp_topic_count":0,"_bbp_reply_count":0,"_bbp_total_topic_count":0,"_bbp_total_reply_count":0,"_bbp_voice_count":0,"_bbp_anonymous_reply_count":0,"_bbp_topic_count_hidden":0,"_bbp_reply_count_hidden":0,"_bbp_forum_subforum_count":0,"fifu_image_url":"","fifu_image_alt":"","_jetpack_memberships_contains_paid_content":false,"footnotes":"","jetpack_publicize_message":"","jetpack_publicize_feature_enabled":true,"jetpack_social_post_already_shared":false,"jetpack_social_options":{"image_generator_settings":{"template":"highway","default_image_id":0,"font":"","enabled":false},"version":2}},"categories":[19,8,50,21,13],"tags":[],"class_list":["post-1708","post","type-post","status-publish","format-standard","has-post-thumbnail","hentry","category-a-la-une","category-crimes","category-enquetes-dinvestigations","category-international","category-opinion"],"featured_image_src":"https:\/\/mlrdeoj2ejbf.i.optimole.com\/cb:mvHM.4ca\/w:auto\/h:auto\/q:mauto\/f:best\/https:\/\/i0.wp.com\/planetactus.com\/wp-content\/uploads\/2024\/09\/WEF_Planet-Actus-IA.jpg?fit=1024%2C1024&ssl=1","author_info":{"display_name":"planetactus.com","author_link":"https:\/\/planetactus.com\/index.php\/author\/admin9861\/"},"yoast_head":"<!-- This site is optimized with the Yoast SEO plugin v27.5 - https:\/\/yoast.com\/product\/yoast-seo-wordpress\/ -->\n<title>Bombe | Davos Dans la Tourmente : Accusations de Harc\u00e8lement et Discrimination au Sein du Forum Economique Mondial (WEF)\u00a0! -<\/title>\n<meta name=\"description\" content=\"Le Wall Street Journal r\u00e9v\u00e8le une atmosph\u00e8re toxique au sein du Forum \u00e9conomique mondial (WEF) de Davos, marqu\u00e9e par de nombreux cas de harc\u00e8lement et de discrimination envers les femmes et les personnes noires. Plus de 80 anciens et actuels employ\u00e9s t\u00e9moignent d&#039;un environnement de travail hostile, avec des cas de harc\u00e8lement sexuel perp\u00e9tr\u00e9s par des cadres sup\u00e9rieurs et m\u00eame par Klaus Schwab, le fondateur du forum. Certains employ\u00e9s ont \u00e9t\u00e9 licenci\u00e9s en raison de leur grossesse ou apr\u00e8s un cong\u00e9 de maternit\u00e9, et d&#039;autres ont rapport\u00e9 des comportements racistes de la part de gestionnaires. Klaus Schwab, apr\u00e8s avoir tent\u00e9 d&#039;influencer le Wall Street Journal pour bloquer la publication de l&#039;article, a annonc\u00e9 son intention de quitter son poste de pr\u00e9sident, tout en niant les accusations.\" class=\"yoast-seo-meta-tag\" \/>\n<meta name=\"robots\" content=\"index, follow, max-snippet:-1, max-image-preview:large, max-video-preview:-1\" \/>\n<link rel=\"canonical\" href=\"https:\/\/planetactus.com\/index.php\/2024\/09\/07\/bombe-davos-dans-la-tourmente-accusations-de-harcelement-et-discrimination-au-sein-du-forum-economique-mondial-wef\/\" class=\"yoast-seo-meta-tag\" \/>\n<meta property=\"og:locale\" content=\"fr_FR\" class=\"yoast-seo-meta-tag\" \/>\n<meta property=\"og:type\" content=\"article\" class=\"yoast-seo-meta-tag\" \/>\n<meta property=\"og:title\" content=\"Bombe | Davos Dans la Tourmente : Accusations de Harc\u00e8lement et Discrimination au Sein du Forum Economique Mondial (WEF)\u00a0!\" class=\"yoast-seo-meta-tag\" \/>\n<meta property=\"og:description\" content=\"Le Wall Street Journal r\u00e9v\u00e8le une atmosph\u00e8re toxique au sein du Forum \u00e9conomique mondial (WEF) de Davos, marqu\u00e9e par de nombreux cas de harc\u00e8lement et de discrimination envers les femmes et les personnes noires. Plus de 80 anciens et actuels employ\u00e9s t\u00e9moignent d&#039;un environnement de travail hostile, avec des cas de harc\u00e8lement sexuel perp\u00e9tr\u00e9s par des cadres sup\u00e9rieurs et m\u00eame par Klaus Schwab, le fondateur du forum. Certains employ\u00e9s ont \u00e9t\u00e9 licenci\u00e9s en raison de leur grossesse ou apr\u00e8s un cong\u00e9 de maternit\u00e9, et d&#039;autres ont rapport\u00e9 des comportements racistes de la part de gestionnaires. Klaus Schwab, apr\u00e8s avoir tent\u00e9 d&#039;influencer le Wall Street Journal pour bloquer la publication de l&#039;article, a annonc\u00e9 son intention de quitter son poste de pr\u00e9sident, tout en niant les accusations.\" class=\"yoast-seo-meta-tag\" \/>\n<meta property=\"og:url\" content=\"https:\/\/planetactus.com\/index.php\/2024\/09\/07\/bombe-davos-dans-la-tourmente-accusations-de-harcelement-et-discrimination-au-sein-du-forum-economique-mondial-wef\/\" class=\"yoast-seo-meta-tag\" \/>\n<meta property=\"article:publisher\" content=\"https:\/\/www.facebook.com\/profile.php?id=61561620320740\" class=\"yoast-seo-meta-tag\" \/>\n<meta property=\"article:author\" content=\"https:\/\/www.facebook.com\/profile.php?id=61561620320740\" class=\"yoast-seo-meta-tag\" \/>\n<meta property=\"article:published_time\" content=\"2024-09-07T19:13:34+00:00\" class=\"yoast-seo-meta-tag\" \/>\n<meta property=\"article:modified_time\" content=\"2024-09-07T19:13:42+00:00\" class=\"yoast-seo-meta-tag\" \/>\n<meta property=\"og:image\" content=\"https:\/\/mlrdeoj2ejbf.i.optimole.com\/cb:mvHM.4ca\/w:auto\/h:auto\/q:mauto\/f:best\/http:\/\/planetactus.com\/wp-content\/uploads\/2024\/09\/WEF_Planet-Actus-IA.jpg\" class=\"yoast-seo-meta-tag\" \/>\n\t<meta property=\"og:image:width\" content=\"1024\" class=\"yoast-seo-meta-tag\" \/>\n\t<meta property=\"og:image:height\" content=\"1024\" class=\"yoast-seo-meta-tag\" \/>\n\t<meta property=\"og:image:type\" content=\"image\/jpeg\" class=\"yoast-seo-meta-tag\" \/>\n<meta name=\"author\" content=\"planetactus.com\" class=\"yoast-seo-meta-tag\" \/>\n<meta name=\"twitter:card\" content=\"summary_large_image\" class=\"yoast-seo-meta-tag\" \/>\n<meta name=\"twitter:title\" content=\"Bombe | Davos Dans la Tourmente : Accusations de Harc\u00e8lement et Discrimination au Sein du Forum Economique Mondial (WEF)\u00a0!\" class=\"yoast-seo-meta-tag\" \/>\n<meta name=\"twitter:description\" content=\"Le Wall Street Journal r\u00e9v\u00e8le une atmosph\u00e8re toxique au sein du Forum \u00e9conomique mondial (WEF) de Davos, marqu\u00e9e par de nombreux cas de harc\u00e8lement et de discrimination envers les femmes et les personnes noires. Plus de 80 anciens et actuels employ\u00e9s t\u00e9moignent d&#039;un environnement de travail hostile, avec des cas de harc\u00e8lement sexuel perp\u00e9tr\u00e9s par des cadres sup\u00e9rieurs et m\u00eame par Klaus Schwab, le fondateur du forum. Certains employ\u00e9s ont \u00e9t\u00e9 licenci\u00e9s en raison de leur grossesse ou apr\u00e8s un cong\u00e9 de maternit\u00e9, et d&#039;autres ont rapport\u00e9 des comportements racistes de la part de gestionnaires. Klaus Schwab, apr\u00e8s avoir tent\u00e9 d&#039;influencer le Wall Street Journal pour bloquer la publication de l&#039;article, a annonc\u00e9 son intention de quitter son poste de pr\u00e9sident, tout en niant les accusations.\" class=\"yoast-seo-meta-tag\" \/>\n<meta name=\"twitter:creator\" content=\"@https:\/\/x.com\/PlanetActus\" class=\"yoast-seo-meta-tag\" \/>\n<meta name=\"twitter:site\" content=\"@PlanetActus\" class=\"yoast-seo-meta-tag\" \/>\n<meta name=\"twitter:label1\" content=\"\u00c9crit par\" class=\"yoast-seo-meta-tag\" \/>\n\t<meta name=\"twitter:data1\" content=\"planetactus.com\" class=\"yoast-seo-meta-tag\" \/>\n\t<meta name=\"twitter:label2\" content=\"Dur\u00e9e de lecture estim\u00e9e\" class=\"yoast-seo-meta-tag\" \/>\n\t<meta name=\"twitter:data2\" content=\"5 minutes\" class=\"yoast-seo-meta-tag\" \/>\n<script type=\"application\/ld+json\" class=\"yoast-schema-graph\">{\"@context\":\"https:\\\/\\\/schema.org\",\"@graph\":[{\"@type\":\"Article\",\"@id\":\"https:\\\/\\\/planetactus.com\\\/index.php\\\/2024\\\/09\\\/07\\\/bombe-davos-dans-la-tourmente-accusations-de-harcelement-et-discrimination-au-sein-du-forum-economique-mondial-wef\\\/#article\",\"isPartOf\":{\"@id\":\"https:\\\/\\\/planetactus.com\\\/index.php\\\/2024\\\/09\\\/07\\\/bombe-davos-dans-la-tourmente-accusations-de-harcelement-et-discrimination-au-sein-du-forum-economique-mondial-wef\\\/\"},\"author\":{\"name\":\"planetactus.com\",\"@id\":\"https:\\\/\\\/planetactus.com\\\/#\\\/schema\\\/person\\\/fbb75ac73a2424d2e176d31b021372a4\"},\"headline\":\"Bombe | Davos Dans la Tourmente : Accusations de Harc\u00e8lement et Discrimination au Sein du Forum Economique Mondial (WEF)\u00a0!\",\"datePublished\":\"2024-09-07T19:13:34+00:00\",\"dateModified\":\"2024-09-07T19:13:42+00:00\",\"mainEntityOfPage\":{\"@id\":\"https:\\\/\\\/planetactus.com\\\/index.php\\\/2024\\\/09\\\/07\\\/bombe-davos-dans-la-tourmente-accusations-de-harcelement-et-discrimination-au-sein-du-forum-economique-mondial-wef\\\/\"},\"wordCount\":1047,\"commentCount\":0,\"publisher\":{\"@id\":\"https:\\\/\\\/planetactus.com\\\/#\\\/schema\\\/person\\\/fbb75ac73a2424d2e176d31b021372a4\"},\"image\":{\"@id\":\"https:\\\/\\\/planetactus.com\\\/index.php\\\/2024\\\/09\\\/07\\\/bombe-davos-dans-la-tourmente-accusations-de-harcelement-et-discrimination-au-sein-du-forum-economique-mondial-wef\\\/#primaryimage\"},\"thumbnailUrl\":\"https:\\/\\/i0.wp.com\\/planetactus.com\\/wp-content\\/uploads\\/2024\\/09\\/WEF_Planet-Actus-IA.jpg?fit=1024%2C1024&ssl=1\",\"articleSection\":[\"A la Une\",\"Crimes\",\"Enqu\u00eates d'Investigations\",\"International\",\"Opinion\"],\"inLanguage\":\"fr-FR\",\"potentialAction\":[{\"@type\":\"CommentAction\",\"name\":\"Comment\",\"target\":[\"https:\\\/\\\/planetactus.com\\\/index.php\\\/2024\\\/09\\\/07\\\/bombe-davos-dans-la-tourmente-accusations-de-harcelement-et-discrimination-au-sein-du-forum-economique-mondial-wef\\\/#respond\"]}]},{\"@type\":\"WebPage\",\"@id\":\"https:\\\/\\\/planetactus.com\\\/index.php\\\/2024\\\/09\\\/07\\\/bombe-davos-dans-la-tourmente-accusations-de-harcelement-et-discrimination-au-sein-du-forum-economique-mondial-wef\\\/\",\"url\":\"https:\\\/\\\/planetactus.com\\\/index.php\\\/2024\\\/09\\\/07\\\/bombe-davos-dans-la-tourmente-accusations-de-harcelement-et-discrimination-au-sein-du-forum-economique-mondial-wef\\\/\",\"name\":\"Bombe | Davos Dans la Tourmente : Accusations de Harc\u00e8lement et Discrimination au Sein du Forum Economique Mondial (WEF)\u00a0! -\",\"isPartOf\":{\"@id\":\"https:\\\/\\\/planetactus.com\\\/#website\"},\"primaryImageOfPage\":{\"@id\":\"https:\\\/\\\/planetactus.com\\\/index.php\\\/2024\\\/09\\\/07\\\/bombe-davos-dans-la-tourmente-accusations-de-harcelement-et-discrimination-au-sein-du-forum-economique-mondial-wef\\\/#primaryimage\"},\"image\":{\"@id\":\"https:\\\/\\\/planetactus.com\\\/index.php\\\/2024\\\/09\\\/07\\\/bombe-davos-dans-la-tourmente-accusations-de-harcelement-et-discrimination-au-sein-du-forum-economique-mondial-wef\\\/#primaryimage\"},\"thumbnailUrl\":\"https:\\/\\/i0.wp.com\\/planetactus.com\\/wp-content\\/uploads\\/2024\\/09\\/WEF_Planet-Actus-IA.jpg?fit=1024%2C1024&ssl=1\",\"datePublished\":\"2024-09-07T19:13:34+00:00\",\"dateModified\":\"2024-09-07T19:13:42+00:00\",\"description\":\"Le Wall Street Journal r\u00e9v\u00e8le une atmosph\u00e8re toxique au sein du Forum \u00e9conomique mondial (WEF) de Davos, marqu\u00e9e par de nombreux cas de harc\u00e8lement et de discrimination envers les femmes et les personnes noires. Plus de 80 anciens et actuels employ\u00e9s t\u00e9moignent d'un environnement de travail hostile, avec des cas de harc\u00e8lement sexuel perp\u00e9tr\u00e9s par des cadres sup\u00e9rieurs et m\u00eame par Klaus Schwab, le fondateur du forum. Certains employ\u00e9s ont \u00e9t\u00e9 licenci\u00e9s en raison de leur grossesse ou apr\u00e8s un cong\u00e9 de maternit\u00e9, et d'autres ont rapport\u00e9 des comportements racistes de la part de gestionnaires. Klaus Schwab, apr\u00e8s avoir tent\u00e9 d'influencer le Wall Street Journal pour bloquer la publication de l'article, a annonc\u00e9 son intention de quitter son poste de pr\u00e9sident, tout en niant les accusations.\",\"breadcrumb\":{\"@id\":\"https:\\\/\\\/planetactus.com\\\/index.php\\\/2024\\\/09\\\/07\\\/bombe-davos-dans-la-tourmente-accusations-de-harcelement-et-discrimination-au-sein-du-forum-economique-mondial-wef\\\/#breadcrumb\"},\"inLanguage\":\"fr-FR\",\"potentialAction\":[{\"@type\":\"ReadAction\",\"target\":[\"https:\\\/\\\/planetactus.com\\\/index.php\\\/2024\\\/09\\\/07\\\/bombe-davos-dans-la-tourmente-accusations-de-harcelement-et-discrimination-au-sein-du-forum-economique-mondial-wef\\\/\"]}]},{\"@type\":\"ImageObject\",\"inLanguage\":\"fr-FR\",\"@id\":\"https:\\\/\\\/planetactus.com\\\/index.php\\\/2024\\\/09\\\/07\\\/bombe-davos-dans-la-tourmente-accusations-de-harcelement-et-discrimination-au-sein-du-forum-economique-mondial-wef\\\/#primaryimage\",\"url\":\"https:\\/\\/i0.wp.com\\/planetactus.com\\/wp-content\\/uploads\\/2024\\/09\\/WEF_Planet-Actus-IA.jpg?fit=1024%2C1024&ssl=1\",\"contentUrl\":\"https:\\/\\/i0.wp.com\\/planetactus.com\\/wp-content\\/uploads\\/2024\\/09\\/WEF_Planet-Actus-IA.jpg?fit=1024%2C1024&ssl=1\",\"width\":1024,\"height\":1024,\"caption\":\"WEF_Planet Actus IA\"},{\"@type\":\"BreadcrumbList\",\"@id\":\"https:\\\/\\\/planetactus.com\\\/index.php\\\/2024\\\/09\\\/07\\\/bombe-davos-dans-la-tourmente-accusations-de-harcelement-et-discrimination-au-sein-du-forum-economique-mondial-wef\\\/#breadcrumb\",\"itemListElement\":[{\"@type\":\"ListItem\",\"position\":1,\"name\":\"Accueil\",\"item\":\"https:\\\/\\\/planetactus.com\\\/\"},{\"@type\":\"ListItem\",\"position\":2,\"name\":\"Bombe | Davos Dans la Tourmente : Accusations de Harc\u00e8lement et Discrimination au Sein du Forum Economique Mondial (WEF)\u00a0!\"}]},{\"@type\":\"WebSite\",\"@id\":\"https:\\\/\\\/planetactus.com\\\/#website\",\"url\":\"https:\\\/\\\/planetactus.com\\\/\",\"name\":\"PLANET ACTUS\",\"description\":\"PLANET ACTUS\",\"publisher\":{\"@id\":\"https:\\\/\\\/planetactus.com\\\/#\\\/schema\\\/person\\\/fbb75ac73a2424d2e176d31b021372a4\"},\"potentialAction\":[{\"@type\":\"SearchAction\",\"target\":{\"@type\":\"EntryPoint\",\"urlTemplate\":\"https:\\\/\\\/planetactus.com\\\/?s={search_term_string}\"},\"query-input\":{\"@type\":\"PropertyValueSpecification\",\"valueRequired\":true,\"valueName\":\"search_term_string\"}}],\"inLanguage\":\"fr-FR\"},{\"@type\":[\"Person\",\"Organization\"],\"@id\":\"https:\\\/\\\/planetactus.com\\\/#\\\/schema\\\/person\\\/fbb75ac73a2424d2e176d31b021372a4\",\"name\":\"planetactus.com\",\"image\":{\"@type\":\"ImageObject\",\"inLanguage\":\"fr-FR\",\"@id\":\"https:\\/\\/i0.wp.com\\/planetactus.com\\/wp-content\\/uploads\\/2024\\/07\\/cropped-2-Planet-Actus-Banniere-02a.jpg?fit=1189%2C365&ssl=1\",\"url\":\"https:\\/\\/i0.wp.com\\/planetactus.com\\/wp-content\\/uploads\\/2024\\/07\\/cropped-2-Planet-Actus-Banniere-02a.jpg?fit=1189%2C365&ssl=1\",\"contentUrl\":\"https:\\/\\/i0.wp.com\\/planetactus.com\\/wp-content\\/uploads\\/2024\\/07\\/cropped-2-Planet-Actus-Banniere-02a.jpg?fit=1189%2C365&ssl=1\",\"width\":1189,\"height\":365,\"caption\":\"planetactus.com\"},\"logo\":{\"@id\":\"https:\\/\\/i0.wp.com\\/planetactus.com\\/wp-content\\/uploads\\/2024\\/07\\/cropped-2-Planet-Actus-Banniere-02a.jpg?fit=1189%2C365&ssl=1\"},\"sameAs\":[\"http:\\\/\\\/planetactus.com\",\"https:\\\/\\\/www.facebook.com\\\/profile.php?id=61561620320740\",\"https:\\\/\\\/x.com\\\/https:\\\/\\\/x.com\\\/PlanetActus\",\"https:\\\/\\\/www.youtube.com\\\/@PlanetActus\"],\"url\":\"https:\\\/\\\/planetactus.com\\\/index.php\\\/author\\\/admin9861\\\/\"}]}<\/script>\n<!-- \/ Yoast SEO plugin. -->","yoast_head_json":{"title":"Bombe | Davos Dans la Tourmente : Accusations de Harc\u00e8lement et Discrimination au Sein du Forum Economique Mondial (WEF)\u00a0! -","description":"Le Wall Street Journal r\u00e9v\u00e8le une atmosph\u00e8re toxique au sein du Forum \u00e9conomique mondial (WEF) de Davos, marqu\u00e9e par de nombreux cas de harc\u00e8lement et de discrimination envers les femmes et les personnes noires. Plus de 80 anciens et actuels employ\u00e9s t\u00e9moignent d'un environnement de travail hostile, avec des cas de harc\u00e8lement sexuel perp\u00e9tr\u00e9s par des cadres sup\u00e9rieurs et m\u00eame par Klaus Schwab, le fondateur du forum. Certains employ\u00e9s ont \u00e9t\u00e9 licenci\u00e9s en raison de leur grossesse ou apr\u00e8s un cong\u00e9 de maternit\u00e9, et d'autres ont rapport\u00e9 des comportements racistes de la part de gestionnaires. Klaus Schwab, apr\u00e8s avoir tent\u00e9 d'influencer le Wall Street Journal pour bloquer la publication de l'article, a annonc\u00e9 son intention de quitter son poste de pr\u00e9sident, tout en niant les accusations.","robots":{"index":"index","follow":"follow","max-snippet":"max-snippet:-1","max-image-preview":"max-image-preview:large","max-video-preview":"max-video-preview:-1"},"canonical":"https:\/\/planetactus.com\/index.php\/2024\/09\/07\/bombe-davos-dans-la-tourmente-accusations-de-harcelement-et-discrimination-au-sein-du-forum-economique-mondial-wef\/","og_locale":"fr_FR","og_type":"article","og_title":"Bombe | Davos Dans la Tourmente : Accusations de Harc\u00e8lement et Discrimination au Sein du Forum Economique Mondial (WEF)\u00a0!","og_description":"Le Wall Street Journal r\u00e9v\u00e8le une atmosph\u00e8re toxique au sein du Forum \u00e9conomique mondial (WEF) de Davos, marqu\u00e9e par de nombreux cas de harc\u00e8lement et de discrimination envers les femmes et les personnes noires. Plus de 80 anciens et actuels employ\u00e9s t\u00e9moignent d'un environnement de travail hostile, avec des cas de harc\u00e8lement sexuel perp\u00e9tr\u00e9s par des cadres sup\u00e9rieurs et m\u00eame par Klaus Schwab, le fondateur du forum. Certains employ\u00e9s ont \u00e9t\u00e9 licenci\u00e9s en raison de leur grossesse ou apr\u00e8s un cong\u00e9 de maternit\u00e9, et d'autres ont rapport\u00e9 des comportements racistes de la part de gestionnaires. Klaus Schwab, apr\u00e8s avoir tent\u00e9 d'influencer le Wall Street Journal pour bloquer la publication de l'article, a annonc\u00e9 son intention de quitter son poste de pr\u00e9sident, tout en niant les accusations.","og_url":"https:\/\/planetactus.com\/index.php\/2024\/09\/07\/bombe-davos-dans-la-tourmente-accusations-de-harcelement-et-discrimination-au-sein-du-forum-economique-mondial-wef\/","article_publisher":"https:\/\/www.facebook.com\/profile.php?id=61561620320740","article_author":"https:\/\/www.facebook.com\/profile.php?id=61561620320740","article_published_time":"2024-09-07T19:13:34+00:00","article_modified_time":"2024-09-07T19:13:42+00:00","og_image":[{"width":1024,"height":1024,"url":"https:\/\/mlrdeoj2ejbf.i.optimole.com\/cb:mvHM.4ca\/w:auto\/h:auto\/q:mauto\/f:best\/http:\/\/planetactus.com\/wp-content\/uploads\/2024\/09\/WEF_Planet-Actus-IA.jpg","type":"image\/jpeg"}],"author":"planetactus.com","twitter_card":"summary_large_image","twitter_title":"Bombe | Davos Dans la Tourmente : Accusations de Harc\u00e8lement et Discrimination au Sein du Forum Economique Mondial (WEF)\u00a0!","twitter_description":"Le Wall Street Journal r\u00e9v\u00e8le une atmosph\u00e8re toxique au sein du Forum \u00e9conomique mondial (WEF) de Davos, marqu\u00e9e par de nombreux cas de harc\u00e8lement et de discrimination envers les femmes et les personnes noires. Plus de 80 anciens et actuels employ\u00e9s t\u00e9moignent d'un environnement de travail hostile, avec des cas de harc\u00e8lement sexuel perp\u00e9tr\u00e9s par des cadres sup\u00e9rieurs et m\u00eame par Klaus Schwab, le fondateur du forum. Certains employ\u00e9s ont \u00e9t\u00e9 licenci\u00e9s en raison de leur grossesse ou apr\u00e8s un cong\u00e9 de maternit\u00e9, et d'autres ont rapport\u00e9 des comportements racistes de la part de gestionnaires. Klaus Schwab, apr\u00e8s avoir tent\u00e9 d'influencer le Wall Street Journal pour bloquer la publication de l'article, a annonc\u00e9 son intention de quitter son poste de pr\u00e9sident, tout en niant les accusations.","twitter_creator":"@https:\/\/x.com\/PlanetActus","twitter_site":"@PlanetActus","twitter_misc":{"\u00c9crit par":"planetactus.com","Dur\u00e9e de lecture estim\u00e9e":"5 minutes"},"schema":{"@context":"https:\/\/schema.org","@graph":[{"@type":"Article","@id":"https:\/\/planetactus.com\/index.php\/2024\/09\/07\/bombe-davos-dans-la-tourmente-accusations-de-harcelement-et-discrimination-au-sein-du-forum-economique-mondial-wef\/#article","isPartOf":{"@id":"https:\/\/planetactus.com\/index.php\/2024\/09\/07\/bombe-davos-dans-la-tourmente-accusations-de-harcelement-et-discrimination-au-sein-du-forum-economique-mondial-wef\/"},"author":{"name":"planetactus.com","@id":"https:\/\/planetactus.com\/#\/schema\/person\/fbb75ac73a2424d2e176d31b021372a4"},"headline":"Bombe | Davos Dans la Tourmente : Accusations de Harc\u00e8lement et Discrimination au Sein du Forum Economique Mondial (WEF)\u00a0!","datePublished":"2024-09-07T19:13:34+00:00","dateModified":"2024-09-07T19:13:42+00:00","mainEntityOfPage":{"@id":"https:\/\/planetactus.com\/index.php\/2024\/09\/07\/bombe-davos-dans-la-tourmente-accusations-de-harcelement-et-discrimination-au-sein-du-forum-economique-mondial-wef\/"},"wordCount":1047,"commentCount":0,"publisher":{"@id":"https:\/\/planetactus.com\/#\/schema\/person\/fbb75ac73a2424d2e176d31b021372a4"},"image":{"@id":"https:\/\/planetactus.com\/index.php\/2024\/09\/07\/bombe-davos-dans-la-tourmente-accusations-de-harcelement-et-discrimination-au-sein-du-forum-economique-mondial-wef\/#primaryimage"},"thumbnailUrl":"https:\/\/mlrdeoj2ejbf.i.optimole.com\/cb:mvHM.4ca\/w:auto\/h:auto\/q:mauto\/f:best\/https:\/\/i0.wp.com\/planetactus.com\/wp-content\/uploads\/2024\/09\/WEF_Planet-Actus-IA.jpg?fit=1024%2C1024&ssl=1","articleSection":["A la Une","Crimes","Enqu\u00eates d'Investigations","International","Opinion"],"inLanguage":"fr-FR","potentialAction":[{"@type":"CommentAction","name":"Comment","target":["https:\/\/planetactus.com\/index.php\/2024\/09\/07\/bombe-davos-dans-la-tourmente-accusations-de-harcelement-et-discrimination-au-sein-du-forum-economique-mondial-wef\/#respond"]}]},{"@type":"WebPage","@id":"https:\/\/planetactus.com\/index.php\/2024\/09\/07\/bombe-davos-dans-la-tourmente-accusations-de-harcelement-et-discrimination-au-sein-du-forum-economique-mondial-wef\/","url":"https:\/\/planetactus.com\/index.php\/2024\/09\/07\/bombe-davos-dans-la-tourmente-accusations-de-harcelement-et-discrimination-au-sein-du-forum-economique-mondial-wef\/","name":"Bombe | Davos Dans la Tourmente : Accusations de Harc\u00e8lement et Discrimination au Sein du Forum Economique Mondial (WEF)\u00a0! -","isPartOf":{"@id":"https:\/\/planetactus.com\/#website"},"primaryImageOfPage":{"@id":"https:\/\/planetactus.com\/index.php\/2024\/09\/07\/bombe-davos-dans-la-tourmente-accusations-de-harcelement-et-discrimination-au-sein-du-forum-economique-mondial-wef\/#primaryimage"},"image":{"@id":"https:\/\/planetactus.com\/index.php\/2024\/09\/07\/bombe-davos-dans-la-tourmente-accusations-de-harcelement-et-discrimination-au-sein-du-forum-economique-mondial-wef\/#primaryimage"},"thumbnailUrl":"https:\/\/mlrdeoj2ejbf.i.optimole.com\/cb:mvHM.4ca\/w:auto\/h:auto\/q:mauto\/f:best\/https:\/\/i0.wp.com\/planetactus.com\/wp-content\/uploads\/2024\/09\/WEF_Planet-Actus-IA.jpg?fit=1024%2C1024&ssl=1","datePublished":"2024-09-07T19:13:34+00:00","dateModified":"2024-09-07T19:13:42+00:00","description":"Le Wall Street Journal r\u00e9v\u00e8le une atmosph\u00e8re toxique au sein du Forum \u00e9conomique mondial (WEF) de Davos, marqu\u00e9e par de nombreux cas de harc\u00e8lement et de discrimination envers les femmes et les personnes noires. Plus de 80 anciens et actuels employ\u00e9s t\u00e9moignent d'un environnement de travail hostile, avec des cas de harc\u00e8lement sexuel perp\u00e9tr\u00e9s par des cadres sup\u00e9rieurs et m\u00eame par Klaus Schwab, le fondateur du forum. Certains employ\u00e9s ont \u00e9t\u00e9 licenci\u00e9s en raison de leur grossesse ou apr\u00e8s un cong\u00e9 de maternit\u00e9, et d'autres ont rapport\u00e9 des comportements racistes de la part de gestionnaires. Klaus Schwab, apr\u00e8s avoir tent\u00e9 d'influencer le Wall Street Journal pour bloquer la publication de l'article, a annonc\u00e9 son intention de quitter son poste de pr\u00e9sident, tout en niant les accusations.","breadcrumb":{"@id":"https:\/\/planetactus.com\/index.php\/2024\/09\/07\/bombe-davos-dans-la-tourmente-accusations-de-harcelement-et-discrimination-au-sein-du-forum-economique-mondial-wef\/#breadcrumb"},"inLanguage":"fr-FR","potentialAction":[{"@type":"ReadAction","target":["https:\/\/planetactus.com\/index.php\/2024\/09\/07\/bombe-davos-dans-la-tourmente-accusations-de-harcelement-et-discrimination-au-sein-du-forum-economique-mondial-wef\/"]}]},{"@type":"ImageObject","inLanguage":"fr-FR","@id":"https:\/\/planetactus.com\/index.php\/2024\/09\/07\/bombe-davos-dans-la-tourmente-accusations-de-harcelement-et-discrimination-au-sein-du-forum-economique-mondial-wef\/#primaryimage","url":"https:\/\/mlrdeoj2ejbf.i.optimole.com\/cb:mvHM.4ca\/w:auto\/h:auto\/q:mauto\/f:best\/https:\/\/i0.wp.com\/planetactus.com\/wp-content\/uploads\/2024\/09\/WEF_Planet-Actus-IA.jpg?fit=1024%2C1024&ssl=1","contentUrl":"https:\/\/mlrdeoj2ejbf.i.optimole.com\/cb:mvHM.4ca\/w:auto\/h:auto\/q:mauto\/f:best\/https:\/\/i0.wp.com\/planetactus.com\/wp-content\/uploads\/2024\/09\/WEF_Planet-Actus-IA.jpg?fit=1024%2C1024&ssl=1","width":1024,"height":1024,"caption":"WEF_Planet Actus IA"},{"@type":"BreadcrumbList","@id":"https:\/\/planetactus.com\/index.php\/2024\/09\/07\/bombe-davos-dans-la-tourmente-accusations-de-harcelement-et-discrimination-au-sein-du-forum-economique-mondial-wef\/#breadcrumb","itemListElement":[{"@type":"ListItem","position":1,"name":"Accueil","item":"https:\/\/planetactus.com\/"},{"@type":"ListItem","position":2,"name":"Bombe | Davos Dans la Tourmente : Accusations de Harc\u00e8lement et Discrimination au Sein du Forum Economique Mondial (WEF)\u00a0!"}]},{"@type":"WebSite","@id":"https:\/\/planetactus.com\/#website","url":"https:\/\/planetactus.com\/","name":"PLANET ACTUS","description":"PLANET ACTUS","publisher":{"@id":"https:\/\/planetactus.com\/#\/schema\/person\/fbb75ac73a2424d2e176d31b021372a4"},"potentialAction":[{"@type":"SearchAction","target":{"@type":"EntryPoint","urlTemplate":"https:\/\/planetactus.com\/?s={search_term_string}"},"query-input":{"@type":"PropertyValueSpecification","valueRequired":true,"valueName":"search_term_string"}}],"inLanguage":"fr-FR"},{"@type":["Person","Organization"],"@id":"https:\/\/planetactus.com\/#\/schema\/person\/fbb75ac73a2424d2e176d31b021372a4","name":"planetactus.com","image":{"@type":"ImageObject","inLanguage":"fr-FR","@id":"https:\/\/mlrdeoj2ejbf.i.optimole.com\/cb:mvHM.4ca\/w:auto\/h:auto\/q:mauto\/f:best\/https:\/\/i0.wp.com\/planetactus.com\/wp-content\/uploads\/2024\/07\/cropped-2-Planet-Actus-Banniere-02a.jpg?fit=1189%2C365&ssl=1","url":"https:\/\/mlrdeoj2ejbf.i.optimole.com\/cb:mvHM.4ca\/w:auto\/h:auto\/q:mauto\/f:best\/https:\/\/i0.wp.com\/planetactus.com\/wp-content\/uploads\/2024\/07\/cropped-2-Planet-Actus-Banniere-02a.jpg?fit=1189%2C365&ssl=1","contentUrl":"https:\/\/mlrdeoj2ejbf.i.optimole.com\/cb:mvHM.4ca\/w:auto\/h:auto\/q:mauto\/f:best\/https:\/\/i0.wp.com\/planetactus.com\/wp-content\/uploads\/2024\/07\/cropped-2-Planet-Actus-Banniere-02a.jpg?fit=1189%2C365&ssl=1","width":1189,"height":365,"caption":"planetactus.com"},"logo":{"@id":"https:\/\/mlrdeoj2ejbf.i.optimole.com\/cb:mvHM.4ca\/w:auto\/h:auto\/q:mauto\/f:best\/https:\/\/i0.wp.com\/planetactus.com\/wp-content\/uploads\/2024\/07\/cropped-2-Planet-Actus-Banniere-02a.jpg?fit=1189%2C365&ssl=1"},"sameAs":["http:\/\/planetactus.com","https:\/\/www.facebook.com\/profile.php?id=61561620320740","https:\/\/x.com\/https:\/\/x.com\/PlanetActus","https:\/\/www.youtube.com\/@PlanetActus"],"url":"https:\/\/planetactus.com\/index.php\/author\/admin9861\/"}]}},"jetpack_publicize_connections":[],"jetpack_featured_media_url":"https:\/\/mlrdeoj2ejbf.i.optimole.com\/cb:mvHM.4ca\/w:auto\/h:auto\/q:mauto\/f:best\/https:\/\/i0.wp.com\/planetactus.com\/wp-content\/uploads\/2024\/09\/WEF_Planet-Actus-IA.jpg?fit=1024%2C1024&ssl=1","jetpack_sharing_enabled":true,"_links":{"self":[{"href":"https:\/\/planetactus.com\/index.php\/wp-json\/wp\/v2\/posts\/1708","targetHints":{"allow":["GET"]}}],"collection":[{"href":"https:\/\/planetactus.com\/index.php\/wp-json\/wp\/v2\/posts"}],"about":[{"href":"https:\/\/planetactus.com\/index.php\/wp-json\/wp\/v2\/types\/post"}],"author":[{"embeddable":true,"href":"https:\/\/planetactus.com\/index.php\/wp-json\/wp\/v2\/users\/1"}],"replies":[{"embeddable":true,"href":"https:\/\/planetactus.com\/index.php\/wp-json\/wp\/v2\/comments?post=1708"}],"version-history":[{"count":11,"href":"https:\/\/planetactus.com\/index.php\/wp-json\/wp\/v2\/posts\/1708\/revisions"}],"predecessor-version":[{"id":1720,"href":"https:\/\/planetactus.com\/index.php\/wp-json\/wp\/v2\/posts\/1708\/revisions\/1720"}],"wp:featuredmedia":[{"embeddable":true,"href":"https:\/\/planetactus.com\/index.php\/wp-json\/wp\/v2\/media\/1713"}],"wp:attachment":[{"href":"https:\/\/planetactus.com\/index.php\/wp-json\/wp\/v2\/media?parent=1708"}],"wp:term":[{"taxonomy":"category","embeddable":true,"href":"https:\/\/planetactus.com\/index.php\/wp-json\/wp\/v2\/categories?post=1708"},{"taxonomy":"post_tag","embeddable":true,"href":"https:\/\/planetactus.com\/index.php\/wp-json\/wp\/v2\/tags?post=1708"}],"curies":[{"name":"wp","href":"https:\/\/api.w.org\/{rel}","templated":true}]}}