{"id":1927,"date":"2024-09-24T13:31:44","date_gmt":"2024-09-24T11:31:44","guid":{"rendered":"https:\/\/planetactus.com\/?p=1927"},"modified":"2024-09-24T13:31:51","modified_gmt":"2024-09-24T11:31:51","slug":"opel-en-1928-des-voitures-fusees-revolutionnaires-qui-ont-defie-les-limites-de-la-vitesse","status":"publish","type":"post","link":"https:\/\/planetactus.com\/index.php\/2024\/09\/24\/opel-en-1928-des-voitures-fusees-revolutionnaires-qui-ont-defie-les-limites-de-la-vitesse\/","title":{"rendered":"Opel en 1928 : Des Voitures Fus\u00e9es R\u00e9volutionnaires qui Ont D\u00e9fi\u00e9 les Limites de la Vitesse."},"content":{"rendered":"\n<p>\ud83d\ude97 \ud83d\udca8<strong> Opel in 1928 : Revolutionary Rocket Cars That Challenged the Limits of Speed<\/strong> \ud83d\ude80<\/p>\n\n\n\n<p><strong>C&rsquo;est fascinant, n&rsquo;est-ce pas ? En 1928, Opel a effectivement exp\u00e9riment\u00e9 avec des v\u00e9hicules innovants. Fritz von Opel, petit-fils du fondateur de la marque, a test\u00e9 des voitures propuls\u00e9es par des fus\u00e9es, comme la RAK 1 et la RAK 2. Ces v\u00e9hicules n&rsquo;\u00e9taient pas exactement des voitures sans conducteur comme nous les imaginons aujourd&rsquo;hui, mais ils repr\u00e9sentaient des avanc\u00e9es technologiques impressionnantes pour l&rsquo;\u00e9poque.<\/strong><\/p>\n\n\n\n<p>La RAK 2, par exemple, a atteint une vitesse de 238 km\/h gr\u00e2ce \u00e0 ses 24 fus\u00e9es \u00e0 poudre. Bien que ces v\u00e9hicules aient \u00e9t\u00e9 plus des d\u00e9monstrations de puissance et de vitesse que de v\u00e9ritables voitures autonomes, ils montrent l&rsquo;esprit d&rsquo;innovation qui existait d\u00e9j\u00e0 \u00e0 cette \u00e9poque.<\/p>\n\n\n\n<p><span style=\"text-decoration: underline;\">En savoir plus <\/span>:\u00a0<\/p>\n\n\n\n<p>\u25a0 [<a href=\"https:\/\/www.autoplus.fr\/actualite\/societe-economie\/1928-annee-des-records-pour-opel-108387.html\"><mark style=\"background-color:rgba(0, 0, 0, 0)\" class=\"has-inline-color has-vivid-red-color\">Auto Plus<\/mark><\/a>] <strong>1928 : ANN\u00c9E DES RECORDS POUR OPEL !<\/strong> : Il y a 80 ans, Fritz Von Opel, petit fils du fondateur de la marque automobile, battait des records. En avril 1928, \u00e0 bord de sa RAK1, Von Opel, atteignit la barre des 100 km\/h en 8 secondes. Spectaculaire pour l&rsquo;\u00e9poque, mais certainement pas assez pour le jeune homme qui rench\u00e9rit le mois d&rsquo;apr\u00e8s avec sa RAK2&#8230;<strong>Une voiture \u00e9quip\u00e9e de 24 fus\u00e9es<\/strong>, du carburant solide et 120 kilos d&rsquo;explosifs !! C&rsquo;est sur une piste d&rsquo;a\u00e9rodrome devant 3000 invit\u00e9s que la RAK2 dans un nuage de fum\u00e9e franchit les 238 km\/h. Finalement, c&rsquo;\u00e9tait un peu l&rsquo;anc\u00eatre de l&rsquo;OPC, l&rsquo;Opel Performance Center qui d\u00e9veloppe aujourd&rsquo;hui les mod\u00e8les sportifs de la marque.<\/p>\n\n\n\n<p>\u25a0 [<a href=\"https:\/\/fr.motor1.com\/news\/243050\/vehicule-fusee-opel-anniversaire\"><mark style=\"background-color:rgba(0, 0, 0, 0)\" class=\"has-inline-color has-vivid-red-color\">Motor1<\/mark><\/a>] <strong>Il y 90 ans, Opel testait avec succ\u00e8s son v\u00e9hicule-fus\u00e9e. La RAK 2 flirtait avec les 240 km\/h sous le regard \u00e9bahi de 3000 spectateurs<\/strong> : Le 23 mai 1928, \u00e0 10 heures,\u00a0Opel\u00a0lance sur le circuit allemand d&rsquo;Avus la RAK 2, un dr\u00f4le d&rsquo;engin propuls\u00e9 par 24 fus\u00e9es \u00e0 poudre. 90 ans apr\u00e8s, le constructeur se rem\u00e9more ce moment fort de son histoire et publie quelques images d&rsquo;archives.\u00a0\u00a0<\/p>\n\n\n\n<p><strong>Le jour J, les commandes de la RAK 2 sont confi\u00e9es \u00e0 Fritz von Opel, jeune homme de 29 ans, et surtout petit-fils du fondateur de la soci\u00e9t\u00e9 Adam Opel. Il allume d&rsquo;abord les 24 fus\u00e9es \u00e0 poudre pr\u00e9sentes \u00e0 l&rsquo;arri\u00e8re, puis s&rsquo;\u00e9lance sur la piste, observ\u00e9 de pr\u00e8s par 3000 spectateurs ! Quelques instants plus tard, il peut se targuer d&rsquo;avoir \u00e9tabli un nouveau record de vitesse sur circuit, \u00e0 238\u00a0km\/h.<\/strong><\/p>\n\n\n\n<p><span style=\"text-decoration: underline;\">Sur le m\u00eame sujet<\/span> : <\/p>\n\n\n\n<p>\u25a0 <strong>Did you know that Opel already built a driverless car in 1928 ? Saviez-vous qu&rsquo;Opel avait d\u00e9j\u00e0 construit une voiture sans conducteur en 1928 ?<\/strong><\/p>\n\n\n\n<figure class=\"wp-block-embed aligncenter is-type-video is-provider-youtube wp-block-embed-youtube wp-embed-aspect-16-9 wp-has-aspect-ratio\"><div class=\"wp-block-embed__wrapper\">\n<iframe  id=\"_ytid_22944\"  width=\"640\" height=\"360\"  data-origwidth=\"640\" data-origheight=\"360\" src=\"https:\/\/www.youtube.com\/embed\/WQCioNzZyoA?enablejsapi=1&#038;autoplay=0&#038;cc_load_policy=0&#038;cc_lang_pref=&#038;iv_load_policy=1&#038;loop=0&#038;rel=1&#038;fs=1&#038;playsinline=0&#038;autohide=2&#038;theme=dark&#038;color=red&#038;controls=1&#038;disablekb=0&#038;\" class=\"__youtube_prefs__  epyt-is-override  no-lazyload\" title=\"YouTube player\"  allow=\"fullscreen; accelerometer; autoplay; clipboard-write; encrypted-media; gyroscope; picture-in-picture; web-share\" referrerpolicy=\"strict-origin-when-cross-origin\" allowfullscreen data-no-lazy=\"1\" data-skipgform_ajax_framebjll=\"\"><\/iframe>\n<\/div><figcaption class=\"wp-element-caption\">Ronnie Rocket.<\/figcaption><\/figure>\n\n\n\n<p>\ud83d\udef8&nbsp;<a href=\"https:\/\/t.me\/ufo_planetactus_sightings\">Ufo Planet Actus Sightings Investigations<\/a>&nbsp;\ud83d\udc7d<br>\ud83e\ude90&nbsp;<a href=\"https:\/\/t.me\/planetactus\">Planet Actus&nbsp;True News Letters<\/a>&nbsp;\ud83d\uddde<br>\ud83d\udcbb&nbsp;<a href=\"https:\/\/planetactus.com\/\">Planet Actus.com<\/a>&nbsp;\ud83e\ude90<\/p>\n\n\n<div class=\"wp-block-post-author\"><div class=\"wp-block-post-author__avatar\"><img decoding=async data-opt-id=1391982141  fetchpriority=\"high\" alt='' src='\/\/www.gravatar.com\/avatar\/1f651b4ef1fc23d4d1601d6f2649258e?s=48&#038;r=g&#038;d=mm' srcset='\/\/www.gravatar.com\/avatar\/1f651b4ef1fc23d4d1601d6f2649258e?s=48&#038;r=g&#038;d=mm 2x' class='avatar avatar-48 photo' height='48' width='48' \/><\/div><div class=\"wp-block-post-author__content\"><p class=\"wp-block-post-author__byline\"><a href=\"http:\/\/planetactus.com\">planetactus<\/a><\/p><p class=\"wp-block-post-author__name\">planetactus.com<\/p><\/div><\/div><div class=\"gsp_post_data\" \r\n\t            data-post_type=\"post\" \r\n\t            data-cat=\"a-la-une,autonomie,international,sciences-technologies,secrets-histoires\" \r\n\t            data-modified=\"120\"\r\n\t            data-created=\"1727184704\"\r\n\t            data-title=\"Opel en 1928 : Des Voitures Fus\u00e9es R\u00e9volutionnaires qui Ont D\u00e9fi\u00e9 les Limites de la Vitesse.\" \r\n\t            data-home=\"https:\/\/planetactus.com\"><\/div>","protected":false},"excerpt":{"rendered":"<p>\ud83d\ude97 \ud83d\udca8 Opel in 1928 : Revolutionary Rocket Cars That Challenged the Limits of Speed \ud83d\ude80 C&rsquo;est fascinant, n&rsquo;est-ce pas ? En 1928, Opel a effectivement exp\u00e9riment\u00e9 avec des v\u00e9hicules innovants. Fritz von Opel, petit-fils du fondateur de la marque, a test\u00e9 des voitures propuls\u00e9es par des fus\u00e9es, comme la RAK 1 et la RAK [&hellip;]<\/p>\n","protected":false},"author":1,"featured_media":1928,"comment_status":"open","ping_status":"open","sticky":false,"template":"","format":"standard","meta":{"_bbp_topic_count":0,"_bbp_reply_count":0,"_bbp_total_topic_count":0,"_bbp_total_reply_count":0,"_bbp_voice_count":0,"_bbp_anonymous_reply_count":0,"_bbp_topic_count_hidden":0,"_bbp_reply_count_hidden":0,"_bbp_forum_subforum_count":0,"fifu_image_url":"","fifu_image_alt":"","_jetpack_memberships_contains_paid_content":false,"footnotes":"","jetpack_publicize_message":"","jetpack_publicize_feature_enabled":true,"jetpack_social_post_already_shared":false,"jetpack_social_options":{"image_generator_settings":{"template":"highway","default_image_id":0,"font":"","enabled":false},"version":2}},"categories":[19,39,21,17,18],"tags":[],"class_list":["post-1927","post","type-post","status-publish","format-standard","has-post-thumbnail","hentry","category-a-la-une","category-autonomie","category-international","category-sciences-technologies","category-secrets-histoires"],"featured_image_src":"https:\/\/mlrdeoj2ejbf.i.optimole.com\/cb:mvHM.4ca\/w:auto\/h:auto\/q:mauto\/f:best\/https:\/\/i0.wp.com\/planetactus.com\/wp-content\/uploads\/2024\/09\/Opel-en-1928.-Des-Voitures-Fusees_Planet-Actus-IA.jpg?fit=1024%2C1024&ssl=1","author_info":{"display_name":"planetactus.com","author_link":"https:\/\/planetactus.com\/index.php\/author\/admin9861\/"},"yoast_head":"<!-- This site is optimized with the Yoast SEO plugin v27.5 - https:\/\/yoast.com\/product\/yoast-seo-wordpress\/ -->\n<title>Opel en 1928 : Des Voitures Fus\u00e9es R\u00e9volutionnaires qui Ont D\u00e9fi\u00e9 les Limites de la Vitesse. -<\/title>\n<meta name=\"description\" content=\"C&#039;est fascinant, n&#039;est-ce pas ? En 1928, Opel a effectivement exp\u00e9riment\u00e9 avec des v\u00e9hicules innovants. Fritz von Opel, petit-fils du fondateur de la marque, a test\u00e9 des voitures propuls\u00e9es par des fus\u00e9es, comme la RAK 1 et la RAK 2. Ces v\u00e9hicules n&#039;\u00e9taient pas exactement des voitures sans conducteur comme nous les imaginons aujourd&#039;hui, mais ils repr\u00e9sentaient des avanc\u00e9es technologiques impressionnantes pour l&#039;\u00e9poque.\" class=\"yoast-seo-meta-tag\" \/>\n<meta name=\"robots\" content=\"index, follow, max-snippet:-1, max-image-preview:large, max-video-preview:-1\" \/>\n<link rel=\"canonical\" href=\"https:\/\/planetactus.com\/index.php\/2024\/09\/24\/opel-en-1928-des-voitures-fusees-revolutionnaires-qui-ont-defie-les-limites-de-la-vitesse\/\" class=\"yoast-seo-meta-tag\" \/>\n<meta property=\"og:locale\" content=\"fr_FR\" class=\"yoast-seo-meta-tag\" \/>\n<meta property=\"og:type\" content=\"article\" class=\"yoast-seo-meta-tag\" \/>\n<meta property=\"og:title\" content=\"Opel en 1928 : Des Voitures Fus\u00e9es R\u00e9volutionnaires qui Ont D\u00e9fi\u00e9 les Limites de la Vitesse.\" class=\"yoast-seo-meta-tag\" \/>\n<meta property=\"og:description\" content=\"C&#039;est fascinant, n&#039;est-ce pas ? En 1928, Opel a effectivement exp\u00e9riment\u00e9 avec des v\u00e9hicules innovants. Fritz von Opel, petit-fils du fondateur de la marque, a test\u00e9 des voitures propuls\u00e9es par des fus\u00e9es, comme la RAK 1 et la RAK 2. Ces v\u00e9hicules n&#039;\u00e9taient pas exactement des voitures sans conducteur comme nous les imaginons aujourd&#039;hui, mais ils repr\u00e9sentaient des avanc\u00e9es technologiques impressionnantes pour l&#039;\u00e9poque.\" class=\"yoast-seo-meta-tag\" \/>\n<meta property=\"og:url\" content=\"https:\/\/planetactus.com\/index.php\/2024\/09\/24\/opel-en-1928-des-voitures-fusees-revolutionnaires-qui-ont-defie-les-limites-de-la-vitesse\/\" class=\"yoast-seo-meta-tag\" \/>\n<meta property=\"article:publisher\" content=\"https:\/\/www.facebook.com\/profile.php?id=61561620320740\" class=\"yoast-seo-meta-tag\" \/>\n<meta property=\"article:author\" content=\"https:\/\/www.facebook.com\/profile.php?id=61561620320740\" class=\"yoast-seo-meta-tag\" \/>\n<meta property=\"article:published_time\" content=\"2024-09-24T11:31:44+00:00\" class=\"yoast-seo-meta-tag\" \/>\n<meta property=\"article:modified_time\" content=\"2024-09-24T11:31:51+00:00\" class=\"yoast-seo-meta-tag\" \/>\n<meta property=\"og:image\" content=\"https:\/\/mlrdeoj2ejbf.i.optimole.com\/cb:mvHM.4ca\/w:auto\/h:auto\/q:mauto\/f:best\/http:\/\/planetactus.com\/wp-content\/uploads\/2024\/09\/Opel-en-1928.-Des-Voitures-Fusees_Planet-Actus-IA.jpg\" class=\"yoast-seo-meta-tag\" \/>\n\t<meta property=\"og:image:width\" content=\"1024\" class=\"yoast-seo-meta-tag\" \/>\n\t<meta property=\"og:image:height\" content=\"1024\" class=\"yoast-seo-meta-tag\" \/>\n\t<meta property=\"og:image:type\" content=\"image\/jpeg\" class=\"yoast-seo-meta-tag\" \/>\n<meta name=\"author\" content=\"planetactus.com\" class=\"yoast-seo-meta-tag\" \/>\n<meta name=\"twitter:card\" content=\"summary_large_image\" class=\"yoast-seo-meta-tag\" \/>\n<meta name=\"twitter:title\" content=\"Opel en 1928 : Des Voitures Fus\u00e9es R\u00e9volutionnaires qui Ont D\u00e9fi\u00e9 les Limites de la Vitesse.\" class=\"yoast-seo-meta-tag\" \/>\n<meta name=\"twitter:creator\" content=\"@https:\/\/x.com\/PlanetActus\" class=\"yoast-seo-meta-tag\" \/>\n<meta name=\"twitter:site\" content=\"@PlanetActus\" class=\"yoast-seo-meta-tag\" \/>\n<meta name=\"twitter:label1\" content=\"\u00c9crit par\" class=\"yoast-seo-meta-tag\" \/>\n\t<meta name=\"twitter:data1\" content=\"planetactus.com\" class=\"yoast-seo-meta-tag\" \/>\n\t<meta name=\"twitter:label2\" content=\"Dur\u00e9e de lecture estim\u00e9e\" class=\"yoast-seo-meta-tag\" \/>\n\t<meta name=\"twitter:data2\" content=\"3 minutes\" class=\"yoast-seo-meta-tag\" \/>\n<script type=\"application\/ld+json\" class=\"yoast-schema-graph\">{\"@context\":\"https:\\\/\\\/schema.org\",\"@graph\":[{\"@type\":\"Article\",\"@id\":\"https:\\\/\\\/planetactus.com\\\/index.php\\\/2024\\\/09\\\/24\\\/opel-en-1928-des-voitures-fusees-revolutionnaires-qui-ont-defie-les-limites-de-la-vitesse\\\/#article\",\"isPartOf\":{\"@id\":\"https:\\\/\\\/planetactus.com\\\/index.php\\\/2024\\\/09\\\/24\\\/opel-en-1928-des-voitures-fusees-revolutionnaires-qui-ont-defie-les-limites-de-la-vitesse\\\/\"},\"author\":{\"name\":\"planetactus.com\",\"@id\":\"https:\\\/\\\/planetactus.com\\\/#\\\/schema\\\/person\\\/fbb75ac73a2424d2e176d31b021372a4\"},\"headline\":\"Opel en 1928 : Des Voitures Fus\u00e9es R\u00e9volutionnaires qui Ont D\u00e9fi\u00e9 les Limites de la Vitesse.\",\"datePublished\":\"2024-09-24T11:31:44+00:00\",\"dateModified\":\"2024-09-24T11:31:51+00:00\",\"mainEntityOfPage\":{\"@id\":\"https:\\\/\\\/planetactus.com\\\/index.php\\\/2024\\\/09\\\/24\\\/opel-en-1928-des-voitures-fusees-revolutionnaires-qui-ont-defie-les-limites-de-la-vitesse\\\/\"},\"wordCount\":483,\"commentCount\":0,\"publisher\":{\"@id\":\"https:\\\/\\\/planetactus.com\\\/#\\\/schema\\\/person\\\/fbb75ac73a2424d2e176d31b021372a4\"},\"image\":{\"@id\":\"https:\\\/\\\/planetactus.com\\\/index.php\\\/2024\\\/09\\\/24\\\/opel-en-1928-des-voitures-fusees-revolutionnaires-qui-ont-defie-les-limites-de-la-vitesse\\\/#primaryimage\"},\"thumbnailUrl\":\"https:\\/\\/i0.wp.com\\/planetactus.com\\/wp-content\\/uploads\\/2024\\/09\\/Opel-en-1928.-Des-Voitures-Fusees_Planet-Actus-IA.jpg?fit=1024%2C1024&ssl=1\",\"articleSection\":[\"A la Une\",\"Autonomie\",\"International\",\"Sciences &amp; technologies\",\"Secrets &amp; Histoires\"],\"inLanguage\":\"fr-FR\",\"potentialAction\":[{\"@type\":\"CommentAction\",\"name\":\"Comment\",\"target\":[\"https:\\\/\\\/planetactus.com\\\/index.php\\\/2024\\\/09\\\/24\\\/opel-en-1928-des-voitures-fusees-revolutionnaires-qui-ont-defie-les-limites-de-la-vitesse\\\/#respond\"]}]},{\"@type\":\"WebPage\",\"@id\":\"https:\\\/\\\/planetactus.com\\\/index.php\\\/2024\\\/09\\\/24\\\/opel-en-1928-des-voitures-fusees-revolutionnaires-qui-ont-defie-les-limites-de-la-vitesse\\\/\",\"url\":\"https:\\\/\\\/planetactus.com\\\/index.php\\\/2024\\\/09\\\/24\\\/opel-en-1928-des-voitures-fusees-revolutionnaires-qui-ont-defie-les-limites-de-la-vitesse\\\/\",\"name\":\"Opel en 1928 : Des Voitures Fus\u00e9es R\u00e9volutionnaires qui Ont D\u00e9fi\u00e9 les Limites de la Vitesse. -\",\"isPartOf\":{\"@id\":\"https:\\\/\\\/planetactus.com\\\/#website\"},\"primaryImageOfPage\":{\"@id\":\"https:\\\/\\\/planetactus.com\\\/index.php\\\/2024\\\/09\\\/24\\\/opel-en-1928-des-voitures-fusees-revolutionnaires-qui-ont-defie-les-limites-de-la-vitesse\\\/#primaryimage\"},\"image\":{\"@id\":\"https:\\\/\\\/planetactus.com\\\/index.php\\\/2024\\\/09\\\/24\\\/opel-en-1928-des-voitures-fusees-revolutionnaires-qui-ont-defie-les-limites-de-la-vitesse\\\/#primaryimage\"},\"thumbnailUrl\":\"https:\\/\\/i0.wp.com\\/planetactus.com\\/wp-content\\/uploads\\/2024\\/09\\/Opel-en-1928.-Des-Voitures-Fusees_Planet-Actus-IA.jpg?fit=1024%2C1024&ssl=1\",\"datePublished\":\"2024-09-24T11:31:44+00:00\",\"dateModified\":\"2024-09-24T11:31:51+00:00\",\"description\":\"C'est fascinant, n'est-ce pas ? En 1928, Opel a effectivement exp\u00e9riment\u00e9 avec des v\u00e9hicules innovants. Fritz von Opel, petit-fils du fondateur de la marque, a test\u00e9 des voitures propuls\u00e9es par des fus\u00e9es, comme la RAK 1 et la RAK 2. Ces v\u00e9hicules n'\u00e9taient pas exactement des voitures sans conducteur comme nous les imaginons aujourd'hui, mais ils repr\u00e9sentaient des avanc\u00e9es technologiques impressionnantes pour l'\u00e9poque.\",\"breadcrumb\":{\"@id\":\"https:\\\/\\\/planetactus.com\\\/index.php\\\/2024\\\/09\\\/24\\\/opel-en-1928-des-voitures-fusees-revolutionnaires-qui-ont-defie-les-limites-de-la-vitesse\\\/#breadcrumb\"},\"inLanguage\":\"fr-FR\",\"potentialAction\":[{\"@type\":\"ReadAction\",\"target\":[\"https:\\\/\\\/planetactus.com\\\/index.php\\\/2024\\\/09\\\/24\\\/opel-en-1928-des-voitures-fusees-revolutionnaires-qui-ont-defie-les-limites-de-la-vitesse\\\/\"]}]},{\"@type\":\"ImageObject\",\"inLanguage\":\"fr-FR\",\"@id\":\"https:\\\/\\\/planetactus.com\\\/index.php\\\/2024\\\/09\\\/24\\\/opel-en-1928-des-voitures-fusees-revolutionnaires-qui-ont-defie-les-limites-de-la-vitesse\\\/#primaryimage\",\"url\":\"https:\\/\\/i0.wp.com\\/planetactus.com\\/wp-content\\/uploads\\/2024\\/09\\/Opel-en-1928.-Des-Voitures-Fusees_Planet-Actus-IA.jpg?fit=1024%2C1024&ssl=1\",\"contentUrl\":\"https:\\/\\/i0.wp.com\\/planetactus.com\\/wp-content\\/uploads\\/2024\\/09\\/Opel-en-1928.-Des-Voitures-Fusees_Planet-Actus-IA.jpg?fit=1024%2C1024&ssl=1\",\"width\":1024,\"height\":1024,\"caption\":\"Opel-en-1928.-Des-Voitures-Fusees_Planet-Actus-IA.jpg\"},{\"@type\":\"BreadcrumbList\",\"@id\":\"https:\\\/\\\/planetactus.com\\\/index.php\\\/2024\\\/09\\\/24\\\/opel-en-1928-des-voitures-fusees-revolutionnaires-qui-ont-defie-les-limites-de-la-vitesse\\\/#breadcrumb\",\"itemListElement\":[{\"@type\":\"ListItem\",\"position\":1,\"name\":\"Accueil\",\"item\":\"https:\\\/\\\/planetactus.com\\\/\"},{\"@type\":\"ListItem\",\"position\":2,\"name\":\"Opel en 1928 : Des Voitures Fus\u00e9es R\u00e9volutionnaires qui Ont D\u00e9fi\u00e9 les Limites de la Vitesse.\"}]},{\"@type\":\"WebSite\",\"@id\":\"https:\\\/\\\/planetactus.com\\\/#website\",\"url\":\"https:\\\/\\\/planetactus.com\\\/\",\"name\":\"PLANET ACTUS\",\"description\":\"PLANET ACTUS\",\"publisher\":{\"@id\":\"https:\\\/\\\/planetactus.com\\\/#\\\/schema\\\/person\\\/fbb75ac73a2424d2e176d31b021372a4\"},\"potentialAction\":[{\"@type\":\"SearchAction\",\"target\":{\"@type\":\"EntryPoint\",\"urlTemplate\":\"https:\\\/\\\/planetactus.com\\\/?s={search_term_string}\"},\"query-input\":{\"@type\":\"PropertyValueSpecification\",\"valueRequired\":true,\"valueName\":\"search_term_string\"}}],\"inLanguage\":\"fr-FR\"},{\"@type\":[\"Person\",\"Organization\"],\"@id\":\"https:\\\/\\\/planetactus.com\\\/#\\\/schema\\\/person\\\/fbb75ac73a2424d2e176d31b021372a4\",\"name\":\"planetactus.com\",\"image\":{\"@type\":\"ImageObject\",\"inLanguage\":\"fr-FR\",\"@id\":\"https:\\/\\/i0.wp.com\\/planetactus.com\\/wp-content\\/uploads\\/2024\\/07\\/cropped-2-Planet-Actus-Banniere-02a.jpg?fit=1189%2C365&ssl=1\",\"url\":\"https:\\/\\/i0.wp.com\\/planetactus.com\\/wp-content\\/uploads\\/2024\\/07\\/cropped-2-Planet-Actus-Banniere-02a.jpg?fit=1189%2C365&ssl=1\",\"contentUrl\":\"https:\\/\\/i0.wp.com\\/planetactus.com\\/wp-content\\/uploads\\/2024\\/07\\/cropped-2-Planet-Actus-Banniere-02a.jpg?fit=1189%2C365&ssl=1\",\"width\":1189,\"height\":365,\"caption\":\"planetactus.com\"},\"logo\":{\"@id\":\"https:\\/\\/i0.wp.com\\/planetactus.com\\/wp-content\\/uploads\\/2024\\/07\\/cropped-2-Planet-Actus-Banniere-02a.jpg?fit=1189%2C365&ssl=1\"},\"sameAs\":[\"http:\\\/\\\/planetactus.com\",\"https:\\\/\\\/www.facebook.com\\\/profile.php?id=61561620320740\",\"https:\\\/\\\/x.com\\\/https:\\\/\\\/x.com\\\/PlanetActus\",\"https:\\\/\\\/www.youtube.com\\\/@PlanetActus\"],\"url\":\"https:\\\/\\\/planetactus.com\\\/index.php\\\/author\\\/admin9861\\\/\"}]}<\/script>\n<!-- \/ Yoast SEO plugin. -->","yoast_head_json":{"title":"Opel en 1928 : Des Voitures Fus\u00e9es R\u00e9volutionnaires qui Ont D\u00e9fi\u00e9 les Limites de la Vitesse. -","description":"C'est fascinant, n'est-ce pas ? En 1928, Opel a effectivement exp\u00e9riment\u00e9 avec des v\u00e9hicules innovants. Fritz von Opel, petit-fils du fondateur de la marque, a test\u00e9 des voitures propuls\u00e9es par des fus\u00e9es, comme la RAK 1 et la RAK 2. Ces v\u00e9hicules n'\u00e9taient pas exactement des voitures sans conducteur comme nous les imaginons aujourd'hui, mais ils repr\u00e9sentaient des avanc\u00e9es technologiques impressionnantes pour l'\u00e9poque.","robots":{"index":"index","follow":"follow","max-snippet":"max-snippet:-1","max-image-preview":"max-image-preview:large","max-video-preview":"max-video-preview:-1"},"canonical":"https:\/\/planetactus.com\/index.php\/2024\/09\/24\/opel-en-1928-des-voitures-fusees-revolutionnaires-qui-ont-defie-les-limites-de-la-vitesse\/","og_locale":"fr_FR","og_type":"article","og_title":"Opel en 1928 : Des Voitures Fus\u00e9es R\u00e9volutionnaires qui Ont D\u00e9fi\u00e9 les Limites de la Vitesse.","og_description":"C'est fascinant, n'est-ce pas ? En 1928, Opel a effectivement exp\u00e9riment\u00e9 avec des v\u00e9hicules innovants. Fritz von Opel, petit-fils du fondateur de la marque, a test\u00e9 des voitures propuls\u00e9es par des fus\u00e9es, comme la RAK 1 et la RAK 2. Ces v\u00e9hicules n'\u00e9taient pas exactement des voitures sans conducteur comme nous les imaginons aujourd'hui, mais ils repr\u00e9sentaient des avanc\u00e9es technologiques impressionnantes pour l'\u00e9poque.","og_url":"https:\/\/planetactus.com\/index.php\/2024\/09\/24\/opel-en-1928-des-voitures-fusees-revolutionnaires-qui-ont-defie-les-limites-de-la-vitesse\/","article_publisher":"https:\/\/www.facebook.com\/profile.php?id=61561620320740","article_author":"https:\/\/www.facebook.com\/profile.php?id=61561620320740","article_published_time":"2024-09-24T11:31:44+00:00","article_modified_time":"2024-09-24T11:31:51+00:00","og_image":[{"width":1024,"height":1024,"url":"https:\/\/mlrdeoj2ejbf.i.optimole.com\/cb:mvHM.4ca\/w:auto\/h:auto\/q:mauto\/f:best\/http:\/\/planetactus.com\/wp-content\/uploads\/2024\/09\/Opel-en-1928.-Des-Voitures-Fusees_Planet-Actus-IA.jpg","type":"image\/jpeg"}],"author":"planetactus.com","twitter_card":"summary_large_image","twitter_title":"Opel en 1928 : Des Voitures Fus\u00e9es R\u00e9volutionnaires qui Ont D\u00e9fi\u00e9 les Limites de la Vitesse.","twitter_creator":"@https:\/\/x.com\/PlanetActus","twitter_site":"@PlanetActus","twitter_misc":{"\u00c9crit par":"planetactus.com","Dur\u00e9e de lecture estim\u00e9e":"3 minutes"},"schema":{"@context":"https:\/\/schema.org","@graph":[{"@type":"Article","@id":"https:\/\/planetactus.com\/index.php\/2024\/09\/24\/opel-en-1928-des-voitures-fusees-revolutionnaires-qui-ont-defie-les-limites-de-la-vitesse\/#article","isPartOf":{"@id":"https:\/\/planetactus.com\/index.php\/2024\/09\/24\/opel-en-1928-des-voitures-fusees-revolutionnaires-qui-ont-defie-les-limites-de-la-vitesse\/"},"author":{"name":"planetactus.com","@id":"https:\/\/planetactus.com\/#\/schema\/person\/fbb75ac73a2424d2e176d31b021372a4"},"headline":"Opel en 1928 : Des Voitures Fus\u00e9es R\u00e9volutionnaires qui Ont D\u00e9fi\u00e9 les Limites de la Vitesse.","datePublished":"2024-09-24T11:31:44+00:00","dateModified":"2024-09-24T11:31:51+00:00","mainEntityOfPage":{"@id":"https:\/\/planetactus.com\/index.php\/2024\/09\/24\/opel-en-1928-des-voitures-fusees-revolutionnaires-qui-ont-defie-les-limites-de-la-vitesse\/"},"wordCount":483,"commentCount":0,"publisher":{"@id":"https:\/\/planetactus.com\/#\/schema\/person\/fbb75ac73a2424d2e176d31b021372a4"},"image":{"@id":"https:\/\/planetactus.com\/index.php\/2024\/09\/24\/opel-en-1928-des-voitures-fusees-revolutionnaires-qui-ont-defie-les-limites-de-la-vitesse\/#primaryimage"},"thumbnailUrl":"https:\/\/mlrdeoj2ejbf.i.optimole.com\/cb:mvHM.4ca\/w:auto\/h:auto\/q:mauto\/f:best\/https:\/\/i0.wp.com\/planetactus.com\/wp-content\/uploads\/2024\/09\/Opel-en-1928.-Des-Voitures-Fusees_Planet-Actus-IA.jpg?fit=1024%2C1024&ssl=1","articleSection":["A la Une","Autonomie","International","Sciences &amp; technologies","Secrets &amp; Histoires"],"inLanguage":"fr-FR","potentialAction":[{"@type":"CommentAction","name":"Comment","target":["https:\/\/planetactus.com\/index.php\/2024\/09\/24\/opel-en-1928-des-voitures-fusees-revolutionnaires-qui-ont-defie-les-limites-de-la-vitesse\/#respond"]}]},{"@type":"WebPage","@id":"https:\/\/planetactus.com\/index.php\/2024\/09\/24\/opel-en-1928-des-voitures-fusees-revolutionnaires-qui-ont-defie-les-limites-de-la-vitesse\/","url":"https:\/\/planetactus.com\/index.php\/2024\/09\/24\/opel-en-1928-des-voitures-fusees-revolutionnaires-qui-ont-defie-les-limites-de-la-vitesse\/","name":"Opel en 1928 : Des Voitures Fus\u00e9es R\u00e9volutionnaires qui Ont D\u00e9fi\u00e9 les Limites de la Vitesse. -","isPartOf":{"@id":"https:\/\/planetactus.com\/#website"},"primaryImageOfPage":{"@id":"https:\/\/planetactus.com\/index.php\/2024\/09\/24\/opel-en-1928-des-voitures-fusees-revolutionnaires-qui-ont-defie-les-limites-de-la-vitesse\/#primaryimage"},"image":{"@id":"https:\/\/planetactus.com\/index.php\/2024\/09\/24\/opel-en-1928-des-voitures-fusees-revolutionnaires-qui-ont-defie-les-limites-de-la-vitesse\/#primaryimage"},"thumbnailUrl":"https:\/\/mlrdeoj2ejbf.i.optimole.com\/cb:mvHM.4ca\/w:auto\/h:auto\/q:mauto\/f:best\/https:\/\/i0.wp.com\/planetactus.com\/wp-content\/uploads\/2024\/09\/Opel-en-1928.-Des-Voitures-Fusees_Planet-Actus-IA.jpg?fit=1024%2C1024&ssl=1","datePublished":"2024-09-24T11:31:44+00:00","dateModified":"2024-09-24T11:31:51+00:00","description":"C'est fascinant, n'est-ce pas ? En 1928, Opel a effectivement exp\u00e9riment\u00e9 avec des v\u00e9hicules innovants. Fritz von Opel, petit-fils du fondateur de la marque, a test\u00e9 des voitures propuls\u00e9es par des fus\u00e9es, comme la RAK 1 et la RAK 2. Ces v\u00e9hicules n'\u00e9taient pas exactement des voitures sans conducteur comme nous les imaginons aujourd'hui, mais ils repr\u00e9sentaient des avanc\u00e9es technologiques impressionnantes pour l'\u00e9poque.","breadcrumb":{"@id":"https:\/\/planetactus.com\/index.php\/2024\/09\/24\/opel-en-1928-des-voitures-fusees-revolutionnaires-qui-ont-defie-les-limites-de-la-vitesse\/#breadcrumb"},"inLanguage":"fr-FR","potentialAction":[{"@type":"ReadAction","target":["https:\/\/planetactus.com\/index.php\/2024\/09\/24\/opel-en-1928-des-voitures-fusees-revolutionnaires-qui-ont-defie-les-limites-de-la-vitesse\/"]}]},{"@type":"ImageObject","inLanguage":"fr-FR","@id":"https:\/\/planetactus.com\/index.php\/2024\/09\/24\/opel-en-1928-des-voitures-fusees-revolutionnaires-qui-ont-defie-les-limites-de-la-vitesse\/#primaryimage","url":"https:\/\/mlrdeoj2ejbf.i.optimole.com\/cb:mvHM.4ca\/w:auto\/h:auto\/q:mauto\/f:best\/https:\/\/i0.wp.com\/planetactus.com\/wp-content\/uploads\/2024\/09\/Opel-en-1928.-Des-Voitures-Fusees_Planet-Actus-IA.jpg?fit=1024%2C1024&ssl=1","contentUrl":"https:\/\/mlrdeoj2ejbf.i.optimole.com\/cb:mvHM.4ca\/w:auto\/h:auto\/q:mauto\/f:best\/https:\/\/i0.wp.com\/planetactus.com\/wp-content\/uploads\/2024\/09\/Opel-en-1928.-Des-Voitures-Fusees_Planet-Actus-IA.jpg?fit=1024%2C1024&ssl=1","width":1024,"height":1024,"caption":"Opel-en-1928.-Des-Voitures-Fusees_Planet-Actus-IA.jpg"},{"@type":"BreadcrumbList","@id":"https:\/\/planetactus.com\/index.php\/2024\/09\/24\/opel-en-1928-des-voitures-fusees-revolutionnaires-qui-ont-defie-les-limites-de-la-vitesse\/#breadcrumb","itemListElement":[{"@type":"ListItem","position":1,"name":"Accueil","item":"https:\/\/planetactus.com\/"},{"@type":"ListItem","position":2,"name":"Opel en 1928 : Des Voitures Fus\u00e9es R\u00e9volutionnaires qui Ont D\u00e9fi\u00e9 les Limites de la Vitesse."}]},{"@type":"WebSite","@id":"https:\/\/planetactus.com\/#website","url":"https:\/\/planetactus.com\/","name":"PLANET ACTUS","description":"PLANET ACTUS","publisher":{"@id":"https:\/\/planetactus.com\/#\/schema\/person\/fbb75ac73a2424d2e176d31b021372a4"},"potentialAction":[{"@type":"SearchAction","target":{"@type":"EntryPoint","urlTemplate":"https:\/\/planetactus.com\/?s={search_term_string}"},"query-input":{"@type":"PropertyValueSpecification","valueRequired":true,"valueName":"search_term_string"}}],"inLanguage":"fr-FR"},{"@type":["Person","Organization"],"@id":"https:\/\/planetactus.com\/#\/schema\/person\/fbb75ac73a2424d2e176d31b021372a4","name":"planetactus.com","image":{"@type":"ImageObject","inLanguage":"fr-FR","@id":"https:\/\/mlrdeoj2ejbf.i.optimole.com\/cb:mvHM.4ca\/w:auto\/h:auto\/q:mauto\/f:best\/https:\/\/i0.wp.com\/planetactus.com\/wp-content\/uploads\/2024\/07\/cropped-2-Planet-Actus-Banniere-02a.jpg?fit=1189%2C365&ssl=1","url":"https:\/\/mlrdeoj2ejbf.i.optimole.com\/cb:mvHM.4ca\/w:auto\/h:auto\/q:mauto\/f:best\/https:\/\/i0.wp.com\/planetactus.com\/wp-content\/uploads\/2024\/07\/cropped-2-Planet-Actus-Banniere-02a.jpg?fit=1189%2C365&ssl=1","contentUrl":"https:\/\/mlrdeoj2ejbf.i.optimole.com\/cb:mvHM.4ca\/w:auto\/h:auto\/q:mauto\/f:best\/https:\/\/i0.wp.com\/planetactus.com\/wp-content\/uploads\/2024\/07\/cropped-2-Planet-Actus-Banniere-02a.jpg?fit=1189%2C365&ssl=1","width":1189,"height":365,"caption":"planetactus.com"},"logo":{"@id":"https:\/\/mlrdeoj2ejbf.i.optimole.com\/cb:mvHM.4ca\/w:auto\/h:auto\/q:mauto\/f:best\/https:\/\/i0.wp.com\/planetactus.com\/wp-content\/uploads\/2024\/07\/cropped-2-Planet-Actus-Banniere-02a.jpg?fit=1189%2C365&ssl=1"},"sameAs":["http:\/\/planetactus.com","https:\/\/www.facebook.com\/profile.php?id=61561620320740","https:\/\/x.com\/https:\/\/x.com\/PlanetActus","https:\/\/www.youtube.com\/@PlanetActus"],"url":"https:\/\/planetactus.com\/index.php\/author\/admin9861\/"}]}},"jetpack_publicize_connections":[],"jetpack_featured_media_url":"https:\/\/mlrdeoj2ejbf.i.optimole.com\/cb:mvHM.4ca\/w:auto\/h:auto\/q:mauto\/f:best\/https:\/\/i0.wp.com\/planetactus.com\/wp-content\/uploads\/2024\/09\/Opel-en-1928.-Des-Voitures-Fusees_Planet-Actus-IA.jpg?fit=1024%2C1024&ssl=1","jetpack_sharing_enabled":true,"_links":{"self":[{"href":"https:\/\/planetactus.com\/index.php\/wp-json\/wp\/v2\/posts\/1927","targetHints":{"allow":["GET"]}}],"collection":[{"href":"https:\/\/planetactus.com\/index.php\/wp-json\/wp\/v2\/posts"}],"about":[{"href":"https:\/\/planetactus.com\/index.php\/wp-json\/wp\/v2\/types\/post"}],"author":[{"embeddable":true,"href":"https:\/\/planetactus.com\/index.php\/wp-json\/wp\/v2\/users\/1"}],"replies":[{"embeddable":true,"href":"https:\/\/planetactus.com\/index.php\/wp-json\/wp\/v2\/comments?post=1927"}],"version-history":[{"count":1,"href":"https:\/\/planetactus.com\/index.php\/wp-json\/wp\/v2\/posts\/1927\/revisions"}],"predecessor-version":[{"id":1929,"href":"https:\/\/planetactus.com\/index.php\/wp-json\/wp\/v2\/posts\/1927\/revisions\/1929"}],"wp:featuredmedia":[{"embeddable":true,"href":"https:\/\/planetactus.com\/index.php\/wp-json\/wp\/v2\/media\/1928"}],"wp:attachment":[{"href":"https:\/\/planetactus.com\/index.php\/wp-json\/wp\/v2\/media?parent=1927"}],"wp:term":[{"taxonomy":"category","embeddable":true,"href":"https:\/\/planetactus.com\/index.php\/wp-json\/wp\/v2\/categories?post=1927"},{"taxonomy":"post_tag","embeddable":true,"href":"https:\/\/planetactus.com\/index.php\/wp-json\/wp\/v2\/tags?post=1927"}],"curies":[{"name":"wp","href":"https:\/\/api.w.org\/{rel}","templated":true}]}}