{"id":1936,"date":"2024-09-25T09:23:21","date_gmt":"2024-09-25T07:23:21","guid":{"rendered":"https:\/\/planetactus.com\/?p=1936"},"modified":"2024-09-25T09:28:04","modified_gmt":"2024-09-25T07:28:04","slug":"un-neuroscientifique-de-renom-revele-le-mineral-toxique-derriere-la-perte-de-memoire-des-seniors-voici-comment-leliminer-des-maintenant","status":"publish","type":"post","link":"https:\/\/planetactus.com\/index.php\/2024\/09\/25\/un-neuroscientifique-de-renom-revele-le-mineral-toxique-derriere-la-perte-de-memoire-des-seniors-voici-comment-leliminer-des-maintenant\/","title":{"rendered":"Un Neuroscientifique de Renom R\u00e9v\u00e8le le Min\u00e9ral Toxique Derri\u00e8re la Perte de M\u00e9moire des Seniors (Voici Comment l\u2019\u00c9liminer D\u00e8s Maintenant)"},"content":{"rendered":"\n<p><strong>Top Neuroscientist Warns: \u00ab\u00a0This Toxic Mineral Is Behind 99.98% Of Memory Loss in Seniors.\u00a0\u00bb <\/strong>(Here&rsquo;s How to Flush it Out NOW)<\/p>\n\n\n\n<p><span style=\"text-decoration: underline;\">La perte de m\u00e9moire<\/span> est un sujet qui touche profond\u00e9ment un grand nombre de personnes \u00e2g\u00e9es. Les \u00a0\u00bb <strong>moments d\u2019oubli<\/strong> \u00a0\u00bb que beaucoup attribuent au vieillissement naturel sont souvent les premiers signes d\u2019un probl\u00e8me plus grave, celui du d\u00e9clin cognitif. <strong>Mais si la solution \u00e0 ces troubles \u00e9tait plus simple que ce que nous croyions jusqu&rsquo;\u00e0 pr\u00e9sent ? Un scientifique de Harvard vient de faire une d\u00e9couverte qui pourrait tout changer.<\/strong><\/p>\n\n\n\n<p><strong><mark style=\"background-color:rgba(0, 0, 0, 0)\" class=\"has-inline-color has-vivid-red-color\">Le Min\u00e9ral Toxique en Question<\/mark><\/strong>.<\/p>\n\n\n\n<p><strong>Dans une recherche men\u00e9e par une \u00e9quipe de neurobiologistes de la prestigieuse Harvard Medical School, il a \u00e9t\u00e9 r\u00e9v\u00e9l\u00e9 que la perte de m\u00e9moire li\u00e9e \u00e0 l\u2019\u00e2ge est principalement caus\u00e9e par l\u2019accumulation de fluorure dans la glande pin\u00e9ale du cerveau. Selon ces experts, cette minuscule glande, qui est cruciale pour la r\u00e9gulation du sommeil et la protection neuronale, se calcifie \u00e0 cause du fluorure pr\u00e9sent dans l&rsquo;eau potable, le dentifrice, et divers aliments. Cette accumulation emp\u00eache la production de m\u00e9latonine, une hormone essentielle pour pr\u00e9server les fonctions cognitives, entra\u00eenant ainsi un affaiblissement de la m\u00e9moire.<\/strong><\/p>\n\n\n\n<p><strong><mark style=\"background-color:rgba(0, 0, 0, 0)\" class=\"has-inline-color has-vivid-red-color\">Les Cons\u00e9quences d\u2019un Cerveau Satur\u00e9 de Fluorure<\/mark><\/strong>.<\/p>\n\n\n\n<p>Ce processus, surnomm\u00e9 \u00a0\u00bb <strong>la s\u00e9cheresse neuronale <\/strong>\u00ab\u00a0, est <span style=\"text-decoration: underline;\">alarmant <\/span>: <strong>des prot\u00e9ines toxiques et des plaques s\u2019installent dans le tissu c\u00e9r\u00e9bral, d\u00e9vorant progressivement les souvenirs pr\u00e9cieux des personnes touch\u00e9es. Pour beaucoup, cela se traduit par une perte progressive de leur identit\u00e9 et de leur ind\u00e9pendance. Mais la bonne nouvelle, c\u2019est que cette d\u00e9couverte offre aussi une solution simple et naturelle pour inverser ces dommages.<\/strong><\/p>\n\n\n\n<p><strong><mark style=\"background-color:rgba(0, 0, 0, 0)\" class=\"has-inline-color has-vivid-red-color\">Une Solution en Deux \u00c9tapes Simples<\/mark><\/strong><\/p>\n\n\n\n<p>Le neuroscientifique Mark Thompson, auteur de cette \u00e9tude, propose une m\u00e9thode en deux \u00e9tapes pour restaurer les fonctions m\u00e9morielles. Tout d\u2019abord, il s&rsquo;agit de \u00a0\u00bb <strong>flusher <\/strong>\u00a0\u00bb le fluorure de la glande pin\u00e9ale en utilisant des extraits naturels scientifiquement prouv\u00e9s. Ensuite, il faut <strong>r\u00e9activer la production naturelle de m\u00e9latonine gr\u00e2ce \u00e0 des suppl\u00e9ments riches en antioxydants tels que le Yamabushitake et la Spiruline, des super-aliments qui nettoient et r\u00e9g\u00e9n\u00e8rent les cellules c\u00e9r\u00e9brales.<\/strong><\/p>\n\n\n\n<p><mark style=\"background-color:rgba(0, 0, 0, 0)\" class=\"has-inline-color has-vivid-red-color\"><strong>Des T\u00e9moignages Incroyables<\/strong>.<\/mark><\/p>\n\n\n\n<p>Les r\u00e9sultats ont \u00e9t\u00e9 incroyables pour des milliers de personnes. Susan, une patiente de Boston, t\u00e9moigne : \u00ab\u00a0Apr\u00e8s avoir utilis\u00e9 cette m\u00e9thode pendant quelques semaines, ma m\u00e9moire est revenue \u00e0 un point que je croyais impossible. Je peux d\u00e9sormais me souvenir de d\u00e9tails que j&rsquo;avais compl\u00e8tement oubli\u00e9s pendant des ann\u00e9es.\u00a0\u00bb Ce n\u2019est qu\u2019un exemple parmi tant d\u2019autres qui d\u00e9montrent l\u2019efficacit\u00e9 de cette solution naturelle.<\/p>\n\n\n\n<p><strong><mark style=\"background-color:rgba(0, 0, 0, 0)\" class=\"has-inline-color has-vivid-red-color\">Conclusion : Reprendre le Contr\u00f4le de Sa M\u00e9moire et de Sa Vie<\/mark><\/strong>.<\/p>\n\n\n\n<p>Alors que la perte de m\u00e9moire est souvent v\u00e9cue comme une fatalit\u00e9 li\u00e9e \u00e0 l\u2019\u00e2ge, il est d\u00e9sormais possible de reprendre le contr\u00f4le gr\u00e2ce \u00e0 cette d\u00e9couverte r\u00e9volutionnaire. Il est temps d\u2019agir avant qu\u2019il ne soit trop tard. <strong>Gr\u00e2ce \u00e0 cette m\u00e9thode simple et naturelle, vous pouvez prot\u00e9ger vos souvenirs, pr\u00e9server votre identit\u00e9, et profiter pleinement de vos ann\u00e9es d&rsquo;or sans la peur constante de voir vos souvenirs dispara\u00eetre.<\/strong><\/p>\n\n\n\n<p>D\u00e9couvrez cette solution d\u00e8s aujourd&rsquo;hui et partagez cette information vitale avec vos proches, car il est encore possible de changer le cours de la vie des personnes touch\u00e9es par ce fl\u00e9au invisible. Agissez maintenant pour prot\u00e9ger votre avenir et celui de ceux que vous aimez. <strong>Lire la suite sur<\/strong> [<a href=\"https:\/\/thepinealguardian.com\/ds\/indexts.php\"><mark style=\"background-color:rgba(0, 0, 0, 0)\" class=\"has-inline-color has-vivid-red-color\">The Pineal Guardian<\/mark><\/a>]<\/p>\n\n\n\n<p>\ud83d\udccd<strong>Top Neuroscientist Warns: \u00a0\u00bb This Toxic Mineral Is Behind 99.98% Of Memory Loss in Seniors.\u00a0\u00bb<\/strong><\/p>\n\n\n\n<figure class=\"wp-block-embed aligncenter is-type-video is-provider-youtube wp-block-embed-youtube wp-embed-aspect-16-9 wp-has-aspect-ratio\"><div class=\"wp-block-embed__wrapper\">\n<iframe  id=\"_ytid_78540\"  width=\"640\" height=\"360\"  data-origwidth=\"640\" data-origheight=\"360\" src=\"https:\/\/www.youtube.com\/embed\/x1hi-6JHveA?enablejsapi=1&#038;autoplay=0&#038;cc_load_policy=0&#038;cc_lang_pref=&#038;iv_load_policy=1&#038;loop=0&#038;rel=1&#038;fs=1&#038;playsinline=0&#038;autohide=2&#038;theme=dark&#038;color=red&#038;controls=1&#038;disablekb=0&#038;\" class=\"__youtube_prefs__  epyt-is-override  no-lazyload\" title=\"YouTube player\"  allow=\"fullscreen; accelerometer; autoplay; clipboard-write; encrypted-media; gyroscope; picture-in-picture; web-share\" referrerpolicy=\"strict-origin-when-cross-origin\" allowfullscreen data-no-lazy=\"1\" data-skipgform_ajax_framebjll=\"\"><\/iframe>\n<\/div><figcaption class=\"wp-element-caption\"><strong>Best Health Style.<\/strong><\/figcaption><\/figure>\n\n\n\n<p>Dans cette vid\u00e9o, Best Health Style explore une d\u00e9couverte r\u00e9volutionnaire r\u00e9alis\u00e9e par un neuroscientifique de renom, r\u00e9v\u00e9lant que le fluorure, un min\u00e9ral commun pr\u00e9sent dans l&rsquo;eau du robinet et le dentifrice, est li\u00e9 \u00e0 99,98 % des pertes de m\u00e9moire chez les personnes \u00e2g\u00e9es. D\u00e9couvrez comment le fluorure s&rsquo;accumule dans la glande pin\u00e9ale, entra\u00eenant une diminution de la production de m\u00e9latonine et un d\u00e9clin cognitif. Pineal Guardian, un suppl\u00e9ment r\u00e9volutionnaire con\u00e7u pour d\u00e9toxifier la glande pin\u00e9ale, restaurer la production de m\u00e9latonine et am\u00e9liorer la m\u00e9moire et la fonction cognitive. D\u00e9couvrez la science derri\u00e8re ce puissant suppl\u00e9ment et comment il peut vous aider, vous ou vos proches, \u00e0 rester vifs et dynamiques.<\/p>\n\n\n\n<p><span style=\"text-decoration: underline;\">Tu pourrais aussi aimer<\/span><\/p>\n\n\n\n<p>\ud83d\udccd<strong>FLUOR et CALCIFICATION de la GLANDE PIN\u00c9ALE<\/strong> \ud83e\udde0<\/p>\n\n\n\n<figure class=\"wp-block-embed aligncenter is-type-video is-provider-youtube wp-block-embed-youtube wp-embed-aspect-16-9 wp-has-aspect-ratio\"><div class=\"wp-block-embed__wrapper\">\n<iframe  id=\"_ytid_19063\"  width=\"640\" height=\"360\"  data-origwidth=\"640\" data-origheight=\"360\" src=\"https:\/\/www.youtube.com\/embed\/_YxDs2SpnUI?enablejsapi=1&#038;autoplay=0&#038;cc_load_policy=0&#038;cc_lang_pref=&#038;iv_load_policy=1&#038;loop=0&#038;rel=1&#038;fs=1&#038;playsinline=0&#038;autohide=2&#038;theme=dark&#038;color=red&#038;controls=1&#038;disablekb=0&#038;\" class=\"__youtube_prefs__  epyt-is-override  no-lazyload\" title=\"YouTube player\"  allow=\"fullscreen; accelerometer; autoplay; clipboard-write; encrypted-media; gyroscope; picture-in-picture; web-share\" referrerpolicy=\"strict-origin-when-cross-origin\" allowfullscreen data-no-lazy=\"1\" data-skipgform_ajax_framebjll=\"\"><\/iframe>\n<\/div><figcaption class=\"wp-element-caption\"><strong>Guillaume Feelgood.<\/strong><\/figcaption><\/figure>\n\n\n\n<p><strong>La revue d&rsquo;\u00e9tude sur le fluor et la calcification de la glande pin\u00e9ale<\/strong> : <a href=\"https:\/\/www.youtube.com\/redirect?event=video_description&amp;redir_token=QUFFLUhqbVVyeW53RHhVNHR2Vll4Q04xWWFSVVJyOG5jZ3xBQ3Jtc0tuV0YxX2NWWVM5N1oxMlZKR2RQTXZLSzNGNURUb0p5QWZQQm1XWnZMb2picmtiUGhBWURTOW16ZjI3enpRRE9rVHVabk1DM2pNNS1lckI1UGRIeDBmMVhxeEFwdUhPZVFlQXNUOENUYmRrSUx2dWpaVQ&amp;q=https%3A%2F%2Fwww.mdpi.com%2F2076-3417%2F10%2F8%2F2885&amp;v=_YxDs2SpnUI\" target=\"_blank\" rel=\"noreferrer noopener\">https:\/\/www.mdpi.com\/2076-3417\/10\/8\/2885<\/a> [Fluoride and Pineal Gland] &#8211; <a href=\"http:\/\/Abstrait La glande pin\u00e9ale est une glande endocrine dont la fonction principale est la biosynth\u00e8se et la s\u00e9cr\u00e9tion de m\u00e9latonine, une hormone responsable de la r\u00e9gulation des rythmes circadiens, par exemple le cycle veille\/sommeil. En raison de sa vascularisation exceptionnellement \u00e9lev\u00e9e et de sa localisation en dehors de la barri\u00e8re h\u00e9mato-enc\u00e9phalique, la glande pin\u00e9ale peut accumuler des quantit\u00e9s importantes de calcium et de fluor, ce qui en fait l'organe le plus satur\u00e9 en fluor du corps humain. La calcification et l\u2019accumulation de fluorure peuvent entra\u00eener une carence en m\u00e9latonine.\"><mark style=\"background-color:rgba(0, 0, 0, 0)\" class=\"has-inline-color has-vivid-red-color\">Abstrait<\/mark><\/a><strong><a href=\"http:\/\/Abstrait La glande pin\u00e9ale est une glande endocrine dont la fonction principale est la biosynth\u00e8se et la s\u00e9cr\u00e9tion de m\u00e9latonine, une hormone responsable de la r\u00e9gulation des rythmes circadiens, par exemple le cycle veille\/sommeil. En raison de sa vascularisation exceptionnellement \u00e9lev\u00e9e et de sa localisation en dehors de la barri\u00e8re h\u00e9mato-enc\u00e9phalique, la glande pin\u00e9ale peut accumuler des quantit\u00e9s importantes de calcium et de fluor, ce qui en fait l'organe le plus satur\u00e9 en fluor du corps humain. La calcification et l\u2019accumulation de fluorure peuvent entra\u00eener une carence en m\u00e9latonine.\"><mark style=\"background-color:rgba(0, 0, 0, 0)\" class=\"has-inline-color has-vivid-red-color\"> <\/mark><\/a><\/strong>: La glande pin\u00e9ale est une glande endocrine dont la fonction principale est la biosynth\u00e8se et la s\u00e9cr\u00e9tion de m\u00e9latonine, une hormone responsable de la r\u00e9gulation des rythmes circadiens, par exemple le cycle veille\/sommeil. En raison de sa vascularisation exceptionnellement \u00e9lev\u00e9e et de sa localisation en dehors de la barri\u00e8re h\u00e9mato-enc\u00e9phalique, la glande pin\u00e9ale peut accumuler des quantit\u00e9s importantes de calcium et de fluor, ce qui en fait l&rsquo;organe le plus satur\u00e9 en fluor du corps humain. La calcification et l\u2019accumulation de fluorure peuvent entra\u00eener une carence en m\u00e9latonine.<\/p>\n\n\n\n<p>\u26a0\ufe0f Les recommandations de cette vid\u00e9o ne se substituent pas \u00e0 celles d&rsquo;un professionnel de sant\u00e9. Nous sommes tous diff\u00e9rents. Avant tout usage de compl\u00e9ments alimentaires, demandez conseil \u00e0 votre m\u00e9decin. \u26a0\ufe0f<\/p>\n\n\n\n<p>\ud83d\udccd<strong>Les bienfaits insoup\u00e7onn\u00e9s de l&rsquo;argile &#8211; Dr Jean-Christophe Charri\u00e9 &#8211; Ma sant\u00e9 au naturel <\/strong>(\u00c9p. 1\/6)<\/p>\n\n\n\n<figure class=\"wp-block-embed aligncenter is-type-video is-provider-youtube wp-block-embed-youtube wp-embed-aspect-16-9 wp-has-aspect-ratio\"><div class=\"wp-block-embed__wrapper\">\n<iframe  id=\"_ytid_56814\"  width=\"640\" height=\"360\"  data-origwidth=\"640\" data-origheight=\"360\" src=\"https:\/\/www.youtube.com\/embed\/QBdPmdCpdvY?enablejsapi=1&#038;autoplay=0&#038;cc_load_policy=0&#038;cc_lang_pref=&#038;iv_load_policy=1&#038;loop=0&#038;rel=1&#038;fs=1&#038;playsinline=0&#038;autohide=2&#038;theme=dark&#038;color=red&#038;controls=1&#038;disablekb=0&#038;\" class=\"__youtube_prefs__  epyt-is-override  no-lazyload\" title=\"YouTube player\"  allow=\"fullscreen; accelerometer; autoplay; clipboard-write; encrypted-media; gyroscope; picture-in-picture; web-share\" referrerpolicy=\"strict-origin-when-cross-origin\" allowfullscreen data-no-lazy=\"1\" data-skipgform_ajax_framebjll=\"\"><\/iframe>\n<\/div><figcaption class=\"wp-element-caption\"><strong>M\u00e9tamorphose<\/strong>, <a href=\"https:\/\/www.youtube.com\/@metamorphosepodcast\">\u00e9veille ta conscience.<\/a><\/figcaption><\/figure>\n\n\n\n<p>Bienvenue dans la cinqui\u00e8me s\u00e9rie exclusive \u00a0\u00bb <strong>Ma sant\u00e9 au naturel<\/strong> \u00a0\u00bb en compagnie du <strong>Dr jean-Christophe Charri\u00e9, m\u00e9decin g\u00e9n\u00e9raliste form\u00e9 \u00e0 la phytoth\u00e9rapie clinique qu&rsquo;il enseigne en France et \u00e0 l&rsquo;\u00e9tranger depuis 2003<\/strong>. Il est aussi co-fondateur de <a href=\"https:\/\/www.institut-endobiogenie.fr\/\"><mark style=\"background-color:rgba(0, 0, 0, 0)\" class=\"has-inline-color has-vivid-red-color\">l\u2019IEMPI<\/mark>,<\/a> l\u2019Institut d\u2019endobiog\u00e9nie qui pr\u00f4ne une m\u00e9decine int\u00e9grative plus \u00e0 l\u2019\u00e9coute des patients. Il est \u00e9galement auteur de nombreux livres best-seller sur la sant\u00e9 au naturel. Aujourd&rsquo;hui, nous allons parler des nombreux bienfaits l&rsquo;argile, parfois insoup\u00e7onn\u00e9s. D\u00e9couvrons tous les secrets de cet extraordinaire min\u00e9ral. \u00c9pisode #1<\/p>\n\n\n\n<p><strong>ATTENTION : ces informations ne remplacent en aucun cas une consultation chez le m\u00e9decin.<\/strong><\/p>\n\n\n\n<p><strong>\u00c9coutez ou r\u00e9\u00e9coutez les pr\u00e9c\u00e9dentes s\u00e9ries sant\u00e9 en 6 \u00e9pisodes avec le Dr Charri\u00e9 et ses excellents conseils.<\/strong><\/p>\n\n\n\n<p>Avec le Dr Jean-Christophe Charri\u00e9, j&rsquo;aborderai les th\u00e8mes suivants (extrait des questions) :<br><strong>Tout d\u2019abord, de quoi est compos\u00e9e l\u2019argile ?<br>Quels sont les diff\u00e9rents types d\u2019argiles ?<br>Existe-t-il des risques ou des effets secondaires associ\u00e9s \u00e0 l\u2019utilisation de l\u2019argile ?<br>De quelle mani\u00e8re fonctionne l\u2019argile dans le corps ?<br>Comment l\u2019argile peut-elle \u00eatre utilis\u00e9e pour am\u00e9liorer la sant\u00e9 de la peau ?<br>Que peut-on soigner avec l&rsquo;argile ?<br>Comment utiliser l\u2019argile en traumatologie ?<br>Et pour les infections ?<br>Quid de l\u2019argile en synergie ?<\/strong><\/p>\n\n\n\n<p><strong>Qui est mon invit\u00e9, le Dr Jean-Christophe Charri\u00e9 ?<\/strong><\/p>\n\n\n\n<p><br>Le Dr Jean-Christophe Charri\u00e9 est m\u00e9decin g\u00e9n\u00e9raliste form\u00e9 \u00e0 la phytoth\u00e9rapie clinique qu&rsquo;il enseigne en France et \u00e0 l&rsquo;\u00e9tranger depuis 2003. On peut le retrouver sur Internet pour suivre l\u2019actualit\u00e9 de L\u2019Institut d\u2019endobiog\u00e9nie pour une m\u00e9decine int\u00e9grative et pr\u00e9ventive sur le site : www.iempi.fr ainsi que trouver un m\u00e9decin form\u00e9 \u00e0 cette pratique. Retrouvez son livre \u00ab\u00a0Mes rem\u00e8des phyto\u00a0\u00bb en collaboration avec Anne Ghesqui\u00e8re aux \u00e9ditions Eyrolles.<\/p>\n\n\n\n<p><span style=\"text-decoration: underline;\">Quelques citations du podcast avec Dr Jean-Christophe Charri\u00e9<\/span> :<\/p>\n\n\n\n<p><br><strong>\u00a0\u00bb L\u2019argile est le plus petit \u00e9l\u00e9ment qui reste une fois qu\u2019une roche a \u00e9t\u00e9 \u00e9rod\u00e9e par l\u2019eau et le vent.\u00a0\u00bb<br>\u00a0\u00bb La premi\u00e8re r\u00e8gle pour les voies internes est de dissocier la prise d\u2019argile avec la prise de m\u00e9dicaments.\u00a0\u00bb<br>\u00a0\u00bb L\u2019argile est un puissant anti-inflammatoire des muqueuses.\u00a0\u00bb<\/strong><\/p>\n\n\n\n<p>\u270d\ufe0f <strong><mark style=\"background-color:rgba(0, 0, 0, 0)\" class=\"has-inline-color has-vivid-red-color\">Avertissement<\/mark> :<\/strong> Les informations pr\u00e9sent\u00e9es dans cet article sont fournies \u00e0 titre informatif uniquement et ne remplacent en aucun cas les conseils, diagnostics ou traitements m\u00e9dicaux professionnels. Consultez toujours un professionnel de sant\u00e9 qualifi\u00e9 avant de commencer tout traitement ou d\u2019apporter des modifications \u00e0 votre r\u00e9gime de sant\u00e9. Les produits de sant\u00e9 naturels mentionn\u00e9s ne sont pas destin\u00e9s \u00e0 diagnostiquer, traiter, gu\u00e9rir ou pr\u00e9venir une maladie. Planet Actus d\u00e9cline toute responsabilit\u00e9 en cas d\u2019effets ind\u00e9sirables ou de cons\u00e9quences r\u00e9sultant de l\u2019utilisation des informations ou des produits mentionn\u00e9s.<\/p>\n\n\n\n<p>\ud83d\udef8&nbsp;<a href=\"https:\/\/t.me\/ufo_planetactus_sightings\">Ufo Planet Actus Sightings Investigations<\/a>&nbsp;\ud83d\udc7d<br>\ud83e\ude90&nbsp;<a href=\"https:\/\/t.me\/planetactus\">Planet Actus&nbsp;True News Letters<\/a>&nbsp;\ud83d\uddde<br>\ud83d\udcbb&nbsp;<a href=\"https:\/\/planetactus.com\/\">Planet Actus.com<\/a>&nbsp;\ud83e\ude90<\/p>\n\n\n<div class=\"wp-block-post-author\"><div class=\"wp-block-post-author__avatar\"><img decoding=async data-opt-id=1391982141  fetchpriority=\"high\" alt='' src='\/\/www.gravatar.com\/avatar\/1f651b4ef1fc23d4d1601d6f2649258e?s=48&#038;r=g&#038;d=mm' srcset='\/\/www.gravatar.com\/avatar\/1f651b4ef1fc23d4d1601d6f2649258e?s=48&#038;r=g&#038;d=mm 2x' class='avatar avatar-48 photo' height='48' width='48' \/><\/div><div class=\"wp-block-post-author__content\"><p class=\"wp-block-post-author__byline\"><a href=\"http:\/\/planetactus.com\">planetactus<\/a><\/p><p class=\"wp-block-post-author__name\">planetactus.com<\/p><\/div><\/div>\n\n\n<p><\/p>\n<div class=\"gsp_post_data\" \r\n\t            data-post_type=\"post\" \r\n\t            data-cat=\"a-la-une,leveil,metamorphose,sante,sciences-technologies\" \r\n\t            data-modified=\"120\"\r\n\t            data-created=\"1727256201\"\r\n\t            data-title=\"Un Neuroscientifique de Renom R\u00e9v\u00e8le le Min\u00e9ral Toxique Derri\u00e8re la Perte de M\u00e9moire des Seniors (Voici Comment l\u2019\u00c9liminer D\u00e8s Maintenant)\" \r\n\t            data-home=\"https:\/\/planetactus.com\"><\/div>","protected":false},"excerpt":{"rendered":"<p>Top Neuroscientist Warns: \u00ab\u00a0This Toxic Mineral Is Behind 99.98% Of Memory Loss in Seniors.\u00a0\u00bb (Here&rsquo;s How to Flush it Out NOW) La perte de m\u00e9moire est un sujet qui touche profond\u00e9ment un grand nombre de personnes \u00e2g\u00e9es. Les \u00a0\u00bb moments d\u2019oubli \u00a0\u00bb que beaucoup attribuent au vieillissement naturel sont souvent les premiers signes d\u2019un probl\u00e8me [&hellip;]<\/p>\n","protected":false},"author":1,"featured_media":1937,"comment_status":"open","ping_status":"open","sticky":false,"template":"","format":"standard","meta":{"_bbp_topic_count":0,"_bbp_reply_count":0,"_bbp_total_topic_count":0,"_bbp_total_reply_count":0,"_bbp_voice_count":0,"_bbp_anonymous_reply_count":0,"_bbp_topic_count_hidden":0,"_bbp_reply_count_hidden":0,"_bbp_forum_subforum_count":0,"fifu_image_url":"","fifu_image_alt":"","_jetpack_memberships_contains_paid_content":false,"footnotes":"","jetpack_publicize_message":"","jetpack_publicize_feature_enabled":true,"jetpack_social_post_already_shared":false,"jetpack_social_options":{"image_generator_settings":{"template":"highway","default_image_id":0,"font":"","enabled":false},"version":2}},"categories":[19,41,98,11,17],"tags":[],"class_list":["post-1936","post","type-post","status-publish","format-standard","has-post-thumbnail","hentry","category-a-la-une","category-leveil","category-metamorphose","category-sante","category-sciences-technologies"],"featured_image_src":"https:\/\/mlrdeoj2ejbf.i.optimole.com\/cb:mvHM.4ca\/w:auto\/h:auto\/q:mauto\/f:best\/https:\/\/i0.wp.com\/planetactus.com\/wp-content\/uploads\/2024\/09\/Un-Neuroscientifique-de-Renom-Revele-le-Mineral-Toxique-Derriere-la-Perte-de-Memoire_Planet-Actus-IA-compressed.jpg?fit=1024%2C1024&ssl=1","author_info":{"display_name":"planetactus.com","author_link":"https:\/\/planetactus.com\/index.php\/author\/admin9861\/"},"yoast_head":"<!-- This site is optimized with the Yoast SEO plugin v27.5 - https:\/\/yoast.com\/product\/yoast-seo-wordpress\/ -->\n<title>Un Neuroscientifique de Renom R\u00e9v\u00e8le le Min\u00e9ral Toxique Derri\u00e8re la Perte de M\u00e9moire des Seniors (Voici Comment l\u2019\u00c9liminer D\u00e8s Maintenant) -<\/title>\n<meta name=\"description\" content=\"Dans une recherche men\u00e9e par une \u00e9quipe de neurobiologistes de la prestigieuse Harvard Medical School, il a \u00e9t\u00e9 r\u00e9v\u00e9l\u00e9 que la perte de m\u00e9moire li\u00e9e \u00e0 l\u2019\u00e2ge est principalement caus\u00e9e par l\u2019accumulation de fluorure dans la glande pin\u00e9ale du cerveau. Selon ces experts, cette minuscule glande, qui est cruciale pour la r\u00e9gulation du sommeil et la protection neuronale, se calcifie \u00e0 cause du fluorure pr\u00e9sent dans l&#039;eau potable, le dentifrice, et divers aliments. Cette accumulation emp\u00eache la production de m\u00e9latonine, une hormone essentielle pour pr\u00e9server les fonctions cognitives, entra\u00eenant ainsi un affaiblissement de la m\u00e9moire.\" class=\"yoast-seo-meta-tag\" \/>\n<meta name=\"robots\" content=\"index, follow, max-snippet:-1, max-image-preview:large, max-video-preview:-1\" \/>\n<link rel=\"canonical\" href=\"https:\/\/planetactus.com\/index.php\/2024\/09\/25\/un-neuroscientifique-de-renom-revele-le-mineral-toxique-derriere-la-perte-de-memoire-des-seniors-voici-comment-leliminer-des-maintenant\/\" class=\"yoast-seo-meta-tag\" \/>\n<meta property=\"og:locale\" content=\"fr_FR\" class=\"yoast-seo-meta-tag\" \/>\n<meta property=\"og:type\" content=\"article\" class=\"yoast-seo-meta-tag\" \/>\n<meta property=\"og:title\" content=\"Un Neuroscientifique de Renom R\u00e9v\u00e8le le Min\u00e9ral Toxique Derri\u00e8re la Perte de M\u00e9moire des Seniors (Voici Comment l\u2019\u00c9liminer D\u00e8s Maintenant)\" class=\"yoast-seo-meta-tag\" \/>\n<meta property=\"og:description\" content=\"Dans une recherche men\u00e9e par une \u00e9quipe de neurobiologistes de la prestigieuse Harvard Medical School, il a \u00e9t\u00e9 r\u00e9v\u00e9l\u00e9 que la perte de m\u00e9moire li\u00e9e \u00e0 l\u2019\u00e2ge est principalement caus\u00e9e par l\u2019accumulation de fluorure dans la glande pin\u00e9ale du cerveau. Selon ces experts, cette minuscule glande, qui est cruciale pour la r\u00e9gulation du sommeil et la protection neuronale, se calcifie \u00e0 cause du fluorure pr\u00e9sent dans l&#039;eau potable, le dentifrice, et divers aliments. Cette accumulation emp\u00eache la production de m\u00e9latonine, une hormone essentielle pour pr\u00e9server les fonctions cognitives, entra\u00eenant ainsi un affaiblissement de la m\u00e9moire.\" class=\"yoast-seo-meta-tag\" \/>\n<meta property=\"og:url\" content=\"https:\/\/planetactus.com\/index.php\/2024\/09\/25\/un-neuroscientifique-de-renom-revele-le-mineral-toxique-derriere-la-perte-de-memoire-des-seniors-voici-comment-leliminer-des-maintenant\/\" class=\"yoast-seo-meta-tag\" \/>\n<meta property=\"article:publisher\" content=\"https:\/\/www.facebook.com\/profile.php?id=61561620320740\" class=\"yoast-seo-meta-tag\" \/>\n<meta property=\"article:author\" content=\"https:\/\/www.facebook.com\/profile.php?id=61561620320740\" class=\"yoast-seo-meta-tag\" \/>\n<meta property=\"article:published_time\" content=\"2024-09-25T07:23:21+00:00\" class=\"yoast-seo-meta-tag\" \/>\n<meta property=\"article:modified_time\" content=\"2024-09-25T07:28:04+00:00\" class=\"yoast-seo-meta-tag\" \/>\n<meta property=\"og:image\" content=\"https:\/\/mlrdeoj2ejbf.i.optimole.com\/cb:mvHM.4ca\/w:auto\/h:auto\/q:mauto\/f:best\/http:\/\/planetactus.com\/wp-content\/uploads\/2024\/09\/Un-Neuroscientifique-de-Renom-Revele-le-Mineral-Toxique-Derriere-la-Perte-de-Memoire_Planet-Actus-IA-compressed.jpg\" class=\"yoast-seo-meta-tag\" \/>\n\t<meta property=\"og:image:width\" content=\"1024\" class=\"yoast-seo-meta-tag\" \/>\n\t<meta property=\"og:image:height\" content=\"1024\" class=\"yoast-seo-meta-tag\" \/>\n\t<meta property=\"og:image:type\" content=\"image\/jpeg\" class=\"yoast-seo-meta-tag\" \/>\n<meta name=\"author\" content=\"planetactus.com\" class=\"yoast-seo-meta-tag\" \/>\n<meta name=\"twitter:card\" content=\"summary_large_image\" class=\"yoast-seo-meta-tag\" \/>\n<meta name=\"twitter:title\" content=\"Un Neuroscientifique de Renom R\u00e9v\u00e8le le Min\u00e9ral Toxique Derri\u00e8re la Perte de M\u00e9moire des Seniors (Voici Comment l\u2019\u00c9liminer D\u00e8s Maintenant)\" class=\"yoast-seo-meta-tag\" \/>\n<meta name=\"twitter:creator\" content=\"@https:\/\/x.com\/PlanetActus\" class=\"yoast-seo-meta-tag\" \/>\n<meta name=\"twitter:site\" content=\"@PlanetActus\" class=\"yoast-seo-meta-tag\" \/>\n<meta name=\"twitter:label1\" content=\"\u00c9crit par\" class=\"yoast-seo-meta-tag\" \/>\n\t<meta name=\"twitter:data1\" content=\"planetactus.com\" class=\"yoast-seo-meta-tag\" \/>\n\t<meta name=\"twitter:label2\" content=\"Dur\u00e9e de lecture estim\u00e9e\" class=\"yoast-seo-meta-tag\" \/>\n\t<meta name=\"twitter:data2\" content=\"7 minutes\" class=\"yoast-seo-meta-tag\" \/>\n<script type=\"application\/ld+json\" class=\"yoast-schema-graph\">{\"@context\":\"https:\\\/\\\/schema.org\",\"@graph\":[{\"@type\":\"Article\",\"@id\":\"https:\\\/\\\/planetactus.com\\\/index.php\\\/2024\\\/09\\\/25\\\/un-neuroscientifique-de-renom-revele-le-mineral-toxique-derriere-la-perte-de-memoire-des-seniors-voici-comment-leliminer-des-maintenant\\\/#article\",\"isPartOf\":{\"@id\":\"https:\\\/\\\/planetactus.com\\\/index.php\\\/2024\\\/09\\\/25\\\/un-neuroscientifique-de-renom-revele-le-mineral-toxique-derriere-la-perte-de-memoire-des-seniors-voici-comment-leliminer-des-maintenant\\\/\"},\"author\":{\"name\":\"planetactus.com\",\"@id\":\"https:\\\/\\\/planetactus.com\\\/#\\\/schema\\\/person\\\/fbb75ac73a2424d2e176d31b021372a4\"},\"headline\":\"Un Neuroscientifique de Renom R\u00e9v\u00e8le le Min\u00e9ral Toxique Derri\u00e8re la Perte de M\u00e9moire des Seniors (Voici Comment l\u2019\u00c9liminer D\u00e8s Maintenant)\",\"datePublished\":\"2024-09-25T07:23:21+00:00\",\"dateModified\":\"2024-09-25T07:28:04+00:00\",\"mainEntityOfPage\":{\"@id\":\"https:\\\/\\\/planetactus.com\\\/index.php\\\/2024\\\/09\\\/25\\\/un-neuroscientifique-de-renom-revele-le-mineral-toxique-derriere-la-perte-de-memoire-des-seniors-voici-comment-leliminer-des-maintenant\\\/\"},\"wordCount\":1521,\"commentCount\":0,\"publisher\":{\"@id\":\"https:\\\/\\\/planetactus.com\\\/#\\\/schema\\\/person\\\/fbb75ac73a2424d2e176d31b021372a4\"},\"image\":{\"@id\":\"https:\\\/\\\/planetactus.com\\\/index.php\\\/2024\\\/09\\\/25\\\/un-neuroscientifique-de-renom-revele-le-mineral-toxique-derriere-la-perte-de-memoire-des-seniors-voici-comment-leliminer-des-maintenant\\\/#primaryimage\"},\"thumbnailUrl\":\"https:\\/\\/i0.wp.com\\/planetactus.com\\/wp-content\\/uploads\\/2024\\/09\\/Un-Neuroscientifique-de-Renom-Revele-le-Mineral-Toxique-Derriere-la-Perte-de-Memoire_Planet-Actus-IA-compressed.jpg?fit=1024%2C1024&ssl=1\",\"articleSection\":[\"A la Une\",\"L'Eveil\",\"M\u00e9tamorphose\",\"Sant\u00e9\",\"Sciences &amp; technologies\"],\"inLanguage\":\"fr-FR\",\"potentialAction\":[{\"@type\":\"CommentAction\",\"name\":\"Comment\",\"target\":[\"https:\\\/\\\/planetactus.com\\\/index.php\\\/2024\\\/09\\\/25\\\/un-neuroscientifique-de-renom-revele-le-mineral-toxique-derriere-la-perte-de-memoire-des-seniors-voici-comment-leliminer-des-maintenant\\\/#respond\"]}]},{\"@type\":\"WebPage\",\"@id\":\"https:\\\/\\\/planetactus.com\\\/index.php\\\/2024\\\/09\\\/25\\\/un-neuroscientifique-de-renom-revele-le-mineral-toxique-derriere-la-perte-de-memoire-des-seniors-voici-comment-leliminer-des-maintenant\\\/\",\"url\":\"https:\\\/\\\/planetactus.com\\\/index.php\\\/2024\\\/09\\\/25\\\/un-neuroscientifique-de-renom-revele-le-mineral-toxique-derriere-la-perte-de-memoire-des-seniors-voici-comment-leliminer-des-maintenant\\\/\",\"name\":\"Un Neuroscientifique de Renom R\u00e9v\u00e8le le Min\u00e9ral Toxique Derri\u00e8re la Perte de M\u00e9moire des Seniors (Voici Comment l\u2019\u00c9liminer D\u00e8s Maintenant) -\",\"isPartOf\":{\"@id\":\"https:\\\/\\\/planetactus.com\\\/#website\"},\"primaryImageOfPage\":{\"@id\":\"https:\\\/\\\/planetactus.com\\\/index.php\\\/2024\\\/09\\\/25\\\/un-neuroscientifique-de-renom-revele-le-mineral-toxique-derriere-la-perte-de-memoire-des-seniors-voici-comment-leliminer-des-maintenant\\\/#primaryimage\"},\"image\":{\"@id\":\"https:\\\/\\\/planetactus.com\\\/index.php\\\/2024\\\/09\\\/25\\\/un-neuroscientifique-de-renom-revele-le-mineral-toxique-derriere-la-perte-de-memoire-des-seniors-voici-comment-leliminer-des-maintenant\\\/#primaryimage\"},\"thumbnailUrl\":\"https:\\/\\/i0.wp.com\\/planetactus.com\\/wp-content\\/uploads\\/2024\\/09\\/Un-Neuroscientifique-de-Renom-Revele-le-Mineral-Toxique-Derriere-la-Perte-de-Memoire_Planet-Actus-IA-compressed.jpg?fit=1024%2C1024&ssl=1\",\"datePublished\":\"2024-09-25T07:23:21+00:00\",\"dateModified\":\"2024-09-25T07:28:04+00:00\",\"description\":\"Dans une recherche men\u00e9e par une \u00e9quipe de neurobiologistes de la prestigieuse Harvard Medical School, il a \u00e9t\u00e9 r\u00e9v\u00e9l\u00e9 que la perte de m\u00e9moire li\u00e9e \u00e0 l\u2019\u00e2ge est principalement caus\u00e9e par l\u2019accumulation de fluorure dans la glande pin\u00e9ale du cerveau. Selon ces experts, cette minuscule glande, qui est cruciale pour la r\u00e9gulation du sommeil et la protection neuronale, se calcifie \u00e0 cause du fluorure pr\u00e9sent dans l'eau potable, le dentifrice, et divers aliments. Cette accumulation emp\u00eache la production de m\u00e9latonine, une hormone essentielle pour pr\u00e9server les fonctions cognitives, entra\u00eenant ainsi un affaiblissement de la m\u00e9moire.\",\"breadcrumb\":{\"@id\":\"https:\\\/\\\/planetactus.com\\\/index.php\\\/2024\\\/09\\\/25\\\/un-neuroscientifique-de-renom-revele-le-mineral-toxique-derriere-la-perte-de-memoire-des-seniors-voici-comment-leliminer-des-maintenant\\\/#breadcrumb\"},\"inLanguage\":\"fr-FR\",\"potentialAction\":[{\"@type\":\"ReadAction\",\"target\":[\"https:\\\/\\\/planetactus.com\\\/index.php\\\/2024\\\/09\\\/25\\\/un-neuroscientifique-de-renom-revele-le-mineral-toxique-derriere-la-perte-de-memoire-des-seniors-voici-comment-leliminer-des-maintenant\\\/\"]}]},{\"@type\":\"ImageObject\",\"inLanguage\":\"fr-FR\",\"@id\":\"https:\\\/\\\/planetactus.com\\\/index.php\\\/2024\\\/09\\\/25\\\/un-neuroscientifique-de-renom-revele-le-mineral-toxique-derriere-la-perte-de-memoire-des-seniors-voici-comment-leliminer-des-maintenant\\\/#primaryimage\",\"url\":\"https:\\/\\/i0.wp.com\\/planetactus.com\\/wp-content\\/uploads\\/2024\\/09\\/Un-Neuroscientifique-de-Renom-Revele-le-Mineral-Toxique-Derriere-la-Perte-de-Memoire_Planet-Actus-IA-compressed.jpg?fit=1024%2C1024&ssl=1\",\"contentUrl\":\"https:\\/\\/i0.wp.com\\/planetactus.com\\/wp-content\\/uploads\\/2024\\/09\\/Un-Neuroscientifique-de-Renom-Revele-le-Mineral-Toxique-Derriere-la-Perte-de-Memoire_Planet-Actus-IA-compressed.jpg?fit=1024%2C1024&ssl=1\",\"width\":1024,\"height\":1024,\"caption\":\"Un-Neuroscientifique-de-Renom-Revele-le-Mineral-Toxique-Derriere-la-Perte-de-Memoire_Planet-Actus-IA-compressed.jpg\"},{\"@type\":\"BreadcrumbList\",\"@id\":\"https:\\\/\\\/planetactus.com\\\/index.php\\\/2024\\\/09\\\/25\\\/un-neuroscientifique-de-renom-revele-le-mineral-toxique-derriere-la-perte-de-memoire-des-seniors-voici-comment-leliminer-des-maintenant\\\/#breadcrumb\",\"itemListElement\":[{\"@type\":\"ListItem\",\"position\":1,\"name\":\"Accueil\",\"item\":\"https:\\\/\\\/planetactus.com\\\/\"},{\"@type\":\"ListItem\",\"position\":2,\"name\":\"Un Neuroscientifique de Renom R\u00e9v\u00e8le le Min\u00e9ral Toxique Derri\u00e8re la Perte de M\u00e9moire des Seniors (Voici Comment l\u2019\u00c9liminer D\u00e8s Maintenant)\"}]},{\"@type\":\"WebSite\",\"@id\":\"https:\\\/\\\/planetactus.com\\\/#website\",\"url\":\"https:\\\/\\\/planetactus.com\\\/\",\"name\":\"PLANET ACTUS\",\"description\":\"PLANET ACTUS\",\"publisher\":{\"@id\":\"https:\\\/\\\/planetactus.com\\\/#\\\/schema\\\/person\\\/fbb75ac73a2424d2e176d31b021372a4\"},\"potentialAction\":[{\"@type\":\"SearchAction\",\"target\":{\"@type\":\"EntryPoint\",\"urlTemplate\":\"https:\\\/\\\/planetactus.com\\\/?s={search_term_string}\"},\"query-input\":{\"@type\":\"PropertyValueSpecification\",\"valueRequired\":true,\"valueName\":\"search_term_string\"}}],\"inLanguage\":\"fr-FR\"},{\"@type\":[\"Person\",\"Organization\"],\"@id\":\"https:\\\/\\\/planetactus.com\\\/#\\\/schema\\\/person\\\/fbb75ac73a2424d2e176d31b021372a4\",\"name\":\"planetactus.com\",\"image\":{\"@type\":\"ImageObject\",\"inLanguage\":\"fr-FR\",\"@id\":\"https:\\/\\/i0.wp.com\\/planetactus.com\\/wp-content\\/uploads\\/2024\\/07\\/cropped-2-Planet-Actus-Banniere-02a.jpg?fit=1189%2C365&ssl=1\",\"url\":\"https:\\/\\/i0.wp.com\\/planetactus.com\\/wp-content\\/uploads\\/2024\\/07\\/cropped-2-Planet-Actus-Banniere-02a.jpg?fit=1189%2C365&ssl=1\",\"contentUrl\":\"https:\\/\\/i0.wp.com\\/planetactus.com\\/wp-content\\/uploads\\/2024\\/07\\/cropped-2-Planet-Actus-Banniere-02a.jpg?fit=1189%2C365&ssl=1\",\"width\":1189,\"height\":365,\"caption\":\"planetactus.com\"},\"logo\":{\"@id\":\"https:\\/\\/i0.wp.com\\/planetactus.com\\/wp-content\\/uploads\\/2024\\/07\\/cropped-2-Planet-Actus-Banniere-02a.jpg?fit=1189%2C365&ssl=1\"},\"sameAs\":[\"http:\\\/\\\/planetactus.com\",\"https:\\\/\\\/www.facebook.com\\\/profile.php?id=61561620320740\",\"https:\\\/\\\/x.com\\\/https:\\\/\\\/x.com\\\/PlanetActus\",\"https:\\\/\\\/www.youtube.com\\\/@PlanetActus\"],\"url\":\"https:\\\/\\\/planetactus.com\\\/index.php\\\/author\\\/admin9861\\\/\"}]}<\/script>\n<!-- \/ Yoast SEO plugin. -->","yoast_head_json":{"title":"Un Neuroscientifique de Renom R\u00e9v\u00e8le le Min\u00e9ral Toxique Derri\u00e8re la Perte de M\u00e9moire des Seniors (Voici Comment l\u2019\u00c9liminer D\u00e8s Maintenant) -","description":"Dans une recherche men\u00e9e par une \u00e9quipe de neurobiologistes de la prestigieuse Harvard Medical School, il a \u00e9t\u00e9 r\u00e9v\u00e9l\u00e9 que la perte de m\u00e9moire li\u00e9e \u00e0 l\u2019\u00e2ge est principalement caus\u00e9e par l\u2019accumulation de fluorure dans la glande pin\u00e9ale du cerveau. Selon ces experts, cette minuscule glande, qui est cruciale pour la r\u00e9gulation du sommeil et la protection neuronale, se calcifie \u00e0 cause du fluorure pr\u00e9sent dans l'eau potable, le dentifrice, et divers aliments. Cette accumulation emp\u00eache la production de m\u00e9latonine, une hormone essentielle pour pr\u00e9server les fonctions cognitives, entra\u00eenant ainsi un affaiblissement de la m\u00e9moire.","robots":{"index":"index","follow":"follow","max-snippet":"max-snippet:-1","max-image-preview":"max-image-preview:large","max-video-preview":"max-video-preview:-1"},"canonical":"https:\/\/planetactus.com\/index.php\/2024\/09\/25\/un-neuroscientifique-de-renom-revele-le-mineral-toxique-derriere-la-perte-de-memoire-des-seniors-voici-comment-leliminer-des-maintenant\/","og_locale":"fr_FR","og_type":"article","og_title":"Un Neuroscientifique de Renom R\u00e9v\u00e8le le Min\u00e9ral Toxique Derri\u00e8re la Perte de M\u00e9moire des Seniors (Voici Comment l\u2019\u00c9liminer D\u00e8s Maintenant)","og_description":"Dans une recherche men\u00e9e par une \u00e9quipe de neurobiologistes de la prestigieuse Harvard Medical School, il a \u00e9t\u00e9 r\u00e9v\u00e9l\u00e9 que la perte de m\u00e9moire li\u00e9e \u00e0 l\u2019\u00e2ge est principalement caus\u00e9e par l\u2019accumulation de fluorure dans la glande pin\u00e9ale du cerveau. Selon ces experts, cette minuscule glande, qui est cruciale pour la r\u00e9gulation du sommeil et la protection neuronale, se calcifie \u00e0 cause du fluorure pr\u00e9sent dans l'eau potable, le dentifrice, et divers aliments. Cette accumulation emp\u00eache la production de m\u00e9latonine, une hormone essentielle pour pr\u00e9server les fonctions cognitives, entra\u00eenant ainsi un affaiblissement de la m\u00e9moire.","og_url":"https:\/\/planetactus.com\/index.php\/2024\/09\/25\/un-neuroscientifique-de-renom-revele-le-mineral-toxique-derriere-la-perte-de-memoire-des-seniors-voici-comment-leliminer-des-maintenant\/","article_publisher":"https:\/\/www.facebook.com\/profile.php?id=61561620320740","article_author":"https:\/\/www.facebook.com\/profile.php?id=61561620320740","article_published_time":"2024-09-25T07:23:21+00:00","article_modified_time":"2024-09-25T07:28:04+00:00","og_image":[{"width":1024,"height":1024,"url":"https:\/\/mlrdeoj2ejbf.i.optimole.com\/cb:mvHM.4ca\/w:auto\/h:auto\/q:mauto\/f:best\/http:\/\/planetactus.com\/wp-content\/uploads\/2024\/09\/Un-Neuroscientifique-de-Renom-Revele-le-Mineral-Toxique-Derriere-la-Perte-de-Memoire_Planet-Actus-IA-compressed.jpg","type":"image\/jpeg"}],"author":"planetactus.com","twitter_card":"summary_large_image","twitter_title":"Un Neuroscientifique de Renom R\u00e9v\u00e8le le Min\u00e9ral Toxique Derri\u00e8re la Perte de M\u00e9moire des Seniors (Voici Comment l\u2019\u00c9liminer D\u00e8s Maintenant)","twitter_creator":"@https:\/\/x.com\/PlanetActus","twitter_site":"@PlanetActus","twitter_misc":{"\u00c9crit par":"planetactus.com","Dur\u00e9e de lecture estim\u00e9e":"7 minutes"},"schema":{"@context":"https:\/\/schema.org","@graph":[{"@type":"Article","@id":"https:\/\/planetactus.com\/index.php\/2024\/09\/25\/un-neuroscientifique-de-renom-revele-le-mineral-toxique-derriere-la-perte-de-memoire-des-seniors-voici-comment-leliminer-des-maintenant\/#article","isPartOf":{"@id":"https:\/\/planetactus.com\/index.php\/2024\/09\/25\/un-neuroscientifique-de-renom-revele-le-mineral-toxique-derriere-la-perte-de-memoire-des-seniors-voici-comment-leliminer-des-maintenant\/"},"author":{"name":"planetactus.com","@id":"https:\/\/planetactus.com\/#\/schema\/person\/fbb75ac73a2424d2e176d31b021372a4"},"headline":"Un Neuroscientifique de Renom R\u00e9v\u00e8le le Min\u00e9ral Toxique Derri\u00e8re la Perte de M\u00e9moire des Seniors (Voici Comment l\u2019\u00c9liminer D\u00e8s Maintenant)","datePublished":"2024-09-25T07:23:21+00:00","dateModified":"2024-09-25T07:28:04+00:00","mainEntityOfPage":{"@id":"https:\/\/planetactus.com\/index.php\/2024\/09\/25\/un-neuroscientifique-de-renom-revele-le-mineral-toxique-derriere-la-perte-de-memoire-des-seniors-voici-comment-leliminer-des-maintenant\/"},"wordCount":1521,"commentCount":0,"publisher":{"@id":"https:\/\/planetactus.com\/#\/schema\/person\/fbb75ac73a2424d2e176d31b021372a4"},"image":{"@id":"https:\/\/planetactus.com\/index.php\/2024\/09\/25\/un-neuroscientifique-de-renom-revele-le-mineral-toxique-derriere-la-perte-de-memoire-des-seniors-voici-comment-leliminer-des-maintenant\/#primaryimage"},"thumbnailUrl":"https:\/\/mlrdeoj2ejbf.i.optimole.com\/cb:mvHM.4ca\/w:auto\/h:auto\/q:mauto\/f:best\/https:\/\/i0.wp.com\/planetactus.com\/wp-content\/uploads\/2024\/09\/Un-Neuroscientifique-de-Renom-Revele-le-Mineral-Toxique-Derriere-la-Perte-de-Memoire_Planet-Actus-IA-compressed.jpg?fit=1024%2C1024&ssl=1","articleSection":["A la Une","L'Eveil","M\u00e9tamorphose","Sant\u00e9","Sciences &amp; technologies"],"inLanguage":"fr-FR","potentialAction":[{"@type":"CommentAction","name":"Comment","target":["https:\/\/planetactus.com\/index.php\/2024\/09\/25\/un-neuroscientifique-de-renom-revele-le-mineral-toxique-derriere-la-perte-de-memoire-des-seniors-voici-comment-leliminer-des-maintenant\/#respond"]}]},{"@type":"WebPage","@id":"https:\/\/planetactus.com\/index.php\/2024\/09\/25\/un-neuroscientifique-de-renom-revele-le-mineral-toxique-derriere-la-perte-de-memoire-des-seniors-voici-comment-leliminer-des-maintenant\/","url":"https:\/\/planetactus.com\/index.php\/2024\/09\/25\/un-neuroscientifique-de-renom-revele-le-mineral-toxique-derriere-la-perte-de-memoire-des-seniors-voici-comment-leliminer-des-maintenant\/","name":"Un Neuroscientifique de Renom R\u00e9v\u00e8le le Min\u00e9ral Toxique Derri\u00e8re la Perte de M\u00e9moire des Seniors (Voici Comment l\u2019\u00c9liminer D\u00e8s Maintenant) -","isPartOf":{"@id":"https:\/\/planetactus.com\/#website"},"primaryImageOfPage":{"@id":"https:\/\/planetactus.com\/index.php\/2024\/09\/25\/un-neuroscientifique-de-renom-revele-le-mineral-toxique-derriere-la-perte-de-memoire-des-seniors-voici-comment-leliminer-des-maintenant\/#primaryimage"},"image":{"@id":"https:\/\/planetactus.com\/index.php\/2024\/09\/25\/un-neuroscientifique-de-renom-revele-le-mineral-toxique-derriere-la-perte-de-memoire-des-seniors-voici-comment-leliminer-des-maintenant\/#primaryimage"},"thumbnailUrl":"https:\/\/mlrdeoj2ejbf.i.optimole.com\/cb:mvHM.4ca\/w:auto\/h:auto\/q:mauto\/f:best\/https:\/\/i0.wp.com\/planetactus.com\/wp-content\/uploads\/2024\/09\/Un-Neuroscientifique-de-Renom-Revele-le-Mineral-Toxique-Derriere-la-Perte-de-Memoire_Planet-Actus-IA-compressed.jpg?fit=1024%2C1024&ssl=1","datePublished":"2024-09-25T07:23:21+00:00","dateModified":"2024-09-25T07:28:04+00:00","description":"Dans une recherche men\u00e9e par une \u00e9quipe de neurobiologistes de la prestigieuse Harvard Medical School, il a \u00e9t\u00e9 r\u00e9v\u00e9l\u00e9 que la perte de m\u00e9moire li\u00e9e \u00e0 l\u2019\u00e2ge est principalement caus\u00e9e par l\u2019accumulation de fluorure dans la glande pin\u00e9ale du cerveau. Selon ces experts, cette minuscule glande, qui est cruciale pour la r\u00e9gulation du sommeil et la protection neuronale, se calcifie \u00e0 cause du fluorure pr\u00e9sent dans l'eau potable, le dentifrice, et divers aliments. Cette accumulation emp\u00eache la production de m\u00e9latonine, une hormone essentielle pour pr\u00e9server les fonctions cognitives, entra\u00eenant ainsi un affaiblissement de la m\u00e9moire.","breadcrumb":{"@id":"https:\/\/planetactus.com\/index.php\/2024\/09\/25\/un-neuroscientifique-de-renom-revele-le-mineral-toxique-derriere-la-perte-de-memoire-des-seniors-voici-comment-leliminer-des-maintenant\/#breadcrumb"},"inLanguage":"fr-FR","potentialAction":[{"@type":"ReadAction","target":["https:\/\/planetactus.com\/index.php\/2024\/09\/25\/un-neuroscientifique-de-renom-revele-le-mineral-toxique-derriere-la-perte-de-memoire-des-seniors-voici-comment-leliminer-des-maintenant\/"]}]},{"@type":"ImageObject","inLanguage":"fr-FR","@id":"https:\/\/planetactus.com\/index.php\/2024\/09\/25\/un-neuroscientifique-de-renom-revele-le-mineral-toxique-derriere-la-perte-de-memoire-des-seniors-voici-comment-leliminer-des-maintenant\/#primaryimage","url":"https:\/\/mlrdeoj2ejbf.i.optimole.com\/cb:mvHM.4ca\/w:auto\/h:auto\/q:mauto\/f:best\/https:\/\/i0.wp.com\/planetactus.com\/wp-content\/uploads\/2024\/09\/Un-Neuroscientifique-de-Renom-Revele-le-Mineral-Toxique-Derriere-la-Perte-de-Memoire_Planet-Actus-IA-compressed.jpg?fit=1024%2C1024&ssl=1","contentUrl":"https:\/\/mlrdeoj2ejbf.i.optimole.com\/cb:mvHM.4ca\/w:auto\/h:auto\/q:mauto\/f:best\/https:\/\/i0.wp.com\/planetactus.com\/wp-content\/uploads\/2024\/09\/Un-Neuroscientifique-de-Renom-Revele-le-Mineral-Toxique-Derriere-la-Perte-de-Memoire_Planet-Actus-IA-compressed.jpg?fit=1024%2C1024&ssl=1","width":1024,"height":1024,"caption":"Un-Neuroscientifique-de-Renom-Revele-le-Mineral-Toxique-Derriere-la-Perte-de-Memoire_Planet-Actus-IA-compressed.jpg"},{"@type":"BreadcrumbList","@id":"https:\/\/planetactus.com\/index.php\/2024\/09\/25\/un-neuroscientifique-de-renom-revele-le-mineral-toxique-derriere-la-perte-de-memoire-des-seniors-voici-comment-leliminer-des-maintenant\/#breadcrumb","itemListElement":[{"@type":"ListItem","position":1,"name":"Accueil","item":"https:\/\/planetactus.com\/"},{"@type":"ListItem","position":2,"name":"Un Neuroscientifique de Renom R\u00e9v\u00e8le le Min\u00e9ral Toxique Derri\u00e8re la Perte de M\u00e9moire des Seniors (Voici Comment l\u2019\u00c9liminer D\u00e8s Maintenant)"}]},{"@type":"WebSite","@id":"https:\/\/planetactus.com\/#website","url":"https:\/\/planetactus.com\/","name":"PLANET ACTUS","description":"PLANET ACTUS","publisher":{"@id":"https:\/\/planetactus.com\/#\/schema\/person\/fbb75ac73a2424d2e176d31b021372a4"},"potentialAction":[{"@type":"SearchAction","target":{"@type":"EntryPoint","urlTemplate":"https:\/\/planetactus.com\/?s={search_term_string}"},"query-input":{"@type":"PropertyValueSpecification","valueRequired":true,"valueName":"search_term_string"}}],"inLanguage":"fr-FR"},{"@type":["Person","Organization"],"@id":"https:\/\/planetactus.com\/#\/schema\/person\/fbb75ac73a2424d2e176d31b021372a4","name":"planetactus.com","image":{"@type":"ImageObject","inLanguage":"fr-FR","@id":"https:\/\/mlrdeoj2ejbf.i.optimole.com\/cb:mvHM.4ca\/w:auto\/h:auto\/q:mauto\/f:best\/https:\/\/i0.wp.com\/planetactus.com\/wp-content\/uploads\/2024\/07\/cropped-2-Planet-Actus-Banniere-02a.jpg?fit=1189%2C365&ssl=1","url":"https:\/\/mlrdeoj2ejbf.i.optimole.com\/cb:mvHM.4ca\/w:auto\/h:auto\/q:mauto\/f:best\/https:\/\/i0.wp.com\/planetactus.com\/wp-content\/uploads\/2024\/07\/cropped-2-Planet-Actus-Banniere-02a.jpg?fit=1189%2C365&ssl=1","contentUrl":"https:\/\/mlrdeoj2ejbf.i.optimole.com\/cb:mvHM.4ca\/w:auto\/h:auto\/q:mauto\/f:best\/https:\/\/i0.wp.com\/planetactus.com\/wp-content\/uploads\/2024\/07\/cropped-2-Planet-Actus-Banniere-02a.jpg?fit=1189%2C365&ssl=1","width":1189,"height":365,"caption":"planetactus.com"},"logo":{"@id":"https:\/\/mlrdeoj2ejbf.i.optimole.com\/cb:mvHM.4ca\/w:auto\/h:auto\/q:mauto\/f:best\/https:\/\/i0.wp.com\/planetactus.com\/wp-content\/uploads\/2024\/07\/cropped-2-Planet-Actus-Banniere-02a.jpg?fit=1189%2C365&ssl=1"},"sameAs":["http:\/\/planetactus.com","https:\/\/www.facebook.com\/profile.php?id=61561620320740","https:\/\/x.com\/https:\/\/x.com\/PlanetActus","https:\/\/www.youtube.com\/@PlanetActus"],"url":"https:\/\/planetactus.com\/index.php\/author\/admin9861\/"}]}},"jetpack_publicize_connections":[],"jetpack_featured_media_url":"https:\/\/mlrdeoj2ejbf.i.optimole.com\/cb:mvHM.4ca\/w:auto\/h:auto\/q:mauto\/f:best\/https:\/\/i0.wp.com\/planetactus.com\/wp-content\/uploads\/2024\/09\/Un-Neuroscientifique-de-Renom-Revele-le-Mineral-Toxique-Derriere-la-Perte-de-Memoire_Planet-Actus-IA-compressed.jpg?fit=1024%2C1024&ssl=1","jetpack_sharing_enabled":true,"_links":{"self":[{"href":"https:\/\/planetactus.com\/index.php\/wp-json\/wp\/v2\/posts\/1936","targetHints":{"allow":["GET"]}}],"collection":[{"href":"https:\/\/planetactus.com\/index.php\/wp-json\/wp\/v2\/posts"}],"about":[{"href":"https:\/\/planetactus.com\/index.php\/wp-json\/wp\/v2\/types\/post"}],"author":[{"embeddable":true,"href":"https:\/\/planetactus.com\/index.php\/wp-json\/wp\/v2\/users\/1"}],"replies":[{"embeddable":true,"href":"https:\/\/planetactus.com\/index.php\/wp-json\/wp\/v2\/comments?post=1936"}],"version-history":[{"count":4,"href":"https:\/\/planetactus.com\/index.php\/wp-json\/wp\/v2\/posts\/1936\/revisions"}],"predecessor-version":[{"id":1942,"href":"https:\/\/planetactus.com\/index.php\/wp-json\/wp\/v2\/posts\/1936\/revisions\/1942"}],"wp:featuredmedia":[{"embeddable":true,"href":"https:\/\/planetactus.com\/index.php\/wp-json\/wp\/v2\/media\/1937"}],"wp:attachment":[{"href":"https:\/\/planetactus.com\/index.php\/wp-json\/wp\/v2\/media?parent=1936"}],"wp:term":[{"taxonomy":"category","embeddable":true,"href":"https:\/\/planetactus.com\/index.php\/wp-json\/wp\/v2\/categories?post=1936"},{"taxonomy":"post_tag","embeddable":true,"href":"https:\/\/planetactus.com\/index.php\/wp-json\/wp\/v2\/tags?post=1936"}],"curies":[{"name":"wp","href":"https:\/\/api.w.org\/{rel}","templated":true}]}}