{"id":2051,"date":"2024-10-03T18:22:25","date_gmt":"2024-10-03T16:22:25","guid":{"rendered":"https:\/\/planetactus.com\/?p=2051"},"modified":"2024-10-03T18:32:23","modified_gmt":"2024-10-03T16:32:23","slug":"trafic-humain-une-offensive-majeure-des-forces-de-lordre-fait-trembler-les-reseaux-clandestins","status":"publish","type":"post","link":"https:\/\/planetactus.com\/index.php\/2024\/10\/03\/trafic-humain-une-offensive-majeure-des-forces-de-lordre-fait-trembler-les-reseaux-clandestins\/","title":{"rendered":"Trafic Humain : Une Offensive Majeure des Forces de l\u2019Ordre fait Trembler les R\u00e9seaux Clandestins."},"content":{"rendered":"\n<p>\ud83d\udd78 <strong>Un coup de filet sans pr\u00e9c\u00e9dent a secou\u00e9 la Californie, orchestr\u00e9 par le Bureau du Sh\u00e9rif du comt\u00e9 de Sacramento, dans le cadre de l\u2019op\u00e9ration FAFO, visant \u00e0 d\u00e9manteler un vaste r\u00e9seau de trafic d&rsquo;\u00eatres humains. Plus de 100 arrestations ont eu lieu, marquant un tournant dans la lutte contre la traite et l\u2019exploitation sexuelle, en particulier des mineurs. En seulement deux jours, les forces de l\u2019ordre ont men\u00e9 une offensive m\u00e9ticuleusement planifi\u00e9e, infiltrant les r\u00e9seaux clandestins et Lib\u00e9rant deux jeunes victimes \u00e2g\u00e9es de 16 Ans.<\/strong> \u23f0\ufe0f<\/p>\n\n\n\n<p>\ud83d\udccc <strong>Cette action coup de poing n\u2019est pas un incident isol\u00e9, mais s\u2019inscrit dans une strat\u00e9gie coordonn\u00e9e entre plusieurs agences. Les agents, se faisant passer pour des acheteurs et des vendeurs, ont cibl\u00e9 des individus impliqu\u00e9s dans des activit\u00e9s ill\u00e9gales de prostitution et de trafic sexuel<\/strong>. <span style=\"text-decoration: underline;\">Leur objectif principal <\/span><strong>\u00e9tait de mettre un terme \u00e0 l\u2019exploitation des plus vuln\u00e9rables, \u00e0 savoir des jeunes femmes et mineures forc\u00e9es dans le Commerce Sexuel.<\/strong><\/p>\n\n\n\n<p><strong><mark style=\"background-color:rgba(0, 0, 0, 0)\" class=\"has-inline-color has-vivid-red-color\">Un R\u00e9seau Multilat\u00e9ral pour une Op\u00e9ration Implacable.<\/mark><\/strong><\/p>\n\n\n\n<p><strong>Ce qui distingue cette op\u00e9ration, c\u2019est la collaboration sans pr\u00e9c\u00e9dent entre diverses unit\u00e9s sp\u00e9cialis\u00e9es, y compris les \u00e9quipes du Bureau des Enqu\u00eates Sp\u00e9ciales (SIB), le D\u00e9partement de Police de Rancho Cordova et la California Highway Patrol. L\u2019utilisation de drones, ainsi que des outils d\u2019intelligence avanc\u00e9s, a permis d\u2019optimiser les interventions sur le terrain et de s\u00e9curiser les victimes. Des organismes comme Drive for Impact et le Sacramento Family Justice Center ont \u00e9galement jou\u00e9 un r\u00f4le crucial en offrant imm\u00e9diatement des ressources aux personnes secourues.<\/strong><\/p>\n\n\n\n<p><strong>L\u2019arrestation de plus de 100 suspects li\u00e9s \u00e0 la prostitution et au trafic d&rsquo;\u00eatres humains envoie un signal fort. Il ne s\u2019agit pas seulement de faire tomber des criminels, mais de d\u00e9montrer la d\u00e9termination des autorit\u00e9s \u00e0 prot\u00e9ger les citoyens les plus vuln\u00e9rables, en particulier les mineurs, contre les griffes du trafic sexuel.<\/strong><\/p>\n\n\n\n<p><strong><mark style=\"background-color:rgba(0, 0, 0, 0)\" class=\"has-inline-color has-vivid-red-color\">La Voix des Victimes et la Lutte In\u00e9branlable des Forces de l\u2019Ordre.<\/mark><\/strong><\/p>\n\n\n\n<p>Les deux jeunes adolescentes lib\u00e9r\u00e9es lors de cette op\u00e9ration ont \u00e9t\u00e9 plac\u00e9es sous la protection des services d\u2019assistance et entament maintenant un processus de r\u00e9habilitation. Le Sh\u00e9rif Cooper, chef de file de l&rsquo;op\u00e9ration, a salu\u00e9 <strong>le succ\u00e8s de la mission<\/strong>, d\u00e9clarant : \u00ab <strong>Cette op\u00e9ration envoie un message clair : nous ne tol\u00e9rerons aucune forme d\u2019exploitation dans notre communaut\u00e9, en particulier contre nos enfants<\/strong>. \u00bb.<\/p>\n\n\n\n<p>La lutte contre la traite d\u2019\u00eatres humains ne s&rsquo;arr\u00eate pas \u00e0 une simple arrestation de masse. <strong>Cette bataille est un combat quotidien pour les forces de l\u2019ordre et les organisations humanitaires<\/strong>. \u00c0 travers des actions concert\u00e9es comme celle-ci, <strong>un v\u00e9ritable espoir rena\u00eet pour les victimes, autrefois invisibles et silencieuses, maintenant Entendues et Prot\u00e9g\u00e9es.<\/strong><\/p>\n\n\n\n<p><strong><mark style=\"background-color:rgba(0, 0, 0, 0)\" class=\"has-inline-color has-vivid-red-color\">Conclusion : Un Combat Permanent.<\/mark><\/strong><\/p>\n\n\n\n<p><span style=\"text-decoration: underline;\">L&rsquo;op\u00e9ration FAFO a ouvert une nouvelle \u00e8re dans la lutte contre le trafic d&rsquo;\u00eatres humains<\/span>, prouvant que, <strong>gr\u00e2ce \u00e0 des efforts collaboratifs, la justice peut pr\u00e9valoir<\/strong>. Les autorit\u00e9s <span style=\"text-decoration: underline;\">exhortent la population \u00e0 rester vigilante et \u00e0 signaler toute activit\u00e9 suspecte li\u00e9e au trafic humain<\/span>. Alors que la guerre contre cette industrie macabre continue, l\u2019op\u00e9ration FAFO est un rappel brutal que personne n&rsquo;est \u00e0 l\u2019abri des cons\u00e9quences de ce fl\u00e9au, <strong>mais qu\u2019ensemble, nous pouvons \u00e9radiquer l\u2019exploitation humaine.<\/strong><\/p>\n\n\n\n<p><strong>En ces temps troubl\u00e9s, une chose est certaine : la lumi\u00e8re sera toujours faite sur l\u2019obscurit\u00e9, et chaque arrestation rapproche un peu plus le monde de la justice pour tous.<\/strong><\/p>\n\n\n\n<p><span style=\"text-decoration: underline;\">En savoir plus<\/span> :<\/p>\n\n\n\n<p><a>\u270d\ufe0f&nbsp;<\/a><strong>The Op\u00e9ration FAFO Cracks Down | L\u2019Op\u00e9ration FAFO.<\/strong><\/p>\n\n\n\n<p><strong>Une op\u00e9ration d&rsquo;infiltration multi-agences contre la traite des \u00eatres humains et la prostitution, men\u00e9e par le bureau du sh\u00e9rif du comt\u00e9 de Sacramento, a abouti \u00e0 l&rsquo;arrestation de plus de 100 personnes et au sauvetage de deux mineurs de l&rsquo;industrie du sexe. L&rsquo;op\u00e9ration, qui s&rsquo;est d\u00e9roul\u00e9e sur deux jours, s&rsquo;inscrit dans le cadre des efforts d\u00e9ploy\u00e9s pour lutter contre la traite et l&rsquo;exploitation des \u00eatres humains dans le comt\u00e9 de Sacramento.<\/strong><\/p>\n\n\n\n<p><strong>Au cours de l&rsquo;op\u00e9ration, les forces de l&rsquo;ordre ont arr\u00eat\u00e9 plus de 100 personnes et sauv\u00e9 deux mineurs du commerce du sexe.<\/strong><\/p>\n\n\n\n<p><strong>Le sh\u00e9rif Cooper s&rsquo;est f\u00e9licit\u00e9 du succ\u00e8s de l&rsquo;op\u00e9ration en d\u00e9clarant <\/strong>: <em> \u00a0\u00bb Ce coup de filet envoie un message clair aux personnes impliqu\u00e9es dans le commerce ill\u00e9gal du sexe : nous sommes d\u00e9termin\u00e9s \u00e0 prot\u00e9ger notre communaut\u00e9 contre l&rsquo;exploitation, en particulier les plus vuln\u00e9rables. La traite des \u00eatres humains, en particulier l&rsquo;exploitation des mineurs, est un crime grave, et nous continuerons \u00e0 travailler sans rel\u00e2che pour rendre justice aux victimes \u00ab\u00a0.<\/em><\/p>\n\n\n\n<figure class=\"wp-block-embed aligncenter is-type-video is-provider-youtube wp-block-embed-youtube wp-embed-aspect-16-9 wp-has-aspect-ratio\"><div class=\"wp-block-embed__wrapper\">\n<iframe  id=\"_ytid_78654\"  width=\"640\" height=\"360\"  data-origwidth=\"640\" data-origheight=\"360\" src=\"https:\/\/www.youtube.com\/embed\/9W14_wfaoOE?enablejsapi=1&#038;autoplay=0&#038;cc_load_policy=0&#038;cc_lang_pref=&#038;iv_load_policy=1&#038;loop=0&#038;rel=1&#038;fs=1&#038;playsinline=0&#038;autohide=2&#038;theme=dark&#038;color=red&#038;controls=1&#038;disablekb=0&#038;\" class=\"__youtube_prefs__  epyt-is-override  no-lazyload\" title=\"YouTube player\"  allow=\"fullscreen; accelerometer; autoplay; clipboard-write; encrypted-media; gyroscope; picture-in-picture; web-share\" referrerpolicy=\"strict-origin-when-cross-origin\" allowfullscreen data-no-lazy=\"1\" data-skipgform_ajax_framebjll=\"\"><\/iframe>\n<\/div><figcaption class=\"wp-element-caption\"><a href=\"https:\/\/www.youtube.com\/@sacramentosheriff\">Sacramento Sheriff.<\/a><\/figcaption><\/figure>\n\n\n\n<p><strong>Les d\u00e9tectives du Bureau des enqu\u00eates sp\u00e9ciales du bureau du sh\u00e9rif<\/strong> (SIB)<strong> ont collabor\u00e9 avec le Nord, le Sud et l&rsquo;Est<\/strong>, <strong>ainsi qu&rsquo;avec les \u00e9quipes de police orient\u00e9es de police (POP) du D\u00e9partement de police de la police de Rancho Cordova, le projet de travail du sh\u00e9rif<\/strong>, le <a href=\"https:\/\/www.google.com\/search?client=firefox-b-d&amp;q=Secureti+County+Special+Enforcement+Detail+%28SED%29\"><mark style=\"background-color:rgba(0, 0, 0, 0)\" class=\"has-inline-color has-vivid-red-color\">Secureti County Special Enforcement Detail (SED)<\/mark><\/a>, le <a href=\"https:\/\/www.google.com\/search?client=firefox-b-d&amp;q=Rancho+Cordova+Police+Crime+Suppression+Unit+%28CSU%29\"><mark style=\"background-color:rgba(0, 0, 0, 0)\" class=\"has-inline-color has-vivid-red-color\">Rancho Cordova Police Crime Suppression Unit (CSU)<\/mark><\/a>, le <a href=\"https:\/\/www.google.com\/search?client=firefox-b-d&amp;sca_esv=50e2a27dfa38a3d4&amp;sxsrf=ADLYWIIG6uCi9ZMYKNLIb1tab3n3rUKDXg:1727961472082&amp;q=Sh%C3%A9rif+Impact+et+le+Sacramento+Family+Justice+Center&amp;spell=1&amp;sa=X&amp;ved=2ahUKEwi7o-qNpvKIAxXmcaQEHVeTGyUQBSgAegQIChAB&amp;biw=1536&amp;bih=703&amp;dpr=1.25\"><mark style=\"background-color:rgba(0, 0, 0, 0)\" class=\"has-inline-color has-vivid-red-color\">Sh\u00e9rif Impact et le Sacramento Family Justice Center<\/mark><\/a> <strong>pour faire de cette op\u00e9ration un succ\u00e8s. L&rsquo;\u00e9quipe a utilis\u00e9 des ressources non conventionnelles, y compris la technologie des drones, la collecte de renseignements et les ressources facilement disponibles pour les victimes, pour assurer le succ\u00e8s de l&rsquo;op\u00e9ration.<\/strong><\/p>\n\n\n\n<p>\ud83d\udca1 <strong>Si vous ou quelqu\u2019un que vous connaissez \u00eates victime de la traite des \u00eatres humains, veuillez contacter le Bureau du Sh\u00e9rif au 916-874-5115 pour obtenir de l\u2019Aide et des Ressources.<\/strong><\/p>\n\n\n\n<p><span style=\"text-decoration: underline;\">Tu pourrais aussi aimer<\/span> : <strong>Karl Z\u00e9ro Absolu<\/strong>.<\/p>\n\n\n\n<p>\u25a0 <strong>Trafic sexuel : au Coeur du R\u00e9seau<\/strong>.<\/p>\n\n\n\n<figure class=\"wp-block-embed is-type-video is-provider-youtube wp-block-embed-youtube wp-embed-aspect-16-9 wp-has-aspect-ratio\"><div class=\"wp-block-embed__wrapper\">\n<iframe  id=\"_ytid_11286\"  width=\"640\" height=\"360\"  data-origwidth=\"640\" data-origheight=\"360\" src=\"https:\/\/www.youtube.com\/embed\/_tse2WPR-l8?enablejsapi=1&#038;autoplay=0&#038;cc_load_policy=0&#038;cc_lang_pref=&#038;iv_load_policy=1&#038;loop=0&#038;rel=1&#038;fs=1&#038;playsinline=0&#038;autohide=2&#038;theme=dark&#038;color=red&#038;controls=1&#038;disablekb=0&#038;\" class=\"__youtube_prefs__  epyt-is-override  no-lazyload\" title=\"YouTube player\"  allow=\"fullscreen; accelerometer; autoplay; clipboard-write; encrypted-media; gyroscope; picture-in-picture; web-share\" referrerpolicy=\"strict-origin-when-cross-origin\" allowfullscreen data-no-lazy=\"1\" data-skipgform_ajax_framebjll=\"\"><\/iframe>\n<\/div><figcaption class=\"wp-element-caption\">Karl Z\u00e9ro Absolu.<\/figcaption><\/figure>\n\n\n\n<p>\u25a0 <strong>J&rsquo;ai interview\u00e9 Marc Dutroux <\/strong>: <strong>l&rsquo;Envers des Affaires N\u00b012&#8230; Ce n&rsquo;est pas un num\u00e9ro banal, loin de l\u00e0&#8230;Pour la premi\u00e8re fois depuis 28 ans, Marc Dutroux parle depuis sa prison, et r\u00e9pond \u00e0 la seule question qui vaille : \u00e9tait-il un \u00ab\u00a0pr\u00e9dateur isol\u00e9\u00a0\u00bb ou agissait-il pour le compte de commanditaires ?<\/strong><\/p>\n\n\n\n<p>\u25a0 <strong>Professeur Perronne <\/strong>: \u00a0\u00bb <strong>Et dire que je croyais qu&rsquo;on vivait en d\u00e9mocratie ! \u00a0\u00bb : Voil\u00e0 encore un formidable h\u00e9ros fran\u00e7ais: lynch\u00e9 par les m\u00e9dias, l\u00e2ch\u00e9 par ses coll\u00e8gues pour avoir os\u00e9 d\u00e9noncer la supercherie ahurissante du covid o\u00f9 nous a entra\u00een\u00e9 le gouvernement, nous muselant de force, nous vaccinant inutilement et nous cantonnant stupidement&#8230;pour nous pr\u00e9parer \u00e0 la suite, qui pour le Professeur Perronne sera pire: l&rsquo;av\u00e8nement du fameux \u00a0\u00bb Nouvel Ordre Mondial \u00a0\u00bb imagin\u00e9 il y a belle lurette par une poign\u00e9e de fous pour asservir les humains et voir aboutir leur r\u00eave de domination totale. Pour lui, tout y m\u00e8ne, m\u00eame qu&rsquo; ils ne s&rsquo;en cachent plus : la loi contre les d\u00e9rives sectaires, les rumeurs de guerre savamment entretenues, et au bout, la tyrannie. Sauf que&#8230;Il y a lui, il y a nous, il y a le peuple qui n&rsquo;est pas idiot, et qui comprend bien ce qui se trame&#8230; Un r\u00e9sistant, dans toute sa splendeur !<\/strong><\/p>\n\n\n\n<figure class=\"wp-block-embed is-type-video is-provider-youtube wp-block-embed-youtube wp-embed-aspect-16-9 wp-has-aspect-ratio\"><div class=\"wp-block-embed__wrapper\">\n<iframe  id=\"_ytid_69387\"  width=\"640\" height=\"360\"  data-origwidth=\"640\" data-origheight=\"360\" src=\"https:\/\/www.youtube.com\/embed\/-GLYV4ASqxM?enablejsapi=1&#038;autoplay=0&#038;cc_load_policy=0&#038;cc_lang_pref=&#038;iv_load_policy=1&#038;loop=0&#038;rel=1&#038;fs=1&#038;playsinline=0&#038;autohide=2&#038;theme=dark&#038;color=red&#038;controls=1&#038;disablekb=0&#038;\" class=\"__youtube_prefs__  epyt-is-override  no-lazyload\" title=\"YouTube player\"  allow=\"fullscreen; accelerometer; autoplay; clipboard-write; encrypted-media; gyroscope; picture-in-picture; web-share\" referrerpolicy=\"strict-origin-when-cross-origin\" allowfullscreen data-no-lazy=\"1\" data-skipgform_ajax_framebjll=\"\"><\/iframe>\n<\/div><figcaption class=\"wp-element-caption\">Karl Z\u00e9ro Absolu.<\/figcaption><\/figure>\n\n\n\n<p>\u25a0  <strong>Assange, Coupable d&rsquo;Avoir \u00e9t\u00e9 un Vrai Journaliste<\/strong>\u2026 : <strong>Julian Assange a fait sa premi\u00e8re apparition publique depuis quatre mois, depuis sa lib\u00e9ration de la prison de Belmarsh, au Royaume-Uni, apr\u00e8s 14 ans de d\u00e9tention&#8230; L&rsquo;audition a \u00e9t\u00e9 organis\u00e9e par la Commission des questions juridiques et des droits de l&rsquo;homme de l&rsquo;Assembl\u00e9e Parlementaire du Conseil de l&rsquo;Europe. M. Assange a d\u00e9clar\u00e9 aux parlementaires : \u00ab Je veux \u00eatre tout \u00e0 fait clair. Je ne suis pas libre aujourd&rsquo;hui parce que le syst\u00e8me a fonctionn\u00e9. Je suis libre aujourd&rsquo;hui parce qu&rsquo;apr\u00e8s des ann\u00e9es d&rsquo;incarc\u00e9ration, j\u2019ai plaid\u00e9 coupable d\u2019avoir fait du journalisme. J&rsquo;ai plaid\u00e9 coupable d&rsquo;avoir recherch\u00e9 des informations aupr\u00e8s d&rsquo;une source, et j&rsquo;ai plaid\u00e9 coupable d&rsquo;avoir inform\u00e9 le public de la nature de ces informations \u00bb.<\/strong><\/p>\n\n\n\n<figure class=\"wp-block-embed aligncenter is-type-video is-provider-youtube wp-block-embed-youtube wp-embed-aspect-16-9 wp-has-aspect-ratio\"><div class=\"wp-block-embed__wrapper\">\n<iframe  id=\"_ytid_40983\"  width=\"640\" height=\"360\"  data-origwidth=\"640\" data-origheight=\"360\" src=\"https:\/\/www.youtube.com\/embed\/VXrq0ungqUE?enablejsapi=1&#038;autoplay=0&#038;cc_load_policy=0&#038;cc_lang_pref=&#038;iv_load_policy=1&#038;loop=0&#038;rel=1&#038;fs=1&#038;playsinline=0&#038;autohide=2&#038;theme=dark&#038;color=red&#038;controls=1&#038;disablekb=0&#038;\" class=\"__youtube_prefs__  epyt-is-override  no-lazyload\" title=\"YouTube player\"  allow=\"fullscreen; accelerometer; autoplay; clipboard-write; encrypted-media; gyroscope; picture-in-picture; web-share\" referrerpolicy=\"strict-origin-when-cross-origin\" allowfullscreen data-no-lazy=\"1\" data-skipgform_ajax_framebjll=\"\"><\/iframe>\n<\/div><figcaption class=\"wp-element-caption\">Karl Z\u00e9ro Absolu.<\/figcaption><\/figure>\n\n\n\n<p><span style=\"text-decoration: underline;\">Tu pourrais aussi aimer<\/span> :<\/p>\n\n\n\n<p>\u2696\ufe0f\ud83d\udc68\u200d\u2696\ufe0f <strong>Droits en Danger :<mark style=\"background-color:rgba(0, 0, 0, 0)\" class=\"has-inline-color has-vivid-red-color\"> <a href=\"https:\/\/planetactus.com\/index.php\/2024\/10\/03\/alerte-rouge-droits-en-danger-lalarme-du-defenseur-des-droits-sur-lerosion-des-libertes-en-2023\/\">L\u2019Alarme du D\u00e9fenseur des Droits sur l\u2019\u00c9rosion des Libert\u00e9s en 2023<\/a>.<\/mark><\/strong><\/p>\n\n\n\n<p>\ud83d\udd34 <strong><a href=\"https:\/\/planetactus.com\/index.php\/2024\/10\/03\/alerte-rouge-droits-en-danger-lalarme-du-defenseur-des-droits-sur-lerosion-des-libertes-en-2023\/\"><mark style=\"background-color:rgba(0, 0, 0, 0)\" class=\"has-inline-color has-vivid-red-color\">Les Lanceurs d\u2019Alerte, des H\u00e9ros en Danger<\/mark><\/a> : la LOI Waserman leur Offre un Bouclier | Une Avanc\u00e9e Historique pour les Lanceurs d\u2019Alerte en France : un Nouveau Souffle<\/strong> : <strong> \u00a0\u00bb Dans le Cadre Symbolique du Tribunal de Blois, Jacques Toubon, D\u00e9fenseur des droits, pr\u00e9sente les grands moments de son institution et un nouveau Partenariat Original avec les Rendez-Vous de l\u2019Histoire<\/strong> \u00ab\u00a0.<\/p>\n\n\n\n<p>\ud83c\udf1e <strong>Chubby Checker &#8211; Lets Twist Again (DJ Woofer Remix) \u266b Dance Mix.<\/strong><\/p>\n\n\n\n<figure class=\"wp-block-embed aligncenter is-type-video is-provider-youtube wp-block-embed-youtube wp-embed-aspect-16-9 wp-has-aspect-ratio\"><div class=\"wp-block-embed__wrapper\">\n<iframe  id=\"_ytid_80478\"  width=\"640\" height=\"360\"  data-origwidth=\"640\" data-origheight=\"360\" src=\"https:\/\/www.youtube.com\/embed\/QyONmh3g78A?enablejsapi=1&#038;autoplay=0&#038;cc_load_policy=0&#038;cc_lang_pref=&#038;iv_load_policy=1&#038;loop=0&#038;rel=1&#038;fs=1&#038;playsinline=0&#038;autohide=2&#038;theme=dark&#038;color=red&#038;controls=1&#038;disablekb=0&#038;\" class=\"__youtube_prefs__  epyt-is-override  no-lazyload\" title=\"YouTube player\"  allow=\"fullscreen; accelerometer; autoplay; clipboard-write; encrypted-media; gyroscope; picture-in-picture; web-share\" referrerpolicy=\"strict-origin-when-cross-origin\" allowfullscreen data-no-lazy=\"1\" data-skipgform_ajax_framebjll=\"\"><\/iframe>\n<\/div><figcaption class=\"wp-element-caption\">Chyprak Remix.<\/figcaption><\/figure>\n\n\n\n<p>\u25a0 <strong>U2 &#8211; With Or Without You (Official Music Video)<\/strong>.<\/p>\n\n\n\n<figure class=\"wp-block-embed aligncenter is-type-video is-provider-youtube wp-block-embed-youtube wp-embed-aspect-16-9 wp-has-aspect-ratio\"><div class=\"wp-block-embed__wrapper\">\n<iframe  id=\"_ytid_62451\"  width=\"640\" height=\"360\"  data-origwidth=\"640\" data-origheight=\"360\" src=\"https:\/\/www.youtube.com\/embed\/ujNeHIo7oTE?enablejsapi=1&#038;autoplay=0&#038;cc_load_policy=0&#038;cc_lang_pref=&#038;iv_load_policy=1&#038;loop=0&#038;rel=1&#038;fs=1&#038;playsinline=0&#038;autohide=2&#038;theme=dark&#038;color=red&#038;controls=1&#038;disablekb=0&#038;\" class=\"__youtube_prefs__  epyt-is-override  no-lazyload\" title=\"YouTube player\"  allow=\"fullscreen; accelerometer; autoplay; clipboard-write; encrypted-media; gyroscope; picture-in-picture; web-share\" referrerpolicy=\"strict-origin-when-cross-origin\" allowfullscreen data-no-lazy=\"1\" data-skipgform_ajax_framebjll=\"\"><\/iframe>\n<\/div><figcaption class=\"wp-element-caption\">U2.<\/figcaption><\/figure>\n\n\n\n<p>\u25a0 <strong>Si Cette Vid\u00e9o Appara\u00eet dans Votre Vie, Toute la B\u00e9n\u00e9diction de l&rsquo;Univers Vous Atteindra.<\/strong><\/p>\n\n\n\n<figure class=\"wp-block-embed aligncenter is-type-video is-provider-youtube wp-block-embed-youtube wp-embed-aspect-16-9 wp-has-aspect-ratio\"><div class=\"wp-block-embed__wrapper\">\n<iframe  id=\"_ytid_29841\"  width=\"640\" height=\"360\"  data-origwidth=\"640\" data-origheight=\"360\" src=\"https:\/\/www.youtube.com\/embed\/44-HzZJjEWI?enablejsapi=1&#038;autoplay=0&#038;cc_load_policy=0&#038;cc_lang_pref=&#038;iv_load_policy=1&#038;loop=0&#038;rel=1&#038;fs=1&#038;playsinline=0&#038;autohide=2&#038;theme=dark&#038;color=red&#038;controls=1&#038;disablekb=0&#038;\" class=\"__youtube_prefs__  epyt-is-override  no-lazyload\" title=\"YouTube player\"  allow=\"fullscreen; accelerometer; autoplay; clipboard-write; encrypted-media; gyroscope; picture-in-picture; web-share\" referrerpolicy=\"strict-origin-when-cross-origin\" allowfullscreen data-no-lazy=\"1\" data-skipgform_ajax_framebjll=\"\"><\/iframe>\n<\/div><figcaption class=\"wp-element-caption\"><a href=\"https:\/\/www.youtube.com\/@luciddreamingmusic\">Lucid Dreaming Music.<\/a><\/figcaption><\/figure>\n\n\n\n<p>\ud83e\ude96<a href=\"https:\/\/planetactus.com\/index.php\/2024\/08\/27\/dossier-special-loperation-prato-une-enigme-ufologique-au-coeur-de-lamazonie\/\"><mark style=\"background-color:rgba(0, 0, 0, 0)\" class=\"has-inline-color has-vivid-red-color\">&nbsp;<strong>Dossier Sp\u00e9cial. L\u2019Op\u00e9ration Prato<\/strong><\/mark><strong> <\/strong><\/a><strong>: Une \u00e9nigme Ufologique au C\u0153ur de l\u2019Amazonie : \ud83e\udd9c&nbsp;Au c\u0153ur de la dense for\u00eat amazonienne,&nbsp;une s\u00e9rie d\u2019\u00e9v\u00e9nements \u00e9tranges et inexpliqu\u00e9s a secou\u00e9 la r\u00e9gion de Colares, au Br\u00e9sil, \u00e0 la fin des ann\u00e9es 1970. Ces ph\u00e9nom\u00e8nes, connus sous le nom de &nbsp;\u00bb&nbsp;chupa-chupa&nbsp;\u00ab&nbsp;,&nbsp;ont d\u00e9clench\u00e9 l\u2019une des enqu\u00eates militaires les plus intrigantes de l\u2019histoire de l\u2019ufologie&nbsp;:&nbsp;l\u2019Op\u00e9ration Prato.&nbsp;<\/strong><\/p>\n\n\n\n<p>\ud83d\udef8&nbsp;<a href=\"https:\/\/t.me\/ufo_planetactus_sightings\">Ufo Planet Actus Sightings Investigations<\/a>&nbsp;\ud83d\udc7d<br>\ud83e\ude90&nbsp;<a href=\"https:\/\/t.me\/planetactus\">Planet Actus&nbsp;True News Letters<\/a>&nbsp;\ud83d\uddde<br>\ud83d\udcbb&nbsp;<a href=\"https:\/\/planetactus.com\/\">Planet Actus.com<\/a>&nbsp;\ud83e\ude90<\/p>\n\n\n<div class=\"wp-block-post-author\"><div class=\"wp-block-post-author__avatar\"><img decoding=async data-opt-id=1391982141  fetchpriority=\"high\" alt='' src='\/\/www.gravatar.com\/avatar\/1f651b4ef1fc23d4d1601d6f2649258e?s=48&#038;r=g&#038;d=mm' srcset='\/\/www.gravatar.com\/avatar\/1f651b4ef1fc23d4d1601d6f2649258e?s=48&#038;r=g&#038;d=mm 2x' class='avatar avatar-48 photo' height='48' width='48' \/><\/div><div class=\"wp-block-post-author__content\"><p class=\"wp-block-post-author__byline\"><a href=\"http:\/\/planetactus.com\">planetactus<\/a>.<\/p><p class=\"wp-block-post-author__name\">planetactus.com<\/p><\/div><\/div><div class=\"gsp_post_data\" \r\n\t            data-post_type=\"post\" \r\n\t            data-cat=\"a-la-une,crimes,leveil,les-enfants-du-monde-en-danger,reseaux-clandestins\" \r\n\t            data-modified=\"120\"\r\n\t            data-created=\"1727979745\"\r\n\t            data-title=\"Trafic Humain : Une Offensive Majeure des Forces de l\u2019Ordre fait Trembler les R\u00e9seaux Clandestins.\" \r\n\t            data-home=\"https:\/\/planetactus.com\"><\/div>","protected":false},"excerpt":{"rendered":"<p>\ud83d\udd78 Un coup de filet sans pr\u00e9c\u00e9dent a secou\u00e9 la Californie, orchestr\u00e9 par le Bureau du Sh\u00e9rif du comt\u00e9 de Sacramento, dans le cadre de l\u2019op\u00e9ration FAFO, visant \u00e0 d\u00e9manteler un vaste r\u00e9seau de trafic d&rsquo;\u00eatres humains. Plus de 100 arrestations ont eu lieu, marquant un tournant dans la lutte contre la traite et l\u2019exploitation [&hellip;]<\/p>\n","protected":false},"author":1,"featured_media":2071,"comment_status":"open","ping_status":"open","sticky":false,"template":"","format":"standard","meta":{"_bbp_topic_count":0,"_bbp_reply_count":0,"_bbp_total_topic_count":0,"_bbp_total_reply_count":0,"_bbp_voice_count":0,"_bbp_anonymous_reply_count":0,"_bbp_topic_count_hidden":0,"_bbp_reply_count_hidden":0,"_bbp_forum_subforum_count":0,"fifu_image_url":"","fifu_image_alt":"","_jetpack_memberships_contains_paid_content":false,"footnotes":"","jetpack_publicize_message":"","jetpack_publicize_feature_enabled":true,"jetpack_social_post_already_shared":false,"jetpack_social_options":{"image_generator_settings":{"template":"highway","default_image_id":0,"font":"","enabled":false},"version":2}},"categories":[19,8,41,62,109],"tags":[],"class_list":["post-2051","post","type-post","status-publish","format-standard","has-post-thumbnail","hentry","category-a-la-une","category-crimes","category-leveil","category-les-enfants-du-monde-en-danger","category-reseaux-clandestins"],"featured_image_src":"https:\/\/mlrdeoj2ejbf.i.optimole.com\/cb:mvHM.4ca\/w:auto\/h:auto\/q:mauto\/f:best\/https:\/\/i0.wp.com\/planetactus.com\/wp-content\/uploads\/2024\/10\/Trafic-Humain-_Une-Offensive-Majeure-des-Forces-de-lOrdre-fait-Trembler-les-Reseaux-Clandestins_Planet-Actus-IA.webp?fit=1024%2C1024&ssl=1","author_info":{"display_name":"planetactus.com","author_link":"https:\/\/planetactus.com\/index.php\/author\/admin9861\/"},"yoast_head":"<!-- This site is optimized with the Yoast SEO plugin v27.5 - https:\/\/yoast.com\/product\/yoast-seo-wordpress\/ -->\n<title>Trafic Humain : Une Offensive Majeure des Forces de l\u2019Ordre fait Trembler les R\u00e9seaux Clandestins. -<\/title>\n<meta name=\"robots\" content=\"index, follow, max-snippet:-1, max-image-preview:large, max-video-preview:-1\" \/>\n<link rel=\"canonical\" href=\"https:\/\/planetactus.com\/index.php\/2024\/10\/03\/trafic-humain-une-offensive-majeure-des-forces-de-lordre-fait-trembler-les-reseaux-clandestins\/\" class=\"yoast-seo-meta-tag\" \/>\n<meta property=\"og:locale\" content=\"fr_FR\" class=\"yoast-seo-meta-tag\" \/>\n<meta property=\"og:type\" content=\"article\" class=\"yoast-seo-meta-tag\" \/>\n<meta property=\"og:title\" content=\"Trafic Humain : Une Offensive Majeure des Forces de l\u2019Ordre fait Trembler les R\u00e9seaux Clandestins.\" class=\"yoast-seo-meta-tag\" \/>\n<meta property=\"og:description\" content=\"Un coup de filet sans pr\u00e9c\u00e9dent a secou\u00e9 la Californie, orchestr\u00e9 par le Bureau du Sh\u00e9rif du comt\u00e9 de Sacramento, dans le cadre de l\u2019op\u00e9ration FAFO, visant \u00e0 d\u00e9manteler un vaste r\u00e9seau de trafic d&#039;\u00eatres humains. Plus de 100 arrestations ont eu lieu, marquant un tournant dans la lutte contre la traite et l\u2019exploitation sexuelle, en particulier des mineurs. En seulement deux jours, les forces de l\u2019ordre ont men\u00e9 une offensive m\u00e9ticuleusement planifi\u00e9e, infiltrant les r\u00e9seaux clandestins et lib\u00e9rant deux jeunes victimes \u00e2g\u00e9es de 16 ans.\" class=\"yoast-seo-meta-tag\" \/>\n<meta property=\"og:url\" content=\"https:\/\/planetactus.com\/index.php\/2024\/10\/03\/trafic-humain-une-offensive-majeure-des-forces-de-lordre-fait-trembler-les-reseaux-clandestins\/\" class=\"yoast-seo-meta-tag\" \/>\n<meta property=\"article:publisher\" content=\"https:\/\/www.facebook.com\/profile.php?id=61561620320740\" class=\"yoast-seo-meta-tag\" \/>\n<meta property=\"article:author\" content=\"https:\/\/www.facebook.com\/profile.php?id=61561620320740\" class=\"yoast-seo-meta-tag\" \/>\n<meta property=\"article:published_time\" content=\"2024-10-03T16:22:25+00:00\" class=\"yoast-seo-meta-tag\" \/>\n<meta property=\"article:modified_time\" content=\"2024-10-03T16:32:23+00:00\" class=\"yoast-seo-meta-tag\" \/>\n<meta property=\"og:image\" content=\"https:\/\/mlrdeoj2ejbf.i.optimole.com\/cb:mvHM.4ca\/w:auto\/h:auto\/q:mauto\/f:best\/http:\/\/planetactus.com\/wp-content\/uploads\/2024\/10\/Trafic-Humain-_Une-Offensive-Majeure-des-Forces-de-lOrdre-fait-Trembler-les-Reseaux-Clandestins_Planet-Actus-IA.webp\" class=\"yoast-seo-meta-tag\" \/>\n\t<meta property=\"og:image:width\" content=\"1024\" class=\"yoast-seo-meta-tag\" \/>\n\t<meta property=\"og:image:height\" content=\"1024\" class=\"yoast-seo-meta-tag\" \/>\n\t<meta property=\"og:image:type\" content=\"image\/webp\" class=\"yoast-seo-meta-tag\" \/>\n<meta name=\"author\" content=\"planetactus.com\" class=\"yoast-seo-meta-tag\" \/>\n<meta name=\"twitter:card\" content=\"summary_large_image\" class=\"yoast-seo-meta-tag\" \/>\n<meta name=\"twitter:title\" content=\"Trafic Humain : Une Offensive Majeure des Forces de l\u2019Ordre fait Trembler les R\u00e9seaux Clandestins.\" class=\"yoast-seo-meta-tag\" \/>\n<meta name=\"twitter:description\" content=\"Un coup de filet sans pr\u00e9c\u00e9dent a secou\u00e9 la Californie, orchestr\u00e9 par le Bureau du Sh\u00e9rif du comt\u00e9 de Sacramento, dans le cadre de l\u2019op\u00e9ration FAFO, visant \u00e0 d\u00e9manteler un vaste r\u00e9seau de trafic d&#039;\u00eatres humains. Plus de 100 arrestations ont eu lieu, marquant un tournant dans la lutte contre la traite et l\u2019exploitation sexuelle, en particulier des mineurs. En seulement deux jours, les forces de l\u2019ordre ont men\u00e9 une offensive m\u00e9ticuleusement planifi\u00e9e, infiltrant les r\u00e9seaux clandestins et lib\u00e9rant deux jeunes victimes \u00e2g\u00e9es de 16 ans.\" class=\"yoast-seo-meta-tag\" \/>\n<meta name=\"twitter:image\" content=\"https:\/\/mlrdeoj2ejbf.i.optimole.com\/cb:mvHM.4ca\/w:auto\/h:auto\/q:mauto\/f:best\/https:\/\/i0.wp.com\/planetactus.com\/wp-content\/uploads\/2024\/10\/Trafic-Humain-_Une-Offensive-Majeure-des-Forces-de-lOrdre-fait-Trembler-les-Reseaux-Clandestins_Planet-Actus-IA.webp?fit=1024%2C1024&ssl=1\" class=\"yoast-seo-meta-tag\" \/>\n<meta name=\"twitter:creator\" content=\"@https:\/\/x.com\/PlanetActus\" class=\"yoast-seo-meta-tag\" \/>\n<meta name=\"twitter:site\" content=\"@PlanetActus\" class=\"yoast-seo-meta-tag\" \/>\n<meta name=\"twitter:label1\" content=\"\u00c9crit par\" class=\"yoast-seo-meta-tag\" \/>\n\t<meta name=\"twitter:data1\" content=\"planetactus.com\" class=\"yoast-seo-meta-tag\" \/>\n\t<meta name=\"twitter:label2\" content=\"Dur\u00e9e de lecture estim\u00e9e\" class=\"yoast-seo-meta-tag\" \/>\n\t<meta name=\"twitter:data2\" content=\"8 minutes\" class=\"yoast-seo-meta-tag\" \/>\n<script type=\"application\/ld+json\" class=\"yoast-schema-graph\">{\"@context\":\"https:\\\/\\\/schema.org\",\"@graph\":[{\"@type\":\"Article\",\"@id\":\"https:\\\/\\\/planetactus.com\\\/index.php\\\/2024\\\/10\\\/03\\\/trafic-humain-une-offensive-majeure-des-forces-de-lordre-fait-trembler-les-reseaux-clandestins\\\/#article\",\"isPartOf\":{\"@id\":\"https:\\\/\\\/planetactus.com\\\/index.php\\\/2024\\\/10\\\/03\\\/trafic-humain-une-offensive-majeure-des-forces-de-lordre-fait-trembler-les-reseaux-clandestins\\\/\"},\"author\":{\"name\":\"planetactus.com\",\"@id\":\"https:\\\/\\\/planetactus.com\\\/#\\\/schema\\\/person\\\/fbb75ac73a2424d2e176d31b021372a4\"},\"headline\":\"Trafic Humain : Une Offensive Majeure des Forces de l\u2019Ordre fait Trembler les R\u00e9seaux Clandestins.\",\"datePublished\":\"2024-10-03T16:22:25+00:00\",\"dateModified\":\"2024-10-03T16:32:23+00:00\",\"mainEntityOfPage\":{\"@id\":\"https:\\\/\\\/planetactus.com\\\/index.php\\\/2024\\\/10\\\/03\\\/trafic-humain-une-offensive-majeure-des-forces-de-lordre-fait-trembler-les-reseaux-clandestins\\\/\"},\"wordCount\":1681,\"commentCount\":0,\"publisher\":{\"@id\":\"https:\\\/\\\/planetactus.com\\\/#\\\/schema\\\/person\\\/fbb75ac73a2424d2e176d31b021372a4\"},\"image\":{\"@id\":\"https:\\\/\\\/planetactus.com\\\/index.php\\\/2024\\\/10\\\/03\\\/trafic-humain-une-offensive-majeure-des-forces-de-lordre-fait-trembler-les-reseaux-clandestins\\\/#primaryimage\"},\"thumbnailUrl\":\"https:\\/\\/i0.wp.com\\/planetactus.com\\/wp-content\\/uploads\\/2024\\/10\\/Trafic-Humain-_Une-Offensive-Majeure-des-Forces-de-lOrdre-fait-Trembler-les-Reseaux-Clandestins_Planet-Actus-IA.webp?fit=1024%2C1024&ssl=1\",\"articleSection\":[\"A la Une\",\"Crimes\",\"L'Eveil\",\"Les Enfants du Monde En Danger\",\"R\u00e9seaux Clandestins\"],\"inLanguage\":\"fr-FR\",\"potentialAction\":[{\"@type\":\"CommentAction\",\"name\":\"Comment\",\"target\":[\"https:\\\/\\\/planetactus.com\\\/index.php\\\/2024\\\/10\\\/03\\\/trafic-humain-une-offensive-majeure-des-forces-de-lordre-fait-trembler-les-reseaux-clandestins\\\/#respond\"]}]},{\"@type\":\"WebPage\",\"@id\":\"https:\\\/\\\/planetactus.com\\\/index.php\\\/2024\\\/10\\\/03\\\/trafic-humain-une-offensive-majeure-des-forces-de-lordre-fait-trembler-les-reseaux-clandestins\\\/\",\"url\":\"https:\\\/\\\/planetactus.com\\\/index.php\\\/2024\\\/10\\\/03\\\/trafic-humain-une-offensive-majeure-des-forces-de-lordre-fait-trembler-les-reseaux-clandestins\\\/\",\"name\":\"Trafic Humain : Une Offensive Majeure des Forces de l\u2019Ordre fait Trembler les R\u00e9seaux Clandestins. -\",\"isPartOf\":{\"@id\":\"https:\\\/\\\/planetactus.com\\\/#website\"},\"primaryImageOfPage\":{\"@id\":\"https:\\\/\\\/planetactus.com\\\/index.php\\\/2024\\\/10\\\/03\\\/trafic-humain-une-offensive-majeure-des-forces-de-lordre-fait-trembler-les-reseaux-clandestins\\\/#primaryimage\"},\"image\":{\"@id\":\"https:\\\/\\\/planetactus.com\\\/index.php\\\/2024\\\/10\\\/03\\\/trafic-humain-une-offensive-majeure-des-forces-de-lordre-fait-trembler-les-reseaux-clandestins\\\/#primaryimage\"},\"thumbnailUrl\":\"https:\\/\\/i0.wp.com\\/planetactus.com\\/wp-content\\/uploads\\/2024\\/10\\/Trafic-Humain-_Une-Offensive-Majeure-des-Forces-de-lOrdre-fait-Trembler-les-Reseaux-Clandestins_Planet-Actus-IA.webp?fit=1024%2C1024&ssl=1\",\"datePublished\":\"2024-10-03T16:22:25+00:00\",\"dateModified\":\"2024-10-03T16:32:23+00:00\",\"breadcrumb\":{\"@id\":\"https:\\\/\\\/planetactus.com\\\/index.php\\\/2024\\\/10\\\/03\\\/trafic-humain-une-offensive-majeure-des-forces-de-lordre-fait-trembler-les-reseaux-clandestins\\\/#breadcrumb\"},\"inLanguage\":\"fr-FR\",\"potentialAction\":[{\"@type\":\"ReadAction\",\"target\":[\"https:\\\/\\\/planetactus.com\\\/index.php\\\/2024\\\/10\\\/03\\\/trafic-humain-une-offensive-majeure-des-forces-de-lordre-fait-trembler-les-reseaux-clandestins\\\/\"]}]},{\"@type\":\"ImageObject\",\"inLanguage\":\"fr-FR\",\"@id\":\"https:\\\/\\\/planetactus.com\\\/index.php\\\/2024\\\/10\\\/03\\\/trafic-humain-une-offensive-majeure-des-forces-de-lordre-fait-trembler-les-reseaux-clandestins\\\/#primaryimage\",\"url\":\"https:\\/\\/i0.wp.com\\/planetactus.com\\/wp-content\\/uploads\\/2024\\/10\\/Trafic-Humain-_Une-Offensive-Majeure-des-Forces-de-lOrdre-fait-Trembler-les-Reseaux-Clandestins_Planet-Actus-IA.webp?fit=1024%2C1024&ssl=1\",\"contentUrl\":\"https:\\/\\/i0.wp.com\\/planetactus.com\\/wp-content\\/uploads\\/2024\\/10\\/Trafic-Humain-_Une-Offensive-Majeure-des-Forces-de-lOrdre-fait-Trembler-les-Reseaux-Clandestins_Planet-Actus-IA.webp?fit=1024%2C1024&ssl=1\",\"width\":1024,\"height\":1024,\"caption\":\"Trafic-Humain-_Une-Offensive-Majeure-des-Forces-de-lOrdre-fait-Trembler-les-Reseaux-Clandestins_Planet-Actus-IA.webp\"},{\"@type\":\"BreadcrumbList\",\"@id\":\"https:\\\/\\\/planetactus.com\\\/index.php\\\/2024\\\/10\\\/03\\\/trafic-humain-une-offensive-majeure-des-forces-de-lordre-fait-trembler-les-reseaux-clandestins\\\/#breadcrumb\",\"itemListElement\":[{\"@type\":\"ListItem\",\"position\":1,\"name\":\"Accueil\",\"item\":\"https:\\\/\\\/planetactus.com\\\/\"},{\"@type\":\"ListItem\",\"position\":2,\"name\":\"Trafic Humain : Une Offensive Majeure des Forces de l\u2019Ordre fait Trembler les R\u00e9seaux Clandestins.\"}]},{\"@type\":\"WebSite\",\"@id\":\"https:\\\/\\\/planetactus.com\\\/#website\",\"url\":\"https:\\\/\\\/planetactus.com\\\/\",\"name\":\"PLANET ACTUS\",\"description\":\"PLANET ACTUS\",\"publisher\":{\"@id\":\"https:\\\/\\\/planetactus.com\\\/#\\\/schema\\\/person\\\/fbb75ac73a2424d2e176d31b021372a4\"},\"potentialAction\":[{\"@type\":\"SearchAction\",\"target\":{\"@type\":\"EntryPoint\",\"urlTemplate\":\"https:\\\/\\\/planetactus.com\\\/?s={search_term_string}\"},\"query-input\":{\"@type\":\"PropertyValueSpecification\",\"valueRequired\":true,\"valueName\":\"search_term_string\"}}],\"inLanguage\":\"fr-FR\"},{\"@type\":[\"Person\",\"Organization\"],\"@id\":\"https:\\\/\\\/planetactus.com\\\/#\\\/schema\\\/person\\\/fbb75ac73a2424d2e176d31b021372a4\",\"name\":\"planetactus.com\",\"image\":{\"@type\":\"ImageObject\",\"inLanguage\":\"fr-FR\",\"@id\":\"https:\\/\\/i0.wp.com\\/planetactus.com\\/wp-content\\/uploads\\/2024\\/07\\/cropped-2-Planet-Actus-Banniere-02a.jpg?fit=1189%2C365&ssl=1\",\"url\":\"https:\\/\\/i0.wp.com\\/planetactus.com\\/wp-content\\/uploads\\/2024\\/07\\/cropped-2-Planet-Actus-Banniere-02a.jpg?fit=1189%2C365&ssl=1\",\"contentUrl\":\"https:\\/\\/i0.wp.com\\/planetactus.com\\/wp-content\\/uploads\\/2024\\/07\\/cropped-2-Planet-Actus-Banniere-02a.jpg?fit=1189%2C365&ssl=1\",\"width\":1189,\"height\":365,\"caption\":\"planetactus.com\"},\"logo\":{\"@id\":\"https:\\/\\/i0.wp.com\\/planetactus.com\\/wp-content\\/uploads\\/2024\\/07\\/cropped-2-Planet-Actus-Banniere-02a.jpg?fit=1189%2C365&ssl=1\"},\"sameAs\":[\"http:\\\/\\\/planetactus.com\",\"https:\\\/\\\/www.facebook.com\\\/profile.php?id=61561620320740\",\"https:\\\/\\\/x.com\\\/https:\\\/\\\/x.com\\\/PlanetActus\",\"https:\\\/\\\/www.youtube.com\\\/@PlanetActus\"],\"url\":\"https:\\\/\\\/planetactus.com\\\/index.php\\\/author\\\/admin9861\\\/\"}]}<\/script>\n<!-- \/ Yoast SEO plugin. -->","yoast_head_json":{"title":"Trafic Humain : Une Offensive Majeure des Forces de l\u2019Ordre fait Trembler les R\u00e9seaux Clandestins. -","robots":{"index":"index","follow":"follow","max-snippet":"max-snippet:-1","max-image-preview":"max-image-preview:large","max-video-preview":"max-video-preview:-1"},"canonical":"https:\/\/planetactus.com\/index.php\/2024\/10\/03\/trafic-humain-une-offensive-majeure-des-forces-de-lordre-fait-trembler-les-reseaux-clandestins\/","og_locale":"fr_FR","og_type":"article","og_title":"Trafic Humain : Une Offensive Majeure des Forces de l\u2019Ordre fait Trembler les R\u00e9seaux Clandestins.","og_description":"Un coup de filet sans pr\u00e9c\u00e9dent a secou\u00e9 la Californie, orchestr\u00e9 par le Bureau du Sh\u00e9rif du comt\u00e9 de Sacramento, dans le cadre de l\u2019op\u00e9ration FAFO, visant \u00e0 d\u00e9manteler un vaste r\u00e9seau de trafic d'\u00eatres humains. Plus de 100 arrestations ont eu lieu, marquant un tournant dans la lutte contre la traite et l\u2019exploitation sexuelle, en particulier des mineurs. En seulement deux jours, les forces de l\u2019ordre ont men\u00e9 une offensive m\u00e9ticuleusement planifi\u00e9e, infiltrant les r\u00e9seaux clandestins et lib\u00e9rant deux jeunes victimes \u00e2g\u00e9es de 16 ans.","og_url":"https:\/\/planetactus.com\/index.php\/2024\/10\/03\/trafic-humain-une-offensive-majeure-des-forces-de-lordre-fait-trembler-les-reseaux-clandestins\/","article_publisher":"https:\/\/www.facebook.com\/profile.php?id=61561620320740","article_author":"https:\/\/www.facebook.com\/profile.php?id=61561620320740","article_published_time":"2024-10-03T16:22:25+00:00","article_modified_time":"2024-10-03T16:32:23+00:00","og_image":[{"width":1024,"height":1024,"url":"https:\/\/mlrdeoj2ejbf.i.optimole.com\/cb:mvHM.4ca\/w:auto\/h:auto\/q:mauto\/f:best\/http:\/\/planetactus.com\/wp-content\/uploads\/2024\/10\/Trafic-Humain-_Une-Offensive-Majeure-des-Forces-de-lOrdre-fait-Trembler-les-Reseaux-Clandestins_Planet-Actus-IA.webp","type":"image\/webp"}],"author":"planetactus.com","twitter_card":"summary_large_image","twitter_title":"Trafic Humain : Une Offensive Majeure des Forces de l\u2019Ordre fait Trembler les R\u00e9seaux Clandestins.","twitter_description":"Un coup de filet sans pr\u00e9c\u00e9dent a secou\u00e9 la Californie, orchestr\u00e9 par le Bureau du Sh\u00e9rif du comt\u00e9 de Sacramento, dans le cadre de l\u2019op\u00e9ration FAFO, visant \u00e0 d\u00e9manteler un vaste r\u00e9seau de trafic d'\u00eatres humains. Plus de 100 arrestations ont eu lieu, marquant un tournant dans la lutte contre la traite et l\u2019exploitation sexuelle, en particulier des mineurs. En seulement deux jours, les forces de l\u2019ordre ont men\u00e9 une offensive m\u00e9ticuleusement planifi\u00e9e, infiltrant les r\u00e9seaux clandestins et lib\u00e9rant deux jeunes victimes \u00e2g\u00e9es de 16 ans.","twitter_image":"https:\/\/mlrdeoj2ejbf.i.optimole.com\/cb:mvHM.4ca\/w:auto\/h:auto\/q:mauto\/f:best\/https:\/\/i0.wp.com\/planetactus.com\/wp-content\/uploads\/2024\/10\/Trafic-Humain-_Une-Offensive-Majeure-des-Forces-de-lOrdre-fait-Trembler-les-Reseaux-Clandestins_Planet-Actus-IA.webp?fit=1024%2C1024&ssl=1","twitter_creator":"@https:\/\/x.com\/PlanetActus","twitter_site":"@PlanetActus","twitter_misc":{"\u00c9crit par":"planetactus.com","Dur\u00e9e de lecture estim\u00e9e":"8 minutes"},"schema":{"@context":"https:\/\/schema.org","@graph":[{"@type":"Article","@id":"https:\/\/planetactus.com\/index.php\/2024\/10\/03\/trafic-humain-une-offensive-majeure-des-forces-de-lordre-fait-trembler-les-reseaux-clandestins\/#article","isPartOf":{"@id":"https:\/\/planetactus.com\/index.php\/2024\/10\/03\/trafic-humain-une-offensive-majeure-des-forces-de-lordre-fait-trembler-les-reseaux-clandestins\/"},"author":{"name":"planetactus.com","@id":"https:\/\/planetactus.com\/#\/schema\/person\/fbb75ac73a2424d2e176d31b021372a4"},"headline":"Trafic Humain : Une Offensive Majeure des Forces de l\u2019Ordre fait Trembler les R\u00e9seaux Clandestins.","datePublished":"2024-10-03T16:22:25+00:00","dateModified":"2024-10-03T16:32:23+00:00","mainEntityOfPage":{"@id":"https:\/\/planetactus.com\/index.php\/2024\/10\/03\/trafic-humain-une-offensive-majeure-des-forces-de-lordre-fait-trembler-les-reseaux-clandestins\/"},"wordCount":1681,"commentCount":0,"publisher":{"@id":"https:\/\/planetactus.com\/#\/schema\/person\/fbb75ac73a2424d2e176d31b021372a4"},"image":{"@id":"https:\/\/planetactus.com\/index.php\/2024\/10\/03\/trafic-humain-une-offensive-majeure-des-forces-de-lordre-fait-trembler-les-reseaux-clandestins\/#primaryimage"},"thumbnailUrl":"https:\/\/mlrdeoj2ejbf.i.optimole.com\/cb:mvHM.4ca\/w:auto\/h:auto\/q:mauto\/f:best\/https:\/\/i0.wp.com\/planetactus.com\/wp-content\/uploads\/2024\/10\/Trafic-Humain-_Une-Offensive-Majeure-des-Forces-de-lOrdre-fait-Trembler-les-Reseaux-Clandestins_Planet-Actus-IA.webp?fit=1024%2C1024&ssl=1","articleSection":["A la Une","Crimes","L'Eveil","Les Enfants du Monde En Danger","R\u00e9seaux Clandestins"],"inLanguage":"fr-FR","potentialAction":[{"@type":"CommentAction","name":"Comment","target":["https:\/\/planetactus.com\/index.php\/2024\/10\/03\/trafic-humain-une-offensive-majeure-des-forces-de-lordre-fait-trembler-les-reseaux-clandestins\/#respond"]}]},{"@type":"WebPage","@id":"https:\/\/planetactus.com\/index.php\/2024\/10\/03\/trafic-humain-une-offensive-majeure-des-forces-de-lordre-fait-trembler-les-reseaux-clandestins\/","url":"https:\/\/planetactus.com\/index.php\/2024\/10\/03\/trafic-humain-une-offensive-majeure-des-forces-de-lordre-fait-trembler-les-reseaux-clandestins\/","name":"Trafic Humain : Une Offensive Majeure des Forces de l\u2019Ordre fait Trembler les R\u00e9seaux Clandestins. -","isPartOf":{"@id":"https:\/\/planetactus.com\/#website"},"primaryImageOfPage":{"@id":"https:\/\/planetactus.com\/index.php\/2024\/10\/03\/trafic-humain-une-offensive-majeure-des-forces-de-lordre-fait-trembler-les-reseaux-clandestins\/#primaryimage"},"image":{"@id":"https:\/\/planetactus.com\/index.php\/2024\/10\/03\/trafic-humain-une-offensive-majeure-des-forces-de-lordre-fait-trembler-les-reseaux-clandestins\/#primaryimage"},"thumbnailUrl":"https:\/\/mlrdeoj2ejbf.i.optimole.com\/cb:mvHM.4ca\/w:auto\/h:auto\/q:mauto\/f:best\/https:\/\/i0.wp.com\/planetactus.com\/wp-content\/uploads\/2024\/10\/Trafic-Humain-_Une-Offensive-Majeure-des-Forces-de-lOrdre-fait-Trembler-les-Reseaux-Clandestins_Planet-Actus-IA.webp?fit=1024%2C1024&ssl=1","datePublished":"2024-10-03T16:22:25+00:00","dateModified":"2024-10-03T16:32:23+00:00","breadcrumb":{"@id":"https:\/\/planetactus.com\/index.php\/2024\/10\/03\/trafic-humain-une-offensive-majeure-des-forces-de-lordre-fait-trembler-les-reseaux-clandestins\/#breadcrumb"},"inLanguage":"fr-FR","potentialAction":[{"@type":"ReadAction","target":["https:\/\/planetactus.com\/index.php\/2024\/10\/03\/trafic-humain-une-offensive-majeure-des-forces-de-lordre-fait-trembler-les-reseaux-clandestins\/"]}]},{"@type":"ImageObject","inLanguage":"fr-FR","@id":"https:\/\/planetactus.com\/index.php\/2024\/10\/03\/trafic-humain-une-offensive-majeure-des-forces-de-lordre-fait-trembler-les-reseaux-clandestins\/#primaryimage","url":"https:\/\/mlrdeoj2ejbf.i.optimole.com\/cb:mvHM.4ca\/w:auto\/h:auto\/q:mauto\/f:best\/https:\/\/i0.wp.com\/planetactus.com\/wp-content\/uploads\/2024\/10\/Trafic-Humain-_Une-Offensive-Majeure-des-Forces-de-lOrdre-fait-Trembler-les-Reseaux-Clandestins_Planet-Actus-IA.webp?fit=1024%2C1024&ssl=1","contentUrl":"https:\/\/mlrdeoj2ejbf.i.optimole.com\/cb:mvHM.4ca\/w:auto\/h:auto\/q:mauto\/f:best\/https:\/\/i0.wp.com\/planetactus.com\/wp-content\/uploads\/2024\/10\/Trafic-Humain-_Une-Offensive-Majeure-des-Forces-de-lOrdre-fait-Trembler-les-Reseaux-Clandestins_Planet-Actus-IA.webp?fit=1024%2C1024&ssl=1","width":1024,"height":1024,"caption":"Trafic-Humain-_Une-Offensive-Majeure-des-Forces-de-lOrdre-fait-Trembler-les-Reseaux-Clandestins_Planet-Actus-IA.webp"},{"@type":"BreadcrumbList","@id":"https:\/\/planetactus.com\/index.php\/2024\/10\/03\/trafic-humain-une-offensive-majeure-des-forces-de-lordre-fait-trembler-les-reseaux-clandestins\/#breadcrumb","itemListElement":[{"@type":"ListItem","position":1,"name":"Accueil","item":"https:\/\/planetactus.com\/"},{"@type":"ListItem","position":2,"name":"Trafic Humain : Une Offensive Majeure des Forces de l\u2019Ordre fait Trembler les R\u00e9seaux Clandestins."}]},{"@type":"WebSite","@id":"https:\/\/planetactus.com\/#website","url":"https:\/\/planetactus.com\/","name":"PLANET ACTUS","description":"PLANET ACTUS","publisher":{"@id":"https:\/\/planetactus.com\/#\/schema\/person\/fbb75ac73a2424d2e176d31b021372a4"},"potentialAction":[{"@type":"SearchAction","target":{"@type":"EntryPoint","urlTemplate":"https:\/\/planetactus.com\/?s={search_term_string}"},"query-input":{"@type":"PropertyValueSpecification","valueRequired":true,"valueName":"search_term_string"}}],"inLanguage":"fr-FR"},{"@type":["Person","Organization"],"@id":"https:\/\/planetactus.com\/#\/schema\/person\/fbb75ac73a2424d2e176d31b021372a4","name":"planetactus.com","image":{"@type":"ImageObject","inLanguage":"fr-FR","@id":"https:\/\/mlrdeoj2ejbf.i.optimole.com\/cb:mvHM.4ca\/w:auto\/h:auto\/q:mauto\/f:best\/https:\/\/i0.wp.com\/planetactus.com\/wp-content\/uploads\/2024\/07\/cropped-2-Planet-Actus-Banniere-02a.jpg?fit=1189%2C365&ssl=1","url":"https:\/\/mlrdeoj2ejbf.i.optimole.com\/cb:mvHM.4ca\/w:auto\/h:auto\/q:mauto\/f:best\/https:\/\/i0.wp.com\/planetactus.com\/wp-content\/uploads\/2024\/07\/cropped-2-Planet-Actus-Banniere-02a.jpg?fit=1189%2C365&ssl=1","contentUrl":"https:\/\/mlrdeoj2ejbf.i.optimole.com\/cb:mvHM.4ca\/w:auto\/h:auto\/q:mauto\/f:best\/https:\/\/i0.wp.com\/planetactus.com\/wp-content\/uploads\/2024\/07\/cropped-2-Planet-Actus-Banniere-02a.jpg?fit=1189%2C365&ssl=1","width":1189,"height":365,"caption":"planetactus.com"},"logo":{"@id":"https:\/\/mlrdeoj2ejbf.i.optimole.com\/cb:mvHM.4ca\/w:auto\/h:auto\/q:mauto\/f:best\/https:\/\/i0.wp.com\/planetactus.com\/wp-content\/uploads\/2024\/07\/cropped-2-Planet-Actus-Banniere-02a.jpg?fit=1189%2C365&ssl=1"},"sameAs":["http:\/\/planetactus.com","https:\/\/www.facebook.com\/profile.php?id=61561620320740","https:\/\/x.com\/https:\/\/x.com\/PlanetActus","https:\/\/www.youtube.com\/@PlanetActus"],"url":"https:\/\/planetactus.com\/index.php\/author\/admin9861\/"}]}},"jetpack_publicize_connections":[],"jetpack_featured_media_url":"https:\/\/mlrdeoj2ejbf.i.optimole.com\/cb:mvHM.4ca\/w:auto\/h:auto\/q:mauto\/f:best\/https:\/\/i0.wp.com\/planetactus.com\/wp-content\/uploads\/2024\/10\/Trafic-Humain-_Une-Offensive-Majeure-des-Forces-de-lOrdre-fait-Trembler-les-Reseaux-Clandestins_Planet-Actus-IA.webp?fit=1024%2C1024&ssl=1","jetpack_sharing_enabled":true,"_links":{"self":[{"href":"https:\/\/planetactus.com\/index.php\/wp-json\/wp\/v2\/posts\/2051","targetHints":{"allow":["GET"]}}],"collection":[{"href":"https:\/\/planetactus.com\/index.php\/wp-json\/wp\/v2\/posts"}],"about":[{"href":"https:\/\/planetactus.com\/index.php\/wp-json\/wp\/v2\/types\/post"}],"author":[{"embeddable":true,"href":"https:\/\/planetactus.com\/index.php\/wp-json\/wp\/v2\/users\/1"}],"replies":[{"embeddable":true,"href":"https:\/\/planetactus.com\/index.php\/wp-json\/wp\/v2\/comments?post=2051"}],"version-history":[{"count":14,"href":"https:\/\/planetactus.com\/index.php\/wp-json\/wp\/v2\/posts\/2051\/revisions"}],"predecessor-version":[{"id":2078,"href":"https:\/\/planetactus.com\/index.php\/wp-json\/wp\/v2\/posts\/2051\/revisions\/2078"}],"wp:featuredmedia":[{"embeddable":true,"href":"https:\/\/planetactus.com\/index.php\/wp-json\/wp\/v2\/media\/2071"}],"wp:attachment":[{"href":"https:\/\/planetactus.com\/index.php\/wp-json\/wp\/v2\/media?parent=2051"}],"wp:term":[{"taxonomy":"category","embeddable":true,"href":"https:\/\/planetactus.com\/index.php\/wp-json\/wp\/v2\/categories?post=2051"},{"taxonomy":"post_tag","embeddable":true,"href":"https:\/\/planetactus.com\/index.php\/wp-json\/wp\/v2\/tags?post=2051"}],"curies":[{"name":"wp","href":"https:\/\/api.w.org\/{rel}","templated":true}]}}