{"id":2057,"date":"2024-10-03T16:38:03","date_gmt":"2024-10-03T14:38:03","guid":{"rendered":"https:\/\/planetactus.com\/?p=2057"},"modified":"2024-10-03T16:38:14","modified_gmt":"2024-10-03T14:38:14","slug":"alerte-rouge-droits-en-danger-lalarme-du-defenseur-des-droits-sur-lerosion-des-libertes-en-2023","status":"publish","type":"post","link":"https:\/\/planetactus.com\/index.php\/2024\/10\/03\/alerte-rouge-droits-en-danger-lalarme-du-defenseur-des-droits-sur-lerosion-des-libertes-en-2023\/","title":{"rendered":"Alerte Rouge | Droits en Danger : L\u2019Alarme du D\u00e9fenseur des Droits sur l\u2019\u00c9rosion des Libert\u00e9s en 2023."},"content":{"rendered":"\n<p>\ud83d\udd34&nbsp; <strong>Alerte rouge | Droits en Danger : L\u2019Alarme<\/strong> \u23f0\ufe0f&nbsp;<a href=\"https:\/\/urlr.me\/QPDBZ\">du D\u00e9fenseur des Droits sur l\u2019\u00c9rosion des Libert\u00e9s en 2023<\/a><strong> \ud83d\udc68\u200d\u2696\ufe0f&nbsp;\u2696\ufe0f\ud83d\udc69\u200d\u2696\ufe0f | Communiqu\u00e9 de Presse  : Le D\u00e9fenseur des droits constate une hausse r\u00e9guli\u00e8re des r\u00e9clamations qui lui sont adress\u00e9es. Autant d\u2019Atteintes aux Droits qui Entravent le Quotidien de Milliers de Personnes pour lesquelles le D\u00e9fenseur des droits est Souvent le Seul et Sernier Recours. Un foss\u00e9 s\u2019est d\u2019Ailleurs Consid\u00e9rablement Creus\u00e9, Entre les Usagers et les Services PUBLICS.<\/strong><\/p>\n\n\n\n<p>\u26d1\ufe0f <strong>Le D\u00e9fenseur des Droits a re\u00e7u en 2023 137 894 R\u00e9clamations, Informations et Orientations, soit une Hausse de 10 % par rapport \u00e0 2022<\/strong>. <a href=\"https:\/\/www.defenseurdesdroits.fr\/rapport-annuel-dactivite-2023-la-banalisation-des-atteintes-aux-droits-et-libertes-inquiete-la-597?s=09\"><strong><mark style=\"background-color:rgba(0, 0, 0, 0)\" class=\"has-inline-color has-vivid-red-color\">Une fragilisation de l\u2019Etat de Droit et des Droits et Libert\u00e9s<\/mark><\/strong><\/a>.<\/p>\n\n\n\n<p><strong>\ud83d\udcbc&nbsp; Rapport annuel d\u2019activit\u00e9 2023 : La Banalisation des Atteintes aux Droits et Libert\u00e9s Inqui\u00e8te la D\u00e9fenseure des droits | 26 mars 2024.<\/strong><\/p>\n\n\n\n<p>\ud83d\udccd<strong>Le D\u00e9fenseur des droits constate une hausse r\u00e9guli\u00e8re des r\u00e9clamations qui lui sont adress\u00e9es. Autant d\u2019atteintes aux droits qui entravent le quotidien de milliers de personnes pour lesquelles le D\u00e9fenseur des droits est souvent le seul et dernier recours. Un foss\u00e9 s\u2019est d\u2019ailleurs consid\u00e9rablement creus\u00e9 entre les usagers et les services publics.<\/strong><\/p>\n\n\n\n<p><strong>Le D\u00e9fenseur des droits a re\u00e7u en 2023 (137 894) r\u00e9clamations, informations et orientations, soit une hausse de 10 % par rapport \u00e0 2022<\/strong>.&nbsp; \ud83d\udcc8<\/p>\n\n\n\n<p>\ud83d\ude31 <mark style=\"background-color:rgba(0, 0, 0, 0)\" class=\"has-inline-color has-vivid-red-color\"><strong>Une Fragilisation de l\u2019Etat de Droit et des Droits et Libert\u00e9s<\/strong>.<\/mark><\/p>\n\n\n\n<p>\u270d\ufe0f&nbsp; <strong>L\u2019ann\u00e9e 2023 a \u00e9t\u00e9 une ann\u00e9e marqu\u00e9e par une fragilisation de l\u2019Etat de droit. Cette remise en cause transpara\u00eet dans l\u2019inex\u00e9cution de d\u00e9cisions de justice et dans une critique de l\u2019autorit\u00e9 et du r\u00f4le du juge. Elle r\u00e9sulte \u00e9galement des restrictions apport\u00e9es aux libert\u00e9s d\u2019expression, de manifestation et d\u2019association. Elle est enfin li\u00e9e \u00e0 la contestation des droits garantissant des conditions dignes d\u2019existence. Cette fragilisation des droits fondamentaux des personnes en situation de pr\u00e9carit\u00e9 et de vuln\u00e9rabilit\u00e9 impacte pr\u00e9cis\u00e9ment celles et ceux qui rencontrent le plus de difficult\u00e9s \u00e0 faire valoir leurs droits et confront\u00e9s \u00e0 l\u2019\u00e9loignement des services publics. Cette fragilisation des droits n\u2019est pas nouvelle et s\u2019inscrit dans une tendance de fond.<\/strong><\/p>\n\n\n\n<p>\ud83d\udd0e&nbsp; <strong>Dans ce contexte, le D\u00e9fenseur des droits a POURSUIVI sa Mission de Veiller au Respect des Droits et Libert\u00e9s.&nbsp;De <\/strong>N<strong>ouvelles Recommandations, des Avanc\u00e9es Obtenues, des Sujets \u00e9mergents<\/strong> <strong> \ud83c\udff9<\/strong><\/p>\n\n\n\n<p>\u25aa\ufe0e <strong>2023 a marqu\u00e9 une hausse de 128% des saisines dans le contexte du renforcement de la protection du lanceur d\u2019alerte, issu du Nouveau Cadre L\u00e9gal de 2022.<\/strong><\/p>\n\n\n\n<p><strong>\u25aa\ufe0e Le D\u00e9fenseur des droits est d\u00e9sormais comp\u00e9tent pour rendre un avis sur la qualit\u00e9 du lanceur d\u2019alerte et donner une certification qui permet de conforter celui qui le saisit dans sa d\u00e9marche et de le renseigner<\/strong>. <span style=\"text-decoration: underline;\">En cas de repr\u00e9sailles, apr\u00e8s le lancement de l\u2019alerte, l\u2019institution peut produire des observations en justice ou adresser des recommandations en vue de r\u00e9tablir le lanceur d\u2019alerte dans ses droits<\/span>. <a href=\"https:\/\/urlr.me\/QPDBZ\"><mark style=\"background-color:rgba(0, 0, 0, 0)\" class=\"has-inline-color has-vivid-red-color\">Lire la suite<\/mark>.<\/a> <\/p>\n\n\n\n<p>\ud83d\udca1 <strong>Annuaire des d\u00e9l\u00e9gu\u00e9s<\/strong> : <strong>Les d\u00e9l\u00e9gu\u00e9s vous accompagnent pr\u00e8s de chez vous : Ils vous re\u00e7oivent gratuitement sur rendez-vous, vous \u00e9coutent, vous orientent ou vous accompagnent en cas de probl\u00e8mes avec vos droits<\/strong> <mark style=\"background-color:rgba(0, 0, 0, 0)\" class=\"has-inline-color has-vivid-red-color\"><a href=\"https:\/\/www.defenseurdesdroits.fr\/carte-des-delegues\">https:\/\/www.defenseurdesdroits.fr\/carte-des-delegues<\/a> <\/mark>\ud83d\udc40<\/p>\n\n\n\n<p><strong>T\u00e9l\u00e9charger&nbsp;\ud83d\udcbf<\/strong> :<\/p>\n\n\n\n<p>\u25aa\ufe0e <strong>Dossier de presse &#8211; rapport annuel d&rsquo;activit\u00e9 2023 du D\u00e9fenseur des droits<\/strong> (pdf, 1.71 Mo) <a href=\"https:\/\/www.defenseurdesdroits.fr\/sites\/default\/files\/2024-03\/ddd_DP_rapport-annuel-activite-2023_20240325.pdf\">https:\/\/www.defenseurdesdroits.fr\/sites\/default\/files\/2024-03\/ddd_DP_rapport-annuel-activite-2023_20240325.pdf<\/a><\/p>\n\n\n\n<p>\u25aa\ufe0e <strong>Rapport annuel d&rsquo;activit\u00e9 2023<\/strong> (pdf, 3.08 Mo) <a href=\"https:\/\/www.defenseurdesdroits.fr\/sites\/default\/files\/2024-03\/ddd_rapport-annuel-activite-2023_20240325.pdf\">https:\/\/www.defenseurdesdroits.fr\/sites\/default\/files\/2024-03\/ddd_rapport-annuel-activite-2023_20240325.pdf<\/a><\/p>\n\n\n\n<p><span style=\"text-decoration: underline;\">Vous aimerez aussi<\/span> :<\/p>\n\n\n\n<p>\ud83d\udd34&nbsp; <strong>Les Lanceurs d\u2019Alerte, des H\u00e9ros en Danger<\/strong> : <strong>la LOI Waserman leur Offre un Bouclier | <\/strong><a href=\"https:\/\/www.google.com\/search?client=firefox-b-d&amp;q=Les+lanceurs+d%E2%80%99alerte%2C+des+H%C3%A9ros+en+Danger+%3A+la+LOI+Waserman+leur+Offre+un+Bouclier\"><mark style=\"background-color:rgba(0, 0, 0, 0)\" class=\"has-inline-color has-vivid-red-color\">Une Avanc\u00e9e Historique pour les Lanceurs d\u2019Alerte en France : un Nouveau Souffle<\/mark><strong>&nbsp;<\/strong><\/a><strong> \ud83c\udf2c \u26f1\ufe0f&nbsp; \ud83d\udee1<\/strong><\/p>\n\n\n\n<p>\u2708\ufe0f <strong>Le D\u00e9fenseur des Droits, Jacques Toubon aux Rendez-Vous de l&rsquo;Histoire : Carte Blanche au D\u00e9fenseur des droits. Institution R\u00e9cente de la R\u00e9publique, le D\u00e9fenseur des droits a presque une D\u00e9cennie d\u2019Existence. Protecteur des droits et libert\u00e9s des personnes, il a pour mission de d\u00e9fendre et promouvoir les droits des usagers des services publics, les droits de l\u2019Enfant, de Lutter Contre les Discriminations, d\u2019Assurer le Respect de la D\u00e9ontologie par les Personnes Exer\u00e7ant des Activit\u00e9s de S\u00e9curit\u00e9 et de Prot\u00e9ger et Orienter les Lanceurs d\u2019Alerte. <a href=\"https:\/\/www.youtube.com\/watch?v=JOiQmTo7nWA\"><mark style=\"background-color:rgba(0, 0, 0, 0)\" class=\"has-inline-color has-vivid-red-color\">Dans le Cadre Symbolique du Tribunal<\/mark><\/a> de Blois, Jacques Toubon, actuel D\u00e9fenseur des droits, pr\u00e9sentera les grands moments de son institution et un nouveau Partenariat Original avec les <a href=\"https:\/\/www.youtube.com\/watch?v=PT7U_GzRIv0\"><mark style=\"background-color:rgba(0, 0, 0, 0)\" class=\"has-inline-color has-vivid-red-color\">Rendez-Vous de l\u2019Histoire<\/mark>.<\/a><\/strong><\/p>\n\n\n\n<figure class=\"wp-block-embed aligncenter is-type-video is-provider-youtube wp-block-embed-youtube wp-embed-aspect-16-9 wp-has-aspect-ratio\"><div class=\"wp-block-embed__wrapper\">\n<iframe  id=\"_ytid_90569\"  width=\"640\" height=\"360\"  data-origwidth=\"640\" data-origheight=\"360\" src=\"https:\/\/www.youtube.com\/embed\/0vp8RoiRH_k?enablejsapi=1&#038;autoplay=0&#038;cc_load_policy=0&#038;cc_lang_pref=&#038;iv_load_policy=1&#038;loop=0&#038;rel=1&#038;fs=1&#038;playsinline=0&#038;autohide=2&#038;theme=dark&#038;color=red&#038;controls=1&#038;disablekb=0&#038;\" class=\"__youtube_prefs__  epyt-is-override  no-lazyload\" title=\"YouTube player\"  allow=\"fullscreen; accelerometer; autoplay; clipboard-write; encrypted-media; gyroscope; picture-in-picture; web-share\" referrerpolicy=\"strict-origin-when-cross-origin\" allowfullscreen data-no-lazy=\"1\" data-skipgform_ajax_framebjll=\"\"><\/iframe>\n<\/div><figcaption class=\"wp-element-caption\"><a href=\"http:\/\/Rendez-vous de l'histoire\">Rendez-vous de l&rsquo;histoire<\/a><\/figcaption><\/figure>\n\n\n\n<p>PAR : <strong>Jacques TOUBON<\/strong>, <strong>D\u00e9fenseur des Droits<\/strong><\/p>\n\n\n\n<p>\ud83d\udef8&nbsp;<a href=\"https:\/\/t.me\/ufo_planetactus_sightings\">Ufo Planet Actus Sightings Investigations<\/a>&nbsp;\ud83d\udc7d<br>\ud83e\ude90&nbsp;<a href=\"https:\/\/t.me\/planetactus\">Planet Actus&nbsp;True News Letters<\/a>&nbsp;\ud83d\uddde<br>\ud83d\udcbb&nbsp;<a href=\"https:\/\/planetactus.com\/\">Planet Actus.com<\/a>&nbsp;\ud83e\ude90<\/p>\n\n\n<div class=\"wp-block-post-author\"><div class=\"wp-block-post-author__avatar\"><img decoding=async data-opt-id=1391982141  fetchpriority=\"high\" alt='' src='\/\/www.gravatar.com\/avatar\/1f651b4ef1fc23d4d1601d6f2649258e?s=48&#038;r=g&#038;d=mm' srcset='\/\/www.gravatar.com\/avatar\/1f651b4ef1fc23d4d1601d6f2649258e?s=48&#038;r=g&#038;d=mm 2x' class='avatar avatar-48 photo' height='48' width='48' \/><\/div><div class=\"wp-block-post-author__content\"><p class=\"wp-block-post-author__byline\"><a href=\"http:\/\/planetactus.com\">planetactus<\/a><\/p><p class=\"wp-block-post-author__name\">planetactus.com<\/p><\/div><\/div><div class=\"gsp_post_data\" \r\n\t            data-post_type=\"post\" \r\n\t            data-cat=\"a-la-une,enquetes-dinvestigations,international,leveil,lanceurs-dalertes,resilience\" \r\n\t            data-modified=\"120\"\r\n\t            data-created=\"1727973483\"\r\n\t            data-title=\"Alerte Rouge | Droits en Danger : L\u2019Alarme du D\u00e9fenseur des Droits sur l\u2019\u00c9rosion des Libert\u00e9s en 2023.\" \r\n\t            data-home=\"https:\/\/planetactus.com\"><\/div>","protected":false},"excerpt":{"rendered":"<p>\ud83d\udd34&nbsp; Alerte rouge | Droits en Danger : L\u2019Alarme \u23f0\ufe0f&nbsp;du D\u00e9fenseur des Droits sur l\u2019\u00c9rosion des Libert\u00e9s en 2023 \ud83d\udc68\u200d\u2696\ufe0f&nbsp;\u2696\ufe0f\ud83d\udc69\u200d\u2696\ufe0f | Communiqu\u00e9 de Presse : Le D\u00e9fenseur des droits constate une hausse r\u00e9guli\u00e8re des r\u00e9clamations qui lui sont adress\u00e9es. Autant d\u2019Atteintes aux Droits qui Entravent le Quotidien de Milliers de Personnes pour lesquelles le D\u00e9fenseur [&hellip;]<\/p>\n","protected":false},"author":1,"featured_media":2061,"comment_status":"open","ping_status":"open","sticky":false,"template":"","format":"standard","meta":{"_bbp_topic_count":0,"_bbp_reply_count":0,"_bbp_total_topic_count":0,"_bbp_total_reply_count":0,"_bbp_voice_count":0,"_bbp_anonymous_reply_count":0,"_bbp_topic_count_hidden":0,"_bbp_reply_count_hidden":0,"_bbp_forum_subforum_count":0,"fifu_image_url":"","fifu_image_alt":"","_jetpack_memberships_contains_paid_content":false,"footnotes":"","jetpack_publicize_message":"","jetpack_publicize_feature_enabled":true,"jetpack_social_post_already_shared":false,"jetpack_social_options":{"image_generator_settings":{"template":"highway","default_image_id":0,"font":"","enabled":false},"version":2}},"categories":[19,50,21,41,108,40],"tags":[],"class_list":["post-2057","post","type-post","status-publish","format-standard","has-post-thumbnail","hentry","category-a-la-une","category-enquetes-dinvestigations","category-international","category-leveil","category-lanceurs-dalertes","category-resilience"],"featured_image_src":"https:\/\/mlrdeoj2ejbf.i.optimole.com\/cb:mvHM.4ca\/w:auto\/h:auto\/q:mauto\/f:best\/https:\/\/i0.wp.com\/planetactus.com\/wp-content\/uploads\/2024\/10\/Alerte-Rouge-Droits-en-Danger_LAlarme-du-Defenseur-des-Droits-sur-lErosion-des-Libertes-en-2023_Planet-Actus-IA.webp?fit=1024%2C1024&ssl=1","author_info":{"display_name":"planetactus.com","author_link":"https:\/\/planetactus.com\/index.php\/author\/admin9861\/"},"yoast_head":"<!-- This site is optimized with the Yoast SEO plugin v27.5 - https:\/\/yoast.com\/product\/yoast-seo-wordpress\/ -->\n<title>Alerte Rouge | Droits en Danger : L\u2019Alarme du D\u00e9fenseur des Droits sur l\u2019\u00c9rosion des Libert\u00e9s en 2023. -<\/title>\n<meta name=\"description\" content=\"Communiqu\u00e9 de Presse : Le D\u00e9fenseur des droits constate une hausse r\u00e9guli\u00e8re des r\u00e9clamations qui lui sont adress\u00e9es. Autant d\u2019Atteintes aux Droits qui Entravent le Quotidien de Milliers de Personnes pour lesquelles le D\u00e9fenseur des droits est Souvent le Seul et Sernier Recours. Un foss\u00e9 s\u2019est d\u2019Ailleurs Consid\u00e9rablement Creus\u00e9 Entre les Usagers et les Services PUBLICS.\" class=\"yoast-seo-meta-tag\" \/>\n<meta name=\"robots\" content=\"index, follow, max-snippet:-1, max-image-preview:large, max-video-preview:-1\" \/>\n<link rel=\"canonical\" href=\"https:\/\/planetactus.com\/index.php\/2024\/10\/03\/alerte-rouge-droits-en-danger-lalarme-du-defenseur-des-droits-sur-lerosion-des-libertes-en-2023\/\" class=\"yoast-seo-meta-tag\" \/>\n<meta property=\"og:locale\" content=\"fr_FR\" class=\"yoast-seo-meta-tag\" \/>\n<meta property=\"og:type\" content=\"article\" class=\"yoast-seo-meta-tag\" \/>\n<meta property=\"og:title\" content=\"Alerte Rouge | Droits en Danger : L\u2019Alarme du D\u00e9fenseur des Droits sur l\u2019\u00c9rosion des Libert\u00e9s en 2023.\" class=\"yoast-seo-meta-tag\" \/>\n<meta property=\"og:description\" content=\"Communiqu\u00e9 de Presse : Le D\u00e9fenseur des droits constate une hausse r\u00e9guli\u00e8re des r\u00e9clamations qui lui sont adress\u00e9es. Autant d\u2019Atteintes aux Droits qui Entravent le Quotidien de Milliers de Personnes pour lesquelles le D\u00e9fenseur des droits est Souvent le Seul et Sernier Recours. Un foss\u00e9 s\u2019est d\u2019Ailleurs Consid\u00e9rablement Creus\u00e9 Entre les Usagers et les Services PUBLICS.\" class=\"yoast-seo-meta-tag\" \/>\n<meta property=\"og:url\" content=\"https:\/\/planetactus.com\/index.php\/2024\/10\/03\/alerte-rouge-droits-en-danger-lalarme-du-defenseur-des-droits-sur-lerosion-des-libertes-en-2023\/\" class=\"yoast-seo-meta-tag\" \/>\n<meta property=\"article:publisher\" content=\"https:\/\/www.facebook.com\/profile.php?id=61561620320740\" class=\"yoast-seo-meta-tag\" \/>\n<meta property=\"article:author\" content=\"https:\/\/www.facebook.com\/profile.php?id=61561620320740\" class=\"yoast-seo-meta-tag\" \/>\n<meta property=\"article:published_time\" content=\"2024-10-03T14:38:03+00:00\" class=\"yoast-seo-meta-tag\" \/>\n<meta property=\"article:modified_time\" content=\"2024-10-03T14:38:14+00:00\" class=\"yoast-seo-meta-tag\" \/>\n<meta property=\"og:image\" content=\"https:\/\/mlrdeoj2ejbf.i.optimole.com\/cb:mvHM.4ca\/w:auto\/h:auto\/q:mauto\/f:best\/http:\/\/planetactus.com\/wp-content\/uploads\/2024\/10\/Alerte-Rouge-Droits-en-Danger_LAlarme-du-Defenseur-des-Droits-sur-lErosion-des-Libertes-en-2023_Planet-Actus-IA.webp\" class=\"yoast-seo-meta-tag\" \/>\n\t<meta property=\"og:image:width\" content=\"1024\" class=\"yoast-seo-meta-tag\" \/>\n\t<meta property=\"og:image:height\" content=\"1024\" class=\"yoast-seo-meta-tag\" \/>\n\t<meta property=\"og:image:type\" content=\"image\/webp\" class=\"yoast-seo-meta-tag\" \/>\n<meta name=\"author\" content=\"planetactus.com\" class=\"yoast-seo-meta-tag\" \/>\n<meta name=\"twitter:card\" content=\"summary_large_image\" class=\"yoast-seo-meta-tag\" \/>\n<meta name=\"twitter:title\" content=\"Alerte Rouge | Droits en Danger : L\u2019Alarme du D\u00e9fenseur des Droits sur l\u2019\u00c9rosion des Libert\u00e9s en 2023.\" class=\"yoast-seo-meta-tag\" \/>\n<meta name=\"twitter:image\" content=\"https:\/\/mlrdeoj2ejbf.i.optimole.com\/cb:mvHM.4ca\/w:auto\/h:auto\/q:mauto\/f:best\/https:\/\/i0.wp.com\/planetactus.com\/wp-content\/uploads\/2024\/10\/Alerte-Rouge-Droits-en-Danger_LAlarme-du-Defenseur-des-Droits-sur-lErosion-des-Libertes-en-2023_Planet-Actus-IA.webp?fit=1024%2C1024&ssl=1\" class=\"yoast-seo-meta-tag\" \/>\n<meta name=\"twitter:creator\" content=\"@https:\/\/x.com\/PlanetActus\" class=\"yoast-seo-meta-tag\" \/>\n<meta name=\"twitter:site\" content=\"@PlanetActus\" class=\"yoast-seo-meta-tag\" \/>\n<meta name=\"twitter:label1\" content=\"\u00c9crit par\" class=\"yoast-seo-meta-tag\" \/>\n\t<meta name=\"twitter:data1\" content=\"planetactus.com\" class=\"yoast-seo-meta-tag\" \/>\n\t<meta name=\"twitter:label2\" content=\"Dur\u00e9e de lecture estim\u00e9e\" class=\"yoast-seo-meta-tag\" \/>\n\t<meta name=\"twitter:data2\" content=\"4 minutes\" class=\"yoast-seo-meta-tag\" \/>\n<script type=\"application\/ld+json\" class=\"yoast-schema-graph\">{\"@context\":\"https:\\\/\\\/schema.org\",\"@graph\":[{\"@type\":\"Article\",\"@id\":\"https:\\\/\\\/planetactus.com\\\/index.php\\\/2024\\\/10\\\/03\\\/alerte-rouge-droits-en-danger-lalarme-du-defenseur-des-droits-sur-lerosion-des-libertes-en-2023\\\/#article\",\"isPartOf\":{\"@id\":\"https:\\\/\\\/planetactus.com\\\/index.php\\\/2024\\\/10\\\/03\\\/alerte-rouge-droits-en-danger-lalarme-du-defenseur-des-droits-sur-lerosion-des-libertes-en-2023\\\/\"},\"author\":{\"name\":\"planetactus.com\",\"@id\":\"https:\\\/\\\/planetactus.com\\\/#\\\/schema\\\/person\\\/fbb75ac73a2424d2e176d31b021372a4\"},\"headline\":\"Alerte Rouge | Droits en Danger : L\u2019Alarme du D\u00e9fenseur des Droits sur l\u2019\u00c9rosion des Libert\u00e9s en 2023.\",\"datePublished\":\"2024-10-03T14:38:03+00:00\",\"dateModified\":\"2024-10-03T14:38:14+00:00\",\"mainEntityOfPage\":{\"@id\":\"https:\\\/\\\/planetactus.com\\\/index.php\\\/2024\\\/10\\\/03\\\/alerte-rouge-droits-en-danger-lalarme-du-defenseur-des-droits-sur-lerosion-des-libertes-en-2023\\\/\"},\"wordCount\":835,\"commentCount\":1,\"publisher\":{\"@id\":\"https:\\\/\\\/planetactus.com\\\/#\\\/schema\\\/person\\\/fbb75ac73a2424d2e176d31b021372a4\"},\"image\":{\"@id\":\"https:\\\/\\\/planetactus.com\\\/index.php\\\/2024\\\/10\\\/03\\\/alerte-rouge-droits-en-danger-lalarme-du-defenseur-des-droits-sur-lerosion-des-libertes-en-2023\\\/#primaryimage\"},\"thumbnailUrl\":\"https:\\/\\/i0.wp.com\\/planetactus.com\\/wp-content\\/uploads\\/2024\\/10\\/Alerte-Rouge-Droits-en-Danger_LAlarme-du-Defenseur-des-Droits-sur-lErosion-des-Libertes-en-2023_Planet-Actus-IA.webp?fit=1024%2C1024&ssl=1\",\"articleSection\":[\"A la Une\",\"Enqu\u00eates d'Investigations\",\"International\",\"L'Eveil\",\"Lanceurs d'Alertes\",\"R\u00e9silience\"],\"inLanguage\":\"fr-FR\",\"potentialAction\":[{\"@type\":\"CommentAction\",\"name\":\"Comment\",\"target\":[\"https:\\\/\\\/planetactus.com\\\/index.php\\\/2024\\\/10\\\/03\\\/alerte-rouge-droits-en-danger-lalarme-du-defenseur-des-droits-sur-lerosion-des-libertes-en-2023\\\/#respond\"]}]},{\"@type\":\"WebPage\",\"@id\":\"https:\\\/\\\/planetactus.com\\\/index.php\\\/2024\\\/10\\\/03\\\/alerte-rouge-droits-en-danger-lalarme-du-defenseur-des-droits-sur-lerosion-des-libertes-en-2023\\\/\",\"url\":\"https:\\\/\\\/planetactus.com\\\/index.php\\\/2024\\\/10\\\/03\\\/alerte-rouge-droits-en-danger-lalarme-du-defenseur-des-droits-sur-lerosion-des-libertes-en-2023\\\/\",\"name\":\"Alerte Rouge | Droits en Danger : L\u2019Alarme du D\u00e9fenseur des Droits sur l\u2019\u00c9rosion des Libert\u00e9s en 2023. -\",\"isPartOf\":{\"@id\":\"https:\\\/\\\/planetactus.com\\\/#website\"},\"primaryImageOfPage\":{\"@id\":\"https:\\\/\\\/planetactus.com\\\/index.php\\\/2024\\\/10\\\/03\\\/alerte-rouge-droits-en-danger-lalarme-du-defenseur-des-droits-sur-lerosion-des-libertes-en-2023\\\/#primaryimage\"},\"image\":{\"@id\":\"https:\\\/\\\/planetactus.com\\\/index.php\\\/2024\\\/10\\\/03\\\/alerte-rouge-droits-en-danger-lalarme-du-defenseur-des-droits-sur-lerosion-des-libertes-en-2023\\\/#primaryimage\"},\"thumbnailUrl\":\"https:\\/\\/i0.wp.com\\/planetactus.com\\/wp-content\\/uploads\\/2024\\/10\\/Alerte-Rouge-Droits-en-Danger_LAlarme-du-Defenseur-des-Droits-sur-lErosion-des-Libertes-en-2023_Planet-Actus-IA.webp?fit=1024%2C1024&ssl=1\",\"datePublished\":\"2024-10-03T14:38:03+00:00\",\"dateModified\":\"2024-10-03T14:38:14+00:00\",\"description\":\"Communiqu\u00e9 de Presse : Le D\u00e9fenseur des droits constate une hausse r\u00e9guli\u00e8re des r\u00e9clamations qui lui sont adress\u00e9es. Autant d\u2019Atteintes aux Droits qui Entravent le Quotidien de Milliers de Personnes pour lesquelles le D\u00e9fenseur des droits est Souvent le Seul et Sernier Recours. Un foss\u00e9 s\u2019est d\u2019Ailleurs Consid\u00e9rablement Creus\u00e9 Entre les Usagers et les Services PUBLICS.\",\"breadcrumb\":{\"@id\":\"https:\\\/\\\/planetactus.com\\\/index.php\\\/2024\\\/10\\\/03\\\/alerte-rouge-droits-en-danger-lalarme-du-defenseur-des-droits-sur-lerosion-des-libertes-en-2023\\\/#breadcrumb\"},\"inLanguage\":\"fr-FR\",\"potentialAction\":[{\"@type\":\"ReadAction\",\"target\":[\"https:\\\/\\\/planetactus.com\\\/index.php\\\/2024\\\/10\\\/03\\\/alerte-rouge-droits-en-danger-lalarme-du-defenseur-des-droits-sur-lerosion-des-libertes-en-2023\\\/\"]}]},{\"@type\":\"ImageObject\",\"inLanguage\":\"fr-FR\",\"@id\":\"https:\\\/\\\/planetactus.com\\\/index.php\\\/2024\\\/10\\\/03\\\/alerte-rouge-droits-en-danger-lalarme-du-defenseur-des-droits-sur-lerosion-des-libertes-en-2023\\\/#primaryimage\",\"url\":\"https:\\/\\/i0.wp.com\\/planetactus.com\\/wp-content\\/uploads\\/2024\\/10\\/Alerte-Rouge-Droits-en-Danger_LAlarme-du-Defenseur-des-Droits-sur-lErosion-des-Libertes-en-2023_Planet-Actus-IA.webp?fit=1024%2C1024&ssl=1\",\"contentUrl\":\"https:\\/\\/i0.wp.com\\/planetactus.com\\/wp-content\\/uploads\\/2024\\/10\\/Alerte-Rouge-Droits-en-Danger_LAlarme-du-Defenseur-des-Droits-sur-lErosion-des-Libertes-en-2023_Planet-Actus-IA.webp?fit=1024%2C1024&ssl=1\",\"width\":1024,\"height\":1024,\"caption\":\"Alerte-Rouge-Droits-en-Danger_LAlarme-du-Defenseur-des-Droits-sur-lErosion-des-Libertes-en-2023_Planet-Actus-IA.webp\"},{\"@type\":\"BreadcrumbList\",\"@id\":\"https:\\\/\\\/planetactus.com\\\/index.php\\\/2024\\\/10\\\/03\\\/alerte-rouge-droits-en-danger-lalarme-du-defenseur-des-droits-sur-lerosion-des-libertes-en-2023\\\/#breadcrumb\",\"itemListElement\":[{\"@type\":\"ListItem\",\"position\":1,\"name\":\"Accueil\",\"item\":\"https:\\\/\\\/planetactus.com\\\/\"},{\"@type\":\"ListItem\",\"position\":2,\"name\":\"Alerte Rouge | Droits en Danger : L\u2019Alarme du D\u00e9fenseur des Droits sur l\u2019\u00c9rosion des Libert\u00e9s en 2023.\"}]},{\"@type\":\"WebSite\",\"@id\":\"https:\\\/\\\/planetactus.com\\\/#website\",\"url\":\"https:\\\/\\\/planetactus.com\\\/\",\"name\":\"PLANET ACTUS\",\"description\":\"PLANET ACTUS\",\"publisher\":{\"@id\":\"https:\\\/\\\/planetactus.com\\\/#\\\/schema\\\/person\\\/fbb75ac73a2424d2e176d31b021372a4\"},\"potentialAction\":[{\"@type\":\"SearchAction\",\"target\":{\"@type\":\"EntryPoint\",\"urlTemplate\":\"https:\\\/\\\/planetactus.com\\\/?s={search_term_string}\"},\"query-input\":{\"@type\":\"PropertyValueSpecification\",\"valueRequired\":true,\"valueName\":\"search_term_string\"}}],\"inLanguage\":\"fr-FR\"},{\"@type\":[\"Person\",\"Organization\"],\"@id\":\"https:\\\/\\\/planetactus.com\\\/#\\\/schema\\\/person\\\/fbb75ac73a2424d2e176d31b021372a4\",\"name\":\"planetactus.com\",\"image\":{\"@type\":\"ImageObject\",\"inLanguage\":\"fr-FR\",\"@id\":\"https:\\/\\/i0.wp.com\\/planetactus.com\\/wp-content\\/uploads\\/2024\\/07\\/cropped-2-Planet-Actus-Banniere-02a.jpg?fit=1189%2C365&ssl=1\",\"url\":\"https:\\/\\/i0.wp.com\\/planetactus.com\\/wp-content\\/uploads\\/2024\\/07\\/cropped-2-Planet-Actus-Banniere-02a.jpg?fit=1189%2C365&ssl=1\",\"contentUrl\":\"https:\\/\\/i0.wp.com\\/planetactus.com\\/wp-content\\/uploads\\/2024\\/07\\/cropped-2-Planet-Actus-Banniere-02a.jpg?fit=1189%2C365&ssl=1\",\"width\":1189,\"height\":365,\"caption\":\"planetactus.com\"},\"logo\":{\"@id\":\"https:\\/\\/i0.wp.com\\/planetactus.com\\/wp-content\\/uploads\\/2024\\/07\\/cropped-2-Planet-Actus-Banniere-02a.jpg?fit=1189%2C365&ssl=1\"},\"sameAs\":[\"http:\\\/\\\/planetactus.com\",\"https:\\\/\\\/www.facebook.com\\\/profile.php?id=61561620320740\",\"https:\\\/\\\/x.com\\\/https:\\\/\\\/x.com\\\/PlanetActus\",\"https:\\\/\\\/www.youtube.com\\\/@PlanetActus\"],\"url\":\"https:\\\/\\\/planetactus.com\\\/index.php\\\/author\\\/admin9861\\\/\"}]}<\/script>\n<!-- \/ Yoast SEO plugin. -->","yoast_head_json":{"title":"Alerte Rouge | Droits en Danger : L\u2019Alarme du D\u00e9fenseur des Droits sur l\u2019\u00c9rosion des Libert\u00e9s en 2023. -","description":"Communiqu\u00e9 de Presse : Le D\u00e9fenseur des droits constate une hausse r\u00e9guli\u00e8re des r\u00e9clamations qui lui sont adress\u00e9es. Autant d\u2019Atteintes aux Droits qui Entravent le Quotidien de Milliers de Personnes pour lesquelles le D\u00e9fenseur des droits est Souvent le Seul et Sernier Recours. Un foss\u00e9 s\u2019est d\u2019Ailleurs Consid\u00e9rablement Creus\u00e9 Entre les Usagers et les Services PUBLICS.","robots":{"index":"index","follow":"follow","max-snippet":"max-snippet:-1","max-image-preview":"max-image-preview:large","max-video-preview":"max-video-preview:-1"},"canonical":"https:\/\/planetactus.com\/index.php\/2024\/10\/03\/alerte-rouge-droits-en-danger-lalarme-du-defenseur-des-droits-sur-lerosion-des-libertes-en-2023\/","og_locale":"fr_FR","og_type":"article","og_title":"Alerte Rouge | Droits en Danger : L\u2019Alarme du D\u00e9fenseur des Droits sur l\u2019\u00c9rosion des Libert\u00e9s en 2023.","og_description":"Communiqu\u00e9 de Presse : Le D\u00e9fenseur des droits constate une hausse r\u00e9guli\u00e8re des r\u00e9clamations qui lui sont adress\u00e9es. Autant d\u2019Atteintes aux Droits qui Entravent le Quotidien de Milliers de Personnes pour lesquelles le D\u00e9fenseur des droits est Souvent le Seul et Sernier Recours. Un foss\u00e9 s\u2019est d\u2019Ailleurs Consid\u00e9rablement Creus\u00e9 Entre les Usagers et les Services PUBLICS.","og_url":"https:\/\/planetactus.com\/index.php\/2024\/10\/03\/alerte-rouge-droits-en-danger-lalarme-du-defenseur-des-droits-sur-lerosion-des-libertes-en-2023\/","article_publisher":"https:\/\/www.facebook.com\/profile.php?id=61561620320740","article_author":"https:\/\/www.facebook.com\/profile.php?id=61561620320740","article_published_time":"2024-10-03T14:38:03+00:00","article_modified_time":"2024-10-03T14:38:14+00:00","og_image":[{"width":1024,"height":1024,"url":"https:\/\/mlrdeoj2ejbf.i.optimole.com\/cb:mvHM.4ca\/w:auto\/h:auto\/q:mauto\/f:best\/http:\/\/planetactus.com\/wp-content\/uploads\/2024\/10\/Alerte-Rouge-Droits-en-Danger_LAlarme-du-Defenseur-des-Droits-sur-lErosion-des-Libertes-en-2023_Planet-Actus-IA.webp","type":"image\/webp"}],"author":"planetactus.com","twitter_card":"summary_large_image","twitter_title":"Alerte Rouge | Droits en Danger : L\u2019Alarme du D\u00e9fenseur des Droits sur l\u2019\u00c9rosion des Libert\u00e9s en 2023.","twitter_image":"https:\/\/mlrdeoj2ejbf.i.optimole.com\/cb:mvHM.4ca\/w:auto\/h:auto\/q:mauto\/f:best\/https:\/\/i0.wp.com\/planetactus.com\/wp-content\/uploads\/2024\/10\/Alerte-Rouge-Droits-en-Danger_LAlarme-du-Defenseur-des-Droits-sur-lErosion-des-Libertes-en-2023_Planet-Actus-IA.webp?fit=1024%2C1024&ssl=1","twitter_creator":"@https:\/\/x.com\/PlanetActus","twitter_site":"@PlanetActus","twitter_misc":{"\u00c9crit par":"planetactus.com","Dur\u00e9e de lecture estim\u00e9e":"4 minutes"},"schema":{"@context":"https:\/\/schema.org","@graph":[{"@type":"Article","@id":"https:\/\/planetactus.com\/index.php\/2024\/10\/03\/alerte-rouge-droits-en-danger-lalarme-du-defenseur-des-droits-sur-lerosion-des-libertes-en-2023\/#article","isPartOf":{"@id":"https:\/\/planetactus.com\/index.php\/2024\/10\/03\/alerte-rouge-droits-en-danger-lalarme-du-defenseur-des-droits-sur-lerosion-des-libertes-en-2023\/"},"author":{"name":"planetactus.com","@id":"https:\/\/planetactus.com\/#\/schema\/person\/fbb75ac73a2424d2e176d31b021372a4"},"headline":"Alerte Rouge | Droits en Danger : L\u2019Alarme du D\u00e9fenseur des Droits sur l\u2019\u00c9rosion des Libert\u00e9s en 2023.","datePublished":"2024-10-03T14:38:03+00:00","dateModified":"2024-10-03T14:38:14+00:00","mainEntityOfPage":{"@id":"https:\/\/planetactus.com\/index.php\/2024\/10\/03\/alerte-rouge-droits-en-danger-lalarme-du-defenseur-des-droits-sur-lerosion-des-libertes-en-2023\/"},"wordCount":835,"commentCount":1,"publisher":{"@id":"https:\/\/planetactus.com\/#\/schema\/person\/fbb75ac73a2424d2e176d31b021372a4"},"image":{"@id":"https:\/\/planetactus.com\/index.php\/2024\/10\/03\/alerte-rouge-droits-en-danger-lalarme-du-defenseur-des-droits-sur-lerosion-des-libertes-en-2023\/#primaryimage"},"thumbnailUrl":"https:\/\/mlrdeoj2ejbf.i.optimole.com\/cb:mvHM.4ca\/w:auto\/h:auto\/q:mauto\/f:best\/https:\/\/i0.wp.com\/planetactus.com\/wp-content\/uploads\/2024\/10\/Alerte-Rouge-Droits-en-Danger_LAlarme-du-Defenseur-des-Droits-sur-lErosion-des-Libertes-en-2023_Planet-Actus-IA.webp?fit=1024%2C1024&ssl=1","articleSection":["A la Une","Enqu\u00eates d'Investigations","International","L'Eveil","Lanceurs d'Alertes","R\u00e9silience"],"inLanguage":"fr-FR","potentialAction":[{"@type":"CommentAction","name":"Comment","target":["https:\/\/planetactus.com\/index.php\/2024\/10\/03\/alerte-rouge-droits-en-danger-lalarme-du-defenseur-des-droits-sur-lerosion-des-libertes-en-2023\/#respond"]}]},{"@type":"WebPage","@id":"https:\/\/planetactus.com\/index.php\/2024\/10\/03\/alerte-rouge-droits-en-danger-lalarme-du-defenseur-des-droits-sur-lerosion-des-libertes-en-2023\/","url":"https:\/\/planetactus.com\/index.php\/2024\/10\/03\/alerte-rouge-droits-en-danger-lalarme-du-defenseur-des-droits-sur-lerosion-des-libertes-en-2023\/","name":"Alerte Rouge | Droits en Danger : L\u2019Alarme du D\u00e9fenseur des Droits sur l\u2019\u00c9rosion des Libert\u00e9s en 2023. -","isPartOf":{"@id":"https:\/\/planetactus.com\/#website"},"primaryImageOfPage":{"@id":"https:\/\/planetactus.com\/index.php\/2024\/10\/03\/alerte-rouge-droits-en-danger-lalarme-du-defenseur-des-droits-sur-lerosion-des-libertes-en-2023\/#primaryimage"},"image":{"@id":"https:\/\/planetactus.com\/index.php\/2024\/10\/03\/alerte-rouge-droits-en-danger-lalarme-du-defenseur-des-droits-sur-lerosion-des-libertes-en-2023\/#primaryimage"},"thumbnailUrl":"https:\/\/mlrdeoj2ejbf.i.optimole.com\/cb:mvHM.4ca\/w:auto\/h:auto\/q:mauto\/f:best\/https:\/\/i0.wp.com\/planetactus.com\/wp-content\/uploads\/2024\/10\/Alerte-Rouge-Droits-en-Danger_LAlarme-du-Defenseur-des-Droits-sur-lErosion-des-Libertes-en-2023_Planet-Actus-IA.webp?fit=1024%2C1024&ssl=1","datePublished":"2024-10-03T14:38:03+00:00","dateModified":"2024-10-03T14:38:14+00:00","description":"Communiqu\u00e9 de Presse : Le D\u00e9fenseur des droits constate une hausse r\u00e9guli\u00e8re des r\u00e9clamations qui lui sont adress\u00e9es. Autant d\u2019Atteintes aux Droits qui Entravent le Quotidien de Milliers de Personnes pour lesquelles le D\u00e9fenseur des droits est Souvent le Seul et Sernier Recours. Un foss\u00e9 s\u2019est d\u2019Ailleurs Consid\u00e9rablement Creus\u00e9 Entre les Usagers et les Services PUBLICS.","breadcrumb":{"@id":"https:\/\/planetactus.com\/index.php\/2024\/10\/03\/alerte-rouge-droits-en-danger-lalarme-du-defenseur-des-droits-sur-lerosion-des-libertes-en-2023\/#breadcrumb"},"inLanguage":"fr-FR","potentialAction":[{"@type":"ReadAction","target":["https:\/\/planetactus.com\/index.php\/2024\/10\/03\/alerte-rouge-droits-en-danger-lalarme-du-defenseur-des-droits-sur-lerosion-des-libertes-en-2023\/"]}]},{"@type":"ImageObject","inLanguage":"fr-FR","@id":"https:\/\/planetactus.com\/index.php\/2024\/10\/03\/alerte-rouge-droits-en-danger-lalarme-du-defenseur-des-droits-sur-lerosion-des-libertes-en-2023\/#primaryimage","url":"https:\/\/mlrdeoj2ejbf.i.optimole.com\/cb:mvHM.4ca\/w:auto\/h:auto\/q:mauto\/f:best\/https:\/\/i0.wp.com\/planetactus.com\/wp-content\/uploads\/2024\/10\/Alerte-Rouge-Droits-en-Danger_LAlarme-du-Defenseur-des-Droits-sur-lErosion-des-Libertes-en-2023_Planet-Actus-IA.webp?fit=1024%2C1024&ssl=1","contentUrl":"https:\/\/mlrdeoj2ejbf.i.optimole.com\/cb:mvHM.4ca\/w:auto\/h:auto\/q:mauto\/f:best\/https:\/\/i0.wp.com\/planetactus.com\/wp-content\/uploads\/2024\/10\/Alerte-Rouge-Droits-en-Danger_LAlarme-du-Defenseur-des-Droits-sur-lErosion-des-Libertes-en-2023_Planet-Actus-IA.webp?fit=1024%2C1024&ssl=1","width":1024,"height":1024,"caption":"Alerte-Rouge-Droits-en-Danger_LAlarme-du-Defenseur-des-Droits-sur-lErosion-des-Libertes-en-2023_Planet-Actus-IA.webp"},{"@type":"BreadcrumbList","@id":"https:\/\/planetactus.com\/index.php\/2024\/10\/03\/alerte-rouge-droits-en-danger-lalarme-du-defenseur-des-droits-sur-lerosion-des-libertes-en-2023\/#breadcrumb","itemListElement":[{"@type":"ListItem","position":1,"name":"Accueil","item":"https:\/\/planetactus.com\/"},{"@type":"ListItem","position":2,"name":"Alerte Rouge | Droits en Danger : L\u2019Alarme du D\u00e9fenseur des Droits sur l\u2019\u00c9rosion des Libert\u00e9s en 2023."}]},{"@type":"WebSite","@id":"https:\/\/planetactus.com\/#website","url":"https:\/\/planetactus.com\/","name":"PLANET ACTUS","description":"PLANET ACTUS","publisher":{"@id":"https:\/\/planetactus.com\/#\/schema\/person\/fbb75ac73a2424d2e176d31b021372a4"},"potentialAction":[{"@type":"SearchAction","target":{"@type":"EntryPoint","urlTemplate":"https:\/\/planetactus.com\/?s={search_term_string}"},"query-input":{"@type":"PropertyValueSpecification","valueRequired":true,"valueName":"search_term_string"}}],"inLanguage":"fr-FR"},{"@type":["Person","Organization"],"@id":"https:\/\/planetactus.com\/#\/schema\/person\/fbb75ac73a2424d2e176d31b021372a4","name":"planetactus.com","image":{"@type":"ImageObject","inLanguage":"fr-FR","@id":"https:\/\/mlrdeoj2ejbf.i.optimole.com\/cb:mvHM.4ca\/w:auto\/h:auto\/q:mauto\/f:best\/https:\/\/i0.wp.com\/planetactus.com\/wp-content\/uploads\/2024\/07\/cropped-2-Planet-Actus-Banniere-02a.jpg?fit=1189%2C365&ssl=1","url":"https:\/\/mlrdeoj2ejbf.i.optimole.com\/cb:mvHM.4ca\/w:auto\/h:auto\/q:mauto\/f:best\/https:\/\/i0.wp.com\/planetactus.com\/wp-content\/uploads\/2024\/07\/cropped-2-Planet-Actus-Banniere-02a.jpg?fit=1189%2C365&ssl=1","contentUrl":"https:\/\/mlrdeoj2ejbf.i.optimole.com\/cb:mvHM.4ca\/w:auto\/h:auto\/q:mauto\/f:best\/https:\/\/i0.wp.com\/planetactus.com\/wp-content\/uploads\/2024\/07\/cropped-2-Planet-Actus-Banniere-02a.jpg?fit=1189%2C365&ssl=1","width":1189,"height":365,"caption":"planetactus.com"},"logo":{"@id":"https:\/\/mlrdeoj2ejbf.i.optimole.com\/cb:mvHM.4ca\/w:auto\/h:auto\/q:mauto\/f:best\/https:\/\/i0.wp.com\/planetactus.com\/wp-content\/uploads\/2024\/07\/cropped-2-Planet-Actus-Banniere-02a.jpg?fit=1189%2C365&ssl=1"},"sameAs":["http:\/\/planetactus.com","https:\/\/www.facebook.com\/profile.php?id=61561620320740","https:\/\/x.com\/https:\/\/x.com\/PlanetActus","https:\/\/www.youtube.com\/@PlanetActus"],"url":"https:\/\/planetactus.com\/index.php\/author\/admin9861\/"}]}},"jetpack_publicize_connections":[],"jetpack_featured_media_url":"https:\/\/mlrdeoj2ejbf.i.optimole.com\/cb:mvHM.4ca\/w:auto\/h:auto\/q:mauto\/f:best\/https:\/\/i0.wp.com\/planetactus.com\/wp-content\/uploads\/2024\/10\/Alerte-Rouge-Droits-en-Danger_LAlarme-du-Defenseur-des-Droits-sur-lErosion-des-Libertes-en-2023_Planet-Actus-IA.webp?fit=1024%2C1024&ssl=1","jetpack_sharing_enabled":true,"_links":{"self":[{"href":"https:\/\/planetactus.com\/index.php\/wp-json\/wp\/v2\/posts\/2057","targetHints":{"allow":["GET"]}}],"collection":[{"href":"https:\/\/planetactus.com\/index.php\/wp-json\/wp\/v2\/posts"}],"about":[{"href":"https:\/\/planetactus.com\/index.php\/wp-json\/wp\/v2\/types\/post"}],"author":[{"embeddable":true,"href":"https:\/\/planetactus.com\/index.php\/wp-json\/wp\/v2\/users\/1"}],"replies":[{"embeddable":true,"href":"https:\/\/planetactus.com\/index.php\/wp-json\/wp\/v2\/comments?post=2057"}],"version-history":[{"count":8,"href":"https:\/\/planetactus.com\/index.php\/wp-json\/wp\/v2\/posts\/2057\/revisions"}],"predecessor-version":[{"id":2066,"href":"https:\/\/planetactus.com\/index.php\/wp-json\/wp\/v2\/posts\/2057\/revisions\/2066"}],"wp:featuredmedia":[{"embeddable":true,"href":"https:\/\/planetactus.com\/index.php\/wp-json\/wp\/v2\/media\/2061"}],"wp:attachment":[{"href":"https:\/\/planetactus.com\/index.php\/wp-json\/wp\/v2\/media?parent=2057"}],"wp:term":[{"taxonomy":"category","embeddable":true,"href":"https:\/\/planetactus.com\/index.php\/wp-json\/wp\/v2\/categories?post=2057"},{"taxonomy":"post_tag","embeddable":true,"href":"https:\/\/planetactus.com\/index.php\/wp-json\/wp\/v2\/tags?post=2057"}],"curies":[{"name":"wp","href":"https:\/\/api.w.org\/{rel}","templated":true}]}}