{"id":2889,"date":"2024-11-14T07:37:29","date_gmt":"2024-11-14T06:37:29","guid":{"rendered":"https:\/\/planetactus.com\/?p=2889"},"modified":"2024-11-14T18:19:06","modified_gmt":"2024-11-14T17:19:06","slug":"justice-en-peril-laffaire-reiner-fuellmich-et-lappel-international-a-la-liberation","status":"publish","type":"post","link":"https:\/\/planetactus.com\/index.php\/2024\/11\/14\/justice-en-peril-laffaire-reiner-fuellmich-et-lappel-international-a-la-liberation\/","title":{"rendered":"Justice en P\u00e9ril ? L&rsquo;Affaire Reiner F\u00fcellmich et l&rsquo;Appel International \u00e0 la Lib\u00e9ration."},"content":{"rendered":"\n<p>\ud83d\udce2 <strong>La Voix des Opposants R\u00e9duite au Silence ? Le Cas Reiner F\u00fcellmich et la Lutte pour la V\u00e9rit\u00e9<\/strong> \ud83d\udcaa<\/p>\n\n\n\n<p><strong><mark style=\"background-color:rgba(0, 0, 0, 0)\" class=\"has-inline-color has-vivid-red-color\">La D\u00e9tention Controvers\u00e9e de Reiner F\u00fcellmich : Une Affaire au C\u0153ur de l\u2019Opinion Publique.<\/mark><\/strong><\/p>\n\n\n\n<p><strong>Depuis octobre 2023, l\u2019avocat et critique influent des mesures COVID-19, Dr. Reiner F\u00fcellmich, est retenu en d\u00e9tention provisoire en Allemagne. Ce sp\u00e9cialiste, connu pour ses prises de position radicales contre les restrictions sanitaires,<\/strong> <mark style=\"background-color:rgba(0, 0, 0, 0)\" class=\"has-inline-color has-vivid-red-color\">fut arr\u00eat\u00e9 dans des circonstances obscures \u00e0 l\u2019a\u00e9roport de Francfort, un \u00e9v\u00e9nement qui a d\u00e9clench\u00e9 une vague de soutien \u00e0 travers le monde<\/mark>. <strong>Aujourd\u2019hui, une <\/strong><a href=\"https:\/\/www.freereinerfuellmich.org\/\">p\u00e9tition internationale exige sa lib\u00e9ration imm\u00e9diate<\/a><strong> \ud83d\udd17, pointant du doigt la l\u00e9galit\u00e9 douteuse de sa d\u00e9tention et les s\u00e9v\u00e8res conditions dans lesquelles il est maintenu.<\/strong><\/p>\n\n\n\n<figure class=\"wp-block-embed aligncenter is-type-video is-provider-youtube wp-block-embed-youtube wp-embed-aspect-16-9 wp-has-aspect-ratio\"><div class=\"wp-block-embed__wrapper\">\n<iframe  id=\"_ytid_41739\"  width=\"640\" height=\"360\"  data-origwidth=\"640\" data-origheight=\"360\" src=\"https:\/\/www.youtube.com\/embed\/2ETeDjoyzHY?enablejsapi=1&#038;autoplay=0&#038;cc_load_policy=0&#038;cc_lang_pref=&#038;iv_load_policy=1&#038;loop=0&#038;rel=1&#038;fs=1&#038;playsinline=0&#038;autohide=2&#038;theme=dark&#038;color=red&#038;controls=1&#038;disablekb=0&#038;\" class=\"__youtube_prefs__  epyt-is-override  no-lazyload\" title=\"YouTube player\"  allow=\"fullscreen; accelerometer; autoplay; clipboard-write; encrypted-media; gyroscope; picture-in-picture; web-share\" referrerpolicy=\"strict-origin-when-cross-origin\" allowfullscreen data-no-lazy=\"1\" data-skipgform_ajax_framebjll=\"\"><\/iframe>\n<\/div><figcaption class=\"wp-element-caption\">L&rsquo;avocat Reiner Fuellmich arr\u00eat\u00e9 et incarc\u00e9r\u00e9 | \u00c9mission du 19 octobre 2023 \/ <a href=\"https:\/\/www.youtube.com\/@JeanDominiqueMichel_1\">Jean-Dominique Michel<\/a> \ud83d\udd17 (Anthropo-logiques)<\/figcaption><\/figure>\n\n\n\n<h4 class=\"wp-block-heading\"><mark style=\"background-color:rgba(0, 0, 0, 0)\" class=\"has-inline-color has-vivid-red-color\"><mark style=\"background-color:rgba(0, 0, 0, 0)\" class=\"has-inline-color has-vivid-red-color\"><\/mark><\/mark><\/h4>\n\n\n\n<p><strong><mark style=\"background-color:rgba(0, 0, 0, 0)\" class=\"has-inline-color has-vivid-red-color\">Des Inculpations R\u00e9duites et des Questions L\u00e9gales.<\/mark><\/strong><\/p>\n\n\n\n<p><strong>\u00c0 l\u2019origine, 18 chefs d\u2019inculpation avaient \u00e9t\u00e9 formul\u00e9s contre Reiner F\u00fcellmich. <\/strong><mark style=\"background-color:rgba(0, 0, 0, 0)\" class=\"has-inline-color has-vivid-red-color\">Cependant, il n\u2019en reste plus qu\u2019un seul, li\u00e9 \u00e0 des pr\u00eats personnels, soulevant des interrogations sur la solidit\u00e9 des preuves et l\u2019acharnement judiciaire dont il serait victime<\/mark>. <strong>En vertu du code de proc\u00e9dure p\u00e9nale allemand, la d\u00e9tention provisoire ne doit pas exc\u00e9der six mois sans raisons valables, mais <\/strong><a href=\"https:\/\/www.google.com\/search?client=firefox-b-d&amp;q=restrictions+sanitaires+covid-19\"><mark style=\"background-color:rgba(0, 0, 0, 0)\" class=\"has-inline-color has-vivid-red-color\">l\u2019absence de justification transparente<\/mark><\/a><strong> \ud83d\udd17<\/strong> <strong>sur la prolongation de sa d\u00e9tention alimente la frustration et l\u2019indignation de ses partisans.<\/strong><\/p>\n\n\n\n<p><strong><mark style=\"background-color:rgba(0, 0, 0, 0)\" class=\"has-inline-color has-vivid-red-color\">Conditions de D\u00e9tention : Isolement et Restrictions Extr\u00eames.<\/mark><\/strong><\/p>\n\n\n\n<p><mark style=\"background-color:rgba(0, 0, 0, 0)\" class=\"has-inline-color has-vivid-red-color\">Actuellement emprisonn\u00e9 <\/mark><strong>\u00e0 Rosdorf, pr\u00e8s de G\u00f6ttingen, le Dr. F\u00fcellmich est <\/strong><mark style=\"background-color:rgba(0, 0, 0, 0)\" class=\"has-inline-color has-vivid-red-color\">soumis \u00e0 un r\u00e9gime d\u2019isolement s\u00e9v\u00e8re<\/mark><strong>. Sa communication est strictement limit\u00e9e, avec seulement trois heures de visite mensuelles autoris\u00e9es. Le 11 juin, il a de nouveau \u00e9t\u00e9 plac\u00e9 en isolement total apr\u00e8s avoir, selon les autorit\u00e9s, fourni des conseils juridiques \u00e0 ses cod\u00e9tenus. Ces conditions, consid\u00e9r\u00e9es comme punitives, comprennent une heure d\u2019exercice en plein air par jour, qu\u2019il doit passer seul, sans acc\u00e8s aux \u00e9quipements communs comme la salle de sport. Ces mesures soulignent un traitement qui semble aller au-del\u00e0 des standards normaux pour une personne en d\u00e9tention provisoire, <\/strong><mark style=\"background-color:rgba(0, 0, 0, 0)\" class=\"has-inline-color has-vivid-red-color\">surtout en l&rsquo;absence de preuves suffisantes pour justifier cette rigueur.<\/mark><\/p>\n\n\n\n<h4 class=\"wp-block-heading\"><mark style=\"background-color:rgba(0, 0, 0, 0)\" class=\"has-inline-color has-vivid-red-color\"><mark style=\"background-color:rgba(0, 0, 0, 0)\" class=\"has-inline-color has-vivid-red-color\"><\/mark><\/mark><\/h4>\n\n\n\n<figure class=\"wp-block-embed aligncenter is-type-video is-provider-youtube wp-block-embed-youtube wp-embed-aspect-16-9 wp-has-aspect-ratio\"><div class=\"wp-block-embed__wrapper\">\n<iframe  id=\"_ytid_48500\"  width=\"640\" height=\"360\"  data-origwidth=\"640\" data-origheight=\"360\" src=\"https:\/\/www.youtube.com\/embed\/7nWD-JpQiN0?enablejsapi=1&#038;autoplay=0&#038;cc_load_policy=0&#038;cc_lang_pref=&#038;iv_load_policy=1&#038;loop=0&#038;rel=1&#038;fs=1&#038;playsinline=0&#038;autohide=2&#038;theme=dark&#038;color=red&#038;controls=1&#038;disablekb=0&#038;\" class=\"__youtube_prefs__  epyt-is-override  no-lazyload\" title=\"YouTube player\"  allow=\"fullscreen; accelerometer; autoplay; clipboard-write; encrypted-media; gyroscope; picture-in-picture; web-share\" referrerpolicy=\"strict-origin-when-cross-origin\" allowfullscreen data-no-lazy=\"1\" data-skipgform_ajax_framebjll=\"\"><\/iframe>\n<\/div><figcaption class=\"wp-element-caption\">Reiner Fuellmich Update 16 oktober 2024 \/ <a href=\"https:\/\/www.youtube.com\/@mordechai-krispijn\">Mordechai Krispijn<\/a> \ud83d\udd17<\/figcaption><\/figure>\n\n\n\n<p><strong><mark style=\"background-color:rgba(0, 0, 0, 0)\" class=\"has-inline-color has-vivid-red-color\">Une Affaire Politique D\u00e9guis\u00e9e en Proc\u00e8s Judiciaire ?<\/mark><\/strong><\/p>\n\n\n\n<p>\ud83d\udd2d <mark style=\"background-color:rgba(0, 0, 0, 0)\" class=\"has-inline-color has-vivid-red-color\">Les observateurs<\/mark> <strong>et les avocats de F\u00fcellmich d\u00e9noncent une instrumentalisation politique visant \u00e0 faire taire un critique g\u00eanant. En effet, <a href=\"https:\/\/www.freereinerfuellmich.org\/documenten\/\">ce proc\u00e8s semble transcender les questions judiciaires<\/a>, s\u2019inscrivant dans un contexte de r\u00e9pression plus large contre les voix oppos\u00e9es aux mesures sanitaires et \u00e0 l\u2019establishment m\u00e9dical. Le caract\u00e8re controvers\u00e9 de cette affaire soul\u00e8ve une question cruciale :<\/strong> <mark style=\"background-color:rgba(0, 0, 0, 0)\" class=\"has-inline-color has-vivid-red-color\">la justice peut-elle demeurer Impartiale face aux Pressions Politiques dans des Dossiers Aussi M\u00e9diatis\u00e9s ?<\/mark><\/p>\n\n\n\n<p><strong><mark style=\"background-color:rgba(0, 0, 0, 0)\" class=\"has-inline-color has-vivid-red-color\">Un Mouvement International pour la Libert\u00e9.<\/mark><\/strong><\/p>\n\n\n\n<p><strong>Face \u00e0 cette situation, la Communaut\u00e9 Internationale s\u2019Organise. La p\u00e9tition pour la lib\u00e9ration de F\u00fcellmich compte aujourd\u2019hui plus de<\/strong> <a href=\"https:\/\/www.freereinerfuellmich.org\/\"><mark style=\"background-color:rgba(0, 0, 0, 0)\" class=\"has-inline-color has-vivid-red-color\">40 000 signatures<\/mark><\/a> \ud83d\udd17. <strong>Les signataires consid\u00e8rent que son emprisonnement constitue une<\/strong> <a href=\"https:\/\/www.google.com\/search?client=firefox-b-d&amp;q=atteinte+%C3%A0+la+libert%C3%A9+d%E2%80%99expression+et+aux+droits+de+l%E2%80%99homme\"><mark style=\"background-color:rgba(0, 0, 0, 0)\" class=\"has-inline-color has-vivid-red-color\">atteinte \u00e0 la libert\u00e9 d\u2019expression et aux droits de l\u2019homme<\/mark><\/a> \ud83d\udd17, <strong>rappelant au passage les principes fondamentaux de justice et d\u2019\u00e9quit\u00e9 auxquels tout citoyen devrait pouvoir pr\u00e9tendre.<\/strong> <mark style=\"background-color:rgba(0, 0, 0, 0)\" class=\"has-inline-color has-vivid-red-color\">L\u2019isolement prolong\u00e9 de Reiner F\u00fcellmich alarme ses soutiens, qui craignent que ce traitement ne soit destin\u00e9 \u00e0 Intimider d\u2019autres critiques potentiels des mesures sanitaires globales<\/mark> \ud83e\ude90<\/p>\n\n\n\n<p><strong><mark style=\"background-color:rgba(0, 0, 0, 0)\" class=\"has-inline-color has-vivid-red-color\">Conclusion : Un Appel \u00e0 l\u2019Action.<\/mark><\/strong><\/p>\n\n\n\n<p><strong>L\u2019arrestation et la d\u00e9tention prolong\u00e9e de Dr. Reiner F\u00fcellmich d\u00e9passent la simple proc\u00e9dure judiciaire et suscitent des inqui\u00e9tudes plus larges quant \u00e0 la libert\u00e9 de contester les politiques publiques. Alors que le mouvement international continue de surveiller cette affaire de pr\u00e8s, la lib\u00e9ration de F\u00fcellmich devient non seulement une question de justice individuelle, mais aussi un symbole de lutte pour la pr\u00e9servation des libert\u00e9s fondamentales dans une soci\u00e9t\u00e9 d\u00e9mocratique. Se pourrait-il que cette affaire soit le reflet d&rsquo;une justice influenc\u00e9e, pr\u00eate \u00e0 sacrifier l\u2019\u00e9quit\u00e9 pour pr\u00e9server un statu quo ?<\/strong><\/p>\n\n\n\n<p>\ud83d\udca1 <mark style=\"background-color:rgba(0, 0, 0, 0)\" class=\"has-inline-color has-vivid-red-color\">Pour ceux qui souhaitent soutenir cette cause, il est possible de signer la p\u00e9tition pour demander la lib\u00e9ration du Dr. Reiner F\u00fcellmich en suivant le lien suivant<\/mark> \ud83d\udd17 <a href=\"https:\/\/www.freereinerfuellmich.org\">https:\/\/www.freereinerfuellmich.org<\/a> \u270d\ufe0f<\/p>\n\n\n\n<p><span style=\"text-decoration: underline;\">Tu pourrais aussi aimer<\/span> :<\/p>\n\n\n\n<p>\u25a0 <strong>Alerte Rouge | <\/strong><a href=\"https:\/\/planetactus.com\/index.php\/2024\/10\/03\/alerte-rouge-droits-en-danger-lalarme-du-defenseur-des-droits-sur-lerosion-des-libertes-en-2023\/\"><mark style=\"background-color:rgba(0, 0, 0, 0)\" class=\"has-inline-color has-vivid-red-color\">Droits en Danger<\/mark><\/a><strong> \ud83d\udd17: L\u2019Alarme du D\u00e9fenseur des Droits sur l\u2019\u00c9rosion des Libert\u00e9s en 2023 | <\/strong><mark style=\"background-color:rgba(0, 0, 0, 0)\" class=\"has-inline-color has-vivid-red-color\">Communiqu\u00e9 de Presse<\/mark> <strong>: Le D\u00e9fenseur des droits constate une hausse r\u00e9guli\u00e8re des r\u00e9clamations qui lui sont adress\u00e9es. Autant d\u2019Atteintes aux Droits qui Entravent le Quotidien de Milliers de Personnes pour lesquelles le D\u00e9fenseur des droits est Souvent le Seul et Dernier Recours. Un foss\u00e9 s\u2019est d\u2019Ailleurs Consid\u00e9rablement Creus\u00e9, Entre les Usagers et les Services PUBLICS<\/strong>. <a href=\"https:\/\/planetactus.com\/index.php\/2024\/10\/03\/alerte-rouge-droits-en-danger-lalarme-du-defenseur-des-droits-sur-lerosion-des-libertes-en-2023\/\"><mark style=\"background-color:rgba(0, 0, 0, 0)\" class=\"has-inline-color has-vivid-red-color\">Lire et Voir la suite<\/mark><\/a><mark style=\"background-color:rgba(0, 0, 0, 0)\" class=\"has-inline-color has-vivid-red-color\"> <\/mark>\ud83d\udd17<\/p>\n\n\n\n<p>\u25a0 <strong><mark style=\"background-color:rgba(0, 0, 0, 0)\" class=\"has-inline-color has-vivid-red-color\">La S\u00e9ance est Ouverte ! &#8211; D\u00e9fenseure des Droits, sur son Rapport Annuel d&rsquo;Activit\u00e9 : Audition Claire H\u00e9don<\/mark><\/strong> \ud83e\uddbb [09\/10\/2024].<\/p>\n\n\n\n<figure class=\"wp-block-embed is-type-video is-provider-dailymotion wp-block-embed-dailymotion wp-embed-aspect-16-9 wp-has-aspect-ratio\"><div class=\"wp-block-embed__wrapper\">\n<iframe title=\"La s\u00e9ance est ouverte ! - D\u00e9fenseure des droits, sur son rapport annuel d&#039;activit\u00e9 : audition Claire H\u00e9don - 09\/10\/2024\" frameborder=\"0\" width=\"640\" height=\"359\" src=\"https:\/\/geo.dailymotion.com\/player.html?video=x98uskc&#038;\" allowfullscreen allow=\"autoplay; fullscreen; picture-in-picture; web-share\"><\/iframe>\n<\/div><figcaption class=\"wp-element-caption\"><strong>LCP<\/strong> <a href=\"https:\/\/www.dailymotion.com\/LCP\">Assembl\u00e9e Nationale<\/a> \ud83d\udd17<\/figcaption><\/figure>\n\n\n\n<p>\ud83d\uddd3 <strong>Dans un calendrier <\/strong><mark style=\"background-color:rgba(0, 0, 0, 0)\" class=\"has-inline-color has-vivid-red-color\">mis \u00e0 mal par la dissolution de l&rsquo;Assembl\u00e9e nationale<\/mark><strong>, en juin dernier, la D\u00e9fenseure des droits pr\u00e9sente son rapport annuel d&rsquo;activit\u00e9 aux d\u00e9put\u00e9s. Pour la quatri\u00e8me ann\u00e9e, c&rsquo;est \u00e0 Claire H\u00e9don, nomm\u00e9e en juillet 2020, qu&rsquo;il incombe de faire le point devant la commission des lois, 6 mois apr\u00e8s la publication de son rapport. L&rsquo;exercice est un classique, mais les questions sont nombreuses face \u00e0 <\/strong><mark style=\"background-color:rgba(0, 0, 0, 0)\" class=\"has-inline-color has-vivid-red-color\">l&rsquo;augmentation de 10% des r\u00e9clamations et 18% des appels adress\u00e9s au D\u00e9fenseur des droits entre 2022 et 2023.<\/mark><\/p>\n\n\n\n<p><strong>\ud83d\udca1<mark style=\"background-color:rgba(0, 0, 0, 0)\" class=\"has-inline-color has-vivid-red-color\"> Si cet article vous a plu, n&rsquo;h\u00e9sitez pas \u00e0 le partager avec vos proches et sur tous vos r\u00e9seaux sociaux ! Suivez-nous pour plus d&rsquo;actualit\u00e9s passionnantes.<\/mark><\/strong><\/p>\n\n\n\n<p><strong>\ud83d\udef8<\/strong><strong>&nbsp;<a href=\"https:\/\/t.me\/ufo_planetactus_sightings\">Ufo Planet Actus Sightings Investigations<\/a>&nbsp;<\/strong><strong>\ud83d\udc7d<\/strong><strong><br><\/strong><strong>\ud83e\ude90<\/strong><strong>&nbsp;<\/strong><a href=\"https:\/\/t.me\/planetactus\"><strong>Planet Actus&nbsp;True News Letters<\/strong><\/a><strong>&nbsp;<\/strong><strong>\ud83d\uddde<\/strong><strong><br><\/strong><strong>\ud83d\udcbb<\/strong><strong>&nbsp;<\/strong><a href=\"https:\/\/planetactus.com\/\"><strong>Planet Actus.com<\/strong><\/a><strong>&nbsp;<\/strong><strong>\ud83e\ude90<\/strong><strong><\/strong><\/p>\n\n\n<div class=\"wp-block-post-author\"><div class=\"wp-block-post-author__avatar\"><img decoding=async data-opt-id=1391982141  fetchpriority=\"high\" alt='' src='\/\/www.gravatar.com\/avatar\/1f651b4ef1fc23d4d1601d6f2649258e?s=48&#038;r=g&#038;d=mm' srcset='\/\/www.gravatar.com\/avatar\/1f651b4ef1fc23d4d1601d6f2649258e?s=48&#038;r=g&#038;d=mm 2x' class='avatar avatar-48 photo' height='48' width='48' \/><\/div><div class=\"wp-block-post-author__content\"><p class=\"wp-block-post-author__byline\"><a href=\"http:\/\/planetactus.com\">planetactus<\/a><\/p><p class=\"wp-block-post-author__name\">planetactus.com<\/p><\/div><\/div><div class=\"gsp_post_data\" \r\n\t            data-post_type=\"post\" \r\n\t            data-cat=\"a-la-une,anti-war,crimes,enquetes-dinvestigations,lanceurs-dalertes,paix-mondiale,resilience,sante-info-droits\" \r\n\t            data-modified=\"120\"\r\n\t            data-created=\"1731569849\"\r\n\t            data-title=\"Justice en P\u00e9ril ? L&rsquo;Affaire Reiner F\u00fcellmich et l&rsquo;Appel International \u00e0 la Lib\u00e9ration.\" \r\n\t            data-home=\"https:\/\/planetactus.com\"><\/div>","protected":false},"excerpt":{"rendered":"<p>\ud83d\udce2 La Voix des Opposants R\u00e9duite au Silence ? Le Cas Reiner F\u00fcellmich et la Lutte pour la V\u00e9rit\u00e9 \ud83d\udcaa La D\u00e9tention Controvers\u00e9e de Reiner F\u00fcellmich : Une Affaire au C\u0153ur de l\u2019Opinion Publique. Depuis octobre 2023, l\u2019avocat et critique influent des mesures COVID-19, Dr. Reiner F\u00fcellmich, est retenu en d\u00e9tention provisoire en Allemagne. Ce [&hellip;]<\/p>\n","protected":false},"author":1,"featured_media":2893,"comment_status":"open","ping_status":"open","sticky":false,"template":"","format":"standard","meta":{"_bbp_topic_count":0,"_bbp_reply_count":0,"_bbp_total_topic_count":0,"_bbp_total_reply_count":0,"_bbp_voice_count":0,"_bbp_anonymous_reply_count":0,"_bbp_topic_count_hidden":0,"_bbp_reply_count_hidden":0,"_bbp_forum_subforum_count":0,"fifu_image_url":"","fifu_image_alt":"","_jetpack_memberships_contains_paid_content":false,"footnotes":"","jetpack_publicize_message":"","jetpack_publicize_feature_enabled":true,"jetpack_social_post_already_shared":false,"jetpack_social_options":{"image_generator_settings":{"template":"highway","default_image_id":0,"font":"","enabled":false},"version":2}},"categories":[19,47,8,50,108,118,40,127],"tags":[],"class_list":["post-2889","post","type-post","status-publish","format-standard","has-post-thumbnail","hentry","category-a-la-une","category-anti-war","category-crimes","category-enquetes-dinvestigations","category-lanceurs-dalertes","category-paix-mondiale","category-resilience","category-sante-info-droits"],"featured_image_src":"https:\/\/mlrdeoj2ejbf.i.optimole.com\/cb:mvHM.4ca\/w:auto\/h:auto\/q:mauto\/f:best\/https:\/\/i0.wp.com\/planetactus.com\/wp-content\/uploads\/2024\/11\/Justice-en-Peril.-LAffaire-Reiner-Fuellmich-et-lAppel-International-a-la-Liberation_Planet-Actus-IA.webp?fit=1792%2C1024&ssl=1","author_info":{"display_name":"planetactus.com","author_link":"https:\/\/planetactus.com\/index.php\/author\/admin9861\/"},"yoast_head":"<!-- This site is optimized with the Yoast SEO plugin v27.5 - https:\/\/yoast.com\/product\/yoast-seo-wordpress\/ -->\n<title>Justice en P\u00e9ril ? L&#039;Affaire Reiner F\u00fcellmich et l&#039;Appel International \u00e0 la Lib\u00e9ration. -<\/title>\n<meta name=\"description\" content=\"Depuis octobre 2023, l\u2019avocat et critique influent des mesures COVID-19, Dr. Reiner F\u00fcellmich, est retenu en d\u00e9tention provisoire en Allemagne. Ce sp\u00e9cialiste, connu pour ses prises de position radicales contre les restrictions sanitaires, fut arr\u00eat\u00e9 dans des circonstances obscures \u00e0 l\u2019a\u00e9roport de Francfort, un \u00e9v\u00e9nement qui a d\u00e9clench\u00e9 une vague de soutien \u00e0 travers le monde. Aujourd\u2019hui, une p\u00e9tition internationale exige sa lib\u00e9ration imm\u00e9diate \ud83d\udd17, pointant du doigt la l\u00e9galit\u00e9 douteuse de sa d\u00e9tention et les s\u00e9v\u00e8res conditions dans lesquelles il est maintenu.\" class=\"yoast-seo-meta-tag\" \/>\n<meta name=\"robots\" content=\"index, follow, max-snippet:-1, max-image-preview:large, max-video-preview:-1\" \/>\n<link rel=\"canonical\" href=\"https:\/\/planetactus.com\/index.php\/2024\/11\/14\/justice-en-peril-laffaire-reiner-fuellmich-et-lappel-international-a-la-liberation\/\" class=\"yoast-seo-meta-tag\" \/>\n<meta property=\"og:locale\" content=\"fr_FR\" class=\"yoast-seo-meta-tag\" \/>\n<meta property=\"og:type\" content=\"article\" class=\"yoast-seo-meta-tag\" \/>\n<meta property=\"og:title\" content=\"Justice en P\u00e9ril ? L&#039;Affaire Reiner F\u00fcellmich et l&#039;Appel International \u00e0 la Lib\u00e9ration\" class=\"yoast-seo-meta-tag\" \/>\n<meta property=\"og:description\" content=\"Depuis octobre 2023, l\u2019avocat et critique influent des mesures COVID-19, Dr. Reiner F\u00fcellmich, est retenu en d\u00e9tention provisoire en Allemagne. Ce sp\u00e9cialiste, connu pour ses prises de position radicales contre les restrictions sanitaires, fut arr\u00eat\u00e9 dans des circonstances obscures \u00e0 l\u2019a\u00e9roport de Francfort, un \u00e9v\u00e9nement qui a d\u00e9clench\u00e9 une vague de soutien \u00e0 travers le monde. Aujourd\u2019hui, une p\u00e9tition internationale exige sa lib\u00e9ration imm\u00e9diate \ud83d\udd17, pointant du doigt la l\u00e9galit\u00e9 douteuse de sa d\u00e9tention et les s\u00e9v\u00e8res conditions dans lesquelles il est maintenu.\" class=\"yoast-seo-meta-tag\" \/>\n<meta property=\"og:url\" content=\"https:\/\/planetactus.com\/index.php\/2024\/11\/14\/justice-en-peril-laffaire-reiner-fuellmich-et-lappel-international-a-la-liberation\/\" class=\"yoast-seo-meta-tag\" \/>\n<meta property=\"article:publisher\" content=\"https:\/\/www.facebook.com\/profile.php?id=61561620320740\" class=\"yoast-seo-meta-tag\" \/>\n<meta property=\"article:author\" content=\"https:\/\/www.facebook.com\/profile.php?id=61561620320740\" class=\"yoast-seo-meta-tag\" \/>\n<meta property=\"article:published_time\" content=\"2024-11-14T06:37:29+00:00\" class=\"yoast-seo-meta-tag\" \/>\n<meta property=\"article:modified_time\" content=\"2024-11-14T17:19:06+00:00\" class=\"yoast-seo-meta-tag\" \/>\n<meta property=\"og:image\" content=\"https:\/\/mlrdeoj2ejbf.i.optimole.com\/cb:mvHM.4ca\/w:auto\/h:auto\/q:mauto\/f:best\/http:\/\/planetactus.com\/wp-content\/uploads\/2024\/11\/Justice-en-Peril.-LAffaire-Reiner-Fuellmich-et-lAppel-International-a-la-Liberation_Planet-Actus-IA.webp\" class=\"yoast-seo-meta-tag\" \/>\n\t<meta property=\"og:image:width\" content=\"1792\" class=\"yoast-seo-meta-tag\" \/>\n\t<meta property=\"og:image:height\" content=\"1024\" class=\"yoast-seo-meta-tag\" \/>\n\t<meta property=\"og:image:type\" content=\"image\/webp\" class=\"yoast-seo-meta-tag\" \/>\n<meta name=\"author\" content=\"planetactus.com\" class=\"yoast-seo-meta-tag\" \/>\n<meta name=\"twitter:card\" content=\"summary_large_image\" class=\"yoast-seo-meta-tag\" \/>\n<meta name=\"twitter:title\" content=\"Justice en P\u00e9ril ? L&#039;Affaire Reiner F\u00fcellmich et l&#039;Appel International \u00e0 la Lib\u00e9ration\" class=\"yoast-seo-meta-tag\" \/>\n<meta name=\"twitter:description\" content=\"Depuis octobre 2023, l\u2019avocat et critique influent des mesures COVID-19, Dr. Reiner F\u00fcellmich, est retenu en d\u00e9tention provisoire en Allemagne. Ce sp\u00e9cialiste, connu pour ses prises de position radicales contre les restrictions sanitaires, fut arr\u00eat\u00e9 dans des circonstances obscures \u00e0 l\u2019a\u00e9roport de Francfort, un \u00e9v\u00e9nement qui a d\u00e9clench\u00e9 une vague de soutien \u00e0 travers le monde. Aujourd\u2019hui, une p\u00e9tition internationale exige sa lib\u00e9ration imm\u00e9diate \ud83d\udd17, pointant du doigt la l\u00e9galit\u00e9 douteuse de sa d\u00e9tention et les s\u00e9v\u00e8res conditions dans lesquelles il est maintenu.\" class=\"yoast-seo-meta-tag\" \/>\n<meta name=\"twitter:image\" content=\"https:\/\/mlrdeoj2ejbf.i.optimole.com\/cb:mvHM.4ca\/w:auto\/h:auto\/q:mauto\/f:best\/https:\/\/i0.wp.com\/planetactus.com\/wp-content\/uploads\/2024\/11\/Justice-en-Peril.-LAffaire-Reiner-Fuellmich-et-lAppel-International-a-la-Liberation_Planet-Actus-IA.webp?fit=1792%2C1024&ssl=1\" class=\"yoast-seo-meta-tag\" \/>\n<meta name=\"twitter:creator\" content=\"@https:\/\/x.com\/PlanetActus\" class=\"yoast-seo-meta-tag\" \/>\n<meta name=\"twitter:site\" content=\"@PlanetActus\" class=\"yoast-seo-meta-tag\" \/>\n<meta name=\"twitter:label1\" content=\"\u00c9crit par\" class=\"yoast-seo-meta-tag\" \/>\n\t<meta name=\"twitter:data1\" content=\"planetactus.com\" class=\"yoast-seo-meta-tag\" \/>\n\t<meta name=\"twitter:label2\" content=\"Dur\u00e9e de lecture estim\u00e9e\" class=\"yoast-seo-meta-tag\" \/>\n\t<meta name=\"twitter:data2\" content=\"5 minutes\" class=\"yoast-seo-meta-tag\" \/>\n<script type=\"application\/ld+json\" class=\"yoast-schema-graph\">{\"@context\":\"https:\\\/\\\/schema.org\",\"@graph\":[{\"@type\":\"Article\",\"@id\":\"https:\\\/\\\/planetactus.com\\\/index.php\\\/2024\\\/11\\\/14\\\/justice-en-peril-laffaire-reiner-fuellmich-et-lappel-international-a-la-liberation\\\/#article\",\"isPartOf\":{\"@id\":\"https:\\\/\\\/planetactus.com\\\/index.php\\\/2024\\\/11\\\/14\\\/justice-en-peril-laffaire-reiner-fuellmich-et-lappel-international-a-la-liberation\\\/\"},\"author\":{\"name\":\"planetactus.com\",\"@id\":\"https:\\\/\\\/planetactus.com\\\/#\\\/schema\\\/person\\\/fbb75ac73a2424d2e176d31b021372a4\"},\"headline\":\"Justice en P\u00e9ril ? L&rsquo;Affaire Reiner F\u00fcellmich et l&rsquo;Appel International \u00e0 la Lib\u00e9ration.\",\"datePublished\":\"2024-11-14T06:37:29+00:00\",\"dateModified\":\"2024-11-14T17:19:06+00:00\",\"mainEntityOfPage\":{\"@id\":\"https:\\\/\\\/planetactus.com\\\/index.php\\\/2024\\\/11\\\/14\\\/justice-en-peril-laffaire-reiner-fuellmich-et-lappel-international-a-la-liberation\\\/\"},\"wordCount\":1024,\"commentCount\":1,\"publisher\":{\"@id\":\"https:\\\/\\\/planetactus.com\\\/#\\\/schema\\\/person\\\/fbb75ac73a2424d2e176d31b021372a4\"},\"image\":{\"@id\":\"https:\\\/\\\/planetactus.com\\\/index.php\\\/2024\\\/11\\\/14\\\/justice-en-peril-laffaire-reiner-fuellmich-et-lappel-international-a-la-liberation\\\/#primaryimage\"},\"thumbnailUrl\":\"https:\\/\\/i0.wp.com\\/planetactus.com\\/wp-content\\/uploads\\/2024\\/11\\/Justice-en-Peril.-LAffaire-Reiner-Fuellmich-et-lAppel-International-a-la-Liberation_Planet-Actus-IA.webp?fit=1792%2C1024&ssl=1\",\"articleSection\":[\"A la Une\",\"Anti War\",\"Crimes\",\"Enqu\u00eates d'Investigations\",\"Lanceurs d'Alertes\",\"Paix Mondiale\",\"R\u00e9silience\",\"Sant\u00e9 - Info - Droits\"],\"inLanguage\":\"fr-FR\",\"potentialAction\":[{\"@type\":\"CommentAction\",\"name\":\"Comment\",\"target\":[\"https:\\\/\\\/planetactus.com\\\/index.php\\\/2024\\\/11\\\/14\\\/justice-en-peril-laffaire-reiner-fuellmich-et-lappel-international-a-la-liberation\\\/#respond\"]}]},{\"@type\":\"WebPage\",\"@id\":\"https:\\\/\\\/planetactus.com\\\/index.php\\\/2024\\\/11\\\/14\\\/justice-en-peril-laffaire-reiner-fuellmich-et-lappel-international-a-la-liberation\\\/\",\"url\":\"https:\\\/\\\/planetactus.com\\\/index.php\\\/2024\\\/11\\\/14\\\/justice-en-peril-laffaire-reiner-fuellmich-et-lappel-international-a-la-liberation\\\/\",\"name\":\"Justice en P\u00e9ril ? L'Affaire Reiner F\u00fcellmich et l'Appel International \u00e0 la Lib\u00e9ration. -\",\"isPartOf\":{\"@id\":\"https:\\\/\\\/planetactus.com\\\/#website\"},\"primaryImageOfPage\":{\"@id\":\"https:\\\/\\\/planetactus.com\\\/index.php\\\/2024\\\/11\\\/14\\\/justice-en-peril-laffaire-reiner-fuellmich-et-lappel-international-a-la-liberation\\\/#primaryimage\"},\"image\":{\"@id\":\"https:\\\/\\\/planetactus.com\\\/index.php\\\/2024\\\/11\\\/14\\\/justice-en-peril-laffaire-reiner-fuellmich-et-lappel-international-a-la-liberation\\\/#primaryimage\"},\"thumbnailUrl\":\"https:\\/\\/i0.wp.com\\/planetactus.com\\/wp-content\\/uploads\\/2024\\/11\\/Justice-en-Peril.-LAffaire-Reiner-Fuellmich-et-lAppel-International-a-la-Liberation_Planet-Actus-IA.webp?fit=1792%2C1024&ssl=1\",\"datePublished\":\"2024-11-14T06:37:29+00:00\",\"dateModified\":\"2024-11-14T17:19:06+00:00\",\"description\":\"Depuis octobre 2023, l\u2019avocat et critique influent des mesures COVID-19, Dr. Reiner F\u00fcellmich, est retenu en d\u00e9tention provisoire en Allemagne. Ce sp\u00e9cialiste, connu pour ses prises de position radicales contre les restrictions sanitaires, fut arr\u00eat\u00e9 dans des circonstances obscures \u00e0 l\u2019a\u00e9roport de Francfort, un \u00e9v\u00e9nement qui a d\u00e9clench\u00e9 une vague de soutien \u00e0 travers le monde. Aujourd\u2019hui, une p\u00e9tition internationale exige sa lib\u00e9ration imm\u00e9diate \ud83d\udd17, pointant du doigt la l\u00e9galit\u00e9 douteuse de sa d\u00e9tention et les s\u00e9v\u00e8res conditions dans lesquelles il est maintenu.\",\"breadcrumb\":{\"@id\":\"https:\\\/\\\/planetactus.com\\\/index.php\\\/2024\\\/11\\\/14\\\/justice-en-peril-laffaire-reiner-fuellmich-et-lappel-international-a-la-liberation\\\/#breadcrumb\"},\"inLanguage\":\"fr-FR\",\"potentialAction\":[{\"@type\":\"ReadAction\",\"target\":[\"https:\\\/\\\/planetactus.com\\\/index.php\\\/2024\\\/11\\\/14\\\/justice-en-peril-laffaire-reiner-fuellmich-et-lappel-international-a-la-liberation\\\/\"]}]},{\"@type\":\"ImageObject\",\"inLanguage\":\"fr-FR\",\"@id\":\"https:\\\/\\\/planetactus.com\\\/index.php\\\/2024\\\/11\\\/14\\\/justice-en-peril-laffaire-reiner-fuellmich-et-lappel-international-a-la-liberation\\\/#primaryimage\",\"url\":\"https:\\/\\/i0.wp.com\\/planetactus.com\\/wp-content\\/uploads\\/2024\\/11\\/Justice-en-Peril.-LAffaire-Reiner-Fuellmich-et-lAppel-International-a-la-Liberation_Planet-Actus-IA.webp?fit=1792%2C1024&ssl=1\",\"contentUrl\":\"https:\\/\\/i0.wp.com\\/planetactus.com\\/wp-content\\/uploads\\/2024\\/11\\/Justice-en-Peril.-LAffaire-Reiner-Fuellmich-et-lAppel-International-a-la-Liberation_Planet-Actus-IA.webp?fit=1792%2C1024&ssl=1\",\"width\":1792,\"height\":1024,\"caption\":\"Justice-en-Peril.-LAffaire-Reiner-Fuellmich-et-lAppel-International-a-la-Liberation_Planet-Actus-IA.webp\"},{\"@type\":\"BreadcrumbList\",\"@id\":\"https:\\\/\\\/planetactus.com\\\/index.php\\\/2024\\\/11\\\/14\\\/justice-en-peril-laffaire-reiner-fuellmich-et-lappel-international-a-la-liberation\\\/#breadcrumb\",\"itemListElement\":[{\"@type\":\"ListItem\",\"position\":1,\"name\":\"Accueil\",\"item\":\"https:\\\/\\\/planetactus.com\\\/\"},{\"@type\":\"ListItem\",\"position\":2,\"name\":\"Justice en P\u00e9ril ? L&rsquo;Affaire Reiner F\u00fcellmich et l&rsquo;Appel International \u00e0 la Lib\u00e9ration.\"}]},{\"@type\":\"WebSite\",\"@id\":\"https:\\\/\\\/planetactus.com\\\/#website\",\"url\":\"https:\\\/\\\/planetactus.com\\\/\",\"name\":\"PLANET ACTUS\",\"description\":\"PLANET ACTUS\",\"publisher\":{\"@id\":\"https:\\\/\\\/planetactus.com\\\/#\\\/schema\\\/person\\\/fbb75ac73a2424d2e176d31b021372a4\"},\"potentialAction\":[{\"@type\":\"SearchAction\",\"target\":{\"@type\":\"EntryPoint\",\"urlTemplate\":\"https:\\\/\\\/planetactus.com\\\/?s={search_term_string}\"},\"query-input\":{\"@type\":\"PropertyValueSpecification\",\"valueRequired\":true,\"valueName\":\"search_term_string\"}}],\"inLanguage\":\"fr-FR\"},{\"@type\":[\"Person\",\"Organization\"],\"@id\":\"https:\\\/\\\/planetactus.com\\\/#\\\/schema\\\/person\\\/fbb75ac73a2424d2e176d31b021372a4\",\"name\":\"planetactus.com\",\"image\":{\"@type\":\"ImageObject\",\"inLanguage\":\"fr-FR\",\"@id\":\"https:\\/\\/i0.wp.com\\/planetactus.com\\/wp-content\\/uploads\\/2024\\/07\\/cropped-2-Planet-Actus-Banniere-02a.jpg?fit=1189%2C365&ssl=1\",\"url\":\"https:\\/\\/i0.wp.com\\/planetactus.com\\/wp-content\\/uploads\\/2024\\/07\\/cropped-2-Planet-Actus-Banniere-02a.jpg?fit=1189%2C365&ssl=1\",\"contentUrl\":\"https:\\/\\/i0.wp.com\\/planetactus.com\\/wp-content\\/uploads\\/2024\\/07\\/cropped-2-Planet-Actus-Banniere-02a.jpg?fit=1189%2C365&ssl=1\",\"width\":1189,\"height\":365,\"caption\":\"planetactus.com\"},\"logo\":{\"@id\":\"https:\\/\\/i0.wp.com\\/planetactus.com\\/wp-content\\/uploads\\/2024\\/07\\/cropped-2-Planet-Actus-Banniere-02a.jpg?fit=1189%2C365&ssl=1\"},\"sameAs\":[\"http:\\\/\\\/planetactus.com\",\"https:\\\/\\\/www.facebook.com\\\/profile.php?id=61561620320740\",\"https:\\\/\\\/x.com\\\/https:\\\/\\\/x.com\\\/PlanetActus\",\"https:\\\/\\\/www.youtube.com\\\/@PlanetActus\"],\"url\":\"https:\\\/\\\/planetactus.com\\\/index.php\\\/author\\\/admin9861\\\/\"}]}<\/script>\n<!-- \/ Yoast SEO plugin. -->","yoast_head_json":{"title":"Justice en P\u00e9ril ? L'Affaire Reiner F\u00fcellmich et l'Appel International \u00e0 la Lib\u00e9ration. -","description":"Depuis octobre 2023, l\u2019avocat et critique influent des mesures COVID-19, Dr. Reiner F\u00fcellmich, est retenu en d\u00e9tention provisoire en Allemagne. Ce sp\u00e9cialiste, connu pour ses prises de position radicales contre les restrictions sanitaires, fut arr\u00eat\u00e9 dans des circonstances obscures \u00e0 l\u2019a\u00e9roport de Francfort, un \u00e9v\u00e9nement qui a d\u00e9clench\u00e9 une vague de soutien \u00e0 travers le monde. Aujourd\u2019hui, une p\u00e9tition internationale exige sa lib\u00e9ration imm\u00e9diate \ud83d\udd17, pointant du doigt la l\u00e9galit\u00e9 douteuse de sa d\u00e9tention et les s\u00e9v\u00e8res conditions dans lesquelles il est maintenu.","robots":{"index":"index","follow":"follow","max-snippet":"max-snippet:-1","max-image-preview":"max-image-preview:large","max-video-preview":"max-video-preview:-1"},"canonical":"https:\/\/planetactus.com\/index.php\/2024\/11\/14\/justice-en-peril-laffaire-reiner-fuellmich-et-lappel-international-a-la-liberation\/","og_locale":"fr_FR","og_type":"article","og_title":"Justice en P\u00e9ril ? L'Affaire Reiner F\u00fcellmich et l'Appel International \u00e0 la Lib\u00e9ration","og_description":"Depuis octobre 2023, l\u2019avocat et critique influent des mesures COVID-19, Dr. Reiner F\u00fcellmich, est retenu en d\u00e9tention provisoire en Allemagne. Ce sp\u00e9cialiste, connu pour ses prises de position radicales contre les restrictions sanitaires, fut arr\u00eat\u00e9 dans des circonstances obscures \u00e0 l\u2019a\u00e9roport de Francfort, un \u00e9v\u00e9nement qui a d\u00e9clench\u00e9 une vague de soutien \u00e0 travers le monde. Aujourd\u2019hui, une p\u00e9tition internationale exige sa lib\u00e9ration imm\u00e9diate \ud83d\udd17, pointant du doigt la l\u00e9galit\u00e9 douteuse de sa d\u00e9tention et les s\u00e9v\u00e8res conditions dans lesquelles il est maintenu.","og_url":"https:\/\/planetactus.com\/index.php\/2024\/11\/14\/justice-en-peril-laffaire-reiner-fuellmich-et-lappel-international-a-la-liberation\/","article_publisher":"https:\/\/www.facebook.com\/profile.php?id=61561620320740","article_author":"https:\/\/www.facebook.com\/profile.php?id=61561620320740","article_published_time":"2024-11-14T06:37:29+00:00","article_modified_time":"2024-11-14T17:19:06+00:00","og_image":[{"width":1792,"height":1024,"url":"https:\/\/mlrdeoj2ejbf.i.optimole.com\/cb:mvHM.4ca\/w:auto\/h:auto\/q:mauto\/f:best\/http:\/\/planetactus.com\/wp-content\/uploads\/2024\/11\/Justice-en-Peril.-LAffaire-Reiner-Fuellmich-et-lAppel-International-a-la-Liberation_Planet-Actus-IA.webp","type":"image\/webp"}],"author":"planetactus.com","twitter_card":"summary_large_image","twitter_title":"Justice en P\u00e9ril ? L'Affaire Reiner F\u00fcellmich et l'Appel International \u00e0 la Lib\u00e9ration","twitter_description":"Depuis octobre 2023, l\u2019avocat et critique influent des mesures COVID-19, Dr. Reiner F\u00fcellmich, est retenu en d\u00e9tention provisoire en Allemagne. Ce sp\u00e9cialiste, connu pour ses prises de position radicales contre les restrictions sanitaires, fut arr\u00eat\u00e9 dans des circonstances obscures \u00e0 l\u2019a\u00e9roport de Francfort, un \u00e9v\u00e9nement qui a d\u00e9clench\u00e9 une vague de soutien \u00e0 travers le monde. Aujourd\u2019hui, une p\u00e9tition internationale exige sa lib\u00e9ration imm\u00e9diate \ud83d\udd17, pointant du doigt la l\u00e9galit\u00e9 douteuse de sa d\u00e9tention et les s\u00e9v\u00e8res conditions dans lesquelles il est maintenu.","twitter_image":"https:\/\/mlrdeoj2ejbf.i.optimole.com\/cb:mvHM.4ca\/w:auto\/h:auto\/q:mauto\/f:best\/https:\/\/i0.wp.com\/planetactus.com\/wp-content\/uploads\/2024\/11\/Justice-en-Peril.-LAffaire-Reiner-Fuellmich-et-lAppel-International-a-la-Liberation_Planet-Actus-IA.webp?fit=1792%2C1024&ssl=1","twitter_creator":"@https:\/\/x.com\/PlanetActus","twitter_site":"@PlanetActus","twitter_misc":{"\u00c9crit par":"planetactus.com","Dur\u00e9e de lecture estim\u00e9e":"5 minutes"},"schema":{"@context":"https:\/\/schema.org","@graph":[{"@type":"Article","@id":"https:\/\/planetactus.com\/index.php\/2024\/11\/14\/justice-en-peril-laffaire-reiner-fuellmich-et-lappel-international-a-la-liberation\/#article","isPartOf":{"@id":"https:\/\/planetactus.com\/index.php\/2024\/11\/14\/justice-en-peril-laffaire-reiner-fuellmich-et-lappel-international-a-la-liberation\/"},"author":{"name":"planetactus.com","@id":"https:\/\/planetactus.com\/#\/schema\/person\/fbb75ac73a2424d2e176d31b021372a4"},"headline":"Justice en P\u00e9ril ? L&rsquo;Affaire Reiner F\u00fcellmich et l&rsquo;Appel International \u00e0 la Lib\u00e9ration.","datePublished":"2024-11-14T06:37:29+00:00","dateModified":"2024-11-14T17:19:06+00:00","mainEntityOfPage":{"@id":"https:\/\/planetactus.com\/index.php\/2024\/11\/14\/justice-en-peril-laffaire-reiner-fuellmich-et-lappel-international-a-la-liberation\/"},"wordCount":1024,"commentCount":1,"publisher":{"@id":"https:\/\/planetactus.com\/#\/schema\/person\/fbb75ac73a2424d2e176d31b021372a4"},"image":{"@id":"https:\/\/planetactus.com\/index.php\/2024\/11\/14\/justice-en-peril-laffaire-reiner-fuellmich-et-lappel-international-a-la-liberation\/#primaryimage"},"thumbnailUrl":"https:\/\/mlrdeoj2ejbf.i.optimole.com\/cb:mvHM.4ca\/w:auto\/h:auto\/q:mauto\/f:best\/https:\/\/i0.wp.com\/planetactus.com\/wp-content\/uploads\/2024\/11\/Justice-en-Peril.-LAffaire-Reiner-Fuellmich-et-lAppel-International-a-la-Liberation_Planet-Actus-IA.webp?fit=1792%2C1024&ssl=1","articleSection":["A la Une","Anti War","Crimes","Enqu\u00eates d'Investigations","Lanceurs d'Alertes","Paix Mondiale","R\u00e9silience","Sant\u00e9 - Info - Droits"],"inLanguage":"fr-FR","potentialAction":[{"@type":"CommentAction","name":"Comment","target":["https:\/\/planetactus.com\/index.php\/2024\/11\/14\/justice-en-peril-laffaire-reiner-fuellmich-et-lappel-international-a-la-liberation\/#respond"]}]},{"@type":"WebPage","@id":"https:\/\/planetactus.com\/index.php\/2024\/11\/14\/justice-en-peril-laffaire-reiner-fuellmich-et-lappel-international-a-la-liberation\/","url":"https:\/\/planetactus.com\/index.php\/2024\/11\/14\/justice-en-peril-laffaire-reiner-fuellmich-et-lappel-international-a-la-liberation\/","name":"Justice en P\u00e9ril ? L'Affaire Reiner F\u00fcellmich et l'Appel International \u00e0 la Lib\u00e9ration. -","isPartOf":{"@id":"https:\/\/planetactus.com\/#website"},"primaryImageOfPage":{"@id":"https:\/\/planetactus.com\/index.php\/2024\/11\/14\/justice-en-peril-laffaire-reiner-fuellmich-et-lappel-international-a-la-liberation\/#primaryimage"},"image":{"@id":"https:\/\/planetactus.com\/index.php\/2024\/11\/14\/justice-en-peril-laffaire-reiner-fuellmich-et-lappel-international-a-la-liberation\/#primaryimage"},"thumbnailUrl":"https:\/\/mlrdeoj2ejbf.i.optimole.com\/cb:mvHM.4ca\/w:auto\/h:auto\/q:mauto\/f:best\/https:\/\/i0.wp.com\/planetactus.com\/wp-content\/uploads\/2024\/11\/Justice-en-Peril.-LAffaire-Reiner-Fuellmich-et-lAppel-International-a-la-Liberation_Planet-Actus-IA.webp?fit=1792%2C1024&ssl=1","datePublished":"2024-11-14T06:37:29+00:00","dateModified":"2024-11-14T17:19:06+00:00","description":"Depuis octobre 2023, l\u2019avocat et critique influent des mesures COVID-19, Dr. Reiner F\u00fcellmich, est retenu en d\u00e9tention provisoire en Allemagne. Ce sp\u00e9cialiste, connu pour ses prises de position radicales contre les restrictions sanitaires, fut arr\u00eat\u00e9 dans des circonstances obscures \u00e0 l\u2019a\u00e9roport de Francfort, un \u00e9v\u00e9nement qui a d\u00e9clench\u00e9 une vague de soutien \u00e0 travers le monde. Aujourd\u2019hui, une p\u00e9tition internationale exige sa lib\u00e9ration imm\u00e9diate \ud83d\udd17, pointant du doigt la l\u00e9galit\u00e9 douteuse de sa d\u00e9tention et les s\u00e9v\u00e8res conditions dans lesquelles il est maintenu.","breadcrumb":{"@id":"https:\/\/planetactus.com\/index.php\/2024\/11\/14\/justice-en-peril-laffaire-reiner-fuellmich-et-lappel-international-a-la-liberation\/#breadcrumb"},"inLanguage":"fr-FR","potentialAction":[{"@type":"ReadAction","target":["https:\/\/planetactus.com\/index.php\/2024\/11\/14\/justice-en-peril-laffaire-reiner-fuellmich-et-lappel-international-a-la-liberation\/"]}]},{"@type":"ImageObject","inLanguage":"fr-FR","@id":"https:\/\/planetactus.com\/index.php\/2024\/11\/14\/justice-en-peril-laffaire-reiner-fuellmich-et-lappel-international-a-la-liberation\/#primaryimage","url":"https:\/\/mlrdeoj2ejbf.i.optimole.com\/cb:mvHM.4ca\/w:auto\/h:auto\/q:mauto\/f:best\/https:\/\/i0.wp.com\/planetactus.com\/wp-content\/uploads\/2024\/11\/Justice-en-Peril.-LAffaire-Reiner-Fuellmich-et-lAppel-International-a-la-Liberation_Planet-Actus-IA.webp?fit=1792%2C1024&ssl=1","contentUrl":"https:\/\/mlrdeoj2ejbf.i.optimole.com\/cb:mvHM.4ca\/w:auto\/h:auto\/q:mauto\/f:best\/https:\/\/i0.wp.com\/planetactus.com\/wp-content\/uploads\/2024\/11\/Justice-en-Peril.-LAffaire-Reiner-Fuellmich-et-lAppel-International-a-la-Liberation_Planet-Actus-IA.webp?fit=1792%2C1024&ssl=1","width":1792,"height":1024,"caption":"Justice-en-Peril.-LAffaire-Reiner-Fuellmich-et-lAppel-International-a-la-Liberation_Planet-Actus-IA.webp"},{"@type":"BreadcrumbList","@id":"https:\/\/planetactus.com\/index.php\/2024\/11\/14\/justice-en-peril-laffaire-reiner-fuellmich-et-lappel-international-a-la-liberation\/#breadcrumb","itemListElement":[{"@type":"ListItem","position":1,"name":"Accueil","item":"https:\/\/planetactus.com\/"},{"@type":"ListItem","position":2,"name":"Justice en P\u00e9ril ? L&rsquo;Affaire Reiner F\u00fcellmich et l&rsquo;Appel International \u00e0 la Lib\u00e9ration."}]},{"@type":"WebSite","@id":"https:\/\/planetactus.com\/#website","url":"https:\/\/planetactus.com\/","name":"PLANET ACTUS","description":"PLANET ACTUS","publisher":{"@id":"https:\/\/planetactus.com\/#\/schema\/person\/fbb75ac73a2424d2e176d31b021372a4"},"potentialAction":[{"@type":"SearchAction","target":{"@type":"EntryPoint","urlTemplate":"https:\/\/planetactus.com\/?s={search_term_string}"},"query-input":{"@type":"PropertyValueSpecification","valueRequired":true,"valueName":"search_term_string"}}],"inLanguage":"fr-FR"},{"@type":["Person","Organization"],"@id":"https:\/\/planetactus.com\/#\/schema\/person\/fbb75ac73a2424d2e176d31b021372a4","name":"planetactus.com","image":{"@type":"ImageObject","inLanguage":"fr-FR","@id":"https:\/\/mlrdeoj2ejbf.i.optimole.com\/cb:mvHM.4ca\/w:auto\/h:auto\/q:mauto\/f:best\/https:\/\/i0.wp.com\/planetactus.com\/wp-content\/uploads\/2024\/07\/cropped-2-Planet-Actus-Banniere-02a.jpg?fit=1189%2C365&ssl=1","url":"https:\/\/mlrdeoj2ejbf.i.optimole.com\/cb:mvHM.4ca\/w:auto\/h:auto\/q:mauto\/f:best\/https:\/\/i0.wp.com\/planetactus.com\/wp-content\/uploads\/2024\/07\/cropped-2-Planet-Actus-Banniere-02a.jpg?fit=1189%2C365&ssl=1","contentUrl":"https:\/\/mlrdeoj2ejbf.i.optimole.com\/cb:mvHM.4ca\/w:auto\/h:auto\/q:mauto\/f:best\/https:\/\/i0.wp.com\/planetactus.com\/wp-content\/uploads\/2024\/07\/cropped-2-Planet-Actus-Banniere-02a.jpg?fit=1189%2C365&ssl=1","width":1189,"height":365,"caption":"planetactus.com"},"logo":{"@id":"https:\/\/mlrdeoj2ejbf.i.optimole.com\/cb:mvHM.4ca\/w:auto\/h:auto\/q:mauto\/f:best\/https:\/\/i0.wp.com\/planetactus.com\/wp-content\/uploads\/2024\/07\/cropped-2-Planet-Actus-Banniere-02a.jpg?fit=1189%2C365&ssl=1"},"sameAs":["http:\/\/planetactus.com","https:\/\/www.facebook.com\/profile.php?id=61561620320740","https:\/\/x.com\/https:\/\/x.com\/PlanetActus","https:\/\/www.youtube.com\/@PlanetActus"],"url":"https:\/\/planetactus.com\/index.php\/author\/admin9861\/"}]}},"jetpack_publicize_connections":[],"jetpack_featured_media_url":"https:\/\/mlrdeoj2ejbf.i.optimole.com\/cb:mvHM.4ca\/w:auto\/h:auto\/q:mauto\/f:best\/https:\/\/i0.wp.com\/planetactus.com\/wp-content\/uploads\/2024\/11\/Justice-en-Peril.-LAffaire-Reiner-Fuellmich-et-lAppel-International-a-la-Liberation_Planet-Actus-IA.webp?fit=1792%2C1024&ssl=1","jetpack_sharing_enabled":true,"_links":{"self":[{"href":"https:\/\/planetactus.com\/index.php\/wp-json\/wp\/v2\/posts\/2889","targetHints":{"allow":["GET"]}}],"collection":[{"href":"https:\/\/planetactus.com\/index.php\/wp-json\/wp\/v2\/posts"}],"about":[{"href":"https:\/\/planetactus.com\/index.php\/wp-json\/wp\/v2\/types\/post"}],"author":[{"embeddable":true,"href":"https:\/\/planetactus.com\/index.php\/wp-json\/wp\/v2\/users\/1"}],"replies":[{"embeddable":true,"href":"https:\/\/planetactus.com\/index.php\/wp-json\/wp\/v2\/comments?post=2889"}],"version-history":[{"count":19,"href":"https:\/\/planetactus.com\/index.php\/wp-json\/wp\/v2\/posts\/2889\/revisions"}],"predecessor-version":[{"id":2915,"href":"https:\/\/planetactus.com\/index.php\/wp-json\/wp\/v2\/posts\/2889\/revisions\/2915"}],"wp:featuredmedia":[{"embeddable":true,"href":"https:\/\/planetactus.com\/index.php\/wp-json\/wp\/v2\/media\/2893"}],"wp:attachment":[{"href":"https:\/\/planetactus.com\/index.php\/wp-json\/wp\/v2\/media?parent=2889"}],"wp:term":[{"taxonomy":"category","embeddable":true,"href":"https:\/\/planetactus.com\/index.php\/wp-json\/wp\/v2\/categories?post=2889"},{"taxonomy":"post_tag","embeddable":true,"href":"https:\/\/planetactus.com\/index.php\/wp-json\/wp\/v2\/tags?post=2889"}],"curies":[{"name":"wp","href":"https:\/\/api.w.org\/{rel}","templated":true}]}}