{"id":3085,"date":"2024-11-25T11:10:48","date_gmt":"2024-11-25T10:10:48","guid":{"rendered":"https:\/\/planetactus.com\/?p=3085"},"modified":"2024-11-25T20:21:06","modified_gmt":"2024-11-25T19:21:06","slug":"planet-actus-360-restez-connectes-lessentiel-de-lactualite-tous-sujets-en-un-clic-4","status":"publish","type":"post","link":"https:\/\/planetactus.com\/index.php\/2024\/11\/25\/planet-actus-360-restez-connectes-lessentiel-de-lactualite-tous-sujets-en-un-clic-4\/","title":{"rendered":"Planet Actus 360 | Restez Connect\u00e9s : L\u2019Essentiel de l\u2019Actualit\u00e9, Tous sujets, En Un Clic."},"content":{"rendered":"\n<p>\ud83d\uddde&nbsp;\ud83e\ude90&nbsp;<strong>Planet News 360 | Stay Connected : The Essential News, All Subjects, In One Click<\/strong>&nbsp;\ud83d\uddb1<\/p>\n\n\n\n<p>\ud83d\udccd<mark style=\"background-color:rgba(0, 0, 0, 0)\" class=\"has-inline-color has-vivid-red-color\"><strong>A LA UNE | Autisme et vaccination: un nouveau lanceur d\u2019alerte au CDC a compil\u00e9 les preuves<\/strong>. <strong>L&rsquo;entrepreneur Steve Kirsch a re\u00e7u un dossier de 300 pages accablantes.<\/strong><\/mark><\/p>\n\n\n<div class=\"wp-block-image\">\n<figure class=\"aligncenter size-full\"><img data-opt-id=799486628  fetchpriority=\"high\" data-recalc-dims=\"1\" decoding=\"async\" width=\"640\" height=\"366\" src=\"https:\/\/mlrdeoj2ejbf.i.optimole.com\/cb:mvHM.4ca\/w:auto\/h:auto\/q:mauto\/f:best\/https:\/\/i0.wp.com\/planetactus.com\/wp-content\/uploads\/2024\/11\/CDC-Kirsch-1024x585-1.webp?resize=640%2C366&#038;ssl=1\" alt=\"\" class=\"wp-image-3100\" srcset=\"https:\/\/mlrdeoj2ejbf.i.optimole.com\/cb:mvHM.4ca\/w:1024\/h:585\/q:mauto\/f:best\/https:\/\/planetactus.com\/wp-content\/uploads\/2024\/11\/CDC-Kirsch-1024x585-1.webp 1024w, https:\/\/mlrdeoj2ejbf.i.optimole.com\/cb:mvHM.4ca\/w:300\/h:4000\/q:mauto\/f:best\/https:\/\/planetactus.com\/wp-content\/uploads\/2024\/11\/CDC-Kirsch-1024x585-1.webp 300w, https:\/\/mlrdeoj2ejbf.i.optimole.com\/cb:mvHM.4ca\/w:768\/h:4000\/q:mauto\/f:best\/https:\/\/planetactus.com\/wp-content\/uploads\/2024\/11\/CDC-Kirsch-1024x585-1.webp 768w\" sizes=\"(max-width: 640px) 100vw, 640px\" \/><figcaption class=\"wp-element-caption\">Illustration image \/ <a href=\"https:\/\/essentiel.news\/autisme-et-vaccination-nouveau-lanceur-alerte-cdc-compile-preuves\/\">Essentiel News<\/a> \ud83d\udd17<br><\/figcaption><\/figure>\n<\/div>\n\n\n<p><strong>Steve Kirsch, un entrepreneur am\u00e9ricain tr\u00e8s suivi durant la pand\u00e9mie, et fondateur de l\u2019organisation <\/strong><a href=\"https:\/\/www.vacsafety.org\/\" target=\"_blank\" rel=\"noreferrer noopener\"><mark style=\"background-color:rgba(0, 0, 0, 0)\" class=\"has-inline-color has-vivid-red-color\">Vacsafety.org<\/mark><\/a> \ud83d\udd17, <strong>Lance un Appel aux <\/strong><mark style=\"background-color:rgba(0, 0, 0, 0)\" class=\"has-inline-color has-vivid-red-color\">M\u00e9dias Mainstream<\/mark><strong> pour Publier le Dossier Explosif qu\u2019on lui a confi\u00e9.<\/strong><\/p>\n\n\n\n<p><strong>Cette bo\u00eete de Pandore est une collation de documents prouvant que le CDC<\/strong> (Centres pour le contr\u00f4le et la pr\u00e9vention des maladies aux Etats-Unis)<strong> a volontairement tromp\u00e9 le public depuis 30 ans sur le lien entre l\u2019autisme et la vaccination<\/strong>. <span style=\"text-decoration: underline;\">Le dossier rend justice au Dr Andrew Wakefield<\/span>, \u00e0 <a href=\"https:\/\/childrenshealthdefense.org\/speakers-bureau\/brian-hooker\/\" target=\"_blank\" rel=\"noreferrer noopener\">Brian Hooker<\/a> (voir l<a href=\"https:\/\/vaxxedthemovie.com\/about\/\" target=\"_blank\" rel=\"noreferrer noopener\">e documentaire Vaxxed I<\/a>), au scientifique repenti William Thompson et \u00e0 tant d\u2019autres, dont les carri\u00e8res ont \u00e9t\u00e9 d\u00e9truites pour avoir tent\u00e9 de mettre fin \u00e0 cette <strong>catastrophe plan\u00e9taire<\/strong> (<a href=\"https:\/\/essentiel.news\/generation-boom-autisme-atteint-age-adulte\/\" target=\"_blank\" rel=\"noreferrer noopener\"><mark style=\"background-color:rgba(0, 0, 0, 0)\" class=\"has-inline-color has-vivid-red-color\">1 enfant sur 33 aux USA<\/mark><\/a>). \ud83d\udd17<\/p>\n\n\n\n<p><mark style=\"background-color:rgba(0, 0, 0, 0)\" class=\"has-inline-color has-vivid-red-color\">L\u2019on ne doute pas que Robert Kennedy Jr. sera amen\u00e9 \u00e0 se pencher sur ces informations<\/mark>, <strong>puisque l\u2019\u00e9quipe de sa fondation<\/strong> <a href=\"https:\/\/childrenshealthdefense.org\/\"><mark style=\"background-color:rgba(0, 0, 0, 0)\" class=\"has-inline-color has-vivid-red-color\">Children\u2019s Health Defense<\/mark><\/a> \ud83d\udd17 <span style=\"text-decoration: underline;\">est essentiellement compos\u00e9e de familles touch\u00e9es par ce type de dommages vaccinaux<\/span>. Selon les rumeurs, de nombreux employ\u00e9s du CDC seraient en train de pr\u00e9parer <a href=\"https:\/\/x.com\/GeneralMCNews\/status\/1857915090550345883\"><mark style=\"background-color:rgba(0, 0, 0, 0)\" class=\"has-inline-color has-vivid-red-color\">leur lettre de d\u00e9mission<\/mark><\/a> \ud83d\udd17 <strong>depuis l\u2019annonce de la nomination de Kennedy \u00e0 la sant\u00e9<\/strong>.<\/p>\n\n\n\n<p><strong>Reste \u00e0 savoir si un m\u00e9dia grand public aura le courage de s\u2019en emparer. C\u2019est certainement \u201c<\/strong><mark style=\"background-color:rgba(0, 0, 0, 0)\" class=\"has-inline-color has-vivid-red-color\">le moment o\u00f9 jamais<\/mark><strong>\u201d. Le barrage est sur le point de c\u00e9der<\/strong>. <mark style=\"background-color:rgba(0, 0, 0, 0)\" class=\"has-inline-color has-vivid-red-color\">Lire la suite<\/mark>\ud83d\udd17[<a href=\"https:\/\/essentiel.news\/autisme-et-vaccination-nouveau-lanceur-alerte-cdc-compile-preuves\/\">Essentiel News<\/a>]<\/p>\n\n\n\n<p>\u25a0 <strong><mark style=\"background-color:rgba(0, 0, 0, 0)\" class=\"has-inline-color has-vivid-red-color\">Expositions toxiques. Breaking. Le pr\u00e9sident \u00e9lu Donald J. Trump a annonc\u00e9 que Robert F. Kennedy Jr, fondateur de Children&rsquo;s Health Defense<\/mark><\/strong> (CHD), <strong><mark style=\"background-color:rgba(0, 0, 0, 0)\" class=\"has-inline-color has-vivid-red-color\">\u00e9tait son choix pour diriger le minist\u00e8re am\u00e9ricain de la Sant\u00e9 et des Services sociaux<\/mark><\/strong> (HHS).<\/p>\n\n\n\n<p><em>\u00ab\u00a0Je suis ravi d&rsquo;annoncer la nomination de Robert F. Kennedy Jr. au poste de secr\u00e9taire d&rsquo;\u00c9tat \u00e0 la sant\u00e9 et aux services sociaux des \u00c9tats-Unis. <strong>Pendant trop longtemps, les Am\u00e9ricains ont \u00e9t\u00e9 \u00e9cras\u00e9s par le complexe alimentaire industriel et les soci\u00e9t\u00e9s pharmaceutiques qui se sont livr\u00e9s \u00e0 la tromperie, \u00e0 la d\u00e9sinformation et \u00e0 la d\u00e9sinformation en mati\u00e8re de sant\u00e9 publique<\/strong>. La s\u00e9curit\u00e9 et la sant\u00e9 de tous les Am\u00e9ricains est le r\u00f4le le plus important de toute administration, et le HHS jouera un r\u00f4le important en aidant \u00e0 garantir que tout le monde sera prot\u00e9g\u00e9 contre les produits chimiques nocifs, les polluants, les pesticides, les produits pharmaceutiques et les additifs alimentaires qui ont contribu\u00e9 \u00e0 la crise sanitaire \u00e9crasante dans ce pays. M. Kennedy r\u00e9tablira ces agences dans les traditions de la recherche scientifique de r\u00e9f\u00e9rence et dans la transparence, afin de mettre fin \u00e0 l&rsquo;\u00e9pid\u00e9mie de maladies chroniques et de rendre \u00e0 l&rsquo;Am\u00e9rique sa grandeur et sa sant\u00e9 !\u00a0\u00bb<\/em> <em><a href=\"https:\/\/x.com\/realDonaldTrump\/status\/1857170020427595797?ref_src=twsrc%5Etfw%7Ctwcamp%5Etweetembed%7Ctwterm%5E1857170020427595797%7Ctwgr%5E574e22ebf0d8bcbb6e51176fdb09c951e551d143%7Ctwcon%5Es1_c10&amp;ref_url=https%3A%2F%2Fchildrenshealthdefense.org%2Fdefender%2Ftrump-rfk-jr-hhs-secretary%2F\"><mark style=\"background-color:rgba(0, 0, 0, 0)\" class=\"has-inline-color has-vivid-red-color\">Donald J. Trump<\/mark>.<\/a><\/em> \ud83d\udd17<\/p>\n\n\n\n<figure class=\"wp-block-embed aligncenter is-type-wp-embed is-provider-children-039-s-health-defense wp-block-embed-children-039-s-health-defense\"><div class=\"wp-block-embed__wrapper\">\n<blockquote class=\"wp-embedded-content\" data-secret=\"Ifb0BXBEVQ\"><a href=\"https:\/\/childrenshealthdefense.org\/defender\/trump-rfk-jr-hhs-secretary\/\">Breaking: Trump Taps RFK Jr. to Lead U.S. Department of Health and Human Services<\/a><\/blockquote><iframe class=\"wp-embedded-content\" sandbox=\"allow-scripts\" security=\"restricted\" style=\"position: absolute; visibility: hidden;\" title=\"&#8220;Breaking: Trump Taps RFK Jr. to Lead U.S. Department of Health and Human Services&#8221; &#8212; Children&#039;s Health Defense\" src=\"https:\/\/childrenshealthdefense.org\/defender\/trump-rfk-jr-hhs-secretary\/embed\/#?secret=DxGYAamfcY#?secret=Ifb0BXBEVQ\" data-secret=\"Ifb0BXBEVQ\" width=\"600\" height=\"338\" frameborder=\"0\" marginwidth=\"0\" marginheight=\"0\" scrolling=\"no\"><\/iframe>\n<\/div><\/figure>\n\n\n\n<p>Kennedy a accept\u00e9 l&rsquo;offre, ont confirm\u00e9 des sources aujourd&rsquo;hui.<\/p>\n\n\n\n<p>Selon CNN :<\/p>\n\n\n\n<p>\u00ab La s\u00e9lection de M. Kennedy, d&rsquo;abord rapport\u00e9e par Politico, est remarquable \u00e9tant donn\u00e9 que quelques jours seulement avant l&rsquo;\u00e9lection, le copr\u00e9sident de la transition de M. Trump, Howard Lutnick, a d\u00e9clar\u00e9 \u00e0 CNN que M. Kennedy n&rsquo;obtiendrait pas de poste au minist\u00e8re de la sant\u00e9 et des services sociaux.<\/p>\n\n\n\n<p>\u00ab Il ne serait pas en charge du HHS ? \u00bb lui a-t-on demand\u00e9 dans l&rsquo;\u00e9mission \u201cThe Source with Kaitlan Collins\u201d.<\/p>\n\n\n\n<p>\u00ab \u00ab\u00a0Non\u00a0\u00bb, a r\u00e9pondu Lutnick, \u00ab\u00a0bien s\u00fbr que non\u00a0\u00bb.<\/p>\n\n\n\n<p>\u00ab Cette r\u00e9ponse a d\u00e9clench\u00e9 un tumulte interne dans l&rsquo;orbite de Trump, qui a clairement fait savoir \u00e0 Kennedy que c&rsquo;est lui qui prendrait les d\u00e9cisions finales.<\/p>\n\n\n\n<p><strong>Au cours de la pand\u00e9mie de COVID-19, Kennedy s&rsquo;est fait conna\u00eetre en tant que principal critique des politiques de lutte contre la pand\u00e9mie<\/strong>, <mark style=\"background-color:rgba(0, 0, 0, 0)\" class=\"has-inline-color has-vivid-red-color\">notamment des mesures de confinement, des vaccins exp\u00e9rimentaux et des mandats<\/mark>. <strong>En cons\u00e9quence, l&rsquo;administration Biden a sp\u00e9cifiquement cibl\u00e9 Kennedy pour le censurer.<\/strong><\/p>\n\n\n\n<p>En avril 2023, Kennedy a pris cong\u00e9 du CHD pour se pr\u00e9senter \u00e0 l&rsquo;\u00e9lection pr\u00e9sidentielle sous l&rsquo;\u00e9tiquette d\u00e9mocrate. <strong>Il a ensuite chang\u00e9 de cap pour se pr\u00e9senter en tant qu&rsquo;ind\u00e9pendant<\/strong>. En ao\u00fbt, Kennedy suspend sa campagne et soutient l&rsquo;ancien pr\u00e9sident Donald Trump.<\/p>\n\n\n\n<p>Apr\u00e8s avoir soutenu M. Trump, M. Kennedy et son \u00e9quipe ont lanc\u00e9 la campagne \u00ab Make American Healthy Again \u00bb. <strong>Il s&rsquo;est engag\u00e9 \u00e0 faire tout ce qui est en son pouvoir pour \u00e9liminer les produits chimiques toxiques de notre alimentation, de notre sol, de notre eau et de notre air<\/strong>. <mark style=\"background-color:rgba(0, 0, 0, 0)\" class=\"has-inline-color has-vivid-red-color\">Lire la suite<\/mark> [<a href=\"https:\/\/childrenshealthdefense.org\/defender\/trump-rfk-jr-hhs-secretary\/?itm_term=homehero\">Childrens Health Defense. Org<\/a>] \ud83d\udd17<\/p>\n\n\n\n<p>\u25a0 <strong><mark style=\"background-color:rgba(0, 0, 0, 0)\" class=\"has-inline-color has-vivid-red-color\">Vaxxed 3 &#8211; Autoris\u00e9 \u00e0 tuer.<\/mark><\/strong> [<a href=\"https:\/\/live.childrenshealthdefense.org\/chd-tv\/videos\/vaxxed-3-or-authorized-to-kill-movie\/\">FILM<\/a>] \ud83d\udcf9 (01:56:37)\ud83d\udd17. <strong>Children&rsquo;s Health Defense s&rsquo;est lanc\u00e9 dans un voyage de neuf mois \u00e0 travers l&rsquo;Am\u00e9rique, recueillant de puissants t\u00e9moignages de la population. Nous avons interrog\u00e9 des m\u00e8res et des p\u00e8res, des adolescents, des familles, des professionnels de la sant\u00e9, des d\u00e9nonciateurs, des avocats et des personnes de tous horizons<\/strong>.<\/p>\n\n\n\n<p>Ce que nous avons d\u00e9couvert est tout simplement stup\u00e9fiant. Nous avons \u00e9cout\u00e9 des r\u00e9cits poignants sur les protocoles hospitaliers de COVID qui nous ont \u00e9branl\u00e9s au plus profond de nous-m\u00eames. La coh\u00e9rence de ces r\u00e9cits \u00e9tait alarmante.<\/p>\n\n\n\n<p>Des personnes ont \u00e9galement fait part de leur exp\u00e9rience apr\u00e8s avoir re\u00e7u le vaccin COVID-19, r\u00e9v\u00e9lant des <strong>r\u00e9sultats tragiques<\/strong>, soit des <strong>d\u00e9c\u00e8s<\/strong>, soit des <strong>blessures graves<\/strong>. Aujourd&rsquo;hui, forts de ces t\u00e9moignages, <mark style=\"background-color:rgba(0, 0, 0, 0)\" class=\"has-inline-color has-vivid-red-color\">nous cr\u00e9ons un documentaire par les gens, pour les gens.<\/mark><\/p>\n\n\n\n<p><span style=\"text-decoration: underline;\">Ressources <\/span>: <\/p>\n\n\n\n<ul class=\"wp-block-list\">\n<li><mark style=\"background-color:rgba(0, 0, 0, 0)\" class=\"has-inline-color has-vivid-red-color\">Vaxxed 3<\/mark> &#8211; <a href=\"https:\/\/assets.childrenshealthdefense.org\/fpx75ohbqjq3\/3CYLJu2NvfOO3d9eFkrINT\/10d19977615b6451d8e10a6b4be9c529\/Vaxxed_3_Transcript__1_.pdf\">Transcription de l&rsquo;\u00e9mission Authorized <\/a>To Kill \ud83d\udd17<\/li>\n<\/ul>\n\n\n\n<ul class=\"wp-block-list\">\n<li><mark style=\"background-color:rgba(0, 0, 0, 0)\" class=\"has-inline-color has-vivid-red-color\">Premi\u00e8re de Vaxxed 3<\/mark> &#8211; <a href=\"https:\/\/assets.childrenshealthdefense.org\/fpx75ohbqjq3\/1M0DtQN4e7lwXXvTZ3tf66\/ec1eee3205a0a2f6095657e4b1824e7b\/Vaxxed_3_Premiere_-_Live_Chat.pdf\">Transcription de la discussion en direct<\/a> \ud83d\udd17<\/li>\n<\/ul>\n\n\n\n<ul class=\"wp-block-list\">\n<li><mark style=\"background-color:rgba(0, 0, 0, 0)\" class=\"has-inline-color has-vivid-red-color\">Transcription de la<\/mark> <a href=\"https:\/\/assets.childrenshealthdefense.org\/fpx75ohbqjq3\/5tz66YODOSdM1YGsIiHlvl\/cd1cc92fcedd22b9376dee21f2cc0e03\/Vaxxed_3_Spanish_Transcript.pdf\">traduction espagnole de Vaxxed 3<\/a> \ud83d\udd17<\/li>\n<\/ul>\n\n\n\n<p><strong>D\u00e9couvrez ce que nous avons d\u00e9couvert sur la route. Vous ne pouvez pas vous permettre de le manquer. <\/strong><mark style=\"background-color:rgba(0, 0, 0, 0)\" class=\"has-inline-color has-vivid-red-color\">Voir la suite<\/mark> [<a href=\"https:\/\/live.childrenshealthdefense.org\/chd-tv\/videos\/vaxxed-3-or-authorized-to-kill-movie\/\">Childrens Health Defense. Org<\/a>] \ud83d\udd17<\/p>\n\n\n\n<p>\u25a0 <strong><mark style=\"background-color:rgba(0, 0, 0, 0)\" class=\"has-inline-color has-vivid-red-color\">5G et faune : Quand la technologie met les abeilles et oiseaux en danger<\/mark><\/strong> : <strong>Alors que la 5G se d\u00e9ploie \u00e0 grande \u00e9chelle, des \u00e9tudes mettent en lumi\u00e8re ses impacts potentiels sur la faune. Les abeilles et les oiseaux, notamment, seraient affect\u00e9s dans leurs capacit\u00e9s d&rsquo;orientation, de migration et de nidification. Des experts demandent une r\u00e9gulation des radiations \u00e9lectromagn\u00e9tiques pour prot\u00e9ger nos \u00e9cosyst\u00e8mes.<\/strong><\/p>\n\n\n\n<p>\u00ab Aujourd&rsquo;hui, <strong>la 5G est d\u00e9ploy\u00e9e en masse, sans que l&rsquo;on ait fait preuve de la diligence n\u00e9cessaire pour d\u00e9terminer si ces sources de rayonnement sont s\u00fbres non seulement pour les \u00eatres humains, mais aussi pour la faune et la flore<\/strong>. Et la r\u00e9ponse est non, elles ne le sont pas \u00bb. &#8211;Albert Manville, professeur adjoint \u00e0 l&rsquo;universit\u00e9 Johns Hopkins, <strong>biologiste retrait\u00e9 du U.S. Fish and Wildlife Service et coauteur de l&rsquo;\u00e9tude.<\/strong><\/p>\n\n\n\n<p>11 f\u00e9vrier 2022 (Sacramento) &#8212; <mark style=\"background-color:rgba(0, 0, 0, 0)\" class=\"has-inline-color has-vivid-red-color\">De plus en plus d&rsquo;\u00e9tudes scientifiques montrent que les champs \u00e9lectromagn\u00e9tiques provenant des fr\u00e9quences extr\u00eamement basses communes aux lignes \u00e9lectriques et les rayonnements de radiofr\u00e9quence<\/mark>, du type de ceux \u00e9mis par les tours de <strong>t\u00e9l\u00e9phonie cellulaire<\/strong> et les <strong>appareils mobiles, peuvent \u00eatre nocifs pour la faune et la flore sauvages ainsi que pour les \u00eatres humains.<\/strong><\/p>\n\n\n\n<p><strong>Une analyse en trois parties<\/strong> (partie 1(<a href=\"https:\/\/pubmed.ncbi.nlm.nih.gov\/34047144\/\"><mark style=\"background-color:rgba(0, 0, 0, 0)\" class=\"has-inline-color has-vivid-red-color\">link is external<\/mark><\/a>) \ud83d\udd17, partie 2 (<a href=\"https:\/\/pubmed.ncbi.nlm.nih.gov\/34243228\/\"><mark style=\"background-color:rgba(0, 0, 0, 0)\" class=\"has-inline-color has-vivid-red-color\">link is external<\/mark><\/a>) et partie 3 (<a href=\"https:\/\/www.degruyter.com\/document\/doi\/10.1515\/reveh-2021-0083\/html\"><mark style=\"background-color:rgba(0, 0, 0, 0)\" class=\"has-inline-color has-vivid-red-color\">link is external<\/mark><\/a>)) \ud83d\udd17 de la <span style=\"text-decoration: underline;\">litt\u00e9rature recommande au gouvernement f\u00e9d\u00e9ral de r\u00e9glementer les rayonnements \u00e9lectromagn\u00e9tiques comme s&rsquo;il s&rsquo;agissait d&rsquo;une pollution<\/span>.<\/p>\n\n\n\n<p><strong>B. Blake Levitt, journaliste m\u00e9dical et scientifique, auteur de deux livres sur les champs \u00e9lectromagn\u00e9tiques et coauteur de l&rsquo;\u00e9tude, a<\/strong> <span style=\"text-decoration: underline;\">d\u00e9clar\u00e9 <\/span><strong>que les rayonnements RF, m\u00eame \u00e0 de faibles niveaux, \u00e9taient nocifs pour tous les mod\u00e8les animaux \u00e9tudi\u00e9s, en particulier les abeilles et les oiseaux.<\/strong><\/p>\n\n\n\n<p><strong>D\u00e9couvrez les enjeux de cette probl\u00e9matique environnementale.<\/strong> Pour en savoir plus, <mark style=\"background-color:rgba(0, 0, 0, 0)\" class=\"has-inline-color has-vivid-red-color\">consultez cet article<\/mark> : <a href=\"https:\/\/www.eastcountymagazine.org\">East County Magazine &#8211; Cell Tower Radiation Harms Wildlife<\/a> \ud83d\udd17<\/p>\n\n\n\n<p>\u25a0 <strong><mark style=\"background-color:rgba(0, 0, 0, 0)\" class=\"has-inline-color has-vivid-red-color\">Le Monde \u00e0 la Crois\u00e9e des Chemins : Le Risque de Guerre Mondiale<\/mark><\/strong>.<\/p>\n\n\n\n<figure class=\"wp-block-embed is-type-video is-provider-youtube wp-block-embed-youtube wp-embed-aspect-16-9 wp-has-aspect-ratio\"><div class=\"wp-block-embed__wrapper\">\n<iframe  id=\"_ytid_10399\"  width=\"640\" height=\"360\"  data-origwidth=\"640\" data-origheight=\"360\" src=\"https:\/\/www.youtube.com\/embed\/5VIxN1X4o5s?enablejsapi=1&#038;autoplay=0&#038;cc_load_policy=0&#038;cc_lang_pref=&#038;iv_load_policy=1&#038;loop=0&#038;rel=1&#038;fs=1&#038;playsinline=0&#038;autohide=2&#038;theme=dark&#038;color=red&#038;controls=1&#038;disablekb=0&#038;\" class=\"__youtube_prefs__  epyt-is-override  no-lazyload\" title=\"YouTube player\"  allow=\"fullscreen; accelerometer; autoplay; clipboard-write; encrypted-media; gyroscope; picture-in-picture; web-share\" referrerpolicy=\"strict-origin-when-cross-origin\" allowfullscreen data-no-lazy=\"1\" data-skipgform_ajax_framebjll=\"\"><\/iframe>\n<\/div><figcaption class=\"wp-element-caption\">Biden, la 3\u00e8me Guerre Mondiale sinon rien ! \/ <a href=\"https:\/\/www.youtube.com\/@LaVOIXdelaLOUISIANE\">La Voix de la Louisiane<\/a> \ud83d\udd17<\/figcaption><\/figure>\n\n\n\n<p><strong>Dans un contexte de tensions g\u00e9opolitiques croissantes, les d\u00e9cisions prises par les \u00c9tats-Unis et la Russie font craindre une nouvelle guerre mondiale. Quelles sont les implications de ces actions et quelles cons\u00e9quences pour l\u2019humanit\u00e9 ?<\/strong><\/p>\n\n\n\n<p>La Voix de la Louisiane pr\u00e9sente son <strong>1er bulletin d\u2019informations et d\u2019analyses<\/strong> qui explore <strong>les risques d\u2019une guerre mondiale en raison des r\u00e9centes d\u00e9cisions politiques et militaires<\/strong>. Le pr\u00e9sident Joe Biden a r\u00e9cemment autoris\u00e9 l\u2019arm\u00e9e ukrainienne \u00e0 utiliser des armes am\u00e9ricaines pour frapper des cibles \u00e0 l\u2019int\u00e9rieur de la Russie, <strong>une d\u00e9cision qui a \u00e9t\u00e9 interpr\u00e9t\u00e9e par Moscou comme une d\u00e9claration de guerre directe. Cette escalade des tensions entre les \u00c9tats-Unis et la Russie pourrait d\u00e9clencher un conflit nucl\u00e9aire, selon des experts comme Scott Ritter.<\/strong><\/p>\n\n\n\n<p>Les syst\u00e8mes de missiles am\u00e9ricains, tels que l\u2019ATACMS, n\u00e9cessitent le soutien et la gestion des analystes am\u00e9ricains, ce qui rend toute frappe contre la Russie susceptible d\u2019\u00eatre consid\u00e9r\u00e9e comme une attaque directe des \u00c9tats-Unis. <strong>C\u2019est justement ce qui vient de se passer<\/strong>. 6 missiles ATACMS et 2 Storm Shadow ont \u00e9t\u00e9 abattus en Russie et le Pr\u00e9sident Poutine annonce en repr\u00e9sailles le tir d\u2019un missile ballistique&nbsp;ORECHNIK sur l\u2019Ukraine.<\/p>\n\n\n\n<p><strong>La situation actuelle est le r\u00e9sultat d\u2019une strat\u00e9gie risqu\u00e9e o\u00f9 chaque camp pousse les limites, esp\u00e9rant que l\u2019autre ne r\u00e9agira pas. Cependant, la Russie n\u2019a jamais \u00e9t\u00e9 encline \u00e0 blaguer sur ces lignes rouges, et les experts estiment que l\u2019engrenage serait d\u00e9vastateur.<\/strong> <mark style=\"background-color:rgba(0, 0, 0, 0)\" class=\"has-inline-color has-vivid-red-color\">Lire la suite<\/mark> [<a href=\"https:\/\/www.profession-gendarme.com\/le-monde-a-la-croisee-des-chemins-le-risque-de-guerre-mondiale\/\">Profession Gendarme<\/a>] \ud83d\udd17<\/p>\n\n\n\n<p>\u25a0 <strong><mark style=\"background-color:rgba(0, 0, 0, 0)\" class=\"has-inline-color has-vivid-red-color\">Le nouvel ordinateur de Nvidia a lanc\u00e9 un avertissement terrifiant \u00e0 l&rsquo;ensemble de l&rsquo;industrie !<\/mark><\/strong> : <strong>Pensez \u00e0 activer la traduction automatique des sous-titres !<\/strong><\/p>\n\n\n\n<figure class=\"wp-block-embed aligncenter is-type-video is-provider-youtube wp-block-embed-youtube wp-embed-aspect-16-9 wp-has-aspect-ratio\"><div class=\"wp-block-embed__wrapper\">\n<iframe  id=\"_ytid_86578\"  width=\"640\" height=\"360\"  data-origwidth=\"640\" data-origheight=\"360\" src=\"https:\/\/www.youtube.com\/embed\/PqOjZcQBsic?enablejsapi=1&#038;autoplay=0&#038;cc_load_policy=0&#038;cc_lang_pref=&#038;iv_load_policy=1&#038;loop=0&#038;rel=1&#038;fs=1&#038;playsinline=0&#038;autohide=2&#038;theme=dark&#038;color=red&#038;controls=1&#038;disablekb=0&#038;\" class=\"__youtube_prefs__  epyt-is-override  no-lazyload\" title=\"YouTube player\"  allow=\"fullscreen; accelerometer; autoplay; clipboard-write; encrypted-media; gyroscope; picture-in-picture; web-share\" referrerpolicy=\"strict-origin-when-cross-origin\" allowfullscreen data-no-lazy=\"1\" data-skipgform_ajax_framebjll=\"\"><\/iframe>\n<\/div><figcaption class=\"wp-element-caption\">Nvidia&rsquo;s New Computer Has Released A Terrifying WARNING To The Entire Industry! \/ <a href=\"https:\/\/www.youtube.com\/@Eternityinspace\">Eternity<\/a> \ud83d\udd17 Via <a href=\"https:\/\/www.blueman.name\/Des_Videos_Remarquables.php?NumVideo=9532#NAVIGATION\">Blue Man<\/a> \ud83d\udd17<\/figcaption><\/figure>\n\n\n\n<p>Les nouveaux GPU Blackwell de Nvidia, d\u00e9voil\u00e9s lors de la conf\u00e9rence GTC, pourraient d\u00e9passer les titans de la technologie tels qu&rsquo;Apple et Microsoft. Ces puces sont au c\u0153ur de la strat\u00e9gie audacieuse de Nvidia pour dominer l&rsquo;informatique de l&rsquo;IA, en associant un mat\u00e9riel de premier ordre \u00e0 des logiciels puissants. Cette combinaison est destin\u00e9e \u00e0 bouleverser les centres de donn\u00e9es et \u00e0 porter l&rsquo;efficacit\u00e9 \u00e0 de nouveaux sommets. <strong>Sommes-nous \u00e0 l&rsquo;aube d&rsquo;une r\u00e9volution de l&rsquo;IA qui pourrait remodeler le monde de la technologie ? Voyons ce que cela signifie pour les personnes d\u00e9sireuses de s&rsquo;int\u00e9resser rapidement \u00e0 cette technologie r\u00e9volutionnaire.<\/strong><\/p>\n\n\n\n<p>La r\u00e9cente conf\u00e9rence de la GTC a convaincu de nombreuses personnes que Nvidia, connue pour son travail de pionnier dans le domaine des GPU, est sur la bonne voie pour d\u00e9passer des g\u00e9ants comme Apple et Microsoft. <strong>Les enthousiastes consid\u00e8rent que les nouveaux GPU Blackwell de Nvidia changent la donne et sugg\u00e8rent un changement significatif dans la mani\u00e8re dont Wall Street \u00e9value les entreprises technologiques<\/strong>. Ce changement est moins li\u00e9 aux indicateurs financiers traditionnels qu&rsquo;\u00e0 une compr\u00e9hension approfondie des produits innovants de l&rsquo;entreprise.<\/p>\n\n\n\n<p>Approfondissons les affirmations concernant Nvidia. L&rsquo;entreprise ne se contente pas de faire des progr\u00e8s dans le domaine du mat\u00e9riel : <strong>elle construit une plateforme informatique compl\u00e8te pour l&rsquo;IA<\/strong>. Cette expansion dans le domaine des logiciels est destin\u00e9e \u00e0 soutenir ses innovations mat\u00e9rielles. Pour ceux qui ont assist\u00e9 \u00e0 la GTC, il \u00e9tait clair que Nvidia avait pour objectif de montrer les capacit\u00e9s logicielles autant que les avanc\u00e9es mat\u00e9rielles.<\/p>\n\n\n\n<p>\u25a0 <strong><mark style=\"background-color:rgba(0, 0, 0, 0)\" class=\"has-inline-color has-vivid-red-color\">De la G\u00e9opolitique et de la Religion 2\/2 | 1- De la religion.<\/mark><\/strong><\/p>\n\n\n\n<p><strong>La religion pr\u00e9suppose \u00e9l\u00e9vation de pens\u00e9e vers son Dieu cr\u00e9ateur, pi\u00e9t\u00e9, m\u00e9ditation, humanit\u00e9, fraternit\u00e9, solidarit\u00e9, charit\u00e9. En somme de beaux sentiments. A en juger par le nombre de religion dans le monde, la plan\u00e8te devrait \u00eatre, non le paradis sur terre, \u00e0 tout le moins le lieu d\u2019une grande qui\u00e9tude. Or, tel n\u2019est pas le cas. Mais pas du tout.<\/strong><\/p>\n\n\n\n<p><strong>Espace de communion et d\u2019exclusion, la religion est un espace concurrentiel : Le juif se revendique comme \u00able peuple \u00e9lu\u00bb, le musulman se vit comme appartenant \u00e0 \u00abkhairou oummaten ounjibat lil nass \u2013 la meilleure nation offerte au Monde\u00bb et le catholique appartient \u00e0 \u00abl\u2019\u00e9glise apostolique universelle\u00bb.<\/strong><\/p>\n\n\n\n<p><strong>Le juif se retrouve \u00e0 la Knesseth, l\u2019assembl\u00e9e des clercs, le musulman dans \u00abAl Jameh\u00bb (le rassembleur)\u00bb et le catholique dans l\u2019\u00c9glise- Eklesia assembl\u00e9e des fid\u00e8les. Ceux qui se trouvent au sein de l\u2019enceinte sont dans un \u00e9tat de communion. Ceux qui son<\/strong>t situ\u00e9s \u00e0 l\u2019ext\u00e9rieur sont soit des infid\u00e8les ou des ren\u00e9gats, en tout \u00e9tat de cause en \u00e9tat d\u2019ex-communion.<\/p>\n\n\n\n<p><mark style=\"background-color:rgba(0, 0, 0, 0)\" class=\"has-inline-color has-vivid-red-color\">La d\u00e9rive vers la violence s\u2019explique par la n\u00e9cessit\u00e9 de pr\u00e9server la coh\u00e9sion du groupe majoritaire et sa domination.<\/mark><\/p>\n\n\n\n<p>La sociologie l\u2019enseigne et la pratique le confirme : T<strong>oute pens\u00e9e dissidente suscite une r\u00e9pression car elle met en cause l\u2019ordre \u00e9tabli. Le bouc \u00e9missaire ainsi choisi dans ce cas n\u2019est pas le v\u00e9ritable responsable du d\u00e9sordre instaur\u00e9.<\/strong><\/p>\n\n\n\n<p><strong>D\u00e9sign\u00e9 \u00e0 la vindicte publique<\/strong>, <strong>il devient le coupable id\u00e9al en ce que sa culpabilit\u00e9 ne remet pas en cause l\u2019ordre social \u00e9tabli.<\/strong><\/p>\n\n\n\n<p>Dans l\u2019antiquit\u00e9, J\u00e9sus Christ a ainsi \u00e9t\u00e9 crucifi\u00e9 non pas tant en raison de son comportement criminel, <strong>mais pour ses intentions pacifiques en ce qu\u2019elles portaient en germes une remise en cause de l\u2019ordre romain.<\/strong><\/p>\n\n\n\n<p><strong>La violence n\u2019est pas r\u00e9ductible \u00e0 une religion d\u00e9termin\u00e9e. La chr\u00e9tient\u00e9 pers\u00e9cut\u00e9e sous l\u2019empire romain, infligera \u00e0 son tour inquisition et pers\u00e9cution au Moyen \u00e2ge contre les schismatiques, les impies protestants\u2026et <\/strong><span style=\"text-decoration: underline;\">partout ailleurs dans le Monde, la colonisation, l\u2019esclavage, la traite n\u00e9gri\u00e8re, la forme la plus hideuse<\/span> de <mark style=\"background-color:rgba(0, 0, 0, 0)\" class=\"has-inline-color has-vivid-red-color\">l\u2019exploitation humaine<\/mark>.<\/p>\n\n\n\n<p><strong>A l\u2019\u00e9poque contemporaine, l\u2019Inde, majoritairement bouddhiste et instigatrice de la non-violence dans le combat politique pour son ind\u00e9pendance, a vu deux de ses plus prestigieux dirigeants, Gandhi lui-m\u00eame et le premier ministre Indira Gandhi, p\u00e9rirent de mort violente<\/strong>. <mark style=\"background-color:rgba(0, 0, 0, 0)\" class=\"has-inline-color has-vivid-red-color\">Lire la suite<\/mark> [<a href=\"https:\/\/www.mondialisation.ca\/de-la-geopolitique-et-de-la-religion-2-2\/5694194?doing_wp_cron=1732430774.3335649967193603515625\">Mondialisation CA<\/a>] \ud83d\udd17<\/p>\n\n\n\n<p>\u25a0 <strong><mark style=\"background-color:rgba(0, 0, 0, 0)\" class=\"has-inline-color has-vivid-red-color\">Un champ de bataille des premi\u00e8res conqu\u00eates islamiques red\u00e9couvert gr\u00e2ce \u00e0 un satellite espion !<\/mark> D\u00e9chiffrer&nbsp;des photos a\u00e9riennes de la guerre froide pour remonter le temps, il fallait y penser. C\u2019est pourtant ce qu\u2019ont r\u00e9alis\u00e9 des \u00e9quipes d\u2019arch\u00e9ologues britanniques et irakiens, pour retrouver la trace d\u2019un champ de bataille vieux de 1 400 ans, ayant ouvert l\u2019\u00e8re des conqu\u00eates islamiques&nbsp;\u00e0 partir du VII<sup>e<\/sup> si\u00e8cle<\/strong>.<\/p>\n\n\n\n<p><strong>Observer la Terre depuis le ciel est parfois l&rsquo;occasion de d\u00e9couvertes fortuites dans le domaine de l&rsquo;arch\u00e9ologie<\/strong>. <span style=\"text-decoration: underline;\">Gr\u00e2ce aux efforts conjoints de chercheurs<\/span> des universit\u00e9s de Durham, en Angleterre, et d&rsquo;Al-Qadisiyah, en Irak, un site arch\u00e9ologique majeur semble avoir \u00e9t\u00e9 d\u00e9couvert ces derniers mois. Dans <a href=\"https:\/\/www.cambridge.org\/core\/journals\/antiquity\/article\/locating-alqadisiyyah-mapping-iraqs-most-famous-early-islamic-conquest-site\/21B9442A0AF8C5AF41F67D7F270B0E34\" target=\"_blank\" rel=\"noreferrer noopener\"><mark style=\"background-color:rgba(0, 0, 0, 0)\" class=\"has-inline-color has-vivid-red-color\">la revue <em>Antiquity<\/em><\/mark><\/a><mark style=\"background-color:rgba(0, 0, 0, 0)\" class=\"has-inline-color has-vivid-red-color\"> <\/mark>\ud83d\udd17, <strong>les arch\u00e9ologues d\u00e9taillent leur d\u00e9couverte d&rsquo;un champ de bataille ancien dans l&rsquo;ancienne M\u00e9sopotamie, marquant un v\u00e9ritable tournant dans l&rsquo;histoire du Moyen-Orient. En croisant leur source et en analysant des images satellitaires d\u00e9classifi\u00e9es<\/strong> <a href=\"https:\/\/www.futura-sciences.com\/sciences\/questions-reponses\/epoque-contemporaine-quest-ce-provoque-fin-guerre-froide-5501\/\"><mark style=\"background-color:rgba(0, 0, 0, 0)\" class=\"has-inline-color has-vivid-red-color\">de la guerre froide<\/mark><\/a> \ud83d\udd17, les universitaires ont retrouv\u00e9 les vestiges de la bataille d&rsquo;al-Qadisiyyah, ayant fa\u00e7onn\u00e9 les conqu\u00eates islamiques au VII<sup>e<\/sup> si\u00e8cle de notre \u00e8re. <mark style=\"background-color:rgba(0, 0, 0, 0)\" class=\"has-inline-color has-vivid-red-color\">Lire la suite<\/mark> [<a href=\"https:\/\/www.futura-sciences.com\/sciences\/actualites\/archeologie-champ-bataille-premieres-conquetes-islamiques-redecouvert-grace-satellite-espion-117595\/\">Futura-Sciences<\/a>] \ud83d\udd17<\/p>\n\n\n\n<p>\u25a0 <strong><mark style=\"background-color:rgba(0, 0, 0, 0)\" class=\"has-inline-color has-vivid-red-color\">LA V\u00c9RIT\u00c9 \u00c9CLATE ENFIN ! TOUT SUR L\u2019ATTENTAT DE NOTRE-DAME<\/mark><\/strong> <strong>| LUDOVIC MALOT | GPTV<\/strong>.<\/p>\n\n\n\n<figure class=\"wp-block-embed aligncenter is-type-video is-provider-youtube wp-block-embed-youtube wp-embed-aspect-16-9 wp-has-aspect-ratio\"><div class=\"wp-block-embed__wrapper\">\n<iframe  id=\"_ytid_59869\"  width=\"640\" height=\"360\"  data-origwidth=\"640\" data-origheight=\"360\" src=\"https:\/\/www.youtube.com\/embed\/6f9ljzuFZzE?enablejsapi=1&#038;autoplay=0&#038;cc_load_policy=0&#038;cc_lang_pref=&#038;iv_load_policy=1&#038;loop=0&#038;rel=1&#038;fs=1&#038;playsinline=0&#038;autohide=2&#038;theme=dark&#038;color=red&#038;controls=1&#038;disablekb=0&#038;\" class=\"__youtube_prefs__  epyt-is-override  no-lazyload\" title=\"YouTube player\"  allow=\"fullscreen; accelerometer; autoplay; clipboard-write; encrypted-media; gyroscope; picture-in-picture; web-share\" referrerpolicy=\"strict-origin-when-cross-origin\" allowfullscreen data-no-lazy=\"1\" data-skipgform_ajax_framebjll=\"\"><\/iframe>\n<\/div><figcaption class=\"wp-element-caption\"><a href=\"https:\/\/www.youtube.com\/@FranckPengam\">G\u00c9OPOLITIQUE PROFONDE<\/a> \ud83d\udd17<\/figcaption><\/figure>\n\n\n\n<p><strong>L\u2019incendie de Notre-Dame d\u00e9passe la simple hypoth\u00e8se d\u2019un accident fortuit.<\/strong> La <a href=\"https:\/\/www.google.com\/search?client=firefox-b-d&amp;q=soci%C3%A9t%C3%A9+Aubriat+NOTRE+DAME\">soci\u00e9t\u00e9 Aubriat<\/a> \ud83d\udd17, impliqu\u00e9e dans le traitement des poutres de la cath\u00e9drale, a appliqu\u00e9 un gel anti-champignons. Le choix de faire intervenir cette soci\u00e9t\u00e9 interroge d\u2019autant plus que le logo de l\u2019entreprise pr\u00e9sente des <strong>similitudes troublantes avec des symboles \u00e9sot\u00e9riques, renfor\u00e7ant les sp\u00e9culations sur une conspiration<\/strong>. Cette intervention soul\u00e8ve des doutes sur la s\u00e9curit\u00e9 des travaux r\u00e9alis\u00e9s sur ce patrimoine embl\u00e9matique, \u00e9cho aux controverses historiques li\u00e9es \u00e0 la restauration des monuments en France. Le ph\u00e9nom\u00e8ne de la fum\u00e9e jaune durant l\u2019incendie, attribu\u00e9 par certains au plomb fondu, a nourri des interpr\u00e9tations plus mystiques. Cette couleur inhabituelle a conduit certains \u00e0 y voir des <strong>signes d\u2019influences occultes, \u00e9voquant la symbolique associ\u00e9e \u00e0 la fum\u00e9e dans des rituels magiques<\/strong>. Notre-Dame, charg\u00e9e d\u2019histoire et de spiritualit\u00e9, est souvent associ\u00e9e \u00e0 des \u00e9v\u00e9nements au-del\u00e0 du rationnel, et son aura a longtemps captiv\u00e9 l\u2019imaginaire collectif. Ces \u00e9l\u00e9ments renforcent l&rsquo;id\u00e9e que des forces symboliques ou culturelles pourraient \u00eatre \u00e0 l&rsquo;\u0153uvre autour de cet \u00e9v\u00e9nement. Enfin, <strong>les proph\u00e9ties de Nostradamus<\/strong>, qui auraient annonc\u00e9 cet incendie avec une \u00e9tonnante pr\u00e9cision, ajoutent une dimension intrigante. <strong>Des interpr\u00e9tations lient m\u00eame certains passages de ses \u00e9crits \u00e0 Emmanuel Macron et son r\u00f4le dans la reconstruction de la cath\u00e9drale. L\u2019utilisation suppos\u00e9e d\u2019un langage cod\u00e9 dans ses discours \u00e9voque des pratiques \u00e9sot\u00e9riques. Ce drame d\u00e9passe donc sa r\u00e9alit\u00e9 mat\u00e9rielle pour devenir un carrefour d\u2019interpr\u00e9tations m\u00ealant histoire, politique et mysticisme, un sujet qui continue de fasciner et d\u2019alimenter les d\u00e9bats.<\/strong><\/p>\n\n\n\n<p>\u25a0 <strong><mark style=\"background-color:rgba(0, 0, 0, 0)\" class=\"has-inline-color has-vivid-red-color\">Emission myst\u00e8re : L&rsquo;affaire Trogneux ! <\/mark>(Avec Maud Marian et Fran\u00e7ois Danglehant).<\/strong><\/p>\n\n\n\n<figure class=\"wp-block-embed aligncenter is-type-video is-provider-youtube wp-block-embed-youtube wp-embed-aspect-16-9 wp-has-aspect-ratio\"><div class=\"wp-block-embed__wrapper\">\n<iframe  id=\"_ytid_60156\"  width=\"640\" height=\"360\"  data-origwidth=\"640\" data-origheight=\"360\" src=\"https:\/\/www.youtube.com\/embed\/WZdqmiIaHXQ?enablejsapi=1&#038;autoplay=0&#038;cc_load_policy=0&#038;cc_lang_pref=&#038;iv_load_policy=1&#038;loop=0&#038;rel=1&#038;fs=1&#038;playsinline=0&#038;autohide=2&#038;theme=dark&#038;color=red&#038;controls=1&#038;disablekb=0&#038;\" class=\"__youtube_prefs__  epyt-is-override  no-lazyload\" title=\"YouTube player\"  allow=\"fullscreen; accelerometer; autoplay; clipboard-write; encrypted-media; gyroscope; picture-in-picture; web-share\" referrerpolicy=\"strict-origin-when-cross-origin\" allowfullscreen data-no-lazy=\"1\" data-skipgform_ajax_framebjll=\"\"><\/iframe>\n<\/div><figcaption class=\"wp-element-caption\"><a href=\"https:\/\/www.youtube.com\/@nicolasbouvierperso\">Nicolas BOUVIER<\/a> \ud83d\udd17<\/figcaption><\/figure>\n\n\n\n<p>Maud Marian est l&rsquo;avocate d&rsquo;Amandine Roy, m\u00e9dium qui a donn\u00e9 la parole \u00e0 Natacha Rey le 10 d\u00e9cembre 2021, au moment o\u00f9 cette derni\u00e8re a fait des r\u00e9v\u00e9lations sur <a href=\"https:\/\/planetactus.com\/index.php\/2024\/08\/25\/france-de-jean-michel-a-brigitte-trogneux-mensonges-a-lelysee-from-jean-michel-to-brigitte-trogneux-lies-at-the-elysee\/\"><mark style=\"background-color:rgba(0, 0, 0, 0)\" class=\"has-inline-color has-vivid-red-color\">le couple pr\u00e9sidentielle<\/mark><\/a> \ud83d\udd17. Pour Pour la joindre : maudmarian@outlook.fr<\/p>\n\n\n\n<p>\u25a0 <strong><mark style=\"background-color:rgba(0, 0, 0, 0)\" class=\"has-inline-color has-vivid-red-color\">\u00a0\u00bb Les industriels devraient \u00eatre jet\u00e9s en prison, ils tuent nos enfants\u00a0\u00bb<\/mark><\/strong> <strong>: \u00e0 New Delhi, en Inde, la col\u00e8re des parents face \u00e0 la pollution de l&rsquo;air<\/strong>. <strong>La capitale de l&rsquo;Inde, avec ses 30 millions d&rsquo;habitants, est en proie \u00e0 une importante pollution de l&rsquo;air depuis plusieurs jours. Les habitants et les m\u00e9decins s&rsquo;inqui\u00e8tent des cons\u00e9quences pour les enfants.<\/strong><\/p>\n\n\n\n<p><strong>\u00c0 New Delhi, en Inde, la qualit\u00e9 de l\u2019air reste catastrophique et cela devrait encore durer<\/strong>. Cette forte pollution est r\u00e9currente durant l\u2019hiver dans cette ville surnomm\u00e9e \u00ab\u00a0<strong>capitale mondiale de la pollution<\/strong>\u00ab\u00a0, avec de <span style=\"text-decoration: underline;\">tr\u00e8s lourdes cons\u00e9quences sur la sant\u00e9 des plus jeunes<\/span>. L<mark style=\"background-color:rgba(0, 0, 0, 0)\" class=\"has-inline-color has-vivid-red-color\">es parents et les docteurs s\u2019alarment de l\u2019explosion des maladies respiratoires chez les enfants.<\/mark><\/p>\n\n\n\n<p><a href=\"https:\/\/www.francetvinfo.fr\/monde\/inde\/pollution-de-l-air-fermeture-de-toutes-les-ecoles-primaires-a-new-delhi_6897107.html\">Les \u00e9coles de la r\u00e9gion capitale sont \u00e0 nouveau ferm\u00e9es<\/a> <strong>sur ordre de la Cour Supr\u00eame, en raison de la toxicit\u00e9 de l\u2019air<\/strong>. <strong>Une d\u00e9cision qui ne calme pas la col\u00e8re de Bhavreen Khandari, \u00e0 la t\u00eate d\u2019une association de parents militant contre la pollution<\/strong>. <em>\u00ab\u00a0<strong>De qui se moque-t-on ? <\/strong>Il n\u2019y a que 3% de la population qui dispose de grands appartements. Le reste des enfants vont s\u2019entasser dans une pi\u00e8ce pollu\u00e9e o\u00f9 l\u2019on se chauffe et cuisine parfois au charbon !<\/em>, d\u00e9nonce-t-il. <em>La seule solution, c\u2019est de combattre la pollution de l\u2019air. <strong>Les industriels et responsables devraient \u00eatre jet\u00e9s en prison, car ils tuent nos enfants !<\/strong>\u00ab\u00a0<\/em>&nbsp;<mark style=\"background-color:rgba(0, 0, 0, 0)\" class=\"has-inline-color has-vivid-red-color\">Lire la suite<\/mark> [<a href=\"https:\/\/www.francetvinfo.fr\/monde\/inde\/les-industriels-devraient-etre-jetes-en-prison-ils-tuent-nos-enfants-a-new-delhi-en-inde-la-colere-des-parents-face-a-la-pollution-de-l-air_6913193.html\">France TV Info<\/a>] \ud83d\udd17<\/p>\n\n\n\n<p>\u25a0 <strong><mark style=\"background-color:rgba(0, 0, 0, 0)\" class=\"has-inline-color has-vivid-red-color\">Chine : des restes d\u2019hommes \u00ab g\u00e9ants \u00bb ayant v\u00e9cu il y a pr\u00e8s de 5 000 ans.<\/mark><\/strong><\/p>\n\n\n\n<figure class=\"wp-block-embed aligncenter is-type-video is-provider-youtube wp-block-embed-youtube wp-embed-aspect-16-9 wp-has-aspect-ratio\"><div class=\"wp-block-embed__wrapper\">\n<iframe  id=\"_ytid_53937\"  width=\"640\" height=\"360\"  data-origwidth=\"640\" data-origheight=\"360\" src=\"https:\/\/www.youtube.com\/embed\/qEyLAmeSN8Y?enablejsapi=1&#038;autoplay=0&#038;cc_load_policy=0&#038;cc_lang_pref=&#038;iv_load_policy=1&#038;loop=0&#038;rel=1&#038;fs=1&#038;playsinline=0&#038;autohide=2&#038;theme=dark&#038;color=red&#038;controls=1&#038;disablekb=0&#038;\" class=\"__youtube_prefs__  epyt-is-override  no-lazyload\" title=\"YouTube player\"  allow=\"fullscreen; accelerometer; autoplay; clipboard-write; encrypted-media; gyroscope; picture-in-picture; web-share\" referrerpolicy=\"strict-origin-when-cross-origin\" allowfullscreen data-no-lazy=\"1\" data-skipgform_ajax_framebjll=\"\"><\/iframe>\n<\/div><figcaption class=\"wp-element-caption\">Archaeologists find 5,000-year-old giants in Shandong, China \/ <a href=\"https:\/\/www.youtube.com\/@ChinaViewTV\">New China TV<\/a> \ud83d\udd17<\/figcaption><\/figure>\n\n\n\n<p>Les ossements d\u00e9couverts lors de fouilles men\u00e9es dans le village de Jiaojia, situ\u00e9 dans la province du Shandong dans le sud-est de la Chine, <strong>r\u00e9v\u00e8lent au moins un individu masculin qui aurait atteint 1,90&nbsp;m de hauteur, ainsi que d\u2019autres mesurant environ 1,80&nbsp;m<\/strong>. Si ces tailles pourraient para\u00eetre \u00ab<strong>banales<\/strong>\u00bb aujourd\u2019hui, elles sont en revanche exceptionnelles pour l\u2019\u00e9poque&nbsp;: \u201c<em><strong>Nous avons fait cette conclusion apr\u00e8s avoir examin\u00e9 les ossements<\/strong>\u201d<\/em>, explique Fang Hui, chef de l\u2019\u00e9cole et d\u2019histoire de l\u2019Universit\u00e9 Shandong. \u201c<em>De leur vivant, ces hommes \u00e9taient sans aucun doute encore plus grands\u201d<\/em>. <mark style=\"background-color:rgba(0, 0, 0, 0)\" class=\"has-inline-color has-vivid-red-color\">Lire la suite<\/mark> [<a href=\"https:\/\/sciencepost.fr\/en-chine-des-restes-dhommes-geants-ayant-vecu-y-a-pres-de-5-000-ans\/\">Science post<\/a>] \ud83d\udd17<\/p>\n\n\n\n<p>\u25a0 <mark style=\"background-color:rgba(0, 0, 0, 0)\" class=\"has-inline-color has-vivid-red-color\"><strong>Lucy : les 50 ans d&rsquo;une d\u00e9couverte<\/strong>.<\/mark><\/p>\n\n\n\n<figure class=\"wp-block-embed aligncenter is-type-video is-provider-youtube wp-block-embed-youtube wp-embed-aspect-16-9 wp-has-aspect-ratio\"><div class=\"wp-block-embed__wrapper\">\n<iframe  id=\"_ytid_17279\"  width=\"640\" height=\"360\"  data-origwidth=\"640\" data-origheight=\"360\" src=\"https:\/\/www.youtube.com\/embed\/CmC-X6NEZrE?enablejsapi=1&#038;autoplay=0&#038;cc_load_policy=0&#038;cc_lang_pref=&#038;iv_load_policy=1&#038;loop=0&#038;rel=1&#038;fs=1&#038;playsinline=0&#038;autohide=2&#038;theme=dark&#038;color=red&#038;controls=1&#038;disablekb=0&#038;\" class=\"__youtube_prefs__  epyt-is-override  no-lazyload\" title=\"YouTube player\"  allow=\"fullscreen; accelerometer; autoplay; clipboard-write; encrypted-media; gyroscope; picture-in-picture; web-share\" referrerpolicy=\"strict-origin-when-cross-origin\" allowfullscreen data-no-lazy=\"1\" data-skipgform_ajax_framebjll=\"\"><\/iframe>\n<\/div><figcaption class=\"wp-element-caption\"><a href=\"https:\/\/www.youtube.com\/c\/Mus%C3%A9edelHommeMNHN\">Mus\u00e9e de l&rsquo;Homme<\/a> \ud83d\udd17<\/figcaption><\/figure>\n\n\n\n<p>Il y a 50 ans, <strong>une exp\u00e9dition scientifique internationale<\/strong>, men\u00e9e par Maurice Ta\u00efeb, Donald Johanson et Yves Coppens, a mis au jour un squelette fossile. Il a \u00e9t\u00e9 d\u00e9couvert le 24 novembre 1974 \u00e0 Hadar, dans la r\u00e9gion de l\u2019Afar, en \u00c9thiopie. L\u2019individu a \u00e9t\u00e9 surnomm\u00e9 Lucy en r\u00e9f\u00e9rence \u00e0 la chanson Lucy in the Sky with Diamonds des Beatles. <strong>Aujourd\u2019hui, elle est consid\u00e9r\u00e9e comme l\u2019une des plus c\u00e9l\u00e8bres australopith\u00e8ques<\/strong>. Dat\u00e9 de 3,2 millions d\u2019ann\u00e9es, il appartient \u00e0 l\u2019esp\u00e8ce Australopithecus afarensis. Avec 52 fragments d\u2019os retrouv\u00e9s, ce squelette est le plus complet et le premier bien conserv\u00e9 \u00e0 avoir \u00e9t\u00e9 d\u00e9couvert pour des p\u00e9riodes aussi anciennes. <strong>Qu\u2019est-ce qui la distingue d\u2019un point de vue anatomique ? Quel \u00e9tait son mode de vie ? De quoi son environnement \u00e9tait-il compos\u00e9 ? En quoi cette d\u00e9couverte a-t-elle marqu\u00e9 l\u2019histoire des sciences ?<\/strong> Faisons plus ample connaissance avec Lucy et son esp\u00e8ce \u00e0 travers ce reportage.<\/p>\n\n\n\n<p>\u25a0 <strong><mark style=\"background-color:rgba(0, 0, 0, 0)\" class=\"has-inline-color has-vivid-red-color\">Les scientifiques d\u00e9couvrent enfin ce qui se cache \u00e0 l\u2019int\u00e9rieur d\u2019un trou noir.<\/mark><\/strong><\/p>\n\n\n\n<figure class=\"wp-block-embed aligncenter is-type-video is-provider-youtube wp-block-embed-youtube wp-embed-aspect-16-9 wp-has-aspect-ratio\"><div class=\"wp-block-embed__wrapper\">\n<iframe  id=\"_ytid_35151\"  width=\"640\" height=\"360\"  data-origwidth=\"640\" data-origheight=\"360\" src=\"https:\/\/www.youtube.com\/embed\/gA6dAyayMII?enablejsapi=1&#038;autoplay=0&#038;cc_load_policy=0&#038;cc_lang_pref=&#038;iv_load_policy=1&#038;loop=0&#038;rel=1&#038;fs=1&#038;playsinline=0&#038;autohide=2&#038;theme=dark&#038;color=red&#038;controls=1&#038;disablekb=0&#038;\" class=\"__youtube_prefs__  epyt-is-override  no-lazyload\" title=\"YouTube player\"  allow=\"fullscreen; accelerometer; autoplay; clipboard-write; encrypted-media; gyroscope; picture-in-picture; web-share\" referrerpolicy=\"strict-origin-when-cross-origin\" allowfullscreen data-no-lazy=\"1\" data-skipgform_ajax_framebjll=\"\"><\/iframe>\n<\/div><figcaption class=\"wp-element-caption\">Complex Langevin Simulations of the Matrix Model for Superstrings by Jun Nishimura \/ <a href=\"https:\/\/www.youtube.com\/watch?v=gA6dAyayMII\">International Centre for Theoretical Sciences<\/a> \ud83d\udd17<\/figcaption><\/figure>\n\n\n\n<p>Les trous noirs, ces \u00e9nigmes fascinantes de l\u2019univers, d\u00e9voilent peu \u00e0 peu leurs myst\u00e8res gr\u00e2ce \u00e0 des avanc\u00e9es scientifiques r\u00e9volutionnaires. <strong>Une \u00e9quipe de chercheurs a combin\u00e9 calcul quantique et intelligence artificielle<\/strong> pour explorer les profondeurs de ces objets c\u00e9lestes. En s\u2019appuyant sur la dualit\u00e9 holographique, ils esp\u00e8rent r\u00e9concilier relativit\u00e9 g\u00e9n\u00e9rale et m\u00e9canique quantique. Cette perc\u00e9e pourrait bien <strong>red\u00e9finir notre compr\u00e9hension de l\u2019univers et des forces qui le fa\u00e7onnent<\/strong>. <mark style=\"background-color:rgba(0, 0, 0, 0)\" class=\"has-inline-color has-vivid-red-color\">Lire la suite<\/mark> [<a href=\"https:\/\/armees.com\/scientifiques-percent-enfin-mystere-linterieur-trous-noirs\/\">Arm\u00e9es<\/a>]<\/p>\n\n\n\n<p>\u25a0 <strong><mark style=\"background-color:rgba(0, 0, 0, 0)\" class=\"has-inline-color has-vivid-red-color\">Le t\u00e9moignage exceptionnel de M. Thierry Angot : Les exp\u00e9riences spirituelles peuvent survenir dans toutes les circonstances de la vie.<\/mark><\/strong><\/p>\n\n\n\n<figure class=\"wp-block-embed aligncenter is-type-video is-provider-youtube wp-block-embed-youtube wp-embed-aspect-16-9 wp-has-aspect-ratio\"><div class=\"wp-block-embed__wrapper\">\n<iframe  id=\"_ytid_73256\"  width=\"640\" height=\"360\"  data-origwidth=\"640\" data-origheight=\"360\" src=\"https:\/\/www.youtube.com\/embed\/3VjHmYP_8j0?enablejsapi=1&#038;autoplay=0&#038;cc_load_policy=0&#038;cc_lang_pref=&#038;iv_load_policy=1&#038;loop=0&#038;rel=1&#038;fs=1&#038;playsinline=0&#038;autohide=2&#038;theme=dark&#038;color=red&#038;controls=1&#038;disablekb=0&#038;\" class=\"__youtube_prefs__  epyt-is-override  no-lazyload\" title=\"YouTube player\"  allow=\"fullscreen; accelerometer; autoplay; clipboard-write; encrypted-media; gyroscope; picture-in-picture; web-share\" referrerpolicy=\"strict-origin-when-cross-origin\" allowfullscreen data-no-lazy=\"1\" data-skipgform_ajax_framebjll=\"\"><\/iframe>\n<\/div><figcaption class=\"wp-element-caption\">Le t\u00e9moignage exceptionnel de M. Thierry Angot \/ <a href=\"https:\/\/www.youtube.com\/watch?app=desktop&amp;v=3VjHmYP_8j0&amp;t=1s\">LES VOIES DE L&rsquo;ESPRIT<\/a> \ud83d\udd17<\/figcaption><\/figure>\n\n\n\n<p><strong>Lors de l\u2019observation d\u2019un ovni<\/strong>, il vivra une \u00ab<mark style=\"background-color:rgba(0, 0, 0, 0)\" class=\"has-inline-color has-vivid-red-color\">sortie hors du corps<\/mark>\u00bb et fera dans ce nouvel \u00e9tat d\u2019\u00eatre totalement inconnu pour lui, <strong>la rencontre d\u2019entit\u00e9s extraterrestres particuli\u00e8rement \u00e9volu\u00e9es d\u2019un point de vue technologique et spirituel<\/strong>. Cette exp\u00e9rience bouleversante va totalement <strong>transformer la vie de Thierry,<\/strong> qui, \u00e0 partir d\u2019elle, <span style=\"text-decoration: underline;\">s\u2019engagera sur une voie de recherche spirituelle<\/span>. D\u2019autres faits troublants sont survenus depuis son observation transformatrice qui semblent lui montrer qu\u2019il est sur la bonne voie ! Daniel Robin.<\/p>\n\n\n\n<p>\u25a0 <strong><mark style=\"background-color:rgba(0, 0, 0, 0)\" class=\"has-inline-color has-vivid-red-color\">Podcast quotidien d\u2019Antiwar | 25 novembre 2024 | Un site web consacr\u00e9 au non-interventionnisme et s\u2019opposant \u00e0 l\u2019imp\u00e9rialisme et \u00e0 la guerre.<\/mark><\/strong> \ud83d\udd17 <strong><a href=\"https:\/\/antiwar.com\/\">Lundi sur Antiwar.com <\/a>\ud83c\uddfa\ud83c\uddf8 \ud83c\uddec\ud83c\udde7 | Podcast quotidien d\u2019aujourd\u2019hui avec le r\u00e9dacteur en chef Dave DeCamp r\u00e9sumant l\u2019actualit\u00e9 d\u2019aujourd\u2019hui sur Antiwar.com <\/strong>\ud83d\udcf9 (32:45 )<\/p>\n\n\n\n<figure class=\"wp-block-embed aligncenter is-type-video is-provider-youtube wp-block-embed-youtube wp-embed-aspect-16-9 wp-has-aspect-ratio\"><div class=\"wp-block-embed__wrapper\">\n<iframe  id=\"_ytid_29330\"  width=\"640\" height=\"360\"  data-origwidth=\"640\" data-origheight=\"360\" src=\"https:\/\/www.youtube.com\/embed\/kok4guKrv0o?enablejsapi=1&#038;autoplay=0&#038;cc_load_policy=0&#038;cc_lang_pref=&#038;iv_load_policy=1&#038;loop=0&#038;rel=1&#038;fs=1&#038;playsinline=0&#038;autohide=2&#038;theme=dark&#038;color=red&#038;controls=1&#038;disablekb=0&#038;\" class=\"__youtube_prefs__  epyt-is-override  no-lazyload\" title=\"YouTube player\"  allow=\"fullscreen; accelerometer; autoplay; clipboard-write; encrypted-media; gyroscope; picture-in-picture; web-share\" referrerpolicy=\"strict-origin-when-cross-origin\" allowfullscreen data-no-lazy=\"1\" data-skipgform_ajax_framebjll=\"\"><\/iframe>\n<\/div><figcaption class=\"wp-element-caption\">Ukraine Can Fire French Missiles Into Russia, Israeli Troops Helped Settlers Get Into Gaza, and More \/ Antiwar News With Dave DeCamp \ud83d\udd17<\/figcaption><\/figure>\n\n\n\n<p><strong>\ud83d\udca1&nbsp;<mark style=\"background-color:rgba(0, 0, 0, 0)\" class=\"has-inline-color has-vivid-red-color\">Si cet article vous a plu, n\u2019h\u00e9sitez pas \u00e0 le partager avec vos proches et sur tous vos r\u00e9seaux sociaux ! Suivez-nous pour plus d\u2019actualit\u00e9s passionnantes.<\/mark><\/strong><\/p>\n\n\n\n<p>\ud83d\udd17<a href=\"https:\/\/planetactus.com\/index.php\/2024\/11\/23\/planet-actus-360-restez-connectes-lessentiel-de-lactualite-tous-sujets-en-un-clic-3\/\"><mark style=\"background-color:rgba(0, 0, 0, 0)\" class=\"has-inline-color has-vivid-red-color\">Consultez et Revisitez l\u2019essentiel de l\u2019actualit\u00e9 pr\u00e9c\u00e9dente<\/mark><\/a> \ud83d\udd17<strong>, tous les sujets r\u00e9unis en un seul clic <\/strong>\ud83d\uddb1<\/p>\n\n\n\n<p>\ud83d\udccd<strong><mark style=\"background-color:rgba(0, 0, 0, 0)\" class=\"has-inline-color has-vivid-red-color\">Note importante<\/mark><\/strong>&nbsp;<strong>:&nbsp;Tous les Articles, les Vid\u00e9os et Podcast, les Tribunes Libres et Commentaires sont la Responsabilit\u00e9 Exclusive de leurs Auteurs Respectifs. Planet Actus ne Peut en Aucun Cas \u00catre Tenu Responsable du Contenu ou de l\u2019Orientation de ces El\u00e9ments&nbsp;<\/strong>\ud83d\udc7d<\/p>\n\n\n\n<p><strong>\ud83d\udef8<\/strong><strong>&nbsp;<\/strong><strong><a href=\"https:\/\/t.me\/ufo_planetactus_sightings\">Ufo Planet Actus Sightings Investigations<\/a><\/strong><strong>&nbsp;<\/strong><strong>\ud83d\udc7d<\/strong><strong><br><\/strong><strong>\ud83e\ude90<\/strong><strong>&nbsp;<\/strong><a href=\"https:\/\/t.me\/planetactus\"><strong>Planet Actus&nbsp;True News Letters<\/strong><\/a><strong>&nbsp;<\/strong><strong>\ud83d\uddde<\/strong><strong><br><\/strong><strong>\ud83d\udcbb<\/strong><strong>&nbsp;<\/strong><a href=\"https:\/\/planetactus.com\/\"><strong>Planet Actus.com<\/strong><\/a><strong>&nbsp;<\/strong><strong>\ud83e\ude90<\/strong><\/p>\n\n\n<div class=\"wp-block-post-author\"><div class=\"wp-block-post-author__avatar\"><img decoding=async data-opt-id=1391982141  fetchpriority=\"high\" alt='' src='\/\/www.gravatar.com\/avatar\/1f651b4ef1fc23d4d1601d6f2649258e?s=48&#038;r=g&#038;d=mm' srcset='\/\/www.gravatar.com\/avatar\/1f651b4ef1fc23d4d1601d6f2649258e?s=48&#038;r=g&#038;d=mm 2x' class='avatar avatar-48 photo' height='48' width='48' \/><\/div><div class=\"wp-block-post-author__content\"><p class=\"wp-block-post-author__byline\"><a href=\"http:\/\/planetactus.com\">planetactus<\/a><\/p><p class=\"wp-block-post-author__name\">planetactus.com<\/p><\/div><\/div><div class=\"gsp_post_data\" \r\n\t            data-post_type=\"post\" \r\n\t            data-cat=\"a-la-une,anti-war-2,connaissance-et-spiritualite,futurs-high-tech,lessentiel-de-lactualite-tous-sujets-en-un-clic,sciences-technologies,ufo-news\" \r\n\t            data-modified=\"120\"\r\n\t            data-created=\"1732533048\"\r\n\t            data-title=\"Planet Actus 360 | Restez Connect\u00e9s : L\u2019Essentiel de l\u2019Actualit\u00e9, Tous sujets, En Un Clic.\" \r\n\t            data-home=\"https:\/\/planetactus.com\"><\/div>","protected":false},"excerpt":{"rendered":"<p>\ud83d\uddde&nbsp;\ud83e\ude90&nbsp;Planet News 360 | Stay Connected : The Essential News, All Subjects, In One Click&nbsp;\ud83d\uddb1 \ud83d\udccdA LA UNE | Autisme et vaccination: un nouveau lanceur d\u2019alerte au CDC a compil\u00e9 les preuves. L&rsquo;entrepreneur Steve Kirsch a re\u00e7u un dossier de 300 pages accablantes. Steve Kirsch, un entrepreneur am\u00e9ricain tr\u00e8s suivi durant la pand\u00e9mie, et fondateur [&hellip;]<\/p>\n","protected":false},"author":1,"featured_media":887,"comment_status":"open","ping_status":"open","sticky":false,"template":"","format":"standard","meta":{"_bbp_topic_count":0,"_bbp_reply_count":0,"_bbp_total_topic_count":0,"_bbp_total_reply_count":0,"_bbp_voice_count":0,"_bbp_anonymous_reply_count":0,"_bbp_topic_count_hidden":0,"_bbp_reply_count_hidden":0,"_bbp_forum_subforum_count":0,"fifu_image_url":"","fifu_image_alt":"","_jetpack_memberships_contains_paid_content":false,"footnotes":"","jetpack_publicize_message":"","jetpack_publicize_feature_enabled":true,"jetpack_social_post_already_shared":false,"jetpack_social_options":{"image_generator_settings":{"template":"highway","default_image_id":0,"font":"","enabled":false},"version":2}},"categories":[19,139,37,113,49,17,12],"tags":[],"class_list":["post-3085","post","type-post","status-publish","format-standard","has-post-thumbnail","hentry","category-a-la-une","category-anti-war-2","category-connaissance-et-spiritualite","category-futurs-high-tech","category-lessentiel-de-lactualite-tous-sujets-en-un-clic","category-sciences-technologies","category-ufo-news"],"featured_image_src":"https:\/\/mlrdeoj2ejbf.i.optimole.com\/cb:mvHM.4ca\/w:auto\/h:auto\/q:mauto\/f:best\/https:\/\/i0.wp.com\/planetactus.com\/wp-content\/uploads\/2024\/07\/PlanetActus-360_Restez-connectes_IA.jpg?fit=1024%2C978&ssl=1","author_info":{"display_name":"planetactus.com","author_link":"https:\/\/planetactus.com\/index.php\/author\/admin9861\/"},"yoast_head":"<!-- This site is optimized with the Yoast SEO plugin v27.5 - https:\/\/yoast.com\/product\/yoast-seo-wordpress\/ -->\n<title>Planet Actus 360 | Restez Connect\u00e9s : L\u2019Essentiel de l\u2019Actualit\u00e9, Tous sujets, En Un Clic. -<\/title>\n<meta name=\"description\" content=\"A LA UNE | Autisme et vaccination: un nouveau lanceur d\u2019alerte au CDC a compil\u00e9 les preuves. L&#039;entrepreneur Steve Kirsch a re\u00e7u un dossier de 300 pages accablantes.Steve Kirsch, un entrepreneur am\u00e9ricain tr\u00e8s suivi durant la pand\u00e9mie, et fondateur de l\u2019organisation Vacsafety.org, lance un appel aux m\u00e9dias mainstream pour publier le dossier explosif qu\u2019on lui a confi\u00e9.\" class=\"yoast-seo-meta-tag\" \/>\n<meta name=\"robots\" content=\"index, follow, max-snippet:-1, max-image-preview:large, max-video-preview:-1\" \/>\n<link rel=\"canonical\" href=\"https:\/\/planetactus.com\/index.php\/2024\/11\/25\/planet-actus-360-restez-connectes-lessentiel-de-lactualite-tous-sujets-en-un-clic-4\/\" class=\"yoast-seo-meta-tag\" \/>\n<meta property=\"og:locale\" content=\"fr_FR\" class=\"yoast-seo-meta-tag\" \/>\n<meta property=\"og:type\" content=\"article\" class=\"yoast-seo-meta-tag\" \/>\n<meta property=\"og:title\" content=\"Planet Actus 360 | Restez Connect\u00e9s : L\u2019Essentiel de l\u2019Actualit\u00e9, Tous sujets, En Un Clic.\" class=\"yoast-seo-meta-tag\" \/>\n<meta property=\"og:description\" content=\"A LA UNE | Autisme et vaccination: un nouveau lanceur d\u2019alerte au CDC a compil\u00e9 les preuves. L&#039;entrepreneur Steve Kirsch a re\u00e7u un dossier de 300 pages accablantes.Steve Kirsch, un entrepreneur am\u00e9ricain tr\u00e8s suivi durant la pand\u00e9mie, et fondateur de l\u2019organisation Vacsafety.org, lance un appel aux m\u00e9dias mainstream pour publier le dossier explosif qu\u2019on lui a confi\u00e9.\" class=\"yoast-seo-meta-tag\" \/>\n<meta property=\"og:url\" content=\"https:\/\/planetactus.com\/index.php\/2024\/11\/25\/planet-actus-360-restez-connectes-lessentiel-de-lactualite-tous-sujets-en-un-clic-4\/\" class=\"yoast-seo-meta-tag\" \/>\n<meta property=\"article:publisher\" content=\"https:\/\/www.facebook.com\/profile.php?id=61561620320740\" class=\"yoast-seo-meta-tag\" \/>\n<meta property=\"article:author\" content=\"https:\/\/www.facebook.com\/profile.php?id=61561620320740\" class=\"yoast-seo-meta-tag\" \/>\n<meta property=\"article:published_time\" content=\"2024-11-25T10:10:48+00:00\" class=\"yoast-seo-meta-tag\" \/>\n<meta property=\"article:modified_time\" content=\"2024-11-25T19:21:06+00:00\" class=\"yoast-seo-meta-tag\" \/>\n<meta property=\"og:image\" content=\"https:\/\/mlrdeoj2ejbf.i.optimole.com\/cb:mvHM.4ca\/w:auto\/h:auto\/q:mauto\/f:best\/http:\/\/planetactus.com\/wp-content\/uploads\/2024\/07\/PlanetActus-360_Restez-connectes_IA.jpg\" class=\"yoast-seo-meta-tag\" \/>\n\t<meta property=\"og:image:width\" content=\"1024\" class=\"yoast-seo-meta-tag\" \/>\n\t<meta property=\"og:image:height\" content=\"978\" class=\"yoast-seo-meta-tag\" \/>\n\t<meta property=\"og:image:type\" content=\"image\/jpeg\" class=\"yoast-seo-meta-tag\" \/>\n<meta name=\"author\" content=\"planetactus.com\" class=\"yoast-seo-meta-tag\" \/>\n<meta name=\"twitter:card\" content=\"summary_large_image\" class=\"yoast-seo-meta-tag\" \/>\n<meta name=\"twitter:title\" content=\"Planet Actus 360 | Restez Connect\u00e9s : L\u2019Essentiel de l\u2019Actualit\u00e9, Tous sujets, En Un Clic.\" class=\"yoast-seo-meta-tag\" \/>\n<meta name=\"twitter:description\" content=\"A LA UNE | Autisme et vaccination: un nouveau lanceur d\u2019alerte au CDC a compil\u00e9 les preuves. L&#039;entrepreneur Steve Kirsch a re\u00e7u un dossier de 300 pages accablantes.Steve Kirsch, un entrepreneur am\u00e9ricain tr\u00e8s suivi durant la pand\u00e9mie, et fondateur de l\u2019organisation Vacsafety.org, lance un appel aux m\u00e9dias mainstream pour publier le dossier explosif qu\u2019on lui a confi\u00e9.\" class=\"yoast-seo-meta-tag\" \/>\n<meta name=\"twitter:image\" content=\"https:\/\/mlrdeoj2ejbf.i.optimole.com\/cb:mvHM.4ca\/w:auto\/h:auto\/q:mauto\/f:best\/https:\/\/i0.wp.com\/planetactus.com\/wp-content\/uploads\/2024\/07\/PlanetActus-360_Restez-connectes_IA.jpg?fit=1024%2C978&ssl=1\" class=\"yoast-seo-meta-tag\" \/>\n<meta name=\"twitter:creator\" content=\"@https:\/\/x.com\/PlanetActus\" class=\"yoast-seo-meta-tag\" \/>\n<meta name=\"twitter:site\" content=\"@PlanetActus\" class=\"yoast-seo-meta-tag\" \/>\n<meta name=\"twitter:label1\" content=\"\u00c9crit par\" class=\"yoast-seo-meta-tag\" \/>\n\t<meta name=\"twitter:data1\" content=\"planetactus.com\" class=\"yoast-seo-meta-tag\" \/>\n\t<meta name=\"twitter:label2\" content=\"Dur\u00e9e de lecture estim\u00e9e\" class=\"yoast-seo-meta-tag\" \/>\n\t<meta name=\"twitter:data2\" content=\"19 minutes\" class=\"yoast-seo-meta-tag\" \/>\n<script type=\"application\/ld+json\" class=\"yoast-schema-graph\">{\"@context\":\"https:\\\/\\\/schema.org\",\"@graph\":[{\"@type\":\"Article\",\"@id\":\"https:\\\/\\\/planetactus.com\\\/index.php\\\/2024\\\/11\\\/25\\\/planet-actus-360-restez-connectes-lessentiel-de-lactualite-tous-sujets-en-un-clic-4\\\/#article\",\"isPartOf\":{\"@id\":\"https:\\\/\\\/planetactus.com\\\/index.php\\\/2024\\\/11\\\/25\\\/planet-actus-360-restez-connectes-lessentiel-de-lactualite-tous-sujets-en-un-clic-4\\\/\"},\"author\":{\"name\":\"planetactus.com\",\"@id\":\"https:\\\/\\\/planetactus.com\\\/#\\\/schema\\\/person\\\/fbb75ac73a2424d2e176d31b021372a4\"},\"headline\":\"Planet Actus 360 | Restez Connect\u00e9s : L\u2019Essentiel de l\u2019Actualit\u00e9, Tous sujets, En Un Clic.\",\"datePublished\":\"2024-11-25T10:10:48+00:00\",\"dateModified\":\"2024-11-25T19:21:06+00:00\",\"mainEntityOfPage\":{\"@id\":\"https:\\\/\\\/planetactus.com\\\/index.php\\\/2024\\\/11\\\/25\\\/planet-actus-360-restez-connectes-lessentiel-de-lactualite-tous-sujets-en-un-clic-4\\\/\"},\"wordCount\":4048,\"commentCount\":0,\"publisher\":{\"@id\":\"https:\\\/\\\/planetactus.com\\\/#\\\/schema\\\/person\\\/fbb75ac73a2424d2e176d31b021372a4\"},\"image\":{\"@id\":\"https:\\\/\\\/planetactus.com\\\/index.php\\\/2024\\\/11\\\/25\\\/planet-actus-360-restez-connectes-lessentiel-de-lactualite-tous-sujets-en-un-clic-4\\\/#primaryimage\"},\"thumbnailUrl\":\"https:\\/\\/i0.wp.com\\/planetactus.com\\/wp-content\\/uploads\\/2024\\/07\\/PlanetActus-360_Restez-connectes_IA.jpg?fit=1024%2C978&ssl=1\",\"articleSection\":[\"A la Une\",\"Anti War\",\"Connaissance et Spiritualit\u00e9\",\"Futurs - High-tech\",\"L\u2019Essentiel de l\u2019Actualit\u00e9. Tous sujets. En Un Clic\",\"Sciences &amp; technologies\",\"Ufo-News\"],\"inLanguage\":\"fr-FR\",\"potentialAction\":[{\"@type\":\"CommentAction\",\"name\":\"Comment\",\"target\":[\"https:\\\/\\\/planetactus.com\\\/index.php\\\/2024\\\/11\\\/25\\\/planet-actus-360-restez-connectes-lessentiel-de-lactualite-tous-sujets-en-un-clic-4\\\/#respond\"]}]},{\"@type\":\"WebPage\",\"@id\":\"https:\\\/\\\/planetactus.com\\\/index.php\\\/2024\\\/11\\\/25\\\/planet-actus-360-restez-connectes-lessentiel-de-lactualite-tous-sujets-en-un-clic-4\\\/\",\"url\":\"https:\\\/\\\/planetactus.com\\\/index.php\\\/2024\\\/11\\\/25\\\/planet-actus-360-restez-connectes-lessentiel-de-lactualite-tous-sujets-en-un-clic-4\\\/\",\"name\":\"Planet Actus 360 | Restez Connect\u00e9s : L\u2019Essentiel de l\u2019Actualit\u00e9, Tous sujets, En Un Clic. -\",\"isPartOf\":{\"@id\":\"https:\\\/\\\/planetactus.com\\\/#website\"},\"primaryImageOfPage\":{\"@id\":\"https:\\\/\\\/planetactus.com\\\/index.php\\\/2024\\\/11\\\/25\\\/planet-actus-360-restez-connectes-lessentiel-de-lactualite-tous-sujets-en-un-clic-4\\\/#primaryimage\"},\"image\":{\"@id\":\"https:\\\/\\\/planetactus.com\\\/index.php\\\/2024\\\/11\\\/25\\\/planet-actus-360-restez-connectes-lessentiel-de-lactualite-tous-sujets-en-un-clic-4\\\/#primaryimage\"},\"thumbnailUrl\":\"https:\\/\\/i0.wp.com\\/planetactus.com\\/wp-content\\/uploads\\/2024\\/07\\/PlanetActus-360_Restez-connectes_IA.jpg?fit=1024%2C978&ssl=1\",\"datePublished\":\"2024-11-25T10:10:48+00:00\",\"dateModified\":\"2024-11-25T19:21:06+00:00\",\"description\":\"A LA UNE | Autisme et vaccination: un nouveau lanceur d\u2019alerte au CDC a compil\u00e9 les preuves. L'entrepreneur Steve Kirsch a re\u00e7u un dossier de 300 pages accablantes.Steve Kirsch, un entrepreneur am\u00e9ricain tr\u00e8s suivi durant la pand\u00e9mie, et fondateur de l\u2019organisation Vacsafety.org, lance un appel aux m\u00e9dias mainstream pour publier le dossier explosif qu\u2019on lui a confi\u00e9.\",\"breadcrumb\":{\"@id\":\"https:\\\/\\\/planetactus.com\\\/index.php\\\/2024\\\/11\\\/25\\\/planet-actus-360-restez-connectes-lessentiel-de-lactualite-tous-sujets-en-un-clic-4\\\/#breadcrumb\"},\"inLanguage\":\"fr-FR\",\"potentialAction\":[{\"@type\":\"ReadAction\",\"target\":[\"https:\\\/\\\/planetactus.com\\\/index.php\\\/2024\\\/11\\\/25\\\/planet-actus-360-restez-connectes-lessentiel-de-lactualite-tous-sujets-en-un-clic-4\\\/\"]}]},{\"@type\":\"ImageObject\",\"inLanguage\":\"fr-FR\",\"@id\":\"https:\\\/\\\/planetactus.com\\\/index.php\\\/2024\\\/11\\\/25\\\/planet-actus-360-restez-connectes-lessentiel-de-lactualite-tous-sujets-en-un-clic-4\\\/#primaryimage\",\"url\":\"https:\\/\\/i0.wp.com\\/planetactus.com\\/wp-content\\/uploads\\/2024\\/07\\/PlanetActus-360_Restez-connectes_IA.jpg?fit=1024%2C978&ssl=1\",\"contentUrl\":\"https:\\/\\/i0.wp.com\\/planetactus.com\\/wp-content\\/uploads\\/2024\\/07\\/PlanetActus-360_Restez-connectes_IA.jpg?fit=1024%2C978&ssl=1\",\"width\":1024,\"height\":978,\"caption\":\"PlanetActus-360_Restez-connectes_IA.jpg\"},{\"@type\":\"BreadcrumbList\",\"@id\":\"https:\\\/\\\/planetactus.com\\\/index.php\\\/2024\\\/11\\\/25\\\/planet-actus-360-restez-connectes-lessentiel-de-lactualite-tous-sujets-en-un-clic-4\\\/#breadcrumb\",\"itemListElement\":[{\"@type\":\"ListItem\",\"position\":1,\"name\":\"Accueil\",\"item\":\"https:\\\/\\\/planetactus.com\\\/\"},{\"@type\":\"ListItem\",\"position\":2,\"name\":\"Planet Actus 360 | Restez Connect\u00e9s : L\u2019Essentiel de l\u2019Actualit\u00e9, Tous sujets, En Un Clic.\"}]},{\"@type\":\"WebSite\",\"@id\":\"https:\\\/\\\/planetactus.com\\\/#website\",\"url\":\"https:\\\/\\\/planetactus.com\\\/\",\"name\":\"PLANET ACTUS\",\"description\":\"PLANET ACTUS\",\"publisher\":{\"@id\":\"https:\\\/\\\/planetactus.com\\\/#\\\/schema\\\/person\\\/fbb75ac73a2424d2e176d31b021372a4\"},\"potentialAction\":[{\"@type\":\"SearchAction\",\"target\":{\"@type\":\"EntryPoint\",\"urlTemplate\":\"https:\\\/\\\/planetactus.com\\\/?s={search_term_string}\"},\"query-input\":{\"@type\":\"PropertyValueSpecification\",\"valueRequired\":true,\"valueName\":\"search_term_string\"}}],\"inLanguage\":\"fr-FR\"},{\"@type\":[\"Person\",\"Organization\"],\"@id\":\"https:\\\/\\\/planetactus.com\\\/#\\\/schema\\\/person\\\/fbb75ac73a2424d2e176d31b021372a4\",\"name\":\"planetactus.com\",\"image\":{\"@type\":\"ImageObject\",\"inLanguage\":\"fr-FR\",\"@id\":\"https:\\/\\/i0.wp.com\\/planetactus.com\\/wp-content\\/uploads\\/2024\\/07\\/cropped-2-Planet-Actus-Banniere-02a.jpg?fit=1189%2C365&ssl=1\",\"url\":\"https:\\/\\/i0.wp.com\\/planetactus.com\\/wp-content\\/uploads\\/2024\\/07\\/cropped-2-Planet-Actus-Banniere-02a.jpg?fit=1189%2C365&ssl=1\",\"contentUrl\":\"https:\\/\\/i0.wp.com\\/planetactus.com\\/wp-content\\/uploads\\/2024\\/07\\/cropped-2-Planet-Actus-Banniere-02a.jpg?fit=1189%2C365&ssl=1\",\"width\":1189,\"height\":365,\"caption\":\"planetactus.com\"},\"logo\":{\"@id\":\"https:\\/\\/i0.wp.com\\/planetactus.com\\/wp-content\\/uploads\\/2024\\/07\\/cropped-2-Planet-Actus-Banniere-02a.jpg?fit=1189%2C365&ssl=1\"},\"sameAs\":[\"http:\\\/\\\/planetactus.com\",\"https:\\\/\\\/www.facebook.com\\\/profile.php?id=61561620320740\",\"https:\\\/\\\/x.com\\\/https:\\\/\\\/x.com\\\/PlanetActus\",\"https:\\\/\\\/www.youtube.com\\\/@PlanetActus\"],\"url\":\"https:\\\/\\\/planetactus.com\\\/index.php\\\/author\\\/admin9861\\\/\"}]}<\/script>\n<!-- \/ Yoast SEO plugin. -->","yoast_head_json":{"title":"Planet Actus 360 | Restez Connect\u00e9s : L\u2019Essentiel de l\u2019Actualit\u00e9, Tous sujets, En Un Clic. -","description":"A LA UNE | Autisme et vaccination: un nouveau lanceur d\u2019alerte au CDC a compil\u00e9 les preuves. L'entrepreneur Steve Kirsch a re\u00e7u un dossier de 300 pages accablantes.Steve Kirsch, un entrepreneur am\u00e9ricain tr\u00e8s suivi durant la pand\u00e9mie, et fondateur de l\u2019organisation Vacsafety.org, lance un appel aux m\u00e9dias mainstream pour publier le dossier explosif qu\u2019on lui a confi\u00e9.","robots":{"index":"index","follow":"follow","max-snippet":"max-snippet:-1","max-image-preview":"max-image-preview:large","max-video-preview":"max-video-preview:-1"},"canonical":"https:\/\/planetactus.com\/index.php\/2024\/11\/25\/planet-actus-360-restez-connectes-lessentiel-de-lactualite-tous-sujets-en-un-clic-4\/","og_locale":"fr_FR","og_type":"article","og_title":"Planet Actus 360 | Restez Connect\u00e9s : L\u2019Essentiel de l\u2019Actualit\u00e9, Tous sujets, En Un Clic.","og_description":"A LA UNE | Autisme et vaccination: un nouveau lanceur d\u2019alerte au CDC a compil\u00e9 les preuves. L'entrepreneur Steve Kirsch a re\u00e7u un dossier de 300 pages accablantes.Steve Kirsch, un entrepreneur am\u00e9ricain tr\u00e8s suivi durant la pand\u00e9mie, et fondateur de l\u2019organisation Vacsafety.org, lance un appel aux m\u00e9dias mainstream pour publier le dossier explosif qu\u2019on lui a confi\u00e9.","og_url":"https:\/\/planetactus.com\/index.php\/2024\/11\/25\/planet-actus-360-restez-connectes-lessentiel-de-lactualite-tous-sujets-en-un-clic-4\/","article_publisher":"https:\/\/www.facebook.com\/profile.php?id=61561620320740","article_author":"https:\/\/www.facebook.com\/profile.php?id=61561620320740","article_published_time":"2024-11-25T10:10:48+00:00","article_modified_time":"2024-11-25T19:21:06+00:00","og_image":[{"width":1024,"height":978,"url":"https:\/\/mlrdeoj2ejbf.i.optimole.com\/cb:mvHM.4ca\/w:auto\/h:auto\/q:mauto\/f:best\/http:\/\/planetactus.com\/wp-content\/uploads\/2024\/07\/PlanetActus-360_Restez-connectes_IA.jpg","type":"image\/jpeg"}],"author":"planetactus.com","twitter_card":"summary_large_image","twitter_title":"Planet Actus 360 | Restez Connect\u00e9s : L\u2019Essentiel de l\u2019Actualit\u00e9, Tous sujets, En Un Clic.","twitter_description":"A LA UNE | Autisme et vaccination: un nouveau lanceur d\u2019alerte au CDC a compil\u00e9 les preuves. L'entrepreneur Steve Kirsch a re\u00e7u un dossier de 300 pages accablantes.Steve Kirsch, un entrepreneur am\u00e9ricain tr\u00e8s suivi durant la pand\u00e9mie, et fondateur de l\u2019organisation Vacsafety.org, lance un appel aux m\u00e9dias mainstream pour publier le dossier explosif qu\u2019on lui a confi\u00e9.","twitter_image":"https:\/\/mlrdeoj2ejbf.i.optimole.com\/cb:mvHM.4ca\/w:auto\/h:auto\/q:mauto\/f:best\/https:\/\/i0.wp.com\/planetactus.com\/wp-content\/uploads\/2024\/07\/PlanetActus-360_Restez-connectes_IA.jpg?fit=1024%2C978&ssl=1","twitter_creator":"@https:\/\/x.com\/PlanetActus","twitter_site":"@PlanetActus","twitter_misc":{"\u00c9crit par":"planetactus.com","Dur\u00e9e de lecture estim\u00e9e":"19 minutes"},"schema":{"@context":"https:\/\/schema.org","@graph":[{"@type":"Article","@id":"https:\/\/planetactus.com\/index.php\/2024\/11\/25\/planet-actus-360-restez-connectes-lessentiel-de-lactualite-tous-sujets-en-un-clic-4\/#article","isPartOf":{"@id":"https:\/\/planetactus.com\/index.php\/2024\/11\/25\/planet-actus-360-restez-connectes-lessentiel-de-lactualite-tous-sujets-en-un-clic-4\/"},"author":{"name":"planetactus.com","@id":"https:\/\/planetactus.com\/#\/schema\/person\/fbb75ac73a2424d2e176d31b021372a4"},"headline":"Planet Actus 360 | Restez Connect\u00e9s : L\u2019Essentiel de l\u2019Actualit\u00e9, Tous sujets, En Un Clic.","datePublished":"2024-11-25T10:10:48+00:00","dateModified":"2024-11-25T19:21:06+00:00","mainEntityOfPage":{"@id":"https:\/\/planetactus.com\/index.php\/2024\/11\/25\/planet-actus-360-restez-connectes-lessentiel-de-lactualite-tous-sujets-en-un-clic-4\/"},"wordCount":4048,"commentCount":0,"publisher":{"@id":"https:\/\/planetactus.com\/#\/schema\/person\/fbb75ac73a2424d2e176d31b021372a4"},"image":{"@id":"https:\/\/planetactus.com\/index.php\/2024\/11\/25\/planet-actus-360-restez-connectes-lessentiel-de-lactualite-tous-sujets-en-un-clic-4\/#primaryimage"},"thumbnailUrl":"https:\/\/mlrdeoj2ejbf.i.optimole.com\/cb:mvHM.4ca\/w:auto\/h:auto\/q:mauto\/f:best\/https:\/\/i0.wp.com\/planetactus.com\/wp-content\/uploads\/2024\/07\/PlanetActus-360_Restez-connectes_IA.jpg?fit=1024%2C978&ssl=1","articleSection":["A la Une","Anti War","Connaissance et Spiritualit\u00e9","Futurs - High-tech","L\u2019Essentiel de l\u2019Actualit\u00e9. Tous sujets. En Un Clic","Sciences &amp; technologies","Ufo-News"],"inLanguage":"fr-FR","potentialAction":[{"@type":"CommentAction","name":"Comment","target":["https:\/\/planetactus.com\/index.php\/2024\/11\/25\/planet-actus-360-restez-connectes-lessentiel-de-lactualite-tous-sujets-en-un-clic-4\/#respond"]}]},{"@type":"WebPage","@id":"https:\/\/planetactus.com\/index.php\/2024\/11\/25\/planet-actus-360-restez-connectes-lessentiel-de-lactualite-tous-sujets-en-un-clic-4\/","url":"https:\/\/planetactus.com\/index.php\/2024\/11\/25\/planet-actus-360-restez-connectes-lessentiel-de-lactualite-tous-sujets-en-un-clic-4\/","name":"Planet Actus 360 | Restez Connect\u00e9s : L\u2019Essentiel de l\u2019Actualit\u00e9, Tous sujets, En Un Clic. -","isPartOf":{"@id":"https:\/\/planetactus.com\/#website"},"primaryImageOfPage":{"@id":"https:\/\/planetactus.com\/index.php\/2024\/11\/25\/planet-actus-360-restez-connectes-lessentiel-de-lactualite-tous-sujets-en-un-clic-4\/#primaryimage"},"image":{"@id":"https:\/\/planetactus.com\/index.php\/2024\/11\/25\/planet-actus-360-restez-connectes-lessentiel-de-lactualite-tous-sujets-en-un-clic-4\/#primaryimage"},"thumbnailUrl":"https:\/\/mlrdeoj2ejbf.i.optimole.com\/cb:mvHM.4ca\/w:auto\/h:auto\/q:mauto\/f:best\/https:\/\/i0.wp.com\/planetactus.com\/wp-content\/uploads\/2024\/07\/PlanetActus-360_Restez-connectes_IA.jpg?fit=1024%2C978&ssl=1","datePublished":"2024-11-25T10:10:48+00:00","dateModified":"2024-11-25T19:21:06+00:00","description":"A LA UNE | Autisme et vaccination: un nouveau lanceur d\u2019alerte au CDC a compil\u00e9 les preuves. L'entrepreneur Steve Kirsch a re\u00e7u un dossier de 300 pages accablantes.Steve Kirsch, un entrepreneur am\u00e9ricain tr\u00e8s suivi durant la pand\u00e9mie, et fondateur de l\u2019organisation Vacsafety.org, lance un appel aux m\u00e9dias mainstream pour publier le dossier explosif qu\u2019on lui a confi\u00e9.","breadcrumb":{"@id":"https:\/\/planetactus.com\/index.php\/2024\/11\/25\/planet-actus-360-restez-connectes-lessentiel-de-lactualite-tous-sujets-en-un-clic-4\/#breadcrumb"},"inLanguage":"fr-FR","potentialAction":[{"@type":"ReadAction","target":["https:\/\/planetactus.com\/index.php\/2024\/11\/25\/planet-actus-360-restez-connectes-lessentiel-de-lactualite-tous-sujets-en-un-clic-4\/"]}]},{"@type":"ImageObject","inLanguage":"fr-FR","@id":"https:\/\/planetactus.com\/index.php\/2024\/11\/25\/planet-actus-360-restez-connectes-lessentiel-de-lactualite-tous-sujets-en-un-clic-4\/#primaryimage","url":"https:\/\/mlrdeoj2ejbf.i.optimole.com\/cb:mvHM.4ca\/w:auto\/h:auto\/q:mauto\/f:best\/https:\/\/i0.wp.com\/planetactus.com\/wp-content\/uploads\/2024\/07\/PlanetActus-360_Restez-connectes_IA.jpg?fit=1024%2C978&ssl=1","contentUrl":"https:\/\/mlrdeoj2ejbf.i.optimole.com\/cb:mvHM.4ca\/w:auto\/h:auto\/q:mauto\/f:best\/https:\/\/i0.wp.com\/planetactus.com\/wp-content\/uploads\/2024\/07\/PlanetActus-360_Restez-connectes_IA.jpg?fit=1024%2C978&ssl=1","width":1024,"height":978,"caption":"PlanetActus-360_Restez-connectes_IA.jpg"},{"@type":"BreadcrumbList","@id":"https:\/\/planetactus.com\/index.php\/2024\/11\/25\/planet-actus-360-restez-connectes-lessentiel-de-lactualite-tous-sujets-en-un-clic-4\/#breadcrumb","itemListElement":[{"@type":"ListItem","position":1,"name":"Accueil","item":"https:\/\/planetactus.com\/"},{"@type":"ListItem","position":2,"name":"Planet Actus 360 | Restez Connect\u00e9s : L\u2019Essentiel de l\u2019Actualit\u00e9, Tous sujets, En Un Clic."}]},{"@type":"WebSite","@id":"https:\/\/planetactus.com\/#website","url":"https:\/\/planetactus.com\/","name":"PLANET ACTUS","description":"PLANET ACTUS","publisher":{"@id":"https:\/\/planetactus.com\/#\/schema\/person\/fbb75ac73a2424d2e176d31b021372a4"},"potentialAction":[{"@type":"SearchAction","target":{"@type":"EntryPoint","urlTemplate":"https:\/\/planetactus.com\/?s={search_term_string}"},"query-input":{"@type":"PropertyValueSpecification","valueRequired":true,"valueName":"search_term_string"}}],"inLanguage":"fr-FR"},{"@type":["Person","Organization"],"@id":"https:\/\/planetactus.com\/#\/schema\/person\/fbb75ac73a2424d2e176d31b021372a4","name":"planetactus.com","image":{"@type":"ImageObject","inLanguage":"fr-FR","@id":"https:\/\/mlrdeoj2ejbf.i.optimole.com\/cb:mvHM.4ca\/w:auto\/h:auto\/q:mauto\/f:best\/https:\/\/i0.wp.com\/planetactus.com\/wp-content\/uploads\/2024\/07\/cropped-2-Planet-Actus-Banniere-02a.jpg?fit=1189%2C365&ssl=1","url":"https:\/\/mlrdeoj2ejbf.i.optimole.com\/cb:mvHM.4ca\/w:auto\/h:auto\/q:mauto\/f:best\/https:\/\/i0.wp.com\/planetactus.com\/wp-content\/uploads\/2024\/07\/cropped-2-Planet-Actus-Banniere-02a.jpg?fit=1189%2C365&ssl=1","contentUrl":"https:\/\/mlrdeoj2ejbf.i.optimole.com\/cb:mvHM.4ca\/w:auto\/h:auto\/q:mauto\/f:best\/https:\/\/i0.wp.com\/planetactus.com\/wp-content\/uploads\/2024\/07\/cropped-2-Planet-Actus-Banniere-02a.jpg?fit=1189%2C365&ssl=1","width":1189,"height":365,"caption":"planetactus.com"},"logo":{"@id":"https:\/\/mlrdeoj2ejbf.i.optimole.com\/cb:mvHM.4ca\/w:auto\/h:auto\/q:mauto\/f:best\/https:\/\/i0.wp.com\/planetactus.com\/wp-content\/uploads\/2024\/07\/cropped-2-Planet-Actus-Banniere-02a.jpg?fit=1189%2C365&ssl=1"},"sameAs":["http:\/\/planetactus.com","https:\/\/www.facebook.com\/profile.php?id=61561620320740","https:\/\/x.com\/https:\/\/x.com\/PlanetActus","https:\/\/www.youtube.com\/@PlanetActus"],"url":"https:\/\/planetactus.com\/index.php\/author\/admin9861\/"}]}},"jetpack_publicize_connections":[],"jetpack_featured_media_url":"https:\/\/mlrdeoj2ejbf.i.optimole.com\/cb:mvHM.4ca\/w:auto\/h:auto\/q:mauto\/f:best\/https:\/\/i0.wp.com\/planetactus.com\/wp-content\/uploads\/2024\/07\/PlanetActus-360_Restez-connectes_IA.jpg?fit=1024%2C978&ssl=1","jetpack_sharing_enabled":true,"_links":{"self":[{"href":"https:\/\/planetactus.com\/index.php\/wp-json\/wp\/v2\/posts\/3085","targetHints":{"allow":["GET"]}}],"collection":[{"href":"https:\/\/planetactus.com\/index.php\/wp-json\/wp\/v2\/posts"}],"about":[{"href":"https:\/\/planetactus.com\/index.php\/wp-json\/wp\/v2\/types\/post"}],"author":[{"embeddable":true,"href":"https:\/\/planetactus.com\/index.php\/wp-json\/wp\/v2\/users\/1"}],"replies":[{"embeddable":true,"href":"https:\/\/planetactus.com\/index.php\/wp-json\/wp\/v2\/comments?post=3085"}],"version-history":[{"count":22,"href":"https:\/\/planetactus.com\/index.php\/wp-json\/wp\/v2\/posts\/3085\/revisions"}],"predecessor-version":[{"id":3114,"href":"https:\/\/planetactus.com\/index.php\/wp-json\/wp\/v2\/posts\/3085\/revisions\/3114"}],"wp:featuredmedia":[{"embeddable":true,"href":"https:\/\/planetactus.com\/index.php\/wp-json\/wp\/v2\/media\/887"}],"wp:attachment":[{"href":"https:\/\/planetactus.com\/index.php\/wp-json\/wp\/v2\/media?parent=3085"}],"wp:term":[{"taxonomy":"category","embeddable":true,"href":"https:\/\/planetactus.com\/index.php\/wp-json\/wp\/v2\/categories?post=3085"},{"taxonomy":"post_tag","embeddable":true,"href":"https:\/\/planetactus.com\/index.php\/wp-json\/wp\/v2\/tags?post=3085"}],"curies":[{"name":"wp","href":"https:\/\/api.w.org\/{rel}","templated":true}]}}