{"id":3520,"date":"2025-01-11T19:50:24","date_gmt":"2025-01-11T18:50:24","guid":{"rendered":"https:\/\/planetactus.com\/?p=3520"},"modified":"2025-01-12T07:55:12","modified_gmt":"2025-01-12T06:55:12","slug":"zuckerberg-revele-lombre-de-la-maison-blanche-sur-la-censure-des-effets-des-vaccins-sur-le-genome-humain","status":"publish","type":"post","link":"https:\/\/planetactus.com\/index.php\/2025\/01\/11\/zuckerberg-revele-lombre-de-la-maison-blanche-sur-la-censure-des-effets-des-vaccins-sur-le-genome-humain\/","title":{"rendered":"Scandale Sanitaire : Zuckerberg R\u00e9v\u00e8le l\u2019Ombre de la Maison-Blanche sur la Censure des Effets Secondaires des Vaccins COVID-19"},"content":{"rendered":"\n<p>\ud83d\udd2e <strong>Effets secondaires \u00e9touff\u00e9s : Facebook, sous ordre de la Maison-Blanche, selon Zuckerberg ! | <mark style=\"background-color:rgba(0, 0, 0, 0)\" class=\"has-inline-color has-vivid-red-color\">Mark Zuckerberg admet que Biden a forc\u00e9 Facebook \u00e0 censurer les informations sur les effets secondaires des vaccins COVID-19<\/mark><\/strong> \ud83d\udc89\ud83d\udc89<\/p>\n\n\n<div class=\"wp-block-image\">\n<figure class=\"aligncenter size-large\"><a href=\"https:\/\/nypost.com\/2025\/01\/10\/business\/biden-officials-screamed-at-meta-execs-to-take-down-vaccine-posts-mark-zuckerberg\/?utm_source=chatgpt.com\"><img data-opt-id=1959766459  fetchpriority=\"high\" data-recalc-dims=\"1\" decoding=\"async\" width=\"640\" height=\"800\" src=\"https:\/\/mlrdeoj2ejbf.i.optimole.com\/cb:mvHM.4ca\/w:819\/h:1024\/q:mauto\/f:best\/https:\/\/i0.wp.com\/planetactus.com\/wp-content\/uploads\/2025\/01\/Photo-by-Joe-Rogan-on-January-10-2025.webp?resize=640%2C800&#038;ssl=1\" alt=\"\" class=\"wp-image-3586\" srcset=\"https:\/\/mlrdeoj2ejbf.i.optimole.com\/cb:mvHM.4ca\/w:819\/h:4000\/q:mauto\/f:best\/https:\/\/planetactus.com\/wp-content\/uploads\/2025\/01\/Photo-by-Joe-Rogan-on-January-10-2025.webp 819w, https:\/\/mlrdeoj2ejbf.i.optimole.com\/cb:mvHM.4ca\/w:240\/h:4000\/q:mauto\/f:best\/https:\/\/planetactus.com\/wp-content\/uploads\/2025\/01\/Photo-by-Joe-Rogan-on-January-10-2025.webp 240w, https:\/\/mlrdeoj2ejbf.i.optimole.com\/cb:mvHM.4ca\/w:768\/h:4000\/q:mauto\/f:best\/https:\/\/planetactus.com\/wp-content\/uploads\/2025\/01\/Photo-by-Joe-Rogan-on-January-10-2025.webp 768w, https:\/\/mlrdeoj2ejbf.i.optimole.com\/cb:mvHM.4ca\/w:1080\/h:1350\/q:mauto\/f:best\/https:\/\/planetactus.com\/wp-content\/uploads\/2025\/01\/Photo-by-Joe-Rogan-on-January-10-2025.webp 1080w\" sizes=\"(max-width: 640px) 100vw, 640px\" \/><\/a><figcaption class=\"wp-element-caption\">\ud83d\udef8<strong> <a href=\"https:\/\/planetactus.com\/index.php\/2024\/10\/11\/revelations-celestes-des-spheres-metalliques-dans-le-ciel-de-paris-secoue-la-communaute-ufologique-une-affaire-ovni-sans-precedent\/\">Illustration Image<\/a><\/strong> \ud83d\udd17 &#8211; Mark Zuckerberg recently taped an episode of The Joe Rogan Experience.<br>Joe Rogan \/ Instagram \/ <a href=\"https:\/\/nypost.com\/2025\/01\/10\/business\/biden-officials-screamed-at-meta-execs-to-take-down-vaccine-posts-mark-zuckerberg\/?utm_source=chatgpt.com\"><strong>News York Post<\/strong><\/a> \ud83d\udd17<\/figcaption><\/figure>\n<\/div>\n\n\n<p>\ud83d\udc7d <span style=\"text-decoration: underline;\">R\u00e9cemment<\/span>, <strong>Mark Zuckerberg<\/strong>, <strong>PDG de Meta<\/strong>, a <a href=\"https:\/\/www.facebook.com\/APNews\/posts\/mark-zuckerberg-says-senior-biden-administration-officials-pressured-facebook-to\/897105422277368\/\"><mark style=\"background-color:rgba(0, 0, 0, 0)\" class=\"has-inline-color has-vivid-red-color\">r\u00e9v\u00e9l\u00e9 que des pressions significatives<\/mark><\/a> \ud83d\udd17 <strong>avaient \u00e9t\u00e9 exerc\u00e9es <\/strong>par <a href=\"https:\/\/www.google.com\/search?client=firefox-b-d&amp;q=l%27administration+Biden\"><mark style=\"background-color:rgba(0, 0, 0, 0)\" class=\"has-inline-color has-vivid-red-color\">l&rsquo;administration Biden<\/mark><\/a> \ud83d\udd17 <strong>sur <\/strong><a href=\"https:\/\/www.facebook.com\/FOXBaltimore\/posts\/censored-mark-zuckerberg-revealed-monday-the-biden-administration-pressured-meta\/929986389173289\/\"><mark style=\"background-color:rgba(0, 0, 0, 0)\" class=\"has-inline-color has-vivid-red-color\">Facebook<\/mark><\/a> \ud83d\udd17 <strong>pour censurer des contenus relatifs aux effets secondaires des vaccins contre la COVID-19.<\/strong> <mark style=\"background-color:rgba(0, 0, 0, 0)\" class=\"has-inline-color has-vivid-red-color\"><strong>Cette r\u00e9v\u00e9lation s&rsquo;inscrit dans un contexte o\u00f9 la libert\u00e9 d&rsquo;expression et l&rsquo;acc\u00e8s \u00e0 une information non biais\u00e9e sont devenus des sujets cruciaux<\/strong>.<\/mark><\/p>\n\n\n\n<p>\ud83d\udccd<strong>Biden officials \u2018screamed\u2019 and \u2018cursed\u2019 at Meta execs to take down vaccine posts, Mark Zuckerberg tells Joe Rogan<\/strong>. Source <a href=\"https:\/\/nypost.com\/2025\/01\/10\/business\/biden-officials-screamed-at-meta-execs-to-take-down-vaccine-posts-mark-zuckerberg\/?utm_source=chatgpt.com\">NEW YORK POST<\/a> \ud83d\udd17 \ud83d\udcfd<\/p>\n\n\n\n<figure class=\"wp-block-embed aligncenter is-type-video is-provider-youtube wp-block-embed-youtube wp-embed-aspect-16-9 wp-has-aspect-ratio\"><div class=\"wp-block-embed__wrapper\">\n<iframe  id=\"_ytid_25975\"  width=\"640\" height=\"360\"  data-origwidth=\"640\" data-origheight=\"360\" src=\"https:\/\/www.youtube.com\/embed\/7k1ehaE0bdU?enablejsapi=1&#038;autoplay=0&#038;cc_load_policy=0&#038;cc_lang_pref=&#038;iv_load_policy=1&#038;loop=0&#038;rel=1&#038;fs=1&#038;playsinline=0&#038;autohide=2&#038;theme=dark&#038;color=red&#038;controls=1&#038;disablekb=0&#038;\" class=\"__youtube_prefs__  epyt-is-override  no-lazyload\" title=\"YouTube player\"  allow=\"fullscreen; accelerometer; autoplay; clipboard-write; encrypted-media; gyroscope; picture-in-picture; web-share\" referrerpolicy=\"strict-origin-when-cross-origin\" allowfullscreen data-no-lazy=\"1\" data-skipgform_ajax_framebjll=\"\"><\/iframe>\n<\/div><figcaption class=\"wp-element-caption\">Biden officials \u2018screamed\u2019 and \u2018cursed\u2019 at Meta execs to take down vaccine posts, Mark Zuckerberg tells Joe Rogan \/ <a href=\"https:\/\/nypost.com\/2025\/01\/10\/business\/biden-officials-screamed-at-meta-execs-to-take-down-vaccine-posts-mark-zuckerberg\/?utm_source=chatgpt.com\">NEW YORK POST<\/a> \ud83d\udd17\/ <a href=\"https:\/\/www.youtube.com\/watch?v=7k1ehaE0bdU\">PowerfulJRE<\/a> \ud83d\udd17<\/figcaption><\/figure>\n\n\n\n<p>\ud83d\udccd<strong>Zuckerberg admits Meta caved to Biden admin demands to censor COVID-related content<\/strong>. Source : <a href=\"https:\/\/foxbaltimore.com\/station\/share\/zuckerberg-admits-meta-caved-to-biden-admin-demands-to-censor-covid-related-content-mark-zuckerberg-facebook-instagram-social-media-covid-19-pandemic-censorship-white-house-house-judiciary-committee\">Fox Baltimore<\/a> \ud83d\udd17<\/p>\n\n\n\n<figure class=\"wp-block-embed aligncenter is-type-video is-provider-youtube wp-block-embed-youtube wp-embed-aspect-16-9 wp-has-aspect-ratio\"><div class=\"wp-block-embed__wrapper\">\n<iframe  id=\"_ytid_64140\"  width=\"640\" height=\"360\"  data-origwidth=\"640\" data-origheight=\"360\" src=\"https:\/\/www.youtube.com\/embed\/hXIRj0fVTQ8?enablejsapi=1&#038;autoplay=0&#038;cc_load_policy=0&#038;cc_lang_pref=&#038;iv_load_policy=1&#038;loop=0&#038;rel=1&#038;fs=1&#038;playsinline=0&#038;autohide=2&#038;theme=dark&#038;color=red&#038;controls=1&#038;disablekb=0&#038;\" class=\"__youtube_prefs__  epyt-is-override  no-lazyload\" title=\"YouTube player\"  allow=\"fullscreen; accelerometer; autoplay; clipboard-write; encrypted-media; gyroscope; picture-in-picture; web-share\" referrerpolicy=\"strict-origin-when-cross-origin\" allowfullscreen data-no-lazy=\"1\" data-skipgform_ajax_framebjll=\"\"><\/iframe>\n<\/div><figcaption class=\"wp-element-caption\">T\u00e9moignages au Parlement europ\u00e9en de victimes du vaccin Covid \/ <a href=\"https:\/\/www.youtube.com\/@virginiejoronmep\">Virginie Joron<\/a> \ud83d\udd17<\/figcaption><\/figure>\n\n\n\n<figure class=\"wp-block-embed aligncenter is-type-video is-provider-youtube wp-block-embed-youtube wp-embed-aspect-16-9 wp-has-aspect-ratio\"><div class=\"wp-block-embed__wrapper\">\n<iframe  id=\"_ytid_84733\"  width=\"640\" height=\"360\"  data-origwidth=\"640\" data-origheight=\"360\" src=\"https:\/\/www.youtube.com\/embed\/8aqE_pWBd50?enablejsapi=1&#038;autoplay=0&#038;cc_load_policy=0&#038;cc_lang_pref=&#038;iv_load_policy=1&#038;loop=0&#038;rel=1&#038;fs=1&#038;playsinline=0&#038;autohide=2&#038;theme=dark&#038;color=red&#038;controls=1&#038;disablekb=0&#038;\" class=\"__youtube_prefs__  epyt-is-override  no-lazyload\" title=\"YouTube player\"  allow=\"fullscreen; accelerometer; autoplay; clipboard-write; encrypted-media; gyroscope; picture-in-picture; web-share\" referrerpolicy=\"strict-origin-when-cross-origin\" allowfullscreen data-no-lazy=\"1\" data-skipgform_ajax_framebjll=\"\"><\/iframe>\n<\/div><figcaption class=\"wp-element-caption\">Ursula von der Leyen et Pfizer dans un reportage consacr\u00e9 aux ing\u00e9rences \u00e9trang\u00e8res \/ <a href=\"https:\/\/www.youtube.com\/watch?v=8aqE_pWBd50\">Virginie Joron<\/a> \ud83d\udd17<\/figcaption><\/figure>\n\n\n\n<p><mark style=\"background-color:rgba(0, 0, 0, 0)\" class=\"has-inline-color has-vivid-red-color\"><strong>Les Actions du CSAPE en France<\/strong>.<\/mark><\/p>\n\n\n\n<p><strong>Le<\/strong> <strong><mark style=\"background-color:rgba(0, 0, 0, 0)\" class=\"has-inline-color has-vivid-red-color\">Collectif Syndical<\/mark> <\/strong><span style=\"text-decoration: underline;\">contre l&rsquo;Abus de Pouvoir de l&rsquo;\u00c9tat<\/span> (CSAPE) s&rsquo;est <strong>engag\u00e9 activement<\/strong> contre ce qu&rsquo;il consid\u00e8re comme des <strong>mesures liberticides et des abus de pouvoir li\u00e9s \u00e0 la gestion de la crise sanitaire de la COVID-19<\/strong>. En France, le CSAPE a \u00e9labor\u00e9 des <strong>plaintes devant la Cour p\u00e9nale internationale<\/strong> (CPI) pour <mark style=\"background-color:rgba(0, 0, 0, 0)\" class=\"has-inline-color has-vivid-red-color\">crime contre l&rsquo;humanit\u00e9<\/mark>, <mark style=\"background-color:rgba(0, 0, 0, 0)\" class=\"has-inline-color has-vivid-red-color\">atteinte \u00e0 la dignit\u00e9 humaine<\/mark>, et <mark style=\"background-color:rgba(0, 0, 0, 0)\" class=\"has-inline-color has-vivid-red-color\">esclavage<\/mark>, <strong>d\u00e9non\u00e7ant la gestion des mesures sanitaires comme injustifi\u00e9es et abusives.<\/strong><\/p>\n\n\n\n<p><mark style=\"background-color:rgba(0, 0, 0, 0)\" class=\"has-inline-color has-vivid-red-color\"><strong>Motifs des Plaintes<\/strong>.<\/mark><\/p>\n\n\n\n<p>Le CSAPE, apr\u00e8s un <strong>travail d&rsquo;investigation approfondi<\/strong>, a d\u00e9cid\u00e9 d&rsquo;<mark style=\"background-color:rgba(0, 0, 0, 0)\" class=\"has-inline-color has-vivid-red-color\">interpeller les dirigeants<\/mark> et <mark style=\"background-color:rgba(0, 0, 0, 0)\" class=\"has-inline-color has-vivid-red-color\">leurs complices<\/mark> par le biais de<span style=\"text-decoration: underline;\"> plaintes collectives<\/span> et <span style=\"text-decoration: underline;\">individuelles<\/span>. L<strong>&lsquo;objectif est de mettre en lumi\u00e8re les atteintes aux droits humains fondamentaux, notamment en lien avec les obligations vaccinales et la censure des effets secondaires des vaccins.<\/strong><\/p>\n\n\n\n<p><mark style=\"background-color:rgba(0, 0, 0, 0)\" class=\"has-inline-color has-vivid-red-color\"><strong>Actions Judiciaires et Sensibilisation<\/strong>.<\/mark><\/p>\n\n\n\n<ul class=\"wp-block-list\">\n<li><strong>Plainte d\u00e9pos\u00e9e \u00e0 la CPI<\/strong> : Le 2 juillet 2021, une plainte a \u00e9t\u00e9 enregistr\u00e9e sous le num\u00e9ro <strong>OTP-CR-271\/21<\/strong>. Cette action judiciaire s&rsquo;accompagne d&rsquo;une <mark style=\"background-color:rgba(0, 0, 0, 0)\" class=\"has-inline-color has-vivid-red-color\">diffusion publique<\/mark>, incitant les citoyens et les associations \u00e0 <mark style=\"background-color:rgba(0, 0, 0, 0)\" class=\"has-inline-color has-vivid-red-color\">s&rsquo;associer en d\u00e9posant \u00e9galement des plaintes individuelles en soutien \u00e0 l&rsquo;action collective.<\/mark><\/li>\n\n\n\n<li><strong>Lettre ouverte \u00e0 la pr\u00e9sidence de la CPI<\/strong> : Le 27 septembre 2024, une lettre a \u00e9t\u00e9 diffus\u00e9e pour rappeler \u00e0 la CPI sa mission d&rsquo;ind\u00e9pendance et d&rsquo;impartialit\u00e9, soulignant l&rsquo;obligation <mark style=\"background-color:rgba(0, 0, 0, 0)\" class=\"has-inline-color has-vivid-red-color\">d&rsquo;examiner les plaintes pour crimes contre l&rsquo;humanit\u00e9, ind\u00e9pendamment des pressions politiques.<\/mark><\/li>\n\n\n\n<li><strong>Mises en demeure<\/strong> : D\u00e8s le 2 mars 2021, le CSAPE a mis en demeure les institutions et les personnels du gouvernement pour pr\u00e9venir ce qu&rsquo;il qualifie de crimes contre l&rsquo;humanit\u00e9, d\u00e9non\u00e7ant la <mark style=\"background-color:rgba(0, 0, 0, 0)\" class=\"has-inline-color has-vivid-red-color\">soumission de la population \u00e0 des injections exp\u00e9rimentales<\/mark>.<\/li>\n<\/ul>\n\n\n\n<p><mark style=\"background-color:rgba(0, 0, 0, 0)\" class=\"has-inline-color has-vivid-red-color\"><strong>Strat\u00e9gie et Obstacles<\/strong>.<\/mark><\/p>\n\n\n\n<p><strong>Le CSAPE travaille en collaboration avec des juristes europ\u00e9ens pour faire pression en vue de l&rsquo;ouverture d&rsquo;une enqu\u00eate<\/strong>. Toutefois, la CPI, en raison de <strong>consid\u00e9rations politiques<\/strong>, <strong>tarde \u00e0 agir<\/strong>, ce qui alimente les <span style=\"text-decoration: underline;\">critiques quant \u00e0 son r\u00f4le et \u00e0 son efficacit\u00e9<\/span>.<\/p>\n\n\n\n<p><strong><mark style=\"background-color:rgba(0, 0, 0, 0)\" class=\"has-inline-color has-vivid-red-color\">Conclusion<\/mark><\/strong>.<\/p>\n\n\n\n<p><strong>Les r\u00e9v\u00e9lations de Mark Zuckerberg sur les pressions exerc\u00e9es pour censurer des informations sur les effets secondaires des vaccins COVID-19 renforcent les pr\u00e9occupations soulev\u00e9es par le CSAPE. Le collectif poursuit ses actions pour <\/strong><span style=\"text-decoration: underline;\">faire \u00e9clater la v\u00e9rit\u00e9<\/span><strong> et appelle \u00e0 une <\/strong><span style=\"text-decoration: underline;\">mobilisation citoyenne<\/span><strong> pour rappeler aux institutions judiciaires leur <\/strong><mark style=\"background-color:rgba(0, 0, 0, 0)\" class=\"has-inline-color has-vivid-red-color\">devoir <\/mark><strong>de <\/strong><mark style=\"background-color:rgba(0, 0, 0, 0)\" class=\"has-inline-color has-vivid-red-color\">prot\u00e9ger <\/mark><strong>les <\/strong><mark style=\"background-color:rgba(0, 0, 0, 0)\" class=\"has-inline-color has-vivid-red-color\">droits humains<\/mark><strong> et de <\/strong><mark style=\"background-color:rgba(0, 0, 0, 0)\" class=\"has-inline-color has-vivid-red-color\">r\u00e9sister aux influences politiques<\/mark><strong>.<\/strong><\/p>\n\n\n\n<p>\ud83d\udca1 <strong>Pour plus d&rsquo;informations sur<\/strong> <a href=\"https:\/\/planetactus.com\/index.php\/2025\/01\/09\/troubles-a-lordre-public-avec-consequences-gravissimes-sur-le-vivant-levez-les-voiles-sur-haarp-et-les-chemtrails-une-lettre-ouverte-pour-reveiller-les-consciences\/\"><mark style=\"background-color:rgba(0, 0, 0, 0)\" class=\"has-inline-color has-vivid-red-color\">Les Actions du CSAPE<\/mark><\/a> \ud83d\udd17, <strong>vous pouvez consulter leur site officiel<\/strong> : <a href=\"https:\/\/csape.qc.lu\/index.php\/actions\/crimes-contre-lhumanite\"><mark style=\"background-color:rgba(0, 0, 0, 0)\" class=\"has-inline-color has-vivid-red-color\">CSAPE<\/mark><\/a>  \ud83d\udd17<\/p>\n\n\n\n<p><span style=\"text-decoration: underline;\">Tu pourrais aussi aimer<\/span> : <\/p>\n\n\n\n<p>\u25a0 <strong><mark style=\"background-color:rgba(0, 0, 0, 0)\" class=\"has-inline-color has-vivid-red-color\">RAPHA\u00cbL COHEN : PLAINTE CONTRE MACRON, POUR TRAHISON, CRIME CONTRE L&rsquo;HUMANIT\u00c9, INSTITUT<\/mark><\/strong>\u2026<\/p>\n\n\n\n<figure class=\"wp-block-embed aligncenter is-type-video is-provider-youtube wp-block-embed-youtube wp-embed-aspect-16-9 wp-has-aspect-ratio\"><div class=\"wp-block-embed__wrapper\">\n<iframe  id=\"_ytid_45150\"  width=\"640\" height=\"360\"  data-origwidth=\"640\" data-origheight=\"360\" src=\"https:\/\/www.youtube.com\/embed\/p9jM9HZTzq0?enablejsapi=1&#038;autoplay=0&#038;cc_load_policy=0&#038;cc_lang_pref=&#038;iv_load_policy=1&#038;loop=0&#038;rel=1&#038;fs=1&#038;playsinline=0&#038;autohide=2&#038;theme=dark&#038;color=red&#038;controls=1&#038;disablekb=0&#038;\" class=\"__youtube_prefs__  epyt-is-override  no-lazyload\" title=\"YouTube player\"  allow=\"fullscreen; accelerometer; autoplay; clipboard-write; encrypted-media; gyroscope; picture-in-picture; web-share\" referrerpolicy=\"strict-origin-when-cross-origin\" allowfullscreen data-no-lazy=\"1\" data-skipgform_ajax_framebjll=\"\"><\/iframe>\n<\/div><figcaption class=\"wp-element-caption\">RAPHA\u00cbL COHEN : PLAINTE CONTRE MACRON, POUR TRAHISON, CRIME CONTRE L&rsquo;HUMANIT\u00c9, INSTITUT\u2026 \/ <a href=\"https:\/\/www.youtube.com\/watch?v=p9jM9HZTzq0\">Pierre Dominique Coesnon<\/a> \ud83d\udd17<\/figcaption><\/figure>\n\n\n\n<p>\u25a0 <a href=\"https:\/\/odysee.com\/@Videos-R%C3%A9info:9\/Raphael-Cohen-Corruption-meurtre-plainte-contre-Macron-pour-trahison-et-crime-contre-l-humanit%C3%A9:6\"><mark style=\"background-color:rgba(0, 0, 0, 0)\" class=\"has-inline-color has-vivid-red-color\">Entretien avec Rapha\u00ebl Cohen<\/mark><\/a><mark style=\"background-color:rgba(0, 0, 0, 0)\" class=\"has-inline-color has-vivid-red-color\"> <\/mark><strong>\ud83d\udd17<\/strong> \ud83d\udcfd <strong>: Corruption, meurtre, pand\u00e9mie : Plainte pour crime contre l&rsquo;humanit\u00e9. Via Vid\u00e9os<\/strong> \ud83d\udd17<a href=\"https:\/\/odysee.com\/@Videos-R%C3%A9info:9\"><mark style=\"background-color:rgba(0, 0, 0, 0)\" class=\"has-inline-color has-vivid-red-color\">R\u00e9information<\/mark><\/a>.<\/p>\n\n\n\n<figure class=\"wp-block-embed is-type-rich is-provider-prise-en-charge-des-contenus-embarqu-s wp-block-embed-prise-en-charge-des-contenus-embarqu-s\"><div class=\"wp-block-embed__wrapper\">\n<video controls    width=\"512\" height=\"384\"><source src=\"https:\/\/player.odycdn.com\/v6\/streams\/61f1833e3ad859cb4a12e844c755a19527230487\/31ed19.mp4\"  type=\"video\/mp4\"><\/video>\n<\/div><\/figure>\n\n\n\n<p>Rapha\u00ebl Cohen est <strong>directeur juridique<\/strong> du CSAPE (<strong>Collectif Syndicats et Associations Professionnels Europ\u00e9ens<\/strong>). <mark style=\"background-color:rgba(0, 0, 0, 0)\" class=\"has-inline-color has-vivid-red-color\"><strong>Il porte plainte contre Macron pour trahison et crime contre l\u2019humanit\u00e9.<\/strong><\/mark><\/p>\n\n\n\n<p><span style=\"text-decoration: underline;\">La plainte<\/span> a \u00e9t\u00e9 d\u00e9pos\u00e9e aupr\u00e8s de la CPI (<strong>Cour P\u00e9nale Internationale<\/strong>).<\/p>\n\n\n\n<p><strong>\u00c2mes sensibles s\u2019abstenir<\/strong>. <mark style=\"background-color:rgba(0, 0, 0, 0)\" class=\"has-inline-color has-vivid-red-color\">Les d\u00e9nonciations de pratiques exp\u00e9rimentales sont rudes \u00e0 entendre<\/mark>.<\/p>\n\n\n\n<p><span style=\"text-decoration: underline;\">Sur le m\u00eame sujet<\/span> : <\/p>\n\n\n\n<p>\u25a0 <strong><mark style=\"background-color:rgba(0, 0, 0, 0)\" class=\"has-inline-color has-vivid-red-color\">Les Secrets du Contr\u00f4le : Censure, COVID-19 et Manipulation G\u00e9n\u00e9tique.<\/mark><\/strong><\/p>\n\n\n\n<p>\ud83c\udf10 <strong>Dans un monde o\u00f9 l&rsquo;information circule \u00e0 une vitesse fulgurante<\/strong> \ud83d\ude80, les <span style=\"text-decoration: underline;\">r\u00e9v\u00e9lations <\/span>sur la c<strong>ensure et le contr\u00f4le de la diffusion des donn\u00e9es deviennent un enjeu majeur<\/strong>. <a href=\"https:\/\/planetactus.com\/index.php\/2025\/01\/11\/zuckerberg-revele-lombre-de-la-maison-blanche-sur-la-censure-des-effets-des-vaccins-sur-le-genome-humain\/\"><mark style=\"background-color:rgba(0, 0, 0, 0)\" class=\"has-inline-color has-vivid-red-color\">Les r\u00e9centes d\u00e9clarations de Mark Zuckerberg<\/mark><\/a> \ud83d\udd17 sur les <a href=\"https:\/\/scholar.google.fr\/scholar?q=censorship+policies+surrounding+COVID-19&amp;hl=fr&amp;as_sdt=0&amp;as_vis=1&amp;oi=scholart\"><mark style=\"background-color:rgba(0, 0, 0, 0)\" class=\"has-inline-color has-vivid-red-color\">politiques de censure autour du COVID-19<\/mark><\/a> \ud83d\udd17 <strong>ont mis en <\/strong><mark style=\"background-color:rgba(0, 0, 0, 0)\" class=\"has-inline-color has-vivid-red-color\">lumi\u00e8re <\/mark><strong>les tensions croissantes entre libert\u00e9 d&rsquo;expression et gestion de l&rsquo;information en p\u00e9riode de crise<\/strong>. Ces <strong>d\u00e9bats <\/strong>ne sont pas sans rappeler les <strong>controverses autour <\/strong>du <a href=\"https:\/\/www.google.com\/search?client=firefox-b-d&amp;q=Human+Genome+Project\"><mark style=\"background-color:rgba(0, 0, 0, 0)\" class=\"has-inline-color has-vivid-red-color\">Projet G\u00e9nome Humain<\/mark><\/a> \ud83d\udd17, o\u00f9 <strong>l&rsquo;innovation scientifique<\/strong> s&rsquo;est <span style=\"text-decoration: underline;\">heurt\u00e9e<\/span> \u00e0 des \ud83e\udd16 <a href=\"https:\/\/www.biometricupdate.com\/\"><mark style=\"background-color:rgba(0, 0, 0, 0)\" class=\"has-inline-color has-vivid-red-color\">questions \u00e9thiques et des pr\u00e9occupations sur les risques potentiels<\/mark><\/a><strong> \ud83d\udd17 de la manipulation g\u00e9n\u00e9tique<\/strong>. <strong>Dans cet article<\/strong>, nous <span style=\"text-decoration: underline;\">explorons<\/span><strong> les liens entre la censure num\u00e9rique et les dangers du contr\u00f4le sur l&rsquo;information g\u00e9n\u00e9tique, soulignant les implications soci\u00e9tales d&rsquo;une telle convergence.<\/strong><\/p>\n\n\n\n<p><mark style=\"background-color:rgba(0, 0, 0, 0)\" class=\"has-inline-color has-vivid-red-color\"><a href=\"https:\/\/planetactus.com\/index.php\/category\/sante\/\">Voici<\/a> <\/mark><strong>\ud83d\udd17<\/strong> <strong>quelques vid\u00e9os abordant les dangers et les implications du projet g\u00e9nome humain <\/strong>\ud83e\uddec:<\/p>\n\n\n\n<p>\ud83d\udccd <strong><mark style=\"background-color:rgba(0, 0, 0, 0)\" class=\"has-inline-color has-vivid-red-color\">The Human Genome Project Was a Failure : Cette vid\u00e9o, publi\u00e9e il y a 5 mois, discute des critiques et des \u00e9checs associ\u00e9s au projet g\u00e9nome humain<\/mark><\/strong>.<\/p>\n\n\n\n<figure class=\"wp-block-embed aligncenter is-type-video is-provider-youtube wp-block-embed-youtube wp-embed-aspect-16-9 wp-has-aspect-ratio\"><div class=\"wp-block-embed__wrapper\">\n<iframe  id=\"_ytid_65738\"  width=\"640\" height=\"360\"  data-origwidth=\"640\" data-origheight=\"360\" src=\"https:\/\/www.youtube.com\/embed\/AS4wKpK37NY?enablejsapi=1&#038;autoplay=0&#038;cc_load_policy=0&#038;cc_lang_pref=&#038;iv_load_policy=1&#038;loop=0&#038;rel=1&#038;fs=1&#038;playsinline=0&#038;autohide=2&#038;theme=dark&#038;color=red&#038;controls=1&#038;disablekb=0&#038;\" class=\"__youtube_prefs__  epyt-is-override  no-lazyload\" title=\"YouTube player\"  allow=\"fullscreen; accelerometer; autoplay; clipboard-write; encrypted-media; gyroscope; picture-in-picture; web-share\" referrerpolicy=\"strict-origin-when-cross-origin\" allowfullscreen data-no-lazy=\"1\" data-skipgform_ajax_framebjll=\"\"><\/iframe>\n<\/div><figcaption class=\"wp-element-caption\">The Human Genome Project Was a Failure \/ <a href=\"https:\/\/www.youtube.com\/@SciShow\">Sci Show<\/a> \ud83d\udd17<\/figcaption><\/figure>\n\n\n\n<p>\ud83d\udccd <strong><mark style=\"background-color:rgba(0, 0, 0, 0)\" class=\"has-inline-color has-vivid-red-color\">L&rsquo;ING\u00c9NIERIE DU G\u00c9NOME, ENTRE ESPOIRS ET CRAINTES<\/mark><\/strong> <strong>: Cette conf\u00e9rence explore les espoirs et les craintes li\u00e9s \u00e0 l&rsquo;ing\u00e9nierie du g\u00e9nome, en mettant en lumi\u00e8re les questions \u00e9thiques et les risques potentiels.<\/strong><\/p>\n\n\n\n<figure class=\"wp-block-embed aligncenter is-type-video is-provider-youtube wp-block-embed-youtube wp-embed-aspect-16-9 wp-has-aspect-ratio\"><div class=\"wp-block-embed__wrapper\">\n<iframe title=\"L&#039;ING\u00c9NI\u00c9RIE DU G\u00c9NOME, ENTRE ESPOIRS ET CRAINTES\" width=\"640\" height=\"360\" src=\"https:\/\/www.youtube.com\/embed\/S7ACIF34yQY?feature=oembed\" frameborder=\"0\" allow=\"accelerometer; autoplay; clipboard-write; encrypted-media; gyroscope; picture-in-picture; web-share\" referrerpolicy=\"strict-origin-when-cross-origin\" allowfullscreen><\/iframe>\n<\/div><figcaption class=\"wp-element-caption\">L&rsquo;ING\u00c9NI\u00c9RIE DU G\u00c9NOME, ENTRE ESPOIRS ET CRAINTES \/ <a href=\"https:\/\/www.youtube.com\/watch?v=S7ACIF34yQY\">\u00c9cole normale sup\u00e9rieure<\/a> \ud83d\udd17 &#8211; PSL<\/figcaption><\/figure>\n\n\n\n<p>\ud83d\udccd <strong><mark style=\"background-color:rgba(0, 0, 0, 0)\" class=\"has-inline-color has-vivid-red-color\">Modification du g\u00e9nome humain<\/mark><\/strong> <strong>: Cette vid\u00e9o examine les implications de la modification du g\u00e9nome humain, en abordant les questions controvers\u00e9es et les pr\u00e9occupations \u00e9thiques<\/strong>.<\/p>\n\n\n\n<figure class=\"wp-block-embed aligncenter is-type-video is-provider-youtube wp-block-embed-youtube wp-embed-aspect-16-9 wp-has-aspect-ratio\"><div class=\"wp-block-embed__wrapper\">\n<iframe  id=\"_ytid_38228\"  width=\"640\" height=\"360\"  data-origwidth=\"640\" data-origheight=\"360\" src=\"https:\/\/www.youtube.com\/embed\/hWInN83Ems0?enablejsapi=1&#038;autoplay=0&#038;cc_load_policy=0&#038;cc_lang_pref=&#038;iv_load_policy=1&#038;loop=0&#038;rel=1&#038;fs=1&#038;playsinline=0&#038;autohide=2&#038;theme=dark&#038;color=red&#038;controls=1&#038;disablekb=0&#038;\" class=\"__youtube_prefs__  epyt-is-override  no-lazyload\" title=\"YouTube player\"  allow=\"fullscreen; accelerometer; autoplay; clipboard-write; encrypted-media; gyroscope; picture-in-picture; web-share\" referrerpolicy=\"strict-origin-when-cross-origin\" allowfullscreen data-no-lazy=\"1\" data-skipgform_ajax_framebjll=\"\"><\/iframe>\n<\/div><figcaption class=\"wp-element-caption\">Modification du g\u00e9nome humain | Les questions qui f\u00e2chent | <a href=\"https:\/\/www.youtube.com\/watch?v=hWInN83Ems0\">ARTE<\/a> \ud83d\udd17<\/figcaption><\/figure>\n\n\n\n<p>\ud83d\udccd <strong><mark style=\"background-color:rgba(0, 0, 0, 0)\" class=\"has-inline-color has-vivid-red-color\">Peut-on encore breveter le g\u00e9nome humain ?<\/mark><\/strong> <strong>: Cette conf\u00e9rence traite des enjeux juridiques et \u00e9thiques li\u00e9s au brevetage du g\u00e9nome humain, en particulier \u00e0 travers l&rsquo;exemple des g\u00e8nes BRCA1 et BRCA2<\/strong>.<\/p>\n\n\n\n<figure class=\"wp-block-embed aligncenter is-type-video is-provider-youtube wp-block-embed-youtube wp-embed-aspect-16-9 wp-has-aspect-ratio\"><div class=\"wp-block-embed__wrapper\">\n<iframe  id=\"_ytid_81077\"  width=\"640\" height=\"360\"  data-origwidth=\"640\" data-origheight=\"360\" src=\"https:\/\/www.youtube.com\/embed\/1BZgRhJWJy8?enablejsapi=1&#038;autoplay=0&#038;cc_load_policy=0&#038;cc_lang_pref=&#038;iv_load_policy=1&#038;loop=0&#038;rel=1&#038;fs=1&#038;playsinline=0&#038;autohide=2&#038;theme=dark&#038;color=red&#038;controls=1&#038;disablekb=0&#038;\" class=\"__youtube_prefs__  epyt-is-override  no-lazyload\" title=\"YouTube player\"  allow=\"fullscreen; accelerometer; autoplay; clipboard-write; encrypted-media; gyroscope; picture-in-picture; web-share\" referrerpolicy=\"strict-origin-when-cross-origin\" allowfullscreen data-no-lazy=\"1\" data-skipgform_ajax_framebjll=\"\"><\/iframe>\n<\/div><figcaption class=\"wp-element-caption\">Peut-on encore breveter le g\u00e9nome humain ? \/ <a href=\"https:\/\/youtu.be\/1BZgRhJWJy8\">AFIS &#8211; Association Fran\u00e7aise pour l&rsquo;Information Scientifique<\/a> \ud83d\udd17<\/figcaption><\/figure>\n\n\n\n<p><strong>Ces vid\u00e9os offrent diff\u00e9rentes perspectives sur les dangers et les implications du projet g\u00e9nome humain.<\/strong><\/p>\n\n\n\n<p><span style=\"text-decoration: underline;\">En bonus<\/span> :<\/p>\n\n\n\n<p>\ud83d\udccd <strong>Ufo News<\/strong> \ud83d\udef8 |<strong> <mark style=\"background-color:rgba(0, 0, 0, 0)\" class=\"has-inline-color has-vivid-red-color\">Le b\u00e9tail et les OVNIS : \u00c9v\u00e9nements \u00c9tranges des Ann\u00e9es 60 et 70 &#8211; L&rsquo;Heure H<\/mark><\/strong>.<\/p>\n\n\n\n<figure class=\"wp-block-embed is-type-video is-provider-youtube wp-block-embed-youtube wp-embed-aspect-16-9 wp-has-aspect-ratio\"><div class=\"wp-block-embed__wrapper\">\n<iframe  id=\"_ytid_22891\"  width=\"640\" height=\"360\"  data-origwidth=\"640\" data-origheight=\"360\" src=\"https:\/\/www.youtube.com\/embed\/pLKUVCaRFNw?enablejsapi=1&#038;autoplay=0&#038;cc_load_policy=0&#038;cc_lang_pref=&#038;iv_load_policy=1&#038;loop=0&#038;rel=1&#038;fs=1&#038;playsinline=0&#038;autohide=2&#038;theme=dark&#038;color=red&#038;controls=1&#038;disablekb=0&#038;\" class=\"__youtube_prefs__  epyt-is-override  no-lazyload\" title=\"YouTube player\"  allow=\"fullscreen; accelerometer; autoplay; clipboard-write; encrypted-media; gyroscope; picture-in-picture; web-share\" referrerpolicy=\"strict-origin-when-cross-origin\" allowfullscreen data-no-lazy=\"1\" data-skipgform_ajax_framebjll=\"\"><\/iframe>\n<\/div><figcaption class=\"wp-element-caption\">Le b\u00e9tail et les OVNIS : \u00e9v\u00e9nements \u00e9tranges des ann\u00e9es 60 et 70 \/<a href=\"https:\/\/www.youtube.com\/watch?v=pLKUVCaRFNw\"> L&rsquo;Heure H<\/a> \ud83d\udd17<\/figcaption><\/figure>\n\n\n\n<p>Le 9 septembre 1967 au matin, <mark style=\"background-color:rgba(0, 0, 0, 0)\" class=\"has-inline-color has-vivid-red-color\">l&rsquo;inqui\u00e9tude r\u00e8gne<\/mark> au <strong>sein <\/strong>du <strong>Harry King<\/strong> Ranch \u00e0 Alamosa, dans le Colorado. Agnes et son fils Harry sont ensemble <strong>\u00e0 la t\u00eate<\/strong> du plus <strong>gros <\/strong>ranch de la <strong>r\u00e9gion<\/strong>, une <strong>v\u00e9ritable institution install\u00e9e sur un territoire qui s&rsquo;\u00e9tend<\/strong> <mark style=\"background-color:rgba(0, 0, 0, 0)\" class=\"has-inline-color has-vivid-red-color\">\u00e0 perte de vue<\/mark> et <strong>qui accueille les chevaux de nombreux propri\u00e9taires<\/strong>. Mais depuis un peu moins de 48 heures, c&rsquo;est plut\u00f4t un <strong>sentiment <\/strong>prenant d&rsquo;<strong>inqui\u00e9tude <\/strong>qui se <strong>m\u00eale<\/strong> \u00e0 une <strong>cohue indescriptible<\/strong>. <strong>Snippy<\/strong>, une magnifique jument Appaloosa, a <strong>disparu<\/strong>. Or, e<span style=\"text-decoration: underline;\">lle n&rsquo;a jamais eu un instinct de fugueuse<\/span>.<\/p>\n\n\n\n<p><strong>Pour Harry King, il s&rsquo;est pass\u00e9 quelque chose dans la r\u00e9gion. Aucun pr\u00e9dateur ne peut d\u00e9cemment venir s&rsquo;attaquer \u00e0 un troupeau. Des coyotes qui tuent des chevaux, ce serait une premi\u00e8re. La jument aurait-elle pu avoir soudainement des envies d&rsquo;aventure et partir aussi vite que possible \u00e0 l&rsquo;autre bout du Colorado ?<\/strong><\/p>\n\n\n\n<p>\ud83d\udccd <strong><mark style=\"background-color:rgba(0, 0, 0, 0)\" class=\"has-inline-color has-vivid-red-color\">L\u2019Agenda de M\u00e8re<\/mark> \/ Volume 1 | \u00c9pisode 01<\/strong> \ud83d\ude4f\ud83e\uddd8\u200d\u2642\ufe0f\ud83e\uddd8\u200d\u2640\ufe0f<\/p>\n\n\n\n<figure class=\"wp-block-embed is-type-video is-provider-youtube wp-block-embed-youtube wp-embed-aspect-16-9 wp-has-aspect-ratio\"><div class=\"wp-block-embed__wrapper\">\n<iframe  id=\"_ytid_93474\"  width=\"640\" height=\"360\"  data-origwidth=\"640\" data-origheight=\"360\" src=\"https:\/\/www.youtube.com\/embed\/N4kdV8BXCTE?enablejsapi=1&#038;autoplay=0&#038;cc_load_policy=0&#038;cc_lang_pref=&#038;iv_load_policy=1&#038;loop=0&#038;rel=1&#038;fs=1&#038;playsinline=0&#038;autohide=2&#038;theme=dark&#038;color=red&#038;controls=1&#038;disablekb=0&#038;\" class=\"__youtube_prefs__  epyt-is-override  no-lazyload\" title=\"YouTube player\"  allow=\"fullscreen; accelerometer; autoplay; clipboard-write; encrypted-media; gyroscope; picture-in-picture; web-share\" referrerpolicy=\"strict-origin-when-cross-origin\" allowfullscreen data-no-lazy=\"1\" data-skipgform_ajax_framebjll=\"\"><\/iframe>\n<\/div><figcaption class=\"wp-element-caption\"><strong>L\u2019Agenda de M\u00e8re Volume <\/strong>1 [&#8230;] | <strong>\u00c9pisode 01 <\/strong>\/  <strong>L<\/strong><a href=\"https:\/\/www.youtube.com\/@lautreconscience\">&lsquo;autre Conscience<\/a>  \/ \ud83d\udd17  <a href=\"https:\/\/www.google.com\/search?client=firefox-b-lm&amp;q=SHRI+OROBINDO\">SHRI AUROBINDO<\/a>  \ud83d\udd17<\/figcaption><\/figure>\n\n\n\n<figure class=\"wp-block-embed aligncenter is-type-video is-provider-youtube wp-block-embed-youtube wp-embed-aspect-16-9 wp-has-aspect-ratio\"><div class=\"wp-block-embed__wrapper\">\n<iframe  id=\"_ytid_49492\"  width=\"640\" height=\"360\"  data-origwidth=\"640\" data-origheight=\"360\" src=\"https:\/\/www.youtube.com\/embed\/UuyFANB-do0?enablejsapi=1&#038;autoplay=0&#038;cc_load_policy=0&#038;cc_lang_pref=&#038;iv_load_policy=1&#038;loop=0&#038;rel=1&#038;fs=1&#038;playsinline=0&#038;autohide=2&#038;theme=dark&#038;color=red&#038;controls=1&#038;disablekb=0&#038;\" class=\"__youtube_prefs__  epyt-is-override  no-lazyload\" title=\"YouTube player\"  allow=\"fullscreen; accelerometer; autoplay; clipboard-write; encrypted-media; gyroscope; picture-in-picture; web-share\" referrerpolicy=\"strict-origin-when-cross-origin\" allowfullscreen data-no-lazy=\"1\" data-skipgform_ajax_framebjll=\"\"><\/iframe>\n<\/div><figcaption class=\"wp-element-caption\">G\u00e9rard Lenorman &#8211; <strong>La ballade des gens heureux <\/strong>(Lyrics) \/ <a href=\"https:\/\/www.youtube.com\/@inachansons\">Ina Chansons<\/a>  \ud83d\udd17<\/figcaption><\/figure>\n\n\n\n<p>\ud83d\udccd <strong><mark style=\"background-color:rgba(0, 0, 0, 0)\" class=\"has-inline-color has-vivid-red-color\">The Miracle of Love<\/mark><\/strong> <strong>| Eurythmics, Annie Lennox, Dave Stewart &#8211; Miracle of Love <\/strong>(Official Video) \ud83d\udc7d <\/p>\n\n\n\n<figure class=\"wp-block-embed aligncenter is-type-video is-provider-youtube wp-block-embed-youtube wp-embed-aspect-4-3 wp-has-aspect-ratio\"><div class=\"wp-block-embed__wrapper\">\n<iframe  id=\"_ytid_61813\"  width=\"640\" height=\"360\"  data-origwidth=\"640\" data-origheight=\"360\" src=\"https:\/\/www.youtube.com\/embed\/yOGD1WkJJok?enablejsapi=1&#038;autoplay=0&#038;cc_load_policy=0&#038;cc_lang_pref=&#038;iv_load_policy=1&#038;loop=0&#038;rel=1&#038;fs=1&#038;playsinline=0&#038;autohide=2&#038;theme=dark&#038;color=red&#038;controls=1&#038;disablekb=0&#038;\" class=\"__youtube_prefs__  epyt-is-override  no-lazyload\" title=\"YouTube player\"  allow=\"fullscreen; accelerometer; autoplay; clipboard-write; encrypted-media; gyroscope; picture-in-picture; web-share\" referrerpolicy=\"strict-origin-when-cross-origin\" allowfullscreen data-no-lazy=\"1\" data-skipgform_ajax_framebjll=\"\"><\/iframe>\n<\/div><figcaption class=\"wp-element-caption\"><a href=\"https:\/\/www.youtube.com\/channel\/UCyduOPMIl8N6vlyJxRo2v7g\">Eurythmics<\/a>  \ud83d\udd17<\/figcaption><\/figure>\n\n\n\n<p>\ud83d\udccd<strong><mark style=\"background-color:rgba(0, 0, 0, 0)\" class=\"has-inline-color has-vivid-red-color\"> THE UNTOUCHABLES<\/mark><\/strong> <strong>Trailer<\/strong> (1987).<\/p>\n\n\n\n<figure class=\"wp-block-embed aligncenter is-type-video is-provider-youtube wp-block-embed-youtube wp-embed-aspect-16-9 wp-has-aspect-ratio\"><div class=\"wp-block-embed__wrapper\">\n<iframe  id=\"_ytid_34713\"  width=\"640\" height=\"360\"  data-origwidth=\"640\" data-origheight=\"360\" src=\"https:\/\/www.youtube.com\/embed\/qsIhAWy2i9M?enablejsapi=1&#038;autoplay=0&#038;cc_load_policy=0&#038;cc_lang_pref=&#038;iv_load_policy=1&#038;loop=0&#038;rel=1&#038;fs=1&#038;playsinline=0&#038;autohide=2&#038;theme=dark&#038;color=red&#038;controls=1&#038;disablekb=0&#038;\" class=\"__youtube_prefs__  epyt-is-override  no-lazyload\" title=\"YouTube player\"  allow=\"fullscreen; accelerometer; autoplay; clipboard-write; encrypted-media; gyroscope; picture-in-picture; web-share\" referrerpolicy=\"strict-origin-when-cross-origin\" allowfullscreen data-no-lazy=\"1\" data-skipgform_ajax_framebjll=\"\"><\/iframe>\n<\/div><figcaption class=\"wp-element-caption\"><strong>THE UNTOUCHABLES<\/strong> [Trailer] (1987) \/ <a href=\"https:\/\/www.youtube.com\/watch?v=qsIhAWy2i9M\">Kino Check Archive<\/a> \ud83d\udd17<\/figcaption><\/figure>\n\n\n\n<p><strong>\ud83d\udca1 <\/strong><mark style=\"background-color:rgba(0, 0, 0, 0)\" class=\"has-inline-color has-vivid-red-color\">Si cet article vous a plu, n&rsquo;h\u00e9sitez pas \u00e0 le partager avec vos proches et sur tous vos r\u00e9seaux sociaux ! Suivez-nous pour plus d&rsquo;actualit\u00e9s passionnantes.<\/mark><\/p>\n\n\n\n<p>\ud83d\udef8&nbsp;<a href=\"https:\/\/t.me\/ufo_planetactus_sightings\">Ufo Planet Actus Sightings Investigations<\/a>&nbsp;\ud83d\udc7d<br>\ud83e\ude90&nbsp;<a href=\"https:\/\/t.me\/planetactus\">Planet Actus&nbsp;True News Letters<\/a>&nbsp;\ud83d\uddde<br>\ud83d\udcbb&nbsp;<a href=\"https:\/\/planetactus.com\/\">Planet Actus.com<\/a>&nbsp;\ud83e\ude90<\/p>\n\n\n<div class=\"wp-block-post-author\"><div class=\"wp-block-post-author__avatar\"><img decoding=async data-opt-id=1391982141  fetchpriority=\"high\" alt='' src='\/\/www.gravatar.com\/avatar\/1f651b4ef1fc23d4d1601d6f2649258e?s=48&#038;r=g&#038;d=mm' srcset='\/\/www.gravatar.com\/avatar\/1f651b4ef1fc23d4d1601d6f2649258e?s=48&#038;r=g&#038;d=mm 2x' class='avatar avatar-48 photo' height='48' width='48' \/><\/div><div class=\"wp-block-post-author__content\"><p class=\"wp-block-post-author__byline\"><a href=\"http:\/\/planetactus.com\">planetactus<\/a><\/p><p class=\"wp-block-post-author__name\">planetactus.com<\/p><\/div><\/div><div class=\"gsp_post_data\" \r\n\t            data-post_type=\"post\" \r\n\t            data-cat=\"a-la-une,anti-war,certifiez-securisez-partagez,connaissance-et-spiritualite,crimes-contre-lhumanite,entites-du-bas-astral,leveil,lactu-e-tech-nanotechnologies-bio-convergence-et-des-ia,lanceurs-dalertes,nonvaxer-420,presences-extra-terrestres,resilience,sante,sante-info-droits,ufo-news,vivre-dans-le-coeur\" \r\n\t            data-modified=\"120\"\r\n\t            data-created=\"1736625024\"\r\n\t            data-title=\"Scandale Sanitaire : Zuckerberg R\u00e9v\u00e8le l\u2019Ombre de la Maison-Blanche sur la Censure des Effets Secondaires des Vaccins COVID-19\" \r\n\t            data-home=\"https:\/\/planetactus.com\"><\/div>","protected":false},"excerpt":{"rendered":"<p>Zuckerberg R\u00e9v\u00e8le l\u2019Ombre de la Maison-Blanche sur la Censure des Effets des Vaccins sur le G\u00e9nome Humain !<\/p>\n","protected":false},"author":1,"featured_media":3526,"comment_status":"open","ping_status":"open","sticky":false,"template":"","format":"standard","meta":{"_bbp_topic_count":0,"_bbp_reply_count":0,"_bbp_total_topic_count":0,"_bbp_total_reply_count":0,"_bbp_voice_count":0,"_bbp_anonymous_reply_count":0,"_bbp_topic_count_hidden":0,"_bbp_reply_count_hidden":0,"_bbp_forum_subforum_count":0,"fifu_image_url":"","fifu_image_alt":"","_jetpack_memberships_contains_paid_content":false,"footnotes":"","jetpack_publicize_message":"","jetpack_publicize_feature_enabled":true,"jetpack_social_post_already_shared":false,"jetpack_social_options":{"image_generator_settings":{"template":"highway","default_image_id":0,"font":"","enabled":false},"version":2}},"categories":[19,47,142,37,148,129,41,46,108,27,134,40,11,127,12,133],"tags":[],"class_list":["post-3520","post","type-post","status-publish","format-standard","has-post-thumbnail","hentry","category-a-la-une","category-anti-war","category-certifiez-securisez-partagez","category-connaissance-et-spiritualite","category-crimes-contre-lhumanite","category-entites-du-bas-astral","category-leveil","category-lactu-e-tech-nanotechnologies-bio-convergence-et-des-ia","category-lanceurs-dalertes","category-nonvaxer-420","category-presences-extra-terrestres","category-resilience","category-sante","category-sante-info-droits","category-ufo-news","category-vivre-dans-le-coeur"],"featured_image_src":"https:\/\/mlrdeoj2ejbf.i.optimole.com\/cb:mvHM.4ca\/w:auto\/h:auto\/q:mauto\/f:best\/https:\/\/i0.wp.com\/planetactus.com\/wp-content\/uploads\/2025\/01\/Zuckerberg-Revele-lOmbre-de-la-Maison-Blanche-sur-la-Censure-des-Effets-des-Vaccins-sur-le-Genome-Humain-_Planet-Actus-IA-compressed.jpg?fit=1024%2C1024&ssl=1","author_info":{"display_name":"planetactus.com","author_link":"https:\/\/planetactus.com\/index.php\/author\/admin9861\/"},"yoast_head":"<!-- This site is optimized with the Yoast SEO plugin v27.5 - https:\/\/yoast.com\/product\/yoast-seo-wordpress\/ -->\n<title>Scandale Sanitaire : Zuckerberg R\u00e9v\u00e8le l\u2019Ombre de la Maison-Blanche sur la Censure des Effets Secondaires des Vaccins COVID-19 -<\/title>\n<meta name=\"description\" content=\"Mark Zuckerberg admet que Biden a forc\u00e9 Facebook \u00e0 censurer les informations sur les effets secondaires des vaccins COVID-19.R\u00e9cemment, Mark Zuckerberg, PDG de Meta, a r\u00e9v\u00e9l\u00e9 que des pressions significatives avaient \u00e9t\u00e9 exerc\u00e9es par l&#039;administration Biden sur Facebook pour censurer des contenus relatifs aux effets secondaires des vaccins contre la COVID-19. Cette r\u00e9v\u00e9lation s&#039;inscrit dans un contexte o\u00f9 la libert\u00e9 d&#039;expression et l&#039;acc\u00e8s \u00e0 une information non biais\u00e9e sont devenus des sujets cruciaux.\" class=\"yoast-seo-meta-tag\" \/>\n<meta name=\"robots\" content=\"index, follow, max-snippet:-1, max-image-preview:large, max-video-preview:-1\" \/>\n<link rel=\"canonical\" href=\"https:\/\/planetactus.com\/index.php\/2025\/01\/11\/zuckerberg-revele-lombre-de-la-maison-blanche-sur-la-censure-des-effets-des-vaccins-sur-le-genome-humain\/\" class=\"yoast-seo-meta-tag\" \/>\n<meta property=\"og:locale\" content=\"fr_FR\" class=\"yoast-seo-meta-tag\" \/>\n<meta property=\"og:type\" content=\"article\" class=\"yoast-seo-meta-tag\" \/>\n<meta property=\"og:title\" content=\"Zuckerberg R\u00e9v\u00e8le l\u2019Ombre de la Maison-Blanche sur la Censure des Effets des Vaccins sur le G\u00e9nome Humain !\" class=\"yoast-seo-meta-tag\" \/>\n<meta property=\"og:description\" content=\"Mark Zuckerberg admet que Biden a forc\u00e9 Facebook \u00e0 censurer les informations sur les effets secondaires des vaccins COVID-19.R\u00e9cemment, Mark Zuckerberg, PDG de Meta, a r\u00e9v\u00e9l\u00e9 que des pressions significatives avaient \u00e9t\u00e9 exerc\u00e9es par l&#039;administration Biden sur Facebook pour censurer des contenus relatifs aux effets secondaires des vaccins contre la COVID-19. Cette r\u00e9v\u00e9lation s&#039;inscrit dans un contexte o\u00f9 la libert\u00e9 d&#039;expression et l&#039;acc\u00e8s \u00e0 une information non biais\u00e9e sont devenus des sujets cruciaux.\" class=\"yoast-seo-meta-tag\" \/>\n<meta property=\"og:url\" content=\"https:\/\/planetactus.com\/index.php\/2025\/01\/11\/zuckerberg-revele-lombre-de-la-maison-blanche-sur-la-censure-des-effets-des-vaccins-sur-le-genome-humain\/\" class=\"yoast-seo-meta-tag\" \/>\n<meta property=\"article:publisher\" content=\"https:\/\/www.facebook.com\/profile.php?id=61561620320740\" class=\"yoast-seo-meta-tag\" \/>\n<meta property=\"article:author\" content=\"https:\/\/www.facebook.com\/profile.php?id=61561620320740\" class=\"yoast-seo-meta-tag\" \/>\n<meta property=\"article:published_time\" content=\"2025-01-11T18:50:24+00:00\" class=\"yoast-seo-meta-tag\" \/>\n<meta property=\"article:modified_time\" content=\"2025-01-12T06:55:12+00:00\" class=\"yoast-seo-meta-tag\" \/>\n<meta property=\"og:image\" content=\"https:\/\/mlrdeoj2ejbf.i.optimole.com\/cb:mvHM.4ca\/w:auto\/h:auto\/q:mauto\/f:best\/http:\/\/planetactus.com\/wp-content\/uploads\/2025\/01\/Zuckerberg-Revele-lOmbre-de-la-Maison-Blanche-sur-la-Censure-des-Effets-des-Vaccins-sur-le-Genome-Humain-_Planet-Actus-IA-compressed.jpg\" class=\"yoast-seo-meta-tag\" \/>\n\t<meta property=\"og:image:width\" content=\"1024\" class=\"yoast-seo-meta-tag\" \/>\n\t<meta property=\"og:image:height\" content=\"1024\" class=\"yoast-seo-meta-tag\" \/>\n\t<meta property=\"og:image:type\" content=\"image\/jpeg\" class=\"yoast-seo-meta-tag\" \/>\n<meta name=\"author\" content=\"planetactus.com\" class=\"yoast-seo-meta-tag\" \/>\n<meta name=\"twitter:card\" content=\"summary_large_image\" class=\"yoast-seo-meta-tag\" \/>\n<meta name=\"twitter:title\" content=\"Zuckerberg R\u00e9v\u00e8le l\u2019Ombre de la Maison-Blanche sur la Censure des Effets des Vaccins sur le G\u00e9nome Humain !\" class=\"yoast-seo-meta-tag\" \/>\n<meta name=\"twitter:description\" content=\"Mark Zuckerberg admet que Biden a forc\u00e9 Facebook \u00e0 censurer les informations sur les effets secondaires des vaccins COVID-19.R\u00e9cemment, Mark Zuckerberg, PDG de Meta, a r\u00e9v\u00e9l\u00e9 que des pressions significatives avaient \u00e9t\u00e9 exerc\u00e9es par l&#039;administration Biden sur Facebook pour censurer des contenus relatifs aux effets secondaires des vaccins contre la COVID-19. Cette r\u00e9v\u00e9lation s&#039;inscrit dans un contexte o\u00f9 la libert\u00e9 d&#039;expression et l&#039;acc\u00e8s \u00e0 une information non biais\u00e9e sont devenus des sujets cruciaux.\" class=\"yoast-seo-meta-tag\" \/>\n<meta name=\"twitter:creator\" content=\"@https:\/\/x.com\/PlanetActus\" class=\"yoast-seo-meta-tag\" \/>\n<meta name=\"twitter:site\" content=\"@PlanetActus\" class=\"yoast-seo-meta-tag\" \/>\n<meta name=\"twitter:label1\" content=\"\u00c9crit par\" class=\"yoast-seo-meta-tag\" \/>\n\t<meta name=\"twitter:data1\" content=\"planetactus.com\" class=\"yoast-seo-meta-tag\" \/>\n\t<meta name=\"twitter:label2\" content=\"Dur\u00e9e de lecture estim\u00e9e\" class=\"yoast-seo-meta-tag\" \/>\n\t<meta name=\"twitter:data2\" content=\"8 minutes\" class=\"yoast-seo-meta-tag\" \/>\n<script type=\"application\/ld+json\" class=\"yoast-schema-graph\">{\"@context\":\"https:\\\/\\\/schema.org\",\"@graph\":[{\"@type\":\"Article\",\"@id\":\"https:\\\/\\\/planetactus.com\\\/index.php\\\/2025\\\/01\\\/11\\\/zuckerberg-revele-lombre-de-la-maison-blanche-sur-la-censure-des-effets-des-vaccins-sur-le-genome-humain\\\/#article\",\"isPartOf\":{\"@id\":\"https:\\\/\\\/planetactus.com\\\/index.php\\\/2025\\\/01\\\/11\\\/zuckerberg-revele-lombre-de-la-maison-blanche-sur-la-censure-des-effets-des-vaccins-sur-le-genome-humain\\\/\"},\"author\":{\"name\":\"planetactus.com\",\"@id\":\"https:\\\/\\\/planetactus.com\\\/#\\\/schema\\\/person\\\/fbb75ac73a2424d2e176d31b021372a4\"},\"headline\":\"Scandale Sanitaire : Zuckerberg R\u00e9v\u00e8le l\u2019Ombre de la Maison-Blanche sur la Censure des Effets Secondaires des Vaccins COVID-19\",\"datePublished\":\"2025-01-11T18:50:24+00:00\",\"dateModified\":\"2025-01-12T06:55:12+00:00\",\"mainEntityOfPage\":{\"@id\":\"https:\\\/\\\/planetactus.com\\\/index.php\\\/2025\\\/01\\\/11\\\/zuckerberg-revele-lombre-de-la-maison-blanche-sur-la-censure-des-effets-des-vaccins-sur-le-genome-humain\\\/\"},\"wordCount\":1553,\"commentCount\":0,\"publisher\":{\"@id\":\"https:\\\/\\\/planetactus.com\\\/#\\\/schema\\\/person\\\/fbb75ac73a2424d2e176d31b021372a4\"},\"image\":{\"@id\":\"https:\\\/\\\/planetactus.com\\\/index.php\\\/2025\\\/01\\\/11\\\/zuckerberg-revele-lombre-de-la-maison-blanche-sur-la-censure-des-effets-des-vaccins-sur-le-genome-humain\\\/#primaryimage\"},\"thumbnailUrl\":\"https:\\/\\/i0.wp.com\\/planetactus.com\\/wp-content\\/uploads\\/2025\\/01\\/Zuckerberg-Revele-lOmbre-de-la-Maison-Blanche-sur-la-Censure-des-Effets-des-Vaccins-sur-le-Genome-Humain-_Planet-Actus-IA-compressed.jpg?fit=1024%2C1024&ssl=1\",\"articleSection\":[\"A la Une\",\"Anti War\",\"Certifiez, S\u00e9curisez, Partagez\",\"Connaissance et Spiritualit\u00e9\",\"Crimes Contre l'Humanit\u00e9\",\"Entit\u00e9s du Bas Astral\",\"L'Eveil\",\"L\u2019Actu E-Tech - Nanotechnologies - Bio-convergence et des IA\",\"Lanceurs d'Alertes\",\"Nonvaxer 420\",\"Pr\u00e9sences Extra-Terrestres\",\"R\u00e9silience\",\"Sant\u00e9\",\"Sant\u00e9 - Info - Droits\",\"Ufo-News\",\"Vivre dans le C\u0153ur\"],\"inLanguage\":\"fr-FR\",\"potentialAction\":[{\"@type\":\"CommentAction\",\"name\":\"Comment\",\"target\":[\"https:\\\/\\\/planetactus.com\\\/index.php\\\/2025\\\/01\\\/11\\\/zuckerberg-revele-lombre-de-la-maison-blanche-sur-la-censure-des-effets-des-vaccins-sur-le-genome-humain\\\/#respond\"]}]},{\"@type\":\"WebPage\",\"@id\":\"https:\\\/\\\/planetactus.com\\\/index.php\\\/2025\\\/01\\\/11\\\/zuckerberg-revele-lombre-de-la-maison-blanche-sur-la-censure-des-effets-des-vaccins-sur-le-genome-humain\\\/\",\"url\":\"https:\\\/\\\/planetactus.com\\\/index.php\\\/2025\\\/01\\\/11\\\/zuckerberg-revele-lombre-de-la-maison-blanche-sur-la-censure-des-effets-des-vaccins-sur-le-genome-humain\\\/\",\"name\":\"Scandale Sanitaire : Zuckerberg R\u00e9v\u00e8le l\u2019Ombre de la Maison-Blanche sur la Censure des Effets Secondaires des Vaccins COVID-19 -\",\"isPartOf\":{\"@id\":\"https:\\\/\\\/planetactus.com\\\/#website\"},\"primaryImageOfPage\":{\"@id\":\"https:\\\/\\\/planetactus.com\\\/index.php\\\/2025\\\/01\\\/11\\\/zuckerberg-revele-lombre-de-la-maison-blanche-sur-la-censure-des-effets-des-vaccins-sur-le-genome-humain\\\/#primaryimage\"},\"image\":{\"@id\":\"https:\\\/\\\/planetactus.com\\\/index.php\\\/2025\\\/01\\\/11\\\/zuckerberg-revele-lombre-de-la-maison-blanche-sur-la-censure-des-effets-des-vaccins-sur-le-genome-humain\\\/#primaryimage\"},\"thumbnailUrl\":\"https:\\/\\/i0.wp.com\\/planetactus.com\\/wp-content\\/uploads\\/2025\\/01\\/Zuckerberg-Revele-lOmbre-de-la-Maison-Blanche-sur-la-Censure-des-Effets-des-Vaccins-sur-le-Genome-Humain-_Planet-Actus-IA-compressed.jpg?fit=1024%2C1024&ssl=1\",\"datePublished\":\"2025-01-11T18:50:24+00:00\",\"dateModified\":\"2025-01-12T06:55:12+00:00\",\"description\":\"Mark Zuckerberg admet que Biden a forc\u00e9 Facebook \u00e0 censurer les informations sur les effets secondaires des vaccins COVID-19.R\u00e9cemment, Mark Zuckerberg, PDG de Meta, a r\u00e9v\u00e9l\u00e9 que des pressions significatives avaient \u00e9t\u00e9 exerc\u00e9es par l'administration Biden sur Facebook pour censurer des contenus relatifs aux effets secondaires des vaccins contre la COVID-19. Cette r\u00e9v\u00e9lation s'inscrit dans un contexte o\u00f9 la libert\u00e9 d'expression et l'acc\u00e8s \u00e0 une information non biais\u00e9e sont devenus des sujets cruciaux.\",\"breadcrumb\":{\"@id\":\"https:\\\/\\\/planetactus.com\\\/index.php\\\/2025\\\/01\\\/11\\\/zuckerberg-revele-lombre-de-la-maison-blanche-sur-la-censure-des-effets-des-vaccins-sur-le-genome-humain\\\/#breadcrumb\"},\"inLanguage\":\"fr-FR\",\"potentialAction\":[{\"@type\":\"ReadAction\",\"target\":[\"https:\\\/\\\/planetactus.com\\\/index.php\\\/2025\\\/01\\\/11\\\/zuckerberg-revele-lombre-de-la-maison-blanche-sur-la-censure-des-effets-des-vaccins-sur-le-genome-humain\\\/\"]}]},{\"@type\":\"ImageObject\",\"inLanguage\":\"fr-FR\",\"@id\":\"https:\\\/\\\/planetactus.com\\\/index.php\\\/2025\\\/01\\\/11\\\/zuckerberg-revele-lombre-de-la-maison-blanche-sur-la-censure-des-effets-des-vaccins-sur-le-genome-humain\\\/#primaryimage\",\"url\":\"https:\\/\\/i0.wp.com\\/planetactus.com\\/wp-content\\/uploads\\/2025\\/01\\/Zuckerberg-Revele-lOmbre-de-la-Maison-Blanche-sur-la-Censure-des-Effets-des-Vaccins-sur-le-Genome-Humain-_Planet-Actus-IA-compressed.jpg?fit=1024%2C1024&ssl=1\",\"contentUrl\":\"https:\\/\\/i0.wp.com\\/planetactus.com\\/wp-content\\/uploads\\/2025\\/01\\/Zuckerberg-Revele-lOmbre-de-la-Maison-Blanche-sur-la-Censure-des-Effets-des-Vaccins-sur-le-Genome-Humain-_Planet-Actus-IA-compressed.jpg?fit=1024%2C1024&ssl=1\",\"width\":1024,\"height\":1024,\"caption\":\"Zuckerberg-Revele-lOmbre-de-la-Maison-Blanche-sur-la-Censure-des-Effets-des-Vaccins-sur-le-Genome-Humain-_Planet-Actus-IA-compressed.jpg\"},{\"@type\":\"BreadcrumbList\",\"@id\":\"https:\\\/\\\/planetactus.com\\\/index.php\\\/2025\\\/01\\\/11\\\/zuckerberg-revele-lombre-de-la-maison-blanche-sur-la-censure-des-effets-des-vaccins-sur-le-genome-humain\\\/#breadcrumb\",\"itemListElement\":[{\"@type\":\"ListItem\",\"position\":1,\"name\":\"Accueil\",\"item\":\"https:\\\/\\\/planetactus.com\\\/\"},{\"@type\":\"ListItem\",\"position\":2,\"name\":\"Scandale Sanitaire : Zuckerberg R\u00e9v\u00e8le l\u2019Ombre de la Maison-Blanche sur la Censure des Effets Secondaires des Vaccins COVID-19\"}]},{\"@type\":\"WebSite\",\"@id\":\"https:\\\/\\\/planetactus.com\\\/#website\",\"url\":\"https:\\\/\\\/planetactus.com\\\/\",\"name\":\"PLANET ACTUS\",\"description\":\"PLANET ACTUS\",\"publisher\":{\"@id\":\"https:\\\/\\\/planetactus.com\\\/#\\\/schema\\\/person\\\/fbb75ac73a2424d2e176d31b021372a4\"},\"potentialAction\":[{\"@type\":\"SearchAction\",\"target\":{\"@type\":\"EntryPoint\",\"urlTemplate\":\"https:\\\/\\\/planetactus.com\\\/?s={search_term_string}\"},\"query-input\":{\"@type\":\"PropertyValueSpecification\",\"valueRequired\":true,\"valueName\":\"search_term_string\"}}],\"inLanguage\":\"fr-FR\"},{\"@type\":[\"Person\",\"Organization\"],\"@id\":\"https:\\\/\\\/planetactus.com\\\/#\\\/schema\\\/person\\\/fbb75ac73a2424d2e176d31b021372a4\",\"name\":\"planetactus.com\",\"image\":{\"@type\":\"ImageObject\",\"inLanguage\":\"fr-FR\",\"@id\":\"https:\\/\\/i0.wp.com\\/planetactus.com\\/wp-content\\/uploads\\/2024\\/07\\/cropped-2-Planet-Actus-Banniere-02a.jpg?fit=1189%2C365&ssl=1\",\"url\":\"https:\\/\\/i0.wp.com\\/planetactus.com\\/wp-content\\/uploads\\/2024\\/07\\/cropped-2-Planet-Actus-Banniere-02a.jpg?fit=1189%2C365&ssl=1\",\"contentUrl\":\"https:\\/\\/i0.wp.com\\/planetactus.com\\/wp-content\\/uploads\\/2024\\/07\\/cropped-2-Planet-Actus-Banniere-02a.jpg?fit=1189%2C365&ssl=1\",\"width\":1189,\"height\":365,\"caption\":\"planetactus.com\"},\"logo\":{\"@id\":\"https:\\/\\/i0.wp.com\\/planetactus.com\\/wp-content\\/uploads\\/2024\\/07\\/cropped-2-Planet-Actus-Banniere-02a.jpg?fit=1189%2C365&ssl=1\"},\"sameAs\":[\"http:\\\/\\\/planetactus.com\",\"https:\\\/\\\/www.facebook.com\\\/profile.php?id=61561620320740\",\"https:\\\/\\\/x.com\\\/https:\\\/\\\/x.com\\\/PlanetActus\",\"https:\\\/\\\/www.youtube.com\\\/@PlanetActus\"],\"url\":\"https:\\\/\\\/planetactus.com\\\/index.php\\\/author\\\/admin9861\\\/\"}]}<\/script>\n<!-- \/ Yoast SEO plugin. -->","yoast_head_json":{"title":"Scandale Sanitaire : Zuckerberg R\u00e9v\u00e8le l\u2019Ombre de la Maison-Blanche sur la Censure des Effets Secondaires des Vaccins COVID-19 -","description":"Mark Zuckerberg admet que Biden a forc\u00e9 Facebook \u00e0 censurer les informations sur les effets secondaires des vaccins COVID-19.R\u00e9cemment, Mark Zuckerberg, PDG de Meta, a r\u00e9v\u00e9l\u00e9 que des pressions significatives avaient \u00e9t\u00e9 exerc\u00e9es par l'administration Biden sur Facebook pour censurer des contenus relatifs aux effets secondaires des vaccins contre la COVID-19. Cette r\u00e9v\u00e9lation s'inscrit dans un contexte o\u00f9 la libert\u00e9 d'expression et l'acc\u00e8s \u00e0 une information non biais\u00e9e sont devenus des sujets cruciaux.","robots":{"index":"index","follow":"follow","max-snippet":"max-snippet:-1","max-image-preview":"max-image-preview:large","max-video-preview":"max-video-preview:-1"},"canonical":"https:\/\/planetactus.com\/index.php\/2025\/01\/11\/zuckerberg-revele-lombre-de-la-maison-blanche-sur-la-censure-des-effets-des-vaccins-sur-le-genome-humain\/","og_locale":"fr_FR","og_type":"article","og_title":"Zuckerberg R\u00e9v\u00e8le l\u2019Ombre de la Maison-Blanche sur la Censure des Effets des Vaccins sur le G\u00e9nome Humain !","og_description":"Mark Zuckerberg admet que Biden a forc\u00e9 Facebook \u00e0 censurer les informations sur les effets secondaires des vaccins COVID-19.R\u00e9cemment, Mark Zuckerberg, PDG de Meta, a r\u00e9v\u00e9l\u00e9 que des pressions significatives avaient \u00e9t\u00e9 exerc\u00e9es par l'administration Biden sur Facebook pour censurer des contenus relatifs aux effets secondaires des vaccins contre la COVID-19. Cette r\u00e9v\u00e9lation s'inscrit dans un contexte o\u00f9 la libert\u00e9 d'expression et l'acc\u00e8s \u00e0 une information non biais\u00e9e sont devenus des sujets cruciaux.","og_url":"https:\/\/planetactus.com\/index.php\/2025\/01\/11\/zuckerberg-revele-lombre-de-la-maison-blanche-sur-la-censure-des-effets-des-vaccins-sur-le-genome-humain\/","article_publisher":"https:\/\/www.facebook.com\/profile.php?id=61561620320740","article_author":"https:\/\/www.facebook.com\/profile.php?id=61561620320740","article_published_time":"2025-01-11T18:50:24+00:00","article_modified_time":"2025-01-12T06:55:12+00:00","og_image":[{"width":1024,"height":1024,"url":"https:\/\/mlrdeoj2ejbf.i.optimole.com\/cb:mvHM.4ca\/w:auto\/h:auto\/q:mauto\/f:best\/http:\/\/planetactus.com\/wp-content\/uploads\/2025\/01\/Zuckerberg-Revele-lOmbre-de-la-Maison-Blanche-sur-la-Censure-des-Effets-des-Vaccins-sur-le-Genome-Humain-_Planet-Actus-IA-compressed.jpg","type":"image\/jpeg"}],"author":"planetactus.com","twitter_card":"summary_large_image","twitter_title":"Zuckerberg R\u00e9v\u00e8le l\u2019Ombre de la Maison-Blanche sur la Censure des Effets des Vaccins sur le G\u00e9nome Humain !","twitter_description":"Mark Zuckerberg admet que Biden a forc\u00e9 Facebook \u00e0 censurer les informations sur les effets secondaires des vaccins COVID-19.R\u00e9cemment, Mark Zuckerberg, PDG de Meta, a r\u00e9v\u00e9l\u00e9 que des pressions significatives avaient \u00e9t\u00e9 exerc\u00e9es par l'administration Biden sur Facebook pour censurer des contenus relatifs aux effets secondaires des vaccins contre la COVID-19. Cette r\u00e9v\u00e9lation s'inscrit dans un contexte o\u00f9 la libert\u00e9 d'expression et l'acc\u00e8s \u00e0 une information non biais\u00e9e sont devenus des sujets cruciaux.","twitter_creator":"@https:\/\/x.com\/PlanetActus","twitter_site":"@PlanetActus","twitter_misc":{"\u00c9crit par":"planetactus.com","Dur\u00e9e de lecture estim\u00e9e":"8 minutes"},"schema":{"@context":"https:\/\/schema.org","@graph":[{"@type":"Article","@id":"https:\/\/planetactus.com\/index.php\/2025\/01\/11\/zuckerberg-revele-lombre-de-la-maison-blanche-sur-la-censure-des-effets-des-vaccins-sur-le-genome-humain\/#article","isPartOf":{"@id":"https:\/\/planetactus.com\/index.php\/2025\/01\/11\/zuckerberg-revele-lombre-de-la-maison-blanche-sur-la-censure-des-effets-des-vaccins-sur-le-genome-humain\/"},"author":{"name":"planetactus.com","@id":"https:\/\/planetactus.com\/#\/schema\/person\/fbb75ac73a2424d2e176d31b021372a4"},"headline":"Scandale Sanitaire : Zuckerberg R\u00e9v\u00e8le l\u2019Ombre de la Maison-Blanche sur la Censure des Effets Secondaires des Vaccins COVID-19","datePublished":"2025-01-11T18:50:24+00:00","dateModified":"2025-01-12T06:55:12+00:00","mainEntityOfPage":{"@id":"https:\/\/planetactus.com\/index.php\/2025\/01\/11\/zuckerberg-revele-lombre-de-la-maison-blanche-sur-la-censure-des-effets-des-vaccins-sur-le-genome-humain\/"},"wordCount":1553,"commentCount":0,"publisher":{"@id":"https:\/\/planetactus.com\/#\/schema\/person\/fbb75ac73a2424d2e176d31b021372a4"},"image":{"@id":"https:\/\/planetactus.com\/index.php\/2025\/01\/11\/zuckerberg-revele-lombre-de-la-maison-blanche-sur-la-censure-des-effets-des-vaccins-sur-le-genome-humain\/#primaryimage"},"thumbnailUrl":"https:\/\/mlrdeoj2ejbf.i.optimole.com\/cb:mvHM.4ca\/w:auto\/h:auto\/q:mauto\/f:best\/https:\/\/i0.wp.com\/planetactus.com\/wp-content\/uploads\/2025\/01\/Zuckerberg-Revele-lOmbre-de-la-Maison-Blanche-sur-la-Censure-des-Effets-des-Vaccins-sur-le-Genome-Humain-_Planet-Actus-IA-compressed.jpg?fit=1024%2C1024&ssl=1","articleSection":["A la Une","Anti War","Certifiez, S\u00e9curisez, Partagez","Connaissance et Spiritualit\u00e9","Crimes Contre l'Humanit\u00e9","Entit\u00e9s du Bas Astral","L'Eveil","L\u2019Actu E-Tech - Nanotechnologies - Bio-convergence et des IA","Lanceurs d'Alertes","Nonvaxer 420","Pr\u00e9sences Extra-Terrestres","R\u00e9silience","Sant\u00e9","Sant\u00e9 - Info - Droits","Ufo-News","Vivre dans le C\u0153ur"],"inLanguage":"fr-FR","potentialAction":[{"@type":"CommentAction","name":"Comment","target":["https:\/\/planetactus.com\/index.php\/2025\/01\/11\/zuckerberg-revele-lombre-de-la-maison-blanche-sur-la-censure-des-effets-des-vaccins-sur-le-genome-humain\/#respond"]}]},{"@type":"WebPage","@id":"https:\/\/planetactus.com\/index.php\/2025\/01\/11\/zuckerberg-revele-lombre-de-la-maison-blanche-sur-la-censure-des-effets-des-vaccins-sur-le-genome-humain\/","url":"https:\/\/planetactus.com\/index.php\/2025\/01\/11\/zuckerberg-revele-lombre-de-la-maison-blanche-sur-la-censure-des-effets-des-vaccins-sur-le-genome-humain\/","name":"Scandale Sanitaire : Zuckerberg R\u00e9v\u00e8le l\u2019Ombre de la Maison-Blanche sur la Censure des Effets Secondaires des Vaccins COVID-19 -","isPartOf":{"@id":"https:\/\/planetactus.com\/#website"},"primaryImageOfPage":{"@id":"https:\/\/planetactus.com\/index.php\/2025\/01\/11\/zuckerberg-revele-lombre-de-la-maison-blanche-sur-la-censure-des-effets-des-vaccins-sur-le-genome-humain\/#primaryimage"},"image":{"@id":"https:\/\/planetactus.com\/index.php\/2025\/01\/11\/zuckerberg-revele-lombre-de-la-maison-blanche-sur-la-censure-des-effets-des-vaccins-sur-le-genome-humain\/#primaryimage"},"thumbnailUrl":"https:\/\/mlrdeoj2ejbf.i.optimole.com\/cb:mvHM.4ca\/w:auto\/h:auto\/q:mauto\/f:best\/https:\/\/i0.wp.com\/planetactus.com\/wp-content\/uploads\/2025\/01\/Zuckerberg-Revele-lOmbre-de-la-Maison-Blanche-sur-la-Censure-des-Effets-des-Vaccins-sur-le-Genome-Humain-_Planet-Actus-IA-compressed.jpg?fit=1024%2C1024&ssl=1","datePublished":"2025-01-11T18:50:24+00:00","dateModified":"2025-01-12T06:55:12+00:00","description":"Mark Zuckerberg admet que Biden a forc\u00e9 Facebook \u00e0 censurer les informations sur les effets secondaires des vaccins COVID-19.R\u00e9cemment, Mark Zuckerberg, PDG de Meta, a r\u00e9v\u00e9l\u00e9 que des pressions significatives avaient \u00e9t\u00e9 exerc\u00e9es par l'administration Biden sur Facebook pour censurer des contenus relatifs aux effets secondaires des vaccins contre la COVID-19. Cette r\u00e9v\u00e9lation s'inscrit dans un contexte o\u00f9 la libert\u00e9 d'expression et l'acc\u00e8s \u00e0 une information non biais\u00e9e sont devenus des sujets cruciaux.","breadcrumb":{"@id":"https:\/\/planetactus.com\/index.php\/2025\/01\/11\/zuckerberg-revele-lombre-de-la-maison-blanche-sur-la-censure-des-effets-des-vaccins-sur-le-genome-humain\/#breadcrumb"},"inLanguage":"fr-FR","potentialAction":[{"@type":"ReadAction","target":["https:\/\/planetactus.com\/index.php\/2025\/01\/11\/zuckerberg-revele-lombre-de-la-maison-blanche-sur-la-censure-des-effets-des-vaccins-sur-le-genome-humain\/"]}]},{"@type":"ImageObject","inLanguage":"fr-FR","@id":"https:\/\/planetactus.com\/index.php\/2025\/01\/11\/zuckerberg-revele-lombre-de-la-maison-blanche-sur-la-censure-des-effets-des-vaccins-sur-le-genome-humain\/#primaryimage","url":"https:\/\/mlrdeoj2ejbf.i.optimole.com\/cb:mvHM.4ca\/w:auto\/h:auto\/q:mauto\/f:best\/https:\/\/i0.wp.com\/planetactus.com\/wp-content\/uploads\/2025\/01\/Zuckerberg-Revele-lOmbre-de-la-Maison-Blanche-sur-la-Censure-des-Effets-des-Vaccins-sur-le-Genome-Humain-_Planet-Actus-IA-compressed.jpg?fit=1024%2C1024&ssl=1","contentUrl":"https:\/\/mlrdeoj2ejbf.i.optimole.com\/cb:mvHM.4ca\/w:auto\/h:auto\/q:mauto\/f:best\/https:\/\/i0.wp.com\/planetactus.com\/wp-content\/uploads\/2025\/01\/Zuckerberg-Revele-lOmbre-de-la-Maison-Blanche-sur-la-Censure-des-Effets-des-Vaccins-sur-le-Genome-Humain-_Planet-Actus-IA-compressed.jpg?fit=1024%2C1024&ssl=1","width":1024,"height":1024,"caption":"Zuckerberg-Revele-lOmbre-de-la-Maison-Blanche-sur-la-Censure-des-Effets-des-Vaccins-sur-le-Genome-Humain-_Planet-Actus-IA-compressed.jpg"},{"@type":"BreadcrumbList","@id":"https:\/\/planetactus.com\/index.php\/2025\/01\/11\/zuckerberg-revele-lombre-de-la-maison-blanche-sur-la-censure-des-effets-des-vaccins-sur-le-genome-humain\/#breadcrumb","itemListElement":[{"@type":"ListItem","position":1,"name":"Accueil","item":"https:\/\/planetactus.com\/"},{"@type":"ListItem","position":2,"name":"Scandale Sanitaire : Zuckerberg R\u00e9v\u00e8le l\u2019Ombre de la Maison-Blanche sur la Censure des Effets Secondaires des Vaccins COVID-19"}]},{"@type":"WebSite","@id":"https:\/\/planetactus.com\/#website","url":"https:\/\/planetactus.com\/","name":"PLANET ACTUS","description":"PLANET ACTUS","publisher":{"@id":"https:\/\/planetactus.com\/#\/schema\/person\/fbb75ac73a2424d2e176d31b021372a4"},"potentialAction":[{"@type":"SearchAction","target":{"@type":"EntryPoint","urlTemplate":"https:\/\/planetactus.com\/?s={search_term_string}"},"query-input":{"@type":"PropertyValueSpecification","valueRequired":true,"valueName":"search_term_string"}}],"inLanguage":"fr-FR"},{"@type":["Person","Organization"],"@id":"https:\/\/planetactus.com\/#\/schema\/person\/fbb75ac73a2424d2e176d31b021372a4","name":"planetactus.com","image":{"@type":"ImageObject","inLanguage":"fr-FR","@id":"https:\/\/mlrdeoj2ejbf.i.optimole.com\/cb:mvHM.4ca\/w:auto\/h:auto\/q:mauto\/f:best\/https:\/\/i0.wp.com\/planetactus.com\/wp-content\/uploads\/2024\/07\/cropped-2-Planet-Actus-Banniere-02a.jpg?fit=1189%2C365&ssl=1","url":"https:\/\/mlrdeoj2ejbf.i.optimole.com\/cb:mvHM.4ca\/w:auto\/h:auto\/q:mauto\/f:best\/https:\/\/i0.wp.com\/planetactus.com\/wp-content\/uploads\/2024\/07\/cropped-2-Planet-Actus-Banniere-02a.jpg?fit=1189%2C365&ssl=1","contentUrl":"https:\/\/mlrdeoj2ejbf.i.optimole.com\/cb:mvHM.4ca\/w:auto\/h:auto\/q:mauto\/f:best\/https:\/\/i0.wp.com\/planetactus.com\/wp-content\/uploads\/2024\/07\/cropped-2-Planet-Actus-Banniere-02a.jpg?fit=1189%2C365&ssl=1","width":1189,"height":365,"caption":"planetactus.com"},"logo":{"@id":"https:\/\/mlrdeoj2ejbf.i.optimole.com\/cb:mvHM.4ca\/w:auto\/h:auto\/q:mauto\/f:best\/https:\/\/i0.wp.com\/planetactus.com\/wp-content\/uploads\/2024\/07\/cropped-2-Planet-Actus-Banniere-02a.jpg?fit=1189%2C365&ssl=1"},"sameAs":["http:\/\/planetactus.com","https:\/\/www.facebook.com\/profile.php?id=61561620320740","https:\/\/x.com\/https:\/\/x.com\/PlanetActus","https:\/\/www.youtube.com\/@PlanetActus"],"url":"https:\/\/planetactus.com\/index.php\/author\/admin9861\/"}]}},"jetpack_publicize_connections":[],"jetpack_featured_media_url":"https:\/\/mlrdeoj2ejbf.i.optimole.com\/cb:mvHM.4ca\/w:auto\/h:auto\/q:mauto\/f:best\/https:\/\/i0.wp.com\/planetactus.com\/wp-content\/uploads\/2025\/01\/Zuckerberg-Revele-lOmbre-de-la-Maison-Blanche-sur-la-Censure-des-Effets-des-Vaccins-sur-le-Genome-Humain-_Planet-Actus-IA-compressed.jpg?fit=1024%2C1024&ssl=1","jetpack_sharing_enabled":true,"_links":{"self":[{"href":"https:\/\/planetactus.com\/index.php\/wp-json\/wp\/v2\/posts\/3520","targetHints":{"allow":["GET"]}}],"collection":[{"href":"https:\/\/planetactus.com\/index.php\/wp-json\/wp\/v2\/posts"}],"about":[{"href":"https:\/\/planetactus.com\/index.php\/wp-json\/wp\/v2\/types\/post"}],"author":[{"embeddable":true,"href":"https:\/\/planetactus.com\/index.php\/wp-json\/wp\/v2\/users\/1"}],"replies":[{"embeddable":true,"href":"https:\/\/planetactus.com\/index.php\/wp-json\/wp\/v2\/comments?post=3520"}],"version-history":[{"count":57,"href":"https:\/\/planetactus.com\/index.php\/wp-json\/wp\/v2\/posts\/3520\/revisions"}],"predecessor-version":[{"id":3595,"href":"https:\/\/planetactus.com\/index.php\/wp-json\/wp\/v2\/posts\/3520\/revisions\/3595"}],"wp:featuredmedia":[{"embeddable":true,"href":"https:\/\/planetactus.com\/index.php\/wp-json\/wp\/v2\/media\/3526"}],"wp:attachment":[{"href":"https:\/\/planetactus.com\/index.php\/wp-json\/wp\/v2\/media?parent=3520"}],"wp:term":[{"taxonomy":"category","embeddable":true,"href":"https:\/\/planetactus.com\/index.php\/wp-json\/wp\/v2\/categories?post=3520"},{"taxonomy":"post_tag","embeddable":true,"href":"https:\/\/planetactus.com\/index.php\/wp-json\/wp\/v2\/tags?post=3520"}],"curies":[{"name":"wp","href":"https:\/\/api.w.org\/{rel}","templated":true}]}}