{"id":3664,"date":"2025-01-15T20:49:19","date_gmt":"2025-01-15T19:49:19","guid":{"rendered":"https:\/\/planetactus.com\/?p=3664"},"modified":"2025-01-15T22:34:53","modified_gmt":"2025-01-15T21:34:53","slug":"arretez-le-traite-pandemique-la-derniere-bataille-pour-nos-droits-ensemble-nous-pouvons-faire-la-difference-ne-laissez-pas-loms-vous-dicter-signez-la-petition-maintenant","status":"publish","type":"post","link":"https:\/\/planetactus.com\/index.php\/2025\/01\/15\/arretez-le-traite-pandemique-la-derniere-bataille-pour-nos-droits-ensemble-nous-pouvons-faire-la-difference-ne-laissez-pas-loms-vous-dicter-signez-la-petition-maintenant\/","title":{"rendered":"Arr\u00eatez le Trait\u00e9 Pand\u00e9mique : La Derni\u00e8re Bataille pour Nos Droits. Ensemble, Nous Pouvons Faire la Diff\u00e9rence ! Ne Laissez Pas l&rsquo;OMS Vous Dicter : Signez la P\u00e9tition Maintenant !"},"content":{"rendered":"\n<p>\ud83d\udccd<strong><mark style=\"background-color:rgba(0, 0, 0, 0)\" class=\"has-inline-color has-vivid-red-color\">Stop au Trait\u00e9 Pand\u00e9mique : Trump Pourrait Sauver la Souverainet\u00e9 Am\u00e9ricaine<\/mark><\/strong> <strong>:  D\u00e9fendez Vos Libert\u00e9s : Dites Oui \u00e0 l\u2019Ind\u00e9pendance, Non au Trait\u00e9 Pand\u00e9mique ! | <mark style=\"background-color:rgba(0, 0, 0, 0)\" class=\"has-inline-color has-vivid-red-color\">Stop the Pandemic Treaty<\/mark><\/strong> <strong>: Trump Can Save American Sovereignty : Defend Your Freedoms : Say Yes to Independence, No to the Pandemic Treaty !<\/strong><\/p>\n\n\n\n<p>\ud83e\udd7c <strong>Depuis plusieurs ann<\/strong><mark style=\"background-color:rgba(0, 0, 0, 0)\" class=\"has-inline-color has-black-color\"><strong>\u00e9es, le monde est t\u00e9moin de l&rsquo;ascension d&rsquo;<\/strong><\/mark><mark style=\"background-color:rgba(0, 0, 0, 0)\" class=\"has-inline-color has-vivid-red-color\">\ud83d\udd17<\/mark> <a href=\"https:\/\/www.google.com\/search?client=firefox-b-d&amp;q=globalist+agendas\"><mark style=\"background-color:rgba(0, 0, 0, 0)\" class=\"has-inline-color has-vivid-red-color\">agendas mondialistes<\/mark><\/a><mark style=\"background-color:rgba(0, 0, 0, 0)\" class=\"has-inline-color has-vivid-red-color\"> <\/mark>\ud83d\udd17 <strong>qui, sous couvert de s\u00e9curit\u00e9 sanitaire<\/strong>, <span style=\"text-decoration: underline;\">cherchent \u00e0 restreindre les libert\u00e9s individuelles<\/span>. <strong>En t\u00eate de ces initiatives se trouve le<\/strong> \ud83d\udd17 <a href=\"https:\/\/www.google.com\/search?client=firefox-b-d&amp;q=trait%C3%A9+pand%C3%A9mique+propos%C3%A9+par+l%27Organisation+mondiale+de+la+sant%C3%A9\"><mark style=\"background-color:rgba(0, 0, 0, 0)\" class=\"has-inline-color has-vivid-red-color\">trait\u00e9 pand\u00e9mique propos\u00e9 par l&rsquo;Organisation mondiale de la sant\u00e9<\/mark><\/a> \ud83d\udd17 (OMS). <strong>Cependant<\/strong>, <mark style=\"background-color:rgba(0, 0, 0, 0)\" class=\"has-inline-color has-vivid-red-color\">une lueur d&rsquo;espoir<\/mark> <strong>\u00e9merge alors que l&rsquo;administration Trump envisage de retirer les \u00c9tats-Unis de l&rsquo;OMS, mettant potentiellement un terme \u00e0 ce trait\u00e9 controvers\u00e9.<\/strong><\/p>\n\n\n\n<figure class=\"wp-block-embed aligncenter is-type-video is-provider-youtube wp-block-embed-youtube wp-embed-aspect-16-9 wp-has-aspect-ratio\"><div class=\"wp-block-embed__wrapper\">\n<iframe  id=\"_ytid_74277\"  width=\"640\" height=\"360\"  data-origwidth=\"640\" data-origheight=\"360\" src=\"https:\/\/www.youtube.com\/embed\/Jislxl-1M8M?enablejsapi=1&#038;autoplay=0&#038;cc_load_policy=0&#038;cc_lang_pref=&#038;iv_load_policy=1&#038;loop=0&#038;rel=1&#038;fs=1&#038;playsinline=0&#038;autohide=2&#038;theme=dark&#038;color=red&#038;controls=1&#038;disablekb=0&#038;\" class=\"__youtube_prefs__  epyt-is-override  no-lazyload\" title=\"YouTube player\"  allow=\"fullscreen; accelerometer; autoplay; clipboard-write; encrypted-media; gyroscope; picture-in-picture; web-share\" referrerpolicy=\"strict-origin-when-cross-origin\" allowfullscreen data-no-lazy=\"1\" data-skipgform_ajax_framebjll=\"\"><\/iframe>\n<\/div><figcaption class=\"wp-element-caption\">Conf\u00e9rence \u00ab\u00a0<a href=\"https:\/\/www.youtube.com\/watch?v=Jislxl-1M8M\">Le Trait\u00e9 de l\u2019OMS sur les pand\u00e9mies<\/a> \ud83d\udd17 : <strong>Nos libert\u00e9s en danger ?<\/strong>\u00a0\u00bb au Parlement Europ\u00e9en \/ Virginie Joron<\/figcaption><\/figure>\n\n\n\n<p><strong><mark style=\"background-color:rgba(0, 0, 0, 0)\" class=\"has-inline-color has-vivid-red-color\">Un Agenda Mondialiste en Perte de Vitesse.<\/mark><\/strong><\/p>\n\n\n\n<p><strong>Depuis 2020,<\/strong> <mark style=\"background-color:rgba(0, 0, 0, 0)\" class=\"has-inline-color has-vivid-red-color\">des citoyens du monde entier<\/mark>, <span style=\"text-decoration: underline;\">pr\u00e9occup\u00e9s par leurs libert\u00e9s<\/span>, <strong>se sont oppos\u00e9s \u00e0 ce qu&rsquo;ils per\u00e7oivent comme une mainmise des \u00e9lites non \u00e9lues sur les d\u00e9cisions sanitaires mondiales. Ce trait\u00e9, selon ses opposants, donnerait \u00e0 l&rsquo;OMS le pouvoir de contourner les souverainet\u00e9s nationales et d&rsquo;imposer des restrictions sans consultation d\u00e9mocratique<\/strong>. \u00ab\u00a0<mark style=\"background-color:rgba(0, 0, 0, 0)\" class=\"has-inline-color has-vivid-red-color\">Ce trait\u00e9 ne vise pas \u00e0 prot\u00e9ger les populations &#8211; il s\u2019agit de consolider le pouvoir et de g\u00e9n\u00e9rer des profits au d\u00e9triment des citoyens ordinaires<\/mark>\u00ab\u00a0, <strong>peut-on lire dans la p\u00e9tition de CitizenGO<\/strong>.<\/p>\n\n\n\n<figure class=\"wp-block-embed aligncenter is-type-video is-provider-youtube wp-block-embed-youtube wp-embed-aspect-16-9 wp-has-aspect-ratio\"><div class=\"wp-block-embed__wrapper\">\n<iframe  id=\"_ytid_26070\"  width=\"640\" height=\"360\"  data-origwidth=\"640\" data-origheight=\"360\" src=\"https:\/\/www.youtube.com\/embed\/hAmiyHJaxGA?enablejsapi=1&#038;autoplay=0&#038;cc_load_policy=0&#038;cc_lang_pref=&#038;iv_load_policy=1&#038;loop=0&#038;rel=1&#038;fs=1&#038;playsinline=0&#038;autohide=2&#038;theme=dark&#038;color=red&#038;controls=1&#038;disablekb=0&#038;\" class=\"__youtube_prefs__  epyt-is-override  no-lazyload\" title=\"YouTube player\"  allow=\"fullscreen; accelerometer; autoplay; clipboard-write; encrypted-media; gyroscope; picture-in-picture; web-share\" referrerpolicy=\"strict-origin-when-cross-origin\" allowfullscreen data-no-lazy=\"1\" data-skipgform_ajax_framebjll=\"\"><\/iframe>\n<\/div><figcaption class=\"wp-element-caption\"><a href=\"https:\/\/youtu.be\/hAmiyHJaxGA\">MPOX ET PASS NUM\u00c9RIQUE<\/a> \ud83d\udd17 : L&rsquo;AGENDA MONDIALISTE DE LA RENTR\u00c9E | MARC GABRIEL DRAGHI | LA MATINALE GPTV<\/figcaption><\/figure>\n\n\n\n<p><mark style=\"background-color:rgba(0, 0, 0, 0)\" class=\"has-inline-color has-vivid-red-color\"><strong>Trump et Kennedy : Les Catalyseurs d&rsquo;un Changement Radical.<\/strong><\/mark><\/p>\n\n\n\n<p><strong>L&rsquo;administration Trump a d\u00e9j\u00e0 pris des mesures en 2020 pour retirer les \u00c9tats-Unis de l&rsquo;OMS, qualifiant l&rsquo;organisation de<\/strong> \u00ab\u00a0<mark style=\"background-color:rgba(0, 0, 0, 0)\" class=\"has-inline-color has-vivid-red-color\">corrompue, dangereuse et n\u00e9faste pour l\u2019Am\u00e9rique<\/mark>\u00ab\u00a0. <strong>Aujourd&rsquo;hui, avec le retour de Donald Trump \u00e0 la Maison Blanche, cette initiative pourrait atteindre son point culminant<\/strong>. <strong>Robert Kennedy Jr., nouvellement nomm\u00e9 secr\u00e9taire \u00e0 la Sant\u00e9, est connu pour son opposition virulente \u00e0 l&rsquo;OMS et son soutien ind\u00e9fectible \u00e0 la souverainet\u00e9 nationale. Ensemble, Trump et Kennedy \u00ab\u00a0<\/strong><mark style=\"background-color:rgba(0, 0, 0, 0)\" class=\"has-inline-color has-vivid-red-color\">pourraient porter le coup final \u00e0 ce trait\u00e9 et mettre fin \u00e0 l\u2019emprise dangereuse de l\u2019OMS<\/mark><strong>\u00ab\u00a0, affirme la p\u00e9tition.<\/strong><\/p>\n\n\n\n<figure class=\"wp-block-embed aligncenter is-type-video is-provider-youtube wp-block-embed-youtube wp-embed-aspect-16-9 wp-has-aspect-ratio\"><div class=\"wp-block-embed__wrapper\">\n<iframe  id=\"_ytid_67417\"  width=\"640\" height=\"360\"  data-origwidth=\"640\" data-origheight=\"360\" src=\"https:\/\/www.youtube.com\/embed\/wUlgcoMxNBY?enablejsapi=1&#038;autoplay=0&#038;cc_load_policy=0&#038;cc_lang_pref=&#038;iv_load_policy=1&#038;loop=0&#038;rel=1&#038;fs=1&#038;playsinline=0&#038;autohide=2&#038;theme=dark&#038;color=red&#038;controls=1&#038;disablekb=0&#038;\" class=\"__youtube_prefs__  epyt-is-override  no-lazyload\" title=\"YouTube player\"  allow=\"fullscreen; accelerometer; autoplay; clipboard-write; encrypted-media; gyroscope; picture-in-picture; web-share\" referrerpolicy=\"strict-origin-when-cross-origin\" allowfullscreen data-no-lazy=\"1\" data-skipgform_ajax_framebjll=\"\"><\/iframe>\n<\/div><figcaption class=\"wp-element-caption\">RFK Jr.: Help Me Stop The WHO Treaty \/ <a href=\"https:\/\/www.youtube.com\/watch?v=wUlgcoMxNBY\">Robert F. Kennedy Jr<\/a> \ud83d\udd17<\/figcaption><\/figure>\n\n\n\n<p><strong><mark style=\"background-color:rgba(0, 0, 0, 0)\" class=\"has-inline-color has-vivid-red-color\">Un Impact Financier D\u00e9cisif.<\/mark><\/strong><\/p>\n\n\n\n<p><span style=\"text-decoration: underline;\">Le retrait des \u00c9tats-Unis de l&rsquo;OMS aurait des cons\u00e9quences financi\u00e8res significatives<\/span>. <strong>Les \u00c9tats-Unis sont le principal bailleur de fonds de l&rsquo;organisation, contribuant \u00e0 hauteur de 1,3 milliard de dollars par an. \u00ab\u00a0<\/strong><mark style=\"background-color:rgba(0, 0, 0, 0)\" class=\"has-inline-color has-vivid-red-color\">Sans ce financement am\u00e9ricain, l\u2019OMS ne peut pas poursuivre son trait\u00e9 pand\u00e9mique. Pas d\u2019argent, pas de trait\u00e9<\/mark>\u00ab\u00a0, <strong>souligne la p\u00e9tition. En privant l&rsquo;OMS de cette source cruciale de revenus, Trump pourrait saboter les efforts de l&rsquo;organisation pour faire adopter le trait\u00e9.<\/strong><\/p>\n\n\n\n<p><strong><mark style=\"background-color:rgba(0, 0, 0, 0)\" class=\"has-inline-color has-vivid-red-color\">Une Mobilisation Citoyenne N\u00e9cessaire.<\/mark><\/strong><\/p>\n\n\n\n<p><strong>La p\u00e9tition de CitizenGO appelle les citoyens \u00e0 se mobiliser pour soutenir le retrait des \u00c9tats-Unis de l&rsquo;OMS<\/strong>. <span style=\"text-decoration: underline;\">L&rsquo;enjeu est de taille<\/span> : <strong>il s&rsquo;agit de pr\u00e9server les libert\u00e9s individuelles face \u00e0 un projet per\u00e7u comme une menace directe \u00e0 la souverainet\u00e9 nationale. \u00ab\u00a0C\u2019est la voie la plus r\u00e9aliste pour vaincre le trait\u00e9 pand\u00e9mique et restaurer la souverainet\u00e9\u00a0\u00bb, conclut le texte.<\/strong><\/p>\n\n\n\n<figure class=\"wp-block-embed is-type-video is-provider-youtube wp-block-embed-youtube wp-embed-aspect-16-9 wp-has-aspect-ratio\"><div class=\"wp-block-embed__wrapper\">\n<iframe  id=\"_ytid_54482\"  width=\"640\" height=\"360\"  data-origwidth=\"640\" data-origheight=\"360\" src=\"https:\/\/www.youtube.com\/embed\/2yJcIqM8zgk?enablejsapi=1&#038;autoplay=0&#038;cc_load_policy=0&#038;cc_lang_pref=&#038;iv_load_policy=1&#038;loop=0&#038;rel=1&#038;fs=1&#038;playsinline=0&#038;autohide=2&#038;theme=dark&#038;color=red&#038;controls=1&#038;disablekb=0&#038;\" class=\"__youtube_prefs__  epyt-is-override  no-lazyload\" title=\"YouTube player\"  allow=\"fullscreen; accelerometer; autoplay; clipboard-write; encrypted-media; gyroscope; picture-in-picture; web-share\" referrerpolicy=\"strict-origin-when-cross-origin\" allowfullscreen data-no-lazy=\"1\" data-skipgform_ajax_framebjll=\"\"><\/iframe>\n<\/div><figcaption class=\"wp-element-caption\">Trump transition team plans immediate WHO withdrawal \/ <a href=\"https:\/\/www.youtube.com\/watch?v=2yJcIqM8zgk\">DD India<\/a> \ud83d\udd17<\/figcaption><\/figure>\n\n\n\n<p><strong><mark style=\"background-color:rgba(0, 0, 0, 0)\" class=\"has-inline-color has-vivid-red-color\">Conclusion.<\/mark><\/strong><\/p>\n\n\n\n<p><strong>Le retrait des \u00c9tats-Unis de l&rsquo;OMS pourrait marquer un tournant d\u00e9cisif dans la lutte contre les agendas mondialistes<\/strong>. <mark style=\"background-color:rgba(0, 0, 0, 0)\" class=\"has-inline-color has-vivid-red-color\">Alors que la bataille pour le contr\u00f4le des d\u00e9cisions sanitaires mondiales se poursuit<\/mark>, <strong>les actions de l&rsquo;administration Trump pourraient bien d\u00e9terminer l&rsquo;issue de ce conflit. Les citoyens sont invit\u00e9s \u00e0 se joindre \u00e0 cette lutte en signant la p\u00e9tition de CitizenGO, affirmant ainsi leur engagement en faveur de la libert\u00e9 et de la souverainet\u00e9<\/strong>. <strong>\u00ab\u00a0<\/strong><mark style=\"background-color:rgba(0, 0, 0, 0)\" class=\"has-inline-color has-vivid-red-color\">Monsieur le Pr\u00e9sident Trump et Monsieur le Secr\u00e9taire Kennedy, nous comptons sur vous pour tenir vos promesses et prot\u00e9ger nos droits<\/mark><strong>\u00ab\u00a0, exhorte la p\u00e9tition.<\/strong><\/p>\n\n\n\n<figure class=\"wp-block-embed aligncenter is-type-video is-provider-youtube wp-block-embed-youtube wp-embed-aspect-16-9 wp-has-aspect-ratio\"><div class=\"wp-block-embed__wrapper\">\n<iframe  id=\"_ytid_55171\"  width=\"640\" height=\"360\"  data-origwidth=\"640\" data-origheight=\"360\" src=\"https:\/\/www.youtube.com\/embed\/7MNtEQNBgac?enablejsapi=1&#038;autoplay=0&#038;cc_load_policy=0&#038;cc_lang_pref=&#038;iv_load_policy=1&#038;loop=0&#038;rel=1&#038;fs=1&#038;playsinline=0&#038;autohide=2&#038;theme=dark&#038;color=red&#038;controls=1&#038;disablekb=0&#038;\" class=\"__youtube_prefs__  epyt-is-override  no-lazyload\" title=\"YouTube player\"  allow=\"fullscreen; accelerometer; autoplay; clipboard-write; encrypted-media; gyroscope; picture-in-picture; web-share\" referrerpolicy=\"strict-origin-when-cross-origin\" allowfullscreen data-no-lazy=\"1\" data-skipgform_ajax_framebjll=\"\"><\/iframe>\n<\/div><figcaption class=\"wp-element-caption\">LIVE: WHO&rsquo;s Plan to Bring in a \u00ab\u00a0Pandemic Treaty\u00a0\u00bb Hits Dead-End Amid Lack of Global Support \/ <a href=\"https:\/\/www.youtube.com\/watch?v=7MNtEQNBgac\">First Post<\/a> \ud83d\udd17<\/figcaption><\/figure>\n\n\n\n<p>\ud83d\udce2 <span style=\"text-decoration: underline;\">Rejoignez la Lutte pour Nos Libert\u00e9s<\/span> !<\/p>\n\n\n\n<p><strong>Il est temps d&rsquo;agir pour prot\u00e9ger notre souverainet\u00e9 et nos libert\u00e9s. Le trait\u00e9 pand\u00e9mique de l&rsquo;OMS menace de restreindre nos droits fondamentaux, mais ensemble, nous pouvons faire la diff\u00e9rence. Rejoignez les milliers de citoyens engag\u00e9s en signant la p\u00e9tition sur CitizenGO. Cliquez sur le lien suivant pour visiter et <\/strong><span style=\"text-decoration: underline;\">souscrire \u00e0 la p\u00e9tition <\/span>: \ud83d\udd17 <strong><a href=\"https:\/\/citizengo.org\/fr-fr\/fr\/14635-portez-un-coup-fatal-au-trait%C3%A9-pand%C3%A9mique---dites-%C3%A0-trump-de-quitter-l-oms-maintenant--\"><mark style=\"background-color:rgba(0, 0, 0, 0)\" class=\"has-inline-color has-vivid-red-color\">Portez un coup fatal au trait\u00e9 pand\u00e9mique<\/mark><\/a><\/strong> \ud83d\udd17<\/p>\n\n\n\n<p>\ud83d\udd17\ud83e\ude90 <mark style=\"background-color:rgba(0, 0, 0, 0)\" class=\"has-inline-color has-vivid-red-color\"><strong><a href=\"https:\/\/www.bing.com\/videos\/search?q=riddick&amp;FORM=HDRSC4\">Ensemble<\/a> \ud83c\udf10<\/strong><\/mark> <mark style=\"background-color:rgba(0, 0, 0, 0)\" class=\"has-inline-color has-vivid-red-color\"><strong>\ud83d\udd17, faisons entendre nos voix et d\u00e9fendons nos droits !<\/strong><\/mark> \ud83e\ude96<\/p>\n\n\n\n<figure class=\"wp-block-embed aligncenter is-type-video is-provider-youtube wp-block-embed-youtube wp-embed-aspect-16-9 wp-has-aspect-ratio\"><div class=\"wp-block-embed__wrapper\">\n<iframe  id=\"_ytid_98198\"  width=\"640\" height=\"360\"  data-origwidth=\"640\" data-origheight=\"360\" src=\"https:\/\/www.youtube.com\/embed\/S6v_fcff518?enablejsapi=1&#038;autoplay=0&#038;cc_load_policy=0&#038;cc_lang_pref=&#038;iv_load_policy=1&#038;loop=0&#038;rel=1&#038;fs=1&#038;playsinline=0&#038;autohide=2&#038;theme=dark&#038;color=red&#038;controls=1&#038;disablekb=0&#038;\" class=\"__youtube_prefs__  epyt-is-override  no-lazyload\" title=\"YouTube player\"  allow=\"fullscreen; accelerometer; autoplay; clipboard-write; encrypted-media; gyroscope; picture-in-picture; web-share\" referrerpolicy=\"strict-origin-when-cross-origin\" allowfullscreen data-no-lazy=\"1\" data-skipgform_ajax_framebjll=\"\"><\/iframe>\n<\/div><figcaption class=\"wp-element-caption\"><a href=\"https:\/\/www.youtube.com\/watch?v=S6v_fcff518\">D\u00e9go\u00fbtant <\/a> \ud83d\udd17 \u2013 Le dossier \u00a0\u00bb Insectes \ud83e\udd97\ud83d\udd77 dans l&rsquo;alimentation \u00ab\u00a0\ud83e\udd6a\ud83c\udf54\ud83c\udf55 \u2753\u2757\/ <a href=\"https:\/\/www.youtube.com\/@klagemauertv-francais\">Klagemauer TV<\/a>  \ud83d\udd17 Fran\u00e7ais<\/figcaption><\/figure>\n\n\n\n<figure class=\"wp-block-embed is-type-video is-provider-youtube wp-block-embed-youtube wp-embed-aspect-16-9 wp-has-aspect-ratio\"><div class=\"wp-block-embed__wrapper\">\n<iframe  id=\"_ytid_39015\"  width=\"640\" height=\"360\"  data-origwidth=\"640\" data-origheight=\"360\" src=\"https:\/\/www.youtube.com\/embed\/aN224BHDcLM?enablejsapi=1&#038;autoplay=0&#038;cc_load_policy=0&#038;cc_lang_pref=&#038;iv_load_policy=1&#038;loop=0&#038;rel=1&#038;fs=1&#038;playsinline=0&#038;autohide=2&#038;theme=dark&#038;color=red&#038;controls=1&#038;disablekb=0&#038;\" class=\"__youtube_prefs__  epyt-is-override  no-lazyload\" title=\"YouTube player\"  allow=\"fullscreen; accelerometer; autoplay; clipboard-write; encrypted-media; gyroscope; picture-in-picture; web-share\" referrerpolicy=\"strict-origin-when-cross-origin\" allowfullscreen data-no-lazy=\"1\" data-skipgform_ajax_framebjll=\"\"><\/iframe>\n<\/div><figcaption class=\"wp-element-caption\"><a href=\"https:\/\/www.youtube.com\/watch?v=aN224BHDcLM&amp;t=139s\">Kla.TV <\/a> \ud83d\udd17 poursuit sa progression malgr\u00e9 la censure massive des m\u00e9dias \u2013 R\u00e9trospective 2024 \/ <\/figcaption><\/figure>\n\n\n\n<p><span style=\"text-decoration: underline;\">Sur le m\u00eame sujet<\/span> : <\/p>\n\n\n\n<p>\u25a0 <strong><mark style=\"background-color:rgba(0, 0, 0, 0)\" class=\"has-inline-color has-vivid-red-color\">L&rsquo;OMS et le Programme ONE HEALTH : Un D\u00e9sastre pour les Animaux d&rsquo;\u00c9levage<\/mark><\/strong> : \ud83d\udd17 <strong><a href=\"https:\/\/profidecatholica.com\/2025\/01\/09\/les-vaccins-arnm-deciment-deja-les-canards-et-les-chats-et-ce-nest-que-le-debut\/?amp=1.\">Les vax de ONE HEALTH \/OMS \/ WEF d\u00e9ciment aussi des animaux d\u2019elevage: SPARS PANDEMIC 2025-2028 Scenario<\/a><\/strong>  \ud83d\udd17<\/p>\n\n\n\n<p><strong>Un programme de vaccination \u00e0 l&rsquo;\u00e9chelle mondiale, initi\u00e9 par l&rsquo;Organisation Mondiale de la Sant\u00e9 (OMS) en partenariat avec Bill Gates, Gavi, le Forum \u00c9conomique Mondial (WEF) et l&rsquo;ONU, cible d\u00e9sormais les animaux d&rsquo;\u00e9levage \u00e0 travers le programme ONE HEALTH. Destin\u00e9 \u00e0 pr\u00e9venir les zoonoses, ce programme soul\u00e8ve d&rsquo;importantes inqui\u00e9tudes concernant ses effets secondaires, notamment en France, o\u00f9 des cas graves ont d\u00e9j\u00e0 \u00e9t\u00e9 rapport\u00e9s.<\/strong><\/p>\n\n\n\n<p><strong><mark style=\"background-color:rgba(0, 0, 0, 0)\" class=\"has-inline-color has-vivid-red-color\">ONE HEALTH : Un Concept Global.<\/mark><\/strong><\/p>\n\n\n\n<p><strong>Lanc\u00e9 au d\u00e9but des ann\u00e9es 2000, ONE HEALTH repose sur l&rsquo;id\u00e9e que la sant\u00e9 humaine est intimement li\u00e9e \u00e0 celle des animaux et de leur environnement. Si la mondialisation a favoris\u00e9 l&rsquo;\u00e9mergence de nouvelles maladies infectieuses, ce programme vise \u00e0 les contenir par des vaccinations massives. Cependant, l&rsquo;impact de ces vaccins, en particulier ceux bas\u00e9s sur la technologie ARN messager (ARNm), demeure largement inconnu et potentiellement dangereux.<\/strong><\/p>\n\n\n\n<p>\ud83d\udd17 \u00ab <mark style=\"background-color:rgba(0, 0, 0, 0)\" class=\"has-inline-color has-vivid-red-color\">UNABOMBER 2030 \u00bb Partie 2 &#8211; FARM TO FORK<\/mark> : \ud83d\udd17 <a href=\"https:\/\/nouveau-monde.ca\/unabomber-2030-partie-2-farm-to-fork-detruire-le-systeme-alimentaire-de-lhumanite\/\">D\u00c9TRUIRE le syst\u00e8me alimentaire de l\u2019Humanit\u00e9<\/a>  \ud83d\udd17<\/p>\n\n\n\n<p><mark style=\"background-color:rgba(0, 0, 0, 0)\" class=\"has-inline-color has-vivid-red-color\"><strong>Des Cons\u00e9quences D\u00e9j\u00e0 Visibles.<\/strong><\/mark><\/p>\n\n\n\n<p><strong>En France, les canards ont \u00e9t\u00e9 parmi les premiers \u00e0 recevoir des vaccins ARNm contre la grippe aviaire. Depuis 2024, cette initiative a caus\u00e9 des vagues de mortalit\u00e9 inqui\u00e9tantes dans les \u00e9levages, soulevant des questions sur l&rsquo;innocuit\u00e9 de ces vaccins. Des incidents similaires ont \u00e9t\u00e9 observ\u00e9s dans d&rsquo;autres pays, tels que les \u00c9tats-Unis, l&rsquo;Australie et le Royaume-Uni, affectant divers animaux, des volailles aux mammif\u00e8res marins.<\/strong><\/p>\n\n\n\n<p><strong><mark style=\"background-color:rgba(0, 0, 0, 0)\" class=\"has-inline-color has-vivid-red-color\">Les Dangers du Vaccin ARNm.<\/mark><\/strong><\/p>\n\n\n\n<p><strong>Le vaccin ARNm, bien que r\u00e9volutionnaire dans le domaine m\u00e9dical, a suscit\u00e9 des controverses. En plus de son application humaine, il est d\u00e9sormais administr\u00e9 \u00e0 grande \u00e9chelle dans les \u00e9levages. Les vaccins ARNm, souvent associ\u00e9s \u00e0 des nanoparticules, posent des risques de transmission des effets secondaires aux animaux non vaccin\u00e9s, augmentant la peur d&rsquo;une contagion inter-esp\u00e8ces.<\/strong><\/p>\n\n\n\n<figure class=\"wp-block-embed aligncenter is-type-video is-provider-youtube wp-block-embed-youtube wp-embed-aspect-16-9 wp-has-aspect-ratio\"><div class=\"wp-block-embed__wrapper\">\n<iframe  id=\"_ytid_10985\"  width=\"640\" height=\"360\"  data-origwidth=\"640\" data-origheight=\"360\" src=\"https:\/\/www.youtube.com\/embed\/xZ2eOgSgc7Y?enablejsapi=1&#038;autoplay=0&#038;cc_load_policy=0&#038;cc_lang_pref=&#038;iv_load_policy=1&#038;loop=0&#038;rel=1&#038;fs=1&#038;playsinline=0&#038;autohide=2&#038;theme=dark&#038;color=red&#038;controls=1&#038;disablekb=0&#038;\" class=\"__youtube_prefs__  epyt-is-override  no-lazyload\" title=\"YouTube player\"  allow=\"fullscreen; accelerometer; autoplay; clipboard-write; encrypted-media; gyroscope; picture-in-picture; web-share\" referrerpolicy=\"strict-origin-when-cross-origin\" allowfullscreen data-no-lazy=\"1\" data-skipgform_ajax_framebjll=\"\"><\/iframe>\n<\/div><figcaption class=\"wp-element-caption\">Zoo Animals Now Getting Vaccines \/ <a href=\"https:\/\/youtu.be\/xZ2eOgSgc7Y\">Pamela Popper<\/a> \ud83d\udd17 (Dr. Pamela Popper) <\/figcaption><\/figure>\n\n\n\n<p><strong><mark style=\"background-color:rgba(0, 0, 0, 0)\" class=\"has-inline-color has-vivid-red-color\">Le Cas des \u00c9levages Fran\u00e7ais.<\/mark><\/strong><\/p>\n\n\n\n<p><strong>En France, la vaccination des canards avec des vaccins ARNm auto-amplifiants depuis 2024 a entra\u00een\u00e9 une hausse des mortalit\u00e9s. Les experts s&rsquo;inqui\u00e8tent de la pression s\u00e9lective qu&rsquo;exercent ces vaccins, favorisant l&rsquo;\u00e9mergence de mutants plus virulents et posant un risque sanitaire accru pour les humains<\/strong>.<\/p>\n\n\n\n<p><strong><mark style=\"background-color:rgba(0, 0, 0, 0)\" class=\"has-inline-color has-vivid-red-color\">Opacit\u00e9 et Manque de Transparence.<\/mark><\/strong><\/p>\n\n\n\n<p><strong>Le manque de transparence entourant la composition et les effets de ces vaccins a aliment\u00e9 la m\u00e9fiance. Les autorit\u00e9s fran\u00e7aises, tout comme celles d&rsquo;autres pays, n&rsquo;ont pas encore impos\u00e9 d&rsquo;\u00e9tiquetage clair sur les produits issus d&rsquo;animaux vaccin\u00e9s, laissant les consommateurs dans l&rsquo;ignorance des risques potentiels.<\/strong><\/p>\n\n\n<div class=\"wp-block-image\">\n<figure class=\"aligncenter size-full\"><img data-opt-id=1543695298  fetchpriority=\"high\" data-recalc-dims=\"1\" decoding=\"async\" width=\"640\" height=\"356\" src=\"https:\/\/mlrdeoj2ejbf.i.optimole.com\/cb:mvHM.4ca\/w:auto\/h:auto\/q:mauto\/f:best\/https:\/\/i0.wp.com\/planetactus.com\/wp-content\/uploads\/2025\/01\/Capture-decran-2025-01-13-a-20.34.28.webp?resize=640%2C356&#038;ssl=1\" alt=\"\" class=\"wp-image-3667\" srcset=\"https:\/\/mlrdeoj2ejbf.i.optimole.com\/cb:mvHM.4ca\/w:1024\/h:569\/q:mauto\/f:best\/https:\/\/planetactus.com\/wp-content\/uploads\/2025\/01\/Capture-decran-2025-01-13-a-20.34.28.webp 1024w, https:\/\/mlrdeoj2ejbf.i.optimole.com\/cb:mvHM.4ca\/w:300\/h:4000\/q:mauto\/f:best\/https:\/\/planetactus.com\/wp-content\/uploads\/2025\/01\/Capture-decran-2025-01-13-a-20.34.28.webp 300w, https:\/\/mlrdeoj2ejbf.i.optimole.com\/cb:mvHM.4ca\/w:768\/h:4000\/q:mauto\/f:best\/https:\/\/planetactus.com\/wp-content\/uploads\/2025\/01\/Capture-decran-2025-01-13-a-20.34.28.webp 768w\" sizes=\"(max-width: 640px) 100vw, 640px\" \/><figcaption class=\"wp-element-caption\">Illustration Image \/ <a href=\"https:\/\/profidecatholica.com\/2025\/01\/09\/les-vaccins-arnm-deciment-deja-les-canards-et-les-chats-et-ce-nest-que-le-debut\/?amp=1.\">Profidecatholica<\/a>  \ud83d\udd17 : \u00ab\u00a0Suite \u00e0 des vaccinations massives dans les \u00e9levages ( POURTANT NON ARNm en majorit\u00e9 ) pourquoi un nombre effrayant d\u2019animaux MEURENT t\u2019ils ? ou tombent tr\u00e8s malades ? ou \u00ab contaminent \u00bb les autres animaux ? et cela arrive avec tous les types de Vaccins, classiques\u2019 ou ARNm.\u00a0\u00bb<\/figcaption><\/figure>\n<\/div>\n\n\n<p><strong><mark style=\"background-color:rgba(0, 0, 0, 0)\" class=\"has-inline-color has-vivid-red-color\">Conclusion<\/mark><\/strong>.<\/p>\n\n\n\n<p><strong>Le programme ONE HEALTH, bien qu&rsquo;ambitieux, semble avoir ouvert la porte \u00e0 des risques sanitaires majeurs pour les animaux d&rsquo;\u00e9levage et potentiellement pour l&rsquo;homme. Alors que des vaccins ARNm continuent d&rsquo;\u00eatre d\u00e9ploy\u00e9s, il est crucial de proc\u00e9der \u00e0 une \u00e9valuation rigoureuse de leurs effets \u00e0 long terme. Une transparence accrue et une surveillance scientifique ind\u00e9pendante sont essentielles pour pr\u00e9venir une crise sanitaire imminente.<\/strong><\/p>\n\n\n\n<p><mark style=\"background-color:rgba(0, 0, 0, 0)\" class=\"has-inline-color has-vivid-red-color\">En fin de compte, la sant\u00e9 globale ne peut \u00eatre assur\u00e9e sans un \u00e9quilibre soigneusement maintenu entre innovation m\u00e9dicale et prudence \u00e9thique.<\/mark><\/p>\n\n\n\n<p>Pour en savoir plus, un ARTICLE \u00c9CRIT PAR THEARA TRUTH NEWS \/ FRANCE avec <strong>un dossier complet a \u00e9t\u00e9 publi\u00e9<\/strong> sur le site Profidecatholica. \ud83d\udd17 <a href=\"https:\/\/profidecatholica.com\/2025\/01\/09\/les-vaccins-arnm-deciment-deja-les-canards-et-les-chats-et-ce-nest-que-le-debut\/?amp=1.\"><mark style=\"background-color:rgba(0, 0, 0, 0)\" class=\"has-inline-color has-vivid-red-color\">Vous pouvez consulter l&rsquo;article d\u00e9taill\u00e9 \u00e0 l&rsquo;adresse suivante<\/mark><\/a> \ud83d\udd17 Source  : [Profidecatholica] <\/p>\n\n\n\n<p><span style=\"text-decoration: underline;\">Tu pourrais aussi aimer<\/span> :<\/p>\n\n\n\n<p>\u25a0 <strong><mark style=\"background-color:rgba(0, 0, 0, 0)\" class=\"has-inline-color has-vivid-red-color\">L\u2019Accord sur les Pand\u00e9mies | Manifestation \u00e0 Gen\u00e8ve : L\u2019OMS Face \u00e0 l\u2019Opposition Plan\u00e9taire |<\/mark><\/strong> \ud83e\ude7a<strong><mark style=\"background-color:rgba(0, 0, 0, 0)\" class=\"has-inline-color has-vivid-red-color\"> <\/mark><\/strong><a href=\"https:\/\/planetactus.com\/index.php\/2024\/06\/13\/laccord-sur-les-pandemies-manifestation-a-geneve-loms-face-a-lopposition-planetaire-tous-mobilise-contre-le-traite-pandemies\/\">Tous Mobilis\u00e9 Contre le Trait\u00e9 Pand\u00e9mies<\/a> \ud83d\udd17<\/p>\n\n\n\n<p>\u25a0 <strong><mark style=\"background-color:rgba(0, 0, 0, 0)\" class=\"has-inline-color has-vivid-red-color\">R\u00e9volution Technologique : Google, IA, Transhumanisme et Pand\u00e9mies<\/mark> <\/strong><mark style=\"background-color:rgba(0, 0, 0, 0)\" class=\"has-inline-color has-vivid-red-color\">\u2013<\/mark><strong> <\/strong><a href=\"https:\/\/planetactus.com\/index.php\/2024\/08\/31\/revolution-technologique-google-ia-transhumanisme-et-pandemies-ce-que-vous-devez-savoir-maintenant\/\">Ce Que Vous Devez Savoir Maintenant<\/a> ! \ud83d\udd17<\/p>\n\n\n\n<p><strong>\ud83d\udca1<\/strong>&nbsp;<mark style=\"background-color:rgba(0, 0, 0, 0)\" class=\"has-inline-color has-vivid-red-color\">Si cet article vous a plu, n\u2019h\u00e9sitez pas \u00e0 le partager avec vos proches et sur tous vos r\u00e9seaux sociaux ! Suivez-nous pour plus d\u2019actualit\u00e9s passionnantes.<\/mark><\/p>\n\n\n\n<p><mark style=\"background-color:rgba(0, 0, 0, 0)\" class=\"has-inline-color has-vivid-red-color\">\ud83d\udef8&nbsp;<a href=\"https:\/\/t.me\/ufo_planetactus_sightings\">Ufo Planet Actus Sightings Investigations<\/a>&nbsp;\ud83d\udc7d<br>\ud83e\ude90&nbsp;<a href=\"https:\/\/t.me\/planetactus\">Planet Actus&nbsp;True News Letters<\/a>&nbsp;\ud83d\uddde<br>\ud83d\udcbb&nbsp;<a href=\"https:\/\/planetactus.com\/\">Planet Actus.com<\/a>&nbsp;\ud83e\ude90<\/mark><\/p>\n\n\n<div class=\"wp-block-post-author\"><div class=\"wp-block-post-author__avatar\"><img decoding=async data-opt-id=1391982141  fetchpriority=\"high\" alt='' src='\/\/www.gravatar.com\/avatar\/1f651b4ef1fc23d4d1601d6f2649258e?s=48&#038;r=g&#038;d=mm' srcset='\/\/www.gravatar.com\/avatar\/1f651b4ef1fc23d4d1601d6f2649258e?s=48&#038;r=g&#038;d=mm 2x' class='avatar avatar-48 photo' height='48' width='48' \/><\/div><div class=\"wp-block-post-author__content\"><p class=\"wp-block-post-author__byline\"><a href=\"http:\/\/planetactus.com\">planetactus.com<\/a><\/p><p class=\"wp-block-post-author__name\">planetactus.com<\/p><\/div><\/div><div class=\"gsp_post_data\" \r\n\t            data-post_type=\"post\" \r\n\t            data-cat=\"a-la-une,crimes-contre-lhumanite,enquetes-dinvestigations,frontieres-de-lincroyable,leveil,lanceurs-dalertes,manifeste-pour-lharmonie-globale,mystere-de-la-conscience,nonvaxer-420,resilience,sante-info-droits,techno-feodalisme\" \r\n\t            data-modified=\"120\"\r\n\t            data-created=\"1736974159\"\r\n\t            data-title=\"Arr\u00eatez le Trait\u00e9 Pand\u00e9mique : La Derni\u00e8re Bataille pour Nos Droits. Ensemble, Nous Pouvons Faire la Diff\u00e9rence ! Ne Laissez Pas l&rsquo;OMS Vous Dicter : Signez la P\u00e9tition Maintenant !\" \r\n\t            data-home=\"https:\/\/planetactus.com\"><\/div>","protected":false},"excerpt":{"rendered":"<p>\ud83d\udccdStop au Trait\u00e9 Pand\u00e9mique : Trump Pourrait Sauver la Souverainet\u00e9 Am\u00e9ricaine : D\u00e9fendez Vos Libert\u00e9s : Dites Oui \u00e0 l\u2019Ind\u00e9pendance, Non au Trait\u00e9 Pand\u00e9mique ! | Stop the Pandemic Treaty : Trump Can Save American Sovereignty : Defend Your Freedoms : Say Yes to Independence, No to the Pandemic Treaty ! \ud83e\udd7c Depuis plusieurs ann\u00e9es, [&hellip;]<\/p>\n","protected":false},"author":1,"featured_media":3668,"comment_status":"open","ping_status":"open","sticky":false,"template":"","format":"standard","meta":{"_bbp_topic_count":0,"_bbp_reply_count":0,"_bbp_total_topic_count":0,"_bbp_total_reply_count":0,"_bbp_voice_count":0,"_bbp_anonymous_reply_count":0,"_bbp_topic_count_hidden":0,"_bbp_reply_count_hidden":0,"_bbp_forum_subforum_count":0,"fifu_image_url":"","fifu_image_alt":"","_jetpack_memberships_contains_paid_content":false,"footnotes":"","jetpack_publicize_message":"","jetpack_publicize_feature_enabled":true,"jetpack_social_post_already_shared":false,"jetpack_social_options":{"image_generator_settings":{"template":"highway","default_image_id":0,"font":"","enabled":false},"version":2}},"categories":[19,148,50,117,41,108,120,107,27,40,127,121],"tags":[],"class_list":["post-3664","post","type-post","status-publish","format-standard","has-post-thumbnail","hentry","category-a-la-une","category-crimes-contre-lhumanite","category-enquetes-dinvestigations","category-frontieres-de-lincroyable","category-leveil","category-lanceurs-dalertes","category-manifeste-pour-lharmonie-globale","category-mystere-de-la-conscience","category-nonvaxer-420","category-resilience","category-sante-info-droits","category-techno-feodalisme"],"featured_image_src":"https:\/\/mlrdeoj2ejbf.i.optimole.com\/cb:mvHM.4ca\/w:auto\/h:auto\/q:mauto\/f:best\/https:\/\/i0.wp.com\/planetactus.com\/wp-content\/uploads\/2025\/01\/Arretez-le-Traite-Pandemique_La-Derniere-Bataille-pour-Nos-Droits.-Ensemble-Nous-Pouvons-Faire-la-Difference_Planet-Actus-IA.webp?fit=1024%2C1024&ssl=1","author_info":{"display_name":"planetactus.com","author_link":"https:\/\/planetactus.com\/index.php\/author\/admin9861\/"},"yoast_head":"<!-- This site is optimized with the Yoast SEO plugin v27.5 - https:\/\/yoast.com\/product\/yoast-seo-wordpress\/ -->\n<title>Arr\u00eatez le Trait\u00e9 Pand\u00e9mique : La Derni\u00e8re Bataille pour Nos Droits. Ensemble, Nous Pouvons Faire la Diff\u00e9rence ! Ne Laissez Pas l&#039;OMS Vous Dicter : Signez la P\u00e9tition Maintenant ! -<\/title>\n<meta name=\"description\" content=\"Stop au Trait\u00e9 Pand\u00e9mique : Trump Peut Sauver la Souverainet\u00e9 Am\u00e9ricaine : D\u00e9fendez Vos Libert\u00e9s : Dites Oui \u00e0 l\u2019Ind\u00e9pendance, Non au Trait\u00e9 Pand\u00e9mique ! | Stop the Pandemic Treaty : Trump Can Save American Sovereignty : Defend Your Freedoms : Say Yes to Independence, No to the Pandemic Treaty !\" class=\"yoast-seo-meta-tag\" \/>\n<meta name=\"robots\" content=\"index, follow, max-snippet:-1, max-image-preview:large, max-video-preview:-1\" \/>\n<link rel=\"canonical\" href=\"https:\/\/planetactus.com\/index.php\/2025\/01\/15\/arretez-le-traite-pandemique-la-derniere-bataille-pour-nos-droits-ensemble-nous-pouvons-faire-la-difference-ne-laissez-pas-loms-vous-dicter-signez-la-petition-maintenant\/\" class=\"yoast-seo-meta-tag\" \/>\n<meta property=\"og:locale\" content=\"fr_FR\" class=\"yoast-seo-meta-tag\" \/>\n<meta property=\"og:type\" content=\"article\" class=\"yoast-seo-meta-tag\" \/>\n<meta property=\"og:title\" content=\"Arr\u00eatez le Trait\u00e9 Pand\u00e9mique : La Derni\u00e8re Bataille pour Nos Droits. Ensemble, Nous Pouvons Faire la Diff\u00e9rence ! Ne Laissez Pas l&#039;OMS Vous Dicter : Signez la P\u00e9tition Maintenant !\" class=\"yoast-seo-meta-tag\" \/>\n<meta property=\"og:description\" content=\"Stop au Trait\u00e9 Pand\u00e9mique : Trump Peut Sauver la Souverainet\u00e9 Am\u00e9ricaine : D\u00e9fendez Vos Libert\u00e9s : Dites Oui \u00e0 l\u2019Ind\u00e9pendance, Non au Trait\u00e9 Pand\u00e9mique ! | Stop the Pandemic Treaty : Trump Can Save American Sovereignty : Defend Your Freedoms : Say Yes to Independence, No to the Pandemic Treaty !\" class=\"yoast-seo-meta-tag\" \/>\n<meta property=\"og:url\" content=\"https:\/\/planetactus.com\/index.php\/2025\/01\/15\/arretez-le-traite-pandemique-la-derniere-bataille-pour-nos-droits-ensemble-nous-pouvons-faire-la-difference-ne-laissez-pas-loms-vous-dicter-signez-la-petition-maintenant\/\" class=\"yoast-seo-meta-tag\" \/>\n<meta property=\"article:publisher\" content=\"https:\/\/www.facebook.com\/profile.php?id=61561620320740\" class=\"yoast-seo-meta-tag\" \/>\n<meta property=\"article:author\" content=\"https:\/\/www.facebook.com\/profile.php?id=61561620320740\" class=\"yoast-seo-meta-tag\" \/>\n<meta property=\"article:published_time\" content=\"2025-01-15T19:49:19+00:00\" class=\"yoast-seo-meta-tag\" \/>\n<meta property=\"article:modified_time\" content=\"2025-01-15T21:34:53+00:00\" class=\"yoast-seo-meta-tag\" \/>\n<meta property=\"og:image\" content=\"https:\/\/mlrdeoj2ejbf.i.optimole.com\/cb:mvHM.4ca\/w:auto\/h:auto\/q:mauto\/f:best\/http:\/\/planetactus.com\/wp-content\/uploads\/2025\/01\/Arretez-le-Traite-Pandemique_La-Derniere-Bataille-pour-Nos-Droits.-Ensemble-Nous-Pouvons-Faire-la-Difference_Planet-Actus-IA.webp\" class=\"yoast-seo-meta-tag\" \/>\n\t<meta property=\"og:image:width\" content=\"1024\" class=\"yoast-seo-meta-tag\" \/>\n\t<meta property=\"og:image:height\" content=\"1024\" class=\"yoast-seo-meta-tag\" \/>\n\t<meta property=\"og:image:type\" content=\"image\/webp\" class=\"yoast-seo-meta-tag\" \/>\n<meta name=\"author\" content=\"planetactus.com\" class=\"yoast-seo-meta-tag\" \/>\n<meta name=\"twitter:card\" content=\"summary_large_image\" class=\"yoast-seo-meta-tag\" \/>\n<meta name=\"twitter:title\" content=\"Arr\u00eatez le Trait\u00e9 Pand\u00e9mique : La Derni\u00e8re Bataille pour Nos Droits. Ensemble, Nous Pouvons Faire la Diff\u00e9rence ! Ne Laissez Pas l&#039;OMS Vous Dicter : Signez la P\u00e9tition Maintenant !\" class=\"yoast-seo-meta-tag\" \/>\n<meta name=\"twitter:description\" content=\"Stop au Trait\u00e9 Pand\u00e9mique : Trump Peut Sauver la Souverainet\u00e9 Am\u00e9ricaine : D\u00e9fendez Vos Libert\u00e9s : Dites Oui \u00e0 l\u2019Ind\u00e9pendance, Non au Trait\u00e9 Pand\u00e9mique ! | Stop the Pandemic Treaty : Trump Can Save American Sovereignty : Defend Your Freedoms : Say Yes to Independence, No to the Pandemic Treaty !\" class=\"yoast-seo-meta-tag\" \/>\n<meta name=\"twitter:image\" content=\"https:\/\/mlrdeoj2ejbf.i.optimole.com\/cb:mvHM.4ca\/w:auto\/h:auto\/q:mauto\/f:best\/https:\/\/i0.wp.com\/planetactus.com\/wp-content\/uploads\/2025\/01\/Arretez-le-Traite-Pandemique_La-Derniere-Bataille-pour-Nos-Droits.-Ensemble-Nous-Pouvons-Faire-la-Difference_Planet-Actus-IA.webp?fit=1024%2C1024&ssl=1\" class=\"yoast-seo-meta-tag\" \/>\n<meta name=\"twitter:creator\" content=\"@https:\/\/x.com\/PlanetActus\" class=\"yoast-seo-meta-tag\" \/>\n<meta name=\"twitter:site\" content=\"@PlanetActus\" class=\"yoast-seo-meta-tag\" \/>\n<meta name=\"twitter:label1\" content=\"\u00c9crit par\" class=\"yoast-seo-meta-tag\" \/>\n\t<meta name=\"twitter:data1\" content=\"planetactus.com\" class=\"yoast-seo-meta-tag\" \/>\n\t<meta name=\"twitter:label2\" content=\"Dur\u00e9e de lecture estim\u00e9e\" class=\"yoast-seo-meta-tag\" \/>\n\t<meta name=\"twitter:data2\" content=\"8 minutes\" class=\"yoast-seo-meta-tag\" \/>\n<script type=\"application\/ld+json\" class=\"yoast-schema-graph\">{\"@context\":\"https:\\\/\\\/schema.org\",\"@graph\":[{\"@type\":\"Article\",\"@id\":\"https:\\\/\\\/planetactus.com\\\/index.php\\\/2025\\\/01\\\/15\\\/arretez-le-traite-pandemique-la-derniere-bataille-pour-nos-droits-ensemble-nous-pouvons-faire-la-difference-ne-laissez-pas-loms-vous-dicter-signez-la-petition-maintenant\\\/#article\",\"isPartOf\":{\"@id\":\"https:\\\/\\\/planetactus.com\\\/index.php\\\/2025\\\/01\\\/15\\\/arretez-le-traite-pandemique-la-derniere-bataille-pour-nos-droits-ensemble-nous-pouvons-faire-la-difference-ne-laissez-pas-loms-vous-dicter-signez-la-petition-maintenant\\\/\"},\"author\":{\"name\":\"planetactus.com\",\"@id\":\"https:\\\/\\\/planetactus.com\\\/#\\\/schema\\\/person\\\/fbb75ac73a2424d2e176d31b021372a4\"},\"headline\":\"Arr\u00eatez le Trait\u00e9 Pand\u00e9mique : La Derni\u00e8re Bataille pour Nos Droits. Ensemble, Nous Pouvons Faire la Diff\u00e9rence ! Ne Laissez Pas l&rsquo;OMS Vous Dicter : Signez la P\u00e9tition Maintenant !\",\"datePublished\":\"2025-01-15T19:49:19+00:00\",\"dateModified\":\"2025-01-15T21:34:53+00:00\",\"mainEntityOfPage\":{\"@id\":\"https:\\\/\\\/planetactus.com\\\/index.php\\\/2025\\\/01\\\/15\\\/arretez-le-traite-pandemique-la-derniere-bataille-pour-nos-droits-ensemble-nous-pouvons-faire-la-difference-ne-laissez-pas-loms-vous-dicter-signez-la-petition-maintenant\\\/\"},\"wordCount\":1600,\"commentCount\":2,\"publisher\":{\"@id\":\"https:\\\/\\\/planetactus.com\\\/#\\\/schema\\\/person\\\/fbb75ac73a2424d2e176d31b021372a4\"},\"image\":{\"@id\":\"https:\\\/\\\/planetactus.com\\\/index.php\\\/2025\\\/01\\\/15\\\/arretez-le-traite-pandemique-la-derniere-bataille-pour-nos-droits-ensemble-nous-pouvons-faire-la-difference-ne-laissez-pas-loms-vous-dicter-signez-la-petition-maintenant\\\/#primaryimage\"},\"thumbnailUrl\":\"https:\\/\\/i0.wp.com\\/planetactus.com\\/wp-content\\/uploads\\/2025\\/01\\/Arretez-le-Traite-Pandemique_La-Derniere-Bataille-pour-Nos-Droits.-Ensemble-Nous-Pouvons-Faire-la-Difference_Planet-Actus-IA.webp?fit=1024%2C1024&ssl=1\",\"articleSection\":[\"A la Une\",\"Crimes Contre l'Humanit\u00e9\",\"Enqu\u00eates d'Investigations\",\"Fronti\u00e8res de l\u2019Incroyable\",\"L'Eveil\",\"Lanceurs d'Alertes\",\"Manifeste pour l\u2019Harmonie Globale\",\"Myst\u00e8re de la Conscience\",\"Nonvaxer 420\",\"R\u00e9silience\",\"Sant\u00e9 - Info - Droits\",\"Techno-F\u00e9odalisme\"],\"inLanguage\":\"fr-FR\",\"potentialAction\":[{\"@type\":\"CommentAction\",\"name\":\"Comment\",\"target\":[\"https:\\\/\\\/planetactus.com\\\/index.php\\\/2025\\\/01\\\/15\\\/arretez-le-traite-pandemique-la-derniere-bataille-pour-nos-droits-ensemble-nous-pouvons-faire-la-difference-ne-laissez-pas-loms-vous-dicter-signez-la-petition-maintenant\\\/#respond\"]}]},{\"@type\":\"WebPage\",\"@id\":\"https:\\\/\\\/planetactus.com\\\/index.php\\\/2025\\\/01\\\/15\\\/arretez-le-traite-pandemique-la-derniere-bataille-pour-nos-droits-ensemble-nous-pouvons-faire-la-difference-ne-laissez-pas-loms-vous-dicter-signez-la-petition-maintenant\\\/\",\"url\":\"https:\\\/\\\/planetactus.com\\\/index.php\\\/2025\\\/01\\\/15\\\/arretez-le-traite-pandemique-la-derniere-bataille-pour-nos-droits-ensemble-nous-pouvons-faire-la-difference-ne-laissez-pas-loms-vous-dicter-signez-la-petition-maintenant\\\/\",\"name\":\"Arr\u00eatez le Trait\u00e9 Pand\u00e9mique : La Derni\u00e8re Bataille pour Nos Droits. Ensemble, Nous Pouvons Faire la Diff\u00e9rence ! Ne Laissez Pas l'OMS Vous Dicter : Signez la P\u00e9tition Maintenant ! -\",\"isPartOf\":{\"@id\":\"https:\\\/\\\/planetactus.com\\\/#website\"},\"primaryImageOfPage\":{\"@id\":\"https:\\\/\\\/planetactus.com\\\/index.php\\\/2025\\\/01\\\/15\\\/arretez-le-traite-pandemique-la-derniere-bataille-pour-nos-droits-ensemble-nous-pouvons-faire-la-difference-ne-laissez-pas-loms-vous-dicter-signez-la-petition-maintenant\\\/#primaryimage\"},\"image\":{\"@id\":\"https:\\\/\\\/planetactus.com\\\/index.php\\\/2025\\\/01\\\/15\\\/arretez-le-traite-pandemique-la-derniere-bataille-pour-nos-droits-ensemble-nous-pouvons-faire-la-difference-ne-laissez-pas-loms-vous-dicter-signez-la-petition-maintenant\\\/#primaryimage\"},\"thumbnailUrl\":\"https:\\/\\/i0.wp.com\\/planetactus.com\\/wp-content\\/uploads\\/2025\\/01\\/Arretez-le-Traite-Pandemique_La-Derniere-Bataille-pour-Nos-Droits.-Ensemble-Nous-Pouvons-Faire-la-Difference_Planet-Actus-IA.webp?fit=1024%2C1024&ssl=1\",\"datePublished\":\"2025-01-15T19:49:19+00:00\",\"dateModified\":\"2025-01-15T21:34:53+00:00\",\"description\":\"Stop au Trait\u00e9 Pand\u00e9mique : Trump Peut Sauver la Souverainet\u00e9 Am\u00e9ricaine : D\u00e9fendez Vos Libert\u00e9s : Dites Oui \u00e0 l\u2019Ind\u00e9pendance, Non au Trait\u00e9 Pand\u00e9mique ! | Stop the Pandemic Treaty : Trump Can Save American Sovereignty : Defend Your Freedoms : Say Yes to Independence, No to the Pandemic Treaty !\",\"breadcrumb\":{\"@id\":\"https:\\\/\\\/planetactus.com\\\/index.php\\\/2025\\\/01\\\/15\\\/arretez-le-traite-pandemique-la-derniere-bataille-pour-nos-droits-ensemble-nous-pouvons-faire-la-difference-ne-laissez-pas-loms-vous-dicter-signez-la-petition-maintenant\\\/#breadcrumb\"},\"inLanguage\":\"fr-FR\",\"potentialAction\":[{\"@type\":\"ReadAction\",\"target\":[\"https:\\\/\\\/planetactus.com\\\/index.php\\\/2025\\\/01\\\/15\\\/arretez-le-traite-pandemique-la-derniere-bataille-pour-nos-droits-ensemble-nous-pouvons-faire-la-difference-ne-laissez-pas-loms-vous-dicter-signez-la-petition-maintenant\\\/\"]}]},{\"@type\":\"ImageObject\",\"inLanguage\":\"fr-FR\",\"@id\":\"https:\\\/\\\/planetactus.com\\\/index.php\\\/2025\\\/01\\\/15\\\/arretez-le-traite-pandemique-la-derniere-bataille-pour-nos-droits-ensemble-nous-pouvons-faire-la-difference-ne-laissez-pas-loms-vous-dicter-signez-la-petition-maintenant\\\/#primaryimage\",\"url\":\"https:\\/\\/i0.wp.com\\/planetactus.com\\/wp-content\\/uploads\\/2025\\/01\\/Arretez-le-Traite-Pandemique_La-Derniere-Bataille-pour-Nos-Droits.-Ensemble-Nous-Pouvons-Faire-la-Difference_Planet-Actus-IA.webp?fit=1024%2C1024&ssl=1\",\"contentUrl\":\"https:\\/\\/i0.wp.com\\/planetactus.com\\/wp-content\\/uploads\\/2025\\/01\\/Arretez-le-Traite-Pandemique_La-Derniere-Bataille-pour-Nos-Droits.-Ensemble-Nous-Pouvons-Faire-la-Difference_Planet-Actus-IA.webp?fit=1024%2C1024&ssl=1\",\"width\":1024,\"height\":1024},{\"@type\":\"BreadcrumbList\",\"@id\":\"https:\\\/\\\/planetactus.com\\\/index.php\\\/2025\\\/01\\\/15\\\/arretez-le-traite-pandemique-la-derniere-bataille-pour-nos-droits-ensemble-nous-pouvons-faire-la-difference-ne-laissez-pas-loms-vous-dicter-signez-la-petition-maintenant\\\/#breadcrumb\",\"itemListElement\":[{\"@type\":\"ListItem\",\"position\":1,\"name\":\"Accueil\",\"item\":\"https:\\\/\\\/planetactus.com\\\/\"},{\"@type\":\"ListItem\",\"position\":2,\"name\":\"Arr\u00eatez le Trait\u00e9 Pand\u00e9mique : La Derni\u00e8re Bataille pour Nos Droits. Ensemble, Nous Pouvons Faire la Diff\u00e9rence ! Ne Laissez Pas l&rsquo;OMS Vous Dicter : Signez la P\u00e9tition Maintenant !\"}]},{\"@type\":\"WebSite\",\"@id\":\"https:\\\/\\\/planetactus.com\\\/#website\",\"url\":\"https:\\\/\\\/planetactus.com\\\/\",\"name\":\"PLANET ACTUS\",\"description\":\"PLANET ACTUS\",\"publisher\":{\"@id\":\"https:\\\/\\\/planetactus.com\\\/#\\\/schema\\\/person\\\/fbb75ac73a2424d2e176d31b021372a4\"},\"potentialAction\":[{\"@type\":\"SearchAction\",\"target\":{\"@type\":\"EntryPoint\",\"urlTemplate\":\"https:\\\/\\\/planetactus.com\\\/?s={search_term_string}\"},\"query-input\":{\"@type\":\"PropertyValueSpecification\",\"valueRequired\":true,\"valueName\":\"search_term_string\"}}],\"inLanguage\":\"fr-FR\"},{\"@type\":[\"Person\",\"Organization\"],\"@id\":\"https:\\\/\\\/planetactus.com\\\/#\\\/schema\\\/person\\\/fbb75ac73a2424d2e176d31b021372a4\",\"name\":\"planetactus.com\",\"image\":{\"@type\":\"ImageObject\",\"inLanguage\":\"fr-FR\",\"@id\":\"https:\\/\\/i0.wp.com\\/planetactus.com\\/wp-content\\/uploads\\/2024\\/07\\/cropped-2-Planet-Actus-Banniere-02a.jpg?fit=1189%2C365&ssl=1\",\"url\":\"https:\\/\\/i0.wp.com\\/planetactus.com\\/wp-content\\/uploads\\/2024\\/07\\/cropped-2-Planet-Actus-Banniere-02a.jpg?fit=1189%2C365&ssl=1\",\"contentUrl\":\"https:\\/\\/i0.wp.com\\/planetactus.com\\/wp-content\\/uploads\\/2024\\/07\\/cropped-2-Planet-Actus-Banniere-02a.jpg?fit=1189%2C365&ssl=1\",\"width\":1189,\"height\":365,\"caption\":\"planetactus.com\"},\"logo\":{\"@id\":\"https:\\/\\/i0.wp.com\\/planetactus.com\\/wp-content\\/uploads\\/2024\\/07\\/cropped-2-Planet-Actus-Banniere-02a.jpg?fit=1189%2C365&ssl=1\"},\"sameAs\":[\"http:\\\/\\\/planetactus.com\",\"https:\\\/\\\/www.facebook.com\\\/profile.php?id=61561620320740\",\"https:\\\/\\\/x.com\\\/https:\\\/\\\/x.com\\\/PlanetActus\",\"https:\\\/\\\/www.youtube.com\\\/@PlanetActus\"],\"url\":\"https:\\\/\\\/planetactus.com\\\/index.php\\\/author\\\/admin9861\\\/\"}]}<\/script>\n<!-- \/ Yoast SEO plugin. -->","yoast_head_json":{"title":"Arr\u00eatez le Trait\u00e9 Pand\u00e9mique : La Derni\u00e8re Bataille pour Nos Droits. Ensemble, Nous Pouvons Faire la Diff\u00e9rence ! Ne Laissez Pas l'OMS Vous Dicter : Signez la P\u00e9tition Maintenant ! -","description":"Stop au Trait\u00e9 Pand\u00e9mique : Trump Peut Sauver la Souverainet\u00e9 Am\u00e9ricaine : D\u00e9fendez Vos Libert\u00e9s : Dites Oui \u00e0 l\u2019Ind\u00e9pendance, Non au Trait\u00e9 Pand\u00e9mique ! | Stop the Pandemic Treaty : Trump Can Save American Sovereignty : Defend Your Freedoms : Say Yes to Independence, No to the Pandemic Treaty !","robots":{"index":"index","follow":"follow","max-snippet":"max-snippet:-1","max-image-preview":"max-image-preview:large","max-video-preview":"max-video-preview:-1"},"canonical":"https:\/\/planetactus.com\/index.php\/2025\/01\/15\/arretez-le-traite-pandemique-la-derniere-bataille-pour-nos-droits-ensemble-nous-pouvons-faire-la-difference-ne-laissez-pas-loms-vous-dicter-signez-la-petition-maintenant\/","og_locale":"fr_FR","og_type":"article","og_title":"Arr\u00eatez le Trait\u00e9 Pand\u00e9mique : La Derni\u00e8re Bataille pour Nos Droits. Ensemble, Nous Pouvons Faire la Diff\u00e9rence ! Ne Laissez Pas l'OMS Vous Dicter : Signez la P\u00e9tition Maintenant !","og_description":"Stop au Trait\u00e9 Pand\u00e9mique : Trump Peut Sauver la Souverainet\u00e9 Am\u00e9ricaine : D\u00e9fendez Vos Libert\u00e9s : Dites Oui \u00e0 l\u2019Ind\u00e9pendance, Non au Trait\u00e9 Pand\u00e9mique ! | Stop the Pandemic Treaty : Trump Can Save American Sovereignty : Defend Your Freedoms : Say Yes to Independence, No to the Pandemic Treaty !","og_url":"https:\/\/planetactus.com\/index.php\/2025\/01\/15\/arretez-le-traite-pandemique-la-derniere-bataille-pour-nos-droits-ensemble-nous-pouvons-faire-la-difference-ne-laissez-pas-loms-vous-dicter-signez-la-petition-maintenant\/","article_publisher":"https:\/\/www.facebook.com\/profile.php?id=61561620320740","article_author":"https:\/\/www.facebook.com\/profile.php?id=61561620320740","article_published_time":"2025-01-15T19:49:19+00:00","article_modified_time":"2025-01-15T21:34:53+00:00","og_image":[{"width":1024,"height":1024,"url":"https:\/\/mlrdeoj2ejbf.i.optimole.com\/cb:mvHM.4ca\/w:auto\/h:auto\/q:mauto\/f:best\/http:\/\/planetactus.com\/wp-content\/uploads\/2025\/01\/Arretez-le-Traite-Pandemique_La-Derniere-Bataille-pour-Nos-Droits.-Ensemble-Nous-Pouvons-Faire-la-Difference_Planet-Actus-IA.webp","type":"image\/webp"}],"author":"planetactus.com","twitter_card":"summary_large_image","twitter_title":"Arr\u00eatez le Trait\u00e9 Pand\u00e9mique : La Derni\u00e8re Bataille pour Nos Droits. Ensemble, Nous Pouvons Faire la Diff\u00e9rence ! Ne Laissez Pas l'OMS Vous Dicter : Signez la P\u00e9tition Maintenant !","twitter_description":"Stop au Trait\u00e9 Pand\u00e9mique : Trump Peut Sauver la Souverainet\u00e9 Am\u00e9ricaine : D\u00e9fendez Vos Libert\u00e9s : Dites Oui \u00e0 l\u2019Ind\u00e9pendance, Non au Trait\u00e9 Pand\u00e9mique ! | Stop the Pandemic Treaty : Trump Can Save American Sovereignty : Defend Your Freedoms : Say Yes to Independence, No to the Pandemic Treaty !","twitter_image":"https:\/\/mlrdeoj2ejbf.i.optimole.com\/cb:mvHM.4ca\/w:auto\/h:auto\/q:mauto\/f:best\/https:\/\/i0.wp.com\/planetactus.com\/wp-content\/uploads\/2025\/01\/Arretez-le-Traite-Pandemique_La-Derniere-Bataille-pour-Nos-Droits.-Ensemble-Nous-Pouvons-Faire-la-Difference_Planet-Actus-IA.webp?fit=1024%2C1024&ssl=1","twitter_creator":"@https:\/\/x.com\/PlanetActus","twitter_site":"@PlanetActus","twitter_misc":{"\u00c9crit par":"planetactus.com","Dur\u00e9e de lecture estim\u00e9e":"8 minutes"},"schema":{"@context":"https:\/\/schema.org","@graph":[{"@type":"Article","@id":"https:\/\/planetactus.com\/index.php\/2025\/01\/15\/arretez-le-traite-pandemique-la-derniere-bataille-pour-nos-droits-ensemble-nous-pouvons-faire-la-difference-ne-laissez-pas-loms-vous-dicter-signez-la-petition-maintenant\/#article","isPartOf":{"@id":"https:\/\/planetactus.com\/index.php\/2025\/01\/15\/arretez-le-traite-pandemique-la-derniere-bataille-pour-nos-droits-ensemble-nous-pouvons-faire-la-difference-ne-laissez-pas-loms-vous-dicter-signez-la-petition-maintenant\/"},"author":{"name":"planetactus.com","@id":"https:\/\/planetactus.com\/#\/schema\/person\/fbb75ac73a2424d2e176d31b021372a4"},"headline":"Arr\u00eatez le Trait\u00e9 Pand\u00e9mique : La Derni\u00e8re Bataille pour Nos Droits. Ensemble, Nous Pouvons Faire la Diff\u00e9rence ! Ne Laissez Pas l&rsquo;OMS Vous Dicter : Signez la P\u00e9tition Maintenant !","datePublished":"2025-01-15T19:49:19+00:00","dateModified":"2025-01-15T21:34:53+00:00","mainEntityOfPage":{"@id":"https:\/\/planetactus.com\/index.php\/2025\/01\/15\/arretez-le-traite-pandemique-la-derniere-bataille-pour-nos-droits-ensemble-nous-pouvons-faire-la-difference-ne-laissez-pas-loms-vous-dicter-signez-la-petition-maintenant\/"},"wordCount":1600,"commentCount":2,"publisher":{"@id":"https:\/\/planetactus.com\/#\/schema\/person\/fbb75ac73a2424d2e176d31b021372a4"},"image":{"@id":"https:\/\/planetactus.com\/index.php\/2025\/01\/15\/arretez-le-traite-pandemique-la-derniere-bataille-pour-nos-droits-ensemble-nous-pouvons-faire-la-difference-ne-laissez-pas-loms-vous-dicter-signez-la-petition-maintenant\/#primaryimage"},"thumbnailUrl":"https:\/\/mlrdeoj2ejbf.i.optimole.com\/cb:mvHM.4ca\/w:auto\/h:auto\/q:mauto\/f:best\/https:\/\/i0.wp.com\/planetactus.com\/wp-content\/uploads\/2025\/01\/Arretez-le-Traite-Pandemique_La-Derniere-Bataille-pour-Nos-Droits.-Ensemble-Nous-Pouvons-Faire-la-Difference_Planet-Actus-IA.webp?fit=1024%2C1024&ssl=1","articleSection":["A la Une","Crimes Contre l'Humanit\u00e9","Enqu\u00eates d'Investigations","Fronti\u00e8res de l\u2019Incroyable","L'Eveil","Lanceurs d'Alertes","Manifeste pour l\u2019Harmonie Globale","Myst\u00e8re de la Conscience","Nonvaxer 420","R\u00e9silience","Sant\u00e9 - Info - Droits","Techno-F\u00e9odalisme"],"inLanguage":"fr-FR","potentialAction":[{"@type":"CommentAction","name":"Comment","target":["https:\/\/planetactus.com\/index.php\/2025\/01\/15\/arretez-le-traite-pandemique-la-derniere-bataille-pour-nos-droits-ensemble-nous-pouvons-faire-la-difference-ne-laissez-pas-loms-vous-dicter-signez-la-petition-maintenant\/#respond"]}]},{"@type":"WebPage","@id":"https:\/\/planetactus.com\/index.php\/2025\/01\/15\/arretez-le-traite-pandemique-la-derniere-bataille-pour-nos-droits-ensemble-nous-pouvons-faire-la-difference-ne-laissez-pas-loms-vous-dicter-signez-la-petition-maintenant\/","url":"https:\/\/planetactus.com\/index.php\/2025\/01\/15\/arretez-le-traite-pandemique-la-derniere-bataille-pour-nos-droits-ensemble-nous-pouvons-faire-la-difference-ne-laissez-pas-loms-vous-dicter-signez-la-petition-maintenant\/","name":"Arr\u00eatez le Trait\u00e9 Pand\u00e9mique : La Derni\u00e8re Bataille pour Nos Droits. Ensemble, Nous Pouvons Faire la Diff\u00e9rence ! Ne Laissez Pas l'OMS Vous Dicter : Signez la P\u00e9tition Maintenant ! -","isPartOf":{"@id":"https:\/\/planetactus.com\/#website"},"primaryImageOfPage":{"@id":"https:\/\/planetactus.com\/index.php\/2025\/01\/15\/arretez-le-traite-pandemique-la-derniere-bataille-pour-nos-droits-ensemble-nous-pouvons-faire-la-difference-ne-laissez-pas-loms-vous-dicter-signez-la-petition-maintenant\/#primaryimage"},"image":{"@id":"https:\/\/planetactus.com\/index.php\/2025\/01\/15\/arretez-le-traite-pandemique-la-derniere-bataille-pour-nos-droits-ensemble-nous-pouvons-faire-la-difference-ne-laissez-pas-loms-vous-dicter-signez-la-petition-maintenant\/#primaryimage"},"thumbnailUrl":"https:\/\/mlrdeoj2ejbf.i.optimole.com\/cb:mvHM.4ca\/w:auto\/h:auto\/q:mauto\/f:best\/https:\/\/i0.wp.com\/planetactus.com\/wp-content\/uploads\/2025\/01\/Arretez-le-Traite-Pandemique_La-Derniere-Bataille-pour-Nos-Droits.-Ensemble-Nous-Pouvons-Faire-la-Difference_Planet-Actus-IA.webp?fit=1024%2C1024&ssl=1","datePublished":"2025-01-15T19:49:19+00:00","dateModified":"2025-01-15T21:34:53+00:00","description":"Stop au Trait\u00e9 Pand\u00e9mique : Trump Peut Sauver la Souverainet\u00e9 Am\u00e9ricaine : D\u00e9fendez Vos Libert\u00e9s : Dites Oui \u00e0 l\u2019Ind\u00e9pendance, Non au Trait\u00e9 Pand\u00e9mique ! | Stop the Pandemic Treaty : Trump Can Save American Sovereignty : Defend Your Freedoms : Say Yes to Independence, No to the Pandemic Treaty !","breadcrumb":{"@id":"https:\/\/planetactus.com\/index.php\/2025\/01\/15\/arretez-le-traite-pandemique-la-derniere-bataille-pour-nos-droits-ensemble-nous-pouvons-faire-la-difference-ne-laissez-pas-loms-vous-dicter-signez-la-petition-maintenant\/#breadcrumb"},"inLanguage":"fr-FR","potentialAction":[{"@type":"ReadAction","target":["https:\/\/planetactus.com\/index.php\/2025\/01\/15\/arretez-le-traite-pandemique-la-derniere-bataille-pour-nos-droits-ensemble-nous-pouvons-faire-la-difference-ne-laissez-pas-loms-vous-dicter-signez-la-petition-maintenant\/"]}]},{"@type":"ImageObject","inLanguage":"fr-FR","@id":"https:\/\/planetactus.com\/index.php\/2025\/01\/15\/arretez-le-traite-pandemique-la-derniere-bataille-pour-nos-droits-ensemble-nous-pouvons-faire-la-difference-ne-laissez-pas-loms-vous-dicter-signez-la-petition-maintenant\/#primaryimage","url":"https:\/\/mlrdeoj2ejbf.i.optimole.com\/cb:mvHM.4ca\/w:auto\/h:auto\/q:mauto\/f:best\/https:\/\/i0.wp.com\/planetactus.com\/wp-content\/uploads\/2025\/01\/Arretez-le-Traite-Pandemique_La-Derniere-Bataille-pour-Nos-Droits.-Ensemble-Nous-Pouvons-Faire-la-Difference_Planet-Actus-IA.webp?fit=1024%2C1024&ssl=1","contentUrl":"https:\/\/mlrdeoj2ejbf.i.optimole.com\/cb:mvHM.4ca\/w:auto\/h:auto\/q:mauto\/f:best\/https:\/\/i0.wp.com\/planetactus.com\/wp-content\/uploads\/2025\/01\/Arretez-le-Traite-Pandemique_La-Derniere-Bataille-pour-Nos-Droits.-Ensemble-Nous-Pouvons-Faire-la-Difference_Planet-Actus-IA.webp?fit=1024%2C1024&ssl=1","width":1024,"height":1024},{"@type":"BreadcrumbList","@id":"https:\/\/planetactus.com\/index.php\/2025\/01\/15\/arretez-le-traite-pandemique-la-derniere-bataille-pour-nos-droits-ensemble-nous-pouvons-faire-la-difference-ne-laissez-pas-loms-vous-dicter-signez-la-petition-maintenant\/#breadcrumb","itemListElement":[{"@type":"ListItem","position":1,"name":"Accueil","item":"https:\/\/planetactus.com\/"},{"@type":"ListItem","position":2,"name":"Arr\u00eatez le Trait\u00e9 Pand\u00e9mique : La Derni\u00e8re Bataille pour Nos Droits. Ensemble, Nous Pouvons Faire la Diff\u00e9rence ! Ne Laissez Pas l&rsquo;OMS Vous Dicter : Signez la P\u00e9tition Maintenant !"}]},{"@type":"WebSite","@id":"https:\/\/planetactus.com\/#website","url":"https:\/\/planetactus.com\/","name":"PLANET ACTUS","description":"PLANET ACTUS","publisher":{"@id":"https:\/\/planetactus.com\/#\/schema\/person\/fbb75ac73a2424d2e176d31b021372a4"},"potentialAction":[{"@type":"SearchAction","target":{"@type":"EntryPoint","urlTemplate":"https:\/\/planetactus.com\/?s={search_term_string}"},"query-input":{"@type":"PropertyValueSpecification","valueRequired":true,"valueName":"search_term_string"}}],"inLanguage":"fr-FR"},{"@type":["Person","Organization"],"@id":"https:\/\/planetactus.com\/#\/schema\/person\/fbb75ac73a2424d2e176d31b021372a4","name":"planetactus.com","image":{"@type":"ImageObject","inLanguage":"fr-FR","@id":"https:\/\/mlrdeoj2ejbf.i.optimole.com\/cb:mvHM.4ca\/w:auto\/h:auto\/q:mauto\/f:best\/https:\/\/i0.wp.com\/planetactus.com\/wp-content\/uploads\/2024\/07\/cropped-2-Planet-Actus-Banniere-02a.jpg?fit=1189%2C365&ssl=1","url":"https:\/\/mlrdeoj2ejbf.i.optimole.com\/cb:mvHM.4ca\/w:auto\/h:auto\/q:mauto\/f:best\/https:\/\/i0.wp.com\/planetactus.com\/wp-content\/uploads\/2024\/07\/cropped-2-Planet-Actus-Banniere-02a.jpg?fit=1189%2C365&ssl=1","contentUrl":"https:\/\/mlrdeoj2ejbf.i.optimole.com\/cb:mvHM.4ca\/w:auto\/h:auto\/q:mauto\/f:best\/https:\/\/i0.wp.com\/planetactus.com\/wp-content\/uploads\/2024\/07\/cropped-2-Planet-Actus-Banniere-02a.jpg?fit=1189%2C365&ssl=1","width":1189,"height":365,"caption":"planetactus.com"},"logo":{"@id":"https:\/\/mlrdeoj2ejbf.i.optimole.com\/cb:mvHM.4ca\/w:auto\/h:auto\/q:mauto\/f:best\/https:\/\/i0.wp.com\/planetactus.com\/wp-content\/uploads\/2024\/07\/cropped-2-Planet-Actus-Banniere-02a.jpg?fit=1189%2C365&ssl=1"},"sameAs":["http:\/\/planetactus.com","https:\/\/www.facebook.com\/profile.php?id=61561620320740","https:\/\/x.com\/https:\/\/x.com\/PlanetActus","https:\/\/www.youtube.com\/@PlanetActus"],"url":"https:\/\/planetactus.com\/index.php\/author\/admin9861\/"}]}},"jetpack_publicize_connections":[],"jetpack_featured_media_url":"https:\/\/mlrdeoj2ejbf.i.optimole.com\/cb:mvHM.4ca\/w:auto\/h:auto\/q:mauto\/f:best\/https:\/\/i0.wp.com\/planetactus.com\/wp-content\/uploads\/2025\/01\/Arretez-le-Traite-Pandemique_La-Derniere-Bataille-pour-Nos-Droits.-Ensemble-Nous-Pouvons-Faire-la-Difference_Planet-Actus-IA.webp?fit=1024%2C1024&ssl=1","jetpack_sharing_enabled":true,"_links":{"self":[{"href":"https:\/\/planetactus.com\/index.php\/wp-json\/wp\/v2\/posts\/3664","targetHints":{"allow":["GET"]}}],"collection":[{"href":"https:\/\/planetactus.com\/index.php\/wp-json\/wp\/v2\/posts"}],"about":[{"href":"https:\/\/planetactus.com\/index.php\/wp-json\/wp\/v2\/types\/post"}],"author":[{"embeddable":true,"href":"https:\/\/planetactus.com\/index.php\/wp-json\/wp\/v2\/users\/1"}],"replies":[{"embeddable":true,"href":"https:\/\/planetactus.com\/index.php\/wp-json\/wp\/v2\/comments?post=3664"}],"version-history":[{"count":10,"href":"https:\/\/planetactus.com\/index.php\/wp-json\/wp\/v2\/posts\/3664\/revisions"}],"predecessor-version":[{"id":3677,"href":"https:\/\/planetactus.com\/index.php\/wp-json\/wp\/v2\/posts\/3664\/revisions\/3677"}],"wp:featuredmedia":[{"embeddable":true,"href":"https:\/\/planetactus.com\/index.php\/wp-json\/wp\/v2\/media\/3668"}],"wp:attachment":[{"href":"https:\/\/planetactus.com\/index.php\/wp-json\/wp\/v2\/media?parent=3664"}],"wp:term":[{"taxonomy":"category","embeddable":true,"href":"https:\/\/planetactus.com\/index.php\/wp-json\/wp\/v2\/categories?post=3664"},{"taxonomy":"post_tag","embeddable":true,"href":"https:\/\/planetactus.com\/index.php\/wp-json\/wp\/v2\/tags?post=3664"}],"curies":[{"name":"wp","href":"https:\/\/api.w.org\/{rel}","templated":true}]}}