{"id":3729,"date":"2025-01-28T21:41:59","date_gmt":"2025-01-28T20:41:59","guid":{"rendered":"https:\/\/planetactus.com\/?p=3729"},"modified":"2025-01-28T21:42:10","modified_gmt":"2025-01-28T20:42:10","slug":"soins-de-demain-lia-en-support-pas-en-remplacement-enjeux-et-responsabilites-une-revolution-a-encadrer-pour-mieux-servir","status":"publish","type":"post","link":"https:\/\/planetactus.com\/index.php\/2025\/01\/28\/soins-de-demain-lia-en-support-pas-en-remplacement-enjeux-et-responsabilites-une-revolution-a-encadrer-pour-mieux-servir\/","title":{"rendered":"Soins de Demain : L\u2019IA en Support, Pas en Remplacement | Enjeux et Responsabilit\u00e9s : Une R\u00e9volution \u00e0 Encadrer pour Mieux Servir ?"},"content":{"rendered":"\n<p><strong><mark style=\"background-color:rgba(0, 0, 0, 0)\" class=\"has-inline-color has-vivid-red-color\">Des usages responsables pour l\u2019intelligence artificielle ?<\/mark><\/strong><\/p>\n\n\n\n<p>\ud83d\udc69\u200d\u2695\ufe0f\ud83d\udc68\u200d\u2695\ufe0f <a href=\"https:\/\/www.france-assos-sante.org\/presentation\/qui-sommes-nous\/\"><mark style=\"background-color:rgba(0, 0, 0, 0)\" class=\"has-inline-color has-vivid-red-color\">France Assos Sant\u00e9<\/mark><\/a> \ud83d\udd17 <strong>a publi\u00e9 le premier volet de son manifeste intitul\u00e9 \u00ab\u00a0<\/strong><mark style=\"background-color:rgba(0, 0, 0, 0)\" class=\"has-inline-color has-vivid-red-color\">Des usages responsables pour l\u2019intelligence artificielle ?<\/mark><strong>\u00ab\u00a0, <\/strong><span style=\"text-decoration: underline;\">une r\u00e9flexion essentielle<\/span><strong> sur l\u2019int\u00e9gration de l\u2019intelligence artificielle (IA) dans le syst\u00e8me de sant\u00e9. Alors que les outils bas\u00e9s sur l\u2019IA promettent des avanc\u00e9es notables en termes de pr\u00e9cision, d\u2019efficacit\u00e9, et de s\u00e9curit\u00e9 dans les soins m\u00e9dicaux, ils soul\u00e8vent \u00e9galement des questions fondamentales sur la responsabilit\u00e9, la transparence et l\u2019\u00e9thique.<\/strong><\/p>\n\n\n\n<figure class=\"wp-block-embed aligncenter is-type-video is-provider-youtube wp-block-embed-youtube wp-embed-aspect-16-9 wp-has-aspect-ratio\"><div class=\"wp-block-embed__wrapper\">\n<iframe  id=\"_ytid_97711\"  width=\"640\" height=\"360\"  data-origwidth=\"640\" data-origheight=\"360\" src=\"https:\/\/www.youtube.com\/embed\/TPBFtcLaD7I?enablejsapi=1&#038;autoplay=0&#038;cc_load_policy=0&#038;cc_lang_pref=&#038;iv_load_policy=1&#038;loop=0&#038;rel=1&#038;fs=1&#038;playsinline=0&#038;autohide=2&#038;theme=dark&#038;color=red&#038;controls=1&#038;disablekb=0&#038;\" class=\"__youtube_prefs__  epyt-is-override  no-lazyload\" title=\"YouTube player\"  allow=\"fullscreen; accelerometer; autoplay; clipboard-write; encrypted-media; gyroscope; picture-in-picture; web-share\" referrerpolicy=\"strict-origin-when-cross-origin\" allowfullscreen data-no-lazy=\"1\" data-skipgform_ajax_framebjll=\"\"><\/iframe>\n<\/div><figcaption class=\"wp-element-caption\"><strong>Vid\u00e9o 1 <\/strong>&#8211; Colloque \u00ab\u00a0<a href=\"https:\/\/youtu.be\/TPBFtcLaD7I\">Les donn\u00e9es et l&rsquo;intelligence artificielle en sant\u00e9<\/a>\u00a0\u00bb \ud83d\udd17 \/ IODE (Institut de l&rsquo;Ouest : Droit et Europe)<\/figcaption><\/figure>\n\n\n\n<figure class=\"wp-block-embed aligncenter is-type-video is-provider-youtube wp-block-embed-youtube wp-embed-aspect-16-9 wp-has-aspect-ratio\"><div class=\"wp-block-embed__wrapper\">\n<iframe  id=\"_ytid_15834\"  width=\"640\" height=\"360\"  data-origwidth=\"640\" data-origheight=\"360\" src=\"https:\/\/www.youtube.com\/embed\/lY5KPipJaFA?enablejsapi=1&#038;autoplay=0&#038;cc_load_policy=0&#038;cc_lang_pref=&#038;iv_load_policy=1&#038;loop=0&#038;rel=1&#038;fs=1&#038;playsinline=0&#038;autohide=2&#038;theme=dark&#038;color=red&#038;controls=1&#038;disablekb=0&#038;\" class=\"__youtube_prefs__  epyt-is-override  no-lazyload\" title=\"YouTube player\"  allow=\"fullscreen; accelerometer; autoplay; clipboard-write; encrypted-media; gyroscope; picture-in-picture; web-share\" referrerpolicy=\"strict-origin-when-cross-origin\" allowfullscreen data-no-lazy=\"1\" data-skipgform_ajax_framebjll=\"\"><\/iframe>\n<\/div><figcaption class=\"wp-element-caption\"><strong>Vid\u00e9o 2 <\/strong>&#8211; Colloque \u00ab\u00a0<a href=\"https:\/\/www.youtube.com\/watch?v=lY5KPipJaFA\">Les donn\u00e9es et l&rsquo;intelligence artificielle en sant\u00e9<\/a>\u00a0\u00bb \ud83d\udd17 \/ IODE (Institut de l&rsquo;Ouest : Droit et Europe)<\/figcaption><\/figure>\n\n\n\n<p><mark style=\"background-color:rgba(0, 0, 0, 0)\" class=\"has-inline-color has-vivid-red-color\">Le mot du Pr\u00e9sident de France Assos Sant\u00e9<\/mark> :  <\/p>\n\n\n\n<p><em>\u201cIl nous faut concr\u00e9tiser les espoirs scientifiques, m\u00e9dicaux et structurels qu\u2019offre l\u2019intelligence artificielle <mark style=\"background-color:rgba(0, 0, 0, 0)\" class=\"has-inline-color has-vivid-red-color\">en tenant compte des craintes qu\u2019elle suscite<\/mark>. Pour les patients il s\u2019agit d\u2019un outil d\u00e9terminant pour des diagnostics plus pr\u00e9cis et pr\u00e9coces, pour am\u00e9liorer la qualit\u00e9 des soins, et surtout pour <strong>transformer profond\u00e9ment l\u2019organisation et le fonctionnement de notre Syst\u00e8me de sant\u00e9<\/strong>. <mark style=\"background-color:rgba(0, 0, 0, 0)\" class=\"has-inline-color has-vivid-red-color\">C\u2019est une v\u00e9ritable r\u00e9volution culturelle<\/mark>, des acteurs de notre syst\u00e8me de sant\u00e9, qu\u2019implique l\u2019utilisation de l\u2019IA. Par leur participation les associations d\u2019usagers doivent apporter leur v<strong>oix humaniste garantissant la protection humaine pour que cette transformation ne soit pas dict\u00e9e par un progressisme technologique aveugle qui aggraveraient les fractures sociales et sanitaires<\/strong>.\u201d<\/em> G\u00e9rard Raymond, Pr\u00e9sident de France Assos Sant\u00e9.<\/p>\n\n\n\n<p><strong><mark style=\"background-color:rgba(0, 0, 0, 0)\" class=\"has-inline-color has-vivid-red-color\">L\u2019IA au service des soins : une avanc\u00e9e \u00e0 encadrer.<\/mark><\/strong><\/p>\n\n\n\n<p>L\u2019IA, en offrant des solutions innovantes pour l\u2019aide au diagnostic et l\u2019organisation des parcours de soins, suscite de grandes attentes. <strong>Cependant, comme le souligne France Assos Sant\u00e9<\/strong>, <mark style=\"background-color:rgba(0, 0, 0, 0)\" class=\"has-inline-color has-vivid-red-color\">il est crucial de garantir que ces technologies b\u00e9n\u00e9ficient v\u00e9ritablement aux patients et aux professionnels de sant\u00e9<\/mark>. <span style=\"text-decoration: underline;\">Une des interrogations majeures porte sur la mani\u00e8re d&rsquo;\u00e9viter la d\u00e9shumanisation de la relation de soin<\/span>. <strong>La transparence dans les d\u00e9cisions algorithmiques et la responsabilit\u00e9 en cas d&rsquo;erreur sont \u00e9galement au c\u0153ur des pr\u00e9occupations.<\/strong><\/p>\n\n\n\n<div data-wp-interactive=\"core\/file\" class=\"wp-block-file aligncenter\"><object data-wp-bind--hidden=\"!state.hasPdfPreview\" hidden class=\"wp-block-file__embed\" data=\"https:\/\/planetactus.com\/wp-content\/uploads\/2025\/01\/Plaidoyer-IA-dans-les-soins_compressed-1.pdf\" type=\"application\/pdf\" style=\"width:100%;height:600px\" aria-label=\"Contenu embarqu\u00e9 Plaidoyer-IA-dans-les-soins_compressed.\"><\/object><a id=\"wp-block-file--media-f1b434f1-5228-4558-a8de-3837d2876818\" href=\"https:\/\/planetactus.com\/wp-content\/uploads\/2025\/01\/Plaidoyer-IA-dans-les-soins_compressed-1.pdf\">Plaidoyer-IA-dans-les-soins_compressed<\/a><a href=\"https:\/\/planetactus.com\/wp-content\/uploads\/2025\/01\/Plaidoyer-IA-dans-les-soins_compressed-1.pdf\" class=\"wp-block-file__button wp-element-button\" download aria-describedby=\"wp-block-file--media-f1b434f1-5228-4558-a8de-3837d2876818\">T\u00e9l\u00e9charger<\/a><\/div>\n\n\n\n<p><strong><mark style=\"background-color:rgba(0, 0, 0, 0)\" class=\"has-inline-color has-vivid-red-color\">Trois axes de recommandations.<\/mark><\/strong><\/p>\n\n\n\n<p><strong>Ce manifeste s&rsquo;articule autour de trois axes principaux<\/strong> :<\/p>\n\n\n\n<ol class=\"wp-block-list\">\n<li><strong>Responsabilit\u00e9 m\u00e9dicale<\/strong> : <mark style=\"background-color:rgba(0, 0, 0, 0)\" class=\"has-inline-color has-vivid-red-color\">Les professionnels de sant\u00e9 doivent conserver le dernier mot dans les d\u00e9cisions m\u00e9dicales<\/mark>, <strong>ce qui n\u00e9cessite une formation ad\u00e9quate sur les outils d&rsquo;IA et leurs limites.<\/strong><\/li>\n\n\n\n<li><strong>Transparence et explicabilit\u00e9<\/strong> : Les syst\u00e8mes d&rsquo;IA doivent \u00eatre <strong>compr\u00e9hensibles pour les patients et les soignants, afin de maintenir une confiance dans les d\u00e9cisions partag\u00e9es.<\/strong><\/li>\n\n\n\n<li><strong>Responsabilit\u00e9 des concepteurs<\/strong> : <mark style=\"background-color:rgba(0, 0, 0, 0)\" class=\"has-inline-color has-vivid-red-color\">Les d\u00e9veloppeurs<\/mark><mark style=\"background-color:rgba(0, 0, 0, 0)\" class=\"has-inline-color has-black-color\"><strong> doivent s&rsquo;engager \u00e0 cr\u00e9er <\/strong><\/mark><mark style=\"background-color:rgba(0, 0, 0, 0)\" class=\"has-inline-color has-vivid-red-color\">des outils \u00e9thiques<\/mark><mark style=\"background-color:rgba(0, 0, 0, 0)\" class=\"has-inline-color has-black-color\"><strong> et <\/strong><\/mark><mark style=\"background-color:rgba(0, 0, 0, 0)\" class=\"has-inline-color has-vivid-red-color\">exempts de biais algorithmiques<\/mark><mark style=\"background-color:rgba(0, 0, 0, 0)\" class=\"has-inline-color has-black-color\"><strong> pour garantir une \u00e9quit\u00e9 dans les soins<\/strong><\/mark>.<\/li>\n<\/ol>\n\n\n\n<p><mark style=\"background-color:rgba(0, 0, 0, 0)\" class=\"has-inline-color has-vivid-red-color\"><strong>Un plaidoyer pour une IA humaniste.<\/strong><\/mark><\/p>\n\n\n\n<p>Pour <strong>G\u00e9rard Raymond<\/strong>, pr\u00e9sident de France Assos Sant\u00e9, <mark style=\"background-color:rgba(0, 0, 0, 0)\" class=\"has-inline-color has-vivid-red-color\">l\u2019IA ne doit pas \u00eatre une excuse pour d\u00e9shumaniser le syst\u00e8me de sant\u00e9, mais un levier pour am\u00e9liorer la qualit\u00e9 des soins<\/mark>. <strong>Cette vision humaniste de l\u2019IA souligne que la technologie doit compl\u00e9ter, et non remplacer, la relation entre le soignant et le patient.<\/strong><\/p>\n\n\n\n<p><mark style=\"background-color:rgba(0, 0, 0, 0)\" class=\"has-inline-color has-vivid-red-color\"><strong>Des ressources pour mieux comprendre l\u2019IA en sant\u00e9.<\/strong><\/mark><\/p>\n\n\n\n<p>En compl\u00e9ment de ce <strong>manifeste<\/strong>, France Assos Sant\u00e9 propose un <a href=\"https:\/\/www.france-assos-sante.org\/wp-content\/uploads\/2024\/12\/fiches-pedagogiques-AI.pdf\"><mark style=\"background-color:rgba(0, 0, 0, 0)\" class=\"has-inline-color has-vivid-red-color\">pr\u00e9cis p\u00e9dagogique<\/mark><\/a> \ud83d\udd17 <strong>pour vulgariser les notions cl\u00e9s de l\u2019IA<\/strong> et un <a href=\"https:\/\/www.france-assos-sante.org\/wp-content\/uploads\/2024\/12\/cas-dusages-AI.pdf\"><mark style=\"background-color:rgba(0, 0, 0, 0)\" class=\"has-inline-color has-vivid-red-color\">recueil de cas d\u2019usages concrets<\/mark><\/a> \ud83d\udd17 <span style=\"text-decoration: underline;\">illustrant <\/span>les <strong>b\u00e9n\u00e9fices <\/strong>et les <strong>limites <\/strong>des outils d\u2019IA dans les <strong>parcours de sant\u00e9<\/strong>. <strong>Ces ressources visent \u00e0 informer <\/strong>et <strong>sensibiliser <\/strong><mark style=\"background-color:rgba(0, 0, 0, 0)\" class=\"has-inline-color has-vivid-red-color\">les usagers sur les implications de l\u2019IA dans leur prise en charge.<\/mark><\/p>\n\n\n\n<div data-wp-interactive=\"core\/file\" class=\"wp-block-file\"><object data-wp-bind--hidden=\"!state.hasPdfPreview\" hidden class=\"wp-block-file__embed\" data=\"https:\/\/planetactus.com\/wp-content\/uploads\/2025\/01\/fiches-pedagogiques-AI_compressed.pdf\" type=\"application\/pdf\" style=\"width:100%;height:600px\" aria-label=\"Contenu embarqu\u00e9 fiches-pedagogiques-AI_compressed.\"><\/object><a id=\"wp-block-file--media-50edfabb-acff-4d34-9432-5a17866422b2\" href=\"https:\/\/planetactus.com\/wp-content\/uploads\/2025\/01\/fiches-pedagogiques-AI_compressed.pdf\">fiches-pedagogiques-AI_compressed<\/a><a href=\"https:\/\/planetactus.com\/wp-content\/uploads\/2025\/01\/fiches-pedagogiques-AI_compressed.pdf\" class=\"wp-block-file__button wp-element-button\" download aria-describedby=\"wp-block-file--media-50edfabb-acff-4d34-9432-5a17866422b2\">T\u00e9l\u00e9charger<\/a><\/div>\n\n\n\n<div data-wp-interactive=\"core\/file\" class=\"wp-block-file\"><object data-wp-bind--hidden=\"!state.hasPdfPreview\" hidden class=\"wp-block-file__embed\" data=\"https:\/\/planetactus.com\/wp-content\/uploads\/2025\/01\/cas-dusages-AI_compressed.pdf\" type=\"application\/pdf\" style=\"width:100%;height:600px\" aria-label=\"Contenu embarqu\u00e9 cas-dusages-AI_compressed.\"><\/object><a id=\"wp-block-file--media-6c0afbb5-50eb-421e-99cf-6d6fab132e54\" href=\"https:\/\/planetactus.com\/wp-content\/uploads\/2025\/01\/cas-dusages-AI_compressed.pdf\">cas-dusages-AI_compressed<\/a><a href=\"https:\/\/planetactus.com\/wp-content\/uploads\/2025\/01\/cas-dusages-AI_compressed.pdf\" class=\"wp-block-file__button wp-element-button\" download aria-describedby=\"wp-block-file--media-6c0afbb5-50eb-421e-99cf-6d6fab132e54\">T\u00e9l\u00e9charger<\/a><\/div>\n\n\n\n<p><strong><mark style=\"background-color:rgba(0, 0, 0, 0)\" class=\"has-inline-color has-vivid-red-color\">Conclusion.<\/mark><\/strong><\/p>\n\n\n\n<p><strong>La publication de ce premier volet du manifeste marque une \u00e9tape importante dans la r\u00e9flexion collective sur les usages responsables de l\u2019IA en sant\u00e9. En insistant sur la n\u00e9cessit\u00e9 d\u2019un cadre \u00e9thique et transparent, France Assos Sant\u00e9 appelle \u00e0 une vigilance continue pour que l\u2019IA devienne un v\u00e9ritable atout pour le syst\u00e8me de sant\u00e9, au service des patients et en accord avec les valeurs humaines fondamentales<\/strong>. <a href=\"https:\/\/www.france-assos-sante.org\/actualite\/des-usages-responsables-pour-lintelligence-artificielle-publication-du-premier-volet-de-notre-manifeste\/\"><mark style=\"background-color:rgba(0, 0, 0, 0)\" class=\"has-inline-color has-vivid-red-color\">Retrouvez le manifeste complet<\/mark><\/a> \ud83d\udd17 <strong>sur le site de France Assos Sant\u00e9 et participez \u00e0 cette r\u00e9flexion essentielle pour l\u2019avenir de la sant\u00e9.<\/strong><\/p>\n\n\n\n<p>Pour plus d\u2019informations et acc\u00e9der aux <strong>publications compl\u00e8tes <\/strong>de France Assos Sant\u00e9, visitez leur \ud83d\udd17 <a href=\"https:\/\/www.france-assos-sante.org\"><mark style=\"background-color:rgba(0, 0, 0, 0)\" class=\"has-inline-color has-vivid-red-color\">site officiel<\/mark><\/a> \ud83d\udd17<\/p>\n\n\n\n<p><span style=\"text-decoration: underline;\">Tu pourrais aussi aimer<\/span> : <\/p>\n\n\n\n<p>\u25a0 <strong><mark style=\"background-color:rgba(0, 0, 0, 0)\" class=\"has-inline-color has-vivid-red-color\">ESANTE24<\/mark><\/strong> | <strong>\u00ab\u00a0L&rsquo;IA et l&rsquo;IA g\u00e9n\u00e9rative, quel impact pour le secteur de la sant\u00e9 ?\u00a0\u00bb<\/strong><\/p>\n\n\n\n<figure class=\"wp-block-embed is-type-video is-provider-youtube wp-block-embed-youtube wp-embed-aspect-16-9 wp-has-aspect-ratio\"><div class=\"wp-block-embed__wrapper\">\n<iframe  id=\"_ytid_24617\"  width=\"640\" height=\"360\"  data-origwidth=\"640\" data-origheight=\"360\" src=\"https:\/\/www.youtube.com\/embed\/wPXzWf8_ZlY?enablejsapi=1&#038;autoplay=0&#038;cc_load_policy=0&#038;cc_lang_pref=&#038;iv_load_policy=1&#038;loop=0&#038;rel=1&#038;fs=1&#038;playsinline=0&#038;autohide=2&#038;theme=dark&#038;color=red&#038;controls=1&#038;disablekb=0&#038;\" class=\"__youtube_prefs__  epyt-is-override  no-lazyload\" title=\"YouTube player\"  allow=\"fullscreen; accelerometer; autoplay; clipboard-write; encrypted-media; gyroscope; picture-in-picture; web-share\" referrerpolicy=\"strict-origin-when-cross-origin\" allowfullscreen data-no-lazy=\"1\" data-skipgform_ajax_framebjll=\"\"><\/iframe>\n<\/div><figcaption class=\"wp-element-caption\"><a href=\"https:\/\/www.youtube.com\/@oeil-esante\">L\u2019\u0153il de la E-sant\u00e9<\/a> \ud83d\udd17<\/figcaption><\/figure>\n\n\n\n<p><strong>L&rsquo;intelligence artificielle bouleverse l&rsquo;ensemble des secteurs de la soci\u00e9t\u00e9 et la sant\u00e9 n&rsquo;y \u00e9chappe pas<\/strong>. Avec le Pr Jean-Emmanuel Bibault, <strong>M\u00e9decin oncologue<\/strong> \u00e0 l&rsquo;H\u00f4pital europ\u00e9en <strong>Georges Pompidou<\/strong> \u00e0 l&rsquo;AP HP, chercheur en intelligence artificielle et auteur du livre \u00ab\u00a0<strong>2041, L&rsquo;odyss\u00e9e de la m\u00e9decine : Comment l&rsquo;intelligence artificielle bouleverse la m\u00e9decine ?<\/strong>\u00ab\u00a0, cet atelier a pour objectif de pr\u00e9senter les usages concrets de l&rsquo;intelligence artificielle dans le <strong>parcours de soins et comprendre les applications de l&rsquo;IA g\u00e9n\u00e9rative<\/strong> [&#8230;]<\/p>\n\n\n\n<p>\u25a0 <strong><mark style=\"background-color:rgba(0, 0, 0, 0)\" class=\"has-inline-color has-vivid-red-color\">Google for Startups Accelerator : AI First &#8211; Demo Day 2024 | Acc\u00e9l\u00e9rateur Google pour les startups : AI First &#8211; <\/mark><\/strong><mark style=\"background-color:rgba(0, 0, 0, 0)\" class=\"has-inline-color has-vivid-red-color\"><a href=\"https:\/\/www.google.com\/search?client=firefox-b-d&amp;sca_esv=556e0fb3fe8dd81f&amp;sxsrf=AHTn8zrgz_wpVgZwi1oHcrX4cqsLIuzBRA:1738091870880&amp;q=growth+academy+ai+for+health+2024&amp;udm=7&amp;fbs=ABzOT_BnMAgCWdhr5zilP5f1cnRvJ3SHQcDVxkdpDyHwlRhdNaDfwjhN1BUZy5Lq6wtEN8BJtKKkLdMtCw3vJdTF28KIOU6dHYRAFDFPaP_ms-9jHMKBBIBmL1_NCkUJUfMHwdGu3304kJCF8Z4fx9gI0KvRW2iKQaytfcLo7PaQ3cJ6GX0sF7g&amp;sa=X&amp;ved=2ahUKEwiG1LDkkJmLAxWUUKQEHaISB24QtKgLegQIDhAB&amp;biw=1536&amp;bih=731&amp;dpr=1.25#ip=1\">Journ\u00e9e de d\u00e9monstration 2024<\/a><\/mark> \ud83d\udd17<\/p>\n\n\n\n<figure class=\"wp-block-embed aligncenter is-type-video is-provider-youtube wp-block-embed-youtube wp-embed-aspect-16-9 wp-has-aspect-ratio\"><div class=\"wp-block-embed__wrapper\">\n<iframe  id=\"_ytid_83873\"  width=\"640\" height=\"360\"  data-origwidth=\"640\" data-origheight=\"360\" src=\"https:\/\/www.youtube.com\/embed\/Mop58kAKeM8?enablejsapi=1&#038;autoplay=0&#038;cc_load_policy=0&#038;cc_lang_pref=&#038;iv_load_policy=1&#038;loop=0&#038;rel=1&#038;fs=1&#038;playsinline=0&#038;autohide=2&#038;theme=dark&#038;color=red&#038;controls=1&#038;disablekb=0&#038;\" class=\"__youtube_prefs__  epyt-is-override  no-lazyload\" title=\"YouTube player\"  allow=\"fullscreen; accelerometer; autoplay; clipboard-write; encrypted-media; gyroscope; picture-in-picture; web-share\" referrerpolicy=\"strict-origin-when-cross-origin\" allowfullscreen data-no-lazy=\"1\" data-skipgform_ajax_framebjll=\"\"><\/iframe>\n<\/div><figcaption class=\"wp-element-caption\"><a href=\"https:\/\/www.youtube.com\/@GoogleforStartups\">Google for Startups<\/a>  \ud83d\udd17<\/figcaption><\/figure>\n\n\n\n<p>\u00ab\u00a0Regardez 15 startups d&rsquo;IA pr\u00e9senter comment elles construisent l&rsquo;avenir des soins de sant\u00e9, de la cybers\u00e9curit\u00e9 et d&rsquo;autres domaines \u00e0 l&rsquo;aide de l&rsquo;IA. <strong>Lors de cet \u00e9v\u00e9nement, chaque startup partagera son histoire, le probl\u00e8me qu&rsquo;elle r\u00e9sout, son mod\u00e8le d&rsquo;entreprise, sa technologie et son succ\u00e8s<\/strong>. Vous entendrez \u00e9galement des repr\u00e9sentants de Google et d&rsquo;autres leaders vous exposer leur point de vue sur l&rsquo;avenir de l&rsquo;IA et des startups. <span style=\"text-decoration: underline;\">\u00c0 propos du programme<\/span> : En avril 2024, nous avons lanc\u00e9 l&rsquo;acc\u00e9l\u00e9rateur inaugural Google for Startups Accelerator : AI First, un programme d&rsquo;acc\u00e9l\u00e9ration hybride de 10 semaines destin\u00e9 aux startups bas\u00e9es aux \u00c9tats-Unis et au Canada\u00a0\u00bb [&#8230;]<\/p>\n\n\n\n<p>\u25a0 <strong><mark style=\"background-color:rgba(0, 0, 0, 0)\" class=\"has-inline-color has-vivid-red-color\"><a href=\"https:\/\/ai.google\/applied-ai\/health\/\">Google AI Health<\/a> \ud83d\udd17<\/mark><\/strong> <strong><mark style=\"background-color:rgba(0, 0, 0, 0)\" class=\"has-inline-color has-vivid-red-color\">Event : Everything Revealed in 13 Minutes | \u00c9v\u00e9nement Google AI Health : Tout r\u00e9v\u00e9l\u00e9 en 13 minutes.<\/mark><\/strong><\/p>\n\n\n\n<p>\u00ab\u00a0Lors de l&rsquo;\u00e9v\u00e9nement <strong>AI Health<\/strong> organis\u00e9 par Google \u00e0 New York, les dirigeants de l&rsquo;entreprise ont montr\u00e9 <a href=\"https:\/\/www.google.com\/search?client=firefox-b-d&amp;sca_esv=d132125e0eee6de4&amp;sxsrf=ADLYWIKskSEvE2eZoKj9PDe6kM_yuPnuwQ:1737430452330&amp;q=Google+for+Startups+Growth+Academy+:+l%E2%80%99IA+et+la+Sant%C3%A9&amp;source=lnms&amp;fbs=AEQNm0CbCVgAZ5mWEJDg6aoPVcBgTlosgQSuzBMlnAdio07UCFdb4kkCZQx4-ERIk5vUh0ggofzXKAnOWLfX3LfiEpOL7QyAMRmlkSffyLvsZ0lsD1cv96Brr6kg6-RaKiGCkQ-ay44a43wmHfDMGD21RiV-QkZAd_nDQm9DkK2nDBJU_TSzkyA&amp;sa=X&amp;ved=2ahUKEwiGm7vn8IWLAxWxRaQEHWWrCPkQ0pQJegQIDRAB&amp;biw=1536&amp;bih=731&amp;dpr=1.25\"><mark style=\"background-color:rgba(0, 0, 0, 0)\" class=\"has-inline-color has-vivid-red-color\">comment l&rsquo;intelligence artificielle<\/mark><\/a> jouera un r\u00f4le dans l&rsquo;avenir de la sant\u00e9 gr\u00e2ce \u00e0 une s\u00e9rie de d\u00e9monstrations\u00a0\u00bb. Consultez leur r\u00e9capitulatif ici.<\/p>\n\n\n\n<figure class=\"wp-block-embed is-type-video is-provider-youtube wp-block-embed-youtube wp-embed-aspect-16-9 wp-has-aspect-ratio\"><div class=\"wp-block-embed__wrapper\">\n<iframe  id=\"_ytid_32102\"  width=\"640\" height=\"360\"  data-origwidth=\"640\" data-origheight=\"360\" src=\"https:\/\/www.youtube.com\/embed\/eb0EsuORfzY?enablejsapi=1&#038;autoplay=0&#038;cc_load_policy=0&#038;cc_lang_pref=&#038;iv_load_policy=1&#038;loop=0&#038;rel=1&#038;fs=1&#038;playsinline=0&#038;autohide=2&#038;theme=dark&#038;color=red&#038;controls=1&#038;disablekb=0&#038;\" class=\"__youtube_prefs__  epyt-is-override  no-lazyload\" title=\"YouTube player\"  allow=\"fullscreen; accelerometer; autoplay; clipboard-write; encrypted-media; gyroscope; picture-in-picture; web-share\" referrerpolicy=\"strict-origin-when-cross-origin\" allowfullscreen data-no-lazy=\"1\" data-skipgform_ajax_framebjll=\"\"><\/iframe>\n<\/div><figcaption class=\"wp-element-caption\"><a href=\"https:\/\/www.youtube.com\/@CNET\">CNET<\/a> \ud83d\udd17<\/figcaption><\/figure>\n\n\n\n<figure class=\"wp-block-embed aligncenter is-type-video is-provider-youtube wp-block-embed-youtube wp-embed-aspect-16-9 wp-has-aspect-ratio\"><div class=\"wp-block-embed__wrapper\">\n<iframe  id=\"_ytid_15508\"  width=\"640\" height=\"360\"  data-origwidth=\"640\" data-origheight=\"360\" src=\"https:\/\/www.youtube.com\/embed\/AbdVsi1VjQY?enablejsapi=1&#038;autoplay=0&#038;cc_load_policy=0&#038;cc_lang_pref=&#038;iv_load_policy=1&#038;loop=0&#038;rel=1&#038;fs=1&#038;playsinline=0&#038;autohide=2&#038;theme=dark&#038;color=red&#038;controls=1&#038;disablekb=0&#038;\" class=\"__youtube_prefs__  epyt-is-override  no-lazyload\" title=\"YouTube player\"  allow=\"fullscreen; accelerometer; autoplay; clipboard-write; encrypted-media; gyroscope; picture-in-picture; web-share\" referrerpolicy=\"strict-origin-when-cross-origin\" allowfullscreen data-no-lazy=\"1\" data-skipgform_ajax_framebjll=\"\"><\/iframe>\n<\/div><figcaption class=\"wp-element-caption\">Camels, Code &amp; Lab Coats: How AI Is Advancing Science and Medicine.<\/figcaption><\/figure>\n\n\n\n<p>\u00ab\u00a0<strong>Les chercheurs de Google ont explor\u00e9 comment les technologies pourraient contribuer \u00e0 faire progresser les domaines de la m\u00e9decine et de la science, en travaillant avec des scientifiques, des m\u00e9decins et d&rsquo;autres acteurs sur le terrain <\/strong>[&#8230;] \u00ab\u00a0<\/p>\n\n\n\n<p><span style=\"text-decoration: underline;\">Tu pourrais aussi aimer <\/span>: <\/p>\n\n\n\n<p>\ud83e\udd16 <strong>Implanter les Souvenirs des Victimes dans le Cerveau des Criminels :<\/strong> <a href=\"https:\/\/planetactus.com\/index.php\/2024\/09\/28\/implanter-les-souvenirs-des-victimes-dans-le-cerveau-des-criminels-une-revolution-tech-effrayante-ou-la-fin-de-la-prison\/\"><mark style=\"background-color:rgba(0, 0, 0, 0)\" class=\"has-inline-color has-vivid-red-color\">Une R\u00e9volution Tech Effrayante ou la Fin de la Prison<\/mark> <\/a>\ud83d\udd17 <strong><mark style=\"background-color:rgba(0, 0, 0, 0)\" class=\"has-inline-color has-vivid-red-color\">?<\/mark><\/strong><\/p>\n\n\n\n<p>\ud83d\udccd<strong>Un concept &nbsp;\u00ab\u00a0R\u00e9volutionnaire\u00a0\u00bb, propos\u00e9 par le scientifique Hashem Al-Ghaili, suscite des d\u00e9bats dans le domaine de la <\/strong><mark style=\"background-color:rgba(0, 0, 0, 0)\" class=\"has-inline-color has-vivid-red-color\">justice p\u00e9nale<\/mark><strong>. Cette id\u00e9e novatrice, appel\u00e9e Cognify, propose l\u2019implantation de souvenirs synth\u00e9tiques g\u00e9n\u00e9r\u00e9s par l\u2019IA dans le cerveau des criminels, leur permettant de revivre leurs crimes, mais du point de vue de leurs victimes. L\u2019objectif est de favoriser un v\u00e9ritable remords et une meilleure compr\u00e9hension chez les d\u00e9linquants, tout en r\u00e9duisant la dur\u00e9e de leur incarc\u00e9ration et les co\u00fbts associ\u00e9s.<\/strong><\/p>\n\n\n\n<p><strong>Bien que ce concept semble tout droit sorti d\u2019un film de science-fiction, en particulier<\/strong> <a href=\"https:\/\/www.google.com\/search?client=firefox-b-d&amp;q=Orange+M%C3%A9canique\"><mark style=\"background-color:rgba(0, 0, 0, 0)\" class=\"has-inline-color has-vivid-red-color\">Orange M\u00e9canique<\/mark><\/a>&nbsp;\ud83d\udd17 <strong>de Stanley Kubrick, il pourrait transformer les m\u00e9thodes de r\u00e9habilitation dans le syst\u00e8me judiciaire. La technologie utilis\u00e9e combine des scanners c\u00e9r\u00e9braux, de l\u2019intelligence artificielle et des dispositifs semblables \u00e0 la r\u00e9alit\u00e9 virtuelle (VR) pour cr\u00e9er une exp\u00e9rience unique pour le criminel. Cependant, comme beaucoup d\u2019id\u00e9es futuristes, Cognify suscite \u00e9galement des pr\u00e9occupations \u00e9thiques et pratiques qu\u2019il faudra soigneusement \u00e9valuer<\/strong> [&#8230;] <\/p>\n\n\n\n<figure class=\"wp-block-embed is-type-video is-provider-youtube wp-block-embed-youtube wp-embed-aspect-16-9 wp-has-aspect-ratio\"><div class=\"wp-block-embed__wrapper\">\n<iframe  id=\"_ytid_90030\"  width=\"640\" height=\"360\"  data-origwidth=\"640\" data-origheight=\"360\" src=\"https:\/\/www.youtube.com\/embed\/YFUv4_lCBLY?enablejsapi=1&#038;autoplay=0&#038;cc_load_policy=0&#038;cc_lang_pref=&#038;iv_load_policy=1&#038;loop=0&#038;rel=1&#038;fs=1&#038;playsinline=0&#038;autohide=2&#038;theme=dark&#038;color=red&#038;controls=1&#038;disablekb=0&#038;\" class=\"__youtube_prefs__  epyt-is-override  no-lazyload\" title=\"YouTube player\"  allow=\"fullscreen; accelerometer; autoplay; clipboard-write; encrypted-media; gyroscope; picture-in-picture; web-share\" referrerpolicy=\"strict-origin-when-cross-origin\" allowfullscreen data-no-lazy=\"1\" data-skipgform_ajax_framebjll=\"\"><\/iframe>\n<\/div><figcaption class=\"wp-element-caption\"><a href=\"https:\/\/www.youtube.com\/watch?app=desktop&amp;v=YFUv4_lCBLY&amp;t=226s\">The Prison of the Future<\/a>&nbsp;\ud83d\udd17 \u2013&nbsp;<strong>Cognify<\/strong> <\/figcaption><\/figure>\n\n\n\n<figure class=\"wp-block-embed is-type-video is-provider-youtube wp-block-embed-youtube wp-embed-aspect-16-9 wp-has-aspect-ratio\"><div class=\"wp-block-embed__wrapper\">\n<iframe  id=\"_ytid_67520\"  width=\"640\" height=\"360\"  data-origwidth=\"640\" data-origheight=\"360\" src=\"https:\/\/www.youtube.com\/embed\/O2RIvJ1U7RE?enablejsapi=1&#038;autoplay=0&#038;cc_load_policy=0&#038;cc_lang_pref=&#038;iv_load_policy=1&#038;loop=0&#038;rel=1&#038;fs=1&#038;playsinline=0&#038;autohide=2&#038;theme=dark&#038;color=red&#038;controls=1&#038;disablekb=0&#038;\" class=\"__youtube_prefs__  epyt-is-override  no-lazyload\" title=\"YouTube player\"  allow=\"fullscreen; accelerometer; autoplay; clipboard-write; encrypted-media; gyroscope; picture-in-picture; web-share\" referrerpolicy=\"strict-origin-when-cross-origin\" allowfullscreen data-no-lazy=\"1\" data-skipgform_ajax_framebjll=\"\"><\/iframe>\n<\/div><figcaption class=\"wp-element-caption\"><strong>EctoLife:&nbsp;<\/strong><a href=\"https:\/\/www.youtube.com\/@hashemalghailiofficialchannel\">The World\u2019s First Artificial Womb Facility<\/a> \ud83d\udd17<\/figcaption><\/figure>\n\n\n\n<p><span style=\"text-decoration: underline;\">En bonus<\/span>&nbsp;:<\/p>\n\n\n\n<p>\ud83e\uddec&nbsp;<strong><mark style=\"background-color:rgba(0, 0, 0, 0)\" class=\"has-inline-color has-vivid-red-color\">Regardez ou T\u00e9l\u00e9charger Gattaca (1997) Movie sur Internet Archive<\/mark><\/strong> \ud83d\udd17 [<a href=\"https:\/\/archive.org\/details\/Gattaca\">Film complet<\/a>] \ud83d\udd17 (01:46:27)\ud83c\udfac<\/p>\n\n\n\n<p><strong>Gattaca <\/strong>est un film am\u00e9ricain de science-fiction am\u00e9ricain r\u00e9alis\u00e9 par Andrew Niccol. Il met en <strong>vedette <\/strong>Ethan Hawke et Uma Thurman, avec Jude Law, Loren Dean, Ernest Borgnine, Gore Vidal et Alan Arkin apparaissant dans des r\u00f4les secondaires. Le film pr\u00e9sente une vision&nbsp;<strong>biopunk d\u2019une soci\u00e9t\u00e9 future mue par l\u2019eug\u00e9nisme o\u00f9 les enfants potentiels sont con\u00e7us par la manipulation g\u00e9n\u00e9tique pour s\u2019assurer qu\u2019ils poss\u00e8dent les meilleurs traits h\u00e9r\u00e9ditaires de leurs parents<\/strong>. Le film est centr\u00e9 sur Vincent Freeman, jou\u00e9 par Hawke, qui a \u00e9t\u00e9 con\u00e7u <strong>en dehors du programme eugenics et lutte pour surmonter la discrimination g\u00e9n\u00e9tique afin de r\u00e9aliser son r\u00eave de voyager dans l\u2019espace<\/strong>.<\/p>\n\n\n\n<p><strong>Le film s\u2019appuie sur les technologies de reproduction qui facilitent l\u2019eug\u00e9nisme et les cons\u00e9quences possibles de ces d\u00e9veloppements technologiques pour la soci\u00e9t\u00e9. Il explore \u00e9galement l\u2019id\u00e9e du destin et la mani\u00e8re dont il peut et gouverne la vie. Les personnages de Gattaca se battent continuellement \u00e0 la fois avec la soci\u00e9t\u00e9 et avec eux-m\u00eames pour trouver leur place dans le monde et qui ils sont destin\u00e9s \u00e0 \u00eatre en fonction de leurs g\u00e8nes<\/strong> \ud83e\uddec<\/p>\n\n\n\n<p>\ud83d\udd2e<strong><a href=\"https:\/\/planetactus.com\/index.php\/2024\/09\/28\/implanter-les-souvenirs-des-victimes-dans-le-cerveau-des-criminels-une-revolution-tech-effrayante-ou-la-fin-de-la-prison\/\"><mark style=\"background-color:rgba(0, 0, 0, 0)\" class=\"has-inline-color has-vivid-red-color\">Vers une Soci\u00e9t\u00e9 D\u00e9shumanis\u00e9e<\/mark><\/a> \ud83d\udd17<mark style=\"background-color:rgba(0, 0, 0, 0)\" class=\"has-inline-color has-vivid-red-color\">?<\/mark><\/strong><\/p>\n\n\n\n<figure class=\"wp-block-embed aligncenter is-type-video is-provider-youtube wp-block-embed-youtube wp-embed-aspect-16-9 wp-has-aspect-ratio\"><div class=\"wp-block-embed__wrapper\">\n<iframe  id=\"_ytid_27206\"  width=\"640\" height=\"360\"  data-origwidth=\"640\" data-origheight=\"360\" src=\"https:\/\/www.youtube.com\/embed\/q7xlBYeicHs?enablejsapi=1&#038;autoplay=0&#038;cc_load_policy=0&#038;cc_lang_pref=&#038;iv_load_policy=1&#038;loop=0&#038;rel=1&#038;fs=1&#038;playsinline=0&#038;autohide=2&#038;theme=dark&#038;color=red&#038;controls=1&#038;disablekb=0&#038;\" class=\"__youtube_prefs__  epyt-is-override  no-lazyload\" title=\"YouTube player\"  allow=\"fullscreen; accelerometer; autoplay; clipboard-write; encrypted-media; gyroscope; picture-in-picture; web-share\" referrerpolicy=\"strict-origin-when-cross-origin\" allowfullscreen data-no-lazy=\"1\" data-skipgform_ajax_framebjll=\"\"><\/iframe>\n<\/div><figcaption class=\"wp-element-caption\"><a href=\"https:\/\/www.youtube.com\/channel\/UCBaJRAV9h_6tVkesgxu3LGw\">Damien Maya<\/a> \ud83d\udd17<\/figcaption><\/figure>\n\n\n\n<p><strong>Dans cette vid\u00e9o, vous allez d\u00e9couvrir les pr\u00e9dictions troublantes d\u2019Aldous Huxley, l\u2019auteur visionnaire du Meilleur des Mondes.<\/strong>&nbsp;<strong>Huxley, \u00e0 travers ses r\u00e9flexions, explore les dangers d\u2019une soci\u00e9t\u00e9 o\u00f9 la technologie, la propagande, et le contr\u00f4le scientifique menacent insidieusement nos libert\u00e9s. Dans un monde moderne o\u00f9 la surveillance et la manipulation sont plus pr\u00e9sentes que jamais, ses propos r\u00e9sonnent avec une acuit\u00e9 particuli\u00e8re. Ils nous invitent \u00e0 R\u00e9fl\u00e9chir sur notre AVENIR et sur l\u2019IMPORTANCE de <\/strong><mark style=\"background-color:rgba(0, 0, 0, 0)\" class=\"has-inline-color has-vivid-red-color\">d\u00e9fendre notre Libert\u00e9 et notre Humanit\u00e9<\/mark><strong>.<\/strong><\/p>\n\n\n\n<p>\ud83c\udf99<strong><mark style=\"background-color:rgba(0, 0, 0, 0)\" class=\"has-inline-color has-vivid-red-color\"> Alien INTERVIEW : Infos &amp; Pr\u00e9dictions | Le Vrai d\u2019UFO<\/mark> <\/strong>\ud83d\udc7d<\/p>\n\n\n\n<figure class=\"wp-block-embed is-type-video is-provider-youtube wp-block-embed-youtube wp-embed-aspect-16-9 wp-has-aspect-ratio\"><div class=\"wp-block-embed__wrapper\">\n<iframe  id=\"_ytid_26655\"  width=\"640\" height=\"360\"  data-origwidth=\"640\" data-origheight=\"360\" src=\"https:\/\/www.youtube.com\/embed\/MSiNJc9o6Hs?enablejsapi=1&#038;autoplay=0&#038;cc_load_policy=0&#038;cc_lang_pref=&#038;iv_load_policy=1&#038;loop=0&#038;rel=1&#038;fs=1&#038;playsinline=0&#038;autohide=2&#038;theme=dark&#038;color=red&#038;controls=1&#038;disablekb=0&#038;\" class=\"__youtube_prefs__  epyt-is-override  no-lazyload\" title=\"YouTube player\"  allow=\"fullscreen; accelerometer; autoplay; clipboard-write; encrypted-media; gyroscope; picture-in-picture; web-share\" referrerpolicy=\"strict-origin-when-cross-origin\" allowfullscreen data-no-lazy=\"1\" data-skipgform_ajax_framebjll=\"\"><\/iframe>\n<\/div><figcaption class=\"wp-element-caption\">@ <a href=\"https:\/\/www.youtube.com\/@LeVraidUFO.\">Le Vrai d&rsquo;UFO<\/a> \ud83d\udd17<\/figcaption><\/figure>\n\n\n\n<p>\ud83e\ude96&nbsp;<strong>\u00ab \u2026 Cela se Propagera en Guerre Nucl\u00e9aire\u2026 Jusqu\u2019\u00e0 l\u2019Extinction \u2026 \u00bb<\/strong>&nbsp;\ud83e\udd16<\/p>\n\n\n\n<p>\ud83d\udcad <strong>Vers un Futur Nano ou Nano-Cauchemar ?<\/strong><mark style=\"background-color:rgba(0, 0, 0, 0)\" class=\"has-inline-color has-vivid-red-color\"> \ud83d\udd17<\/mark> <a href=\"https:\/\/www.google.com\/search?q=A+Truly+Injectable+Neural+Stimulation+Electrode+Made+from+an+In-Body+Curing+%0D%0APolymer%2FMetal+Composite+DARPA&amp;sca_esv=143f34c44a499d65&amp;sxsrf=AHTn8zo7Qp7udWiJEary9O11--jneACraw%3A1738042103502&amp;source=hp&amp;ei=92qYZ4HhHKqGptQP263M2Ac&amp;oq=A+Truly+Injectable+Neural+Stimulation+Electrode+Made+from+an+In-Body+Curing+%0D%0APolymer%2FMetal+Composite+DARPA&amp;gs_lp=EhFtb2JpbGUtZ3dzLXdpei1ocCJqQSBUcnVseSBJbmplY3RhYmxlIE5ldXJhbCBTdGltdWxhdGlvbiBFbGVjdHJvZGUgTWFkZSBmcm9tIGFuIEluLUJvZHkgQ3VyaW5nIApQb2x5bWVyL01ldGFsIENvbXBvc2l0ZSBEQVJQQUiqSVCNDljlR3AFeACQAQGYAW6gAc0BqgEDMS4xuAEDyAEA-AEC-AEBmAIBoAIYqAIPwgIHECMYJxjqApgDGPEFJ1p8IWh-zP2SBwExoAda&amp;sclient=mobile-gws-wiz-hp\"><mark style=\"background-color:rgba(0, 0, 0, 0)\" class=\"has-inline-color has-vivid-red-color\">L\u2019Inqui\u00e9tante Ascension des Nanotechnologies d\u2019ici 2030<\/mark><\/a><mark style=\"background-color:rgba(0, 0, 0, 0)\" class=\"has-inline-color has-vivid-red-color\"> <\/mark>\ud83d\udd17<\/p>\n\n\n\n<p>\u25a0 <strong>Nonvaxer420<\/strong> : \ud83d\udd17 <a href=\"https:\/\/www.google.com\/search?q=A+Truly+Injectable+Neural+Stimulation+Electrode+Made+from+an+In-Body+Curing+%0D%0APolymer%2FMetal+Composite+DARPA&amp;sca_esv=143f34c44a499d65&amp;sxsrf=AHTn8zo7Qp7udWiJEary9O11--jneACraw%3A1738042103502&amp;source=hp&amp;ei=92qYZ4HhHKqGptQP263M2Ac&amp;oq=A+Truly+Injectable+Neural+Stimulation+Electrode+Made+from+an+In-Body+Curing+%0D%0APolymer%2FMetal+Composite+DARPA&amp;gs_lp=EhFtb2JpbGUtZ3dzLXdpei1ocCJqQSBUcnVseSBJbmplY3RhYmxlIE5ldXJhbCBTdGltdWxhdGlvbiBFbGVjdHJvZGUgTWFkZSBmcm9tIGFuIEluLUJvZHkgQ3VyaW5nIApQb2x5bWVyL01ldGFsIENvbXBvc2l0ZSBEQVJQQUiqSVCNDljlR3AFeACQAQGYAW6gAc0BqgEDMS4xuAEDyAEA-AEC-AEBmAIBoAIYqAIPwgIHECMYJxjqApgDGPEFJ1p8IWh-zP2SBwExoAda&amp;sclient=mobile-gws-wiz-hp\"><mark style=\"background-color:rgba(0, 0, 0, 0)\" class=\"has-inline-color has-vivid-red-color\">Une \u00e9lectrode de stimulation neuronale r\u00e9ellement injectable<\/mark><\/a><mark style=\"background-color:rgba(0, 0, 0, 0)\" class=\"has-inline-color has-vivid-red-color\"> <\/mark>\ud83d\udd17 <strong>fabriqu\u00e9e \u00e0 partir d&rsquo;une m\u00e9thode de Gu\u00e9rison Intra-Corporelle<\/strong><\/p>\n\n\n\n<p>\ud83d\udc53&nbsp;<strong>Bonne Lecture et  visionnage !<\/strong>&nbsp;\ud83d\ude80<\/p>\n\n\n\n<p>\ud83d\udef8&nbsp;<a href=\"https:\/\/t.me\/ufo_planetactus_sightings\">Ufo Planet Actus Sightings Investigations<\/a>&nbsp;\ud83d\udc7d<br>\ud83e\ude90&nbsp;<a href=\"https:\/\/t.me\/planetactus\">Planet Actus&nbsp;True News Letters<\/a>&nbsp;\ud83d\uddde<br>\ud83d\udcbb&nbsp;<a href=\"https:\/\/planetactus.com\/\">Planet Actus.com<\/a>&nbsp;\ud83e\ude90<\/p>\n\n\n<div class=\"wp-block-post-author\"><div class=\"wp-block-post-author__avatar\"><img decoding=async data-opt-id=1391982141  fetchpriority=\"high\" alt='' src='\/\/www.gravatar.com\/avatar\/1f651b4ef1fc23d4d1601d6f2649258e?s=48&#038;r=g&#038;d=mm' srcset='\/\/www.gravatar.com\/avatar\/1f651b4ef1fc23d4d1601d6f2649258e?s=48&#038;r=g&#038;d=mm 2x' class='avatar avatar-48 photo' height='48' width='48' \/><\/div><div class=\"wp-block-post-author__content\"><p class=\"wp-block-post-author__byline\"><a href=\"http:\/\/planetactus.com\">planetactus<\/a><\/p><p class=\"wp-block-post-author__name\">planetactus.com<\/p><\/div><\/div><div class=\"gsp_post_data\" \r\n\t            data-post_type=\"post\" \r\n\t            data-cat=\"a-la-une,amour-et-pandemie,baba-vanga,certifiez-securisez-partagez,connaissance-et-spiritualite,crimes-contre-lhumanite,easy-constat,frontieres-de-lincroyable,futurs-high-tech,leveil,lamour-a-la-machine,les-trompettes-celestes,opinion,sante-info-droits,sciences-technologies,troisieme-guerre-mondiale\" \r\n\t            data-modified=\"120\"\r\n\t            data-created=\"1738100519\"\r\n\t            data-title=\"Soins de Demain : L\u2019IA en Support, Pas en Remplacement | Enjeux et Responsabilit\u00e9s : Une R\u00e9volution \u00e0 Encadrer pour Mieux Servir ?\" \r\n\t            data-home=\"https:\/\/planetactus.com\"><\/div>","protected":false},"excerpt":{"rendered":"<p>Des usages responsables pour l\u2019intelligence artificielle ? \ud83d\udc69\u200d\u2695\ufe0f\ud83d\udc68\u200d\u2695\ufe0f France Assos Sant\u00e9 \ud83d\udd17 a publi\u00e9 le premier volet de son manifeste intitul\u00e9 \u00ab\u00a0Des usages responsables pour l\u2019intelligence artificielle ?\u00ab\u00a0, une r\u00e9flexion essentielle sur l\u2019int\u00e9gration de l\u2019intelligence artificielle (IA) dans le syst\u00e8me de sant\u00e9. Alors que les outils bas\u00e9s sur l\u2019IA promettent des avanc\u00e9es notables en termes [&hellip;]<\/p>\n","protected":false},"author":1,"featured_media":3742,"comment_status":"open","ping_status":"open","sticky":false,"template":"","format":"standard","meta":{"_bbp_topic_count":0,"_bbp_reply_count":0,"_bbp_total_topic_count":0,"_bbp_total_reply_count":0,"_bbp_voice_count":0,"_bbp_anonymous_reply_count":0,"_bbp_topic_count_hidden":0,"_bbp_reply_count_hidden":0,"_bbp_forum_subforum_count":0,"fifu_image_url":"","fifu_image_alt":"","_jetpack_memberships_contains_paid_content":false,"footnotes":"","jetpack_publicize_message":"","jetpack_publicize_feature_enabled":true,"jetpack_social_post_already_shared":false,"jetpack_social_options":{"image_generator_settings":{"template":"highway","default_image_id":0,"font":"","enabled":false},"version":2}},"categories":[19,123,140,142,37,148,143,117,113,41,125,126,13,127,17,102],"tags":[],"class_list":["post-3729","post","type-post","status-publish","format-standard","has-post-thumbnail","hentry","category-a-la-une","category-amour-et-pandemie","category-baba-vanga","category-certifiez-securisez-partagez","category-connaissance-et-spiritualite","category-crimes-contre-lhumanite","category-easy-constat","category-frontieres-de-lincroyable","category-futurs-high-tech","category-leveil","category-lamour-a-la-machine","category-les-trompettes-celestes","category-opinion","category-sante-info-droits","category-sciences-technologies","category-troisieme-guerre-mondiale"],"featured_image_src":"https:\/\/mlrdeoj2ejbf.i.optimole.com\/cb:mvHM.4ca\/w:auto\/h:auto\/q:mauto\/f:best\/https:\/\/i0.wp.com\/planetactus.com\/wp-content\/uploads\/2025\/01\/Soins-de-Demain.LIA-en-Support-Pas-en-Remplacement.-France-Assos-Sante-Defend-une-IA-au-Service-des-Patients_Planet-Actus-IA.jpg?fit=1024%2C1024&ssl=1","author_info":{"display_name":"planetactus.com","author_link":"https:\/\/planetactus.com\/index.php\/author\/admin9861\/"},"yoast_head":"<!-- This site is optimized with the Yoast SEO plugin v27.5 - https:\/\/yoast.com\/product\/yoast-seo-wordpress\/ -->\n<title>Soins de Demain : L\u2019IA en Support, Pas en Remplacement | Enjeux et Responsabilit\u00e9s : Une R\u00e9volution \u00e0 Encadrer pour Mieux Servir ? -<\/title>\n<meta name=\"description\" content=\"France Assos Sant\u00e9 a publi\u00e9 le premier volet de son manifeste intitul\u00e9 &quot;Des usages responsables pour l\u2019intelligence artificielle ?&quot;, une r\u00e9flexion essentielle sur l\u2019int\u00e9gration de l\u2019intelligence artificielle (IA) dans le syst\u00e8me de sant\u00e9. Alors que les outils bas\u00e9s sur l\u2019IA promettent des avanc\u00e9es notables en termes de pr\u00e9cision, d\u2019efficacit\u00e9, et de s\u00e9curit\u00e9 dans les soins m\u00e9dicaux, ils soul\u00e8vent \u00e9galement des questions fondamentales sur la responsabilit\u00e9, la transparence et l\u2019\u00e9thique.\" class=\"yoast-seo-meta-tag\" \/>\n<meta name=\"robots\" content=\"index, follow, max-snippet:-1, max-image-preview:large, max-video-preview:-1\" \/>\n<link rel=\"canonical\" href=\"https:\/\/planetactus.com\/index.php\/2025\/01\/28\/soins-de-demain-lia-en-support-pas-en-remplacement-enjeux-et-responsabilites-une-revolution-a-encadrer-pour-mieux-servir\/\" class=\"yoast-seo-meta-tag\" \/>\n<meta property=\"og:locale\" content=\"fr_FR\" class=\"yoast-seo-meta-tag\" \/>\n<meta property=\"og:type\" content=\"article\" class=\"yoast-seo-meta-tag\" \/>\n<meta property=\"og:title\" content=\"Soins de Demain : L\u2019IA en Support, Pas en Remplacement | Enjeux et Responsabilit\u00e9s : Une R\u00e9volution \u00e0 Encadrer pour Mieux Servir ?\" class=\"yoast-seo-meta-tag\" \/>\n<meta property=\"og:description\" content=\"France Assos Sant\u00e9 a publi\u00e9 le premier volet de son manifeste intitul\u00e9 &quot;Des usages responsables pour l\u2019intelligence artificielle ?&quot;, une r\u00e9flexion essentielle sur l\u2019int\u00e9gration de l\u2019intelligence artificielle (IA) dans le syst\u00e8me de sant\u00e9. Alors que les outils bas\u00e9s sur l\u2019IA promettent des avanc\u00e9es notables en termes de pr\u00e9cision, d\u2019efficacit\u00e9, et de s\u00e9curit\u00e9 dans les soins m\u00e9dicaux, ils soul\u00e8vent \u00e9galement des questions fondamentales sur la responsabilit\u00e9, la transparence et l\u2019\u00e9thique.\" class=\"yoast-seo-meta-tag\" \/>\n<meta property=\"og:url\" content=\"https:\/\/planetactus.com\/index.php\/2025\/01\/28\/soins-de-demain-lia-en-support-pas-en-remplacement-enjeux-et-responsabilites-une-revolution-a-encadrer-pour-mieux-servir\/\" class=\"yoast-seo-meta-tag\" \/>\n<meta property=\"article:publisher\" content=\"https:\/\/www.facebook.com\/profile.php?id=61561620320740\" class=\"yoast-seo-meta-tag\" \/>\n<meta property=\"article:author\" content=\"https:\/\/www.facebook.com\/profile.php?id=61561620320740\" class=\"yoast-seo-meta-tag\" \/>\n<meta property=\"article:published_time\" content=\"2025-01-28T20:41:59+00:00\" class=\"yoast-seo-meta-tag\" \/>\n<meta property=\"article:modified_time\" content=\"2025-01-28T20:42:10+00:00\" class=\"yoast-seo-meta-tag\" \/>\n<meta property=\"og:image\" content=\"https:\/\/mlrdeoj2ejbf.i.optimole.com\/cb:mvHM.4ca\/w:auto\/h:auto\/q:mauto\/f:best\/http:\/\/planetactus.com\/wp-content\/uploads\/2025\/01\/Soins-de-Demain.LIA-en-Support-Pas-en-Remplacement.-France-Assos-Sante-Defend-une-IA-au-Service-des-Patients_Planet-Actus-IA.jpg\" class=\"yoast-seo-meta-tag\" \/>\n\t<meta property=\"og:image:width\" content=\"1024\" class=\"yoast-seo-meta-tag\" \/>\n\t<meta property=\"og:image:height\" content=\"1024\" class=\"yoast-seo-meta-tag\" \/>\n\t<meta property=\"og:image:type\" content=\"image\/jpeg\" class=\"yoast-seo-meta-tag\" \/>\n<meta name=\"author\" content=\"planetactus.com\" class=\"yoast-seo-meta-tag\" \/>\n<meta name=\"twitter:card\" content=\"summary_large_image\" class=\"yoast-seo-meta-tag\" \/>\n<meta name=\"twitter:title\" content=\"Soins de Demain : L\u2019IA en Support, Pas en Remplacement | Enjeux et Responsabilit\u00e9s : Une R\u00e9volution \u00e0 Encadrer pour Mieux Servir ?\" class=\"yoast-seo-meta-tag\" \/>\n<meta name=\"twitter:description\" content=\"France Assos Sant\u00e9 a publi\u00e9 le premier volet de son manifeste intitul\u00e9 &quot;Des usages responsables pour l\u2019intelligence artificielle ?&quot;, une r\u00e9flexion essentielle sur l\u2019int\u00e9gration de l\u2019intelligence artificielle (IA) dans le syst\u00e8me de sant\u00e9. Alors que les outils bas\u00e9s sur l\u2019IA promettent des avanc\u00e9es notables en termes de pr\u00e9cision, d\u2019efficacit\u00e9, et de s\u00e9curit\u00e9 dans les soins m\u00e9dicaux, ils soul\u00e8vent \u00e9galement des questions fondamentales sur la responsabilit\u00e9, la transparence et l\u2019\u00e9thique.\" class=\"yoast-seo-meta-tag\" \/>\n<meta name=\"twitter:image\" content=\"https:\/\/mlrdeoj2ejbf.i.optimole.com\/cb:mvHM.4ca\/w:auto\/h:auto\/q:mauto\/f:best\/https:\/\/i0.wp.com\/planetactus.com\/wp-content\/uploads\/2025\/01\/Soins-de-Demain.LIA-en-Support-Pas-en-Remplacement.-France-Assos-Sante-Defend-une-IA-au-Service-des-Patients_Planet-Actus-IA.jpg?fit=1024%2C1024&ssl=1\" class=\"yoast-seo-meta-tag\" \/>\n<meta name=\"twitter:creator\" content=\"@https:\/\/x.com\/PlanetActus\" class=\"yoast-seo-meta-tag\" \/>\n<meta name=\"twitter:site\" content=\"@PlanetActus\" class=\"yoast-seo-meta-tag\" \/>\n<meta name=\"twitter:label1\" content=\"\u00c9crit par\" class=\"yoast-seo-meta-tag\" \/>\n\t<meta name=\"twitter:data1\" content=\"planetactus.com\" class=\"yoast-seo-meta-tag\" \/>\n\t<meta name=\"twitter:label2\" content=\"Dur\u00e9e de lecture estim\u00e9e\" class=\"yoast-seo-meta-tag\" \/>\n\t<meta name=\"twitter:data2\" content=\"9 minutes\" class=\"yoast-seo-meta-tag\" \/>\n<script type=\"application\/ld+json\" class=\"yoast-schema-graph\">{\"@context\":\"https:\\\/\\\/schema.org\",\"@graph\":[{\"@type\":\"Article\",\"@id\":\"https:\\\/\\\/planetactus.com\\\/index.php\\\/2025\\\/01\\\/28\\\/soins-de-demain-lia-en-support-pas-en-remplacement-enjeux-et-responsabilites-une-revolution-a-encadrer-pour-mieux-servir\\\/#article\",\"isPartOf\":{\"@id\":\"https:\\\/\\\/planetactus.com\\\/index.php\\\/2025\\\/01\\\/28\\\/soins-de-demain-lia-en-support-pas-en-remplacement-enjeux-et-responsabilites-une-revolution-a-encadrer-pour-mieux-servir\\\/\"},\"author\":{\"name\":\"planetactus.com\",\"@id\":\"https:\\\/\\\/planetactus.com\\\/#\\\/schema\\\/person\\\/fbb75ac73a2424d2e176d31b021372a4\"},\"headline\":\"Soins de Demain : L\u2019IA en Support, Pas en Remplacement | Enjeux et Responsabilit\u00e9s : Une R\u00e9volution \u00e0 Encadrer pour Mieux Servir ?\",\"datePublished\":\"2025-01-28T20:41:59+00:00\",\"dateModified\":\"2025-01-28T20:42:10+00:00\",\"mainEntityOfPage\":{\"@id\":\"https:\\\/\\\/planetactus.com\\\/index.php\\\/2025\\\/01\\\/28\\\/soins-de-demain-lia-en-support-pas-en-remplacement-enjeux-et-responsabilites-une-revolution-a-encadrer-pour-mieux-servir\\\/\"},\"wordCount\":1860,\"commentCount\":1,\"publisher\":{\"@id\":\"https:\\\/\\\/planetactus.com\\\/#\\\/schema\\\/person\\\/fbb75ac73a2424d2e176d31b021372a4\"},\"image\":{\"@id\":\"https:\\\/\\\/planetactus.com\\\/index.php\\\/2025\\\/01\\\/28\\\/soins-de-demain-lia-en-support-pas-en-remplacement-enjeux-et-responsabilites-une-revolution-a-encadrer-pour-mieux-servir\\\/#primaryimage\"},\"thumbnailUrl\":\"https:\\/\\/i0.wp.com\\/planetactus.com\\/wp-content\\/uploads\\/2025\\/01\\/Soins-de-Demain.LIA-en-Support-Pas-en-Remplacement.-France-Assos-Sante-Defend-une-IA-au-Service-des-Patients_Planet-Actus-IA.jpg?fit=1024%2C1024&ssl=1\",\"articleSection\":[\"A la Une\",\"Amour et Pand\u00e9mie\",\"Baba Vanga\",\"Certifiez, S\u00e9curisez, Partagez\",\"Connaissance et Spiritualit\u00e9\",\"Crimes Contre l'Humanit\u00e9\",\"Easy Constat\",\"Fronti\u00e8res de l\u2019Incroyable\",\"Futurs - High-tech\",\"L'Eveil\",\"L\u2019Amour \u00e0 la machine\",\"Les Trompettes C\u00e9lestes\",\"Opinion\",\"Sant\u00e9 - Info - Droits\",\"Sciences &amp; technologies\",\"Troisi\u00e8me Guerre Mondiale\"],\"inLanguage\":\"fr-FR\",\"potentialAction\":[{\"@type\":\"CommentAction\",\"name\":\"Comment\",\"target\":[\"https:\\\/\\\/planetactus.com\\\/index.php\\\/2025\\\/01\\\/28\\\/soins-de-demain-lia-en-support-pas-en-remplacement-enjeux-et-responsabilites-une-revolution-a-encadrer-pour-mieux-servir\\\/#respond\"]}]},{\"@type\":\"WebPage\",\"@id\":\"https:\\\/\\\/planetactus.com\\\/index.php\\\/2025\\\/01\\\/28\\\/soins-de-demain-lia-en-support-pas-en-remplacement-enjeux-et-responsabilites-une-revolution-a-encadrer-pour-mieux-servir\\\/\",\"url\":\"https:\\\/\\\/planetactus.com\\\/index.php\\\/2025\\\/01\\\/28\\\/soins-de-demain-lia-en-support-pas-en-remplacement-enjeux-et-responsabilites-une-revolution-a-encadrer-pour-mieux-servir\\\/\",\"name\":\"Soins de Demain : L\u2019IA en Support, Pas en Remplacement | Enjeux et Responsabilit\u00e9s : Une R\u00e9volution \u00e0 Encadrer pour Mieux Servir ? -\",\"isPartOf\":{\"@id\":\"https:\\\/\\\/planetactus.com\\\/#website\"},\"primaryImageOfPage\":{\"@id\":\"https:\\\/\\\/planetactus.com\\\/index.php\\\/2025\\\/01\\\/28\\\/soins-de-demain-lia-en-support-pas-en-remplacement-enjeux-et-responsabilites-une-revolution-a-encadrer-pour-mieux-servir\\\/#primaryimage\"},\"image\":{\"@id\":\"https:\\\/\\\/planetactus.com\\\/index.php\\\/2025\\\/01\\\/28\\\/soins-de-demain-lia-en-support-pas-en-remplacement-enjeux-et-responsabilites-une-revolution-a-encadrer-pour-mieux-servir\\\/#primaryimage\"},\"thumbnailUrl\":\"https:\\/\\/i0.wp.com\\/planetactus.com\\/wp-content\\/uploads\\/2025\\/01\\/Soins-de-Demain.LIA-en-Support-Pas-en-Remplacement.-France-Assos-Sante-Defend-une-IA-au-Service-des-Patients_Planet-Actus-IA.jpg?fit=1024%2C1024&ssl=1\",\"datePublished\":\"2025-01-28T20:41:59+00:00\",\"dateModified\":\"2025-01-28T20:42:10+00:00\",\"description\":\"France Assos Sant\u00e9 a publi\u00e9 le premier volet de son manifeste intitul\u00e9 \\\"Des usages responsables pour l\u2019intelligence artificielle ?\\\", une r\u00e9flexion essentielle sur l\u2019int\u00e9gration de l\u2019intelligence artificielle (IA) dans le syst\u00e8me de sant\u00e9. Alors que les outils bas\u00e9s sur l\u2019IA promettent des avanc\u00e9es notables en termes de pr\u00e9cision, d\u2019efficacit\u00e9, et de s\u00e9curit\u00e9 dans les soins m\u00e9dicaux, ils soul\u00e8vent \u00e9galement des questions fondamentales sur la responsabilit\u00e9, la transparence et l\u2019\u00e9thique.\",\"breadcrumb\":{\"@id\":\"https:\\\/\\\/planetactus.com\\\/index.php\\\/2025\\\/01\\\/28\\\/soins-de-demain-lia-en-support-pas-en-remplacement-enjeux-et-responsabilites-une-revolution-a-encadrer-pour-mieux-servir\\\/#breadcrumb\"},\"inLanguage\":\"fr-FR\",\"potentialAction\":[{\"@type\":\"ReadAction\",\"target\":[\"https:\\\/\\\/planetactus.com\\\/index.php\\\/2025\\\/01\\\/28\\\/soins-de-demain-lia-en-support-pas-en-remplacement-enjeux-et-responsabilites-une-revolution-a-encadrer-pour-mieux-servir\\\/\"]}]},{\"@type\":\"ImageObject\",\"inLanguage\":\"fr-FR\",\"@id\":\"https:\\\/\\\/planetactus.com\\\/index.php\\\/2025\\\/01\\\/28\\\/soins-de-demain-lia-en-support-pas-en-remplacement-enjeux-et-responsabilites-une-revolution-a-encadrer-pour-mieux-servir\\\/#primaryimage\",\"url\":\"https:\\/\\/i0.wp.com\\/planetactus.com\\/wp-content\\/uploads\\/2025\\/01\\/Soins-de-Demain.LIA-en-Support-Pas-en-Remplacement.-France-Assos-Sante-Defend-une-IA-au-Service-des-Patients_Planet-Actus-IA.jpg?fit=1024%2C1024&ssl=1\",\"contentUrl\":\"https:\\/\\/i0.wp.com\\/planetactus.com\\/wp-content\\/uploads\\/2025\\/01\\/Soins-de-Demain.LIA-en-Support-Pas-en-Remplacement.-France-Assos-Sante-Defend-une-IA-au-Service-des-Patients_Planet-Actus-IA.jpg?fit=1024%2C1024&ssl=1\",\"width\":1024,\"height\":1024,\"caption\":\"Soins de Demain.L\u2019IA en Support, Pas en Remplacement. France Assos Sant\u00e9 D\u00e9fend une IA au Service des Patients_Planet Actus IA\"},{\"@type\":\"BreadcrumbList\",\"@id\":\"https:\\\/\\\/planetactus.com\\\/index.php\\\/2025\\\/01\\\/28\\\/soins-de-demain-lia-en-support-pas-en-remplacement-enjeux-et-responsabilites-une-revolution-a-encadrer-pour-mieux-servir\\\/#breadcrumb\",\"itemListElement\":[{\"@type\":\"ListItem\",\"position\":1,\"name\":\"Accueil\",\"item\":\"https:\\\/\\\/planetactus.com\\\/\"},{\"@type\":\"ListItem\",\"position\":2,\"name\":\"Soins de Demain : L\u2019IA en Support, Pas en Remplacement | Enjeux et Responsabilit\u00e9s : Une R\u00e9volution \u00e0 Encadrer pour Mieux Servir ?\"}]},{\"@type\":\"WebSite\",\"@id\":\"https:\\\/\\\/planetactus.com\\\/#website\",\"url\":\"https:\\\/\\\/planetactus.com\\\/\",\"name\":\"PLANET ACTUS\",\"description\":\"PLANET ACTUS\",\"publisher\":{\"@id\":\"https:\\\/\\\/planetactus.com\\\/#\\\/schema\\\/person\\\/fbb75ac73a2424d2e176d31b021372a4\"},\"potentialAction\":[{\"@type\":\"SearchAction\",\"target\":{\"@type\":\"EntryPoint\",\"urlTemplate\":\"https:\\\/\\\/planetactus.com\\\/?s={search_term_string}\"},\"query-input\":{\"@type\":\"PropertyValueSpecification\",\"valueRequired\":true,\"valueName\":\"search_term_string\"}}],\"inLanguage\":\"fr-FR\"},{\"@type\":[\"Person\",\"Organization\"],\"@id\":\"https:\\\/\\\/planetactus.com\\\/#\\\/schema\\\/person\\\/fbb75ac73a2424d2e176d31b021372a4\",\"name\":\"planetactus.com\",\"image\":{\"@type\":\"ImageObject\",\"inLanguage\":\"fr-FR\",\"@id\":\"https:\\/\\/i0.wp.com\\/planetactus.com\\/wp-content\\/uploads\\/2024\\/07\\/cropped-2-Planet-Actus-Banniere-02a.jpg?fit=1189%2C365&ssl=1\",\"url\":\"https:\\/\\/i0.wp.com\\/planetactus.com\\/wp-content\\/uploads\\/2024\\/07\\/cropped-2-Planet-Actus-Banniere-02a.jpg?fit=1189%2C365&ssl=1\",\"contentUrl\":\"https:\\/\\/i0.wp.com\\/planetactus.com\\/wp-content\\/uploads\\/2024\\/07\\/cropped-2-Planet-Actus-Banniere-02a.jpg?fit=1189%2C365&ssl=1\",\"width\":1189,\"height\":365,\"caption\":\"planetactus.com\"},\"logo\":{\"@id\":\"https:\\/\\/i0.wp.com\\/planetactus.com\\/wp-content\\/uploads\\/2024\\/07\\/cropped-2-Planet-Actus-Banniere-02a.jpg?fit=1189%2C365&ssl=1\"},\"sameAs\":[\"http:\\\/\\\/planetactus.com\",\"https:\\\/\\\/www.facebook.com\\\/profile.php?id=61561620320740\",\"https:\\\/\\\/x.com\\\/https:\\\/\\\/x.com\\\/PlanetActus\",\"https:\\\/\\\/www.youtube.com\\\/@PlanetActus\"],\"url\":\"https:\\\/\\\/planetactus.com\\\/index.php\\\/author\\\/admin9861\\\/\"}]}<\/script>\n<!-- \/ Yoast SEO plugin. -->","yoast_head_json":{"title":"Soins de Demain : L\u2019IA en Support, Pas en Remplacement | Enjeux et Responsabilit\u00e9s : Une R\u00e9volution \u00e0 Encadrer pour Mieux Servir ? -","description":"France Assos Sant\u00e9 a publi\u00e9 le premier volet de son manifeste intitul\u00e9 \"Des usages responsables pour l\u2019intelligence artificielle ?\", une r\u00e9flexion essentielle sur l\u2019int\u00e9gration de l\u2019intelligence artificielle (IA) dans le syst\u00e8me de sant\u00e9. Alors que les outils bas\u00e9s sur l\u2019IA promettent des avanc\u00e9es notables en termes de pr\u00e9cision, d\u2019efficacit\u00e9, et de s\u00e9curit\u00e9 dans les soins m\u00e9dicaux, ils soul\u00e8vent \u00e9galement des questions fondamentales sur la responsabilit\u00e9, la transparence et l\u2019\u00e9thique.","robots":{"index":"index","follow":"follow","max-snippet":"max-snippet:-1","max-image-preview":"max-image-preview:large","max-video-preview":"max-video-preview:-1"},"canonical":"https:\/\/planetactus.com\/index.php\/2025\/01\/28\/soins-de-demain-lia-en-support-pas-en-remplacement-enjeux-et-responsabilites-une-revolution-a-encadrer-pour-mieux-servir\/","og_locale":"fr_FR","og_type":"article","og_title":"Soins de Demain : L\u2019IA en Support, Pas en Remplacement | Enjeux et Responsabilit\u00e9s : Une R\u00e9volution \u00e0 Encadrer pour Mieux Servir ?","og_description":"France Assos Sant\u00e9 a publi\u00e9 le premier volet de son manifeste intitul\u00e9 \"Des usages responsables pour l\u2019intelligence artificielle ?\", une r\u00e9flexion essentielle sur l\u2019int\u00e9gration de l\u2019intelligence artificielle (IA) dans le syst\u00e8me de sant\u00e9. Alors que les outils bas\u00e9s sur l\u2019IA promettent des avanc\u00e9es notables en termes de pr\u00e9cision, d\u2019efficacit\u00e9, et de s\u00e9curit\u00e9 dans les soins m\u00e9dicaux, ils soul\u00e8vent \u00e9galement des questions fondamentales sur la responsabilit\u00e9, la transparence et l\u2019\u00e9thique.","og_url":"https:\/\/planetactus.com\/index.php\/2025\/01\/28\/soins-de-demain-lia-en-support-pas-en-remplacement-enjeux-et-responsabilites-une-revolution-a-encadrer-pour-mieux-servir\/","article_publisher":"https:\/\/www.facebook.com\/profile.php?id=61561620320740","article_author":"https:\/\/www.facebook.com\/profile.php?id=61561620320740","article_published_time":"2025-01-28T20:41:59+00:00","article_modified_time":"2025-01-28T20:42:10+00:00","og_image":[{"width":1024,"height":1024,"url":"https:\/\/mlrdeoj2ejbf.i.optimole.com\/cb:mvHM.4ca\/w:auto\/h:auto\/q:mauto\/f:best\/http:\/\/planetactus.com\/wp-content\/uploads\/2025\/01\/Soins-de-Demain.LIA-en-Support-Pas-en-Remplacement.-France-Assos-Sante-Defend-une-IA-au-Service-des-Patients_Planet-Actus-IA.jpg","type":"image\/jpeg"}],"author":"planetactus.com","twitter_card":"summary_large_image","twitter_title":"Soins de Demain : L\u2019IA en Support, Pas en Remplacement | Enjeux et Responsabilit\u00e9s : Une R\u00e9volution \u00e0 Encadrer pour Mieux Servir ?","twitter_description":"France Assos Sant\u00e9 a publi\u00e9 le premier volet de son manifeste intitul\u00e9 \"Des usages responsables pour l\u2019intelligence artificielle ?\", une r\u00e9flexion essentielle sur l\u2019int\u00e9gration de l\u2019intelligence artificielle (IA) dans le syst\u00e8me de sant\u00e9. Alors que les outils bas\u00e9s sur l\u2019IA promettent des avanc\u00e9es notables en termes de pr\u00e9cision, d\u2019efficacit\u00e9, et de s\u00e9curit\u00e9 dans les soins m\u00e9dicaux, ils soul\u00e8vent \u00e9galement des questions fondamentales sur la responsabilit\u00e9, la transparence et l\u2019\u00e9thique.","twitter_image":"https:\/\/mlrdeoj2ejbf.i.optimole.com\/cb:mvHM.4ca\/w:auto\/h:auto\/q:mauto\/f:best\/https:\/\/i0.wp.com\/planetactus.com\/wp-content\/uploads\/2025\/01\/Soins-de-Demain.LIA-en-Support-Pas-en-Remplacement.-France-Assos-Sante-Defend-une-IA-au-Service-des-Patients_Planet-Actus-IA.jpg?fit=1024%2C1024&ssl=1","twitter_creator":"@https:\/\/x.com\/PlanetActus","twitter_site":"@PlanetActus","twitter_misc":{"\u00c9crit par":"planetactus.com","Dur\u00e9e de lecture estim\u00e9e":"9 minutes"},"schema":{"@context":"https:\/\/schema.org","@graph":[{"@type":"Article","@id":"https:\/\/planetactus.com\/index.php\/2025\/01\/28\/soins-de-demain-lia-en-support-pas-en-remplacement-enjeux-et-responsabilites-une-revolution-a-encadrer-pour-mieux-servir\/#article","isPartOf":{"@id":"https:\/\/planetactus.com\/index.php\/2025\/01\/28\/soins-de-demain-lia-en-support-pas-en-remplacement-enjeux-et-responsabilites-une-revolution-a-encadrer-pour-mieux-servir\/"},"author":{"name":"planetactus.com","@id":"https:\/\/planetactus.com\/#\/schema\/person\/fbb75ac73a2424d2e176d31b021372a4"},"headline":"Soins de Demain : L\u2019IA en Support, Pas en Remplacement | Enjeux et Responsabilit\u00e9s : Une R\u00e9volution \u00e0 Encadrer pour Mieux Servir ?","datePublished":"2025-01-28T20:41:59+00:00","dateModified":"2025-01-28T20:42:10+00:00","mainEntityOfPage":{"@id":"https:\/\/planetactus.com\/index.php\/2025\/01\/28\/soins-de-demain-lia-en-support-pas-en-remplacement-enjeux-et-responsabilites-une-revolution-a-encadrer-pour-mieux-servir\/"},"wordCount":1860,"commentCount":1,"publisher":{"@id":"https:\/\/planetactus.com\/#\/schema\/person\/fbb75ac73a2424d2e176d31b021372a4"},"image":{"@id":"https:\/\/planetactus.com\/index.php\/2025\/01\/28\/soins-de-demain-lia-en-support-pas-en-remplacement-enjeux-et-responsabilites-une-revolution-a-encadrer-pour-mieux-servir\/#primaryimage"},"thumbnailUrl":"https:\/\/mlrdeoj2ejbf.i.optimole.com\/cb:mvHM.4ca\/w:auto\/h:auto\/q:mauto\/f:best\/https:\/\/i0.wp.com\/planetactus.com\/wp-content\/uploads\/2025\/01\/Soins-de-Demain.LIA-en-Support-Pas-en-Remplacement.-France-Assos-Sante-Defend-une-IA-au-Service-des-Patients_Planet-Actus-IA.jpg?fit=1024%2C1024&ssl=1","articleSection":["A la Une","Amour et Pand\u00e9mie","Baba Vanga","Certifiez, S\u00e9curisez, Partagez","Connaissance et Spiritualit\u00e9","Crimes Contre l'Humanit\u00e9","Easy Constat","Fronti\u00e8res de l\u2019Incroyable","Futurs - High-tech","L'Eveil","L\u2019Amour \u00e0 la machine","Les Trompettes C\u00e9lestes","Opinion","Sant\u00e9 - Info - Droits","Sciences &amp; technologies","Troisi\u00e8me Guerre Mondiale"],"inLanguage":"fr-FR","potentialAction":[{"@type":"CommentAction","name":"Comment","target":["https:\/\/planetactus.com\/index.php\/2025\/01\/28\/soins-de-demain-lia-en-support-pas-en-remplacement-enjeux-et-responsabilites-une-revolution-a-encadrer-pour-mieux-servir\/#respond"]}]},{"@type":"WebPage","@id":"https:\/\/planetactus.com\/index.php\/2025\/01\/28\/soins-de-demain-lia-en-support-pas-en-remplacement-enjeux-et-responsabilites-une-revolution-a-encadrer-pour-mieux-servir\/","url":"https:\/\/planetactus.com\/index.php\/2025\/01\/28\/soins-de-demain-lia-en-support-pas-en-remplacement-enjeux-et-responsabilites-une-revolution-a-encadrer-pour-mieux-servir\/","name":"Soins de Demain : L\u2019IA en Support, Pas en Remplacement | Enjeux et Responsabilit\u00e9s : Une R\u00e9volution \u00e0 Encadrer pour Mieux Servir ? -","isPartOf":{"@id":"https:\/\/planetactus.com\/#website"},"primaryImageOfPage":{"@id":"https:\/\/planetactus.com\/index.php\/2025\/01\/28\/soins-de-demain-lia-en-support-pas-en-remplacement-enjeux-et-responsabilites-une-revolution-a-encadrer-pour-mieux-servir\/#primaryimage"},"image":{"@id":"https:\/\/planetactus.com\/index.php\/2025\/01\/28\/soins-de-demain-lia-en-support-pas-en-remplacement-enjeux-et-responsabilites-une-revolution-a-encadrer-pour-mieux-servir\/#primaryimage"},"thumbnailUrl":"https:\/\/mlrdeoj2ejbf.i.optimole.com\/cb:mvHM.4ca\/w:auto\/h:auto\/q:mauto\/f:best\/https:\/\/i0.wp.com\/planetactus.com\/wp-content\/uploads\/2025\/01\/Soins-de-Demain.LIA-en-Support-Pas-en-Remplacement.-France-Assos-Sante-Defend-une-IA-au-Service-des-Patients_Planet-Actus-IA.jpg?fit=1024%2C1024&ssl=1","datePublished":"2025-01-28T20:41:59+00:00","dateModified":"2025-01-28T20:42:10+00:00","description":"France Assos Sant\u00e9 a publi\u00e9 le premier volet de son manifeste intitul\u00e9 \"Des usages responsables pour l\u2019intelligence artificielle ?\", une r\u00e9flexion essentielle sur l\u2019int\u00e9gration de l\u2019intelligence artificielle (IA) dans le syst\u00e8me de sant\u00e9. Alors que les outils bas\u00e9s sur l\u2019IA promettent des avanc\u00e9es notables en termes de pr\u00e9cision, d\u2019efficacit\u00e9, et de s\u00e9curit\u00e9 dans les soins m\u00e9dicaux, ils soul\u00e8vent \u00e9galement des questions fondamentales sur la responsabilit\u00e9, la transparence et l\u2019\u00e9thique.","breadcrumb":{"@id":"https:\/\/planetactus.com\/index.php\/2025\/01\/28\/soins-de-demain-lia-en-support-pas-en-remplacement-enjeux-et-responsabilites-une-revolution-a-encadrer-pour-mieux-servir\/#breadcrumb"},"inLanguage":"fr-FR","potentialAction":[{"@type":"ReadAction","target":["https:\/\/planetactus.com\/index.php\/2025\/01\/28\/soins-de-demain-lia-en-support-pas-en-remplacement-enjeux-et-responsabilites-une-revolution-a-encadrer-pour-mieux-servir\/"]}]},{"@type":"ImageObject","inLanguage":"fr-FR","@id":"https:\/\/planetactus.com\/index.php\/2025\/01\/28\/soins-de-demain-lia-en-support-pas-en-remplacement-enjeux-et-responsabilites-une-revolution-a-encadrer-pour-mieux-servir\/#primaryimage","url":"https:\/\/mlrdeoj2ejbf.i.optimole.com\/cb:mvHM.4ca\/w:auto\/h:auto\/q:mauto\/f:best\/https:\/\/i0.wp.com\/planetactus.com\/wp-content\/uploads\/2025\/01\/Soins-de-Demain.LIA-en-Support-Pas-en-Remplacement.-France-Assos-Sante-Defend-une-IA-au-Service-des-Patients_Planet-Actus-IA.jpg?fit=1024%2C1024&ssl=1","contentUrl":"https:\/\/mlrdeoj2ejbf.i.optimole.com\/cb:mvHM.4ca\/w:auto\/h:auto\/q:mauto\/f:best\/https:\/\/i0.wp.com\/planetactus.com\/wp-content\/uploads\/2025\/01\/Soins-de-Demain.LIA-en-Support-Pas-en-Remplacement.-France-Assos-Sante-Defend-une-IA-au-Service-des-Patients_Planet-Actus-IA.jpg?fit=1024%2C1024&ssl=1","width":1024,"height":1024,"caption":"Soins de Demain.L\u2019IA en Support, Pas en Remplacement. France Assos Sant\u00e9 D\u00e9fend une IA au Service des Patients_Planet Actus IA"},{"@type":"BreadcrumbList","@id":"https:\/\/planetactus.com\/index.php\/2025\/01\/28\/soins-de-demain-lia-en-support-pas-en-remplacement-enjeux-et-responsabilites-une-revolution-a-encadrer-pour-mieux-servir\/#breadcrumb","itemListElement":[{"@type":"ListItem","position":1,"name":"Accueil","item":"https:\/\/planetactus.com\/"},{"@type":"ListItem","position":2,"name":"Soins de Demain : L\u2019IA en Support, Pas en Remplacement | Enjeux et Responsabilit\u00e9s : Une R\u00e9volution \u00e0 Encadrer pour Mieux Servir ?"}]},{"@type":"WebSite","@id":"https:\/\/planetactus.com\/#website","url":"https:\/\/planetactus.com\/","name":"PLANET ACTUS","description":"PLANET ACTUS","publisher":{"@id":"https:\/\/planetactus.com\/#\/schema\/person\/fbb75ac73a2424d2e176d31b021372a4"},"potentialAction":[{"@type":"SearchAction","target":{"@type":"EntryPoint","urlTemplate":"https:\/\/planetactus.com\/?s={search_term_string}"},"query-input":{"@type":"PropertyValueSpecification","valueRequired":true,"valueName":"search_term_string"}}],"inLanguage":"fr-FR"},{"@type":["Person","Organization"],"@id":"https:\/\/planetactus.com\/#\/schema\/person\/fbb75ac73a2424d2e176d31b021372a4","name":"planetactus.com","image":{"@type":"ImageObject","inLanguage":"fr-FR","@id":"https:\/\/mlrdeoj2ejbf.i.optimole.com\/cb:mvHM.4ca\/w:auto\/h:auto\/q:mauto\/f:best\/https:\/\/i0.wp.com\/planetactus.com\/wp-content\/uploads\/2024\/07\/cropped-2-Planet-Actus-Banniere-02a.jpg?fit=1189%2C365&ssl=1","url":"https:\/\/mlrdeoj2ejbf.i.optimole.com\/cb:mvHM.4ca\/w:auto\/h:auto\/q:mauto\/f:best\/https:\/\/i0.wp.com\/planetactus.com\/wp-content\/uploads\/2024\/07\/cropped-2-Planet-Actus-Banniere-02a.jpg?fit=1189%2C365&ssl=1","contentUrl":"https:\/\/mlrdeoj2ejbf.i.optimole.com\/cb:mvHM.4ca\/w:auto\/h:auto\/q:mauto\/f:best\/https:\/\/i0.wp.com\/planetactus.com\/wp-content\/uploads\/2024\/07\/cropped-2-Planet-Actus-Banniere-02a.jpg?fit=1189%2C365&ssl=1","width":1189,"height":365,"caption":"planetactus.com"},"logo":{"@id":"https:\/\/mlrdeoj2ejbf.i.optimole.com\/cb:mvHM.4ca\/w:auto\/h:auto\/q:mauto\/f:best\/https:\/\/i0.wp.com\/planetactus.com\/wp-content\/uploads\/2024\/07\/cropped-2-Planet-Actus-Banniere-02a.jpg?fit=1189%2C365&ssl=1"},"sameAs":["http:\/\/planetactus.com","https:\/\/www.facebook.com\/profile.php?id=61561620320740","https:\/\/x.com\/https:\/\/x.com\/PlanetActus","https:\/\/www.youtube.com\/@PlanetActus"],"url":"https:\/\/planetactus.com\/index.php\/author\/admin9861\/"}]}},"jetpack_publicize_connections":[],"jetpack_featured_media_url":"https:\/\/mlrdeoj2ejbf.i.optimole.com\/cb:mvHM.4ca\/w:auto\/h:auto\/q:mauto\/f:best\/https:\/\/i0.wp.com\/planetactus.com\/wp-content\/uploads\/2025\/01\/Soins-de-Demain.LIA-en-Support-Pas-en-Remplacement.-France-Assos-Sante-Defend-une-IA-au-Service-des-Patients_Planet-Actus-IA.jpg?fit=1024%2C1024&ssl=1","jetpack_sharing_enabled":true,"_links":{"self":[{"href":"https:\/\/planetactus.com\/index.php\/wp-json\/wp\/v2\/posts\/3729","targetHints":{"allow":["GET"]}}],"collection":[{"href":"https:\/\/planetactus.com\/index.php\/wp-json\/wp\/v2\/posts"}],"about":[{"href":"https:\/\/planetactus.com\/index.php\/wp-json\/wp\/v2\/types\/post"}],"author":[{"embeddable":true,"href":"https:\/\/planetactus.com\/index.php\/wp-json\/wp\/v2\/users\/1"}],"replies":[{"embeddable":true,"href":"https:\/\/planetactus.com\/index.php\/wp-json\/wp\/v2\/comments?post=3729"}],"version-history":[{"count":20,"href":"https:\/\/planetactus.com\/index.php\/wp-json\/wp\/v2\/posts\/3729\/revisions"}],"predecessor-version":[{"id":3769,"href":"https:\/\/planetactus.com\/index.php\/wp-json\/wp\/v2\/posts\/3729\/revisions\/3769"}],"wp:featuredmedia":[{"embeddable":true,"href":"https:\/\/planetactus.com\/index.php\/wp-json\/wp\/v2\/media\/3742"}],"wp:attachment":[{"href":"https:\/\/planetactus.com\/index.php\/wp-json\/wp\/v2\/media?parent=3729"}],"wp:term":[{"taxonomy":"category","embeddable":true,"href":"https:\/\/planetactus.com\/index.php\/wp-json\/wp\/v2\/categories?post=3729"},{"taxonomy":"post_tag","embeddable":true,"href":"https:\/\/planetactus.com\/index.php\/wp-json\/wp\/v2\/tags?post=3729"}],"curies":[{"name":"wp","href":"https:\/\/api.w.org\/{rel}","templated":true}]}}