{"id":3841,"date":"2025-03-04T17:23:17","date_gmt":"2025-03-04T16:23:17","guid":{"rendered":"https:\/\/planetactus.com\/?p=3841"},"modified":"2025-03-08T03:26:45","modified_gmt":"2025-03-08T02:26:45","slug":"cyclone-garance-a-la-reunion-reclamer-votre-indemnisation-etape-par-etape-le-guide-des-demarches-pour-recuperer-vos-pertes-et-se-reconstruire","status":"publish","type":"post","link":"https:\/\/planetactus.com\/index.php\/2025\/03\/04\/cyclone-garance-a-la-reunion-reclamer-votre-indemnisation-etape-par-etape-le-guide-des-demarches-pour-recuperer-vos-pertes-et-se-reconstruire\/","title":{"rendered":"Cyclone Garance \u00e0 La R\u00e9union : r\u00e9clamez votre indemnisation, \u00e9tape par \u00e9tape. Le guide des d\u00e9marches pour r\u00e9cup\u00e9rer vos pertes et vous reconstruire."},"content":{"rendered":"\n<p><mark style=\"background-color:rgba(0, 0, 0, 0)\" class=\"has-inline-color has-vivid-red-color\"><strong>Cyclone Garance \u00e0 La R\u00e9union : Guide complet des d\u00e9marches de remboursement et d&rsquo;indemnisation<\/strong>.<\/mark><\/p>\n\n\n\n<p><strong>Le cyclone Garance a frapp\u00e9 l&rsquo;\u00eele de La R\u00e9union avec une violence d\u00e9vastatrice, laissant derri\u00e8re lui un bilan lourd : au moins <a href=\"https:\/\/www.bfmtv.com\/outre-mer\/la-reunion\/cyclone-garance-a-la-reunion-le-bilan-des-intemperies-monte-a-cinq-morts_AD-202503040036.html\">cinq morts<\/a> \ud83d\udd17, des routes inond\u00e9es, des habitations endommag\u00e9es, et plus de 182 000 foyers priv\u00e9s d&rsquo;\u00e9lectricit\u00e9 ainsi que 171 000 sans acc\u00e8s \u00e0 l&rsquo;eau potable. Face \u00e0 cette catastrophe, les habitants doivent maintenant faire face au d\u00e9fi de la reconstruction et des d\u00e9marches d&rsquo;indemnisation. Cet article propose un guide complet pour orienter les sinistr\u00e9s dans leurs recours.<\/strong><\/p>\n\n\n\n<figure class=\"wp-block-embed aligncenter is-type-video is-provider-youtube wp-block-embed-youtube wp-embed-aspect-16-9 wp-has-aspect-ratio\"><div class=\"wp-block-embed__wrapper\">\n<iframe  id=\"_ytid_28366\"  width=\"640\" height=\"360\"  data-origwidth=\"640\" data-origheight=\"360\" src=\"https:\/\/www.youtube.com\/embed\/BOVxScdtx24?enablejsapi=1&#038;autoplay=0&#038;cc_load_policy=0&#038;cc_lang_pref=&#038;iv_load_policy=1&#038;loop=0&#038;rel=1&#038;fs=1&#038;playsinline=0&#038;autohide=2&#038;theme=dark&#038;color=red&#038;controls=1&#038;disablekb=0&#038;\" class=\"__youtube_prefs__  epyt-is-override  no-lazyload\" title=\"YouTube player\"  allow=\"fullscreen; accelerometer; autoplay; clipboard-write; encrypted-media; gyroscope; picture-in-picture; web-share\" referrerpolicy=\"strict-origin-when-cross-origin\" allowfullscreen data-no-lazy=\"1\" data-skipgform_ajax_framebjll=\"\"><\/iframe>\n<\/div><figcaption class=\"wp-element-caption\"><strong>La R\u00e9union : des habitants au coeur du cyclone <\/strong>\uff5c<a href=\"https:\/\/www.youtube.com\/watch?v=BOVxScdtx24\">TF1 INFO<\/a> : Le passage du cyclone tropical Garance \u00e0 La R\u00e9union a fait au moins trois morts, a annonc\u00e9 la pr\u00e9fecture de l&rsquo;\u00eele sur X, vendredi 28 f\u00e9vrier. Un peu plus t\u00f4t, elle avait pr\u00e9cis\u00e9 \u00e0 l&rsquo;AFP qu&rsquo;un homme avait \u00e9t\u00e9 tu\u00e9 dans un incendie d&rsquo;origine \u00e9lectrique. Le ph\u00e9nom\u00e8ne m\u00e9t\u00e9o s&rsquo;\u00e9loigne d\u00e9sormais de l&rsquo;\u00eele, selon un bulletin d&rsquo;information de M\u00e9t\u00e9o-France. Au moins 182 000 foyers sont priv\u00e9s d&rsquo;\u00e9lectricit\u00e9, tandis que 171 000 n&rsquo;ont plus acc\u00e8s \u00e0 l&rsquo;eau potable.<\/figcaption><\/figure>\n\n\n\n<figure class=\"wp-block-embed aligncenter is-type-video is-provider-youtube wp-block-embed-youtube wp-embed-aspect-16-9 wp-has-aspect-ratio\"><div class=\"wp-block-embed__wrapper\">\n<iframe  id=\"_ytid_52181\"  width=\"640\" height=\"360\"  data-origwidth=\"640\" data-origheight=\"360\" src=\"https:\/\/www.youtube.com\/embed\/aWhj6xuRgiU?enablejsapi=1&#038;autoplay=0&#038;cc_load_policy=0&#038;cc_lang_pref=&#038;iv_load_policy=1&#038;loop=0&#038;rel=1&#038;fs=1&#038;playsinline=0&#038;autohide=2&#038;theme=dark&#038;color=red&#038;controls=1&#038;disablekb=0&#038;\" class=\"__youtube_prefs__  epyt-is-override  no-lazyload\" title=\"YouTube player\"  allow=\"fullscreen; accelerometer; autoplay; clipboard-write; encrypted-media; gyroscope; picture-in-picture; web-share\" referrerpolicy=\"strict-origin-when-cross-origin\" allowfullscreen data-no-lazy=\"1\" data-skipgform_ajax_framebjll=\"\"><\/iframe>\n<\/div><figcaption class=\"wp-element-caption\"><a href=\"https:\/\/www.youtube.com\/watch?v=aWhj6xuRgiU\">GRAND FORMAT<\/a> : <strong>L&rsquo;Est de La R\u00e9union d\u00e9vast\u00e9 par Garance <\/strong>: immersion dans la caserne de pompiers de Saint-Beno\u00eet.<\/figcaption><\/figure>\n\n\n\n<figure class=\"wp-block-embed aligncenter is-type-video is-provider-youtube wp-block-embed-youtube wp-embed-aspect-16-9 wp-has-aspect-ratio\"><div class=\"wp-block-embed__wrapper\">\n<iframe  id=\"_ytid_42797\"  width=\"640\" height=\"360\"  data-origwidth=\"640\" data-origheight=\"360\" src=\"https:\/\/www.youtube.com\/embed\/iNBZffHDtZk?enablejsapi=1&#038;autoplay=0&#038;cc_load_policy=0&#038;cc_lang_pref=&#038;iv_load_policy=1&#038;loop=0&#038;rel=1&#038;fs=1&#038;playsinline=0&#038;autohide=2&#038;theme=dark&#038;color=red&#038;controls=1&#038;disablekb=0&#038;\" class=\"__youtube_prefs__  epyt-is-override  no-lazyload\" title=\"YouTube player\"  allow=\"fullscreen; accelerometer; autoplay; clipboard-write; encrypted-media; gyroscope; picture-in-picture; web-share\" referrerpolicy=\"strict-origin-when-cross-origin\" allowfullscreen data-no-lazy=\"1\" data-skipgform_ajax_framebjll=\"\"><\/iframe>\n<\/div><figcaption class=\"wp-element-caption\">Les R\u00e9unionnais d\u00e9couvrent une \u00eele \u00ab&nbsp;d\u00e9figur\u00e9e&nbsp;\u00bb par le cyclone Garance : CYCLONE &#8211; Arbres arrach\u00e9s, voitures emport\u00e9es par les flots, routes et \u00e9lectricit\u00e9 coup\u00e9es\u2026 Les habitants de l\u2019\u00eele de La R\u00e9union, o\u00f9 l\u2019alerte rouge a \u00e9t\u00e9 lev\u00e9e ce samedi 1er mars, commencent \u00e0 mesurer l\u2019ampleur des d\u00e9g\u00e2ts au lendemain du passage du cyclone Garance, qui a provoqu\u00e9 la mort de quatre personnes \/<strong><a href=\"https:\/\/www.youtube.com\/watch?v=iNBZffHDtZk\"> Le HuffPost.<\/a><\/strong><\/figcaption><\/figure>\n\n\n\n<p><mark style=\"background-color:rgba(0, 0, 0, 0)\" class=\"has-inline-color has-vivid-red-color\"><strong>Proc\u00e9dure acc\u00e9l\u00e9r\u00e9e pour la reconnaissance de l&rsquo;\u00e9tat de catastrophe naturelle<\/strong>.<\/mark><\/p>\n\n\n\n<p><a href=\"https:\/\/www.google.com\/search?client=firefox-b-d&amp;q=Patrice+Latron\">Patrice Latron,<\/a> pr\u00e9fet de La R\u00e9union, <a href=\"https:\/\/la1ere.francetvinfo.fr\/reunion\/cyclone-garance-le-ministre-des-outre-mer-manuels-valls-sera-a-la-reunion-jeudi-et-vendredi-1565908.html\">a annonc\u00e9<\/a> \ud83d\udd17 : <em>\u00ab\u00a0On lance la proc\u00e9dure catastrophe naturelle en proc\u00e9dure acc\u00e9l\u00e9r\u00e9e. La commission nationale, sous l&rsquo;autorit\u00e9 du ministre de l&rsquo;Int\u00e9rieur, se tiendra le 7 mars. Il ne fait aucun doute que la catastrophe naturelle sera reconnue.\u00a0\u00bb<\/em><\/p>\n\n\n\n<figure class=\"wp-block-embed aligncenter is-type-video is-provider-youtube wp-block-embed-youtube wp-embed-aspect-16-9 wp-has-aspect-ratio\"><div class=\"wp-block-embed__wrapper\">\n<iframe  id=\"_ytid_42320\"  width=\"640\" height=\"360\"  data-origwidth=\"640\" data-origheight=\"360\" src=\"https:\/\/www.youtube.com\/embed\/CkQ2XodDJE4?enablejsapi=1&#038;autoplay=0&#038;cc_load_policy=0&#038;cc_lang_pref=&#038;iv_load_policy=1&#038;loop=0&#038;rel=1&#038;fs=1&#038;playsinline=0&#038;autohide=2&#038;theme=dark&#038;color=red&#038;controls=1&#038;disablekb=0&#038;\" class=\"__youtube_prefs__  epyt-is-override  no-lazyload\" title=\"YouTube player\"  allow=\"fullscreen; accelerometer; autoplay; clipboard-write; encrypted-media; gyroscope; picture-in-picture; web-share\" referrerpolicy=\"strict-origin-when-cross-origin\" allowfullscreen data-no-lazy=\"1\" data-skipgform_ajax_framebjll=\"\"><\/iframe>\n<\/div><figcaption class=\"wp-element-caption\"><strong>Catastrophes naturelles : le r\u00e9gime d&rsquo;indemnisation revu par le S\u00e9nat <\/strong>: L&rsquo;\u00e9mission qui donne les cl\u00e9s pour comprendre l&rsquo;actualit\u00e9 du S\u00e9nat. S\u00e9ances publiques, commissions d&rsquo;enqu\u00eate, auditions, rapports parlementaires&#8230; Deux fois par semaine, accompagn\u00e9 de s\u00e9nateurs et s\u00e9natrices, on d\u00e9crypte et on vous explique les moments forts de la Chambre haute \/ Public S\u00e9nat.<\/figcaption><\/figure>\n\n\n\n<p><strong><mark style=\"background-color:rgba(0, 0, 0, 0)\" class=\"has-inline-color has-vivid-red-color\">Un mois pour d\u00e9clarer les sinistres, des aides pour les agriculteurs.<\/mark><\/strong><\/p>\n\n\n\n<p>A partir de la <strong>reconnaissance de l\u2019\u00e9tat de catastrophe naturelle<\/strong>, les R\u00e9unionnais disposeront d\u2019un mois pour effectuer leurs <strong>d\u00e9clarations <\/strong>aupr\u00e8s de leurs <strong>assureurs<\/strong>.<\/p>\n\n\n\n<p>L\u2019arr\u00eat\u00e9 de <strong>reconnaissance <\/strong><span style=\"text-decoration: underline;\">d\u2019\u00e9tat de catastrophe naturelle<\/span> et <strong>calamit\u00e9 <\/strong>agricole permettra au D\u00e9partement de <strong>d\u00e9bloquer des aides<\/strong> <a href=\"https:\/\/www.coordinationrurale.fr\/les-communiques-de-presse\/la-coordination-rurale-mobilisee-apres-le-cyclone-qui-a-frappe-la-reunion\/\">pour les agriculteurs<\/a> <strong>\ud83d\udd17<\/strong>, qui auront pu <strong>monter leurs dossiers rapidement<\/strong>. <mark style=\"background-color:rgba(0, 0, 0, 0)\" class=\"has-inline-color has-vivid-red-color\">Lire la suite sur<\/mark> [<a href=\"https:\/\/la1ere.francetvinfo.fr\/reunion\/cyclone-garance-le-ministre-des-outre-mer-manuels-valls-sera-a-la-reunion-jeudi-et-vendredi-1565908.html\">France TV Info<\/a>] <strong>\ud83d\udd17<\/strong><\/p>\n\n\n\n<p>\u270d\ufe0f  Pour Guibert BOULANGER et Laurent BOULANGER, respectivement pr\u00e9sident et secr\u00e9taire g\u00e9n\u00e9ral de la Coordination Rurale de la R\u00e9union : \u00ab<em><strong> Au-del\u00e0 du lourd bilan humain, les d\u00e9g\u00e2ts mat\u00e9riels sont consid\u00e9rables, surtout au nord, \u00e0 l\u2019est et \u00e0 l\u2019ouest de l\u2019\u00eele. Certaines exploitations sont totalement d\u00e9truites. Tous les principaux secteurs sont touch\u00e9s : fruits, canne \u00e0 sucre, mara\u00eechage\u2026 Les cheptels sont stress\u00e9s et en difficult\u00e9s. Nous demandons \u00e0 la pr\u00e9fecture que l\u2019\u00eele soit vite reconnue victime d\u2019une catastrophe naturelle pour pouvoir acc\u00e9l\u00e9rer les indemnisations. D\u00e8s aujourd\u2019hui, la CR 974 va accompagner ses adh\u00e9rents dans leurs d\u00e9marches.<\/strong><\/em> \u00bb Toutes les forces vives de la CR 974 et de l\u2019UPNA sont d\u2019ores et d\u00e9j\u00e0 mobilis\u00e9es au service de l\u2019ensemble des agriculteurs de La R\u00e9union [&#8230;] \/ La Coordination Rurale mobilis\u00e9e apr\u00e8s le cyclone qui a frapp\u00e9 La R\u00e9union. <mark style=\"background-color:rgba(0, 0, 0, 0)\" class=\"has-inline-color has-vivid-red-color\">Via la<\/mark> [<a href=\"https:\/\/www.coordinationrurale.fr\/les-communiques-de-presse\/la-coordination-rurale-mobilisee-apres-le-cyclone-qui-a-frappe-la-reunion\/\">Coordination Rurale.fr<\/a>] <strong>\ud83d\udd17<\/strong><\/p>\n\n\n\n<p><strong>Cette acc\u00e9l\u00e9ration permettra un traitement plus rapide des indemnisations et une aide plus efficace pour les sinistr\u00e9s<\/strong>. <\/p>\n\n\n\n<p>Le ministre des Outre-mer, Manuel Valls, <a href=\"https:\/\/www.google.com\/search?client=firefox-b-d&amp;q=Le+ministre+des+Outre-mer%2C+Manuel+Valls%2C+est+attendu+%C3%A0+La+R%C3%A9union+les+jeudi+6+et+vendredi+7+mars\">est attendu \u00e0 La R\u00e9union les jeudi 6 et vendredi 7 mars<\/a> <strong>\ud83d\udd17<\/strong>pour <strong>constater les d\u00e9g\u00e2ts, rencontrer les sinistr\u00e9s et potentiellement annoncer des mesures suppl\u00e9mentaires<\/strong>.<\/p>\n\n\n\n<figure class=\"wp-block-embed aligncenter is-type-video is-provider-youtube wp-block-embed-youtube wp-embed-aspect-16-9 wp-has-aspect-ratio\"><div class=\"wp-block-embed__wrapper\">\n<iframe  id=\"_ytid_56350\"  width=\"640\" height=\"360\"  data-origwidth=\"640\" data-origheight=\"360\" src=\"https:\/\/www.youtube.com\/embed\/OUWX3Xchz-4?enablejsapi=1&#038;autoplay=0&#038;cc_load_policy=0&#038;cc_lang_pref=&#038;iv_load_policy=1&#038;loop=0&#038;rel=1&#038;fs=1&#038;playsinline=0&#038;autohide=2&#038;theme=dark&#038;color=red&#038;controls=1&#038;disablekb=0&#038;\" class=\"__youtube_prefs__  epyt-is-override  no-lazyload\" title=\"YouTube player\"  allow=\"fullscreen; accelerometer; autoplay; clipboard-write; encrypted-media; gyroscope; picture-in-picture; web-share\" referrerpolicy=\"strict-origin-when-cross-origin\" allowfullscreen data-no-lazy=\"1\" data-skipgform_ajax_framebjll=\"\"><\/iframe>\n<\/div><\/figure>\n\n\n\n<p><mark style=\"background-color:rgba(0, 0, 0, 0)\" class=\"has-inline-color has-vivid-red-color\"><strong>Les R\u00e9unionnais face aux cons\u00e9quences des coupures prolong\u00e9es.<\/strong><\/mark><\/p>\n\n\n\n<p>Le passage du cyclone Garance sur l&rsquo;\u00eele de La R\u00e9union a provoqu\u00e9 d&rsquo;importants d\u00e9g\u00e2ts, notamment des <a href=\"https:\/\/freedom.fr\/cyclone-garance-90-000-foyers-sans-electricite-65-000-sans-eau-et-96-000-coupes-du-reseau-la-reunion-toujours-en-phase-de-sauvegarde\/\">coupures d&rsquo;\u00e9lectricit\u00e9<\/a> \ud83d\udd17 et <a href=\"https:\/\/freedom.fr\/eau-potable-dans-louest-des-retablissements-mais-encore-de-nombreuses-coupures-apres-le-cyclone-garance\/\">d&rsquo;eau prolong\u00e9es dans plusieurs communes<\/a> <strong>\ud83d\udd17<\/strong> [<mark style=\"background-color:rgba(0, 0, 0, 0)\" class=\"has-inline-color has-vivid-red-color\">Radio Free Dom<\/mark> &#8211; L&rsquo;actualit\u00e9 de la R\u00e9union en direct]. Ces interruptions ont entra\u00een\u00e9 la perte de denr\u00e9es alimentaires conserv\u00e9es dans les <strong>r\u00e9frig\u00e9rateurs <\/strong>et <strong>cong\u00e9lateurs <\/strong>de <span style=\"text-decoration: underline;\">nombreux foyers r\u00e9unionnais<\/span>, ajoutant une <strong>difficult\u00e9 suppl\u00e9mentaire pour les habitants d\u00e9j\u00e0 \u00e9prouv\u00e9s par cet \u00e9v\u00e9nement climatique.<\/strong><\/p>\n\n\n<div class=\"wp-block-image\">\n<figure class=\"aligncenter size-large\"><img data-opt-id=1990882798  fetchpriority=\"high\" decoding=\"async\" src=\"https:\/\/freedom.fr\/wp-content\/uploads\/2025\/03\/480710080_1063528442467967_6639225828713121810_n.jpg\" alt=\"\"\/><figcaption class=\"wp-element-caption\"><strong>Cyclone Garance : 90 000 foyers sans \u00e9lectricit\u00e9, 65 000 sans eau et 96 000 coup\u00e9s du r\u00e9seau<\/strong>, La R\u00e9union toujours en phase de sauvegarde \/ Illustration image <a href=\"https:\/\/freedom.fr\/category\/carousel\/\"><strong>Carousel<\/strong><\/a> \/<strong> Radio <a href=\"https:\/\/freedom.fr\/alimentation-en-eau-ou-en-est-on-sur-lile-ce-lundi-03-mars\/\">Freedom.fr<\/a><\/strong> [L&rsquo;actualit\u00e9 de la R\u00e9union en direct].<\/figcaption><\/figure>\n<\/div>\n\n\n<p><strong>Face \u00e0 cette situation, une question se pose : est-il possible de se faire rembourser la nourriture perdue ? La r\u00e9ponse est oui, sous certaines conditions.<\/strong><\/p>\n\n\n\n<p><mark style=\"background-color:rgba(0, 0, 0, 0)\" class=\"has-inline-color has-vivid-red-color\"><strong>D\u00e9marches g\u00e9n\u00e9rales pour d\u00e9clarer les sinistres<\/strong>.<\/mark><\/p>\n\n\n\n<p><strong>D\u00e9lais et \u00e9tapes essentielles<\/strong><\/p>\n\n\n\n<p>Les assur\u00e9s disposerons d&rsquo;un d\u00e9lai de<strong> 30 jours <\/strong>\u00e0 compter de la publication de l&rsquo;<a href=\"https:\/\/www.google.com\/search?client=firefox-b-d&amp;q=arr%C3%AAt%C3%A9+de+catastrophe+naturelle\">arr\u00eat\u00e9 de catastrophe naturelle<\/a> \ud83d\udd17 pour d\u00e9clarer leurs sinistres. <strong>Voici la marche \u00e0 suivre<\/strong> :<\/p>\n\n\n\n<ol start=\"1\" class=\"wp-block-list\">\n<li><strong>Documenter les d\u00e9g\u00e2ts avec des photos<\/strong> (logement, v\u00e9hicule, \u00e9quipements, etc.).<\/li>\n\n\n\n<li><strong>\u00c9tablir <\/strong>une liste d\u00e9taill\u00e9e des biens endommag\u00e9s ou perdus avec estimation de leur valeur.<\/li>\n\n\n\n<li><strong>Rassembler <\/strong>les factures et justificatifs d&rsquo;achat disponibles.<\/li>\n\n\n\n<li><strong>Contacter <\/strong>son assurance par t\u00e9l\u00e9phone ou e-mail pour remplir la d\u00e9claration de sinistre.<\/li>\n\n\n\n<li><strong>Attendre l&rsquo;expertise de l&rsquo;assureur qui \u00e9valuera les indemnisations.<\/strong><\/li>\n<\/ol>\n\n\n\n<p><strong>Attention<\/strong> : <strong>Ne pas respecter ce d\u00e9lai peut entra\u00eener la perte du droit \u00e0 indemnisation, sauf en cas de force majeure d\u00fbment justifi\u00e9e<\/strong>.<\/p>\n\n\n\n<p><mark style=\"background-color:rgba(0, 0, 0, 0)\" class=\"has-inline-color has-vivid-red-color\"><strong>Remboursement des denr\u00e9es alimentaires perdues<\/strong>.<\/mark><\/p>\n\n\n\n<p><strong>Une cons\u00e9quence souvent sous-estim\u00e9e<\/strong> des cyclones concerne la <strong>perte massive de denr\u00e9es alimentaires due aux coupures prolong\u00e9es d&rsquo;\u00e9lectricit\u00e9<\/strong>. Plusieurs solutions existent pour se faire <span style=\"text-decoration: underline;\">indemniser<\/span> : <\/p>\n\n\n\n<p><strong>1. L&rsquo;assurance habitation<\/strong>.<\/p>\n\n\n\n<p>La plupart des contrats multirisques habitation <strong>incluent <\/strong>une <strong>garantie <\/strong>\u00ab\u00a0<mark style=\"background-color:rgba(0, 0, 0, 0)\" class=\"has-inline-color has-vivid-red-color\">dommages \u00e9lectriques<\/mark>\u00a0\u00bb ou \u00ab\u00a0<mark style=\"background-color:rgba(0, 0, 0, 0)\" class=\"has-inline-color has-vivid-red-color\">perte de denr\u00e9es en cong\u00e9lateur<\/mark>\u00ab\u00a0. Points importants \u00e0 conna\u00eetre :<\/p>\n\n\n\n<ul class=\"wp-block-list\">\n<li>Une franchise peut s&rsquo;appliquer (g\u00e9n\u00e9ralement entre 100 et 200 euros).<\/li>\n\n\n\n<li>Certains contrats imposent une dur\u00e9e minimale de coupure (souvent 24h ou 48h).<\/li>\n\n\n\n<li>Le montant du remboursement est g\u00e9n\u00e9ralement plafonn\u00e9.<\/li>\n<\/ul>\n\n\n\n<p><strong>2. La garantie des cartes bancaires<\/strong>.<\/p>\n\n\n\n<p>Certaines cartes premium (Gold, Premier, Platinum, Infinite) offrent une protection pouvant inclure le remboursement des denr\u00e9es alimentaires perdues.<\/p>\n\n\n\n<p><span style=\"text-decoration: underline;\">D\u00e9marche \u00e0 suivre<\/span> :<\/p>\n\n\n\n<ol start=\"1\" class=\"wp-block-list\">\n<li><strong>Consulter <\/strong>les conditions de votre carte bancaire.<\/li>\n\n\n\n<li><strong>Contacter <\/strong>le service d&rsquo;assistance de votre banque.<\/li>\n\n\n\n<li><strong>Rassembler <\/strong>et <strong>envoyer <\/strong>les justificatifs n\u00e9cessaires dans les d\u00e9lais impartis (souvent 30 jours).<\/li>\n<\/ol>\n\n\n\n<p><strong>3. L&rsquo;aide exceptionnelle des collectivit\u00e9s locales<\/strong><\/p>\n\n\n\n<p>Suite \u00e0 un \u00e9v\u00e9nement class\u00e9 en catastrophe naturelle, les <strong>municipalit\u00e9s <\/strong>ou le <strong>Conseil D\u00e9partemental <\/strong>peuvent mettre en place des dispositifs d&rsquo;aide exceptionnelle. <strong>Il est recommand\u00e9 de se renseigner directement aupr\u00e8s de sa mairie<\/strong>.<\/p>\n\n\n\n<p><mark style=\"background-color:rgba(0, 0, 0, 0)\" class=\"has-inline-color has-vivid-red-color\"><strong>D\u00e9marches sp\u00e9cifiques pour les pertes alimentaires<\/strong>.<\/mark><\/p>\n\n\n\n<ol start=\"1\" class=\"wp-block-list\">\n<li><strong>Documenter les pertes avant de jeter<\/strong> :\n<ul class=\"wp-block-list\">\n<li><a href=\"https:\/\/planetactus.com\/index.php\/2024\/11\/30\/certifiez-vos-photos-en-un-clic-decouvrez-lapplication-revolutionnaire-certi-photo-lavenir-de-la-preuve-numerique-a-portee-de-main-certifiez-securisez-partagez\/\"><strong>Prendre des photos<\/strong> <\/a>\ud83d\udd17 du contenu du r\u00e9frig\u00e9rateur et cong\u00e9lateur \ud83d\udcf8<\/li>\n\n\n\n<li><strong>\u00c9tablir une liste d\u00e9taill\u00e9e<\/strong> des produits avec leurs prix approximatifs.<\/li>\n\n\n\n<li><strong>Conserver<\/strong> les tickets de caisse r\u00e9cents si possible.<\/li>\n<\/ul>\n<\/li>\n<\/ol>\n\n\n\n<p><\/p>\n\n\n\n<ol start=\"1\" class=\"wp-block-list\">\n<li><strong>Justificatifs \u00e0 fournir<\/strong> :\n<ul class=\"wp-block-list\">\n<li>Attestation de coupure d&rsquo;\u00e9lectricit\u00e9 (\u00e0 demander \u00e0 EDF R\u00e9union).<\/li>\n\n\n\n<li>Factures ou tickets d&rsquo;achat des denr\u00e9es (si disponibles).<\/li>\n\n\n\n<li>Photos des aliments endommag\u00e9s.<\/li>\n\n\n\n<li>D\u00e9claration sur l&rsquo;honneur d\u00e9taillant les pertes.<\/li>\n<\/ul>\n<\/li>\n<\/ol>\n\n\n\n<p><mark style=\"background-color:rgba(0, 0, 0, 0)\" class=\"has-inline-color has-vivid-red-color\"><strong>Soutien sp\u00e9cifique pour les agriculteurs<\/strong>.<\/mark><\/p>\n\n\n\n<p><strong>Les exploitations agricoles<\/strong> ont \u00e9t\u00e9 particuli\u00e8rement touch\u00e9es par le cyclone Garance, avec des <strong>pertes de r\u00e9coltes<\/strong>, des <strong>infrastructures endommag\u00e9e<\/strong>s et des <strong>\u00e9levages impact\u00e9s<\/strong>. Suite \u00e0 la reconnaissance des calamit\u00e9s agricoles, des aides exceptionnelles seront d\u00e9bloqu\u00e9es par le D\u00e9partement.<\/p>\n\n\n\n<p>\u270d\ufe0f <span style=\"text-decoration: underline;\">A savoir<\/span> :  Le 1er mars 2025, Cyrille Melchior, Pr\u00e9sident du Conseil d\u00e9partemental, a exprim\u00e9 son soutien aux R\u00e9unionnais affect\u00e9s et <a href=\"https:\/\/www.departement974.fr\/actualite\/cyclone-garance-cyrille-melchior-exprime-son-soutien-aux-reunionnais-demande?utm_source=chatgpt.com\">a sollicit\u00e9 la reconnaissance de l&rsquo;\u00e9tat de catastrophe naturelle pour l&rsquo;\u00eele<\/a>. \ud83d\udd17<\/p>\n\n\n\n<p><strong>Traditionnellement<\/strong>, apr\u00e8s la reconnaissance officielle de l&rsquo;\u00e9tat de catastrophe naturelle ou de calamit\u00e9 agricole, <strong>le D\u00e9partement de La R\u00e9union met en place des aides exceptionnelles pour soutenir les exploitations agricoles touch\u00e9es par des \u00e9v\u00e9nements climatiques extr\u00eames<\/strong>. Par exemple, <a href=\"http:\/\/Cyclone Belal : Aides d\u00e9partementales en faveur des exploitations agricoles impact\u00e9es - 2024\">suite au cyclone Belal en janvier 2024<\/a> \ud83d\udd17, <strong>des aides ont \u00e9t\u00e9 d\u00e9ploy\u00e9es pour accompagner les agriculteurs dans la relance de leurs activit\u00e9s. <\/strong><\/p>\n\n\n\n<p>Bien qu&rsquo;une demande de reconnaissance de l&rsquo;\u00e9tat de catastrophe naturelle ait \u00e9t\u00e9 formul\u00e9e pour le cyclone Garance, aucune annonce officielle concernant le d\u00e9blocage d&rsquo;aides exceptionnelles par le D\u00e9partement n&rsquo;a encore \u00e9t\u00e9 publi\u00e9e. Il est <strong>probable <\/strong>que des aides similaires \u00e0 celles mises en place lors de pr\u00e9c\u00e9dents cyclones soient propos\u00e9es <strong>une fois la reconnaissance officielle obtenue<\/strong>. Pour les mises \u00e0 jour et les informations d\u00e9taill\u00e9es sur les dispositifs d&rsquo;aide disponibles, il est recommand\u00e9 de consulter r\u00e9guli\u00e8rement le<a href=\"https:\/\/www.departement974.fr\/\"> site officiel du D\u00e9partement de La R\u00e9union<\/a>. \ud83d\udd17<\/p>\n\n\n\n<p><strong><mark style=\"background-color:rgba(0, 0, 0, 0)\" class=\"has-inline-color has-vivid-red-color\">Les agriculteurs concern\u00e9s doivent constituer un dossier en urgence<\/mark><\/strong> :<\/p>\n\n\n\n<ul class=\"wp-block-list\">\n<li><strong>Contacter <\/strong>la <a href=\"https:\/\/daaf.reunion.agriculture.gouv.fr\/\">DAAF<\/a> \ud83d\udd17 (Direction de l&rsquo;Alimentation, de l&rsquo;Agriculture et de la For\u00eat) pour v\u00e9rifier leur \u00e9ligibilit\u00e9.<\/li>\n\n\n\n<li><strong>D\u00e9clarer <\/strong>leurs pertes avec des preuves tangibles (photos, factures, certificats de production).<\/li>\n\n\n\n<li><strong>Remplir <\/strong>le formulaire officiel fourni par les services agricoles.<\/li>\n<\/ul>\n\n\n\n<p><strong>Ces aides pourront inclure des indemnisations pour les cultures perdues, des subventions pour la remise en \u00e9tat des exploitations et des facilit\u00e9s de tr\u00e9sorerie.<\/strong><\/p>\n\n\n\n<p><mark style=\"background-color:rgba(0, 0, 0, 0)\" class=\"has-inline-color has-vivid-red-color\"><strong>Cas particuliers : les professionnels<\/strong>.<\/mark><\/p>\n\n\n\n<p>Les <strong>commer\u00e7ants<\/strong>, <strong>restaurateurs <\/strong>et <strong>autres professionnels<\/strong> disposent g\u00e9n\u00e9ralement de garanties sp\u00e9cifiques dans leurs contrats d&rsquo;assurance professionnelle. Il est recommand\u00e9 de contacter imm\u00e9diatement leur assureur pour <strong>conna\u00eetre les modalit\u00e9s d&rsquo;indemnisation applicables \u00e0 leur situation particuli\u00e8re.<\/strong><\/p>\n\n\n\n<p><strong>Les pertes peuvent concerner <\/strong>:<\/p>\n\n\n\n<ul class=\"wp-block-list\">\n<li>Les <strong>stocks de marchandises.<\/strong><\/li>\n\n\n\n<li>Les <strong>\u00e9quipements professionnels endommag\u00e9s.<\/strong><\/li>\n\n\n\n<li>Les <strong>pertes d&rsquo;exploitation li\u00e9es \u00e0 l&rsquo;interruption d&rsquo;activit\u00e9.<\/strong><\/li>\n<\/ul>\n\n\n\n<p><mark style=\"background-color:rgba(0, 0, 0, 0)\" class=\"has-inline-color has-vivid-red-color\"><strong>Conseils pratiques pour optimiser les d\u00e9marches<\/strong>.<\/mark><\/p>\n\n\n\n<ul class=\"wp-block-list\">\n<li><strong>N&rsquo;attendez pas pour faire votre d\u00e9claration, les d\u00e9lais sont souvent courts.<\/strong><\/li>\n\n\n\n<li><strong>Renseignez-vous<\/strong> pr\u00e9cis\u00e9ment sur les <strong>garanties de votre contrat<\/strong> avant de constituer votre dossier.<\/li>\n\n\n\n<li><strong>Conservez tous les \u00e9changes<\/strong> avec votre assureur ou votre banque.<\/li>\n\n\n\n<li><strong>En cas de refus<\/strong>, <strong>demandez une explication \u00e9crite des motifs<\/strong> et <strong>v\u00e9rifiez si un recours est possible<\/strong>.<\/li>\n\n\n\n<li><strong>Faites-vous accompagner par les associations de consommateurs locales<\/strong> ou les <strong>services sociaux de votre commune<\/strong>.<\/li>\n<\/ul>\n\n\n\n<p><mark style=\"background-color:rgba(0, 0, 0, 0)\" class=\"has-inline-color has-vivid-red-color\"><strong>Conclusion<\/strong>.<\/mark><\/p>\n\n\n\n<p><strong>Face aux cons\u00e9quences d\u00e9vastatrices<\/strong> du cyclone Garance, <span style=\"text-decoration: underline;\">les R\u00e9unionnais disposent de plusieurs recours pour obtenir une indemnisation des diff\u00e9rents types de dommages subis<\/span>, qu&rsquo;il s&rsquo;agisse d&rsquo;<strong>habitations<\/strong>, de <strong>v\u00e9hicules<\/strong>, de <strong>denr\u00e9es alimentaires<\/strong> ou d&rsquo;<strong>exploitations agricoles<\/strong>. L&rsquo;essentiel est d&rsquo;<strong>agir rapidement<\/strong>, de bien documenter ses pertes et de conna\u00eetre pr\u00e9cis\u00e9ment les garanties auxquelles on a droit.<\/p>\n\n\n\n<p><span style=\"text-decoration: underline;\">Si les dossiers sont correctement constitu\u00e9s<\/span>, les sinistr\u00e9s <mark style=\"background-color:rgba(0, 0, 0, 0)\" class=\"has-inline-color has-vivid-red-color\">pourront g\u00e9n\u00e9ralement obtenir une indemnisation<\/mark> dans un d\u00e9lai de 15 \u00e0 30 jours suivant la validation par l&rsquo;<strong>assureur <\/strong>ou la <strong>banque<\/strong>. <strong>La mobilisation des pouvoirs publics, avec la visite minist\u00e9rielle et la proc\u00e9dure acc\u00e9l\u00e9r\u00e9e de reconnaissance de l&rsquo;\u00e9tat de catastrophe naturelle, devrait faciliter ces d\u00e9marches.<\/strong><\/p>\n\n\n\n<p><strong>Les habitants de La R\u00e9union<\/strong> sont donc appel\u00e9s \u00e0 effectuer leurs d\u00e9marches <strong>au plus vite<\/strong> <strong>pour ne pas manquer les d\u00e9lais impartis<\/strong>. L&rsquo;\u00c9tat et les collectivit\u00e9s locales mobilisent d&rsquo;importants moyens pour aider les sinistr\u00e9s \u00e0 surmonter cette \u00e9preuve et reconstruire leur quotidien apr\u00e8s le passage d\u00e9vastateur du cyclone Garance.<\/p>\n\n\n\n<p>\ud83d\udccd<strong><a href=\"https:\/\/planetactus.com\/\">Planet Actus<\/a><\/strong> \ud83e\ude90\ud83d\udd17, <strong><a href=\"https:\/\/radiovolume7.com\/\">Radio Volume 7<\/a><\/strong> \ud83d\udd17 \ud83c\udfa7 <strong>et l&rsquo;Organisation Mondiale de la D\u00e9fense des droits de la M\u00e9moire des Esclaves D\u00e9port\u00e9s d&rsquo;Afrique et de Leurs Descendants (<a href=\"http:\/\/omdmedald.eu\/\">OMDMEDALD<\/a>)<\/strong> \ud83d\udd17 <strong>ainsi que le <\/strong><a href=\"https:\/\/planetactus.com\/index.php\/2025\/01\/04\/rejoignez-le-mouvement-csape-et-faconnez-lavenir-parce-que-linaction-nest-plus-une-option-devenez-acteur-du-changement\/\">CSAPE <\/a>\ud83d\udd17 (<a href=\"https:\/\/csape.qc.lu\/\">Collectif des Syndicats et Associations Professionnels Europ\u00e9ens<\/a> \ud83d\udd17 <strong>Anti-corruption<\/strong>) <strong>expriment leur solidarit\u00e9 envers tous les R\u00e9unionnais affect\u00e9s par le cyclone Garance. <\/strong><mark style=\"background-color:rgba(0, 0, 0, 0)\" class=\"has-inline-color has-vivid-red-color\">Force et courage \u00e0 toute la population r\u00e9unionnaise ! <\/mark>\ud83d\udcaa\ud83c\udf04<\/p>\n\n\n\n<p><span style=\"text-decoration: underline;\">Pour aller plus loin<\/span> \ud83d\udd0e :<\/p>\n\n\n\n<p>\u25a0 <strong><mark style=\"background-color:rgba(0, 0, 0, 0)\" class=\"has-inline-color has-vivid-red-color\">Assurance et catastrophe naturelle (ou technologique)<\/mark><\/strong>  [<a href=\"https:\/\/www.service-public.fr\/particuliers\/vosdroits\/F3076\">service-public.fr<\/a>] <\/p>\n\n\n\n<p><strong>Vous pouvez \u00eatre indemnis\u00e9 pour un sinistre d\u00fb \u00e0 une catastrophe naturelle ou technologique si vous \u00eates assur\u00e9 pour ces risques<\/strong>. Mais pour que l&rsquo;assureur puisse vous indemniser, il faut qu&rsquo;un <strong>arr\u00eat\u00e9 interminist\u00e9riel reconnaisse l&rsquo;\u00e9tat de catastrophe naturelle ou technologique<\/strong>. Le site officiel de l\u2019administration fran\u00e7aise vous pr\u00e9sente <strong>les informations \u00e0 conna\u00eetre<\/strong>. <span style=\"text-decoration: underline;\">Les r\u00e8gles diff\u00e8rent selon la situation<\/span> : catastrophe <strong>naturelle <\/strong>ou <strong>technologique<\/strong>. <mark style=\"background-color:rgba(0, 0, 0, 0)\" class=\"has-inline-color has-vivid-red-color\">En savoir plus sur<\/mark> [<a href=\"https:\/\/www.service-public.fr\/particuliers\/vosdroits\/F3076\">service-public.fr<\/a>] \ud83d\udd17\/ Direction de l&rsquo;information l\u00e9gale et administrative (Premier ministre)<\/p>\n\n\n\n<p>\u25a0 <strong><mark style=\"background-color:rgba(0, 0, 0, 0)\" class=\"has-inline-color has-vivid-red-color\">En quoi consiste la proc\u00e9dure de reconnaissance de l&rsquo;\u00e9tat de catastrophe naturelle ?<\/mark><\/strong> [<a href=\"https:\/\/mobile.interieur.gouv.fr\/Le-ministere\/Securite-civile\/Documentation-technique\/Catastrophes-naturelles\/En-quoi-consiste-la-procedure-de-reconnaissance-de-l-etat-de-catastrophe-naturelle\">Mobile Interieur Gouv.fr<\/a>]<\/p>\n\n\n\n<p><strong>La Constitution consacre le principe de la solidarit\u00e9 et de l\u2019\u00e9galit\u00e9 des citoyens devant les charges qui r\u00e9sultent des calamit\u00e9s publiques<\/strong>. Un dispositif, instaur\u00e9 par la loi du 13 juillet 1982 et codifi\u00e9 par les articles L.125-1 et suivants du <mark style=\"background-color:rgba(0, 0, 0, 0)\" class=\"has-inline-color has-vivid-red-color\">Code des Assurances<\/mark>, <strong>organise l\u2019indemnisation des sinistr\u00e9s dont les biens assur\u00e9s ont \u00e9t\u00e9 endommag\u00e9s par un ph\u00e9nom\u00e8ne naturel intense<\/strong>&nbsp;: <mark style=\"background-color:rgba(0, 0, 0, 0)\" class=\"has-inline-color has-vivid-red-color\">il s\u2019agit de la garantie catastrophe naturelle.<\/mark><\/p>\n\n\n\n<p>L\u2019article L.125-1 du Code des Assurances pr\u00e9cise que \u00ab&nbsp;sont consid\u00e9r\u00e9s comme les effets des catastrophes naturelles, les dommages mat\u00e9riels directs ayant eu pour cause d\u00e9terminante l\u2019intensit\u00e9 anormale d\u2019un agent naturel, lorsque les mesures habituelles \u00e0 prendre pour \u00e9viter ces dommages n\u2019ont pu emp\u00eacher leur survenance ou n\u2019ont pu \u00eatre prises. \u00bb.<\/p>\n\n\n\n<p>Les <strong>particuliers <\/strong>et les <strong>entreprises<\/strong>, <strong>victimes d\u2019une catastrophe naturelle<\/strong>, doivent dans un premier temps <strong>d\u00e9clarer leur sinistre aupr\u00e8s de leur assureur<\/strong> dans les conditions pr\u00e9vues par leur contrat d\u2019assurance et saisir leur mairie afin que celle-ci engage une proc\u00e9dure de reconnaissance de l\u2019\u00e9tat de catastrophe naturelle.<\/p>\n\n\n\n<p>En pratique, <strong>le maire<\/strong> d\u2019une commune ayant subi une catastrophe naturelle <strong>formule une demande de reconnaissance aupr\u00e8s du pr\u00e9fet<\/strong> de d\u00e9partement. <span style=\"text-decoration: underline;\">Les services comp\u00e9tents<\/span> de ce dernier contr\u00f4lent le contenu de la demande et r\u00e9unissent <strong>les rapports d\u2019expertise<\/strong> permettant de <strong>caract\u00e9riser l\u2019intensit\u00e9 du ph\u00e9nom\u00e8ne naturel \u00e0 l\u2019origine des d\u00e9g\u00e2ts<\/strong> recens\u00e9s par la mairie.<\/p>\n\n\n\n<p>Une <strong>commission interminist\u00e9rielle<\/strong>, pr\u00e9sid\u00e9e par le minist\u00e8re de l&rsquo;Int\u00e9rieur, est charg\u00e9e de donner un <strong>avis sur chaque dossier communal<\/strong> transmis par <strong>les pr\u00e9fets de d\u00e9partement<\/strong>. Cette commission se prononce sur le caract\u00e8re naturel et <strong>l\u2019intensit\u00e9 anormale du ph\u00e9nom\u00e8ne <\/strong>en se basant sur les<span style=\"text-decoration: underline;\"> expertises techniques r\u00e9alis\u00e9es<\/span>. Sur le fondement de ces avis, qui ont un simple caract\u00e8re consultatif, <strong>les ministres comp\u00e9tents d\u00e9cident de la reconnaissance ou non des communes en \u00e9tat de catastrophe naturelle<\/strong>. Ces d\u00e9cisions sont formalis\u00e9es<strong>&nbsp;par un arr\u00eat\u00e9 interminist\u00e9riel publi\u00e9 au Journal Officiel<\/strong>. [<a href=\"https:\/\/mobile.interieur.gouv.fr\/Le-ministere\/Securite-civile\/Documentation-technique\/Catastrophes-naturelles\/En-quoi-consiste-la-procedure-de-reconnaissance-de-l-etat-de-catastrophe-naturelle\">Mobile Interieur Gouv.fr<\/a>] \ud83d\udd17<\/p>\n\n\n\n<p><mark style=\"background-color:rgba(0, 0, 0, 0)\" class=\"has-inline-color has-vivid-red-color\">Documents utiles<\/mark> :<\/p>\n\n\n\n<p><a href=\"https:\/\/mobile.interieur.gouv.fr\/content\/download\/133420\/1057583\/file\/Dispositifs d'indemnisation dans le cas de catastrophes naturelles - format A3.pdf\"><strong>Dispositifs d&rsquo;indemnisation dans le cas de catastrophes naturelles &#8211; format A3<\/strong><\/a> \ud83d\udd17<\/p>\n\n\n\n<div data-wp-interactive=\"core\/file\" class=\"wp-block-file aligncenter\"><object data-wp-bind--hidden=\"!state.hasPdfPreview\" hidden class=\"wp-block-file__embed\" data=\"https:\/\/planetactus.com\/wp-content\/uploads\/2025\/03\/Dispositifs-dindemnisation-dans-le-cas-de-catastrophes-naturelles-format-A3.pdf\" type=\"application\/pdf\" style=\"width:100%;height:600px\" aria-label=\"Contenu embarqu\u00e9 Dispositifs d&apos;indemnisation dans le cas de catastrophes naturelles - format A3.\"><\/object><a id=\"wp-block-file--media-6cbb4129-99a8-4c2b-88d2-2443555cda11\" href=\"https:\/\/planetactus.com\/wp-content\/uploads\/2025\/03\/Dispositifs-dindemnisation-dans-le-cas-de-catastrophes-naturelles-format-A3.pdf\">Dispositifs d&rsquo;indemnisation dans le cas de catastrophes naturelles &#8211; format A3<\/a><a href=\"https:\/\/planetactus.com\/wp-content\/uploads\/2025\/03\/Dispositifs-dindemnisation-dans-le-cas-de-catastrophes-naturelles-format-A3.pdf\" class=\"wp-block-file__button wp-element-button\" download aria-describedby=\"wp-block-file--media-6cbb4129-99a8-4c2b-88d2-2443555cda11\">T\u00e9l\u00e9charger<\/a><\/div>\n\n\n\n<p><mark style=\"background-color:rgba(0, 0, 0, 0)\" class=\"has-inline-color has-vivid-red-color\">Sites d&rsquo;information utiles<\/mark> \ud83d\udd17 :<\/p>\n\n\n\n<ul class=\"wp-block-list\">\n<li><a href=\"https:\/\/www.legifrance.gouv.fr\/affichCode.do;jsessionid=2BC8D6FF39D60C25231BE3847FF32E20.tplgfr36s_1?idSectionTA=LEGISCTA000006157250&amp;cidTexte=LEGITEXT000006073984&amp;dateTexte=20180829\">Articles L.125-1 et suivants du code des Assurance encadrant le dispositif<\/a>.<\/li>\n\n\n\n<li><a href=\"https:\/\/catastrophes-naturelles.ccr.fr\/?utm_source=Newsletter&amp;utm_medium=email&amp;utm_content=Lancement&amp;utm_campaign=Portail_Cat_Nat)\">La Caisse centrale de R\u00e9assurance (CCR) : page d\u00e9di\u00e9e \u00e0 la mise en \u0153uvre de la garantie catastrophe naturelle (\u00e9l\u00e9ments financiers, historiques, outil de recherche par commune des arr\u00eat\u00e9s publi\u00e9s portant reconnaissance&#8230;)<\/a>.<\/li>\n\n\n\n<li><a href=\"https:\/\/www.ffa-assurance.fr\/infos-assures\/assurance-des-catastrophes-naturelles\">La F\u00e9d\u00e9ration Fran\u00e7aise d&rsquo;Assurance (FFA) : rubrique d\u00e9di\u00e9e \u00e0 la garantie catastrophe naturelle notamment les questions-r\u00e9ponses \u00e0 l&rsquo;attention des sinistr\u00e9s<\/a>.<\/li>\n<\/ul>\n\n\n\n<p>\u25a0 <strong><mark style=\"background-color:rgba(0, 0, 0, 0)\" class=\"has-inline-color has-vivid-red-color\">Assurances | Cyclone Garance&nbsp;: quelles d\u00e9marches pour une prise en charge de vos sinistres.<\/mark><\/strong> [<a href=\"https:\/\/imazpress.com\/meteo\/assurances\">Imaz press<\/a>]<\/p>\n\n\n\n<p><strong>Apr\u00e8s le passage du cyclone Garance, les quelques 50.000 sinistr\u00e9s de l\u2019\u00eele doivent d\u00e9sormais se tourner vers leurs compagnies d\u2019assurance pour d\u00e9clarer les d\u00e9g\u00e2ts. Quels sont les bons r\u00e9flexes \u00e0 adopter ? Comment optimiser la prise en charge ? James Huet, pr\u00e9sident du comit\u00e9 des assureurs de La R\u00e9union, nous guide \u00e0 travers les d\u00e9marches essentielles pour obtenir une indemnisation rapide. <\/strong><\/p>\n\n\n\n<p>En cas de sinistre li\u00e9 au passage de Garance, <mark style=\"background-color:rgba(0, 0, 0, 0)\" class=\"has-inline-color has-vivid-red-color\">il est important de comprendre quelles garanties s\u2019appliquent \u00e0 votre contrat d\u2019assurance.<\/mark><\/p>\n\n\n\n<p><strong>La garantie <\/strong>\u00ab\u00a0<strong>temp\u00eate, ouragan, cyclone<\/strong>\u00a0\u00bb est incluse dans la plupart des c<strong>ontrats d\u2019assurance multirisques habitation<\/strong>, qu&rsquo;il s&rsquo;agisse d&rsquo;un logement en tant que <strong>locataire <\/strong>ou <strong>propri\u00e9taire<\/strong>. Cette garantie couvre les dommages caus\u00e9s par les <strong>vents violents<\/strong>, les <strong>pluies torrentielles<\/strong>, ainsi que les <strong>d\u00e9g\u00e2ts li\u00e9s \u00e0 l\u2019infiltration d\u2019eau. Notez que vous disposez de cinq jours ouvr\u00e9s pour d\u00e9clarer votre sinistre<\/strong>.&nbsp;<mark style=\"background-color:rgba(0, 0, 0, 0)\" class=\"has-inline-color has-vivid-red-color\">Lire la suite sur<\/mark> [<a href=\"https:\/\/imazpress.com\/meteo\/assurances\">Imaz press<\/a>] \ud83d\udd17<\/p>\n\n\n\n<p>\u25a0 <strong><mark style=\"background-color:rgba(0, 0, 0, 0)\" class=\"has-inline-color has-vivid-red-color\">Apr\u00e8s le cyclone | Garance : tout savoir sur les dispositifs d&rsquo;appui aux entreprises post-cyclone.<\/mark><\/strong> [<a href=\"https:\/\/imazpress.com\/meteo\/garance-tout-savoir-sur-les-dispositifs-d-appui-aux-entreprises-post-cyclone\">Imaz Press<\/a>]<\/p>\n\n\n\n<p>\u00ab\u00a0\u00c0 la suite du passage du cyclone Garance sur l&rsquo;\u00eele de La R\u00e9union, le pr\u00e9fet a mis en place une cellule de crise pour soutenir le monde \u00e9conomique. <strong>Cette cellule<\/strong> est pilot\u00e9e par la Secr\u00e9taire g\u00e9n\u00e9rale pour les affaires r\u00e9gionales (SGAR), en lien avec les diff\u00e9rents op\u00e9rateurs offrant un appui aux entreprises, dans le cadre du droit commun ou dans des circonstances exceptionnelles\u00a0\u00bb indique la pr\u00e9fecture dans le communiqu\u00e9 [publi\u00e9] ci-dessous par [<a href=\"https:\/\/imazpress.com\/meteo\/garance-tout-savoir-sur-les-dispositifs-d-appui-aux-entreprises-post-cyclone\">Imaz Press<\/a>]. \ud83d\udd17<\/p>\n\n\n\n<p><strong><mark style=\"background-color:rgba(0, 0, 0, 0)\" class=\"has-inline-color has-vivid-cyan-blue-color\">Les dispositifs existants dans les cas de circonstances exceptionnelles.<\/mark><\/strong><\/p>\n\n\n\n<ul class=\"wp-block-list\">\n<li><strong>Le report et l&rsquo;\u00e9talement des cotisations sociales et fiscales <\/strong><\/li>\n<\/ul>\n\n\n\n<p>Les entreprises peuvent solliciter la direction r\u00e9gionale des finances publiques (DG Fl P) et de la caisse g\u00e9n\u00e9rale de la s\u00e9curit\u00e9 sociale (CGSS) pour \u00e9voquer ces options. <strong>Des mesures de bienveillance sont adopt\u00e9es pour les prochaines \u00e9ch\u00e9ances et chaque situation sera \u00e9tudi\u00e9e au cas par cas.<\/strong><\/p>\n\n\n\n<ul class=\"wp-block-list\">\n<li><strong>Les options bancaires <\/strong><\/li>\n<\/ul>\n\n\n\n<p><strong>Les \u00e9tablissements bancaires <\/strong>ont pris l&rsquo;engagement de faire \u00e9tat de mesures de bienveillance aupr\u00e8s des entreprises impact\u00e9es par le cyclone. Diff\u00e9rentes solutions peuvent \u00eatre \u00e9voqu\u00e9es par les entreprises avec leur \u00e9tablissement : facilit\u00e9s de tr\u00e9sorerie, reports d&rsquo;\u00e9ch\u00e9ances de pr\u00eats, aides d&rsquo;urgence, etc. Il convient de se rapprocher de sa banque pour prendre connaissance des options disponibles.<\/p>\n\n\n\n<ul class=\"wp-block-list\">\n<li><strong>L&rsquo;activit\u00e9 partielle <\/strong><\/li>\n<\/ul>\n\n\n\n<p>Les employeurs du secteur priv\u00e9 peuvent d\u00e9poser une demande d&rsquo;autorisation d&rsquo;activit\u00e9 partielle au motif \u00ab <strong>sinistre ou intemp\u00e9ries de caract\u00e8re exceptionnel<\/strong> \u00bb. La demande d&rsquo;autorisation peut concerner le placement des salari\u00e9s en activit\u00e9 partielle pendant l&rsquo;alerte rouge, voire au-del\u00e0 si l&rsquo;impact sur l&rsquo;entreprise est av\u00e9r\u00e9 et se prolonge.<\/p>\n\n\n\n<p>Les employeurs b\u00e9n\u00e9ficient d&rsquo;un taux horaire d&rsquo;allocation de droit commun de 36 % et ils versent aux salari\u00e9s une indemnit\u00e9 \u00e0 hauteur de 60 % minimum de leur r\u00e9mun\u00e9ration ant\u00e9rieure brute. La demande doit \u00eatre d\u00e9pos\u00e9e dans un d\u00e9lai de 30 jours \u00e0 compter de l&rsquo;\u00e9v\u00e8nement sur ce site :<\/p>\n\n\n\n<ul class=\"wp-block-list\">\n<li><strong>La d\u00e9claration aux assurances <\/strong><\/li>\n<\/ul>\n\n\n\n<p>Pensez \u00e0 contacter votre assurance au plus vite, en indiquant un maximum d&rsquo;informations utiles (coordonn\u00e9es, photos, descriptifs, etc.), et ce, m\u00eame s&rsquo;il n&rsquo;y a pas eu de d\u00e9claration de \u00ab\u00a0catastrophe naturelle\u00a0\u00bb. <strong>Les assureurs sont en phase de d\u00e9ploiement de leur organisation de gestion de crise pour r\u00e9pondre aux flux des sinistr\u00e9s.<\/strong><\/p>\n\n\n\n<ul class=\"wp-block-list\">\n<li><strong>Le dispositif CatNat <\/strong><\/li>\n<\/ul>\n\n\n\n<p>Le dispositif catastrophe naturelle, dont la proc\u00e9dure est en phase d&rsquo;initiation, permettra de marquer le caract\u00e8re exceptionnel de l&rsquo;\u00e9v\u00e9nement m\u00e9t\u00e9orologique et ainsi faciliter les prises en charge des d\u00e9g\u00e2ts par les assurances gr\u00e2ce \u00e0 un encadrement de la proc\u00e9dure par l&rsquo;\u00c9tat et une r\u00e9assurance par l&rsquo;\u00c9tat des assureurs, et d&rsquo;<strong>acc\u00e9l\u00e9rer la prise en charge.<\/strong><\/p>\n\n\n\n<ul class=\"wp-block-list\">\n<li><strong>Les travailleurs ind\u00e9pendants <\/strong><\/li>\n<\/ul>\n\n\n\n<p>Pour les travailleurs ind\u00e9pendants, le conseil de la protection sociale des travailleurs ind\u00e9pendants (CPSTI) peut \u00eatre sollicit\u00e9 pour r\u00e9pondre aux besoins les plus urgents via l&rsquo;aide d&rsquo;urgence CPSTI aux actifs victimes de catastrophe et d&rsquo;intemp\u00e9ries, quel que soit leur statut [&#8230;]<\/p>\n\n\n\n<ul class=\"wp-block-list\">\n<li><strong>Le fonds de calamit\u00e9s et des catastrophes naturelles<\/strong><\/li>\n<\/ul>\n\n\n\n<p>La chambre des m\u00e9tiers et de l&rsquo;artisanat (CMA) de La R\u00e9union a initi\u00e9 la mobilisation du fonds de calamit\u00e9s et des catastrophes naturelles (FCCN), pour r\u00e9pondre aux besoins des artisans sinistr\u00e9s.<\/p>\n\n\n\n<ul class=\"wp-block-list\">\n<li><strong>Une cellule de crise pour les entreprises<\/strong> <\/li>\n<\/ul>\n\n\n\n<p><a href=\"https:\/\/reunion.cci.fr\/\">La Chambre de commerce et d&rsquo;industrie (CCI) de La R\u00e9union<\/a> met en place une cellule de crise joignable au 02 62 94 21 21 pour informer les entreprises sur les mesures de soutien existantes.<\/p>\n\n\n\n<p><strong><mark style=\"background-color:rgba(0, 0, 0, 0)\" class=\"has-inline-color has-vivid-cyan-blue-color\">Les dispositifs de droit commun<\/mark><\/strong><\/p>\n\n\n\n<p><\/p>\n\n\n\n<ul class=\"wp-block-list\">\n<li><strong>Le m\u00e9diateur des entreprises.<\/strong><\/li>\n<\/ul>\n\n\n\n<p>Les <strong>entreprises<\/strong>, mais aussi les <strong>associations <\/strong>et <strong>organisations publiques<\/strong> et <strong>priv\u00e9es<\/strong>, r<strong>encontrant des difficult\u00e9s avec une autre entreprise ou collectivit\u00e9 publique peuvent saisir le m\u00e9diateur des entreprises: <\/strong><a href=\"https:\/\/www.economie.gouv.fr\/mediateur-des-entreprises\">https:\/\/www.economie.gouv.fr\/mediateur-des-entreprises<\/a><br><\/p>\n\n\n\n<ul class=\"wp-block-list\">\n<li><strong>L&rsquo;accompagnement des TPE-PME<\/strong><\/li>\n<\/ul>\n\n\n\n<ul class=\"wp-block-list\">\n<li><strong>Les pr\u00eats garantis par l&rsquo;\u00c9tat (PGE)<\/strong><\/li>\n<\/ul>\n\n\n\n<p>Dans le cadre de la loi pour un \u00c9tat au service d&rsquo;une soci\u00e9t\u00e9 de confiance (ESSOC), une offre d&rsquo;accompagnement personnalis\u00e9 est destin\u00e9e aux TPE-PME. Elle a pour objectif le renforcement de la s\u00e9curit\u00e9 juridique des entreprises en <strong>mati\u00e8re fiscale<\/strong>, en proposant aux dirigeants de r\u00e9pondre \u00e0 leurs questions sur les r\u00e8gles fiscales applicables \u00e0 leurs projets ou \u00e0 l&rsquo;activit\u00e9 de leur entreprise : <a href=\"mailto:drfip974.accompagnement-fiscal-pme@dgfip.finances.gouv.fr\">drfip974.accompagnement-fiscal-pme@dgfip.finances.gouv.fr<\/a>. <mark style=\"background-color:rgba(0, 0, 0, 0)\" class=\"has-inline-color has-vivid-red-color\">Lire la suite sur<\/mark> [<a href=\"https:\/\/imazpress.com\/meteo\/garance-tout-savoir-sur-les-dispositifs-d-appui-aux-entreprises-post-cyclone\">Imaz Press<\/a>]. \ud83d\udd17<\/p>\n\n\n\n<p>\u25a0 <strong><mark style=\"background-color:rgba(0, 0, 0, 0)\" class=\"has-inline-color has-vivid-red-color\">Cyclone Garance \u00e0 La R\u00e9union : que signifie la \u00ab\u00a0proc\u00e9dure acc\u00e9l\u00e9r\u00e9e\u00a0\u00bb de reconnaissance de l\u2019\u00e9tat de catastrophe naturelle ?<\/mark><\/strong> [<a href=\"https:\/\/www.centrepresseaveyron.fr\/2025\/03\/04\/cyclone-garance-a-la-reunion-que-signifie-la-procedure-acceleree-de-reconnaissance-de-letat-de-catastrophe-naturelle-12548710.php\">Centre Presse Aveyron.fr<\/a>].<\/p>\n\n\n\n<p><strong>Patrice Latron, pr\u00e9fet de La R\u00e9union, a d\u00e9clar\u00e9 avoir \u00ab\u00a0lanc\u00e9 la proc\u00e9dure de catastrophe naturelle en proc\u00e9dure acc\u00e9l\u00e9r\u00e9e\u00a0\u00bb. Et ce, apr\u00e8s le passage d\u00e9vastateur du cyclone Garance. Qu\u2019est-ce que cela change&nbsp;?<\/strong><\/p>\n\n\n\n<p><strong>Le cyclone Garance, qui a d\u00e9vast\u00e9 La R\u00e9union<\/strong> \u00e0 l\u2019occasion de son passage le vendredi 28&nbsp;f\u00e9vrier 2025, a fait au moins cinq morts. Patrice Latron, pr\u00e9fet de l\u2019\u00eele, <a href=\"https:\/\/la1ere.francetvinfo.fr\/reunion\/cyclone-garance-le-ministre-des-outre-mer-manuels-valls-sera-a-la-reunion-jeudi-et-vendredi-1565908.html\" target=\"_blank\" rel=\"noreferrer noopener\">a indiqu\u00e9 \u00e0 nos confr\u00e8res de Franceinfo<\/a> avoir \u00ab\u00a0lanc\u00e9 la proc\u00e9dure de catastrophe naturelle en proc\u00e9dure acc\u00e9l\u00e9r\u00e9e\u00a0\u00bb. <strong>Qu\u2019est-ce que cela implique&nbsp;?<\/strong><\/p>\n\n\n\n<p><strong>\u00ab\u00a0Des d\u00e9lais plus rapides\u00a0\u00bb<\/strong><\/p>\n\n\n\n<p><a href=\"https:\/\/www.seine-et-marne.gouv.fr\/Actualites\/Depression-Kirk-Etat-de-catastrophe-naturelle-procedure-acceleree\/(theme)\/68#:~:text=Cette%20proc%C3%A9dure%20vise%20%C3%A0%20permettre,anormale%20fait%20peu%20de%20doutes.\" target=\"_blank\" rel=\"noreferrer noopener\">La pr\u00e9fecture de la Seine-et-Marne<\/a> avait expliqu\u00e9, dans le d\u00e9tail, ce proc\u00e9d\u00e9 en marge du passage de la temp\u00eate Kirk, au d\u00e9but de l\u2019automne 2024. La proc\u00e9dure de reconnaissance de l\u2019\u00e9tat de catastrophe naturelle acc\u00e9l\u00e9r\u00e9e \u00ab\u00a0vise \u00e0 permettre l\u2019adoption de d\u00e9cisions de reconnaissance de l\u2019\u00e9tat de catastrophe naturelle <strong>dans des d\u00e9lais plus rapides qu\u2019en proc\u00e9dure ordinaire<\/strong>\u00ab\u00a0, est-il \u00e9crit. Et ceci \u00ab\u00a0au profit des communes qui ont subi<strong> un ph\u00e9nom\u00e8ne naturel d\u2019ampleur exceptionnelle<\/strong> et dont l\u2019intensit\u00e9 anormale <strong>fait peu de doutes<\/strong>\u00ab\u00a0.<\/p>\n\n\n\n<p><strong>Un arr\u00eat\u00e9 interminist\u00e9riel<\/strong><\/p>\n\n\n\n<p>Comme le rappelle <a href=\"https:\/\/www.economie.gouv.fr\/particuliers\/catastrophe-naturelle-fonctionnent-indemnisations#\" target=\"_blank\" rel=\"noreferrer noopener\">le minist\u00e8re de l\u2019\u00c9conomie<\/a>, les communes touch\u00e9es par de fortes intemp\u00e9ries ou des ph\u00e9nom\u00e8nes naturels d\u00e9vastateurs \u00ab\u00a0<strong>demandent une reconnaissance de l\u2019\u00e9tat de catastrophe naturelle<\/strong>\u00ab\u00a0. Une requ\u00eate qui ne peut \u00eatre valid\u00e9e et donc reconnue <strong>que par le Gouvernement.<\/strong><\/p>\n\n\n\n<p>Comme le pr\u00e9cise ce m\u00eame minist\u00e8re, cette situation est reconnue<strong> par&nbsp;un arr\u00eat\u00e9 interminist\u00e9riel<\/strong>, \u00ab\u00a0qui d\u00e9termine les zones et les p\u00e9riodes o\u00f9 s\u2019est situ\u00e9e la catastrophe ainsi que la nature des dommages r\u00e9sultant de celle-ci couverts par la garantie [contre les effets des catastrophes naturelles]\u00a0\u00bb, comme le stipule <strong>l\u2019article L125-1 <\/strong>du Code des assurances.<\/p>\n\n\n\n<p><strong>10 jours<\/strong><\/p>\n\n\n\n<p>Une fois que l\u2019arr\u00eat\u00e9 de catastrophe naturelle para\u00eet au Journal Officiel,<strong> un d\u00e9compte se lance&nbsp;<\/strong>: les sinistr\u00e9s disposent <strong>d\u2019un d\u00e9lai de 10 jours <\/strong>pour d\u00e9clarer le sinistre \u00e0 leur assurance. \u00ab\u00a0Il vous faudra faire une liste pr\u00e9cise des dommages subis et des biens perdus ou endommag\u00e9s\u00a0\u00bb, pr\u00e9vient&nbsp;le minist\u00e8re de l\u2019\u00c9conomie. Qui ajoute&nbsp;: \u00ab\u00a0Joignez \u00e0 votre d\u00e9claration <strong>des preuves de la valeur et de l\u2019\u00e9tat <\/strong>de vos affaires&nbsp;: factures, photos\u2026\u00a0\u00bb<\/p>\n\n\n\n<p>Et le d\u00e9lai d\u2019indemnisation&nbsp;? \u00ab\u00a0Vous recevrez une provision sur les indemnit\u00e9s<strong> dans les deux mois qui suivent la remise de l\u2019\u00e9tat estimatif <\/strong>des dommages subis, ou la publication de l\u2019arr\u00eat\u00e9 si celle-ci est post\u00e9rieure\u00a0\u00bb, r\u00e9pond encore le minist\u00e8re. \u00ab\u00a0L\u2019indemnisation compl\u00e8te <strong>doit intervenir au bout de trois mois<\/strong>.\u00a0\u00bb<\/p>\n\n\n\n<p><strong>Rendez-vous le 7&nbsp;mars<\/strong><\/p>\n\n\n\n<p>Comme l\u2019a pr\u00e9cis\u00e9 le repr\u00e9sentant de l\u2019\u00c9tat \u00e0 La R\u00e9union au moment d\u2019\u00e9voquer ces proc\u00e9dures, \u00ab\u00a0la commission nationale, sous l\u2019autorit\u00e9 du ministre de l\u2019Int\u00e9rieur,<strong> se tiendra le 7&nbsp;mars<\/strong>. Il ne fait<strong> aucun doute<\/strong> que la catastrophe naturelle sera reconnue\u00a0\u00bb. <mark style=\"background-color:rgba(0, 0, 0, 0)\" class=\"has-inline-color has-vivid-red-color\">Lire l&rsquo;article complet sur<\/mark> [<a href=\"https:\/\/www.centrepresseaveyron.fr\/2025\/03\/04\/cyclone-garance-a-la-reunion-que-signifie-la-procedure-acceleree-de-reconnaissance-de-letat-de-catastrophe-naturelle-12548710.php\">Centre Presse Aveyron.fr<\/a>]. \ud83d\udd17<\/p>\n\n\n\n<p>\u25a0 <strong><mark style=\"background-color:rgba(0, 0, 0, 0)\" class=\"has-inline-color has-vivid-red-color\">Garance &#8211; Assurance mode d&#8217;emploi: en attendant l\u2019arr\u00eat\u00e9 de catastrophe naturelle &#8211; Le Quotidien de la R\u00e9union<\/mark><\/strong>. [<a href=\"https:\/\/www.lequotidien.re\/actualites\/societe\/garance-assurance-mode-demploi-en-attendant-larrete-de-catastrophe-naturelle\/\">Le Quotidien.re<\/a>]<\/p>\n\n\n\n<p><strong>Les assureurs vont crouler sous les d\u00e9clarations de sinistres, cette semaine. Les indemnisations vont pouvoir \u00eatre lanc\u00e9es pour les d\u00e9g\u00e2ts caus\u00e9s aux toitures et les infiltrations d\u2019eau par le haut. Pour les coul\u00e9es de boue et les inondations li\u00e9es \u00e0 des mont\u00e9es d\u2019eau, il faudra attendre la d\u00e9claration de catastrophe naturelle par l\u2019Etat.<\/strong><\/p>\n\n\n\n<p>Cyrille Melchior (D\u00e9partement), Serge Hoareau (Association des maires), Pierrick Robert (CCIR) ou encore Didier Fauchard (Medef) et G\u00e9rard Lebon (CPME)&nbsp;: tous se sont prononc\u00e9s ces derniers jours en faveur de la publication en urgence par le gouvernement d\u2019un arr\u00eat\u00e9 reconnaissant la catastrophe naturelle (et derri\u00e8re la&nbsp;calamit\u00e9 agricole).<\/p>\n\n\n\n<p><strong>En attendant, ce sont les contrats d\u2019assurance classiques qui s\u2019appliquent<\/strong>. Que vous soyez un particulier ou une entreprise, vous disposez de <strong>cinq jours ouvr\u00e9s<\/strong> apr\u00e8s le ph\u00e9nom\u00e8ne pour <strong>d\u00e9clarer votre sinistre \u00e0 votre compagnie ou votre courtier<\/strong>, c\u2019est-\u00e0-dire jusqu\u2019\u00e0 vendredi.<\/p>\n\n\n\n<p><strong>Au moins 100&nbsp;km\/h<\/strong><\/p>\n\n\n\n<p>Il est conseill\u00e9 de <strong>prendre des photos des d\u00e9g\u00e2ts<\/strong> et de les <strong>joindre \u00e0 sa demande<\/strong>, que ce soit par mail ou par courrier. En fonction de l\u2019importance des dommages, un expert sera susceptible de se d\u00e9placer. Des renforts seront sans doute sollicit\u00e9s dans l\u2019Hexagone.<\/p>\n\n\n\n<p>La garantie temp\u00eate-ouragan-cyclone, incluse dans les contrats d\u2019assurance, est d\u00e9clench\u00e9e lorsque les vents sont sup\u00e9rieurs \u00e0 100 kilom\u00e8tres\/heure. Cela a \u00e9t\u00e9 le cas pour Garance. Sont alors couverts les effets directs ou indirects (un arbre arrach\u00e9 qui tombe sur une maison) li\u00e9s au vent mais aussi les infiltrations d\u2019eau par la toiture.<\/p>\n\n\n\n<p><strong>Aide au relogement<\/strong><\/p>\n\n\n\n<p>En revanche, sauf si cela est express\u00e9ment mentionn\u00e9 dans le contrat, les inondations li\u00e9es \u00e0 la mont\u00e9e des eaux ou les d\u00e9g\u00e2ts par les coul\u00e9es de boue ne sont pas couverts. C\u2019est l\u00e0 que l\u2019arr\u00eat\u00e9 de catastrophe naturelle intervient.<\/p>\n\n\n\n<p><em>\u00abCet \u00e9tat est demand\u00e9 par chaque commune selon la nature des dommages observ\u00e9s sur son territoire&nbsp;: vent, inondation, mouvement de terrain, coul\u00e9e de boue, submersion par les vagues\u2026, <\/em>relate le Medef R\u00e9union dans une note adress\u00e9e \u00e0 ses adh\u00e9rents<em>. L\u2019arr\u00eat\u00e9 peut concerner plusieurs de ces \u00e9l\u00e9ments. Ils sont d\u00e9termin\u00e9s en fonction d\u2019\u00e9l\u00e9ments techniques fournis entre autres par M\u00e9t\u00e9o France\u00bb.<\/em><\/p>\n\n\n\n<p><strong>\u00c0 partir de la publication de l\u2019arr\u00eat\u00e9 au Journal officiel, les assur\u00e9s disposeront de 30 jours<\/strong> (contre 10 auparavant) pour effectuer leur&nbsp;d\u00e9claration. La CatNat prend le dessus sur votre contrat d\u2019assurance. L\u2019\u00c9tat, via un fonds de r\u00e9assurance, couvre alors une partie des d\u00e9penses des assureurs. L\u2019indemnisation se fera&nbsp;sur la base des capitaux d\u00e9clar\u00e9s sur la garantie incendie.<\/p>\n\n\n\n<p><strong>Autre int\u00e9r\u00eat de cet arr\u00eat\u00e9 de catastrophe naturelle&nbsp;: les personnes dont la maison est inhabitable peuvent b\u00e9n\u00e9ficier d\u2019une aide au relogement pendant six mois.<\/strong><\/p>\n\n\n\n<p>La CatNat ne concerne que les logements assur\u00e9s. Pour les autres (environ 25&nbsp;% \u00e0 La R\u00e9union avant le passage de Chido \u00e0 Mayotte, peut-\u00eatre un peu moins aujourd\u2019hui), il faudra attendre le d\u00e9clenchement par l\u2019Etat du fonds de secours outre-mer mais ce dernier ne couvre pas tous les dommages.<\/p>\n\n\n\n<p><strong>PERCEVAL GAILLARD POUR UNE LOI D\u2019URGENCE<\/strong><\/p>\n\n\n\n<p>Destructions de routes, de logements, de services publics, d\u2019entreprises, d\u2019exploitations agricoles, d\u2019\u00e9coles\u2026 Perceval Gaillard a list\u00e9 les d\u00e9g\u00e2ts caus\u00e9s par le cyclone Garance. Sa conclusion&nbsp;: \u00abdans l\u2019optique de la reconstruction imm\u00e9diate mais \u00e9galement pour la survie de notre tissu \u00e9conomique, social, associatif \u00e0 moyen et long terme, nous avons besoin d\u2019une loi d\u2019urgence adapt\u00e9e \u00e0 nos besoins. Dans une optique transpartisane, je vais porter cette demande aupr\u00e8s du gouvernement afin de r\u00e9pondre rapidement \u00e0 la situation catastrophique sur le terrain. J\u2019invite l\u2019ensemble des forces vives du pays \u00e0 se rapprocher de moi et des autres parlementaires afin que nous puissions tr\u00e8s vite, construire cette loi d\u2019urgence qui doit venir de <strong>La R\u00e9union<\/strong> et <strong>non de Paris<\/strong> comme cela a \u00e9t\u00e9 le cas malheureusement pour la loi d\u2019urgence Mayotte. <strong>Dans cette \u00e9preuve terrible que nous traversons, nous devons nous rassembler au maximum et peser de toutes nos forces pour que pouvoir central prenne les bonnes d\u00e9cisions<\/strong>\u00bb. <mark style=\"background-color:rgba(0, 0, 0, 0)\" class=\"has-inline-color has-vivid-red-color\">Lire l&rsquo;article complet sur<\/mark> [<a href=\"https:\/\/www.lequotidien.re\/actualites\/societe\/garance-assurance-mode-demploi-en-attendant-larrete-de-catastrophe-naturelle\/\">Le Quotidien.re<\/a>] \ud83d\udd17<\/p>\n\n\n\n<p>\u25a0 <strong><mark style=\"background-color:rgba(0, 0, 0, 0)\" class=\"has-inline-color has-vivid-red-color\">Le pr\u00e9fet demande la reconnaissance de catastrophe naturelle pour toute La R\u00e9union &#8211; Le Quotidien de la R\u00e9union<\/mark><\/strong>. [<a href=\"https:\/\/www.lequotidien.re\/actualites\/le-prefet-demande-la-reconnaissance-de-catastrophe-naturelle-pour-toute-la-reunion\/\">Le Quotidien.re<\/a>] \ud83d\udd17<\/p>\n\n\n\n<p>La proc\u00e9dure de reconnaissance de l\u2019\u00e9tat de catastrophe naturelle <em>\u201c<strong>est enclench\u00e9e et devrait aboutir en urgence d\u00e8s cette semaine<\/strong>\u201d<\/em>. C\u2019est ce qu\u2019annon\u00e7ait le ministre des Outre-mer, Manuel Valls, mardi. Ce jeudi, alors qu\u2019il est en visite \u00e0 La R\u00e9union, le pr\u00e9fet, Patrice Latron, a annonce avoir demand\u00e9 la reconnaissance de l\u2019\u00e9tat de catastrophe naturelle pour toute La R\u00e9union. <strong>Le processus devrait alors \u00eatre acc\u00e9l\u00e9r\u00e9<\/strong> : la commission catastrophe naturelle est pr\u00e9vue vendredi au minist\u00e8re de l\u2019Int\u00e9rieur \u00e0 Paris.<\/p>\n\n\n\n<p><strong>Pour rappel, l\u2019\u00e9tat de catastrophe naturelle doit \u00eatre demand\u00e9e pour chaque commune selon la nature des dommages : vent, inondation, mouvement de terrain, coul\u00e9e de boue et\/ou submersion par les vagues.<\/strong><\/p>\n\n\n\n<p>Manuel Valls a quant \u00e0 lui assurer pouvoir rapidement annoncer les dispositifs qui seront mis en place pour la reconstruction de l\u2019\u00eele, au vu de ses observations sur le terrain ce jeudi et vendredi. <strong>Ce sont bien des fonds de l\u2019Etat et europ\u00e9ens qui seront d\u00e9bloqu\u00e9s.<\/strong><\/p>\n\n\n\n<p>Il reconna\u00eet \u00e9galement le sentiment \u201cd\u2019<strong>accablement<\/strong>\u201d pour les R\u00e9unionnais qui n\u2019ont toujours pas d\u2019<strong>\u00e9lectricit\u00e9 <\/strong>ou d\u2019<strong>eau<\/strong>.<\/p>\n\n\n\n<p>Plus d\u2019informations dans <a href=\"https:\/\/www.lequotidien.re\/nos-editions\/\" target=\"_blank\" rel=\"noreferrer noopener\">l\u2019article d\u2019Edouard Marchal dans l\u2019\u00e9dition du 7 mars<\/a>. <mark style=\"background-color:rgba(0, 0, 0, 0)\" class=\"has-inline-color has-vivid-red-color\">Via <\/mark>[<a href=\"https:\/\/www.lequotidien.re\/actualites\/le-prefet-demande-la-reconnaissance-de-catastrophe-naturelle-pour-toute-la-reunion\/\">Le Quotidien.re<\/a>] \ud83d\udd17<\/p>\n\n\n<div class=\"wp-block-image\">\n<figure class=\"aligncenter size-large\"><img data-opt-id=14490937  fetchpriority=\"high\" data-recalc-dims=\"1\" decoding=\"async\" width=\"640\" height=\"328\" src=\"https:\/\/mlrdeoj2ejbf.i.optimole.com\/cb:mvHM.4ca\/w:1024\/h:524\/q:mauto\/f:best\/https:\/\/i0.wp.com\/planetactus.com\/wp-content\/uploads\/2025\/03\/Planet-Actus_Tampon-974.jpg?resize=640%2C328&#038;ssl=1\" alt=\"\" class=\"wp-image-3872\" srcset=\"https:\/\/mlrdeoj2ejbf.i.optimole.com\/cb:mvHM.4ca\/w:1024\/h:4000\/q:mauto\/f:best\/https:\/\/planetactus.com\/wp-content\/uploads\/2025\/03\/Planet-Actus_Tampon-974-scaled.jpg 1024w, https:\/\/mlrdeoj2ejbf.i.optimole.com\/cb:mvHM.4ca\/w:300\/h:4000\/q:mauto\/f:best\/https:\/\/planetactus.com\/wp-content\/uploads\/2025\/03\/Planet-Actus_Tampon-974-scaled.jpg 300w, https:\/\/mlrdeoj2ejbf.i.optimole.com\/cb:mvHM.4ca\/w:768\/h:4000\/q:mauto\/f:best\/https:\/\/planetactus.com\/wp-content\/uploads\/2025\/03\/Planet-Actus_Tampon-974-scaled.jpg 768w, https:\/\/mlrdeoj2ejbf.i.optimole.com\/cb:mvHM.4ca\/w:1536\/h:4000\/q:mauto\/f:best\/https:\/\/planetactus.com\/wp-content\/uploads\/2025\/03\/Planet-Actus_Tampon-974-scaled.jpg 1536w, https:\/\/mlrdeoj2ejbf.i.optimole.com\/cb:mvHM.4ca\/w:1920\/h:3750\/q:mauto\/f:best\/https:\/\/planetactus.com\/wp-content\/uploads\/2025\/03\/Planet-Actus_Tampon-974-scaled.jpg 2048w, https:\/\/mlrdeoj2ejbf.i.optimole.com\/cb:mvHM.4ca\/w:1280\/h:4000\/q:mauto\/f:best\/https:\/\/planetactus.com\/wp-content\/uploads\/2025\/03\/Planet-Actus_Tampon-974-scaled.jpg 1280w, https:\/\/mlrdeoj2ejbf.i.optimole.com\/cb:mvHM.4ca\/w:1920\/h:4000\/q:mauto\/f:best\/https:\/\/planetactus.com\/wp-content\/uploads\/2025\/03\/Planet-Actus_Tampon-974-scaled.jpg 1920w\" sizes=\"(max-width: 640px) 100vw, 640px\" \/><figcaption class=\"wp-element-caption\">\ud83d\udcf8 Vue panoramique depuis Le Tampon (974) \ud83c\udf04Une magnifique perspective offrant un horizon d\u00e9gag\u00e9 sur Les Avirons, L&rsquo;\u00c9tang-Sal\u00e9 et Saint-Louis. Entre ciel et mer, un spectacle naturel captivant de la c\u00f4te ouest et sud-ouest r\u00e9unionnaise \/ Planet Actus \ud83c\udf0a\u2600\ufe0f<\/figcaption><\/figure>\n<\/div>\n\n\n<p><span style=\"text-decoration: underline;\">Tu pourrais aussi aimer <\/span>:<\/p>\n\n\n\n<p>\u25a0 <strong><a href=\"https:\/\/planetactus.com\/index.php\/2024\/11\/30\/certifiez-vos-photos-en-un-clic-decouvrez-lapplication-revolutionnaire-certi-photo-lavenir-de-la-preuve-numerique-a-portee-de-main-certifiez-securisez-partagez\/\"><mark style=\"background-color:rgba(0, 0, 0, 0)\" class=\"has-inline-color has-vivid-red-color\">Certifiez vos Photos en un Clic : D\u00e9couvrez l\u2019Application R\u00e9volutionnaire Certi Photo<\/mark><\/a><\/strong> \ud83d\udd17 : l\u2019Avenir de la Preuve Num\u00e9rique \u00e0 Port\u00e9e de Main. Certifiez, S\u00e9curisez, Partagez : Dans un monde o\u00f9 <span style=\"text-decoration: underline;\">l\u2019authenticit\u00e9 des images est de plus en plus remise en question<\/span>, <strong>Certi Photo<\/strong> se pr\u00e9sente comme une solution innovante pour garantir l\u2019int\u00e9grit\u00e9 de vos clich\u00e9s en un seul clic. Cette application r\u00e9volutionnaire permet de <strong>certifier, s\u00e9curiser et partager<\/strong> vos photos en toute confiance, en assurant leur tra\u00e7abilit\u00e9 et leur fiabilit\u00e9. D\u00e9couvrez dans notre article complet comment <strong>Certi Photo<\/strong> pourrait bien devenir un outil incontournable pour les <strong>professionnels <\/strong>comme pour les <strong>particuliers <\/strong>\u00e0 la recherche de <mark style=\"background-color:rgba(0, 0, 0, 0)\" class=\"has-inline-color has-vivid-red-color\">preuves num\u00e9riques infalsifiables<\/mark>. \ud83d\ude80\ud83d\udcf8\ud83d\udc49 <strong>Lire l\u2019article complet :<\/strong> <a href=\"https:\/\/planetactus.com\/index.php\/2024\/11\/30\/certifiez-vos-photos-en-un-clic-decouvrez-lapplication-revolutionnaire-certi-photo-lavenir-de-la-preuve-numerique-a-portee-de-main-certifiez-securisez-partagez\/\">Planet Actus \u2013 Certi Photo<\/a> \ud83d\udd17<\/p>\n\n\n\n<p><span style=\"text-decoration: underline;\">En bonus<\/span> \ud83d\udc40<\/p>\n\n\n\n<p>\u25a0 <strong><a href=\"https:\/\/planetactus.com\/index.php\/2024\/10\/11\/revelations-celestes-des-spheres-metalliques-dans-le-ciel-de-paris-secoue-la-communaute-ufologique-une-affaire-ovni-sans-precedent\/\"><mark style=\"background-color:rgba(0, 0, 0, 0)\" class=\"has-inline-color has-vivid-red-color\">OVNIs \u00e0 l\u2019\u00cele de la R\u00e9union<\/mark><\/a><mark style=\"background-color:rgba(0, 0, 0, 0)\" class=\"has-inline-color has-vivid-red-color\"> \ud83d\udd17 Deux Photographies Authentiques Captur\u00e9es sur la Route du Littoral le 29 ao\u00fbt 2018 : Le myst\u00e8re des ph\u00e9nom\u00e8nes a\u00e9riens non identifi\u00e9s s\u2019invite jusque dans l\u2019Oc\u00e9an Indien.<\/mark><\/strong><\/p>\n\n\n\n<p>\ud83d\udd2d <a href=\"https:\/\/mlrdeoj2ejbf.i.optimole.com\/cb:mvHM.4ca\/w:auto\/h:auto\/q:mauto\/f:best\/https:\/\/i0.wp.com\/planetactus.com\/wp-content\/uploads\/2024\/10\/1-Run_20180829_115257-1-1024x768-1.jpg?w=1024&amp;ssl=1\"><strong>D\u00e9couvrez deux clich\u00e9s in\u00e9dits<\/strong><\/a> <strong><mark style=\"background-color:rgba(0, 0, 0, 0)\" class=\"has-inline-color has-vivid-red-color\">\ud83d\udd17<\/mark>, pris \u00e0 l\u2019\u00cele de la R\u00e9union, capturant des objets volants non identifi\u00e9s le long de la c\u00e9l\u00e8bre Route du Littoral. Ces images, captur\u00e9es avec un t\u00e9l\u00e9phone mobile le 29 ao\u00fbt 2018, soul\u00e8vent de nouvelles questions sur la pr\u00e9sence d\u2019OVNIs dans cette r\u00e9gion du monde. Ces apparitions intrigantes t\u00e9moignent une fois de plus que ces Ph\u00e9nom\u00e8nes Inexpliqu\u00e9s Ne Connaissent Aucune Fronti\u00e8re.<\/strong> \ud83e\ude90 \ud83c\udf10 \ud83c\udf0e<strong>Lire l\u2019article complet \ud83d\udcf8\ud83d\udc49 : Observation In\u00e9dite et R\u00e9v\u00e9lations C\u00e9lestes : <\/strong><a href=\"https:\/\/planetactus.com\/index.php\/2024\/10\/11\/revelations-celestes-des-spheres-metalliques-dans-le-ciel-de-paris-secoue-la-communaute-ufologique-une-affaire-ovni-sans-precedent\/\"><mark style=\"background-color:rgba(0, 0, 0, 0)\" class=\"has-inline-color has-vivid-red-color\">Des Sph\u00e8res M\u00e9talliques dans le Ciel de Paris Secoue la Communaut\u00e9 UFOLOGIQUE<\/mark><\/a>. <strong><mark style=\"background-color:rgba(0, 0, 0, 0)\" class=\"has-inline-color has-vivid-red-color\">\ud83d\udd17<\/mark><\/strong> <strong>Trajectoire des Orbes M\u00e9talliques en Suivi Dynamique, R\u00e9v\u00e9lant le Myst\u00e8re OVNI Parisien sous un Nouveau Jour<\/strong> [VID\u00c9O]<\/p>\n\n\n\n<p><strong>\ud83d\udca1<\/strong><mark style=\"background-color:rgba(0, 0, 0, 0)\" class=\"has-inline-color has-vivid-red-color\"><strong>&nbsp;<\/strong>Si cet article vous a plu, n\u2019h\u00e9sitez pas \u00e0 le partager avec vos proches et sur tous vos r\u00e9seaux sociaux ! Suivez-nous pour plus d\u2019actualit\u00e9s passionnantes.<\/mark><\/p>\n\n\n\n<p><strong>\ud83d\udef8<\/strong><strong>&nbsp;<\/strong><strong><a href=\"https:\/\/t.me\/ufo_planetactus_sightings\">Ufo Planet Actus Sightings Investigations<\/a><\/strong><strong>&nbsp;<\/strong><strong>\ud83d\udc7d<\/strong><strong><br><\/strong><strong>\ud83e\ude90<\/strong><strong>&nbsp;<\/strong><a href=\"https:\/\/t.me\/planetactus\"><strong>Planet Actus&nbsp;True News Letters<\/strong><\/a><strong>&nbsp;<\/strong><strong>\ud83d\uddde<\/strong><strong><br><\/strong><strong>\ud83d\udcbb<\/strong><strong>&nbsp;<\/strong><a href=\"https:\/\/planetactus.com\/\"><strong>Planet Actus.com<\/strong><\/a><strong>&nbsp;<\/strong><strong>\ud83e\ude90<\/strong><\/p>\n\n\n<div class=\"wp-block-post-author\"><div class=\"wp-block-post-author__avatar\"><img decoding=async data-opt-id=1391982141  alt='' src='\/\/www.gravatar.com\/avatar\/1f651b4ef1fc23d4d1601d6f2649258e?s=48&#038;r=g&#038;d=mm' srcset='\/\/www.gravatar.com\/avatar\/1f651b4ef1fc23d4d1601d6f2649258e?s=48&#038;r=g&#038;d=mm 2x' class='avatar avatar-48 photo' height='48' width='48' \/><\/div><div class=\"wp-block-post-author__content\"><p class=\"wp-block-post-author__byline\"><a href=\"http:\/\/planetactus.com\">planetactus<\/a><\/p><p class=\"wp-block-post-author__name\">planetactus.com<\/p><\/div><\/div><div class=\"gsp_post_data\" \r\n\t            data-post_type=\"post\" \r\n\t            data-cat=\"a-la-une,certifiez-securisez-partagez,cyclone-garance-a-la-reunion,enquetes-dinvestigations,frontieres-de-lincroyable,international,leveil,lanceurs-dalertes,ocean-indien,resilience,ufo-news\" \r\n\t            data-modified=\"120\"\r\n\t            data-created=\"1741108997\"\r\n\t            data-title=\"Cyclone Garance \u00e0 La R\u00e9union : r\u00e9clamez votre indemnisation, \u00e9tape par \u00e9tape. Le guide des d\u00e9marches pour r\u00e9cup\u00e9rer vos pertes et vous reconstruire.\" \r\n\t            data-home=\"https:\/\/planetactus.com\"><\/div>","protected":false},"excerpt":{"rendered":"<p>Cyclone Garance \u00e0 La R\u00e9union : Guide complet des d\u00e9marches de remboursement et d&rsquo;indemnisation. Le cyclone Garance a frapp\u00e9 l&rsquo;\u00eele de La R\u00e9union avec une violence d\u00e9vastatrice, laissant derri\u00e8re lui un bilan lourd : au moins cinq morts \ud83d\udd17, des routes inond\u00e9es, des habitations endommag\u00e9es, et plus de 182 000 foyers priv\u00e9s d&rsquo;\u00e9lectricit\u00e9 ainsi que [&hellip;]<\/p>\n","protected":false},"author":1,"featured_media":3847,"comment_status":"open","ping_status":"open","sticky":false,"template":"","format":"standard","meta":{"_bbp_topic_count":0,"_bbp_reply_count":0,"_bbp_total_topic_count":0,"_bbp_total_reply_count":0,"_bbp_voice_count":0,"_bbp_anonymous_reply_count":0,"_bbp_topic_count_hidden":0,"_bbp_reply_count_hidden":0,"_bbp_forum_subforum_count":0,"fifu_image_url":"","fifu_image_alt":"","_jetpack_memberships_contains_paid_content":false,"footnotes":"","jetpack_publicize_message":"","jetpack_publicize_feature_enabled":true,"jetpack_social_post_already_shared":false,"jetpack_social_options":{"image_generator_settings":{"template":"highway","default_image_id":0,"font":"","enabled":false},"version":2}},"categories":[19,142,151,50,117,21,41,108,26,40,12],"tags":[],"class_list":["post-3841","post","type-post","status-publish","format-standard","has-post-thumbnail","hentry","category-a-la-une","category-certifiez-securisez-partagez","category-cyclone-garance-a-la-reunion","category-enquetes-dinvestigations","category-frontieres-de-lincroyable","category-international","category-leveil","category-lanceurs-dalertes","category-ocean-indien","category-resilience","category-ufo-news"],"featured_image_src":"https:\/\/mlrdeoj2ejbf.i.optimole.com\/cb:mvHM.4ca\/w:auto\/h:auto\/q:mauto\/f:best\/https:\/\/i0.wp.com\/planetactus.com\/wp-content\/uploads\/2025\/03\/Cyclone-Garance-a-La-Reunion.-Reclamer-votre-indemnisation-etape-par-etape.-Planet-Actus-IA.webp?fit=1024%2C1024&ssl=1","author_info":{"display_name":"planetactus.com","author_link":"https:\/\/planetactus.com\/index.php\/author\/admin9861\/"},"yoast_head":"<!-- This site is optimized with the Yoast SEO plugin v27.5 - https:\/\/yoast.com\/product\/yoast-seo-wordpress\/ -->\n<title>Cyclone Garance \u00e0 La R\u00e9union : r\u00e9clamez votre indemnisation, \u00e9tape par \u00e9tape. Le guide des d\u00e9marches pour r\u00e9cup\u00e9rer vos pertes et vous reconstruire. -<\/title>\n<meta name=\"description\" content=\"Cyclone Garance \u00e0 La R\u00e9union : Guide complet des d\u00e9marches de remboursement et d&#039;indemnisation.Le cyclone Garance a frapp\u00e9 l&#039;\u00eele de La R\u00e9union avec une violence d\u00e9vastatrice, laissant derri\u00e8re lui un bilan lourd : au moins cinq morts \ud83d\udd17, des routes inond\u00e9es, des habitations endommag\u00e9es, et plus de 182 000 foyers priv\u00e9s d&#039;\u00e9lectricit\u00e9 ainsi que 171 000 sans acc\u00e8s \u00e0 l&#039;eau potable. Face \u00e0 cette catastrophe, les habitants doivent maintenant faire face au d\u00e9fi de la reconstruction et des d\u00e9marches d&#039;indemnisation. Cet article propose un guide complet pour orienter les sinistr\u00e9s dans leurs recours.\" class=\"yoast-seo-meta-tag\" \/>\n<meta name=\"robots\" content=\"index, follow, max-snippet:-1, max-image-preview:large, max-video-preview:-1\" \/>\n<link rel=\"canonical\" href=\"https:\/\/planetactus.com\/index.php\/2025\/03\/04\/cyclone-garance-a-la-reunion-reclamer-votre-indemnisation-etape-par-etape-le-guide-des-demarches-pour-recuperer-vos-pertes-et-se-reconstruire\/\" class=\"yoast-seo-meta-tag\" \/>\n<meta property=\"og:locale\" content=\"fr_FR\" class=\"yoast-seo-meta-tag\" \/>\n<meta property=\"og:type\" content=\"article\" class=\"yoast-seo-meta-tag\" \/>\n<meta property=\"og:title\" content=\"Cyclone Garance \u00e0 La R\u00e9union : R\u00e9clamer votre indemnisation, \u00e9tape par \u00e9tape. Le guide des d\u00e9marches pour r\u00e9cup\u00e9rer vos pertes et se reconstruire.\" class=\"yoast-seo-meta-tag\" \/>\n<meta property=\"og:description\" content=\"Cyclone Garance \u00e0 La R\u00e9union : Guide complet des d\u00e9marches de remboursement et d&#039;indemnisation.Le cyclone Garance a frapp\u00e9 l&#039;\u00eele de La R\u00e9union avec une violence d\u00e9vastatrice, laissant derri\u00e8re lui un bilan lourd : au moins cinq morts \ud83d\udd17, des routes inond\u00e9es, des habitations endommag\u00e9es, et plus de 182 000 foyers priv\u00e9s d&#039;\u00e9lectricit\u00e9 ainsi que 171 000 sans acc\u00e8s \u00e0 l&#039;eau potable. Face \u00e0 cette catastrophe, les habitants doivent maintenant faire face au d\u00e9fi de la reconstruction et des d\u00e9marches d&#039;indemnisation. Cet article propose un guide complet pour orienter les sinistr\u00e9s dans leurs recours.\" class=\"yoast-seo-meta-tag\" \/>\n<meta property=\"og:url\" content=\"https:\/\/planetactus.com\/index.php\/2025\/03\/04\/cyclone-garance-a-la-reunion-reclamer-votre-indemnisation-etape-par-etape-le-guide-des-demarches-pour-recuperer-vos-pertes-et-se-reconstruire\/\" class=\"yoast-seo-meta-tag\" \/>\n<meta property=\"article:publisher\" content=\"https:\/\/www.facebook.com\/profile.php?id=61561620320740\" class=\"yoast-seo-meta-tag\" \/>\n<meta property=\"article:author\" content=\"https:\/\/www.facebook.com\/profile.php?id=61561620320740\" class=\"yoast-seo-meta-tag\" \/>\n<meta property=\"article:published_time\" content=\"2025-03-04T16:23:17+00:00\" class=\"yoast-seo-meta-tag\" \/>\n<meta property=\"article:modified_time\" content=\"2025-03-08T02:26:45+00:00\" class=\"yoast-seo-meta-tag\" \/>\n<meta property=\"og:image\" content=\"https:\/\/mlrdeoj2ejbf.i.optimole.com\/cb:mvHM.4ca\/w:auto\/h:auto\/q:mauto\/f:best\/http:\/\/planetactus.com\/wp-content\/uploads\/2025\/03\/Cyclone-Garance-a-La-Reunion.-Reclamer-votre-indemnisation-etape-par-etape.-Planet-Actus-IA.webp\" class=\"yoast-seo-meta-tag\" \/>\n\t<meta property=\"og:image:width\" content=\"1024\" class=\"yoast-seo-meta-tag\" \/>\n\t<meta property=\"og:image:height\" content=\"1024\" class=\"yoast-seo-meta-tag\" \/>\n\t<meta property=\"og:image:type\" content=\"image\/webp\" class=\"yoast-seo-meta-tag\" \/>\n<meta name=\"author\" content=\"planetactus.com\" class=\"yoast-seo-meta-tag\" \/>\n<meta name=\"twitter:card\" content=\"summary_large_image\" class=\"yoast-seo-meta-tag\" \/>\n<meta name=\"twitter:title\" content=\"Cyclone Garance \u00e0 La R\u00e9union : R\u00e9clamer votre indemnisation, \u00e9tape par \u00e9tape. Le guide des d\u00e9marches pour r\u00e9cup\u00e9rer vos pertes et se reconstruire.\" class=\"yoast-seo-meta-tag\" \/>\n<meta name=\"twitter:description\" content=\"Cyclone Garance \u00e0 La R\u00e9union : Guide complet des d\u00e9marches de remboursement et d&#039;indemnisation.Le cyclone Garance a frapp\u00e9 l&#039;\u00eele de La R\u00e9union avec une violence d\u00e9vastatrice, laissant derri\u00e8re lui un bilan lourd : au moins cinq morts \ud83d\udd17, des routes inond\u00e9es, des habitations endommag\u00e9es, et plus de 182 000 foyers priv\u00e9s d&#039;\u00e9lectricit\u00e9 ainsi que 171 000 sans acc\u00e8s \u00e0 l&#039;eau potable. Face \u00e0 cette catastrophe, les habitants doivent maintenant faire face au d\u00e9fi de la reconstruction et des d\u00e9marches d&#039;indemnisation. Cet article propose un guide complet pour orienter les sinistr\u00e9s dans leurs recours.\" class=\"yoast-seo-meta-tag\" \/>\n<meta name=\"twitter:image\" content=\"https:\/\/mlrdeoj2ejbf.i.optimole.com\/cb:mvHM.4ca\/w:auto\/h:auto\/q:mauto\/f:best\/https:\/\/i0.wp.com\/planetactus.com\/wp-content\/uploads\/2025\/03\/Cyclone-Garance-a-La-Reunion.-Reclamer-votre-indemnisation-etape-par-etape.-Planet-Actus-IA.webp?fit=1024%2C1024&ssl=1\" class=\"yoast-seo-meta-tag\" \/>\n<meta name=\"twitter:creator\" content=\"@https:\/\/x.com\/PlanetActus\" class=\"yoast-seo-meta-tag\" \/>\n<meta name=\"twitter:site\" content=\"@PlanetActus\" class=\"yoast-seo-meta-tag\" \/>\n<meta name=\"twitter:label1\" content=\"\u00c9crit par\" class=\"yoast-seo-meta-tag\" \/>\n\t<meta name=\"twitter:data1\" content=\"planetactus.com\" class=\"yoast-seo-meta-tag\" \/>\n\t<meta name=\"twitter:label2\" content=\"Dur\u00e9e de lecture estim\u00e9e\" class=\"yoast-seo-meta-tag\" \/>\n\t<meta name=\"twitter:data2\" content=\"26 minutes\" class=\"yoast-seo-meta-tag\" \/>\n<script type=\"application\/ld+json\" class=\"yoast-schema-graph\">{\"@context\":\"https:\\\/\\\/schema.org\",\"@graph\":[{\"@type\":\"Article\",\"@id\":\"https:\\\/\\\/planetactus.com\\\/index.php\\\/2025\\\/03\\\/04\\\/cyclone-garance-a-la-reunion-reclamer-votre-indemnisation-etape-par-etape-le-guide-des-demarches-pour-recuperer-vos-pertes-et-se-reconstruire\\\/#article\",\"isPartOf\":{\"@id\":\"https:\\\/\\\/planetactus.com\\\/index.php\\\/2025\\\/03\\\/04\\\/cyclone-garance-a-la-reunion-reclamer-votre-indemnisation-etape-par-etape-le-guide-des-demarches-pour-recuperer-vos-pertes-et-se-reconstruire\\\/\"},\"author\":{\"name\":\"planetactus.com\",\"@id\":\"https:\\\/\\\/planetactus.com\\\/#\\\/schema\\\/person\\\/fbb75ac73a2424d2e176d31b021372a4\"},\"headline\":\"Cyclone Garance \u00e0 La R\u00e9union : r\u00e9clamez votre indemnisation, \u00e9tape par \u00e9tape. Le guide des d\u00e9marches pour r\u00e9cup\u00e9rer vos pertes et vous reconstruire.\",\"datePublished\":\"2025-03-04T16:23:17+00:00\",\"dateModified\":\"2025-03-08T02:26:45+00:00\",\"mainEntityOfPage\":{\"@id\":\"https:\\\/\\\/planetactus.com\\\/index.php\\\/2025\\\/03\\\/04\\\/cyclone-garance-a-la-reunion-reclamer-votre-indemnisation-etape-par-etape-le-guide-des-demarches-pour-recuperer-vos-pertes-et-se-reconstruire\\\/\"},\"wordCount\":5601,\"commentCount\":0,\"publisher\":{\"@id\":\"https:\\\/\\\/planetactus.com\\\/#\\\/schema\\\/person\\\/fbb75ac73a2424d2e176d31b021372a4\"},\"image\":{\"@id\":\"https:\\\/\\\/planetactus.com\\\/index.php\\\/2025\\\/03\\\/04\\\/cyclone-garance-a-la-reunion-reclamer-votre-indemnisation-etape-par-etape-le-guide-des-demarches-pour-recuperer-vos-pertes-et-se-reconstruire\\\/#primaryimage\"},\"thumbnailUrl\":\"https:\\/\\/i0.wp.com\\/planetactus.com\\/wp-content\\/uploads\\/2025\\/03\\/Cyclone-Garance-a-La-Reunion.-Reclamer-votre-indemnisation-etape-par-etape.-Planet-Actus-IA.webp?fit=1024%2C1024&ssl=1\",\"articleSection\":[\"A la Une\",\"Certifiez, S\u00e9curisez, Partagez\",\"Cyclone Garance \u00e0 La R\u00e9union\",\"Enqu\u00eates d'Investigations\",\"Fronti\u00e8res de l\u2019Incroyable\",\"International\",\"L'Eveil\",\"Lanceurs d'Alertes\",\"Oc\u00e9an Indien\",\"R\u00e9silience\",\"Ufo-News\"],\"inLanguage\":\"fr-FR\",\"potentialAction\":[{\"@type\":\"CommentAction\",\"name\":\"Comment\",\"target\":[\"https:\\\/\\\/planetactus.com\\\/index.php\\\/2025\\\/03\\\/04\\\/cyclone-garance-a-la-reunion-reclamer-votre-indemnisation-etape-par-etape-le-guide-des-demarches-pour-recuperer-vos-pertes-et-se-reconstruire\\\/#respond\"]}]},{\"@type\":\"WebPage\",\"@id\":\"https:\\\/\\\/planetactus.com\\\/index.php\\\/2025\\\/03\\\/04\\\/cyclone-garance-a-la-reunion-reclamer-votre-indemnisation-etape-par-etape-le-guide-des-demarches-pour-recuperer-vos-pertes-et-se-reconstruire\\\/\",\"url\":\"https:\\\/\\\/planetactus.com\\\/index.php\\\/2025\\\/03\\\/04\\\/cyclone-garance-a-la-reunion-reclamer-votre-indemnisation-etape-par-etape-le-guide-des-demarches-pour-recuperer-vos-pertes-et-se-reconstruire\\\/\",\"name\":\"Cyclone Garance \u00e0 La R\u00e9union : r\u00e9clamez votre indemnisation, \u00e9tape par \u00e9tape. Le guide des d\u00e9marches pour r\u00e9cup\u00e9rer vos pertes et vous reconstruire. -\",\"isPartOf\":{\"@id\":\"https:\\\/\\\/planetactus.com\\\/#website\"},\"primaryImageOfPage\":{\"@id\":\"https:\\\/\\\/planetactus.com\\\/index.php\\\/2025\\\/03\\\/04\\\/cyclone-garance-a-la-reunion-reclamer-votre-indemnisation-etape-par-etape-le-guide-des-demarches-pour-recuperer-vos-pertes-et-se-reconstruire\\\/#primaryimage\"},\"image\":{\"@id\":\"https:\\\/\\\/planetactus.com\\\/index.php\\\/2025\\\/03\\\/04\\\/cyclone-garance-a-la-reunion-reclamer-votre-indemnisation-etape-par-etape-le-guide-des-demarches-pour-recuperer-vos-pertes-et-se-reconstruire\\\/#primaryimage\"},\"thumbnailUrl\":\"https:\\/\\/i0.wp.com\\/planetactus.com\\/wp-content\\/uploads\\/2025\\/03\\/Cyclone-Garance-a-La-Reunion.-Reclamer-votre-indemnisation-etape-par-etape.-Planet-Actus-IA.webp?fit=1024%2C1024&ssl=1\",\"datePublished\":\"2025-03-04T16:23:17+00:00\",\"dateModified\":\"2025-03-08T02:26:45+00:00\",\"description\":\"Cyclone Garance \u00e0 La R\u00e9union : Guide complet des d\u00e9marches de remboursement et d'indemnisation.Le cyclone Garance a frapp\u00e9 l'\u00eele de La R\u00e9union avec une violence d\u00e9vastatrice, laissant derri\u00e8re lui un bilan lourd : au moins cinq morts \ud83d\udd17, des routes inond\u00e9es, des habitations endommag\u00e9es, et plus de 182 000 foyers priv\u00e9s d'\u00e9lectricit\u00e9 ainsi que 171 000 sans acc\u00e8s \u00e0 l'eau potable. Face \u00e0 cette catastrophe, les habitants doivent maintenant faire face au d\u00e9fi de la reconstruction et des d\u00e9marches d'indemnisation. Cet article propose un guide complet pour orienter les sinistr\u00e9s dans leurs recours.\",\"breadcrumb\":{\"@id\":\"https:\\\/\\\/planetactus.com\\\/index.php\\\/2025\\\/03\\\/04\\\/cyclone-garance-a-la-reunion-reclamer-votre-indemnisation-etape-par-etape-le-guide-des-demarches-pour-recuperer-vos-pertes-et-se-reconstruire\\\/#breadcrumb\"},\"inLanguage\":\"fr-FR\",\"potentialAction\":[{\"@type\":\"ReadAction\",\"target\":[\"https:\\\/\\\/planetactus.com\\\/index.php\\\/2025\\\/03\\\/04\\\/cyclone-garance-a-la-reunion-reclamer-votre-indemnisation-etape-par-etape-le-guide-des-demarches-pour-recuperer-vos-pertes-et-se-reconstruire\\\/\"]}]},{\"@type\":\"ImageObject\",\"inLanguage\":\"fr-FR\",\"@id\":\"https:\\\/\\\/planetactus.com\\\/index.php\\\/2025\\\/03\\\/04\\\/cyclone-garance-a-la-reunion-reclamer-votre-indemnisation-etape-par-etape-le-guide-des-demarches-pour-recuperer-vos-pertes-et-se-reconstruire\\\/#primaryimage\",\"url\":\"https:\\/\\/i0.wp.com\\/planetactus.com\\/wp-content\\/uploads\\/2025\\/03\\/Cyclone-Garance-a-La-Reunion.-Reclamer-votre-indemnisation-etape-par-etape.-Planet-Actus-IA.webp?fit=1024%2C1024&ssl=1\",\"contentUrl\":\"https:\\/\\/i0.wp.com\\/planetactus.com\\/wp-content\\/uploads\\/2025\\/03\\/Cyclone-Garance-a-La-Reunion.-Reclamer-votre-indemnisation-etape-par-etape.-Planet-Actus-IA.webp?fit=1024%2C1024&ssl=1\",\"width\":1024,\"height\":1024,\"caption\":\"Cyclone-Garance-a-La-Reunion.-Reclamer-votre-indemnisation-etape-par-etape.-Planet-Actus-IA.webp\"},{\"@type\":\"BreadcrumbList\",\"@id\":\"https:\\\/\\\/planetactus.com\\\/index.php\\\/2025\\\/03\\\/04\\\/cyclone-garance-a-la-reunion-reclamer-votre-indemnisation-etape-par-etape-le-guide-des-demarches-pour-recuperer-vos-pertes-et-se-reconstruire\\\/#breadcrumb\",\"itemListElement\":[{\"@type\":\"ListItem\",\"position\":1,\"name\":\"Accueil\",\"item\":\"https:\\\/\\\/planetactus.com\\\/\"},{\"@type\":\"ListItem\",\"position\":2,\"name\":\"Cyclone Garance \u00e0 La R\u00e9union : r\u00e9clamez votre indemnisation, \u00e9tape par \u00e9tape. Le guide des d\u00e9marches pour r\u00e9cup\u00e9rer vos pertes et vous reconstruire.\"}]},{\"@type\":\"WebSite\",\"@id\":\"https:\\\/\\\/planetactus.com\\\/#website\",\"url\":\"https:\\\/\\\/planetactus.com\\\/\",\"name\":\"PLANET ACTUS\",\"description\":\"PLANET ACTUS\",\"publisher\":{\"@id\":\"https:\\\/\\\/planetactus.com\\\/#\\\/schema\\\/person\\\/fbb75ac73a2424d2e176d31b021372a4\"},\"potentialAction\":[{\"@type\":\"SearchAction\",\"target\":{\"@type\":\"EntryPoint\",\"urlTemplate\":\"https:\\\/\\\/planetactus.com\\\/?s={search_term_string}\"},\"query-input\":{\"@type\":\"PropertyValueSpecification\",\"valueRequired\":true,\"valueName\":\"search_term_string\"}}],\"inLanguage\":\"fr-FR\"},{\"@type\":[\"Person\",\"Organization\"],\"@id\":\"https:\\\/\\\/planetactus.com\\\/#\\\/schema\\\/person\\\/fbb75ac73a2424d2e176d31b021372a4\",\"name\":\"planetactus.com\",\"image\":{\"@type\":\"ImageObject\",\"inLanguage\":\"fr-FR\",\"@id\":\"https:\\/\\/i0.wp.com\\/planetactus.com\\/wp-content\\/uploads\\/2024\\/07\\/cropped-2-Planet-Actus-Banniere-02a.jpg?fit=1189%2C365&ssl=1\",\"url\":\"https:\\/\\/i0.wp.com\\/planetactus.com\\/wp-content\\/uploads\\/2024\\/07\\/cropped-2-Planet-Actus-Banniere-02a.jpg?fit=1189%2C365&ssl=1\",\"contentUrl\":\"https:\\/\\/i0.wp.com\\/planetactus.com\\/wp-content\\/uploads\\/2024\\/07\\/cropped-2-Planet-Actus-Banniere-02a.jpg?fit=1189%2C365&ssl=1\",\"width\":1189,\"height\":365,\"caption\":\"planetactus.com\"},\"logo\":{\"@id\":\"https:\\/\\/i0.wp.com\\/planetactus.com\\/wp-content\\/uploads\\/2024\\/07\\/cropped-2-Planet-Actus-Banniere-02a.jpg?fit=1189%2C365&ssl=1\"},\"sameAs\":[\"http:\\\/\\\/planetactus.com\",\"https:\\\/\\\/www.facebook.com\\\/profile.php?id=61561620320740\",\"https:\\\/\\\/x.com\\\/https:\\\/\\\/x.com\\\/PlanetActus\",\"https:\\\/\\\/www.youtube.com\\\/@PlanetActus\"],\"url\":\"https:\\\/\\\/planetactus.com\\\/index.php\\\/author\\\/admin9861\\\/\"}]}<\/script>\n<!-- \/ Yoast SEO plugin. -->","yoast_head_json":{"title":"Cyclone Garance \u00e0 La R\u00e9union : r\u00e9clamez votre indemnisation, \u00e9tape par \u00e9tape. Le guide des d\u00e9marches pour r\u00e9cup\u00e9rer vos pertes et vous reconstruire. -","description":"Cyclone Garance \u00e0 La R\u00e9union : Guide complet des d\u00e9marches de remboursement et d'indemnisation.Le cyclone Garance a frapp\u00e9 l'\u00eele de La R\u00e9union avec une violence d\u00e9vastatrice, laissant derri\u00e8re lui un bilan lourd : au moins cinq morts \ud83d\udd17, des routes inond\u00e9es, des habitations endommag\u00e9es, et plus de 182 000 foyers priv\u00e9s d'\u00e9lectricit\u00e9 ainsi que 171 000 sans acc\u00e8s \u00e0 l'eau potable. Face \u00e0 cette catastrophe, les habitants doivent maintenant faire face au d\u00e9fi de la reconstruction et des d\u00e9marches d'indemnisation. Cet article propose un guide complet pour orienter les sinistr\u00e9s dans leurs recours.","robots":{"index":"index","follow":"follow","max-snippet":"max-snippet:-1","max-image-preview":"max-image-preview:large","max-video-preview":"max-video-preview:-1"},"canonical":"https:\/\/planetactus.com\/index.php\/2025\/03\/04\/cyclone-garance-a-la-reunion-reclamer-votre-indemnisation-etape-par-etape-le-guide-des-demarches-pour-recuperer-vos-pertes-et-se-reconstruire\/","og_locale":"fr_FR","og_type":"article","og_title":"Cyclone Garance \u00e0 La R\u00e9union : R\u00e9clamer votre indemnisation, \u00e9tape par \u00e9tape. Le guide des d\u00e9marches pour r\u00e9cup\u00e9rer vos pertes et se reconstruire.","og_description":"Cyclone Garance \u00e0 La R\u00e9union : Guide complet des d\u00e9marches de remboursement et d'indemnisation.Le cyclone Garance a frapp\u00e9 l'\u00eele de La R\u00e9union avec une violence d\u00e9vastatrice, laissant derri\u00e8re lui un bilan lourd : au moins cinq morts \ud83d\udd17, des routes inond\u00e9es, des habitations endommag\u00e9es, et plus de 182 000 foyers priv\u00e9s d'\u00e9lectricit\u00e9 ainsi que 171 000 sans acc\u00e8s \u00e0 l'eau potable. Face \u00e0 cette catastrophe, les habitants doivent maintenant faire face au d\u00e9fi de la reconstruction et des d\u00e9marches d'indemnisation. Cet article propose un guide complet pour orienter les sinistr\u00e9s dans leurs recours.","og_url":"https:\/\/planetactus.com\/index.php\/2025\/03\/04\/cyclone-garance-a-la-reunion-reclamer-votre-indemnisation-etape-par-etape-le-guide-des-demarches-pour-recuperer-vos-pertes-et-se-reconstruire\/","article_publisher":"https:\/\/www.facebook.com\/profile.php?id=61561620320740","article_author":"https:\/\/www.facebook.com\/profile.php?id=61561620320740","article_published_time":"2025-03-04T16:23:17+00:00","article_modified_time":"2025-03-08T02:26:45+00:00","og_image":[{"width":1024,"height":1024,"url":"https:\/\/mlrdeoj2ejbf.i.optimole.com\/cb:mvHM.4ca\/w:auto\/h:auto\/q:mauto\/f:best\/http:\/\/planetactus.com\/wp-content\/uploads\/2025\/03\/Cyclone-Garance-a-La-Reunion.-Reclamer-votre-indemnisation-etape-par-etape.-Planet-Actus-IA.webp","type":"image\/webp"}],"author":"planetactus.com","twitter_card":"summary_large_image","twitter_title":"Cyclone Garance \u00e0 La R\u00e9union : R\u00e9clamer votre indemnisation, \u00e9tape par \u00e9tape. Le guide des d\u00e9marches pour r\u00e9cup\u00e9rer vos pertes et se reconstruire.","twitter_description":"Cyclone Garance \u00e0 La R\u00e9union : Guide complet des d\u00e9marches de remboursement et d'indemnisation.Le cyclone Garance a frapp\u00e9 l'\u00eele de La R\u00e9union avec une violence d\u00e9vastatrice, laissant derri\u00e8re lui un bilan lourd : au moins cinq morts \ud83d\udd17, des routes inond\u00e9es, des habitations endommag\u00e9es, et plus de 182 000 foyers priv\u00e9s d'\u00e9lectricit\u00e9 ainsi que 171 000 sans acc\u00e8s \u00e0 l'eau potable. Face \u00e0 cette catastrophe, les habitants doivent maintenant faire face au d\u00e9fi de la reconstruction et des d\u00e9marches d'indemnisation. Cet article propose un guide complet pour orienter les sinistr\u00e9s dans leurs recours.","twitter_image":"https:\/\/mlrdeoj2ejbf.i.optimole.com\/cb:mvHM.4ca\/w:auto\/h:auto\/q:mauto\/f:best\/https:\/\/i0.wp.com\/planetactus.com\/wp-content\/uploads\/2025\/03\/Cyclone-Garance-a-La-Reunion.-Reclamer-votre-indemnisation-etape-par-etape.-Planet-Actus-IA.webp?fit=1024%2C1024&ssl=1","twitter_creator":"@https:\/\/x.com\/PlanetActus","twitter_site":"@PlanetActus","twitter_misc":{"\u00c9crit par":"planetactus.com","Dur\u00e9e de lecture estim\u00e9e":"26 minutes"},"schema":{"@context":"https:\/\/schema.org","@graph":[{"@type":"Article","@id":"https:\/\/planetactus.com\/index.php\/2025\/03\/04\/cyclone-garance-a-la-reunion-reclamer-votre-indemnisation-etape-par-etape-le-guide-des-demarches-pour-recuperer-vos-pertes-et-se-reconstruire\/#article","isPartOf":{"@id":"https:\/\/planetactus.com\/index.php\/2025\/03\/04\/cyclone-garance-a-la-reunion-reclamer-votre-indemnisation-etape-par-etape-le-guide-des-demarches-pour-recuperer-vos-pertes-et-se-reconstruire\/"},"author":{"name":"planetactus.com","@id":"https:\/\/planetactus.com\/#\/schema\/person\/fbb75ac73a2424d2e176d31b021372a4"},"headline":"Cyclone Garance \u00e0 La R\u00e9union : r\u00e9clamez votre indemnisation, \u00e9tape par \u00e9tape. Le guide des d\u00e9marches pour r\u00e9cup\u00e9rer vos pertes et vous reconstruire.","datePublished":"2025-03-04T16:23:17+00:00","dateModified":"2025-03-08T02:26:45+00:00","mainEntityOfPage":{"@id":"https:\/\/planetactus.com\/index.php\/2025\/03\/04\/cyclone-garance-a-la-reunion-reclamer-votre-indemnisation-etape-par-etape-le-guide-des-demarches-pour-recuperer-vos-pertes-et-se-reconstruire\/"},"wordCount":5601,"commentCount":0,"publisher":{"@id":"https:\/\/planetactus.com\/#\/schema\/person\/fbb75ac73a2424d2e176d31b021372a4"},"image":{"@id":"https:\/\/planetactus.com\/index.php\/2025\/03\/04\/cyclone-garance-a-la-reunion-reclamer-votre-indemnisation-etape-par-etape-le-guide-des-demarches-pour-recuperer-vos-pertes-et-se-reconstruire\/#primaryimage"},"thumbnailUrl":"https:\/\/mlrdeoj2ejbf.i.optimole.com\/cb:mvHM.4ca\/w:auto\/h:auto\/q:mauto\/f:best\/https:\/\/i0.wp.com\/planetactus.com\/wp-content\/uploads\/2025\/03\/Cyclone-Garance-a-La-Reunion.-Reclamer-votre-indemnisation-etape-par-etape.-Planet-Actus-IA.webp?fit=1024%2C1024&ssl=1","articleSection":["A la Une","Certifiez, S\u00e9curisez, Partagez","Cyclone Garance \u00e0 La R\u00e9union","Enqu\u00eates d'Investigations","Fronti\u00e8res de l\u2019Incroyable","International","L'Eveil","Lanceurs d'Alertes","Oc\u00e9an Indien","R\u00e9silience","Ufo-News"],"inLanguage":"fr-FR","potentialAction":[{"@type":"CommentAction","name":"Comment","target":["https:\/\/planetactus.com\/index.php\/2025\/03\/04\/cyclone-garance-a-la-reunion-reclamer-votre-indemnisation-etape-par-etape-le-guide-des-demarches-pour-recuperer-vos-pertes-et-se-reconstruire\/#respond"]}]},{"@type":"WebPage","@id":"https:\/\/planetactus.com\/index.php\/2025\/03\/04\/cyclone-garance-a-la-reunion-reclamer-votre-indemnisation-etape-par-etape-le-guide-des-demarches-pour-recuperer-vos-pertes-et-se-reconstruire\/","url":"https:\/\/planetactus.com\/index.php\/2025\/03\/04\/cyclone-garance-a-la-reunion-reclamer-votre-indemnisation-etape-par-etape-le-guide-des-demarches-pour-recuperer-vos-pertes-et-se-reconstruire\/","name":"Cyclone Garance \u00e0 La R\u00e9union : r\u00e9clamez votre indemnisation, \u00e9tape par \u00e9tape. Le guide des d\u00e9marches pour r\u00e9cup\u00e9rer vos pertes et vous reconstruire. -","isPartOf":{"@id":"https:\/\/planetactus.com\/#website"},"primaryImageOfPage":{"@id":"https:\/\/planetactus.com\/index.php\/2025\/03\/04\/cyclone-garance-a-la-reunion-reclamer-votre-indemnisation-etape-par-etape-le-guide-des-demarches-pour-recuperer-vos-pertes-et-se-reconstruire\/#primaryimage"},"image":{"@id":"https:\/\/planetactus.com\/index.php\/2025\/03\/04\/cyclone-garance-a-la-reunion-reclamer-votre-indemnisation-etape-par-etape-le-guide-des-demarches-pour-recuperer-vos-pertes-et-se-reconstruire\/#primaryimage"},"thumbnailUrl":"https:\/\/mlrdeoj2ejbf.i.optimole.com\/cb:mvHM.4ca\/w:auto\/h:auto\/q:mauto\/f:best\/https:\/\/i0.wp.com\/planetactus.com\/wp-content\/uploads\/2025\/03\/Cyclone-Garance-a-La-Reunion.-Reclamer-votre-indemnisation-etape-par-etape.-Planet-Actus-IA.webp?fit=1024%2C1024&ssl=1","datePublished":"2025-03-04T16:23:17+00:00","dateModified":"2025-03-08T02:26:45+00:00","description":"Cyclone Garance \u00e0 La R\u00e9union : Guide complet des d\u00e9marches de remboursement et d'indemnisation.Le cyclone Garance a frapp\u00e9 l'\u00eele de La R\u00e9union avec une violence d\u00e9vastatrice, laissant derri\u00e8re lui un bilan lourd : au moins cinq morts \ud83d\udd17, des routes inond\u00e9es, des habitations endommag\u00e9es, et plus de 182 000 foyers priv\u00e9s d'\u00e9lectricit\u00e9 ainsi que 171 000 sans acc\u00e8s \u00e0 l'eau potable. Face \u00e0 cette catastrophe, les habitants doivent maintenant faire face au d\u00e9fi de la reconstruction et des d\u00e9marches d'indemnisation. Cet article propose un guide complet pour orienter les sinistr\u00e9s dans leurs recours.","breadcrumb":{"@id":"https:\/\/planetactus.com\/index.php\/2025\/03\/04\/cyclone-garance-a-la-reunion-reclamer-votre-indemnisation-etape-par-etape-le-guide-des-demarches-pour-recuperer-vos-pertes-et-se-reconstruire\/#breadcrumb"},"inLanguage":"fr-FR","potentialAction":[{"@type":"ReadAction","target":["https:\/\/planetactus.com\/index.php\/2025\/03\/04\/cyclone-garance-a-la-reunion-reclamer-votre-indemnisation-etape-par-etape-le-guide-des-demarches-pour-recuperer-vos-pertes-et-se-reconstruire\/"]}]},{"@type":"ImageObject","inLanguage":"fr-FR","@id":"https:\/\/planetactus.com\/index.php\/2025\/03\/04\/cyclone-garance-a-la-reunion-reclamer-votre-indemnisation-etape-par-etape-le-guide-des-demarches-pour-recuperer-vos-pertes-et-se-reconstruire\/#primaryimage","url":"https:\/\/mlrdeoj2ejbf.i.optimole.com\/cb:mvHM.4ca\/w:auto\/h:auto\/q:mauto\/f:best\/https:\/\/i0.wp.com\/planetactus.com\/wp-content\/uploads\/2025\/03\/Cyclone-Garance-a-La-Reunion.-Reclamer-votre-indemnisation-etape-par-etape.-Planet-Actus-IA.webp?fit=1024%2C1024&ssl=1","contentUrl":"https:\/\/mlrdeoj2ejbf.i.optimole.com\/cb:mvHM.4ca\/w:auto\/h:auto\/q:mauto\/f:best\/https:\/\/i0.wp.com\/planetactus.com\/wp-content\/uploads\/2025\/03\/Cyclone-Garance-a-La-Reunion.-Reclamer-votre-indemnisation-etape-par-etape.-Planet-Actus-IA.webp?fit=1024%2C1024&ssl=1","width":1024,"height":1024,"caption":"Cyclone-Garance-a-La-Reunion.-Reclamer-votre-indemnisation-etape-par-etape.-Planet-Actus-IA.webp"},{"@type":"BreadcrumbList","@id":"https:\/\/planetactus.com\/index.php\/2025\/03\/04\/cyclone-garance-a-la-reunion-reclamer-votre-indemnisation-etape-par-etape-le-guide-des-demarches-pour-recuperer-vos-pertes-et-se-reconstruire\/#breadcrumb","itemListElement":[{"@type":"ListItem","position":1,"name":"Accueil","item":"https:\/\/planetactus.com\/"},{"@type":"ListItem","position":2,"name":"Cyclone Garance \u00e0 La R\u00e9union : r\u00e9clamez votre indemnisation, \u00e9tape par \u00e9tape. Le guide des d\u00e9marches pour r\u00e9cup\u00e9rer vos pertes et vous reconstruire."}]},{"@type":"WebSite","@id":"https:\/\/planetactus.com\/#website","url":"https:\/\/planetactus.com\/","name":"PLANET ACTUS","description":"PLANET ACTUS","publisher":{"@id":"https:\/\/planetactus.com\/#\/schema\/person\/fbb75ac73a2424d2e176d31b021372a4"},"potentialAction":[{"@type":"SearchAction","target":{"@type":"EntryPoint","urlTemplate":"https:\/\/planetactus.com\/?s={search_term_string}"},"query-input":{"@type":"PropertyValueSpecification","valueRequired":true,"valueName":"search_term_string"}}],"inLanguage":"fr-FR"},{"@type":["Person","Organization"],"@id":"https:\/\/planetactus.com\/#\/schema\/person\/fbb75ac73a2424d2e176d31b021372a4","name":"planetactus.com","image":{"@type":"ImageObject","inLanguage":"fr-FR","@id":"https:\/\/mlrdeoj2ejbf.i.optimole.com\/cb:mvHM.4ca\/w:auto\/h:auto\/q:mauto\/f:best\/https:\/\/i0.wp.com\/planetactus.com\/wp-content\/uploads\/2024\/07\/cropped-2-Planet-Actus-Banniere-02a.jpg?fit=1189%2C365&ssl=1","url":"https:\/\/mlrdeoj2ejbf.i.optimole.com\/cb:mvHM.4ca\/w:auto\/h:auto\/q:mauto\/f:best\/https:\/\/i0.wp.com\/planetactus.com\/wp-content\/uploads\/2024\/07\/cropped-2-Planet-Actus-Banniere-02a.jpg?fit=1189%2C365&ssl=1","contentUrl":"https:\/\/mlrdeoj2ejbf.i.optimole.com\/cb:mvHM.4ca\/w:auto\/h:auto\/q:mauto\/f:best\/https:\/\/i0.wp.com\/planetactus.com\/wp-content\/uploads\/2024\/07\/cropped-2-Planet-Actus-Banniere-02a.jpg?fit=1189%2C365&ssl=1","width":1189,"height":365,"caption":"planetactus.com"},"logo":{"@id":"https:\/\/mlrdeoj2ejbf.i.optimole.com\/cb:mvHM.4ca\/w:auto\/h:auto\/q:mauto\/f:best\/https:\/\/i0.wp.com\/planetactus.com\/wp-content\/uploads\/2024\/07\/cropped-2-Planet-Actus-Banniere-02a.jpg?fit=1189%2C365&ssl=1"},"sameAs":["http:\/\/planetactus.com","https:\/\/www.facebook.com\/profile.php?id=61561620320740","https:\/\/x.com\/https:\/\/x.com\/PlanetActus","https:\/\/www.youtube.com\/@PlanetActus"],"url":"https:\/\/planetactus.com\/index.php\/author\/admin9861\/"}]}},"jetpack_publicize_connections":[],"jetpack_featured_media_url":"https:\/\/mlrdeoj2ejbf.i.optimole.com\/cb:mvHM.4ca\/w:auto\/h:auto\/q:mauto\/f:best\/https:\/\/i0.wp.com\/planetactus.com\/wp-content\/uploads\/2025\/03\/Cyclone-Garance-a-La-Reunion.-Reclamer-votre-indemnisation-etape-par-etape.-Planet-Actus-IA.webp?fit=1024%2C1024&ssl=1","jetpack_sharing_enabled":true,"_links":{"self":[{"href":"https:\/\/planetactus.com\/index.php\/wp-json\/wp\/v2\/posts\/3841","targetHints":{"allow":["GET"]}}],"collection":[{"href":"https:\/\/planetactus.com\/index.php\/wp-json\/wp\/v2\/posts"}],"about":[{"href":"https:\/\/planetactus.com\/index.php\/wp-json\/wp\/v2\/types\/post"}],"author":[{"embeddable":true,"href":"https:\/\/planetactus.com\/index.php\/wp-json\/wp\/v2\/users\/1"}],"replies":[{"embeddable":true,"href":"https:\/\/planetactus.com\/index.php\/wp-json\/wp\/v2\/comments?post=3841"}],"version-history":[{"count":35,"href":"https:\/\/planetactus.com\/index.php\/wp-json\/wp\/v2\/posts\/3841\/revisions"}],"predecessor-version":[{"id":3902,"href":"https:\/\/planetactus.com\/index.php\/wp-json\/wp\/v2\/posts\/3841\/revisions\/3902"}],"wp:featuredmedia":[{"embeddable":true,"href":"https:\/\/planetactus.com\/index.php\/wp-json\/wp\/v2\/media\/3847"}],"wp:attachment":[{"href":"https:\/\/planetactus.com\/index.php\/wp-json\/wp\/v2\/media?parent=3841"}],"wp:term":[{"taxonomy":"category","embeddable":true,"href":"https:\/\/planetactus.com\/index.php\/wp-json\/wp\/v2\/categories?post=3841"},{"taxonomy":"post_tag","embeddable":true,"href":"https:\/\/planetactus.com\/index.php\/wp-json\/wp\/v2\/tags?post=3841"}],"curies":[{"name":"wp","href":"https:\/\/api.w.org\/{rel}","templated":true}]}}