{"id":3914,"date":"2025-03-19T06:31:37","date_gmt":"2025-03-19T05:31:37","guid":{"rendered":"https:\/\/planetactus.com\/?p=3914"},"modified":"2025-03-22T05:00:50","modified_gmt":"2025-03-22T04:00:50","slug":"stocke-protege-et-partage-kla-tv-offline-le-futur-de-linformation-libre-ne-laisse-pas-la-censure-gagner-sauvegarde-kla-tv-et-deviens-un-diffuseur-dinfos","status":"publish","type":"post","link":"https:\/\/planetactus.com\/index.php\/2025\/03\/19\/stocke-protege-et-partage-kla-tv-offline-le-futur-de-linformation-libre-ne-laisse-pas-la-censure-gagner-sauvegarde-kla-tv-et-deviens-un-diffuseur-dinfos\/","title":{"rendered":"Stocke, prot\u00e8ge et partage : Kla.TV-Offline, le futur de l\u2019information libre. Ne laisse pas la Censure Gagner : Sauvegarde Kla.TV et Deviens un Diffuseur d\u2019Infos !"},"content":{"rendered":"\n<p><strong><mark style=\"background-color:rgba(0, 0, 0, 0)\" class=\"has-inline-color has-vivid-red-color\">Face \u00e0 la censure, l\u2019information se lib\u00e8re : D\u00e9couvre Kla.TV-Offline<\/mark><\/strong><\/p>\n\n\n<div class=\"wp-block-image\">\n<figure class=\"aligncenter size-large\"><img data-opt-id=1952445939  fetchpriority=\"high\" data-recalc-dims=\"1\" decoding=\"async\" width=\"640\" height=\"163\" src=\"https:\/\/mlrdeoj2ejbf.i.optimole.com\/cb:mvHM.4ca\/w:1024\/h:261\/q:mauto\/f:best\/https:\/\/i0.wp.com\/planetactus.com\/wp-content\/uploads\/2025\/03\/20250312_KlaTV-offline_Banner_v01.webp?resize=640%2C163&#038;ssl=1\" alt=\"\" class=\"wp-image-3916\" srcset=\"https:\/\/mlrdeoj2ejbf.i.optimole.com\/cb:mvHM.4ca\/w:1024\/h:4000\/q:mauto\/f:best\/https:\/\/planetactus.com\/wp-content\/uploads\/2025\/03\/20250312_KlaTV-offline_Banner_v01.webp 1024w, https:\/\/mlrdeoj2ejbf.i.optimole.com\/cb:mvHM.4ca\/w:300\/h:4000\/q:mauto\/f:best\/https:\/\/planetactus.com\/wp-content\/uploads\/2025\/03\/20250312_KlaTV-offline_Banner_v01.webp 300w, https:\/\/mlrdeoj2ejbf.i.optimole.com\/cb:mvHM.4ca\/w:768\/h:4000\/q:mauto\/f:best\/https:\/\/planetactus.com\/wp-content\/uploads\/2025\/03\/20250312_KlaTV-offline_Banner_v01.webp 768w, https:\/\/mlrdeoj2ejbf.i.optimole.com\/cb:mvHM.4ca\/w:1500\/h:383\/q:mauto\/f:best\/https:\/\/planetactus.com\/wp-content\/uploads\/2025\/03\/20250312_KlaTV-offline_Banner_v01.webp 1500w, https:\/\/mlrdeoj2ejbf.i.optimole.com\/cb:mvHM.4ca\/w:1280\/h:4000\/q:mauto\/f:best\/https:\/\/planetactus.com\/wp-content\/uploads\/2025\/03\/20250312_KlaTV-offline_Banner_v01.webp 1280w\" sizes=\"(max-width: 640px) 100vw, 640px\" \/><figcaption class=\"wp-element-caption\">Illustration image \/ <a href=\"https:\/\/www.kla.tv\/workshop\/ressources\/20250312_KlaTV-offline_Banner_v01.webp\">kla.tv Workshop<\/a> <\/figcaption><\/figure>\n<\/div>\n\n\n<h4 class=\"wp-block-heading\"><strong><mark style=\"background-color:rgba(0, 0, 0, 0)\" class=\"has-inline-color has-vivid-red-color\">Sauvegarde Kla.TV offline et diffuse-la \u00e0 l&rsquo;international !<\/mark><\/strong><\/h4>\n\n\n\n<p><strong>Dans un monde o\u00f9 la censure en ligne se fait de plus en plus oppressante<\/strong>, <mark style=\"background-color:rgba(0, 0, 0, 0)\" class=\"has-inline-color has-vivid-red-color\">les m\u00e9dias ind\u00e9pendants doivent redoubler d&rsquo;ing\u00e9niosit\u00e9 pour assurer la diffusion de l&rsquo;information libre<\/mark>. <a href=\"https:\/\/www.kla.tv\/fr\"><strong>Kla.TV<\/strong><\/a><strong> \ud83d\udd17, plateforme reconnue pour son engagement en faveur de l&rsquo;information alternative, propose une solution r\u00e9volutionnaire :<\/strong> <a href=\"https:\/\/www.kla.tv\/workshop\/#fr\"><strong>Kla.TV-Offline<\/strong><\/a> \ud83d\udd17<\/p>\n\n\n\n<figure class=\"wp-block-embed is-type-video is-provider-youtube wp-block-embed-youtube wp-embed-aspect-16-9 wp-has-aspect-ratio\"><div class=\"wp-block-embed__wrapper\">\n<iframe  id=\"_ytid_87304\"  width=\"640\" height=\"360\"  data-origwidth=\"640\" data-origheight=\"360\" src=\"https:\/\/www.youtube.com\/embed\/JpPosRoOoVg?enablejsapi=1&#038;autoplay=0&#038;cc_load_policy=0&#038;cc_lang_pref=&#038;iv_load_policy=1&#038;loop=0&#038;rel=1&#038;fs=1&#038;playsinline=0&#038;autohide=2&#038;theme=dark&#038;color=red&#038;controls=1&#038;disablekb=0&#038;\" class=\"__youtube_prefs__  epyt-is-override  no-lazyload\" title=\"YouTube player\"  allow=\"fullscreen; accelerometer; autoplay; clipboard-write; encrypted-media; gyroscope; picture-in-picture; web-share\" referrerpolicy=\"strict-origin-when-cross-origin\" allowfullscreen data-no-lazy=\"1\" data-skipgform_ajax_framebjll=\"\"><\/iframe>\n<\/div><figcaption class=\"wp-element-caption\">\u00ab <a href=\"https:\/\/www.youtube.com\/watch?v=JpPosRoOoVg\">Sauvegarder Kla TV offline et le diffuser au niveau international <\/a>\u00bb \ud83d\udd17 <strong>Atelier, samedi 5 avril 2025 <\/strong>: Sauve le savoir le plus pr\u00e9cieux de la censure sur Internet ! Une censure totale des m\u00e9dias libres s\u2019approche tous les jours un peu plus ; <strong>c\u2019est le but d\u00e9clar\u00e9 de l\u2019Agenda global<\/strong>. <strong>NE NOUS LAISSONS PAS FAIRE !<\/strong> Les \u00e9quipes de Kla.TV sont actives partout. Elles t&rsquo;aideront pas \u00e0 pas \u00e0 sauvegarder des milliers d&rsquo;\u00e9missions sur ton ordinateur. Participe gratuitement &#8211; c&rsquo;est un investissement inestimable pour l&rsquo;avenir ! \/ KlagemauerTV &#8211; Fran\u00e7ais<\/figcaption><\/figure>\n\n\n\n<h4 class=\"wp-block-heading\"><strong><mark style=\"background-color:rgba(0, 0, 0, 0)\" class=\"has-inline-color has-vivid-red-color\">L\u2019information sans d\u00e9pendance \u00e0 Internet<\/mark><\/strong><\/h4>\n\n\n\n<p>Avec plus de <strong>25 000 vid\u00e9os disponibles en plus de 80 langues<\/strong>, Kla.TV met en place un <strong>syst\u00e8me d\u2019archivage hors ligne<\/strong> permettant d\u2019acc\u00e9der \u00e0 son contenu ind\u00e9pendamment d\u2019Internet. Ce <strong>projet <\/strong>ambitieux repose sur un <strong>disque dur de 2 To<\/strong>, <strong>contenant une base de donn\u00e9es multim\u00e9dia compl\u00e8te<\/strong> et un <strong>site web consultable sans connexion<\/strong>. <\/p>\n\n\n\n<p><mark style=\"background-color:rgba(0, 0, 0, 0)\" class=\"has-inline-color has-vivid-red-color\"><strong>L\u2019objectif est clair<\/strong><\/mark> [<a href=\"https:\/\/wiki.kla.tv\/books\/klatv-offline\/page\/klatv-offline-aktuell-halten-mittels-filezilla-maclinuxwindows\">wiki.kla.tv<\/a>] \ud83d\udd17 : <strong>permettre aux citoyens du monde entier d\u2019acc\u00e9der librement aux informations<\/strong> <strong>sans craindre les restrictions ou la disparition de contenus.<\/strong><\/p>\n\n\n\n<figure class=\"wp-block-embed aligncenter is-type-video is-provider-youtube wp-block-embed-youtube wp-embed-aspect-16-9 wp-has-aspect-ratio\"><div class=\"wp-block-embed__wrapper\">\n<iframe  id=\"_ytid_82602\"  width=\"640\" height=\"360\"  data-origwidth=\"640\" data-origheight=\"360\" src=\"https:\/\/www.youtube.com\/embed\/TYHNBMpsFYg?enablejsapi=1&#038;autoplay=0&#038;cc_load_policy=0&#038;cc_lang_pref=&#038;iv_load_policy=1&#038;loop=0&#038;rel=1&#038;fs=1&#038;playsinline=0&#038;autohide=2&#038;theme=dark&#038;color=red&#038;controls=1&#038;disablekb=0&#038;\" class=\"__youtube_prefs__  epyt-is-override  no-lazyload\" title=\"YouTube player\"  allow=\"fullscreen; accelerometer; autoplay; clipboard-write; encrypted-media; gyroscope; picture-in-picture; web-share\" referrerpolicy=\"strict-origin-when-cross-origin\" allowfullscreen data-no-lazy=\"1\" data-skipgform_ajax_framebjll=\"\"><\/iframe>\n<\/div><figcaption class=\"wp-element-caption\">Sichere Kla.TV offline und verbreite es international\u201c \u2013 Workshop, 05.04.2025 | www.kla.tv\/36984<\/figcaption><\/figure>\n\n\n\n<h4 class=\"wp-block-heading\"><strong><mark style=\"background-color:rgba(0, 0, 0, 0)\" class=\"has-inline-color has-vivid-red-color\">Un atelier pour apprendre \u00e0 pr\u00e9server et partager l\u2019information<\/mark><\/strong><\/h4>\n\n\n\n<p>Kla.TV ne se contente pas de fournir un simple support de stockage. La plateforme organise \u00e9galement des <strong>ateliers pratiques<\/strong> permettant aux participants d\u2019<strong>apprendre \u00e0 dupliquer, g\u00e9rer et diffuser ces archives<\/strong>.<\/p>\n\n\n<div class=\"wp-block-image\">\n<figure class=\"aligncenter size-full\"><img data-opt-id=1813169500  fetchpriority=\"high\" data-recalc-dims=\"1\" decoding=\"async\" width=\"421\" height=\"378\" src=\"https:\/\/mlrdeoj2ejbf.i.optimole.com\/cb:mvHM.4ca\/w:auto\/h:auto\/q:mauto\/f:best\/https:\/\/i0.wp.com\/planetactus.com\/wp-content\/uploads\/2025\/03\/image.png?resize=421%2C378&#038;ssl=1\" alt=\"\" class=\"wp-image-3915\" srcset=\"https:\/\/mlrdeoj2ejbf.i.optimole.com\/cb:mvHM.4ca\/w:421\/h:378\/q:mauto\/f:best\/https:\/\/planetactus.com\/wp-content\/uploads\/2025\/03\/image.png 421w, https:\/\/mlrdeoj2ejbf.i.optimole.com\/cb:mvHM.4ca\/w:300\/h:4000\/q:mauto\/f:best\/https:\/\/planetactus.com\/wp-content\/uploads\/2025\/03\/image.png 300w\" sizes=\"(max-width: 421px) 100vw, 421px\" \/><figcaption class=\"wp-element-caption\">Illustration image \/ <a href=\"https:\/\/www.kla.tv\/workshop\/#fr\">Kla TV Offline<\/a><\/figcaption><\/figure>\n<\/div>\n\n\n<h4 class=\"wp-block-heading\"><strong><mark style=\"background-color:rgba(0, 0, 0, 0)\" class=\"has-inline-color has-vivid-red-color\">Comment participer ?<\/mark><\/strong><\/h4>\n\n\n\n<p>Les int\u00e9ress\u00e9s doivent s\u2019inscrire en ligne et se munir de :<\/p>\n\n\n\n<ul class=\"wp-block-list\">\n<li><strong>Leur propre ordinateur portable<\/strong><\/li>\n\n\n\n<li><strong>Un disque dur externe d\u2019au moins 2 To<\/strong> (si possible)<\/li>\n<\/ul>\n\n\n\n<p><strong>Une fois form\u00e9s<\/strong>, ils pourront <strong>reproduire cette archive pr\u00e9cieuse<\/strong> et la <strong>partager avec d\u2019autres<\/strong>, cr\u00e9ant ainsi un <strong>r\u00e9seau international d\u2019information libre et ind\u00e9pendante<\/strong>.<\/p>\n\n\n\n<h4 class=\"wp-block-heading\"><strong><mark style=\"background-color:rgba(0, 0, 0, 0)\" class=\"has-inline-color has-vivid-red-color\">Pourquoi cette initiative est essentielle ?<\/mark><\/strong><\/h4>\n\n\n\n<p><mark style=\"background-color:rgba(0, 0, 0, 0)\" class=\"has-inline-color has-vivid-red-color\">La censure num\u00e9rique menace la diversit\u00e9 de l\u2019information<\/mark>. De nombreuses plateformes sont sujettes \u00e0 des <strong>suppressions de contenu<\/strong>, \u00e0 des <strong>restrictions algorithmiques<\/strong>, voire \u00e0 des <strong>blocages directs<\/strong>. Kla.TV-Offline offre une <strong>alternative solide et durable<\/strong>, garantissant que des <strong>milliers d\u2019heures de contenu ne disparaissent pas<\/strong> <mark style=\"background-color:rgba(0, 0, 0, 0)\" class=\"has-inline-color has-vivid-red-color\">sous la pression des grandes instances m\u00e9diatiques et politiques.<\/mark><\/p>\n\n\n\n<h4 class=\"wp-block-heading\"><strong><mark style=\"background-color:rgba(0, 0, 0, 0)\" class=\"has-inline-color has-vivid-red-color\">Conclusion : Agissons maintenant pour un acc\u00e8s libre \u00e0 l\u2019information<\/mark><\/strong><\/h4>\n\n\n\n<p>Kla.TV-Offline repr\u00e9sente <strong>bien plus qu\u2019une simple sauvegarde<\/strong> : c\u2019est un <strong>rempart contre la censure<\/strong> et un <strong>outil de diffusion massive<\/strong>. Si nous voulons assurer un acc\u00e8s libre et universel \u00e0 des informations essentielles, il est <strong>imp\u00e9ratif d\u2019agir d\u00e8s maintenant<\/strong> <a href=\"https:\/\/x.com\/PatrickCohen83\/status\/1902075761240240147\">en rejoignant cette initiative<\/a> \ud83d\udd17<\/p>\n\n\n\n<p><strong>Ensemble, nous pouvons pr\u00e9server l\u2019information et la rendre accessible \u00e0 tous, partout dans le monde !<\/strong> \ud83d\udccc <a href=\"https:\/\/www.kla.tv\/workshop\/#fr\" target=\"_blank\" rel=\"noreferrer noopener\">Inscription et informations : https:\/\/www.kla.tv\/workshop\/#fr<\/a>  \ud83d\udd17<\/p>\n\n\n\n<p>\ud83c\udf81\ud83d\udc40\u270d\ufe0f <mark style=\"background-color:rgba(0, 0, 0, 0)\" class=\"has-inline-color has-vivid-red-color\"><strong>Moyen pour r\u00e9ussir \u00e0 l\u2019usage de tous les \u00e9veill\u00e9s : Sauvegarde strat\u00e9gique de preuves pour de futurs proc\u00e8s<\/strong>.<\/mark><\/p>\n\n\n\n<figure class=\"wp-block-video aligncenter\"><video controls src=\"https:\/\/www.kla.tv\/_files\/video.kla.tv\/2025\/03\/36783\/MoyenPourReussirALrusageDeTous_480p.webm\"><\/video><figcaption class=\"wp-element-caption\"><a href=\"https:\/\/www.kla.tv\/36783\">Moyen pour r\u00e9ussir \u00e0 l\u2019usage de tous les r\u00e9veill\u00e9s<\/a>&#8211; <strong>Sauvegarde strat\u00e9gique de preuves pour de <a href=\"https:\/\/www.kla.tv\/36783\">futurs proc\u00e8s<\/a><\/strong> \u2696\ufe0f\ud83d\udd2e\ud83d\udd17 [01.03.2025]<\/figcaption><\/figure>\n\n\n\n<p><strong>Kla.TV a produit des milliers de documentaires r\u00e9v\u00e9lateurs au cours des derni\u00e8res ann\u00e9es<\/strong>, <mark style=\"background-color:rgba(0, 0, 0, 0)\" class=\"has-inline-color has-vivid-red-color\">constituant l&rsquo;une des archives les plus importantes de l&rsquo;histoire mondiale<\/mark>. <strong>Ces archives repr\u00e9sentent des preuves cruciales des plus grands crimes de tous les temps<\/strong>. Dans <span style=\"text-decoration: underline;\">une \u00e8re de censure totale<\/span>, il est <strong>essentiel de sauvegarder ces archives historiques de mani\u00e8re permanente dans les principales langues du monde<\/strong>. <mark style=\"background-color:rgba(0, 0, 0, 0)\" class=\"has-inline-color has-vivid-red-color\">Une \u00e9lite secr\u00e8te au pouvoir cherche \u00e0 emp\u00eacher le monde de d\u00e9couvrir l&rsquo;ampleur de ses mensonges et manipulations<\/mark>. Ivo Sasek, fondateur et visionnaire de Kla.TV, mise sur l<mark style=\"background-color:rgba(0, 0, 0, 0)\" class=\"has-inline-color has-vivid-red-color\">a mobilisation de tous les \u00e9veill\u00e9s pour contrer cette censure<\/mark>. <strong>En participant \u00e0 cet effort collectif, chacun peut contribuer \u00e0 la pr\u00e9servation et \u00e0 la diffusion de ces informations essentielles.<\/strong><\/p>\n\n\n\n<p><strong>Le tr\u00e9sor inestimable de Kla.TV : Sauvez cette version de l\u2019histoire de la censure totale<\/strong>.<\/p>\n\n\n\n<p><strong>Depuis plus de 12 ans<\/strong>, l&rsquo;\u00e9quipe b\u00e9n\u00e9vole de Kla.TV a produit plus de <strong>20 000 \u00e9missions dans de nombreuses langues<\/strong>. <mark style=\"background-color:rgba(0, 0, 0, 0)\" class=\"has-inline-color has-vivid-red-color\">La valeur totale de ces archives uniques se compte en milliards, refl\u00e9tant l&rsquo;investissement colossal de cette \u00e9quipe d\u00e9vou\u00e9e<\/mark>. <span style=\"text-decoration: underline;\">Face \u00e0 l&rsquo;augmentation de la censure des faits importants par les m\u00e9dias traditionnels<\/span>, <strong>il est imp\u00e9ratif de sauvegarder ces archives<\/strong>. <a href=\"https:\/\/www.kla.tv\/downloader\">En t\u00e9l\u00e9chargeant<\/a> \ud83d\udd17 le \u00ab Kla.TV-Downloader \u00bb <strong>flambant neuf, vous pouvez conserver sur votre ordinateur la v\u00e9ritable version de l&rsquo;histoire. \ud83d\udccdTu choisis toi-m\u00eame les vid\u00e9os, les langues et les th\u00e8mes que tu souhaites t\u00e9l\u00e9charger. T\u00e9l\u00e9chargement via un programme peer-to-peer ou un acc\u00e8s au serveur SFTP. Offrez ce cadeau inestimable \u00e0 deux autres personnes et contribuez \u00e0 emp\u00eacher la censure totale. <\/strong><\/p>\n\n\n\n<p>\u270d\ufe0f <strong>Kla.TV-Downloader<\/strong> est un <strong>outil <\/strong>d\u00e9velopp\u00e9 par Kla.TV qui permet de <strong>t\u00e9l\u00e9charger <\/strong>et <strong>sauvegarder localement les vid\u00e9os et documentaires diffus\u00e9s sur la plateforme<\/strong>. <mark style=\"background-color:rgba(0, 0, 0, 0)\" class=\"has-inline-color has-vivid-red-color\">L\u2019objectif principal est de pr\u00e9server ces contenus face \u00e0 une \u00e9ventuelle censure et de permettre leur diffusion ind\u00e9pendante.<\/mark><\/p>\n\n\n\n<p><span style=\"text-decoration: underline;\">Fonctionnalit\u00e9s principales <\/span>:<\/p>\n\n\n\n<p>\u2705 <strong>T\u00e9l\u00e9chargement de vid\u00e9os<\/strong> : Permet d\u2019enregistrer les \u00e9missions de Kla.TV sur son ordinateur ou un disque dur externe.<br>\u2705 <strong>Pr\u00e9servation des archives<\/strong> : Aide \u00e0 conserver des<strong> milliers de documentaires jug\u00e9s essentiels.<\/strong><br>\u2705 <strong>Partage facile<\/strong> : Une fois les fichiers t\u00e9l\u00e9charg\u00e9s, ils peuvent \u00eatre <strong>partag\u00e9s sans restriction<\/strong>.<br>\u2705 <strong>Protection contre la censure<\/strong> : Garantit un acc\u00e8s continu aux informations, <strong>m\u00eame en cas de suppression en ligne.<\/strong><\/p>\n\n\n\n<p><strong>L\u2019outil est souvent promu comme un moyen de sauvegarde strat\u00e9gique pour garantir que ces contenus restent accessibles au grand public.<\/strong><\/p>\n\n\n\n<p>\ud83d\udccc <strong>Lien pour plus d&rsquo;infos ou t\u00e9l\u00e9charger l&rsquo;outil<\/strong> : <a href=\"https:\/\/www.kla.tv\/sichern\">www.kla.tv\/sichern<\/a> \ud83d\udd17<\/p>\n\n\n\n<p><strong>Participez \u00e0 la sauvegarde des archives de Kla.TV<\/strong>.<\/p>\n\n\n\n<p>Pour <strong>sauvegarder <\/strong>ces archives, Kla.TV propose des <strong>solutions adapt\u00e9es \u00e0 tous<\/strong>. <strong>Vous pouvez choisir de t\u00e9l\u00e9charger l&rsquo;int\u00e9gralit\u00e9 des archives dans plus de 80 langues ou s\u00e9lectionner les vid\u00e9os, langues et th\u00e8mes qui vous int\u00e9ressent<\/strong>. <strong>Des instructions d\u00e9taill\u00e9es sont disponibles pour faciliter ce processus.<\/strong><\/p>\n\n\n\n<p><strong><mark style=\"background-color:rgba(0, 0, 0, 0)\" class=\"has-inline-color has-vivid-red-color\">Ne laissez pas la censure gagner : devenez un diffuseur d\u2019informations !<\/mark><\/strong> \ud83e\ude90 \ud83c\udf10<\/p>\n\n\n\n<p><mark style=\"background-color:rgba(0, 0, 0, 0)\" class=\"has-inline-color has-vivid-red-color\">En participant \u00e0 cet effort de sauvegarde<\/mark>,<strong> vous contribuez \u00e0 pr\u00e9server la libert\u00e9 d&rsquo;expression<\/strong> et \u00e0 <strong>assurer que les g\u00e9n\u00e9rations futures aient acc\u00e8s \u00e0 une version non censur\u00e9e de l&rsquo;histoire<\/strong>. <mark style=\"background-color:rgba(0, 0, 0, 0)\" class=\"has-inline-color has-vivid-red-color\">Ne sous-estimez pas l&rsquo;importance de votre contribution<\/mark>. <strong>Ensemble, nous pouvons contrer la censure totale et garantir que la v\u00e9rit\u00e9 reste accessible \u00e0 tous.<\/strong><\/p>\n\n\n\n<p><mark style=\"background-color:rgba(0, 0, 0, 0)\" class=\"has-inline-color has-vivid-red-color\">Pour en savoir plus sur cette initiative et d\u00e9couvrir comment vous pouvez participer, visionnez cette vid\u00e9o explicative qui pr\u00e9sente la vision derri\u00e8re ce projet<\/mark> :<\/p>\n\n\n\n<p><strong>Moyen pour r\u00e9ussir \u00e0 l\u2019usage de tous les r\u00e9veill\u00e9s- Sauvegarde strat\u00e9gique de preuves pour de futurs proc\u00e8s<\/strong>.<\/p>\n\n\n\n<p><strong>Vous pouvez revoir \u00e0 nouveau cette vid\u00e9o qui explique la vision : <\/strong><a href=\"https:\/\/www.kla.tv\/36783\" target=\"_blank\" rel=\"noreferrer noopener\">https:\/\/www.kla.tv\/36783<\/a><\/p>\n\n\n\n<p>\u00ab\u00a0<em><strong>Le tr\u00e9sor inestimable de Kla.TV <\/strong>&#8211; <strong>Sauvez de la censure totale cette version de l\u2019histoire<\/strong> (par Lo\u00efs et Elias Sasek). <strong>Sauvez le savoir le plus pr\u00e9cieux avant la censure<\/strong>. Une <strong>formation <\/strong>de Lo\u00efs et d&rsquo;Elias Sasek. <strong>Un cadeau qui n&rsquo;a pas de prix<\/strong>. Plus de <strong>20 000 \u00e9missions aujourd&rsquo;hui<\/strong>, <strong>demain, apr\u00e8s-demain <\/strong>\u00ab Kla.TV-Downloader \u00bb flambant neuf. <strong>Sauvegardez sur votre ordinateur la v\u00e9ritable version de l&rsquo;histoire<\/strong>. <strong>Offrez ce cadeau \u00e0 deux personnes ! Censure totale ? Pas avec nous !!!<\/strong>\u00a0\u00bb <\/em> <a href=\"http:\/\/www.kla.tv\/sichern\">www.kla.tv\/sichern<\/a><\/p>\n\n\n\n<p><strong><mark style=\"background-color:rgba(0, 0, 0, 0)\" class=\"has-inline-color has-vivid-red-color\">Comment veux-tu s\u00e9curiser Kla.TV ?<\/mark><\/strong><\/p>\n\n\n\n<figure class=\"wp-block-image size-full\"><a href=\"https:\/\/www.kla.tv\/offline\"><img data-opt-id=750934282  data-opt-src=\"https:\/\/mlrdeoj2ejbf.i.optimole.com\/cb:mvHM.4ca\/w:auto\/h:auto\/q:mauto\/f:best\/https:\/\/i0.wp.com\/planetactus.com\/wp-content\/uploads\/2025\/03\/offline.webp\"  data-recalc-dims=\"1\" decoding=\"async\" width=\"400\" height=\"109\" src=\"data:image/svg+xml,%3Csvg%20viewBox%3D%220%200%20100%%20100%%22%20width%3D%22100%%22%20height%3D%22100%%22%20xmlns%3D%22http%3A%2F%2Fwww.w3.org%2F2000%2Fsvg%22%3E%3Crect%20width%3D%22100%%22%20height%3D%22100%%22%20fill%3D%22transparent%22%2F%3E%3C%2Fsvg%3E?resize=400%2C109&#038;ssl=1\" alt=\"\" class=\"wp-image-3975\" old-srcset=\"https:\/\/mlrdeoj2ejbf.i.optimole.com\/cb:mvHM.4ca\/w:400\/h:109\/q:mauto\/f:best\/https:\/\/planetactus.com\/wp-content\/uploads\/2025\/03\/offline.webp 400w, https:\/\/mlrdeoj2ejbf.i.optimole.com\/cb:mvHM.4ca\/w:300\/h:4000\/q:mauto\/f:best\/https:\/\/planetactus.com\/wp-content\/uploads\/2025\/03\/offline.webp 300w\" \/><\/a><\/figure>\n\n\n\n<p>Sauve cette historiographie de la censure totale ! \u00ab\u00a0Kla.TV-Offline\u00a0\u00bb est l&rsquo;archive compl\u00e8te de Kla.TV en plus de <strong>85 langues<\/strong> sur ton ordinateur\/disque dur. <strong>Tu peux les utiliser et les partager compl\u00e8tement sans acc\u00e8s \u00e0 Internet<\/strong> (<mark style=\"background-color:rgba(0, 0, 0, 0)\" class=\"has-inline-color has-vivid-red-color\">hors ligne<\/mark>) : <strong>plus de 25.000 vid\u00e9os<\/strong> en basse qualit\u00e9 avec texte, indication de la source, fichier son et fichier image. Un \u00ab\u00a0site web hors ligne\u00a0\u00bb int\u00e9gr\u00e9 pour <strong>chercher et trouver toutes les vid\u00e9os<\/strong>. Espace m\u00e9moire n\u00e9cessaire : <strong>un disque dur avec 2 t\u00e9raoctets (TB) d&rsquo;espace m\u00e9moire ou plus.<\/strong><\/p>\n\n\n\n<figure class=\"wp-block-image size-full\"><a href=\"https:\/\/www.kla.tv\/downloader\"><img data-opt-id=1849484562  data-opt-src=\"https:\/\/mlrdeoj2ejbf.i.optimole.com\/cb:mvHM.4ca\/w:auto\/h:auto\/q:mauto\/f:best\/https:\/\/i0.wp.com\/planetactus.com\/wp-content\/uploads\/2025\/03\/downloader.webp\"  data-recalc-dims=\"1\" decoding=\"async\" width=\"400\" height=\"117\" src=\"data:image/svg+xml,%3Csvg%20viewBox%3D%220%200%20100%%20100%%22%20width%3D%22100%%22%20height%3D%22100%%22%20xmlns%3D%22http%3A%2F%2Fwww.w3.org%2F2000%2Fsvg%22%3E%3Crect%20width%3D%22100%%22%20height%3D%22100%%22%20fill%3D%22transparent%22%2F%3E%3C%2Fsvg%3E?resize=400%2C117&#038;ssl=1\" alt=\"\" class=\"wp-image-3976\" old-srcset=\"https:\/\/mlrdeoj2ejbf.i.optimole.com\/cb:mvHM.4ca\/w:400\/h:117\/q:mauto\/f:best\/https:\/\/planetactus.com\/wp-content\/uploads\/2025\/03\/downloader.webp 400w, https:\/\/mlrdeoj2ejbf.i.optimole.com\/cb:mvHM.4ca\/w:300\/h:4000\/q:mauto\/f:best\/https:\/\/planetactus.com\/wp-content\/uploads\/2025\/03\/downloader.webp 300w\" \/><\/a><\/figure>\n\n\n\n<ul class=\"wp-block-list\">\n<li><strong>Tu choisis toi-m\u00eame les vid\u00e9os, les langues et les th\u00e8mes que tu souhaites t\u00e9l\u00e9charger. <\/strong><\/li>\n<\/ul>\n\n\n\n<ul class=\"wp-block-list\">\n<li><strong>T\u00e9l\u00e9chargement via un programme peer-to-peer ou un acc\u00e8s au serveur SFTP<\/strong><\/li>\n<\/ul>\n\n\n\n<p>\ud83d\udca1 <span style=\"text-decoration: underline;\">Tu pourrais aussi aimer<\/span> :<\/p>\n\n\n\n<p>\u25a0 <strong><mark style=\"background-color:rgba(0, 0, 0, 0)\" class=\"has-inline-color has-vivid-red-color\">Le nouveau R\u00e9seau VIP est d\u00e9sormais en ligne &#8211; Un espace de libert\u00e9 sans censure<\/mark><\/strong><\/p>\n\n\n<div class=\"wp-block-image\">\n<figure class=\"aligncenter size-large\"><a href=\"https:\/\/guyboulianne.info\/\"><img data-opt-id=883084161  data-opt-src=\"https:\/\/mlrdeoj2ejbf.i.optimole.com\/cb:mvHM.4ca\/w:1024\/h:207\/q:mauto\/f:best\/https:\/\/i0.wp.com\/planetactus.com\/wp-content\/uploads\/2025\/03\/Headersite100.jpg\"  data-recalc-dims=\"1\" decoding=\"async\" width=\"640\" height=\"129\" src=\"data:image/svg+xml,%3Csvg%20viewBox%3D%220%200%201024%20207%22%20width%3D%221024%22%20height%3D%22207%22%20xmlns%3D%22http%3A%2F%2Fwww.w3.org%2F2000%2Fsvg%22%3E%3Crect%20width%3D%221024%22%20height%3D%22207%22%20fill%3D%22transparent%22%2F%3E%3C%2Fsvg%3E?resize=640%2C129&#038;ssl=1\" alt=\"\" class=\"wp-image-3930\" old-srcset=\"https:\/\/mlrdeoj2ejbf.i.optimole.com\/cb:mvHM.4ca\/w:1024\/h:4000\/q:mauto\/f:best\/https:\/\/planetactus.com\/wp-content\/uploads\/2025\/03\/Headersite100.jpg 1024w, https:\/\/mlrdeoj2ejbf.i.optimole.com\/cb:mvHM.4ca\/w:300\/h:4000\/q:mauto\/f:best\/https:\/\/planetactus.com\/wp-content\/uploads\/2025\/03\/Headersite100.jpg 300w, https:\/\/mlrdeoj2ejbf.i.optimole.com\/cb:mvHM.4ca\/w:768\/h:4000\/q:mauto\/f:best\/https:\/\/planetactus.com\/wp-content\/uploads\/2025\/03\/Headersite100.jpg 768w, https:\/\/mlrdeoj2ejbf.i.optimole.com\/cb:mvHM.4ca\/w:1188\/h:240\/q:mauto\/f:best\/https:\/\/planetactus.com\/wp-content\/uploads\/2025\/03\/Headersite100.jpg 1188w\" \/><\/a><figcaption class=\"wp-element-caption\">Illustration image \/ Guy Boulianne Info<\/figcaption><\/figure>\n<\/div>\n\n\n<p><strong>\u00c0 une \u00e9poque o\u00f9 la censure et les exclusions arbitraires se multiplient sur les grandes plateformes, une alternative voit le jour : le R\u00e9seau VIP<\/strong>. Con\u00e7u par l\u2019<a href=\"https:\/\/guyboulianne.info\/\">auteur et chroniqueur ind\u00e9pendant Guy Boulianne<\/a> \ud83d\udd17, ce r\u00e9seau social in\u00e9dit offre \u00e0 ses membres la possibilit\u00e9 d\u2019\u00e9changer librement, sans crainte d\u2019\u00eatre r\u00e9duits au silence.<\/p>\n\n\n\n<h4 class=\"wp-block-heading\"><strong><mark style=\"background-color:rgba(0, 0, 0, 0)\" class=\"has-inline-color has-vivid-red-color\">Un r\u00e9seau social ind\u00e9pendant et sans restrictions<\/mark><\/strong><\/h4>\n\n\n\n<p>Lanc\u00e9 apr\u00e8s un premier essai en 2020, le <strong>R\u00e9seau VIP<\/strong> offre \u00e0 ses utilisateurs une plateforme s\u00e9curis\u00e9e et autonome. Contrairement aux g\u00e9ants du num\u00e9rique comme Facebook, Twitter\/X ou LinkedIn, ce r\u00e9seau fonctionne <strong>sans collecte de donn\u00e9es personnelles, sans publicit\u00e9 intrusive et sans algorithmes cach\u00e9s limitant la port\u00e9e des publications<\/strong>.<\/p>\n\n\n\n<p><strong>Les membres du R\u00e9seau VIP peuvent<\/strong> :<\/p>\n\n\n\n<ul class=\"wp-block-list\">\n<li><strong>Cr\u00e9er leur propre espace personnalis\u00e9<\/strong> avec vid\u00e9os, images, documents et fils d\u2019actualit\u00e9.<\/li>\n\n\n\n<li><strong>\u00c9changer en toute libert\u00e9<\/strong> via des forums de discussion, un fil d\u2019actualit\u00e9 commun et une messagerie priv\u00e9e.<\/li>\n\n\n\n<li><strong>Participer \u00e0 une v\u00e9ritable communaut\u00e9<\/strong> unie par des valeurs de libert\u00e9 d\u2019expression et d\u2019ind\u00e9pendance intellectuelle.<\/li>\n<\/ul>\n\n\n\n<h4 class=\"wp-block-heading\"><strong><mark style=\"background-color:rgba(0, 0, 0, 0)\" class=\"has-inline-color has-vivid-red-color\">Des fonctionnalit\u00e9s adapt\u00e9es aux besoins des utilisateurs<\/mark><\/strong><\/h4>\n\n\n\n<p>Le <strong>R\u00e9seau VIP<\/strong> propose toutes les fonctionnalit\u00e9s essentielles d\u2019un r\u00e9seau social moderne :<\/p>\n\n\n\n<p>\u2705 Profil personnel et annuaire des membres<\/p>\n\n\n\n<p>\u2705 Fil d\u2019activit\u00e9 partag\u00e9 \u00e0 toute la communaut\u00e9<\/p>\n\n\n\n<p>\u2705 Forums de discussion et sondages interactifs<\/p>\n\n\n\n<p>\u2705 Messagerie priv\u00e9e et espaces de collaboration<\/p>\n\n\n\n<p>\u2705 Partage de contenus multim\u00e9dias (vid\u00e9os, audio, documents, etc.)<\/p>\n\n\n\n<p>De plus, la plateforme est <strong>accessible depuis un navigateur Web ou via une application Android s\u00e9curis\u00e9e<\/strong>.<\/p>\n\n\n\n<h4 class=\"wp-block-heading\"><strong><mark style=\"background-color:rgba(0, 0, 0, 0)\" class=\"has-inline-color has-vivid-red-color\">Une alternative durable gr\u00e2ce \u00e0 un mod\u00e8le \u00e9conomique ind\u00e9pendant<\/mark><\/strong><\/h4>\n\n\n\n<p>Afin de garantir son <strong>autonomie<\/strong>, le <strong>R\u00e9seau VIP fonctionne sur abonnement<\/strong> :<\/p>\n\n\n\n<p>\ud83d\udcb0 <strong>Abonnement mensuel : 2 CAD (\u00b1 1,35 \u20ac)<\/strong><\/p>\n\n\n\n<p>\ud83d\udcb0 <strong>Abonnement annuel : 10 CAD (\u00b1 6,85 \u20ac)<\/strong><\/p>\n\n\n\n<p>\ud83d\udcb0 <strong>Membre \u00e0 vie : 100 CAD (\u00b1 67 \u20ac)<\/strong><\/p>\n\n\n\n<p><mark style=\"background-color:rgba(0, 0, 0, 0)\" class=\"has-inline-color has-vivid-red-color\">Ce mod\u00e8le \u00e9conomique<\/mark> permet au <strong>r\u00e9seau <\/strong>de se <strong>maintenir sans publicit\u00e9 ni influence ext\u00e9rieure<\/strong>, garantissant ainsi une <strong>totale ind\u00e9pendance.<\/strong><\/p>\n\n\n\n<h4 class=\"wp-block-heading\"><strong><mark style=\"background-color:rgba(0, 0, 0, 0)\" class=\"has-inline-color has-vivid-red-color\">Un r\u00e9seau con\u00e7u pour durer<\/mark><\/strong><\/h4>\n\n\n\n<p><strong>Face aux d\u00e9fis actuels de la libert\u00e9 d\u2019expression<\/strong>, le <strong>R\u00e9seau VIP<\/strong> se pr\u00e9sente comme une <strong>solution p\u00e9renne <\/strong>pour ceux qui refusent d\u2019\u00eatre <mark style=\"background-color:rgba(0, 0, 0, 0)\" class=\"has-inline-color has-vivid-red-color\">r\u00e9duits au silence.<\/mark> <strong>Ici, chaque voix compte, et personne ne peut \u00eatre banni ou censur\u00e9 pour ses id\u00e9es.<\/strong><\/p>\n\n\n\n<p>\ud83d\udccc<mark style=\"background-color:rgba(0, 0, 0, 0)\" class=\"has-inline-color has-vivid-red-color\"> <strong>Pour rejoindre la plateforme et d\u00e9couvrir cette alternative sociale <\/strong><\/mark><strong>:<\/strong> <a href=\"https:\/\/reseau.vip\/\" target=\"_blank\" rel=\"noreferrer noopener\">www.reseau.vip<\/a> \ud83d\udd17<\/p>\n\n\n\n<p><strong>Pourquoi cette id\u00e9e de cr\u00e9er ce r\u00e9seau social ind\u00e9pendant ? <\/strong>Comme vous le savez, nous vivons des <strong>moments troubles <\/strong>et des <strong>conflits <\/strong>qui se g\u00e9n\u00e9ralisent de plus en plus au fil du temps. <strong>Nous connaissons aussi le niveau de censure \u00e9lev\u00e9 et le bannissement de l\u2019ombre (shadowban) existants au sein des principaux r\u00e9seaux sociaux<\/strong>. \u00c0 notre point de vue, il serait tr\u00e8s grave que l\u2019on perde toute possibilit\u00e9 de r\u00e9seauter ensemble. <mark style=\"background-color:rgba(0, 0, 0, 0)\" class=\"has-inline-color has-vivid-red-color\">C\u2019est dans les moments difficiles que nous aurons besoin les uns des autres et il nous faut donc avoir la possibilit\u00e9 de communiquer ensemble lorsque les temps propices le n\u00e9cessiteront vraiment<\/mark>. Il ne faut donc pas attendre d\u2019\u00eatre laiss\u00e9s \u00e0 nous-m\u00eames avant de r\u00e9agir, <strong>Il faut nous unir au sein d\u2019un r\u00e9seau qui nous ressemble et nous appartient vraiment<\/strong>. Nous avons donc d\u00e9cid\u00e9 de cr\u00e9er le&nbsp;<strong>R\u00e9seau VIP<\/strong>, un r\u00e9seau social ind\u00e9pendant qui s\u2019adresse \u00e0 tous ceux et celles qui sont <mark style=\"background-color:rgba(0, 0, 0, 0)\" class=\"has-inline-color has-vivid-red-color\">\u00e9pris de libert\u00e9 dans leur expression cr\u00e9atrice et intellectuelle.<\/mark> \u00c9videmment, ce r\u00e9seau social n\u2019a pas pour objectif de comp\u00e9titionner avec les g\u00e9ants tels que Facebook, Twitter\/X, LinkedIn, Telegram, ni m\u00eame VKontakte. Cette pr\u00e9tention est compl\u00e8tement exclue de notre vision. <strong>Le but principal est de cr\u00e9er un r\u00e9seau social qui nous appartient r\u00e9ellement et qui rassemble tous les gens qui veulent socialiser autour d\u2019id\u00e9es communes, sans craindre la censure et l\u2019exclusion.<\/strong><\/p>\n\n\n<div class=\"wp-block-image\">\n<figure class=\"aligncenter size-large\"><img data-opt-id=1565019307  data-opt-src=\"https:\/\/mlrdeoj2ejbf.i.optimole.com\/cb:mvHM.4ca\/w:1024\/h:577\/q:mauto\/f:best\/https:\/\/i0.wp.com\/planetactus.com\/wp-content\/uploads\/2025\/03\/image-1.png\"  data-recalc-dims=\"1\" decoding=\"async\" width=\"640\" height=\"361\" src=\"data:image/svg+xml,%3Csvg%20viewBox%3D%220%200%201024%20577%22%20width%3D%221024%22%20height%3D%22577%22%20xmlns%3D%22http%3A%2F%2Fwww.w3.org%2F2000%2Fsvg%22%3E%3Crect%20width%3D%221024%22%20height%3D%22577%22%20fill%3D%22transparent%22%2F%3E%3C%2Fsvg%3E?resize=640%2C361&#038;ssl=1\" alt=\"\" class=\"wp-image-3923\" old-srcset=\"https:\/\/mlrdeoj2ejbf.i.optimole.com\/cb:mvHM.4ca\/w:1024\/h:4000\/q:mauto\/f:best\/https:\/\/planetactus.com\/wp-content\/uploads\/2025\/03\/image-1.png 1024w, https:\/\/mlrdeoj2ejbf.i.optimole.com\/cb:mvHM.4ca\/w:300\/h:4000\/q:mauto\/f:best\/https:\/\/planetactus.com\/wp-content\/uploads\/2025\/03\/image-1.png 300w, https:\/\/mlrdeoj2ejbf.i.optimole.com\/cb:mvHM.4ca\/w:768\/h:4000\/q:mauto\/f:best\/https:\/\/planetactus.com\/wp-content\/uploads\/2025\/03\/image-1.png 768w, https:\/\/mlrdeoj2ejbf.i.optimole.com\/cb:mvHM.4ca\/w:1181\/h:665\/q:mauto\/f:best\/https:\/\/planetactus.com\/wp-content\/uploads\/2025\/03\/image-1.png 1181w\" \/><figcaption class=\"wp-element-caption\">Illustration image \/ Vid\u00e9o de d\u00e9monstration  : LES FONCTIONNALIT\u00c9S DU R\u00c9SEAU VIP &#8211; Tous les modules d\u2019un r\u00e9seau social sont pr\u00e9sents : profil personnel, annuaire des membres, mises en relation, messagerie (chat room), fil d\u2019activit\u00e9, forums de discussion, annotations, favoris, et beaucoup plus. Le r\u00e9seau social sans collecte de donn\u00e9es, reconnaissance faciale, intelligence artificielle et exclusion (shadowban) \/ <a href=\"https:\/\/reseau.vip\/niveaux-dadhesion\/\">R\u00e9seau Vip Guy Boulianne Info<\/a> \ud83d\udd17<\/figcaption><\/figure>\n<\/div>\n\n\n<p>Le <strong>R\u00e9seau VIP<\/strong> a tout ce qu\u2019il faut pour \u00eatre dynamique. Il permet aux utilisateurs de <strong>cr\u00e9er leurs propres communaut\u00e9s autour d\u2019int\u00e9r\u00eats sp\u00e9cifiques avec leurs propres choix de fonctionnalit\u00e9s<\/strong>. Chaque membre obtient sa propre page personnalis\u00e9e qui rassemble toutes ses communications, que ce soit des <strong>vid\u00e9os, des images, des documents, des fichiers audio, sans oublier le fil d\u2019actualit\u00e9 qui est automatiquement partag\u00e9 \u00e0 tous les autres membres sur la page d\u2019accueil du r\u00e9seau social<\/strong>. La plateforme fournit plusieurs fonctionnalit\u00e9s de base que l\u2019on retrouve sur les plupart des autres r\u00e9seaux sociaux : profil personnel, annuaire des membres, mises en relation, messagerie priv\u00e9e (chat room), fil d\u2019activit\u00e9, forums de discussion, annotations, favoris, sondages et beaucoup plus. <strong>Le r\u00e9seau n\u2019int\u00e8gre aucune publicit\u00e9 invasive et tout le contenu ainsi que les donn\u00e9es des utilisateurs leur appartiennent enti\u00e8rement.<\/strong> <mark style=\"background-color:rgba(0, 0, 0, 0)\" class=\"has-inline-color has-vivid-red-color\">Lire la suite sur le<\/mark> <a href=\"https:\/\/reseau.vip\/\" target=\"_blank\" rel=\"noreferrer noopener\">[reseau.vip<\/a>] \ud83d\udd17 LA VRAIE INFORMATION PARTAG\u00c9E \ud83d\udc49 <strong><mark style=\"background-color:rgba(0, 0, 0, 0)\" class=\"has-inline-color has-vivid-red-color\">Une nouvelle \u00e8re de communication commence, sans censure et sans exclusion !<\/mark><\/strong><\/p>\n\n\n\n<h4 class=\"wp-block-heading\">\u25a0 <strong><mark style=\"background-color:rgba(0, 0, 0, 0)\" class=\"has-inline-color has-vivid-red-color\">Assurez votre autonomie alimentaire avec RationBox !<\/mark><\/strong><\/h4>\n\n\n<div class=\"wp-block-image\">\n<figure class=\"aligncenter size-full is-resized\"><a href=\"https:\/\/www.rationbox.fr\/\"><img data-opt-id=338350914  data-opt-src=\"https:\/\/mlrdeoj2ejbf.i.optimole.com\/cb:mvHM.4ca\/w:auto\/h:auto\/q:mauto\/f:best\/https:\/\/i0.wp.com\/planetactus.com\/wp-content\/uploads\/2025\/03\/Illustration-image-Rationbox.jpg\"  data-recalc-dims=\"1\" decoding=\"async\" width=\"640\" height=\"461\" src=\"data:image/svg+xml,%3Csvg%20viewBox%3D%220%200%20100%%20100%%22%20width%3D%22100%%22%20height%3D%22100%%22%20xmlns%3D%22http%3A%2F%2Fwww.w3.org%2F2000%2Fsvg%22%3E%3Crect%20width%3D%22100%%22%20height%3D%22100%%22%20fill%3D%22transparent%22%2F%3E%3C%2Fsvg%3E?resize=640%2C461&#038;ssl=1\" alt=\"\" class=\"wp-image-3919\" style=\"width:563px;height:auto\" old-srcset=\"https:\/\/mlrdeoj2ejbf.i.optimole.com\/cb:mvHM.4ca\/w:913\/h:657\/q:mauto\/f:best\/https:\/\/planetactus.com\/wp-content\/uploads\/2025\/03\/Illustration-image-Rationbox.jpg 913w, https:\/\/mlrdeoj2ejbf.i.optimole.com\/cb:mvHM.4ca\/w:300\/h:4000\/q:mauto\/f:best\/https:\/\/planetactus.com\/wp-content\/uploads\/2025\/03\/Illustration-image-Rationbox.jpg 300w, https:\/\/mlrdeoj2ejbf.i.optimole.com\/cb:mvHM.4ca\/w:768\/h:4000\/q:mauto\/f:best\/https:\/\/planetactus.com\/wp-content\/uploads\/2025\/03\/Illustration-image-Rationbox.jpg 768w\" \/><\/a><\/figure>\n<\/div>\n\n\n<p><mark style=\"background-color:rgba(0, 0, 0, 0)\" class=\"has-inline-color has-vivid-red-color\">Dans un monde incertain, il est essentiel de pouvoir compter sur soi-m\u00eame pour faire face aux impr\u00e9vus<\/mark>. <strong>Et si vous pouviez constituer une r\u00e9serve alimentaire durable, sans compromis sur la qualit\u00e9 et la diversit\u00e9 des repas ?<\/strong><\/p>\n\n\n\n<p>C\u2019est pr\u00e9cis\u00e9ment la mission de <strong><a href=\"https:\/\/www.rationbox.fr\/\" target=\"_blank\" rel=\"noreferrer noopener\">RationBox<\/a><\/strong> \ud83d\udd17 : offrir des <strong>aliments lyophilis\u00e9s longue conservation<\/strong>, pr\u00eats \u00e0 \u00eatre consomm\u00e9s \u00e0 tout moment. Que vous pr\u00e9pariez une r\u00e9serve d\u2019urgence, partiez en exp\u00e9dition ou souhaitiez simplement anticiper l\u2019avenir, <strong>leurs produits garantissent nutrition, saveur et praticit\u00e9.<\/strong><\/p>\n\n\n\n<p>Avec une <strong>dur\u00e9e <\/strong>de conservation allant jusqu\u2019\u00e0 <strong>25 ans<\/strong>, ces produits vous offrent <strong>une solution id\u00e9ale pour pr\u00e9parer l\u2019avenir sans encombrer vos placards.<\/strong><\/p>\n\n\n\n<p>\ud83d\udc49 <strong>D\u00e9couvrez d\u00e8s maintenant RationBox et assurez votre autonomie alimentaire en toute s\u00e9r\u00e9nit\u00e9 !<\/strong><\/p>\n\n\n\n<p>\ud83d\udccc <strong>Visitez : <a href=\"https:\/\/www.rationbox.fr\/\" target=\"_blank\" rel=\"noreferrer noopener\">www.rationbox.fr<\/a><\/strong> \ud83d\udd17. <strong>Assurez votre autonomie alimentaire avec RationBox !<\/strong><\/p>\n\n\n\n<p>Gr\u00e2ce \u00e0 une large gamme de <strong>sachets individuels et box th\u00e9matiques<\/strong>, vous pouvez composer des repas complets :<\/p>\n\n\n\n<ul class=\"wp-block-list\">\n<li>\u2705 <strong>Plats savoureux<\/strong> comme du riz saut\u00e9 ou des macaronis.<\/li>\n\n\n\n<li>\u2705 <strong>Fruits et l\u00e9gumes lyophilis\u00e9s<\/strong> pour une alimentation \u00e9quilibr\u00e9e.<\/li>\n\n\n\n<li>\u2705 <strong>Desserts et petits-d\u00e9jeuners<\/strong> pour bien d\u00e9marrer la journ\u00e9e.<\/li>\n\n\n\n<li>\u2705<strong> Rations d\u2019urgence <\/strong>: des solutions essentielles pour faire face aux impr\u00e9vus.<\/li>\n<\/ul>\n\n\n\n<p><strong>Mais qu\u2019en est-il de l\u2019eau, cet \u00e9l\u00e9ment vital ?<\/strong> <mark style=\"background-color:rgba(0, 0, 0, 0)\" class=\"has-inline-color has-vivid-red-color\">RationBox a pens\u00e9 \u00e0 tout<\/mark> en <strong>proposant l\u2019Eau Potable d&rsquo;Urgence Premium en Canettes<\/strong>. Cette eau filtr\u00e9e, conditionn\u00e9e en canettes de 355 ml, b\u00e9n\u00e9ficie d\u2019une <strong>dur\u00e9e de conservation exceptionnelle de 50 ans<\/strong>. Gr\u00e2ce \u00e0 un processus de <strong>purification en 12 \u00e9tapes<\/strong>, elle garantit <a href=\"https:\/\/planetactus.com\/index.php\/video\/bodh-gaya-liquid-colour-valah\/\">une eau pure et fra\u00eeche<\/a> \ud83d\udd17, <strong>sans le go\u00fbt alt\u00e9r\u00e9 que l\u2019on retrouve souvent dans les<a href=\"https:\/\/www.journaldugeek.com\/2025\/03\/18\/fin-des-bouteilles-en-plastiques-dans-lue-voici-ce-qui-vous-attend\/\"> bouteilles en plastique<\/a><\/strong> \ud83d\udd17<\/p>\n\n\n<div class=\"wp-block-image\">\n<figure class=\"aligncenter size-full\"><img data-opt-id=992590076  data-opt-src=\"https:\/\/mlrdeoj2ejbf.i.optimole.com\/cb:mvHM.4ca\/w:auto\/h:auto\/q:mauto\/f:best\/https:\/\/i0.wp.com\/planetactus.com\/wp-content\/uploads\/2025\/03\/IMAGE-RATIONBOX.png\"  data-recalc-dims=\"1\" decoding=\"async\" width=\"623\" height=\"366\" src=\"data:image/svg+xml,%3Csvg%20viewBox%3D%220%200%20100%%20100%%22%20width%3D%22100%%22%20height%3D%22100%%22%20xmlns%3D%22http%3A%2F%2Fwww.w3.org%2F2000%2Fsvg%22%3E%3Crect%20width%3D%22100%%22%20height%3D%22100%%22%20fill%3D%22transparent%22%2F%3E%3C%2Fsvg%3E?resize=623%2C366&#038;ssl=1\" alt=\"\" class=\"wp-image-3926\" old-srcset=\"https:\/\/mlrdeoj2ejbf.i.optimole.com\/cb:mvHM.4ca\/w:623\/h:366\/q:mauto\/f:best\/https:\/\/planetactus.com\/wp-content\/uploads\/2025\/03\/IMAGE-RATIONBOX.png 623w, https:\/\/mlrdeoj2ejbf.i.optimole.com\/cb:mvHM.4ca\/w:300\/h:4000\/q:mauto\/f:best\/https:\/\/planetactus.com\/wp-content\/uploads\/2025\/03\/IMAGE-RATIONBOX.png 300w\" \/><figcaption class=\"wp-element-caption\">Illustration image RationBox \/ Pack d&rsquo;Urgence &#8211; Eau Filtr\u00e9e (50 Ans de Conservation)<\/figcaption><\/figure>\n<\/div>\n\n\n<p><strong>Les avantages de cette eau en canette :<\/strong><\/p>\n\n\n\n<ul class=\"wp-block-list\">\n<li><strong>Dur\u00e9e de conservation in\u00e9gal\u00e9e<\/strong> : jusqu\u2019\u00e0 <strong>50 ans<\/strong>, \u00e9vitant ainsi le besoin de renouveler fr\u00e9quemment vos stocks.<\/li>\n\n\n\n<li><strong>Conditionnement s\u00fbr et \u00e9cologique<\/strong> : les canettes en aluminium prot\u00e8gent l\u2019eau de la lumi\u00e8re et des contaminants, tout en \u00e9tant recyclables.<\/li>\n\n\n\n<li><strong>Puret\u00e9 garantie<\/strong> : un processus de filtration avanc\u00e9 assure une eau <strong>sans impuret\u00e9s ni contaminants<\/strong>.<\/li>\n<\/ul>\n\n\n\n<p><mark style=\"background-color:rgba(0, 0, 0, 0)\" class=\"has-inline-color has-vivid-red-color\">En int\u00e9grant ces canettes d\u2019eau \u00e0 votre r\u00e9serve<\/mark>, vous assurez une <strong>autonomie compl\u00e8te<\/strong> en cas de s<strong>ituation d\u2019urgence<\/strong> ou pour <strong>vos exp\u00e9ditions en milieu isol\u00e9<\/strong>.<\/p>\n\n\n\n<p>\ud83d\udc49 <strong>D\u00e9couvrez d\u00e8s maintenant RationBox et assurez votre autonomie alimentaire en toute s\u00e9r\u00e9nit\u00e9 !<\/strong><\/p>\n\n\n\n<p>\u00ab\u00a0<em>Vous l\u2019imaginez, nous le lyophilisons !<\/em><\/p>\n\n\n\n<p><em>Nos produits sont emball\u00e9s avec soin en portions individuelles, garantissant une dur\u00e9e de conservation exceptionnelle de 25 ans.<\/em><\/p>\n\n\n\n<p><em>Ne perdez plus de temps ! Contactez-nous d\u00e8s aujourd\u2019hui pour une solution alimentaire pratique, durable et parfaitement adapt\u00e9e \u00e0 vos besoins.<\/em><\/p>\n\n\n\n<p><em>RationBox : La qualit\u00e9 et la durabilit\u00e9 \u00e0 votre service pour toutes les situations !<\/em> \u00ab\u00a0<\/p>\n\n\n\n<p><strong><mark style=\"background-color:rgba(0, 0, 0, 0)\" class=\"has-inline-color has-vivid-red-color\">Qu&rsquo;est-ce que la lyophilisation et pourquoi prolonge-t-elle la dur\u00e9e de conservation ?<\/mark><\/strong><\/p>\n\n\n\n<p><strong>RationBox<\/strong> utilise la lyophilisation, une technologie de conservation avanc\u00e9e qui \u00e9limine l\u2019eau des aliments tout en pr\u00e9servant leur go\u00fbt, leur texture et leurs valeurs nutritionnelles. Ce proc\u00e9d\u00e9, reconnu pour son efficacit\u00e9, est largement utilis\u00e9 dans l\u2019alimentation d\u2019urgence, l\u2019industrie pharmaceutique et l\u2019a\u00e9rospatiale.<\/p>\n\n\n\n<p><strong><mark style=\"background-color:rgba(0, 0, 0, 0)\" class=\"has-inline-color has-vivid-red-color\">Des produits 100 % lyophilis\u00e9s pour une conservation optimale<\/mark><\/strong><\/p>\n\n\n\n<p>Tous les produits <strong>RationBox<\/strong> sont enti\u00e8rement lyophilis\u00e9s. Ce choix leur permet de garantir une <strong>qualit\u00e9 exceptionnelle, une conservation longue dur\u00e9e et une fra\u00eecheur optimale<\/strong>. Gr\u00e2ce \u00e0 cette technologie, leurs rations d\u2019urgence restent <strong>nutritives<\/strong>, <strong>savoureuses <\/strong>et <strong>toujours pr\u00eates \u00e0 l\u2019emploi<\/strong>, pour vous accompagner dans toutes les situations. <a href=\"https:\/\/www.rationbox.fr\/ration-urgence-lyophilisation\"><mark style=\"background-color:rgba(0, 0, 0, 0)\" class=\"has-inline-color has-vivid-red-color\">En savoir plus<\/mark><\/a> \ud83d\udd17 sur RationBox <\/p>\n\n\n\n<p>Prenez contact : <a href=\"https:\/\/www.rationbox.fr\/ration-urgence-contact\">contact@rationbox.fr<\/a> \ud83d\udccc Visitez : <a href=\"https:\/\/www.rationbox.fr\/\" target=\"_blank\" rel=\"noreferrer noopener\">www.rationbox.fr<\/a> \ud83d\udd17<\/p>\n\n\n\n<h4 class=\"wp-block-heading\">\u25a0 <strong><mark style=\"background-color:rgba(0, 0, 0, 0)\" class=\"has-inline-color has-vivid-red-color\">Une loi oubli\u00e9e : L\u2019OMDMEDALD exige son application imm\u00e9diate dans les Outre-mer<\/mark><\/strong> : <a href=\"https:\/\/omdmedald.eu\/index.php\/2025\/03\/10\/demande-officielle-de-publication-dune-circulaire-pour-lapplication-de-la-loi-n-83-550-du-30-juin-1983-dans-les-outre-mer\/\">COMMUNIQU\u00c9 DE PRESSE<\/a> \ud83d\udd17<strong>Demande d\u2019application de la Loi n\u00b0 83-550 du 30 juin 1983 : Une requ\u00eate officielle adress\u00e9e au Minist\u00e8re des Outre-mer<\/strong>.<\/h4>\n\n\n\n<p>Depuis plus de <strong>40 ans<\/strong>, la loi <strong>n\u00b0 83-550 du 30 juin 1983<\/strong>, qui pr\u00e9voit une <strong>Journ\u00e9e nationale en hommage aux victimes de l\u2019esclavage colonial<\/strong>, demeure <strong>inappliqu\u00e9e dans les collectivit\u00e9s d\u2019outre-mer<\/strong>. Une situation jug\u00e9e inacceptable par l\u2019<strong>Organisation Mondiale de la D\u00e9fense des Droits et M\u00e9moires des Esclaves D\u00e9port\u00e9s d\u2019Afrique et Leurs Descendants (OMDMEDALD)<\/strong>, qui a officiellement <strong>saisi le Minist\u00e8re des Outre-mer<\/strong> pour r\u00e9clamer la <strong>publication imm\u00e9diate d\u2019une circulaire<\/strong> garantissant son application effective.<\/p>\n\n\n\n<p><strong>Pourquoi cette loi est-elle rest\u00e9e lettre morte ? Quelles actions l\u2019OMDMEDALD propose-t-elle pour mettre fin \u00e0 cette injustice m\u00e9morielle ?<\/strong><\/p>\n\n\n<div class=\"wp-block-image\">\n<figure class=\"aligncenter size-full\"><img data-opt-id=1117387994  data-opt-src=\"https:\/\/mlrdeoj2ejbf.i.optimole.com\/cb:mvHM.4ca\/w:auto\/h:auto\/q:mauto\/f:best\/https:\/\/i0.wp.com\/planetactus.com\/wp-content\/uploads\/2025\/03\/DALL%C2%B7E-2025-03-13-20-commemoration-810x458-1.jpg\"  data-recalc-dims=\"1\" decoding=\"async\" width=\"640\" height=\"362\" src=\"data:image/svg+xml,%3Csvg%20viewBox%3D%220%200%20100%%20100%%22%20width%3D%22100%%22%20height%3D%22100%%22%20xmlns%3D%22http%3A%2F%2Fwww.w3.org%2F2000%2Fsvg%22%3E%3Crect%20width%3D%22100%%22%20height%3D%22100%%22%20fill%3D%22transparent%22%2F%3E%3C%2Fsvg%3E?resize=640%2C362&#038;ssl=1\" alt=\"\" class=\"wp-image-3935\" old-srcset=\"https:\/\/mlrdeoj2ejbf.i.optimole.com\/cb:mvHM.4ca\/w:810\/h:458\/q:mauto\/f:best\/https:\/\/planetactus.com\/wp-content\/uploads\/2025\/03\/DALL\u00b7E-2025-03-13-20-commemoration-810x458-1.jpg 810w, https:\/\/mlrdeoj2ejbf.i.optimole.com\/cb:mvHM.4ca\/w:300\/h:4000\/q:mauto\/f:best\/https:\/\/planetactus.com\/wp-content\/uploads\/2025\/03\/DALL\u00b7E-2025-03-13-20-commemoration-810x458-1.jpg 300w, https:\/\/mlrdeoj2ejbf.i.optimole.com\/cb:mvHM.4ca\/w:768\/h:4000\/q:mauto\/f:best\/https:\/\/planetactus.com\/wp-content\/uploads\/2025\/03\/DALL\u00b7E-2025-03-13-20-commemoration-810x458-1.jpg 768w\" \/><figcaption class=\"wp-element-caption\">Illustration image \/ Demande officielle de publication d\u2019une circulaire pour l\u2019application de la loi n\u00b0 83-550 du 30 juin 1983 dans les Outre-mer \/ <a href=\"https:\/\/omdmedald.eu\/index.php\/2025\/03\/10\/demande-officielle-de-publication-dune-circulaire-pour-lapplication-de-la-loi-n-83-550-du-30-juin-1983-dans-les-outre-mer\/\">Omdmedald.eu<\/a> \ud83d\udd17<\/figcaption><\/figure>\n<\/div>\n\n\n<p><em>\u00ab\u00a0Une requ\u00eate officielle adress\u00e9e au Minist\u00e8re des Outre-mer, demandant la publication d\u2019une circulaire pour l\u2019application effective de la loi n\u00b0 83-550 du 30 juin 1983 dans les collectivit\u00e9s territoriales d\u2019outre-mer<\/em><\/p>\n\n\n\n<p><em>Le 10 mars 2025, l\u2019Organisation Mondiale de la D\u00e9fense des Droits et M\u00e9moires des Esclaves D\u00e9port\u00e9s d\u2019Afrique et Leurs Descendants (OMDMEDALD) a officiellement saisi le Minist\u00e8re des Outre-mer afin de r\u00e9clamer la publication d\u2019une circulaire garantissant l\u2019application effective de la loi n\u00b0 83-550 du 30 juin 1983, <strong>&nbsp;dans les collectivit\u00e9s territoriales d\u2019outre-mer<\/strong>. Cette loi n\u00b0 2017-256 du 28 f\u00e9vrier 2017 de programmation relative \u00e0 l\u2019\u00e9galit\u00e9 r\u00e9elle outre-mer et portant d\u2019autres dispositions en mati\u00e8re sociale et \u00e9conomique, modifiant la loi n\u00b0 83-550 du 30 juin 1983, institue une Journ\u00e9e nationale en hommage aux victimes de l\u2019esclavage colonial. Pourtant, depuis son adoption, elle reste inappliqu\u00e9e dans les collectivit\u00e9s territoriales d\u2019outre-mer.<\/em><\/p>\n\n\n\n<h4 class=\"wp-block-heading\"><strong><mark style=\"background-color:rgba(0, 0, 0, 0)\" class=\"has-inline-color has-vivid-red-color\">Une loi essentielle, mais oubli\u00e9e<\/mark><\/strong><\/h4>\n\n\n\n<p><em>Promulgu\u00e9e et publi\u00e9e au Journal Officiel, la loi unique n\u00b0 83-550 du 30 juin 1983, <strong>vise \u00e0 instaurer une comm\u00e9moration annuelle pour honorer la m\u00e9moire des victimes de l\u2019esclavage<\/strong>. Cependant, force est de constater qu\u2019aucune initiative gouvernementale concr\u00e8te <span style=\"text-decoration: underline;\">n\u2019a permis sa mise en \u0153uvre dans les territoires concern\u00e9s<\/span>. <mark style=\"background-color:rgba(0, 0, 0, 0)\" class=\"has-inline-color has-vivid-red-color\">Cette situation est per\u00e7ue comme une atteinte \u00e0 la reconnaissance historique et une entrave aux devoirs de m\u00e9moire.<\/mark><\/em><\/p>\n\n\n\n<p><em><strong>L\u2019organisation OMDMEDALD souligne que l\u2019oubli de cette obligation l\u00e9gale constitue un manquement grave de l\u2019\u00c9tat, privant ainsi les populations d\u2019outre-mer d\u2019un hommage national l\u00e9gitime. L\u2019organisation exige donc que le Minist\u00e8re des Outre-mer prenne des mesures imm\u00e9diates afin que cette comm\u00e9moration soit mise en place d\u00e8s cette ann\u00e9e 2025.<\/strong><\/em><\/p>\n\n\n\n<h4 class=\"wp-block-heading\"><strong><mark style=\"background-color:rgba(0, 0, 0, 0)\" class=\"has-inline-color has-vivid-red-color\">Un appel \u00e0 la mobilisation des institutions<\/mark><\/strong><\/h4>\n\n\n\n<p><em>L\u2019organisation OMDMEDALD appelle \u00e0 une mobilisation des autorit\u00e9s locales et des institutions gouvernementales pour que cette loi soit respect\u00e9e et appliqu\u00e9e dans tous les territoires concern\u00e9s. \u00c0 ce titre, il est demand\u00e9 :<\/em><\/p>\n\n\n\n<ul class=\"wp-block-list\">\n<li><em>La publication imm\u00e9diate d\u2019une circulaire minist\u00e9rielle rappelant aux pr\u00e9fets et responsables administratifs des outre-mer leur obligation d\u2019organiser ces comm\u00e9morations.<\/em><\/li>\n\n\n\n<li><em>L\u2019identification et l\u2019am\u00e9nagement de lieux de m\u00e9moire accessibles \u00e0 tous.<\/em><\/li>\n\n\n\n<li><em>La tenue de c\u00e9r\u00e9monies officielles avec participation des autorit\u00e9s locales, des associations et des citoyens.<\/em><\/li>\n\n\n\n<li><em>La mise en place d\u2019actions \u00e9ducatives et culturelles pour sensibiliser les jeunes g\u00e9n\u00e9rations \u00e0 cette m\u00e9moire commune.<\/em><\/li>\n<\/ul>\n\n\n\n<p><em><strong>L\u2019organisation insiste sur le fait que ces mesures sont indispensables pour garantir une \u00e9galit\u00e9 r\u00e9publicaine dans la reconnaissance des souffrances historiques.<\/strong><\/em><\/p>\n\n\n\n<h4 class=\"wp-block-heading\"><strong><mark style=\"background-color:rgba(0, 0, 0, 0)\" class=\"has-inline-color has-vivid-red-color\">Une carence de l\u2019\u00c9tat consign\u00e9e comme preuve<\/mark><\/strong><\/h4>\n\n\n\n<p><em>En l\u2019absence de r\u00e9ponse concr\u00e8te du gouvernement, l\u2019organisation OMDMEDALD <mark style=\"background-color:rgba(0, 0, 0, 0)\" class=\"has-inline-color has-vivid-red-color\">se r\u00e9serve le droit de saisir les juridictions comp\u00e9tentes afin de faire appliquer cette loi<\/mark>. La non-application de la loi n\u00b0 83-550 du 30 juin 1983 et du d\u00e9cret du 23 mai 2017 instituant cette comm\u00e9moration sera consign\u00e9e comme preuve dans toute proc\u00e9dure administrative ou contentieuse \u00e0 venir.<\/em><\/p>\n\n\n\n<h4 class=\"wp-block-heading\"><strong><mark style=\"background-color:rgba(0, 0, 0, 0)\" class=\"has-inline-color has-vivid-red-color\">Un devoir de m\u00e9moire et de justice<\/mark><\/strong><\/h4>\n\n\n\n<p><em><strong>L\u2019\u00c9tat fran\u00e7ais, dans ses engagements r\u00e9publicains et m\u00e9moriels, doit veiller \u00e0 ce que cette loi soit respect\u00e9e. Il en va de l\u2019honneur de la Nation de reconna\u00eetre officiellement l\u2019histoire de l\u2019esclavage et d\u2019honorer la m\u00e9moire de ses victimes. L\u2019organisation OMDMEDALD rappelle que la m\u00e9moire est un pilier essentiel de la construction sociale et de la r\u00e9conciliation des peuples.<\/strong><\/em><\/p>\n\n\n\n<p><em><mark style=\"background-color:rgba(0, 0, 0, 0)\" class=\"has-inline-color has-vivid-red-color\">Face \u00e0 cette situation, l\u2019organisation demande une r\u00e9ponse urgente et officielle du Minist\u00e8re des Outre-mer et appelle les collectivit\u00e9s locales, les associations et la soci\u00e9t\u00e9 civile \u00e0 se mobiliser pour exiger l\u2019application imm\u00e9diate de cette loi<\/mark><\/em>\u00a0\u00bb [&#8230;] \ud83d\udccc <strong>D\u00e9couvrez tous les d\u00e9tails de cette demande officielle et les enjeux de cette mobilisation historique en lisant l\u2019article complet ici :<\/strong> \ud83d\udc49 <a href=\"https:\/\/omdmedald.eu\/index.php\/2025\/03\/10\/demande-officielle-de-publication-dune-circulaire-pour-lapplication-de-la-loi-n-83-550-du-30-juin-1983-dans-les-outre-mer\/\" target=\"_blank\" rel=\"noreferrer noopener\"><strong>Lire l\u2019article sur OMDMEDALD<\/strong><\/a> \ud83d\udd17<\/p>\n\n\n\n<p>\u25a0 <a href=\"https:\/\/planetactus.com\/index.php\/video\/ce-corbeau-explose-de-joie-chaque-fois-quil-voit-son-humain\/\"><mark style=\"background-color:rgba(0, 0, 0, 0)\" class=\"has-inline-color has-vivid-red-color\"><strong>Ce Corbeau Explose de Joie chaque fois qu\u2019il Voit Son Humain<\/strong><\/mark><\/a> \ud83d\udd17 <strong>!<\/strong><\/p>\n\n\n\n<figure class=\"wp-block-embed aligncenter is-type-video is-provider-youtube wp-block-embed-youtube wp-embed-aspect-16-9 wp-has-aspect-ratio\"><div class=\"wp-block-embed__wrapper\">\n<iframe  id=\"_ytid_89460\"  width=\"640\" height=\"360\"  data-origwidth=\"640\" data-origheight=\"360\" src=\"https:\/\/www.youtube.com\/embed\/EGGWGDzjOnQ?enablejsapi=1&#038;autoplay=0&#038;cc_load_policy=0&#038;cc_lang_pref=&#038;iv_load_policy=1&#038;loop=0&#038;rel=1&#038;fs=1&#038;playsinline=0&#038;autohide=2&#038;theme=dark&#038;color=red&#038;controls=1&#038;disablekb=0&#038;\" class=\"__youtube_prefs__  epyt-is-override  no-lazyload\" title=\"YouTube player\"  allow=\"fullscreen; accelerometer; autoplay; clipboard-write; encrypted-media; gyroscope; picture-in-picture; web-share\" referrerpolicy=\"strict-origin-when-cross-origin\" allowfullscreen data-no-lazy=\"1\" data-skipgform_ajax_framebjll=\"\"><\/iframe>\n<\/div><figcaption class=\"wp-element-caption\"><strong>Laissez-vous inspirer par l&rsquo;histoire de Loki <\/strong>et <a href=\"https:\/\/planetactus.com\/index.php\/2025\/01\/29\/secrets-de-la-nature-comment-les-animaux-se-soignent-ils-eux-memes-les-astuces-medicinales-quand-la-faune-devient-pharmacienne-la-science-fascinante-de-lautoguerison-animale\/\">d\u00e9couvrez la merveilleuse connexion entre les humains et les animaux<\/a> \ud83d\udd17qui va <strong><a href=\"https:\/\/www.allocine.fr\/video\/player_gen_cmedia=19446105&amp;cfilm=2770.html\">au-del\u00e0<\/a><\/strong> \ud83d\udd17 <strong>de Toutes les Attentes ! N&rsquo;oubliez pas d&rsquo;Aimer, de Commenter et de Partager la vid\u00e9o pour diffuser le Message de Gu\u00e9rison et d&rsquo;Amiti\u00e9 Impr\u00e9visible ! <\/strong>\ud83d\udd17<\/figcaption><\/figure>\n\n\n\n<p><strong>Loki, un corbeau malin et espi\u00e8gle, a subi une incroyable transformation avec l\u2019aide de son nouvel ami <a href=\"https:\/\/www.youtube.com\/watch?v=vyILqCwbzFg\"><mark style=\"background-color:rgba(0, 0, 0, 0)\" class=\"has-inline-color has-vivid-red-color\">Elliot<\/mark><\/a> \ud83d\udd17. Du traumatisme et de la solitude \u00e0 une amiti\u00e9 profonde et ins\u00e9parable, le voyage de Loki nous montre comment l\u2019amour, la patience et la confiance peuvent gu\u00e9rir m\u00eame les blessures les plus profondes<\/strong> \ud83d\udd4a<\/p>\n\n\n\n<p><strong>\ud83d\udca1<\/strong>&nbsp;<mark style=\"background-color:rgba(0, 0, 0, 0)\" class=\"has-inline-color has-vivid-red-color\">Si cet article vous a plu, n\u2019h\u00e9sitez pas \u00e0 le partager avec vos proches et sur tous vos r\u00e9seaux sociaux ! Suivez-nous pour plus d\u2019actualit\u00e9s passionnantes.<\/mark><\/p>\n\n\n\n<p><strong>\ud83d\udef8<\/strong><strong>&nbsp;<\/strong><strong><a href=\"https:\/\/t.me\/ufo_planetactus_sightings\">Ufo Planet Actus Sightings Investigations<\/a><\/strong><strong>&nbsp;<\/strong><strong>\ud83d\udc7d<\/strong><strong><br><\/strong><strong>\ud83e\ude90<\/strong><strong>&nbsp;<\/strong><a href=\"https:\/\/t.me\/planetactus\"><strong>Planet Actus&nbsp;True News Letters<\/strong><\/a><strong>&nbsp;<\/strong><strong>\ud83d\uddde<\/strong><strong><br><\/strong><strong>\ud83d\udcbb<\/strong><strong>&nbsp;<\/strong><a href=\"https:\/\/planetactus.com\/\"><strong>Planet Actus.com<\/strong><\/a><strong>&nbsp;<\/strong><strong>\ud83e\ude90<\/strong><\/p>\n\n\n<div class=\"wp-block-post-author\"><div class=\"wp-block-post-author__avatar\"><img decoding=async data-opt-id=1391982141  alt='' src='\/\/www.gravatar.com\/avatar\/1f651b4ef1fc23d4d1601d6f2649258e?s=48&#038;r=g&#038;d=mm' srcset='\/\/www.gravatar.com\/avatar\/1f651b4ef1fc23d4d1601d6f2649258e?s=48&#038;r=g&#038;d=mm 2x' class='avatar avatar-48 photo' height='48' width='48' \/><\/div><div class=\"wp-block-post-author__content\"><p class=\"wp-block-post-author__byline\">planetactus<\/p><p class=\"wp-block-post-author__name\">planetactus.com<\/p><\/div><\/div><div class=\"gsp_post_data\" \r\n\t            data-post_type=\"post\" \r\n\t            data-cat=\"a-la-une,autonomie,certifiez-securisez-partagez,lanceurs-dalertes,le-futur-de-linformation-libre,survivalisme\" \r\n\t            data-modified=\"120\"\r\n\t            data-created=\"1742365897\"\r\n\t            data-title=\"Stocke, prot\u00e8ge et partage : Kla.TV-Offline, le futur de l\u2019information libre. Ne laisse pas la Censure Gagner : Sauvegarde Kla.TV et Deviens un Diffuseur d\u2019Infos !\" \r\n\t            data-home=\"https:\/\/planetactus.com\"><\/div>","protected":false},"excerpt":{"rendered":"<p>Face \u00e0 la censure, l\u2019information se lib\u00e8re : D\u00e9couvre Kla.TV-Offline Sauvegarde Kla.TV offline et diffuse-la \u00e0 l&rsquo;international ! Dans un monde o\u00f9 la censure en ligne se fait de plus en plus oppressante, les m\u00e9dias ind\u00e9pendants doivent redoubler d&rsquo;ing\u00e9niosit\u00e9 pour assurer la diffusion de l&rsquo;information libre. Kla.TV \ud83d\udd17, plateforme reconnue pour son engagement en faveur [&hellip;]<\/p>\n","protected":false},"author":1,"featured_media":3925,"comment_status":"open","ping_status":"open","sticky":false,"template":"","format":"standard","meta":{"_bbp_topic_count":0,"_bbp_reply_count":0,"_bbp_total_topic_count":0,"_bbp_total_reply_count":0,"_bbp_voice_count":0,"_bbp_anonymous_reply_count":0,"_bbp_topic_count_hidden":0,"_bbp_reply_count_hidden":0,"_bbp_forum_subforum_count":0,"fifu_image_url":"","fifu_image_alt":"","_jetpack_memberships_contains_paid_content":false,"footnotes":"","jetpack_publicize_message":"","jetpack_publicize_feature_enabled":true,"jetpack_social_post_already_shared":false,"jetpack_social_options":{"image_generator_settings":{"template":"highway","default_image_id":0,"font":"","enabled":false},"version":2}},"categories":[19,39,142,108,152,38],"tags":[],"class_list":["post-3914","post","type-post","status-publish","format-standard","has-post-thumbnail","hentry","category-a-la-une","category-autonomie","category-certifiez-securisez-partagez","category-lanceurs-dalertes","category-le-futur-de-linformation-libre","category-survivalisme"],"featured_image_src":"https:\/\/mlrdeoj2ejbf.i.optimole.com\/cb:mvHM.4ca\/w:auto\/h:auto\/q:mauto\/f:best\/https:\/\/i0.wp.com\/planetactus.com\/wp-content\/uploads\/2025\/03\/Stocke-protege-et-partage.-Kla.TV-Offline-le-futur-de-linformation-libre_Planet-Actus-IA.webp?fit=1024%2C1024&ssl=1","author_info":{"display_name":"planetactus.com","author_link":"https:\/\/planetactus.com\/index.php\/author\/admin9861\/"},"yoast_head":"<!-- This site is optimized with the Yoast SEO plugin v27.5 - https:\/\/yoast.com\/product\/yoast-seo-wordpress\/ -->\n<title>Stocke, prot\u00e8ge et partage : Kla.TV-Offline, le futur de l\u2019information libre. Ne laisse pas la Censure Gagner : Sauvegarde Kla.TV et Deviens un Diffuseur d\u2019Infos ! -<\/title>\n<meta name=\"description\" content=\"Dans un monde o\u00f9 la censure en ligne se fait de plus en plus oppressante, les m\u00e9dias ind\u00e9pendants doivent redoubler d&#039;ing\u00e9niosit\u00e9 pour assurer la diffusion de l&#039;information libre. Kla.TV, plateforme reconnue pour son engagement en faveur de l&#039;information alternative, propose une solution r\u00e9volutionnaire : Kla.TV-Offline\" class=\"yoast-seo-meta-tag\" \/>\n<meta name=\"robots\" content=\"index, follow, max-snippet:-1, max-image-preview:large, max-video-preview:-1\" \/>\n<link rel=\"canonical\" href=\"https:\/\/planetactus.com\/index.php\/2025\/03\/19\/stocke-protege-et-partage-kla-tv-offline-le-futur-de-linformation-libre-ne-laisse-pas-la-censure-gagner-sauvegarde-kla-tv-et-deviens-un-diffuseur-dinfos\/\" class=\"yoast-seo-meta-tag\" \/>\n<meta property=\"og:locale\" content=\"fr_FR\" class=\"yoast-seo-meta-tag\" \/>\n<meta property=\"og:type\" content=\"article\" class=\"yoast-seo-meta-tag\" \/>\n<meta property=\"og:title\" content=\"Stocke, prot\u00e8ge et partage : Kla.TV-Offline, le futur de l\u2019information libre. Ne laisse pas la censure gagner : Sauvegarde Kla.TV et deviens un diffuseur d\u2019infos !\" class=\"yoast-seo-meta-tag\" \/>\n<meta property=\"og:description\" content=\"Dans un monde o\u00f9 la censure en ligne se fait de plus en plus oppressante, les m\u00e9dias ind\u00e9pendants doivent redoubler d&#039;ing\u00e9niosit\u00e9 pour assurer la diffusion de l&#039;information libre. Kla.TV, plateforme reconnue pour son engagement en faveur de l&#039;information alternative, propose une solution r\u00e9volutionnaire : Kla.TV-Offline\" class=\"yoast-seo-meta-tag\" \/>\n<meta property=\"og:url\" content=\"https:\/\/planetactus.com\/index.php\/2025\/03\/19\/stocke-protege-et-partage-kla-tv-offline-le-futur-de-linformation-libre-ne-laisse-pas-la-censure-gagner-sauvegarde-kla-tv-et-deviens-un-diffuseur-dinfos\/\" class=\"yoast-seo-meta-tag\" \/>\n<meta property=\"article:publisher\" content=\"https:\/\/www.facebook.com\/profile.php?id=61561620320740\" class=\"yoast-seo-meta-tag\" \/>\n<meta property=\"article:author\" content=\"https:\/\/www.facebook.com\/profile.php?id=61561620320740\" class=\"yoast-seo-meta-tag\" \/>\n<meta property=\"article:published_time\" content=\"2025-03-19T05:31:37+00:00\" class=\"yoast-seo-meta-tag\" \/>\n<meta property=\"article:modified_time\" content=\"2025-03-22T04:00:50+00:00\" class=\"yoast-seo-meta-tag\" \/>\n<meta property=\"og:image\" content=\"https:\/\/mlrdeoj2ejbf.i.optimole.com\/cb:mvHM.4ca\/w:auto\/h:auto\/q:mauto\/f:best\/http:\/\/planetactus.com\/wp-content\/uploads\/2025\/03\/Stocke-protege-et-partage.-Kla.TV-Offline-le-futur-de-linformation-libre_Planet-Actus-IA.webp\" class=\"yoast-seo-meta-tag\" \/>\n\t<meta property=\"og:image:width\" content=\"1024\" class=\"yoast-seo-meta-tag\" \/>\n\t<meta property=\"og:image:height\" content=\"1024\" class=\"yoast-seo-meta-tag\" \/>\n\t<meta property=\"og:image:type\" content=\"image\/webp\" class=\"yoast-seo-meta-tag\" \/>\n<meta name=\"author\" content=\"planetactus.com\" class=\"yoast-seo-meta-tag\" \/>\n<meta name=\"twitter:card\" content=\"summary_large_image\" class=\"yoast-seo-meta-tag\" \/>\n<meta name=\"twitter:title\" content=\"Stocke, prot\u00e8ge et partage : Kla.TV-Offline, le futur de l\u2019information libre. Ne laisse pas la censure gagner : Sauvegarde Kla.TV et deviens un diffuseur d\u2019infos !\" class=\"yoast-seo-meta-tag\" \/>\n<meta name=\"twitter:description\" content=\"Dans un monde o\u00f9 la censure en ligne se fait de plus en plus oppressante, les m\u00e9dias ind\u00e9pendants doivent redoubler d&#039;ing\u00e9niosit\u00e9 pour assurer la diffusion de l&#039;information libre. Kla.TV, plateforme reconnue pour son engagement en faveur de l&#039;information alternative, propose une solution r\u00e9volutionnaire : Kla.TV-Offline\" class=\"yoast-seo-meta-tag\" \/>\n<meta name=\"twitter:image\" content=\"https:\/\/mlrdeoj2ejbf.i.optimole.com\/cb:mvHM.4ca\/w:auto\/h:auto\/q:mauto\/f:best\/https:\/\/i0.wp.com\/planetactus.com\/wp-content\/uploads\/2025\/03\/Stocke-protege-et-partage.-Kla.TV-Offline-le-futur-de-linformation-libre_Planet-Actus-IA.webp?fit=1024%2C1024&ssl=1\" class=\"yoast-seo-meta-tag\" \/>\n<meta name=\"twitter:creator\" content=\"@https:\/\/x.com\/PlanetActus\" class=\"yoast-seo-meta-tag\" \/>\n<meta name=\"twitter:site\" content=\"@PlanetActus\" class=\"yoast-seo-meta-tag\" \/>\n<meta name=\"twitter:label1\" content=\"\u00c9crit par\" class=\"yoast-seo-meta-tag\" \/>\n\t<meta name=\"twitter:data1\" content=\"planetactus.com\" class=\"yoast-seo-meta-tag\" \/>\n\t<meta name=\"twitter:label2\" content=\"Dur\u00e9e de lecture estim\u00e9e\" class=\"yoast-seo-meta-tag\" \/>\n\t<meta name=\"twitter:data2\" content=\"20 minutes\" class=\"yoast-seo-meta-tag\" \/>\n<script type=\"application\/ld+json\" class=\"yoast-schema-graph\">{\"@context\":\"https:\\\/\\\/schema.org\",\"@graph\":[{\"@type\":\"Article\",\"@id\":\"https:\\\/\\\/planetactus.com\\\/index.php\\\/2025\\\/03\\\/19\\\/stocke-protege-et-partage-kla-tv-offline-le-futur-de-linformation-libre-ne-laisse-pas-la-censure-gagner-sauvegarde-kla-tv-et-deviens-un-diffuseur-dinfos\\\/#article\",\"isPartOf\":{\"@id\":\"https:\\\/\\\/planetactus.com\\\/index.php\\\/2025\\\/03\\\/19\\\/stocke-protege-et-partage-kla-tv-offline-le-futur-de-linformation-libre-ne-laisse-pas-la-censure-gagner-sauvegarde-kla-tv-et-deviens-un-diffuseur-dinfos\\\/\"},\"author\":{\"name\":\"planetactus.com\",\"@id\":\"https:\\\/\\\/planetactus.com\\\/#\\\/schema\\\/person\\\/fbb75ac73a2424d2e176d31b021372a4\"},\"headline\":\"Stocke, prot\u00e8ge et partage : Kla.TV-Offline, le futur de l\u2019information libre. Ne laisse pas la Censure Gagner : Sauvegarde Kla.TV et Deviens un Diffuseur d\u2019Infos !\",\"datePublished\":\"2025-03-19T05:31:37+00:00\",\"dateModified\":\"2025-03-22T04:00:50+00:00\",\"mainEntityOfPage\":{\"@id\":\"https:\\\/\\\/planetactus.com\\\/index.php\\\/2025\\\/03\\\/19\\\/stocke-protege-et-partage-kla-tv-offline-le-futur-de-linformation-libre-ne-laisse-pas-la-censure-gagner-sauvegarde-kla-tv-et-deviens-un-diffuseur-dinfos\\\/\"},\"wordCount\":3978,\"commentCount\":0,\"publisher\":{\"@id\":\"https:\\\/\\\/planetactus.com\\\/#\\\/schema\\\/person\\\/fbb75ac73a2424d2e176d31b021372a4\"},\"image\":{\"@id\":\"https:\\\/\\\/planetactus.com\\\/index.php\\\/2025\\\/03\\\/19\\\/stocke-protege-et-partage-kla-tv-offline-le-futur-de-linformation-libre-ne-laisse-pas-la-censure-gagner-sauvegarde-kla-tv-et-deviens-un-diffuseur-dinfos\\\/#primaryimage\"},\"thumbnailUrl\":\"https:\\/\\/i0.wp.com\\/planetactus.com\\/wp-content\\/uploads\\/2025\\/03\\/Stocke-protege-et-partage.-Kla.TV-Offline-le-futur-de-linformation-libre_Planet-Actus-IA.webp?fit=1024%2C1024&ssl=1\",\"articleSection\":[\"A la Une\",\"Autonomie\",\"Certifiez, S\u00e9curisez, Partagez\",\"Lanceurs d'Alertes\",\"Le futur de l\u2019information libre\",\"Survivalisme\"],\"inLanguage\":\"fr-FR\",\"potentialAction\":[{\"@type\":\"CommentAction\",\"name\":\"Comment\",\"target\":[\"https:\\\/\\\/planetactus.com\\\/index.php\\\/2025\\\/03\\\/19\\\/stocke-protege-et-partage-kla-tv-offline-le-futur-de-linformation-libre-ne-laisse-pas-la-censure-gagner-sauvegarde-kla-tv-et-deviens-un-diffuseur-dinfos\\\/#respond\"]}]},{\"@type\":\"WebPage\",\"@id\":\"https:\\\/\\\/planetactus.com\\\/index.php\\\/2025\\\/03\\\/19\\\/stocke-protege-et-partage-kla-tv-offline-le-futur-de-linformation-libre-ne-laisse-pas-la-censure-gagner-sauvegarde-kla-tv-et-deviens-un-diffuseur-dinfos\\\/\",\"url\":\"https:\\\/\\\/planetactus.com\\\/index.php\\\/2025\\\/03\\\/19\\\/stocke-protege-et-partage-kla-tv-offline-le-futur-de-linformation-libre-ne-laisse-pas-la-censure-gagner-sauvegarde-kla-tv-et-deviens-un-diffuseur-dinfos\\\/\",\"name\":\"Stocke, prot\u00e8ge et partage : Kla.TV-Offline, le futur de l\u2019information libre. Ne laisse pas la Censure Gagner : Sauvegarde Kla.TV et Deviens un Diffuseur d\u2019Infos ! -\",\"isPartOf\":{\"@id\":\"https:\\\/\\\/planetactus.com\\\/#website\"},\"primaryImageOfPage\":{\"@id\":\"https:\\\/\\\/planetactus.com\\\/index.php\\\/2025\\\/03\\\/19\\\/stocke-protege-et-partage-kla-tv-offline-le-futur-de-linformation-libre-ne-laisse-pas-la-censure-gagner-sauvegarde-kla-tv-et-deviens-un-diffuseur-dinfos\\\/#primaryimage\"},\"image\":{\"@id\":\"https:\\\/\\\/planetactus.com\\\/index.php\\\/2025\\\/03\\\/19\\\/stocke-protege-et-partage-kla-tv-offline-le-futur-de-linformation-libre-ne-laisse-pas-la-censure-gagner-sauvegarde-kla-tv-et-deviens-un-diffuseur-dinfos\\\/#primaryimage\"},\"thumbnailUrl\":\"https:\\/\\/i0.wp.com\\/planetactus.com\\/wp-content\\/uploads\\/2025\\/03\\/Stocke-protege-et-partage.-Kla.TV-Offline-le-futur-de-linformation-libre_Planet-Actus-IA.webp?fit=1024%2C1024&ssl=1\",\"datePublished\":\"2025-03-19T05:31:37+00:00\",\"dateModified\":\"2025-03-22T04:00:50+00:00\",\"description\":\"Dans un monde o\u00f9 la censure en ligne se fait de plus en plus oppressante, les m\u00e9dias ind\u00e9pendants doivent redoubler d'ing\u00e9niosit\u00e9 pour assurer la diffusion de l'information libre. Kla.TV, plateforme reconnue pour son engagement en faveur de l'information alternative, propose une solution r\u00e9volutionnaire : Kla.TV-Offline\",\"breadcrumb\":{\"@id\":\"https:\\\/\\\/planetactus.com\\\/index.php\\\/2025\\\/03\\\/19\\\/stocke-protege-et-partage-kla-tv-offline-le-futur-de-linformation-libre-ne-laisse-pas-la-censure-gagner-sauvegarde-kla-tv-et-deviens-un-diffuseur-dinfos\\\/#breadcrumb\"},\"inLanguage\":\"fr-FR\",\"potentialAction\":[{\"@type\":\"ReadAction\",\"target\":[\"https:\\\/\\\/planetactus.com\\\/index.php\\\/2025\\\/03\\\/19\\\/stocke-protege-et-partage-kla-tv-offline-le-futur-de-linformation-libre-ne-laisse-pas-la-censure-gagner-sauvegarde-kla-tv-et-deviens-un-diffuseur-dinfos\\\/\"]}]},{\"@type\":\"ImageObject\",\"inLanguage\":\"fr-FR\",\"@id\":\"https:\\\/\\\/planetactus.com\\\/index.php\\\/2025\\\/03\\\/19\\\/stocke-protege-et-partage-kla-tv-offline-le-futur-de-linformation-libre-ne-laisse-pas-la-censure-gagner-sauvegarde-kla-tv-et-deviens-un-diffuseur-dinfos\\\/#primaryimage\",\"url\":\"https:\\/\\/i0.wp.com\\/planetactus.com\\/wp-content\\/uploads\\/2025\\/03\\/Stocke-protege-et-partage.-Kla.TV-Offline-le-futur-de-linformation-libre_Planet-Actus-IA.webp?fit=1024%2C1024&ssl=1\",\"contentUrl\":\"https:\\/\\/i0.wp.com\\/planetactus.com\\/wp-content\\/uploads\\/2025\\/03\\/Stocke-protege-et-partage.-Kla.TV-Offline-le-futur-de-linformation-libre_Planet-Actus-IA.webp?fit=1024%2C1024&ssl=1\",\"width\":1024,\"height\":1024,\"caption\":\"Stocke, prot\u00e8ge et partage. Kla.TV-Offline, le futur de l\u2019information libre_Planet Actus IA\"},{\"@type\":\"BreadcrumbList\",\"@id\":\"https:\\\/\\\/planetactus.com\\\/index.php\\\/2025\\\/03\\\/19\\\/stocke-protege-et-partage-kla-tv-offline-le-futur-de-linformation-libre-ne-laisse-pas-la-censure-gagner-sauvegarde-kla-tv-et-deviens-un-diffuseur-dinfos\\\/#breadcrumb\",\"itemListElement\":[{\"@type\":\"ListItem\",\"position\":1,\"name\":\"Accueil\",\"item\":\"https:\\\/\\\/planetactus.com\\\/\"},{\"@type\":\"ListItem\",\"position\":2,\"name\":\"Stocke, prot\u00e8ge et partage : Kla.TV-Offline, le futur de l\u2019information libre. Ne laisse pas la Censure Gagner : Sauvegarde Kla.TV et Deviens un Diffuseur d\u2019Infos !\"}]},{\"@type\":\"WebSite\",\"@id\":\"https:\\\/\\\/planetactus.com\\\/#website\",\"url\":\"https:\\\/\\\/planetactus.com\\\/\",\"name\":\"PLANET ACTUS\",\"description\":\"PLANET ACTUS\",\"publisher\":{\"@id\":\"https:\\\/\\\/planetactus.com\\\/#\\\/schema\\\/person\\\/fbb75ac73a2424d2e176d31b021372a4\"},\"potentialAction\":[{\"@type\":\"SearchAction\",\"target\":{\"@type\":\"EntryPoint\",\"urlTemplate\":\"https:\\\/\\\/planetactus.com\\\/?s={search_term_string}\"},\"query-input\":{\"@type\":\"PropertyValueSpecification\",\"valueRequired\":true,\"valueName\":\"search_term_string\"}}],\"inLanguage\":\"fr-FR\"},{\"@type\":[\"Person\",\"Organization\"],\"@id\":\"https:\\\/\\\/planetactus.com\\\/#\\\/schema\\\/person\\\/fbb75ac73a2424d2e176d31b021372a4\",\"name\":\"planetactus.com\",\"image\":{\"@type\":\"ImageObject\",\"inLanguage\":\"fr-FR\",\"@id\":\"https:\\/\\/i0.wp.com\\/planetactus.com\\/wp-content\\/uploads\\/2024\\/07\\/cropped-2-Planet-Actus-Banniere-02a.jpg?fit=1189%2C365&ssl=1\",\"url\":\"https:\\/\\/i0.wp.com\\/planetactus.com\\/wp-content\\/uploads\\/2024\\/07\\/cropped-2-Planet-Actus-Banniere-02a.jpg?fit=1189%2C365&ssl=1\",\"contentUrl\":\"https:\\/\\/i0.wp.com\\/planetactus.com\\/wp-content\\/uploads\\/2024\\/07\\/cropped-2-Planet-Actus-Banniere-02a.jpg?fit=1189%2C365&ssl=1\",\"width\":1189,\"height\":365,\"caption\":\"planetactus.com\"},\"logo\":{\"@id\":\"https:\\/\\/i0.wp.com\\/planetactus.com\\/wp-content\\/uploads\\/2024\\/07\\/cropped-2-Planet-Actus-Banniere-02a.jpg?fit=1189%2C365&ssl=1\"},\"sameAs\":[\"http:\\\/\\\/planetactus.com\",\"https:\\\/\\\/www.facebook.com\\\/profile.php?id=61561620320740\",\"https:\\\/\\\/x.com\\\/https:\\\/\\\/x.com\\\/PlanetActus\",\"https:\\\/\\\/www.youtube.com\\\/@PlanetActus\"],\"url\":\"https:\\\/\\\/planetactus.com\\\/index.php\\\/author\\\/admin9861\\\/\"}]}<\/script>\n<!-- \/ Yoast SEO plugin. -->","yoast_head_json":{"title":"Stocke, prot\u00e8ge et partage : Kla.TV-Offline, le futur de l\u2019information libre. Ne laisse pas la Censure Gagner : Sauvegarde Kla.TV et Deviens un Diffuseur d\u2019Infos ! -","description":"Dans un monde o\u00f9 la censure en ligne se fait de plus en plus oppressante, les m\u00e9dias ind\u00e9pendants doivent redoubler d'ing\u00e9niosit\u00e9 pour assurer la diffusion de l'information libre. Kla.TV, plateforme reconnue pour son engagement en faveur de l'information alternative, propose une solution r\u00e9volutionnaire : Kla.TV-Offline","robots":{"index":"index","follow":"follow","max-snippet":"max-snippet:-1","max-image-preview":"max-image-preview:large","max-video-preview":"max-video-preview:-1"},"canonical":"https:\/\/planetactus.com\/index.php\/2025\/03\/19\/stocke-protege-et-partage-kla-tv-offline-le-futur-de-linformation-libre-ne-laisse-pas-la-censure-gagner-sauvegarde-kla-tv-et-deviens-un-diffuseur-dinfos\/","og_locale":"fr_FR","og_type":"article","og_title":"Stocke, prot\u00e8ge et partage : Kla.TV-Offline, le futur de l\u2019information libre. Ne laisse pas la censure gagner : Sauvegarde Kla.TV et deviens un diffuseur d\u2019infos !","og_description":"Dans un monde o\u00f9 la censure en ligne se fait de plus en plus oppressante, les m\u00e9dias ind\u00e9pendants doivent redoubler d'ing\u00e9niosit\u00e9 pour assurer la diffusion de l'information libre. Kla.TV, plateforme reconnue pour son engagement en faveur de l'information alternative, propose une solution r\u00e9volutionnaire : Kla.TV-Offline","og_url":"https:\/\/planetactus.com\/index.php\/2025\/03\/19\/stocke-protege-et-partage-kla-tv-offline-le-futur-de-linformation-libre-ne-laisse-pas-la-censure-gagner-sauvegarde-kla-tv-et-deviens-un-diffuseur-dinfos\/","article_publisher":"https:\/\/www.facebook.com\/profile.php?id=61561620320740","article_author":"https:\/\/www.facebook.com\/profile.php?id=61561620320740","article_published_time":"2025-03-19T05:31:37+00:00","article_modified_time":"2025-03-22T04:00:50+00:00","og_image":[{"width":1024,"height":1024,"url":"https:\/\/mlrdeoj2ejbf.i.optimole.com\/cb:mvHM.4ca\/w:auto\/h:auto\/q:mauto\/f:best\/http:\/\/planetactus.com\/wp-content\/uploads\/2025\/03\/Stocke-protege-et-partage.-Kla.TV-Offline-le-futur-de-linformation-libre_Planet-Actus-IA.webp","type":"image\/webp"}],"author":"planetactus.com","twitter_card":"summary_large_image","twitter_title":"Stocke, prot\u00e8ge et partage : Kla.TV-Offline, le futur de l\u2019information libre. Ne laisse pas la censure gagner : Sauvegarde Kla.TV et deviens un diffuseur d\u2019infos !","twitter_description":"Dans un monde o\u00f9 la censure en ligne se fait de plus en plus oppressante, les m\u00e9dias ind\u00e9pendants doivent redoubler d'ing\u00e9niosit\u00e9 pour assurer la diffusion de l'information libre. Kla.TV, plateforme reconnue pour son engagement en faveur de l'information alternative, propose une solution r\u00e9volutionnaire : Kla.TV-Offline","twitter_image":"https:\/\/mlrdeoj2ejbf.i.optimole.com\/cb:mvHM.4ca\/w:auto\/h:auto\/q:mauto\/f:best\/https:\/\/i0.wp.com\/planetactus.com\/wp-content\/uploads\/2025\/03\/Stocke-protege-et-partage.-Kla.TV-Offline-le-futur-de-linformation-libre_Planet-Actus-IA.webp?fit=1024%2C1024&ssl=1","twitter_creator":"@https:\/\/x.com\/PlanetActus","twitter_site":"@PlanetActus","twitter_misc":{"\u00c9crit par":"planetactus.com","Dur\u00e9e de lecture estim\u00e9e":"20 minutes"},"schema":{"@context":"https:\/\/schema.org","@graph":[{"@type":"Article","@id":"https:\/\/planetactus.com\/index.php\/2025\/03\/19\/stocke-protege-et-partage-kla-tv-offline-le-futur-de-linformation-libre-ne-laisse-pas-la-censure-gagner-sauvegarde-kla-tv-et-deviens-un-diffuseur-dinfos\/#article","isPartOf":{"@id":"https:\/\/planetactus.com\/index.php\/2025\/03\/19\/stocke-protege-et-partage-kla-tv-offline-le-futur-de-linformation-libre-ne-laisse-pas-la-censure-gagner-sauvegarde-kla-tv-et-deviens-un-diffuseur-dinfos\/"},"author":{"name":"planetactus.com","@id":"https:\/\/planetactus.com\/#\/schema\/person\/fbb75ac73a2424d2e176d31b021372a4"},"headline":"Stocke, prot\u00e8ge et partage : Kla.TV-Offline, le futur de l\u2019information libre. Ne laisse pas la Censure Gagner : Sauvegarde Kla.TV et Deviens un Diffuseur d\u2019Infos !","datePublished":"2025-03-19T05:31:37+00:00","dateModified":"2025-03-22T04:00:50+00:00","mainEntityOfPage":{"@id":"https:\/\/planetactus.com\/index.php\/2025\/03\/19\/stocke-protege-et-partage-kla-tv-offline-le-futur-de-linformation-libre-ne-laisse-pas-la-censure-gagner-sauvegarde-kla-tv-et-deviens-un-diffuseur-dinfos\/"},"wordCount":3978,"commentCount":0,"publisher":{"@id":"https:\/\/planetactus.com\/#\/schema\/person\/fbb75ac73a2424d2e176d31b021372a4"},"image":{"@id":"https:\/\/planetactus.com\/index.php\/2025\/03\/19\/stocke-protege-et-partage-kla-tv-offline-le-futur-de-linformation-libre-ne-laisse-pas-la-censure-gagner-sauvegarde-kla-tv-et-deviens-un-diffuseur-dinfos\/#primaryimage"},"thumbnailUrl":"https:\/\/mlrdeoj2ejbf.i.optimole.com\/cb:mvHM.4ca\/w:auto\/h:auto\/q:mauto\/f:best\/https:\/\/i0.wp.com\/planetactus.com\/wp-content\/uploads\/2025\/03\/Stocke-protege-et-partage.-Kla.TV-Offline-le-futur-de-linformation-libre_Planet-Actus-IA.webp?fit=1024%2C1024&ssl=1","articleSection":["A la Une","Autonomie","Certifiez, S\u00e9curisez, Partagez","Lanceurs d'Alertes","Le futur de l\u2019information libre","Survivalisme"],"inLanguage":"fr-FR","potentialAction":[{"@type":"CommentAction","name":"Comment","target":["https:\/\/planetactus.com\/index.php\/2025\/03\/19\/stocke-protege-et-partage-kla-tv-offline-le-futur-de-linformation-libre-ne-laisse-pas-la-censure-gagner-sauvegarde-kla-tv-et-deviens-un-diffuseur-dinfos\/#respond"]}]},{"@type":"WebPage","@id":"https:\/\/planetactus.com\/index.php\/2025\/03\/19\/stocke-protege-et-partage-kla-tv-offline-le-futur-de-linformation-libre-ne-laisse-pas-la-censure-gagner-sauvegarde-kla-tv-et-deviens-un-diffuseur-dinfos\/","url":"https:\/\/planetactus.com\/index.php\/2025\/03\/19\/stocke-protege-et-partage-kla-tv-offline-le-futur-de-linformation-libre-ne-laisse-pas-la-censure-gagner-sauvegarde-kla-tv-et-deviens-un-diffuseur-dinfos\/","name":"Stocke, prot\u00e8ge et partage : Kla.TV-Offline, le futur de l\u2019information libre. Ne laisse pas la Censure Gagner : Sauvegarde Kla.TV et Deviens un Diffuseur d\u2019Infos ! -","isPartOf":{"@id":"https:\/\/planetactus.com\/#website"},"primaryImageOfPage":{"@id":"https:\/\/planetactus.com\/index.php\/2025\/03\/19\/stocke-protege-et-partage-kla-tv-offline-le-futur-de-linformation-libre-ne-laisse-pas-la-censure-gagner-sauvegarde-kla-tv-et-deviens-un-diffuseur-dinfos\/#primaryimage"},"image":{"@id":"https:\/\/planetactus.com\/index.php\/2025\/03\/19\/stocke-protege-et-partage-kla-tv-offline-le-futur-de-linformation-libre-ne-laisse-pas-la-censure-gagner-sauvegarde-kla-tv-et-deviens-un-diffuseur-dinfos\/#primaryimage"},"thumbnailUrl":"https:\/\/mlrdeoj2ejbf.i.optimole.com\/cb:mvHM.4ca\/w:auto\/h:auto\/q:mauto\/f:best\/https:\/\/i0.wp.com\/planetactus.com\/wp-content\/uploads\/2025\/03\/Stocke-protege-et-partage.-Kla.TV-Offline-le-futur-de-linformation-libre_Planet-Actus-IA.webp?fit=1024%2C1024&ssl=1","datePublished":"2025-03-19T05:31:37+00:00","dateModified":"2025-03-22T04:00:50+00:00","description":"Dans un monde o\u00f9 la censure en ligne se fait de plus en plus oppressante, les m\u00e9dias ind\u00e9pendants doivent redoubler d'ing\u00e9niosit\u00e9 pour assurer la diffusion de l'information libre. Kla.TV, plateforme reconnue pour son engagement en faveur de l'information alternative, propose une solution r\u00e9volutionnaire : Kla.TV-Offline","breadcrumb":{"@id":"https:\/\/planetactus.com\/index.php\/2025\/03\/19\/stocke-protege-et-partage-kla-tv-offline-le-futur-de-linformation-libre-ne-laisse-pas-la-censure-gagner-sauvegarde-kla-tv-et-deviens-un-diffuseur-dinfos\/#breadcrumb"},"inLanguage":"fr-FR","potentialAction":[{"@type":"ReadAction","target":["https:\/\/planetactus.com\/index.php\/2025\/03\/19\/stocke-protege-et-partage-kla-tv-offline-le-futur-de-linformation-libre-ne-laisse-pas-la-censure-gagner-sauvegarde-kla-tv-et-deviens-un-diffuseur-dinfos\/"]}]},{"@type":"ImageObject","inLanguage":"fr-FR","@id":"https:\/\/planetactus.com\/index.php\/2025\/03\/19\/stocke-protege-et-partage-kla-tv-offline-le-futur-de-linformation-libre-ne-laisse-pas-la-censure-gagner-sauvegarde-kla-tv-et-deviens-un-diffuseur-dinfos\/#primaryimage","url":"https:\/\/mlrdeoj2ejbf.i.optimole.com\/cb:mvHM.4ca\/w:auto\/h:auto\/q:mauto\/f:best\/https:\/\/i0.wp.com\/planetactus.com\/wp-content\/uploads\/2025\/03\/Stocke-protege-et-partage.-Kla.TV-Offline-le-futur-de-linformation-libre_Planet-Actus-IA.webp?fit=1024%2C1024&ssl=1","contentUrl":"https:\/\/mlrdeoj2ejbf.i.optimole.com\/cb:mvHM.4ca\/w:auto\/h:auto\/q:mauto\/f:best\/https:\/\/i0.wp.com\/planetactus.com\/wp-content\/uploads\/2025\/03\/Stocke-protege-et-partage.-Kla.TV-Offline-le-futur-de-linformation-libre_Planet-Actus-IA.webp?fit=1024%2C1024&ssl=1","width":1024,"height":1024,"caption":"Stocke, prot\u00e8ge et partage. Kla.TV-Offline, le futur de l\u2019information libre_Planet Actus IA"},{"@type":"BreadcrumbList","@id":"https:\/\/planetactus.com\/index.php\/2025\/03\/19\/stocke-protege-et-partage-kla-tv-offline-le-futur-de-linformation-libre-ne-laisse-pas-la-censure-gagner-sauvegarde-kla-tv-et-deviens-un-diffuseur-dinfos\/#breadcrumb","itemListElement":[{"@type":"ListItem","position":1,"name":"Accueil","item":"https:\/\/planetactus.com\/"},{"@type":"ListItem","position":2,"name":"Stocke, prot\u00e8ge et partage : Kla.TV-Offline, le futur de l\u2019information libre. Ne laisse pas la Censure Gagner : Sauvegarde Kla.TV et Deviens un Diffuseur d\u2019Infos !"}]},{"@type":"WebSite","@id":"https:\/\/planetactus.com\/#website","url":"https:\/\/planetactus.com\/","name":"PLANET ACTUS","description":"PLANET ACTUS","publisher":{"@id":"https:\/\/planetactus.com\/#\/schema\/person\/fbb75ac73a2424d2e176d31b021372a4"},"potentialAction":[{"@type":"SearchAction","target":{"@type":"EntryPoint","urlTemplate":"https:\/\/planetactus.com\/?s={search_term_string}"},"query-input":{"@type":"PropertyValueSpecification","valueRequired":true,"valueName":"search_term_string"}}],"inLanguage":"fr-FR"},{"@type":["Person","Organization"],"@id":"https:\/\/planetactus.com\/#\/schema\/person\/fbb75ac73a2424d2e176d31b021372a4","name":"planetactus.com","image":{"@type":"ImageObject","inLanguage":"fr-FR","@id":"https:\/\/mlrdeoj2ejbf.i.optimole.com\/cb:mvHM.4ca\/w:auto\/h:auto\/q:mauto\/f:best\/https:\/\/i0.wp.com\/planetactus.com\/wp-content\/uploads\/2024\/07\/cropped-2-Planet-Actus-Banniere-02a.jpg?fit=1189%2C365&ssl=1","url":"https:\/\/mlrdeoj2ejbf.i.optimole.com\/cb:mvHM.4ca\/w:auto\/h:auto\/q:mauto\/f:best\/https:\/\/i0.wp.com\/planetactus.com\/wp-content\/uploads\/2024\/07\/cropped-2-Planet-Actus-Banniere-02a.jpg?fit=1189%2C365&ssl=1","contentUrl":"https:\/\/mlrdeoj2ejbf.i.optimole.com\/cb:mvHM.4ca\/w:auto\/h:auto\/q:mauto\/f:best\/https:\/\/i0.wp.com\/planetactus.com\/wp-content\/uploads\/2024\/07\/cropped-2-Planet-Actus-Banniere-02a.jpg?fit=1189%2C365&ssl=1","width":1189,"height":365,"caption":"planetactus.com"},"logo":{"@id":"https:\/\/mlrdeoj2ejbf.i.optimole.com\/cb:mvHM.4ca\/w:auto\/h:auto\/q:mauto\/f:best\/https:\/\/i0.wp.com\/planetactus.com\/wp-content\/uploads\/2024\/07\/cropped-2-Planet-Actus-Banniere-02a.jpg?fit=1189%2C365&ssl=1"},"sameAs":["http:\/\/planetactus.com","https:\/\/www.facebook.com\/profile.php?id=61561620320740","https:\/\/x.com\/https:\/\/x.com\/PlanetActus","https:\/\/www.youtube.com\/@PlanetActus"],"url":"https:\/\/planetactus.com\/index.php\/author\/admin9861\/"}]}},"jetpack_publicize_connections":[],"jetpack_featured_media_url":"https:\/\/mlrdeoj2ejbf.i.optimole.com\/cb:mvHM.4ca\/w:auto\/h:auto\/q:mauto\/f:best\/https:\/\/i0.wp.com\/planetactus.com\/wp-content\/uploads\/2025\/03\/Stocke-protege-et-partage.-Kla.TV-Offline-le-futur-de-linformation-libre_Planet-Actus-IA.webp?fit=1024%2C1024&ssl=1","jetpack_sharing_enabled":true,"_links":{"self":[{"href":"https:\/\/planetactus.com\/index.php\/wp-json\/wp\/v2\/posts\/3914","targetHints":{"allow":["GET"]}}],"collection":[{"href":"https:\/\/planetactus.com\/index.php\/wp-json\/wp\/v2\/posts"}],"about":[{"href":"https:\/\/planetactus.com\/index.php\/wp-json\/wp\/v2\/types\/post"}],"author":[{"embeddable":true,"href":"https:\/\/planetactus.com\/index.php\/wp-json\/wp\/v2\/users\/1"}],"replies":[{"embeddable":true,"href":"https:\/\/planetactus.com\/index.php\/wp-json\/wp\/v2\/comments?post=3914"}],"version-history":[{"count":35,"href":"https:\/\/planetactus.com\/index.php\/wp-json\/wp\/v2\/posts\/3914\/revisions"}],"predecessor-version":[{"id":3983,"href":"https:\/\/planetactus.com\/index.php\/wp-json\/wp\/v2\/posts\/3914\/revisions\/3983"}],"wp:featuredmedia":[{"embeddable":true,"href":"https:\/\/planetactus.com\/index.php\/wp-json\/wp\/v2\/media\/3925"}],"wp:attachment":[{"href":"https:\/\/planetactus.com\/index.php\/wp-json\/wp\/v2\/media?parent=3914"}],"wp:term":[{"taxonomy":"category","embeddable":true,"href":"https:\/\/planetactus.com\/index.php\/wp-json\/wp\/v2\/categories?post=3914"},{"taxonomy":"post_tag","embeddable":true,"href":"https:\/\/planetactus.com\/index.php\/wp-json\/wp\/v2\/tags?post=3914"}],"curies":[{"name":"wp","href":"https:\/\/api.w.org\/{rel}","templated":true}]}}