{"id":4053,"date":"2025-03-30T04:28:47","date_gmt":"2025-03-30T03:28:47","guid":{"rendered":"https:\/\/planetactus.com\/?p=4053"},"modified":"2025-03-31T03:48:30","modified_gmt":"2025-03-31T01:48:30","slug":"la-face-cachee-des-jesuites-infiltrations-manipulations-et-domination-mondiale-ce-que-lhistoire-officielle-ne-vous-dira-jamais","status":"publish","type":"post","link":"https:\/\/planetactus.com\/index.php\/2025\/03\/30\/la-face-cachee-des-jesuites-infiltrations-manipulations-et-domination-mondiale-ce-que-lhistoire-officielle-ne-vous-dira-jamais\/","title":{"rendered":"La Face Cach\u00e9e des J\u00e9suites : Infiltrations, Manipulations et Domination Mondiale. Ce que l\u2019Histoire Officielle ne Vous Dira Jamais."},"content":{"rendered":"\n<figure class=\"wp-block-embed aligncenter is-type-video is-provider-youtube wp-block-embed-youtube wp-embed-aspect-16-9 wp-has-aspect-ratio\"><div class=\"wp-block-embed__wrapper\">\n<iframe  id=\"_ytid_92014\"  width=\"640\" height=\"360\"  data-origwidth=\"640\" data-origheight=\"360\" src=\"https:\/\/www.youtube.com\/embed\/gNoeNSbsSvc?enablejsapi=1&#038;autoplay=0&#038;cc_load_policy=0&#038;cc_lang_pref=&#038;iv_load_policy=1&#038;loop=0&#038;rel=1&#038;fs=1&#038;playsinline=0&#038;autohide=2&#038;theme=dark&#038;color=red&#038;controls=1&#038;disablekb=0&#038;\" class=\"__youtube_prefs__  epyt-is-override  no-lazyload\" title=\"YouTube player\"  allow=\"fullscreen; accelerometer; autoplay; clipboard-write; encrypted-media; gyroscope; picture-in-picture; web-share\" referrerpolicy=\"strict-origin-when-cross-origin\" allowfullscreen data-no-lazy=\"1\" data-skipgform_ajax_framebjll=\"\"><\/iframe>\n<\/div><figcaption class=\"wp-element-caption\"><strong>Qui contr\u00f4le r\u00e9ellement TOUTES les soci\u00e9t\u00e9s secr\u00e8tes ? | Illuminati, Francs-ma\u00e7ons, J\u00e9suites, Skull &amp; Bones <\/strong>: Voici notre dernier \u00e9pisode avec le Dr. Walter Veith de @ClashOfMinds1 dans lequel il discute de diverses soci\u00e9t\u00e9s secr\u00e8tes et de qui est vraiment \u00e0 la t\u00eate de tout cela. Il vous montre comment tout cela est li\u00e9 aux proph\u00e9ties bibliques, \u00e0 la fin des temps et \u00e0 la marque de la b\u00eate \/ <a href=\"https:\/\/www.youtube.com\/watch?v=gNoeNSbsSvc\">Little Light Studios<\/a> \ud83d\udd17<\/figcaption><\/figure>\n\n\n\n<p><em>\u00ab&nbsp;<strong>Voici une information qui n\u2019a pas encore \u00e9t\u00e9 r\u00e9v\u00e9l\u00e9e de mani\u00e8re explicite. Quelques chercheurs sur le th\u00e8me des Illuminati ont mentionn\u00e9 ce groupe &#8211; dont chacun conna\u00eet le nom depuis toujours &#8211; mais ils ont contourn\u00e9 l\u2019obstacle.<\/strong><\/em><\/p>\n\n\n\n<p><em><span style=\"text-decoration: underline;\">D\u00e9sinformation<\/span> ? <\/em><strong><em>\u00c0 croire que tout le monde parle des Illuminati sans rien en savoir<\/em>.<\/strong><\/p>\n\n\n\n<p><em>En clair, ce groupe qui <strong>manipule la politique mondiale depuis quatre si\u00e8cles<\/strong> a pour nom <mark style=\"background-color:rgba(0, 0, 0, 0)\" class=\"has-inline-color has-vivid-red-color\">COMPAGNIE DE J\u00c9SUS<\/mark>. <strong>C\u2019est, en r\u00e9alit\u00e9, une soci\u00e9t\u00e9 secr\u00e8te dissimul\u00e9e sous l\u2019apparence d\u2019une congr\u00e9gation de pr\u00eatres.<\/strong><\/em><\/p>\n\n\n\n<p><em><strong>La Compagnie de J\u00e9sus est la soci\u00e9t\u00e9 secr\u00e8te la plus structur\u00e9e et sans doute la plus active sur la terre. <\/strong>C\u2019est, en tout cas, le seul groupe qui ait r\u00e9ellement des pouvoirs occultes concentr\u00e9s et efficaces. Cela est ignor\u00e9 par la plupart des gens qui croient que les J\u00e9suites sont un ordre eccl\u00e9siastique d\u00e9di\u00e9 \u00e0 l\u2019\u00e9ducation de la jeunesse issue de la bourgeoisie.<\/em><\/p>\n\n\n\n<p><em>Et il est vrai que nos \u00e9lites occidentales sont pass\u00e9es par ce moule, mais \u00eatre un \u00e9l\u00e8ve des J\u00e9suites ne fait pas de vous un J\u00e9suite. Cela vous marque tout au plus, comme une trace psychique. <mark style=\"background-color:rgba(0, 0, 0, 0)\" class=\"has-inline-color has-vivid-red-color\">Les J\u00e9suites initi\u00e9s, c\u2019est tout autre chose<\/mark>. <strong>Nous ne parlons pas du p\u00e8re j\u00e9suite de base<\/strong>, assez sympathique au demeurant, que vous avez pu croiser dans un <strong>coll\u00e8ge<\/strong>, une <strong>organisation sociale <\/strong>ou un <strong>centre \u00e9ducatif.<\/strong> &nbsp;&nbsp;<\/em><\/p>\n\n\n\n<p><em><strong>Non, nous parlons des initi\u00e9s, les Prof\u00e8s du grade du 4\u00e8me V\u0153u. C\u2019est parmi eux que sont recrut\u00e9s le gratin de la cour lucif\u00e9rienne, <\/strong><mark style=\"background-color:rgba(0, 0, 0, 0)\" class=\"has-inline-color has-vivid-red-color\">les v\u00e9ritables Illuminati<\/mark>&#8230;\u00bb. Jo\u00ebl Labruy\u00e8re<\/em><\/p>\n\n\n\n<div data-wp-interactive=\"core\/file\" class=\"wp-block-file aligncenter\"><object data-wp-bind--hidden=\"!state.hasPdfPreview\" hidden class=\"wp-block-file__embed\" data=\"https:\/\/planetactus.com\/wp-content\/uploads\/2025\/03\/toaz.info-crom-la-piste-jesuite-jol-labruyerepdf-pr_a50e2dd8cd96ed5ee347a2ad7ffae772.pdf\" type=\"application\/pdf\" style=\"width:100%;height:600px\" aria-label=\"Contenu embarqu\u00e9 toaz.info-crom-la-piste-jesuite-jol-labruyerepdf-pr_a50e2dd8cd96ed5ee347a2ad7ffae772.\"><\/object><a id=\"wp-block-file--media-0e2430bc-093a-427a-84da-36a15fe46a67\" href=\"https:\/\/planetactus.com\/wp-content\/uploads\/2025\/03\/toaz.info-crom-la-piste-jesuite-jol-labruyerepdf-pr_a50e2dd8cd96ed5ee347a2ad7ffae772.pdf\">toaz.info-crom-la-piste-jesuite-jol-labruyerepdf-pr_a50e2dd8cd96ed5ee347a2ad7ffae772<\/a><a href=\"https:\/\/planetactus.com\/wp-content\/uploads\/2025\/03\/toaz.info-crom-la-piste-jesuite-jol-labruyerepdf-pr_a50e2dd8cd96ed5ee347a2ad7ffae772.pdf\" class=\"wp-block-file__button wp-element-button\" download aria-describedby=\"wp-block-file--media-0e2430bc-093a-427a-84da-36a15fe46a67\">T\u00e9l\u00e9charger<\/a><\/div>\n\n\n\n<p><strong><a href=\"https:\/\/fr.scribd.com\/doc\/212721069\/C-R-O-M-La-Piste-Jesuite-Joel-Labruyere-pdf\"><mark style=\"background-color:rgba(0, 0, 0, 0)\" class=\"has-inline-color has-vivid-red-color\">C.R.O.M. \u2013 La Piste J\u00e9suite : Une Conspiration Mondiale D\u00e9voil\u00e9e<\/mark><\/a> <mark style=\"background-color:rgba(0, 0, 0, 0)\" class=\"has-inline-color has-vivid-red-color\">?<\/mark><\/strong> \ud83d\udd17[Scribd]<\/p>\n\n\n\n<p>Depuis des si\u00e8cles, <mark style=\"background-color:rgba(0, 0, 0, 0)\" class=\"has-inline-color has-vivid-red-color\">l\u2019ombre des J\u00e9suites plane sur l\u2019histoire du monde<\/mark>. Organisation religieuse ou soci\u00e9t\u00e9 secr\u00e8te aux ambitions inavouables ? Dans son ouvrage <strong>C.R.O.M. \u2013 La Piste J\u00e9suite<\/strong>, Jo\u00ebl Labruy\u00e8re l\u00e8ve le voile sur ce qu\u2019il consid\u00e8re comme <strong>l\u2019une des forces occultes les plus puissantes de notre \u00e9poque.<\/strong><\/p>\n\n\n<div class=\"wp-block-image\">\n<figure class=\"aligncenter size-large\"><img data-opt-id=829349883  fetchpriority=\"high\" data-recalc-dims=\"1\" decoding=\"async\" width=\"640\" height=\"462\" src=\"https:\/\/mlrdeoj2ejbf.i.optimole.com\/cb:mvHM.4ca\/w:1024\/h:739\/q:mauto\/f:best\/https:\/\/i0.wp.com\/planetactus.com\/wp-content\/uploads\/2025\/03\/poignard-jesuites.jpg?resize=640%2C462&#038;ssl=1\" alt=\"\" class=\"wp-image-4054\" srcset=\"https:\/\/mlrdeoj2ejbf.i.optimole.com\/cb:mvHM.4ca\/w:1024\/h:4000\/q:mauto\/f:best\/https:\/\/planetactus.com\/wp-content\/uploads\/2025\/03\/poignard-jesuites.jpg 1024w, https:\/\/mlrdeoj2ejbf.i.optimole.com\/cb:mvHM.4ca\/w:300\/h:4000\/q:mauto\/f:best\/https:\/\/planetactus.com\/wp-content\/uploads\/2025\/03\/poignard-jesuites.jpg 300w, https:\/\/mlrdeoj2ejbf.i.optimole.com\/cb:mvHM.4ca\/w:768\/h:4000\/q:mauto\/f:best\/https:\/\/planetactus.com\/wp-content\/uploads\/2025\/03\/poignard-jesuites.jpg 768w, https:\/\/mlrdeoj2ejbf.i.optimole.com\/cb:mvHM.4ca\/w:1527\/h:1102\/q:mauto\/f:best\/https:\/\/planetactus.com\/wp-content\/uploads\/2025\/03\/poignard-jesuites.jpg 1527w, https:\/\/mlrdeoj2ejbf.i.optimole.com\/cb:mvHM.4ca\/w:1280\/h:4000\/q:mauto\/f:best\/https:\/\/planetactus.com\/wp-content\/uploads\/2025\/03\/poignard-jesuites.jpg 1280w\" sizes=\"(max-width: 640px) 100vw, 640px\" \/><figcaption class=\"wp-element-caption\">Illustration image \/ Le poignard des j\u00e9suites retrouv\u00e9 dans les t\u00e9n\u00e8bres \/ <a href=\"https:\/\/histoire-image.org\/etudes\/jesuites-francs-macons\">Histoire Image<\/a> \ud83d\udd17<\/figcaption><\/figure>\n<\/div>\n\n\n<p><strong><mark style=\"background-color:rgba(0, 0, 0, 0)\" class=\"has-inline-color has-vivid-red-color\">Les J\u00e9suites : Ma\u00eetres du Nouvel Ordre Mondial ?<\/mark><\/strong><\/p>\n\n\n\n<figure class=\"wp-block-embed aligncenter is-type-video is-provider-youtube wp-block-embed-youtube wp-embed-aspect-16-9 wp-has-aspect-ratio\"><div class=\"wp-block-embed__wrapper\">\n<iframe  id=\"_ytid_84711\"  width=\"640\" height=\"360\"  data-origwidth=\"640\" data-origheight=\"360\" src=\"https:\/\/www.youtube.com\/embed\/1tnEUWnmV6M?enablejsapi=1&#038;autoplay=0&#038;cc_load_policy=0&#038;cc_lang_pref=&#038;iv_load_policy=1&#038;loop=0&#038;rel=1&#038;fs=1&#038;playsinline=0&#038;autohide=2&#038;theme=dark&#038;color=red&#038;controls=1&#038;disablekb=0&#038;\" class=\"__youtube_prefs__  epyt-is-override  no-lazyload\" title=\"YouTube player\"  allow=\"fullscreen; accelerometer; autoplay; clipboard-write; encrypted-media; gyroscope; picture-in-picture; web-share\" referrerpolicy=\"strict-origin-when-cross-origin\" allowfullscreen data-no-lazy=\"1\" data-skipgform_ajax_framebjll=\"\"><\/iframe>\n<\/div><figcaption class=\"wp-element-caption\"><strong>The Jesuits and Global Impact-The Jesuits, Globalization, and Our Historical Juncture <\/strong>: 24 mai 2019 | Depuis plus de 450 ans, la Compagnie de J\u00e9sus incarne une mission mondiale. De saint Fran\u00e7ois Xavier au pape Fran\u00e7ois, les j\u00e9suites ont voyag\u00e9 jusqu&rsquo;aux extr\u00e9mit\u00e9s de la terre, cherchant \u00e0 r\u00e9pandre l&rsquo;\u00c9vangile et \u00e0 faire progresser le dialogue interculturel et interreligieux au service de l&rsquo;humanit\u00e9 mondiale&#8230; \/ <a href=\"https:\/\/www.youtube.com\/watch?v=1tnEUWnmV6M\">Global Georgetown<\/a> \ud83d\udd17<\/figcaption><\/figure>\n\n\n\n<p>D\u2019apr\u00e8s Labruy\u00e8re, <a href=\"https:\/\/www.google.com\/search?client=firefox-b-d&amp;q=la+Compagnie+de+J%C3%A9sus\">la Compagnie de J\u00e9sus<\/a> \ud83d\udd17, fond\u00e9e en 1534 par <a href=\"https:\/\/www.google.com\/search?client=firefox-b-d&amp;q=Ignace+de+Loyola\">Ignace de Loyola<\/a> \ud83d\udd17, ne se limiterait pas \u00e0 un <strong>ordre religieux missionnaire.<\/strong> Elle serait en r\u00e9alit\u00e9 un <strong>r\u00e9seau clandestin<\/strong>, structur\u00e9 \u00e0 l\u2019image d\u2019<mark style=\"background-color:rgba(0, 0, 0, 0)\" class=\"has-inline-color has-vivid-red-color\">un \u00c9tat profond, exer\u00e7ant une influence consid\u00e9rable sur la politique, l\u2019\u00e9conomie et les courants spirituels.<\/mark><\/p>\n\n\n\n<p><strong>Ce pouvoir s\u2019exercerait \u00e0 travers des infiltrations strat\u00e9giques dans les institutions cl\u00e9s<\/strong> :<\/p>\n\n\n\n<p><strong>\u2022 Les gouvernements<\/strong>, o\u00f9 leurs membres agiraient dans <strong>l\u2019ombre des \u00e9lites<\/strong>.<\/p>\n\n\n\n<p><strong>\u2022 Les milieux financiers<\/strong>, o\u00f9 ils <strong>manipuleraient <\/strong>les <strong>banques <\/strong>et les <strong>march\u00e9s<\/strong>.<\/p>\n\n\n\n<p><strong>\u2022 Les m\u00e9dias<\/strong>, utilis\u00e9s comme un <strong>outil de contr\u00f4le de l&rsquo;opinion publique.<\/strong><\/p>\n\n\n\n<p><strong><mark style=\"background-color:rgba(0, 0, 0, 0)\" class=\"has-inline-color has-vivid-red-color\">Un R\u00f4le Cach\u00e9 dans l\u2019Histoire ?<\/mark><\/strong><\/p>\n\n\n\n<p>Selon l\u2019auteur, de nombreux \u00e9v\u00e9nements historiques auraient \u00e9t\u00e9 influenc\u00e9s, voire <strong>orchestr\u00e9s<\/strong>, par les J\u00e9suites. <strong>Parmi les accusations les plus explosives<\/strong> :<\/p>\n\n\n\n<p>\u2022 Leur <strong>implication dans les r\u00e9volutions<\/strong> et les guerres afin de <strong>remodeler l\u2019ordre mondial.<\/strong><\/p>\n\n\n\n<p>\u2022 Leur infiltration des <strong>mouvements \u00e9sot\u00e9riques et occultes<\/strong>, dans le but de <strong>canaliser la pens\u00e9e spirituelle des peuples.<\/strong><\/p>\n\n\n\n<p>\u2022 <strong>Leur mainmise <\/strong><mark style=\"background-color:rgba(0, 0, 0, 0)\" class=\"has-inline-color has-vivid-red-color\">sur les grandes institutions religieuses<\/mark>, <strong>y compris le Vatican lui-m\u00eame<\/strong>, o\u00f9 le Pape ne serait qu\u2019une <strong>marionnette <\/strong>entre leurs <strong>mains<\/strong>.<\/p>\n\n\n\n<p><strong><mark style=\"background-color:rgba(0, 0, 0, 0)\" class=\"has-inline-color has-vivid-red-color\">Une Influence sur les Soci\u00e9t\u00e9s Secr\u00e8tes ?<\/mark><\/strong><\/p>\n\n\n\n<p>Labruy\u00e8re \u00e9tablit des liens troublants entre les J\u00e9suites et d\u2019autres soci\u00e9t\u00e9s secr\u00e8tes. Selon lui, la <strong>franc-ma\u00e7onnerie<\/strong>, les <strong>Illuminati <\/strong>et m\u00eame certaines <strong>loges rosicruciennes<\/strong> seraient en r\u00e9alit\u00e9 <strong>des ramifications d\u2019un m\u00eame pouvoir centralis\u00e9<\/strong>.<\/p>\n\n\n\n<p>Il cite \u00e9galement l\u2019existence d\u2019une <strong>hi\u00e9rarchie cach\u00e9e<\/strong>, o\u00f9 le v\u00e9ritable dirigeant de l\u2019Ordre ne serait pas le <strong>g\u00e9n\u00e9ral <\/strong>des J\u00e9suites, mais un <strong>myst\u00e9rieux personnage<\/strong> <strong>surnomm\u00e9 <\/strong>le <strong>\u00ab\u00a0<a href=\"https:\/\/www.google.com\/search?client=firefox-b-d&amp;q=pape+noir+vatican\">Pape Noir<\/a>\u00ab\u00a0<\/strong>\ud83d\udd17, <mark style=\"background-color:rgba(0, 0, 0, 0)\" class=\"has-inline-color has-vivid-red-color\">exer\u00e7ant un pouvoir sup\u00e9rieur \u00e0 celui du Pape officiel<\/mark>.<\/p>\n\n\n\n<p><strong><mark style=\"background-color:rgba(0, 0, 0, 0)\" class=\"has-inline-color has-vivid-red-color\">La Piste J\u00e9suite : \u00c0 l\u2019Origine du Pouvoir Cach\u00e9<\/mark><\/strong><\/p>\n\n\n\n<p>L\u2019histoire secr\u00e8te des J\u00e9suites est une <strong>toile complexe d\u2019infiltrations, de manipulations et de domination mondiale<\/strong>. Si l\u2019on en croit Jo\u00ebl Labruy\u00e8re, leur influence s\u2019\u00e9tend bien <mark style=\"background-color:rgba(0, 0, 0, 0)\" class=\"has-inline-color has-vivid-red-color\">au-del\u00e0<\/mark> du domaine religieux, jusqu\u2019\u00e0 la franc-ma\u00e7onnerie, les monarchies et <strong>m\u00eame les d\u00e9cisions sanitaires contemporaines<\/strong>.<\/p>\n\n\n\n<p><strong><mark style=\"background-color:rgba(0, 0, 0, 0)\" class=\"has-inline-color has-vivid-red-color\">La Franc-Ma\u00e7onnerie : Une Infiltration Strat\u00e9gique<\/mark><\/strong><\/p>\n\n\n\n<p>D\u00e8s le XVIIIe si\u00e8cle, la Compagnie de J\u00e9sus aurait compris que pour <strong>conserver son pouvoir<\/strong>, il lui fallait <strong>contr\u00f4ler les soci\u00e9t\u00e9s secr\u00e8tes<\/strong> \u00e9mergentes. La franc-ma\u00e7onnerie, <strong>initialement un espace de pens\u00e9e libre<\/strong>, devint une <strong>cible id\u00e9ale<\/strong>.<\/p>\n\n\n\n<p><strong>\u2022 D\u00e8s la bulle papale de 1738 (In Eminenti), les J\u00e9suites interdisent la franc-ma\u00e7onnerie, une ruse classique pour mieux l\u2019infiltrer.<\/strong> Pendant que Rome excommunie les francs-ma\u00e7ons, l\u2019Ordre envoie <strong>ses agents s\u2019y infiltrer<\/strong>, <strong>cr\u00e9ant leurs propres loges secr\u00e8tes<\/strong>, telles que la Stricte <strong>Observance Templi\u00e8re<\/strong>.<\/p>\n\n\n\n<p><strong>\u2022 Ils introduisent des rituels \u00e9sot\u00e9riques teint\u00e9s de leur influence<\/strong>, poussant la franc-ma\u00e7onnerie vers une id\u00e9ologie moins lib\u00e9rale et <mark style=\"background-color:rgba(0, 0, 0, 0)\" class=\"has-inline-color has-vivid-red-color\">plus align\u00e9e avec leur vision mondialiste<\/mark>.<\/p>\n\n\n\n<p><strong>\u2022 Au XIXe si\u00e8cle, ils placent leurs pions parmi les hauts grades ma\u00e7onniques<\/strong>, <strong>pervertissant les loges \u00e9cossaises et templi\u00e8res<\/strong> pour les aligner sur leurs propres desseins.<\/p>\n\n\n\n<p>Aujourd\u2019hui, certaines ob\u00e9diences ma\u00e7onniques sont <strong>totalement sous leur coupe<\/strong>, servant \u00e0 infiltrer les sph\u00e8res politiques, \u00e9conomiques et scientifiques. <strong>Les loges ne sont plus un lieu de r\u00e9volte contre l\u2019\u00c9glise, mais un outil du pouvoir j\u00e9suite.<\/strong><\/p>\n\n\n\n<p><strong><mark style=\"background-color:rgba(0, 0, 0, 0)\" class=\"has-inline-color has-vivid-red-color\">Une Expansion Mondiale : Les J\u00e9suites, Ma\u00eetres de la Dissimulation<\/mark><\/strong><\/p>\n\n\n\n<p>D\u00e8s leur fondation en 1534 par <strong>Ignace de Loyola<\/strong>, l\u2019ordre se r\u00e9pand <strong>comme un virus<\/strong>. Contrairement aux autres missionnaires, <strong>les J\u00e9suites ne s\u2019imposent pas : ils s\u2019infiltrent, s\u2019adaptent et finissent par diriger.<\/strong><\/p>\n\n\n\n<p><strong>\u2022 En Inde<\/strong>, ils se m\u00ealent aux <strong>Brahmanes <\/strong>et influencent les castes sup\u00e9rieures.<\/p>\n\n\n\n<p><strong>\u2022 Au Japon<\/strong>, ils se <strong>d\u00e9guisent en moines bouddhistes<\/strong> pour gagner la confiance du Shogunat.<\/p>\n\n\n\n<p><strong>\u2022 En Chine<\/strong>, ils adoptent les coutumes locales, devenant <strong>astronomes<\/strong>, <strong>conseillers imp\u00e9riaux<\/strong> et <strong>traducteurs officiels de la cour.<\/strong><\/p>\n\n\n\n<p>Mao Ts\u00e9-Toung lui-m\u00eame reconna\u00eetra <strong>avoir emprunt\u00e9 la strat\u00e9gie d\u2019infiltration des J\u00e9suites<\/strong>, d\u00e9clarant que <strong>ses r\u00e9volutionnaires devaient \u00ab\u00a0se fondre dans la foule comme des poissons dans l\u2019eau\u00a0\u00bb<\/strong>, une phrase directement inspir\u00e9e des techniques j\u00e9suites du XVIe si\u00e8cle. <strong>Ironie du sort : le communisme chinois ne serait-il pas, lui aussi, une \u0153uvre de l\u2019ombre j\u00e9suite ?<\/strong><\/p>\n\n\n\n<p><strong><mark style=\"background-color:rgba(0, 0, 0, 0)\" class=\"has-inline-color has-vivid-red-color\">Les J\u00e9suites et les Rois de France : Manipulation et D\u00e9clin<\/mark><\/strong><\/p>\n\n\n\n<p>Les monarques fran\u00e7ais furent <strong>des pions sur l\u2019\u00e9chiquier j\u00e9suite<\/strong>. Sous <strong>Louis XIV<\/strong>, la Compagnie de J\u00e9sus devient l\u2019<strong>\u00e9minence grise de la Cour<\/strong>, contr\u00f4lant l\u2019\u00e9ducation et influen\u00e7ant les d\u00e9cisions du Roi-Soleil. <strong>Les confesseurs royaux sont j\u00e9suites<\/strong>, s\u2019assurant ainsi que toute d\u00e9cision politique soit favorable \u00e0 leurs int\u00e9r\u00eats.<\/p>\n\n\n\n<p><strong>\u2022 Ils imposent leur dogme \u00e0 travers des manipulations subtiles, poussant \u00e0 la r\u00e9vocation de l\u2019\u00c9dit de Nantes<\/strong> (1685), ce qui affaiblit la France \u00e9conomiquement en chassant les protestants.<\/p>\n\n\n\n<p><strong>\u2022 Ils influencent Louis XV<\/strong> \u00e0 ne pas soutenir les mouvements anti-j\u00e9suites en Europe, garantissant leur survie.<\/p>\n\n\n\n<p><strong>\u2022 Ils sapent Louis XVI en favorisant la R\u00e9volution fran\u00e7aise<\/strong>, se servant des loges ma\u00e7onniques qu\u2019ils <mark style=\"background-color:rgba(0, 0, 0, 0)\" class=\"has-inline-color has-vivid-red-color\">contr\u00f4lent d\u00e9sormais<\/mark> pour <strong>attiser la col\u00e8re du peuple contre la monarchie<\/strong>.<\/p>\n\n\n\n<p><mark style=\"background-color:rgba(0, 0, 0, 0)\" class=\"has-inline-color has-vivid-red-color\">Le but ultime ?<\/mark> <strong>D\u00e9truire la royaut\u00e9 fran\u00e7aise<\/strong>, qui fut un obstacle \u00e0 leur pouvoir universel. Une fois la monarchie tomb\u00e9e, <strong>ils fa\u00e7onn\u00e8rent discr\u00e8tement la R\u00e9publique, pla\u00e7ant leurs agents au c\u0153ur des institutions naissantes.<\/strong><\/p>\n\n\n\n<p><strong><mark style=\"background-color:rgba(0, 0, 0, 0)\" class=\"has-inline-color has-vivid-red-color\">Vaccination Obligatoire : Un Projet J\u00e9suite ?<\/mark><\/strong><\/p>\n\n\n\n<p>Si les J\u00e9suites sont pass\u00e9s ma\u00eetres dans <strong>l\u2019infiltration politique et spirituelle<\/strong>, leur influence sur la <strong>m\u00e9decine moderne<\/strong> est <strong>moins connue mais tout aussi redoutable<\/strong>.<\/p>\n\n\n\n<p>D\u00e8s le XIXe si\u00e8cle, les J\u00e9suites s\u2019impliquent dans <mark style=\"background-color:rgba(0, 0, 0, 0)\" class=\"has-inline-color has-vivid-red-color\">l\u2019expansion de la vaccination obligatoire<\/mark>, sous couvert de protection sanitaire.<\/p>\n\n\n\n<p><strong>\u2022 Ils financent les premi\u00e8res campagnes de vaccination<\/strong> en Europe et en Am\u00e9rique latine.<\/p>\n\n\n\n<p><strong>\u2022 Ils placent leurs hommes dans les conseils scientifiques<\/strong> influents, instaurant une pens\u00e9e unique sur la m\u00e9decine.<\/p>\n\n\n\n<p><strong>\u2022 Ils orchestrent des crises sanitaires pour justifier la vaccination forc\u00e9e<\/strong>, utilisant la peur comme levier de contr\u00f4le social.<\/p>\n\n\n\n<p><mark style=\"background-color:rgba(0, 0, 0, 0)\" class=\"has-inline-color has-vivid-red-color\">Aujourd\u2019hui<\/mark>, <strong>les grandes institutions sanitaires mondiales sont-elles sous influence j\u00e9suite ?<\/strong> Certains analystes pointent du doigt <strong>leur r\u00f4le dans les grandes campagnes vaccinales modernes<\/strong>, les voyant <strong>comme un moyen de contr\u00f4le de masse d\u00e9guis\u00e9 en bienveillance humanitaire<\/strong>.<\/p>\n\n\n\n<p><strong><mark style=\"background-color:rgba(0, 0, 0, 0)\" class=\"has-inline-color has-vivid-red-color\">Conclusion : Une Main Cach\u00e9e sur le Monde ?<\/mark><\/strong><\/p>\n\n\n\n<p><mark style=\"background-color:rgba(0, 0, 0, 0)\" class=\"has-inline-color has-vivid-red-color\">L\u2019influence des J\u00e9suites s\u2019\u00e9tend sur des si\u00e8cles et des continents<\/mark>. <strong>Leur g\u00e9nie strat\u00e9gique est incontestable<\/strong>, au point que <strong>m\u00eame leurs ennemis les plus farouches leur reconnaissent un talent redoutable.<\/strong><\/p>\n\n\n\n<p>Comme le soulignait <strong>Helena Blavatsky<\/strong> : <em>\u00ab\u00a0Toutes les arm\u00e9es de Satan n\u2019ont pas fait autant de mal sur la terre que les J\u00e9suites.\u00a0\u00bb<\/em><\/p>\n\n\n\n<p>Et elle en savait quelque chose : apr\u00e8s avoir r\u00e9v\u00e9l\u00e9 certaines v\u00e9rit\u00e9s sur leur influence occulte, <strong>elle fut \u00ab\u00a0mise sous camisole occulte\u00a0\u00bb<\/strong>, c\u2019est-\u00e0-dire <strong>cibl\u00e9e par des attaques invisibles visant \u00e0 briser sa r\u00e9sistance mentale et physique.<\/strong><\/p>\n\n\n\n<figure class=\"wp-block-embed aligncenter is-type-video is-provider-youtube wp-block-embed-youtube wp-embed-aspect-16-9 wp-has-aspect-ratio\"><div class=\"wp-block-embed__wrapper\">\n<iframe  id=\"_ytid_39713\"  width=\"640\" height=\"360\"  data-origwidth=\"640\" data-origheight=\"360\" src=\"https:\/\/www.youtube.com\/embed\/OjdFifmI0U4?enablejsapi=1&#038;autoplay=0&#038;cc_load_policy=0&#038;cc_lang_pref=&#038;iv_load_policy=1&#038;loop=0&#038;rel=1&#038;fs=1&#038;playsinline=0&#038;autohide=2&#038;theme=dark&#038;color=red&#038;controls=1&#038;disablekb=0&#038;\" class=\"__youtube_prefs__  epyt-is-override  no-lazyload\" title=\"YouTube player\"  allow=\"fullscreen; accelerometer; autoplay; clipboard-write; encrypted-media; gyroscope; picture-in-picture; web-share\" referrerpolicy=\"strict-origin-when-cross-origin\" allowfullscreen data-no-lazy=\"1\" data-skipgform_ajax_framebjll=\"\"><\/iframe>\n<\/div><figcaption class=\"wp-element-caption\"><strong>Les proph\u00e9ties occultes d&rsquo;Helena Blavatsky : Ses pr\u00e9dictions controvers\u00e9es se r\u00e9aliseront en 2025 <\/strong>: Helena Blavatsky, la mystique la plus controvers\u00e9e du XIXe si\u00e8cle, <strong>a mis en garde l&rsquo;humanit\u00e9 contre un avenir qui se dessine sous nos yeux en 2025<\/strong>. Plongez dans les myst\u00e8res de l&rsquo;\u0153uvre de sa vie, La Th\u00e9osophie et les Races Racines. En d\u00e9codant ses lettres perdues, nous d\u00e9voilerons les pr\u00e9dictions les plus stup\u00e9fiantes de Blavatsky qui se r\u00e9alisent aujourd&rsquo;hui : <strong>les progr\u00e8s technologiques devenant des \u00ab\u00a0d\u00e9mons m\u00e9caniques\u00a0\u00bb, la d\u00e9cadence spirituelle de la civilisation moderne et l&rsquo;\u00e9mergence d&rsquo;une nouvelle conscience humaine<\/strong> \/ <a href=\"https:\/\/www.youtube.com\/watch?v=OjdFifmI0U4\">Lifted Veils<\/a> \ud83d\udd17<\/figcaption><\/figure>\n\n\n\n<p>\ud83d\udccdDans son article \u00ab\u202f<strong>Theosophy or Jesuitism?<\/strong>\u202f\u00bb publi\u00e9 en juin 1888 dans la <a href=\"https:\/\/www.gutenberg.org\/files\/60852\/60852-h\/60852-h.htm\"><mark style=\"background-color:rgba(0, 0, 0, 0)\" class=\"has-inline-color has-vivid-red-color\">revue <em>Lucifer<\/em><\/mark><\/a> \ud83d\udd17, Blavatsky exprime des critiques similaires envers les J\u00e9suites. Elle y d\u00e9crit leur influence et leurs pratiques de mani\u00e8re tr\u00e8s n\u00e9gative. Vous pouvez consulter cet article complet sur le site [<a href=\"https:\/\/theamericanminvra.com\/2016\/07\/30\/theosophists-on-the-society-of-jesuits-and-the-roman-catholic-church\/?utm_source=chatgpt.com\">Theamericanminvra<\/a>]. \ud83d\udd17<\/p>\n\n\n\n<figure class=\"wp-block-embed aligncenter is-type-video is-provider-youtube wp-block-embed-youtube wp-embed-aspect-16-9 wp-has-aspect-ratio\"><div class=\"wp-block-embed__wrapper\">\n<iframe  id=\"_ytid_15958\"  width=\"640\" height=\"360\"  data-origwidth=\"640\" data-origheight=\"360\" src=\"https:\/\/www.youtube.com\/embed\/24W_XskG9Ps?enablejsapi=1&#038;autoplay=0&#038;cc_load_policy=0&#038;cc_lang_pref=&#038;iv_load_policy=1&#038;loop=0&#038;rel=1&#038;fs=1&#038;playsinline=0&#038;autohide=2&#038;theme=dark&#038;color=red&#038;controls=1&#038;disablekb=0&#038;\" class=\"__youtube_prefs__  epyt-is-override  no-lazyload\" title=\"YouTube player\"  allow=\"fullscreen; accelerometer; autoplay; clipboard-write; encrypted-media; gyroscope; picture-in-picture; web-share\" referrerpolicy=\"strict-origin-when-cross-origin\" allowfullscreen data-no-lazy=\"1\" data-skipgform_ajax_framebjll=\"\"><\/iframe>\n<\/div><figcaption class=\"wp-element-caption\">Theosophy or Jesuitism &#8211; by H.P. Blavatsky (1888) \/ <a href=\"https:\/\/www.youtube.com\/watch?v=24W_XskG9Ps\">D<\/a> \ud83d\udd17<\/figcaption><\/figure>\n\n\n\n<p>Le plus effrayant dans cette histoire ? <strong>C\u2019est que leur influence ne semble pas faiblir\u2026 Au contraire, elle s\u2019adapte, se camoufle et se renforce dans le silence.<\/strong><\/p>\n\n\n\n<p><strong><mark style=\"background-color:rgba(0, 0, 0, 0)\" class=\"has-inline-color has-vivid-red-color\">Une V\u00e9rit\u00e9 qui D\u00e9range<\/mark><\/strong><\/p>\n\n\n\n<p>Que l\u2019on adh\u00e8re ou non aux th\u00e8ses de Jo\u00ebl Labruy\u00e8re, une chose est certaine : son livre expose une <strong>vision radicale<\/strong> et <strong>d\u00e9rangeante <\/strong>du r\u00f4le des J\u00e9suites dans l\u2019histoire. Son enqu\u00eate nous pousse \u00e0 <strong>r\u00e9\u00e9valuer la r\u00e9alit\u00e9 derri\u00e8re les apparences<\/strong> et \u00e0 <mark style=\"background-color:rgba(0, 0, 0, 0)\" class=\"has-inline-color has-vivid-red-color\">questionner les v\u00e9rit\u00e9s officielles<\/mark>.<\/p>\n\n\n\n<p>Comme il le dit lui-m\u00eame : <em>\u201c<strong>Les J\u00e9suites ne se battent pas pour la religion, mais pour le pouvoir. Ils sont partout et nulle part, leur v\u00e9ritable force r\u00e9side dans leur invisibilit\u00e9<\/strong>.\u201d<\/em><\/p>\n\n\n\n<p>Ou encore cette phrase percutante : <strong>\u201cCelui qui contr\u00f4le la spiritualit\u00e9 d\u2019un peuple contr\u00f4le son avenir.\u201d<\/strong><\/p>\n\n\n\n<p><strong><mark style=\"background-color:rgba(0, 0, 0, 0)\" class=\"has-inline-color has-vivid-red-color\">Comment se d\u00e9barrasser des pr\u00e9dateurs ?<\/mark><\/strong><\/p>\n\n\n\n<p><em>\u00ab&nbsp;<strong>Se d\u00e9barrasser d\u2019un agent cosmique<\/strong> <strong>? On peut toujours r\u00eaver. Dans l\u2019\u00e2ge noir, ils poussent \u00e0 la roue et pr\u00e9cipitent les \u00e9v\u00e9nements. Peut-\u00eatre pr\u00e9parent-ils la voie du d\u00e9mon de la mati\u00e8re qui doit s\u2019incarner sur terre dans le futur ?<\/strong><\/em><\/p>\n\n\n\n<p><em>L\u2019implication des J\u00e9suites dans la science exp\u00e9rimentale est l\u2019indice de leur mission en tant qu\u2019agents pr\u00e9parant le terrain pour quelque chose de prodigieux. Il est difficile de parler de cela en \u00e9vitant l\u2019imagerie religieuse, car il s\u2019agit de politique. <strong>Il n\u2019y a que de la politique dans l\u2019Univers<\/strong>.<\/em><\/p>\n\n\n\n<p><em><strong>Le Salut de l\u2019\u00e2me est un enjeu politique cosmique<\/strong>. Il faut apprendre \u00e0 voir les choses sous un angle r\u00e9aliste, ce qui n\u2019enl\u00e8ve rien au sacr\u00e9. En politique, les J\u00e9suites ont pris une tr\u00e8s grande avance, car ils n\u2019ont aucun pr\u00e9jug\u00e9. Lorsqu\u2019ils favorisent le culte de la Vierge, par exemple, c\u2019est pour eux du r\u00e9alisme politique. Ils y ont un int\u00e9r\u00eat, voil\u00e0 tout.<\/em><\/p>\n\n\n\n<p><em>En attendant leur \u00ab <strong>d\u00e9mon solaire<\/strong> \u00bb, <strong>ils mettent en place le Nouvel Ordre Mondial<\/strong> qui verra la fin de ce qu\u2019on appelait la civilisation humaniste. N\u2019oublions pas que les J\u00e9suites furent les inventeurs des camps de concentration avec leurs \u00ab Reducciones \u00bb du Paraguay o\u00f9 les Indiens \u00e9taient dress\u00e9s \u00e0 devenir de bons citoyens robotiques dans le cadre d\u2019une soci\u00e9t\u00e9 communiste th\u00e9ocratique.<\/em><\/p>\n\n\n\n<p><em><strong>En termes de tyrannie, ils ont d\u00e9j\u00e0 tout exp\u00e9riment\u00e9 gr\u00e2ce au communisme, et cela n\u2019annonce rien de bon pour le meilleur des mondes qu\u2019ils nous ont pr\u00e9par\u00e9.<\/strong><\/em><\/p>\n\n\n\n<p><em>On en a assez dit. <strong>Si le lecteur ne peut comprendre ou admettre ces choses, qu\u2019il consid\u00e8re ces informations comme des sp\u00e9culations<\/strong>, et qu\u2019il oublie les J\u00e9suites contre lesquels nulle puissance terrestre ne peut grand-chose de toute fa\u00e7on.&nbsp;\u00bb Jo\u00ebl Labruy\u00e8re<\/em><\/p>\n\n\n\n<p>Les r\u00e9v\u00e9lations de Labruy\u00e8re sont-elles le fruit d\u2019une <mark style=\"background-color:rgba(0, 0, 0, 0)\" class=\"has-inline-color has-vivid-red-color\">analyse lucide<\/mark> ou une <mark style=\"background-color:rgba(0, 0, 0, 0)\" class=\"has-inline-color has-vivid-red-color\">th\u00e9orie conspirationniste<\/mark> de plus ? <strong>\u00c0 chacun de se faire sa propre opinion\u2026<\/strong><\/p>\n\n\n\n<p><strong><mark style=\"background-color:rgba(0, 0, 0, 0)\" class=\"has-inline-color has-vivid-red-color\">Et vous, croyez-vous au pouvoir occulte des J\u00e9suites ?<\/mark><\/strong><\/p>\n\n\n\n<p><strong>Les J\u00e9suites dirigent-ils r\u00e9ellement le monde ?<\/strong><\/p>\n\n\n\n<p><mark style=\"background-color:rgba(0, 0, 0, 0)\" class=\"has-inline-color has-vivid-red-color\">\u00c0 vous d\u2019ouvrir les yeux\u2026 ou de fermer le livre et de reprendre votre vie comme si de rien n\u2019\u00e9tait.<\/mark><\/p>\n\n\n\n<p><span style=\"text-decoration: underline;\">Sur le m\u00eame sujet<\/span> : <\/p>\n\n\n\n<p><strong>\ud83d\udc7d\ud83d\udef8<\/strong> <a href=\"https:\/\/exoconscience.com\/les-jesuites-acteurs-majeurs-nouvel-ordre-mondial-demasques-exposes\/manipulations-gouvernance-mondiale\/\"><strong><mark style=\"background-color:rgba(0, 0, 0, 0)\" class=\"has-inline-color has-vivid-red-color\">Les J\u00e9suites, acteurs majeurs du Nouvel Ordre Mondial d\u00e9masqu\u00e9s et expos\u00e9s<\/mark><\/strong><\/a> \ud83d\udd17 [<a href=\"https:\/\/exoconscience.com\/les-jesuites-acteurs-majeurs-nouvel-ordre-mondial-demasques-exposes\/manipulations-gouvernance-mondiale\/\">Exoconscience<\/a>] <\/p>\n\n\n\n<p>En pr\u00e9ambule, il est bon de rappeler d\u00e9j\u00e0 que l\u2019organisation J\u00e9suite est une cr\u00e9ation de la famille Farn\u00e8se au 16\u00e8me si\u00e8cle, qui est l\u2019une des plus puissantes <strong>familles papal de la Noblesse Noir en Italie<\/strong>.<\/p>\n\n\n\n<p>Le plan des J\u00e9suites est de laisser les forces positives purger les factions Rockefeller \/ Rothschilds (dans le pire des cas) et de contr\u00f4ler le Nouvel Ordre Mondial<a href=\"https:\/\/lumieresurgaia.com\/lagenda-des-jesuites\/\">.<\/a>&nbsp;<\/p>\n\n\n\n<p><strong>Leurs agents sont pr\u00e9sents \u00e0 d\u2019interminable&nbsp;n\u00e9gociations pour la capitulation de la Cabale et ils essaient d\u2019orienter les accords plus pr\u00e8s de l\u2019agenda des J\u00e9suites<\/strong>.&nbsp;C\u2019est la source de propositions visant \u00e0 rendre le Pape le nouveau M1 (r\u00e9gulateur mon\u00e9taire).&nbsp;C\u2019est la raison pour laquelle le pape J\u00e9suite promeut l\u2019id\u00e9e d\u2019une banque centrale mondiale.&nbsp;<\/p>\n\n\n\n<p>Ils envisagent \u00e9galement s\u00e9rieusement l\u2019id\u00e9e de permettre un jubil\u00e9 de la dette dans le monde entier afin qu\u2019ils seraient&nbsp;<strong>repr\u00e9sent\u00e9s comme des sauveurs de l\u2019humanit\u00e9 sous les ailes de la&nbsp;bienveillante \u00bb\u00e9glise catholique\u00ab.<\/strong><\/p>\n\n\n\n<p>Ensuite promouvoir le culte catholique en une nouvelle mani\u00e8re plus attrayante au public, et absorber progressivement les autres religions en celui-ci (en commen\u00e7ant par le bouddhisme) jusqu\u2019\u00e0 ce qu\u2019ils atteignent leur objectif d\u2019un culte religieux mondial de programmage de l\u2019esprit, en m\u00eame temps, gardant toutes les atrocit\u00e9s du pass\u00e9 de l\u2019\u00c9glise catholique sous le tapis.<\/p>\n\n\n\n<p>Gr\u00e2ce \u00e0 des programmes sp\u00e9ciaux compartiment\u00e9 de la CIA, ils ont infiltr\u00e9s avec leurs agents 80% des m\u00e9dias alternatifs et le \u201d<strong>mouvement de la v\u00e9rit\u00e9<\/strong>\u201d au point que pr\u00e8s de 70% des informations dans les m\u00e9dias alternatifs est de la d\u00e9sinformation provenant directement ou indirectement de sources J\u00e9suites.<\/p>\n\n\n\n<p>Les J\u00e9suites travaillent sous le commandement des Archontes pour maintenir le <strong>statut de quarantaine de la plan\u00e8te Terre<\/strong> jusqu\u2019\u00e0 un certain moment (divulgation partielle)&nbsp;<strong>en opposition avec <a href=\"https:\/\/exoconscience.com\/\">exoconscience.com<\/a>&nbsp;qui pousse tous les jours pour la&nbsp;<a href=\"https:\/\/exoconscience.com\/quatrieme-reich-pourquoi-reellement-les-nazis-ont-gagne-la-guerre-videos\/manipulations-gouvernance-mondiale\/\">divulgation compl\u00e8te<\/a><\/strong> [&#8230;]<\/p>\n\n\n\n<p>Tous les j\u00e9suites du monde sont dans une ob\u00e9issance absolue, et selon leur formule<em>&nbsp;\u00ab S\u2019abandonner comme un cadavre \u00bb<\/em>, ils sont comme des robots entre les mains de leurs chefs. Ils forment donc un corps militaire d\u2019\u00e9lite \u2013 \u00e0 la fois <strong>pr\u00eatres <\/strong>et <strong>guerriers <\/strong>\u2013 pr\u00e9sent dans tous les pays. C\u2019est une arm\u00e9e d\u00e9moniaque qui a investi la Terre, et la liaison des j\u00e9suites avec les&nbsp;<a href=\"https:\/\/lumieresurgaia.com\/divulgation-cosmique-guide-des-etres-non-terrestre\/\">Grands Gris extraterrestres<\/a>&nbsp;avec qui<a href=\"https:\/\/exopolitics.org\/remote-viewing-us-presidential-meetings-with-extraterrestrials\/\">&nbsp;l\u2019ancien pr\u00e9sident am\u00e9ricain (entre autres) a sign\u00e9 un trait\u00e9 au milieu des ann\u00e9es 50<\/a>, est plus que probable. Ils contr\u00f4lent les polices secr\u00e8tes, les arm\u00e9es et les organismes internationaux. <mark style=\"background-color:rgba(0, 0, 0, 0)\" class=\"has-inline-color has-vivid-red-color\">Lire et Voir l&rsquo;article complet sur<\/mark> [<a href=\"https:\/\/exoconscience.com\/les-jesuites-acteurs-majeurs-nouvel-ordre-mondial-demasques-exposes\/manipulations-gouvernance-mondiale\/\">Exoconscience<\/a>] \ud83d\udd17<\/p>\n\n\n\n<p>\ud83d\udd0e <strong><mark style=\"background-color:rgba(0, 0, 0, 0)\" class=\"has-inline-color has-vivid-red-color\">Le Vatican lance une pi\u00e8ce en l\u2019honneur de la vaccination. Les changements irr\u00e9versibles du pape Fran\u00e7ois : un chemin qui m\u00e8ne \u00e0 l\u2019enfer<\/mark><\/strong>.<\/p>\n\n\n\n<p>Le Vatican a frapp\u00e9 sa propre&nbsp;<a href=\"https:\/\/www.cfn.va\/it\/home\/2631-20-05-2022-serie-divisionale-2022-ag-proof.html\" target=\"_blank\" rel=\"noreferrer noopener\">pi\u00e8ce de 20 euros<\/a>&nbsp;en argent <strong>c\u00e9l\u00e9brant le vaccin COVID-19 entach\u00e9 d\u2019avortement contest\u00e9<\/strong>. La pi\u00e8ce repr\u00e9sente un <strong>m\u00e9decin<\/strong>, une <strong>infirmi\u00e8re <\/strong>et un <strong>jeune homme<\/strong> \u00ab&nbsp;<mark style=\"background-color:rgba(0, 0, 0, 0)\" class=\"has-inline-color has-vivid-red-color\">pr\u00eat \u00e0 \u00eatre vaccin\u00e9&nbsp;<\/mark>\u00bb. Les trois personnes portent <mark style=\"background-color:rgba(0, 0, 0, 0)\" class=\"has-inline-color has-vivid-red-color\">un masque facial<\/mark>. La pi\u00e8ce en argent, con\u00e7ue par&nbsp;<a href=\"https:\/\/www.powercoin.it\/en\/blog\/149_dark-checkmate-3-oz-silver-coin-you-can-t-cheat-death.html\" target=\"_blank\" rel=\"noreferrer noopener\">Chiara Principe<\/a>, est&nbsp;<em>\u00ab d\u00e9di\u00e9e \u00e0 une question d\u2019actualit\u00e9 qui tient tr\u00e8s \u00e0 c\u0153ur au pape Fran\u00e7ois \u00bb<\/em>, a indiqu\u00e9 l\u2019Office philat\u00e9lique et numismatique de l\u2019\u00c9tat de la Cit\u00e9 du Vatican (<a href=\"https:\/\/www.cfn.va\/it\/home\/2631-20-05-2022-serie-divisionale-2022-ag-proof.html\" target=\"_blank\" rel=\"noreferrer noopener\">cfn.va<\/a>).&nbsp;<em>\u00ab les traitements pour lutter contre la pand\u00e9mie et la n\u00e9cessit\u00e9 des vaccinations \u00bb<\/em>.&nbsp; <strong>Le pape Fran\u00e7ois a soulign\u00e9 \u00e0 plusieurs reprises l\u2019importance des vaccinations<\/strong>. Le souverain pontife a \u00e9galement d\u00e9clar\u00e9 que les soins de sant\u00e9 sont&nbsp;<em>\u00ab <strong>une obligation morale<\/strong> \u00bb<\/em>&nbsp;et qu\u2019il est important&nbsp;<em>\u00ab <strong>de poursuivre les efforts pour immuniser m\u00eame les peuples les plus pauvres<\/strong> \u00bb<\/em>.<\/p>\n\n\n\n<p><em>\u00ab Une pi\u00e8ce comm\u00e9morative du Vatican d\u00e9di\u00e9e au \u00ab&nbsp;besoin d\u2019\u00eatre vaccin\u00e9&nbsp;\u00bb contre le COVID-19 est quelque chose dont les universitaires s\u00e9rieux et les personnes de bonne volont\u00e9 se seraient volontiers pass\u00e9s \u00bb<\/em>, a d\u00e9clar\u00e9 l\u2019\u00e9minent \u00e9thicien italien, le Dr Fulvio Di Blasi, \u00e0&nbsp;<a href=\"https:\/\/www.churchmilitant.com\/news\/article\/vatican-mints-coin-canonizing-covid-vaccine\" target=\"_blank\" rel=\"noreferrer noopener\">Church Militant<\/a>. Di Blasi, auteur du livre \u00ab&nbsp;<a href=\"https:\/\/www.amazon.ca\/dp\/8897328164\" target=\"_blank\" rel=\"noreferrer noopener\">Vaccino come atto d\u2019amore?: Epistemologia della scelta etica in tempi di pandemia<\/a>&nbsp;\u00bb (Le vaccin comme acte d\u2019amour ? : \u00c9pist\u00e9mologie du choix \u00e9thique en temps de pand\u00e9mie), \u00e9labore :<\/p>\n\n\n\n<blockquote class=\"wp-block-quote is-layout-flow wp-block-quote-is-layout-flow\">\n<p>\u00ab J\u2019accueille cette nouvelle avec un m\u00e9lange de profonde douleur et d\u2019inqui\u00e9tude pour une \u00c9glise qui est de plus en plus en crise d\u2019identit\u00e9 et de v\u00e9rit\u00e9. Ces m\u00e9dicaments ne sont pas techniquement des vaccins ; ils tuent statistiquement un certain nombre de personnes et, selon les derni\u00e8res \u00e9tudes, ils ont m\u00eame une efficacit\u00e9 n\u00e9gative. Alors que les d\u00e9cisions judiciaires contre eux se multiplient de plus en plus, le Vatican multiplie les soutiens fanatiques \u00e0 leur \u00e9gard, qui n\u2019ont rien de scientifique et qui sont \u00e9trangers \u00e0 la v\u00e9rit\u00e9 r\u00e9v\u00e9l\u00e9e. \u00bb<\/p>\n<\/blockquote>\n\n\n\n<p>En septembre 2021, le pape Fran\u00e7ois a vivement critiqu\u00e9&nbsp;<a href=\"https:\/\/www.lesoleil.com\/2021\/09\/15\/covid-19-le-pape-envoie-une-pique-aux-cardinaux-antivaccins-a75195e77a8a250b8d6c86835756707d\" target=\"_blank\" rel=\"noreferrer noopener\">les cardinaux sceptiques<\/a>&nbsp;quant \u00e0 la vaccination contre le Covid-19. Le Vatican a d\u00e9clar\u00e9 les vaccins contre le coronavirus&nbsp;<em>\u00ab moralement acceptables \u00bb<\/em>&nbsp;dans&nbsp;<a href=\"https:\/\/www.vaticannews.va\/fr\/vatican\/news\/2020-12\/doctrine-foi-vaccin-anticovid-vatican-pandemie-pape-francois.html\" target=\"_blank\" rel=\"noreferrer noopener\">un communiqu\u00e9<\/a>. L\u2019avers de la pi\u00e8ce de monnaie comporte les armoiries du pape Fran\u00e7ois, l\u2019inscription \u00ab Cit\u00e9 du Vatican \u00bb et douze \u00e9toiles, comme d\u2019habitude pour l\u2019euro, a indiqu\u00e9 l\u2019Office philat\u00e9lique et numismatique. La pi\u00e8ce en argent, pesant 26 grammes et 36 millim\u00e8tres de diam\u00e8tre, fait partie d\u2019une nouvelle s\u00e9rie de pi\u00e8ces pour l\u2019ann\u00e9e 2022. Voici sa description officielle :<\/p>\n\n\n\n<p>La s\u00e9rie se compose de 8 pi\u00e8ces, au revers on retrouve les m\u00eames caract\u00e9ristiques techniques pour tous les pays adh\u00e9rant \u00e0 la monnaie unique europ\u00e9enne. Sur l&rsquo;avers sont repr\u00e9sent\u00e9s les armoiries du Pape Fran\u00e7ois, Souverain de l&rsquo;\u00c9tat du Vatican, les mots \u00ab\u00a0Cit\u00e9 du Vatican\u00a0\u00bb et douze \u00e9toiles. La s\u00e9rie est disponible en deux versions : la premi\u00e8re avec la pi\u00e8ce de 20 euros en argent et la seconde avec la pi\u00e8ce de 50 euros en or. La pi\u00e8ce de 20 euros en argent, \u0153uvre de Chiara Principe, est consacr\u00e9e \u00e0 un sujet d&rsquo;actualit\u00e9 tr\u00e8s cher au pape Fran\u00e7ois: les traitements pour lutter contre la pand\u00e9mie et la n\u00e9cessit\u00e9 de se faire vacciner. La pi\u00e8ce repr\u00e9sente un m\u00e9decin, une infirmi\u00e8re et un gar\u00e7on pr\u00eat \u00e0 recevoir le vaccin. Le Saint-P\u00e8re a soulign\u00e9 \u00e0 plusieurs reprises l&rsquo;importance de la vaccination, rappelant que les soins de sant\u00e9 sont \u00ab\u00a0une obligation morale\u00a0\u00bb et qu&rsquo;il est important de \u00ab\u00a0poursuivre l&rsquo;effort pour immuniser m\u00eame les peuples les plus pauvres\u00a0\u00bb. La pi\u00e8ce de 50 euros en or, \u0153uvre de Marco Ventura, est d\u00e9di\u00e9e \u00e0 Notre-Dame de la Mis\u00e9ricorde: la Vierge est repr\u00e9sent\u00e9e debout en ouvrant son manteau sous lequel une multitude de fid\u00e8les trouvent refuge. La Madone, repr\u00e9sent\u00e9e sous les traits de la protectrice de l&rsquo;humanit\u00e9 contre les maux du monde, \u00e9tait aussi appel\u00e9e \u00ab\u00a0Notre-Dame de l&rsquo;Aide\u00a0\u00bb. Les quatre mots qui entourent la figure de la Vierge Marie \u00ab\u00a0\u00e9couter, aimer, aider, accueillir\u00a0\u00bb caract\u00e9risent le travail de Caritas depuis plus de 50 ans.<\/p>\n\n\n\n<p><strong>Le pape Fran\u00e7ois poursuit sa politique d\u2019\u00e9mission de timbres et de pi\u00e8ces controvers\u00e9s<\/strong><\/p>\n\n\n<div class=\"wp-block-image\">\n<figure class=\"aligncenter size-large\"><img data-opt-id=552480478  fetchpriority=\"high\" data-recalc-dims=\"1\" decoding=\"async\" width=\"640\" height=\"300\" src=\"https:\/\/mlrdeoj2ejbf.i.optimole.com\/cb:mvHM.4ca\/w:1024\/h:480\/q:mauto\/f:best\/https:\/\/i0.wp.com\/planetactus.com\/wp-content\/uploads\/2025\/03\/image-3.png?resize=640%2C300&#038;ssl=1\" alt=\"\" class=\"wp-image-4081\" srcset=\"https:\/\/mlrdeoj2ejbf.i.optimole.com\/cb:mvHM.4ca\/w:1024\/h:4000\/q:mauto\/f:best\/https:\/\/planetactus.com\/wp-content\/uploads\/2025\/03\/image-3.png 1024w, https:\/\/mlrdeoj2ejbf.i.optimole.com\/cb:mvHM.4ca\/w:300\/h:4000\/q:mauto\/f:best\/https:\/\/planetactus.com\/wp-content\/uploads\/2025\/03\/image-3.png 300w, https:\/\/mlrdeoj2ejbf.i.optimole.com\/cb:mvHM.4ca\/w:768\/h:4000\/q:mauto\/f:best\/https:\/\/planetactus.com\/wp-content\/uploads\/2025\/03\/image-3.png 768w, https:\/\/mlrdeoj2ejbf.i.optimole.com\/cb:mvHM.4ca\/w:1240\/h:581\/q:mauto\/f:best\/https:\/\/planetactus.com\/wp-content\/uploads\/2025\/03\/image-3.png 1240w\" sizes=\"(max-width: 640px) 100vw, 640px\" \/><figcaption class=\"wp-element-caption\">Illustration image \/ <a href=\"https:\/\/guyboulianne.info\/2022\/06\/22\/le-vatican-lance-une-piece-en-lhonneur-de-la-vaccination-les-changements-irreversibles-du-pape-francois-un-chemin-qui-mene-a-lenfer\/\">Guy Boulianne Info<\/a><\/figcaption><\/figure>\n<\/div>\n\n\n<p><strong>En ao\u00fbt 2021, la Cit\u00e9 du Vatican a impos\u00e9 un \u00ab laissez-passer vert \u00bb aux r\u00e9sidents et au personnel, imposant un apartheid m\u00e9dical institutionnalis\u00e9 en violation du Code de Nuremberg, de la Constitution italienne et d\u2019une r\u00e9solution du Conseil de l\u2019Europe<\/strong>. M\u00eame des princes de l\u2019\u00c9glise comme Cardinal&nbsp;<a href=\"https:\/\/www-churchmilitant-com.translate.goog\/news\/article\/popes-deputy-slams-door-on-unvaxxed-cardinal?_x_tr_sl=en&amp;_x_tr_tl=fr&amp;_x_tr_hl=fr&amp;_x_tr_pto=wapp\" target=\"_blank\" rel=\"noreferrer noopener\">Raymond Burke<\/a>, qui s\u2019\u00e9tait remis de la COVID-19 et poss\u00e9dait une immunit\u00e9 naturelle, n\u2019a pas \u00e9t\u00e9 \u00e9pargn\u00e9 par les mesures draconiennes \u2013 <strong>Burke s\u2019est vu refuser l\u2019entr\u00e9e dans les bureaux du Vatican sur ordre expr\u00e8s du secr\u00e9taire d\u2019\u00c9tat Cardinal Pietro Parolin<\/strong>.<\/p>\n\n\n\n<iframe class=\"rumble\" width=\"640\" height=\"360\" src=\"https:\/\/rumble.com\/embed\/v16mxj9\/?pub=4\" frameborder=\"0\" allowfullscreen><\/iframe>\n\n\n\n<p>Plus t\u00f4t cette ann\u00e9e, le pape Fran\u00e7ois a tenu des <mark style=\"background-color:rgba(0, 0, 0, 0)\" class=\"has-inline-color has-vivid-red-color\">r\u00e9unions secr\u00e8tes avec l\u2019oligarque du vaccin Pfizer Albert Bourla<\/mark>, d\u00e9clenchant des sp\u00e9culations sur <strong>un arrangement sp\u00e9cial non divulgu\u00e9 entre le Vatican et Big Pharma corrompu<\/strong>. <strong>Pfizer a \u00e9t\u00e9 condamn\u00e9 \u00e0 une amende de 2,3 milliards de dollars en 2009 pour ce qui \u00e9tait alors le plus important r\u00e8glement de fraude en mati\u00e8re de soins de sant\u00e9 jamais enregistr\u00e9<\/strong>. La soci\u00e9t\u00e9 a d\u00e9pens\u00e9 plus de 21,8 millions de dollars en 2019-2020 et 6,7 millions de dollars en janvier-ao\u00fbt 2021 pour faire pression sur le gouvernement, <strong>ce qui en fait le plus gros d\u00e9pensier de toutes les soci\u00e9t\u00e9s pharmaceutiques individuelles pendant la crise du COVID-19<\/strong>. <mark style=\"background-color:rgba(0, 0, 0, 0)\" class=\"has-inline-color has-vivid-red-color\">Lire et Voir la suite sur<\/mark> [<a href=\"https:\/\/guyboulianne.info\/2022\/06\/22\/le-vatican-lance-une-piece-en-lhonneur-de-la-vaccination-les-changements-irreversibles-du-pape-francois-un-chemin-qui-mene-a-lenfer\/\">Guy Boulianne Info<\/a>] \ud83d\udd17<\/p>\n\n\n\n<p>\ud83d\udd0e <strong><mark style=\"background-color:rgba(0, 0, 0, 0)\" class=\"has-inline-color has-vivid-red-color\">Et en m\u00eame temps, Emmanuel Macron est j\u00e9suite.<\/mark><\/strong> [<a href=\"https:\/\/www.tdg.ch\/et-en-meme-temps-emmanuel-macron-est-jesuite-781122906244\">Tdg.ch<\/a>] \ud83d\udd17<\/p>\n\n\n\n<p><strong>Et si Emmanuel Macron \u00e9tait j\u00e9suite ?<\/strong> Si, si, on peut pr\u00e9sider un pays qui a fait de la la\u00efcit\u00e9 son alpha et son om\u00e9ga et avoir un substrat d&rsquo;\u00e9ducation religieuse. L&rsquo;intelligentsia fran\u00e7aise a beaucoup glos\u00e9 sur le parcours et la formation intellectuelle de son jeune pr\u00e9sident prodige. <strong>Certains le voient impr\u00e9gn\u00e9 par son passage \u00e0 la banque Rotschild<\/strong>.<\/p>\n\n\n\n<p>En France, <strong>quand on a \u00e9t\u00e9 banquier, on est forc\u00e9ment marqu\u00e9, sinon un peu suspect d&rsquo;\u00eatre un lib\u00e9ral sauvage<\/strong>. D&rsquo;autres ont cherch\u00e9 l&rsquo;inspiration de leur pr\u00e9sident de la R\u00e9publique du c\u00f4t\u00e9 du philosophe Paul Ric\u0153ur, aupr\u00e8s duquel le jeune \u00e9tudiant Macron effectua divers travaux d&rsquo;assistanat. D&rsquo;aucuns voient encore chez lui l&#8217;emprise de son \u00e9pouse, Brigitte. Elle a \u00e9t\u00e9 son enseignante de th\u00e9\u00e2tre, elle ne peut qu&rsquo;\u00eatre la metteure en sc\u00e8ne de son action. \u00ab<strong>Et en m\u00eame temps, c&rsquo;est tr\u00e8s j\u00e9suite!\u00bb C&rsquo;est \u00e0 Amiens que la v\u00e9rit\u00e9 nous a \u00e9t\u00e9, \u00e9videmment, r\u00e9v\u00e9l\u00e9e<\/strong>. <mark style=\"background-color:rgba(0, 0, 0, 0)\" class=\"has-inline-color has-vivid-red-color\">Lire l&rsquo;article complet sur<\/mark> [<a href=\"https:\/\/www.tdg.ch\/et-en-meme-temps-emmanuel-macron-est-jesuite-781122906244\">Tdg.ch<\/a>] \ud83d\udd17<\/p>\n\n\n\n<p>\ud83d\udd0e <strong><a href=\"https:\/\/www.lesechos.fr\/2017\/02\/leurs-annees-chez-les-jesuites-1234186\"><mark style=\"background-color:rgba(0, 0, 0, 0)\" class=\"has-inline-color has-vivid-red-color\">Leurs ann\u00e9es chez les j\u00e9suites<\/mark><\/a><\/strong>  : <strong>Elles sont nombreuses, les personnalit\u00e9s de l&rsquo;\u00e9chiquier politique, du monde des affaires et de la sph\u00e8re artistique \u00e0 avoir suivi l&rsquo;enseignement de la Compagnie de J\u00e9sus, mise \u00e0 l&rsquo;honneur par le nouveau film de Martin Scorsese.<\/strong> [<a href=\"https:\/\/www.lesechos.fr\/2017\/02\/leurs-annees-chez-les-jesuites-1234186\">Les \u00c9chos<\/a>] \ud83d\udd17<\/p>\n\n\n\n<p><strong>Quel est le point commun<\/strong> entre Fran\u00e7ois Fillon et No\u00ebl Mam\u00e8re? Entre Lo\u00efck Peyron et Emmanuel Macron? Carlos Ghosn et L\u00e9a Salam\u00e9? Tidjane Thiam et Louis Gallois? Stromae et Fran\u00e7ois-Henri Pinault? Laurent Delahousse et Sophie de Closets? A priori, peu de chose, si ce n&rsquo;est la forte probabilit\u00e9 qu&rsquo;ils ressentent une \u00e9motion particuli\u00e8re devant <em><strong>Silence<\/strong><\/em>, le beau dernier film de Martin Scorsese. Ce long-m\u00e9trage, qui sort mercredi prochain, raconte l&rsquo;histoire de deux j\u00e9suites du xviie si\u00e8cle, partis \u00e0 la recherche d&rsquo;un des leurs au Japon &#8211; suspense garanti jusqu&rsquo;\u00e0 la derni\u00e8re seconde. <strong>Or, toutes les personnalit\u00e9s susmentionn\u00e9es ont pass\u00e9 quelques ann\u00e9es, dans leur jeunesse, dans des \u00e9tablissements dirig\u00e9s par ces religieux et \u00e9ducateurs. Des centaines d&rsquo;\u00e9lus, de patrons, de scientifiques, d&rsquo;artistes ont suivi une partie de leur scolarit\u00e9 dans les coll\u00e8ges et lyc\u00e9es j\u00e9suites<\/strong>. Ou encore \u00e0 Ginette (Sainte-Genevi\u00e8ve, \u00e0 Versailles), une des meilleures pr\u00e9pas aux grandes \u00e9coles du pays.<\/p>\n\n\n\n<p>Ah, les j\u00e9suites! Un ordre qui nourrit un grand nombre d&rsquo;id\u00e9es re\u00e7ues. En 2013, l&rsquo;accession pour la premi\u00e8re fois en deux mill\u00e9naires de l&rsquo;un des leurs au fauteuil pontifical, a de nouveau braqu\u00e9 les feux sur eux. <strong>Si on les sait intelligents, spirituels dans tous les sens du terme, on leur reproche parfois d&rsquo;\u00eatre louvoyants<\/strong> (la fameuse \u00ab r\u00e9ponse de j\u00e9suite \u00bb), comme en t\u00e9moigne une vieille plaisanterie. Un quidam r\u00e9pond \u00e0 un j\u00e9suite perdu dans Rome qui lui demande le chemin du Vatican: \u00ab <em>Vous ne trouverez pas, c&rsquo;est tout droit! \u00bb<\/em> Surtout, on souligne aussi souvent leur intrigante, voire inqui\u00e9tante poximit\u00e9 avec les puissants. Alors maintenant qu&rsquo;ils sont repr\u00e9sent\u00e9s au sommet de l&rsquo;\u00c9glise catholique&#8230; Les d\u00e9clarations de Fran\u00e7ois, pape qui d\u00e9fend les plus pauvres, voit en l&rsquo;argent le <em>\u00ab <mark style=\"background-color:rgba(0, 0, 0, 0)\" class=\"has-inline-color has-vivid-red-color\">fumier du Diable<\/mark> \u00bb<\/em> et vilipende r\u00e9guli\u00e8rement les exc\u00e8s du capitalisme dans les termes les plus durs, ne suffisent pas \u00e0 d\u00e9mentir les clich\u00e9s. Pour nous faire une id\u00e9e de qui il sont vraiment, nous avons interrog\u00e9 ceux qui les ont c\u00f4toy\u00e9s dans les cruciales ann\u00e9es de formation. <mark style=\"background-color:rgba(0, 0, 0, 0)\" class=\"has-inline-color has-vivid-red-color\">Lire l\u2019article complet sur<\/mark> [<a href=\"https:\/\/www.lesechos.fr\/2017\/02\/leurs-annees-chez-les-jesuites-1234186\">Les \u00c9chos<\/a>] \ud83d\udd17<\/p>\n\n\n\n<p>\ud83d\udd0e <strong><mark style=\"background-color:rgba(0, 0, 0, 0)\" class=\"has-inline-color has-vivid-red-color\">Emmanuel Macron offre deux biographies du J\u00e9suite Ignace de Loyola au Pape Fran\u00e7ois<\/mark><\/strong> [<a href=\"https:\/\/www.bfmtv.com\/politique\/emmanuel-macron-offre-deux-biographies-du-jesuite-ignace-de-loyola-au-pape-francois_AN-202111260209.html\">BFM TV<\/a>] \ud83d\udd17<\/p>\n\n\n\n<p><strong>Un J\u00e9suite qui s&rsquo;adresse \u00e0 un autre J\u00e9suit<\/strong>e. Alors qu&rsquo;Emmanuel Macron  sera ce vendredi [\u00c9tait] \u00e0 Rome pour rencontrer le Pape Fran\u00e7ois, <strong>l&rsquo;\u00c9lys\u00e9e lui offrira deux biographies d&rsquo;Ignace de Loyola<\/strong>, un pr\u00eatre et th\u00e9ologien du 16\u00e8me si\u00e8cle.<\/p>\n\n\n\n<p>Ce saint est \u00e9galement le fondateur des J\u00e9suites, la congr\u00e9gation masculine la plus importante de l&rsquo;Eglise catholique, <strong>\u00e0 laquelle appartient le Saint-P\u00e8re<\/strong>.<\/p>\n\n\n\n<p><strong>Pass\u00e9 lui-m\u00eame par les J\u00e9suites lors de son adolescence<\/strong>, Emmanuel Macron lui offrira une premi\u00e8re version de 1585, tr\u00e8s rare, \u00e9crite par Giovanni Pietro Maffei [&#8230;] <mark style=\"background-color:rgba(0, 0, 0, 0)\" class=\"has-inline-color has-vivid-red-color\">Lire l&rsquo;article complet sur<\/mark> [<a href=\"https:\/\/www.bfmtv.com\/politique\/emmanuel-macron-offre-deux-biographies-du-jesuite-ignace-de-loyola-au-pape-francois_AN-202111260209.html\">BFM TV<\/a>] \ud83d\udd17<\/p>\n\n\n\n<p>\u271d\ufe0f <strong><mark style=\"background-color:rgba(0, 0, 0, 0)\" class=\"has-inline-color has-vivid-red-color\">J\u00e9sus est-il un extraterrestre ? L&rsquo;int\u00e9r\u00eat du Pape Fran\u00e7ois pour les UAP expliqu\u00e9<\/mark><\/strong>. <a href=\"https:\/\/youtu.be\/2izhNXn1Msc\">News Nation<\/a> \ud83d\udd17<\/p>\n\n\n\n<figure class=\"wp-block-embed aligncenter is-type-video is-provider-youtube wp-block-embed-youtube wp-embed-aspect-16-9 wp-has-aspect-ratio\"><div class=\"wp-block-embed__wrapper\">\n<iframe  id=\"_ytid_62259\"  width=\"640\" height=\"360\"  data-origwidth=\"640\" data-origheight=\"360\" src=\"https:\/\/www.youtube.com\/embed\/2izhNXn1Msc?enablejsapi=1&#038;autoplay=0&#038;cc_load_policy=0&#038;cc_lang_pref=&#038;iv_load_policy=1&#038;loop=0&#038;rel=1&#038;fs=1&#038;playsinline=0&#038;autohide=2&#038;theme=dark&#038;color=red&#038;controls=1&#038;disablekb=0&#038;\" class=\"__youtube_prefs__  epyt-is-override  no-lazyload\" title=\"YouTube player\"  allow=\"fullscreen; accelerometer; autoplay; clipboard-write; encrypted-media; gyroscope; picture-in-picture; web-share\" referrerpolicy=\"strict-origin-when-cross-origin\" allowfullscreen data-no-lazy=\"1\" data-skipgform_ajax_framebjll=\"\"><\/iframe>\n<\/div><figcaption class=\"wp-element-caption\"><strong>Reality Check with Ross CoulthartIs Jesus an alien?<\/strong> Pope Francis\u2019 interest in UAPs explained | Reality Check with Ross Coulthart \/ <a href=\"https:\/\/youtu.be\/2izhNXn1Msc\">News Nation<\/a> \ud83d\udd17<\/figcaption><\/figure>\n\n\n\n<p><strong>J\u00e9sus est-il un extraterrestre ?<\/strong> <strong>Le pape Fran\u00e7ois croit-il \u00e0 l&rsquo;UAP ?<\/strong> Dans cet <strong>\u00e9pisode <\/strong>de \u00ab <strong>Reality Check<\/strong> \u00bb, Ross Coulthart s&rsquo;entretient avec le <strong>docteur <\/strong>en th\u00e9ologie et auteur Gabriel Piedra pour r\u00e9pondre \u00e0 ces questions. Coulthart et Piedra se penchent \u00e9galement sur la <strong>vision <\/strong>qui a conduit le pape Fran\u00e7ois \u00e0 son pontificat, sur la franc-ma\u00e7onnerie et sur la question de savoir si la religion n&rsquo;est qu&rsquo;une explication de l&rsquo;UAP.<\/p>\n\n\n\n<p><span style=\"text-decoration: underline;\">Tu pourrais aussi aimer<\/span> : <\/p>\n\n\n\n<p><strong>\ud83d\udccd\u00a0\u00bb<a href=\"https:\/\/www.youtube.com\/watch?v=JRWbwVmqSP8\"><mark style=\"background-color:rgba(0, 0, 0, 0)\" class=\"has-inline-color has-vivid-red-color\">Il est IMPORTANT que l&rsquo;HUMANIT\u00c9 subisse une LE\u00c7ON<\/mark><\/a> <mark style=\"background-color:rgba(0, 0, 0, 0)\" class=\"has-inline-color has-vivid-red-color\">!<\/mark>\u00a0\u00bb \ud83d\udd17 l Philippe Guillemant.<\/strong><\/p>\n\n\n\n<figure class=\"wp-block-embed aligncenter is-type-video is-provider-youtube wp-block-embed-youtube wp-embed-aspect-16-9 wp-has-aspect-ratio\"><div class=\"wp-block-embed__wrapper\">\n<iframe  id=\"_ytid_35247\"  width=\"640\" height=\"360\"  data-origwidth=\"640\" data-origheight=\"360\" src=\"https:\/\/www.youtube.com\/embed\/JRWbwVmqSP8?enablejsapi=1&#038;autoplay=0&#038;cc_load_policy=0&#038;cc_lang_pref=&#038;iv_load_policy=1&#038;loop=0&#038;rel=1&#038;fs=1&#038;playsinline=0&#038;autohide=2&#038;theme=dark&#038;color=red&#038;controls=1&#038;disablekb=0&#038;\" class=\"__youtube_prefs__  epyt-is-override  no-lazyload\" title=\"YouTube player\"  allow=\"fullscreen; accelerometer; autoplay; clipboard-write; encrypted-media; gyroscope; picture-in-picture; web-share\" referrerpolicy=\"strict-origin-when-cross-origin\" allowfullscreen data-no-lazy=\"1\" data-skipgform_ajax_framebjll=\"\"><\/iframe>\n<\/div><figcaption class=\"wp-element-caption\">Philippe Guillemant est un ing\u00e9nieur physicien fran\u00e7ais <strong>dipl\u00f4m\u00e9 de l&rsquo;Ecole Centrale Paris et de l&rsquo;Institut de Physique du Globe<\/strong>\ud83e\ude90\ud83c\udf10 Il a exerc\u00e9 son activit\u00e9 au CNRS (UMR 7343, laboratoire IUSTI de Polytech&rsquo; Marseille), o\u00f9 il \u00e9tait <strong>Ing\u00e9nieur de Recherche Hors Classe<\/strong>. S<strong>p\u00e9cialiste d&rsquo;intelligence artificielle, ses travaux ont d\u00e9bouch\u00e9 sur la cr\u00e9ation de deux entreprises innovantes licenci\u00e9es par le CNRS<\/strong> : Synapsys et Uratek, <strong>qui lui ont valu plusieurs distinctions dont le Cristal du CNRS. Il m\u00e8ne aujourd&rsquo;hui une recherche beaucoup plus fondamentale en physique de l&rsquo;information <\/strong>\/ <a href=\"https:\/\/www.youtube.com\/watch?v=JRWbwVmqSP8\">Antith\u00e8se<\/a> \ud83d\udd17<\/figcaption><\/figure>\n\n\n\n<p>\ud83d\udc7b <strong><mark style=\"background-color:rgba(0, 0, 0, 0)\" class=\"has-inline-color has-vivid-red-color\"><a href=\"https:\/\/planetactus.com\/index.php\/2024\/11\/03\/john-constantine-heros-maudit-ou-dernier-espoir-contre-lenfer-lexorciste-qui-defie-les-tenebres-de-los-angeles-videos\/\">D\u00e9mons, Anges et R\u00e9demption<\/a> \ud83d\udd17John Constantine : H\u00e9ros Maudit ou Dernier Espoir Contre l\u2019Enfer<\/mark><\/strong> <strong>? L\u2019exorciste qui d\u00e9fie les t\u00e9n\u00e8bres de Los Angeles [Vid\u00e9os] \ud83c\udfacEntre Paradis et Enfers : Plong\u00e9e dans l\u2019Univers Mystique de Constantine.<\/strong><\/p>\n\n\n<div class=\"wp-block-image\">\n<figure class=\"aligncenter size-full\"><img data-opt-id=1496828807  data-opt-src=\"https:\/\/mlrdeoj2ejbf.i.optimole.com\/cb:mvHM.4ca\/w:auto\/h:auto\/q:mauto\/f:best\/https:\/\/i0.wp.com\/planetactus.com\/wp-content\/uploads\/2024\/11\/John-Constantine-Heros-Maudit-ou-Dernier-Espoir-Contre-lEnfer_Planet-Actus-IA-compressed.jpg\"  data-recalc-dims=\"1\" decoding=\"async\" width=\"640\" height=\"640\" src=\"data:image/svg+xml,%3Csvg%20viewBox%3D%220%200%20100%%20100%%22%20width%3D%22100%%22%20height%3D%22100%%22%20xmlns%3D%22http%3A%2F%2Fwww.w3.org%2F2000%2Fsvg%22%3E%3Crect%20width%3D%22100%%22%20height%3D%22100%%22%20fill%3D%22transparent%22%2F%3E%3C%2Fsvg%3E?resize=640%2C640\" alt=\"\" class=\"wp-image-2780\" old-srcset=\"https:\/\/mlrdeoj2ejbf.i.optimole.com\/cb:mvHM.4ca\/w:1024\/h:1024\/q:mauto\/f:best\/https:\/\/planetactus.com\/wp-content\/uploads\/2024\/11\/John-Constantine-Heros-Maudit-ou-Dernier-Espoir-Contre-lEnfer_Planet-Actus-IA-compressed.jpg 1024w, https:\/\/mlrdeoj2ejbf.i.optimole.com\/cb:mvHM.4ca\/w:300\/h:4000\/q:mauto\/f:best\/https:\/\/planetactus.com\/wp-content\/uploads\/2024\/11\/John-Constantine-Heros-Maudit-ou-Dernier-Espoir-Contre-lEnfer_Planet-Actus-IA-compressed.jpg 300w, https:\/\/mlrdeoj2ejbf.i.optimole.com\/cb:mvHM.4ca\/w:150\/h:4000\/q:mauto\/f:best\/https:\/\/planetactus.com\/wp-content\/uploads\/2024\/11\/John-Constantine-Heros-Maudit-ou-Dernier-Espoir-Contre-lEnfer_Planet-Actus-IA-compressed.jpg 150w, https:\/\/mlrdeoj2ejbf.i.optimole.com\/cb:mvHM.4ca\/w:768\/h:4000\/q:mauto\/f:best\/https:\/\/planetactus.com\/wp-content\/uploads\/2024\/11\/John-Constantine-Heros-Maudit-ou-Dernier-Espoir-Contre-lEnfer_Planet-Actus-IA-compressed.jpg 768w\" \/><figcaption class=\"wp-element-caption\">Illustration image \/ \ud83d\udd17 <a href=\"https:\/\/planetactus.com\/index.php\/2024\/11\/03\/john-constantine-heros-maudit-ou-dernier-espoir-contre-lenfer-lexorciste-qui-defie-les-tenebres-de-los-angeles-videos\/\">Planet Actus<\/a> <strong>\ud83e\ude90\ud83d\udef8\ud83d\udc7d<\/strong><\/figcaption><\/figure>\n<\/div>\n\n\n<p>\ud83d\udccd<strong>Adapt\u00e9 du c\u00e9l\u00e8bre comics Hellblazer, le film Constantine nous plonge dans le Monde Obscur de l\u2019Exorciste et Occultiste John Constantine, incarn\u00e9 par Keanu Reeves<\/strong>. Confront\u00e9 \u00e0 un cancer du poumon en phase terminale et hant\u00e9 par une tentative de suicide qui le promet \u00e0 l\u2019enfer, <strong>Constantine se retrouve embarqu\u00e9 dans une mission aussi personnelle que p\u00e9rilleuse<\/strong>. Alors qu\u2019il tente de sauver l\u2019\u00e2me de la s\u0153ur d\u2019Angela Dodson, une <strong>d\u00e9tective <\/strong>persuad\u00e9e que sa <strong>jumelle<\/strong>, r\u00e9cemment suicid\u00e9e, a \u00e9t\u00e9 assassin\u00e9e, <strong>il d\u00e9couvre une conspiration d\u00e9moniaque visant \u00e0 lib\u00e9rer le fils de Satan dans le monde des vivants<\/strong>. <mark style=\"background-color:rgba(0, 0, 0, 0)\" class=\"has-inline-color has-vivid-red-color\">Lire et Voir la suite sur<\/mark> [<a href=\"https:\/\/planetactus.com\/index.php\/2024\/11\/03\/john-constantine-heros-maudit-ou-dernier-espoir-contre-lenfer-lexorciste-qui-defie-les-tenebres-de-los-angeles-videos\/\">Planet Actus<\/a>] \ud83d\udd17\ud83e\ude90<\/p>\n\n\n\n<p>\ud83e\udd16 <a href=\"https:\/\/planetactus.com\/index.php\/video\/le-nouveau-dieu-dans-votre-poche-the-new-god-in-your-pocket\/\"><strong><mark style=\"background-color:rgba(0, 0, 0, 0)\" class=\"has-inline-color has-vivid-red-color\">Le nouveau Dieu dans votre poche<\/mark><\/strong><\/a><mark style=\"background-color:rgba(0, 0, 0, 0)\" class=\"has-inline-color has-vivid-red-color\"> \ud83d\udd17<\/mark> \/ \ud83c\udfac\ud83d\udd17 <a href=\"https:\/\/planetactus.com\/index.php\/video-articles\/\">Vid\u00e9os Articles <\/a>\/ <strong>Planet Actus<\/strong> <strong>\ud83e\ude90<\/strong><\/p>\n\n\n\n<figure class=\"wp-block-embed aligncenter is-type-video is-provider-youtube wp-block-embed-youtube wp-embed-aspect-16-9 wp-has-aspect-ratio\"><div class=\"wp-block-embed__wrapper\">\n<iframe  id=\"_ytid_72595\"  width=\"640\" height=\"360\"  data-origwidth=\"640\" data-origheight=\"360\" src=\"https:\/\/www.youtube.com\/embed\/87dmW4q-HQs?enablejsapi=1&#038;autoplay=0&#038;cc_load_policy=0&#038;cc_lang_pref=&#038;iv_load_policy=1&#038;loop=0&#038;rel=1&#038;fs=1&#038;playsinline=0&#038;autohide=2&#038;theme=dark&#038;color=red&#038;controls=1&#038;disablekb=0&#038;\" class=\"__youtube_prefs__  epyt-is-override  no-lazyload\" title=\"YouTube player\"  allow=\"fullscreen; accelerometer; autoplay; clipboard-write; encrypted-media; gyroscope; picture-in-picture; web-share\" referrerpolicy=\"strict-origin-when-cross-origin\" allowfullscreen data-no-lazy=\"1\" data-skipgform_ajax_framebjll=\"\"><\/iframe>\n<\/div><figcaption class=\"wp-element-caption\">Et si Internet \u00e9tait vivant ? Et si nous alimentions chaque jour, sans nous en rendre compte, une singularit\u00e9 technologique et consciente \u00e0 venir ? Aujourd\u2019hui, je vous emm\u00e8ne avec moi repenser cet espace \u00e0 la fois fascinant et incompr\u00e9hensible qu\u2019est Internet, et ce qu\u2019il pourrait devenir d\u2019ici seulement quelques d\u00e9cennies. Attachez vos ceintures \/ \ud83c\udfac <strong>\ud83d\udd17<\/strong> <a href=\"https:\/\/planetactus.com\/index.php\/video-articles\/\">Videos Articles<\/a> \/ <a href=\"https:\/\/planetactus.com\/index.php\/video-articles\/\">Planet Actus<\/a> \ud83d\udd17<\/figcaption><\/figure>\n\n\n\n<p><strong>\ud83d\udca1&nbsp;<\/strong><mark style=\"background-color:rgba(0, 0, 0, 0)\" class=\"has-inline-color has-vivid-red-color\">Si cet article vous a plu, n\u2019h\u00e9sitez pas \u00e0 le partager avec vos proches et sur tous vos r\u00e9seaux sociaux ! Suivez-nous pour plus d\u2019actualit\u00e9s passionnantes<\/mark>.<\/p>\n\n\n\n<p><strong>\ud83d\udef8<\/strong><strong>&nbsp;<a href=\"https:\/\/t.me\/ufo_planetactus_sightings\">Ufo Planet Actus Sightings Investigations<\/a>&nbsp;<\/strong><strong>\ud83d\udc7d<\/strong><strong><br><\/strong><strong>\ud83e\ude90<\/strong><strong>&nbsp;<\/strong><a href=\"https:\/\/t.me\/planetactus\"><strong>Planet Actus&nbsp;True News Letters<\/strong><\/a><strong>&nbsp;<\/strong><strong>\ud83d\uddde<\/strong><strong><br><\/strong><strong>\ud83d\udcbb<\/strong><strong>&nbsp;<\/strong><a href=\"https:\/\/planetactus.com\/\"><strong>Planet Actus.com<\/strong><\/a><strong>&nbsp;<\/strong><strong>\ud83e\ude90<\/strong><\/p>\n\n\n<div class=\"wp-block-post-author\"><div class=\"wp-block-post-author__avatar\"><img decoding=async data-opt-id=1391982141  alt='' src='\/\/www.gravatar.com\/avatar\/1f651b4ef1fc23d4d1601d6f2649258e?s=48&#038;r=g&#038;d=mm' srcset='\/\/www.gravatar.com\/avatar\/1f651b4ef1fc23d4d1601d6f2649258e?s=48&#038;r=g&#038;d=mm 2x' class='avatar avatar-48 photo' height='48' width='48' \/><\/div><div class=\"wp-block-post-author__content\"><p class=\"wp-block-post-author__byline\"><a href=\"http:\/\/planetactus.com\">planetactus<\/a>.<\/p><p class=\"wp-block-post-author__name\">planetactus.com<\/p><\/div><\/div>\n\n\n\n\n<p><\/p>\n<div class=\"gsp_post_data\" \r\n\t            data-post_type=\"post\" \r\n\t            data-cat=\"a-la-une,allies-de-lhumanite,baba-vanga,connaissance-et-spiritualite,entites-du-bas-astral,leveil,le-suaire-de-turin,presences-extra-terrestres,supramental,ufo-news\" \r\n\t            data-modified=\"120\"\r\n\t            data-created=\"1743308927\"\r\n\t            data-title=\"La Face Cach\u00e9e des J\u00e9suites : Infiltrations, Manipulations et Domination Mondiale. Ce que l\u2019Histoire Officielle ne Vous Dira Jamais.\" \r\n\t            data-home=\"https:\/\/planetactus.com\"><\/div>","protected":false},"excerpt":{"rendered":"<p>\u00ab&nbsp;Voici une information qui n\u2019a pas encore \u00e9t\u00e9 r\u00e9v\u00e9l\u00e9e de mani\u00e8re explicite. Quelques chercheurs sur le th\u00e8me des Illuminati ont mentionn\u00e9 ce groupe &#8211; dont chacun conna\u00eet le nom depuis toujours &#8211; mais ils ont contourn\u00e9 l\u2019obstacle. D\u00e9sinformation ? \u00c0 croire que tout le monde parle des Illuminati sans rien en savoir. En clair, ce [&hellip;]<\/p>\n","protected":false},"author":1,"featured_media":4060,"comment_status":"open","ping_status":"open","sticky":false,"template":"","format":"standard","meta":{"_bbp_topic_count":0,"_bbp_reply_count":0,"_bbp_total_topic_count":0,"_bbp_total_reply_count":0,"_bbp_voice_count":0,"_bbp_anonymous_reply_count":0,"_bbp_topic_count_hidden":0,"_bbp_reply_count_hidden":0,"_bbp_forum_subforum_count":0,"fifu_image_url":"","fifu_image_alt":"","_jetpack_memberships_contains_paid_content":false,"footnotes":"[]","jetpack_publicize_message":"","jetpack_publicize_feature_enabled":true,"jetpack_social_post_already_shared":false,"jetpack_social_options":{"image_generator_settings":{"template":"highway","default_image_id":0,"font":"","enabled":false},"version":2}},"categories":[19,135,140,37,129,41,132,134,99,12],"tags":[],"class_list":["post-4053","post","type-post","status-publish","format-standard","has-post-thumbnail","hentry","category-a-la-une","category-allies-de-lhumanite","category-baba-vanga","category-connaissance-et-spiritualite","category-entites-du-bas-astral","category-leveil","category-le-suaire-de-turin","category-presences-extra-terrestres","category-supramental","category-ufo-news"],"featured_image_src":"https:\/\/mlrdeoj2ejbf.i.optimole.com\/cb:mvHM.4ca\/w:auto\/h:auto\/q:mauto\/f:best\/https:\/\/i0.wp.com\/planetactus.com\/wp-content\/uploads\/2025\/03\/La-Face-Cachee-des-Jesuites.-Infiltrations-Manipulations-et-Domination-Mondiale.-Ce-que-lHistoire-Officielle-ne-Vous-Dira-Jamais_Planet-Actus-IA.webp?fit=1024%2C1024&ssl=1","author_info":{"display_name":"planetactus.com","author_link":"https:\/\/planetactus.com\/index.php\/author\/admin9861\/"},"yoast_head":"<!-- This site is optimized with the Yoast SEO plugin v27.5 - https:\/\/yoast.com\/product\/yoast-seo-wordpress\/ -->\n<title>La Face Cach\u00e9e des J\u00e9suites : Infiltrations, Manipulations et Domination Mondiale. Ce que l\u2019Histoire Officielle ne Vous Dira Jamais. -<\/title>\n<meta name=\"description\" content=\"Depuis des si\u00e8cles, l\u2019ombre des J\u00e9suites plane sur l\u2019histoire du monde. Organisation religieuse ou soci\u00e9t\u00e9 secr\u00e8te aux ambitions inavouables ? Dans son ouvrage C.R.O.M. \u2013 La Piste J\u00e9suite, Jo\u00ebl Labruy\u00e8re l\u00e8ve le voile sur ce qu\u2019il consid\u00e8re comme l\u2019une des forces occultes les plus puissantes de notre \u00e9poque.\" class=\"yoast-seo-meta-tag\" \/>\n<meta name=\"robots\" content=\"index, follow, max-snippet:-1, max-image-preview:large, max-video-preview:-1\" \/>\n<link rel=\"canonical\" href=\"https:\/\/planetactus.com\/index.php\/2025\/03\/30\/la-face-cachee-des-jesuites-infiltrations-manipulations-et-domination-mondiale-ce-que-lhistoire-officielle-ne-vous-dira-jamais\/\" class=\"yoast-seo-meta-tag\" \/>\n<meta property=\"og:locale\" content=\"fr_FR\" class=\"yoast-seo-meta-tag\" \/>\n<meta property=\"og:type\" content=\"article\" class=\"yoast-seo-meta-tag\" \/>\n<meta property=\"og:title\" content=\"La Face Cach\u00e9e des J\u00e9suites : Infiltrations, Manipulations et Domination Mondiale. Ce que l\u2019Histoire Officielle ne Vous Dira Jamais.\" class=\"yoast-seo-meta-tag\" \/>\n<meta property=\"og:description\" content=\"Depuis des si\u00e8cles, l\u2019ombre des J\u00e9suites plane sur l\u2019histoire du monde. Organisation religieuse ou soci\u00e9t\u00e9 secr\u00e8te aux ambitions inavouables ? Dans son ouvrage C.R.O.M. \u2013 La Piste J\u00e9suite, Jo\u00ebl Labruy\u00e8re l\u00e8ve le voile sur ce qu\u2019il consid\u00e8re comme l\u2019une des forces occultes les plus puissantes de notre \u00e9poque.\" class=\"yoast-seo-meta-tag\" \/>\n<meta property=\"og:url\" content=\"https:\/\/planetactus.com\/index.php\/2025\/03\/30\/la-face-cachee-des-jesuites-infiltrations-manipulations-et-domination-mondiale-ce-que-lhistoire-officielle-ne-vous-dira-jamais\/\" class=\"yoast-seo-meta-tag\" \/>\n<meta property=\"article:publisher\" content=\"https:\/\/www.facebook.com\/profile.php?id=61561620320740\" class=\"yoast-seo-meta-tag\" \/>\n<meta property=\"article:author\" content=\"https:\/\/www.facebook.com\/profile.php?id=61561620320740\" class=\"yoast-seo-meta-tag\" \/>\n<meta property=\"article:published_time\" content=\"2025-03-30T02:28:47+00:00\" class=\"yoast-seo-meta-tag\" \/>\n<meta property=\"article:modified_time\" content=\"2025-03-31T01:48:30+00:00\" class=\"yoast-seo-meta-tag\" \/>\n<meta property=\"og:image\" content=\"https:\/\/mlrdeoj2ejbf.i.optimole.com\/cb:mvHM.4ca\/w:auto\/h:auto\/q:mauto\/f:best\/http:\/\/planetactus.com\/wp-content\/uploads\/2025\/03\/La-Face-Cachee-des-Jesuites.-Infiltrations-Manipulations-et-Domination-Mondiale.-Ce-que-lHistoire-Officielle-ne-Vous-Dira-Jamais_Planet-Actus-IA.webp\" class=\"yoast-seo-meta-tag\" \/>\n\t<meta property=\"og:image:width\" content=\"1024\" class=\"yoast-seo-meta-tag\" \/>\n\t<meta property=\"og:image:height\" content=\"1024\" class=\"yoast-seo-meta-tag\" \/>\n\t<meta property=\"og:image:type\" content=\"image\/webp\" class=\"yoast-seo-meta-tag\" \/>\n<meta name=\"author\" content=\"planetactus.com\" class=\"yoast-seo-meta-tag\" \/>\n<meta name=\"twitter:card\" content=\"summary_large_image\" class=\"yoast-seo-meta-tag\" \/>\n<meta name=\"twitter:title\" content=\"La Face Cach\u00e9e des J\u00e9suites : Infiltrations, Manipulations et Domination Mondiale. Ce que l\u2019Histoire Officielle ne Vous Dira Jamais.\" class=\"yoast-seo-meta-tag\" \/>\n<meta name=\"twitter:description\" content=\"Depuis des si\u00e8cles, l\u2019ombre des J\u00e9suites plane sur l\u2019histoire du monde. Organisation religieuse ou soci\u00e9t\u00e9 secr\u00e8te aux ambitions inavouables ? Dans son ouvrage C.R.O.M. \u2013 La Piste J\u00e9suite, Jo\u00ebl Labruy\u00e8re l\u00e8ve le voile sur ce qu\u2019il consid\u00e8re comme l\u2019une des forces occultes les plus puissantes de notre \u00e9poque.\" class=\"yoast-seo-meta-tag\" \/>\n<meta name=\"twitter:image\" content=\"https:\/\/mlrdeoj2ejbf.i.optimole.com\/cb:mvHM.4ca\/w:auto\/h:auto\/q:mauto\/f:best\/https:\/\/i0.wp.com\/planetactus.com\/wp-content\/uploads\/2025\/03\/La-Face-Cachee-des-Jesuites.-Infiltrations-Manipulations-et-Domination-Mondiale.-Ce-que-lHistoire-Officielle-ne-Vous-Dira-Jamais_Planet-Actus-IA.webp?fit=1024%2C1024&ssl=1\" class=\"yoast-seo-meta-tag\" \/>\n<meta name=\"twitter:creator\" content=\"@https:\/\/x.com\/PlanetActus\" class=\"yoast-seo-meta-tag\" \/>\n<meta name=\"twitter:site\" content=\"@PlanetActus\" class=\"yoast-seo-meta-tag\" \/>\n<meta name=\"twitter:label1\" content=\"\u00c9crit par\" class=\"yoast-seo-meta-tag\" \/>\n\t<meta name=\"twitter:data1\" content=\"planetactus.com\" class=\"yoast-seo-meta-tag\" \/>\n\t<meta name=\"twitter:label2\" content=\"Dur\u00e9e de lecture estim\u00e9e\" class=\"yoast-seo-meta-tag\" \/>\n\t<meta name=\"twitter:data2\" content=\"24 minutes\" class=\"yoast-seo-meta-tag\" \/>\n<script type=\"application\/ld+json\" class=\"yoast-schema-graph\">{\"@context\":\"https:\\\/\\\/schema.org\",\"@graph\":[{\"@type\":\"Article\",\"@id\":\"https:\\\/\\\/planetactus.com\\\/index.php\\\/2025\\\/03\\\/30\\\/la-face-cachee-des-jesuites-infiltrations-manipulations-et-domination-mondiale-ce-que-lhistoire-officielle-ne-vous-dira-jamais\\\/#article\",\"isPartOf\":{\"@id\":\"https:\\\/\\\/planetactus.com\\\/index.php\\\/2025\\\/03\\\/30\\\/la-face-cachee-des-jesuites-infiltrations-manipulations-et-domination-mondiale-ce-que-lhistoire-officielle-ne-vous-dira-jamais\\\/\"},\"author\":{\"name\":\"planetactus.com\",\"@id\":\"https:\\\/\\\/planetactus.com\\\/#\\\/schema\\\/person\\\/fbb75ac73a2424d2e176d31b021372a4\"},\"headline\":\"La Face Cach\u00e9e des J\u00e9suites : Infiltrations, Manipulations et Domination Mondiale. Ce que l\u2019Histoire Officielle ne Vous Dira Jamais.\",\"datePublished\":\"2025-03-30T02:28:47+00:00\",\"dateModified\":\"2025-03-31T01:48:30+00:00\",\"mainEntityOfPage\":{\"@id\":\"https:\\\/\\\/planetactus.com\\\/index.php\\\/2025\\\/03\\\/30\\\/la-face-cachee-des-jesuites-infiltrations-manipulations-et-domination-mondiale-ce-que-lhistoire-officielle-ne-vous-dira-jamais\\\/\"},\"wordCount\":5302,\"commentCount\":1,\"publisher\":{\"@id\":\"https:\\\/\\\/planetactus.com\\\/#\\\/schema\\\/person\\\/fbb75ac73a2424d2e176d31b021372a4\"},\"image\":{\"@id\":\"https:\\\/\\\/planetactus.com\\\/index.php\\\/2025\\\/03\\\/30\\\/la-face-cachee-des-jesuites-infiltrations-manipulations-et-domination-mondiale-ce-que-lhistoire-officielle-ne-vous-dira-jamais\\\/#primaryimage\"},\"thumbnailUrl\":\"https:\\/\\/i0.wp.com\\/planetactus.com\\/wp-content\\/uploads\\/2025\\/03\\/La-Face-Cachee-des-Jesuites.-Infiltrations-Manipulations-et-Domination-Mondiale.-Ce-que-lHistoire-Officielle-ne-Vous-Dira-Jamais_Planet-Actus-IA.webp?fit=1024%2C1024&ssl=1\",\"articleSection\":[\"A la Une\",\"Alli\u00e9s de l'Humanit\u00e9\",\"Baba Vanga\",\"Connaissance et Spiritualit\u00e9\",\"Entit\u00e9s du Bas Astral\",\"L'Eveil\",\"Le Suaire de Turin\",\"Pr\u00e9sences Extra-Terrestres\",\"Supramental\",\"Ufo-News\"],\"inLanguage\":\"fr-FR\",\"potentialAction\":[{\"@type\":\"CommentAction\",\"name\":\"Comment\",\"target\":[\"https:\\\/\\\/planetactus.com\\\/index.php\\\/2025\\\/03\\\/30\\\/la-face-cachee-des-jesuites-infiltrations-manipulations-et-domination-mondiale-ce-que-lhistoire-officielle-ne-vous-dira-jamais\\\/#respond\"]}]},{\"@type\":\"WebPage\",\"@id\":\"https:\\\/\\\/planetactus.com\\\/index.php\\\/2025\\\/03\\\/30\\\/la-face-cachee-des-jesuites-infiltrations-manipulations-et-domination-mondiale-ce-que-lhistoire-officielle-ne-vous-dira-jamais\\\/\",\"url\":\"https:\\\/\\\/planetactus.com\\\/index.php\\\/2025\\\/03\\\/30\\\/la-face-cachee-des-jesuites-infiltrations-manipulations-et-domination-mondiale-ce-que-lhistoire-officielle-ne-vous-dira-jamais\\\/\",\"name\":\"La Face Cach\u00e9e des J\u00e9suites : Infiltrations, Manipulations et Domination Mondiale. Ce que l\u2019Histoire Officielle ne Vous Dira Jamais. -\",\"isPartOf\":{\"@id\":\"https:\\\/\\\/planetactus.com\\\/#website\"},\"primaryImageOfPage\":{\"@id\":\"https:\\\/\\\/planetactus.com\\\/index.php\\\/2025\\\/03\\\/30\\\/la-face-cachee-des-jesuites-infiltrations-manipulations-et-domination-mondiale-ce-que-lhistoire-officielle-ne-vous-dira-jamais\\\/#primaryimage\"},\"image\":{\"@id\":\"https:\\\/\\\/planetactus.com\\\/index.php\\\/2025\\\/03\\\/30\\\/la-face-cachee-des-jesuites-infiltrations-manipulations-et-domination-mondiale-ce-que-lhistoire-officielle-ne-vous-dira-jamais\\\/#primaryimage\"},\"thumbnailUrl\":\"https:\\/\\/i0.wp.com\\/planetactus.com\\/wp-content\\/uploads\\/2025\\/03\\/La-Face-Cachee-des-Jesuites.-Infiltrations-Manipulations-et-Domination-Mondiale.-Ce-que-lHistoire-Officielle-ne-Vous-Dira-Jamais_Planet-Actus-IA.webp?fit=1024%2C1024&ssl=1\",\"datePublished\":\"2025-03-30T02:28:47+00:00\",\"dateModified\":\"2025-03-31T01:48:30+00:00\",\"description\":\"Depuis des si\u00e8cles, l\u2019ombre des J\u00e9suites plane sur l\u2019histoire du monde. Organisation religieuse ou soci\u00e9t\u00e9 secr\u00e8te aux ambitions inavouables ? Dans son ouvrage C.R.O.M. \u2013 La Piste J\u00e9suite, Jo\u00ebl Labruy\u00e8re l\u00e8ve le voile sur ce qu\u2019il consid\u00e8re comme l\u2019une des forces occultes les plus puissantes de notre \u00e9poque.\",\"breadcrumb\":{\"@id\":\"https:\\\/\\\/planetactus.com\\\/index.php\\\/2025\\\/03\\\/30\\\/la-face-cachee-des-jesuites-infiltrations-manipulations-et-domination-mondiale-ce-que-lhistoire-officielle-ne-vous-dira-jamais\\\/#breadcrumb\"},\"inLanguage\":\"fr-FR\",\"potentialAction\":[{\"@type\":\"ReadAction\",\"target\":[\"https:\\\/\\\/planetactus.com\\\/index.php\\\/2025\\\/03\\\/30\\\/la-face-cachee-des-jesuites-infiltrations-manipulations-et-domination-mondiale-ce-que-lhistoire-officielle-ne-vous-dira-jamais\\\/\"]}]},{\"@type\":\"ImageObject\",\"inLanguage\":\"fr-FR\",\"@id\":\"https:\\\/\\\/planetactus.com\\\/index.php\\\/2025\\\/03\\\/30\\\/la-face-cachee-des-jesuites-infiltrations-manipulations-et-domination-mondiale-ce-que-lhistoire-officielle-ne-vous-dira-jamais\\\/#primaryimage\",\"url\":\"https:\\/\\/i0.wp.com\\/planetactus.com\\/wp-content\\/uploads\\/2025\\/03\\/La-Face-Cachee-des-Jesuites.-Infiltrations-Manipulations-et-Domination-Mondiale.-Ce-que-lHistoire-Officielle-ne-Vous-Dira-Jamais_Planet-Actus-IA.webp?fit=1024%2C1024&ssl=1\",\"contentUrl\":\"https:\\/\\/i0.wp.com\\/planetactus.com\\/wp-content\\/uploads\\/2025\\/03\\/La-Face-Cachee-des-Jesuites.-Infiltrations-Manipulations-et-Domination-Mondiale.-Ce-que-lHistoire-Officielle-ne-Vous-Dira-Jamais_Planet-Actus-IA.webp?fit=1024%2C1024&ssl=1\",\"width\":1024,\"height\":1024,\"caption\":\"La Face Cach\u00e9e des J\u00e9suites. Infiltrations, Manipulations et Domination Mondiale. Ce que l\u2019Histoire Officielle ne Vous Dira Jamais_Planet Actus IA\"},{\"@type\":\"BreadcrumbList\",\"@id\":\"https:\\\/\\\/planetactus.com\\\/index.php\\\/2025\\\/03\\\/30\\\/la-face-cachee-des-jesuites-infiltrations-manipulations-et-domination-mondiale-ce-que-lhistoire-officielle-ne-vous-dira-jamais\\\/#breadcrumb\",\"itemListElement\":[{\"@type\":\"ListItem\",\"position\":1,\"name\":\"Accueil\",\"item\":\"https:\\\/\\\/planetactus.com\\\/\"},{\"@type\":\"ListItem\",\"position\":2,\"name\":\"La Face Cach\u00e9e des J\u00e9suites : Infiltrations, Manipulations et Domination Mondiale. Ce que l\u2019Histoire Officielle ne Vous Dira Jamais.\"}]},{\"@type\":\"WebSite\",\"@id\":\"https:\\\/\\\/planetactus.com\\\/#website\",\"url\":\"https:\\\/\\\/planetactus.com\\\/\",\"name\":\"PLANET ACTUS\",\"description\":\"PLANET ACTUS\",\"publisher\":{\"@id\":\"https:\\\/\\\/planetactus.com\\\/#\\\/schema\\\/person\\\/fbb75ac73a2424d2e176d31b021372a4\"},\"potentialAction\":[{\"@type\":\"SearchAction\",\"target\":{\"@type\":\"EntryPoint\",\"urlTemplate\":\"https:\\\/\\\/planetactus.com\\\/?s={search_term_string}\"},\"query-input\":{\"@type\":\"PropertyValueSpecification\",\"valueRequired\":true,\"valueName\":\"search_term_string\"}}],\"inLanguage\":\"fr-FR\"},{\"@type\":[\"Person\",\"Organization\"],\"@id\":\"https:\\\/\\\/planetactus.com\\\/#\\\/schema\\\/person\\\/fbb75ac73a2424d2e176d31b021372a4\",\"name\":\"planetactus.com\",\"image\":{\"@type\":\"ImageObject\",\"inLanguage\":\"fr-FR\",\"@id\":\"https:\\/\\/i0.wp.com\\/planetactus.com\\/wp-content\\/uploads\\/2024\\/07\\/cropped-2-Planet-Actus-Banniere-02a.jpg?fit=1189%2C365&ssl=1\",\"url\":\"https:\\/\\/i0.wp.com\\/planetactus.com\\/wp-content\\/uploads\\/2024\\/07\\/cropped-2-Planet-Actus-Banniere-02a.jpg?fit=1189%2C365&ssl=1\",\"contentUrl\":\"https:\\/\\/i0.wp.com\\/planetactus.com\\/wp-content\\/uploads\\/2024\\/07\\/cropped-2-Planet-Actus-Banniere-02a.jpg?fit=1189%2C365&ssl=1\",\"width\":1189,\"height\":365,\"caption\":\"planetactus.com\"},\"logo\":{\"@id\":\"https:\\/\\/i0.wp.com\\/planetactus.com\\/wp-content\\/uploads\\/2024\\/07\\/cropped-2-Planet-Actus-Banniere-02a.jpg?fit=1189%2C365&ssl=1\"},\"sameAs\":[\"http:\\\/\\\/planetactus.com\",\"https:\\\/\\\/www.facebook.com\\\/profile.php?id=61561620320740\",\"https:\\\/\\\/x.com\\\/https:\\\/\\\/x.com\\\/PlanetActus\",\"https:\\\/\\\/www.youtube.com\\\/@PlanetActus\"],\"url\":\"https:\\\/\\\/planetactus.com\\\/index.php\\\/author\\\/admin9861\\\/\"}]}<\/script>\n<!-- \/ Yoast SEO plugin. -->","yoast_head_json":{"title":"La Face Cach\u00e9e des J\u00e9suites : Infiltrations, Manipulations et Domination Mondiale. Ce que l\u2019Histoire Officielle ne Vous Dira Jamais. -","description":"Depuis des si\u00e8cles, l\u2019ombre des J\u00e9suites plane sur l\u2019histoire du monde. Organisation religieuse ou soci\u00e9t\u00e9 secr\u00e8te aux ambitions inavouables ? Dans son ouvrage C.R.O.M. \u2013 La Piste J\u00e9suite, Jo\u00ebl Labruy\u00e8re l\u00e8ve le voile sur ce qu\u2019il consid\u00e8re comme l\u2019une des forces occultes les plus puissantes de notre \u00e9poque.","robots":{"index":"index","follow":"follow","max-snippet":"max-snippet:-1","max-image-preview":"max-image-preview:large","max-video-preview":"max-video-preview:-1"},"canonical":"https:\/\/planetactus.com\/index.php\/2025\/03\/30\/la-face-cachee-des-jesuites-infiltrations-manipulations-et-domination-mondiale-ce-que-lhistoire-officielle-ne-vous-dira-jamais\/","og_locale":"fr_FR","og_type":"article","og_title":"La Face Cach\u00e9e des J\u00e9suites : Infiltrations, Manipulations et Domination Mondiale. Ce que l\u2019Histoire Officielle ne Vous Dira Jamais.","og_description":"Depuis des si\u00e8cles, l\u2019ombre des J\u00e9suites plane sur l\u2019histoire du monde. Organisation religieuse ou soci\u00e9t\u00e9 secr\u00e8te aux ambitions inavouables ? Dans son ouvrage C.R.O.M. \u2013 La Piste J\u00e9suite, Jo\u00ebl Labruy\u00e8re l\u00e8ve le voile sur ce qu\u2019il consid\u00e8re comme l\u2019une des forces occultes les plus puissantes de notre \u00e9poque.","og_url":"https:\/\/planetactus.com\/index.php\/2025\/03\/30\/la-face-cachee-des-jesuites-infiltrations-manipulations-et-domination-mondiale-ce-que-lhistoire-officielle-ne-vous-dira-jamais\/","article_publisher":"https:\/\/www.facebook.com\/profile.php?id=61561620320740","article_author":"https:\/\/www.facebook.com\/profile.php?id=61561620320740","article_published_time":"2025-03-30T02:28:47+00:00","article_modified_time":"2025-03-31T01:48:30+00:00","og_image":[{"width":1024,"height":1024,"url":"https:\/\/mlrdeoj2ejbf.i.optimole.com\/cb:mvHM.4ca\/w:auto\/h:auto\/q:mauto\/f:best\/http:\/\/planetactus.com\/wp-content\/uploads\/2025\/03\/La-Face-Cachee-des-Jesuites.-Infiltrations-Manipulations-et-Domination-Mondiale.-Ce-que-lHistoire-Officielle-ne-Vous-Dira-Jamais_Planet-Actus-IA.webp","type":"image\/webp"}],"author":"planetactus.com","twitter_card":"summary_large_image","twitter_title":"La Face Cach\u00e9e des J\u00e9suites : Infiltrations, Manipulations et Domination Mondiale. Ce que l\u2019Histoire Officielle ne Vous Dira Jamais.","twitter_description":"Depuis des si\u00e8cles, l\u2019ombre des J\u00e9suites plane sur l\u2019histoire du monde. Organisation religieuse ou soci\u00e9t\u00e9 secr\u00e8te aux ambitions inavouables ? Dans son ouvrage C.R.O.M. \u2013 La Piste J\u00e9suite, Jo\u00ebl Labruy\u00e8re l\u00e8ve le voile sur ce qu\u2019il consid\u00e8re comme l\u2019une des forces occultes les plus puissantes de notre \u00e9poque.","twitter_image":"https:\/\/mlrdeoj2ejbf.i.optimole.com\/cb:mvHM.4ca\/w:auto\/h:auto\/q:mauto\/f:best\/https:\/\/i0.wp.com\/planetactus.com\/wp-content\/uploads\/2025\/03\/La-Face-Cachee-des-Jesuites.-Infiltrations-Manipulations-et-Domination-Mondiale.-Ce-que-lHistoire-Officielle-ne-Vous-Dira-Jamais_Planet-Actus-IA.webp?fit=1024%2C1024&ssl=1","twitter_creator":"@https:\/\/x.com\/PlanetActus","twitter_site":"@PlanetActus","twitter_misc":{"\u00c9crit par":"planetactus.com","Dur\u00e9e de lecture estim\u00e9e":"24 minutes"},"schema":{"@context":"https:\/\/schema.org","@graph":[{"@type":"Article","@id":"https:\/\/planetactus.com\/index.php\/2025\/03\/30\/la-face-cachee-des-jesuites-infiltrations-manipulations-et-domination-mondiale-ce-que-lhistoire-officielle-ne-vous-dira-jamais\/#article","isPartOf":{"@id":"https:\/\/planetactus.com\/index.php\/2025\/03\/30\/la-face-cachee-des-jesuites-infiltrations-manipulations-et-domination-mondiale-ce-que-lhistoire-officielle-ne-vous-dira-jamais\/"},"author":{"name":"planetactus.com","@id":"https:\/\/planetactus.com\/#\/schema\/person\/fbb75ac73a2424d2e176d31b021372a4"},"headline":"La Face Cach\u00e9e des J\u00e9suites : Infiltrations, Manipulations et Domination Mondiale. Ce que l\u2019Histoire Officielle ne Vous Dira Jamais.","datePublished":"2025-03-30T02:28:47+00:00","dateModified":"2025-03-31T01:48:30+00:00","mainEntityOfPage":{"@id":"https:\/\/planetactus.com\/index.php\/2025\/03\/30\/la-face-cachee-des-jesuites-infiltrations-manipulations-et-domination-mondiale-ce-que-lhistoire-officielle-ne-vous-dira-jamais\/"},"wordCount":5302,"commentCount":1,"publisher":{"@id":"https:\/\/planetactus.com\/#\/schema\/person\/fbb75ac73a2424d2e176d31b021372a4"},"image":{"@id":"https:\/\/planetactus.com\/index.php\/2025\/03\/30\/la-face-cachee-des-jesuites-infiltrations-manipulations-et-domination-mondiale-ce-que-lhistoire-officielle-ne-vous-dira-jamais\/#primaryimage"},"thumbnailUrl":"https:\/\/mlrdeoj2ejbf.i.optimole.com\/cb:mvHM.4ca\/w:auto\/h:auto\/q:mauto\/f:best\/https:\/\/i0.wp.com\/planetactus.com\/wp-content\/uploads\/2025\/03\/La-Face-Cachee-des-Jesuites.-Infiltrations-Manipulations-et-Domination-Mondiale.-Ce-que-lHistoire-Officielle-ne-Vous-Dira-Jamais_Planet-Actus-IA.webp?fit=1024%2C1024&ssl=1","articleSection":["A la Une","Alli\u00e9s de l'Humanit\u00e9","Baba Vanga","Connaissance et Spiritualit\u00e9","Entit\u00e9s du Bas Astral","L'Eveil","Le Suaire de Turin","Pr\u00e9sences Extra-Terrestres","Supramental","Ufo-News"],"inLanguage":"fr-FR","potentialAction":[{"@type":"CommentAction","name":"Comment","target":["https:\/\/planetactus.com\/index.php\/2025\/03\/30\/la-face-cachee-des-jesuites-infiltrations-manipulations-et-domination-mondiale-ce-que-lhistoire-officielle-ne-vous-dira-jamais\/#respond"]}]},{"@type":"WebPage","@id":"https:\/\/planetactus.com\/index.php\/2025\/03\/30\/la-face-cachee-des-jesuites-infiltrations-manipulations-et-domination-mondiale-ce-que-lhistoire-officielle-ne-vous-dira-jamais\/","url":"https:\/\/planetactus.com\/index.php\/2025\/03\/30\/la-face-cachee-des-jesuites-infiltrations-manipulations-et-domination-mondiale-ce-que-lhistoire-officielle-ne-vous-dira-jamais\/","name":"La Face Cach\u00e9e des J\u00e9suites : Infiltrations, Manipulations et Domination Mondiale. Ce que l\u2019Histoire Officielle ne Vous Dira Jamais. -","isPartOf":{"@id":"https:\/\/planetactus.com\/#website"},"primaryImageOfPage":{"@id":"https:\/\/planetactus.com\/index.php\/2025\/03\/30\/la-face-cachee-des-jesuites-infiltrations-manipulations-et-domination-mondiale-ce-que-lhistoire-officielle-ne-vous-dira-jamais\/#primaryimage"},"image":{"@id":"https:\/\/planetactus.com\/index.php\/2025\/03\/30\/la-face-cachee-des-jesuites-infiltrations-manipulations-et-domination-mondiale-ce-que-lhistoire-officielle-ne-vous-dira-jamais\/#primaryimage"},"thumbnailUrl":"https:\/\/mlrdeoj2ejbf.i.optimole.com\/cb:mvHM.4ca\/w:auto\/h:auto\/q:mauto\/f:best\/https:\/\/i0.wp.com\/planetactus.com\/wp-content\/uploads\/2025\/03\/La-Face-Cachee-des-Jesuites.-Infiltrations-Manipulations-et-Domination-Mondiale.-Ce-que-lHistoire-Officielle-ne-Vous-Dira-Jamais_Planet-Actus-IA.webp?fit=1024%2C1024&ssl=1","datePublished":"2025-03-30T02:28:47+00:00","dateModified":"2025-03-31T01:48:30+00:00","description":"Depuis des si\u00e8cles, l\u2019ombre des J\u00e9suites plane sur l\u2019histoire du monde. Organisation religieuse ou soci\u00e9t\u00e9 secr\u00e8te aux ambitions inavouables ? Dans son ouvrage C.R.O.M. \u2013 La Piste J\u00e9suite, Jo\u00ebl Labruy\u00e8re l\u00e8ve le voile sur ce qu\u2019il consid\u00e8re comme l\u2019une des forces occultes les plus puissantes de notre \u00e9poque.","breadcrumb":{"@id":"https:\/\/planetactus.com\/index.php\/2025\/03\/30\/la-face-cachee-des-jesuites-infiltrations-manipulations-et-domination-mondiale-ce-que-lhistoire-officielle-ne-vous-dira-jamais\/#breadcrumb"},"inLanguage":"fr-FR","potentialAction":[{"@type":"ReadAction","target":["https:\/\/planetactus.com\/index.php\/2025\/03\/30\/la-face-cachee-des-jesuites-infiltrations-manipulations-et-domination-mondiale-ce-que-lhistoire-officielle-ne-vous-dira-jamais\/"]}]},{"@type":"ImageObject","inLanguage":"fr-FR","@id":"https:\/\/planetactus.com\/index.php\/2025\/03\/30\/la-face-cachee-des-jesuites-infiltrations-manipulations-et-domination-mondiale-ce-que-lhistoire-officielle-ne-vous-dira-jamais\/#primaryimage","url":"https:\/\/mlrdeoj2ejbf.i.optimole.com\/cb:mvHM.4ca\/w:auto\/h:auto\/q:mauto\/f:best\/https:\/\/i0.wp.com\/planetactus.com\/wp-content\/uploads\/2025\/03\/La-Face-Cachee-des-Jesuites.-Infiltrations-Manipulations-et-Domination-Mondiale.-Ce-que-lHistoire-Officielle-ne-Vous-Dira-Jamais_Planet-Actus-IA.webp?fit=1024%2C1024&ssl=1","contentUrl":"https:\/\/mlrdeoj2ejbf.i.optimole.com\/cb:mvHM.4ca\/w:auto\/h:auto\/q:mauto\/f:best\/https:\/\/i0.wp.com\/planetactus.com\/wp-content\/uploads\/2025\/03\/La-Face-Cachee-des-Jesuites.-Infiltrations-Manipulations-et-Domination-Mondiale.-Ce-que-lHistoire-Officielle-ne-Vous-Dira-Jamais_Planet-Actus-IA.webp?fit=1024%2C1024&ssl=1","width":1024,"height":1024,"caption":"La Face Cach\u00e9e des J\u00e9suites. Infiltrations, Manipulations et Domination Mondiale. Ce que l\u2019Histoire Officielle ne Vous Dira Jamais_Planet Actus IA"},{"@type":"BreadcrumbList","@id":"https:\/\/planetactus.com\/index.php\/2025\/03\/30\/la-face-cachee-des-jesuites-infiltrations-manipulations-et-domination-mondiale-ce-que-lhistoire-officielle-ne-vous-dira-jamais\/#breadcrumb","itemListElement":[{"@type":"ListItem","position":1,"name":"Accueil","item":"https:\/\/planetactus.com\/"},{"@type":"ListItem","position":2,"name":"La Face Cach\u00e9e des J\u00e9suites : Infiltrations, Manipulations et Domination Mondiale. Ce que l\u2019Histoire Officielle ne Vous Dira Jamais."}]},{"@type":"WebSite","@id":"https:\/\/planetactus.com\/#website","url":"https:\/\/planetactus.com\/","name":"PLANET ACTUS","description":"PLANET ACTUS","publisher":{"@id":"https:\/\/planetactus.com\/#\/schema\/person\/fbb75ac73a2424d2e176d31b021372a4"},"potentialAction":[{"@type":"SearchAction","target":{"@type":"EntryPoint","urlTemplate":"https:\/\/planetactus.com\/?s={search_term_string}"},"query-input":{"@type":"PropertyValueSpecification","valueRequired":true,"valueName":"search_term_string"}}],"inLanguage":"fr-FR"},{"@type":["Person","Organization"],"@id":"https:\/\/planetactus.com\/#\/schema\/person\/fbb75ac73a2424d2e176d31b021372a4","name":"planetactus.com","image":{"@type":"ImageObject","inLanguage":"fr-FR","@id":"https:\/\/mlrdeoj2ejbf.i.optimole.com\/cb:mvHM.4ca\/w:auto\/h:auto\/q:mauto\/f:best\/https:\/\/i0.wp.com\/planetactus.com\/wp-content\/uploads\/2024\/07\/cropped-2-Planet-Actus-Banniere-02a.jpg?fit=1189%2C365&ssl=1","url":"https:\/\/mlrdeoj2ejbf.i.optimole.com\/cb:mvHM.4ca\/w:auto\/h:auto\/q:mauto\/f:best\/https:\/\/i0.wp.com\/planetactus.com\/wp-content\/uploads\/2024\/07\/cropped-2-Planet-Actus-Banniere-02a.jpg?fit=1189%2C365&ssl=1","contentUrl":"https:\/\/mlrdeoj2ejbf.i.optimole.com\/cb:mvHM.4ca\/w:auto\/h:auto\/q:mauto\/f:best\/https:\/\/i0.wp.com\/planetactus.com\/wp-content\/uploads\/2024\/07\/cropped-2-Planet-Actus-Banniere-02a.jpg?fit=1189%2C365&ssl=1","width":1189,"height":365,"caption":"planetactus.com"},"logo":{"@id":"https:\/\/mlrdeoj2ejbf.i.optimole.com\/cb:mvHM.4ca\/w:auto\/h:auto\/q:mauto\/f:best\/https:\/\/i0.wp.com\/planetactus.com\/wp-content\/uploads\/2024\/07\/cropped-2-Planet-Actus-Banniere-02a.jpg?fit=1189%2C365&ssl=1"},"sameAs":["http:\/\/planetactus.com","https:\/\/www.facebook.com\/profile.php?id=61561620320740","https:\/\/x.com\/https:\/\/x.com\/PlanetActus","https:\/\/www.youtube.com\/@PlanetActus"],"url":"https:\/\/planetactus.com\/index.php\/author\/admin9861\/"}]}},"jetpack_publicize_connections":[],"jetpack_featured_media_url":"https:\/\/mlrdeoj2ejbf.i.optimole.com\/cb:mvHM.4ca\/w:auto\/h:auto\/q:mauto\/f:best\/https:\/\/i0.wp.com\/planetactus.com\/wp-content\/uploads\/2025\/03\/La-Face-Cachee-des-Jesuites.-Infiltrations-Manipulations-et-Domination-Mondiale.-Ce-que-lHistoire-Officielle-ne-Vous-Dira-Jamais_Planet-Actus-IA.webp?fit=1024%2C1024&ssl=1","jetpack_sharing_enabled":true,"_links":{"self":[{"href":"https:\/\/planetactus.com\/index.php\/wp-json\/wp\/v2\/posts\/4053","targetHints":{"allow":["GET"]}}],"collection":[{"href":"https:\/\/planetactus.com\/index.php\/wp-json\/wp\/v2\/posts"}],"about":[{"href":"https:\/\/planetactus.com\/index.php\/wp-json\/wp\/v2\/types\/post"}],"author":[{"embeddable":true,"href":"https:\/\/planetactus.com\/index.php\/wp-json\/wp\/v2\/users\/1"}],"replies":[{"embeddable":true,"href":"https:\/\/planetactus.com\/index.php\/wp-json\/wp\/v2\/comments?post=4053"}],"version-history":[{"count":36,"href":"https:\/\/planetactus.com\/index.php\/wp-json\/wp\/v2\/posts\/4053\/revisions"}],"predecessor-version":[{"id":4103,"href":"https:\/\/planetactus.com\/index.php\/wp-json\/wp\/v2\/posts\/4053\/revisions\/4103"}],"wp:featuredmedia":[{"embeddable":true,"href":"https:\/\/planetactus.com\/index.php\/wp-json\/wp\/v2\/media\/4060"}],"wp:attachment":[{"href":"https:\/\/planetactus.com\/index.php\/wp-json\/wp\/v2\/media?parent=4053"}],"wp:term":[{"taxonomy":"category","embeddable":true,"href":"https:\/\/planetactus.com\/index.php\/wp-json\/wp\/v2\/categories?post=4053"},{"taxonomy":"post_tag","embeddable":true,"href":"https:\/\/planetactus.com\/index.php\/wp-json\/wp\/v2\/tags?post=4053"}],"curies":[{"name":"wp","href":"https:\/\/api.w.org\/{rel}","templated":true}]}}