{"id":4232,"date":"2025-04-15T08:57:09","date_gmt":"2025-04-15T06:57:09","guid":{"rendered":"https:\/\/planetactus.com\/?p=4232"},"modified":"2025-05-28T15:22:31","modified_gmt":"2025-05-28T13:22:31","slug":"pierre-henri-barnezet-le-chemin-de-linitie-libre-quand-la-lumiere-na-pas-besoin-de-temple-fini-les-faux-maitres-osez-la-vraie-initiation","status":"publish","type":"post","link":"https:\/\/planetactus.com\/index.php\/2025\/04\/15\/pierre-henri-barnezet-le-chemin-de-linitie-libre-quand-la-lumiere-na-pas-besoin-de-temple-fini-les-faux-maitres-osez-la-vraie-initiation\/","title":{"rendered":"Pierre-Henri Barnezet : Le Chemin de l\u2019Initi\u00e9 Libre. Quand la Lumi\u00e8re n\u2019a Pas Besoin de Temple. Fini les Faux Ma\u00eetres : Osez la Vraie Initiation."},"content":{"rendered":"\n<p>\ud83d\udd2e&nbsp;<strong>Par la R\u00e9daction \u00c9sot\u00e9rique de Planet Actus&nbsp;<strong>\ud83e\ude90<\/strong>&nbsp;Avril 2025<\/strong><\/p>\n\n\n\n<p><strong>\ud83d\udd25 <mark style=\"background-color:rgba(0, 0, 0, 0)\" class=\"has-inline-color has-vivid-red-color\">Pierre-Henri Barnezet : La Connaissance Authentique, Libre et Incorruptible !<\/mark><\/strong><\/p>\n\n\n\n<p><strong>Dans un monde satur\u00e9 de faux proph\u00e8tes, de spiritualit\u00e9 de pacotille et d\u2019influenceurs auto-proclam\u00e9s \u00ab\u00a0\u00e9veill\u00e9s\u00a0\u00bb, une voix dissidente, libre et aff\u00fbt\u00e9e, tranche dans le brouillard : celle de <\/strong><a href=\"https:\/\/pierre-henri-barnezet.fr\/\">Pierre-Henri Barnezet<\/a> <strong><mark style=\"background-color:rgba(0, 0, 0, 0)\" class=\"has-inline-color has-vivid-red-color\">\ud83d\udd17<\/mark><\/strong><\/p>\n\n\n\n<p>Son site, au nom d\u00e9j\u00e0 \u00e9vocateur &#8211; <mark style=\"background-color:rgba(0, 0, 0, 0)\" class=\"has-inline-color has-vivid-red-color\"><em>Connaissance libre et directe. Sans secte, sans religion, sans ob\u00e9dience, sans \u00e9gr\u00e9gore<\/em><\/mark> &#8211; <strong>n\u2019est pas un simple portail web parmi d&rsquo;autres<\/strong>. C\u2019est une <strong>d\u00e9flagration lucide<\/strong> dans l\u2019univers souvent trop polic\u00e9 de la <strong>spiritualit\u00e9 contemporaine.<\/strong><\/p>\n\n\n\n<figure class=\"wp-block-embed aligncenter is-type-video is-provider-youtube wp-block-embed-youtube wp-embed-aspect-16-9 wp-has-aspect-ratio\"><div class=\"wp-block-embed__wrapper\">\n<iframe  id=\"_ytid_12779\"  width=\"640\" height=\"360\"  data-origwidth=\"640\" data-origheight=\"360\" src=\"https:\/\/www.youtube.com\/embed\/Tw7o6vi0B_M?enablejsapi=1&#038;autoplay=0&#038;cc_load_policy=0&#038;cc_lang_pref=&#038;iv_load_policy=1&#038;loop=0&#038;rel=1&#038;fs=1&#038;playsinline=0&#038;autohide=2&#038;theme=dark&#038;color=red&#038;controls=1&#038;disablekb=0&#038;\" class=\"__youtube_prefs__  epyt-is-override  no-lazyload\" title=\"YouTube player\"  allow=\"fullscreen; accelerometer; autoplay; clipboard-write; encrypted-media; gyroscope; picture-in-picture; web-share\" referrerpolicy=\"strict-origin-when-cross-origin\" allowfullscreen data-no-lazy=\"1\" data-skipgform_ajax_framebjll=\"\"><\/iframe>\n<\/div><figcaption class=\"wp-element-caption\"><strong>La Radioactivit\u00e9 c&rsquo;est la Vie ! avec Pierre-Henri Barnezet et Richard Glenn \u00c9SOT\u00c9RISME EXP\u00c9RIMENTAL<\/strong> : Une rencontre avec ce chercheur intuitif qui v\u00e9rifie ensuite ses d\u00e9couvertes dans la science officielle et marginale et aussi en \u00e9sot\u00e9risme et <strong>spiritualit\u00e9s occidentale et orientale<\/strong>. Cette \u00e9mission est donc en deux temps : <strong>1- Cosmologie, g\u00e9ologie et astrophysique<\/strong>. <strong>2- Pluralit\u00e9 des mondes habit\u00e9s<\/strong>&#8230; par des \u00eatres adapt\u00e9s selon les plan\u00e8tes du syst\u00e8me solaire. Ils ne sont donc pas tous en chair et os ! Pierre-Henri Barnezet r\u00e9pond clairement \u00e0 son sous-titre: Voici \u00ab\u00a0<strong>Comment nous transformer jusque dans nos g\u00e8nes pour peupler la nouvelle terre<\/strong>.\u00a0\u00bb \/ <a href=\"https:\/\/youtu.be\/Tw7o6vi0B_M\">Orandia TV<\/a> <strong><mark style=\"background-color:rgba(0, 0, 0, 0)\" class=\"has-inline-color has-vivid-red-color\">\ud83d\udd17<\/mark><\/strong><\/figcaption><\/figure>\n\n\n\n<p><strong>\u2728 <\/strong><mark style=\"background-color:rgba(0, 0, 0, 0)\" class=\"has-inline-color has-vivid-red-color\"><strong>Initi\u00e9, \u00e9veill\u00e9, gourou : d\u00e9mystification radicale<\/strong>.<\/mark><\/p>\n\n\n\n<p>Barnezet ne joue pas dans la cat\u00e9gorie des <strong>marchands de r\u00eaves<\/strong>. Sur son site, il d\u00e9monte avec <strong>finesse <\/strong>et <a href=\"https:\/\/planetactus.com\/index.php\/2025\/04\/04\/lhumour-sans-frontieres-de-benny-hill-une-langue-universelle-le-comedien-britannique-qui-a-fait-rire-140-pays\/\"><mark style=\"background-color:rgba(0, 0, 0, 0)\" class=\"has-inline-color has-vivid-red-color\">humour<\/mark><\/a> <strong><mark style=\"background-color:rgba(0, 0, 0, 0)\" class=\"has-inline-color has-vivid-red-color\">\ud83d\udd17<\/mark><\/strong>les <strong>confusions courantes entre initi\u00e9, \u00e9veill\u00e9 et gourou<\/strong>.<\/p>\n\n\n\n<p>\ud83d\udd0d L\u2019<strong>initi\u00e9<\/strong>, <mark style=\"background-color:rgba(0, 0, 0, 0)\" class=\"has-inline-color has-vivid-red-color\">au sens originel, est rare<\/mark>. <mark style=\"background-color:rgba(0, 0, 0, 0)\" class=\"has-inline-color has-vivid-red-color\">Il ne brille pas sur les r\u00e9seaux sociaux<\/mark>. Il est <strong>connect\u00e9 \u00e0 des plans de conscience sup\u00e9rieurs<\/strong>, guid\u00e9 par une <strong>boussole morale hors du commun<\/strong>. Il ne se contente pas de ressentir ; il <em><strong>comprend<\/strong><\/em>, il <strong><em>per\u00e7oit<\/em> au-del\u00e0 du visible, sans artifice, sans show.<\/strong><\/p>\n\n\n\n<p>\ud83d\udca1 \u00c0 l\u2019oppos\u00e9, l\u2019<strong>initi\u00e9 moderne<\/strong>, celui qu\u2019on retrouve dans les loges, les mouvements \u00e9sot\u00e9riques \u00e0 la mode, n\u2019est souvent qu\u2019un titre sans substance. La c\u00e9r\u00e9monie a remplac\u00e9 la transformation. L\u2019\u00e9sot\u00e9risme de fa\u00e7ade a pris le pas sur la <a href=\"http:\/\/www.supramental-astrologie.fr\/supramental_astrologie_marche.php\"><mark style=\"background-color:rgba(0, 0, 0, 0)\" class=\"has-inline-color has-vivid-red-color\">m\u00e9tamorphose int\u00e9rieure<\/mark><\/a> <strong><mark style=\"background-color:rgba(0, 0, 0, 0)\" class=\"has-inline-color has-vivid-red-color\">\ud83d\udd17<\/mark><\/strong>. Pour Barnezet, c\u2019est un <strong>gouffre conceptuel<\/strong>.<\/p>\n\n\n\n<p>\ud83c\udfad Le <strong>gourou<\/strong>, quant \u00e0 lui, s\u2019inscrit dans une logique de diffusion. Il transmet, il enseigne, mais ce faisant, <strong>il fige son \u00e9volution<\/strong>. Son charisme (li\u00e9 \u00e0 un 3e chakra hypertrophi\u00e9, dixit Barnezet avec un clin d\u2019\u0153il corporel) devient une prison dor\u00e9e. Trop souvent, il se perd dans <strong>sa propre image<\/strong>, se \u00ab\u00a0<mark style=\"background-color:rgba(0, 0, 0, 0)\" class=\"has-inline-color has-vivid-red-color\">gourourise<\/mark>\u00a0\u00bb a<strong>u d\u00e9triment de <\/strong><mark style=\"background-color:rgba(0, 0, 0, 0)\" class=\"has-inline-color has-vivid-red-color\">sa voie int\u00e9rieure.<\/mark><\/p>\n\n\n\n<p>\ud83c\udf05 L\u2019<strong>\u00e9veill\u00e9<\/strong>, enfin, se trouve sur un axe horizontal : il voit, il ressent, il <em>per\u00e7oit<\/em> certaines v\u00e9rit\u00e9s. <strong>Mais sans l\u2019\u00e9l\u00e9vation verticale de l\u2019initiation, cet \u00e9veil peut devenir dangereux<\/strong> &#8211; <strong>un pouvoir sans sagesse<\/strong>, <strong>un sabre sans fourreau.<\/strong><\/p>\n\n\n\n<p><strong>\ud83c\udf10<mark style=\"background-color:rgba(0, 0, 0, 0)\" class=\"has-inline-color has-vivid-red-color\"> Un site \u00e0 contre-courant, sans dogme, sans fa\u00e7ade<\/mark><\/strong>.<\/p>\n\n\n\n<p>L\u2019<strong>ambition <\/strong>du site de Pierre-Henri Barnezet est claire : <strong>redonner \u00e0 la connaissance initiatique ses lettres de noblesse<\/strong>, loin des <strong>chapelles<\/strong>, des <strong>loges <\/strong>et des <strong>\u00e9gr\u00e9gores manipulateurs<\/strong>. Il ne s\u2019agit pas d\u2019adh\u00e9rer \u00e0 un nouveau mouvement, mais de <strong>retrouver un chemin int\u00e9rieur personnel<\/strong>, ancr\u00e9 dans la <strong>m\u00e9moire<\/strong>, l\u2019<strong>intuition <\/strong>et les <strong>exp\u00e9riences extra-ordinaires comme les NDE<\/strong> (exp\u00e9riences de mort imminente).<\/p>\n\n\n\n<p><mark style=\"background-color:rgba(0, 0, 0, 0)\" class=\"has-inline-color has-vivid-red-color\">Chez lui, pas de stages en s\u00e9rie ni de pseudo-illuminations collectives<\/mark>. <strong>L\u2019initiation est intime, unique<\/strong>, parfois transmise <strong>d\u2019\u00e2me \u00e0 \u00e2me<\/strong>, jamais \u00e0 une foule assoiff\u00e9e de spectacle.<\/p>\n\n\n\n<p><strong>\ud83d\udca3 <\/strong><mark style=\"background-color:rgba(0, 0, 0, 0)\" class=\"has-inline-color has-vivid-red-color\"><strong>Une critique ac\u00e9r\u00e9e du spiritualo-business et des \u00e9lites pr\u00e9datrices<\/strong>.<\/mark><\/p>\n\n\n\n<p>Pierre-Henri Barnezet ne se contente pas de parler de l\u2019initiation. Il va plus loin, <strong>en exposant les rouages occultes d\u2019un monde dirig\u00e9 par des \u00ab\u00a0\u00e9veill\u00e9s pr\u00e9dateurs\u00a0\u00bb<\/strong> &#8211; ces \u00e9lites qui <strong>manipulent<\/strong>, <strong>contr\u00f4lent<\/strong>, <strong>perp\u00e9tuent l\u2019h\u00e9ritage toxique de civilisations anciennes d\u00e9g\u00e9n\u00e9r\u00e9es<\/strong>. Des soci\u00e9t\u00e9s secr\u00e8tes, des cultes anciens d\u00e9voy\u00e9s, des forces lucif\u00e9riennes <strong>d\u00e9guis\u00e9es en bienveillance<\/strong> : <mark style=\"background-color:rgba(0, 0, 0, 0)\" class=\"has-inline-color has-vivid-red-color\">rien n\u2019\u00e9chappe \u00e0 sa plume incisive<\/mark>.<\/p>\n\n\n\n<p><span style=\"text-decoration: underline;\">Mais attention<\/span> : <strong>il ne tombe jamais dans le pi\u00e8ge du complotisme st\u00e9rile<\/strong>. Il propose une <strong>lecture coh\u00e9rente, incarn\u00e9e, fond\u00e9e sur l\u2019exp\u00e9rience v\u00e9cue<\/strong> et sur des d\u00e9cennies d\u2019<mark style=\"background-color:rgba(0, 0, 0, 0)\" class=\"has-inline-color has-vivid-red-color\">observation sensible du monde subtil.<\/mark><\/p>\n\n\n\n<blockquote class=\"wp-block-quote is-layout-flow wp-block-quote-is-layout-flow\">\n<p><em>\u00ab\u00a0Un voyant n&rsquo;est pas forc\u00e9ment un initi\u00e9, surtout au sens moderne du mot. Les diff\u00e9rences entre initi\u00e9, gourou et \u00e9veill\u00e9 sont d\u00e9velopp\u00e9es dans <a href=\"https:\/\/pierre-henri-barnezet.fr\/68769499\/68769504\"><mark style=\"background-color:rgba(0, 0, 0, 0)\" class=\"has-inline-color has-vivid-red-color\">connaissance cach\u00e9e<\/mark><\/a> <strong><mark style=\"background-color:rgba(0, 0, 0, 0)\" class=\"has-inline-color has-vivid-red-color\">\ud83d\udd17<\/mark><\/strong>. Des perceptions extrasensorielles peuvent co-exister avec chacun de ces 3 \u00e9tats, mais elles peuvent aussi en \u00eatre s\u00e9par\u00e9es, notamment chez les gens qui font commerce de ces perceptions sp\u00e9ciales. Entrons maintenant dans le sujet de cet article et du suivant.<\/em><\/p>\n\n\n\n<p><em>Il y a autant de perceptions extra-sensorielles et de formes de voyance que de voyants, et m\u00eame si l&rsquo;on peut regrouper en cat\u00e9gories, chaque voyant, chaque investigateur de l&rsquo;invisible a son syst\u00e8me, son truc, sa sp\u00e9cificit\u00e9, ses domaines de pr\u00e9dilection.<\/em><\/p>\n\n\n\n<p><em>Ma perception de la m\u00e9moire universelle ou \u00ab\u00a0m\u00e9moire de la nature\u00a0\u00bb me fait percevoir avant tout des \u00e9v\u00e8nements et m\u00eame des sc\u00e8nes dans les cas o\u00f9 j&rsquo;arrive a percevoir l&rsquo;\u00e9v\u00e8nement sous la d\u00e9pendance d&rsquo;une voire plusieurs des grandes lois universelles d\u00e9crites dans <a href=\"https:\/\/pierre-henri-barnezet.fr\/68769513\/68769526\">Egr\u00e9gore: d\u00e9finition<\/a>\u00ab\u00a0<\/em> <strong><mark style=\"background-color:rgba(0, 0, 0, 0)\" class=\"has-inline-color has-vivid-red-color\">\ud83d\udd17<\/mark><\/strong><\/p>\n<\/blockquote>\n\n\n\n<p><strong>\ud83d\udee1\ufe0f<\/strong><mark style=\"background-color:rgba(0, 0, 0, 0)\" class=\"has-inline-color has-vivid-red-color\"><strong> L&rsquo;urgence d&rsquo;une vague d\u2019initiation authentique<\/strong>.<\/mark><\/p>\n\n\n\n<p>Le constat de Barnezet est <strong>lucide<\/strong>, <strong>sans appel<\/strong> : la plan\u00e8te, gouvern\u00e9e par des forces obscures, ne pourra s\u2019en sortir que si une <strong>nouvelle vague d\u2019\u00eatres \u00e9veill\u00e9s positivement<\/strong> surgit, non pas pour pr\u00eacher, mais <strong>pour incarner une v\u00e9ritable r\u00e9volution de conscience<\/strong>. Une <span style=\"text-decoration: underline;\">r\u00e9volution <\/span>qui commence <strong>en soi<\/strong>, dans le silence, <strong>loin du vacarme des stages<\/strong> \u00ab\u00a0<strong>new age<\/strong>\u00a0\u00bb et des <mark style=\"background-color:rgba(0, 0, 0, 0)\" class=\"has-inline-color has-vivid-red-color\">shows spirituels.<\/mark><\/p>\n\n\n\n<p>Il appelle \u00e0 une <strong>reconnexion \u00e0 la m\u00e9moire int\u00e9rieure<\/strong>, \u00e0 cette connaissance enfouie qui ne demande qu\u2019\u00e0 \u00eatre <strong>r\u00e9activ\u00e9e<\/strong>\u2026 si tant est qu\u2019on l\u00e2che les illusions du pouvoir, de la notori\u00e9t\u00e9 et de la comp\u00e9tition spirituelle.<\/p>\n\n\n\n<blockquote class=\"wp-block-quote is-layout-flow wp-block-quote-is-layout-flow\">\n<p><em>\u00ab\u00a0Malheureusement, les soci\u00e9t\u00e9s secr\u00e8tes qui regroupent des initi\u00e9s modernes n\u2019ont plus rien d\u2019initiatique au sens originel du mot, et servent \u00e0 tout autre chose dans le plan mondial. Vous pouvez en avoir un aper\u00e7u \u00e0 la page <a href=\"https:\/\/pierre-henri-barnezet.fr\/68769505\/\"><mark style=\"background-color:rgba(0, 0, 0, 0)\" class=\"has-inline-color has-vivid-red-color\">Rouages occultes<\/mark><\/a>\u00ab\u00a0<\/em> <strong><mark style=\"background-color:rgba(0, 0, 0, 0)\" class=\"has-inline-color has-vivid-red-color\">\ud83d\udd17<\/mark><\/strong><\/p>\n<\/blockquote>\n\n\n\n<p><strong>\ud83e\udded <\/strong><mark style=\"background-color:rgba(0, 0, 0, 0)\" class=\"has-inline-color has-vivid-red-color\"><strong>Conclusion : Le site de Barnezet, un phare pour les \u00e2mes libres<\/strong>.<\/mark><\/p>\n\n\n\n<p>\u00c0 l\u2019heure o\u00f9 la spiritualit\u00e9 est devenue <mark style=\"background-color:rgba(0, 0, 0, 0)\" class=\"has-inline-color has-vivid-red-color\">un march\u00e9<\/mark> comme un autre, <strong>le site de Pierre-Henri Barnezet est un acte de r\u00e9sistance<\/strong>. Un espace rare, pr\u00e9cieux, sans filtres, sans hi\u00e9rarchie, sans promesses de miracles. Il ne vous dit pas quoi penser. Il vous pousse \u00e0 <strong>vous souvenir de qui vous \u00eates vraiment<\/strong>.<\/p>\n\n\n\n<p>Si vous sentez que quelque chose cloche dans les enseignements dominants, si vous pressentez qu\u2019il existe un chemin plus profond, plus silencieux, plus exigeant aussi &#8211; <mark style=\"background-color:rgba(0, 0, 0, 0)\" class=\"has-inline-color has-vivid-red-color\">alors ce site est pour vous<\/mark>. Il <strong>ne flatte pas<\/strong>. Il <strong>\u00e9veille<\/strong>. <mark style=\"background-color:rgba(0, 0, 0, 0)\" class=\"has-inline-color has-vivid-red-color\">Et c\u2019est d\u00e9j\u00e0 beaucoup<\/mark> \ud83d\udc49 <strong>Acc\u00e9dez-y d\u00e8s maintenant : <a href=\"https:\/\/pierre-henri-barnezet.fr\">pierre-henri-barnezet.fr<\/a><\/strong> <strong><mark style=\"background-color:rgba(0, 0, 0, 0)\" class=\"has-inline-color has-vivid-red-color\">\ud83d\udd17<\/mark><\/strong><br><\/p>\n\n\n\n<p><strong>Et rappelez-vous : la v\u00e9ritable initiation commence quand on cesse de suivre, pour enfin\u2026 <mark style=\"background-color:rgba(0, 0, 0, 0)\" class=\"has-inline-color has-vivid-red-color\"><em>se souvenir<\/em>.<\/mark><\/strong><\/p>\n\n\n\n<p>Pour approfondir votre exploration du site de Pierre-Henri Barnezet, voici une s\u00e9lection de rubriques cl\u00e9s qui compl\u00e8tent et enrichissent les r\u00e9flexions abord\u00e9es pr\u00e9c\u00e9demment :\u200b<\/p>\n\n\n\n<p>\ud83c\udf10<mark style=\"background-color:rgba(0, 0, 0, 0)\" class=\"has-inline-color has-vivid-red-color\"> <\/mark><strong><a href=\"https:\/\/pierre-henri-barnezet.fr\/68769513\/68769526\"><mark style=\"background-color:rgba(0, 0, 0, 0)\" class=\"has-inline-color has-vivid-red-color\">Qu&rsquo;est-ce qu&rsquo;un \u00e9gr\u00e9gore<\/mark><\/a> <\/strong><mark style=\"background-color:rgba(0, 0, 0, 0)\" class=\"has-inline-color has-vivid-red-color\"><strong>?<\/strong> <\/mark><strong><mark style=\"background-color:rgba(0, 0, 0, 0)\" class=\"has-inline-color has-vivid-red-color\">\ud83d\udd17<\/mark><\/strong><\/p>\n\n\n<div class=\"wp-block-image\">\n<figure class=\"aligncenter size-large is-resized\"><img data-opt-id=1146180720  fetchpriority=\"high\" data-recalc-dims=\"1\" decoding=\"async\" width=\"640\" height=\"852\" src=\"https:\/\/mlrdeoj2ejbf.i.optimole.com\/cb:mvHM.4ca\/w:769\/h:1024\/q:mauto\/f:best\/https:\/\/i0.wp.com\/planetactus.com\/wp-content\/uploads\/2025\/04\/i281756464686357671-1.jpg?resize=640%2C852&#038;ssl=1\" alt=\"\" class=\"wp-image-4241\" style=\"width:769px;height:auto\" srcset=\"https:\/\/mlrdeoj2ejbf.i.optimole.com\/cb:mvHM.4ca\/w:769\/h:4000\/q:mauto\/f:best\/https:\/\/planetactus.com\/wp-content\/uploads\/2025\/04\/i281756464686357671-1.jpg 769w, https:\/\/mlrdeoj2ejbf.i.optimole.com\/cb:mvHM.4ca\/w:225\/h:4000\/q:mauto\/f:best\/https:\/\/planetactus.com\/wp-content\/uploads\/2025\/04\/i281756464686357671-1.jpg 225w, https:\/\/mlrdeoj2ejbf.i.optimole.com\/cb:mvHM.4ca\/w:768\/h:4000\/q:mauto\/f:best\/https:\/\/planetactus.com\/wp-content\/uploads\/2025\/04\/i281756464686357671-1.jpg 768w, https:\/\/mlrdeoj2ejbf.i.optimole.com\/cb:mvHM.4ca\/w:960\/h:1279\/q:mauto\/f:best\/https:\/\/planetactus.com\/wp-content\/uploads\/2025\/04\/i281756464686357671-1.jpg 960w\" sizes=\"(max-width: 640px) 100vw, 640px\" \/><figcaption class=\"wp-element-caption\">Illustration image \/ Pierre-Henri Barnezet \/ <strong>Qu&rsquo;est-ce qu&rsquo;un \u00e9gr\u00e9gore ?<\/strong> : \u00ab\u00a0<em>Cette \u00e9glise catholique du petit village d&rsquo;Ucel pr\u00e8s d&rsquo;Aubenas dans le d\u00e9partement de l&rsquo; Ard\u00e8che est pass\u00e9e sous la banni\u00e8re de l&rsquo;\u00e9gr\u00e9gore sioniste du 30\/11\/2015 au 13\/1\/2016, sous couvert de d\u00e9coration de No\u00ebl. Notez la num\u00e9rologie des dates. Tout ceci dans l&rsquo;indiff\u00e9rence g\u00e9n\u00e9rale, y compris du dioc\u00e8se local dont l&#8217;employ\u00e9e \u00e0 l&rsquo;acceuil ne semble pas tr\u00e8s catholique. Il faut dire que depuis Vatican 2, l&rsquo;\u00e9gr\u00e9gore catholique n&rsquo;est plus aliment\u00e9 comme avant et a donc beaucoup diminu\u00e9. Par contre, l&rsquo;\u00e9gr\u00e9gore sioniste n&rsquo;a jamais \u00e9t\u00e9 autant aliment\u00e9 qu&rsquo;actuellement&#8230;surtout en France qui est un pays hexagonal comme l&rsquo;\u00e9toile, ceci explique cela<\/em>\u00ab\u00a0.<\/figcaption><\/figure>\n<\/div>\n\n\n<p>Dans cette section, Pierre-Henri Barnezet explore la notion d&rsquo;\u00e9gr\u00e9gore, d\u00e9finie comme une entit\u00e9 \u00e9nerg\u00e9tique collective form\u00e9e par les pens\u00e9es et \u00e9motions d&rsquo;un groupe. <strong>Il met en garde contre l&rsquo;influence potentiellement manipulatrice des \u00e9gr\u00e9gores, qui peuvent d\u00e9tourner les individus de leur chemin spirituel authentique<\/strong>. L&rsquo;auteur insiste sur l&rsquo;importance de la <mark style=\"background-color:rgba(0, 0, 0, 0)\" class=\"has-inline-color has-vivid-red-color\">conscience individuelle<\/mark> pour se <strong>lib\u00e9rer de ces influences collectives<\/strong>.<\/p>\n\n\n\n<p>Un <strong>\u00e9gr\u00e9gore<\/strong> est d\u00e9fini comme une entit\u00e9 \u00e9nerg\u00e9tique collective, cr\u00e9\u00e9e et aliment\u00e9e par les <strong>pens\u00e9es<\/strong>, <strong>\u00e9motions <\/strong>et <strong>croyances partag\u00e9es d\u2019un groupe<\/strong>. <mark style=\"background-color:rgba(0, 0, 0, 0)\" class=\"has-inline-color has-vivid-red-color\">Ce champ psychique peut influencer le comportement des individus, voire poss\u00e9der une vie propre.<\/mark><\/p>\n\n\n\n<p>Pierre-Henri Barnezet met en lumi\u00e8re la mani\u00e8re dont <strong>certains \u00e9gr\u00e9gores,<\/strong> <mark style=\"background-color:rgba(0, 0, 0, 0)\" class=\"has-inline-color has-vivid-red-color\">souvent invisibles<\/mark>, <strong>manipulent les masses, parfois m\u00eame \u00e0 travers des symboles religieux ou culturels<\/strong>. Il illustre cette notion \u00e0 l\u2019aide d\u2019<mark style=\"background-color:rgba(0, 0, 0, 0)\" class=\"has-inline-color has-vivid-red-color\">exemples concrets<\/mark>, notamment une anecdote li\u00e9e \u00e0 une \u00e9glise catholique en Ard\u00e8che, qu\u2019il accuse d\u2019avoir \u00e9t\u00e9 temporairement sous l\u2019influence d\u2019un \u00e9gr\u00e9gore \u201csioniste\u201d via une simple d\u00e9coration de No\u00ebl.<\/p>\n\n\n\n<p>\u26a0\ufe0f Il d\u00e9nonce ici l\u2019ignorance collective vis-\u00e0-vis des influences \u00e9nerg\u00e9tiques subtiles, souvent orchestr\u00e9es <strong>\u00e0 grande \u00e9chelle<\/strong>.<\/p>\n\n\n\n<p>\ud83e\uddd8\u200d\u2642\ufe0f <strong><a href=\"https:\/\/pierre-henri-barnezet.fr\/68769499\/68769531\"><mark style=\"background-color:rgba(0, 0, 0, 0)\" class=\"has-inline-color has-vivid-red-color\">La sant\u00e9 de l&rsquo;initi\u00e9(e)<\/mark><\/a><\/strong> <strong><mark style=\"background-color:rgba(0, 0, 0, 0)\" class=\"has-inline-color has-vivid-red-color\">\ud83d\udd17<\/mark><\/strong><\/p>\n\n\n\n<blockquote class=\"wp-block-quote is-layout-flow wp-block-quote-is-layout-flow\">\n<p><em>\u00ab\u00a0Comment et pourquoi utiliser les microbes pour mettre \u00e0 jour votre ADN afin d&rsquo;\u00eatre en meilleure sant\u00e9 apr\u00e8s. 5 \u00e0 10% de l&rsquo;ADN humain est compos\u00e9 de s\u00e9quences bact\u00e9riennes et virale \u00e0 l&rsquo;\u00e9tat int\u00e9gr\u00e9. C&rsquo;est ce qui a permi de nous adapter \u00e0 des mol\u00e9cules \u00e9trang\u00e8res. Le processus est toujours en cours, mais en le contr\u00f4lant consciemment, on avance dans cette vie plut\u00f4t que d&rsquo;attendre les suivantes&#8230;\u00a0\u00bb<\/em><\/p>\n<\/blockquote>\n\n\n\n<p>L\u2019auteur explore l&rsquo;id\u00e9e que <strong>5 \u00e0 10 % de notre ADN est compos\u00e9 de s\u00e9quences microbiennes<\/strong> (bact\u00e9riennes et virales), int\u00e9gr\u00e9es au fil de l\u2019\u00e9volution. Selon lui, ces \u00e9l\u00e9ments peuvent \u00eatre <strong>r\u00e9activ\u00e9s consciemment<\/strong> pour am\u00e9liorer notre sant\u00e9 et aligner notre \u00eatre avec une trajectoire d\u2019\u00e9volution spirituelle.<\/p>\n\n\n\n<p>L\u2019article aborde \u00e9galement le <strong>libre arbitre<\/strong>, non pas comme une libert\u00e9 totale, mais comme une <strong>libert\u00e9 sur les moyens de r\u00e9alisation<\/strong> d\u2019un \u00ab\u00a0travail\u00a0\u00bb choisi avant la naissance. Si ce travail est constamment repouss\u00e9, il r\u00e9appara\u00eet dans une autre vie, mais avec <strong>moins de libert\u00e9 de choix<\/strong>.<\/p>\n\n\n\n<p>L\u2019enjeu pour l\u2019initi\u00e9(e) est donc d\u2019accepter, de comprendre et d\u2019<strong>agir sur ces m\u00e9canismes d\u2019\u00e9volution physique et spirituelle<\/strong>, y compris au travers de sa sant\u00e9 et de ses liens microbiens.<\/p>\n\n\n\n<p>Cette rubrique aborde la <strong>relation entre sant\u00e9 physique et cheminement spirituel<\/strong>. Barnezet souligne que l&rsquo;initiation v\u00e9ritable implique une <strong>harmonisation du corps et de l&rsquo;esprit<\/strong>, et que des <mark style=\"background-color:rgba(0, 0, 0, 0)\" class=\"has-inline-color has-vivid-red-color\">d\u00e9s\u00e9quilibres physiques peuvent entraver la progression spirituelle<\/mark>. Il propose des <strong>conseils pour maintenir une sant\u00e9 optimale en accord avec les principes initiatiques.<\/strong><\/p>\n\n\n\n<p>\ud83d\udd0d <strong><mark style=\"background-color:rgba(0, 0, 0, 0)\" class=\"has-inline-color has-vivid-red-color\">Connaissance cach\u00e9e<\/mark><\/strong> <strong>: <a href=\"https:\/\/pierre-henri-barnezet.fr\/68769499\/68769504\">Initi\u00e9 ? \u00e9veill\u00e9 ? gourou ? : Diff\u00e9rences<\/a> <\/strong>\ud83d\udd17<\/p>\n\n\n\n<blockquote class=\"wp-block-quote is-layout-flow wp-block-quote-is-layout-flow\">\n<p><em>\u00ab\u00a0Un initi\u00e9 \u00e9tait quelqu\u2019un conscient de son origine et des myst\u00e8res du monde reli\u00e9s \u00e0 un sens moral \u00e9volu\u00e9 pour l&rsquo;\u00e9poque, ce qui n\u2019\u00e9tait pas donn\u00e9 \u00e0 tout le monde, m\u00eame \u00e0 une \u00e9poque o\u00f9 les perceptions extra-sensorielles \u00e9taient plus courantes qu\u2019actuellement. <strong>Cela signifiait que gr\u00e2ce \u00e0 des perceptions des autres plans de conscience, ces initi\u00e9s avaient acc\u00e8s \u00e0 des r\u00e9ponses inconnues du reste des populations dont ils faisaient partie<\/strong>.\ud83d\ude19<\/em><\/p>\n\n\n\n<p><em><strong>Il faut faire attention \u00e0 ne pas confondre initiation avec simples perceptions paranormales.<\/strong><\/em><\/p>\n\n\n\n<p><em>En effet, m\u00eame si l&rsquo;on remonte jusqu&rsquo;\u00e0 l&rsquo;\u00e9poque o\u00f9 tout le monde avait des perceptions extrasensorielles, il y a 10000 ans environ, celles de l&rsquo;initi\u00e9 \u00e9taient plus en contact avec les mondes spirituels dans le sens d&rsquo;une \u00e9volution morale future alors que celles du non-initi\u00e9 \u00e9taient plus tourn\u00e9es vers l&rsquo;usage quotidien qu&rsquo;on pouvait faire de ces perceptions, par exemple pour n\u00e9gocier une proie avec l&rsquo;esprit-groupe d&rsquo;un animal afin que la chasse de la journ\u00e9e soit moins difficile&#8230;\u00a0\u00bb<\/em><\/p>\n<\/blockquote>\n\n\n\n<p><strong>\u00ab\u00a0Connaissance cach\u00e9e\u00a0\u00bb<\/strong> explore les distinctions entre <strong>initi\u00e9<\/strong>, <strong>\u00e9veill\u00e9 <\/strong>et <strong>gourou<\/strong>, souvent confondues mais pourtant tr\u00e8s diff\u00e9rentes. L\u2019auteur y d\u00e9finit l\u2019initi\u00e9 comme une personne ayant acc\u00e8s \u00e0 <strong>une compr\u00e9hension sup\u00e9rieure des myst\u00e8res du monde, en lien avec une conscience morale \u00e9lev\u00e9e et des perceptions extrasensorielles orient\u00e9es vers l&rsquo;\u00e9volution int\u00e9rieure et spirituelle, contrairement \u00e0 un usage purement utilitaire<\/strong>. <mark style=\"background-color:rgba(0, 0, 0, 0)\" class=\"has-inline-color has-vivid-red-color\">Cette connaissance n\u2019est pas r\u00e9serv\u00e9e \u00e0 une \u00e9lite ferm\u00e9e mais \u00e0 ceux et celles qui cherchent sinc\u00e8rement \u00e0 \u00e9voluer<\/mark>.<\/p>\n\n\n\n<p><strong>Ici, l&rsquo;auteur discute de la connaissance \u00e9sot\u00e9rique dissimul\u00e9e par les institutions et les soci\u00e9t\u00e9s secr\u00e8tes<\/strong>. Il affirme que cette connaissance, bien que cach\u00e9e, est accessible \u00e0 ceux qui cherchent sinc\u00e8rement et sont pr\u00eats \u00e0 <mark style=\"background-color:rgba(0, 0, 0, 0)\" class=\"has-inline-color has-vivid-red-color\">remettre en question les dogmes \u00e9tablis<\/mark>. <strong>Barnezet encourage une qu\u00eate personnelle de la v\u00e9rit\u00e9, libre de toute influence ext\u00e9rieure.<\/strong><\/p>\n\n\n\n<p>\ud83e\uddea<strong><mark style=\"background-color:rgba(0, 0, 0, 0)\" class=\"has-inline-color has-vivid-red-color\"> <\/mark><a href=\"https:\/\/pierre-henri-barnezet.fr\/68769499\/68769506\"><mark style=\"background-color:rgba(0, 0, 0, 0)\" class=\"has-inline-color has-vivid-red-color\">Auto-test akashique<\/mark><\/a> \ud83d\udd17 : \u00eates-vous pr\u00eat(e) pour la lecture directe du r\u00e9el ?<\/strong><\/p>\n\n\n\n<p>Cette page propose <mark style=\"background-color:rgba(0, 0, 0, 0)\" class=\"has-inline-color has-vivid-red-color\">un test introspectif <\/mark>fond\u00e9 sur une exp\u00e9rience v\u00e9cue par l\u2019auteur en 2013, destin\u00e9 \u00e0 d\u00e9terminer si une personne est apte \u00e0 acc\u00e9der \u00e0 la connaissance intuitive, souvent appel\u00e9e \u00ab\u00a0lecture akashique\u00a0\u00bb. Le crit\u00e8re principal d\u2019exclusion ? L\u2019esprit de l\u2019<strong>\u00ab\u00a0homo informaticus\u00a0\u00bb<\/strong> : une mani\u00e8re de penser <strong>binaire<\/strong>, <strong>rigide<\/strong>, issue d\u2019un <strong>monde hyper-rationnel<\/strong> et <strong>technologique<\/strong>. Pierre-Henri Barnezet oppose cet esprit \u00e0 une conscience libre, fluide, capable d\u2019acc\u00e9der \u00e0 des r\u00e9alit\u00e9s subtiles.<\/p>\n\n\n\n<p>Il ne s&rsquo;agit pas d&rsquo;un test classique \u00e0 cocher, mais plut\u00f4t d\u2019une invitation \u00e0 la <strong>r\u00e9flexion int\u00e9rieure<\/strong> sur la mani\u00e8re dont nous percevons et int\u00e9grons le monde autour de nous : <mark style=\"background-color:rgba(0, 0, 0, 0)\" class=\"has-inline-color has-vivid-red-color\">il s&rsquo;agit d&rsquo;un outil d&rsquo;auto-\u00e9valuation permettant aux lecteurs d&rsquo;explorer leur propre niveau d&rsquo;initiation et de conscience<\/mark>. En r\u00e9pondant \u00e0 une s\u00e9rie de questions introspectives, les individus peuvent mieux comprendre leur position sur le chemin spirituel et identifier les domaines n\u00e9cessitant une attention particuli\u00e8re.<\/p>\n\n\n\n<p>\ud83c\udf0d <strong><a href=\"https:\/\/pierre-henri-barnezet.fr\/68769529\/\"><mark style=\"background-color:rgba(0, 0, 0, 0)\" class=\"has-inline-color has-vivid-red-color\">La mafia du climat<\/mark><\/a><\/strong> \ud83d\udd17<\/p>\n\n\n\n<blockquote class=\"wp-block-quote is-layout-flow wp-block-quote-is-layout-flow\">\n<p><em>\u00ab\u00a0Les scientifiques de la vraie climatologie (90%!!!) sont quasiment interdits de m\u00e9dias. Les 10% autoris\u00e9s font de la \u00ab\u00a0science sur commande\u00a0\u00bb. Commander quoi, dans quels buts et pour qui ?\u00a0\u00bb<\/em><\/p>\n<\/blockquote>\n\n\n\n<p>Barnezet critique ici la <strong>manipulation de l&rsquo;information climatique par certains groupes d&rsquo;int\u00e9r\u00eat<\/strong>. Il remet en question les discours alarmistes et sugg\u00e8re que des donn\u00e9es sont d\u00e9lib\u00e9r\u00e9ment d\u00e9form\u00e9es pour servir des agendas politiques ou \u00e9conomiques. L&rsquo;auteur appelle \u00e0 une analyse critique des informations diffus\u00e9es sur le climat.<\/p>\n\n\n\n<p>Il affirme que <a href=\"https:\/\/planetactus.com\/index.php\/2024\/12\/17\/climat-securite-environnement-les-sombres-verites-du-projet-haarp-une-menace-silencieuse-pour-lequilibre-mondial\/\"><mark style=\"background-color:rgba(0, 0, 0, 0)\" class=\"has-inline-color has-vivid-red-color\">90 % des vrais climatologues<\/mark><\/a> \ud83d\udd17 seraient <mark style=\"background-color:rgba(0, 0, 0, 0)\" class=\"has-inline-color has-vivid-red-color\">\u00e9cart\u00e9s des m\u00e9dias<\/mark> au profit d\u2019un petit groupe relayant une <strong>\u00ab\u00a0science sur commande\u00a0\u00bb<\/strong>, orient\u00e9e par des int\u00e9r\u00eats \u00e9conomiques et politiques.<br>Il propose une approche empirique bas\u00e9e sur <strong>l\u2019observation des cycles naturels<\/strong> &#8211; comme la date de floraison des cerisiers &#8211; pour illustrer que le climat n\u2019\u00e9volue pas de fa\u00e7on aussi dramatique que le discours officiel le pr\u00e9tend.<\/p>\n\n\n\n<p>\ud83d\udca1 <strong>Id\u00e9e centrale<\/strong> : Distinguer la r\u00e9alit\u00e9 observable de la manipulation m\u00e9diatique ou scientifique, pour \u00e9veiller un <strong>regard autonome<\/strong> et <strong>critique<\/strong> sur les enjeux climatiques.<\/p>\n\n\n\n<p>\ud83d\udcda <strong><a href=\"https:\/\/pierre-henri-barnezet.fr\/68769508\/\"><mark style=\"background-color:rgba(0, 0, 0, 0)\" class=\"has-inline-color has-vivid-red-color\">Les Myst\u00e8res des Syst\u00e8mes du Monde<\/mark><\/a><\/strong> \ud83d\udd17 : <strong>2<sup>\u00e8me<\/sup> livre. Pr\u00e9face, Table des mati\u00e8res, r\u00e9actualisations, introduction et Chap 1 \u00e0 5&#8230;<\/strong><\/p>\n\n\n\n<blockquote class=\"wp-block-quote is-layout-flow wp-block-quote-is-layout-flow\">\n<p>Apr\u00e8s une approche de l&rsquo;univers incluant <strong>l&rsquo;avant Big-Bang<\/strong>, une explication des \u00e9nigmatiques trous noirs et trous blancs qui <strong>r\u00e9introduit le concept fort ancien d&rsquo;\u00e9ther<\/strong>. Ensuite, une explication de l&rsquo;apparition des diff\u00e9rentes plan\u00e8tes. Une vision \u00e9sot\u00e9rique et scientifique.<\/p>\n<\/blockquote>\n\n\n\n<p>Cette page pr\u00e9sente <strong>la pr\u00e9face, l\u2019introduction et les cinq premiers chapitres<\/strong> du deuxi\u00e8me livre de l\u2019auteur, initialement publi\u00e9 en 1997. L\u2019ouvrage, intitul\u00e9 <em>Les Myst\u00e8res des Syst\u00e8mes du Monde<\/em>, explore des th\u00e8mes li\u00e9s \u00e0 la connaissance libre et directe, en dehors de toute structure religieuse, sectaire ou \u00e9gr\u00e9gorique.<\/p>\n\n\n\n<p>L&rsquo;auteur y partage sa d\u00e9marche d&rsquo;\u00e9criture, \u00e9voque quelques anecdotes d&rsquo;\u00e9dition (comme une inversion de mots due \u00e0 la dyslexie du graphiste), et <strong>r\u00e9affirme son engagement pour une approche ind\u00e9pendante du savoir<\/strong>. L\u2019int\u00e9gralit\u00e9 du livre est d\u00e9coup\u00e9e en huit pages pour faciliter la lecture.<\/p>\n\n\n\n<p>Ce livre agit comme un <strong>manuel de d\u00e9codage du r\u00e9el<\/strong>. C\u2019est une invitation \u00e0 sortir des r\u00e9cits impos\u00e9s pour acc\u00e9der \u00e0 une compr\u00e9hension <strong>autonome<\/strong>, <strong>libre<\/strong>, et <strong>vibrante<\/strong> du monde, en s\u2019appuyant sur l\u2019intuition, l\u2019exp\u00e9rience, et une vision \u00e9thique.<\/p>\n\n\n\n<p>\u26a1 <strong><a href=\"https:\/\/pierre-henri-barnezet.fr\/68769532\/\"><mark style=\"background-color:rgba(0, 0, 0, 0)\" class=\"has-inline-color has-vivid-red-color\">Mon CEA \u00e0 la maison<\/mark><\/a><\/strong> \ud83d\udd17<\/p>\n\n\n<div class=\"wp-block-image\">\n<figure class=\"aligncenter size-large\"><img data-opt-id=1693823219  fetchpriority=\"high\" data-recalc-dims=\"1\" decoding=\"async\" width=\"640\" height=\"480\" src=\"https:\/\/mlrdeoj2ejbf.i.optimole.com\/cb:mvHM.4ca\/w:1024\/h:768\/q:mauto\/f:best\/https:\/\/i0.wp.com\/planetactus.com\/wp-content\/uploads\/2025\/04\/i281756464697319726.jpg?resize=640%2C480&#038;ssl=1\" alt=\"\" class=\"wp-image-4240\" srcset=\"https:\/\/mlrdeoj2ejbf.i.optimole.com\/cb:mvHM.4ca\/w:1024\/h:4000\/q:mauto\/f:best\/https:\/\/planetactus.com\/wp-content\/uploads\/2025\/04\/i281756464697319726.jpg 1024w, https:\/\/mlrdeoj2ejbf.i.optimole.com\/cb:mvHM.4ca\/w:300\/h:4000\/q:mauto\/f:best\/https:\/\/planetactus.com\/wp-content\/uploads\/2025\/04\/i281756464697319726.jpg 300w, https:\/\/mlrdeoj2ejbf.i.optimole.com\/cb:mvHM.4ca\/w:768\/h:4000\/q:mauto\/f:best\/https:\/\/planetactus.com\/wp-content\/uploads\/2025\/04\/i281756464697319726.jpg 768w, https:\/\/mlrdeoj2ejbf.i.optimole.com\/cb:mvHM.4ca\/w:1400\/h:1050\/q:mauto\/f:best\/https:\/\/planetactus.com\/wp-content\/uploads\/2025\/04\/i281756464697319726.jpg 1400w, https:\/\/mlrdeoj2ejbf.i.optimole.com\/cb:mvHM.4ca\/w:1280\/h:4000\/q:mauto\/f:best\/https:\/\/planetactus.com\/wp-content\/uploads\/2025\/04\/i281756464697319726.jpg 1280w\" sizes=\"(max-width: 640px) 100vw, 640px\" \/><figcaption class=\"wp-element-caption\">Illustration image \/ Pierre-Henri Barnezet \/ Mon CEA \u00e0 la maison \/ \u00ab\u00a0L&rsquo;\u00e9colieu construit au d\u00e9part avec des mat\u00e9riaux locaux: pierres de granit taill\u00e9es au burin\/marteau et bois de chataignier. Evidemment, avec toute la verroterie que j&rsquo;y ai rajout\u00e9, le batiment a un peu perdu son cachet de maison ancienne, mais en contrepartie, elle chauffe sans chauffage!!!\u00a0\u00bb<\/figcaption><\/figure>\n<\/div>\n\n\n<p><mark style=\"background-color:rgba(0, 0, 0, 0)\" class=\"has-inline-color has-vivid-red-color\">Cette section d\u00e9crit les exp\u00e9rimentations de l&rsquo;auteur en mati\u00e8re d&rsquo;autonomie \u00e9nerg\u00e9tique.<\/mark> Il partage ses exp\u00e9riences dans la cr\u00e9ation d&rsquo;une Centrale \u00c9lectrique Autonome (CEA) domestique, visant \u00e0 r\u00e9duire la d\u00e9pendance aux r\u00e9seaux traditionnels. Barnezet encourage l&rsquo;innovation personnelle et la r\u00e9silience \u00e9nerg\u00e9tique comme aspects de l&rsquo;\u00e9mancipation individuelle.<\/p>\n\n\n\n<p>\ud83c\udf0d <strong><mark style=\"background-color:rgba(0, 0, 0, 0)\" class=\"has-inline-color has-vivid-red-color\">Champ g\u00e9omagn\u00e9tique :<\/mark> <a href=\"https:\/\/pierre-henri-barnezet.fr\/68769513\/68769538\">un bouleversement porteur d\u2019espoir ?<\/a><\/strong> \ud83d\udd17<\/p>\n\n\n<div class=\"wp-block-image\">\n<figure class=\"aligncenter size-large\"><img data-opt-id=622999276  data-opt-src=\"https:\/\/mlrdeoj2ejbf.i.optimole.com\/cb:mvHM.4ca\/w:752\/h:1024\/q:mauto\/f:best\/https:\/\/i0.wp.com\/planetactus.com\/wp-content\/uploads\/2025\/04\/i281756464685576954.jpg\"  data-recalc-dims=\"1\" decoding=\"async\" width=\"640\" height=\"871\" src=\"data:image/svg+xml,%3Csvg%20viewBox%3D%220%200%20752%201024%22%20width%3D%22752%22%20height%3D%221024%22%20xmlns%3D%22http%3A%2F%2Fwww.w3.org%2F2000%2Fsvg%22%3E%3Crect%20width%3D%22752%22%20height%3D%221024%22%20fill%3D%22transparent%22%2F%3E%3C%2Fsvg%3E?resize=640%2C871&#038;ssl=1\" alt=\"\" class=\"wp-image-4245\" old-srcset=\"https:\/\/mlrdeoj2ejbf.i.optimole.com\/cb:mvHM.4ca\/w:752\/h:4000\/q:mauto\/f:best\/https:\/\/planetactus.com\/wp-content\/uploads\/2025\/04\/i281756464685576954.jpg 752w, https:\/\/mlrdeoj2ejbf.i.optimole.com\/cb:mvHM.4ca\/w:220\/h:4000\/q:mauto\/f:best\/https:\/\/planetactus.com\/wp-content\/uploads\/2025\/04\/i281756464685576954.jpg 220w, https:\/\/mlrdeoj2ejbf.i.optimole.com\/cb:mvHM.4ca\/w:768\/h:4000\/q:mauto\/f:best\/https:\/\/planetactus.com\/wp-content\/uploads\/2025\/04\/i281756464685576954.jpg 768w, https:\/\/mlrdeoj2ejbf.i.optimole.com\/cb:mvHM.4ca\/w:939\/h:1278\/q:mauto\/f:best\/https:\/\/planetactus.com\/wp-content\/uploads\/2025\/04\/i281756464685576954.jpg 939w\" \/><figcaption class=\"wp-element-caption\">Illustration image \/ Pierre-Henri Barnezet \/ <a href=\"https:\/\/pierre-henri-barnezet.fr\/68769513\/68769538\">Inversion du champ g\u00e9omagn\u00e9tique<\/a> \ud83d\udd17 : \u00ab\u00a0<em>Je tiens le serpent de la Connaissance\u2026..mais c&rsquo;est pour la bonne cause !Qui a dit que je n&rsquo;aimais pas les animaux ? Photo 27\/9\/2007 (999 =9, donc c&rsquo;est bien pour la bonne cause, l&rsquo;inverse de 666=\u20269 aussi, merde, l&rsquo;ai pas fait expr\u00e8s! Ce sont donc les 2 p\u00f4les oppos\u00e9s et compl\u00e9mentaires mais d\u00e9s\u00e9quilibr\u00e9s puisqu&rsquo;il a trop de gens dans le 666 et pas assez dans le 999)<\/em>\u00ab\u00a0<\/figcaption><\/figure>\n<\/div>\n\n\n<p>Dans cette page, Pierre-Henri Barnezet aborde l\u2019affaiblissement progressif du champ magn\u00e9tique terrestre et le d\u00e9placement des p\u00f4les magn\u00e9tiques comme des <strong>signes annonciateurs d\u2019un basculement g\u00e9omagn\u00e9tique majeur<\/strong>.<br><\/p>\n\n\n\n<p>Il pr\u00e9sente ce ph\u00e9nom\u00e8ne non comme une catastrophe, mais comme <strong>un \u00e9v\u00e9nement porteur d\u2019espoir<\/strong>, notamment pour les \u201cvraies victimes\u201d du syst\u00e8me actuel, qu\u2019il relie \u00e0 des d\u00e9s\u00e9quilibres vibratoires symbolis\u00e9s par les p\u00f4les 666 (dominants) et 999 (\u00e9veill\u00e9s mais minoritaires).<\/p>\n\n\n\n<p>Selon lui, ce basculement pourrait <strong>r\u00e9\u00e9quilibrer les forces en jeu<\/strong>, tant sur les plans physiques que subtils. Il \u00e9voque \u00e9galement son premier livre publi\u00e9 il y a 29 ans, dans lequel <strong>il anticipait d\u00e9j\u00e0 cette dynamique.<\/strong><\/p>\n\n\n\n<p>\ud83c\udf17 <a href=\"https:\/\/pierre-henri-barnezet.fr\/68769513\/68769527\"><mark style=\"background-color:rgba(0, 0, 0, 0)\" class=\"has-inline-color has-vivid-red-color\"><strong>L\u2019\u00e9veil polaris\u00e9 : un double cheminement<\/strong><\/mark><\/a> \ud83d\udd17<\/p>\n\n\n\n<p>L\u2019auteur d\u00e9crit deux dimensions compl\u00e9mentaires de l\u2019\u00e9veil :<\/p>\n\n\n\n<p>1. <strong>L\u2019\u00e9veil \u00e0 soi<\/strong> : Il commence par l\u2019\u00e9coute du corps, la perception fine de ses besoins, et la conscience de son m\u00e9tabolisme. C\u2019est aussi comprendre que le corps est un outil sacr\u00e9, le \u00ab\u00a0<strong>temple de l\u2019esprit<\/strong>\u00ab\u00a0. Cela passe par des lectures initiatiques, des exercices de conscience, le d\u00e9veloppement de l\u2019intuition et le ressenti des autres. Le but :<strong> \u00e9viter des comportements pr\u00e9dateurs, et chercher \u00e0 provoquer des synchronicit\u00e9s.<\/strong><\/p>\n\n\n\n<p>2. <strong>L\u2019\u00e9veil au monde<\/strong> : Moins d\u00e9taill\u00e9 ici, il s\u2019oppose \u00e0 un \u00e9veil autocentr\u00e9. Le vrai \u00e9veil, selon Barnezet, <strong>combine ces deux p\u00f4les<\/strong>, ce qui reste encore rare aujourd\u2019hui.<\/p>\n\n\n\n<p>Enfin, il insiste sur <strong>l\u2019ind\u00e9pendance de pens\u00e9e<\/strong>, face aux \u00e9gr\u00e9gores collectifs, ces entit\u00e9s d\u2019id\u00e9es ou de croyances qui influencent inconsciemment nos pens\u00e9es. <mark style=\"background-color:rgba(0, 0, 0, 0)\" class=\"has-inline-color has-vivid-red-color\">L\u2019\u00e9veil \u00e0 soi, c\u2019est penser par soi-m\u00eame.<\/mark><\/p>\n\n\n\n<p>\ud83d\udca1<strong>La cha\u00eene YouTube de Pierre-Henri Barnezet<\/strong>, sous le nom <em>Memnat Dakinix<\/em>, propose une s\u00e9rie de vid\u00e9os <strong>musicales <\/strong>et <strong>initiatiques<\/strong>. Dans l&rsquo;une d\u2019elles, il interpr\u00e8te un <strong>pr\u00e9lude c\u00e9l\u00e8bre en mi b\u00e9mol mineur<\/strong>, un ton en dessous de la version moderne, pour retrouver la <strong>fr\u00e9quence d\u2019accord historique de l\u2019\u00e9poque baroque (415 Hz)<\/strong>. Ce choix r\u00e9v\u00e8le une <strong>m\u00e9moire intuitive d\u2019une vie pass\u00e9e<\/strong>, o\u00f9 le diapason ancien lui semble plus naturel.<\/p>\n\n\n\n<figure class=\"wp-block-embed aligncenter is-type-video is-provider-youtube wp-block-embed-youtube wp-embed-aspect-16-9 wp-has-aspect-ratio\"><div class=\"wp-block-embed__wrapper\">\n<iframe  id=\"_ytid_21469\"  width=\"640\" height=\"360\"  data-origwidth=\"640\" data-origheight=\"360\" src=\"https:\/\/www.youtube.com\/embed\/CUJjZrHuku0?enablejsapi=1&#038;autoplay=0&#038;cc_load_policy=0&#038;cc_lang_pref=&#038;iv_load_policy=1&#038;loop=0&#038;rel=1&#038;fs=1&#038;playsinline=0&#038;autohide=2&#038;theme=dark&#038;color=red&#038;controls=1&#038;disablekb=0&#038;\" class=\"__youtube_prefs__  epyt-is-override  no-lazyload\" title=\"YouTube player\"  allow=\"fullscreen; accelerometer; autoplay; clipboard-write; encrypted-media; gyroscope; picture-in-picture; web-share\" referrerpolicy=\"strict-origin-when-cross-origin\" allowfullscreen data-no-lazy=\"1\" data-skipgform_ajax_framebjll=\"\"><\/iframe>\n<\/div><figcaption class=\"wp-element-caption\">Boogie-woogie. Pierre Henri Barnezet &#8211; Piano \/ <a href=\"http:\/\/www.youtube.com\/channel\/UCejf4uCkGnoenxTtjW_BeRQ\/videos\">Memnat Dakinix<\/a> \ud83d\udd17<\/figcaption><\/figure>\n\n\n\n<p>\ud83c\udfbc <strong>Lien vers toutes ses vid\u00e9os<\/strong> : <a class=\"\" href=\"http:\/\/www.youtube.com\/channel\/UCejf4uCkGnoenxTtjW_BeRQ\/videos\">Cha\u00eene YouTube de Memnat Dakinix<\/a> \ud83d\udd17<\/p>\n\n\n\n<hr class=\"wp-block-separator has-alpha-channel-opacity\"\/>\n\n\n\n<p><strong>En explorant ces rubriques, vous approfondirez votre compr\u00e9hension des th\u00e8mes abord\u00e9s par Pierre-Henri Barnezet et enrichirez votre propre cheminement spirituel.<\/strong><\/p>\n\n\n\n<p><span style=\"text-decoration: underline;\">Tu pourrais aussi aimer<\/span> \ud83c\udfac : <\/p>\n\n\n\n<p>\ud83d\udd76 <strong>Les Inconnus &#8211;<\/strong> <a href=\"https:\/\/youtu.be\/dOJwGl3yLMU\"><strong><mark style=\"background-color:rgba(0, 0, 0, 0)\" class=\"has-inline-color has-vivid-red-color\">Reportage sur la secte dirig\u00e9e par Skippy, le grand gourou<\/mark><\/strong><\/a> \ud83d\udd17<\/p>\n\n\n\n<figure class=\"wp-block-embed aligncenter is-type-video is-provider-youtube wp-block-embed-youtube wp-embed-aspect-4-3 wp-has-aspect-ratio\"><div class=\"wp-block-embed__wrapper\">\n<iframe  id=\"_ytid_45192\"  width=\"640\" height=\"360\"  data-origwidth=\"640\" data-origheight=\"360\" src=\"https:\/\/www.youtube.com\/embed\/dOJwGl3yLMU?enablejsapi=1&#038;autoplay=0&#038;cc_load_policy=0&#038;cc_lang_pref=&#038;iv_load_policy=1&#038;loop=0&#038;rel=1&#038;fs=1&#038;playsinline=0&#038;autohide=2&#038;theme=dark&#038;color=red&#038;controls=1&#038;disablekb=0&#038;\" class=\"__youtube_prefs__  epyt-is-override  no-lazyload\" title=\"YouTube player\"  allow=\"fullscreen; accelerometer; autoplay; clipboard-write; encrypted-media; gyroscope; picture-in-picture; web-share\" referrerpolicy=\"strict-origin-when-cross-origin\" allowfullscreen data-no-lazy=\"1\" data-skipgform_ajax_framebjll=\"\"><\/iframe>\n<\/div><figcaption class=\"wp-element-caption\"><a href=\"https:\/\/www.youtube.com\/@lesinconnus_officiel\">Les Inconnus<\/a> <strong><mark style=\"background-color:rgba(0, 0, 0, 0)\" class=\"has-inline-color has-vivid-red-color\">\ud83d\udd17<\/mark><\/strong><\/figcaption><\/figure>\n\n\n\n<p><strong>On a beau conna\u00eetre l&rsquo;existence des sectes, tout le monde peut se faire avoir, surtout lorsque le grand gourou Skippy est aux manettes\u2026<\/strong><\/p>\n\n\n\n<div style=\"display:none;\">\n  <a href=\"https:\/\/planetactus.com\/mnemos\/?cle=Orea777\" rel=\"nofollow\">\u2234<\/a>\n<\/div>\n\n\n\n\n<p>\ud83d\udd0d <strong><mark style=\"background-color:rgba(0, 0, 0, 0)\" class=\"has-inline-color has-vivid-red-color\"><a href=\"https:\/\/youtu.be\/qteXC4rltdk\">Le monde occulte de Rudolf Steiner<\/a> \ud83d\udd17| ARTE<\/mark><\/strong>. Disponible jusqu&rsquo;au 25\/06\/2025<\/p>\n\n\n\n<figure class=\"wp-block-embed aligncenter is-type-video is-provider-youtube wp-block-embed-youtube wp-embed-aspect-16-9 wp-has-aspect-ratio\"><div class=\"wp-block-embed__wrapper\">\n<iframe  id=\"_ytid_69844\"  width=\"640\" height=\"360\"  data-origwidth=\"640\" data-origheight=\"360\" src=\"https:\/\/www.youtube.com\/embed\/qteXC4rltdk?enablejsapi=1&#038;autoplay=0&#038;cc_load_policy=0&#038;cc_lang_pref=&#038;iv_load_policy=1&#038;loop=0&#038;rel=1&#038;fs=1&#038;playsinline=0&#038;autohide=2&#038;theme=dark&#038;color=red&#038;controls=1&#038;disablekb=0&#038;\" class=\"__youtube_prefs__  epyt-is-override  no-lazyload\" title=\"YouTube player\"  allow=\"fullscreen; accelerometer; autoplay; clipboard-write; encrypted-media; gyroscope; picture-in-picture; web-share\" referrerpolicy=\"strict-origin-when-cross-origin\" allowfullscreen data-no-lazy=\"1\" data-skipgform_ajax_framebjll=\"\"><\/iframe>\n<\/div><figcaption class=\"wp-element-caption\"><a href=\"https:\/\/www.youtube.com\/@arte\">ARTE<\/a> <strong><strong><mark style=\"background-color:rgba(0, 0, 0, 0)\" class=\"has-inline-color has-vivid-red-color\">\ud83d\udd17<\/mark><\/strong><\/strong><\/figcaption><\/figure>\n\n\n\n<p><strong>Qui \u00e9tait le penseur autrichien Rudolf Steiner (1861-1925), p\u00e8re de l\u2019anthroposophie et homme aux multiples controverses ? Un portrait \u00e9clairant. Fondateur de l\u2019anthroposophie, de l\u2019agriculture biodynamique, des produits cosm\u00e9tiques Weleda et des \u00e9coles Waldorf, le penseur autrichien Rudolf Steiner continue de susciter fascination et controverse, cent ans apr\u00e8s sa mort<\/strong>.<strong> Qui \u00e9tait l\u2019homme derri\u00e8re les th\u00e9ories ?<\/strong> N\u00e9 en 1861 \u00e0 Kraljevec, dans l\u2019actuelle Croatie, Steiner \u00e9tudie la chimie, les math\u00e9matiques, la litt\u00e9rature et la botanique \u00e0 Vienne. Durant cette p\u00e9riode o\u00f9 il manque d\u2019argent, le jeune homme travaille comme pr\u00e9cepteur au sein d\u2019une famille ais\u00e9e, dont l\u2019un des enfants, n\u00e9 avec un handicap, l\u2019oblige \u00e0 inventer des m\u00e9thodes d\u2019apprentissage in\u00e9dites qui s\u2019av\u00e9reront fructueuses. Apr\u00e8s s\u2019\u00eatre plong\u00e9 dans les \u00e9crits de <strong>Goethe <\/strong>et <strong>Schiller \u00e0 Weimar<\/strong>, il obtient un doctorat de philosophie \u00e0 Rostock, puis d\u00e9m\u00e9nage \u00e0 Berlin au tournant du si\u00e8cle. <\/p>\n\n\n\n<p><strong>S\u2019il commence par y fr\u00e9quenter les milieux boh\u00e8mes et anarchistes, il rejoint ensuite la soci\u00e9t\u00e9 secr\u00e8te des th\u00e9osophes allemands, s\u2019int\u00e9ressant de plus en plus \u00e0 l\u2019\u00e9sot\u00e9risme, qui va le m\u00e9tamorphoser profond\u00e9ment. Quelques ann\u00e9es plus tard, ce polygraphe et auteur de nombreuses conf\u00e9rences fonde l\u2019anthroposophie, mouvement de pens\u00e9e qui se d\u00e9finit comme une exploration de la nature spirituelle de l\u2019homme et de l\u2019univers<\/strong>. Comptant quelque 3 000 adeptes \u00e0 sa cr\u00e9ation, elle est aujourd\u2019hui constitu\u00e9e d\u2019environ 40 000 membres. Myst\u00e9rieux et controvers\u00e9 : <strong>Si Rudolf Steiner avait v\u00e9cu aujourd\u2019hui, serait-il un cr\u00e9ateur de contenus suivi par des milliers de followers ?<\/strong> Alors qu\u2019il n\u2019a pas h\u00e9sit\u00e9 \u00e0 susciter les controverses tout au long de sa vie, se contredisant \u00e0 plusieurs reprises sur certains sujets comme l\u2019antis\u00e9mitisme, le racisme ou encore la misogynie, les r\u00e9alisatrices Anna Pfl\u00fcger et Lara Heinemann imaginent comment certains \u00e9l\u00e9ments de discours du p\u00e8re de l\u2019anthroposophie r\u00e9sonneraient aujourd\u2019hui sur les r\u00e9seaux sociaux. <strong>Pour tenter d\u2019esquisser le profil de cet homme myst\u00e9rieux, elles convoquent diff\u00e9rents sp\u00e9cialistes aux avis parfois oppos\u00e9s<\/strong>, notamment son biographe Helmut Zander, le politologue et anthroposophe Maurice Schuhmann, l\u2019\u00e9crivain et musicien Gary Lachman et le philosophe des religions Ansgar Martins. Un portrait \u00e9clairant. <strong>Documentaire <\/strong>d&rsquo;Anna Pfl\u00fcger (Allemagne, 2024, 1h31mn).<\/p>\n\n\n\n<p>\ud83d\udc7d <strong><a href=\"https:\/\/youtu.be\/Giu4WhlhSxQ\"><mark style=\"background-color:rgba(0, 0, 0, 0)\" class=\"has-inline-color has-vivid-red-color\">Comment serait g\u00e9r\u00e9e une apparition d\u2019OVNI<\/mark><\/a><mark style=\"background-color:rgba(0, 0, 0, 0)\" class=\"has-inline-color has-vivid-red-color\">  ?\ud83d\udd17 <\/mark>| Dossier OVNI<\/strong> \ud83d\udef8<\/p>\n\n\n\n<figure class=\"wp-block-embed aligncenter is-type-video is-provider-youtube wp-block-embed-youtube wp-embed-aspect-16-9 wp-has-aspect-ratio\"><div class=\"wp-block-embed__wrapper\">\n<iframe  id=\"_ytid_37228\"  width=\"640\" height=\"360\"  data-origwidth=\"640\" data-origheight=\"360\" src=\"https:\/\/www.youtube.com\/embed\/Giu4WhlhSxQ?enablejsapi=1&#038;autoplay=0&#038;cc_load_policy=0&#038;cc_lang_pref=&#038;iv_load_policy=1&#038;loop=0&#038;rel=1&#038;fs=1&#038;playsinline=0&#038;autohide=2&#038;theme=dark&#038;color=red&#038;controls=1&#038;disablekb=0&#038;\" class=\"__youtube_prefs__  epyt-is-override  no-lazyload\" title=\"YouTube player\"  allow=\"fullscreen; accelerometer; autoplay; clipboard-write; encrypted-media; gyroscope; picture-in-picture; web-share\" referrerpolicy=\"strict-origin-when-cross-origin\" allowfullscreen data-no-lazy=\"1\" data-skipgform_ajax_framebjll=\"\"><\/iframe>\n<\/div><figcaption class=\"wp-element-caption\"><a href=\"https:\/\/www.youtube.com\/@anewssecurite\">A News S\u00e9curit\u00e9<\/a> <strong><mark style=\"background-color:rgba(0, 0, 0, 0)\" class=\"has-inline-color has-vivid-red-color\">\ud83d\udd17<\/mark><\/strong><\/figcaption><\/figure>\n\n\n\n<p><strong>Dans ce nouveau num\u00e9ro d\u2019OVNI, les experts font un focus sur l\u2019actu internationale des ph\u00e9nom\u00e8nes a\u00e9rospatiaux non identifi\u00e9s et d\u00e9battent sur la gestion de crise dans l\u2019hypoth\u00e8se d\u2019une \u00e9ventuelle apparition d\u2019un PANS. Alexandre Carr\u00e9 re\u00e7oit<\/strong>&nbsp;:<\/p>\n\n\n\n<ul class=\"wp-block-list\">\n<li>Bruno Mignot, <strong>G\u00e9n\u00e9ral de l&rsquo;arm\u00e9e de l&rsquo;air et de l\u2019espace ancien Pilote en unit\u00e9s de combat op\u00e9rationnelles<\/strong>, t\u00e9moin de ph\u00e9nom\u00e8nes a\u00e9rospatiaux non identifi\u00e9s.<\/li>\n<\/ul>\n\n\n\n<ul class=\"wp-block-list\">\n<li>Luc Dini, <strong>Pr\u00e9sident de la commission Sigma 2 de l\u2019A3F<\/strong>.<\/li>\n<\/ul>\n\n\n\n<ul class=\"wp-block-list\">\n<li>Baptiste Friscourt, <strong>correspondant du m\u00e9dia d\u2019information The Debrief.<\/strong><\/li>\n<\/ul>\n\n\n\n<ul class=\"wp-block-list\">\n<li>Sylvain Maisonneuve, ex membre de cabinets minist\u00e9riels (2020 \u00e0 2025), <strong>sp\u00e9cialiste de la gestion de crise et intervenant pour des colloques sur les \u00ab ph\u00e9nom\u00e8nes a\u00e9rospatiaux non identifi\u00e9s \u00bb<\/strong>.<\/li>\n<\/ul>\n\n\n\n<ul class=\"wp-block-list\">\n<li>Alain Juillet, <strong>expert g\u00e9opolitique et Senior advisor en intelligence \u00e9conomique et suret\u00e9.<\/strong><\/li>\n<\/ul>\n\n\n\n<p>\u270d\ufe0f <strong><mark style=\"background-color:rgba(0, 0, 0, 0)\" class=\"has-inline-color has-vivid-red-color\">L&rsquo;HISTOIRE COMPL\u00c8TE des Archives Akashiques \u2013 <a href=\"https:\/\/www.youtube.com\/watch?v=uXdd4BWRbrU\">Tout Spiritualiste Doit le SAVOIR<\/a><\/mark><\/strong> <strong><mark style=\"background-color:rgba(0, 0, 0, 0)\" class=\"has-inline-color has-vivid-red-color\">\ud83d\udd17<\/mark><\/strong><\/p>\n\n\n\n<figure class=\"wp-block-embed aligncenter is-type-video is-provider-youtube wp-block-embed-youtube wp-embed-aspect-16-9 wp-has-aspect-ratio\"><div class=\"wp-block-embed__wrapper\">\n<iframe  id=\"_ytid_28077\"  width=\"640\" height=\"360\"  data-origwidth=\"640\" data-origheight=\"360\" src=\"https:\/\/www.youtube.com\/embed\/uXdd4BWRbrU?enablejsapi=1&#038;autoplay=0&#038;cc_load_policy=0&#038;cc_lang_pref=&#038;iv_load_policy=1&#038;loop=0&#038;rel=1&#038;fs=1&#038;playsinline=0&#038;autohide=2&#038;theme=dark&#038;color=red&#038;controls=1&#038;disablekb=0&#038;\" class=\"__youtube_prefs__  epyt-is-override  no-lazyload\" title=\"YouTube player\"  allow=\"fullscreen; accelerometer; autoplay; clipboard-write; encrypted-media; gyroscope; picture-in-picture; web-share\" referrerpolicy=\"strict-origin-when-cross-origin\" allowfullscreen data-no-lazy=\"1\" data-skipgform_ajax_framebjll=\"\"><\/iframe>\n<\/div><figcaption class=\"wp-element-caption\"><strong><mark style=\"background-color:rgba(0, 0, 0, 0)\" class=\"has-inline-color has-vivid-red-color\">\ud83d\udd17<\/mark><\/strong> <a href=\"https:\/\/www.youtube.com\/@Biblioth%C3%A8quedeThot\">Biblioth\u00e8que de Thot<\/a> <strong><mark style=\"background-color:rgba(0, 0, 0, 0)\" class=\"has-inline-color has-vivid-red-color\">\ud83d\udd17<\/mark><\/strong><\/figcaption><\/figure>\n\n\n\n<p><strong>Votre vie a \u00e9t\u00e9 \u00e9crite avant votre naissance. Et elle est toujours en train de s&rsquo;\u00e9crire, en ce moment m\u00eame.<\/strong><\/p>\n\n\n\n<p>\ud83d\udccc <a href=\"https:\/\/www.youtube.com\/watch?v=MJ5qPNANSqg\"><strong><mark style=\"background-color:rgba(0, 0, 0, 0)\" class=\"has-inline-color has-vivid-red-color\">100 Enseignements SECRETS de l\u2019Atlantide Dont Vous N\u2019avez Jamais Entendu Parler<\/mark><\/strong><\/a> \ud83d\udd17 <strong>&#8211; Pas de b\u00eatises.<\/strong><\/p>\n\n\n\n<figure class=\"wp-block-embed aligncenter is-type-video is-provider-youtube wp-block-embed-youtube wp-embed-aspect-16-9 wp-has-aspect-ratio\"><div class=\"wp-block-embed__wrapper\">\n<iframe  id=\"_ytid_85360\"  width=\"640\" height=\"360\"  data-origwidth=\"640\" data-origheight=\"360\" src=\"https:\/\/www.youtube.com\/embed\/MJ5qPNANSqg?enablejsapi=1&#038;autoplay=0&#038;cc_load_policy=0&#038;cc_lang_pref=&#038;iv_load_policy=1&#038;loop=0&#038;rel=1&#038;fs=1&#038;playsinline=0&#038;autohide=2&#038;theme=dark&#038;color=red&#038;controls=1&#038;disablekb=0&#038;\" class=\"__youtube_prefs__  epyt-is-override  no-lazyload\" title=\"YouTube player\"  allow=\"fullscreen; accelerometer; autoplay; clipboard-write; encrypted-media; gyroscope; picture-in-picture; web-share\" referrerpolicy=\"strict-origin-when-cross-origin\" allowfullscreen data-no-lazy=\"1\" data-skipgform_ajax_framebjll=\"\"><\/iframe>\n<\/div><\/figure>\n\n\n\n<p><strong>Obtenez un exemplaire gratuit de \u00ab\u00a0The Kybalion\u00a0\u00bb en<\/strong> <a href=\"http:\/\/philippelopes.free.fr\/TrismegisteHermesKybalionByDurvilleAndre2002.pdf\"><mark style=\"background-color:rgba(0, 0, 0, 0)\" class=\"has-inline-color has-vivid-red-color\">cliquant ici<\/mark><\/a>. \ud83d\udd17 <\/p>\n\n\n\n<blockquote class=\"wp-block-quote is-layout-flow wp-block-quote-is-layout-flow\">\n<p><em>\u00ab\u00a0Les l\u00e8vres de la Sagesse sont closes, except\u00e9 aux oreilles de la Raison.\u00a0\u00bb<\/em> | <mark style=\"background-color:rgba(0, 0, 0, 0)\" class=\"has-inline-color has-vivid-red-color\">LE KYBALION.<\/mark><\/p>\n<\/blockquote>\n\n\n\n<p>\ud83c\udfa7 <strong><mark style=\"background-color:rgba(0, 0, 0, 0)\" class=\"has-inline-color has-vivid-red-color\">LE KYBALION | Herm\u00e8s Trism\u00e9giste | <a href=\"https:\/\/www.youtube.com\/watch?v=CVqeyPouKaA\">LIVRE AUDIO<\/a><\/mark><\/strong> \ud83d\udd17<\/p>\n\n\n\n<figure class=\"wp-block-embed aligncenter is-type-video is-provider-youtube wp-block-embed-youtube wp-embed-aspect-16-9 wp-has-aspect-ratio\"><div class=\"wp-block-embed__wrapper\">\n<iframe  id=\"_ytid_21857\"  width=\"640\" height=\"360\"  data-origwidth=\"640\" data-origheight=\"360\" src=\"https:\/\/www.youtube.com\/embed\/CVqeyPouKaA?enablejsapi=1&#038;autoplay=0&#038;cc_load_policy=0&#038;cc_lang_pref=&#038;iv_load_policy=1&#038;loop=0&#038;rel=1&#038;fs=1&#038;playsinline=0&#038;autohide=2&#038;theme=dark&#038;color=red&#038;controls=1&#038;disablekb=0&#038;\" class=\"__youtube_prefs__  epyt-is-override  no-lazyload\" title=\"YouTube player\"  allow=\"fullscreen; accelerometer; autoplay; clipboard-write; encrypted-media; gyroscope; picture-in-picture; web-share\" referrerpolicy=\"strict-origin-when-cross-origin\" allowfullscreen data-no-lazy=\"1\" data-skipgform_ajax_framebjll=\"\"><\/iframe>\n<\/div><figcaption class=\"wp-element-caption\"><a href=\"https:\/\/www.youtube.com\/@audiolivres_\">AUDIO LIVRES<\/a>  \ud83d\udd17<\/figcaption><\/figure>\n\n\n\n<p><strong>Une fois que nous avons acquis la connaissance des lois universelles qui r\u00e9gissent la VIE de tout \u00eatre, une nouvelle perspective s&rsquo;ouvre devant nous. Cette compr\u00e9hension nous octroie non seulement une ma\u00eetrise plus profonde de notre existence, mais elle repr\u00e9sente \u00e9galement la cl\u00e9 vers une r\u00e9alisation plus vaste de notre potentiel et de notre \u00e9panouissement. <a href=\"https:\/\/www.youtube.com\/watch?v=-wC64ad9GBg\"><mark style=\"background-color:rgba(0, 0, 0, 0)\" class=\"has-inline-color has-vivid-red-color\">Le Kybalion<\/mark> <\/a>\ud83d\udd17<\/strong> <strong>d&rsquo;Herm\u00e8s Trism\u00e9giste, en synth\u00e9tisant les enseignements de l&rsquo;herm\u00e9tisme \u00e0 travers les 7 principes ou lois universelles, nous offre une voie pour explorer et exploiter les profondeurs de notre nature spirituelle et mentale.<\/strong> Ce livre, enracin\u00e9 dans la <strong>sagesse ancienne<\/strong> et la tradition herm\u00e9tique, d\u00e9voile les principes fondamentaux qui gouvernent l&rsquo;univers et notre existence. <strong>Il souligne la notion de transmutation spirituelle comme moyen de transformation int\u00e9rieure, permettant \u00e0 ceux qui comprennent ces lois d&rsquo;appr\u00e9hender et de naviguer \u00e0 travers les complexit\u00e9s de la vie quotidienne avec une conscience plus claire et une sagesse accrue<\/strong>. La sagesse des Trois Initi\u00e9s, sous le pseudonyme de l&rsquo;auteur, repr\u00e9sente une tradition mill\u00e9naire qui offre un guide pour l&rsquo;\u00e9volution spirituelle et l&rsquo;\u00e9panouissement personnel. <strong>Ces principes universels r\u00e9v\u00e9l\u00e9s par le Kybalion servent de rep\u00e8re pour ceux qui cherchent \u00e0 mieux comprendre les rouages subtils de l&rsquo;existence et \u00e0 vivre une vie plus align\u00e9e, consciente et \u00e9quilibr\u00e9e.<\/strong><\/p>\n\n\n\n<p>\ud83d\udca1 <mark style=\"background-color:rgba(0, 0, 0, 0)\" class=\"has-inline-color has-vivid-red-color\">Si cet article vous a plu, n\u2019h\u00e9sitez pas \u00e0 le partager avec vos proches et sur tous vos r\u00e9seaux sociaux ! Suivez-nous pour plus d\u2019actualit\u00e9s passionnantes.<\/mark><\/p>\n\n\n\n<p><strong>\ud83d\udef8<\/strong><strong>&nbsp;<a href=\"https:\/\/t.me\/ufo_planetactus_sightings\">Ufo Planet Actus Sightings Investigations<\/a>&nbsp;<\/strong><strong>\ud83d\udc7d<\/strong><strong><br><\/strong><strong>\ud83e\ude90<\/strong><strong>&nbsp;<\/strong><a href=\"https:\/\/t.me\/planetactus\"><strong>Planet Actus&nbsp;True News Letters<\/strong><\/a><strong>&nbsp;<\/strong><strong>\ud83d\uddde<\/strong><strong><br><\/strong><strong>\ud83d\udcbb<\/strong><strong>&nbsp;<\/strong><a href=\"https:\/\/planetactus.com\/\"><strong>Planet Actus.com<\/strong><\/a><strong>&nbsp;<\/strong><strong>\ud83e\ude90<\/strong><\/p>\n\n\n<div class=\"wp-block-post-author\"><div class=\"wp-block-post-author__avatar\"><img decoding=async data-opt-id=1391982141  alt='' src='\/\/www.gravatar.com\/avatar\/1f651b4ef1fc23d4d1601d6f2649258e?s=48&#038;r=g&#038;d=mm' srcset='\/\/www.gravatar.com\/avatar\/1f651b4ef1fc23d4d1601d6f2649258e?s=48&#038;r=g&#038;d=mm 2x' class='avatar avatar-48 photo' height='48' width='48' \/><\/div><div class=\"wp-block-post-author__content\"><p class=\"wp-block-post-author__byline\"><a href=\"http:\/\/planetactus.com\">planetactus<\/a><\/p><p class=\"wp-block-post-author__name\">planetactus.com<\/p><\/div><\/div><div class=\"gsp_post_data\" \r\n\t            data-post_type=\"post\" \r\n\t            data-cat=\"a-la-une,leveil,le-chemin-de-linitie-libre,mystere-de-la-conscience,presences-extra-terrestres,ufo-news\" \r\n\t            data-modified=\"120\"\r\n\t            data-created=\"1744707429\"\r\n\t            data-title=\"Pierre-Henri Barnezet : Le Chemin de l\u2019Initi\u00e9 Libre. Quand la Lumi\u00e8re n\u2019a Pas Besoin de Temple. Fini les Faux Ma\u00eetres : Osez la Vraie Initiation.\" \r\n\t            data-home=\"https:\/\/planetactus.com\"><\/div>","protected":false},"excerpt":{"rendered":"<p>\ud83d\udd2e&nbsp;Par la R\u00e9daction \u00c9sot\u00e9rique de Planet Actus&nbsp;\ud83e\ude90&nbsp;Avril 2025 \ud83d\udd25 Pierre-Henri Barnezet : La Connaissance Authentique, Libre et Incorruptible ! Dans un monde satur\u00e9 de faux proph\u00e8tes, de spiritualit\u00e9 de pacotille et d\u2019influenceurs auto-proclam\u00e9s \u00ab\u00a0\u00e9veill\u00e9s\u00a0\u00bb, une voix dissidente, libre et aff\u00fbt\u00e9e, tranche dans le brouillard : celle de Pierre-Henri Barnezet \ud83d\udd17 Son site, au nom d\u00e9j\u00e0 [&hellip;]<\/p>\n","protected":false},"author":1,"featured_media":4249,"comment_status":"open","ping_status":"open","sticky":false,"template":"","format":"standard","meta":{"_bbp_topic_count":0,"_bbp_reply_count":0,"_bbp_total_topic_count":0,"_bbp_total_reply_count":0,"_bbp_voice_count":0,"_bbp_anonymous_reply_count":0,"_bbp_topic_count_hidden":0,"_bbp_reply_count_hidden":0,"_bbp_forum_subforum_count":0,"fifu_image_url":"","fifu_image_alt":"","_jetpack_memberships_contains_paid_content":false,"footnotes":"","jetpack_publicize_message":"","jetpack_publicize_feature_enabled":true,"jetpack_social_post_already_shared":false,"jetpack_social_options":{"image_generator_settings":{"template":"highway","default_image_id":0,"font":"","enabled":false},"version":2}},"categories":[19,41,158,107,134,12],"tags":[],"class_list":["post-4232","post","type-post","status-publish","format-standard","has-post-thumbnail","hentry","category-a-la-une","category-leveil","category-le-chemin-de-linitie-libre","category-mystere-de-la-conscience","category-presences-extra-terrestres","category-ufo-news"],"featured_image_src":"https:\/\/mlrdeoj2ejbf.i.optimole.com\/cb:mvHM.4ca\/w:auto\/h:auto\/q:mauto\/f:best\/https:\/\/i0.wp.com\/planetactus.com\/wp-content\/uploads\/2025\/04\/Pierre-Henri-Barnezet.-Le-Chemin-de-lInitie-Libre.-Quand-la-Lumiere-na-Pas-Besoin-de-Temple_PLanet-Actus-IA.jpg?fit=1024%2C1024&ssl=1","author_info":{"display_name":"planetactus.com","author_link":"https:\/\/planetactus.com\/index.php\/author\/admin9861\/"},"yoast_head":"<!-- This site is optimized with the Yoast SEO plugin v27.5 - https:\/\/yoast.com\/product\/yoast-seo-wordpress\/ -->\n<title>Pierre-Henri Barnezet : Le Chemin de l\u2019Initi\u00e9 Libre. Quand la Lumi\u00e8re n\u2019a Pas Besoin de Temple. Fini les Faux Ma\u00eetres : Osez la Vraie Initiation. -<\/title>\n<meta name=\"description\" content=\"Dans un monde satur\u00e9 de faux proph\u00e8tes, de spiritualit\u00e9 de pacotille et d\u2019influenceurs auto-proclam\u00e9s &quot;\u00e9veill\u00e9s&quot;, une voix dissidente, libre et aff\u00fbt\u00e9e, tranche dans le brouillard : celle de Pierre-Henri Barnezet\" class=\"yoast-seo-meta-tag\" \/>\n<meta name=\"robots\" content=\"index, follow, max-snippet:-1, max-image-preview:large, max-video-preview:-1\" \/>\n<link rel=\"canonical\" href=\"https:\/\/planetactus.com\/index.php\/2025\/04\/15\/pierre-henri-barnezet-le-chemin-de-linitie-libre-quand-la-lumiere-na-pas-besoin-de-temple-fini-les-faux-maitres-osez-la-vraie-initiation\/\" class=\"yoast-seo-meta-tag\" \/>\n<meta property=\"og:locale\" content=\"fr_FR\" class=\"yoast-seo-meta-tag\" \/>\n<meta property=\"og:type\" content=\"article\" class=\"yoast-seo-meta-tag\" \/>\n<meta property=\"og:title\" content=\"Pierre-Henri Barnezet : Le Chemin de l\u2019Initi\u00e9 Libre. Quand la Lumi\u00e8re n\u2019a Pas Besoin de Temple. Fini les Faux Ma\u00eetres : Osez la Vraie Initiation.\" class=\"yoast-seo-meta-tag\" \/>\n<meta property=\"og:description\" content=\"Dans un monde satur\u00e9 de faux proph\u00e8tes, de spiritualit\u00e9 de pacotille et d\u2019influenceurs auto-proclam\u00e9s &quot;\u00e9veill\u00e9s&quot;, une voix dissidente, libre et aff\u00fbt\u00e9e, tranche dans le brouillard : celle de Pierre-Henri Barnezet\" class=\"yoast-seo-meta-tag\" \/>\n<meta property=\"og:url\" content=\"https:\/\/planetactus.com\/index.php\/2025\/04\/15\/pierre-henri-barnezet-le-chemin-de-linitie-libre-quand-la-lumiere-na-pas-besoin-de-temple-fini-les-faux-maitres-osez-la-vraie-initiation\/\" class=\"yoast-seo-meta-tag\" \/>\n<meta property=\"article:publisher\" content=\"https:\/\/www.facebook.com\/profile.php?id=61561620320740\" class=\"yoast-seo-meta-tag\" \/>\n<meta property=\"article:author\" content=\"https:\/\/www.facebook.com\/profile.php?id=61561620320740\" class=\"yoast-seo-meta-tag\" \/>\n<meta property=\"article:published_time\" content=\"2025-04-15T06:57:09+00:00\" class=\"yoast-seo-meta-tag\" \/>\n<meta property=\"article:modified_time\" content=\"2025-05-28T13:22:31+00:00\" class=\"yoast-seo-meta-tag\" \/>\n<meta property=\"og:image\" content=\"https:\/\/mlrdeoj2ejbf.i.optimole.com\/cb:mvHM.4ca\/w:auto\/h:auto\/q:mauto\/f:best\/http:\/\/planetactus.com\/wp-content\/uploads\/2025\/04\/Pierre-Henri-Barnezet.-Le-Chemin-de-lInitie-Libre.-Quand-la-Lumiere-na-Pas-Besoin-de-Temple_PLanet-Actus-IA.jpg\" class=\"yoast-seo-meta-tag\" \/>\n\t<meta property=\"og:image:width\" content=\"1024\" class=\"yoast-seo-meta-tag\" \/>\n\t<meta property=\"og:image:height\" content=\"1024\" class=\"yoast-seo-meta-tag\" \/>\n\t<meta property=\"og:image:type\" content=\"image\/jpeg\" class=\"yoast-seo-meta-tag\" \/>\n<meta name=\"author\" content=\"planetactus.com\" class=\"yoast-seo-meta-tag\" \/>\n<meta name=\"twitter:card\" content=\"summary_large_image\" class=\"yoast-seo-meta-tag\" \/>\n<meta name=\"twitter:title\" content=\"Pierre-Henri Barnezet : Le Chemin de l\u2019Initi\u00e9 Libre. Quand la Lumi\u00e8re n\u2019a Pas Besoin de Temple. Fini les Faux Ma\u00eetres : Osez la Vraie Initiation.\" class=\"yoast-seo-meta-tag\" \/>\n<meta name=\"twitter:image\" content=\"https:\/\/mlrdeoj2ejbf.i.optimole.com\/cb:mvHM.4ca\/w:auto\/h:auto\/q:mauto\/f:best\/https:\/\/i0.wp.com\/planetactus.com\/wp-content\/uploads\/2025\/04\/Pierre-Henri-Barnezet.-Le-Chemin-de-lInitie-Libre.-Quand-la-Lumiere-na-Pas-Besoin-de-Temple_PLanet-Actus-IA.jpg?fit=1024%2C1024&ssl=1\" class=\"yoast-seo-meta-tag\" \/>\n<meta name=\"twitter:creator\" content=\"@https:\/\/x.com\/PlanetActus\" class=\"yoast-seo-meta-tag\" \/>\n<meta name=\"twitter:site\" content=\"@PlanetActus\" class=\"yoast-seo-meta-tag\" \/>\n<meta name=\"twitter:label1\" content=\"\u00c9crit par\" class=\"yoast-seo-meta-tag\" \/>\n\t<meta name=\"twitter:data1\" content=\"planetactus.com\" class=\"yoast-seo-meta-tag\" \/>\n\t<meta name=\"twitter:label2\" content=\"Dur\u00e9e de lecture estim\u00e9e\" class=\"yoast-seo-meta-tag\" \/>\n\t<meta name=\"twitter:data2\" content=\"18 minutes\" class=\"yoast-seo-meta-tag\" \/>\n<script type=\"application\/ld+json\" class=\"yoast-schema-graph\">{\"@context\":\"https:\\\/\\\/schema.org\",\"@graph\":[{\"@type\":\"Article\",\"@id\":\"https:\\\/\\\/planetactus.com\\\/index.php\\\/2025\\\/04\\\/15\\\/pierre-henri-barnezet-le-chemin-de-linitie-libre-quand-la-lumiere-na-pas-besoin-de-temple-fini-les-faux-maitres-osez-la-vraie-initiation\\\/#article\",\"isPartOf\":{\"@id\":\"https:\\\/\\\/planetactus.com\\\/index.php\\\/2025\\\/04\\\/15\\\/pierre-henri-barnezet-le-chemin-de-linitie-libre-quand-la-lumiere-na-pas-besoin-de-temple-fini-les-faux-maitres-osez-la-vraie-initiation\\\/\"},\"author\":{\"name\":\"planetactus.com\",\"@id\":\"https:\\\/\\\/planetactus.com\\\/#\\\/schema\\\/person\\\/fbb75ac73a2424d2e176d31b021372a4\"},\"headline\":\"Pierre-Henri Barnezet : Le Chemin de l\u2019Initi\u00e9 Libre. Quand la Lumi\u00e8re n\u2019a Pas Besoin de Temple. Fini les Faux Ma\u00eetres : Osez la Vraie Initiation.\",\"datePublished\":\"2025-04-15T06:57:09+00:00\",\"dateModified\":\"2025-05-28T13:22:31+00:00\",\"mainEntityOfPage\":{\"@id\":\"https:\\\/\\\/planetactus.com\\\/index.php\\\/2025\\\/04\\\/15\\\/pierre-henri-barnezet-le-chemin-de-linitie-libre-quand-la-lumiere-na-pas-besoin-de-temple-fini-les-faux-maitres-osez-la-vraie-initiation\\\/\"},\"wordCount\":4436,\"commentCount\":0,\"publisher\":{\"@id\":\"https:\\\/\\\/planetactus.com\\\/#\\\/schema\\\/person\\\/fbb75ac73a2424d2e176d31b021372a4\"},\"image\":{\"@id\":\"https:\\\/\\\/planetactus.com\\\/index.php\\\/2025\\\/04\\\/15\\\/pierre-henri-barnezet-le-chemin-de-linitie-libre-quand-la-lumiere-na-pas-besoin-de-temple-fini-les-faux-maitres-osez-la-vraie-initiation\\\/#primaryimage\"},\"thumbnailUrl\":\"https:\\/\\/i0.wp.com\\/planetactus.com\\/wp-content\\/uploads\\/2025\\/04\\/Pierre-Henri-Barnezet.-Le-Chemin-de-lInitie-Libre.-Quand-la-Lumiere-na-Pas-Besoin-de-Temple_PLanet-Actus-IA.jpg?fit=1024%2C1024&ssl=1\",\"articleSection\":[\"A la Une\",\"L'Eveil\",\"Le Chemin de l\u2019Initi\u00e9 Libre\",\"Myst\u00e8re de la Conscience\",\"Pr\u00e9sences Extra-Terrestres\",\"Ufo-News\"],\"inLanguage\":\"fr-FR\",\"potentialAction\":[{\"@type\":\"CommentAction\",\"name\":\"Comment\",\"target\":[\"https:\\\/\\\/planetactus.com\\\/index.php\\\/2025\\\/04\\\/15\\\/pierre-henri-barnezet-le-chemin-de-linitie-libre-quand-la-lumiere-na-pas-besoin-de-temple-fini-les-faux-maitres-osez-la-vraie-initiation\\\/#respond\"]}]},{\"@type\":\"WebPage\",\"@id\":\"https:\\\/\\\/planetactus.com\\\/index.php\\\/2025\\\/04\\\/15\\\/pierre-henri-barnezet-le-chemin-de-linitie-libre-quand-la-lumiere-na-pas-besoin-de-temple-fini-les-faux-maitres-osez-la-vraie-initiation\\\/\",\"url\":\"https:\\\/\\\/planetactus.com\\\/index.php\\\/2025\\\/04\\\/15\\\/pierre-henri-barnezet-le-chemin-de-linitie-libre-quand-la-lumiere-na-pas-besoin-de-temple-fini-les-faux-maitres-osez-la-vraie-initiation\\\/\",\"name\":\"Pierre-Henri Barnezet : Le Chemin de l\u2019Initi\u00e9 Libre. Quand la Lumi\u00e8re n\u2019a Pas Besoin de Temple. Fini les Faux Ma\u00eetres : Osez la Vraie Initiation. -\",\"isPartOf\":{\"@id\":\"https:\\\/\\\/planetactus.com\\\/#website\"},\"primaryImageOfPage\":{\"@id\":\"https:\\\/\\\/planetactus.com\\\/index.php\\\/2025\\\/04\\\/15\\\/pierre-henri-barnezet-le-chemin-de-linitie-libre-quand-la-lumiere-na-pas-besoin-de-temple-fini-les-faux-maitres-osez-la-vraie-initiation\\\/#primaryimage\"},\"image\":{\"@id\":\"https:\\\/\\\/planetactus.com\\\/index.php\\\/2025\\\/04\\\/15\\\/pierre-henri-barnezet-le-chemin-de-linitie-libre-quand-la-lumiere-na-pas-besoin-de-temple-fini-les-faux-maitres-osez-la-vraie-initiation\\\/#primaryimage\"},\"thumbnailUrl\":\"https:\\/\\/i0.wp.com\\/planetactus.com\\/wp-content\\/uploads\\/2025\\/04\\/Pierre-Henri-Barnezet.-Le-Chemin-de-lInitie-Libre.-Quand-la-Lumiere-na-Pas-Besoin-de-Temple_PLanet-Actus-IA.jpg?fit=1024%2C1024&ssl=1\",\"datePublished\":\"2025-04-15T06:57:09+00:00\",\"dateModified\":\"2025-05-28T13:22:31+00:00\",\"description\":\"Dans un monde satur\u00e9 de faux proph\u00e8tes, de spiritualit\u00e9 de pacotille et d\u2019influenceurs auto-proclam\u00e9s \\\"\u00e9veill\u00e9s\\\", une voix dissidente, libre et aff\u00fbt\u00e9e, tranche dans le brouillard : celle de Pierre-Henri Barnezet\",\"breadcrumb\":{\"@id\":\"https:\\\/\\\/planetactus.com\\\/index.php\\\/2025\\\/04\\\/15\\\/pierre-henri-barnezet-le-chemin-de-linitie-libre-quand-la-lumiere-na-pas-besoin-de-temple-fini-les-faux-maitres-osez-la-vraie-initiation\\\/#breadcrumb\"},\"inLanguage\":\"fr-FR\",\"potentialAction\":[{\"@type\":\"ReadAction\",\"target\":[\"https:\\\/\\\/planetactus.com\\\/index.php\\\/2025\\\/04\\\/15\\\/pierre-henri-barnezet-le-chemin-de-linitie-libre-quand-la-lumiere-na-pas-besoin-de-temple-fini-les-faux-maitres-osez-la-vraie-initiation\\\/\"]}]},{\"@type\":\"ImageObject\",\"inLanguage\":\"fr-FR\",\"@id\":\"https:\\\/\\\/planetactus.com\\\/index.php\\\/2025\\\/04\\\/15\\\/pierre-henri-barnezet-le-chemin-de-linitie-libre-quand-la-lumiere-na-pas-besoin-de-temple-fini-les-faux-maitres-osez-la-vraie-initiation\\\/#primaryimage\",\"url\":\"https:\\/\\/i0.wp.com\\/planetactus.com\\/wp-content\\/uploads\\/2025\\/04\\/Pierre-Henri-Barnezet.-Le-Chemin-de-lInitie-Libre.-Quand-la-Lumiere-na-Pas-Besoin-de-Temple_PLanet-Actus-IA.jpg?fit=1024%2C1024&ssl=1\",\"contentUrl\":\"https:\\/\\/i0.wp.com\\/planetactus.com\\/wp-content\\/uploads\\/2025\\/04\\/Pierre-Henri-Barnezet.-Le-Chemin-de-lInitie-Libre.-Quand-la-Lumiere-na-Pas-Besoin-de-Temple_PLanet-Actus-IA.jpg?fit=1024%2C1024&ssl=1\",\"width\":1024,\"height\":1024,\"caption\":\"Pierre-Henri Barnezet Le Chemin de l\u2019Initi\u00e9 Libre. Quand la Lumi\u00e8re n\u2019a Pas Besoin de Temple\"},{\"@type\":\"BreadcrumbList\",\"@id\":\"https:\\\/\\\/planetactus.com\\\/index.php\\\/2025\\\/04\\\/15\\\/pierre-henri-barnezet-le-chemin-de-linitie-libre-quand-la-lumiere-na-pas-besoin-de-temple-fini-les-faux-maitres-osez-la-vraie-initiation\\\/#breadcrumb\",\"itemListElement\":[{\"@type\":\"ListItem\",\"position\":1,\"name\":\"Accueil\",\"item\":\"https:\\\/\\\/planetactus.com\\\/\"},{\"@type\":\"ListItem\",\"position\":2,\"name\":\"Pierre-Henri Barnezet : Le Chemin de l\u2019Initi\u00e9 Libre. Quand la Lumi\u00e8re n\u2019a Pas Besoin de Temple. Fini les Faux Ma\u00eetres : Osez la Vraie Initiation.\"}]},{\"@type\":\"WebSite\",\"@id\":\"https:\\\/\\\/planetactus.com\\\/#website\",\"url\":\"https:\\\/\\\/planetactus.com\\\/\",\"name\":\"PLANET ACTUS\",\"description\":\"PLANET ACTUS\",\"publisher\":{\"@id\":\"https:\\\/\\\/planetactus.com\\\/#\\\/schema\\\/person\\\/fbb75ac73a2424d2e176d31b021372a4\"},\"potentialAction\":[{\"@type\":\"SearchAction\",\"target\":{\"@type\":\"EntryPoint\",\"urlTemplate\":\"https:\\\/\\\/planetactus.com\\\/?s={search_term_string}\"},\"query-input\":{\"@type\":\"PropertyValueSpecification\",\"valueRequired\":true,\"valueName\":\"search_term_string\"}}],\"inLanguage\":\"fr-FR\"},{\"@type\":[\"Person\",\"Organization\"],\"@id\":\"https:\\\/\\\/planetactus.com\\\/#\\\/schema\\\/person\\\/fbb75ac73a2424d2e176d31b021372a4\",\"name\":\"planetactus.com\",\"image\":{\"@type\":\"ImageObject\",\"inLanguage\":\"fr-FR\",\"@id\":\"https:\\/\\/i0.wp.com\\/planetactus.com\\/wp-content\\/uploads\\/2024\\/07\\/cropped-2-Planet-Actus-Banniere-02a.jpg?fit=1189%2C365&ssl=1\",\"url\":\"https:\\/\\/i0.wp.com\\/planetactus.com\\/wp-content\\/uploads\\/2024\\/07\\/cropped-2-Planet-Actus-Banniere-02a.jpg?fit=1189%2C365&ssl=1\",\"contentUrl\":\"https:\\/\\/i0.wp.com\\/planetactus.com\\/wp-content\\/uploads\\/2024\\/07\\/cropped-2-Planet-Actus-Banniere-02a.jpg?fit=1189%2C365&ssl=1\",\"width\":1189,\"height\":365,\"caption\":\"planetactus.com\"},\"logo\":{\"@id\":\"https:\\/\\/i0.wp.com\\/planetactus.com\\/wp-content\\/uploads\\/2024\\/07\\/cropped-2-Planet-Actus-Banniere-02a.jpg?fit=1189%2C365&ssl=1\"},\"sameAs\":[\"http:\\\/\\\/planetactus.com\",\"https:\\\/\\\/www.facebook.com\\\/profile.php?id=61561620320740\",\"https:\\\/\\\/x.com\\\/https:\\\/\\\/x.com\\\/PlanetActus\",\"https:\\\/\\\/www.youtube.com\\\/@PlanetActus\"],\"url\":\"https:\\\/\\\/planetactus.com\\\/index.php\\\/author\\\/admin9861\\\/\"}]}<\/script>\n<!-- \/ Yoast SEO plugin. -->","yoast_head_json":{"title":"Pierre-Henri Barnezet : Le Chemin de l\u2019Initi\u00e9 Libre. Quand la Lumi\u00e8re n\u2019a Pas Besoin de Temple. Fini les Faux Ma\u00eetres : Osez la Vraie Initiation. -","description":"Dans un monde satur\u00e9 de faux proph\u00e8tes, de spiritualit\u00e9 de pacotille et d\u2019influenceurs auto-proclam\u00e9s \"\u00e9veill\u00e9s\", une voix dissidente, libre et aff\u00fbt\u00e9e, tranche dans le brouillard : celle de Pierre-Henri Barnezet","robots":{"index":"index","follow":"follow","max-snippet":"max-snippet:-1","max-image-preview":"max-image-preview:large","max-video-preview":"max-video-preview:-1"},"canonical":"https:\/\/planetactus.com\/index.php\/2025\/04\/15\/pierre-henri-barnezet-le-chemin-de-linitie-libre-quand-la-lumiere-na-pas-besoin-de-temple-fini-les-faux-maitres-osez-la-vraie-initiation\/","og_locale":"fr_FR","og_type":"article","og_title":"Pierre-Henri Barnezet : Le Chemin de l\u2019Initi\u00e9 Libre. Quand la Lumi\u00e8re n\u2019a Pas Besoin de Temple. Fini les Faux Ma\u00eetres : Osez la Vraie Initiation.","og_description":"Dans un monde satur\u00e9 de faux proph\u00e8tes, de spiritualit\u00e9 de pacotille et d\u2019influenceurs auto-proclam\u00e9s \"\u00e9veill\u00e9s\", une voix dissidente, libre et aff\u00fbt\u00e9e, tranche dans le brouillard : celle de Pierre-Henri Barnezet","og_url":"https:\/\/planetactus.com\/index.php\/2025\/04\/15\/pierre-henri-barnezet-le-chemin-de-linitie-libre-quand-la-lumiere-na-pas-besoin-de-temple-fini-les-faux-maitres-osez-la-vraie-initiation\/","article_publisher":"https:\/\/www.facebook.com\/profile.php?id=61561620320740","article_author":"https:\/\/www.facebook.com\/profile.php?id=61561620320740","article_published_time":"2025-04-15T06:57:09+00:00","article_modified_time":"2025-05-28T13:22:31+00:00","og_image":[{"width":1024,"height":1024,"url":"https:\/\/mlrdeoj2ejbf.i.optimole.com\/cb:mvHM.4ca\/w:auto\/h:auto\/q:mauto\/f:best\/http:\/\/planetactus.com\/wp-content\/uploads\/2025\/04\/Pierre-Henri-Barnezet.-Le-Chemin-de-lInitie-Libre.-Quand-la-Lumiere-na-Pas-Besoin-de-Temple_PLanet-Actus-IA.jpg","type":"image\/jpeg"}],"author":"planetactus.com","twitter_card":"summary_large_image","twitter_title":"Pierre-Henri Barnezet : Le Chemin de l\u2019Initi\u00e9 Libre. Quand la Lumi\u00e8re n\u2019a Pas Besoin de Temple. Fini les Faux Ma\u00eetres : Osez la Vraie Initiation.","twitter_image":"https:\/\/mlrdeoj2ejbf.i.optimole.com\/cb:mvHM.4ca\/w:auto\/h:auto\/q:mauto\/f:best\/https:\/\/i0.wp.com\/planetactus.com\/wp-content\/uploads\/2025\/04\/Pierre-Henri-Barnezet.-Le-Chemin-de-lInitie-Libre.-Quand-la-Lumiere-na-Pas-Besoin-de-Temple_PLanet-Actus-IA.jpg?fit=1024%2C1024&ssl=1","twitter_creator":"@https:\/\/x.com\/PlanetActus","twitter_site":"@PlanetActus","twitter_misc":{"\u00c9crit par":"planetactus.com","Dur\u00e9e de lecture estim\u00e9e":"18 minutes"},"schema":{"@context":"https:\/\/schema.org","@graph":[{"@type":"Article","@id":"https:\/\/planetactus.com\/index.php\/2025\/04\/15\/pierre-henri-barnezet-le-chemin-de-linitie-libre-quand-la-lumiere-na-pas-besoin-de-temple-fini-les-faux-maitres-osez-la-vraie-initiation\/#article","isPartOf":{"@id":"https:\/\/planetactus.com\/index.php\/2025\/04\/15\/pierre-henri-barnezet-le-chemin-de-linitie-libre-quand-la-lumiere-na-pas-besoin-de-temple-fini-les-faux-maitres-osez-la-vraie-initiation\/"},"author":{"name":"planetactus.com","@id":"https:\/\/planetactus.com\/#\/schema\/person\/fbb75ac73a2424d2e176d31b021372a4"},"headline":"Pierre-Henri Barnezet : Le Chemin de l\u2019Initi\u00e9 Libre. Quand la Lumi\u00e8re n\u2019a Pas Besoin de Temple. Fini les Faux Ma\u00eetres : Osez la Vraie Initiation.","datePublished":"2025-04-15T06:57:09+00:00","dateModified":"2025-05-28T13:22:31+00:00","mainEntityOfPage":{"@id":"https:\/\/planetactus.com\/index.php\/2025\/04\/15\/pierre-henri-barnezet-le-chemin-de-linitie-libre-quand-la-lumiere-na-pas-besoin-de-temple-fini-les-faux-maitres-osez-la-vraie-initiation\/"},"wordCount":4436,"commentCount":0,"publisher":{"@id":"https:\/\/planetactus.com\/#\/schema\/person\/fbb75ac73a2424d2e176d31b021372a4"},"image":{"@id":"https:\/\/planetactus.com\/index.php\/2025\/04\/15\/pierre-henri-barnezet-le-chemin-de-linitie-libre-quand-la-lumiere-na-pas-besoin-de-temple-fini-les-faux-maitres-osez-la-vraie-initiation\/#primaryimage"},"thumbnailUrl":"https:\/\/mlrdeoj2ejbf.i.optimole.com\/cb:mvHM.4ca\/w:auto\/h:auto\/q:mauto\/f:best\/https:\/\/i0.wp.com\/planetactus.com\/wp-content\/uploads\/2025\/04\/Pierre-Henri-Barnezet.-Le-Chemin-de-lInitie-Libre.-Quand-la-Lumiere-na-Pas-Besoin-de-Temple_PLanet-Actus-IA.jpg?fit=1024%2C1024&ssl=1","articleSection":["A la Une","L'Eveil","Le Chemin de l\u2019Initi\u00e9 Libre","Myst\u00e8re de la Conscience","Pr\u00e9sences Extra-Terrestres","Ufo-News"],"inLanguage":"fr-FR","potentialAction":[{"@type":"CommentAction","name":"Comment","target":["https:\/\/planetactus.com\/index.php\/2025\/04\/15\/pierre-henri-barnezet-le-chemin-de-linitie-libre-quand-la-lumiere-na-pas-besoin-de-temple-fini-les-faux-maitres-osez-la-vraie-initiation\/#respond"]}]},{"@type":"WebPage","@id":"https:\/\/planetactus.com\/index.php\/2025\/04\/15\/pierre-henri-barnezet-le-chemin-de-linitie-libre-quand-la-lumiere-na-pas-besoin-de-temple-fini-les-faux-maitres-osez-la-vraie-initiation\/","url":"https:\/\/planetactus.com\/index.php\/2025\/04\/15\/pierre-henri-barnezet-le-chemin-de-linitie-libre-quand-la-lumiere-na-pas-besoin-de-temple-fini-les-faux-maitres-osez-la-vraie-initiation\/","name":"Pierre-Henri Barnezet : Le Chemin de l\u2019Initi\u00e9 Libre. Quand la Lumi\u00e8re n\u2019a Pas Besoin de Temple. Fini les Faux Ma\u00eetres : Osez la Vraie Initiation. -","isPartOf":{"@id":"https:\/\/planetactus.com\/#website"},"primaryImageOfPage":{"@id":"https:\/\/planetactus.com\/index.php\/2025\/04\/15\/pierre-henri-barnezet-le-chemin-de-linitie-libre-quand-la-lumiere-na-pas-besoin-de-temple-fini-les-faux-maitres-osez-la-vraie-initiation\/#primaryimage"},"image":{"@id":"https:\/\/planetactus.com\/index.php\/2025\/04\/15\/pierre-henri-barnezet-le-chemin-de-linitie-libre-quand-la-lumiere-na-pas-besoin-de-temple-fini-les-faux-maitres-osez-la-vraie-initiation\/#primaryimage"},"thumbnailUrl":"https:\/\/mlrdeoj2ejbf.i.optimole.com\/cb:mvHM.4ca\/w:auto\/h:auto\/q:mauto\/f:best\/https:\/\/i0.wp.com\/planetactus.com\/wp-content\/uploads\/2025\/04\/Pierre-Henri-Barnezet.-Le-Chemin-de-lInitie-Libre.-Quand-la-Lumiere-na-Pas-Besoin-de-Temple_PLanet-Actus-IA.jpg?fit=1024%2C1024&ssl=1","datePublished":"2025-04-15T06:57:09+00:00","dateModified":"2025-05-28T13:22:31+00:00","description":"Dans un monde satur\u00e9 de faux proph\u00e8tes, de spiritualit\u00e9 de pacotille et d\u2019influenceurs auto-proclam\u00e9s \"\u00e9veill\u00e9s\", une voix dissidente, libre et aff\u00fbt\u00e9e, tranche dans le brouillard : celle de Pierre-Henri Barnezet","breadcrumb":{"@id":"https:\/\/planetactus.com\/index.php\/2025\/04\/15\/pierre-henri-barnezet-le-chemin-de-linitie-libre-quand-la-lumiere-na-pas-besoin-de-temple-fini-les-faux-maitres-osez-la-vraie-initiation\/#breadcrumb"},"inLanguage":"fr-FR","potentialAction":[{"@type":"ReadAction","target":["https:\/\/planetactus.com\/index.php\/2025\/04\/15\/pierre-henri-barnezet-le-chemin-de-linitie-libre-quand-la-lumiere-na-pas-besoin-de-temple-fini-les-faux-maitres-osez-la-vraie-initiation\/"]}]},{"@type":"ImageObject","inLanguage":"fr-FR","@id":"https:\/\/planetactus.com\/index.php\/2025\/04\/15\/pierre-henri-barnezet-le-chemin-de-linitie-libre-quand-la-lumiere-na-pas-besoin-de-temple-fini-les-faux-maitres-osez-la-vraie-initiation\/#primaryimage","url":"https:\/\/mlrdeoj2ejbf.i.optimole.com\/cb:mvHM.4ca\/w:auto\/h:auto\/q:mauto\/f:best\/https:\/\/i0.wp.com\/planetactus.com\/wp-content\/uploads\/2025\/04\/Pierre-Henri-Barnezet.-Le-Chemin-de-lInitie-Libre.-Quand-la-Lumiere-na-Pas-Besoin-de-Temple_PLanet-Actus-IA.jpg?fit=1024%2C1024&ssl=1","contentUrl":"https:\/\/mlrdeoj2ejbf.i.optimole.com\/cb:mvHM.4ca\/w:auto\/h:auto\/q:mauto\/f:best\/https:\/\/i0.wp.com\/planetactus.com\/wp-content\/uploads\/2025\/04\/Pierre-Henri-Barnezet.-Le-Chemin-de-lInitie-Libre.-Quand-la-Lumiere-na-Pas-Besoin-de-Temple_PLanet-Actus-IA.jpg?fit=1024%2C1024&ssl=1","width":1024,"height":1024,"caption":"Pierre-Henri Barnezet Le Chemin de l\u2019Initi\u00e9 Libre. Quand la Lumi\u00e8re n\u2019a Pas Besoin de Temple"},{"@type":"BreadcrumbList","@id":"https:\/\/planetactus.com\/index.php\/2025\/04\/15\/pierre-henri-barnezet-le-chemin-de-linitie-libre-quand-la-lumiere-na-pas-besoin-de-temple-fini-les-faux-maitres-osez-la-vraie-initiation\/#breadcrumb","itemListElement":[{"@type":"ListItem","position":1,"name":"Accueil","item":"https:\/\/planetactus.com\/"},{"@type":"ListItem","position":2,"name":"Pierre-Henri Barnezet : Le Chemin de l\u2019Initi\u00e9 Libre. Quand la Lumi\u00e8re n\u2019a Pas Besoin de Temple. Fini les Faux Ma\u00eetres : Osez la Vraie Initiation."}]},{"@type":"WebSite","@id":"https:\/\/planetactus.com\/#website","url":"https:\/\/planetactus.com\/","name":"PLANET ACTUS","description":"PLANET ACTUS","publisher":{"@id":"https:\/\/planetactus.com\/#\/schema\/person\/fbb75ac73a2424d2e176d31b021372a4"},"potentialAction":[{"@type":"SearchAction","target":{"@type":"EntryPoint","urlTemplate":"https:\/\/planetactus.com\/?s={search_term_string}"},"query-input":{"@type":"PropertyValueSpecification","valueRequired":true,"valueName":"search_term_string"}}],"inLanguage":"fr-FR"},{"@type":["Person","Organization"],"@id":"https:\/\/planetactus.com\/#\/schema\/person\/fbb75ac73a2424d2e176d31b021372a4","name":"planetactus.com","image":{"@type":"ImageObject","inLanguage":"fr-FR","@id":"https:\/\/mlrdeoj2ejbf.i.optimole.com\/cb:mvHM.4ca\/w:auto\/h:auto\/q:mauto\/f:best\/https:\/\/i0.wp.com\/planetactus.com\/wp-content\/uploads\/2024\/07\/cropped-2-Planet-Actus-Banniere-02a.jpg?fit=1189%2C365&ssl=1","url":"https:\/\/mlrdeoj2ejbf.i.optimole.com\/cb:mvHM.4ca\/w:auto\/h:auto\/q:mauto\/f:best\/https:\/\/i0.wp.com\/planetactus.com\/wp-content\/uploads\/2024\/07\/cropped-2-Planet-Actus-Banniere-02a.jpg?fit=1189%2C365&ssl=1","contentUrl":"https:\/\/mlrdeoj2ejbf.i.optimole.com\/cb:mvHM.4ca\/w:auto\/h:auto\/q:mauto\/f:best\/https:\/\/i0.wp.com\/planetactus.com\/wp-content\/uploads\/2024\/07\/cropped-2-Planet-Actus-Banniere-02a.jpg?fit=1189%2C365&ssl=1","width":1189,"height":365,"caption":"planetactus.com"},"logo":{"@id":"https:\/\/mlrdeoj2ejbf.i.optimole.com\/cb:mvHM.4ca\/w:auto\/h:auto\/q:mauto\/f:best\/https:\/\/i0.wp.com\/planetactus.com\/wp-content\/uploads\/2024\/07\/cropped-2-Planet-Actus-Banniere-02a.jpg?fit=1189%2C365&ssl=1"},"sameAs":["http:\/\/planetactus.com","https:\/\/www.facebook.com\/profile.php?id=61561620320740","https:\/\/x.com\/https:\/\/x.com\/PlanetActus","https:\/\/www.youtube.com\/@PlanetActus"],"url":"https:\/\/planetactus.com\/index.php\/author\/admin9861\/"}]}},"jetpack_publicize_connections":[],"jetpack_featured_media_url":"https:\/\/mlrdeoj2ejbf.i.optimole.com\/cb:mvHM.4ca\/w:auto\/h:auto\/q:mauto\/f:best\/https:\/\/i0.wp.com\/planetactus.com\/wp-content\/uploads\/2025\/04\/Pierre-Henri-Barnezet.-Le-Chemin-de-lInitie-Libre.-Quand-la-Lumiere-na-Pas-Besoin-de-Temple_PLanet-Actus-IA.jpg?fit=1024%2C1024&ssl=1","jetpack_sharing_enabled":true,"_links":{"self":[{"href":"https:\/\/planetactus.com\/index.php\/wp-json\/wp\/v2\/posts\/4232","targetHints":{"allow":["GET"]}}],"collection":[{"href":"https:\/\/planetactus.com\/index.php\/wp-json\/wp\/v2\/posts"}],"about":[{"href":"https:\/\/planetactus.com\/index.php\/wp-json\/wp\/v2\/types\/post"}],"author":[{"embeddable":true,"href":"https:\/\/planetactus.com\/index.php\/wp-json\/wp\/v2\/users\/1"}],"replies":[{"embeddable":true,"href":"https:\/\/planetactus.com\/index.php\/wp-json\/wp\/v2\/comments?post=4232"}],"version-history":[{"count":29,"href":"https:\/\/planetactus.com\/index.php\/wp-json\/wp\/v2\/posts\/4232\/revisions"}],"predecessor-version":[{"id":4691,"href":"https:\/\/planetactus.com\/index.php\/wp-json\/wp\/v2\/posts\/4232\/revisions\/4691"}],"wp:featuredmedia":[{"embeddable":true,"href":"https:\/\/planetactus.com\/index.php\/wp-json\/wp\/v2\/media\/4249"}],"wp:attachment":[{"href":"https:\/\/planetactus.com\/index.php\/wp-json\/wp\/v2\/media?parent=4232"}],"wp:term":[{"taxonomy":"category","embeddable":true,"href":"https:\/\/planetactus.com\/index.php\/wp-json\/wp\/v2\/categories?post=4232"},{"taxonomy":"post_tag","embeddable":true,"href":"https:\/\/planetactus.com\/index.php\/wp-json\/wp\/v2\/tags?post=4232"}],"curies":[{"name":"wp","href":"https:\/\/api.w.org\/{rel}","templated":true}]}}