{"id":4291,"date":"2025-04-21T17:39:08","date_gmt":"2025-04-21T15:39:08","guid":{"rendered":"https:\/\/planetactus.com\/?p=4291"},"modified":"2025-06-07T19:45:13","modified_gmt":"2025-06-07T17:45:13","slug":"deces-du-pape-francois-condoleances-soleil-et-yeux-sans-ame-une-image-etrange-de-macron-interroge","status":"publish","type":"post","link":"https:\/\/planetactus.com\/index.php\/2025\/04\/21\/deces-du-pape-francois-condoleances-soleil-et-yeux-sans-ame-une-image-etrange-de-macron-interroge\/","title":{"rendered":"D\u00e9c\u00e8s du Pape Fran\u00e7ois  : Condol\u00e9ances, Soleil, et Yeux sans \u00c2me : une image \u00e9trange de Macron interroge."},"content":{"rendered":"\n<p>\u270d\ufe0f <mark style=\"background-color:rgba(0, 0, 0, 0)\" class=\"has-inline-color has-vivid-red-color\"><strong><a href=\"https:\/\/www.google.com\/search?client=firefox-b-d&amp;q=Mort+du+pape+Fran%C3%A7ois+le+jour+de+P%C3%A2ques\">Mort du pape Fran\u00e7ois le jour de P\u00e2ques <\/a>\ud83d\udd17<\/strong><\/mark> <mark style=\"background-color:rgba(0, 0, 0, 0)\" class=\"has-inline-color has-vivid-red-color\"><strong>: le visage de Macron lance un signal troublant.<\/strong><\/mark><\/p>\n\n\n\n<figure class=\"wp-block-embed aligncenter is-type-video is-provider-youtube wp-block-embed-youtube wp-embed-aspect-16-9 wp-has-aspect-ratio\"><div class=\"wp-block-embed__wrapper\">\n<iframe  id=\"_ytid_73873\"  width=\"640\" height=\"360\"  data-origwidth=\"640\" data-origheight=\"360\" src=\"https:\/\/www.youtube.com\/embed\/_KHPDZoBQ1A?enablejsapi=1&#038;autoplay=0&#038;cc_load_policy=0&#038;cc_lang_pref=&#038;iv_load_policy=1&#038;loop=0&#038;rel=1&#038;fs=1&#038;playsinline=0&#038;autohide=2&#038;theme=dark&#038;color=red&#038;controls=1&#038;disablekb=0&#038;\" class=\"__youtube_prefs__  epyt-is-override  no-lazyload\" title=\"YouTube player\"  allow=\"fullscreen; accelerometer; autoplay; clipboard-write; encrypted-media; gyroscope; picture-in-picture; web-share\" referrerpolicy=\"strict-origin-when-cross-origin\" allowfullscreen data-no-lazy=\"1\" data-skipgform_ajax_framebjll=\"\"><\/iframe>\n<\/div><figcaption class=\"wp-element-caption\"><strong>Emmanuel Macron adresse ses \u00ab\u00a0condol\u00e9ances \u00e0 l&rsquo;ensemble des catholiques du monde\u00a0\u00bb<\/strong> : Emmanuel Macron \u00ab\u00a0adresse ses condol\u00e9ances les plus sinc\u00e8res \u00e0 l&rsquo;ensemble des catholiques du monde\u00a0\u00bb depuis Mayotte suite \u00e0 l&rsquo;annonce de la mort du pape Fran\u00e7ois \/ Mayotte la 1\u00e8re. 21 avril 2025.<\/figcaption><\/figure>\n\n\n\n<p><strong>Le visage d\u2019Emmanuel Macron est \u00e9clair\u00e9 par un grand soleil lorsqu\u2019il s\u2019adresse au monde pour pr\u00e9senter ses condol\u00e9ances \u00e0 l\u2019ensemble des catholiques. Pourtant, <\/strong><mark style=\"background-color:rgba(0, 0, 0, 0)\" class=\"has-inline-color has-vivid-red-color\">un d\u00e9tail \u00e9trange attire l\u2019attention <\/mark><strong>: ses yeux sont plong\u00e9s dans l\u2019ombre. <\/strong><mark style=\"background-color:rgba(0, 0, 0, 0)\" class=\"has-inline-color has-vivid-red-color\">Une obscurit\u00e9 localis\u00e9e, d\u00e9rangeante, presque symbolique.<\/mark><\/p>\n\n\n\n<p><\/p>\n\n\n\n<p><strong>Ce ph\u00e9nom\u00e8ne visuel troublant survient alors que la d\u00e9claration concerne le pape Fran\u00e7ois, dont la mort est intervenue le jour m\u00eame de P\u00e2ques.<\/strong> Un jour sacr\u00e9 pour des milliards de croyants, cens\u00e9 incarner la R\u00e9surrection du Christ\u2026 et pourtant, cette fois, il aurait \u00e9t\u00e9 marqu\u00e9 par la disparition du chef spirituel de l\u2019\u00c9glise catholique.<\/p>\n\n\n\n<p><mark style=\"background-color:rgba(0, 0, 0, 0)\" class=\"has-inline-color has-vivid-red-color\"><strong>Une \u00e9trange co\u00efncidence ? Un symbole invers\u00e9 ? Ou un message cod\u00e9 envoy\u00e9 \u00e0 ceux qui savent regarder au-del\u00e0 des apparences ?<\/strong><\/mark><\/p>\n\n\n\n<p>Dans cette vid\u00e9o, nous d\u00e9cryptons ces <strong>images \u00e9tonnantes<\/strong>, et nous posons une question simple : <strong>Pourquoi les yeux du pr\u00e9sident sont-ils dans l\u2019ombre ?<\/strong><\/p>\n\n\n\n<p><strong>Est-ce un effet d\u2019\u00e9clairage ? Un signe symbolique involontaire ? Ou un message plus profond cach\u00e9 \u00e0 la vue de tous ?<\/strong><\/p>\n\n\n\n<p><strong>Un jeu d\u2019ombres\u2026 ou un reflet d\u2019une v\u00e9rit\u00e9 plus profonde ?<\/strong><\/p>\n\n\n\n<p>Alors, faut-il voir dans cette image une simple co\u00efncidence technique ? L\u2019effet d\u2019un soleil trop haut, d\u2019un angle particulier ou d\u2019un r\u00e9glage automatique ?<br><\/p>\n\n\n\n<p>Ou bien cette obscurit\u00e9 dans les yeux du pr\u00e9sident, au moment m\u00eame o\u00f9 il parle de foi, de deuil et d\u2019h\u00e9ritage spirituel, est-elle <strong>le reflet d\u2019un d\u00e9s\u00e9quilibre plus profond ? D\u2019un message cod\u00e9 ? D\u2019un symbole invers\u00e9 ?<\/strong><\/p>\n\n\n\n<p>Car dans toutes les traditions, <strong>les yeux sont le miroir de l\u2019\u00e2me<\/strong>. Mais dans cette sc\u00e8ne, ce miroir est noir, vide\u2026 comme <mark style=\"background-color:rgba(0, 0, 0, 0)\" class=\"has-inline-color has-vivid-red-color\">voil\u00e9<\/mark>.<\/p>\n\n\n<div class=\"wp-block-image\">\n<figure class=\"aligncenter size-large\"><img data-opt-id=341616279  fetchpriority=\"high\" data-recalc-dims=\"1\" decoding=\"async\" width=\"640\" height=\"435\" src=\"https:\/\/mlrdeoj2ejbf.i.optimole.com\/cb:mvHM.4ca\/w:1024\/h:696\/q:mauto\/f:best\/https:\/\/i0.wp.com\/planetactus.com\/wp-content\/uploads\/2025\/04\/Capture-decran_-Emmanuel-Macron-adresse-ses-condoleances-a-lensemble-des-catholiques-du-monde_Mayotte-la-Premiere-compressed.jpg?resize=640%2C435&#038;ssl=1\" alt=\"\" class=\"wp-image-4292\" srcset=\"https:\/\/mlrdeoj2ejbf.i.optimole.com\/cb:mvHM.4ca\/w:1024\/h:4000\/q:mauto\/f:best\/https:\/\/planetactus.com\/wp-content\/uploads\/2025\/04\/Capture-decran_-Emmanuel-Macron-adresse-ses-condoleances-a-lensemble-des-catholiques-du-monde_Mayotte-la-Premiere-compressed.jpg 1024w, https:\/\/mlrdeoj2ejbf.i.optimole.com\/cb:mvHM.4ca\/w:300\/h:4000\/q:mauto\/f:best\/https:\/\/planetactus.com\/wp-content\/uploads\/2025\/04\/Capture-decran_-Emmanuel-Macron-adresse-ses-condoleances-a-lensemble-des-catholiques-du-monde_Mayotte-la-Premiere-compressed.jpg 300w, https:\/\/mlrdeoj2ejbf.i.optimole.com\/cb:mvHM.4ca\/w:768\/h:4000\/q:mauto\/f:best\/https:\/\/planetactus.com\/wp-content\/uploads\/2025\/04\/Capture-decran_-Emmanuel-Macron-adresse-ses-condoleances-a-lensemble-des-catholiques-du-monde_Mayotte-la-Premiere-compressed.jpg 768w, https:\/\/mlrdeoj2ejbf.i.optimole.com\/cb:mvHM.4ca\/w:1097\/h:746\/q:mauto\/f:best\/https:\/\/planetactus.com\/wp-content\/uploads\/2025\/04\/Capture-decran_-Emmanuel-Macron-adresse-ses-condoleances-a-lensemble-des-catholiques-du-monde_Mayotte-la-Premiere-compressed.jpg 1097w\" sizes=\"(max-width: 640px) 100vw, 640px\" \/><figcaption class=\"wp-element-caption\">Illustration image \/ capture d&rsquo;\u00e9cran \/ <a href=\"https:\/\/youtu.be\/_KHPDZoBQ1A\">Vid\u00e9o Mayotte la 1\u00e8re<\/a> <mark style=\"background-color:rgba(0, 0, 0, 0)\" class=\"has-inline-color has-vivid-red-color\"><strong>\ud83d\udd17<\/strong><\/mark><\/figcaption><\/figure>\n<\/div>\n\n\n<p><mark style=\"background-color:rgba(0, 0, 0, 0)\" class=\"has-inline-color has-vivid-red-color\">Et cela pose une question troublante<\/mark> : <strong>que cherche-t-on \u00e0 nous dire, \u00e0 travers ce regard invisible ?<\/strong><\/p>\n\n\n\n<p>\ud83d\udccd Voici les <strong>explications possibles<\/strong> \u2013 \u00e0 la fois <strong>techniques, symboliques<\/strong> et <strong>interpr\u00e9tatives<\/strong> \u2013 pour les zones d\u2019ombre observ\u00e9es au niveau des yeux d\u2019Emmanuel Macron sur cette photo\/vid\u00e9o :<\/p>\n\n\n\n<p><mark style=\"background-color:rgba(0, 0, 0, 0)\" class=\"has-inline-color has-vivid-red-color\"><strong>1. Explications techniques (photo\/vid\u00e9o)<\/strong><\/mark><\/p>\n\n\n\n<ul class=\"wp-block-list\">\n<li><strong>Angle de la lumi\u00e8re naturelle<\/strong> : Le soleil semble \u00eatre tr\u00e8s haut dans le ciel (z\u00e9nith), donc <strong>les arcades sourcili\u00e8res projettent une ombre directe sur les yeux<\/strong>, qui restent dans la p\u00e9nombre m\u00eame si le reste du visage est illumin\u00e9.<\/li>\n<\/ul>\n\n\n\n<p><\/p>\n\n\n\n<ul class=\"wp-block-list\">\n<li><strong>R\u00e9glage de l\u2019exposition de la cam\u00e9ra<\/strong> : Si l\u2019appareil est r\u00e9gl\u00e9 pour compenser une lumi\u00e8re tr\u00e8s forte (comme le plein soleil), il peut sous-exposer certaines zones sensibles comme les yeux pour \u00e9viter la surexposition.<\/li>\n<\/ul>\n\n\n\n<p><\/p>\n\n\n\n<ul class=\"wp-block-list\">\n<li><strong>Manque de reflet (catchlight)<\/strong> : En lumi\u00e8re naturelle directe, <strong>les yeux peuvent appara\u00eetre \u00ab\u00a0\u00e9teints\u00a0\u00bb<\/strong> s\u2019il n\u2019y a pas de reflet (ce qu\u2019on appelle catchlight en photo). Cela donne un regard vide, sombre.<\/li>\n<\/ul>\n\n\n\n<p><\/p>\n\n\n\n<ul class=\"wp-block-list\">\n<li><strong>Qualit\u00e9 d\u2019image ou compression vid\u00e9o\/photo<\/strong> : Une vid\u00e9o compress\u00e9e peut \u00ab\u00a0\u00e9craser\u00a0\u00bb certains d\u00e9tails dans les zones sombres, <strong>rendant les yeux presque invisibles.<\/strong><\/li>\n<\/ul>\n\n\n\n<p><strong><mark style=\"background-color:rgba(0, 0, 0, 0)\" class=\"has-inline-color has-vivid-red-color\">2. Interpr\u00e9tations symboliques ou subjectives<\/mark><\/strong><\/p>\n\n\n\n<ul class=\"wp-block-list\">\n<li><strong>Regard invisible = absence d\u2019\u00e2me \/ d\u2019\u00e9motion<\/strong> : C\u2019est une interpr\u00e9tation fr\u00e9quente dans le langage symbolique. Des yeux noirs ou dans l\u2019ombre \u00e9voquent <strong>le vide, la dissimulation, l\u2019absence d\u2019humanit\u00e9<\/strong>.<\/li>\n<\/ul>\n\n\n\n<p><\/p>\n\n\n\n<ul class=\"wp-block-list\">\n<li><strong>Lumi\u00e8re = v\u00e9rit\u00e9 \/ Ombre = dissimulation<\/strong> : Dans la symbolique classique, un visage \u00e9clair\u00e9 mais des yeux dans l\u2019ombre peut <strong>sugg\u00e9rer une opposition entre ce qui est montr\u00e9 et ce qui est cach\u00e9<\/strong>, entre <mark style=\"background-color:rgba(0, 0, 0, 0)\" class=\"has-inline-color has-vivid-red-color\">discours public<\/mark> et <mark style=\"background-color:rgba(0, 0, 0, 0)\" class=\"has-inline-color has-vivid-red-color\">intention secr\u00e8te.<\/mark><\/li>\n<\/ul>\n\n\n\n<p><\/p>\n\n\n\n<ul class=\"wp-block-list\">\n<li><strong>Pr\u00e9sence d\u2019une \u00e9nergie n\u00e9gative ou masqu\u00e9e<\/strong> : Dans certaines traditions \u00e9sot\u00e9riques, des zones sombres sur les yeux sont vues comme <strong>des indices d\u2019une entit\u00e9 dissimul\u00e9e ou d\u2019un \u00ab\u00a0<\/strong><mark style=\"background-color:rgba(0, 0, 0, 0)\" class=\"has-inline-color has-vivid-red-color\">double<\/mark><strong>\u00ab\u00a0<\/strong>.<\/li>\n<\/ul>\n\n\n\n<p><mark style=\"background-color:rgba(0, 0, 0, 0)\" class=\"has-inline-color has-vivid-red-color\"><strong>3. Hypoth\u00e8ses sp\u00e9culatives et narratives.<\/strong><\/mark><\/p>\n\n\n\n<ul class=\"wp-block-list\">\n<li><strong>Message visuel volontaire (montage ou mise en sc\u00e8ne)<\/strong> : Certains pourraient y voir un choix de mise en sc\u00e8ne symbolique, <strong>utilis\u00e9 pour envoyer un message visuel au public initi\u00e9<\/strong>.<\/li>\n<\/ul>\n\n\n\n<p><\/p>\n\n\n\n<ul class=\"wp-block-list\">\n<li><strong>Synchronicit\u00e9 ou \u00ab\u00a0signe\u00a0\u00bb<\/strong> : Le fait que cette image \u00e9trange survienne <strong>alors qu\u2019il parle d\u2019un pape mort le jour de P\u00e2ques<\/strong> pourrait \u00eatre interpr\u00e9t\u00e9 comme une <mark style=\"background-color:rgba(0, 0, 0, 0)\" class=\"has-inline-color has-vivid-red-color\">synchronicit\u00e9 <\/mark>(message de l\u2019invisible, avertissement, inversion spirituelle\u2026).<\/li>\n<\/ul>\n\n\n\n<p><span style=\"text-decoration: underline;\">Tu pourrais aussi aimer<\/span> : <\/p>\n\n\n\n<p>\ud83d\udd2d <strong><mark style=\"background-color:rgba(0, 0, 0, 0)\" class=\"has-inline-color has-vivid-red-color\"><a href=\"https:\/\/planetactus.com\/index.php\/2025\/03\/30\/la-face-cachee-des-jesuites-infiltrations-manipulations-et-domination-mondiale-ce-que-lhistoire-officielle-ne-vous-dira-jamais\/\">La Face Cach\u00e9e des J\u00e9suites<\/a> \ud83d\udd17<\/mark><\/strong> <strong><mark style=\"background-color:rgba(0, 0, 0, 0)\" class=\"has-inline-color has-vivid-red-color\">: Infiltrations, Manipulations et Domination Mondiale. Ce que l\u2019Histoire Officielle ne Vous Dira Jamais<\/mark><\/strong> : <em>\u00ab&nbsp;Voici une information qui n\u2019a pas encore \u00e9t\u00e9 r\u00e9v\u00e9l\u00e9e de mani\u00e8re explicite. Quelques chercheurs sur le th\u00e8me des Illuminati ont mentionn\u00e9 ce groupe \u2013 dont chacun conna\u00eet le nom depuis toujours \u2013 <strong>mais ils ont contourn\u00e9 l\u2019obstacle.<\/strong><\/em><\/p>\n\n\n<div class=\"wp-block-image\">\n<figure class=\"aligncenter size-full\"><a href=\"https:\/\/planetactus.com\/index.php\/2025\/03\/30\/la-face-cachee-des-jesuites-infiltrations-manipulations-et-domination-mondiale-ce-que-lhistoire-officielle-ne-vous-dira-jamais\/\"><img data-opt-id=101758370  fetchpriority=\"high\" data-recalc-dims=\"1\" decoding=\"async\" width=\"640\" height=\"640\" src=\"https:\/\/mlrdeoj2ejbf.i.optimole.com\/cb:mvHM.4ca\/w:auto\/h:auto\/q:mauto\/f:best\/https:\/\/i0.wp.com\/planetactus.com\/wp-content\/uploads\/2025\/04\/image-3.png?resize=640%2C640&#038;ssl=1\" alt=\"\" class=\"wp-image-4300\" srcset=\"https:\/\/mlrdeoj2ejbf.i.optimole.com\/cb:mvHM.4ca\/w:1024\/h:1024\/q:mauto\/f:best\/https:\/\/planetactus.com\/wp-content\/uploads\/2025\/04\/image-3.png 1024w, https:\/\/mlrdeoj2ejbf.i.optimole.com\/cb:mvHM.4ca\/w:300\/h:4000\/q:mauto\/f:best\/https:\/\/planetactus.com\/wp-content\/uploads\/2025\/04\/image-3.png 300w, https:\/\/mlrdeoj2ejbf.i.optimole.com\/cb:mvHM.4ca\/w:150\/h:4000\/q:mauto\/f:best\/https:\/\/planetactus.com\/wp-content\/uploads\/2025\/04\/image-3.png 150w, https:\/\/mlrdeoj2ejbf.i.optimole.com\/cb:mvHM.4ca\/w:768\/h:4000\/q:mauto\/f:best\/https:\/\/planetactus.com\/wp-content\/uploads\/2025\/04\/image-3.png 768w\" sizes=\"(max-width: 640px) 100vw, 640px\" \/><\/a><figcaption class=\"wp-element-caption\"><a href=\"https:\/\/planetactus.com\/index.php\/2025\/03\/30\/la-face-cachee-des-jesuites-infiltrations-manipulations-et-domination-mondiale-ce-que-lhistoire-officielle-ne-vous-dira-jamais\/\">La Face Cach\u00e9e des J\u00e9suites<\/a> \ud83d\udd17 : Infiltrations, Manipulations et Domination Mondiale. Ce que l\u2019Histoire Officielle ne Vous Dira Jamais.<\/figcaption><\/figure>\n<\/div>\n\n\n<p><em>D\u00e9sinformation&nbsp;?&nbsp;<\/em><strong><em>\u00c0 croire que tout le monde parle des Illuminati sans rien en savoir<\/em>.<\/strong><\/p>\n\n\n\n<p><em>En clair, ce groupe qui&nbsp;manipule la politique mondiale depuis quatre si\u00e8cles&nbsp;a pour nom&nbsp;COMPAGNIE DE J\u00c9SUS.&nbsp;C\u2019est, en r\u00e9alit\u00e9, une soci\u00e9t\u00e9 secr\u00e8te dissimul\u00e9e sous l\u2019apparence d\u2019une congr\u00e9gation de pr\u00eatres<\/em>. <a href=\"https:\/\/planetactus.com\/index.php\/2025\/03\/30\/la-face-cachee-des-jesuites-infiltrations-manipulations-et-domination-mondiale-ce-que-lhistoire-officielle-ne-vous-dira-jamais\/\"><mark style=\"background-color:rgba(0, 0, 0, 0)\" class=\"has-inline-color has-vivid-red-color\">Lire et Voir la suite<\/mark><\/a> sur Planet Actus <\/p>\n\n\n\n<p>\ud83d\udc62 \ud83d\udc60<strong> <\/strong><a href=\"https:\/\/youtu.be\/PQS_oU2PgL4?si=v5TNeZ0Kmmq_Gai4\"><strong>Brigitte et Emmanuel<\/strong><\/a><mark style=\"background-color:rgba(0, 0, 0, 0)\" class=\"has-inline-color has-vivid-red-color\"><strong> <\/strong><\/mark><strong><mark style=\"background-color:rgba(0, 0, 0, 0)\" class=\"has-inline-color has-vivid-red-color\">\ud83d\udd17<\/mark><\/strong> <strong><mark style=\"background-color:rgba(0, 0, 0, 0)\" class=\"has-inline-color has-vivid-red-color\">: enterrer UN SCANDALE P***PH*LE<\/mark><\/strong>\u231a<mark style=\"background-color:rgba(0, 0, 0, 0)\" class=\"has-inline-color has-vivid-red-color\"> <\/mark><\/p>\n\n\n\n<figure class=\"wp-block-embed aligncenter is-type-video is-provider-youtube wp-block-embed-youtube wp-embed-aspect-16-9 wp-has-aspect-ratio\"><div class=\"wp-block-embed__wrapper\">\n<iframe  id=\"_ytid_70959\"  width=\"640\" height=\"360\"  data-origwidth=\"640\" data-origheight=\"360\" src=\"https:\/\/www.youtube.com\/embed\/PQS_oU2PgL4?enablejsapi=1&#038;autoplay=0&#038;cc_load_policy=0&#038;cc_lang_pref=&#038;iv_load_policy=1&#038;loop=0&#038;rel=1&#038;fs=1&#038;playsinline=0&#038;autohide=2&#038;theme=dark&#038;color=red&#038;controls=1&#038;disablekb=0&#038;\" class=\"__youtube_prefs__  epyt-is-override  no-lazyload\" title=\"YouTube player\"  allow=\"fullscreen; accelerometer; autoplay; clipboard-write; encrypted-media; gyroscope; picture-in-picture; web-share\" referrerpolicy=\"strict-origin-when-cross-origin\" allowfullscreen data-no-lazy=\"1\" data-skipgform_ajax_framebjll=\"\"><\/iframe>\n<\/div><figcaption class=\"wp-element-caption\"><a href=\"https:\/\/www.youtube.com\/@offinvestigation\">Off Investigation<\/a> <strong><mark style=\"background-color:rgba(0, 0, 0, 0)\" class=\"has-inline-color has-vivid-red-color\">\ud83d\udd17<\/mark><\/strong><\/figcaption><\/figure>\n\n\n\n<p>\ud83d\udd0e <a href=\"https:\/\/m.youtube.com\/watch?v=8hj3Y2GYyQM&amp;pp=ygUPU2NhbmRhbGUgbWFjcm9u\"><strong><mark style=\"background-color:rgba(0, 0, 0, 0)\" class=\"has-inline-color has-vivid-red-color\">Enfin LA V\u00e9rit\u00e9 sur le scandale Jean-Brigitte Macron<\/mark><\/strong><\/a> <strong>! \u00a0\u00bb Au fait, j&rsquo;ai oubli\u00e9 de vous dire \u00ab\u00a0<\/strong>.<\/p>\n\n\n\n<figure class=\"wp-block-embed aligncenter is-type-video is-provider-youtube wp-block-embed-youtube wp-embed-aspect-16-9 wp-has-aspect-ratio\"><div class=\"wp-block-embed__wrapper\">\n<iframe  id=\"_ytid_51748\"  width=\"640\" height=\"360\"  data-origwidth=\"640\" data-origheight=\"360\" src=\"https:\/\/www.youtube.com\/embed\/8hj3Y2GYyQM?enablejsapi=1&#038;autoplay=0&#038;cc_load_policy=0&#038;cc_lang_pref=&#038;iv_load_policy=1&#038;loop=0&#038;rel=1&#038;fs=1&#038;playsinline=0&#038;autohide=2&#038;theme=dark&#038;color=red&#038;controls=1&#038;disablekb=0&#038;\" class=\"__youtube_prefs__  epyt-is-override  no-lazyload\" title=\"YouTube player\"  allow=\"fullscreen; accelerometer; autoplay; clipboard-write; encrypted-media; gyroscope; picture-in-picture; web-share\" referrerpolicy=\"strict-origin-when-cross-origin\" allowfullscreen data-no-lazy=\"1\" data-skipgform_ajax_framebjll=\"\"><\/iframe>\n<\/div><figcaption class=\"wp-element-caption\"><a href=\"https:\/\/www.youtube.com\/@TroubleFait\">Trouble Fait<\/a> <strong><strong><mark style=\"background-color:rgba(0, 0, 0, 0)\" class=\"has-inline-color has-vivid-red-color\">\ud83d\udd17<\/mark><\/strong><\/strong><\/figcaption><\/figure>\n\n\n\n<p>\ud83d\udd2d <strong><mark style=\"background-color:rgba(0, 0, 0, 0)\" class=\"has-inline-color has-vivid-red-color\">BRIGITTE MACRON :<\/mark><\/strong> <a href=\"https:\/\/www.youtube.com\/watch?app=desktop&amp;v=KVb-TdU-0nA\"><strong>LA V\u00c9RIT\u00c9 SUR L&rsquo;AFFAIRE TROGNEUX<\/strong><\/a> \ud83d\udd17<\/p>\n\n\n\n<figure class=\"wp-block-embed aligncenter is-type-video is-provider-youtube wp-block-embed-youtube wp-embed-aspect-16-9 wp-has-aspect-ratio\"><div class=\"wp-block-embed__wrapper\">\n<iframe  id=\"_ytid_89490\"  width=\"640\" height=\"360\"  data-origwidth=\"640\" data-origheight=\"360\" src=\"https:\/\/www.youtube.com\/embed\/KVb-TdU-0nA?enablejsapi=1&#038;autoplay=0&#038;cc_load_policy=0&#038;cc_lang_pref=&#038;iv_load_policy=1&#038;loop=0&#038;rel=1&#038;fs=1&#038;playsinline=0&#038;autohide=2&#038;theme=dark&#038;color=red&#038;controls=1&#038;disablekb=0&#038;\" class=\"__youtube_prefs__  epyt-is-override  no-lazyload\" title=\"YouTube player\"  allow=\"fullscreen; accelerometer; autoplay; clipboard-write; encrypted-media; gyroscope; picture-in-picture; web-share\" referrerpolicy=\"strict-origin-when-cross-origin\" allowfullscreen data-no-lazy=\"1\" data-skipgform_ajax_framebjll=\"\"><\/iframe>\n<\/div><figcaption class=\"wp-element-caption\"><a href=\"https:\/\/www.youtube.com\/@blastinfo\">BLAST, Le souffle de l&rsquo;info<\/a> <strong><strong><mark style=\"background-color:rgba(0, 0, 0, 0)\" class=\"has-inline-color has-vivid-red-color\">\ud83d\udd17<\/mark><\/strong><\/strong><\/figcaption><\/figure>\n\n\n\n<p>\ud83d\udccd<strong><a href=\"https:\/\/youtu.be\/n3jWE4lvyMA\"><mark style=\"background-color:rgba(0, 0, 0, 0)\" class=\"has-inline-color has-vivid-red-color\">La RUMEUR qui D\u00c9STABILISE L\u2019\u00c9LYS\u00c9E<\/mark><\/a><mark style=\"background-color:rgba(0, 0, 0, 0)\" class=\"has-inline-color has-vivid-red-color\"> <\/mark>| La FOLLE Affaire Madame.<\/strong><\/p>\n\n\n\n<figure class=\"wp-block-embed aligncenter is-type-video is-provider-youtube wp-block-embed-youtube wp-embed-aspect-16-9 wp-has-aspect-ratio\"><div class=\"wp-block-embed__wrapper\">\n<iframe  id=\"_ytid_51707\"  width=\"640\" height=\"360\"  data-origwidth=\"640\" data-origheight=\"360\" src=\"https:\/\/www.youtube.com\/embed\/n3jWE4lvyMA?enablejsapi=1&#038;autoplay=0&#038;cc_load_policy=0&#038;cc_lang_pref=&#038;iv_load_policy=1&#038;loop=0&#038;rel=1&#038;fs=1&#038;playsinline=0&#038;autohide=2&#038;theme=dark&#038;color=red&#038;controls=1&#038;disablekb=0&#038;\" class=\"__youtube_prefs__  epyt-is-override  no-lazyload\" title=\"YouTube player\"  allow=\"fullscreen; accelerometer; autoplay; clipboard-write; encrypted-media; gyroscope; picture-in-picture; web-share\" referrerpolicy=\"strict-origin-when-cross-origin\" allowfullscreen data-no-lazy=\"1\" data-skipgform_ajax_framebjll=\"\"><\/iframe>\n<\/div><figcaption class=\"wp-element-caption\"><a href=\"https:\/\/www.youtube.com\/@LivMoietco\">Liv<\/a> <strong><strong><mark style=\"background-color:rgba(0, 0, 0, 0)\" class=\"has-inline-color has-vivid-red-color\">\ud83d\udd17<\/mark><\/strong><\/strong><\/figcaption><\/figure>\n\n\n\n<p><\/p>\n\n\n\n<p>\u270d\ufe0f <strong><mark style=\"background-color:rgba(0, 0, 0, 0)\" class=\"has-inline-color has-vivid-red-color\">Fran\u00e7ois Asselineau sur l&rsquo;Affaire Brigitte \/ <a href=\"https:\/\/youtu.be\/W8VJJ68x6_w\">Trogneux &amp; Macron<\/a> \ud83d\udd17<\/mark><\/strong> <strong><mark style=\"background-color:rgba(0, 0, 0, 0)\" class=\"has-inline-color has-vivid-red-color\">!<\/mark><\/strong><\/p>\n\n\n\n<figure class=\"wp-block-embed aligncenter is-type-video is-provider-youtube wp-block-embed-youtube wp-embed-aspect-16-9 wp-has-aspect-ratio\"><div class=\"wp-block-embed__wrapper\">\n<iframe  id=\"_ytid_57690\"  width=\"640\" height=\"360\"  data-origwidth=\"640\" data-origheight=\"360\" src=\"https:\/\/www.youtube.com\/embed\/W8VJJ68x6_w?enablejsapi=1&#038;autoplay=0&#038;cc_load_policy=0&#038;cc_lang_pref=&#038;iv_load_policy=1&#038;loop=0&#038;rel=1&#038;fs=1&#038;playsinline=0&#038;autohide=2&#038;theme=dark&#038;color=red&#038;controls=1&#038;disablekb=0&#038;\" class=\"__youtube_prefs__  epyt-is-override  no-lazyload\" title=\"YouTube player\"  allow=\"fullscreen; accelerometer; autoplay; clipboard-write; encrypted-media; gyroscope; picture-in-picture; web-share\" referrerpolicy=\"strict-origin-when-cross-origin\" allowfullscreen data-no-lazy=\"1\" data-skipgform_ajax_framebjll=\"\"><\/iframe>\n<\/div><figcaption class=\"wp-element-caption\"><a href=\"https:\/\/www.youtube.com\/@mousquetaireQCFR\">Le Mousquetaire<\/a> <strong><strong><mark style=\"background-color:rgba(0, 0, 0, 0)\" class=\"has-inline-color has-vivid-red-color\">\ud83d\udd17<\/mark><\/strong><\/strong><\/figcaption><\/figure>\n\n\n\n<p>\ud83c\uddeb\ud83c\uddf7 <strong><mark style=\"background-color:rgba(0, 0, 0, 0)\" class=\"has-inline-color has-vivid-red-color\">Dossier \ud83d\uddc3 | France&nbsp;: De Jean-Michel \u00e0 Brigitte Trogneux, Mensonges \u00e0 l\u2019Elys\u00e9e<\/mark> | From Jean-Michel to Brigitte Trogneux, Lies at the Elys\u00e9e : Brigittegate, le DOSSIER Pressibus 2022, Journal d\u2019Enqu\u00eate Citoyenne.&nbsp;Derri\u00e8re la l\u00e9gende de Brigitte Macron.<\/strong>&nbsp;&nbsp;<mark style=\"background-color:rgba(0, 0, 0, 0)\" class=\"has-inline-color has-vivid-red-color\">The Same Page In English<\/mark> &#8211;&nbsp;<strong>Adresse courte de cette page<\/strong>&nbsp;: <a href=\"https:\/\/pressibus.org\/brigitte\">pressibus.org\/brigitte<\/a> \ud83d\udd17<\/p>\n\n\n<div class=\"wp-block-image\">\n<figure class=\"aligncenter size-full\"><img data-opt-id=2129313108  data-opt-src=\"https:\/\/mlrdeoj2ejbf.i.optimole.com\/cb:mvHM.4ca\/w:auto\/h:auto\/q:mauto\/f:best\/https:\/\/i0.wp.com\/planetactus.com\/wp-content\/uploads\/2025\/04\/image-5.png\"  data-recalc-dims=\"1\" decoding=\"async\" width=\"640\" height=\"640\" src=\"data:image/svg+xml,%3Csvg%20viewBox%3D%220%200%20100%%20100%%22%20width%3D%22100%%22%20height%3D%22100%%22%20xmlns%3D%22http%3A%2F%2Fwww.w3.org%2F2000%2Fsvg%22%3E%3Crect%20width%3D%22100%%22%20height%3D%22100%%22%20fill%3D%22transparent%22%2F%3E%3C%2Fsvg%3E?resize=640%2C640&#038;ssl=1\" alt=\"\" class=\"wp-image-4302\" old-srcset=\"https:\/\/mlrdeoj2ejbf.i.optimole.com\/cb:mvHM.4ca\/w:1024\/h:1024\/q:mauto\/f:best\/https:\/\/planetactus.com\/wp-content\/uploads\/2025\/04\/image-5.png 1024w, https:\/\/mlrdeoj2ejbf.i.optimole.com\/cb:mvHM.4ca\/w:300\/h:4000\/q:mauto\/f:best\/https:\/\/planetactus.com\/wp-content\/uploads\/2025\/04\/image-5.png 300w, https:\/\/mlrdeoj2ejbf.i.optimole.com\/cb:mvHM.4ca\/w:150\/h:4000\/q:mauto\/f:best\/https:\/\/planetactus.com\/wp-content\/uploads\/2025\/04\/image-5.png 150w, https:\/\/mlrdeoj2ejbf.i.optimole.com\/cb:mvHM.4ca\/w:768\/h:4000\/q:mauto\/f:best\/https:\/\/planetactus.com\/wp-content\/uploads\/2025\/04\/image-5.png 768w\" \/><figcaption class=\"wp-element-caption\">\ud83c\uddeb\ud83c\uddf7 <strong><mark style=\"background-color:rgba(0, 0, 0, 0)\" class=\"has-inline-color has-vivid-red-color\"><a href=\"https:\/\/planetactus.com\/index.php\/2024\/08\/25\/france-de-jean-michel-a-brigitte-trogneux-mensonges-a-lelysee-from-jean-michel-to-brigitte-trogneux-lies-at-the-elysee\/\">Dossier <\/a>\ud83d\udd17<\/mark><\/strong> <strong><mark style=\"background-color:rgba(0, 0, 0, 0)\" class=\"has-inline-color has-vivid-red-color\">\ud83d\uddc3 | France&nbsp;: De Jean-Michel \u00e0 Brigitte Trogneux, Mensonges \u00e0 l\u2019Elys\u00e9e<\/mark><\/strong><\/figcaption><\/figure>\n<\/div>\n\n\n<p>\ud83d\udca1&nbsp;<strong>Vous pouvez t\u00e9l\u00e9charger<\/strong>&nbsp;<a href=\"http:\/\/pressibus.free.fr\/gen\/trogneux\/brigitte2.pdf\">ce dossier au format pdf<\/a> \ud83d\udd17 (inclus Post-Scriptum jusqu\u2019au 24 ao\u00fbt 2024) (22 Mo,&nbsp;<strong>270 pages<\/strong>). <strong>Le <mark style=\"background-color:rgba(0, 0, 0, 0)\" class=\"has-inline-color has-vivid-red-color\">volume <\/mark>qu\u2019occupe ce dossier <mark style=\"background-color:rgba(0, 0, 0, 0)\" class=\"has-inline-color has-vivid-red-color\">ne doit pas d\u00e9tourner le visiteur de l\u2019essentiel. <\/mark><\/strong>Voici, en quelques&nbsp;<strong>questions-r\u00e9ponses<\/strong>,&nbsp;<strong>un court r\u00e9sum\u00e9<\/strong>, existant aussi en <mark style=\"background-color:rgba(0, 0, 0, 0)\" class=\"has-inline-color has-vivid-red-color\">document pdf<\/mark>\ud83d\udd17 d\u2019une page au format A4 (<strong><mark style=\"background-color:rgba(0, 0, 0, 0)\" class=\"has-inline-color has-vivid-red-color\">\u00e0 imprimer et distribuer<\/mark><\/strong>\u2026).&nbsp;<strong>Vous disposez aussi d\u2019un<\/strong> <mark style=\"background-color:rgba(0, 0, 0, 0)\" class=\"has-inline-color has-vivid-red-color\">document pdf<\/mark>&nbsp;\ud83d\udd17 <strong>biographique d\u2019une double page A4<\/strong> <mark style=\"background-color:rgba(0, 0, 0, 0)\" class=\"has-inline-color has-vivid-red-color\">montrant comment Jean-Michel est devenu Brigitte<\/mark>.&nbsp;<strong>La conclusion<\/strong>&nbsp;du <a href=\"http:\/\/pressibus.free.fr\/gen\/trogneux\/index.html#31\">chapitre 31<\/a> \ud83d\udd17<strong>est <\/strong><mark style=\"background-color:rgba(0, 0, 0, 0)\" class=\"has-inline-color has-vivid-red-color\">plus d\u00e9taill\u00e9e<\/mark><strong>, avec liens vers les autres chapitres et vers les annexes.<\/strong><\/p>\n\n\n\n<p><strong>Le dossier Pressibus en courtes r\u00e9ponses \u00e0 10 questions fr\u00e9quentes<\/strong>&nbsp;:&nbsp;Cinq mois d\u2019enqu\u00eate citoyenne&nbsp;parsem\u00e9e de fausses pistes et d\u2019h\u00e9sitations&nbsp;<strong>aboutissent \u00e0 une nouvelle compr\u00e9hension<\/strong>.&nbsp; <strong>Voici les r\u00e9ponses qui nous apparaissent les meilleures dans l\u2019\u00e9tat de nos connaissances \u00e0 la fin ao\u00fbt 2022 <\/strong>[&#8230;] <a href=\"https:\/\/planetactus.com\/index.php\/2024\/08\/25\/france-de-jean-michel-a-brigitte-trogneux-mensonges-a-lelysee-from-jean-michel-to-brigitte-trogneux-lies-at-the-elysee\/\"><mark style=\"background-color:rgba(0, 0, 0, 0)\" class=\"has-inline-color has-vivid-red-color\">Lire et Voir la suite<\/mark><\/a> \u21a9\ufe0f sur Planet Actus \ud83e\ude90<\/p>\n\n\n\n<p><span style=\"text-decoration: underline;\">En bonus<\/span> :<\/p>\n\n\n\n<p>\ud83d\udccd<a href=\"https:\/\/youtu.be\/wGudHzxlTTg?si=05LSQ-H16xO0VCx4\"><strong><mark style=\"background-color:rgba(0, 0, 0, 0)\" class=\"has-inline-color has-vivid-red-color\">Pr\u00e9dictions des Simpsons effrayants pour l&rsquo;ann\u00e9e 2025<\/mark><\/strong><\/a> <strong>| Scary Simpsons predictions for 2025 <\/strong>\ud83d\udd2e <\/p>\n\n\n\n<figure class=\"wp-block-embed aligncenter is-type-video is-provider-youtube wp-block-embed-youtube wp-embed-aspect-16-9 wp-has-aspect-ratio\"><div class=\"wp-block-embed__wrapper\">\n<iframe  id=\"_ytid_25226\"  width=\"640\" height=\"360\"  data-origwidth=\"640\" data-origheight=\"360\" src=\"https:\/\/www.youtube.com\/embed\/wGudHzxlTTg?enablejsapi=1&#038;autoplay=0&#038;cc_load_policy=0&#038;cc_lang_pref=&#038;iv_load_policy=1&#038;loop=0&#038;rel=1&#038;fs=1&#038;playsinline=0&#038;autohide=2&#038;theme=dark&#038;color=red&#038;controls=1&#038;disablekb=0&#038;\" class=\"__youtube_prefs__  epyt-is-override  no-lazyload\" title=\"YouTube player\"  allow=\"fullscreen; accelerometer; autoplay; clipboard-write; encrypted-media; gyroscope; picture-in-picture; web-share\" referrerpolicy=\"strict-origin-when-cross-origin\" allowfullscreen data-no-lazy=\"1\" data-skipgform_ajax_framebjll=\"\"><\/iframe>\n<\/div><figcaption class=\"wp-element-caption\">Prediksi Scary Simpsons untuk Tahun 2025 \/ <a href=\"https:\/\/www.youtube.com\/@LigadonoDesconhecido\">Connected to the Unknown <\/a>\ud83d\udd17<\/figcaption><\/figure>\n\n\n\n<p><strong>C\u2019est presque comme si le monde suivait un sc\u00e9nario \u2013 un sc\u00e9nario que Les Simpson ont \u00e9crit il y a des d\u00e9cennies. Ann\u00e9e apr\u00e8s ann\u00e9e, leurs histoires les plus audacieuses sont pass\u00e9es de l&rsquo;\u00e9cran \u00e0 la r\u00e9alit\u00e9, poussant les fans \u00e0 se demander : s&rsquo;agit-il de co\u00efncidences ou les Simpson savent-ils quelque chose que nous ignorons ? Des avanc\u00e9es technologiques aux \u00e9v\u00e9nements mondiaux choquants, cette sitcom anim\u00e9e a fait des pr\u00e9dictions trop pr\u00e9cises pour \u00eatre ignor\u00e9es. Mais que se passerait-il si 2025 \u00e9tait la prochaine grande proph\u00e9tie ? <\/strong><mark style=\"background-color:rgba(0, 0, 0, 0)\" class=\"has-inline-color has-vivid-red-color\">La v\u00e9rit\u00e9 est peut-\u00eatre plus d\u00e9rangeante que vous ne le pensez \u2013 d\u00e9couvrons-la.<\/mark><\/p>\n\n\n\n<p>\u26a1\ufe0f<strong><mark style=\"background-color:rgba(0, 0, 0, 0)\" class=\"has-inline-color has-vivid-red-color\"> WEF (Forum \u00e9conomique mondial) : Flash : <a href=\"https:\/\/qactus.fr\/2025\/04\/21\/wef-flash-klaus-schwab-quitte-brusquement-le-wef-le-jour-meme-de-la-mort-du-pape-francois\/\">Klaus Schwab quitte brusquement le WEF <\/a>\ud83d\udd17<\/mark><\/strong> <strong><mark style=\"background-color:rgba(0, 0, 0, 0)\" class=\"has-inline-color has-vivid-red-color\">le jour m\u00eame de la mort du pape Fran\u00e7ois &#8211; L&rsquo;Informateur.<\/mark><\/strong><\/p>\n\n\n\n<p><strong>Klaus Schwab, fondateur du Forum \u00e9conomique mondial, a stup\u00e9fi\u00e9 l\u2019\u00e9lite mondialiste en&nbsp;<a href=\"https:\/\/www.weforum.org\/press\/2025\/04\/world-economic-forum-announces-governance-transition\/\" target=\"_blank\" rel=\"noreferrer noopener\">d\u00e9missionnant<\/a>&nbsp;brusquement le jour m\u00eame du d\u00e9c\u00e8s du pape Fran\u00e7ois.<\/strong> <strong><em>En effet, le fils du fondateur du WEF avait demand\u00e9 l\u2019arrestation de Klaus Schwab pour \u00ab crimes contre l\u2019humanit\u00e9 \u00bb en novembre 2023,<\/em><\/strong> <a href=\"about:reader?url=https%3A%2F%2Fqactus.fr%2F2025%2F04%2F21%2Fwef-flash-klaus-schwab-quitte-brusquement-le-wef-le-jour-meme-de-la-mort-du-pape-francois%2F#1\">\u00e0 lire ici.<\/a><\/p>\n\n\n\n<figure class=\"wp-block-embed aligncenter is-type-video is-provider-youtube wp-block-embed-youtube wp-embed-aspect-16-9 wp-has-aspect-ratio\"><div class=\"wp-block-embed__wrapper\">\n<iframe  id=\"_ytid_48936\"  width=\"640\" height=\"360\"  data-origwidth=\"640\" data-origheight=\"360\" src=\"https:\/\/www.youtube.com\/embed\/AK0KNvtHw-4?enablejsapi=1&#038;autoplay=0&#038;cc_load_policy=0&#038;cc_lang_pref=&#038;iv_load_policy=1&#038;loop=0&#038;rel=1&#038;fs=1&#038;playsinline=0&#038;autohide=2&#038;theme=dark&#038;color=red&#038;controls=1&#038;disablekb=0&#038;\" class=\"__youtube_prefs__  epyt-is-override  no-lazyload\" title=\"YouTube player\"  allow=\"fullscreen; accelerometer; autoplay; clipboard-write; encrypted-media; gyroscope; picture-in-picture; web-share\" referrerpolicy=\"strict-origin-when-cross-origin\" allowfullscreen data-no-lazy=\"1\" data-skipgform_ajax_framebjll=\"\"><\/iframe>\n<\/div><figcaption class=\"wp-element-caption\">\u00c9minc\u00e9 de Great Reset : La France \u00e0 la sauce Klaus Schwab, cuisin\u00e9e avec amour par Emmanuel Macron : Eminc\u00e9 de Great Reset : La France \u00e0 la sauce Klaus SCHWAB, cuisin\u00e9e par Emmanuel Macron. Nicolas Vidal d\u00e9zingue le gouvernement dans la matinale Ligne Droite au micro de Cl\u00e9mence Houdiakova en \u00e9voquant la fermeture prochaine de milliers de commer\u00e7ants fran\u00e7ais \ud83d\udd25\/ <a href=\"https:\/\/www.youtube.com\/@PutschLive\">Putsch Media<\/a> <strong><mark style=\"background-color:rgba(0, 0, 0, 0)\" class=\"has-inline-color has-vivid-red-color\">\ud83d\udd17<\/mark><\/strong><\/figcaption><\/figure>\n\n\n\n<p>Dimanche, lors d\u2019une r\u00e9union du conseil d\u2019administration du <a href=\"https:\/\/qactus.fr\/category\/wef\/\" target=\"_blank\" rel=\"noreferrer noopener\">WEF<\/a>, Schwab a annonc\u00e9 son d\u00e9part imm\u00e9diat en tant que pr\u00e9sident et membre du conseil, co\u00efncidant avec les derni\u00e8res heures du pape. <strong>Cette d\u00e9cision inattendue fait suite \u00e0&nbsp;des informations&nbsp;selon lesquelles les procureurs se pr\u00e9paraient \u00e0 arr\u00eater Schwab pour \u00ab crimes contre l\u2019humanit\u00e9 \u00bb.<\/strong><\/p>\n\n\n\n<p>Comme&nbsp;<em>l\u2019a pr\u00e9c\u00e9demment rapport\u00e9, <\/em><mark style=\"background-color:rgba(0, 0, 0, 0)\" class=\"has-inline-color has-vivid-red-color\"><em>le<\/em>&nbsp;pape Fran\u00e7ois a d\u00e9clar\u00e9 que Schwab \u00e9tait une&nbsp;<em>\u00ab figure plus importante \u00bb<\/em>&nbsp;que J\u00e9sus-Christ \u00e0 l\u2019\u00e9poque actuelle parce que J\u00e9sus veut sauver des \u00e2mes<\/mark>, <strong>et Schwab comprend que nous avons besoin de moins d\u2019\u00e2mes.<a href=\"https:\/\/thepeoplesvoice.tv\/pope-francis-declares-klaus-schwab-is-more-important-than-jesus-christ\/\" target=\"_blank\" rel=\"noreferrer noopener\"><\/a><\/strong><\/p>\n\n\n\n<p><a href=\"https:\/\/www.infowars.com\/posts\/klaus-schwab-resigns-from-wef-with-immediate-effect\" target=\"_blank\" rel=\"noreferrer noopener\">Infowars.com<\/a>&nbsp;<strong>rapports&nbsp;:<\/strong> Le conseil d\u2019administration a nomm\u00e9 le vice-pr\u00e9sident Peter Brabeck-Letmathe, ancien PDG du groupe Nestl\u00e9, en tant que pr\u00e9sident par int\u00e9rim.<\/p>\n\n\n\n<p><strong>Schwab avait d\u00e9j\u00e0 annonc\u00e9 son intention de d\u00e9missionner, au d\u00e9but du mois, mais il \u00e9tait entendu que le processus s\u2019\u00e9tendrait jusqu\u2019en 2027.<\/strong><\/p>\n\n\n\n<p>\u00c0 ce stade, on ne sait pas ce qui a motiv\u00e9 le changement soudain de Schwab. L\u2019\u00e2ge est peut-\u00eatre un facteur \u2013 Schwab a not\u00e9 dans son annonce de d\u00e9mission qu\u2019il avait maintenant 88 ans \u2013 <strong>mais la d\u00e9cision peut aussi avoir quelque chose \u00e0 voir avec les r\u00e9centes controverses sur le harc\u00e8lement et la discrimination au Forum.<\/strong><\/p>\n\n\n\n<p>L\u2019ann\u00e9e derni\u00e8re,&nbsp;<em>le Wall Street Journal<\/em>&nbsp;a rapport\u00e9 que le conseil d\u2019administration du Forum travaillait avec un cabinet d\u2019avocats pour enqu\u00eater sur sa culture de travail, apr\u00e8s des all\u00e9gations de <strong>\u00ab&nbsp;culture de harc\u00e8lement&nbsp;\u00bb et de discrimination au sein de l\u2019organisation.<\/strong><\/p>\n\n\n\n<p>En mars, le Forum a d\u00e9clar\u00e9 que des avocats externes qui avaient enqu\u00eat\u00e9 sur les all\u00e9gations avaient conclu qu\u2019il n\u2019avait commis aucune violation de la loi et que les all\u00e9gations d\u2019inconduite contre Schwab lui-m\u00eame n\u2019\u00e9taient pas vraies.<\/p>\n\n\n\n<p>Dans une d\u00e9claration publi\u00e9e aujourd\u2019hui sur le <a href=\"https:\/\/www.weforum.org\/press\/2025\/04\/world-economic-forum-announces-governance-transition\/\" target=\"_blank\" rel=\"noreferrer noopener\">site Web du Forum \u00e9conomique mondial<\/a>, le Forum a not\u00e9 que la n\u00e9cessit\u00e9 pour lui de \u00ab fa\u00e7onner l\u2019avenir \u00bb n\u2019a \u00ab jamais \u00e9t\u00e9 aussi critique \u00bb.<\/p>\n\n\n\n<iframe class=\"rumble\" width=\"640\" height=\"360\" src=\"https:\/\/rumble.com\/embed\/v3u2wxp\/?pub=4\" frameborder=\"0\" allowfullscreen><\/iframe>\n\n\n\n<p>\ud83c\udfa5 \u2b06\ufe0f <strong>\u00ab\u00a0Le WEF demande aux gouvernements mondiaux d&rsquo;abaisser l&rsquo;\u00e2ge du consentement \u00e0 12 ans\u00a0\u00bb<\/strong> \/ <a href=\"https:\/\/rumble.com\/v3woamy-wef-orders-world-govts-to-lower-age-of-consent-to-12.html\">The People&rsquo;s Voice<\/a> <strong><mark style=\"background-color:rgba(0, 0, 0, 0)\" class=\"has-inline-color has-vivid-red-color\">\ud83d\udd17<\/mark><\/strong><\/p>\n\n\n\n<p>\u00ab&nbsp;\u00c0 une \u00e9poque o\u00f9 le monde subit une transformation rapide, la n\u00e9cessit\u00e9 d\u2019un dialogue inclusif pour naviguer dans la complexit\u00e9 et fa\u00e7onner l\u2019avenir n\u2019a jamais \u00e9t\u00e9 aussi critique \u00bb, indique le communiqu\u00e9.<\/p>\n\n\n\n<p>Le Conseil d\u2019administration du Forum \u00e9conomique mondial souligne l\u2019importance de rester in\u00e9branlable dans sa mission et ses valeurs en tant que facilitateur du progr\u00e8s. S\u2019appuyant sur son r\u00f4le de confiance, le Forum continuera de rassembler des leaders de tous les secteurs et de toutes les r\u00e9gions pour \u00e9changer des id\u00e9es et favoriser la collaboration.&nbsp;\u00bb<\/p>\n\n\n\n<p id=\"1\"><strong>Le fils du cofondateur du Forum \u00e9conomique mondial, <\/strong><a href=\"https:\/\/video.doctorstalk.ch\/channel\/DrKlausSchustereder\/video\/.8-VHJ8Iyad08VHeGZ-FnJA\"><mark style=\"background-color:rgba(0, 0, 0, 0)\" class=\"has-inline-color has-vivid-red-color\">Hussain Najadi<\/mark><\/a><strong><a href=\"https:\/\/video.doctorstalk.ch\/channel\/DrKlausSchustereder\/video\/.8-VHJ8Iyad08VHeGZ-FnJA\"> <\/a><strong><mark style=\"background-color:rgba(0, 0, 0, 0)\" class=\"has-inline-color has-vivid-red-color\"><a href=\"https:\/\/odysee.com\/@Videos-R%C3%A9info:9\/Raphael-Cohen-Corruption-meurtre-plainte-contre-Macron-pour-trahison-et-crime-contre-l-humanit%C3%A9:6\">\ud83d\udd17<\/a><\/mark><\/strong>, a d\u00e9nonc\u00e9 les crimes de l\u2019\u00e9lite mondiale et appelle maintenant \u00e0 l\u2019arrestation de Klaus Schwab et d\u2019autres dirigeants du WEF, de Bill Gates, de la <\/strong><a href=\"https:\/\/www.francetvinfo.fr\/sante\/l-organisation-mondiale-de-la-sante-annonce-une-vaste-reorganisation-et-des-licenciements-sur-fond-de-reduction-des-financements-americains_7204380.html\"><mark style=\"background-color:rgba(0, 0, 0, 0)\" class=\"has-inline-color has-vivid-red-color\">direction de l\u2019OMS<\/mark><\/a><mark style=\"background-color:rgba(0, 0, 0, 0)\" class=\"has-inline-color has-vivid-red-color\"> <\/mark><strong><strong><strong><mark style=\"background-color:rgba(0, 0, 0, 0)\" class=\"has-inline-color has-vivid-red-color\">\ud83d\udd17<\/mark><\/strong><\/strong>et des dirigeants de Big Tech et de <\/strong><a href=\"https:\/\/odysee.com\/@Videos-R%C3%A9info:9\/Raphael-Cohen-Corruption-meurtre-plainte-contre-Macron-pour-trahison-et-crime-contre-l-humanit%C3%A9:6\"><mark style=\"background-color:rgba(0, 0, 0, 0)\" class=\"has-inline-color has-vivid-red-color\">Pfizer<\/mark><\/a><strong> \ud83d\udd17<\/strong>[&#8230;] <mark style=\"background-color:rgba(0, 0, 0, 0)\" class=\"has-inline-color has-vivid-red-color\">Lire la suire sur<\/mark> [<a href=\"https:\/\/qactus.fr\/2025\/04\/21\/wef-flash-klaus-schwab-quitte-brusquement-le-wef-le-jour-meme-de-la-mort-du-pape-francois\/\">Qactus.fr<\/a>] <strong><mark style=\"background-color:rgba(0, 0, 0, 0)\" class=\"has-inline-color has-vivid-red-color\">\ud83d\udd17<\/mark><\/strong><\/p>\n\n\n\n<p><strong>\ud83d\udca1<\/strong>&nbsp;<mark style=\"background-color:rgba(0, 0, 0, 0)\" class=\"has-inline-color has-vivid-red-color\">Si cet article vous a plu, n\u2019h\u00e9sitez pas \u00e0 le partager avec vos proches et sur tous vos r\u00e9seaux sociaux ! Suivez-nous pour plus d\u2019actualit\u00e9s passionnantes.<\/mark><\/p>\n\n\n\n<p><strong>\ud83d\udef8<\/strong><strong>&nbsp;<\/strong><strong><a href=\"https:\/\/t.me\/ufo_planetactus_sightings\">Ufo Planet Actus Sightings Investigations<\/a><\/strong><strong>&nbsp;<\/strong><strong>\ud83d\udc7d<\/strong><strong><br><\/strong><strong>\ud83e\ude90<\/strong><strong>&nbsp;<\/strong><a href=\"https:\/\/t.me\/planetactus\"><strong>Planet Actus&nbsp;True News Letters<\/strong><\/a><strong>&nbsp;<\/strong><strong>\ud83d\uddde<\/strong><strong><br><\/strong><strong>\ud83d\udcbb<\/strong><strong>&nbsp;<\/strong><a href=\"https:\/\/planetactus.com\/\"><strong>Planet Actus.com<\/strong><\/a><strong>&nbsp;<\/strong><strong>\ud83e\ude90<\/strong><\/p>\n\n\n<div class=\"wp-block-post-author\"><div class=\"wp-block-post-author__avatar\"><img decoding=async data-opt-id=1391982141  alt='' src='\/\/www.gravatar.com\/avatar\/1f651b4ef1fc23d4d1601d6f2649258e?s=48&#038;r=g&#038;d=mm' srcset='\/\/www.gravatar.com\/avatar\/1f651b4ef1fc23d4d1601d6f2649258e?s=48&#038;r=g&#038;d=mm 2x' class='avatar avatar-48 photo' height='48' width='48' \/><\/div><div class=\"wp-block-post-author__content\"><p class=\"wp-block-post-author__byline\"><a href=\"https:\/\/planetactus.com\/\">planetactus<\/a><\/p><p class=\"wp-block-post-author__name\">planetactus.com<\/p><\/div><\/div><div class=\"gsp_post_data\" \r\n\t            data-post_type=\"post\" \r\n\t            data-cat=\"a-la-une,certi-photo,entite-dissimulee,predictions-des-simpsons,secrets-histoires,top-secret\" \r\n\t            data-modified=\"120\"\r\n\t            data-created=\"1745257148\"\r\n\t            data-title=\"D\u00e9c\u00e8s du Pape Fran\u00e7ois  : Condol\u00e9ances, Soleil, et Yeux sans \u00c2me : une image \u00e9trange de Macron interroge.\" \r\n\t            data-home=\"https:\/\/planetactus.com\"><\/div>","protected":false},"excerpt":{"rendered":"<p>\u270d\ufe0f Mort du pape Fran\u00e7ois le jour de P\u00e2ques \ud83d\udd17 : le visage de Macron lance un signal troublant. Le visage d\u2019Emmanuel Macron est \u00e9clair\u00e9 par un grand soleil lorsqu\u2019il s\u2019adresse au monde pour pr\u00e9senter ses condol\u00e9ances \u00e0 l\u2019ensemble des catholiques. Pourtant, un d\u00e9tail \u00e9trange attire l\u2019attention : ses yeux sont plong\u00e9s dans l\u2019ombre. Une [&hellip;]<\/p>\n","protected":false},"author":1,"featured_media":4293,"comment_status":"open","ping_status":"open","sticky":false,"template":"","format":"standard","meta":{"_bbp_topic_count":0,"_bbp_reply_count":0,"_bbp_total_topic_count":0,"_bbp_total_reply_count":0,"_bbp_voice_count":0,"_bbp_anonymous_reply_count":0,"_bbp_topic_count_hidden":0,"_bbp_reply_count_hidden":0,"_bbp_forum_subforum_count":0,"fifu_image_url":"","fifu_image_alt":"","_jetpack_memberships_contains_paid_content":false,"footnotes":"","jetpack_publicize_message":"","jetpack_publicize_feature_enabled":true,"jetpack_social_post_already_shared":false,"jetpack_social_options":{"image_generator_settings":{"template":"highway","default_image_id":0,"font":"","enabled":false},"version":2}},"categories":[19,141,159,160,18,15],"tags":[],"class_list":["post-4291","post","type-post","status-publish","format-standard","has-post-thumbnail","hentry","category-a-la-une","category-certi-photo","category-entite-dissimulee","category-predictions-des-simpsons","category-secrets-histoires","category-top-secret"],"featured_image_src":"https:\/\/mlrdeoj2ejbf.i.optimole.com\/cb:mvHM.4ca\/w:auto\/h:auto\/q:mauto\/f:best\/https:\/\/i0.wp.com\/planetactus.com\/wp-content\/uploads\/2025\/04\/Deces-du-Pape-Francois.-Condoleances-Soleil-et-Yeux-sans-Ame.-Une-image-etrange-de-Macron-interroge_Planet-Actus-IA.jpg?fit=1024%2C1536&ssl=1","author_info":{"display_name":"planetactus.com","author_link":"https:\/\/planetactus.com\/index.php\/author\/admin9861\/"},"yoast_head":"<!-- This site is optimized with the Yoast SEO plugin v27.5 - https:\/\/yoast.com\/product\/yoast-seo-wordpress\/ -->\n<title>D\u00e9c\u00e8s du Pape Fran\u00e7ois : Condol\u00e9ances, Soleil, et Yeux sans \u00c2me : une image \u00e9trange de Macron interroge. -<\/title>\n<meta name=\"description\" content=\"Le visage d\u2019Emmanuel Macron est \u00e9clair\u00e9 par un grand soleil lorsqu\u2019il s\u2019adresse au monde pour pr\u00e9senter ses condol\u00e9ances \u00e0 l\u2019ensemble des catholiques. Pourtant, un d\u00e9tail \u00e9trange attire l\u2019attention : ses yeux sont plong\u00e9s dans l\u2019ombre. Une obscurit\u00e9 localis\u00e9e, d\u00e9rangeante, presque symbolique.\" class=\"yoast-seo-meta-tag\" \/>\n<meta name=\"robots\" content=\"index, follow, max-snippet:-1, max-image-preview:large, max-video-preview:-1\" \/>\n<link rel=\"canonical\" href=\"https:\/\/planetactus.com\/index.php\/2025\/04\/21\/deces-du-pape-francois-condoleances-soleil-et-yeux-sans-ame-une-image-etrange-de-macron-interroge\/\" class=\"yoast-seo-meta-tag\" \/>\n<meta property=\"og:locale\" content=\"fr_FR\" class=\"yoast-seo-meta-tag\" \/>\n<meta property=\"og:type\" content=\"article\" class=\"yoast-seo-meta-tag\" \/>\n<meta property=\"og:title\" content=\"D\u00e9c\u00e8s du Pape Fran\u00e7ois : Condol\u00e9ances, Soleil, et Yeux sans \u00c2me : une image \u00e9trange de Macron interroge.\" class=\"yoast-seo-meta-tag\" \/>\n<meta property=\"og:description\" content=\"Le visage d\u2019Emmanuel Macron est \u00e9clair\u00e9 par un grand soleil lorsqu\u2019il s\u2019adresse au monde pour pr\u00e9senter ses condol\u00e9ances \u00e0 l\u2019ensemble des catholiques. Pourtant, un d\u00e9tail \u00e9trange attire l\u2019attention : ses yeux sont plong\u00e9s dans l\u2019ombre. Une obscurit\u00e9 localis\u00e9e, d\u00e9rangeante, presque symbolique.\" class=\"yoast-seo-meta-tag\" \/>\n<meta property=\"og:url\" content=\"https:\/\/planetactus.com\/index.php\/2025\/04\/21\/deces-du-pape-francois-condoleances-soleil-et-yeux-sans-ame-une-image-etrange-de-macron-interroge\/\" class=\"yoast-seo-meta-tag\" \/>\n<meta property=\"article:publisher\" content=\"https:\/\/www.facebook.com\/profile.php?id=61561620320740\" class=\"yoast-seo-meta-tag\" \/>\n<meta property=\"article:author\" content=\"https:\/\/www.facebook.com\/profile.php?id=61561620320740\" class=\"yoast-seo-meta-tag\" \/>\n<meta property=\"article:published_time\" content=\"2025-04-21T15:39:08+00:00\" class=\"yoast-seo-meta-tag\" \/>\n<meta property=\"article:modified_time\" content=\"2025-06-07T17:45:13+00:00\" class=\"yoast-seo-meta-tag\" \/>\n<meta property=\"og:image\" content=\"https:\/\/mlrdeoj2ejbf.i.optimole.com\/cb:mvHM.4ca\/w:auto\/h:auto\/q:mauto\/f:best\/http:\/\/planetactus.com\/wp-content\/uploads\/2025\/04\/Deces-du-Pape-Francois.-Condoleances-Soleil-et-Yeux-sans-Ame.-Une-image-etrange-de-Macron-interroge_Planet-Actus-IA.jpg\" class=\"yoast-seo-meta-tag\" \/>\n\t<meta property=\"og:image:width\" content=\"1024\" class=\"yoast-seo-meta-tag\" \/>\n\t<meta property=\"og:image:height\" content=\"1536\" class=\"yoast-seo-meta-tag\" \/>\n\t<meta property=\"og:image:type\" content=\"image\/jpeg\" class=\"yoast-seo-meta-tag\" \/>\n<meta name=\"author\" content=\"planetactus.com\" class=\"yoast-seo-meta-tag\" \/>\n<meta name=\"twitter:card\" content=\"summary_large_image\" class=\"yoast-seo-meta-tag\" \/>\n<meta name=\"twitter:title\" content=\"D\u00e9c\u00e8s du Pape Fran\u00e7ois : Condol\u00e9ances, Soleil, et Yeux sans \u00c2me : une image \u00e9trange de Macron interroge.\" class=\"yoast-seo-meta-tag\" \/>\n<meta name=\"twitter:description\" content=\"Le visage d\u2019Emmanuel Macron est \u00e9clair\u00e9 par un grand soleil lorsqu\u2019il s\u2019adresse au monde pour pr\u00e9senter ses condol\u00e9ances \u00e0 l\u2019ensemble des catholiques. Pourtant, un d\u00e9tail \u00e9trange attire l\u2019attention : ses yeux sont plong\u00e9s dans l\u2019ombre. Une obscurit\u00e9 localis\u00e9e, d\u00e9rangeante, presque symbolique.\" class=\"yoast-seo-meta-tag\" \/>\n<meta name=\"twitter:image\" content=\"https:\/\/mlrdeoj2ejbf.i.optimole.com\/cb:mvHM.4ca\/w:auto\/h:auto\/q:mauto\/f:best\/https:\/\/i0.wp.com\/planetactus.com\/wp-content\/uploads\/2025\/04\/Deces-du-Pape-Francois.-Condoleances-Soleil-et-Yeux-sans-Ame.-Une-image-etrange-de-Macron-interroge_Planet-Actus-IA.jpg?fit=1024%2C1536&ssl=1\" class=\"yoast-seo-meta-tag\" \/>\n<meta name=\"twitter:creator\" content=\"@https:\/\/x.com\/PlanetActus\" class=\"yoast-seo-meta-tag\" \/>\n<meta name=\"twitter:site\" content=\"@PlanetActus\" class=\"yoast-seo-meta-tag\" \/>\n<meta name=\"twitter:label1\" content=\"\u00c9crit par\" class=\"yoast-seo-meta-tag\" \/>\n\t<meta name=\"twitter:data1\" content=\"planetactus.com\" class=\"yoast-seo-meta-tag\" \/>\n\t<meta name=\"twitter:label2\" content=\"Dur\u00e9e de lecture estim\u00e9e\" class=\"yoast-seo-meta-tag\" \/>\n\t<meta name=\"twitter:data2\" content=\"10 minutes\" class=\"yoast-seo-meta-tag\" \/>\n<script type=\"application\/ld+json\" class=\"yoast-schema-graph\">{\"@context\":\"https:\\\/\\\/schema.org\",\"@graph\":[{\"@type\":\"Article\",\"@id\":\"https:\\\/\\\/planetactus.com\\\/index.php\\\/2025\\\/04\\\/21\\\/deces-du-pape-francois-condoleances-soleil-et-yeux-sans-ame-une-image-etrange-de-macron-interroge\\\/#article\",\"isPartOf\":{\"@id\":\"https:\\\/\\\/planetactus.com\\\/index.php\\\/2025\\\/04\\\/21\\\/deces-du-pape-francois-condoleances-soleil-et-yeux-sans-ame-une-image-etrange-de-macron-interroge\\\/\"},\"author\":{\"name\":\"planetactus.com\",\"@id\":\"https:\\\/\\\/planetactus.com\\\/#\\\/schema\\\/person\\\/fbb75ac73a2424d2e176d31b021372a4\"},\"headline\":\"D\u00e9c\u00e8s du Pape Fran\u00e7ois : Condol\u00e9ances, Soleil, et Yeux sans \u00c2me : une image \u00e9trange de Macron interroge.\",\"datePublished\":\"2025-04-21T15:39:08+00:00\",\"dateModified\":\"2025-06-07T17:45:13+00:00\",\"mainEntityOfPage\":{\"@id\":\"https:\\\/\\\/planetactus.com\\\/index.php\\\/2025\\\/04\\\/21\\\/deces-du-pape-francois-condoleances-soleil-et-yeux-sans-ame-une-image-etrange-de-macron-interroge\\\/\"},\"wordCount\":2143,\"commentCount\":0,\"publisher\":{\"@id\":\"https:\\\/\\\/planetactus.com\\\/#\\\/schema\\\/person\\\/fbb75ac73a2424d2e176d31b021372a4\"},\"image\":{\"@id\":\"https:\\\/\\\/planetactus.com\\\/index.php\\\/2025\\\/04\\\/21\\\/deces-du-pape-francois-condoleances-soleil-et-yeux-sans-ame-une-image-etrange-de-macron-interroge\\\/#primaryimage\"},\"thumbnailUrl\":\"https:\\/\\/i0.wp.com\\/planetactus.com\\/wp-content\\/uploads\\/2025\\/04\\/Deces-du-Pape-Francois.-Condoleances-Soleil-et-Yeux-sans-Ame.-Une-image-etrange-de-Macron-interroge_Planet-Actus-IA.jpg?fit=1024%2C1536&ssl=1\",\"articleSection\":[\"A la Une\",\"Certi Photo\",\"Entit\u00e9 Dissimul\u00e9e\",\"Pr\u00e9dictions des Simpsons\",\"Secrets &amp; Histoires\",\"Top Secret\"],\"inLanguage\":\"fr-FR\",\"potentialAction\":[{\"@type\":\"CommentAction\",\"name\":\"Comment\",\"target\":[\"https:\\\/\\\/planetactus.com\\\/index.php\\\/2025\\\/04\\\/21\\\/deces-du-pape-francois-condoleances-soleil-et-yeux-sans-ame-une-image-etrange-de-macron-interroge\\\/#respond\"]}]},{\"@type\":\"WebPage\",\"@id\":\"https:\\\/\\\/planetactus.com\\\/index.php\\\/2025\\\/04\\\/21\\\/deces-du-pape-francois-condoleances-soleil-et-yeux-sans-ame-une-image-etrange-de-macron-interroge\\\/\",\"url\":\"https:\\\/\\\/planetactus.com\\\/index.php\\\/2025\\\/04\\\/21\\\/deces-du-pape-francois-condoleances-soleil-et-yeux-sans-ame-une-image-etrange-de-macron-interroge\\\/\",\"name\":\"D\u00e9c\u00e8s du Pape Fran\u00e7ois : Condol\u00e9ances, Soleil, et Yeux sans \u00c2me : une image \u00e9trange de Macron interroge. -\",\"isPartOf\":{\"@id\":\"https:\\\/\\\/planetactus.com\\\/#website\"},\"primaryImageOfPage\":{\"@id\":\"https:\\\/\\\/planetactus.com\\\/index.php\\\/2025\\\/04\\\/21\\\/deces-du-pape-francois-condoleances-soleil-et-yeux-sans-ame-une-image-etrange-de-macron-interroge\\\/#primaryimage\"},\"image\":{\"@id\":\"https:\\\/\\\/planetactus.com\\\/index.php\\\/2025\\\/04\\\/21\\\/deces-du-pape-francois-condoleances-soleil-et-yeux-sans-ame-une-image-etrange-de-macron-interroge\\\/#primaryimage\"},\"thumbnailUrl\":\"https:\\/\\/i0.wp.com\\/planetactus.com\\/wp-content\\/uploads\\/2025\\/04\\/Deces-du-Pape-Francois.-Condoleances-Soleil-et-Yeux-sans-Ame.-Une-image-etrange-de-Macron-interroge_Planet-Actus-IA.jpg?fit=1024%2C1536&ssl=1\",\"datePublished\":\"2025-04-21T15:39:08+00:00\",\"dateModified\":\"2025-06-07T17:45:13+00:00\",\"description\":\"Le visage d\u2019Emmanuel Macron est \u00e9clair\u00e9 par un grand soleil lorsqu\u2019il s\u2019adresse au monde pour pr\u00e9senter ses condol\u00e9ances \u00e0 l\u2019ensemble des catholiques. Pourtant, un d\u00e9tail \u00e9trange attire l\u2019attention : ses yeux sont plong\u00e9s dans l\u2019ombre. Une obscurit\u00e9 localis\u00e9e, d\u00e9rangeante, presque symbolique.\",\"breadcrumb\":{\"@id\":\"https:\\\/\\\/planetactus.com\\\/index.php\\\/2025\\\/04\\\/21\\\/deces-du-pape-francois-condoleances-soleil-et-yeux-sans-ame-une-image-etrange-de-macron-interroge\\\/#breadcrumb\"},\"inLanguage\":\"fr-FR\",\"potentialAction\":[{\"@type\":\"ReadAction\",\"target\":[\"https:\\\/\\\/planetactus.com\\\/index.php\\\/2025\\\/04\\\/21\\\/deces-du-pape-francois-condoleances-soleil-et-yeux-sans-ame-une-image-etrange-de-macron-interroge\\\/\"]}]},{\"@type\":\"ImageObject\",\"inLanguage\":\"fr-FR\",\"@id\":\"https:\\\/\\\/planetactus.com\\\/index.php\\\/2025\\\/04\\\/21\\\/deces-du-pape-francois-condoleances-soleil-et-yeux-sans-ame-une-image-etrange-de-macron-interroge\\\/#primaryimage\",\"url\":\"https:\\/\\/i0.wp.com\\/planetactus.com\\/wp-content\\/uploads\\/2025\\/04\\/Deces-du-Pape-Francois.-Condoleances-Soleil-et-Yeux-sans-Ame.-Une-image-etrange-de-Macron-interroge_Planet-Actus-IA.jpg?fit=1024%2C1536&ssl=1\",\"contentUrl\":\"https:\\/\\/i0.wp.com\\/planetactus.com\\/wp-content\\/uploads\\/2025\\/04\\/Deces-du-Pape-Francois.-Condoleances-Soleil-et-Yeux-sans-Ame.-Une-image-etrange-de-Macron-interroge_Planet-Actus-IA.jpg?fit=1024%2C1536&ssl=1\",\"width\":1024,\"height\":1536,\"caption\":\"D\u00e9c\u00e8s du Pape Fran\u00e7ois. Condol\u00e9ances, Soleil, et Yeux sans \u00c2me. Une image \u00e9trange de Macron interroge_Planet Actus IA\"},{\"@type\":\"BreadcrumbList\",\"@id\":\"https:\\\/\\\/planetactus.com\\\/index.php\\\/2025\\\/04\\\/21\\\/deces-du-pape-francois-condoleances-soleil-et-yeux-sans-ame-une-image-etrange-de-macron-interroge\\\/#breadcrumb\",\"itemListElement\":[{\"@type\":\"ListItem\",\"position\":1,\"name\":\"Accueil\",\"item\":\"https:\\\/\\\/planetactus.com\\\/\"},{\"@type\":\"ListItem\",\"position\":2,\"name\":\"D\u00e9c\u00e8s du Pape Fran\u00e7ois : Condol\u00e9ances, Soleil, et Yeux sans \u00c2me : une image \u00e9trange de Macron interroge.\"}]},{\"@type\":\"WebSite\",\"@id\":\"https:\\\/\\\/planetactus.com\\\/#website\",\"url\":\"https:\\\/\\\/planetactus.com\\\/\",\"name\":\"PLANET ACTUS\",\"description\":\"PLANET ACTUS\",\"publisher\":{\"@id\":\"https:\\\/\\\/planetactus.com\\\/#\\\/schema\\\/person\\\/fbb75ac73a2424d2e176d31b021372a4\"},\"potentialAction\":[{\"@type\":\"SearchAction\",\"target\":{\"@type\":\"EntryPoint\",\"urlTemplate\":\"https:\\\/\\\/planetactus.com\\\/?s={search_term_string}\"},\"query-input\":{\"@type\":\"PropertyValueSpecification\",\"valueRequired\":true,\"valueName\":\"search_term_string\"}}],\"inLanguage\":\"fr-FR\"},{\"@type\":[\"Person\",\"Organization\"],\"@id\":\"https:\\\/\\\/planetactus.com\\\/#\\\/schema\\\/person\\\/fbb75ac73a2424d2e176d31b021372a4\",\"name\":\"planetactus.com\",\"image\":{\"@type\":\"ImageObject\",\"inLanguage\":\"fr-FR\",\"@id\":\"https:\\/\\/i0.wp.com\\/planetactus.com\\/wp-content\\/uploads\\/2024\\/07\\/cropped-2-Planet-Actus-Banniere-02a.jpg?fit=1189%2C365&ssl=1\",\"url\":\"https:\\/\\/i0.wp.com\\/planetactus.com\\/wp-content\\/uploads\\/2024\\/07\\/cropped-2-Planet-Actus-Banniere-02a.jpg?fit=1189%2C365&ssl=1\",\"contentUrl\":\"https:\\/\\/i0.wp.com\\/planetactus.com\\/wp-content\\/uploads\\/2024\\/07\\/cropped-2-Planet-Actus-Banniere-02a.jpg?fit=1189%2C365&ssl=1\",\"width\":1189,\"height\":365,\"caption\":\"planetactus.com\"},\"logo\":{\"@id\":\"https:\\/\\/i0.wp.com\\/planetactus.com\\/wp-content\\/uploads\\/2024\\/07\\/cropped-2-Planet-Actus-Banniere-02a.jpg?fit=1189%2C365&ssl=1\"},\"sameAs\":[\"http:\\\/\\\/planetactus.com\",\"https:\\\/\\\/www.facebook.com\\\/profile.php?id=61561620320740\",\"https:\\\/\\\/x.com\\\/https:\\\/\\\/x.com\\\/PlanetActus\",\"https:\\\/\\\/www.youtube.com\\\/@PlanetActus\"],\"url\":\"https:\\\/\\\/planetactus.com\\\/index.php\\\/author\\\/admin9861\\\/\"}]}<\/script>\n<!-- \/ Yoast SEO plugin. -->","yoast_head_json":{"title":"D\u00e9c\u00e8s du Pape Fran\u00e7ois : Condol\u00e9ances, Soleil, et Yeux sans \u00c2me : une image \u00e9trange de Macron interroge. -","description":"Le visage d\u2019Emmanuel Macron est \u00e9clair\u00e9 par un grand soleil lorsqu\u2019il s\u2019adresse au monde pour pr\u00e9senter ses condol\u00e9ances \u00e0 l\u2019ensemble des catholiques. Pourtant, un d\u00e9tail \u00e9trange attire l\u2019attention : ses yeux sont plong\u00e9s dans l\u2019ombre. Une obscurit\u00e9 localis\u00e9e, d\u00e9rangeante, presque symbolique.","robots":{"index":"index","follow":"follow","max-snippet":"max-snippet:-1","max-image-preview":"max-image-preview:large","max-video-preview":"max-video-preview:-1"},"canonical":"https:\/\/planetactus.com\/index.php\/2025\/04\/21\/deces-du-pape-francois-condoleances-soleil-et-yeux-sans-ame-une-image-etrange-de-macron-interroge\/","og_locale":"fr_FR","og_type":"article","og_title":"D\u00e9c\u00e8s du Pape Fran\u00e7ois : Condol\u00e9ances, Soleil, et Yeux sans \u00c2me : une image \u00e9trange de Macron interroge.","og_description":"Le visage d\u2019Emmanuel Macron est \u00e9clair\u00e9 par un grand soleil lorsqu\u2019il s\u2019adresse au monde pour pr\u00e9senter ses condol\u00e9ances \u00e0 l\u2019ensemble des catholiques. Pourtant, un d\u00e9tail \u00e9trange attire l\u2019attention : ses yeux sont plong\u00e9s dans l\u2019ombre. Une obscurit\u00e9 localis\u00e9e, d\u00e9rangeante, presque symbolique.","og_url":"https:\/\/planetactus.com\/index.php\/2025\/04\/21\/deces-du-pape-francois-condoleances-soleil-et-yeux-sans-ame-une-image-etrange-de-macron-interroge\/","article_publisher":"https:\/\/www.facebook.com\/profile.php?id=61561620320740","article_author":"https:\/\/www.facebook.com\/profile.php?id=61561620320740","article_published_time":"2025-04-21T15:39:08+00:00","article_modified_time":"2025-06-07T17:45:13+00:00","og_image":[{"width":1024,"height":1536,"url":"https:\/\/mlrdeoj2ejbf.i.optimole.com\/cb:mvHM.4ca\/w:auto\/h:auto\/q:mauto\/f:best\/http:\/\/planetactus.com\/wp-content\/uploads\/2025\/04\/Deces-du-Pape-Francois.-Condoleances-Soleil-et-Yeux-sans-Ame.-Une-image-etrange-de-Macron-interroge_Planet-Actus-IA.jpg","type":"image\/jpeg"}],"author":"planetactus.com","twitter_card":"summary_large_image","twitter_title":"D\u00e9c\u00e8s du Pape Fran\u00e7ois : Condol\u00e9ances, Soleil, et Yeux sans \u00c2me : une image \u00e9trange de Macron interroge.","twitter_description":"Le visage d\u2019Emmanuel Macron est \u00e9clair\u00e9 par un grand soleil lorsqu\u2019il s\u2019adresse au monde pour pr\u00e9senter ses condol\u00e9ances \u00e0 l\u2019ensemble des catholiques. Pourtant, un d\u00e9tail \u00e9trange attire l\u2019attention : ses yeux sont plong\u00e9s dans l\u2019ombre. Une obscurit\u00e9 localis\u00e9e, d\u00e9rangeante, presque symbolique.","twitter_image":"https:\/\/mlrdeoj2ejbf.i.optimole.com\/cb:mvHM.4ca\/w:auto\/h:auto\/q:mauto\/f:best\/https:\/\/i0.wp.com\/planetactus.com\/wp-content\/uploads\/2025\/04\/Deces-du-Pape-Francois.-Condoleances-Soleil-et-Yeux-sans-Ame.-Une-image-etrange-de-Macron-interroge_Planet-Actus-IA.jpg?fit=1024%2C1536&ssl=1","twitter_creator":"@https:\/\/x.com\/PlanetActus","twitter_site":"@PlanetActus","twitter_misc":{"\u00c9crit par":"planetactus.com","Dur\u00e9e de lecture estim\u00e9e":"10 minutes"},"schema":{"@context":"https:\/\/schema.org","@graph":[{"@type":"Article","@id":"https:\/\/planetactus.com\/index.php\/2025\/04\/21\/deces-du-pape-francois-condoleances-soleil-et-yeux-sans-ame-une-image-etrange-de-macron-interroge\/#article","isPartOf":{"@id":"https:\/\/planetactus.com\/index.php\/2025\/04\/21\/deces-du-pape-francois-condoleances-soleil-et-yeux-sans-ame-une-image-etrange-de-macron-interroge\/"},"author":{"name":"planetactus.com","@id":"https:\/\/planetactus.com\/#\/schema\/person\/fbb75ac73a2424d2e176d31b021372a4"},"headline":"D\u00e9c\u00e8s du Pape Fran\u00e7ois : Condol\u00e9ances, Soleil, et Yeux sans \u00c2me : une image \u00e9trange de Macron interroge.","datePublished":"2025-04-21T15:39:08+00:00","dateModified":"2025-06-07T17:45:13+00:00","mainEntityOfPage":{"@id":"https:\/\/planetactus.com\/index.php\/2025\/04\/21\/deces-du-pape-francois-condoleances-soleil-et-yeux-sans-ame-une-image-etrange-de-macron-interroge\/"},"wordCount":2143,"commentCount":0,"publisher":{"@id":"https:\/\/planetactus.com\/#\/schema\/person\/fbb75ac73a2424d2e176d31b021372a4"},"image":{"@id":"https:\/\/planetactus.com\/index.php\/2025\/04\/21\/deces-du-pape-francois-condoleances-soleil-et-yeux-sans-ame-une-image-etrange-de-macron-interroge\/#primaryimage"},"thumbnailUrl":"https:\/\/mlrdeoj2ejbf.i.optimole.com\/cb:mvHM.4ca\/w:auto\/h:auto\/q:mauto\/f:best\/https:\/\/i0.wp.com\/planetactus.com\/wp-content\/uploads\/2025\/04\/Deces-du-Pape-Francois.-Condoleances-Soleil-et-Yeux-sans-Ame.-Une-image-etrange-de-Macron-interroge_Planet-Actus-IA.jpg?fit=1024%2C1536&ssl=1","articleSection":["A la Une","Certi Photo","Entit\u00e9 Dissimul\u00e9e","Pr\u00e9dictions des Simpsons","Secrets &amp; Histoires","Top Secret"],"inLanguage":"fr-FR","potentialAction":[{"@type":"CommentAction","name":"Comment","target":["https:\/\/planetactus.com\/index.php\/2025\/04\/21\/deces-du-pape-francois-condoleances-soleil-et-yeux-sans-ame-une-image-etrange-de-macron-interroge\/#respond"]}]},{"@type":"WebPage","@id":"https:\/\/planetactus.com\/index.php\/2025\/04\/21\/deces-du-pape-francois-condoleances-soleil-et-yeux-sans-ame-une-image-etrange-de-macron-interroge\/","url":"https:\/\/planetactus.com\/index.php\/2025\/04\/21\/deces-du-pape-francois-condoleances-soleil-et-yeux-sans-ame-une-image-etrange-de-macron-interroge\/","name":"D\u00e9c\u00e8s du Pape Fran\u00e7ois : Condol\u00e9ances, Soleil, et Yeux sans \u00c2me : une image \u00e9trange de Macron interroge. -","isPartOf":{"@id":"https:\/\/planetactus.com\/#website"},"primaryImageOfPage":{"@id":"https:\/\/planetactus.com\/index.php\/2025\/04\/21\/deces-du-pape-francois-condoleances-soleil-et-yeux-sans-ame-une-image-etrange-de-macron-interroge\/#primaryimage"},"image":{"@id":"https:\/\/planetactus.com\/index.php\/2025\/04\/21\/deces-du-pape-francois-condoleances-soleil-et-yeux-sans-ame-une-image-etrange-de-macron-interroge\/#primaryimage"},"thumbnailUrl":"https:\/\/mlrdeoj2ejbf.i.optimole.com\/cb:mvHM.4ca\/w:auto\/h:auto\/q:mauto\/f:best\/https:\/\/i0.wp.com\/planetactus.com\/wp-content\/uploads\/2025\/04\/Deces-du-Pape-Francois.-Condoleances-Soleil-et-Yeux-sans-Ame.-Une-image-etrange-de-Macron-interroge_Planet-Actus-IA.jpg?fit=1024%2C1536&ssl=1","datePublished":"2025-04-21T15:39:08+00:00","dateModified":"2025-06-07T17:45:13+00:00","description":"Le visage d\u2019Emmanuel Macron est \u00e9clair\u00e9 par un grand soleil lorsqu\u2019il s\u2019adresse au monde pour pr\u00e9senter ses condol\u00e9ances \u00e0 l\u2019ensemble des catholiques. Pourtant, un d\u00e9tail \u00e9trange attire l\u2019attention : ses yeux sont plong\u00e9s dans l\u2019ombre. Une obscurit\u00e9 localis\u00e9e, d\u00e9rangeante, presque symbolique.","breadcrumb":{"@id":"https:\/\/planetactus.com\/index.php\/2025\/04\/21\/deces-du-pape-francois-condoleances-soleil-et-yeux-sans-ame-une-image-etrange-de-macron-interroge\/#breadcrumb"},"inLanguage":"fr-FR","potentialAction":[{"@type":"ReadAction","target":["https:\/\/planetactus.com\/index.php\/2025\/04\/21\/deces-du-pape-francois-condoleances-soleil-et-yeux-sans-ame-une-image-etrange-de-macron-interroge\/"]}]},{"@type":"ImageObject","inLanguage":"fr-FR","@id":"https:\/\/planetactus.com\/index.php\/2025\/04\/21\/deces-du-pape-francois-condoleances-soleil-et-yeux-sans-ame-une-image-etrange-de-macron-interroge\/#primaryimage","url":"https:\/\/mlrdeoj2ejbf.i.optimole.com\/cb:mvHM.4ca\/w:auto\/h:auto\/q:mauto\/f:best\/https:\/\/i0.wp.com\/planetactus.com\/wp-content\/uploads\/2025\/04\/Deces-du-Pape-Francois.-Condoleances-Soleil-et-Yeux-sans-Ame.-Une-image-etrange-de-Macron-interroge_Planet-Actus-IA.jpg?fit=1024%2C1536&ssl=1","contentUrl":"https:\/\/mlrdeoj2ejbf.i.optimole.com\/cb:mvHM.4ca\/w:auto\/h:auto\/q:mauto\/f:best\/https:\/\/i0.wp.com\/planetactus.com\/wp-content\/uploads\/2025\/04\/Deces-du-Pape-Francois.-Condoleances-Soleil-et-Yeux-sans-Ame.-Une-image-etrange-de-Macron-interroge_Planet-Actus-IA.jpg?fit=1024%2C1536&ssl=1","width":1024,"height":1536,"caption":"D\u00e9c\u00e8s du Pape Fran\u00e7ois. Condol\u00e9ances, Soleil, et Yeux sans \u00c2me. Une image \u00e9trange de Macron interroge_Planet Actus IA"},{"@type":"BreadcrumbList","@id":"https:\/\/planetactus.com\/index.php\/2025\/04\/21\/deces-du-pape-francois-condoleances-soleil-et-yeux-sans-ame-une-image-etrange-de-macron-interroge\/#breadcrumb","itemListElement":[{"@type":"ListItem","position":1,"name":"Accueil","item":"https:\/\/planetactus.com\/"},{"@type":"ListItem","position":2,"name":"D\u00e9c\u00e8s du Pape Fran\u00e7ois : Condol\u00e9ances, Soleil, et Yeux sans \u00c2me : une image \u00e9trange de Macron interroge."}]},{"@type":"WebSite","@id":"https:\/\/planetactus.com\/#website","url":"https:\/\/planetactus.com\/","name":"PLANET ACTUS","description":"PLANET ACTUS","publisher":{"@id":"https:\/\/planetactus.com\/#\/schema\/person\/fbb75ac73a2424d2e176d31b021372a4"},"potentialAction":[{"@type":"SearchAction","target":{"@type":"EntryPoint","urlTemplate":"https:\/\/planetactus.com\/?s={search_term_string}"},"query-input":{"@type":"PropertyValueSpecification","valueRequired":true,"valueName":"search_term_string"}}],"inLanguage":"fr-FR"},{"@type":["Person","Organization"],"@id":"https:\/\/planetactus.com\/#\/schema\/person\/fbb75ac73a2424d2e176d31b021372a4","name":"planetactus.com","image":{"@type":"ImageObject","inLanguage":"fr-FR","@id":"https:\/\/mlrdeoj2ejbf.i.optimole.com\/cb:mvHM.4ca\/w:auto\/h:auto\/q:mauto\/f:best\/https:\/\/i0.wp.com\/planetactus.com\/wp-content\/uploads\/2024\/07\/cropped-2-Planet-Actus-Banniere-02a.jpg?fit=1189%2C365&ssl=1","url":"https:\/\/mlrdeoj2ejbf.i.optimole.com\/cb:mvHM.4ca\/w:auto\/h:auto\/q:mauto\/f:best\/https:\/\/i0.wp.com\/planetactus.com\/wp-content\/uploads\/2024\/07\/cropped-2-Planet-Actus-Banniere-02a.jpg?fit=1189%2C365&ssl=1","contentUrl":"https:\/\/mlrdeoj2ejbf.i.optimole.com\/cb:mvHM.4ca\/w:auto\/h:auto\/q:mauto\/f:best\/https:\/\/i0.wp.com\/planetactus.com\/wp-content\/uploads\/2024\/07\/cropped-2-Planet-Actus-Banniere-02a.jpg?fit=1189%2C365&ssl=1","width":1189,"height":365,"caption":"planetactus.com"},"logo":{"@id":"https:\/\/mlrdeoj2ejbf.i.optimole.com\/cb:mvHM.4ca\/w:auto\/h:auto\/q:mauto\/f:best\/https:\/\/i0.wp.com\/planetactus.com\/wp-content\/uploads\/2024\/07\/cropped-2-Planet-Actus-Banniere-02a.jpg?fit=1189%2C365&ssl=1"},"sameAs":["http:\/\/planetactus.com","https:\/\/www.facebook.com\/profile.php?id=61561620320740","https:\/\/x.com\/https:\/\/x.com\/PlanetActus","https:\/\/www.youtube.com\/@PlanetActus"],"url":"https:\/\/planetactus.com\/index.php\/author\/admin9861\/"}]}},"jetpack_publicize_connections":[],"jetpack_featured_media_url":"https:\/\/mlrdeoj2ejbf.i.optimole.com\/cb:mvHM.4ca\/w:auto\/h:auto\/q:mauto\/f:best\/https:\/\/i0.wp.com\/planetactus.com\/wp-content\/uploads\/2025\/04\/Deces-du-Pape-Francois.-Condoleances-Soleil-et-Yeux-sans-Ame.-Une-image-etrange-de-Macron-interroge_Planet-Actus-IA.jpg?fit=1024%2C1536&ssl=1","jetpack_sharing_enabled":true,"_links":{"self":[{"href":"https:\/\/planetactus.com\/index.php\/wp-json\/wp\/v2\/posts\/4291","targetHints":{"allow":["GET"]}}],"collection":[{"href":"https:\/\/planetactus.com\/index.php\/wp-json\/wp\/v2\/posts"}],"about":[{"href":"https:\/\/planetactus.com\/index.php\/wp-json\/wp\/v2\/types\/post"}],"author":[{"embeddable":true,"href":"https:\/\/planetactus.com\/index.php\/wp-json\/wp\/v2\/users\/1"}],"replies":[{"embeddable":true,"href":"https:\/\/planetactus.com\/index.php\/wp-json\/wp\/v2\/comments?post=4291"}],"version-history":[{"count":14,"href":"https:\/\/planetactus.com\/index.php\/wp-json\/wp\/v2\/posts\/4291\/revisions"}],"predecessor-version":[{"id":4358,"href":"https:\/\/planetactus.com\/index.php\/wp-json\/wp\/v2\/posts\/4291\/revisions\/4358"}],"wp:featuredmedia":[{"embeddable":true,"href":"https:\/\/planetactus.com\/index.php\/wp-json\/wp\/v2\/media\/4293"}],"wp:attachment":[{"href":"https:\/\/planetactus.com\/index.php\/wp-json\/wp\/v2\/media?parent=4291"}],"wp:term":[{"taxonomy":"category","embeddable":true,"href":"https:\/\/planetactus.com\/index.php\/wp-json\/wp\/v2\/categories?post=4291"},{"taxonomy":"post_tag","embeddable":true,"href":"https:\/\/planetactus.com\/index.php\/wp-json\/wp\/v2\/tags?post=4291"}],"curies":[{"name":"wp","href":"https:\/\/api.w.org\/{rel}","templated":true}]}}