{"id":4433,"date":"2025-04-29T01:17:09","date_gmt":"2025-04-28T23:17:09","guid":{"rendered":"https:\/\/planetactus.com\/?p=4433"},"modified":"2025-04-29T07:58:39","modified_gmt":"2025-04-29T05:58:39","slug":"scandale-sanitaire-lile-de-la-reunion-en-panique-chikungunya-vaccin-et-crise-de-confiance-un-deces-revele-la-face-cachee-du-vaccin-la-rue-gronde-on-nest-pas-des-cobayes","status":"publish","type":"post","link":"https:\/\/planetactus.com\/index.php\/2025\/04\/29\/scandale-sanitaire-lile-de-la-reunion-en-panique-chikungunya-vaccin-et-crise-de-confiance-un-deces-revele-la-face-cachee-du-vaccin-la-rue-gronde-on-nest-pas-des-cobayes\/","title":{"rendered":"Scandale Sanitaire. L&rsquo;\u00eele de La R\u00e9union en Panique : Chikungunya, Vaccin et Crise de Confiance. Un D\u00e9c\u00e8s R\u00e9v\u00e8le la Face Cach\u00e9e du Vaccin ! La Rue Gronde : \u00ab\u00a0On N&rsquo;est Pas des Cobayes !"},"content":{"rendered":"\n<h4 class=\"wp-block-heading\">\ud83d\udea8<mark style=\"background-color:rgba(0, 0, 0, 0)\" class=\"has-inline-color has-vivid-red-color\"> Chikungunya : Un D\u00e9c\u00e8s de Trop ! La R\u00e9union Sonn\u00e9e par le Retrait d&rsquo;Urgence du Vaccin<\/mark><\/h4>\n\n\n\n<p><strong><mark style=\"background-color:rgba(0, 0, 0, 0)\" class=\"has-inline-color has-vivid-cyan-blue-color\">Chikungunya : Une Vaccination Qui Vire au Scandale &#8211; La R\u00e9union R\u00e9clame des Comptes !<\/mark><\/strong><\/p>\n\n\n\n<h4 class=\"wp-block-heading\">\ud83e\udd9f <mark style=\"background-color:rgba(0, 0, 0, 0)\" class=\"has-inline-color has-vivid-red-color\">Vaccination Sous Tension : La R\u00e9union Brise le Silence<\/mark><\/h4>\n\n\n\n<figure class=\"wp-block-embed aligncenter is-type-video is-provider-youtube wp-block-embed-youtube wp-embed-aspect-16-9 wp-has-aspect-ratio\"><div class=\"wp-block-embed__wrapper\">\n<iframe  id=\"_ytid_75120\"  width=\"640\" height=\"360\"  data-origwidth=\"640\" data-origheight=\"360\" src=\"https:\/\/www.youtube.com\/embed\/HJRJf9sfKHM?enablejsapi=1&#038;autoplay=0&#038;cc_load_policy=0&#038;cc_lang_pref=&#038;iv_load_policy=1&#038;loop=0&#038;rel=1&#038;fs=1&#038;playsinline=0&#038;autohide=2&#038;theme=dark&#038;color=red&#038;controls=1&#038;disablekb=0&#038;\" class=\"__youtube_prefs__  epyt-is-override  no-lazyload\" title=\"YouTube player\"  allow=\"fullscreen; accelerometer; autoplay; clipboard-write; encrypted-media; gyroscope; picture-in-picture; web-share\" referrerpolicy=\"strict-origin-when-cross-origin\" allowfullscreen data-no-lazy=\"1\" data-skipgform_ajax_framebjll=\"\"><\/iframe>\n<\/div><figcaption class=\"wp-element-caption\">\u00ab\u00a0<strong>Les autorit\u00e9s ont annonc\u00e9 un d\u00e9c\u00e8s et deux autres cas graves suite au vaccin contre le chikungunya<\/strong>\u00a0\u00bb \/ <a href=\"https:\/\/www.youtube.com\/watch?v=HJRJf9sfKHM\">R\u00e9union la 1\u00e8re<\/a> \ud83d\udd17<\/figcaption><\/figure>\n\n\n\n<p><mark style=\"background-color:rgba(0, 0, 0, 0)\" class=\"has-inline-color has-vivid-red-color\">C\u2019est l\u2019explosion que personne n\u2019avait vue venir !<\/mark> Apr\u00e8s avoir mis\u00e9 tout son plan de riposte sur la vaccination, <strong>La R\u00e9union est frapp\u00e9e de plein fouet<\/strong> par <mark style=\"background-color:rgba(0, 0, 0, 0)\" class=\"has-inline-color has-vivid-red-color\">une terrible nouvelle<\/mark> : <strong>un d\u00e9c\u00e8s et deux autres effets secondaires graves<\/strong> ont forc\u00e9 les autorit\u00e9s \u00e0 <strong>retirer imm\u00e9diatement le vaccin IXCHIQ<\/strong> pour les plus de 65 ans.<\/p>\n\n\n\n<figure class=\"wp-block-embed aligncenter is-type-video is-provider-youtube wp-block-embed-youtube wp-embed-aspect-16-9 wp-has-aspect-ratio\"><div class=\"wp-block-embed__wrapper\">\n<iframe  id=\"_ytid_41958\"  width=\"640\" height=\"360\"  data-origwidth=\"640\" data-origheight=\"360\" src=\"https:\/\/www.youtube.com\/embed\/IxOWaAndD8U?enablejsapi=1&#038;autoplay=0&#038;cc_load_policy=0&#038;cc_lang_pref=&#038;iv_load_policy=1&#038;loop=0&#038;rel=1&#038;fs=1&#038;playsinline=0&#038;autohide=2&#038;theme=dark&#038;color=red&#038;controls=1&#038;disablekb=0&#038;\" class=\"__youtube_prefs__  epyt-is-override  no-lazyload\" title=\"YouTube player\"  allow=\"fullscreen; accelerometer; autoplay; clipboard-write; encrypted-media; gyroscope; picture-in-picture; web-share\" referrerpolicy=\"strict-origin-when-cross-origin\" allowfullscreen data-no-lazy=\"1\" data-skipgform_ajax_framebjll=\"\"><\/iframe>\n<\/div><figcaption class=\"wp-element-caption\">Chikungunya : \u201c<strong>nous avons achet\u00e9 toutes les doses de vaccin<\/strong>\u201c annonce le ministre de la sant\u00e9 \/ <a href=\"https:\/\/youtu.be\/IxOWaAndD8U\">IMAZ PRESS R\u00e9union<\/a> \ud83d\udd17<\/figcaption><\/figure>\n\n\n\n<p>\u00ab<strong>Les autorit\u00e9s sanitaires retirent les personnes de 65 ans et plus des cibles de la campagne<\/strong>\u00bb, a confirm\u00e9 le minist\u00e8re de la Sant\u00e9 dans un communiqu\u00e9 gla\u00e7ant (<a class=\"\" href=\"https:\/\/sante.gouv.fr\/actualites\/presse\/communiques-de-presse\/article\/les-autorites-sanitaires-retirent-les-personnes-de-65-ans-et-plus-des-cibles-de\">source<\/a>) \ud83d\udd17 : [Sant\u00e9 Gouv.fr]<\/p>\n\n\n\n<p><strong>Un s\u00e9isme sanitaire qui \u00e9branle la confiance de toute une \u00eele d\u00e9j\u00e0 sous tension face \u00e0 une \u00e9pid\u00e9mie galopante.<\/strong><\/p>\n\n\n\n<h4 class=\"wp-block-heading\">\u26a1 <mark style=\"background-color:rgba(0, 0, 0, 0)\" class=\"has-inline-color has-vivid-red-color\">Un Mort, Trois Effets Graves : La R\u00e9alit\u00e9 Frappe Fort<\/mark><\/h4>\n\n\n\n<p>Le choc est d\u2019autant plus brutal que la campagne visait avant tout \u00e0 prot\u00e9ger les plus vuln\u00e9rables.<br>Mais <strong>l\u2019irr\u00e9parable s\u2019est produit<\/strong> : un octog\u00e9naire est mort peu apr\u00e8s avoir \u00e9t\u00e9 vaccin\u00e9.<br>\u00ab <strong>La vaccination a \u00e9t\u00e9 suspendue \u00e0 la suite de trois \u00e9v\u00e9nements ind\u00e9sirables graves, dont un d\u00e9c\u00e8s<\/strong> \u00bb, r\u00e9v\u00e8le <em>Le Monde<\/em> (<a class=\"\" href=\"https:\/\/www.lemonde.fr\/planete\/article\/2025\/04\/26\/chikungunya-la-vaccination-des-plus-de-65-ans-retiree-a-la-reunion-et-a-mayotte_6600254_3244.html\">source<\/a>) \ud83d\udd17<\/p>\n\n\n\n<p>Le <a href=\"https:\/\/investir.lesechos.fr\/actu-des-valeurs\/la-vie-des-actions\/valneva-plonge-en-bourse-apres-la-suspension-de-son-vaccin-contre-le-chikungunya-chez-les-seniors-2162194\">laboratoire Valneva<\/a> \ud83d\udd17, qui fabrique IXCHIQ, a tent\u00e9 de calmer la temp\u00eate : \u00ab <strong>La s\u00e9curit\u00e9 des patients est notre priorit\u00e9 absolue<\/strong> \u00bb, assure-t-il dans un communiqu\u00e9 de crise (<a class=\"\" href=\"https:\/\/valneva.com\/press-release\/valneva-provides-update-on-recommendation-for-use-of-its-chikungunya-vaccine-by-french-authorities\/?lang=fr\">source<\/a>) \ud83d\udd17 : [Valnea]. <strong>Mais le doute est l\u00e0<\/strong>. <mark style=\"background-color:rgba(0, 0, 0, 0)\" class=\"has-inline-color has-vivid-red-color\">Et il grandit.<\/mark><\/p>\n\n\n\n<figure class=\"wp-block-embed aligncenter is-type-video is-provider-youtube wp-block-embed-youtube wp-embed-aspect-16-9 wp-has-aspect-ratio\"><div class=\"wp-block-embed__wrapper\">\n<iframe  id=\"_ytid_94435\"  width=\"640\" height=\"360\"  data-origwidth=\"640\" data-origheight=\"360\" src=\"https:\/\/www.youtube.com\/embed\/3043liO1cuM?enablejsapi=1&#038;autoplay=0&#038;cc_load_policy=0&#038;cc_lang_pref=&#038;iv_load_policy=1&#038;loop=0&#038;rel=1&#038;fs=1&#038;playsinline=0&#038;autohide=2&#038;theme=dark&#038;color=red&#038;controls=1&#038;disablekb=0&#038;\" class=\"__youtube_prefs__  epyt-is-override  no-lazyload\" title=\"YouTube player\"  allow=\"fullscreen; accelerometer; autoplay; clipboard-write; encrypted-media; gyroscope; picture-in-picture; web-share\" referrerpolicy=\"strict-origin-when-cross-origin\" allowfullscreen data-no-lazy=\"1\" data-skipgform_ajax_framebjll=\"\"><\/iframe>\n<\/div><figcaption class=\"wp-element-caption\"><a href=\"http:\/\/mosquito program\">Mosquito Program<\/a> \ud83d\udd17 : <strong>Les moustiques peuvent-ils sauver le monde ? <\/strong>\/ <a href=\"https:\/\/www.youtube.com\/watch?v=3043liO1cuM\">RAZOR Science Show<\/a> \ud83d\udd17<br><br><\/figcaption><\/figure>\n\n\n\n<h4 class=\"wp-block-heading\">\ud83d\udd25 <mark style=\"background-color:rgba(0, 0, 0, 0)\" class=\"has-inline-color has-vivid-red-color\">La Rue Gronde : \u00ab\u00a0On N&rsquo;est Pas des Cobayes !\u00a0\u00bb<\/mark><\/h4>\n\n\n\n<p><\/p>\n\n\n\n<p>\u00c0 La R\u00e9union, <strong>la col\u00e8re monte<\/strong>. Dans une d\u00e9claration sans d\u00e9tour, <strong>le PLR d\u00e9nonce<\/strong> : \u00ab <strong>Les R\u00e9unionnais ne doivent pas \u00eatre des sujets d\u2019exp\u00e9rimentation<\/strong> \u00bb (<a class=\"\" href=\"https:\/\/www.zinfos974.com\/communiquevaccin-contre-le-chikungunya-les-reunionnais-ne-sont-pas-des-sujets-dexperimentation\/\">source<\/a>) \ud83d\udd17<\/p>\n\n\n\n<p>\ud83d\udce3<mark style=\"background-color:rgba(0, 0, 0, 0)\" class=\"has-inline-color has-vivid-red-color\">[Communiqu\u00e9]Vaccin contre le chikungunya : \u00a0\u00bb Les R\u00e9unionnais ne sont pas des sujets d&rsquo;exp\u00e9rimentation\u00a0\u00bb<\/mark><\/p>\n\n\n<div class=\"wp-block-image\">\n<figure class=\"aligncenter size-large\"><img data-opt-id=825808280  fetchpriority=\"high\" data-recalc-dims=\"1\" decoding=\"async\" width=\"640\" height=\"360\" src=\"https:\/\/mlrdeoj2ejbf.i.optimole.com\/cb:mvHM.4ca\/w:1024\/h:576\/q:mauto\/f:best\/https:\/\/i0.wp.com\/planetactus.com\/wp-content\/uploads\/2025\/04\/zinfos974-impossibilite-de-loger-les-femmes-violentees-pendant-le-grand-raid-letonnante-reponse-de-la-prefecture-evelyne-corbiere-ufr_1280x720.webp?resize=640%2C360&#038;ssl=1\" alt=\"\" class=\"wp-image-4436\" srcset=\"https:\/\/mlrdeoj2ejbf.i.optimole.com\/cb:mvHM.4ca\/w:1024\/h:4000\/q:mauto\/f:best\/https:\/\/planetactus.com\/wp-content\/uploads\/2025\/04\/zinfos974-impossibilite-de-loger-les-femmes-violentees-pendant-le-grand-raid-letonnante-reponse-de-la-prefecture-evelyne-corbiere-ufr_1280x720.webp 1024w, https:\/\/mlrdeoj2ejbf.i.optimole.com\/cb:mvHM.4ca\/w:300\/h:4000\/q:mauto\/f:best\/https:\/\/planetactus.com\/wp-content\/uploads\/2025\/04\/zinfos974-impossibilite-de-loger-les-femmes-violentees-pendant-le-grand-raid-letonnante-reponse-de-la-prefecture-evelyne-corbiere-ufr_1280x720.webp 300w, https:\/\/mlrdeoj2ejbf.i.optimole.com\/cb:mvHM.4ca\/w:768\/h:4000\/q:mauto\/f:best\/https:\/\/planetactus.com\/wp-content\/uploads\/2025\/04\/zinfos974-impossibilite-de-loger-les-femmes-violentees-pendant-le-grand-raid-letonnante-reponse-de-la-prefecture-evelyne-corbiere-ufr_1280x720.webp 768w, https:\/\/mlrdeoj2ejbf.i.optimole.com\/cb:mvHM.4ca\/w:1280\/h:720\/q:mauto\/f:best\/https:\/\/planetactus.com\/wp-content\/uploads\/2025\/04\/zinfos974-impossibilite-de-loger-les-femmes-violentees-pendant-le-grand-raid-letonnante-reponse-de-la-prefecture-evelyne-corbiere-ufr_1280x720.webp 1280w\" sizes=\"(max-width: 640px) 100vw, 640px\" \/><figcaption class=\"wp-element-caption\">Illustration image [Communiqu\u00e9]Vaccin contre le chikungunya : \u00a0\u00bb <strong>Les R\u00e9unionnais ne sont pas des sujets d&rsquo;exp\u00e9rimentation<\/strong>\u00a0\u00bb \/ <a href=\"https:\/\/www.zinfos974.com\/communiquevaccin-contre-le-chikungunya-les-reunionnais-ne-sont-pas-des-sujets-dexperimentation\/\">zinfos974<\/a> \ud83d\udd17<\/figcaption><\/figure>\n<\/div>\n\n\n<p><strong>Les r\u00e9actions continuent de pleuvoir<\/strong> apr\u00e8s l&rsquo;annonce d&rsquo;une personne d\u00e9c\u00e9d\u00e9e des suites du vaccin contre le chikungunya. Pour la s\u00e9natrice Evelyne Corbi\u00e8re Naminzo, <strong>les moyens suffisants pour lutter contre l&rsquo;\u00e9pid\u00e9mie n&rsquo;ont pas \u00e9t\u00e9 mis en \u0153uvre<\/strong>. Son communiqu\u00e9 :<\/p>\n\n\n\n<p><mark style=\"background-color:rgba(0, 0, 0, 0)\" class=\"has-inline-color has-vivid-red-color\">La R\u00e9union est encore une fois victime de l\u2019incons\u00e9quence de l\u2019\u00c9tat<\/mark>. Ni l\u2019\u00c9tat ni les autorit\u00e9s sanitaires n\u2019ont tir\u00e9 de le\u00e7on de la derni\u00e8re \u00e9pid\u00e9mie qui a frapp\u00e9 notre \u00eele il y a 20 ans.<\/p>\n\n\n\n<p><strong>C\u2019est un constat unanime<\/strong>&nbsp;: <mark style=\"background-color:rgba(0, 0, 0, 0)\" class=\"has-inline-color has-vivid-red-color\">l\u2019\u00e9pid\u00e9mie de chikungunya n\u2019a \u00e9mu personne \u00e0 Paris<\/mark>. Entre les ministres qui font mine de d\u00e9couvrir la gravit\u00e9 de cette maladie et de ses cons\u00e9quences, et l\u2019indiff\u00e9rence avec laquelle nos alertes ont \u00e9t\u00e9 accueillies, <strong>nous sommes submerg\u00e9s par la col\u00e8re et l\u2019indignation.<\/strong><\/p>\n\n\n\n<p>Je rappelle qu\u2019une \u00e9pid\u00e9mie de chikungunya est grave. <strong>Les gens d\u00e9c\u00e8dent<\/strong>&nbsp;: <mark style=\"background-color:rgba(0, 0, 0, 0)\" class=\"has-inline-color has-vivid-red-color\">nourrissons<\/mark>, <mark style=\"background-color:rgba(0, 0, 0, 0)\" class=\"has-inline-color has-vivid-red-color\">adultes<\/mark>, <mark style=\"background-color:rgba(0, 0, 0, 0)\" class=\"has-inline-color has-vivid-red-color\">personnes \u00e2g\u00e9es<\/mark>.<\/p>\n\n\n\n<p>La Haute autorit\u00e9 de sant\u00e9 a retir\u00e9 les 65 ans et plus du programme de vaccination. En effet, le vaccin a provoqu\u00e9 des formes graves de la maladie chez trois personnes, provoquant un d\u00e9c\u00e8s. <strong>Cette d\u00e9cision interroge sur le s\u00e9rieux avec lequel la sant\u00e9 des R\u00e9unionnais et des R\u00e9unionnaises est envisag\u00e9e.<\/strong><\/p>\n\n\n\n<p><br><strong>Comment la dangerosit\u00e9 du vaccin n\u2019a-t-elle pas \u00e9t\u00e9 mieux \u00e9valu\u00e9e\u202f?<\/strong> <mark style=\"background-color:rgba(0, 0, 0, 0)\" class=\"has-inline-color has-vivid-red-color\">Les R\u00e9unionnais ne sont pas des sujets d\u2019exp\u00e9rimentation. C\u2019est un v\u00e9ritable scandale qui se d\u00e9roule sous nos yeux<\/mark>. <strong>Cet \u00e9v\u00e9nement provoquera encore plus de d\u00e9fiance au sein de la population, vis-\u00e0-vis de ce vaccin.<\/strong> Cette annonce signifie \u00e9galement que le vaccin ne peut \u00eatre propos\u00e9 que lorsqu\u2019il n\u2019est pas rembours\u00e9\u202f!<\/p>\n\n\n\n<p><strong>Pendant ce temps, nos familles souffrent. Rien n\u2019est fait pour intervenir contre les ruptures de stock de produits r\u00e9pulsifs, ni le contr\u00f4le de leurs prix<\/strong>. Les travailleurs peinent \u00e0 se rendre au travail, toujours plus accabl\u00e9s par <mark style=\"background-color:rgba(0, 0, 0, 0)\" class=\"has-inline-color has-vivid-red-color\">les mesures budg\u00e9taires de la derni\u00e8re loi de finance sanctionnant les agents en arr\u00eat maladie<\/mark>. L\u2019impact \u00e9conomique de cette \u00e9pid\u00e9mie se fait d\u00e9j\u00e0 ressentir, alors m\u00eame que nos entreprises <strong>peinent <\/strong>\u00e0 <a href=\"https:\/\/planetactus.com\/index.php\/2025\/03\/04\/cyclone-garance-a-la-reunion-reclamer-votre-indemnisation-etape-par-etape-le-guide-des-demarches-pour-recuperer-vos-pertes-et-se-reconstruire\/\">se relever du cyclone Garance<\/a> \ud83d\udd17<\/p>\n\n\n\n<figure class=\"wp-block-embed is-type-wp-embed is-provider-contenu-embarqu wp-block-embed-contenu-embarqu\"><div class=\"wp-block-embed__wrapper\">\n<blockquote class=\"wp-embedded-content\" data-secret=\"oGHMhwT8Ii\"><a href=\"https:\/\/planetactus.com\/index.php\/2025\/03\/04\/cyclone-garance-a-la-reunion-reclamer-votre-indemnisation-etape-par-etape-le-guide-des-demarches-pour-recuperer-vos-pertes-et-se-reconstruire\/\">Cyclone Garance \u00e0 La R\u00e9union : r\u00e9clamez votre indemnisation, \u00e9tape par \u00e9tape. Le guide des d\u00e9marches pour r\u00e9cup\u00e9rer vos pertes et vous reconstruire.<\/a><\/blockquote><iframe class=\"wp-embedded-content\" sandbox=\"allow-scripts\" security=\"restricted\" style=\"position: absolute; visibility: hidden;\" title=\"\u00ab\u00a0Cyclone Garance \u00e0 La R\u00e9union : r\u00e9clamez votre indemnisation, \u00e9tape par \u00e9tape. Le guide des d\u00e9marches pour r\u00e9cup\u00e9rer vos pertes et vous reconstruire.\u00a0\u00bb &#8212; \" src=\"https:\/\/planetactus.com\/index.php\/2025\/03\/04\/cyclone-garance-a-la-reunion-reclamer-votre-indemnisation-etape-par-etape-le-guide-des-demarches-pour-recuperer-vos-pertes-et-se-reconstruire\/embed\/#?secret=rrNvO3YUWU#?secret=oGHMhwT8Ii\" data-secret=\"oGHMhwT8Ii\" width=\"600\" height=\"338\" frameborder=\"0\" marginwidth=\"0\" marginheight=\"0\" scrolling=\"no\"><\/iframe>\n<\/div><\/figure>\n\n\n\n<div style=\"text-align: center;\">\n  <iframe src=\"https:\/\/www.facebook.com\/plugins\/video.php?height=476&#038;href=https%3A%2F%2Fwww.facebook.com%2FDepute.Ratenon%2Fvideos%2F1518052935669710%2F&#038;show_text=true&#038;width=260&#038;t=0\" \n    width=\"260\" \n    height=\"591\" \n    style=\"border:none;overflow:hidden\" \n    scrolling=\"no\" \n    frameborder=\"0\" \n    allowfullscreen=\"true\" \n    allow=\"autoplay; clipboard-write; encrypted-media; picture-in-picture; web-share\">\n  <\/iframe>\n<\/div>\n\n\n\n<p><strong>Les moyens d\u2019action efficaces contre le chikungunya sont connus<\/strong>&nbsp;: c\u2019est la <strong>pr\u00e9vention<\/strong>, l\u2019<strong>information <\/strong>et la <strong>lutte syst\u00e9matique contre les gites larvaires<\/strong>. <mark style=\"background-color:rgba(0, 0, 0, 0)\" class=\"has-inline-color has-vivid-red-color\">Lire la suite sur<\/mark> [<a href=\"https:\/\/www.zinfos974.com\/communiquevaccin-contre-le-chikungunya-les-reunionnais-ne-sont-pas-des-sujets-dexperimentation\/\">Zinfos 974<\/a>] \ud83d\udd17<\/p>\n\n\n\n<p>De son c\u00f4t\u00e9, <strong>la s\u00e9natrice Audrey B\u00e9lim exige des comptes<\/strong> : \u00ab <strong>Une commission d&rsquo;enqu\u00eate est indispensable pour faire toute la lumi\u00e8re<\/strong> \u00bb <\/p>\n\n\n<div class=\"wp-block-image\">\n<figure class=\"aligncenter size-full\"><a href=\"https:\/\/www.linfo.re\/la-reunion\/societe\/chikungunya-audrey-belim-reclame-une-commission-d-enquete-apres-le-retrait-des-personnes-de-plus-de-65-ans-de-la-campagne-de-vaccination\"><img data-opt-id=1062231022  fetchpriority=\"high\" data-recalc-dims=\"1\" decoding=\"async\" width=\"620\" height=\"350\" src=\"https:\/\/mlrdeoj2ejbf.i.optimole.com\/cb:mvHM.4ca\/w:auto\/h:auto\/q:mauto\/f:best\/https:\/\/i0.wp.com\/planetactus.com\/wp-content\/uploads\/2025\/04\/whatsapp_image_2025-04-26_at_15.45.44.jpg?resize=620%2C350&#038;ssl=1\" alt=\"\" class=\"wp-image-4438\" srcset=\"https:\/\/mlrdeoj2ejbf.i.optimole.com\/cb:mvHM.4ca\/w:620\/h:350\/q:mauto\/f:best\/https:\/\/planetactus.com\/wp-content\/uploads\/2025\/04\/whatsapp_image_2025-04-26_at_15.45.44.jpg 620w, https:\/\/mlrdeoj2ejbf.i.optimole.com\/cb:mvHM.4ca\/w:300\/h:4000\/q:mauto\/f:best\/https:\/\/planetactus.com\/wp-content\/uploads\/2025\/04\/whatsapp_image_2025-04-26_at_15.45.44.jpg 300w\" sizes=\"(max-width: 620px) 100vw, 620px\" \/><\/a><figcaption class=\"wp-element-caption\">Illustration image \/ L&rsquo;info Re : \u00a0\u00bb <a href=\"https:\/\/www.linfo.re\/la-reunion\/societe\/chikungunya-audrey-belim-reclame-une-commission-d-enquete-apres-le-retrait-des-personnes-de-plus-de-65-ans-de-la-campagne-de-vaccination\">Chikungunya&nbsp;: Audrey B\u00e9lim r\u00e9clame une commission d\u2019enqu\u00eate apr\u00e8s le retrait des personnes de plus de 65 ans de la campagne de vaccination<\/a> \u00a0\u00bb \ud83d\udd17<\/figcaption><\/figure>\n<\/div>\n\n\n<p>Ce samedi 26 avril, <strong>les autorit\u00e9s sanitaires ont annonc\u00e9 l\u2019exclusion des personnes de 65 ans des cibles de la campagne de vaccination contre le chikungunya avec le vaccin IXCHIQ \u00e0 La R\u00e9union et \u00e0 Mayotte<\/strong>. Trois \u00e9v\u00e9nements \u00ab\u00a0<strong>ind\u00e9sirables graves<\/strong>\u00a0\u00bb dont un <strong>d\u00e9c\u00e8s<\/strong>, <mark style=\"background-color:rgba(0, 0, 0, 0)\" class=\"has-inline-color has-vivid-red-color\">sont \u00e0 d\u00e9plorer<\/mark>. Suite \u00e0 cette annonce, la s\u00e9natrice Audrey Belim demande une commission d\u2019enqu\u00eate parlementaire pour \u00ab\u00a0faire la lumi\u00e8re sur les raisons de la grave erreur\u00a0\u00bb.<\/p>\n\n\n\n<h4 class=\"wp-block-heading\">Voici le communiqu\u00e9&nbsp;:&nbsp;<\/h4>\n\n\n\n<p>Apr\u00e8s un d\u00e9c\u00e8s et deux autres \u00e9v\u00e9nements qualifi\u00e9s de \u00ab&nbsp;graves&nbsp;\u00bb annonc\u00e9s aujourd\u2019hui, les autorit\u00e9s viennent de retirer les plus de 65 ans de la campagne de vaccination contre le chikungunya.&nbsp;<\/p>\n\n\n\n<p><strong>Je pr\u00e9sente tout d\u2019abord mes condol\u00e9ances \u00e0 la famille de la victime. Leur douleur est la n\u00f4tre et celle de toute La R\u00e9union.<\/strong><\/p>\n\n\n\n<p><mark style=\"background-color:rgba(0, 0, 0, 0)\" class=\"has-inline-color has-vivid-red-color\">C\u2019est une situation particuli\u00e8rement grave qui se pr\u00e9sente \u00e0 nous aujourd\u2019hui.&nbsp;<\/mark><\/p>\n\n\n\n<p><strong>Le fait que le vaccin ait pu causer un d\u00e9c\u00e8s pose de lourdes questions<\/strong>&nbsp;: comment cela est-il possible <mark style=\"background-color:rgba(0, 0, 0, 0)\" class=\"has-inline-color has-vivid-red-color\">alors que la Haute Autorit\u00e9 de Sant\u00e9<\/mark>, dans son avis du 5 mars dernier, \u00ab&nbsp;r<strong>ecommandait de vacciner en priorit\u00e9 les personnes \u00e2g\u00e9es de 65 ans et plus, notamment celles pr\u00e9sentant des comorbidit\u00e9s, puis les adultes de 18 ans et plus pr\u00e9sentant des comorbidit\u00e9s ainsi que les agents de la lutte antivectorielle&nbsp;<\/strong>\u00bb&nbsp;? <strong>Comment ces effets ind\u00e9sirables extr\u00eamement graves n\u2019ont pas \u00e9t\u00e9 per\u00e7us par la Haute Autorit\u00e9 de Sant\u00e9 pour les plus de 65 ans&nbsp;? Quelles sont ces cons\u00e9quences&nbsp;? Que faut-il faire maintenant&nbsp;? Les R\u00e9unionnais de plus de 65 ans d\u00e9j\u00e0 vaccin\u00e9s se posent sans doute ces questions et les autorit\u00e9s sanitaires doivent y r\u00e9pondre.&nbsp;<\/strong><\/p>\n\n\n\n<p><mark style=\"background-color:rgba(0, 0, 0, 0)\" class=\"has-inline-color has-vivid-red-color\">Les autres publics pour lesquels le vaccin a \u00e9t\u00e9 recommand\u00e9 doivent-ils s\u2019inqui\u00e9ter&nbsp;?<\/mark> Les autorit\u00e9s sanitaires doivent donner toutes les informations le plus rapidement possible.&nbsp;<\/p>\n\n\n\n<p>Face \u00e0 toutes ces questions, <span style=\"text-decoration: underline;\">je demande une commission d\u2019enqu\u00eate parlementaire<\/span>. Elle permettra de faire la lumi\u00e8re sur les raisons de la grave erreur portant sur la vaccination des plus de 65 ans. Elle devra aussi <mark style=\"background-color:rgba(0, 0, 0, 0)\" class=\"has-inline-color has-vivid-red-color\">faire la lumi\u00e8re sur la suite de d\u00e9faillances de l\u2019Agence R\u00e9gionale de Sant\u00e9<\/mark> qui affirme que tout est sous contr\u00f4le \u00e0 La R\u00e9union depuis le d\u00e9but de cette \u00e9pid\u00e9mie que nous l\u2019avons pourtant vue enfler puis exploser dans notre \u00eele.&nbsp;<mark style=\"background-color:rgba(0, 0, 0, 0)\" class=\"has-inline-color has-vivid-red-color\">Lire la suite sur <\/mark>[<a href=\"https:\/\/www.linfo.re\/la-reunion\/societe\/chikungunya-audrey-belim-reclame-une-commission-d-enquete-apres-le-retrait-des-personnes-de-plus-de-65-ans-de-la-campagne-de-vaccination\">L&rsquo;info Re<\/a>] \ud83d\udd17<\/p>\n\n\n\n<p>L\u2019affaire prend une <mark style=\"background-color:rgba(0, 0, 0, 0)\" class=\"has-inline-color has-vivid-red-color\">tournure politique explosive<\/mark> alors que <strong>des milliers de R\u00e9unionnais restent expos\u00e9s<\/strong> \u00e0 la flamb\u00e9e du virus. Selon l\u2019OMS, \u00ab <strong>l\u2019\u00e9pid\u00e9mie de chikungunya continue sa progression rapide sur l\u2019\u00eele<\/strong> \u00bb (<a class=\"\" href=\"https:\/\/www.centre-val-de-loire.ars.sante.fr\/epidemie-de-chikungunya-la-reunion-recommandations-aux-voyageurs\">so<\/a><a href=\"https:\/\/www.google.com\/search?client=firefox-b-d&amp;sca_esv=e4a858093e482516&amp;sxsrf=AHTn8zpuBUeyMMY4HvZyUN4BUd4y6zyuVQ:1745761607072&amp;q=Selon+l%27OMS,+%C2%AB+l%27%C3%A9pid%C3%A9mie+de+chikungunya+continue+sa+progression+rapide+sur+l%E2%80%99%C3%AEle&amp;spell=1&amp;sa=X&amp;ved=2ahUKEwjgys7jrPiMAxWeRKQEHUhMD_kQBSgAegQIDBAB&amp;biw=1536&amp;bih=703&amp;dpr=1.25\">urce<\/a>) \ud83d\udd17 : Google Search<\/p>\n\n\n\n<p>\u270d\ufe0f <strong><mark style=\"background-color:rgba(0, 0, 0, 0)\" class=\"has-inline-color has-vivid-red-color\">Faut-il suspendre la campagne de vaccination contre le chikungunya \u00e0 La R\u00e9union et \u00e0 Mayotte ?<\/mark><\/strong><\/p>\n\n\n\n<p>La vaccination des plus de 65 ans a \u00e9t\u00e9 suspendue ce week-end, <strong>apr\u00e8s plusieurs effets secondaires graves, dont un d\u00e9c\u00e8s<\/strong>. Elle est maintenue pour les 18-64 ans, malgr\u00e9 des voix s\u2019exprimant pour la suspension totale. Explications.<\/p>\n\n\n\n<p>Samedi 26 avril, le minist\u00e8re de la Sant\u00e9 a retir\u00e9 les personnes de plus de 65&nbsp;ans de la campagne de vaccination contre le chikungunya, en cours \u00e0 La R\u00e9union et \u00e0 Mayotte. Mais a maintenue les personnes \u00e2g\u00e9es de 18 \u00e0 64 ans pr\u00e9sentant des risques de comorbidit\u00e9s, l\u2019autre cible de la campagne vaccinale contre le virus transmis par les moustiques.<\/p>\n\n\n\n<p>Entre le mercredi&nbsp;23 et le vendredi 25&nbsp;avril, l\u2019Agence de s\u00e9curit\u00e9 du m\u00e9dicament, qui assure la surveillance des effets secondaires, avait \u00e9t\u00e9 alert\u00e9e de trois <strong>\u00ab\u00e9v\u00e8nements ind\u00e9sirables graves&nbsp;\u00bb,<\/strong> dont un d\u00e9c\u00e8s. La Haute autorit\u00e9 de sant\u00e9 avait \u00e9t\u00e9 saisie en urgence d\u00e8s le jeudi par la Direction g\u00e9n\u00e9rale de la sant\u00e9&nbsp;et<a href=\"https:\/\/www.has-sante.fr\/jcms\/p_3594168\/fr\/epidemie-de-chikungunya-quelle-strategie-vaccinale-a-la-reunion-et-a-mayotte\"> s\u2019est prononc\u00e9e vendredi soir en faveur<\/a> <strong><a href=\"https:\/\/www.has-sante.fr\/jcms\/p_3594168\/fr\/epidemie-de-chikungunya-quelle-strategie-vaccinale-a-la-reunion-et-a-mayotte\">\u00ab&nbsp;d\u2019une r\u00e9vision des cibles de vaccination\u00bb.<\/a><\/strong> Trois autre cas, deux \u00e0 La R\u00e9union et un en m\u00e9tropole (une personne s\u2019\u00e9tant fait vacciner avant un voyage) sont en cours d\u2019investigation.<\/p>\n\n\n\n<p>Cinq cas graves, \u00e9galement chez des personnes de plus de 65&nbsp;ans, avaient \u00e9t\u00e9 signal\u00e9s la semaine pr\u00e9c\u00e9dente aux \u00c9tats-Unis.<\/p>\n\n\n\n<h4 class=\"wp-block-heading\" id=\"section-5-pas-de-suspension-generale\">Pas de suspension g\u00e9n\u00e9rale<\/h4>\n\n\n\n<p>Face \u00e0 ces signaux inqui\u00e9tants, <strong>des voix se sont \u00e9lev\u00e9es ce week-end pour demander une suspension totale de la campagne de vaccination, qui avait d\u00e9j\u00e0 du mal \u00e0 d\u00e9coller<\/strong>. Des <mark style=\"background-color:rgba(0, 0, 0, 0)\" class=\"has-inline-color has-vivid-red-color\">m\u00e9decins <\/mark>et <mark style=\"background-color:rgba(0, 0, 0, 0)\" class=\"has-inline-color has-vivid-red-color\">pharmaciens <\/mark>sur place, mais aussi&nbsp;le <mark style=\"background-color:rgba(0, 0, 0, 0)\" class=\"has-inline-color has-vivid-red-color\">pr\u00e9sident de la F\u00e9d\u00e9ration des syndicats pharmaceutiques de France<\/mark>, Philippe Besset. Il appelait samedi \u00e0 <strong>\u00absuspendre totalement\u00bb<\/strong> la vaccination, <strong>\u00able temps de l\u2019investigation\u00bb<\/strong>.<\/p>\n\n\n\n<p>\u00c0 la veille de <a href=\"https:\/\/www.santepubliquefrance.fr\/determinants-de-sante\/vaccination\/articles\/semaine-europeenne-de-la-vaccination\" target=\"_blank\" rel=\"noreferrer noopener\"><mark style=\"background-color:rgba(0, 0, 0, 0)\" class=\"has-inline-color has-vivid-red-color\">la semaine europ\u00e9enne de la vaccination<\/mark><\/a> \ud83d\udd17, <strong>l\u2019alerte sur le vaccin pourrait faire d\u00e9sordre<\/strong>. Elle t\u00e9moigne au contraire de la r\u00e9activit\u00e9 et de la qualit\u00e9 de la pharmacovigilance, r\u00e9pondent les autorit\u00e9s sanitaires. <mark style=\"background-color:rgba(0, 0, 0, 0)\" class=\"has-inline-color has-vivid-red-color\">Lire l&rsquo;article complet sur<\/mark> [<a href=\"https:\/\/www.ouest-france.fr\/sante\/vaccin\/faut-il-suspendre-la-campagne-de-vaccination-contre-le-chikungunya-a-la-reunion-et-a-mayotte-03d12704-2435-11f0-a188-e932bd8916b7\">Ouest-France<\/a>].<\/p>\n\n\n\n<h4 class=\"wp-block-heading\">\ud83d\udca5<mark style=\"background-color:rgba(0, 0, 0, 0)\" class=\"has-inline-color has-vivid-red-color\"> Entre Peur et Virus : La R\u00e9union au Bord de la Rupture<\/mark><\/h4>\n\n\n\n<p><mark style=\"background-color:rgba(0, 0, 0, 0)\" class=\"has-inline-color has-vivid-red-color\">\u00c0 La R\u00e9union<\/mark>, <strong>le virus n&rsquo;attend pas<\/strong>.<br><\/p>\n\n\n\n<p>Mais apr\u00e8s ce drame, <strong>la peur du vaccin rivalise avec la peur du chikungunya lui-m\u00eame<\/strong>. <strong>Qui croire ? \u00c0 qui faire confiance ?<\/strong><\/p>\n\n\n\n<p>Face \u00e0 un dilemme tragique, <strong>les autorit\u00e9s tentent de gagner du temps<\/strong>. Pendant ce temps, <strong>les R\u00e9unionnais, eux, comptent leurs morts et leurs malades<\/strong>.<\/p>\n\n\n\n<h4 class=\"wp-block-heading\">\ud83d\uded1 <mark style=\"background-color:rgba(0, 0, 0, 0)\" class=\"has-inline-color has-vivid-red-color\">Transparence ou Chaos<\/mark><\/h4>\n\n\n\n<p>Le scandale du vaccin IXCHIQ est <strong>une bombe sanitaire<\/strong> qui r\u00e9v\u00e8le au grand jour <strong>les failles d&rsquo;une gestion de crise pr\u00e9cipit\u00e9e<\/strong>.<br><\/p>\n\n\n\n<p>Prot\u00e9ger la population \u00e0 tout prix, oui&#8230; mais <strong>pas au prix de la vie des plus fragiles<\/strong>.<\/p>\n\n\n\n<p>D\u00e9sormais, <strong>l\u2019\u00eele attend des r\u00e9ponses claires<\/strong>, des explications honn\u00eates et surtout <strong>des solutions s\u00fbres<\/strong>. Car <strong>chaque jour d\u2019incertitude peut co\u00fbter d\u2019autres vies<\/strong>.<\/p>\n\n\n\n<p>La R\u00e9union, en plein c\u0153ur de la temp\u00eate, nous envoie un message clair : \ud83d\udc49 <strong>La sant\u00e9 publique n\u2019admet aucune zone d\u2019ombre.<\/strong><\/p>\n\n\n\n<h4 class=\"wp-block-heading\"><mark style=\"background-color:rgba(0, 0, 0, 0)\" class=\"has-inline-color has-vivid-red-color\">\ud83e\udde8 Conclusion : Un Signal d&rsquo;Alerte Pour Toute la France<\/mark><\/h4>\n\n\n\n<p>Ce retrait brutal du vaccin IXCHIQ pour les plus de 65 ans \u00e0 La R\u00e9union <strong>n&rsquo;est pas qu&rsquo;un accident isol\u00e9<\/strong>. C&rsquo;est <strong>un signal d&rsquo;alarme<\/strong> sur la mani\u00e8re dont sont \u00e9valu\u00e9es, d\u00e9ploy\u00e9es et surveill\u00e9es les campagnes de vaccination en p\u00e9riode d&rsquo;urgence.<\/p>\n\n\n\n<p><strong>Prudence, transparence et r\u00e9\u00e9valuation constante<\/strong> doivent redevenir les ma\u00eetres mots pour pr\u00e9server <strong>la confiance du public.<\/strong><\/p>\n\n\n\n<p>Car aujourd\u2019hui, <strong>derri\u00e8re la lutte contre le chikungunya<\/strong>, c\u2019est <strong>la cr\u00e9dibilit\u00e9 du syst\u00e8me sanitaire fran\u00e7ais<\/strong> tout entier qui est en jeu.<\/p>\n\n\n\n<h4 class=\"wp-block-heading\">\ud83e\ude7a <mark style=\"background-color:rgba(0, 0, 0, 0)\" class=\"has-inline-color has-vivid-red-color\">Signaler un effet ind\u00e9sirable li\u00e9 au vaccin IXCHIQ<\/mark><\/h4>\n\n\n\n<p>Face aux r\u00e9cents \u00e9v\u00e9nements ind\u00e9sirables graves, dont un d\u00e9c\u00e8s, survenus \u00e0 La R\u00e9union apr\u00e8s l&rsquo;administration du vaccin IXCHIQ, <strong>les autorit\u00e9s sanitaires ont mis en place un dispositif de pharmacovigilance renforc\u00e9<\/strong>. Ce syst\u00e8me permet de signaler, <strong>identifier <\/strong>et <strong>analyser <\/strong>les effets ind\u00e9sirables <mark style=\"background-color:rgba(0, 0, 0, 0)\" class=\"has-inline-color has-vivid-red-color\">d\u00e9clar\u00e9s par les professionnels de sant\u00e9 et les personnes vaccin\u00e9es<\/mark> . <\/p>\n\n\n\n<h4 class=\"wp-block-heading\">\ud83d\udccc <mark style=\"background-color:rgba(0, 0, 0, 0)\" class=\"has-inline-color has-vivid-red-color\">Comment d\u00e9clarer un effet ind\u00e9sirable ?<\/mark><\/h4>\n\n\n\n<ol class=\"wp-block-list\">\n<li><strong>En ligne<\/strong> : Via le portail national de signalement des \u00e9v\u00e9nements sanitaires ind\u00e9sirables : <a href=\"https:\/\/signalement.social-sante.gouv.fr\/espace-declaration\/profil\">https:\/\/signalement.social-sante.gouv.fr\/espace-declaration\/profil<\/a> \ud83d\udd17<\/li>\n\n\n\n<li><strong>Par un professionnel de sant\u00e9<\/strong> : Votre m\u00e9decin traitant ou pharmacien peut effectuer la d\u00e9claration pour vous.<\/li>\n\n\n\n<li><strong>En cas de sympt\u00f4mes graves<\/strong> : Si vous ressentez des sympt\u00f4mes tels que des difficult\u00e9s respiratoires, un gonflement du visage ou de la gorge, des \u00e9ruptions cutan\u00e9es \u00e9tendues, une fatigue intense ou des \u00e9tourdissements dans les 72 heures suivant la vaccination, il est imp\u00e9ratif d&rsquo;appeler imm\u00e9diatement le <strong>15<\/strong> (SAMU).<\/li>\n<\/ol>\n\n\n\n<h4 class=\"wp-block-heading\">\ud83e\udd1d<strong> <\/strong><mark style=\"background-color:rgba(0, 0, 0, 0)\" class=\"has-inline-color has-vivid-red-color\">Soutien et accompagnement<\/mark><\/h4>\n\n\n\n<p>Si vous \u00eates confront\u00e9 \u00e0 des difficult\u00e9s ou avez besoin d&rsquo;assistance dans ces d\u00e9marches, n&rsquo;h\u00e9sitez pas \u00e0 contacter :<\/p>\n\n\n\n<ul class=\"wp-block-list\">\n<li><strong>Agence R\u00e9gionale de Sant\u00e9 (ARS) de La R\u00e9union<\/strong> : <a href=\"https:\/\/www.reunion.ars.sante.fr\">www.reunion.ars.sante.fr<\/a> \ud83d\udd17<\/li>\n\n\n\n<li><strong>Centre R\u00e9gional de Pharmacovigilance<\/strong> : <a href=\"https:\/\/www.pharmacovigilance.fr\">www.pharmacovigilance.fr<\/a> \ud83d\udd17<\/li>\n<\/ul>\n\n\n\n<p>La <strong>transparence <\/strong>et la <strong>r\u00e9activit\u00e9 <\/strong>sont <strong>essentielles <\/strong>pour <mark style=\"background-color:rgba(0, 0, 0, 0)\" class=\"has-inline-color has-vivid-red-color\">garantir la s\u00e9curit\u00e9 de tous<\/mark>. <strong>N&rsquo;h\u00e9sitez pas \u00e0 signaler tout \u00e9v\u00e9nement ind\u00e9sirable ou \u00e0 d\u00e9clarer un d\u00e9c\u00e8s dans les d\u00e9lais impartis.<\/strong><\/p>\n\n\n\n<p>\ud83c\udfaf <mark style=\"background-color:rgba(0, 0, 0, 0)\" class=\"has-inline-color has-vivid-red-color\"><strong>Vous \u00eates concern\u00e9(e) par un effet ind\u00e9sirable ou un d\u00e9c\u00e8s li\u00e9 au vaccin IXCHIQ ?<\/strong><\/mark><br>Il est essentiel d&rsquo;<strong>agir rapidement<\/strong> pour faire <strong>valoir vos droits <\/strong>et <strong>obtenir soutien et r\u00e9paration<\/strong>.<\/p>\n\n\n\n<p><span style=\"text-decoration: underline;\">Voici les d\u00e9marches importantes<\/span> :<\/p>\n\n\n\n<ul class=\"wp-block-list\">\n<li><strong>D\u00e9clarez sans attendre votre effet ind\u00e9sirable via le portail officiel <\/strong>:<br>\ud83c\udf10 <a href=\"https:\/\/signalement.social-sante.gouv.fr\/\">https:\/\/signalement.social-sante.gouv.fr\/<\/a> \ud83d\udd17<\/li>\n<\/ul>\n\n\n\n<p><mark style=\"background-color:rgba(0, 0, 0, 0)\" class=\"has-inline-color has-vivid-red-color\">Signaler un risque pour la sant\u00e9 publique &#8211; Agir pour sa sant\u00e9 et celle des autres.<\/mark><\/p>\n\n\n\n<p>PSIG, le portail de signalement des \u00e9v\u00e9nements sanitaires ind\u00e9sirables. Un enjeu de sant\u00e9 publique<\/p>\n\n\n\n<p><a href=\"https:\/\/esante.gouv.fr\/psig\">Le portail de signalement des \u00e9v\u00e9nements sanitaires<\/a> \ud83d\udd17 permet aux <strong>professionnels <\/strong>et aux <strong>usagers de sant\u00e9 <\/strong>de signaler facilement et <mark style=\"background-color:rgba(0, 0, 0, 0)\" class=\"has-inline-color has-vivid-red-color\">\u00e0 tout moment un \u00e9v\u00e9nement sanitaire ind\u00e9sirable<\/mark> ou un <mark style=\"background-color:rgba(0, 0, 0, 0)\" class=\"has-inline-color has-vivid-red-color\">effet inhabituel<\/mark> <strong>ayant un impact n\u00e9gatif sur la sant\u00e9.<\/strong><\/p>\n\n\n\n<ul class=\"wp-block-list\">\n<li><strong>Demandez une indemnisation aupr\u00e8s de l\u2019ONIAM <\/strong>:<br>\ud83d\udce7 <a>contact@oniam.fr<\/a> \ud83d\udd17<br>\ud83c\udf10 <a class=\"\" href=\"https:\/\/www.oniam.fr\">www.oniam.fr<\/a> \ud83d\udd17<\/li>\n<\/ul>\n\n\n\n<p>L\u2019Office National d\u2019Indemnisation des Accidents M\u00e9dicaux, des Affections Iatrog\u00e8nes et des Infections Nosocomiales (ONIAM) est un \u00e9tablissement public cr\u00e9\u00e9 par la loi du 4 mars 2002 relative aux droits des malades et \u00e0 la qualit\u00e9 du syst\u00e8me de sant\u00e9.<\/p>\n\n\n\n<p>Il a pour mission d\u2019organiser le <strong>dispositif d\u2019indemnisation<\/strong> \u2013 <strong>amiable<\/strong>, <strong>rapide <\/strong>et <strong>gratuit <\/strong>&#8211; des victimes d\u2019accidents m\u00e9dicaux.<\/p>\n\n\n\n<p>\ud83e\udd1d <mark style=\"background-color:rgba(0, 0, 0, 0)\" class=\"has-inline-color has-vivid-red-color\"><strong>Des structures sont l\u00e0 pour vous accompagner gratuitement :<\/strong><\/mark><\/p>\n\n\n\n<ul class=\"wp-block-list\">\n<li><strong>France Victimes<\/strong> : 116 006 (ligne gratuite 7j\/7).<\/li>\n\n\n\n<li><strong>D\u00e9fenseur des Droits<\/strong> : <a>defenseurdesdroits.fr<\/a> \ud83d\udd17<\/li>\n\n\n\n<li><strong>Association Le Lien<\/strong> : <a class=\"\" href=\"http:\/\/lelien-association.fr\/asso\/index.php\">lelien-association.fr<\/a> \ud83d\udd17<br>\u2794 <mark style=\"background-color:rgba(0, 0, 0, 0)\" class=\"has-inline-color has-vivid-red-color\">D\u00e9fend les droits des victimes d&rsquo;accidents m\u00e9dicaux<\/mark> et <mark style=\"background-color:rgba(0, 0, 0, 0)\" class=\"has-inline-color has-vivid-red-color\">d&rsquo;infections associ\u00e9es aux soins<\/mark>.<\/li>\n\n\n\n<li><strong>S\u00e9curit\u00e9 Patient<\/strong> : <a class=\"\" href=\"https:\/\/www.securite-patient.fr\/\">securite-patient.fr<\/a> \ud83d\udd17<br>\u2794 <mark style=\"background-color:rgba(0, 0, 0, 0)\" class=\"has-inline-color has-vivid-red-color\">Outils <\/mark>et <mark style=\"background-color:rgba(0, 0, 0, 0)\" class=\"has-inline-color has-vivid-red-color\">conseils pratiques pour d\u00e9fendre votre sant\u00e9 et votre s\u00e9curit\u00e9 face aux incidents m\u00e9dicaux.<\/mark><\/li>\n<\/ul>\n\n\n\n<p>\u21aa\ufe0f <a href=\"http:\/\/lelien-association.fr\/asso\/index.php\"><mark style=\"background-color:rgba(0, 0, 0, 0)\" class=\"has-inline-color has-vivid-red-color\">Le LIEN<\/mark><\/a> \ud83d\udd17 lutte contre les <strong>accidents m\u00e9dicaux<\/strong> et contre les <strong>infections nosocomiales<\/strong> et <strong>repr\u00e9sente les usagers de la sant\u00e9 dans les comit\u00e9s charg\u00e9s de veiller \u00e0 la s\u00e9curit\u00e9 des personnes soign\u00e9es.<\/strong><br>Le LIEN aide ses adh\u00e9rents dans leurs d\u00e9marches amiables pour adresser une r\u00e9clamation, demander une <strong>m\u00e9diation<\/strong>, <strong>d\u00e9clarer un accident m\u00e9dical <\/strong>ou <strong>acc\u00e9der \u00e0 leur dossier.<\/strong><\/p>\n\n\n\n<p><strong>Le LIEN<\/strong> est membre de\u00a0<a href=\"https:\/\/www.france-assos-sante.org\/\">https:\/\/www.france-assos-sante.org\/<\/a> \ud83d\udd17<\/p>\n\n\n\n<p>\u21aa\ufe0f <a href=\"https:\/\/www.securite-patient.fr\/\"><mark style=\"background-color:rgba(0, 0, 0, 0)\" class=\"has-inline-color has-vivid-red-color\">S\u00e9curit\u00e9 Patients<\/mark><\/a><mark style=\"background-color:rgba(0, 0, 0, 0)\" class=\"has-inline-color has-vivid-red-color\"> <\/mark>\ud83d\udd17- <strong>Actualit\u00e9s fran\u00e7aises et internationales :<\/strong> <strong>S\u00e9curit\u00e9 Patients s\u00e9lectionne pour vous les informations en lien avec la s\u00e9curit\u00e9 des patients, en France et \u00e0 l\u2019international.<\/strong><\/p>\n\n\n\n<p>\ud83d\udcac <strong>Planet Actus reste pleinement mobilis\u00e9 pour relayer vos voix<\/strong>, <strong>informer sans rel\u00e2che et exiger plus de transparence, de vigilance et de justice<\/strong>. Parce que <span style=\"text-decoration: underline;\">chaque victime compte<\/span>. <mark style=\"background-color:rgba(0, 0, 0, 0)\" class=\"has-inline-color has-vivid-red-color\">Parce que la v\u00e9rit\u00e9 est une exigence.<\/mark><\/p>\n\n\n\n<h4 class=\"wp-block-heading\">\ud83c\udf3a <mark style=\"background-color:rgba(0, 0, 0, 0)\" class=\"has-inline-color has-vivid-red-color\">Message de Soutien \u00e0 La R\u00e9union &#8211; Planet Actus<\/mark><\/h4>\n\n\n\n<p><strong>\u00c0 toutes les R\u00e9unionnaises et \u00e0 tous les R\u00e9unionnais,<\/strong><\/p>\n\n\n\n<p><strong>Face \u00e0 la crise sanitaire bouleversante que traverse votre \u00eele<\/strong>, Planet Actus tient \u00e0 exprimer sa plus <strong>profonde solidarit\u00e9.<\/strong><\/p>\n\n\n\n<p>Nous savons combien ces derni\u00e8res semaines ont \u00e9t\u00e9 <strong>difficiles <\/strong>: entre la <strong>menace invisible du chikungunya <\/strong>et <mark style=\"background-color:rgba(0, 0, 0, 0)\" class=\"has-inline-color has-vivid-red-color\">l&rsquo;inqui\u00e9tude n\u00e9e des r\u00e9cents \u00e9v\u00e9nements autour de la vaccination<\/mark>, <strong>c&rsquo;est tout un peuple qui se bat avec courage et dignit\u00e9<\/strong>.<\/p>\n\n\n\n<p><strong>\u00c0 celles et ceux qui ont perdu un proche, qui vivent dans l&rsquo;incertitude ou qui se battent chaque jour pour prot\u00e9ger les leurs, nous vous adressons tout notre soutien, notre respect et notre compassion.<\/strong><\/p>\n\n\n\n<p><strong>La R\u00e9union n&rsquo;est pas seule.<\/strong> <mark style=\"background-color:rgba(0, 0, 0, 0)\" class=\"has-inline-color has-vivid-red-color\">Votre courage inspire<\/mark>, <mark style=\"background-color:rgba(0, 0, 0, 0)\" class=\"has-inline-color has-vivid-red-color\">votre voix compte<\/mark>, et <strong>votre combat pour la transparence et la sant\u00e9 pour tous m\u00e9rite d&rsquo;\u00eatre entendu, relay\u00e9 et respect\u00e9.<\/strong><\/p>\n\n\n\n<p><a href=\"https:\/\/planetactus.com\/\">Chez Planet Actus<\/a> \ud83d\udd17, <strong>nous continuerons \u00e0 informer avec honn\u00eatet\u00e9<\/strong>, \u00e0 <strong>poser les vraies questions<\/strong>, et \u00e0 <mark style=\"background-color:rgba(0, 0, 0, 0)\" class=\"has-inline-color has-vivid-red-color\">porter votre parole<\/mark> <strong>sans filtre ni d\u00e9tour<\/strong>.<\/p>\n\n\n\n<p><strong>Ensemble, dans l&rsquo;unit\u00e9 et la v\u00e9rit\u00e9, nous surmonterons cette \u00e9preuve.<\/strong><\/p>\n\n\n\n<p>Tenez bon,<br><strong>L&rsquo;\u00e9quipe de Planet Actus<\/strong> \u270a\ud83c\udf0d<\/p>\n\n\n\n<p><span style=\"text-decoration: underline;\">Tu pourrais aussi aimer<\/span> : <\/p>\n\n\n\n<p>\ud83d\udccd <strong><mark style=\"background-color:rgba(0, 0, 0, 0)\" class=\"has-inline-color has-vivid-red-color\">Abracadabra et bis repetita : le sc\u00e9nario se r\u00e9p\u00e8te sous vos yeux ! <\/mark><\/strong>\ud83d\udc89\ud83d\udc68\u200d\u2695\ufe0f\ud83d\udc69\u200d\u2695\ufe0f<\/p>\n\n\n\n<p>Tandis que <strong>beaucoup dorment encore<\/strong>, l\u2019OMS vient d\u2019activer <mark style=\"background-color:rgba(0, 0, 0, 0)\" class=\"has-inline-color has-vivid-red-color\">un nouvel exercice mondia<\/mark>l, <strong>pr\u00e9figurant la prochaine pland\u00e9mie qu&rsquo;ils pr\u00e9parent dans l\u2019ombre.<\/strong><\/p>\n\n\n\n<p>Comme en 2019, tout commence par des \u201c<strong>simulations<\/strong>\u201d avant de<mark style=\"background-color:rgba(0, 0, 0, 0)\" class=\"has-inline-color has-vivid-red-color\"> basculer dans le r\u00e9el.<\/mark><\/p>\n\n\n\n<figure class=\"wp-block-embed aligncenter is-type-video is-provider-youtube wp-block-embed-youtube wp-embed-aspect-16-9 wp-has-aspect-ratio\"><div class=\"wp-block-embed__wrapper\">\n<iframe  id=\"_ytid_10215\"  width=\"640\" height=\"360\"  data-origwidth=\"640\" data-origheight=\"360\" src=\"https:\/\/www.youtube.com\/embed\/Vm1-DnxRiPM?enablejsapi=1&#038;autoplay=0&#038;cc_load_policy=0&#038;cc_lang_pref=&#038;iv_load_policy=1&#038;loop=0&#038;rel=1&#038;fs=1&#038;playsinline=0&#038;autohide=2&#038;theme=dark&#038;color=red&#038;controls=1&#038;disablekb=0&#038;\" class=\"__youtube_prefs__  epyt-is-override  no-lazyload\" title=\"YouTube player\"  allow=\"fullscreen; accelerometer; autoplay; clipboard-write; encrypted-media; gyroscope; picture-in-picture; web-share\" referrerpolicy=\"strict-origin-when-cross-origin\" allowfullscreen data-no-lazy=\"1\" data-skipgform_ajax_framebjll=\"\"><\/iframe>\n<\/div><figcaption class=\"wp-element-caption\">Event 201 Pandemic Exercise: Segment 1, Intro and Medical Countermeasures (MCM) Discussion \/ <a href=\"https:\/\/www.youtube.com\/watch?v=Vm1-DnxRiPM\">Johns Hopkins Center for Health Security<\/a> \ud83d\udd17<\/figcaption><\/figure>\n\n\n\n<p>Le signal est lanc\u00e9. <strong>Leurs plans avancent ?<\/strong><\/p>\n\n\n\n<p><strong>Serez-vous spectateur\u2026 ou acteur de votre avenir ? <\/strong>\ud83d\udd2e<\/p>\n\n\n\n<figure class=\"wp-block-embed aligncenter is-type-video is-provider-youtube wp-block-embed-youtube wp-embed-aspect-4-3 wp-has-aspect-ratio\"><div class=\"wp-block-embed__wrapper\">\n<iframe  id=\"_ytid_50971\"  width=\"640\" height=\"360\"  data-origwidth=\"640\" data-origheight=\"360\" src=\"https:\/\/www.youtube.com\/embed\/tTWAo-cjUWU?enablejsapi=1&#038;autoplay=0&#038;cc_load_policy=0&#038;cc_lang_pref=&#038;iv_load_policy=1&#038;loop=0&#038;rel=1&#038;fs=1&#038;playsinline=0&#038;autohide=2&#038;theme=dark&#038;color=red&#038;controls=1&#038;disablekb=0&#038;\" class=\"__youtube_prefs__  epyt-is-override  no-lazyload\" title=\"YouTube player\"  allow=\"fullscreen; accelerometer; autoplay; clipboard-write; encrypted-media; gyroscope; picture-in-picture; web-share\" referrerpolicy=\"strict-origin-when-cross-origin\" allowfullscreen data-no-lazy=\"1\" data-skipgform_ajax_framebjll=\"\"><\/iframe>\n<\/div><figcaption class=\"wp-element-caption\">TG Telecolor &#8211; OMS : Exercice Polaris pand\u00e9mie et \u00e9pid\u00e9mie de fi\u00e8vre aphteuse en Hongrie 12.04.2025 \/ <a href=\"https:\/\/www.youtube.com\/@FrancescoMarras3canale\">Francesco Marras<\/a> \ud83d\udd17<\/figcaption><\/figure>\n\n\n\n<p><mark style=\"background-color:rgba(0, 0, 0, 0)\" class=\"has-inline-color has-vivid-red-color\">Voici la preuve officielle <\/mark>: <a href=\"https:\/\/www.who.int\/fr\/news\/item\/04-04-2025-who-brings-countries-together-to-test-collective-pandemic-response \">https:\/\/www.who.int\/fr\/news\/item\/04-04-2025-who-brings-countries-together-to-test-collective-pandemic-response <\/a>\u21a9\ufe0f \u2b07\ufe0f<\/p>\n\n\n\n<p>\ud83d\udccd <mark style=\"background-color:rgba(0, 0, 0, 0)\" class=\"has-inline-color has-vivid-red-color\"><strong>L\u2019OMS rassemble des pays pour tester l\u2019intervention collective en cas de \u200epand\u00e9mie<\/strong>.<\/mark><\/p>\n\n\n\n<p>4 avril 2025 | Communiqu\u00e9 de presse | Gen\u00e8ve.<\/p>\n\n\n\n<p>Au cours des deux derniers jours, l\u2019OMS a r\u00e9uni plus de 15&nbsp;pays et une vingtaine d\u2019organismes r\u00e9gionaux de sant\u00e9, r\u00e9seaux d\u2019intervention en cas d\u2019urgence sanitaire et autres partenaires pour tester, pour la premi\u00e8re fois, un nouveau m\u00e9canisme mondial de coordination en cas d\u2019urgence sanitaire.<\/p>\n\n\n\n<p>Cette simulation de deux jours, baptis\u00e9e \u00ab<strong>Exercise Polaris<\/strong>\u00bb, avait pour objet de tester le <a href=\"https:\/\/www.who.int\/emergencies\/partners\/global-health-emergency-corps\">Corps mondial pour l\u2019action sanitaire d\u2019urgence<\/a> (en anglais) de l\u2019OMS, un cadre con\u00e7u pour renforcer les personnels d\u2019intervention d\u2019urgence des pays, coordonner le d\u00e9ploiement d\u2019\u00e9quipes de renfort et d\u2019experts, et am\u00e9liorer la collaboration entre les pays.<\/p>\n\n\n\n<p>Il s\u2019agissait de simuler une flamb\u00e9e \u00e9pid\u00e9mique d\u2019un virus fictif se propageant \u00e0 travers le monde.<\/p>\n\n\n\n<p>Parmi les pays participants figuraient l\u2019<strong>Allemagne<\/strong>, le <strong>Canada<\/strong>, la <strong>Colombie<\/strong>, le <strong>Costa Rica<\/strong>, le <strong>Danemark<\/strong>, l\u2019<strong>\u00c9thiopie<\/strong>, l\u2019<strong>Irak<\/strong>, le <strong>Mozambique<\/strong>, le <strong>N\u00e9pal<\/strong>, l\u2019<strong>Ouganda<\/strong>, le <strong>Pakistan<\/strong>, le <strong>Qatar<\/strong>, le <strong>Royaume d\u2019Arabie saoudite<\/strong>, la <strong>Somalie <\/strong>et l\u2019<strong>Ukraine<\/strong>, ainsi que d\u2019autres pays qui ont pris part en tant qu\u2019observateurs. Chaque pays participait par l\u2019interm\u00e9diaire de sa structure nationale de coordination des urgences sanitaires, travaillant dans des conditions r\u00e9elles pour partager des informations, aligner les politiques et activer son intervention.<\/p>\n\n\n\n<p>Les organismes et organisations de sant\u00e9 r\u00e9gionaux et mondiaux, notamment les CDC d\u2019Afrique et d\u2019Europe, l\u2019IFRC, l\u2019OIM, l\u2019UNICEF et des r\u00e9seaux actifs dans le domaine des interventions d\u2019urgence tels que le R\u00e9seau mondial d\u2019alerte et d\u2019action en cas d\u2019\u00e9pid\u00e9mie, l\u2019initiative relative aux \u00e9quipes m\u00e9dicales d\u2019urgence, les partenaires de r\u00e9serve et l\u2019Association internationale des instituts nationaux de sant\u00e9 publique, ont quant \u00e0 eux appuy\u00e9 ensemble les interventions men\u00e9es par les pays. Plus de 350&nbsp;experts en mati\u00e8re d\u2019urgences sanitaires se sont connect\u00e9s \u00e0 l\u2019\u00e9chelle mondiale dans le cadre de cet exercice.<\/p>\n\n\n\n<p>\u00abCet exercice prouve que lorsque les pays assument la direction et que les partenaires se connectent, le monde est mieux pr\u00e9par\u00e9&nbsp;\u00bb, a d\u00e9clar\u00e9 le D<sup>r<\/sup>&nbsp;Tedros Adhanom Ghebreyesus, Directeur g\u00e9n\u00e9ral de l\u2019OMS. \u00abAucun pays ne peut faire face seul \u00e0 la prochaine pand\u00e9mie. Exercise Polaris montre que la coop\u00e9ration \u00e0 l\u2019\u00e9chelle mondiale n\u2019est pas seulement possible, elle est essentielle.\u00bb<\/p>\n\n\n\n<p>Tout au long de la simulation, les pays ont men\u00e9 leurs propres efforts d\u2019intervention tout en collaborant avec l\u2019OMS en mati\u00e8re de coordination, de conseils techniques et d\u2019appui d\u2019urgence. L\u2019exercice a fourni aux gouvernements une occasion rare de tester l\u2019\u00e9tat de pr\u00e9paration de leur pays dans un environnement r\u00e9aliste, o\u00f9 la confiance et la responsabilit\u00e9 mutuelle \u00e9taient aussi essentielles que la rapidit\u00e9 et les capacit\u00e9s.<\/p>\n\n\n\n<p>\u00abL\u2019exercice visait \u00e0 mettre en pratique les proc\u00e9dures d\u2019intervention interinstitutions face aux menaces sanitaires internationales. Des processus efficaces de coordination et d\u2019interop\u00e9rabilit\u00e9 sont essentiels pour garantir des interventions rapides en cas d\u2019urgence sanitaire\u00bb, a d\u00e9clar\u00e9 la D<sup>re<\/sup>&nbsp;Mariela Mar\u00edn, Vice-Ministre de la sant\u00e9 du Costa Rica, qui a remerci\u00e9 l\u2019Organisation panam\u00e9ricaine de la Sant\u00e9 pour son soutien et les membres du Syst\u00e8me national de gestion des risques pour leur engagement.<\/p>\n\n\n\n<p>\u00abPolaris a d\u00e9montr\u00e9 l\u2019importance cruciale de cultiver la confiance avant qu\u2019une crise ne se produise&nbsp;\u00bb, a d\u00e9clar\u00e9 la D<sup>re<\/sup>&nbsp;Soha Albayat du Qatar. \u00ab&nbsp;Les bases de nos efforts de collaboration sont consid\u00e9rablement plus solides que par le pass\u00e9. Nous ne nous contentons plus de mesures r\u00e9actives, nous anticipons, alignons et coordonnons d\u00e9sormais de mani\u00e8re proactive nos plans d\u2019intervention d\u2019urgence transfrontali\u00e8re.\u00bb<\/p>\n\n\n\n<p>\u00abLe Corps mondial pour l\u2019action sanitaire d\u2019urgence est devenu une plateforme puissante, qui s\u2019appuie sur la pratique, la confiance et la connexion&nbsp;\u00bb, a d\u00e9clar\u00e9 le D<sup>r<\/sup>&nbsp;Mike Ryan, Directeur ex\u00e9cutif charg\u00e9 du Programme OMS de gestion des situations d\u2019urgence sanitaire. \u00abExercise Polaris a montr\u00e9 ce qu\u2019il est possible de faire lorsque les pays op\u00e8rent de fa\u00e7on urgente et unie, avec l\u2019appui de partenaires bien connect\u00e9s. C\u2019est un signal fort de ce que nous sommes collectivement plus pr\u00eats que nous ne l\u2019\u00e9tions.\u00bb<\/p>\n\n\n\n<p>\u00c0 une \u00e9poque o\u00f9 le multilat\u00e9ralisme est sous pression et o\u00f9 la pr\u00e9paration est souvent envisag\u00e9e sous l\u2019angle national, Exercise Polaris a r\u00e9affirm\u00e9 que la sant\u00e9 est un enjeu mondial. <mark style=\"background-color:rgba(0, 0, 0, 0)\" class=\"has-inline-color has-vivid-red-color\">Article complet : Source <\/mark>[<a href=\"https:\/\/www.who.int\/fr\/news\/item\/04-04-2025-who-brings-countries-together-to-test-collective-pandemic-response\">OMS<\/a>] \ud83d\udd17<\/p>\n\n\n\n<p>\ud83d\udccd<strong><mark style=\"background-color:rgba(0, 0, 0, 0)\" class=\"has-inline-color has-vivid-red-color\">OMS : Exercice Polaris : L&rsquo;OMS et les gouvernements pr\u00e9parent-ils un nouveau sc\u00e9nario de contr\u00f4le mondial sous couvert de \u00ab\u00a0pr\u00e9paration\u00a0\u00bb ?<\/mark> &#8211; L&rsquo;Informateur.<\/strong><\/p>\n\n\n\n<p><strong>Comme une nouvelle en cache une autre, celle-ci a bien \u00e9t\u00e9 dissimul\u00e9, connaissez-vous l\u2019exercice Polaris ? ou Quand l\u2019OMS r\u00e9p\u00e8te les m\u00eames erreurs (et les m\u00eames mensonges)<\/strong><\/p>\n\n\n\n<p><mark style=\"background-color:rgba(0, 0, 0, 0)\" class=\"has-inline-color has-vivid-red-color\">Alors que les m\u00e9dias mainstream et les gouvernements d\u00e9tournaient une fois de plus l\u2019attention du public avec des affaires secondaires<\/mark>, l\u2019Organisation mondiale de la sant\u00e9 (OMS) organisait discr\u00e8tement une simulation de pand\u00e9mie mondiale baptis\u00e9e&nbsp;<strong>\u00ab Exercice Polaris \u00bb<\/strong>. Du 9 au 10 avril 2025, plus de&nbsp;<strong>15 pays<\/strong>&nbsp;(dont l\u2019Allemagne, le Canada, et l\u2019Arabie saoudite),&nbsp;<strong>20 agences sanitaires internationales<\/strong>&nbsp;et&nbsp;<strong>350 \u00ab&nbsp;experts en urgences sanitaires&nbsp;\u00bb<\/strong>&nbsp;se sont coordonn\u00e9s pour tester le&nbsp;<strong>Corps mondial d\u2019urgence sanitaire (GHEC)<\/strong>. Officiellement, l\u2019objectif \u00e9tait de renforcer la r\u00e9ponse collective face \u00e0 une future crise. Mais derri\u00e8re ce vernis de coop\u00e9ration, se cache une r\u00e9alit\u00e9 bien plus sombre : un nouvel exercice de&nbsp;<strong>manipulation et de contr\u00f4le global<\/strong>, orchestr\u00e9 par l<strong>es m\u00eames acteurs qui ont instrumentalis\u00e9 la pand\u00e9mie de covid-19.<\/strong><\/p>\n\n\n<div class=\"wp-block-image\">\n<figure class=\"aligncenter size-full\"><a href=\"https:\/\/qactus.fr\/2025\/04\/22\/oms-exercice-polaris-loms-et-les-gouvernements-preparent-ils-un-nouveau-scenario-de-controle-mondial-sous-couvert-de-preparation\/\"><img data-opt-id=764576590  data-opt-src=\"https:\/\/mlrdeoj2ejbf.i.optimole.com\/cb:mvHM.4ca\/w:auto\/h:auto\/q:mauto\/f:best\/https:\/\/i0.wp.com\/planetactus.com\/wp-content\/uploads\/2025\/04\/image-8-16.webp\"  data-recalc-dims=\"1\" decoding=\"async\" width=\"640\" height=\"480\" src=\"data:image/svg+xml,%3Csvg%20viewBox%3D%220%200%20100%%20100%%22%20width%3D%22100%%22%20height%3D%22100%%22%20xmlns%3D%22http%3A%2F%2Fwww.w3.org%2F2000%2Fsvg%22%3E%3Crect%20width%3D%22100%%22%20height%3D%22100%%22%20fill%3D%22transparent%22%2F%3E%3C%2Fsvg%3E?resize=640%2C480&#038;ssl=1\" alt=\"\" class=\"wp-image-4448\" old-srcset=\"https:\/\/mlrdeoj2ejbf.i.optimole.com\/cb:mvHM.4ca\/w:680\/h:510\/q:mauto\/f:best\/https:\/\/planetactus.com\/wp-content\/uploads\/2025\/04\/image-8-16.webp 680w, https:\/\/mlrdeoj2ejbf.i.optimole.com\/cb:mvHM.4ca\/w:300\/h:4000\/q:mauto\/f:best\/https:\/\/planetactus.com\/wp-content\/uploads\/2025\/04\/image-8-16.webp 300w\" \/><\/a><figcaption class=\"wp-element-caption\">Illustration image \/ <a href=\"https:\/\/qactus.fr\/2025\/04\/22\/oms-exercice-polaris-loms-et-les-gouvernements-preparent-ils-un-nouveau-scenario-de-controle-mondial-sous-couvert-de-preparation\/\">qactus.fr<\/a> \ud83d\udd17<\/figcaption><\/figure>\n<\/div>\n\n\n<p><strong>Un lien avec ce fou ?<\/strong><\/p>\n\n\n\n<p>Le journaliste Lionel Astruc a enqu\u00eat\u00e9 sur la fondation de l\u2019ex-patron de Microsoft, Bill Gates, l\u2019un des hommes les plus riches de la plan\u00e8te. Avec un budget annuel de pr\u00e8s de 5 milliards de dollars, et sous pr\u00e9texte de lutter contre les in\u00e9galit\u00e9s, la fondation Gates nourrit un syst\u00e8me destructeur.<\/p>\n\n\n\n<p><strong>Une simulation suspecte dans un contexte trouble<\/strong><\/p>\n\n\n\n<p>L\u2019exercice Polaris simulait une&nbsp;<strong>\u00e9pid\u00e9mie fictive<\/strong>&nbsp;d\u2019un virus inconnu, avec pour but affich\u00e9 d\u2019am\u00e9liorer la coordination internationale. Tedros Adhanom Ghebreyesus, directeur g\u00e9n\u00e9ral de l\u2019OMS, a vant\u00e9 une \u00ab collaboration essentielle \u00bb, tandis que Mike Ryan, responsable des urgences sanitaires, a salu\u00e9 une \u00ab pr\u00e9paration renforc\u00e9e \u00bb. Pourtant, ces d\u00e9clarations rassurantes ne trompent plus personne.<\/p>\n\n\n\n<p>L\u2019OMS a r\u00e9uni plus de 15 pays et plus de 350 \u00ab&nbsp;experts&nbsp;\u00bb de la sant\u00e9 pour jouer une fausse PLANdemie dans le cadre de l\u2019\u00ab<a href=\"https:\/\/www.who.int\/news\/item\/04-04-2025-who-brings-countries-together-to-test-collective-pandemic-response\" target=\"_blank\" rel=\"noreferrer noopener\"><strong>Exercice<\/strong> <strong>Polaris<\/strong><\/a>\u00bb \ud83d\udd17. <mark style=\"background-color:rgba(0, 0, 0, 0)\" class=\"has-inline-color has-vivid-red-color\">Lire l&rsquo;article complet sur<\/mark> <a href=\"https:\/\/qactus.fr\/2025\/04\/22\/oms-exercice-polaris-loms-et-les-gouvernements-preparent-ils-un-nouveau-scenario-de-controle-mondial-sous-couvert-de-preparation\/\">Quactus<\/a>. \ud83d\udd17<\/p>\n\n\n\n<p>\ud83d\udc68\u200d\u2695\ufe0f\ud83d\udc69\u200d\u2695\ufe0f <strong><mark style=\"background-color:rgba(0, 0, 0, 0)\" class=\"has-inline-color has-vivid-red-color\">L&rsquo;Organisation mondiale de la sant\u00e9 annonce une vaste r\u00e9organisation et des licenciements sur fond de r\u00e9duction des financements am\u00e9ricains.<\/mark><\/strong><\/p>\n\n\n\n<p><strong>L&rsquo;institution va \u00eatre confront\u00e9e \u00e0 un d\u00e9ficit compris \u00ab\u00a0entre 560 et 650 millions de dollars\u00a0\u00bb pour les ann\u00e9es 2026 et 2027.<\/strong><\/p>\n\n\n\n<p><strong>Plan de rigueur \u00e0 l&rsquo;Organisation mondiale de la sant\u00e9<\/strong> (OMS). Le directeur g\u00e9n\u00e9ral de l&rsquo;institution a d\u00e9clar\u00e9 mardi 22 avril que <mark style=\"background-color:rgba(0, 0, 0, 0)\" class=\"has-inline-color has-vivid-red-color\">les coupes budg\u00e9taires am\u00e9ricaines laissaient les comptes de l&rsquo;agence onusienne dans le rouge<\/mark>, la for\u00e7ant \u00e0 <span style=\"text-decoration: underline;\">r\u00e9duire ses op\u00e9rations<\/span> et \u00e0 <span style=\"text-decoration: underline;\">licencier du personnel<\/span>.<\/p>\n\n\n\n<p><\/p>\n\n\n\n<p>\u00ab\u00a0<strong>Le refus des Etats-Unis de verser leurs contributions statutaires pour 2024 et 2025, combin\u00e9 aux r\u00e9ductions de l&rsquo;aide publique au d\u00e9veloppement de certains autres pays, signifie que nous sommes confront\u00e9s \u00e0 un d\u00e9ficit concernant la masse salariale pour l&rsquo;exercice biennal 2026-2027 compris entre 560 et 650 millions de dollars\u00a0\u00bb<\/strong>, a d\u00e9clar\u00e9&nbsp;<a href=\"https:\/\/www.francetvinfo.fr\/sante\/maladie\/coronavirus\/un-accord-historique-pour-la-securite-sanitaire-et-la-solidarite-internationale-ce-qu-il-faut-retenir-du-texte-sur-la-lutte-contre-les-pandemies-signe-par-l-oms_7192668.html\">Tedros Adhanom Ghebreyesus<\/a> aux Etats membres, selon une transcription de son discours. <strong>Un d\u00e9ficit \u00e9quivalent \u00e0 \u00ab\u00a0environ 25% des co\u00fbts du personnel \u00ab\u00a0<\/strong><mark style=\"background-color:rgba(0, 0, 0, 0)\" class=\"has-inline-color has-vivid-red-color\">. Lire l&rsquo;article complet sur<\/mark> [<a href=\"https:\/\/www.francetvinfo.fr\/sante\/maladie\/coronavirus\/un-accord-historique-pour-la-securite-sanitaire-et-la-solidarite-internationale-ce-qu-il-faut-retenir-du-texte-sur-la-lutte-contre-les-pandemies-signe-par-l-oms_7192668.html\">France Info<\/a>] \ud83d\udd17<\/p>\n\n\n\n<p>\ud83d\udccd<strong><mark style=\"background-color:rgba(0, 0, 0, 0)\" class=\"has-inline-color has-vivid-red-color\">Crime contre l&rsquo;humanit\u00e9 : de nouvelles injections g\u00e9niques ARNm pour tous<\/mark><\/strong><\/p>\n\n\n\n<iframe src=\"https:\/\/www.kla.tv\/index.php?a=showembed&#038;vidid=37207&#038;lang=fr\" width=\"590\" height=\"332\" frameBorder=\"0\" allowfullscreen><\/iframe>\n\n\n\n<p><mark style=\"background-color:rgba(0, 0, 0, 0)\" class=\"has-inline-color has-vivid-red-color\">Dans le monde entier<\/mark>, <strong>d&rsquo;innombrables vaccins traditionnels sont en train d&rsquo;\u00eatre transform\u00e9s en injections g\u00e9niques \u00e0 ARNm<\/strong>. Cette <span style=\"text-decoration: underline;\">enqu\u00eate <\/span>de<a href=\"https:\/\/www.kla.tv\/fr\"> Kla.TV<\/a> \ud83d\udd17 r\u00e9sume le caract\u00e8re potentiellement nocif de cette technologie, largement document\u00e9 : <mark style=\"background-color:rgba(0, 0, 0, 0)\" class=\"has-inline-color has-vivid-red-color\">modification g\u00e9n\u00e9tique<\/mark>,<mark style=\"background-color:rgba(0, 0, 0, 0)\" class=\"has-inline-color has-vivid-red-color\"> turbo-cancer<\/mark>, <mark style=\"background-color:rgba(0, 0, 0, 0)\" class=\"has-inline-color has-vivid-red-color\">inflammations en tous genres <\/mark>et <mark style=\"background-color:rgba(0, 0, 0, 0)\" class=\"has-inline-color has-vivid-red-color\">d\u00e9c\u00e8s<\/mark>. En raison de cette avanc\u00e9e, <strong>il y aura bient\u00f4t une injection g\u00e9nique ARNm en guise de vaccin pour chaque \u00eatre humain !<\/strong> En Afrique aussi, des sites de production d&rsquo;injections g\u00e9niques ARNm sont <span style=\"text-decoration: underline;\">financ\u00e9s de mani\u00e8re cibl\u00e9e<\/span> ! Quels sont les <mark style=\"background-color:rgba(0, 0, 0, 0)\" class=\"has-inline-color has-vivid-red-color\">objectifs sous-jacents ?<\/mark><strong> Est-ce qu&rsquo;on veut \u00e0 l&rsquo;avenir, sous pr\u00e9texte de protection de la sant\u00e9, causer des dommages massifs \u00e0 la population mondiale ? Qui est derri\u00e8re tout cela ?<\/strong> <mark style=\"background-color:rgba(0, 0, 0, 0)\" class=\"has-inline-color has-vivid-red-color\">Une enqu\u00eate de Kla.TV<\/mark> &#8211; <strong>Savoir, c&rsquo;est pouvoir !<\/strong><\/p>\n\n\n\n<p><strong>Vid\u00e9o compl\u00e8te &amp; t\u00e9l\u00e9chargement <\/strong>:<\/p>\n\n\n\n<p>\ud83d\udc49 www.kla.tv\/37207 \ud83c\udfac <a href=\"http:\/\/www.kla.tv\/37207\">http:\/\/www.kla.tv\/37207<\/a> \ud83d\udd17<\/p>\n\n\n\n<p>\ud83d\udccd <strong><mark style=\"background-color:rgba(0, 0, 0, 0)\" class=\"has-inline-color has-vivid-red-color\">L&rsquo;humanit\u00e9 en route vers l&#8217;emprisonnement num\u00e9rique!<\/mark><\/strong>\u2049\ufe0f\ud83d\udd25\ud83d\ude24\ud83d\ude4f<\/p>\n\n\n\n<iframe src=\"https:\/\/www.kla.tv\/index.php?a=showembed&#038;vidid=37138&#038;lang=th\" width=\"590\" height=\"332\" frameBorder=\"0\" allowfullscreen><\/iframe>\n\n\n\n<p><strong>La fin de vos libert\u00e9s individuelles vous guette-t-elle<\/strong>, en raison de la <strong>num\u00e9risation croissante sous forme de cartes d&rsquo;identit\u00e9 personnelles<\/strong>, <strong>d&rsquo;autorisations d&rsquo;acc\u00e8s et de monnaie num\u00e9rique ?<\/strong> <strong>Serez-vous pris au pi\u00e8ge d&rsquo;un contr\u00f4le num\u00e9rique total ? <\/strong>De plus, si vous ne vous y conformez pas, <strong>serez-vous p\u00e9nalis\u00e9 ? S&rsquo;agit-il de purs fantasmes conspirationnistes ou de risques r\u00e9els du monde num\u00e9rique de demain ?<\/strong><\/p>\n\n\n\n<p>Vid\u00e9o HD et t\u00e9l\u00e9chargement : \ud83c\udfac <a href=\"https:\/\/kla.tv\/37138\">https:\/\/kla.tv\/37138<\/a> \ud83d\udd17<br><\/p>\n\n\n\n<h4 class=\"wp-block-heading\">\ud83e\uddec <mark style=\"background-color:rgba(0, 0, 0, 0)\" class=\"has-inline-color has-vivid-red-color\">L\u2019\u00c8re de l\u2019Homme Augment\u00e9 : Ce que Personne ne Vous Dit sur les Normes qui Fa\u00e7onnent Notre Futur BioNum\u00e9rique<\/mark><\/h4>\n\n\n\n<blockquote class=\"wp-block-quote is-layout-flow wp-block-quote-is-layout-flow\">\n<p>\ud83d\udea8 <strong>Un monde nouveau se dessine dans l\u2019ombre des laboratoires, des comit\u00e9s d\u2019experts et des salles de conseil gouvernementales.<\/strong> Une <mark style=\"background-color:rgba(0, 0, 0, 0)\" class=\"has-inline-color has-vivid-red-color\">r\u00e9volution silencieuse<\/mark>, <mark style=\"background-color:rgba(0, 0, 0, 0)\" class=\"has-inline-color has-vivid-red-color\">norm\u00e9e <\/mark>et <mark style=\"background-color:rgba(0, 0, 0, 0)\" class=\"has-inline-color has-vivid-red-color\">planifi\u00e9e<\/mark>. <strong>Bienvenue dans <\/strong><a href=\"https:\/\/planetactus.com\/index.php\/2024\/09\/28\/implanter-les-souvenirs-des-victimes-dans-le-cerveau-des-criminels-une-revolution-tech-effrayante-ou-la-fin-de-la-prison\/\">l\u2019\u00e8re de l\u2019humain augment\u00e9.<\/a>\ud83d\udd17<\/p>\n<\/blockquote>\n\n\n\n<h4 class=\"wp-block-heading\">\ud83c\udf10 <mark style=\"background-color:rgba(0, 0, 0, 0)\" class=\"has-inline-color has-vivid-red-color\">Quand la normalisation prend le contr\u00f4le du vivant<\/mark><\/h4>\n\n\n\n<figure class=\"wp-block-embed aligncenter is-type-video is-provider-youtube wp-block-embed-youtube wp-embed-aspect-16-9 wp-has-aspect-ratio\"><div class=\"wp-block-embed__wrapper\">\n<iframe  id=\"_ytid_98646\"  width=\"640\" height=\"360\"  data-origwidth=\"640\" data-origheight=\"360\" src=\"https:\/\/www.youtube.com\/embed\/0GG5KeqlOHs?enablejsapi=1&#038;autoplay=0&#038;cc_load_policy=0&#038;cc_lang_pref=&#038;iv_load_policy=1&#038;loop=0&#038;rel=1&#038;fs=1&#038;playsinline=0&#038;autohide=2&#038;theme=dark&#038;color=red&#038;controls=1&#038;disablekb=0&#038;\" class=\"__youtube_prefs__  epyt-is-override  no-lazyload\" title=\"YouTube player\"  allow=\"fullscreen; accelerometer; autoplay; clipboard-write; encrypted-media; gyroscope; picture-in-picture; web-share\" referrerpolicy=\"strict-origin-when-cross-origin\" allowfullscreen data-no-lazy=\"1\" data-skipgform_ajax_framebjll=\"\"><\/iframe>\n<\/div><figcaption class=\"wp-element-caption\">Sabrina Wallace &#8211; Nano technologie &#8211; Augmentation humaine : Votre corps est d\u00e9j\u00e0 commercialement disponible dans le nuage depuis 2005. L&rsquo;IEEE est la norme internationale pour l&rsquo;\u00e9lectronique et l&rsquo;\u00e9lectrotechnique. Vous trouverez votre corps sur le web et accessible commercialement via les m\u00eames groupes de travail sans fil pour tous les appareils sans fil, WBAN 802.15.6 \/ <a href=\"https:\/\/www.youtube.com\/@asm8920\">ASN<\/a> \ud83d\udd17<\/figcaption><\/figure>\n\n\n\n<p><strong>Alors que le grand public d\u00e9bat encore des implants sous-cutan\u00e9s ou des IA qui<\/strong> \u201c<mark style=\"background-color:rgba(0, 0, 0, 0)\" class=\"has-inline-color has-vivid-red-color\">pensent pour nous<\/mark>\u201d, <strong>un r\u00e9seau tentaculaire de comit\u00e9s internationaux dicte d\u00e9j\u00e0 les r\u00e8gles de notre futur biologique et num\u00e9rique.<\/strong><\/p>\n\n\n\n<p>\ud83d\udc49 La vid\u00e9o <a class=\"\" href=\"https:\/\/rumble.com\/v6s8i9h-410223221.html?e9s=src_v1_upp\"><em>L&rsquo;\u00c8re de l&rsquo;Homme Augment\u00e9<\/em><\/a> \ud83d\udd17 (NonVaxer420) l\u00e8ve le voile sur<strong> un univers obscur mais tr\u00e8s r\u00e9el<\/strong> : celui de la <strong>normalisation mondiale de la bio-ing\u00e9nierie humaine<\/strong>. Un labyrinthe d&rsquo;acronymes techniques, de <mark style=\"background-color:rgba(0, 0, 0, 0)\" class=\"has-inline-color has-vivid-red-color\">normes ISO <\/mark>et d&rsquo;<mark style=\"background-color:rgba(0, 0, 0, 0)\" class=\"has-inline-color has-vivid-red-color\">agendas technologiques<\/mark> qui <strong>convergent <\/strong>vers un m\u00eame <span style=\"text-decoration: underline;\">objectif <\/span>: <strong>redessiner l&rsquo;humain<\/strong>.<\/p>\n\n\n\n<div style=\"text-align:center;\">\n  <iframe class=\"rumble\" width=\"640\" height=\"360\" src=\"https:\/\/rumble.com\/embed\/v6q1m0n\/?pub=4\" frameborder=\"0\" allowfullscreen><\/iframe>\n<\/div>\n\n\n\n<h6 class=\"wp-block-heading has-text-align-center\"><strong>IEC (SEG12) AGENDA 2030 \u00ab\u00a0NEXTGEN\u00a0\u00bb Normalisation des soins de sant\u00e9 Opportunit\u00e9s en mati\u00e8re d&rsquo;augmentation humaine, de g\u00e9o-ing\u00e9nierie, de sciences cognitives, d&rsquo;aliments OGM VIA nanotechnologie-biotechnologie et TIC<\/strong>.<\/h6>\n\n\n\n<h4 class=\"wp-block-heading\">\ud83e\udde0 <mark style=\"background-color:rgba(0, 0, 0, 0)\" class=\"has-inline-color has-vivid-red-color\">Des comit\u00e9s techniques pour encadrer&#8230; l\u2019esp\u00e8ce humaine ?<\/mark><\/h4>\n\n\n\n<p><mark style=\"background-color:rgba(0, 0, 0, 0)\" class=\"has-inline-color has-vivid-red-color\">Oui, tu as bien lu<\/mark>. Voici un aper\u00e7u des instances <strong>qui \u00e9crivent l\u2019avenir de notre biologie<\/strong> :<\/p>\n\n\n\n<ul class=\"wp-block-list\">\n<li><strong>ISO\/TC 229<\/strong> : La norme-m\u00e8re des <strong>nanotechnologies appliqu\u00e9es au vivant<\/strong>.<\/li>\n\n\n\n<li><strong>ISO\/TC 215<\/strong> : Les bases de la gestion massive des <strong>donn\u00e9es g\u00e9n\u00e9tiques<\/strong>.<\/li>\n\n\n\n<li><strong>ISO\/TC 262 &#8211; IEEE P2049.4<\/strong> : Normes de <strong>bio\u00e9thique et gestion des risques<\/strong>.<\/li>\n\n\n\n<li><strong>IEC\/TC 91 et IEC\/TC 119<\/strong> : Le c\u0153ur de la <strong>bio\u00e9lectronique et des interfaces cerveau-machine<\/strong>.<\/li>\n\n\n\n<li><strong>JTC 1\/SC 38, 41, 42<\/strong> : Le trio ma\u00eetre de la <strong>gestion du Big Data biologique<\/strong>.<\/li>\n\n\n\n<li><strong>ISO\/TC 299, ATSM F48, IEEE HAWG<\/strong> : Les pionniers du <strong>biohacking, des biobots et de l\u2019homme-machine<\/strong>.<\/li>\n<\/ul>\n\n\n\n<blockquote class=\"wp-block-quote is-layout-flow wp-block-quote-is-layout-flow\">\n<p>\ud83c\udfaf <strong>R\u00e9sultat : tout est balis\u00e9<\/strong>, du<mark style=\"background-color:rgba(0, 0, 0, 0)\" class=\"has-inline-color has-vivid-red-color\"> capteur sous la peau<\/mark> <strong>jusqu\u2019\u00e0<\/strong> <mark style=\"background-color:rgba(0, 0, 0, 0)\" class=\"has-inline-color has-vivid-red-color\"><a href=\"https:\/\/planetactus.com\/index.php\/2025\/01\/28\/soins-de-demain-lia-en-support-pas-en-remplacement-enjeux-et-responsabilites-une-revolution-a-encadrer-pour-mieux-servir\/\">l\u2019intelligence artificielle<\/a> \ud83d\udd17<\/mark> <mark style=\"background-color:rgba(0, 0, 0, 0)\" class=\"has-inline-color has-vivid-red-color\">qui analyse ta respiration<\/mark>. <strong>Ce n\u2019est pas de la science-fiction. C\u2019est d\u00e9j\u00e0 en route.<\/strong><\/p>\n<\/blockquote>\n\n\n\n<h4 class=\"wp-block-heading\">\u2699\ufe0f <mark style=\"background-color:rgba(0, 0, 0, 0)\" class=\"has-inline-color has-vivid-red-color\">L\u2019humain, version 2.0 : connect\u00e9, surveill\u00e9, modifi\u00e9<\/mark><\/h4>\n\n\n\n<p>Le discours officiel parle de <strong>\u00ab\u00a0progr\u00e8s m\u00e9dical\u00a0\u00bb<\/strong> et de <strong>\u00ab\u00a0sant\u00e9 optimis\u00e9e\u00a0\u00bb<\/strong>, mais derri\u00e8re les mots <strong>se cache une vision radicale de l\u2019humanit<\/strong>\u00e9 : un <strong>corps connect\u00e9<\/strong>, <strong>surveill\u00e9 en temps r\u00e9el<\/strong>, <strong>reprogramm\u00e9 si n\u00e9cessaire<\/strong>, <mark style=\"background-color:rgba(0, 0, 0, 0)\" class=\"has-inline-color has-vivid-red-color\">conforme \u00e0 des standards industriels<\/mark>.<\/p>\n\n\n\n<p>Et tout cela s\u2019inscrit dans une feuille de route bien r\u00e9elle : <strong>IEC SEG12 &#8211; AGENDA 2030<\/strong>, qui <mark style=\"background-color:rgba(0, 0, 0, 0)\" class=\"has-inline-color has-vivid-red-color\">fusionne <\/mark><strong>soins de sant\u00e9<\/strong>, <strong>g\u00e9o-ing\u00e9nierie<\/strong>, <strong>IA <\/strong>et <strong>biotechnologies <\/strong>dans une <mark style=\"background-color:rgba(0, 0, 0, 0)\" class=\"has-inline-color has-vivid-red-color\">vision globale<\/mark> d\u2019un <strong>\u201cNextGen Human\u201d<\/strong>.<\/p>\n\n\n\n<h4 class=\"wp-block-heading\">\ud83e\udd16 <mark style=\"background-color:rgba(0, 0, 0, 0)\" class=\"has-inline-color has-vivid-red-color\">Une convergence explosive : Biologie, Tech et Pouvoir<\/mark><\/h4>\n\n\n\n<p>Ce que r\u00e9v\u00e8le NonVaxer420, c\u2019est <strong>l\u2019ampleur de l\u2019ing\u00e9nierie en cours<\/strong>. L\u2019humain augment\u00e9 ne sera pas juste un produit de la technologie, mais aussi un <strong>produit du march\u00e9<\/strong>, soumis aux <strong>normes<\/strong>, aux <strong>brevets <\/strong>et aux <strong>politiques internationales de contr\u00f4le<\/strong>.<\/p>\n\n\n\n<blockquote class=\"wp-block-quote is-layout-flow wp-block-quote-is-layout-flow\">\n<p>\u201cVous ne poss\u00e9derez plus votre corps comme avant. Il sera un terminal biologique dans un syst\u00e8me global.\u201d<\/p>\n<\/blockquote>\n\n\n\n<h4 class=\"wp-block-heading\">\ud83e\udde9 <mark style=\"background-color:rgba(0, 0, 0, 0)\" class=\"has-inline-color has-vivid-red-color\">Conclusion : Vers un futur bio-num\u00e9rique sous contr\u00f4le ?<\/mark><\/h4>\n\n\n\n<p>La question n\u2019est plus \u201c<mark style=\"background-color:rgba(0, 0, 0, 0)\" class=\"has-inline-color has-vivid-red-color\">si<\/mark>\u201d mais \u201c<mark style=\"background-color:rgba(0, 0, 0, 0)\" class=\"has-inline-color has-vivid-red-color\">quand<\/mark>\u201d. <strong>Les briques sont d\u00e9j\u00e0 pos\u00e9es<\/strong> : <strong>normes, donn\u00e9es, IA, biotechnologies, cybern\u00e9tique<\/strong>. <strong>Le futur ne se fera pas avec notre consentement \u00e9clair\u00e9<\/strong>, <mark style=\"background-color:rgba(0, 0, 0, 0)\" class=\"has-inline-color has-vivid-red-color\">mais sous couvert de s\u00e9curit\u00e9, d\u2019efficacit\u00e9&#8230; et de normalisation.<\/mark><\/p>\n\n\n\n<h4 class=\"wp-block-heading\">\ud83d\udcfa \u00c0 VOIR ABSOLUMENT :<\/h4>\n\n\n\n<p>\ud83c\udfa5 <strong><mark style=\"background-color:rgba(0, 0, 0, 0)\" class=\"has-inline-color has-vivid-red-color\"><a href=\"https:\/\/rumble.com\/v6s8i9h-410223221.html?e9s=src_v1_upp\">L\u2019\u00c8re de l\u2019Homme Augment\u00e9<\/a><\/mark><\/strong> \ud83d\udd17 <\/p>\n\n\n\n<h4 class=\"wp-block-heading\">\ud83d\udd0d Explore les coulisses du nouveau monde :<\/h4>\n\n\n\n<ul class=\"wp-block-list\">\n<li>\ud83c\udf10 <a class=\"\" href=\"https:\/\/rumble.com\/user\/nonvaxer420\/videos\">Tous les contenus de NonVaxer420<\/a> \ud83c\udfa5 \ud83d\udd17<\/li>\n<\/ul>\n\n\n\n<p><\/p>\n\n\n\n<ul class=\"wp-block-list\">\n<li>\ud83e\uddea <strong>Les 16 comit\u00e9s normatifs qui red\u00e9finissent le vivant<\/strong> <em>(voir liste compl\u00e8te ci-dessous)<\/em><\/li>\n<\/ul>\n\n\n\n<p><\/p>\n\n\n\n<ol class=\"wp-block-list\">\n<li><strong>Nanotechnologie et BioDigital Convergence<\/strong> : ISO\/TC 229 s&rsquo;impose comme la <strong>norme de r\u00e9f\u00e9rence pour les nanotechnologies appliqu\u00e9es \u00e0 la m\u00e9decine<\/strong> et \u00e0 <strong>l&rsquo;humain augment\u00e9<\/strong>. Un domaine o\u00f9 l&rsquo;infiniment petit pourrait bien redessiner le vivant. <a href=\"https:\/\/search.brave.com\/search?q=ISO%2FTC+229&amp;source=android\">D\u00e9couvrir ISO\/TC 229<\/a> \ud83d\udd17<\/li>\n\n\n\n<li>G\u00e9n\u00e9tique et Sciences Omics, ISO\/TC 215 r\u00e9gule la gestion des <strong>donn\u00e9es issues de la g\u00e9nomique<\/strong>, <strong>m\u00e9tag\u00e9nomique<\/strong>, <strong>prot\u00e9omique <\/strong>et <strong>\u00e9pig\u00e9nomique<\/strong>. Les bases du contr\u00f4le du vivant version 2.0. <a href=\"https:\/\/search.brave.com\/search?q=ISO%2FTC+215&amp;source=android\">Explorer ISO\/TC 215<\/a> \ud83d\udd17<\/li>\n\n\n\n<li><strong>Bio\u00e9thique et Gestion des Risques <\/strong>: Entre <strong>d\u00e9rives technologiques<\/strong> et <strong>s\u00e9curit\u00e9 sanitaire<\/strong>, ISO\/TC 262 &#8211; IEEE P2049.4 fixent les standards pour une gouvernance responsable de ces technologies sensibles. <a href=\"https:\/\/search.brave.com\/search?q=ISO%2FTC+262&amp;source=android\">Consulter ISO\/TC 262<\/a> \ud83d\udd17<\/li>\n\n\n\n<li><strong>Biomim\u00e9tisme <\/strong>: <strong>Copier le Vivant<\/strong>, ISO\/TC 266 normalise les applications industrielles inspir\u00e9es du vivant, de la <strong>nano-m\u00e9decine aux proth\u00e8ses intelligentes<\/strong>. <a href=\"https:\/\/search.brave.com\/search?q=ISO%2FTC+266&amp;source=android\">Lire ISO\/TC 266<\/a> \ud83d\udd17<\/li>\n\n\n\n<li><strong>Ing\u00e9nierie G\u00e9n\u00e9tique Mondiale Avec ISO\/TC 194<\/strong>, les protocoles de <strong>modification g\u00e9n\u00e9tique<\/strong> se cadrent \u00e0 l\u2019<strong>\u00e9chelle internationale pour encadrer l\u2019humain r\u00e9par\u00e9 ou augment\u00e9<\/strong>. <a href=\"https:\/\/search.brave.com\/search?q=ISO%2FTC+194&amp;source=web\">D\u00e9couvrir ISO\/TC 194<\/a> \ud83d\udd17<\/li>\n\n\n\n<li><strong>Bio\u00e9lectronique et Interfaces Homme-Machine<\/strong> : Les comit\u00e9s IEC\/TC 91 et IEC\/TC 119 encadrent la bio\u00e9lectronique, <strong>secteur cl\u00e9 du transhumanisme<\/strong>. <a href=\"https:\/\/search.brave.com\/search?q=IEC%2FTC+91%3F&amp;source=web) - Voir IEC\/TC 119 (https:\/\/search.brave.com\/search?q=IEC%2FTC+119%3F&amp;source=web\">Voir IEC\/TC 91<\/a> \ud83d\udd17<\/li>\n\n\n\n<li><strong>Biosenseurs et Surveillance Biologique <\/strong>: IEEE IEC\/TC 91 fixe les r\u00e8gles pour les biosenseurs <strong>capables de capter nos constantes et transmettre en direct<\/strong>. <a href=\"https:\/\/search.brave.com\/search?q=IEEE+IEC%2FTC+91%3F&amp;source=web\">Explorer cette norme<\/a> \ud83d\udd17<\/li>\n\n\n\n<li><strong>Big Data Biologiqu<\/strong>e, JTC 1\/SC 38, SC 41 et SC 42 coordonnent les standards pour la gestion des biodonn\u00e9es : <strong>ADN<\/strong>, <strong>empreintes biologiques<\/strong> et <strong>donn\u00e9es physiologiques<\/strong> <a href=\"https:\/\/search.brave.com\/search?q=JTC+1%2FSC+38&amp;source=web\">JTC 1\/SC 38<\/a> &#8211; <a href=\"https:\/\/search.brave.com\/search?q=JTC+1%2FSC+41&amp;source=web\">JTC 1\/SC 41<\/a> &#8211; <a href=\"https:\/\/search.brave.com\/search?q=JTC+1%2FSC+42&amp;source=web\">JTC 1\/SC 42<\/a> \ud83d\udd17<\/li>\n\n\n\n<li><strong>Biologie Computationnelle, <\/strong>IEC\/SC 62b met en place les fondations pour <strong>simuler le vivant<\/strong> et <strong>pr\u00e9dire son comportement via intelligence artificielle<\/strong>. <a href=\"https:\/\/search.brave.com\/search?q=IEC%2FSC+62b&amp;source=web\">Lire IEC\/SC 62b<\/a> \ud83d\udd17<\/li>\n\n\n\n<li><strong>Bio-Analytique et Mesures Corporelles<\/strong> : JTC 1\/SC 43 encadre la <strong>collecte <\/strong>et <strong>l\u2019analyse de donn\u00e9es biom\u00e9dicales \u00e0 grande \u00e9chelle. <\/strong><a href=\"https:\/\/search.brave.com\/search?q=JTC+1%2FSC+43&amp;source=web\">D\u00e9couvrir JTC 1\/SC 43<\/a> \ud83d\udd17<\/li>\n\n\n\n<li><strong>Biobots : Les Machines Vivantes<\/strong> : Entre <strong>cyborgs <\/strong>et <strong>micro-robots m\u00e9dicaux<\/strong>, ISO\/TC 168, ATSM F48 et ISO\/TC 299 posent les r\u00e8gles de ces <strong>entit\u00e9s hybride<\/strong>s<a href=\"https:\/\/search.brave.com\/search?q=ISO%2FTC++168&amp;source=web) - ATSM F48 (https:\/\/search.brave.com\/search?q=ATSM+F48&amp;source=web) - ISO\/TC 299 (https:\/\/search.brave.com\/search?q=ISO%2FTC+299&amp;source=web\"> ISO\/TC 168<\/a> \ud83d\udd17<\/li>\n\n\n\n<li><strong>Biohacking : Le Corps Hack\u00e9<\/strong>. SYC AAL et IEEE HAWG d\u00e9finissent le cadre pour l\u2019auto-am\u00e9lioration biologique <strong>via implants<\/strong>, <strong>g\u00e9n\u00e9tique <\/strong>et <strong>modification comportementale<\/strong> <a href=\"https:\/\/search.brave.com\/search?q=SYC+AAL&amp;source=web\">SYC AAL<\/a> &#8211; <a href=\"https:\/\/search.brave.com\/search?q=IEEE+HAWG&amp;source=web\">IEEE HAWG<\/a> \ud83d\udd17<\/li>\n\n\n\n<li><strong>Normes pour l\u2019Augmentation Humaine<\/strong> : IEEE P2049.4 balise les <strong>technologies d&rsquo;augmentation humaine<\/strong>, de la <strong>neuroproth\u00e8se <\/strong>au <strong>syst\u00e8me immunitaire optimis\u00e9<\/strong>. <a href=\"https:\/\/search.brave.com\/search?q=IEEE+P2049.4&amp;source=web\">Voir IEEE P2049.4<\/a> \ud83d\udd17<\/li>\n\n\n\n<li><strong>\u00c9pid\u00e9miologie et Surveillance Environnementale<\/strong> : ISO\/TC 146 et ISO\/TC 147 pilotent la s<strong>urveillance environnementale via capteurs \u00e9pid\u00e9miologiques connect\u00e9s<\/strong> <a href=\"https:\/\/search.brave.com\/search?q=ISO%2FTC+146&amp;source=web) - ISO\/TC 147 (https:\/\/search.brave.com\/search?q=ISO%2FTC+147&amp;source=web\">ISO\/TC 146<\/a> \ud83d\udd17<\/li>\n\n\n\n<li><strong>Monitoring \u00c9cologique et Sanitaire<\/strong> : JTC1\/SC 41, ISO\/TC 282 et ISO\/TC 207 standardisent le contr\u00f4le des <strong>\u00e9cosyst\u00e8mes <\/strong>et de la <strong>sant\u00e9 publique via biocapteurs<\/strong> et <strong>IA<\/strong>. <a href=\"https:\/\/search.brave.com\/search?q=JTC1%2FSC+41&amp;source=web\">JTC1\/SC 41<\/a> &#8211; <a href=\"https:\/\/search.brave.com\/search?q=ISO%2FTC+282&amp;source=web) - ISO\/TC 207 (https:\/\/search.brave.com\/search?q=ISO%2FTC+207&amp;source=web\">ISO\/TC 282<\/a> \ud83d\udd17<\/li>\n\n\n\n<li><strong>Cyborgs et Interfaces C\u00e9r\u00e9brales<\/strong> : IEC\/TC 299 officialise le cadre pour les <strong>technologies cyborgs <\/strong>et <strong>interfaces cerveau-machine<\/strong>, au carrefour de l\u2019<strong>homme <\/strong>et de la <strong>machine<\/strong>. <a href=\"https:\/\/search.brave.com\/search?q=IEC%2FTC+299&amp;source=web\">Explorer IEC\/TC 299<\/a> \ud83d\udd17<\/li>\n<\/ol>\n\n\n\n<p><\/p>\n\n\n\n<h4 class=\"wp-block-heading\">\ud83d\udef0 Rejoins <a href=\"https:\/\/planetactus.com\/\"><mark style=\"background-color:rgba(0, 0, 0, 0)\" class=\"has-inline-color has-vivid-red-color\">la r\u00e9sistance de l\u2019info<\/mark><\/a> <strong>\ud83e\ude90<\/strong><\/h4>\n\n\n\n<p><strong>\ud83d\udca1<\/strong>&nbsp;<mark style=\"background-color:rgba(0, 0, 0, 0)\" class=\"has-inline-color has-vivid-red-color\">Si cet article vous a plu, n\u2019h\u00e9sitez pas \u00e0 le partager avec vos proches et sur tous vos r\u00e9seaux sociaux ! Suivez-nous pour plus d\u2019actualit\u00e9s passionnantes.<\/mark><\/p>\n\n\n\n<p><strong>\ud83d\udef8<\/strong><strong>&nbsp;<\/strong><strong><a href=\"https:\/\/t.me\/ufo_planetactus_sightings\">Ufo Planet Actus Sightings Investigations<\/a><\/strong><strong>&nbsp;<\/strong><strong>\ud83d\udc7d<\/strong><strong><br><\/strong><strong>\ud83e\ude90<\/strong><strong>&nbsp;<\/strong><a href=\"https:\/\/t.me\/planetactus\"><strong>Planet Actus&nbsp;True News Letters<\/strong><\/a><strong>&nbsp;<\/strong><strong>\ud83d\uddde<\/strong><strong><br><\/strong><strong>\ud83d\udcbb<\/strong><strong>&nbsp;<\/strong><a href=\"https:\/\/planetactus.com\/\"><strong>Planet Actus.com<\/strong><\/a><strong>&nbsp;<\/strong><strong>\ud83e\ude90<\/strong><\/p>\n\n\n<div class=\"wp-block-post-author\"><div class=\"wp-block-post-author__avatar\"><img decoding=async data-opt-id=1391982141  alt='' src='\/\/www.gravatar.com\/avatar\/1f651b4ef1fc23d4d1601d6f2649258e?s=48&#038;r=g&#038;d=mm' srcset='\/\/www.gravatar.com\/avatar\/1f651b4ef1fc23d4d1601d6f2649258e?s=48&#038;r=g&#038;d=mm 2x' class='avatar avatar-48 photo' height='48' width='48' \/><\/div><div class=\"wp-block-post-author__content\"><p class=\"wp-block-post-author__byline\"><a href=\"https:\/\/planetactus.com\/\">planetactus<\/a><\/p><p class=\"wp-block-post-author__name\">planetactus.com<\/p><\/div><\/div><div class=\"gsp_post_data\" \r\n\t            data-post_type=\"post\" \r\n\t            data-cat=\"a-la-une,chikungunya,nonvaxer-420,sante,sante-info-droits,scandale-sanitaire,securite-des-patients\" \r\n\t            data-modified=\"120\"\r\n\t            data-created=\"1745889429\"\r\n\t            data-title=\"Scandale Sanitaire. L&rsquo;\u00eele de La R\u00e9union en Panique : Chikungunya, Vaccin et Crise de Confiance. Un D\u00e9c\u00e8s R\u00e9v\u00e8le la Face Cach\u00e9e du Vaccin ! La Rue Gronde : \u00ab\u00a0On N&rsquo;est Pas des Cobayes !\" \r\n\t            data-home=\"https:\/\/planetactus.com\"><\/div>","protected":false},"excerpt":{"rendered":"<p>\ud83d\udea8 Chikungunya : Un D\u00e9c\u00e8s de Trop ! La R\u00e9union Sonn\u00e9e par le Retrait d&rsquo;Urgence du Vaccin Chikungunya : Une Vaccination Qui Vire au Scandale &#8211; La R\u00e9union R\u00e9clame des Comptes ! \ud83e\udd9f Vaccination Sous Tension : La R\u00e9union Brise le Silence C\u2019est l\u2019explosion que personne n\u2019avait vue venir ! Apr\u00e8s avoir mis\u00e9 tout son [&hellip;]<\/p>\n","protected":false},"author":1,"featured_media":4456,"comment_status":"open","ping_status":"open","sticky":false,"template":"","format":"standard","meta":{"_bbp_topic_count":0,"_bbp_reply_count":0,"_bbp_total_topic_count":0,"_bbp_total_reply_count":0,"_bbp_voice_count":0,"_bbp_anonymous_reply_count":0,"_bbp_topic_count_hidden":0,"_bbp_reply_count_hidden":0,"_bbp_forum_subforum_count":0,"fifu_image_url":"","fifu_image_alt":"","_jetpack_memberships_contains_paid_content":false,"footnotes":"","jetpack_publicize_message":"","jetpack_publicize_feature_enabled":true,"jetpack_social_post_already_shared":false,"jetpack_social_options":{"image_generator_settings":{"template":"highway","default_image_id":0,"font":"","enabled":false},"version":2}},"categories":[19,163,27,11,127,162,128],"tags":[],"class_list":["post-4433","post","type-post","status-publish","format-standard","has-post-thumbnail","hentry","category-a-la-une","category-chikungunya","category-nonvaxer-420","category-sante","category-sante-info-droits","category-scandale-sanitaire","category-securite-des-patients"],"featured_image_src":"https:\/\/mlrdeoj2ejbf.i.optimole.com\/cb:mvHM.4ca\/w:auto\/h:auto\/q:mauto\/f:best\/https:\/\/i0.wp.com\/planetactus.com\/wp-content\/uploads\/2025\/04\/Scandale-Sanitaire.-Lile-de-La-Reunion-Explose.-Chikungunya-Vaccin-et-Crise-de-Confiance_Planet-Actus-IA.jpg?fit=1536%2C1024&ssl=1","author_info":{"display_name":"planetactus.com","author_link":"https:\/\/planetactus.com\/index.php\/author\/admin9861\/"},"yoast_head":"<!-- This site is optimized with the Yoast SEO plugin v27.5 - https:\/\/yoast.com\/product\/yoast-seo-wordpress\/ -->\n<title>Scandale Sanitaire. L&#039;\u00eele de La R\u00e9union en Panique : Chikungunya, Vaccin et Crise de Confiance. Un D\u00e9c\u00e8s R\u00e9v\u00e8le la Face Cach\u00e9e du Vaccin ! La Rue Gronde : &quot;On N&#039;est Pas des Cobayes ! -<\/title>\n<meta name=\"description\" content=\"C\u2019est l\u2019explosion que personne n\u2019avait vue venir ! Apr\u00e8s avoir mis\u00e9 tout son plan de riposte sur la vaccination, La R\u00e9union est frapp\u00e9e de plein fouet par une terrible nouvelle : un d\u00e9c\u00e8s et deux autres effets secondaires graves ont forc\u00e9 les autorit\u00e9s \u00e0 retirer imm\u00e9diatement le vaccin IXCHIQ pour les plus de 65 ans.\" class=\"yoast-seo-meta-tag\" \/>\n<meta name=\"robots\" content=\"index, follow, max-snippet:-1, max-image-preview:large, max-video-preview:-1\" \/>\n<link rel=\"canonical\" href=\"https:\/\/planetactus.com\/index.php\/2025\/04\/29\/scandale-sanitaire-lile-de-la-reunion-en-panique-chikungunya-vaccin-et-crise-de-confiance-un-deces-revele-la-face-cachee-du-vaccin-la-rue-gronde-on-nest-pas-des-cobayes\/\" class=\"yoast-seo-meta-tag\" \/>\n<meta property=\"og:locale\" content=\"fr_FR\" class=\"yoast-seo-meta-tag\" \/>\n<meta property=\"og:type\" content=\"article\" class=\"yoast-seo-meta-tag\" \/>\n<meta property=\"og:title\" content=\"Scandale Sanitaire. L&#039;\u00eele de La R\u00e9union en Panique : Chikungunya, Vaccin et Crise de Confiance. Un D\u00e9c\u00e8s R\u00e9v\u00e8le la Face Cach\u00e9e du Vaccin ! La Rue Gronde : &quot;On N&#039;est Pas des Cobayes !\" class=\"yoast-seo-meta-tag\" \/>\n<meta property=\"og:description\" content=\"Scandale Sanitaire. L&#039;\u00eele de La R\u00e9union en Panique : Chikungunya, Vaccin et Crise de Confiance. Un D\u00e9c\u00e8s R\u00e9v\u00e8le la Face Cach\u00e9e du Vaccin ! La Rue Gronde : &quot;On N&#039;est Pas des Cobayes !\" class=\"yoast-seo-meta-tag\" \/>\n<meta property=\"og:url\" content=\"https:\/\/planetactus.com\/index.php\/2025\/04\/29\/scandale-sanitaire-lile-de-la-reunion-en-panique-chikungunya-vaccin-et-crise-de-confiance-un-deces-revele-la-face-cachee-du-vaccin-la-rue-gronde-on-nest-pas-des-cobayes\/\" class=\"yoast-seo-meta-tag\" \/>\n<meta property=\"article:publisher\" content=\"https:\/\/www.facebook.com\/profile.php?id=61561620320740\" class=\"yoast-seo-meta-tag\" \/>\n<meta property=\"article:author\" content=\"https:\/\/www.facebook.com\/profile.php?id=61561620320740\" class=\"yoast-seo-meta-tag\" \/>\n<meta property=\"article:published_time\" content=\"2025-04-28T23:17:09+00:00\" class=\"yoast-seo-meta-tag\" \/>\n<meta property=\"article:modified_time\" content=\"2025-04-29T05:58:39+00:00\" class=\"yoast-seo-meta-tag\" \/>\n<meta property=\"og:image\" content=\"https:\/\/mlrdeoj2ejbf.i.optimole.com\/cb:mvHM.4ca\/w:auto\/h:auto\/q:mauto\/f:best\/http:\/\/planetactus.com\/wp-content\/uploads\/2025\/04\/Scandale-Sanitaire.-Lile-de-La-Reunion-Explose.-Chikungunya-Vaccin-et-Crise-de-Confiance_Planet-Actus-IA.jpg\" class=\"yoast-seo-meta-tag\" \/>\n\t<meta property=\"og:image:width\" content=\"1536\" class=\"yoast-seo-meta-tag\" \/>\n\t<meta property=\"og:image:height\" content=\"1024\" class=\"yoast-seo-meta-tag\" \/>\n\t<meta property=\"og:image:type\" content=\"image\/jpeg\" class=\"yoast-seo-meta-tag\" \/>\n<meta name=\"author\" content=\"planetactus.com\" class=\"yoast-seo-meta-tag\" \/>\n<meta name=\"twitter:card\" content=\"summary_large_image\" class=\"yoast-seo-meta-tag\" \/>\n<meta name=\"twitter:creator\" content=\"@https:\/\/x.com\/PlanetActus\" class=\"yoast-seo-meta-tag\" \/>\n<meta name=\"twitter:site\" content=\"@PlanetActus\" class=\"yoast-seo-meta-tag\" \/>\n<meta name=\"twitter:label1\" content=\"\u00c9crit par\" class=\"yoast-seo-meta-tag\" \/>\n\t<meta name=\"twitter:data1\" content=\"planetactus.com\" class=\"yoast-seo-meta-tag\" \/>\n\t<meta name=\"twitter:label2\" content=\"Dur\u00e9e de lecture estim\u00e9e\" class=\"yoast-seo-meta-tag\" \/>\n\t<meta name=\"twitter:data2\" content=\"27 minutes\" class=\"yoast-seo-meta-tag\" \/>\n<script type=\"application\/ld+json\" class=\"yoast-schema-graph\">{\"@context\":\"https:\\\/\\\/schema.org\",\"@graph\":[{\"@type\":\"Article\",\"@id\":\"https:\\\/\\\/planetactus.com\\\/index.php\\\/2025\\\/04\\\/29\\\/scandale-sanitaire-lile-de-la-reunion-en-panique-chikungunya-vaccin-et-crise-de-confiance-un-deces-revele-la-face-cachee-du-vaccin-la-rue-gronde-on-nest-pas-des-cobayes\\\/#article\",\"isPartOf\":{\"@id\":\"https:\\\/\\\/planetactus.com\\\/index.php\\\/2025\\\/04\\\/29\\\/scandale-sanitaire-lile-de-la-reunion-en-panique-chikungunya-vaccin-et-crise-de-confiance-un-deces-revele-la-face-cachee-du-vaccin-la-rue-gronde-on-nest-pas-des-cobayes\\\/\"},\"author\":{\"name\":\"planetactus.com\",\"@id\":\"https:\\\/\\\/planetactus.com\\\/#\\\/schema\\\/person\\\/fbb75ac73a2424d2e176d31b021372a4\"},\"headline\":\"Scandale Sanitaire. L&rsquo;\u00eele de La R\u00e9union en Panique : Chikungunya, Vaccin et Crise de Confiance. Un D\u00e9c\u00e8s R\u00e9v\u00e8le la Face Cach\u00e9e du Vaccin ! La Rue Gronde : \u00ab\u00a0On N&rsquo;est Pas des Cobayes !\",\"datePublished\":\"2025-04-28T23:17:09+00:00\",\"dateModified\":\"2025-04-29T05:58:39+00:00\",\"mainEntityOfPage\":{\"@id\":\"https:\\\/\\\/planetactus.com\\\/index.php\\\/2025\\\/04\\\/29\\\/scandale-sanitaire-lile-de-la-reunion-en-panique-chikungunya-vaccin-et-crise-de-confiance-un-deces-revele-la-face-cachee-du-vaccin-la-rue-gronde-on-nest-pas-des-cobayes\\\/\"},\"wordCount\":5791,\"commentCount\":0,\"publisher\":{\"@id\":\"https:\\\/\\\/planetactus.com\\\/#\\\/schema\\\/person\\\/fbb75ac73a2424d2e176d31b021372a4\"},\"image\":{\"@id\":\"https:\\\/\\\/planetactus.com\\\/index.php\\\/2025\\\/04\\\/29\\\/scandale-sanitaire-lile-de-la-reunion-en-panique-chikungunya-vaccin-et-crise-de-confiance-un-deces-revele-la-face-cachee-du-vaccin-la-rue-gronde-on-nest-pas-des-cobayes\\\/#primaryimage\"},\"thumbnailUrl\":\"https:\\/\\/i0.wp.com\\/planetactus.com\\/wp-content\\/uploads\\/2025\\/04\\/Scandale-Sanitaire.-Lile-de-La-Reunion-Explose.-Chikungunya-Vaccin-et-Crise-de-Confiance_Planet-Actus-IA.jpg?fit=1536%2C1024&ssl=1\",\"articleSection\":[\"A la Une\",\"Chikungunya\",\"Nonvaxer 420\",\"Sant\u00e9\",\"Sant\u00e9 - Info - Droits\",\"Scandale Sanitaire\",\"S\u00e9curit\u00e9 des Patients\"],\"inLanguage\":\"fr-FR\",\"potentialAction\":[{\"@type\":\"CommentAction\",\"name\":\"Comment\",\"target\":[\"https:\\\/\\\/planetactus.com\\\/index.php\\\/2025\\\/04\\\/29\\\/scandale-sanitaire-lile-de-la-reunion-en-panique-chikungunya-vaccin-et-crise-de-confiance-un-deces-revele-la-face-cachee-du-vaccin-la-rue-gronde-on-nest-pas-des-cobayes\\\/#respond\"]}]},{\"@type\":\"WebPage\",\"@id\":\"https:\\\/\\\/planetactus.com\\\/index.php\\\/2025\\\/04\\\/29\\\/scandale-sanitaire-lile-de-la-reunion-en-panique-chikungunya-vaccin-et-crise-de-confiance-un-deces-revele-la-face-cachee-du-vaccin-la-rue-gronde-on-nest-pas-des-cobayes\\\/\",\"url\":\"https:\\\/\\\/planetactus.com\\\/index.php\\\/2025\\\/04\\\/29\\\/scandale-sanitaire-lile-de-la-reunion-en-panique-chikungunya-vaccin-et-crise-de-confiance-un-deces-revele-la-face-cachee-du-vaccin-la-rue-gronde-on-nest-pas-des-cobayes\\\/\",\"name\":\"Scandale Sanitaire. L'\u00eele de La R\u00e9union en Panique : Chikungunya, Vaccin et Crise de Confiance. Un D\u00e9c\u00e8s R\u00e9v\u00e8le la Face Cach\u00e9e du Vaccin ! La Rue Gronde : \\\"On N'est Pas des Cobayes ! -\",\"isPartOf\":{\"@id\":\"https:\\\/\\\/planetactus.com\\\/#website\"},\"primaryImageOfPage\":{\"@id\":\"https:\\\/\\\/planetactus.com\\\/index.php\\\/2025\\\/04\\\/29\\\/scandale-sanitaire-lile-de-la-reunion-en-panique-chikungunya-vaccin-et-crise-de-confiance-un-deces-revele-la-face-cachee-du-vaccin-la-rue-gronde-on-nest-pas-des-cobayes\\\/#primaryimage\"},\"image\":{\"@id\":\"https:\\\/\\\/planetactus.com\\\/index.php\\\/2025\\\/04\\\/29\\\/scandale-sanitaire-lile-de-la-reunion-en-panique-chikungunya-vaccin-et-crise-de-confiance-un-deces-revele-la-face-cachee-du-vaccin-la-rue-gronde-on-nest-pas-des-cobayes\\\/#primaryimage\"},\"thumbnailUrl\":\"https:\\/\\/i0.wp.com\\/planetactus.com\\/wp-content\\/uploads\\/2025\\/04\\/Scandale-Sanitaire.-Lile-de-La-Reunion-Explose.-Chikungunya-Vaccin-et-Crise-de-Confiance_Planet-Actus-IA.jpg?fit=1536%2C1024&ssl=1\",\"datePublished\":\"2025-04-28T23:17:09+00:00\",\"dateModified\":\"2025-04-29T05:58:39+00:00\",\"description\":\"C\u2019est l\u2019explosion que personne n\u2019avait vue venir ! Apr\u00e8s avoir mis\u00e9 tout son plan de riposte sur la vaccination, La R\u00e9union est frapp\u00e9e de plein fouet par une terrible nouvelle : un d\u00e9c\u00e8s et deux autres effets secondaires graves ont forc\u00e9 les autorit\u00e9s \u00e0 retirer imm\u00e9diatement le vaccin IXCHIQ pour les plus de 65 ans.\",\"breadcrumb\":{\"@id\":\"https:\\\/\\\/planetactus.com\\\/index.php\\\/2025\\\/04\\\/29\\\/scandale-sanitaire-lile-de-la-reunion-en-panique-chikungunya-vaccin-et-crise-de-confiance-un-deces-revele-la-face-cachee-du-vaccin-la-rue-gronde-on-nest-pas-des-cobayes\\\/#breadcrumb\"},\"inLanguage\":\"fr-FR\",\"potentialAction\":[{\"@type\":\"ReadAction\",\"target\":[\"https:\\\/\\\/planetactus.com\\\/index.php\\\/2025\\\/04\\\/29\\\/scandale-sanitaire-lile-de-la-reunion-en-panique-chikungunya-vaccin-et-crise-de-confiance-un-deces-revele-la-face-cachee-du-vaccin-la-rue-gronde-on-nest-pas-des-cobayes\\\/\"]}]},{\"@type\":\"ImageObject\",\"inLanguage\":\"fr-FR\",\"@id\":\"https:\\\/\\\/planetactus.com\\\/index.php\\\/2025\\\/04\\\/29\\\/scandale-sanitaire-lile-de-la-reunion-en-panique-chikungunya-vaccin-et-crise-de-confiance-un-deces-revele-la-face-cachee-du-vaccin-la-rue-gronde-on-nest-pas-des-cobayes\\\/#primaryimage\",\"url\":\"https:\\/\\/i0.wp.com\\/planetactus.com\\/wp-content\\/uploads\\/2025\\/04\\/Scandale-Sanitaire.-Lile-de-La-Reunion-Explose.-Chikungunya-Vaccin-et-Crise-de-Confiance_Planet-Actus-IA.jpg?fit=1536%2C1024&ssl=1\",\"contentUrl\":\"https:\\/\\/i0.wp.com\\/planetactus.com\\/wp-content\\/uploads\\/2025\\/04\\/Scandale-Sanitaire.-Lile-de-La-Reunion-Explose.-Chikungunya-Vaccin-et-Crise-de-Confiance_Planet-Actus-IA.jpg?fit=1536%2C1024&ssl=1\",\"width\":1536,\"height\":1024,\"caption\":\"Scandale Sanitaire. L'\u00eele de La R\u00e9union Explose. Chikungunya, Vaccin et Crise de Confiance_Planet Actus IA\"},{\"@type\":\"BreadcrumbList\",\"@id\":\"https:\\\/\\\/planetactus.com\\\/index.php\\\/2025\\\/04\\\/29\\\/scandale-sanitaire-lile-de-la-reunion-en-panique-chikungunya-vaccin-et-crise-de-confiance-un-deces-revele-la-face-cachee-du-vaccin-la-rue-gronde-on-nest-pas-des-cobayes\\\/#breadcrumb\",\"itemListElement\":[{\"@type\":\"ListItem\",\"position\":1,\"name\":\"Accueil\",\"item\":\"https:\\\/\\\/planetactus.com\\\/\"},{\"@type\":\"ListItem\",\"position\":2,\"name\":\"Scandale Sanitaire. L&rsquo;\u00eele de La R\u00e9union en Panique : Chikungunya, Vaccin et Crise de Confiance. Un D\u00e9c\u00e8s R\u00e9v\u00e8le la Face Cach\u00e9e du Vaccin ! La Rue Gronde : \u00ab\u00a0On N&rsquo;est Pas des Cobayes !\"}]},{\"@type\":\"WebSite\",\"@id\":\"https:\\\/\\\/planetactus.com\\\/#website\",\"url\":\"https:\\\/\\\/planetactus.com\\\/\",\"name\":\"PLANET ACTUS\",\"description\":\"PLANET ACTUS\",\"publisher\":{\"@id\":\"https:\\\/\\\/planetactus.com\\\/#\\\/schema\\\/person\\\/fbb75ac73a2424d2e176d31b021372a4\"},\"potentialAction\":[{\"@type\":\"SearchAction\",\"target\":{\"@type\":\"EntryPoint\",\"urlTemplate\":\"https:\\\/\\\/planetactus.com\\\/?s={search_term_string}\"},\"query-input\":{\"@type\":\"PropertyValueSpecification\",\"valueRequired\":true,\"valueName\":\"search_term_string\"}}],\"inLanguage\":\"fr-FR\"},{\"@type\":[\"Person\",\"Organization\"],\"@id\":\"https:\\\/\\\/planetactus.com\\\/#\\\/schema\\\/person\\\/fbb75ac73a2424d2e176d31b021372a4\",\"name\":\"planetactus.com\",\"image\":{\"@type\":\"ImageObject\",\"inLanguage\":\"fr-FR\",\"@id\":\"https:\\/\\/i0.wp.com\\/planetactus.com\\/wp-content\\/uploads\\/2024\\/07\\/cropped-2-Planet-Actus-Banniere-02a.jpg?fit=1189%2C365&ssl=1\",\"url\":\"https:\\/\\/i0.wp.com\\/planetactus.com\\/wp-content\\/uploads\\/2024\\/07\\/cropped-2-Planet-Actus-Banniere-02a.jpg?fit=1189%2C365&ssl=1\",\"contentUrl\":\"https:\\/\\/i0.wp.com\\/planetactus.com\\/wp-content\\/uploads\\/2024\\/07\\/cropped-2-Planet-Actus-Banniere-02a.jpg?fit=1189%2C365&ssl=1\",\"width\":1189,\"height\":365,\"caption\":\"planetactus.com\"},\"logo\":{\"@id\":\"https:\\/\\/i0.wp.com\\/planetactus.com\\/wp-content\\/uploads\\/2024\\/07\\/cropped-2-Planet-Actus-Banniere-02a.jpg?fit=1189%2C365&ssl=1\"},\"sameAs\":[\"http:\\\/\\\/planetactus.com\",\"https:\\\/\\\/www.facebook.com\\\/profile.php?id=61561620320740\",\"https:\\\/\\\/x.com\\\/https:\\\/\\\/x.com\\\/PlanetActus\",\"https:\\\/\\\/www.youtube.com\\\/@PlanetActus\"],\"url\":\"https:\\\/\\\/planetactus.com\\\/index.php\\\/author\\\/admin9861\\\/\"}]}<\/script>\n<!-- \/ Yoast SEO plugin. -->","yoast_head_json":{"title":"Scandale Sanitaire. L'\u00eele de La R\u00e9union en Panique : Chikungunya, Vaccin et Crise de Confiance. Un D\u00e9c\u00e8s R\u00e9v\u00e8le la Face Cach\u00e9e du Vaccin ! La Rue Gronde : \"On N'est Pas des Cobayes ! -","description":"C\u2019est l\u2019explosion que personne n\u2019avait vue venir ! Apr\u00e8s avoir mis\u00e9 tout son plan de riposte sur la vaccination, La R\u00e9union est frapp\u00e9e de plein fouet par une terrible nouvelle : un d\u00e9c\u00e8s et deux autres effets secondaires graves ont forc\u00e9 les autorit\u00e9s \u00e0 retirer imm\u00e9diatement le vaccin IXCHIQ pour les plus de 65 ans.","robots":{"index":"index","follow":"follow","max-snippet":"max-snippet:-1","max-image-preview":"max-image-preview:large","max-video-preview":"max-video-preview:-1"},"canonical":"https:\/\/planetactus.com\/index.php\/2025\/04\/29\/scandale-sanitaire-lile-de-la-reunion-en-panique-chikungunya-vaccin-et-crise-de-confiance-un-deces-revele-la-face-cachee-du-vaccin-la-rue-gronde-on-nest-pas-des-cobayes\/","og_locale":"fr_FR","og_type":"article","og_title":"Scandale Sanitaire. L'\u00eele de La R\u00e9union en Panique : Chikungunya, Vaccin et Crise de Confiance. Un D\u00e9c\u00e8s R\u00e9v\u00e8le la Face Cach\u00e9e du Vaccin ! La Rue Gronde : \"On N'est Pas des Cobayes !","og_description":"Scandale Sanitaire. L'\u00eele de La R\u00e9union en Panique : Chikungunya, Vaccin et Crise de Confiance. Un D\u00e9c\u00e8s R\u00e9v\u00e8le la Face Cach\u00e9e du Vaccin ! La Rue Gronde : \"On N'est Pas des Cobayes !","og_url":"https:\/\/planetactus.com\/index.php\/2025\/04\/29\/scandale-sanitaire-lile-de-la-reunion-en-panique-chikungunya-vaccin-et-crise-de-confiance-un-deces-revele-la-face-cachee-du-vaccin-la-rue-gronde-on-nest-pas-des-cobayes\/","article_publisher":"https:\/\/www.facebook.com\/profile.php?id=61561620320740","article_author":"https:\/\/www.facebook.com\/profile.php?id=61561620320740","article_published_time":"2025-04-28T23:17:09+00:00","article_modified_time":"2025-04-29T05:58:39+00:00","og_image":[{"width":1536,"height":1024,"url":"https:\/\/mlrdeoj2ejbf.i.optimole.com\/cb:mvHM.4ca\/w:auto\/h:auto\/q:mauto\/f:best\/http:\/\/planetactus.com\/wp-content\/uploads\/2025\/04\/Scandale-Sanitaire.-Lile-de-La-Reunion-Explose.-Chikungunya-Vaccin-et-Crise-de-Confiance_Planet-Actus-IA.jpg","type":"image\/jpeg"}],"author":"planetactus.com","twitter_card":"summary_large_image","twitter_creator":"@https:\/\/x.com\/PlanetActus","twitter_site":"@PlanetActus","twitter_misc":{"\u00c9crit par":"planetactus.com","Dur\u00e9e de lecture estim\u00e9e":"27 minutes"},"schema":{"@context":"https:\/\/schema.org","@graph":[{"@type":"Article","@id":"https:\/\/planetactus.com\/index.php\/2025\/04\/29\/scandale-sanitaire-lile-de-la-reunion-en-panique-chikungunya-vaccin-et-crise-de-confiance-un-deces-revele-la-face-cachee-du-vaccin-la-rue-gronde-on-nest-pas-des-cobayes\/#article","isPartOf":{"@id":"https:\/\/planetactus.com\/index.php\/2025\/04\/29\/scandale-sanitaire-lile-de-la-reunion-en-panique-chikungunya-vaccin-et-crise-de-confiance-un-deces-revele-la-face-cachee-du-vaccin-la-rue-gronde-on-nest-pas-des-cobayes\/"},"author":{"name":"planetactus.com","@id":"https:\/\/planetactus.com\/#\/schema\/person\/fbb75ac73a2424d2e176d31b021372a4"},"headline":"Scandale Sanitaire. L&rsquo;\u00eele de La R\u00e9union en Panique : Chikungunya, Vaccin et Crise de Confiance. Un D\u00e9c\u00e8s R\u00e9v\u00e8le la Face Cach\u00e9e du Vaccin ! La Rue Gronde : \u00ab\u00a0On N&rsquo;est Pas des Cobayes !","datePublished":"2025-04-28T23:17:09+00:00","dateModified":"2025-04-29T05:58:39+00:00","mainEntityOfPage":{"@id":"https:\/\/planetactus.com\/index.php\/2025\/04\/29\/scandale-sanitaire-lile-de-la-reunion-en-panique-chikungunya-vaccin-et-crise-de-confiance-un-deces-revele-la-face-cachee-du-vaccin-la-rue-gronde-on-nest-pas-des-cobayes\/"},"wordCount":5791,"commentCount":0,"publisher":{"@id":"https:\/\/planetactus.com\/#\/schema\/person\/fbb75ac73a2424d2e176d31b021372a4"},"image":{"@id":"https:\/\/planetactus.com\/index.php\/2025\/04\/29\/scandale-sanitaire-lile-de-la-reunion-en-panique-chikungunya-vaccin-et-crise-de-confiance-un-deces-revele-la-face-cachee-du-vaccin-la-rue-gronde-on-nest-pas-des-cobayes\/#primaryimage"},"thumbnailUrl":"https:\/\/mlrdeoj2ejbf.i.optimole.com\/cb:mvHM.4ca\/w:auto\/h:auto\/q:mauto\/f:best\/https:\/\/i0.wp.com\/planetactus.com\/wp-content\/uploads\/2025\/04\/Scandale-Sanitaire.-Lile-de-La-Reunion-Explose.-Chikungunya-Vaccin-et-Crise-de-Confiance_Planet-Actus-IA.jpg?fit=1536%2C1024&ssl=1","articleSection":["A la Une","Chikungunya","Nonvaxer 420","Sant\u00e9","Sant\u00e9 - Info - Droits","Scandale Sanitaire","S\u00e9curit\u00e9 des Patients"],"inLanguage":"fr-FR","potentialAction":[{"@type":"CommentAction","name":"Comment","target":["https:\/\/planetactus.com\/index.php\/2025\/04\/29\/scandale-sanitaire-lile-de-la-reunion-en-panique-chikungunya-vaccin-et-crise-de-confiance-un-deces-revele-la-face-cachee-du-vaccin-la-rue-gronde-on-nest-pas-des-cobayes\/#respond"]}]},{"@type":"WebPage","@id":"https:\/\/planetactus.com\/index.php\/2025\/04\/29\/scandale-sanitaire-lile-de-la-reunion-en-panique-chikungunya-vaccin-et-crise-de-confiance-un-deces-revele-la-face-cachee-du-vaccin-la-rue-gronde-on-nest-pas-des-cobayes\/","url":"https:\/\/planetactus.com\/index.php\/2025\/04\/29\/scandale-sanitaire-lile-de-la-reunion-en-panique-chikungunya-vaccin-et-crise-de-confiance-un-deces-revele-la-face-cachee-du-vaccin-la-rue-gronde-on-nest-pas-des-cobayes\/","name":"Scandale Sanitaire. L'\u00eele de La R\u00e9union en Panique : Chikungunya, Vaccin et Crise de Confiance. Un D\u00e9c\u00e8s R\u00e9v\u00e8le la Face Cach\u00e9e du Vaccin ! La Rue Gronde : \"On N'est Pas des Cobayes ! -","isPartOf":{"@id":"https:\/\/planetactus.com\/#website"},"primaryImageOfPage":{"@id":"https:\/\/planetactus.com\/index.php\/2025\/04\/29\/scandale-sanitaire-lile-de-la-reunion-en-panique-chikungunya-vaccin-et-crise-de-confiance-un-deces-revele-la-face-cachee-du-vaccin-la-rue-gronde-on-nest-pas-des-cobayes\/#primaryimage"},"image":{"@id":"https:\/\/planetactus.com\/index.php\/2025\/04\/29\/scandale-sanitaire-lile-de-la-reunion-en-panique-chikungunya-vaccin-et-crise-de-confiance-un-deces-revele-la-face-cachee-du-vaccin-la-rue-gronde-on-nest-pas-des-cobayes\/#primaryimage"},"thumbnailUrl":"https:\/\/mlrdeoj2ejbf.i.optimole.com\/cb:mvHM.4ca\/w:auto\/h:auto\/q:mauto\/f:best\/https:\/\/i0.wp.com\/planetactus.com\/wp-content\/uploads\/2025\/04\/Scandale-Sanitaire.-Lile-de-La-Reunion-Explose.-Chikungunya-Vaccin-et-Crise-de-Confiance_Planet-Actus-IA.jpg?fit=1536%2C1024&ssl=1","datePublished":"2025-04-28T23:17:09+00:00","dateModified":"2025-04-29T05:58:39+00:00","description":"C\u2019est l\u2019explosion que personne n\u2019avait vue venir ! Apr\u00e8s avoir mis\u00e9 tout son plan de riposte sur la vaccination, La R\u00e9union est frapp\u00e9e de plein fouet par une terrible nouvelle : un d\u00e9c\u00e8s et deux autres effets secondaires graves ont forc\u00e9 les autorit\u00e9s \u00e0 retirer imm\u00e9diatement le vaccin IXCHIQ pour les plus de 65 ans.","breadcrumb":{"@id":"https:\/\/planetactus.com\/index.php\/2025\/04\/29\/scandale-sanitaire-lile-de-la-reunion-en-panique-chikungunya-vaccin-et-crise-de-confiance-un-deces-revele-la-face-cachee-du-vaccin-la-rue-gronde-on-nest-pas-des-cobayes\/#breadcrumb"},"inLanguage":"fr-FR","potentialAction":[{"@type":"ReadAction","target":["https:\/\/planetactus.com\/index.php\/2025\/04\/29\/scandale-sanitaire-lile-de-la-reunion-en-panique-chikungunya-vaccin-et-crise-de-confiance-un-deces-revele-la-face-cachee-du-vaccin-la-rue-gronde-on-nest-pas-des-cobayes\/"]}]},{"@type":"ImageObject","inLanguage":"fr-FR","@id":"https:\/\/planetactus.com\/index.php\/2025\/04\/29\/scandale-sanitaire-lile-de-la-reunion-en-panique-chikungunya-vaccin-et-crise-de-confiance-un-deces-revele-la-face-cachee-du-vaccin-la-rue-gronde-on-nest-pas-des-cobayes\/#primaryimage","url":"https:\/\/mlrdeoj2ejbf.i.optimole.com\/cb:mvHM.4ca\/w:auto\/h:auto\/q:mauto\/f:best\/https:\/\/i0.wp.com\/planetactus.com\/wp-content\/uploads\/2025\/04\/Scandale-Sanitaire.-Lile-de-La-Reunion-Explose.-Chikungunya-Vaccin-et-Crise-de-Confiance_Planet-Actus-IA.jpg?fit=1536%2C1024&ssl=1","contentUrl":"https:\/\/mlrdeoj2ejbf.i.optimole.com\/cb:mvHM.4ca\/w:auto\/h:auto\/q:mauto\/f:best\/https:\/\/i0.wp.com\/planetactus.com\/wp-content\/uploads\/2025\/04\/Scandale-Sanitaire.-Lile-de-La-Reunion-Explose.-Chikungunya-Vaccin-et-Crise-de-Confiance_Planet-Actus-IA.jpg?fit=1536%2C1024&ssl=1","width":1536,"height":1024,"caption":"Scandale Sanitaire. L'\u00eele de La R\u00e9union Explose. Chikungunya, Vaccin et Crise de Confiance_Planet Actus IA"},{"@type":"BreadcrumbList","@id":"https:\/\/planetactus.com\/index.php\/2025\/04\/29\/scandale-sanitaire-lile-de-la-reunion-en-panique-chikungunya-vaccin-et-crise-de-confiance-un-deces-revele-la-face-cachee-du-vaccin-la-rue-gronde-on-nest-pas-des-cobayes\/#breadcrumb","itemListElement":[{"@type":"ListItem","position":1,"name":"Accueil","item":"https:\/\/planetactus.com\/"},{"@type":"ListItem","position":2,"name":"Scandale Sanitaire. L&rsquo;\u00eele de La R\u00e9union en Panique : Chikungunya, Vaccin et Crise de Confiance. Un D\u00e9c\u00e8s R\u00e9v\u00e8le la Face Cach\u00e9e du Vaccin ! La Rue Gronde : \u00ab\u00a0On N&rsquo;est Pas des Cobayes !"}]},{"@type":"WebSite","@id":"https:\/\/planetactus.com\/#website","url":"https:\/\/planetactus.com\/","name":"PLANET ACTUS","description":"PLANET ACTUS","publisher":{"@id":"https:\/\/planetactus.com\/#\/schema\/person\/fbb75ac73a2424d2e176d31b021372a4"},"potentialAction":[{"@type":"SearchAction","target":{"@type":"EntryPoint","urlTemplate":"https:\/\/planetactus.com\/?s={search_term_string}"},"query-input":{"@type":"PropertyValueSpecification","valueRequired":true,"valueName":"search_term_string"}}],"inLanguage":"fr-FR"},{"@type":["Person","Organization"],"@id":"https:\/\/planetactus.com\/#\/schema\/person\/fbb75ac73a2424d2e176d31b021372a4","name":"planetactus.com","image":{"@type":"ImageObject","inLanguage":"fr-FR","@id":"https:\/\/mlrdeoj2ejbf.i.optimole.com\/cb:mvHM.4ca\/w:auto\/h:auto\/q:mauto\/f:best\/https:\/\/i0.wp.com\/planetactus.com\/wp-content\/uploads\/2024\/07\/cropped-2-Planet-Actus-Banniere-02a.jpg?fit=1189%2C365&ssl=1","url":"https:\/\/mlrdeoj2ejbf.i.optimole.com\/cb:mvHM.4ca\/w:auto\/h:auto\/q:mauto\/f:best\/https:\/\/i0.wp.com\/planetactus.com\/wp-content\/uploads\/2024\/07\/cropped-2-Planet-Actus-Banniere-02a.jpg?fit=1189%2C365&ssl=1","contentUrl":"https:\/\/mlrdeoj2ejbf.i.optimole.com\/cb:mvHM.4ca\/w:auto\/h:auto\/q:mauto\/f:best\/https:\/\/i0.wp.com\/planetactus.com\/wp-content\/uploads\/2024\/07\/cropped-2-Planet-Actus-Banniere-02a.jpg?fit=1189%2C365&ssl=1","width":1189,"height":365,"caption":"planetactus.com"},"logo":{"@id":"https:\/\/mlrdeoj2ejbf.i.optimole.com\/cb:mvHM.4ca\/w:auto\/h:auto\/q:mauto\/f:best\/https:\/\/i0.wp.com\/planetactus.com\/wp-content\/uploads\/2024\/07\/cropped-2-Planet-Actus-Banniere-02a.jpg?fit=1189%2C365&ssl=1"},"sameAs":["http:\/\/planetactus.com","https:\/\/www.facebook.com\/profile.php?id=61561620320740","https:\/\/x.com\/https:\/\/x.com\/PlanetActus","https:\/\/www.youtube.com\/@PlanetActus"],"url":"https:\/\/planetactus.com\/index.php\/author\/admin9861\/"}]}},"jetpack_publicize_connections":[],"jetpack_featured_media_url":"https:\/\/mlrdeoj2ejbf.i.optimole.com\/cb:mvHM.4ca\/w:auto\/h:auto\/q:mauto\/f:best\/https:\/\/i0.wp.com\/planetactus.com\/wp-content\/uploads\/2025\/04\/Scandale-Sanitaire.-Lile-de-La-Reunion-Explose.-Chikungunya-Vaccin-et-Crise-de-Confiance_Planet-Actus-IA.jpg?fit=1536%2C1024&ssl=1","jetpack_sharing_enabled":true,"_links":{"self":[{"href":"https:\/\/planetactus.com\/index.php\/wp-json\/wp\/v2\/posts\/4433","targetHints":{"allow":["GET"]}}],"collection":[{"href":"https:\/\/planetactus.com\/index.php\/wp-json\/wp\/v2\/posts"}],"about":[{"href":"https:\/\/planetactus.com\/index.php\/wp-json\/wp\/v2\/types\/post"}],"author":[{"embeddable":true,"href":"https:\/\/planetactus.com\/index.php\/wp-json\/wp\/v2\/users\/1"}],"replies":[{"embeddable":true,"href":"https:\/\/planetactus.com\/index.php\/wp-json\/wp\/v2\/comments?post=4433"}],"version-history":[{"count":34,"href":"https:\/\/planetactus.com\/index.php\/wp-json\/wp\/v2\/posts\/4433\/revisions"}],"predecessor-version":[{"id":4478,"href":"https:\/\/planetactus.com\/index.php\/wp-json\/wp\/v2\/posts\/4433\/revisions\/4478"}],"wp:featuredmedia":[{"embeddable":true,"href":"https:\/\/planetactus.com\/index.php\/wp-json\/wp\/v2\/media\/4456"}],"wp:attachment":[{"href":"https:\/\/planetactus.com\/index.php\/wp-json\/wp\/v2\/media?parent=4433"}],"wp:term":[{"taxonomy":"category","embeddable":true,"href":"https:\/\/planetactus.com\/index.php\/wp-json\/wp\/v2\/categories?post=4433"},{"taxonomy":"post_tag","embeddable":true,"href":"https:\/\/planetactus.com\/index.php\/wp-json\/wp\/v2\/tags?post=4433"}],"curies":[{"name":"wp","href":"https:\/\/api.w.org\/{rel}","templated":true}]}}