{"id":4552,"date":"2025-05-08T09:34:34","date_gmt":"2025-05-08T07:34:34","guid":{"rendered":"https:\/\/planetactus.com\/?p=4552"},"modified":"2025-06-07T19:26:29","modified_gmt":"2025-06-07T17:26:29","slug":"foule-sentimentale-et-si-on-reprenait-le-controle-de-nos-vies-abimees-six-chansons-pour-reparer-lamour-lame-et-la-societe-du-reve-a-la-revolte","status":"publish","type":"post","link":"https:\/\/planetactus.com\/index.php\/2025\/05\/08\/foule-sentimentale-et-si-on-reprenait-le-controle-de-nos-vies-abimees-six-chansons-pour-reparer-lamour-lame-et-la-societe-du-reve-a-la-revolte\/","title":{"rendered":"Foule Sentimentale : Et Si On Reprenait le Contr\u00f4le de Nos Vies Ab\u00eem\u00e9es ? Six chansons pour r\u00e9parer l\u2019amour, l\u2019\u00e2me, et la soci\u00e9t\u00e9. Du R\u00eave \u00e0 la R\u00e9volte."},"content":{"rendered":"\n<blockquote class=\"wp-block-quote is-layout-flow wp-block-quote-is-layout-flow\">\n<p><strong>Et si nos \u00e9motions n\u2019\u00e9taient pas des anomalies \u00e0 corriger,<br>mais des r\u00e9sistances po\u00e9tiques \u00e0 un monde qui nous formate ?<\/strong><\/p>\n\n\n\n<p>\u00c0 travers six chansons, de <strong>Souchon <\/strong>\u00e0 <strong>Goldman<\/strong>, cet article tisse une <strong>fresque sensible<\/strong> et <strong>lucide <\/strong>sur nos <strong>amours essor\u00e9s<\/strong>, nos <strong>id\u00e9aux d\u00e9lav\u00e9s<\/strong>, nos <strong>\u00e2mes en qu\u00eate d\u2019absolu<\/strong>.<\/p>\n\n\n\n<p><mark style=\"background-color:rgba(0, 0, 0, 0)\" class=\"has-inline-color has-vivid-red-color\">Une invitation \u00e0 dire stop au lavage mental, \u00e0 remettre du r\u00eave l\u00e0 o\u00f9 l\u2019on met des r\u00e8gles<\/mark>,<br>\u00e0 <strong>rallumer l\u2019humain l\u00e0 o\u00f9 la machine a pris le contr\u00f4le<\/strong>.<\/p>\n\n\n\n<p>\ud83c\udfb5 <em><strong>Foule sentimentale\u2026 et fi\u00e8re de l\u2019\u00eatre.<\/strong><\/em><\/p>\n<\/blockquote>\n\n\n\n<h4 class=\"wp-block-heading\"><mark style=\"background-color:rgba(0, 0, 0, 0)\" class=\"has-inline-color has-vivid-red-color\">FOULE SENTIMENTALE : LE CRI \u00c9TOUFF\u00c9 CONTRE LA SOCI\u00c9T\u00c9 DE CONSOMMATION<\/mark><\/h4>\n\n\n\n<blockquote class=\"wp-block-quote is-layout-flow wp-block-quote-is-layout-flow\">\n<p><em>\u00ab\u00a0Foule sentimentale, on a soif d\u2019id\u00e9al \u2026\u00a0\u00bb<\/em><\/p>\n<\/blockquote>\n\n\n\n<p>En 1993, Alain Souchon lan\u00e7ait un appel vibrant : <mark style=\"background-color:rgba(0, 0, 0, 0)\" class=\"has-inline-color has-vivid-red-color\">une d\u00e9nonciation subtile et m\u00e9lodique de la dictature du para\u00eetre, du superflu, du toujours-plus<\/mark>. Trente ans plus tard, <strong>ce cri d\u2019alarme r\u00e9sonne plus fort que jamais.<\/strong><\/p>\n\n\n\n<div style=\"background-color: #f3f3f3; padding: 12px; border-left: 4px solid #7d5fff; font-size: 0.95em; margin: 20px 0;\">\n\ud83d\udca1 <strong>Note \u00e0 nos lecteurs internationaux :<\/strong><br>\nCertaines vid\u00e9os n&rsquo;ont pas de sous-titres int\u00e9gr\u00e9s.  \n\ud83d\udc49 Pour activer la traduction automatique sur YouTube :  \n1\ufe0f\u20e3 Cliquez sur \u2699\ufe0f (Param\u00e8tres) \u2192  \n2\ufe0f\u20e3 Choisissez \u201cSous-titres\u201d \u2192  \n3\ufe0f\u20e3 Cliquez sur \u201cTraduire automatiquement\u201d \u2192  \n4\ufe0f\u20e3 S\u00e9lectionnez votre langue (ex. English).\n<\/div>\n\n\n\n<figure class=\"wp-block-embed aligncenter is-type-video is-provider-youtube wp-block-embed-youtube wp-embed-aspect-16-9 wp-has-aspect-ratio\"><div class=\"wp-block-embed__wrapper\">\n<iframe  id=\"_ytid_47629\"  width=\"640\" height=\"360\"  data-origwidth=\"640\" data-origheight=\"360\" src=\"https:\/\/www.youtube.com\/embed\/7k9j7TQbNlg?enablejsapi=1&#038;autoplay=0&#038;cc_load_policy=0&#038;cc_lang_pref=&#038;iv_load_policy=1&#038;loop=0&#038;rel=1&#038;fs=1&#038;playsinline=0&#038;autohide=2&#038;theme=dark&#038;color=red&#038;controls=1&#038;disablekb=0&#038;\" class=\"__youtube_prefs__  epyt-is-override  no-lazyload\" title=\"YouTube player\"  allow=\"fullscreen; accelerometer; autoplay; clipboard-write; encrypted-media; gyroscope; picture-in-picture; web-share\" referrerpolicy=\"strict-origin-when-cross-origin\" allowfullscreen data-no-lazy=\"1\" data-skipgform_ajax_framebjll=\"\"><\/iframe>\n<\/div><figcaption class=\"wp-element-caption\">Alain Souchon &#8212; Foule Sentimentale \/ <a href=\"https:\/\/youtu.be\/7k9j7TQbNlg\">EileenML aka Adam Fulgence<\/a> \ud83d\udd17<\/figcaption><\/figure>\n\n\n\n<p><strong>\u00ab\u00a0Foule Sentimentale\u00a0\u00bb<\/strong> est une chanson embl\u00e9matique d\u2019Alain Souchon, sortie en 1993. C\u2019est un v\u00e9ritable cri du c\u0153ur contre les <mark style=\"background-color:rgba(0, 0, 0, 0)\" class=\"has-inline-color has-vivid-red-color\">exc\u00e8s de la soci\u00e9t\u00e9 de consommation<\/mark> et le <mark style=\"background-color:rgba(0, 0, 0, 0)\" class=\"has-inline-color has-vivid-red-color\">vide existentiel qu\u2019elle peut g\u00e9n\u00e9rer<\/mark>. Elle d\u00e9nonce une culture du \u00ab\u00a0<strong>toujours plus<\/strong>\u00ab\u00a0, o\u00f9 l\u2019on cherche \u00e0 combler des <strong>manques affectifs par des objets, des apparences ou des idoles superficielles<\/strong>.<\/p>\n\n\n\n<p>La \u00ab\u00a0<a href=\"https:\/\/www.youtube.com\/watch?v=rzeLynj1GYM\">vie en rose<\/a>\u00a0\u00bb \ud83d\udd17 qu&rsquo;on nous <strong>vend<\/strong>, ce n&rsquo;est plus qu\u2019un <strong>filtre Instagram. Un bonheur pr\u00e9fabriqu\u00e9<\/strong>, emball\u00e9 dans du plastique, livr\u00e9 en 24h par des<a href=\"https:\/\/youtu.be\/F8nADGeEwrQ\"> g\u00e9ants sans \u00e2me<\/a> \ud83d\udd17 <strong>L\u2019id\u00e9al a c\u00e9d\u00e9 sa place au<\/strong> \u00ab\u00a0<mark style=\"background-color:rgba(0, 0, 0, 0)\" class=\"has-inline-color has-vivid-red-color\">panier d\u2019achat<\/mark>\u00ab\u00a0.<\/p>\n\n\n\n<h4 class=\"wp-block-heading\">LE PARADOXE DES R\u00c9VOLUTIONNAIRES<\/h4>\n\n\n\n<p>Ce sont ceux-l\u00e0 m\u00eame, les \u00ab\u00a0<strong>baby boomers<\/strong>\u00ab\u00a0, qui, dans les ann\u00e9es 60, ont r\u00eav\u00e9 d\u2019un monde nouveau, libre, \u00e9clair\u00e9&#8230; qui ont contribu\u00e9 \u00e0 \u00e9riger <strong>l\u2019empire du consum\u00e9risme qu\u2019ils d\u00e9noncent aujourd\u2019hui<\/strong>. En rejetant Platon et Saint Augustin, ils ont reni\u00e9 la sagesse pour le progr\u00e8s sans boussole.<\/p>\n\n\n\n<h4 class=\"wp-block-heading\">DES FOULLES PERDUES, MAIS SENSIBLES<\/h4>\n\n\n\n<p><mark style=\"background-color:rgba(0, 0, 0, 0)\" class=\"has-inline-color has-vivid-red-color\">Nous sommes<\/mark> cette <em><a href=\"https:\/\/www.youtube.com\/watch?v=WKNR_jf9048\">foule sentimentale<\/a><\/em> \ud83d\udd17, <strong>ballott\u00e9e entre d\u00e9sirs<\/strong> <mark style=\"background-color:rgba(0, 0, 0, 0)\" class=\"has-inline-color has-vivid-red-color\">inject\u00e9s <\/mark>et <strong>id\u00e9aux \u00e9teints<\/strong>.<br><strong>On nous parle comme \u00e0 des<\/strong> \u00ab\u00a0<mark style=\"background-color:rgba(0, 0, 0, 0)\" class=\"has-inline-color has-vivid-red-color\">cibles<\/mark>\u00ab\u00a0, des \u00ab\u00a0<mark style=\"background-color:rgba(0, 0, 0, 0)\" class=\"has-inline-color has-vivid-red-color\">segments<\/mark>\u00ab\u00a0, des \u00ab\u00a0<mark style=\"background-color:rgba(0, 0, 0, 0)\" class=\"has-inline-color has-vivid-red-color\">consommateurs<\/mark>\u00ab\u00a0.<br><strong>Mais au fond, on a soif d\u2019\u00e9toiles. De voiles. De silence. De vrai.<\/strong><\/p>\n\n\n\n<h4 class=\"wp-block-heading\">UN CHEVAL, UN R\u00caVE, UN MIEUX<\/h4>\n\n\n\n<p>Souchon disait : <em>\u00ab\u00a0Pour demain nos enfants p\u00e2les\u2026 un mieux, un r\u00eave, un cheval.\u00a0\u00bb<\/em><br><\/p>\n\n\n\n<p><strong>Ce r\u00eave est encore possible<\/strong>. <mark style=\"background-color:rgba(0, 0, 0, 0)\" class=\"has-inline-color has-vivid-red-color\">Mais il exige une r\u00e9volte douce<\/mark>. <strong>Une reconqu\u00eate de l\u2019int\u00e9rieur. Un refus radical du superflu.<\/strong><\/p>\n\n\n\n<p><br>\ud83d\udcac <em>Et toi ? Quel est ton id\u00e9al, loin des armoires pleines et du vide int\u00e9rieur ?<\/em><br>\ud83d\udd17 <em>Partage cet article si toi aussi tu refuses de confondre bonheur et possession.<\/em><\/p>\n\n\n\n<h3 class=\"wp-block-heading\"><mark style=\"background-color:rgba(0, 0, 0, 0)\" class=\"has-inline-color has-vivid-red-color\">PLANET ACTUS T\u2019INVITE \u00c0 TE R\u00c9VEILLER<\/mark><\/h3>\n\n\n\n<blockquote class=\"wp-block-quote is-layout-flow wp-block-quote-is-layout-flow\">\n<p><strong>Ils nous parlent comme \u00e0 des idiots. Et si on arr\u00eatait de les \u00e9couter ?<\/strong><\/p>\n<\/blockquote>\n\n\n\n<h4 class=\"wp-block-heading\">\ud83d\udc94 <strong><mark style=\"background-color:rgba(0, 0, 0, 0)\" class=\"has-inline-color has-vivid-red-color\">La Ballade de Jim : Le Crash \u00c9motionnel<\/mark><\/strong><\/h4>\n\n\n\n<figure class=\"wp-block-embed aligncenter is-type-video is-provider-youtube wp-block-embed-youtube wp-embed-aspect-4-3 wp-has-aspect-ratio\"><div class=\"wp-block-embed__wrapper\">\n<iframe  id=\"_ytid_30331\"  width=\"640\" height=\"360\"  data-origwidth=\"640\" data-origheight=\"360\" src=\"https:\/\/www.youtube.com\/embed\/Eg9YmQqTg3s?enablejsapi=1&#038;autoplay=0&#038;cc_load_policy=0&#038;cc_lang_pref=&#038;iv_load_policy=1&#038;loop=0&#038;rel=1&#038;fs=1&#038;playsinline=0&#038;autohide=2&#038;theme=dark&#038;color=red&#038;controls=1&#038;disablekb=0&#038;\" class=\"__youtube_prefs__  epyt-is-override  no-lazyload\" title=\"YouTube player\"  allow=\"fullscreen; accelerometer; autoplay; clipboard-write; encrypted-media; gyroscope; picture-in-picture; web-share\" referrerpolicy=\"strict-origin-when-cross-origin\" allowfullscreen data-no-lazy=\"1\" data-skipgform_ajax_framebjll=\"\"><\/iframe>\n<\/div><figcaption class=\"wp-element-caption\">Alain Souchon &#8211; La ballade de Jim (Clip officiel) \/ <strong><a href=\"https:\/\/youtu.be\/Eg9YmQqTg3s\">Alain Souchon<\/a><\/strong> \ud83d\udd17<\/figcaption><\/figure>\n\n\n\n<p>Et puis il y a Jim.<br><mark style=\"background-color:rgba(0, 0, 0, 0)\" class=\"has-inline-color has-vivid-red-color\">Jim, l\u2019amoureux fragile<\/mark>.<br>Lui, il croyait encore. <strong>Il voulait un b\u00e9b\u00e9<\/strong>, un <strong>futur<\/strong>, <strong>du soleil sur une presqu\u2019\u00eele<\/strong>.<br>Mais <strong>comme elle est partie<\/strong>, il s\u2019effondre. Gin au volant.<br>Le d\u00e9sespoir en ligne droite.<\/p>\n\n\n\n<blockquote class=\"wp-block-quote is-layout-flow wp-block-quote-is-layout-flow\">\n<p><em>\u201cJimmy t\u2019es fort mais tu pleures\u2026 Comme l\u2019alcool et les revolvers, c\u2019est sauter en l\u2019air, tomber par terre\u2026 Boum.\u201d<\/em><\/p>\n<\/blockquote>\n\n\n\n<p><mark style=\"background-color:rgba(0, 0, 0, 0)\" class=\"has-inline-color has-vivid-red-color\">Dans un monde sans rep\u00e8re<\/mark>, <strong>la chute est souvent le dernier acte d\u2019un c\u0153ur seul<\/strong>.<\/p>\n\n\n\n<p>C\u2019est l\u2019histoire d\u2019un <strong>homme ordinaire<\/strong>, <mark style=\"background-color:rgba(0, 0, 0, 0)\" class=\"has-inline-color has-vivid-red-color\">qui croyait encore \u00e0 l\u2019amour<\/mark>.<br>Jim, silhouette fragile dans une Chrysler, tra\u00eene ses r\u00eaves effondr\u00e9s le long du boulevard de la mer.<br><strong>Il ne hurle pas. Il pleure doucement, sur le cuir d\u2019une voiture vide.<\/strong><\/p>\n\n\n\n<p>Dans un monde qui <strong>chronom\u00e8tre les sentiments<\/strong> et <strong>digitalise la tendresse<\/strong>, <mark style=\"background-color:rgba(0, 0, 0, 0)\" class=\"has-inline-color has-vivid-red-color\">Jim d\u00e9range<\/mark>. Il veut un b\u00e9b\u00e9, une femme, <strong>un futur simple<\/strong>. Mais comme elle est partie, <strong>il vrille<\/strong>.<\/p>\n\n\n\n<p><strong>L\u2019alcool pour oublier. La vitesse pour fuir. Le vide pour refuge.<\/strong><br><\/p>\n\n\n\n<p>Et soudain, tout bascule : la voiture s\u2019envole, comme <strong>les illusions d\u2019un monde qui ne sait plus aimer sans se briser<\/strong>.<\/p>\n\n\n\n<blockquote class=\"wp-block-quote is-layout-flow wp-block-quote-is-layout-flow\">\n<p><em>\u00ab Jimmy t\u2019es fort, mais tu pleures\u2026 Comme l\u2019alcool et les revolvers, c\u2019est sauter en l\u2019air, tomber par terre\u2026 Boum. \u00bb<\/em><\/p>\n<\/blockquote>\n\n\n\n<p><strong>Jim, c\u2019est nous quand on a trop aim\u00e9 dans un monde trop froid.<\/strong><br>Et s\u2019il fallait l\u2019\u00e9couter, au lieu de le juger ?<\/p>\n\n\n\n<p>\ud83d\udcac <em>As-tu d\u00e9j\u00e0 eu le c\u0153ur si lourd que tu tournais en rond comme Jim ?<\/em><br>\ud83d\udd17 <em>Laisse un \u2764\ufe0f si tu crois qu\u2019on peut encore survivre aux crashes amoureux.<\/em><\/p>\n\n\n\n<h4 class=\"wp-block-heading\">\ud83d\udd73\ufe0f <strong><mark style=\"background-color:rgba(0, 0, 0, 0)\" class=\"has-inline-color has-vivid-red-color\">Et Si En Plus Y\u2019A Personne : Le Vide Spirituel<\/mark><\/strong><\/h4>\n\n\n\n<p><strong>Et si, derri\u00e8re le tumulte de nos vies, le brouhaha des slogans, des promesses de bonheur \u00e0 9,99 \u20ac, il n\u2019y avait&#8230; personne ?<\/strong><\/p>\n\n\n\n<figure class=\"wp-block-embed aligncenter is-type-video is-provider-youtube wp-block-embed-youtube wp-embed-aspect-16-9 wp-has-aspect-ratio\"><div class=\"wp-block-embed__wrapper\">\n<iframe  id=\"_ytid_47053\"  width=\"640\" height=\"360\"  data-origwidth=\"640\" data-origheight=\"360\" src=\"https:\/\/www.youtube.com\/embed\/JvkMnHXtHzc?enablejsapi=1&#038;autoplay=0&#038;cc_load_policy=0&#038;cc_lang_pref=&#038;iv_load_policy=1&#038;loop=0&#038;rel=1&#038;fs=1&#038;playsinline=0&#038;autohide=2&#038;theme=dark&#038;color=red&#038;controls=1&#038;disablekb=0&#038;\" class=\"__youtube_prefs__  epyt-is-override  no-lazyload\" title=\"YouTube player\"  allow=\"fullscreen; accelerometer; autoplay; clipboard-write; encrypted-media; gyroscope; picture-in-picture; web-share\" referrerpolicy=\"strict-origin-when-cross-origin\" allowfullscreen data-no-lazy=\"1\" data-skipgform_ajax_framebjll=\"\"><\/iframe>\n<\/div><figcaption class=\"wp-element-caption\">Alain Souchon &#8211; et si en plus y&rsquo;a personne \/ <a href=\"https:\/\/youtu.be\/JvkMnHXtHzc\">Alain Souchon<\/a> \ud83d\udd17<\/figcaption><\/figure>\n\n\n\n<p>Pas de grand architecte.<br>Pas de plan.<br>Pas de justice cosmique.<br>Juste le vide \u2014 <strong>froid, silencieux, aveugle<\/strong>.<\/p>\n\n\n\n<p>Dans <em>Et si en plus y\u2019a personne<\/em>, Alain Souchon ne provoque pas : il chuchote l\u2019impensable.<br><strong>Il ose formuler le doute sacr\u00e9.<\/strong> Celui qu\u2019on enterre sous des couches de morale, de dogmes low cost, de m\u00e9ditation sponsoris\u00e9e.<\/p>\n\n\n\n<blockquote class=\"wp-block-quote is-layout-flow wp-block-quote-is-layout-flow\">\n<p><em>\u00ab\u00a0Et si, en plus, y\u2019a personne ?\u00a0\u00bb<\/em><\/p>\n<\/blockquote>\n\n\n\n<p>Ce n\u2019est pas une attaque. C\u2019est une inqui\u00e9tude.<br>Une main tendue vers le ciel, <strong>sans r\u00e9ponse<\/strong>.<\/p>\n\n\n\n<p>Et si notre besoin de croire \u00e9tait un r\u00e9flexe face \u00e0 l\u2019absurde ?<br>Et si Dieu avait d\u00e9missionn\u00e9\u2026 ou n\u2019avait jamais \u00e9t\u00e9 l\u00e0 ?<\/p>\n\n\n\n<figure class=\"wp-block-embed aligncenter is-type-video is-provider-youtube wp-block-embed-youtube wp-embed-aspect-16-9 wp-has-aspect-ratio\"><div class=\"wp-block-embed__wrapper\">\n<iframe  id=\"_ytid_57024\"  width=\"640\" height=\"360\"  data-origwidth=\"640\" data-origheight=\"360\" src=\"https:\/\/www.youtube.com\/embed\/RBJdBAdsMf0?enablejsapi=1&#038;autoplay=0&#038;cc_load_policy=0&#038;cc_lang_pref=&#038;iv_load_policy=1&#038;loop=0&#038;rel=1&#038;fs=1&#038;playsinline=0&#038;autohide=2&#038;theme=dark&#038;color=red&#038;controls=1&#038;disablekb=0&#038;\" class=\"__youtube_prefs__  epyt-is-override  no-lazyload\" title=\"YouTube player\"  allow=\"fullscreen; accelerometer; autoplay; clipboard-write; encrypted-media; gyroscope; picture-in-picture; web-share\" referrerpolicy=\"strict-origin-when-cross-origin\" allowfullscreen data-no-lazy=\"1\" data-skipgform_ajax_framebjll=\"\"><\/iframe>\n<\/div><figcaption class=\"wp-element-caption\">Alain Souchon &#8211; Et si en plus y\u2019a personne + Lyrics \/ <a href=\"https:\/\/www.youtube.com\/watch?v=RBJdBAdsMf0\">AnaKor\u00e8te<\/a> \ud83d\udd17<\/figcaption><\/figure>\n\n\n\n<p>Dans un monde qui vend tout, y compris le salut, <strong>Souchon nous invite \u00e0 respirer dans le silence.<\/strong><br>Pas pour d\u00e9sesp\u00e9rer, mais pour redevenir vrais.<\/p>\n\n\n\n<p>\ud83d\udcac <em>As-tu d\u00e9j\u00e0 ressenti ce silence cosmique, ce vide sans r\u00e9ponse ?<\/em><br>\ud83d\udd17 <em>Commente si tu crois encore qu\u2019on peut r\u00e9inventer le sacr\u00e9, m\u00eame sans dogme.<\/em><\/p>\n\n\n\n<h4 class=\"wp-block-heading\">\ud83e\uddfc <strong><mark style=\"background-color:rgba(0, 0, 0, 0)\" class=\"has-inline-color has-vivid-red-color\">L\u2019Amour \u00e0 la Machine : L\u2019\u00c9motion en Cycle Court<\/mark><\/strong><\/h4>\n\n\n\n<figure class=\"wp-block-embed aligncenter is-type-video is-provider-youtube wp-block-embed-youtube wp-embed-aspect-4-3 wp-has-aspect-ratio\"><div class=\"wp-block-embed__wrapper\">\n<iframe  id=\"_ytid_80825\"  width=\"640\" height=\"360\"  data-origwidth=\"640\" data-origheight=\"360\" src=\"https:\/\/www.youtube.com\/embed\/hvB1r88Qabc?enablejsapi=1&#038;autoplay=0&#038;cc_load_policy=0&#038;cc_lang_pref=&#038;iv_load_policy=1&#038;loop=0&#038;rel=1&#038;fs=1&#038;playsinline=0&#038;autohide=2&#038;theme=dark&#038;color=red&#038;controls=1&#038;disablekb=0&#038;\" class=\"__youtube_prefs__  epyt-is-override  no-lazyload\" title=\"YouTube player\"  allow=\"fullscreen; accelerometer; autoplay; clipboard-write; encrypted-media; gyroscope; picture-in-picture; web-share\" referrerpolicy=\"strict-origin-when-cross-origin\" allowfullscreen data-no-lazy=\"1\" data-skipgform_ajax_framebjll=\"\"><\/iframe>\n<\/div><figcaption class=\"wp-element-caption\">Alain Souchon &#8211; L&rsquo;amour \u00e0 la machine (Clip officiel) \/ <a href=\"https:\/\/youtu.be\/hvB1r88Qabc\">Alain Souchon<\/a> \ud83d\udd17<\/figcaption><\/figure>\n\n\n\n<p>Aujourd\u2019hui, l\u2019amour se consomme, se mesure, s\u2019use.<br>Il a perdu ses nuances, son bleu Matisse, son rouge fragile.<br>Alors Souchon pose la question absurde\u2026 et terriblement humaine :<br><strong>Peut-on laver les sentiments ? Peut-on \u00ab\u00a0ravoir\u00a0\u00bb le c\u0153ur ?<\/strong><\/p>\n\n\n\n<blockquote class=\"wp-block-quote is-layout-flow wp-block-quote-is-layout-flow\">\n<p><em>\u00ab\u00a0Passez notre amour \u00e0 la machine, faites-le bouillir\u2026\u00a0\u00bb<\/em><\/p>\n<\/blockquote>\n\n\n\n<p>Cette machine, c\u2019est le symbole de nos relations modernes.<br>Trop rapides. Trop pratiques. <strong>Trop lessiv\u00e9es.<\/strong><br>On voudrait retrouver \u201cle rose initial\u201d d\u2019une joue aim\u00e9e. Le \u201cbleu du d\u00e9but\u201d.<br>Mais sous les cycles r\u00e9p\u00e9t\u00e9s, <strong>l\u2019azur se d\u00e9lave, les caresses s\u2019effacent.<\/strong><\/p>\n\n\n\n<p>L\u2019amour devient t\u00e2che. Probl\u00e8me \u00e0 r\u00e9soudre. Produit p\u00e9rissable.<\/p>\n\n\n\n<p>Et dans ce monde r\u00e9gl\u00e9 comme un tambour de lave-linge, <strong>les \u00e9motions deviennent jetables<\/strong>.<br>On essore l\u2019autre, on essore soi-m\u00eame, et on red\u00e9marre ailleurs.<\/p>\n\n\n\n<p>Mais l\u2019eau de Javel ne fait pas revenir le sacr\u00e9.<br>Et les sentiments, eux, ne se blanchissent pas.<\/p>\n\n\n\n<blockquote class=\"wp-block-quote is-layout-flow wp-block-quote-is-layout-flow\">\n<p><em>\u00ab\u00a0Allez ! \u00c0 la machine !!!\u00a0\u00bb<\/em><br>Un cri ironique. Un SOS noy\u00e9 dans la mousse.<\/p>\n<\/blockquote>\n\n\n\n<p>\ud83d\udcac <em>Ton amour r\u00e9siste-t-il aux lavages modernes ? A-t-il gard\u00e9 ses couleurs d\u2019origine ?<\/em><br>\ud83d\udd17 <em>Partage si tu refuses qu\u2019on traite les sentiments comme des textiles jetables.<\/em><\/p>\n\n\n\n<p>\ud83e\udde0 <strong><mark style=\"background-color:rgba(0, 0, 0, 0)\" class=\"has-inline-color has-vivid-red-color\">Les Regrets : La M\u00e9moire en Noir et Blanc<\/mark><\/strong><\/p>\n\n\n\n<figure class=\"wp-block-embed aligncenter is-type-video is-provider-youtube wp-block-embed-youtube wp-embed-aspect-4-3 wp-has-aspect-ratio\"><div class=\"wp-block-embed__wrapper\">\n<iframe  id=\"_ytid_58597\"  width=\"640\" height=\"360\"  data-origwidth=\"640\" data-origheight=\"360\" src=\"https:\/\/www.youtube.com\/embed\/ZfoBOSykHJo?enablejsapi=1&#038;autoplay=0&#038;cc_load_policy=0&#038;cc_lang_pref=&#038;iv_load_policy=1&#038;loop=0&#038;rel=1&#038;fs=1&#038;playsinline=0&#038;autohide=2&#038;theme=dark&#038;color=red&#038;controls=1&#038;disablekb=0&#038;\" class=\"__youtube_prefs__  epyt-is-override  no-lazyload\" title=\"YouTube player\"  allow=\"fullscreen; accelerometer; autoplay; clipboard-write; encrypted-media; gyroscope; picture-in-picture; web-share\" referrerpolicy=\"strict-origin-when-cross-origin\" allowfullscreen data-no-lazy=\"1\" data-skipgform_ajax_framebjll=\"\"><\/iframe>\n<\/div><figcaption class=\"wp-element-caption\">Alain Souchon &#8211; Les regrets (Clip officiel) \/ <a href=\"https:\/\/youtu.be\/ZfoBOSykHJo\">Alain Souchon<\/a> \ud83d\udd17<\/figcaption><\/figure>\n\n\n\n<p>Dans \u00ab\u00a0<mark style=\"background-color:rgba(0, 0, 0, 0)\" class=\"has-inline-color has-vivid-red-color\">Les Regrets<\/mark>\u00ab\u00a0, Alain Souchon explore les souvenirs d&rsquo;une<strong> jeunesse id\u00e9alis\u00e9e<\/strong>, les <strong>r\u00eaves non r\u00e9alis\u00e9s<\/strong> et les <strong>occasions manqu\u00e9es<\/strong>. Il \u00e9voque une \u00e9poque <mark style=\"background-color:rgba(0, 0, 0, 0)\" class=\"has-inline-color has-vivid-red-color\">r\u00e9volue avec nostalgie<\/mark>, questionnant<strong> les choix pass\u00e9s <\/strong>et les <strong>chemins non emprunt\u00e9s<\/strong>. Cette chanson offre une <strong>perspective introspective sur la vie<\/strong>, les <strong>d\u00e9cisions prises<\/strong> et les <strong>sentiments persistants de regret<\/strong>.<\/p>\n\n\n\n<p>\ud83d\udcac <em>Y a-t-il un choix, une \u00e9poque, une personne que tu regrettes encore ?<\/em><br>\ud83d\udd17 <em>Partage si tu crois que les regrets peuvent aussi \u00eatre des le\u00e7ons de lucidit\u00e9.<\/em><\/p>\n\n\n\n<h4 class=\"wp-block-heading\">\ud83e\udde0 <strong><mark style=\"background-color:rgba(0, 0, 0, 0)\" class=\"has-inline-color has-vivid-red-color\">La vie ne vaut rien : Une Ode \u00e0 l&rsquo;Essentiel<\/mark><\/strong><\/h4>\n\n\n\n<figure class=\"wp-block-embed aligncenter is-type-video is-provider-youtube wp-block-embed-youtube wp-embed-aspect-4-3 wp-has-aspect-ratio\"><div class=\"wp-block-embed__wrapper\">\n<iframe  id=\"_ytid_80422\"  width=\"640\" height=\"360\"  data-origwidth=\"640\" data-origheight=\"360\" src=\"https:\/\/www.youtube.com\/embed\/R8HCKdchA90?enablejsapi=1&#038;autoplay=0&#038;cc_load_policy=0&#038;cc_lang_pref=&#038;iv_load_policy=1&#038;loop=0&#038;rel=1&#038;fs=1&#038;playsinline=0&#038;autohide=2&#038;theme=dark&#038;color=red&#038;controls=1&#038;disablekb=0&#038;\" class=\"__youtube_prefs__  epyt-is-override  no-lazyload\" title=\"YouTube player\"  allow=\"fullscreen; accelerometer; autoplay; clipboard-write; encrypted-media; gyroscope; picture-in-picture; web-share\" referrerpolicy=\"strict-origin-when-cross-origin\" allowfullscreen data-no-lazy=\"1\" data-skipgform_ajax_framebjll=\"\"><\/iframe>\n<\/div><figcaption class=\"wp-element-caption\">Alain Souchon &#8211; La vie ne vaut rien (Clip officiel) \/  <a href=\"https:\/\/youtu.be\/R8HCKdchA90\">Alain Souchon<\/a> \ud83d\udd17<\/figcaption><\/figure>\n\n\n\n<p>Dans \u00ab\u00a0<mark style=\"background-color:rgba(0, 0, 0, 0)\" class=\"has-inline-color has-vivid-red-color\">La vie ne vaut rien<\/mark>\u00ab\u00a0, Alain Souchon explore les <strong>paradoxes de l&rsquo;existence moderne, o\u00f9 la qu\u00eate de sens se heurte souvent \u00e0 la superficialit\u00e9 du quotidien<\/strong>. Il \u00e9voque avec <strong>po\u00e9sie <\/strong>l<mark style=\"background-color:rgba(0, 0, 0, 0)\" class=\"has-inline-color has-vivid-red-color\">es petites choses qui donnent de la valeur \u00e0 la vie, malgr\u00e9 son apparente futilit\u00e9<\/mark>. <strong>Cette chanson offre une perspective introspective sur la vie, les d\u00e9cisions prises et les sentiments persistants de regret.<\/strong><\/p>\n\n\n\n<p>\ud83d\udcac <em>Et toi ? Quelles sont ces petites choses qui, pour toi, donnent un vrai sens \u00e0 la vie ?<\/em><br>\ud83d\udd17 <em>Partage cet article si tu crois que l\u2019essentiel se cache souvent dans l\u2019invisible, le discret, l\u2019authentique.<\/em><\/p>\n\n\n\n<p><span style=\"text-decoration: underline;\">Tu pourrais aussi aimer <\/span>:<\/p>\n\n\n\n<h4 class=\"wp-block-heading\">\ud83d\udc76 <strong><mark style=\"background-color:rgba(0, 0, 0, 0)\" class=\"has-inline-color has-vivid-red-color\">Elle a fait un b\u00e9b\u00e9 toute seule : La Libert\u00e9 en Douce R\u00e9bellion<\/mark><\/strong><\/h4>\n\n\n\n<figure class=\"wp-block-embed aligncenter is-type-video is-provider-youtube wp-block-embed-youtube wp-embed-aspect-4-3 wp-has-aspect-ratio\"><div class=\"wp-block-embed__wrapper\">\n<iframe  id=\"_ytid_59981\"  width=\"640\" height=\"360\"  data-origwidth=\"640\" data-origheight=\"360\" src=\"https:\/\/www.youtube.com\/embed\/zuNmzTLwjcc?enablejsapi=1&#038;autoplay=0&#038;cc_load_policy=0&#038;cc_lang_pref=&#038;iv_load_policy=1&#038;loop=0&#038;rel=1&#038;fs=1&#038;playsinline=0&#038;autohide=2&#038;theme=dark&#038;color=red&#038;controls=1&#038;disablekb=0&#038;\" class=\"__youtube_prefs__  epyt-is-override  no-lazyload\" title=\"YouTube player\"  allow=\"fullscreen; accelerometer; autoplay; clipboard-write; encrypted-media; gyroscope; picture-in-picture; web-share\" referrerpolicy=\"strict-origin-when-cross-origin\" allowfullscreen data-no-lazy=\"1\" data-skipgform_ajax_framebjll=\"\"><\/iframe>\n<\/div><figcaption class=\"wp-element-caption\">Jean-Jacques Goldman &#8211; Elle a fait un b\u00e9b\u00e9 toute seule (Clip officiel) \/ <a href=\"https:\/\/youtu.be\/zuNmzTLwjcc\">Jean-Jacques Goldman<\/a> \ud83d\udd17<\/figcaption><\/figure>\n\n\n\n<p>Et puis, il y a <strong>elle<\/strong>.<br><strong>Pas d\u2019amour, pas de promesse. Juste le d\u00e9sir pur et intime d\u2019\u00eatre m\u00e8re.<\/strong><br>Dans un monde o\u00f9 tout se <strong>programme<\/strong>, tout se <strong>contr\u00f4le<\/strong>, elle a pris une d\u00e9cision brute : <strong>cr\u00e9er la vie seule.<\/strong><\/p>\n\n\n\n<p>Jean-Jacques Goldman, avec tendresse et justesse, <strong>raconte cette femme qui n\u2019a pas attendu la validation d\u2019un homme ou de la soci\u00e9t\u00e9.<\/strong><br>Pas besoin de bague. Pas besoin de couple.<br><strong>Juste un ventre, un c\u0153ur et un choix.<\/strong><\/p>\n\n\n\n<blockquote class=\"wp-block-quote is-layout-flow wp-block-quote-is-layout-flow\">\n<p><em>\u00ab\u00a0Elle a fait un b\u00e9b\u00e9 toute seule&#8230;\u00a0\u00bb<\/em><\/p>\n<\/blockquote>\n\n\n\n<p>L\u00e0 o\u00f9 Souchon montre les blessures de l\u2019amour, Goldman \u00e9voque la <strong>force tranquille de la maternit\u00e9 assum\u00e9e<\/strong>, la rupture avec les codes, <strong>le courage d\u2019\u00e9crire sa propre histoire<\/strong>.<\/p>\n\n\n\n<p>Dans ce monde aux valeurs floues, o\u00f9 <mark style=\"background-color:rgba(0, 0, 0, 0)\" class=\"has-inline-color has-vivid-red-color\">la norme devient pression<\/mark>, <strong>elle incarne la plus radicale des libert\u00e9s : cr\u00e9er la vie, m\u00eame seule.<\/strong><\/p>\n\n\n\n<p>\ud83d\udcac <em>Et toi ? Te sens-tu libre d\u2019\u00e9crire ta propre histoire, m\u00eame \u00e0 contre-courant ?<\/em><br>\ud83d\udd17 <em>Commente si tu admires le courage de celles et ceux qui avancent seuls mais debout.<\/em><\/p>\n\n\n\n<h4 class=\"wp-block-heading\">\ud83c\udf0c <mark style=\"background-color:rgba(0, 0, 0, 0)\" class=\"has-inline-color has-vivid-red-color\">Pour aller plus loin : Entre r\u00eave, vertige\u2026 et insoumission musicale<\/mark><\/h4>\n\n\n<div class=\"wp-block-image\">\n<figure class=\"aligncenter size-large\"><a href=\"https:\/\/planetactus.com\/wp-admin\/post.php?post=4552&amp;action=edit\"><img data-opt-id=304321760  fetchpriority=\"high\" data-recalc-dims=\"1\" decoding=\"async\" width=\"640\" height=\"640\" src=\"https:\/\/mlrdeoj2ejbf.i.optimole.com\/cb:mvHM.4ca\/w:1024\/h:1024\/q:mauto\/f:best\/https:\/\/i0.wp.com\/planetactus.com\/wp-content\/uploads\/2025\/05\/image-2.png?resize=640%2C640&#038;ssl=1\" alt=\"\" class=\"wp-image-4562\" srcset=\"https:\/\/mlrdeoj2ejbf.i.optimole.com\/cb:mvHM.4ca\/w:1024\/h:4000\/q:mauto\/f:best\/https:\/\/planetactus.com\/wp-content\/uploads\/2025\/05\/image-2.png 1024w, https:\/\/mlrdeoj2ejbf.i.optimole.com\/cb:mvHM.4ca\/w:300\/h:4000\/q:mauto\/f:best\/https:\/\/planetactus.com\/wp-content\/uploads\/2025\/05\/image-2.png 300w, https:\/\/mlrdeoj2ejbf.i.optimole.com\/cb:mvHM.4ca\/w:150\/h:4000\/q:mauto\/f:best\/https:\/\/planetactus.com\/wp-content\/uploads\/2025\/05\/image-2.png 150w, https:\/\/mlrdeoj2ejbf.i.optimole.com\/cb:mvHM.4ca\/w:768\/h:4000\/q:mauto\/f:best\/https:\/\/planetactus.com\/wp-content\/uploads\/2025\/05\/image-2.png 768w, https:\/\/mlrdeoj2ejbf.i.optimole.com\/cb:mvHM.4ca\/w:1536\/h:4000\/q:mauto\/f:best\/https:\/\/planetactus.com\/wp-content\/uploads\/2025\/05\/image-2.png 1536w, https:\/\/mlrdeoj2ejbf.i.optimole.com\/cb:mvHM.4ca\/w:1920\/h:1920\/q:mauto\/f:best\/https:\/\/planetactus.com\/wp-content\/uploads\/2025\/05\/image-2.png 1920w, https:\/\/mlrdeoj2ejbf.i.optimole.com\/cb:mvHM.4ca\/w:1280\/h:4000\/q:mauto\/f:best\/https:\/\/planetactus.com\/wp-content\/uploads\/2025\/05\/image-2.png 1280w\" sizes=\"(max-width: 640px) 100vw, 640px\" \/><\/a><\/figure>\n<\/div>\n\n\n<p><strong>Tu as vibr\u00e9 avec les mots de Souchon, frissonn\u00e9 avec la solitude de Jim, souri face \u00e0 la libert\u00e9 douce de celles qui osent cr\u00e9er seules ?<\/strong> <mark style=\"background-color:rgba(0, 0, 0, 0)\" class=\"has-inline-color has-vivid-red-color\">Alors ne t\u2019arr\u00eate pas l\u00e0<\/mark>.<\/p>\n\n\n\n<p>\ud83d\udc49 <strong>Dans cet autre article sign\u00e9 Planet Actus, plonge dans l\u2019univers parall\u00e8le de G\u00e9rard Manset, Thomas Fersen et Georges Brassens<\/strong> : <mark style=\"background-color:rgba(0, 0, 0, 0)\" class=\"has-inline-color has-vivid-red-color\">Trois voix po\u00e9tiques<\/mark>, <strong>singuli\u00e8res<\/strong>, <strong>r\u00e9solument libres<\/strong>, qui <strong>refusent de se plier au formatage musical.<\/strong><\/p>\n\n\n\n<blockquote class=\"wp-block-quote is-layout-flow wp-block-quote-is-layout-flow\">\n<p>\ud83c\udfa7 <em><strong>Entre R\u00eave<\/strong>, <strong>Vertige <\/strong>et <\/em><strong><em>Papillons<\/em> n\u2019est pas un article<\/strong>\u2026 <mark style=\"background-color:rgba(0, 0, 0, 0)\" class=\"has-inline-color has-vivid-red-color\">c\u2019est un voyage int\u00e9rieur<\/mark>.<br>\ud83d\udcce <a href=\"https:\/\/planetactus.com\/index.php\/2025\/05\/01\/entre-reve-vertige-et-papillons-manset-fersen-et-brassens-reinventent-la-chanson-francaise-a-contre-courant\/\">Lis-le ici sur Planet Actus<\/a> \ud83d\udd17<\/p>\n<\/blockquote>\n\n\n\n<p><strong>Tu y d\u00e9couvriras comment la chanson peut encore \u00eatre un acte de r\u00e9sistance, de po\u00e9sie brute et d\u2019intelligence sensible.<\/strong><\/p>\n\n\n\n<p>\ud83c\udf99\ufe0f <em>\u00c0 contre-courant, toujours. <strong>C\u2019est notre ligne \u00e9ditoriale, c\u2019est peut-\u00eatre aussi la tienne.<\/strong><\/em><\/p>\n\n\n\n<p>\ud83d\udca1 <mark style=\"background-color:rgba(0, 0, 0, 0)\" class=\"has-inline-color has-vivid-red-color\"><strong>Si cet article vous a plu<\/strong>, n\u2019h\u00e9sitez pas \u00e0 le partager avec vos proches et sur vos r\u00e9seaux sociaux !Suivez Planet Actus pour plus d\u2019enqu\u00eates, de r\u00e9v\u00e9lations et d\u2019actualit\u00e9s qui r\u00e9veillent les consciences<\/mark><\/p>\n\n\n\n<p><strong>\ud83d\udca1 Planet Actus, c\u2019est aussi deux cha\u00eenes Telegram pour explorer l\u2019invisible et d\u00e9crypter le r\u00e9el.<\/strong><\/p>\n\n\n\n<style>\n  .planetactus-fadein {\n    opacity: 0;\n    animation: fadeInPlanetActus 2s ease-out forwards;\n  }\n\n  @keyframes fadeInPlanetActus {\n    from { opacity: 0; transform: translateY(20px); }\n    to { opacity: 1; transform: translateY(0); }\n  }\n<\/style>\n\n<div class=\"planetactus-fadein\" style=\"margin-top: 40px; text-align: center; font-family: 'Segoe UI', sans-serif;\">\n\n  <!-- Banni\u00e8re visuelle sans texte alternatif -->\n  <img data-opt-id=1591754054  fetchpriority=\"high\" decoding=\"async\" \n    src=\"https:\/\/tonsite.com\/wp-content\/uploads\/2025\/05\/banniere-planet-actus-ufo-news.png\" \n    alt=\"\" \n    style=\"max-width: 100%; height: auto; border-radius: 8px; margin-bottom: 20px;\" \n    loading=\"lazy\"\n  \/>\n\n  <!-- Texte d'appel \u00e0 suivre -->\n  <p style=\"font-size: 1.1em; margin-bottom: 8px;\">\ud83d\udca1 <strong>Ne repartez pas les mains vides !<\/strong><\/p>\n  <p style=\"font-size: 1em; margin-bottom: 16px;\">\n    Rejoignez nos cha\u00eenes Telegram pour explorer l\u2019invisible, d\u00e9crypter le r\u00e9el et suivre les actus qui comptent vraiment.\n  <\/p>\n\n  <!-- Liens Telegram -->\n  <div style=\"display: flex; justify-content: center; gap: 20px; flex-wrap: wrap; margin-bottom: 20px;\">\n    <a href=\"https:\/\/t.me\/ufo_planetactus_sightings\" target=\"_blank\" style=\"background-color: #0e76a8; color: white; padding: 10px 20px; border-radius: 4px; text-decoration: none;\">\ud83d\udef8 UFO | Sightings &#038; Investigations<\/a>\n    <a href=\"https:\/\/t.me\/planetactus\" target=\"_blank\" style=\"background-color: #5856d6; color: white; padding: 10px 20px; border-radius: 4px; text-decoration: none;\">\ud83e\ude90 True News | Planet Actus Letters<\/a>\n  <\/div>\n\n  <!-- Lien site -->\n  <p style=\"font-size: 1em; margin-bottom: 10px;\">\n    \ud83d\udc49 Rejoignez les observateurs \u00e9veill\u00e9s sur <a href=\"https:\/\/planetactus.com\" target=\"_blank\">www.planetactus.com<\/a>\n  <\/p>\n\n<\/div>\n\n\n<div class=\"wp-block-post-author\"><div class=\"wp-block-post-author__avatar\"><img decoding=async data-opt-id=1391982141  alt='' src='\/\/www.gravatar.com\/avatar\/1f651b4ef1fc23d4d1601d6f2649258e?s=48&#038;r=g&#038;d=mm' srcset='\/\/www.gravatar.com\/avatar\/1f651b4ef1fc23d4d1601d6f2649258e?s=48&#038;r=g&#038;d=mm 2x' class='avatar avatar-48 photo' height='48' width='48' \/><\/div><div class=\"wp-block-post-author__content\"><p class=\"wp-block-post-author__byline\"><a href=\"https:\/\/planetactus.com\/\">planetactus<\/a><\/p><p class=\"wp-block-post-author__name\">planetactus.com<\/p><\/div><\/div><div class=\"gsp_post_data\" \r\n\t            data-post_type=\"post\" \r\n\t            data-cat=\"a-la-une,amour-et-pandemie,entrez-dans-le-reve,leveil,musique-du-monde,musiques-relaxantes,voyage-sonore\" \r\n\t            data-modified=\"120\"\r\n\t            data-created=\"1746696874\"\r\n\t            data-title=\"Foule Sentimentale : Et Si On Reprenait le Contr\u00f4le de Nos Vies Ab\u00eem\u00e9es ? Six chansons pour r\u00e9parer l\u2019amour, l\u2019\u00e2me, et la soci\u00e9t\u00e9. Du R\u00eave \u00e0 la R\u00e9volte.\" \r\n\t            data-home=\"https:\/\/planetactus.com\"><\/div>","protected":false},"excerpt":{"rendered":"<p>Et si nos \u00e9motions n\u2019\u00e9taient pas des anomalies \u00e0 corriger,mais des r\u00e9sistances po\u00e9tiques \u00e0 un monde qui nous formate ? \u00c0 travers six chansons, de Souchon \u00e0 Goldman, cet article tisse une fresque sensible et lucide sur nos amours essor\u00e9s, nos id\u00e9aux d\u00e9lav\u00e9s, nos \u00e2mes en qu\u00eate d\u2019absolu. Une invitation \u00e0 dire stop au lavage [&hellip;]<\/p>\n","protected":false},"author":1,"featured_media":4554,"comment_status":"open","ping_status":"open","sticky":false,"template":"","format":"standard","meta":{"_bbp_topic_count":0,"_bbp_reply_count":0,"_bbp_total_topic_count":0,"_bbp_total_reply_count":0,"_bbp_voice_count":0,"_bbp_anonymous_reply_count":0,"_bbp_topic_count_hidden":0,"_bbp_reply_count_hidden":0,"_bbp_forum_subforum_count":0,"fifu_image_url":"","fifu_image_alt":"","_jetpack_memberships_contains_paid_content":false,"footnotes":"","jetpack_publicize_message":"","jetpack_publicize_feature_enabled":true,"jetpack_social_post_already_shared":false,"jetpack_social_options":{"image_generator_settings":{"template":"highway","default_image_id":0,"font":"","enabled":false},"version":2}},"categories":[19,123,164,41,165,61,153],"tags":[],"class_list":["post-4552","post","type-post","status-publish","format-standard","has-post-thumbnail","hentry","category-a-la-une","category-amour-et-pandemie","category-entrez-dans-le-reve","category-leveil","category-musique-du-monde","category-musiques-relaxantes","category-voyage-sonore"],"featured_image_src":"https:\/\/mlrdeoj2ejbf.i.optimole.com\/cb:mvHM.4ca\/w:auto\/h:auto\/q:mauto\/f:best\/https:\/\/i0.wp.com\/planetactus.com\/wp-content\/uploads\/2025\/05\/Foule-Sentimentale-Et-Si-On-Reprenait-le-Controle-de-Nos-Vies-Abimees.-Six-chansons-pour-reparer-lamour-lame-et-la-societe_Planet-Actus-IA.jpg?fit=1024%2C1536&ssl=1","author_info":{"display_name":"planetactus.com","author_link":"https:\/\/planetactus.com\/index.php\/author\/admin9861\/"},"yoast_head":"<!-- This site is optimized with the Yoast SEO plugin v27.5 - https:\/\/yoast.com\/product\/yoast-seo-wordpress\/ -->\n<title>Foule Sentimentale : Et Si On Reprenait le Contr\u00f4le de Nos Vies Ab\u00eem\u00e9es ? Six chansons pour r\u00e9parer l\u2019amour, l\u2019\u00e2me, et la soci\u00e9t\u00e9. Du R\u00eave \u00e0 la R\u00e9volte. -<\/title>\n<meta name=\"description\" content=\"Illustration po\u00e9tique repr\u00e9sentant la foule consum\u00e9riste et un enfant sur un cheval blanc tourn\u00e9 vers les \u00e9toiles. Cr\u00e9\u00e9e pour l\u2019article &quot;Foule Sentimentale : Et si on reprenait le contr\u00f4le de nos vies ab\u00eem\u00e9es ?&quot; sur Planet Actus. Un visuel symbolique pour \u00e9voquer la d\u00e9shumanisation moderne, la qu\u00eate de sens, et le besoin de r\u00e9enchanter l\u2019amour, l\u2019\u00e2me et la soci\u00e9t\u00e9.\" class=\"yoast-seo-meta-tag\" \/>\n<meta name=\"robots\" content=\"index, follow, max-snippet:-1, max-image-preview:large, max-video-preview:-1\" \/>\n<link rel=\"canonical\" href=\"https:\/\/planetactus.com\/index.php\/2025\/05\/08\/foule-sentimentale-et-si-on-reprenait-le-controle-de-nos-vies-abimees-six-chansons-pour-reparer-lamour-lame-et-la-societe-du-reve-a-la-revolte\/\" class=\"yoast-seo-meta-tag\" \/>\n<meta property=\"og:locale\" content=\"fr_FR\" class=\"yoast-seo-meta-tag\" \/>\n<meta property=\"og:type\" content=\"article\" class=\"yoast-seo-meta-tag\" \/>\n<meta property=\"og:title\" content=\"Foule Sentimentale : Et Si On Reprenait le Contr\u00f4le de Nos Vies Ab\u00eem\u00e9es ? Six chansons pour r\u00e9parer l\u2019amour, l\u2019\u00e2me, et la soci\u00e9t\u00e9. Du R\u00eave \u00e0 la R\u00e9volte.\" class=\"yoast-seo-meta-tag\" \/>\n<meta property=\"og:description\" content=\"Illustration po\u00e9tique repr\u00e9sentant la foule consum\u00e9riste et un enfant sur un cheval blanc tourn\u00e9 vers les \u00e9toiles. Cr\u00e9\u00e9e pour l\u2019article &quot;Foule Sentimentale : Et si on reprenait le contr\u00f4le de nos vies ab\u00eem\u00e9es ?&quot; sur Planet Actus. Un visuel symbolique pour \u00e9voquer la d\u00e9shumanisation moderne, la qu\u00eate de sens, et le besoin de r\u00e9enchanter l\u2019amour, l\u2019\u00e2me et la soci\u00e9t\u00e9.\" class=\"yoast-seo-meta-tag\" \/>\n<meta property=\"og:url\" content=\"https:\/\/planetactus.com\/index.php\/2025\/05\/08\/foule-sentimentale-et-si-on-reprenait-le-controle-de-nos-vies-abimees-six-chansons-pour-reparer-lamour-lame-et-la-societe-du-reve-a-la-revolte\/\" class=\"yoast-seo-meta-tag\" \/>\n<meta property=\"article:publisher\" content=\"https:\/\/www.facebook.com\/profile.php?id=61561620320740\" class=\"yoast-seo-meta-tag\" \/>\n<meta property=\"article:author\" content=\"https:\/\/www.facebook.com\/profile.php?id=61561620320740\" class=\"yoast-seo-meta-tag\" \/>\n<meta property=\"article:published_time\" content=\"2025-05-08T07:34:34+00:00\" class=\"yoast-seo-meta-tag\" \/>\n<meta property=\"article:modified_time\" content=\"2025-06-07T17:26:29+00:00\" class=\"yoast-seo-meta-tag\" \/>\n<meta property=\"og:image\" content=\"https:\/\/mlrdeoj2ejbf.i.optimole.com\/cb:mvHM.4ca\/w:auto\/h:auto\/q:mauto\/f:best\/http:\/\/planetactus.com\/wp-content\/uploads\/2025\/05\/Foule-Sentimentale-Et-Si-On-Reprenait-le-Controle-de-Nos-Vies-Abimees.-Six-chansons-pour-reparer-lamour-lame-et-la-societe_Planet-Actus-IA.jpg\" class=\"yoast-seo-meta-tag\" \/>\n\t<meta property=\"og:image:width\" content=\"1024\" class=\"yoast-seo-meta-tag\" \/>\n\t<meta property=\"og:image:height\" content=\"1536\" class=\"yoast-seo-meta-tag\" \/>\n\t<meta property=\"og:image:type\" content=\"image\/jpeg\" class=\"yoast-seo-meta-tag\" \/>\n<meta name=\"author\" content=\"planetactus.com\" class=\"yoast-seo-meta-tag\" \/>\n<meta name=\"twitter:card\" content=\"summary_large_image\" class=\"yoast-seo-meta-tag\" \/>\n<meta name=\"twitter:description\" content=\"Illustration po\u00e9tique repr\u00e9sentant la foule consum\u00e9riste et un enfant sur un cheval blanc tourn\u00e9 vers les \u00e9toiles. Cr\u00e9\u00e9e pour l\u2019article &quot;Foule Sentimentale : Et si on reprenait le contr\u00f4le de nos vies ab\u00eem\u00e9es ?&quot; sur Planet Actus. Un visuel symbolique pour \u00e9voquer la d\u00e9shumanisation moderne, la qu\u00eate de sens, et le besoin de r\u00e9enchanter l\u2019amour, l\u2019\u00e2me et la soci\u00e9t\u00e9.\" class=\"yoast-seo-meta-tag\" \/>\n<meta name=\"twitter:image\" content=\"https:\/\/mlrdeoj2ejbf.i.optimole.com\/cb:mvHM.4ca\/w:auto\/h:auto\/q:mauto\/f:best\/https:\/\/i0.wp.com\/planetactus.com\/wp-content\/uploads\/2025\/05\/Foule-Sentimentale-Et-Si-On-Reprenait-le-Controle-de-Nos-Vies-Abimees.-Six-chansons-pour-reparer-lamour-lame-et-la-societe_Planet-Actus-IA.jpg?fit=1024%2C1536&ssl=1\" class=\"yoast-seo-meta-tag\" \/>\n<meta name=\"twitter:creator\" content=\"@https:\/\/x.com\/PlanetActus\" class=\"yoast-seo-meta-tag\" \/>\n<meta name=\"twitter:site\" content=\"@PlanetActus\" class=\"yoast-seo-meta-tag\" \/>\n<meta name=\"twitter:label1\" content=\"\u00c9crit par\" class=\"yoast-seo-meta-tag\" \/>\n\t<meta name=\"twitter:data1\" content=\"planetactus.com\" class=\"yoast-seo-meta-tag\" \/>\n\t<meta name=\"twitter:label2\" content=\"Dur\u00e9e de lecture estim\u00e9e\" class=\"yoast-seo-meta-tag\" \/>\n\t<meta name=\"twitter:data2\" content=\"9 minutes\" class=\"yoast-seo-meta-tag\" \/>\n<script type=\"application\/ld+json\" class=\"yoast-schema-graph\">{\"@context\":\"https:\\\/\\\/schema.org\",\"@graph\":[{\"@type\":\"Article\",\"@id\":\"https:\\\/\\\/planetactus.com\\\/index.php\\\/2025\\\/05\\\/08\\\/foule-sentimentale-et-si-on-reprenait-le-controle-de-nos-vies-abimees-six-chansons-pour-reparer-lamour-lame-et-la-societe-du-reve-a-la-revolte\\\/#article\",\"isPartOf\":{\"@id\":\"https:\\\/\\\/planetactus.com\\\/index.php\\\/2025\\\/05\\\/08\\\/foule-sentimentale-et-si-on-reprenait-le-controle-de-nos-vies-abimees-six-chansons-pour-reparer-lamour-lame-et-la-societe-du-reve-a-la-revolte\\\/\"},\"author\":{\"name\":\"planetactus.com\",\"@id\":\"https:\\\/\\\/planetactus.com\\\/#\\\/schema\\\/person\\\/fbb75ac73a2424d2e176d31b021372a4\"},\"headline\":\"Foule Sentimentale : Et Si On Reprenait le Contr\u00f4le de Nos Vies Ab\u00eem\u00e9es ? Six chansons pour r\u00e9parer l\u2019amour, l\u2019\u00e2me, et la soci\u00e9t\u00e9. Du R\u00eave \u00e0 la R\u00e9volte.\",\"datePublished\":\"2025-05-08T07:34:34+00:00\",\"dateModified\":\"2025-06-07T17:26:29+00:00\",\"mainEntityOfPage\":{\"@id\":\"https:\\\/\\\/planetactus.com\\\/index.php\\\/2025\\\/05\\\/08\\\/foule-sentimentale-et-si-on-reprenait-le-controle-de-nos-vies-abimees-six-chansons-pour-reparer-lamour-lame-et-la-societe-du-reve-a-la-revolte\\\/\"},\"wordCount\":2003,\"commentCount\":0,\"publisher\":{\"@id\":\"https:\\\/\\\/planetactus.com\\\/#\\\/schema\\\/person\\\/fbb75ac73a2424d2e176d31b021372a4\"},\"image\":{\"@id\":\"https:\\\/\\\/planetactus.com\\\/index.php\\\/2025\\\/05\\\/08\\\/foule-sentimentale-et-si-on-reprenait-le-controle-de-nos-vies-abimees-six-chansons-pour-reparer-lamour-lame-et-la-societe-du-reve-a-la-revolte\\\/#primaryimage\"},\"thumbnailUrl\":\"https:\\/\\/i0.wp.com\\/planetactus.com\\/wp-content\\/uploads\\/2025\\/05\\/Foule-Sentimentale-Et-Si-On-Reprenait-le-Controle-de-Nos-Vies-Abimees.-Six-chansons-pour-reparer-lamour-lame-et-la-societe_Planet-Actus-IA.jpg?fit=1024%2C1536&ssl=1\",\"articleSection\":[\"A la Une\",\"Amour et Pand\u00e9mie\",\"Entrez dans le R\u00eave\",\"L'Eveil\",\"Musique du Monde\",\"Musiques Relaxantes\",\"Voyage Sonore\"],\"inLanguage\":\"fr-FR\",\"potentialAction\":[{\"@type\":\"CommentAction\",\"name\":\"Comment\",\"target\":[\"https:\\\/\\\/planetactus.com\\\/index.php\\\/2025\\\/05\\\/08\\\/foule-sentimentale-et-si-on-reprenait-le-controle-de-nos-vies-abimees-six-chansons-pour-reparer-lamour-lame-et-la-societe-du-reve-a-la-revolte\\\/#respond\"]}]},{\"@type\":\"WebPage\",\"@id\":\"https:\\\/\\\/planetactus.com\\\/index.php\\\/2025\\\/05\\\/08\\\/foule-sentimentale-et-si-on-reprenait-le-controle-de-nos-vies-abimees-six-chansons-pour-reparer-lamour-lame-et-la-societe-du-reve-a-la-revolte\\\/\",\"url\":\"https:\\\/\\\/planetactus.com\\\/index.php\\\/2025\\\/05\\\/08\\\/foule-sentimentale-et-si-on-reprenait-le-controle-de-nos-vies-abimees-six-chansons-pour-reparer-lamour-lame-et-la-societe-du-reve-a-la-revolte\\\/\",\"name\":\"Foule Sentimentale : Et Si On Reprenait le Contr\u00f4le de Nos Vies Ab\u00eem\u00e9es ? Six chansons pour r\u00e9parer l\u2019amour, l\u2019\u00e2me, et la soci\u00e9t\u00e9. Du R\u00eave \u00e0 la R\u00e9volte. -\",\"isPartOf\":{\"@id\":\"https:\\\/\\\/planetactus.com\\\/#website\"},\"primaryImageOfPage\":{\"@id\":\"https:\\\/\\\/planetactus.com\\\/index.php\\\/2025\\\/05\\\/08\\\/foule-sentimentale-et-si-on-reprenait-le-controle-de-nos-vies-abimees-six-chansons-pour-reparer-lamour-lame-et-la-societe-du-reve-a-la-revolte\\\/#primaryimage\"},\"image\":{\"@id\":\"https:\\\/\\\/planetactus.com\\\/index.php\\\/2025\\\/05\\\/08\\\/foule-sentimentale-et-si-on-reprenait-le-controle-de-nos-vies-abimees-six-chansons-pour-reparer-lamour-lame-et-la-societe-du-reve-a-la-revolte\\\/#primaryimage\"},\"thumbnailUrl\":\"https:\\/\\/i0.wp.com\\/planetactus.com\\/wp-content\\/uploads\\/2025\\/05\\/Foule-Sentimentale-Et-Si-On-Reprenait-le-Controle-de-Nos-Vies-Abimees.-Six-chansons-pour-reparer-lamour-lame-et-la-societe_Planet-Actus-IA.jpg?fit=1024%2C1536&ssl=1\",\"datePublished\":\"2025-05-08T07:34:34+00:00\",\"dateModified\":\"2025-06-07T17:26:29+00:00\",\"description\":\"Illustration po\u00e9tique repr\u00e9sentant la foule consum\u00e9riste et un enfant sur un cheval blanc tourn\u00e9 vers les \u00e9toiles. Cr\u00e9\u00e9e pour l\u2019article \\\"Foule Sentimentale : Et si on reprenait le contr\u00f4le de nos vies ab\u00eem\u00e9es ?\\\" sur Planet Actus. Un visuel symbolique pour \u00e9voquer la d\u00e9shumanisation moderne, la qu\u00eate de sens, et le besoin de r\u00e9enchanter l\u2019amour, l\u2019\u00e2me et la soci\u00e9t\u00e9.\",\"breadcrumb\":{\"@id\":\"https:\\\/\\\/planetactus.com\\\/index.php\\\/2025\\\/05\\\/08\\\/foule-sentimentale-et-si-on-reprenait-le-controle-de-nos-vies-abimees-six-chansons-pour-reparer-lamour-lame-et-la-societe-du-reve-a-la-revolte\\\/#breadcrumb\"},\"inLanguage\":\"fr-FR\",\"potentialAction\":[{\"@type\":\"ReadAction\",\"target\":[\"https:\\\/\\\/planetactus.com\\\/index.php\\\/2025\\\/05\\\/08\\\/foule-sentimentale-et-si-on-reprenait-le-controle-de-nos-vies-abimees-six-chansons-pour-reparer-lamour-lame-et-la-societe-du-reve-a-la-revolte\\\/\"]}]},{\"@type\":\"ImageObject\",\"inLanguage\":\"fr-FR\",\"@id\":\"https:\\\/\\\/planetactus.com\\\/index.php\\\/2025\\\/05\\\/08\\\/foule-sentimentale-et-si-on-reprenait-le-controle-de-nos-vies-abimees-six-chansons-pour-reparer-lamour-lame-et-la-societe-du-reve-a-la-revolte\\\/#primaryimage\",\"url\":\"https:\\/\\/i0.wp.com\\/planetactus.com\\/wp-content\\/uploads\\/2025\\/05\\/Foule-Sentimentale-Et-Si-On-Reprenait-le-Controle-de-Nos-Vies-Abimees.-Six-chansons-pour-reparer-lamour-lame-et-la-societe_Planet-Actus-IA.jpg?fit=1024%2C1536&ssl=1\",\"contentUrl\":\"https:\\/\\/i0.wp.com\\/planetactus.com\\/wp-content\\/uploads\\/2025\\/05\\/Foule-Sentimentale-Et-Si-On-Reprenait-le-Controle-de-Nos-Vies-Abimees.-Six-chansons-pour-reparer-lamour-lame-et-la-societe_Planet-Actus-IA.jpg?fit=1024%2C1536&ssl=1\",\"width\":1024,\"height\":1536,\"caption\":\"Une foule masqu\u00e9e sous la lumi\u00e8re des \u00e9crans, face \u00e0 un enfant tourn\u00e9 vers les \u00e9toiles.\"},{\"@type\":\"BreadcrumbList\",\"@id\":\"https:\\\/\\\/planetactus.com\\\/index.php\\\/2025\\\/05\\\/08\\\/foule-sentimentale-et-si-on-reprenait-le-controle-de-nos-vies-abimees-six-chansons-pour-reparer-lamour-lame-et-la-societe-du-reve-a-la-revolte\\\/#breadcrumb\",\"itemListElement\":[{\"@type\":\"ListItem\",\"position\":1,\"name\":\"Accueil\",\"item\":\"https:\\\/\\\/planetactus.com\\\/\"},{\"@type\":\"ListItem\",\"position\":2,\"name\":\"Foule Sentimentale : Et Si On Reprenait le Contr\u00f4le de Nos Vies Ab\u00eem\u00e9es ? Six chansons pour r\u00e9parer l\u2019amour, l\u2019\u00e2me, et la soci\u00e9t\u00e9. Du R\u00eave \u00e0 la R\u00e9volte.\"}]},{\"@type\":\"WebSite\",\"@id\":\"https:\\\/\\\/planetactus.com\\\/#website\",\"url\":\"https:\\\/\\\/planetactus.com\\\/\",\"name\":\"PLANET ACTUS\",\"description\":\"PLANET ACTUS\",\"publisher\":{\"@id\":\"https:\\\/\\\/planetactus.com\\\/#\\\/schema\\\/person\\\/fbb75ac73a2424d2e176d31b021372a4\"},\"potentialAction\":[{\"@type\":\"SearchAction\",\"target\":{\"@type\":\"EntryPoint\",\"urlTemplate\":\"https:\\\/\\\/planetactus.com\\\/?s={search_term_string}\"},\"query-input\":{\"@type\":\"PropertyValueSpecification\",\"valueRequired\":true,\"valueName\":\"search_term_string\"}}],\"inLanguage\":\"fr-FR\"},{\"@type\":[\"Person\",\"Organization\"],\"@id\":\"https:\\\/\\\/planetactus.com\\\/#\\\/schema\\\/person\\\/fbb75ac73a2424d2e176d31b021372a4\",\"name\":\"planetactus.com\",\"image\":{\"@type\":\"ImageObject\",\"inLanguage\":\"fr-FR\",\"@id\":\"https:\\/\\/i0.wp.com\\/planetactus.com\\/wp-content\\/uploads\\/2024\\/07\\/cropped-2-Planet-Actus-Banniere-02a.jpg?fit=1189%2C365&ssl=1\",\"url\":\"https:\\/\\/i0.wp.com\\/planetactus.com\\/wp-content\\/uploads\\/2024\\/07\\/cropped-2-Planet-Actus-Banniere-02a.jpg?fit=1189%2C365&ssl=1\",\"contentUrl\":\"https:\\/\\/i0.wp.com\\/planetactus.com\\/wp-content\\/uploads\\/2024\\/07\\/cropped-2-Planet-Actus-Banniere-02a.jpg?fit=1189%2C365&ssl=1\",\"width\":1189,\"height\":365,\"caption\":\"planetactus.com\"},\"logo\":{\"@id\":\"https:\\/\\/i0.wp.com\\/planetactus.com\\/wp-content\\/uploads\\/2024\\/07\\/cropped-2-Planet-Actus-Banniere-02a.jpg?fit=1189%2C365&ssl=1\"},\"sameAs\":[\"http:\\\/\\\/planetactus.com\",\"https:\\\/\\\/www.facebook.com\\\/profile.php?id=61561620320740\",\"https:\\\/\\\/x.com\\\/https:\\\/\\\/x.com\\\/PlanetActus\",\"https:\\\/\\\/www.youtube.com\\\/@PlanetActus\"],\"url\":\"https:\\\/\\\/planetactus.com\\\/index.php\\\/author\\\/admin9861\\\/\"}]}<\/script>\n<!-- \/ Yoast SEO plugin. -->","yoast_head_json":{"title":"Foule Sentimentale : Et Si On Reprenait le Contr\u00f4le de Nos Vies Ab\u00eem\u00e9es ? Six chansons pour r\u00e9parer l\u2019amour, l\u2019\u00e2me, et la soci\u00e9t\u00e9. Du R\u00eave \u00e0 la R\u00e9volte. -","description":"Illustration po\u00e9tique repr\u00e9sentant la foule consum\u00e9riste et un enfant sur un cheval blanc tourn\u00e9 vers les \u00e9toiles. Cr\u00e9\u00e9e pour l\u2019article \"Foule Sentimentale : Et si on reprenait le contr\u00f4le de nos vies ab\u00eem\u00e9es ?\" sur Planet Actus. Un visuel symbolique pour \u00e9voquer la d\u00e9shumanisation moderne, la qu\u00eate de sens, et le besoin de r\u00e9enchanter l\u2019amour, l\u2019\u00e2me et la soci\u00e9t\u00e9.","robots":{"index":"index","follow":"follow","max-snippet":"max-snippet:-1","max-image-preview":"max-image-preview:large","max-video-preview":"max-video-preview:-1"},"canonical":"https:\/\/planetactus.com\/index.php\/2025\/05\/08\/foule-sentimentale-et-si-on-reprenait-le-controle-de-nos-vies-abimees-six-chansons-pour-reparer-lamour-lame-et-la-societe-du-reve-a-la-revolte\/","og_locale":"fr_FR","og_type":"article","og_title":"Foule Sentimentale : Et Si On Reprenait le Contr\u00f4le de Nos Vies Ab\u00eem\u00e9es ? Six chansons pour r\u00e9parer l\u2019amour, l\u2019\u00e2me, et la soci\u00e9t\u00e9. Du R\u00eave \u00e0 la R\u00e9volte.","og_description":"Illustration po\u00e9tique repr\u00e9sentant la foule consum\u00e9riste et un enfant sur un cheval blanc tourn\u00e9 vers les \u00e9toiles. Cr\u00e9\u00e9e pour l\u2019article \"Foule Sentimentale : Et si on reprenait le contr\u00f4le de nos vies ab\u00eem\u00e9es ?\" sur Planet Actus. Un visuel symbolique pour \u00e9voquer la d\u00e9shumanisation moderne, la qu\u00eate de sens, et le besoin de r\u00e9enchanter l\u2019amour, l\u2019\u00e2me et la soci\u00e9t\u00e9.","og_url":"https:\/\/planetactus.com\/index.php\/2025\/05\/08\/foule-sentimentale-et-si-on-reprenait-le-controle-de-nos-vies-abimees-six-chansons-pour-reparer-lamour-lame-et-la-societe-du-reve-a-la-revolte\/","article_publisher":"https:\/\/www.facebook.com\/profile.php?id=61561620320740","article_author":"https:\/\/www.facebook.com\/profile.php?id=61561620320740","article_published_time":"2025-05-08T07:34:34+00:00","article_modified_time":"2025-06-07T17:26:29+00:00","og_image":[{"width":1024,"height":1536,"url":"https:\/\/mlrdeoj2ejbf.i.optimole.com\/cb:mvHM.4ca\/w:auto\/h:auto\/q:mauto\/f:best\/http:\/\/planetactus.com\/wp-content\/uploads\/2025\/05\/Foule-Sentimentale-Et-Si-On-Reprenait-le-Controle-de-Nos-Vies-Abimees.-Six-chansons-pour-reparer-lamour-lame-et-la-societe_Planet-Actus-IA.jpg","type":"image\/jpeg"}],"author":"planetactus.com","twitter_card":"summary_large_image","twitter_description":"Illustration po\u00e9tique repr\u00e9sentant la foule consum\u00e9riste et un enfant sur un cheval blanc tourn\u00e9 vers les \u00e9toiles. Cr\u00e9\u00e9e pour l\u2019article \"Foule Sentimentale : Et si on reprenait le contr\u00f4le de nos vies ab\u00eem\u00e9es ?\" sur Planet Actus. Un visuel symbolique pour \u00e9voquer la d\u00e9shumanisation moderne, la qu\u00eate de sens, et le besoin de r\u00e9enchanter l\u2019amour, l\u2019\u00e2me et la soci\u00e9t\u00e9.","twitter_image":"https:\/\/mlrdeoj2ejbf.i.optimole.com\/cb:mvHM.4ca\/w:auto\/h:auto\/q:mauto\/f:best\/https:\/\/i0.wp.com\/planetactus.com\/wp-content\/uploads\/2025\/05\/Foule-Sentimentale-Et-Si-On-Reprenait-le-Controle-de-Nos-Vies-Abimees.-Six-chansons-pour-reparer-lamour-lame-et-la-societe_Planet-Actus-IA.jpg?fit=1024%2C1536&ssl=1","twitter_creator":"@https:\/\/x.com\/PlanetActus","twitter_site":"@PlanetActus","twitter_misc":{"\u00c9crit par":"planetactus.com","Dur\u00e9e de lecture estim\u00e9e":"9 minutes"},"schema":{"@context":"https:\/\/schema.org","@graph":[{"@type":"Article","@id":"https:\/\/planetactus.com\/index.php\/2025\/05\/08\/foule-sentimentale-et-si-on-reprenait-le-controle-de-nos-vies-abimees-six-chansons-pour-reparer-lamour-lame-et-la-societe-du-reve-a-la-revolte\/#article","isPartOf":{"@id":"https:\/\/planetactus.com\/index.php\/2025\/05\/08\/foule-sentimentale-et-si-on-reprenait-le-controle-de-nos-vies-abimees-six-chansons-pour-reparer-lamour-lame-et-la-societe-du-reve-a-la-revolte\/"},"author":{"name":"planetactus.com","@id":"https:\/\/planetactus.com\/#\/schema\/person\/fbb75ac73a2424d2e176d31b021372a4"},"headline":"Foule Sentimentale : Et Si On Reprenait le Contr\u00f4le de Nos Vies Ab\u00eem\u00e9es ? Six chansons pour r\u00e9parer l\u2019amour, l\u2019\u00e2me, et la soci\u00e9t\u00e9. Du R\u00eave \u00e0 la R\u00e9volte.","datePublished":"2025-05-08T07:34:34+00:00","dateModified":"2025-06-07T17:26:29+00:00","mainEntityOfPage":{"@id":"https:\/\/planetactus.com\/index.php\/2025\/05\/08\/foule-sentimentale-et-si-on-reprenait-le-controle-de-nos-vies-abimees-six-chansons-pour-reparer-lamour-lame-et-la-societe-du-reve-a-la-revolte\/"},"wordCount":2003,"commentCount":0,"publisher":{"@id":"https:\/\/planetactus.com\/#\/schema\/person\/fbb75ac73a2424d2e176d31b021372a4"},"image":{"@id":"https:\/\/planetactus.com\/index.php\/2025\/05\/08\/foule-sentimentale-et-si-on-reprenait-le-controle-de-nos-vies-abimees-six-chansons-pour-reparer-lamour-lame-et-la-societe-du-reve-a-la-revolte\/#primaryimage"},"thumbnailUrl":"https:\/\/mlrdeoj2ejbf.i.optimole.com\/cb:mvHM.4ca\/w:auto\/h:auto\/q:mauto\/f:best\/https:\/\/i0.wp.com\/planetactus.com\/wp-content\/uploads\/2025\/05\/Foule-Sentimentale-Et-Si-On-Reprenait-le-Controle-de-Nos-Vies-Abimees.-Six-chansons-pour-reparer-lamour-lame-et-la-societe_Planet-Actus-IA.jpg?fit=1024%2C1536&ssl=1","articleSection":["A la Une","Amour et Pand\u00e9mie","Entrez dans le R\u00eave","L'Eveil","Musique du Monde","Musiques Relaxantes","Voyage Sonore"],"inLanguage":"fr-FR","potentialAction":[{"@type":"CommentAction","name":"Comment","target":["https:\/\/planetactus.com\/index.php\/2025\/05\/08\/foule-sentimentale-et-si-on-reprenait-le-controle-de-nos-vies-abimees-six-chansons-pour-reparer-lamour-lame-et-la-societe-du-reve-a-la-revolte\/#respond"]}]},{"@type":"WebPage","@id":"https:\/\/planetactus.com\/index.php\/2025\/05\/08\/foule-sentimentale-et-si-on-reprenait-le-controle-de-nos-vies-abimees-six-chansons-pour-reparer-lamour-lame-et-la-societe-du-reve-a-la-revolte\/","url":"https:\/\/planetactus.com\/index.php\/2025\/05\/08\/foule-sentimentale-et-si-on-reprenait-le-controle-de-nos-vies-abimees-six-chansons-pour-reparer-lamour-lame-et-la-societe-du-reve-a-la-revolte\/","name":"Foule Sentimentale : Et Si On Reprenait le Contr\u00f4le de Nos Vies Ab\u00eem\u00e9es ? Six chansons pour r\u00e9parer l\u2019amour, l\u2019\u00e2me, et la soci\u00e9t\u00e9. Du R\u00eave \u00e0 la R\u00e9volte. -","isPartOf":{"@id":"https:\/\/planetactus.com\/#website"},"primaryImageOfPage":{"@id":"https:\/\/planetactus.com\/index.php\/2025\/05\/08\/foule-sentimentale-et-si-on-reprenait-le-controle-de-nos-vies-abimees-six-chansons-pour-reparer-lamour-lame-et-la-societe-du-reve-a-la-revolte\/#primaryimage"},"image":{"@id":"https:\/\/planetactus.com\/index.php\/2025\/05\/08\/foule-sentimentale-et-si-on-reprenait-le-controle-de-nos-vies-abimees-six-chansons-pour-reparer-lamour-lame-et-la-societe-du-reve-a-la-revolte\/#primaryimage"},"thumbnailUrl":"https:\/\/mlrdeoj2ejbf.i.optimole.com\/cb:mvHM.4ca\/w:auto\/h:auto\/q:mauto\/f:best\/https:\/\/i0.wp.com\/planetactus.com\/wp-content\/uploads\/2025\/05\/Foule-Sentimentale-Et-Si-On-Reprenait-le-Controle-de-Nos-Vies-Abimees.-Six-chansons-pour-reparer-lamour-lame-et-la-societe_Planet-Actus-IA.jpg?fit=1024%2C1536&ssl=1","datePublished":"2025-05-08T07:34:34+00:00","dateModified":"2025-06-07T17:26:29+00:00","description":"Illustration po\u00e9tique repr\u00e9sentant la foule consum\u00e9riste et un enfant sur un cheval blanc tourn\u00e9 vers les \u00e9toiles. Cr\u00e9\u00e9e pour l\u2019article \"Foule Sentimentale : Et si on reprenait le contr\u00f4le de nos vies ab\u00eem\u00e9es ?\" sur Planet Actus. Un visuel symbolique pour \u00e9voquer la d\u00e9shumanisation moderne, la qu\u00eate de sens, et le besoin de r\u00e9enchanter l\u2019amour, l\u2019\u00e2me et la soci\u00e9t\u00e9.","breadcrumb":{"@id":"https:\/\/planetactus.com\/index.php\/2025\/05\/08\/foule-sentimentale-et-si-on-reprenait-le-controle-de-nos-vies-abimees-six-chansons-pour-reparer-lamour-lame-et-la-societe-du-reve-a-la-revolte\/#breadcrumb"},"inLanguage":"fr-FR","potentialAction":[{"@type":"ReadAction","target":["https:\/\/planetactus.com\/index.php\/2025\/05\/08\/foule-sentimentale-et-si-on-reprenait-le-controle-de-nos-vies-abimees-six-chansons-pour-reparer-lamour-lame-et-la-societe-du-reve-a-la-revolte\/"]}]},{"@type":"ImageObject","inLanguage":"fr-FR","@id":"https:\/\/planetactus.com\/index.php\/2025\/05\/08\/foule-sentimentale-et-si-on-reprenait-le-controle-de-nos-vies-abimees-six-chansons-pour-reparer-lamour-lame-et-la-societe-du-reve-a-la-revolte\/#primaryimage","url":"https:\/\/mlrdeoj2ejbf.i.optimole.com\/cb:mvHM.4ca\/w:auto\/h:auto\/q:mauto\/f:best\/https:\/\/i0.wp.com\/planetactus.com\/wp-content\/uploads\/2025\/05\/Foule-Sentimentale-Et-Si-On-Reprenait-le-Controle-de-Nos-Vies-Abimees.-Six-chansons-pour-reparer-lamour-lame-et-la-societe_Planet-Actus-IA.jpg?fit=1024%2C1536&ssl=1","contentUrl":"https:\/\/mlrdeoj2ejbf.i.optimole.com\/cb:mvHM.4ca\/w:auto\/h:auto\/q:mauto\/f:best\/https:\/\/i0.wp.com\/planetactus.com\/wp-content\/uploads\/2025\/05\/Foule-Sentimentale-Et-Si-On-Reprenait-le-Controle-de-Nos-Vies-Abimees.-Six-chansons-pour-reparer-lamour-lame-et-la-societe_Planet-Actus-IA.jpg?fit=1024%2C1536&ssl=1","width":1024,"height":1536,"caption":"Une foule masqu\u00e9e sous la lumi\u00e8re des \u00e9crans, face \u00e0 un enfant tourn\u00e9 vers les \u00e9toiles."},{"@type":"BreadcrumbList","@id":"https:\/\/planetactus.com\/index.php\/2025\/05\/08\/foule-sentimentale-et-si-on-reprenait-le-controle-de-nos-vies-abimees-six-chansons-pour-reparer-lamour-lame-et-la-societe-du-reve-a-la-revolte\/#breadcrumb","itemListElement":[{"@type":"ListItem","position":1,"name":"Accueil","item":"https:\/\/planetactus.com\/"},{"@type":"ListItem","position":2,"name":"Foule Sentimentale : Et Si On Reprenait le Contr\u00f4le de Nos Vies Ab\u00eem\u00e9es ? Six chansons pour r\u00e9parer l\u2019amour, l\u2019\u00e2me, et la soci\u00e9t\u00e9. Du R\u00eave \u00e0 la R\u00e9volte."}]},{"@type":"WebSite","@id":"https:\/\/planetactus.com\/#website","url":"https:\/\/planetactus.com\/","name":"PLANET ACTUS","description":"PLANET ACTUS","publisher":{"@id":"https:\/\/planetactus.com\/#\/schema\/person\/fbb75ac73a2424d2e176d31b021372a4"},"potentialAction":[{"@type":"SearchAction","target":{"@type":"EntryPoint","urlTemplate":"https:\/\/planetactus.com\/?s={search_term_string}"},"query-input":{"@type":"PropertyValueSpecification","valueRequired":true,"valueName":"search_term_string"}}],"inLanguage":"fr-FR"},{"@type":["Person","Organization"],"@id":"https:\/\/planetactus.com\/#\/schema\/person\/fbb75ac73a2424d2e176d31b021372a4","name":"planetactus.com","image":{"@type":"ImageObject","inLanguage":"fr-FR","@id":"https:\/\/mlrdeoj2ejbf.i.optimole.com\/cb:mvHM.4ca\/w:auto\/h:auto\/q:mauto\/f:best\/https:\/\/i0.wp.com\/planetactus.com\/wp-content\/uploads\/2024\/07\/cropped-2-Planet-Actus-Banniere-02a.jpg?fit=1189%2C365&ssl=1","url":"https:\/\/mlrdeoj2ejbf.i.optimole.com\/cb:mvHM.4ca\/w:auto\/h:auto\/q:mauto\/f:best\/https:\/\/i0.wp.com\/planetactus.com\/wp-content\/uploads\/2024\/07\/cropped-2-Planet-Actus-Banniere-02a.jpg?fit=1189%2C365&ssl=1","contentUrl":"https:\/\/mlrdeoj2ejbf.i.optimole.com\/cb:mvHM.4ca\/w:auto\/h:auto\/q:mauto\/f:best\/https:\/\/i0.wp.com\/planetactus.com\/wp-content\/uploads\/2024\/07\/cropped-2-Planet-Actus-Banniere-02a.jpg?fit=1189%2C365&ssl=1","width":1189,"height":365,"caption":"planetactus.com"},"logo":{"@id":"https:\/\/mlrdeoj2ejbf.i.optimole.com\/cb:mvHM.4ca\/w:auto\/h:auto\/q:mauto\/f:best\/https:\/\/i0.wp.com\/planetactus.com\/wp-content\/uploads\/2024\/07\/cropped-2-Planet-Actus-Banniere-02a.jpg?fit=1189%2C365&ssl=1"},"sameAs":["http:\/\/planetactus.com","https:\/\/www.facebook.com\/profile.php?id=61561620320740","https:\/\/x.com\/https:\/\/x.com\/PlanetActus","https:\/\/www.youtube.com\/@PlanetActus"],"url":"https:\/\/planetactus.com\/index.php\/author\/admin9861\/"}]}},"jetpack_publicize_connections":[],"jetpack_featured_media_url":"https:\/\/mlrdeoj2ejbf.i.optimole.com\/cb:mvHM.4ca\/w:auto\/h:auto\/q:mauto\/f:best\/https:\/\/i0.wp.com\/planetactus.com\/wp-content\/uploads\/2025\/05\/Foule-Sentimentale-Et-Si-On-Reprenait-le-Controle-de-Nos-Vies-Abimees.-Six-chansons-pour-reparer-lamour-lame-et-la-societe_Planet-Actus-IA.jpg?fit=1024%2C1536&ssl=1","jetpack_sharing_enabled":true,"_links":{"self":[{"href":"https:\/\/planetactus.com\/index.php\/wp-json\/wp\/v2\/posts\/4552","targetHints":{"allow":["GET"]}}],"collection":[{"href":"https:\/\/planetactus.com\/index.php\/wp-json\/wp\/v2\/posts"}],"about":[{"href":"https:\/\/planetactus.com\/index.php\/wp-json\/wp\/v2\/types\/post"}],"author":[{"embeddable":true,"href":"https:\/\/planetactus.com\/index.php\/wp-json\/wp\/v2\/users\/1"}],"replies":[{"embeddable":true,"href":"https:\/\/planetactus.com\/index.php\/wp-json\/wp\/v2\/comments?post=4552"}],"version-history":[{"count":13,"href":"https:\/\/planetactus.com\/index.php\/wp-json\/wp\/v2\/posts\/4552\/revisions"}],"predecessor-version":[{"id":4570,"href":"https:\/\/planetactus.com\/index.php\/wp-json\/wp\/v2\/posts\/4552\/revisions\/4570"}],"wp:featuredmedia":[{"embeddable":true,"href":"https:\/\/planetactus.com\/index.php\/wp-json\/wp\/v2\/media\/4554"}],"wp:attachment":[{"href":"https:\/\/planetactus.com\/index.php\/wp-json\/wp\/v2\/media?parent=4552"}],"wp:term":[{"taxonomy":"category","embeddable":true,"href":"https:\/\/planetactus.com\/index.php\/wp-json\/wp\/v2\/categories?post=4552"},{"taxonomy":"post_tag","embeddable":true,"href":"https:\/\/planetactus.com\/index.php\/wp-json\/wp\/v2\/tags?post=4552"}],"curies":[{"name":"wp","href":"https:\/\/api.w.org\/{rel}","templated":true}]}}