{"id":481,"date":"2024-06-13T07:15:19","date_gmt":"2024-06-13T05:15:19","guid":{"rendered":"https:\/\/planetactus.com\/?p=481"},"modified":"2024-06-13T07:15:27","modified_gmt":"2024-06-13T05:15:27","slug":"laccord-sur-les-pandemies-manifestation-a-geneve-loms-face-a-lopposition-planetaire-tous-mobilise-contre-le-traite-pandemies","status":"publish","type":"post","link":"https:\/\/planetactus.com\/index.php\/2024\/06\/13\/laccord-sur-les-pandemies-manifestation-a-geneve-loms-face-a-lopposition-planetaire-tous-mobilise-contre-le-traite-pandemies\/","title":{"rendered":"L\u2019Accord sur les Pand\u00e9mies | Manifestation \u00e0 Gen\u00e8ve : L\u2019OMS Face \u00e0 l\u2019Opposition Plan\u00e9taire | Tous Mobilis\u00e9 Contre le Trait\u00e9 Pand\u00e9mies"},"content":{"rendered":"\n<figure class=\"wp-block-embed aligncenter is-type-video is-provider-youtube wp-block-embed-youtube wp-embed-aspect-16-9 wp-has-aspect-ratio\"><div class=\"wp-block-embed__wrapper\">\n<iframe  id=\"_ytid_54145\"  width=\"640\" height=\"360\"  data-origwidth=\"640\" data-origheight=\"360\" src=\"https:\/\/www.youtube.com\/embed\/Qs3oGgSfwfA?enablejsapi=1&#038;autoplay=0&#038;cc_load_policy=0&#038;cc_lang_pref=&#038;iv_load_policy=1&#038;loop=0&#038;rel=1&#038;fs=1&#038;playsinline=0&#038;autohide=2&#038;theme=dark&#038;color=red&#038;controls=1&#038;disablekb=0&#038;\" class=\"__youtube_prefs__  epyt-is-override  no-lazyload\" title=\"YouTube player\"  allow=\"fullscreen; accelerometer; autoplay; clipboard-write; encrypted-media; gyroscope; picture-in-picture; web-share\" referrerpolicy=\"strict-origin-when-cross-origin\" allowfullscreen data-no-lazy=\"1\" data-skipgform_ajax_framebjll=\"\"><\/iframe>\n<\/div><\/figure>\n\n\n\n<p><strong>The Pandemic Accord | Demonstration in Geneva: WHO Facing Global Opposition | Everyone Mobilized against the Pandemic Treaty \ud83c\udf99<\/strong><\/p>\n\n\n\n<p>\u25aa\ufe0e <a href=\"https:\/\/m.kla.tv\/fr\/2024-06-09\/29338\">Interview avec Chlo\u00e9 Frammery<\/a><strong> &#8211; Grande manifestation internationale de l&rsquo;OMS \u00e0 Gen\u00e8ve du 1er juin 2024 (<\/strong>Juin 2024) \ud83e\ude7a [KLATV]<\/p>\n\n\n\n<p>\u00a0\u00bb Et on a surtout vu <a href=\"https:\/\/t.me\/Intl_Partener_Newsletters\/1276\">que l&rsquo;accord sur les pand\u00e9mies<\/a>, finalement, <span style=\"text-decoration: underline;\">ne passe pas<\/span> cette semaine. <a href=\"https:\/\/t.me\/Intl_Partener_Newsletters\/629\">Il ne passe pas<\/a><strong> parce qu&rsquo;il y a eu trop d&rsquo;opposition de la part des diff\u00e9rents pays et de la part des mouvements r\u00e9sistants comme le n\u00f4tre ou comme celui d&rsquo;aujourd&rsquo;hui<\/strong>. <strong>Donc<\/strong>, c&rsquo;est une tr\u00e8s bonne nouvelle. \u00c7a veut dire qu&rsquo;on a un vrai impact sur les d\u00e9cisions plan\u00e9taires \u00a0\u00bb &#8230;<\/p>\n\n\n\n<p>\u25aa\ufe0e <a href=\"https:\/\/m.kla.tv\/fr\/2024-06-09\/29339\">Interview avec Fran\u00e7ois de Siebenthal<\/a><strong> &#8211; Grande manifestation internationale de l&rsquo;OMS \u00e0 Gen\u00e8ve du 1er juin 2024<\/strong> : \u00a0\u00bb Alors on a peut-\u00eatre gagn\u00e9 une bataille de retarder ce trait\u00e9. Mais les dispositions sont tr\u00e8s dangereuses, ils veulent les int\u00e9grer aussi dans le r\u00e8glement sanitaire international et dans diff\u00e9rentes lois et r\u00e8glements et prescriptions \u00ab\u00a0&#8230;<\/p>\n\n\n\n<p>\u25aa\ufe0e <a href=\"https:\/\/m.kla.tv\/fr\/2024-06-09\/29340\">Interview avec Fran\u00e7ois de Siebenthal<\/a><strong> &#8211; Grande manifestation internationale de l&rsquo;OMS \u00e0 Gen\u00e8ve du 1er juin 2024<\/strong> : \u00a0\u00bb Bonjour, alors moi je suis la pr\u00e9sidente de Re -Info Sant\u00e9 Suisse Internationale qui est un collectif de soignants, de professionnels de sant\u00e9 qui se positionne, qui s&rsquo; est principalement positionn\u00e9 depuis le d\u00e9but de la crise avec ces histoires de Covid \u00a0\u00bb &#8230;<\/p>\n\n\n\n<p><span style=\"text-decoration: underline;\">Pour aller plus loin<\/span> :&nbsp;<\/p>\n\n\n\n<p>\ud83d\uddd3&nbsp; <a href=\"https:\/\/t.me\/Intl_Partener_Newsletters\/377\">Cr\u00e9ation d\u2019un r\u00e9seau international face au Trait\u00e9 Pand\u00e9mies<\/a><strong> et \u00e0 la r\u00e9vision du RSI :<\/strong> <span style=\"text-decoration: underline;\">194 pays<\/span> <strong>composent l\u2019Organisation Mondiale de la Sant\u00e9 et chaque pays compte pour une voix, quelque soit sa taille.<\/strong> [Syndicat Libert\u00e9 Sant\u00e9]<\/p>\n\n\n\n<p>\ud83c\udf10&nbsp;<a href=\"https:\/\/t.me\/Intl_Partener_Newsletters\">Intl. Partners True Newsletters<\/a>&nbsp;\ud83d\uddde<br>\ud83c\udf10&nbsp;<a href=\"https:\/\/m.youtube.com\/watch?v=kCH-aRXQjbM\">Ufo Paranormal Investigations<\/a>&nbsp;&nbsp;\ud83d\udef8<br>\ud83d\udcbb&nbsp;&nbsp;<a href=\"http:\/\/planetactus.com\/\">Planetactus.com<\/a>&nbsp;\ud83e\ude90<\/p>\n<div class=\"gsp_post_data\" \r\n\t            data-post_type=\"post\" \r\n\t            data-cat=\"a-la-une,international,opinion,sante\" \r\n\t            data-modified=\"120\"\r\n\t            data-created=\"1718262919\"\r\n\t            data-title=\"L\u2019Accord sur les Pand\u00e9mies | Manifestation \u00e0 Gen\u00e8ve : L\u2019OMS Face \u00e0 l\u2019Opposition Plan\u00e9taire | Tous Mobilis\u00e9 Contre le Trait\u00e9 Pand\u00e9mies\" \r\n\t            data-home=\"https:\/\/planetactus.com\"><\/div>","protected":false},"excerpt":{"rendered":"<p>The Pandemic Accord | Demonstration in Geneva: WHO Facing Global Opposition | Everyone Mobilized against the Pandemic Treaty \ud83c\udf99 \u25aa\ufe0e Interview avec Chlo\u00e9 Frammery &#8211; Grande manifestation internationale de l&rsquo;OMS \u00e0 Gen\u00e8ve du 1er juin 2024 (Juin 2024) \ud83e\ude7a [KLATV] \u00a0\u00bb Et on a surtout vu que l&rsquo;accord sur les pand\u00e9mies, finalement, ne passe pas [&hellip;]<\/p>\n","protected":false},"author":1,"featured_media":483,"comment_status":"open","ping_status":"open","sticky":false,"template":"","format":"standard","meta":{"_bbp_topic_count":0,"_bbp_reply_count":0,"_bbp_total_topic_count":0,"_bbp_total_reply_count":0,"_bbp_voice_count":0,"_bbp_anonymous_reply_count":0,"_bbp_topic_count_hidden":0,"_bbp_reply_count_hidden":0,"_bbp_forum_subforum_count":0,"fifu_image_url":"","fifu_image_alt":"","_jetpack_memberships_contains_paid_content":false,"footnotes":"","jetpack_publicize_message":"","jetpack_publicize_feature_enabled":true,"jetpack_social_post_already_shared":false,"jetpack_social_options":{"image_generator_settings":{"template":"highway","default_image_id":0,"font":"","enabled":false},"version":2}},"categories":[19,21,13,11],"tags":[],"class_list":["post-481","post","type-post","status-publish","format-standard","has-post-thumbnail","hentry","category-a-la-une","category-international","category-opinion","category-sante"],"featured_image_src":"https:\/\/mlrdeoj2ejbf.i.optimole.com\/cb:mvHM.4ca\/w:auto\/h:auto\/q:mauto\/f:best\/https:\/\/i0.wp.com\/planetactus.com\/wp-content\/uploads\/2024\/06\/Planet-Actus-Sante-IA-min.jpeg?fit=1024%2C1024&ssl=1","author_info":{"display_name":"planetactus.com","author_link":"https:\/\/planetactus.com\/index.php\/author\/admin9861\/"},"yoast_head":"<!-- This site is optimized with the Yoast SEO plugin v27.5 - https:\/\/yoast.com\/product\/yoast-seo-wordpress\/ -->\n<title>L\u2019Accord sur les Pand\u00e9mies | Manifestation \u00e0 Gen\u00e8ve : L\u2019OMS Face \u00e0 l\u2019Opposition Plan\u00e9taire | Tous Mobilis\u00e9 Contre le Trait\u00e9 Pand\u00e9mies -<\/title>\n<meta name=\"description\" content=\"interview avec Chlo\u00e9 Frammery - Grande manifestation internationale de l&#039;OMS \u00e0 Gen\u00e8ve du 1er juin 2024 (Juin 2024) \ud83e\ude7a [KLATV]&quot; Et on a surtout vu que l&#039;accord sur les pand\u00e9mies, finalement, ne passe pas cette semaine. Il ne passe pas parce qu&#039;il y a eu trop d&#039;opposition de la part des diff\u00e9rents pays et de la part des mouvements r\u00e9sistants comme le n\u00f4tre ou comme celui d&#039;aujourd&#039;hui. Donc, c&#039;est une tr\u00e8s bonne nouvelle. \u00c7a veut dire qu&#039;on a un vrai impact sur les d\u00e9cisions plan\u00e9taires &quot;\" class=\"yoast-seo-meta-tag\" \/>\n<meta name=\"robots\" content=\"index, follow, max-snippet:-1, max-image-preview:large, max-video-preview:-1\" \/>\n<link rel=\"canonical\" href=\"https:\/\/planetactus.com\/index.php\/2024\/06\/13\/laccord-sur-les-pandemies-manifestation-a-geneve-loms-face-a-lopposition-planetaire-tous-mobilise-contre-le-traite-pandemies\/\" class=\"yoast-seo-meta-tag\" \/>\n<meta property=\"og:locale\" content=\"fr_FR\" class=\"yoast-seo-meta-tag\" \/>\n<meta property=\"og:type\" content=\"article\" class=\"yoast-seo-meta-tag\" \/>\n<meta property=\"og:title\" content=\"L\u2019Accord sur les Pand\u00e9mies. Manifestation \u00e0 Gen\u00e8ve : L\u2019OMS Face \u00e0 l\u2019Opposition Plan\u00e9taireTous Mobilis\u00e9 Contre le Trait\u00e9 Pand\u00e9mies.\" class=\"yoast-seo-meta-tag\" \/>\n<meta property=\"og:description\" content=\"interview avec Chlo\u00e9 Frammery - Grande manifestation internationale de l&#039;OMS \u00e0 Gen\u00e8ve du 1er juin 2024 (Juin 2024) \ud83e\ude7a [KLATV]&quot; Et on a surtout vu que l&#039;accord sur les pand\u00e9mies, finalement, ne passe pas cette semaine. Il ne passe pas parce qu&#039;il y a eu trop d&#039;opposition de la part des diff\u00e9rents pays et de la part des mouvements r\u00e9sistants comme le n\u00f4tre ou comme celui d&#039;aujourd&#039;hui. Donc, c&#039;est une tr\u00e8s bonne nouvelle. \u00c7a veut dire qu&#039;on a un vrai impact sur les d\u00e9cisions plan\u00e9taires &quot;\" class=\"yoast-seo-meta-tag\" \/>\n<meta property=\"og:url\" content=\"https:\/\/planetactus.com\/index.php\/2024\/06\/13\/laccord-sur-les-pandemies-manifestation-a-geneve-loms-face-a-lopposition-planetaire-tous-mobilise-contre-le-traite-pandemies\/\" class=\"yoast-seo-meta-tag\" \/>\n<meta property=\"article:publisher\" content=\"https:\/\/www.facebook.com\/profile.php?id=61561620320740\" class=\"yoast-seo-meta-tag\" \/>\n<meta property=\"article:author\" content=\"https:\/\/www.facebook.com\/profile.php?id=61561620320740\" class=\"yoast-seo-meta-tag\" \/>\n<meta property=\"article:published_time\" content=\"2024-06-13T05:15:19+00:00\" class=\"yoast-seo-meta-tag\" \/>\n<meta property=\"article:modified_time\" content=\"2024-06-13T05:15:27+00:00\" class=\"yoast-seo-meta-tag\" \/>\n<meta property=\"og:image\" content=\"https:\/\/mlrdeoj2ejbf.i.optimole.com\/cb:mvHM.4ca\/w:auto\/h:auto\/q:mauto\/f:best\/http:\/\/planetactus.com\/wp-content\/uploads\/2024\/06\/Planet-Actus-Sante-IA-min.jpeg\" class=\"yoast-seo-meta-tag\" \/>\n\t<meta property=\"og:image:width\" content=\"1024\" class=\"yoast-seo-meta-tag\" \/>\n\t<meta property=\"og:image:height\" content=\"1024\" class=\"yoast-seo-meta-tag\" \/>\n\t<meta property=\"og:image:type\" content=\"image\/jpeg\" class=\"yoast-seo-meta-tag\" \/>\n<meta name=\"author\" content=\"planetactus.com\" class=\"yoast-seo-meta-tag\" \/>\n<meta name=\"twitter:card\" content=\"summary_large_image\" class=\"yoast-seo-meta-tag\" \/>\n<meta name=\"twitter:description\" content=\"interview avec Chlo\u00e9 Frammery - Grande manifestation internationale de l&#039;OMS \u00e0 Gen\u00e8ve du 1er juin 2024 (Juin 2024) \ud83e\ude7a [KLATV]&quot; Et on a surtout vu que l&#039;accord sur les pand\u00e9mies, finalement, ne passe pas cette semaine. Il ne passe pas parce qu&#039;il y a eu trop d&#039;opposition de la part des diff\u00e9rents pays et de la part des mouvements r\u00e9sistants comme le n\u00f4tre ou comme celui d&#039;aujourd&#039;hui. Donc, c&#039;est une tr\u00e8s bonne nouvelle. \u00c7a veut dire qu&#039;on a un vrai impact sur les d\u00e9cisions plan\u00e9taires &quot;\" class=\"yoast-seo-meta-tag\" \/>\n<meta name=\"twitter:image\" content=\"https:\/\/mlrdeoj2ejbf.i.optimole.com\/cb:mvHM.4ca\/w:auto\/h:auto\/q:mauto\/f:best\/https:\/\/i0.wp.com\/planetactus.com\/wp-content\/uploads\/2024\/06\/Planet-Actus-Sante-IA-min.jpeg?fit=1024%2C1024&ssl=1\" class=\"yoast-seo-meta-tag\" \/>\n<meta name=\"twitter:creator\" content=\"@https:\/\/x.com\/PlanetActus\" class=\"yoast-seo-meta-tag\" \/>\n<meta name=\"twitter:site\" content=\"@PlanetActus\" class=\"yoast-seo-meta-tag\" \/>\n<meta name=\"twitter:label1\" content=\"\u00c9crit par\" class=\"yoast-seo-meta-tag\" \/>\n\t<meta name=\"twitter:data1\" content=\"planetactus.com\" class=\"yoast-seo-meta-tag\" \/>\n\t<meta name=\"twitter:label2\" content=\"Dur\u00e9e de lecture estim\u00e9e\" class=\"yoast-seo-meta-tag\" \/>\n\t<meta name=\"twitter:data2\" content=\"2 minutes\" class=\"yoast-seo-meta-tag\" \/>\n<script type=\"application\/ld+json\" class=\"yoast-schema-graph\">{\"@context\":\"https:\\\/\\\/schema.org\",\"@graph\":[{\"@type\":\"Article\",\"@id\":\"https:\\\/\\\/planetactus.com\\\/index.php\\\/2024\\\/06\\\/13\\\/laccord-sur-les-pandemies-manifestation-a-geneve-loms-face-a-lopposition-planetaire-tous-mobilise-contre-le-traite-pandemies\\\/#article\",\"isPartOf\":{\"@id\":\"https:\\\/\\\/planetactus.com\\\/index.php\\\/2024\\\/06\\\/13\\\/laccord-sur-les-pandemies-manifestation-a-geneve-loms-face-a-lopposition-planetaire-tous-mobilise-contre-le-traite-pandemies\\\/\"},\"author\":{\"name\":\"planetactus.com\",\"@id\":\"https:\\\/\\\/planetactus.com\\\/#\\\/schema\\\/person\\\/fbb75ac73a2424d2e176d31b021372a4\"},\"headline\":\"L\u2019Accord sur les Pand\u00e9mies | Manifestation \u00e0 Gen\u00e8ve : L\u2019OMS Face \u00e0 l\u2019Opposition Plan\u00e9taire | Tous Mobilis\u00e9 Contre le Trait\u00e9 Pand\u00e9mies\",\"datePublished\":\"2024-06-13T05:15:19+00:00\",\"dateModified\":\"2024-06-13T05:15:27+00:00\",\"mainEntityOfPage\":{\"@id\":\"https:\\\/\\\/planetactus.com\\\/index.php\\\/2024\\\/06\\\/13\\\/laccord-sur-les-pandemies-manifestation-a-geneve-loms-face-a-lopposition-planetaire-tous-mobilise-contre-le-traite-pandemies\\\/\"},\"wordCount\":327,\"commentCount\":1,\"publisher\":{\"@id\":\"https:\\\/\\\/planetactus.com\\\/#\\\/schema\\\/person\\\/fbb75ac73a2424d2e176d31b021372a4\"},\"image\":{\"@id\":\"https:\\\/\\\/planetactus.com\\\/index.php\\\/2024\\\/06\\\/13\\\/laccord-sur-les-pandemies-manifestation-a-geneve-loms-face-a-lopposition-planetaire-tous-mobilise-contre-le-traite-pandemies\\\/#primaryimage\"},\"thumbnailUrl\":\"https:\\/\\/i0.wp.com\\/planetactus.com\\/wp-content\\/uploads\\/2024\\/06\\/Planet-Actus-Sante-IA-min.jpeg?fit=1024%2C1024&ssl=1\",\"articleSection\":[\"A la Une\",\"International\",\"Opinion\",\"Sant\u00e9\"],\"inLanguage\":\"fr-FR\",\"potentialAction\":[{\"@type\":\"CommentAction\",\"name\":\"Comment\",\"target\":[\"https:\\\/\\\/planetactus.com\\\/index.php\\\/2024\\\/06\\\/13\\\/laccord-sur-les-pandemies-manifestation-a-geneve-loms-face-a-lopposition-planetaire-tous-mobilise-contre-le-traite-pandemies\\\/#respond\"]}]},{\"@type\":\"WebPage\",\"@id\":\"https:\\\/\\\/planetactus.com\\\/index.php\\\/2024\\\/06\\\/13\\\/laccord-sur-les-pandemies-manifestation-a-geneve-loms-face-a-lopposition-planetaire-tous-mobilise-contre-le-traite-pandemies\\\/\",\"url\":\"https:\\\/\\\/planetactus.com\\\/index.php\\\/2024\\\/06\\\/13\\\/laccord-sur-les-pandemies-manifestation-a-geneve-loms-face-a-lopposition-planetaire-tous-mobilise-contre-le-traite-pandemies\\\/\",\"name\":\"L\u2019Accord sur les Pand\u00e9mies | Manifestation \u00e0 Gen\u00e8ve : L\u2019OMS Face \u00e0 l\u2019Opposition Plan\u00e9taire | Tous Mobilis\u00e9 Contre le Trait\u00e9 Pand\u00e9mies -\",\"isPartOf\":{\"@id\":\"https:\\\/\\\/planetactus.com\\\/#website\"},\"primaryImageOfPage\":{\"@id\":\"https:\\\/\\\/planetactus.com\\\/index.php\\\/2024\\\/06\\\/13\\\/laccord-sur-les-pandemies-manifestation-a-geneve-loms-face-a-lopposition-planetaire-tous-mobilise-contre-le-traite-pandemies\\\/#primaryimage\"},\"image\":{\"@id\":\"https:\\\/\\\/planetactus.com\\\/index.php\\\/2024\\\/06\\\/13\\\/laccord-sur-les-pandemies-manifestation-a-geneve-loms-face-a-lopposition-planetaire-tous-mobilise-contre-le-traite-pandemies\\\/#primaryimage\"},\"thumbnailUrl\":\"https:\\/\\/i0.wp.com\\/planetactus.com\\/wp-content\\/uploads\\/2024\\/06\\/Planet-Actus-Sante-IA-min.jpeg?fit=1024%2C1024&ssl=1\",\"datePublished\":\"2024-06-13T05:15:19+00:00\",\"dateModified\":\"2024-06-13T05:15:27+00:00\",\"description\":\"interview avec Chlo\u00e9 Frammery - Grande manifestation internationale de l'OMS \u00e0 Gen\u00e8ve du 1er juin 2024 (Juin 2024) \ud83e\ude7a [KLATV]\\\" Et on a surtout vu que l'accord sur les pand\u00e9mies, finalement, ne passe pas cette semaine. Il ne passe pas parce qu'il y a eu trop d'opposition de la part des diff\u00e9rents pays et de la part des mouvements r\u00e9sistants comme le n\u00f4tre ou comme celui d'aujourd'hui. Donc, c'est une tr\u00e8s bonne nouvelle. \u00c7a veut dire qu'on a un vrai impact sur les d\u00e9cisions plan\u00e9taires \\\"\",\"breadcrumb\":{\"@id\":\"https:\\\/\\\/planetactus.com\\\/index.php\\\/2024\\\/06\\\/13\\\/laccord-sur-les-pandemies-manifestation-a-geneve-loms-face-a-lopposition-planetaire-tous-mobilise-contre-le-traite-pandemies\\\/#breadcrumb\"},\"inLanguage\":\"fr-FR\",\"potentialAction\":[{\"@type\":\"ReadAction\",\"target\":[\"https:\\\/\\\/planetactus.com\\\/index.php\\\/2024\\\/06\\\/13\\\/laccord-sur-les-pandemies-manifestation-a-geneve-loms-face-a-lopposition-planetaire-tous-mobilise-contre-le-traite-pandemies\\\/\"]}]},{\"@type\":\"ImageObject\",\"inLanguage\":\"fr-FR\",\"@id\":\"https:\\\/\\\/planetactus.com\\\/index.php\\\/2024\\\/06\\\/13\\\/laccord-sur-les-pandemies-manifestation-a-geneve-loms-face-a-lopposition-planetaire-tous-mobilise-contre-le-traite-pandemies\\\/#primaryimage\",\"url\":\"https:\\/\\/i0.wp.com\\/planetactus.com\\/wp-content\\/uploads\\/2024\\/06\\/Planet-Actus-Sante-IA-min.jpeg?fit=1024%2C1024&ssl=1\",\"contentUrl\":\"https:\\/\\/i0.wp.com\\/planetactus.com\\/wp-content\\/uploads\\/2024\\/06\\/Planet-Actus-Sante-IA-min.jpeg?fit=1024%2C1024&ssl=1\",\"width\":1024,\"height\":1024,\"caption\":\"Planet Actus Sant\u00e9 IA-min\"},{\"@type\":\"BreadcrumbList\",\"@id\":\"https:\\\/\\\/planetactus.com\\\/index.php\\\/2024\\\/06\\\/13\\\/laccord-sur-les-pandemies-manifestation-a-geneve-loms-face-a-lopposition-planetaire-tous-mobilise-contre-le-traite-pandemies\\\/#breadcrumb\",\"itemListElement\":[{\"@type\":\"ListItem\",\"position\":1,\"name\":\"Accueil\",\"item\":\"https:\\\/\\\/planetactus.com\\\/\"},{\"@type\":\"ListItem\",\"position\":2,\"name\":\"L\u2019Accord sur les Pand\u00e9mies | Manifestation \u00e0 Gen\u00e8ve : L\u2019OMS Face \u00e0 l\u2019Opposition Plan\u00e9taire | Tous Mobilis\u00e9 Contre le Trait\u00e9 Pand\u00e9mies\"}]},{\"@type\":\"WebSite\",\"@id\":\"https:\\\/\\\/planetactus.com\\\/#website\",\"url\":\"https:\\\/\\\/planetactus.com\\\/\",\"name\":\"PLANET ACTUS\",\"description\":\"PLANET ACTUS\",\"publisher\":{\"@id\":\"https:\\\/\\\/planetactus.com\\\/#\\\/schema\\\/person\\\/fbb75ac73a2424d2e176d31b021372a4\"},\"potentialAction\":[{\"@type\":\"SearchAction\",\"target\":{\"@type\":\"EntryPoint\",\"urlTemplate\":\"https:\\\/\\\/planetactus.com\\\/?s={search_term_string}\"},\"query-input\":{\"@type\":\"PropertyValueSpecification\",\"valueRequired\":true,\"valueName\":\"search_term_string\"}}],\"inLanguage\":\"fr-FR\"},{\"@type\":[\"Person\",\"Organization\"],\"@id\":\"https:\\\/\\\/planetactus.com\\\/#\\\/schema\\\/person\\\/fbb75ac73a2424d2e176d31b021372a4\",\"name\":\"planetactus.com\",\"image\":{\"@type\":\"ImageObject\",\"inLanguage\":\"fr-FR\",\"@id\":\"https:\\/\\/i0.wp.com\\/planetactus.com\\/wp-content\\/uploads\\/2024\\/07\\/cropped-2-Planet-Actus-Banniere-02a.jpg?fit=1189%2C365&ssl=1\",\"url\":\"https:\\/\\/i0.wp.com\\/planetactus.com\\/wp-content\\/uploads\\/2024\\/07\\/cropped-2-Planet-Actus-Banniere-02a.jpg?fit=1189%2C365&ssl=1\",\"contentUrl\":\"https:\\/\\/i0.wp.com\\/planetactus.com\\/wp-content\\/uploads\\/2024\\/07\\/cropped-2-Planet-Actus-Banniere-02a.jpg?fit=1189%2C365&ssl=1\",\"width\":1189,\"height\":365,\"caption\":\"planetactus.com\"},\"logo\":{\"@id\":\"https:\\/\\/i0.wp.com\\/planetactus.com\\/wp-content\\/uploads\\/2024\\/07\\/cropped-2-Planet-Actus-Banniere-02a.jpg?fit=1189%2C365&ssl=1\"},\"sameAs\":[\"http:\\\/\\\/planetactus.com\",\"https:\\\/\\\/www.facebook.com\\\/profile.php?id=61561620320740\",\"https:\\\/\\\/x.com\\\/https:\\\/\\\/x.com\\\/PlanetActus\",\"https:\\\/\\\/www.youtube.com\\\/@PlanetActus\"],\"url\":\"https:\\\/\\\/planetactus.com\\\/index.php\\\/author\\\/admin9861\\\/\"}]}<\/script>\n<!-- \/ Yoast SEO plugin. -->","yoast_head_json":{"title":"L\u2019Accord sur les Pand\u00e9mies | Manifestation \u00e0 Gen\u00e8ve : L\u2019OMS Face \u00e0 l\u2019Opposition Plan\u00e9taire | Tous Mobilis\u00e9 Contre le Trait\u00e9 Pand\u00e9mies -","description":"interview avec Chlo\u00e9 Frammery - Grande manifestation internationale de l'OMS \u00e0 Gen\u00e8ve du 1er juin 2024 (Juin 2024) \ud83e\ude7a [KLATV]\" Et on a surtout vu que l'accord sur les pand\u00e9mies, finalement, ne passe pas cette semaine. Il ne passe pas parce qu'il y a eu trop d'opposition de la part des diff\u00e9rents pays et de la part des mouvements r\u00e9sistants comme le n\u00f4tre ou comme celui d'aujourd'hui. Donc, c'est une tr\u00e8s bonne nouvelle. \u00c7a veut dire qu'on a un vrai impact sur les d\u00e9cisions plan\u00e9taires \"","robots":{"index":"index","follow":"follow","max-snippet":"max-snippet:-1","max-image-preview":"max-image-preview:large","max-video-preview":"max-video-preview:-1"},"canonical":"https:\/\/planetactus.com\/index.php\/2024\/06\/13\/laccord-sur-les-pandemies-manifestation-a-geneve-loms-face-a-lopposition-planetaire-tous-mobilise-contre-le-traite-pandemies\/","og_locale":"fr_FR","og_type":"article","og_title":"L\u2019Accord sur les Pand\u00e9mies. Manifestation \u00e0 Gen\u00e8ve : L\u2019OMS Face \u00e0 l\u2019Opposition Plan\u00e9taireTous Mobilis\u00e9 Contre le Trait\u00e9 Pand\u00e9mies.","og_description":"interview avec Chlo\u00e9 Frammery - Grande manifestation internationale de l'OMS \u00e0 Gen\u00e8ve du 1er juin 2024 (Juin 2024) \ud83e\ude7a [KLATV]\" Et on a surtout vu que l'accord sur les pand\u00e9mies, finalement, ne passe pas cette semaine. Il ne passe pas parce qu'il y a eu trop d'opposition de la part des diff\u00e9rents pays et de la part des mouvements r\u00e9sistants comme le n\u00f4tre ou comme celui d'aujourd'hui. Donc, c'est une tr\u00e8s bonne nouvelle. \u00c7a veut dire qu'on a un vrai impact sur les d\u00e9cisions plan\u00e9taires \"","og_url":"https:\/\/planetactus.com\/index.php\/2024\/06\/13\/laccord-sur-les-pandemies-manifestation-a-geneve-loms-face-a-lopposition-planetaire-tous-mobilise-contre-le-traite-pandemies\/","article_publisher":"https:\/\/www.facebook.com\/profile.php?id=61561620320740","article_author":"https:\/\/www.facebook.com\/profile.php?id=61561620320740","article_published_time":"2024-06-13T05:15:19+00:00","article_modified_time":"2024-06-13T05:15:27+00:00","og_image":[{"width":1024,"height":1024,"url":"https:\/\/mlrdeoj2ejbf.i.optimole.com\/cb:mvHM.4ca\/w:auto\/h:auto\/q:mauto\/f:best\/http:\/\/planetactus.com\/wp-content\/uploads\/2024\/06\/Planet-Actus-Sante-IA-min.jpeg","type":"image\/jpeg"}],"author":"planetactus.com","twitter_card":"summary_large_image","twitter_description":"interview avec Chlo\u00e9 Frammery - Grande manifestation internationale de l'OMS \u00e0 Gen\u00e8ve du 1er juin 2024 (Juin 2024) \ud83e\ude7a [KLATV]\" Et on a surtout vu que l'accord sur les pand\u00e9mies, finalement, ne passe pas cette semaine. Il ne passe pas parce qu'il y a eu trop d'opposition de la part des diff\u00e9rents pays et de la part des mouvements r\u00e9sistants comme le n\u00f4tre ou comme celui d'aujourd'hui. Donc, c'est une tr\u00e8s bonne nouvelle. \u00c7a veut dire qu'on a un vrai impact sur les d\u00e9cisions plan\u00e9taires \"","twitter_image":"https:\/\/mlrdeoj2ejbf.i.optimole.com\/cb:mvHM.4ca\/w:auto\/h:auto\/q:mauto\/f:best\/https:\/\/i0.wp.com\/planetactus.com\/wp-content\/uploads\/2024\/06\/Planet-Actus-Sante-IA-min.jpeg?fit=1024%2C1024&ssl=1","twitter_creator":"@https:\/\/x.com\/PlanetActus","twitter_site":"@PlanetActus","twitter_misc":{"\u00c9crit par":"planetactus.com","Dur\u00e9e de lecture estim\u00e9e":"2 minutes"},"schema":{"@context":"https:\/\/schema.org","@graph":[{"@type":"Article","@id":"https:\/\/planetactus.com\/index.php\/2024\/06\/13\/laccord-sur-les-pandemies-manifestation-a-geneve-loms-face-a-lopposition-planetaire-tous-mobilise-contre-le-traite-pandemies\/#article","isPartOf":{"@id":"https:\/\/planetactus.com\/index.php\/2024\/06\/13\/laccord-sur-les-pandemies-manifestation-a-geneve-loms-face-a-lopposition-planetaire-tous-mobilise-contre-le-traite-pandemies\/"},"author":{"name":"planetactus.com","@id":"https:\/\/planetactus.com\/#\/schema\/person\/fbb75ac73a2424d2e176d31b021372a4"},"headline":"L\u2019Accord sur les Pand\u00e9mies | Manifestation \u00e0 Gen\u00e8ve : L\u2019OMS Face \u00e0 l\u2019Opposition Plan\u00e9taire | Tous Mobilis\u00e9 Contre le Trait\u00e9 Pand\u00e9mies","datePublished":"2024-06-13T05:15:19+00:00","dateModified":"2024-06-13T05:15:27+00:00","mainEntityOfPage":{"@id":"https:\/\/planetactus.com\/index.php\/2024\/06\/13\/laccord-sur-les-pandemies-manifestation-a-geneve-loms-face-a-lopposition-planetaire-tous-mobilise-contre-le-traite-pandemies\/"},"wordCount":327,"commentCount":1,"publisher":{"@id":"https:\/\/planetactus.com\/#\/schema\/person\/fbb75ac73a2424d2e176d31b021372a4"},"image":{"@id":"https:\/\/planetactus.com\/index.php\/2024\/06\/13\/laccord-sur-les-pandemies-manifestation-a-geneve-loms-face-a-lopposition-planetaire-tous-mobilise-contre-le-traite-pandemies\/#primaryimage"},"thumbnailUrl":"https:\/\/mlrdeoj2ejbf.i.optimole.com\/cb:mvHM.4ca\/w:auto\/h:auto\/q:mauto\/f:best\/https:\/\/i0.wp.com\/planetactus.com\/wp-content\/uploads\/2024\/06\/Planet-Actus-Sante-IA-min.jpeg?fit=1024%2C1024&ssl=1","articleSection":["A la Une","International","Opinion","Sant\u00e9"],"inLanguage":"fr-FR","potentialAction":[{"@type":"CommentAction","name":"Comment","target":["https:\/\/planetactus.com\/index.php\/2024\/06\/13\/laccord-sur-les-pandemies-manifestation-a-geneve-loms-face-a-lopposition-planetaire-tous-mobilise-contre-le-traite-pandemies\/#respond"]}]},{"@type":"WebPage","@id":"https:\/\/planetactus.com\/index.php\/2024\/06\/13\/laccord-sur-les-pandemies-manifestation-a-geneve-loms-face-a-lopposition-planetaire-tous-mobilise-contre-le-traite-pandemies\/","url":"https:\/\/planetactus.com\/index.php\/2024\/06\/13\/laccord-sur-les-pandemies-manifestation-a-geneve-loms-face-a-lopposition-planetaire-tous-mobilise-contre-le-traite-pandemies\/","name":"L\u2019Accord sur les Pand\u00e9mies | Manifestation \u00e0 Gen\u00e8ve : L\u2019OMS Face \u00e0 l\u2019Opposition Plan\u00e9taire | Tous Mobilis\u00e9 Contre le Trait\u00e9 Pand\u00e9mies -","isPartOf":{"@id":"https:\/\/planetactus.com\/#website"},"primaryImageOfPage":{"@id":"https:\/\/planetactus.com\/index.php\/2024\/06\/13\/laccord-sur-les-pandemies-manifestation-a-geneve-loms-face-a-lopposition-planetaire-tous-mobilise-contre-le-traite-pandemies\/#primaryimage"},"image":{"@id":"https:\/\/planetactus.com\/index.php\/2024\/06\/13\/laccord-sur-les-pandemies-manifestation-a-geneve-loms-face-a-lopposition-planetaire-tous-mobilise-contre-le-traite-pandemies\/#primaryimage"},"thumbnailUrl":"https:\/\/mlrdeoj2ejbf.i.optimole.com\/cb:mvHM.4ca\/w:auto\/h:auto\/q:mauto\/f:best\/https:\/\/i0.wp.com\/planetactus.com\/wp-content\/uploads\/2024\/06\/Planet-Actus-Sante-IA-min.jpeg?fit=1024%2C1024&ssl=1","datePublished":"2024-06-13T05:15:19+00:00","dateModified":"2024-06-13T05:15:27+00:00","description":"interview avec Chlo\u00e9 Frammery - Grande manifestation internationale de l'OMS \u00e0 Gen\u00e8ve du 1er juin 2024 (Juin 2024) \ud83e\ude7a [KLATV]\" Et on a surtout vu que l'accord sur les pand\u00e9mies, finalement, ne passe pas cette semaine. Il ne passe pas parce qu'il y a eu trop d'opposition de la part des diff\u00e9rents pays et de la part des mouvements r\u00e9sistants comme le n\u00f4tre ou comme celui d'aujourd'hui. Donc, c'est une tr\u00e8s bonne nouvelle. \u00c7a veut dire qu'on a un vrai impact sur les d\u00e9cisions plan\u00e9taires \"","breadcrumb":{"@id":"https:\/\/planetactus.com\/index.php\/2024\/06\/13\/laccord-sur-les-pandemies-manifestation-a-geneve-loms-face-a-lopposition-planetaire-tous-mobilise-contre-le-traite-pandemies\/#breadcrumb"},"inLanguage":"fr-FR","potentialAction":[{"@type":"ReadAction","target":["https:\/\/planetactus.com\/index.php\/2024\/06\/13\/laccord-sur-les-pandemies-manifestation-a-geneve-loms-face-a-lopposition-planetaire-tous-mobilise-contre-le-traite-pandemies\/"]}]},{"@type":"ImageObject","inLanguage":"fr-FR","@id":"https:\/\/planetactus.com\/index.php\/2024\/06\/13\/laccord-sur-les-pandemies-manifestation-a-geneve-loms-face-a-lopposition-planetaire-tous-mobilise-contre-le-traite-pandemies\/#primaryimage","url":"https:\/\/mlrdeoj2ejbf.i.optimole.com\/cb:mvHM.4ca\/w:auto\/h:auto\/q:mauto\/f:best\/https:\/\/i0.wp.com\/planetactus.com\/wp-content\/uploads\/2024\/06\/Planet-Actus-Sante-IA-min.jpeg?fit=1024%2C1024&ssl=1","contentUrl":"https:\/\/mlrdeoj2ejbf.i.optimole.com\/cb:mvHM.4ca\/w:auto\/h:auto\/q:mauto\/f:best\/https:\/\/i0.wp.com\/planetactus.com\/wp-content\/uploads\/2024\/06\/Planet-Actus-Sante-IA-min.jpeg?fit=1024%2C1024&ssl=1","width":1024,"height":1024,"caption":"Planet Actus Sant\u00e9 IA-min"},{"@type":"BreadcrumbList","@id":"https:\/\/planetactus.com\/index.php\/2024\/06\/13\/laccord-sur-les-pandemies-manifestation-a-geneve-loms-face-a-lopposition-planetaire-tous-mobilise-contre-le-traite-pandemies\/#breadcrumb","itemListElement":[{"@type":"ListItem","position":1,"name":"Accueil","item":"https:\/\/planetactus.com\/"},{"@type":"ListItem","position":2,"name":"L\u2019Accord sur les Pand\u00e9mies | Manifestation \u00e0 Gen\u00e8ve : L\u2019OMS Face \u00e0 l\u2019Opposition Plan\u00e9taire | Tous Mobilis\u00e9 Contre le Trait\u00e9 Pand\u00e9mies"}]},{"@type":"WebSite","@id":"https:\/\/planetactus.com\/#website","url":"https:\/\/planetactus.com\/","name":"PLANET ACTUS","description":"PLANET ACTUS","publisher":{"@id":"https:\/\/planetactus.com\/#\/schema\/person\/fbb75ac73a2424d2e176d31b021372a4"},"potentialAction":[{"@type":"SearchAction","target":{"@type":"EntryPoint","urlTemplate":"https:\/\/planetactus.com\/?s={search_term_string}"},"query-input":{"@type":"PropertyValueSpecification","valueRequired":true,"valueName":"search_term_string"}}],"inLanguage":"fr-FR"},{"@type":["Person","Organization"],"@id":"https:\/\/planetactus.com\/#\/schema\/person\/fbb75ac73a2424d2e176d31b021372a4","name":"planetactus.com","image":{"@type":"ImageObject","inLanguage":"fr-FR","@id":"https:\/\/mlrdeoj2ejbf.i.optimole.com\/cb:mvHM.4ca\/w:auto\/h:auto\/q:mauto\/f:best\/https:\/\/i0.wp.com\/planetactus.com\/wp-content\/uploads\/2024\/07\/cropped-2-Planet-Actus-Banniere-02a.jpg?fit=1189%2C365&ssl=1","url":"https:\/\/mlrdeoj2ejbf.i.optimole.com\/cb:mvHM.4ca\/w:auto\/h:auto\/q:mauto\/f:best\/https:\/\/i0.wp.com\/planetactus.com\/wp-content\/uploads\/2024\/07\/cropped-2-Planet-Actus-Banniere-02a.jpg?fit=1189%2C365&ssl=1","contentUrl":"https:\/\/mlrdeoj2ejbf.i.optimole.com\/cb:mvHM.4ca\/w:auto\/h:auto\/q:mauto\/f:best\/https:\/\/i0.wp.com\/planetactus.com\/wp-content\/uploads\/2024\/07\/cropped-2-Planet-Actus-Banniere-02a.jpg?fit=1189%2C365&ssl=1","width":1189,"height":365,"caption":"planetactus.com"},"logo":{"@id":"https:\/\/mlrdeoj2ejbf.i.optimole.com\/cb:mvHM.4ca\/w:auto\/h:auto\/q:mauto\/f:best\/https:\/\/i0.wp.com\/planetactus.com\/wp-content\/uploads\/2024\/07\/cropped-2-Planet-Actus-Banniere-02a.jpg?fit=1189%2C365&ssl=1"},"sameAs":["http:\/\/planetactus.com","https:\/\/www.facebook.com\/profile.php?id=61561620320740","https:\/\/x.com\/https:\/\/x.com\/PlanetActus","https:\/\/www.youtube.com\/@PlanetActus"],"url":"https:\/\/planetactus.com\/index.php\/author\/admin9861\/"}]}},"jetpack_publicize_connections":[],"jetpack_featured_media_url":"https:\/\/mlrdeoj2ejbf.i.optimole.com\/cb:mvHM.4ca\/w:auto\/h:auto\/q:mauto\/f:best\/https:\/\/i0.wp.com\/planetactus.com\/wp-content\/uploads\/2024\/06\/Planet-Actus-Sante-IA-min.jpeg?fit=1024%2C1024&ssl=1","jetpack_sharing_enabled":true,"_links":{"self":[{"href":"https:\/\/planetactus.com\/index.php\/wp-json\/wp\/v2\/posts\/481","targetHints":{"allow":["GET"]}}],"collection":[{"href":"https:\/\/planetactus.com\/index.php\/wp-json\/wp\/v2\/posts"}],"about":[{"href":"https:\/\/planetactus.com\/index.php\/wp-json\/wp\/v2\/types\/post"}],"author":[{"embeddable":true,"href":"https:\/\/planetactus.com\/index.php\/wp-json\/wp\/v2\/users\/1"}],"replies":[{"embeddable":true,"href":"https:\/\/planetactus.com\/index.php\/wp-json\/wp\/v2\/comments?post=481"}],"version-history":[{"count":2,"href":"https:\/\/planetactus.com\/index.php\/wp-json\/wp\/v2\/posts\/481\/revisions"}],"predecessor-version":[{"id":484,"href":"https:\/\/planetactus.com\/index.php\/wp-json\/wp\/v2\/posts\/481\/revisions\/484"}],"wp:featuredmedia":[{"embeddable":true,"href":"https:\/\/planetactus.com\/index.php\/wp-json\/wp\/v2\/media\/483"}],"wp:attachment":[{"href":"https:\/\/planetactus.com\/index.php\/wp-json\/wp\/v2\/media?parent=481"}],"wp:term":[{"taxonomy":"category","embeddable":true,"href":"https:\/\/planetactus.com\/index.php\/wp-json\/wp\/v2\/categories?post=481"},{"taxonomy":"post_tag","embeddable":true,"href":"https:\/\/planetactus.com\/index.php\/wp-json\/wp\/v2\/tags?post=481"}],"curies":[{"name":"wp","href":"https:\/\/api.w.org\/{rel}","templated":true}]}}