{"id":517,"date":"2024-06-16T10:37:49","date_gmt":"2024-06-16T08:37:49","guid":{"rendered":"https:\/\/planetactus.com\/?p=517"},"modified":"2024-06-16T10:37:55","modified_gmt":"2024-06-16T08:37:55","slug":"au-dela-du-sacre-la-quete-de-la-verite-les-archives-vaticanes-et-les-phenomenes-ovni-quy-a-t-il-derriere-les-portes-fermees-enquete","status":"publish","type":"post","link":"https:\/\/planetactus.com\/index.php\/2024\/06\/16\/au-dela-du-sacre-la-quete-de-la-verite-les-archives-vaticanes-et-les-phenomenes-ovni-quy-a-t-il-derriere-les-portes-fermees-enquete\/","title":{"rendered":"Au-del\u00e0 du Sacr\u00e9.\u00a0La Qu\u00eate de la V\u00e9rit\u00e9 : Les Archives Vaticanes et les Ph\u00e9nom\u00e8nes OVNI.\u00a0Qu&rsquo;y a-t-il derri\u00e8re les Portes Ferm\u00e9es ?\u00a0Enqu\u00eate."},"content":{"rendered":"\n<p><strong>Gardiennes de l&rsquo;Histoire ou Couverture d&rsquo;OVNIs ? <\/strong>\u271d\ufe0f \ud83d\udef8<\/p>\n\n\n\n<p>\u25aa\ufe0e\u00a0<strong>Beyond the Sacred. The Quest for Truth: The Vatican Archives and UFO Phenomena. What Lies behind Closed Doors? Investigation. Guardians of History or UFO Cover-up?<\/strong>\u00a0\ud83d\udc7d<\/p>\n\n\n\n<p>\ud83d\udccd<strong>Bienvenue dans notre exploration des myst\u00e8res cach\u00e9s au c\u0153ur du Vatican<\/strong>. Aujourd&rsquo;hui, nous plongeons dans un sujet qui a captiv\u00e9 l&rsquo;imagination de nombreux chercheurs et amateurs de myst\u00e8res :<strong>&nbsp;les archives du Vatican et leur \u00e9ventuelle relation avec les ph\u00e9nom\u00e8nes OVNI<\/strong>.<\/p>\n\n\n\n<p><strong>Il semblerait que les archives du Vatican ne contiennent pas de documents officiels sur la vie extraterrestre<\/strong>.\u00a0En effet, selon les informations disponibles, le pr\u00e9fet de l&rsquo;Archivio Apostolico Vaticano, le cardinal Angelo Becciu, a affirm\u00e9 qu&rsquo;il n&rsquo;y a pas de documents dans les archives qui traitent de la vie extraterrestre. Cela sugg\u00e8re que les rumeurs concernant des milliers de documents sur les ph\u00e9nom\u00e8nes OVNI dans les archives du Vatican ne sont pas fond\u00e9es.<\/p>\n\n\n\n<p><strong>Cependant, cette affirmation n&rsquo;a pas mis fin aux sp\u00e9culations et aux rumeurs persistantes. Des chercheurs ont sugg\u00e9r\u00e9 que ces archives pourraient cacher des secrets sur les OVNI, tandis que d&rsquo;autres ont fait pression sur le Vatican pour r\u00e9v\u00e9ler ces documents apr\u00e8s des all\u00e9gations de couverture de l&rsquo;OVNI.<\/strong><\/p>\n\n\n\n<p><strong>Pour ceux qui sont curieux de savoir ce qui se cache derri\u00e8re les portes ferm\u00e9es des archives vaticanes<\/strong>, il existe plusieurs sources qui offrent des aper\u00e7us vari\u00e9s. Une <span style=\"text-decoration: underline;\">enqu\u00eate <\/span>r\u00e9cente a examin\u00e9 la possibilit\u00e9 que les archives contiennent des informations sur les OVNI.\u00a0<strong>D&rsquo;autres articles discutent de la gestion des secrets par le Vatican et de la demande publique d&rsquo;acc\u00e8s \u00e0 ces archives.<\/strong><\/p>\n\n\n\n<p><span style=\"text-decoration: underline;\">Alors que nous continuons \u00e0 chercher la v\u00e9rit\u00e9<\/span>, il est clair que les archives du Vatican restent un sujet fascinant et pleinement d&rsquo;actualit\u00e9. <strong>Restez \u00e0 l&rsquo;\u00e9coute pour plus d&rsquo;informations et d&rsquo;analyses sur ce myst\u00e9rieux tr\u00e9sor historique.<\/strong><\/p>\n\n\n\n<p><span style=\"text-decoration: underline;\">En savoir plus<\/span>\u00a0:<\/p>\n\n\n\n<p>\u25aa\ufe0e\u00a0<strong>Angels or Aliens ? Some Researchers Say Vatican Archives Hold UFO |\u00a0<a href=\"https:\/\/thetablet.org\/angels-or-aliens-some-researchers-say-vatican-archives-hold-ufo-secrets\/\">Anges ou extraterrestres ? Certains chercheurs affirment que les archives du Vatican d\u00e9tiennent des secrets sur les ovnis \u00ab\u00a0<\/a> :\u00a0<\/strong>CIT\u00c9 DU VATICAN (CNS) &#8211; Un groupe de scientifiques et de chercheurs cherchent \u00e0 acc\u00e9der aux Archives apostoliques du Vatican pour d\u00e9couvrir des informations sur les ovnis et le paranormal,\u00a0<strong>estimant qu&rsquo;il pourrait y avoir des traces parmi les 50 miles d&rsquo;\u00e9tag\u00e8res contenant de tout, des notes papales manuscrites aux missives pr\u00e9sidentielles.<\/strong><\/p>\n\n\n\n<p><strong>Cet effort de plusieurs d\u00e9cennies a pris de l&rsquo;ampleur en 2023 \u00e0 la suite du t\u00e9moignage au Congr\u00e8s de l&rsquo;ancien responsable du renseignement am\u00e9ricain\u00a0David Grusch<\/strong>, all\u00e9guant\u00a0l&rsquo;implication du Vatican dans une <span style=\"text-decoration: underline;\">dissimulation internationale de secrets extraterrestres<\/span>.\u00a0Grusch a affirm\u00e9 que le pape Pie XII avait \u00ab\u00a0<strong>d\u00e9tourn\u00e9<\/strong>\u00a0\u00bb des informations vers les \u00c9tats-Unis concernant un OVNI \u00e9cras\u00e9 r\u00e9cup\u00e9r\u00e9 par le dictateur fasciste Benito Mussolini. [&#8230;] [<a href=\"https:\/\/thetablet-org.translate.goog\/angels-or-aliens-some-researchers-say-vatican-archives-hold-ufo-secrets\/?_x_tr_sl=auto&amp;_x_tr_tl=fr&amp;_x_tr_hl=fr&amp;_x_tr_pto=wapp\"><strong>The Tablet<\/strong>]<\/a>\u00a0&#8211; [<a href=\"https:\/\/catholicreview-org.translate.goog\/angels-or-aliens-some-researchers-say-vatican-archives-hold-ufo-secrets\/?_x_tr_sl=auto&amp;_x_tr_tl=fr&amp;_x_tr_hl=fr&amp;_x_tr_pto=wapp\"><strong>Catholic Review<\/strong><\/a>].<\/p>\n\n\n\n<p>\u25aa\ufe0e\u00a0<strong><a href=\"https:\/\/apnews.com\/article\/vatican-archive-secrets-pius-xii-pope-c0c31a8e0b7e8d0827467367dd94779f\">The keeper of the Vatican\u2019s secrets is retiring. Here\u2019s what he wants you to know <\/a>|\u00a0<\/strong>Le gardien des secrets du Vatican prend sa retraite.\u00a0<strong><a href=\"https:\/\/apnews-com.translate.goog\/article\/vatican-archive-secrets-pius-xii-pope-c0c31a8e0b7e8d0827467367dd94779f?_x_tr_sl=auto&amp;_x_tr_tl=fr&amp;_x_tr_hl=fr&amp;_x_tr_pto=wapp\">Voici ce qu&rsquo;il veut que vous sachiez<\/a><\/strong>.\u00a0CIT\u00c9 DU VATICAN (AP) &#8211; Depuis des ann\u00e9es, le Vatican tente de d\u00e9mystifier l&rsquo;id\u00e9e selon laquelle ses c\u00e9l\u00e8bres archives secr\u00e8tes sont vraiment secr\u00e8tes :\u00a0<strong>il a ouvert les dossiers du controvers\u00e9 pape Pie XII de l&rsquo;\u00e9poque de la Seconde Guerre mondiale aux chercheurs et chang\u00e9 le nom officiel pour en retirer le mot \u00a0\u00bb Secret \u00a0\u00bb de son titre.\u00a0<\/strong>Mais une certaine aura de mythe et de myst\u00e8re a persist\u00e9 &#8211; jusqu&rsquo;\u00e0 maintenant [&#8230;] [<a href=\"https:\/\/apnews-com.translate.goog\/article\/vatican-archive-secrets-pius-xii-pope-c0c31a8e0b7e8d0827467367dd94779f?_x_tr_sl=auto&amp;_x_tr_tl=fr&amp;_x_tr_hl=fr&amp;_x_tr_pto=wapp\"><strong>Apnews<\/strong><\/a>]<\/p>\n\n\n\n<p>\u25aa\ufe0e <strong><a href=\"https:\/\/www.newsweek.com\/vatican-pressure-archives-ufo-cover-david-grusch-1816908\">Pressure on Vatican to reveal archives after \u00ab\u00a0UFO cover up\u00a0\u00bb claims<\/a> | Pression sur le Vatican pour r\u00e9v\u00e9ler les archives apr\u00e8s les affirmations de \u00a0\u00bb\u00a0camouflage d&rsquo;OVNI\u00a0\u00ab\u00a0<\/strong> : La pression s&rsquo;intensifie sur le Vatican <strong>pour faire la lumi\u00e8re<\/strong> sur le fait qu&rsquo;il \u00e9tait conscient qu&rsquo;un OVNI avait \u00e9t\u00e9 r\u00e9cup\u00e9r\u00e9 en Italie dans les ann\u00e9es 1930, alors que de nombreuses affirmations circulent \u00e0 propos de la\u00a0<strong>connaissance<\/strong>\u00a0et de la\u00a0<strong>gestion par le gouvernement am\u00e9ricain des contacts avec une vie extraterrestre.<\/strong> [&#8230;] [<a href=\"https:\/\/www-newsweek-com.translate.goog\/vatican-pressure-archives-ufo-cover-david-grusch-1816908?_x_tr_sl=auto&amp;_x_tr_tl=fr&amp;_x_tr_hl=fr&amp;_x_tr_pto=wapp\"><strong>Newsweek<\/strong><\/a>]<\/p>\n\n\n\n<p><strong>\u25aa\ufe0e Vatican and UFOs? What is in the archives? | Banfield. Vatican et OVNI ? Qu&rsquo;y a-t-il dans les archives ? | Banfield \ud83d\udcf9\u00a0<\/strong>(06:04) : <strong>Le lanceur d&rsquo;alerte David Grusch a pr\u00e9c\u00e9demment affirm\u00e9 que le Vatican et le pape faisaient partie d&rsquo;une gigantesque dissimulation concernant les OVNI qui dure depuis des d\u00e9cennies. En direct du Vatican, la productrice ex\u00e9cutive de NewsNation, Susanna Pinto, rejoint \u00a0\u00bb Banfield \u00a0\u00bb pour discuter du lien possible dans un rapport sp\u00e9cial.<\/strong><\/p>\n\n\n\n<figure class=\"wp-block-embed aligncenter is-type-video is-provider-youtube wp-block-embed-youtube wp-embed-aspect-16-9 wp-has-aspect-ratio\"><div class=\"wp-block-embed__wrapper\">\n<iframe title=\"Vatican and UFOs? What is in the archives? | Banfield\" width=\"640\" height=\"360\" src=\"https:\/\/www.youtube.com\/embed\/DxeTCk38XTA?feature=oembed\" frameborder=\"0\" allow=\"accelerometer; autoplay; clipboard-write; encrypted-media; gyroscope; picture-in-picture; web-share\" referrerpolicy=\"strict-origin-when-cross-origin\" allowfullscreen><\/iframe>\n<\/div><\/figure>\n\n\n\n<p><strong>Sur <\/strong><a href=\"https:\/\/youtubetranscript.com\/?v=DxeTCk38XTA\">YouTube Transcript<\/a><a href=\"https:\/\/youtubetranscript.com\/?v=DxeTCk38XTA\" target=\"_blank\" rel=\"noreferrer noopener\">.<\/a><\/p>\n\n\n\n<p>\ud83c\udf10\u00a0<a href=\"https:\/\/t.me\/Intl_Partener_Newsletters\">Intl. Partners True Newsletters<\/a>\u00a0\ud83d\uddde<br>\ud83c\udf10\u00a0<a href=\"https:\/\/m.youtube.com\/watch?v=kCH-aRXQjbM\">Ufo Paranormal Investigations<\/a>\u00a0\u00a0\ud83d\udef8<br>\ud83d\udcbb\u00a0\u00a0<a href=\"http:\/\/planetactus.com\/\">Planetactus.com<\/a>\u00a0\ud83e\ude90<\/p>\n\n\n<div class=\"wp-block-post-author\"><div class=\"wp-block-post-author__avatar\"><img decoding=async data-opt-id=1391982141  fetchpriority=\"high\" alt='' src='\/\/www.gravatar.com\/avatar\/1f651b4ef1fc23d4d1601d6f2649258e?s=48&#038;r=g&#038;d=mm' srcset='\/\/www.gravatar.com\/avatar\/1f651b4ef1fc23d4d1601d6f2649258e?s=48&#038;r=g&#038;d=mm 2x' class='avatar avatar-48 photo' height='48' width='48' \/><\/div><div class=\"wp-block-post-author__content\"><p class=\"wp-block-post-author__byline\"><a href=\"https:\/\/planetactus.com\">Planetactus<\/a><\/p><p class=\"wp-block-post-author__name\">planetactus.com<\/p><\/div><\/div><div class=\"gsp_post_data\" \r\n\t            data-post_type=\"post\" \r\n\t            data-cat=\"a-la-une,international,opinion,secrets-histoires,ufo-news\" \r\n\t            data-modified=\"120\"\r\n\t            data-created=\"1718534269\"\r\n\t            data-title=\"Au-del\u00e0 du Sacr\u00e9.\u00a0La Qu\u00eate de la V\u00e9rit\u00e9 : Les Archives Vaticanes et les Ph\u00e9nom\u00e8nes OVNI.\u00a0Qu&rsquo;y a-t-il derri\u00e8re les Portes Ferm\u00e9es ?\u00a0Enqu\u00eate.\" \r\n\t            data-home=\"https:\/\/planetactus.com\"><\/div>","protected":false},"excerpt":{"rendered":"<p>Au-del\u00e0 du Sacr\u00e9.\u00a0La Qu\u00eate de la V\u00e9rit\u00e9 : Les Archives Vaticanes et les Ph\u00e9nom\u00e8nes OVNI.\u00a0Qu&rsquo;y a-t-il derri\u00e8re les Portes Ferm\u00e9es ?\u00a0Enqu\u00eate.<\/p>\n","protected":false},"author":1,"featured_media":518,"comment_status":"open","ping_status":"open","sticky":false,"template":"","format":"standard","meta":{"_bbp_topic_count":0,"_bbp_reply_count":0,"_bbp_total_topic_count":0,"_bbp_total_reply_count":0,"_bbp_voice_count":0,"_bbp_anonymous_reply_count":0,"_bbp_topic_count_hidden":0,"_bbp_reply_count_hidden":0,"_bbp_forum_subforum_count":0,"fifu_image_url":"","fifu_image_alt":"","_jetpack_memberships_contains_paid_content":false,"footnotes":"","jetpack_publicize_message":"","jetpack_publicize_feature_enabled":true,"jetpack_social_post_already_shared":false,"jetpack_social_options":{"image_generator_settings":{"template":"highway","default_image_id":0,"font":"","enabled":false},"version":2}},"categories":[19,21,13,18,12],"tags":[],"class_list":["post-517","post","type-post","status-publish","format-standard","has-post-thumbnail","hentry","category-a-la-une","category-international","category-opinion","category-secrets-histoires","category-ufo-news"],"featured_image_src":"https:\/\/mlrdeoj2ejbf.i.optimole.com\/cb:mvHM.4ca\/w:auto\/h:auto\/q:mauto\/f:best\/https:\/\/i0.wp.com\/planetactus.com\/wp-content\/uploads\/2024\/06\/Planet-Actus-Vatican-Ufo-min.jpeg?fit=1024%2C1024&ssl=1","author_info":{"display_name":"planetactus.com","author_link":"https:\/\/planetactus.com\/index.php\/author\/admin9861\/"},"yoast_head":"<!-- This site is optimized with the Yoast SEO plugin v27.5 - https:\/\/yoast.com\/product\/yoast-seo-wordpress\/ -->\n<title>Au-del\u00e0 du Sacr\u00e9.\u00a0La Qu\u00eate de la V\u00e9rit\u00e9 : Les Archives Vaticanes et les Ph\u00e9nom\u00e8nes OVNI.\u00a0Qu&#039;y a-t-il derri\u00e8re les Portes Ferm\u00e9es ?\u00a0Enqu\u00eate. -<\/title>\n<meta name=\"description\" content=\"Bienvenue dans notre exploration des myst\u00e8res cach\u00e9s au c\u0153ur du Vatican. Aujourd&#039;hui, nous plongeons dans un sujet qui a captiv\u00e9 l&#039;imagination de nombreux chercheurs et amateurs de myst\u00e8res : les archives du Vatican et leur \u00e9ventuelle relation avec les ph\u00e9nom\u00e8nes OVNI\" class=\"yoast-seo-meta-tag\" \/>\n<meta name=\"robots\" content=\"index, follow, max-snippet:-1, max-image-preview:large, max-video-preview:-1\" \/>\n<link rel=\"canonical\" href=\"https:\/\/planetactus.com\/index.php\/2024\/06\/16\/au-dela-du-sacre-la-quete-de-la-verite-les-archives-vaticanes-et-les-phenomenes-ovni-quy-a-t-il-derriere-les-portes-fermees-enquete\/\" class=\"yoast-seo-meta-tag\" \/>\n<meta property=\"og:locale\" content=\"fr_FR\" class=\"yoast-seo-meta-tag\" \/>\n<meta property=\"og:type\" content=\"article\" class=\"yoast-seo-meta-tag\" \/>\n<meta property=\"og:title\" content=\"Au-del\u00e0 du Sacr\u00e9.\u00a0La Qu\u00eate de la V\u00e9rit\u00e9 : Les Archives Vaticanes et les Ph\u00e9nom\u00e8nes OVNI.\u00a0Qu&#039;y a-t-il derri\u00e8re les Portes Ferm\u00e9es ?\u00a0Enqu\u00eate.\" class=\"yoast-seo-meta-tag\" \/>\n<meta property=\"og:description\" content=\"Bienvenue dans notre exploration des myst\u00e8res cach\u00e9s au c\u0153ur du Vatican. Aujourd&#039;hui, nous plongeons dans un sujet qui a captiv\u00e9 l&#039;imagination de nombreux chercheurs et amateurs de myst\u00e8res : les archives du Vatican et leur \u00e9ventuelle relation avec les ph\u00e9nom\u00e8nes OVNI\" class=\"yoast-seo-meta-tag\" \/>\n<meta property=\"og:url\" content=\"https:\/\/planetactus.com\/index.php\/2024\/06\/16\/au-dela-du-sacre-la-quete-de-la-verite-les-archives-vaticanes-et-les-phenomenes-ovni-quy-a-t-il-derriere-les-portes-fermees-enquete\/\" class=\"yoast-seo-meta-tag\" \/>\n<meta property=\"article:publisher\" content=\"https:\/\/www.facebook.com\/profile.php?id=61561620320740\" class=\"yoast-seo-meta-tag\" \/>\n<meta property=\"article:author\" content=\"https:\/\/www.facebook.com\/profile.php?id=61561620320740\" class=\"yoast-seo-meta-tag\" \/>\n<meta property=\"article:published_time\" content=\"2024-06-16T08:37:49+00:00\" class=\"yoast-seo-meta-tag\" \/>\n<meta property=\"article:modified_time\" content=\"2024-06-16T08:37:55+00:00\" class=\"yoast-seo-meta-tag\" \/>\n<meta property=\"og:image\" content=\"https:\/\/mlrdeoj2ejbf.i.optimole.com\/cb:mvHM.4ca\/w:auto\/h:auto\/q:mauto\/f:best\/http:\/\/planetactus.com\/wp-content\/uploads\/2024\/06\/Planet-Actus-Vatican-Ufo-min.jpeg\" class=\"yoast-seo-meta-tag\" \/>\n\t<meta property=\"og:image:width\" content=\"1024\" class=\"yoast-seo-meta-tag\" \/>\n\t<meta property=\"og:image:height\" content=\"1024\" class=\"yoast-seo-meta-tag\" \/>\n\t<meta property=\"og:image:type\" content=\"image\/jpeg\" class=\"yoast-seo-meta-tag\" \/>\n<meta name=\"author\" content=\"planetactus.com\" class=\"yoast-seo-meta-tag\" \/>\n<meta name=\"twitter:card\" content=\"summary_large_image\" class=\"yoast-seo-meta-tag\" \/>\n<meta name=\"twitter:title\" content=\"Au-del\u00e0 du Sacr\u00e9.\u00a0La Qu\u00eate de la V\u00e9rit\u00e9 : Les Archives Vaticanes et les Ph\u00e9nom\u00e8nes OVNI.\u00a0Qu&#039;y a-t-il derri\u00e8re les Portes Ferm\u00e9es ?\u00a0Enqu\u00eate.\" class=\"yoast-seo-meta-tag\" \/>\n<meta name=\"twitter:description\" content=\"Bienvenue dans notre exploration des myst\u00e8res cach\u00e9s au c\u0153ur du Vatican. Aujourd&#039;hui, nous plongeons dans un sujet qui a captiv\u00e9 l&#039;imagination de nombreux chercheurs et amateurs de myst\u00e8res : les archives du Vatican et leur \u00e9ventuelle relation avec les ph\u00e9nom\u00e8nes OVNI\" class=\"yoast-seo-meta-tag\" \/>\n<meta name=\"twitter:image\" content=\"https:\/\/mlrdeoj2ejbf.i.optimole.com\/cb:mvHM.4ca\/w:auto\/h:auto\/q:mauto\/f:best\/https:\/\/i0.wp.com\/planetactus.com\/wp-content\/uploads\/2024\/06\/Planet-Actus-Vatican-Ufo-min.jpeg?fit=1024%2C1024&ssl=1\" class=\"yoast-seo-meta-tag\" \/>\n<meta name=\"twitter:creator\" content=\"@https:\/\/x.com\/PlanetActus\" class=\"yoast-seo-meta-tag\" \/>\n<meta name=\"twitter:site\" content=\"@PlanetActus\" class=\"yoast-seo-meta-tag\" \/>\n<meta name=\"twitter:label1\" content=\"\u00c9crit par\" class=\"yoast-seo-meta-tag\" \/>\n\t<meta name=\"twitter:data1\" content=\"planetactus.com\" class=\"yoast-seo-meta-tag\" \/>\n\t<meta name=\"twitter:label2\" content=\"Dur\u00e9e de lecture estim\u00e9e\" class=\"yoast-seo-meta-tag\" \/>\n\t<meta name=\"twitter:data2\" content=\"4 minutes\" class=\"yoast-seo-meta-tag\" \/>\n<script type=\"application\/ld+json\" class=\"yoast-schema-graph\">{\"@context\":\"https:\\\/\\\/schema.org\",\"@graph\":[{\"@type\":\"Article\",\"@id\":\"https:\\\/\\\/planetactus.com\\\/index.php\\\/2024\\\/06\\\/16\\\/au-dela-du-sacre-la-quete-de-la-verite-les-archives-vaticanes-et-les-phenomenes-ovni-quy-a-t-il-derriere-les-portes-fermees-enquete\\\/#article\",\"isPartOf\":{\"@id\":\"https:\\\/\\\/planetactus.com\\\/index.php\\\/2024\\\/06\\\/16\\\/au-dela-du-sacre-la-quete-de-la-verite-les-archives-vaticanes-et-les-phenomenes-ovni-quy-a-t-il-derriere-les-portes-fermees-enquete\\\/\"},\"author\":{\"name\":\"planetactus.com\",\"@id\":\"https:\\\/\\\/planetactus.com\\\/#\\\/schema\\\/person\\\/fbb75ac73a2424d2e176d31b021372a4\"},\"headline\":\"Au-del\u00e0 du Sacr\u00e9.\u00a0La Qu\u00eate de la V\u00e9rit\u00e9 : Les Archives Vaticanes et les Ph\u00e9nom\u00e8nes OVNI.\u00a0Qu&rsquo;y a-t-il derri\u00e8re les Portes Ferm\u00e9es ?\u00a0Enqu\u00eate.\",\"datePublished\":\"2024-06-16T08:37:49+00:00\",\"dateModified\":\"2024-06-16T08:37:55+00:00\",\"mainEntityOfPage\":{\"@id\":\"https:\\\/\\\/planetactus.com\\\/index.php\\\/2024\\\/06\\\/16\\\/au-dela-du-sacre-la-quete-de-la-verite-les-archives-vaticanes-et-les-phenomenes-ovni-quy-a-t-il-derriere-les-portes-fermees-enquete\\\/\"},\"wordCount\":823,\"commentCount\":0,\"publisher\":{\"@id\":\"https:\\\/\\\/planetactus.com\\\/#\\\/schema\\\/person\\\/fbb75ac73a2424d2e176d31b021372a4\"},\"image\":{\"@id\":\"https:\\\/\\\/planetactus.com\\\/index.php\\\/2024\\\/06\\\/16\\\/au-dela-du-sacre-la-quete-de-la-verite-les-archives-vaticanes-et-les-phenomenes-ovni-quy-a-t-il-derriere-les-portes-fermees-enquete\\\/#primaryimage\"},\"thumbnailUrl\":\"https:\\/\\/i0.wp.com\\/planetactus.com\\/wp-content\\/uploads\\/2024\\/06\\/Planet-Actus-Vatican-Ufo-min.jpeg?fit=1024%2C1024&ssl=1\",\"articleSection\":[\"A la Une\",\"International\",\"Opinion\",\"Secrets &amp; Histoires\",\"Ufo-News\"],\"inLanguage\":\"fr-FR\",\"potentialAction\":[{\"@type\":\"CommentAction\",\"name\":\"Comment\",\"target\":[\"https:\\\/\\\/planetactus.com\\\/index.php\\\/2024\\\/06\\\/16\\\/au-dela-du-sacre-la-quete-de-la-verite-les-archives-vaticanes-et-les-phenomenes-ovni-quy-a-t-il-derriere-les-portes-fermees-enquete\\\/#respond\"]}]},{\"@type\":\"WebPage\",\"@id\":\"https:\\\/\\\/planetactus.com\\\/index.php\\\/2024\\\/06\\\/16\\\/au-dela-du-sacre-la-quete-de-la-verite-les-archives-vaticanes-et-les-phenomenes-ovni-quy-a-t-il-derriere-les-portes-fermees-enquete\\\/\",\"url\":\"https:\\\/\\\/planetactus.com\\\/index.php\\\/2024\\\/06\\\/16\\\/au-dela-du-sacre-la-quete-de-la-verite-les-archives-vaticanes-et-les-phenomenes-ovni-quy-a-t-il-derriere-les-portes-fermees-enquete\\\/\",\"name\":\"Au-del\u00e0 du Sacr\u00e9.\u00a0La Qu\u00eate de la V\u00e9rit\u00e9 : Les Archives Vaticanes et les Ph\u00e9nom\u00e8nes OVNI.\u00a0Qu'y a-t-il derri\u00e8re les Portes Ferm\u00e9es ?\u00a0Enqu\u00eate. -\",\"isPartOf\":{\"@id\":\"https:\\\/\\\/planetactus.com\\\/#website\"},\"primaryImageOfPage\":{\"@id\":\"https:\\\/\\\/planetactus.com\\\/index.php\\\/2024\\\/06\\\/16\\\/au-dela-du-sacre-la-quete-de-la-verite-les-archives-vaticanes-et-les-phenomenes-ovni-quy-a-t-il-derriere-les-portes-fermees-enquete\\\/#primaryimage\"},\"image\":{\"@id\":\"https:\\\/\\\/planetactus.com\\\/index.php\\\/2024\\\/06\\\/16\\\/au-dela-du-sacre-la-quete-de-la-verite-les-archives-vaticanes-et-les-phenomenes-ovni-quy-a-t-il-derriere-les-portes-fermees-enquete\\\/#primaryimage\"},\"thumbnailUrl\":\"https:\\/\\/i0.wp.com\\/planetactus.com\\/wp-content\\/uploads\\/2024\\/06\\/Planet-Actus-Vatican-Ufo-min.jpeg?fit=1024%2C1024&ssl=1\",\"datePublished\":\"2024-06-16T08:37:49+00:00\",\"dateModified\":\"2024-06-16T08:37:55+00:00\",\"description\":\"Bienvenue dans notre exploration des myst\u00e8res cach\u00e9s au c\u0153ur du Vatican. Aujourd'hui, nous plongeons dans un sujet qui a captiv\u00e9 l'imagination de nombreux chercheurs et amateurs de myst\u00e8res : les archives du Vatican et leur \u00e9ventuelle relation avec les ph\u00e9nom\u00e8nes OVNI\",\"breadcrumb\":{\"@id\":\"https:\\\/\\\/planetactus.com\\\/index.php\\\/2024\\\/06\\\/16\\\/au-dela-du-sacre-la-quete-de-la-verite-les-archives-vaticanes-et-les-phenomenes-ovni-quy-a-t-il-derriere-les-portes-fermees-enquete\\\/#breadcrumb\"},\"inLanguage\":\"fr-FR\",\"potentialAction\":[{\"@type\":\"ReadAction\",\"target\":[\"https:\\\/\\\/planetactus.com\\\/index.php\\\/2024\\\/06\\\/16\\\/au-dela-du-sacre-la-quete-de-la-verite-les-archives-vaticanes-et-les-phenomenes-ovni-quy-a-t-il-derriere-les-portes-fermees-enquete\\\/\"]}]},{\"@type\":\"ImageObject\",\"inLanguage\":\"fr-FR\",\"@id\":\"https:\\\/\\\/planetactus.com\\\/index.php\\\/2024\\\/06\\\/16\\\/au-dela-du-sacre-la-quete-de-la-verite-les-archives-vaticanes-et-les-phenomenes-ovni-quy-a-t-il-derriere-les-portes-fermees-enquete\\\/#primaryimage\",\"url\":\"https:\\/\\/i0.wp.com\\/planetactus.com\\/wp-content\\/uploads\\/2024\\/06\\/Planet-Actus-Vatican-Ufo-min.jpeg?fit=1024%2C1024&ssl=1\",\"contentUrl\":\"https:\\/\\/i0.wp.com\\/planetactus.com\\/wp-content\\/uploads\\/2024\\/06\\/Planet-Actus-Vatican-Ufo-min.jpeg?fit=1024%2C1024&ssl=1\",\"width\":1024,\"height\":1024,\"caption\":\"Planet Actus Vatican Ufo-min\"},{\"@type\":\"BreadcrumbList\",\"@id\":\"https:\\\/\\\/planetactus.com\\\/index.php\\\/2024\\\/06\\\/16\\\/au-dela-du-sacre-la-quete-de-la-verite-les-archives-vaticanes-et-les-phenomenes-ovni-quy-a-t-il-derriere-les-portes-fermees-enquete\\\/#breadcrumb\",\"itemListElement\":[{\"@type\":\"ListItem\",\"position\":1,\"name\":\"Accueil\",\"item\":\"https:\\\/\\\/planetactus.com\\\/\"},{\"@type\":\"ListItem\",\"position\":2,\"name\":\"Au-del\u00e0 du Sacr\u00e9.\u00a0La Qu\u00eate de la V\u00e9rit\u00e9 : Les Archives Vaticanes et les Ph\u00e9nom\u00e8nes OVNI.\u00a0Qu&rsquo;y a-t-il derri\u00e8re les Portes Ferm\u00e9es ?\u00a0Enqu\u00eate.\"}]},{\"@type\":\"WebSite\",\"@id\":\"https:\\\/\\\/planetactus.com\\\/#website\",\"url\":\"https:\\\/\\\/planetactus.com\\\/\",\"name\":\"PLANET ACTUS\",\"description\":\"PLANET ACTUS\",\"publisher\":{\"@id\":\"https:\\\/\\\/planetactus.com\\\/#\\\/schema\\\/person\\\/fbb75ac73a2424d2e176d31b021372a4\"},\"potentialAction\":[{\"@type\":\"SearchAction\",\"target\":{\"@type\":\"EntryPoint\",\"urlTemplate\":\"https:\\\/\\\/planetactus.com\\\/?s={search_term_string}\"},\"query-input\":{\"@type\":\"PropertyValueSpecification\",\"valueRequired\":true,\"valueName\":\"search_term_string\"}}],\"inLanguage\":\"fr-FR\"},{\"@type\":[\"Person\",\"Organization\"],\"@id\":\"https:\\\/\\\/planetactus.com\\\/#\\\/schema\\\/person\\\/fbb75ac73a2424d2e176d31b021372a4\",\"name\":\"planetactus.com\",\"image\":{\"@type\":\"ImageObject\",\"inLanguage\":\"fr-FR\",\"@id\":\"https:\\/\\/i0.wp.com\\/planetactus.com\\/wp-content\\/uploads\\/2024\\/07\\/cropped-2-Planet-Actus-Banniere-02a.jpg?fit=1189%2C365&ssl=1\",\"url\":\"https:\\/\\/i0.wp.com\\/planetactus.com\\/wp-content\\/uploads\\/2024\\/07\\/cropped-2-Planet-Actus-Banniere-02a.jpg?fit=1189%2C365&ssl=1\",\"contentUrl\":\"https:\\/\\/i0.wp.com\\/planetactus.com\\/wp-content\\/uploads\\/2024\\/07\\/cropped-2-Planet-Actus-Banniere-02a.jpg?fit=1189%2C365&ssl=1\",\"width\":1189,\"height\":365,\"caption\":\"planetactus.com\"},\"logo\":{\"@id\":\"https:\\/\\/i0.wp.com\\/planetactus.com\\/wp-content\\/uploads\\/2024\\/07\\/cropped-2-Planet-Actus-Banniere-02a.jpg?fit=1189%2C365&ssl=1\"},\"sameAs\":[\"http:\\\/\\\/planetactus.com\",\"https:\\\/\\\/www.facebook.com\\\/profile.php?id=61561620320740\",\"https:\\\/\\\/x.com\\\/https:\\\/\\\/x.com\\\/PlanetActus\",\"https:\\\/\\\/www.youtube.com\\\/@PlanetActus\"],\"url\":\"https:\\\/\\\/planetactus.com\\\/index.php\\\/author\\\/admin9861\\\/\"}]}<\/script>\n<!-- \/ Yoast SEO plugin. -->","yoast_head_json":{"title":"Au-del\u00e0 du Sacr\u00e9.\u00a0La Qu\u00eate de la V\u00e9rit\u00e9 : Les Archives Vaticanes et les Ph\u00e9nom\u00e8nes OVNI.\u00a0Qu'y a-t-il derri\u00e8re les Portes Ferm\u00e9es ?\u00a0Enqu\u00eate. -","description":"Bienvenue dans notre exploration des myst\u00e8res cach\u00e9s au c\u0153ur du Vatican. Aujourd'hui, nous plongeons dans un sujet qui a captiv\u00e9 l'imagination de nombreux chercheurs et amateurs de myst\u00e8res : les archives du Vatican et leur \u00e9ventuelle relation avec les ph\u00e9nom\u00e8nes OVNI","robots":{"index":"index","follow":"follow","max-snippet":"max-snippet:-1","max-image-preview":"max-image-preview:large","max-video-preview":"max-video-preview:-1"},"canonical":"https:\/\/planetactus.com\/index.php\/2024\/06\/16\/au-dela-du-sacre-la-quete-de-la-verite-les-archives-vaticanes-et-les-phenomenes-ovni-quy-a-t-il-derriere-les-portes-fermees-enquete\/","og_locale":"fr_FR","og_type":"article","og_title":"Au-del\u00e0 du Sacr\u00e9.\u00a0La Qu\u00eate de la V\u00e9rit\u00e9 : Les Archives Vaticanes et les Ph\u00e9nom\u00e8nes OVNI.\u00a0Qu'y a-t-il derri\u00e8re les Portes Ferm\u00e9es ?\u00a0Enqu\u00eate.","og_description":"Bienvenue dans notre exploration des myst\u00e8res cach\u00e9s au c\u0153ur du Vatican. Aujourd'hui, nous plongeons dans un sujet qui a captiv\u00e9 l'imagination de nombreux chercheurs et amateurs de myst\u00e8res : les archives du Vatican et leur \u00e9ventuelle relation avec les ph\u00e9nom\u00e8nes OVNI","og_url":"https:\/\/planetactus.com\/index.php\/2024\/06\/16\/au-dela-du-sacre-la-quete-de-la-verite-les-archives-vaticanes-et-les-phenomenes-ovni-quy-a-t-il-derriere-les-portes-fermees-enquete\/","article_publisher":"https:\/\/www.facebook.com\/profile.php?id=61561620320740","article_author":"https:\/\/www.facebook.com\/profile.php?id=61561620320740","article_published_time":"2024-06-16T08:37:49+00:00","article_modified_time":"2024-06-16T08:37:55+00:00","og_image":[{"width":1024,"height":1024,"url":"https:\/\/mlrdeoj2ejbf.i.optimole.com\/cb:mvHM.4ca\/w:auto\/h:auto\/q:mauto\/f:best\/http:\/\/planetactus.com\/wp-content\/uploads\/2024\/06\/Planet-Actus-Vatican-Ufo-min.jpeg","type":"image\/jpeg"}],"author":"planetactus.com","twitter_card":"summary_large_image","twitter_title":"Au-del\u00e0 du Sacr\u00e9.\u00a0La Qu\u00eate de la V\u00e9rit\u00e9 : Les Archives Vaticanes et les Ph\u00e9nom\u00e8nes OVNI.\u00a0Qu'y a-t-il derri\u00e8re les Portes Ferm\u00e9es ?\u00a0Enqu\u00eate.","twitter_description":"Bienvenue dans notre exploration des myst\u00e8res cach\u00e9s au c\u0153ur du Vatican. Aujourd'hui, nous plongeons dans un sujet qui a captiv\u00e9 l'imagination de nombreux chercheurs et amateurs de myst\u00e8res : les archives du Vatican et leur \u00e9ventuelle relation avec les ph\u00e9nom\u00e8nes OVNI","twitter_image":"https:\/\/mlrdeoj2ejbf.i.optimole.com\/cb:mvHM.4ca\/w:auto\/h:auto\/q:mauto\/f:best\/https:\/\/i0.wp.com\/planetactus.com\/wp-content\/uploads\/2024\/06\/Planet-Actus-Vatican-Ufo-min.jpeg?fit=1024%2C1024&ssl=1","twitter_creator":"@https:\/\/x.com\/PlanetActus","twitter_site":"@PlanetActus","twitter_misc":{"\u00c9crit par":"planetactus.com","Dur\u00e9e de lecture estim\u00e9e":"4 minutes"},"schema":{"@context":"https:\/\/schema.org","@graph":[{"@type":"Article","@id":"https:\/\/planetactus.com\/index.php\/2024\/06\/16\/au-dela-du-sacre-la-quete-de-la-verite-les-archives-vaticanes-et-les-phenomenes-ovni-quy-a-t-il-derriere-les-portes-fermees-enquete\/#article","isPartOf":{"@id":"https:\/\/planetactus.com\/index.php\/2024\/06\/16\/au-dela-du-sacre-la-quete-de-la-verite-les-archives-vaticanes-et-les-phenomenes-ovni-quy-a-t-il-derriere-les-portes-fermees-enquete\/"},"author":{"name":"planetactus.com","@id":"https:\/\/planetactus.com\/#\/schema\/person\/fbb75ac73a2424d2e176d31b021372a4"},"headline":"Au-del\u00e0 du Sacr\u00e9.\u00a0La Qu\u00eate de la V\u00e9rit\u00e9 : Les Archives Vaticanes et les Ph\u00e9nom\u00e8nes OVNI.\u00a0Qu&rsquo;y a-t-il derri\u00e8re les Portes Ferm\u00e9es ?\u00a0Enqu\u00eate.","datePublished":"2024-06-16T08:37:49+00:00","dateModified":"2024-06-16T08:37:55+00:00","mainEntityOfPage":{"@id":"https:\/\/planetactus.com\/index.php\/2024\/06\/16\/au-dela-du-sacre-la-quete-de-la-verite-les-archives-vaticanes-et-les-phenomenes-ovni-quy-a-t-il-derriere-les-portes-fermees-enquete\/"},"wordCount":823,"commentCount":0,"publisher":{"@id":"https:\/\/planetactus.com\/#\/schema\/person\/fbb75ac73a2424d2e176d31b021372a4"},"image":{"@id":"https:\/\/planetactus.com\/index.php\/2024\/06\/16\/au-dela-du-sacre-la-quete-de-la-verite-les-archives-vaticanes-et-les-phenomenes-ovni-quy-a-t-il-derriere-les-portes-fermees-enquete\/#primaryimage"},"thumbnailUrl":"https:\/\/mlrdeoj2ejbf.i.optimole.com\/cb:mvHM.4ca\/w:auto\/h:auto\/q:mauto\/f:best\/https:\/\/i0.wp.com\/planetactus.com\/wp-content\/uploads\/2024\/06\/Planet-Actus-Vatican-Ufo-min.jpeg?fit=1024%2C1024&ssl=1","articleSection":["A la Une","International","Opinion","Secrets &amp; Histoires","Ufo-News"],"inLanguage":"fr-FR","potentialAction":[{"@type":"CommentAction","name":"Comment","target":["https:\/\/planetactus.com\/index.php\/2024\/06\/16\/au-dela-du-sacre-la-quete-de-la-verite-les-archives-vaticanes-et-les-phenomenes-ovni-quy-a-t-il-derriere-les-portes-fermees-enquete\/#respond"]}]},{"@type":"WebPage","@id":"https:\/\/planetactus.com\/index.php\/2024\/06\/16\/au-dela-du-sacre-la-quete-de-la-verite-les-archives-vaticanes-et-les-phenomenes-ovni-quy-a-t-il-derriere-les-portes-fermees-enquete\/","url":"https:\/\/planetactus.com\/index.php\/2024\/06\/16\/au-dela-du-sacre-la-quete-de-la-verite-les-archives-vaticanes-et-les-phenomenes-ovni-quy-a-t-il-derriere-les-portes-fermees-enquete\/","name":"Au-del\u00e0 du Sacr\u00e9.\u00a0La Qu\u00eate de la V\u00e9rit\u00e9 : Les Archives Vaticanes et les Ph\u00e9nom\u00e8nes OVNI.\u00a0Qu'y a-t-il derri\u00e8re les Portes Ferm\u00e9es ?\u00a0Enqu\u00eate. -","isPartOf":{"@id":"https:\/\/planetactus.com\/#website"},"primaryImageOfPage":{"@id":"https:\/\/planetactus.com\/index.php\/2024\/06\/16\/au-dela-du-sacre-la-quete-de-la-verite-les-archives-vaticanes-et-les-phenomenes-ovni-quy-a-t-il-derriere-les-portes-fermees-enquete\/#primaryimage"},"image":{"@id":"https:\/\/planetactus.com\/index.php\/2024\/06\/16\/au-dela-du-sacre-la-quete-de-la-verite-les-archives-vaticanes-et-les-phenomenes-ovni-quy-a-t-il-derriere-les-portes-fermees-enquete\/#primaryimage"},"thumbnailUrl":"https:\/\/mlrdeoj2ejbf.i.optimole.com\/cb:mvHM.4ca\/w:auto\/h:auto\/q:mauto\/f:best\/https:\/\/i0.wp.com\/planetactus.com\/wp-content\/uploads\/2024\/06\/Planet-Actus-Vatican-Ufo-min.jpeg?fit=1024%2C1024&ssl=1","datePublished":"2024-06-16T08:37:49+00:00","dateModified":"2024-06-16T08:37:55+00:00","description":"Bienvenue dans notre exploration des myst\u00e8res cach\u00e9s au c\u0153ur du Vatican. Aujourd'hui, nous plongeons dans un sujet qui a captiv\u00e9 l'imagination de nombreux chercheurs et amateurs de myst\u00e8res : les archives du Vatican et leur \u00e9ventuelle relation avec les ph\u00e9nom\u00e8nes OVNI","breadcrumb":{"@id":"https:\/\/planetactus.com\/index.php\/2024\/06\/16\/au-dela-du-sacre-la-quete-de-la-verite-les-archives-vaticanes-et-les-phenomenes-ovni-quy-a-t-il-derriere-les-portes-fermees-enquete\/#breadcrumb"},"inLanguage":"fr-FR","potentialAction":[{"@type":"ReadAction","target":["https:\/\/planetactus.com\/index.php\/2024\/06\/16\/au-dela-du-sacre-la-quete-de-la-verite-les-archives-vaticanes-et-les-phenomenes-ovni-quy-a-t-il-derriere-les-portes-fermees-enquete\/"]}]},{"@type":"ImageObject","inLanguage":"fr-FR","@id":"https:\/\/planetactus.com\/index.php\/2024\/06\/16\/au-dela-du-sacre-la-quete-de-la-verite-les-archives-vaticanes-et-les-phenomenes-ovni-quy-a-t-il-derriere-les-portes-fermees-enquete\/#primaryimage","url":"https:\/\/mlrdeoj2ejbf.i.optimole.com\/cb:mvHM.4ca\/w:auto\/h:auto\/q:mauto\/f:best\/https:\/\/i0.wp.com\/planetactus.com\/wp-content\/uploads\/2024\/06\/Planet-Actus-Vatican-Ufo-min.jpeg?fit=1024%2C1024&ssl=1","contentUrl":"https:\/\/mlrdeoj2ejbf.i.optimole.com\/cb:mvHM.4ca\/w:auto\/h:auto\/q:mauto\/f:best\/https:\/\/i0.wp.com\/planetactus.com\/wp-content\/uploads\/2024\/06\/Planet-Actus-Vatican-Ufo-min.jpeg?fit=1024%2C1024&ssl=1","width":1024,"height":1024,"caption":"Planet Actus Vatican Ufo-min"},{"@type":"BreadcrumbList","@id":"https:\/\/planetactus.com\/index.php\/2024\/06\/16\/au-dela-du-sacre-la-quete-de-la-verite-les-archives-vaticanes-et-les-phenomenes-ovni-quy-a-t-il-derriere-les-portes-fermees-enquete\/#breadcrumb","itemListElement":[{"@type":"ListItem","position":1,"name":"Accueil","item":"https:\/\/planetactus.com\/"},{"@type":"ListItem","position":2,"name":"Au-del\u00e0 du Sacr\u00e9.\u00a0La Qu\u00eate de la V\u00e9rit\u00e9 : Les Archives Vaticanes et les Ph\u00e9nom\u00e8nes OVNI.\u00a0Qu&rsquo;y a-t-il derri\u00e8re les Portes Ferm\u00e9es ?\u00a0Enqu\u00eate."}]},{"@type":"WebSite","@id":"https:\/\/planetactus.com\/#website","url":"https:\/\/planetactus.com\/","name":"PLANET ACTUS","description":"PLANET ACTUS","publisher":{"@id":"https:\/\/planetactus.com\/#\/schema\/person\/fbb75ac73a2424d2e176d31b021372a4"},"potentialAction":[{"@type":"SearchAction","target":{"@type":"EntryPoint","urlTemplate":"https:\/\/planetactus.com\/?s={search_term_string}"},"query-input":{"@type":"PropertyValueSpecification","valueRequired":true,"valueName":"search_term_string"}}],"inLanguage":"fr-FR"},{"@type":["Person","Organization"],"@id":"https:\/\/planetactus.com\/#\/schema\/person\/fbb75ac73a2424d2e176d31b021372a4","name":"planetactus.com","image":{"@type":"ImageObject","inLanguage":"fr-FR","@id":"https:\/\/mlrdeoj2ejbf.i.optimole.com\/cb:mvHM.4ca\/w:auto\/h:auto\/q:mauto\/f:best\/https:\/\/i0.wp.com\/planetactus.com\/wp-content\/uploads\/2024\/07\/cropped-2-Planet-Actus-Banniere-02a.jpg?fit=1189%2C365&ssl=1","url":"https:\/\/mlrdeoj2ejbf.i.optimole.com\/cb:mvHM.4ca\/w:auto\/h:auto\/q:mauto\/f:best\/https:\/\/i0.wp.com\/planetactus.com\/wp-content\/uploads\/2024\/07\/cropped-2-Planet-Actus-Banniere-02a.jpg?fit=1189%2C365&ssl=1","contentUrl":"https:\/\/mlrdeoj2ejbf.i.optimole.com\/cb:mvHM.4ca\/w:auto\/h:auto\/q:mauto\/f:best\/https:\/\/i0.wp.com\/planetactus.com\/wp-content\/uploads\/2024\/07\/cropped-2-Planet-Actus-Banniere-02a.jpg?fit=1189%2C365&ssl=1","width":1189,"height":365,"caption":"planetactus.com"},"logo":{"@id":"https:\/\/mlrdeoj2ejbf.i.optimole.com\/cb:mvHM.4ca\/w:auto\/h:auto\/q:mauto\/f:best\/https:\/\/i0.wp.com\/planetactus.com\/wp-content\/uploads\/2024\/07\/cropped-2-Planet-Actus-Banniere-02a.jpg?fit=1189%2C365&ssl=1"},"sameAs":["http:\/\/planetactus.com","https:\/\/www.facebook.com\/profile.php?id=61561620320740","https:\/\/x.com\/https:\/\/x.com\/PlanetActus","https:\/\/www.youtube.com\/@PlanetActus"],"url":"https:\/\/planetactus.com\/index.php\/author\/admin9861\/"}]}},"jetpack_publicize_connections":[],"jetpack_featured_media_url":"https:\/\/mlrdeoj2ejbf.i.optimole.com\/cb:mvHM.4ca\/w:auto\/h:auto\/q:mauto\/f:best\/https:\/\/i0.wp.com\/planetactus.com\/wp-content\/uploads\/2024\/06\/Planet-Actus-Vatican-Ufo-min.jpeg?fit=1024%2C1024&ssl=1","jetpack_sharing_enabled":true,"_links":{"self":[{"href":"https:\/\/planetactus.com\/index.php\/wp-json\/wp\/v2\/posts\/517","targetHints":{"allow":["GET"]}}],"collection":[{"href":"https:\/\/planetactus.com\/index.php\/wp-json\/wp\/v2\/posts"}],"about":[{"href":"https:\/\/planetactus.com\/index.php\/wp-json\/wp\/v2\/types\/post"}],"author":[{"embeddable":true,"href":"https:\/\/planetactus.com\/index.php\/wp-json\/wp\/v2\/users\/1"}],"replies":[{"embeddable":true,"href":"https:\/\/planetactus.com\/index.php\/wp-json\/wp\/v2\/comments?post=517"}],"version-history":[{"count":2,"href":"https:\/\/planetactus.com\/index.php\/wp-json\/wp\/v2\/posts\/517\/revisions"}],"predecessor-version":[{"id":520,"href":"https:\/\/planetactus.com\/index.php\/wp-json\/wp\/v2\/posts\/517\/revisions\/520"}],"wp:featuredmedia":[{"embeddable":true,"href":"https:\/\/planetactus.com\/index.php\/wp-json\/wp\/v2\/media\/518"}],"wp:attachment":[{"href":"https:\/\/planetactus.com\/index.php\/wp-json\/wp\/v2\/media?parent=517"}],"wp:term":[{"taxonomy":"category","embeddable":true,"href":"https:\/\/planetactus.com\/index.php\/wp-json\/wp\/v2\/categories?post=517"},{"taxonomy":"post_tag","embeddable":true,"href":"https:\/\/planetactus.com\/index.php\/wp-json\/wp\/v2\/tags?post=517"}],"curies":[{"name":"wp","href":"https:\/\/api.w.org\/{rel}","templated":true}]}}