{"id":5509,"date":"2026-03-15T09:03:30","date_gmt":"2026-03-15T08:03:30","guid":{"rendered":"https:\/\/planetactus.com\/?p=5509"},"modified":"2026-03-15T12:17:12","modified_gmt":"2026-03-15T11:17:12","slug":"arbre-gardien-reunion-manifestation-lumineuse","status":"publish","type":"post","link":"https:\/\/planetactus.com\/index.php\/2026\/03\/15\/arbre-gardien-reunion-manifestation-lumineuse\/","title":{"rendered":"L\u2019Arbre Gardien de La R\u00e9union (974) : simple jeu de lumi\u00e8re\u2026 ou manifestation de l\u2019invisible ?"},"content":{"rendered":"\n<p>Planet Actus \u2022 Myst\u00e8re, Conscience &amp; R\u00e9v\u00e9lations<\/p>\n\n\n\n<p><strong>Une \u00e9trange pr\u00e9sence lumineuse photographi\u00e9e pr\u00e8s d\u2019un arbre situ\u00e9 sur les hauteurs de Saint-Paul interroge autant qu\u2019elle fascine. Entre observation, traditions anciennes et respect du vivant, cette image ouvre une r\u00e9flexion plus profonde sur les myst\u00e8res silencieux de la nature.<\/strong><\/p>\n\n\n\n<h2 class=\"wp-block-heading\">\ud83c\udf33 L\u2019Arbre Gardien<\/h2>\n\n\n\n<h3 class=\"wp-block-heading\"><mark style=\"background-color:rgba(0, 0, 0, 0)\" class=\"has-inline-color has-vivid-red-color\">La manifestation de l\u2019esprit du lieu captur\u00e9e sur une photo \u00e0 La R\u00e9union\u00a0?<\/mark><\/h3>\n\n\n\n<p><strong>Parfois, une simple photographie prise presque par hasard peut ouvrir une question bien plus grande que l\u2019image elle-m\u00eame<\/strong>.<\/p>\n\n\n\n<p>C\u2019est exactement ce qui s\u2019est produit sur une <strong>parcelle agricole de l\u2019\u00eele de La R\u00e9union<\/strong>.<\/p>\n\n\n\n<p>Au d\u00e9part, il ne s\u2019agissait pas de chercher un ph\u00e9nom\u00e8ne \u00e9trange. L\u2019objectif \u00e9tait simplement de <mark style=\"background-color:rgba(0, 0, 0, 0)\" class=\"has-inline-color has-vivid-red-color\">documenter un arbre situ\u00e9 sous une ligne \u00e9lectrique traversant le terrain<\/mark>. Un <strong>contr\u00f4le visuel classique pour v\u00e9rifier qu\u2019aucune branche ne risque un jour de toucher les c\u00e2bles<\/strong>.<\/p>\n\n\n\n<p>Mais en observant les images plus tard, <strong>un d\u00e9tail inattendu est apparu<\/strong>\u00a0: une \u00e9trange manifestation lumineuse semblait entourer l\u2019arbre.<\/p>\n\n\n<div class=\"wp-block-image\">\n<figure class=\"aligncenter size-large is-resized\"><img data-opt-id=1443788229  fetchpriority=\"high\" data-recalc-dims=\"1\" decoding=\"async\" width=\"576\" height=\"1024\" src=\"https:\/\/mlrdeoj2ejbf.i.optimole.com\/cb:mvHM.4ca\/w:576\/h:1024\/q:mauto\/f:best\/https:\/\/i0.wp.com\/planetactus.com\/wp-content\/uploads\/2026\/03\/arbre-gardien-manifestation-lumineuse-reunion-saint-paul_planetactus-1.png?resize=576%2C1024&#038;ssl=1\" alt=\"\" class=\"wp-image-5529\" style=\"width:576px;height:auto\" srcset=\"https:\/\/mlrdeoj2ejbf.i.optimole.com\/cb:mvHM.4ca\/w:576\/h:4000\/q:mauto\/f:best\/https:\/\/planetactus.com\/wp-content\/uploads\/2026\/03\/arbre-gardien-manifestation-lumineuse-reunion-saint-paul_planetactus-1-scaled.png 576w, https:\/\/mlrdeoj2ejbf.i.optimole.com\/cb:mvHM.4ca\/w:169\/h:4000\/q:mauto\/f:best\/https:\/\/planetactus.com\/wp-content\/uploads\/2026\/03\/arbre-gardien-manifestation-lumineuse-reunion-saint-paul_planetactus-1-scaled.png 169w, https:\/\/mlrdeoj2ejbf.i.optimole.com\/cb:mvHM.4ca\/w:768\/h:4000\/q:mauto\/f:best\/https:\/\/planetactus.com\/wp-content\/uploads\/2026\/03\/arbre-gardien-manifestation-lumineuse-reunion-saint-paul_planetactus-1-scaled.png 768w, https:\/\/mlrdeoj2ejbf.i.optimole.com\/cb:mvHM.4ca\/w:864\/h:4000\/q:mauto\/f:best\/https:\/\/planetactus.com\/wp-content\/uploads\/2026\/03\/arbre-gardien-manifestation-lumineuse-reunion-saint-paul_planetactus-1-scaled.png 864w, https:\/\/mlrdeoj2ejbf.i.optimole.com\/cb:mvHM.4ca\/w:1152\/h:4000\/q:mauto\/f:best\/https:\/\/planetactus.com\/wp-content\/uploads\/2026\/03\/arbre-gardien-manifestation-lumineuse-reunion-saint-paul_planetactus-1-scaled.png 1152w, https:\/\/mlrdeoj2ejbf.i.optimole.com\/cb:mvHM.4ca\/w:1440\/h:2560\/q:mauto\/f:best\/https:\/\/planetactus.com\/wp-content\/uploads\/2026\/03\/arbre-gardien-manifestation-lumineuse-reunion-saint-paul_planetactus-1-scaled.png 1440w, https:\/\/mlrdeoj2ejbf.i.optimole.com\/cb:mvHM.4ca\/w:1280\/h:4000\/q:mauto\/f:best\/https:\/\/planetactus.com\/wp-content\/uploads\/2026\/03\/arbre-gardien-manifestation-lumineuse-reunion-saint-paul_planetactus-1-scaled.png 1280w\" sizes=\"(max-width: 576px) 100vw, 576px\" \/><figcaption class=\"wp-element-caption\"><strong>Vue d\u2019ensemble de la sc\u00e8ne au pied de l\u2019arbre gardien<\/strong> : \u00e0 premi\u00e8re vue, rien ne semble inhabituel dans ce paysage paisible de l\u2019ouest de La R\u00e9union. Pourtant, en observant attentivement la zone situ\u00e9e au-dessus du sac pos\u00e9 au sol, une \u00e9trange forme lumineuse semble se manifester, comme si quelque chose cherchait \u00e0 se r\u00e9v\u00e9ler au c\u0153ur m\u00eame de cet arbre.<\/figcaption><\/figure>\n<\/div>\n\n<div class=\"wp-block-image\">\n<figure class=\"aligncenter size-large\"><img data-opt-id=1709291679  fetchpriority=\"high\" data-recalc-dims=\"1\" decoding=\"async\" width=\"640\" height=\"609\" src=\"https:\/\/mlrdeoj2ejbf.i.optimole.com\/cb:mvHM.4ca\/w:1024\/h:975\/q:mauto\/f:best\/https:\/\/i0.wp.com\/planetactus.com\/wp-content\/uploads\/2026\/03\/zoom-manifestation-lumineuse-arbre-gardien-reunion_saint-paul_planetactus.jpg?resize=640%2C609&#038;ssl=1\" alt=\"\" class=\"wp-image-5528\" srcset=\"https:\/\/mlrdeoj2ejbf.i.optimole.com\/cb:mvHM.4ca\/w:1024\/h:4000\/q:mauto\/f:best\/https:\/\/planetactus.com\/wp-content\/uploads\/2026\/03\/zoom-manifestation-lumineuse-arbre-gardien-reunion_saint-paul_planetactus.jpg 1024w, https:\/\/mlrdeoj2ejbf.i.optimole.com\/cb:mvHM.4ca\/w:300\/h:4000\/q:mauto\/f:best\/https:\/\/planetactus.com\/wp-content\/uploads\/2026\/03\/zoom-manifestation-lumineuse-arbre-gardien-reunion_saint-paul_planetactus.jpg 300w, https:\/\/mlrdeoj2ejbf.i.optimole.com\/cb:mvHM.4ca\/w:768\/h:4000\/q:mauto\/f:best\/https:\/\/planetactus.com\/wp-content\/uploads\/2026\/03\/zoom-manifestation-lumineuse-arbre-gardien-reunion_saint-paul_planetactus.jpg 768w, https:\/\/mlrdeoj2ejbf.i.optimole.com\/cb:mvHM.4ca\/w:1439\/h:1370\/q:mauto\/f:best\/https:\/\/planetactus.com\/wp-content\/uploads\/2026\/03\/zoom-manifestation-lumineuse-arbre-gardien-reunion_saint-paul_planetactus.jpg 1439w, https:\/\/mlrdeoj2ejbf.i.optimole.com\/cb:mvHM.4ca\/w:1280\/h:4000\/q:mauto\/f:best\/https:\/\/planetactus.com\/wp-content\/uploads\/2026\/03\/zoom-manifestation-lumineuse-arbre-gardien-reunion_saint-paul_planetactus.jpg 1280w\" sizes=\"(max-width: 640px) 100vw, 640px\" \/><figcaption class=\"wp-element-caption\"><strong>Manifestation lumineuse au pied de l\u2019arbre gardien<\/strong> : une forme bleut\u00e9e, une colonne lumineuse, une structure conique et une petite silhouette proche du sol semblent appara\u00eetre sur cette image, \u00e9voquant presque la pr\u00e9sence d\u2019un petit \u00eatre. Simple jeu de lumi\u00e8re\u2026 ou manifestation d\u2019un \u00e9l\u00e9mental de la nature ?<\/figcaption><\/figure>\n<\/div>\n\n\n<p><strong>Cette photographie<\/strong> a \u00e9t\u00e9 prise sur une <strong>parcelle agricole situ\u00e9e dans l\u2019ouest de l\u2019\u00eele de La R\u00e9union<\/strong>, sur les <strong>hauteurs de la commune de Saint-Paul<\/strong>, non loin du point de d\u00e9part du <strong>c\u00e9l\u00e8bre sentier de la Canalisation des Orangers menant vers le cirque de Mafate, class\u00e9 au patrimoine mondial de l\u2019UNESCO.<\/strong><\/p>\n\n\n\n<p><strong>Le terrain appartient \u00e0 Or\u2019ha\u00ebl, fondateur <\/strong>du <a href=\"https:\/\/planetactus.com\/\" type=\"link\" id=\"https:\/\/planetactus.com\/\">m\u00e9dia ind\u00e9pendant Planet Actus<\/a> <strong>\ud83d\udd17<\/strong>. <strong>L\u2019emplacement exact n\u2019est volontairement pas communiqu\u00e9 afin de pr\u00e9server la tranquillit\u00e9 de ce lieu naturel.<\/strong><\/p>\n\n\n\n<p>L\u2019image publi\u00e9e dans cet article est une <strong>copie nettoy\u00e9e de ses m\u00e9tadonn\u00e9es afin de pr\u00e9server la tranquillit\u00e9 du lieu exact de la prise de vue<\/strong>.<\/p>\n\n\n\n<h3 class=\"wp-block-heading\"><mark style=\"background-color:rgba(0, 0, 0, 0)\" class=\"has-inline-color has-vivid-red-color\">Une autre lecture de la photographie<\/mark><\/h3>\n\n\n\n<p>En examinant plus attentivement cette m\u00eame image, <strong>d\u2019autres ph\u00e9nom\u00e8nes lumineux apparaissent dans le feuillage de l\u2019arbre.<\/strong><\/p>\n\n\n\n<p><strong>Au-del\u00e0 de la colonne bleut\u00e9e visible au pied du tronc<\/strong>, on distingue dans la partie sup\u00e9rieure de la sc\u00e8ne plusieurs <strong>halos <\/strong>et <strong>trac\u00e9s lumineux aux formes \u00e9tonnantes<\/strong> : l\u2019un \u00e9voque une <strong>fl\u00e8che <\/strong>ou une <strong>signature lumineuse<\/strong>, tandis qu\u2019un autre semble dessiner <strong>une ligne ondulante suspendue entre les branches<\/strong>.<\/p>\n\n\n<div class=\"wp-block-image\">\n<figure class=\"aligncenter size-large\"><img data-opt-id=87940808  data-opt-src=\"https:\/\/mlrdeoj2ejbf.i.optimole.com\/cb:mvHM.4ca\/w:576\/h:1024\/q:mauto\/f:best\/https:\/\/i0.wp.com\/planetactus.com\/wp-content\/uploads\/2026\/03\/arbre-gardien-manifestation-lumineuse-reunion-saint-paul_planetactus.jpg\"  data-recalc-dims=\"1\" decoding=\"async\" width=\"576\" height=\"1024\" src=\"data:image/svg+xml,%3Csvg%20viewBox%3D%220%200%20576%201024%22%20width%3D%22576%22%20height%3D%221024%22%20xmlns%3D%22http%3A%2F%2Fwww.w3.org%2F2000%2Fsvg%22%3E%3Crect%20width%3D%22576%22%20height%3D%221024%22%20fill%3D%22transparent%22%2F%3E%3C%2Fsvg%3E?resize=576%2C1024&#038;ssl=1\" alt=\"\" class=\"wp-image-5531\" old-srcset=\"https:\/\/mlrdeoj2ejbf.i.optimole.com\/cb:mvHM.4ca\/w:576\/h:4000\/q:mauto\/f:best\/https:\/\/planetactus.com\/wp-content\/uploads\/2026\/03\/arbre-gardien-manifestation-lumineuse-reunion-saint-paul_planetactus-scaled.jpg 576w, https:\/\/mlrdeoj2ejbf.i.optimole.com\/cb:mvHM.4ca\/w:169\/h:4000\/q:mauto\/f:best\/https:\/\/planetactus.com\/wp-content\/uploads\/2026\/03\/arbre-gardien-manifestation-lumineuse-reunion-saint-paul_planetactus-scaled.jpg 169w, https:\/\/mlrdeoj2ejbf.i.optimole.com\/cb:mvHM.4ca\/w:768\/h:4000\/q:mauto\/f:best\/https:\/\/planetactus.com\/wp-content\/uploads\/2026\/03\/arbre-gardien-manifestation-lumineuse-reunion-saint-paul_planetactus-scaled.jpg 768w, https:\/\/mlrdeoj2ejbf.i.optimole.com\/cb:mvHM.4ca\/w:864\/h:4000\/q:mauto\/f:best\/https:\/\/planetactus.com\/wp-content\/uploads\/2026\/03\/arbre-gardien-manifestation-lumineuse-reunion-saint-paul_planetactus-scaled.jpg 864w, https:\/\/mlrdeoj2ejbf.i.optimole.com\/cb:mvHM.4ca\/w:1152\/h:4000\/q:mauto\/f:best\/https:\/\/planetactus.com\/wp-content\/uploads\/2026\/03\/arbre-gardien-manifestation-lumineuse-reunion-saint-paul_planetactus-scaled.jpg 1152w, https:\/\/mlrdeoj2ejbf.i.optimole.com\/cb:mvHM.4ca\/w:1440\/h:2560\/q:mauto\/f:best\/https:\/\/planetactus.com\/wp-content\/uploads\/2026\/03\/arbre-gardien-manifestation-lumineuse-reunion-saint-paul_planetactus-scaled.jpg 1440w, https:\/\/mlrdeoj2ejbf.i.optimole.com\/cb:mvHM.4ca\/w:1280\/h:4000\/q:mauto\/f:best\/https:\/\/planetactus.com\/wp-content\/uploads\/2026\/03\/arbre-gardien-manifestation-lumineuse-reunion-saint-paul_planetactus-scaled.jpg 1280w\" \/><figcaption class=\"wp-element-caption\"><strong>Manifestations lumineuses observ\u00e9es dans le feuillage et pr\u00e8s du c\u00e2ble \u00e9lectrique<\/strong> : en examinant une autre photographie prise au m\u00eame endroit, plusieurs formes lumineuses apparaissent dans l\u2019arbre et \u00e0 proximit\u00e9 de la ligne \u00e9lectrique. Les encadr\u00e9s montrent les zones agrandies o\u00f9 ces ph\u00e9nom\u00e8nes deviennent plus visibles.<\/figcaption><\/figure>\n<\/div>\n\n<div class=\"wp-block-image\">\n<figure class=\"aligncenter size-large\"><img data-opt-id=1605147939  data-opt-src=\"https:\/\/mlrdeoj2ejbf.i.optimole.com\/cb:mvHM.4ca\/w:1024\/h:576\/q:mauto\/f:best\/https:\/\/i0.wp.com\/planetactus.com\/wp-content\/uploads\/2026\/03\/arbre-gardien-photo-temoin-sans-phenomene-reunion-saint-paul_planetactus-2.jpg\"  data-recalc-dims=\"1\" decoding=\"async\" width=\"640\" height=\"360\" src=\"data:image/svg+xml,%3Csvg%20viewBox%3D%220%200%201024%20576%22%20width%3D%221024%22%20height%3D%22576%22%20xmlns%3D%22http%3A%2F%2Fwww.w3.org%2F2000%2Fsvg%22%3E%3Crect%20width%3D%221024%22%20height%3D%22576%22%20fill%3D%22transparent%22%2F%3E%3C%2Fsvg%3E?resize=640%2C360&#038;ssl=1\" alt=\"\" class=\"wp-image-5533\" old-srcset=\"https:\/\/mlrdeoj2ejbf.i.optimole.com\/cb:mvHM.4ca\/w:1024\/h:4000\/q:mauto\/f:best\/https:\/\/planetactus.com\/wp-content\/uploads\/2026\/03\/arbre-gardien-photo-temoin-sans-phenomene-reunion-saint-paul_planetactus-2-scaled.jpg 1024w, https:\/\/mlrdeoj2ejbf.i.optimole.com\/cb:mvHM.4ca\/w:300\/h:4000\/q:mauto\/f:best\/https:\/\/planetactus.com\/wp-content\/uploads\/2026\/03\/arbre-gardien-photo-temoin-sans-phenomene-reunion-saint-paul_planetactus-2-scaled.jpg 300w, https:\/\/mlrdeoj2ejbf.i.optimole.com\/cb:mvHM.4ca\/w:768\/h:4000\/q:mauto\/f:best\/https:\/\/planetactus.com\/wp-content\/uploads\/2026\/03\/arbre-gardien-photo-temoin-sans-phenomene-reunion-saint-paul_planetactus-2-scaled.jpg 768w, https:\/\/mlrdeoj2ejbf.i.optimole.com\/cb:mvHM.4ca\/w:1536\/h:4000\/q:mauto\/f:best\/https:\/\/planetactus.com\/wp-content\/uploads\/2026\/03\/arbre-gardien-photo-temoin-sans-phenomene-reunion-saint-paul_planetactus-2-scaled.jpg 1536w, https:\/\/mlrdeoj2ejbf.i.optimole.com\/cb:mvHM.4ca\/w:1920\/h:3750\/q:mauto\/f:best\/https:\/\/planetactus.com\/wp-content\/uploads\/2026\/03\/arbre-gardien-photo-temoin-sans-phenomene-reunion-saint-paul_planetactus-2-scaled.jpg 2048w, https:\/\/mlrdeoj2ejbf.i.optimole.com\/cb:mvHM.4ca\/w:1280\/h:4000\/q:mauto\/f:best\/https:\/\/planetactus.com\/wp-content\/uploads\/2026\/03\/arbre-gardien-photo-temoin-sans-phenomene-reunion-saint-paul_planetactus-2-scaled.jpg 1280w, https:\/\/mlrdeoj2ejbf.i.optimole.com\/cb:mvHM.4ca\/w:1920\/h:4000\/q:mauto\/f:best\/https:\/\/planetactus.com\/wp-content\/uploads\/2026\/03\/arbre-gardien-photo-temoin-sans-phenomene-reunion-saint-paul_planetactus-2-scaled.jpg 1920w\" \/><figcaption class=\"wp-element-caption\"><strong>Photo t\u00e9moin du m\u00eame arbre, prise dans les m\u00eames conditions, sans apparition de ph\u00e9nom\u00e8ne lumineux<\/strong> : cette image sert de r\u00e9f\u00e9rence visuelle pour comparer avec les autres photographies prises au m\u00eame endroit. Aucun halo, aucune forme lumineuse inhabituelle n\u2019y appara\u00eet, ce qui permet d\u2019observer plus clairement les diff\u00e9rences pr\u00e9sentes sur les autres clich\u00e9s.<\/figcaption><\/figure>\n<\/div>\n\n\n<p>Ces manifestations pourraient n\u2019\u00eatre que des reflets li\u00e9s \u00e0 la lumi\u00e8re du soleil et aux conditions particuli\u00e8res de la prise de vue.<\/p>\n\n\n\n<p>Mais leur disposition, leur forme et leur pr\u00e9sence dans diff\u00e9rentes zones de l\u2019image invitent \u00e9galement \u00e0 observer la sc\u00e8ne avec attention et curiosit\u00e9.<\/p>\n\n\n\n<p><strong>Les images ci-dessus montrent la photographie originale ainsi qu\u2019un agrandissement de la zone o\u00f9 ces structures lumineuses apparaissent plus clairement.<\/strong><\/p>\n\n\n\n<h3 class=\"wp-block-heading\">\ud83d\udcf7 <mark style=\"background-color:rgba(0, 0, 0, 0)\" class=\"has-inline-color has-vivid-red-color\">Le moment o\u00f9 les photos ont \u00e9t\u00e9 prises<\/mark><\/h3>\n\n\n\n<p>Le samedi 7 mars, je me trouvais sur cette parcelle agricole situ\u00e9e dans l\u2019ouest de l\u2019\u00eele de La R\u00e9union.<\/p>\n\n\n\n<p>Je n\u2019\u00e9tais pas venu chercher un ph\u00e9nom\u00e8ne myst\u00e9rieux. <strong>Mon objectif \u00e9tait beaucoup plus simple<\/strong>\u00a0: <strong>v\u00e9rifier l\u2019\u00e9tat d\u2019un grand arbre situ\u00e9 \u00e0 proximit\u00e9 d\u2019une ligne \u00e9lectrique traversant le terrain<\/strong>.<\/p>\n\n\n\n<p>Dans ce type de situation, il est important de garder une trace visuelle, car une branche trop haute pourrait un jour toucher les c\u00e2bles.<\/p>\n\n\n\n<p><a href=\"https:\/\/www.youtube.com\/watch?v=VTiNzKH4M_I\" type=\"link\" id=\"https:\/\/www.youtube.com\/watch?v=VTiNzKH4M_I\">J\u2019ai donc sorti mon t\u00e9l\u00e9phone<\/a> <strong>\ud83d\udd17<\/strong> et <a href=\"https:\/\/planetactus.com\/index.php\/2026\/02\/06\/spheres-metalliques-paris-observation-internationale\/\" type=\"link\" id=\"https:\/\/planetactus.com\/index.php\/2026\/02\/06\/spheres-metalliques-paris-observation-internationale\/\">pris plusieurs photos<\/a> <strong>\ud83d\udd17<\/strong> de l\u2019arbre <mark style=\"background-color:rgba(0, 0, 0, 0)\" class=\"has-inline-color has-vivid-red-color\">sous diff\u00e9rents angles<\/mark>.<\/p>\n\n\n\n<p>\u00c0 ce moment-l\u00e0, je n\u2019ai rien remarqu\u00e9 de particulier. La sc\u00e8ne \u00e9tait paisible\u00a0: <strong>le soleil au-dessus de l\u2019arbre, le vent l\u00e9ger dans les feuilles et la v\u00e9g\u00e9tation dense autour du terrain.<\/strong><\/p>\n\n\n\n<p>Ce n\u2019est qu\u2019en regardant les photographies plus tard que j\u2019ai remarqu\u00e9 quelque chose d\u2019\u00e9trange&nbsp;: une forme lumineuse bleut\u00e9e apparaissait au pied de l\u2019arbre, prolong\u00e9e par une colonne de lumi\u00e8re montant vers le ciel et formant une structure presque spiral\u00e9e.<\/p>\n\n\n\n<p>Le ph\u00e9nom\u00e8ne n\u2019apparaissait pas de la m\u00eame mani\u00e8re sur toutes les images prises \u00e0 ce moment-l\u00e0.<\/p>\n\n\n\n<p><strong>C\u2019est \u00e0 partir de cette observation que j\u2019ai commenc\u00e9 \u00e0 m\u2019interroger sur ce que ces images pouvaient r\u00e9ellement montrer.<\/strong><\/p>\n\n\n\n<h3 class=\"wp-block-heading\">\ud83d\udcf7 <mark style=\"background-color:rgba(0, 0, 0, 0)\" class=\"has-inline-color has-vivid-red-color\">Une structure lumineuse intrigante<\/mark><\/h3>\n\n\n\n<p>Sur la photo principale, on distingue clairement plusieurs \u00e9l\u00e9ments&nbsp;:<\/p>\n\n\n\n<ul class=\"wp-block-list\">\n<li><strong>une pr\u00e9sence bleut\u00e9e diffuse aux contours \u00e9tonnamment structur\u00e9s<\/strong>,<\/li>\n\n\n\n<li>une <strong>colonne de lumi\u00e8re descendant du soleil<\/strong>,<\/li>\n\n\n\n<li>une <strong>structure conique ou spiral\u00e9e<\/strong>,<\/li>\n\n\n\n<li>une<strong> lueur lumineuse pr\u00e8s du sol<\/strong>.<\/li>\n<\/ul>\n\n\n\n<p>Plus \u00e9tonnant encore&nbsp;: ces manifestations n\u2019apparaissent pas sur toutes les photos prises \u00e0 ce moment-l\u00e0, alors que les images ont \u00e9t\u00e9 captur\u00e9es \u00e0 quelques secondes d\u2019intervalle sous diff\u00e9rents angles.<\/p>\n\n\n\n<p><strong>Simple ph\u00e9nom\u00e8ne optique\u2026 ou manifestation plus subtile li\u00e9e \u00e0 ce lieu ?<\/strong><\/p>\n\n\n\n<h3 class=\"wp-block-heading\">\ud83c\udf3f <mark style=\"background-color:rgba(0, 0, 0, 0)\" class=\"has-inline-color has-vivid-red-color\">L\u2019esprit du lieu\u00a0: une id\u00e9e aussi ancienne que l\u2019humanit\u00e9<\/mark><\/h3>\n\n\n\n<p><strong>Dans de nombreuses traditions anciennes, certains lieux sont consid\u00e9r\u00e9s comme habit\u00e9s par une pr\u00e9sence invisible.<\/strong><\/p>\n\n\n\n<p>Les Romains parlaient du <strong>Genius Loci<\/strong>, litt\u00e9ralement \u00ab<mark style=\"background-color:rgba(0, 0, 0, 0)\" class=\"has-inline-color has-vivid-red-color\">\u00a0l\u2019esprit du lieu<\/mark>\u00a0\u00bb.<\/p>\n\n\n\n<p><strong>Chaque for\u00eat, chaque montagne ou chaque source poss\u00e9dait un gardien invisible.<\/strong><\/p>\n\n\n\n<p><strong>Cette croyance n\u2019\u00e9tait pas limit\u00e9e \u00e0 l\u2019Europe<\/strong>.<\/p>\n\n\n\n<p><strong>On retrouve des traditions similaires<\/strong>\u00a0:<\/p>\n\n\n\n<ul class=\"wp-block-list\">\n<li>dans les <strong>cultures africaines<\/strong> o\u00f9 <strong>certains arbres abritent les esprits des anc\u00eatres<\/strong>,<\/li>\n\n\n\n<li>dans les <strong>traditions celtiques <\/strong>o\u00f9 <strong>les for\u00eats \u00e9taient consid\u00e9r\u00e9es comme sacr\u00e9es<\/strong>,<\/li>\n\n\n\n<li>dans les <strong>cultures asiatiques<\/strong> o\u00f9 <strong>certains arbres sont associ\u00e9s \u00e0 des esprits protecteurs<\/strong>.<\/li>\n<\/ul>\n\n\n\n<p>Dans ces <strong>traditions<\/strong>, un arbre ancien et isol\u00e9 peut devenir un <strong>point de connexion entre la nature et le monde invisible<\/strong>.<\/p>\n\n\n\n<h3 class=\"wp-block-heading\">\ud83c\udf33 <mark style=\"background-color:rgba(0, 0, 0, 0)\" class=\"has-inline-color has-vivid-red-color\">L\u2019arbre comme axis mundi<\/mark><\/h3>\n\n\n\n<p>Dans la <mark style=\"background-color:rgba(0, 0, 0, 0)\" class=\"has-inline-color has-vivid-red-color\">symbolique universelle<\/mark>, l\u2019arbre repr\u00e9sente souvent ce que les anciens appelaient <strong>l\u2019axe du monde<\/strong>\u00a0: un point de connexion entre la terre, le monde des humains et le ciel.<\/p>\n\n\n\n<p>Les <mark style=\"background-color:rgba(0, 0, 0, 0)\" class=\"has-inline-color has-vivid-red-color\">mythologies <\/mark>du monde entier parlent d\u2019un <strong>arbre cosmique<\/strong>.<\/p>\n\n\n\n<p>Les peuples nordiques l\u2019appelaient <strong><a href=\"https:\/\/www.google.com\/search?client=firefox-b-d&amp;q=Yggdrasil\" type=\"link\" id=\"https:\/\/www.google.com\/search?client=firefox-b-d&amp;q=Yggdrasil\" target=\"_blank\" rel=\"noreferrer noopener\">Yggdrasil<\/a><strong> \ud83d\udd17<\/strong><\/strong>, l\u2019arbre qui <strong>relie les diff\u00e9rents niveaux de l\u2019univers<\/strong>.<\/p>\n\n\n\n<p>Dans certaines traditions <strong>africaines <\/strong>et <strong>chamaniques<\/strong>, les <mark style=\"background-color:rgba(0, 0, 0, 0)\" class=\"has-inline-color has-vivid-red-color\">grands arbres isol\u00e9s<\/mark> sont consid\u00e9r\u00e9s comme des <strong>piliers vivants entre les dimensions<\/strong>.<\/p>\n\n\n\n<h3 class=\"wp-block-heading\">\ud83c\udf3f <mark style=\"background-color:rgba(0, 0, 0, 0)\" class=\"has-inline-color has-vivid-red-color\">Les arbres de passage dans les traditions anciennes<\/mark><\/h3>\n\n\n\n<p>Dans plusieurs traditions de l\u2019<strong>oc\u00e9an Indien<\/strong>, d\u2019<strong>Afrique<\/strong> et d\u2019<strong>Asie<\/strong>, certains arbres situ\u00e9s pr\u00e8s d\u2019anciens <mark style=\"background-color:rgba(0, 0, 0, 0)\" class=\"has-inline-color has-vivid-red-color\">chemins <\/mark>ou de <mark style=\"background-color:rgba(0, 0, 0, 0)\" class=\"has-inline-color has-vivid-red-color\">passages naturels<\/mark> sont consid\u00e9r\u00e9s comme des <strong>arbres de passage<\/strong>.<\/p>\n\n\n\n<p>Selon ces traditions, les grands arbres isol\u00e9s, surtout ceux situ\u00e9s \u00e0 proximit\u00e9 des routes anciennes, des sentiers de montagne ou des lieux de travers\u00e9e, servent parfois de <strong>points de contact entre le monde visible et le monde invisible<\/strong>.<\/p>\n\n\n\n<p>Les anciens racontaient que ces arbres pouvaient devenir des lieux o\u00f9 circulent les esprits de la nature, les anc\u00eatres ou ce que certaines cultures appellent les <strong>gardiens du lieu<\/strong>.<\/p>\n\n\n\n<p><mark style=\"background-color:rgba(0, 0, 0, 0)\" class=\"has-inline-color has-vivid-red-color\">Fait troublant<\/mark>\u00a0: l\u2019arbre photographi\u00e9 dans cet article se trouve pr\u00e9cis\u00e9ment \u00e0 proximit\u00e9 d\u2019un <strong>axe de passage vers le cirque de Mafate<\/strong>, emprunt\u00e9 depuis longtemps par les <strong>marcheurs <\/strong>et les <strong>habitants de l\u2019\u00eele<\/strong>.<\/p>\n\n\n\n<p><strong>Simple co\u00efncidence\u2026 ou r\u00e9miniscence d\u2019une intuition tr\u00e8s ancienne que certaines cultures n\u2019ont jamais oubli\u00e9e.<\/strong><\/p>\n\n\n\n<h3 class=\"wp-block-heading\">\ud83c\udf0c <mark style=\"background-color:rgba(0, 0, 0, 0)\" class=\"has-inline-color has-vivid-red-color\">Une g\u00e9om\u00e9trie symbolique naturelle<\/mark><\/h3>\n\n\n\n<p>En observant attentivement la photo, une structure symbolique semble appara\u00eetre&nbsp;:<\/p>\n\n\n\n<p>\ud83c\udf1e <strong>le soleil<\/strong> au <strong>sommet de l\u2019image<\/strong><br>\ud83c\udf33 <strong>l\u2019arbre<\/strong> au <strong>centre<\/strong><br>\ud83c\udf00 <strong>la spirale lumineuse<\/strong><br>\ud83d\udd35 <strong>la pr\u00e9sence bleut\u00e9e pr\u00e8s du sol<\/strong><\/p>\n\n\n\n<p>Cette composition rappelle une forme de <strong>g\u00e9om\u00e9trie sacr\u00e9e naturelle<\/strong>, comme si l\u2019image dessinait elle-m\u00eame une<mark style=\"background-color:rgba(0, 0, 0, 0)\" class=\"has-inline-color has-vivid-red-color\"> connexion entre la terre<\/mark> et <mark style=\"background-color:rgba(0, 0, 0, 0)\" class=\"has-inline-color has-vivid-red-color\">le ciel<\/mark>.<\/p>\n\n\n\n<h3 class=\"wp-block-heading\">\ud83c\udf0d <mark style=\"background-color:rgba(0, 0, 0, 0)\" class=\"has-inline-color has-vivid-red-color\">Le respect des lieux vivants<\/mark><\/h3>\n\n\n\n<p>Au-del\u00e0 de l\u2019interpr\u00e9tation que chacun pourra faire de ces images, une chose demeure essentielle&nbsp;: le respect des lieux naturels.<\/p>\n\n\n\n<p><strong>Depuis toujours, les traditions du monde entier rappellent que la nature n\u2019est pas simplement un d\u00e9cor<\/strong>.<\/p>\n\n\n\n<p>Les <mark style=\"background-color:rgba(0, 0, 0, 0)\" class=\"has-inline-color has-vivid-red-color\">for\u00eats<\/mark>, les <mark style=\"background-color:rgba(0, 0, 0, 0)\" class=\"has-inline-color has-vivid-red-color\">montagnes<\/mark>, les <mark style=\"background-color:rgba(0, 0, 0, 0)\" class=\"has-inline-color has-vivid-red-color\">rivi\u00e8res <\/mark>et les <mark style=\"background-color:rgba(0, 0, 0, 0)\" class=\"has-inline-color has-vivid-red-color\">arbres anciens<\/mark> ont souvent \u00e9t\u00e9 consid\u00e9r\u00e9s comme des <strong>espaces sacr\u00e9s<\/strong>, habit\u00e9s par une forme de vie invisible que certains appellent les <strong>esprits de la nature<\/strong> ou les <strong>\u00e9l\u00e9mentaux<\/strong>.<\/p>\n\n\n\n<p>Qu\u2019il s\u2019agisse de croyances spirituelles ou simplement d\u2019une mani\u00e8re po\u00e9tique de parler de l\u2019\u00e9quilibre du vivant, ces traditions rappellent une chose simple\u00a0: <strong>la terre m\u00e9rite d\u2019\u00eatre respect\u00e9e.<\/strong><\/p>\n\n\n\n<p><strong>\u00c0 notre \u00e9poque, o\u00f9 les for\u00eats disparaissent parfois sous la pression industrielle et o\u00f9 les paysages naturels sont transform\u00e9s \u00e0 grande vitesse, ces r\u00e9cits anciens prennent une r\u00e9sonance particuli\u00e8re.<\/strong><\/p>\n\n\n\n<p>Peut-\u00eatre que ces histoires d\u2019esprits de la nature ne sont finalement qu\u2019une fa\u00e7on symbolique de <mark style=\"background-color:rgba(0, 0, 0, 0)\" class=\"has-inline-color has-vivid-red-color\">rappeler une v\u00e9rit\u00e9 fondamentale<\/mark>\u00a0: <strong>la nature n\u2019est pas un simple territoire \u00e0 exploiter, mais un monde vivant avec lequel nous devons apprendre \u00e0 coexister.<\/strong><\/p>\n\n\n\n<p>Et si ces <strong>manifestations lumineuses, r\u00e9elles ou symboliques<\/strong>, n\u2019\u00e9taient finalement qu\u2019une invitation \u00e0 <strong>regarder la nature avec un peu plus d\u2019attention\u2026 et un peu plus de respect\u00a0?<\/strong><\/p>\n\n\n\n<h3 class=\"wp-block-heading\">\u26a1 <mark style=\"background-color:rgba(0, 0, 0, 0)\" class=\"has-inline-color has-vivid-red-color\">Une co\u00efncidence troublante<\/mark><\/h3>\n\n\n\n<p>Les photographies pr\u00e9sent\u00e9es dans cet article ont \u00e9t\u00e9 prises le <strong>samedi 7 mars<\/strong>, en pleine journ\u00e9e.<\/p>\n\n\n\n<p>Le lendemain matin, plusieurs communes de La R\u00e9union \u2014 dont <strong>Le Tampon<\/strong> \u2014 ont connu une importante coupure d\u2019\u00e9lectricit\u00e9 touchant une grande partie de l\u2019\u00eele.<\/p>\n\n\n\n<p><strong>Selon les informations rapport\u00e9es par les m\u00e9dias locaux<\/strong>, environ <strong>275\u00a0000 clients ont \u00e9t\u00e9 impact\u00e9s<\/strong> par cet incident li\u00e9 \u00e0 des difficult\u00e9s de production et \u00e0 un d\u00e9faut sur le r\u00e9seau \u00e9lectrique. Source\u00a0: <a href=\"https:\/\/la1ere.franceinfo.fr\/reunion\/des-coupures-d-electricite-constatees-a-plusieurs-endroits-de-la-reunion-edf-souligne-des-difficultes-de-production-1678830.html\" target=\"_blank\" rel=\"noreferrer noopener\">article de R\u00e9union La 1\u00e8re \u2013 France Info<\/a> <strong>\ud83d\udd17<\/strong><\/p>\n\n\n\n<p>Il serait \u00e9videmment excessif d\u2019\u00e9tablir un lien direct entre ces \u00e9v\u00e9nements et la photographie prise la veille.<\/p>\n\n\n\n<p>Les coupures \u00e9lectriques ont g\u00e9n\u00e9ralement des causes techniques bien identifi\u00e9es.<\/p>\n\n\n\n<p>Mais pour ceux qui observent la nature avec un regard plus symbolique, cette co\u00efncidence peut appara\u00eetre comme un rappel \u00e9trange&nbsp;: celui de la puissance des forces naturelles qui entourent les paysages de l\u2019\u00eele.<\/p>\n\n\n\n<h3 class=\"wp-block-heading\">Chronologie des faits<\/h3>\n\n\n\n<p>\ud83d\udcf7 <strong>Samedi 7 mars<\/strong>&nbsp;: prise de la photographie sur la parcelle agricole.<br>\u26a1 <strong>Dimanche 8 mars<\/strong>&nbsp;: importante coupure d\u2019\u00e9lectricit\u00e9 touchant une grande partie de La R\u00e9union.<br>\ud83d\udcf0 L\u2019incident sera ensuite relay\u00e9 par plusieurs m\u00e9dias locaux.<\/p>\n\n\n\n<h3 class=\"wp-block-heading\">\ud83c\udf3f <mark style=\"background-color:rgba(0, 0, 0, 0)\" class=\"has-inline-color has-vivid-red-color\">Un message de la nature\u00a0?<\/mark><\/h3>\n\n\n\n<p>Certaines personnes famili\u00e8res des traditions li\u00e9es aux esprits de la nature ont sugg\u00e9r\u00e9 que cette manifestation lumineuse pourrait \u00eatre interpr\u00e9t\u00e9e comme une <strong>pr\u00e9sence li\u00e9e \u00e0 l\u2019esprit du lieu<\/strong>.<\/p>\n\n\n\n<p>Dans certaines cultures, ces manifestations apparaissent sous forme de sph\u00e8res lumineuses, de colonnes de lumi\u00e8re, de brumes ou de reflets inhabituels.<\/p>\n\n\n\n<p>Bien s\u00fbr, il est toujours possible qu\u2019il s\u2019agisse simplement d\u2019un jeu de lumi\u00e8re captur\u00e9 par l\u2019appareil photo. Mais la question reste ouverte.<\/p>\n\n\n\n<h3 class=\"wp-block-heading\">\ud83c\udf0d <mark style=\"background-color:rgba(0, 0, 0, 0)\" class=\"has-inline-color has-vivid-red-color\">Ce que ces images interrogent<\/mark><\/h3>\n\n\n\n<p>Pourquoi certaines manifestations apparaissent-elles sur certains angles et pas sur d\u2019autres&nbsp;? La lumi\u00e8re suffit-elle \u00e0 tout expliquer&nbsp;? Ou certaines images capturent-elles parfois quelque chose qui d\u00e9passe la simple technique&nbsp;?<\/p>\n\n\n\n<h3 class=\"wp-block-heading\">\ud83c\udf0d <mark style=\"background-color:rgba(0, 0, 0, 0)\" class=\"has-inline-color has-vivid-red-color\">Et si certains lieux \u00e9taient vraiment vivants\u00a0?<\/mark><\/h3>\n\n\n\n<p>Depuis toujours, les humains ressentent que certains endroits poss\u00e8dent une atmosph\u00e8re particuli\u00e8re&nbsp;: un silence diff\u00e9rent, une impression de pr\u00e9sence, un sentiment que la nature elle-m\u00eame observe.<\/p>\n\n\n\n<p>Peut-\u00eatre que cette photographie n\u2019est qu\u2019un ph\u00e9nom\u00e8ne lumineux.<\/p>\n\n\n\n<p>Ou peut-\u00eatre qu\u2019elle nous rappelle <strong>une intuition tr\u00e8s ancienne<\/strong>\u00a0: que la terre, les arbres et la lumi\u00e8re peuvent parfois <strong>r\u00e9v\u00e9ler quelque chose que nous ne savons plus toujours percevoir.<\/strong><\/p>\n\n\n\n<blockquote class=\"wp-block-quote is-layout-flow wp-block-quote-is-layout-flow\">\n<p><strong>\u00ab&nbsp;Ici, l\u2019esprit du lieu veille encore.&nbsp;\u00bb<\/strong><\/p>\n<\/blockquote>\n\n\n\n<h3 class=\"wp-block-heading\">\ud83d\udd25 <mark style=\"background-color:rgba(0, 0, 0, 0)\" class=\"has-inline-color has-vivid-red-color\">Conclusion \u2013 Et vous, qu\u2019y voyez-vous\u00a0?<\/mark><\/h3>\n\n\n\n<p><strong>Un simple jeu de lumi\u00e8re\u00a0?<br>Une co\u00efncidence visuelle\u00a0?<br>Ou la manifestation silencieuse d\u2019un gardien de la nature\u00a0?<\/strong><\/p>\n\n\n\n<p>Dans un monde o\u00f9 l\u2019on regarde tout sans vraiment voir, certaines images nous obligent \u00e0 ralentir.<\/p>\n\n\n\n<p>\u00c0 <strong>observer<\/strong>.<br>\u00c0 <strong>ressentir<\/strong>.<\/p>\n\n\n\n<p>Et si la <strong>nature <\/strong>essayait encore de nous <strong>parler<\/strong>\u2026 saurions-nous seulement l\u2019<strong>\u00e9couter\u00a0<\/strong>?<\/p>\n\n\n\n<p>\ud83d\udcac <strong>Partagez votre ressenti en commentaire&nbsp;: qu\u2019apercevez-vous sur ces images&nbsp;?<\/strong><\/p>\n\n\n\n<p>Avez-vous d\u00e9j\u00e0 v\u00e9cu un ph\u00e9nom\u00e8ne semblable dans un lieu naturel, un jardin, une for\u00eat ou pr\u00e8s d\u2019un arbre ancien&nbsp;?<\/p>\n\n\n\n<p>Peut-\u00eatre que ces images ne sont qu\u2019un simple jeu de lumi\u00e8re. Ou peut-\u00eatre qu\u2019elles nous rappellent simplement que certains lieux de la nature poss\u00e8dent encore une dimension que nous ne savons plus toujours percevoir.<\/p>\n\n\n\n<p><strong>La nature garde parfois ses secrets longtemps. Mais lorsqu\u2019une question appara\u00eet, il suffit parfois de quelques regards suppl\u00e9mentaires pour commencer \u00e0 en r\u00e9v\u00e9ler les contours.<\/strong><\/p>\n\n\n\n<h3 class=\"wp-block-heading\"><mark style=\"background-color:rgba(0, 0, 0, 0)\" class=\"has-inline-color has-vivid-red-color\">Remerciements<\/mark><\/h3>\n\n\n\n<p>La r\u00e9daction de <strong>Planet Actus<\/strong> souhaite \u00e9galement adresser ses remerciements \u00e0 <strong>Jean-Fran\u00e7ois<\/strong> et <strong>Josepha<\/strong>, que j\u2019ai sollicit\u00e9s afin d\u2019obtenir leur <strong>regard <\/strong>sur ces <strong>photographies<\/strong>.<\/p>\n\n\n\n<p>Tous deux sont <mark style=\"background-color:rgba(0, 0, 0, 0)\" class=\"has-inline-color has-vivid-red-color\">familiers des perceptions intuitives<\/mark> et des <mark style=\"background-color:rgba(0, 0, 0, 0)\" class=\"has-inline-color has-vivid-red-color\">traditions <\/mark>li\u00e9es aux <strong>\u00e9nergies subtiles de la nature<\/strong>. Apr\u00e8s avoir examin\u00e9 attentivement ces images, ils ont partag\u00e9 une interpr\u00e9tation qui rejoint certaines <strong>croyances anciennes<\/strong> : selon eux, la manifestation lumineuse visible sur la photographie pourrait correspondre \u00e0 ce que certaines traditions appellent <strong>le gardien d\u2019un lieu<\/strong>, ou une pr\u00e9sence li\u00e9e aux <strong>esprits de la nature<\/strong>.<\/p>\n\n\n\n<p>Dans leur lecture, cette apparition ne serait pas simplement un ph\u00e9nom\u00e8ne lumineux, mais possiblement l\u2019expression d\u2019une <strong>\u00e9nergie protectrice li\u00e9e \u00e0 l\u2019arbre et au lieu lui-m\u00eame<\/strong>, ce que certaines cultures d\u00e9crivent comme des \u00e9l\u00e9mentaux ou des gardiens invisibles de la nature.<\/p>\n\n\n\n<p>Bien entendu, cette interpr\u00e9tation reste une piste parmi d\u2019autres. Elle n\u2019a pas vocation \u00e0 constituer une preuve d\u00e9finitive, mais elle apporte un \u00e9clairage suppl\u00e9mentaire sur ces images et rappelle que, dans de <mark style=\"background-color:rgba(0, 0, 0, 0)\" class=\"has-inline-color has-vivid-red-color\">nombreuses traditions \u00e0 travers le monde<\/mark>, les arbres anciens sont parfois consid\u00e9r\u00e9s comme des <strong>points de connexion entre le monde visible et l\u2019invisible<\/strong>.<\/p>\n\n\n\n<p>Leur regard invite ainsi chacun \u00e0 observer ces photographies avec attention\u2026 et peut-\u00eatre \u00e0 se souvenir que certains lieux de la nature semblent parfois habit\u00e9s d\u2019une pr\u00e9sence que l\u2019on ne sait pas toujours expliquer.<\/p>\n\n\n\n<p><strong>Certains lecteurs ou personnes sensibles aux traditions li\u00e9es aux esprits de la nature<\/strong> ont m\u00eame \u00e9voqu\u00e9 une hypoth\u00e8se plus symbolique : <strong>celle d\u2019une pr\u00e9sence li\u00e9e au lieu, dont l\u2019\u00e9nergie aurait pu se manifester au-del\u00e0 de cet arbre.<\/strong><\/p>\n\n\n\n<p>Bien s\u00fbr, les coupures \u00e9lectriques ont g\u00e9n\u00e9ralement des causes techniques clairement identifi\u00e9es. Mais cette id\u00e9e rappelle combien, dans les traditions anciennes, les ph\u00e9nom\u00e8nes naturels \u00e9taient parfois interpr\u00e9t\u00e9s comme l\u2019expression d\u2019un <strong>dialogue entre la nature <\/strong>et les <strong>forces invisibles qui l\u2019habiteraient<\/strong>.<\/p>\n\n\n\n<blockquote>\n<p><strong>Peut-\u00eatre que ces images ne montrent pas seulement un ph\u00e9nom\u00e8ne lumineux\u2026 mais le discret rappel que certains lieux de la Terre sont encore habit\u00e9s d\u2019une pr\u00e9sence que nous avons simplement appris \u00e0 ne plus voir.<\/strong><\/p>\n<\/blockquote>\n\n\n\n<p><span style=\"text-decoration: underline;\">Pour aller plus loin : la vie secr\u00e8te des plantes<\/span> : <\/p>\n\n\n\n<h3 class=\"wp-block-heading\">\ud83c\udf3f <mark style=\"background-color:rgba(0, 0, 0, 0)\" class=\"has-inline-color has-vivid-red-color\">La vie secr\u00e8te des plantes : un monde invisible que nous commen\u00e7ons \u00e0 peine \u00e0 comprendre<\/mark> \ud83c\udf31<\/h3>\n\n\n\n<p><strong>Et si ce que nous appelons un arbre n\u2019\u00e9tait pas seulement un organisme immobile enracin\u00e9 dans la terre<\/strong>,<\/p>\n\n\n\n<p>Afin d\u2019enrichir cette exploration autour de l\u2019arbre et des manifestations observ\u00e9es, il peut \u00eatre utile de rappeler une r\u00e9alit\u00e9 encore trop souvent sous-estim\u00e9e : <mark style=\"background-color:rgba(0, 0, 0, 0)\" class=\"has-inline-color has-vivid-red-color\">le monde v\u00e9g\u00e9tal est loin d\u2019\u00eatre passif ou inerte<\/mark>.<\/p>\n\n\n\n<p>Observer un arbre ne consiste peut-\u00eatre pas seulement \u00e0 regarder un organisme immobile. C\u2019est parfois contempler un <strong>\u00e9cosyst\u00e8me complexe, sensible et profond\u00e9ment reli\u00e9 \u00e0 son environnement<\/strong>.<\/p>\n\n\n\n<h3 class=\"wp-block-heading\">\ud83c\udf3f Comprendre la vie secr\u00e8te du monde v\u00e9g\u00e9tal<\/h3>\n\n\n\n<p>Et si ce que nous appelons un arbre n\u2019\u00e9tait pas seulement un organisme immobile enracin\u00e9 dans la terre, mais <strong>un \u00eatre vivant dot\u00e9 de strat\u00e9gies, de perceptions et d\u2019interactions complexes avec son environnement<\/strong> ?<\/p>\n\n\n\n<p>Depuis plusieurs d\u00e9cennies, des <strong>chercheurs<\/strong>, <strong>biologistes <\/strong>et <strong>naturalistes <\/strong>mettent en \u00e9vidence une r\u00e9alit\u00e9 fascinante : les plantes <strong>per\u00e7oivent leur environnement, communiquent entre elles, s\u2019adaptent et d\u00e9veloppent des strat\u00e9gies \u00e9tonnantes pour survivre et se reproduire<\/strong>.<\/p>\n\n\n\n<p>Le monde v\u00e9g\u00e9tal, que nous croyions silencieux et passif, r\u00e9v\u00e8le en r\u00e9alit\u00e9 <strong>une intelligence discr\u00e8te et profond\u00e9ment reli\u00e9e aux \u00e9quilibres de la nature<\/strong>.<\/p>\n\n\n\n<p>La s\u00e9rie documentaire ci-dessous, intitul\u00e9e <strong>\u00ab La vie secr\u00e8te des plantes \u00bb<\/strong>, permet d\u2019explorer ces m\u00e9canismes extraordinaires \u00e0 travers trois \u00e9pisodes consacr\u00e9s \u00e0 la propagation, \u00e0 l\u2019alimentation et \u00e0 la reproduction du monde v\u00e9g\u00e9tal.<\/p>\n\n\n\n<p>Une invitation \u00e0 regarder les arbres et les plantes d\u2019un \u0153il nouveau\u2026 et peut-\u00eatre \u00e0 mieux comprendre <strong>les myst\u00e8res qui entourent certains lieux et certaines manifestations de la nature.<\/strong><\/p>\n\n\n\n<figure class=\"wp-block-embed aligncenter is-type-video is-provider-youtube wp-block-embed-youtube wp-embed-aspect-16-9 wp-has-aspect-ratio\"><div class=\"wp-block-embed__wrapper\">\n<iframe  id=\"_ytid_42175\"  width=\"640\" height=\"360\"  data-origwidth=\"640\" data-origheight=\"360\" src=\"https:\/\/www.youtube.com\/embed\/bwRu9UetAu4?enablejsapi=1&#038;autoplay=0&#038;cc_load_policy=0&#038;cc_lang_pref=&#038;iv_load_policy=1&#038;loop=0&#038;rel=1&#038;fs=1&#038;playsinline=0&#038;autohide=2&#038;theme=dark&#038;color=red&#038;controls=1&#038;disablekb=0&#038;\" class=\"__youtube_prefs__  epyt-is-override  no-lazyload\" title=\"YouTube player\"  allow=\"fullscreen; accelerometer; autoplay; clipboard-write; encrypted-media; gyroscope; picture-in-picture; web-share\" referrerpolicy=\"strict-origin-when-cross-origin\" allowfullscreen data-no-lazy=\"1\" data-skipgform_ajax_framebjll=\"\"><\/iframe>\n<\/div><figcaption class=\"wp-element-caption\"><strong>La vie secr\u00e8te des plantes 1\/3 : Propagation<\/strong> \/ <a href=\"https:\/\/youtu.be\/bwRu9UetAu4?si=ch0b6aU2RbTZYFDA\" type=\"link\" id=\"https:\/\/youtu.be\/bwRu9UetAu4?si=ch0b6aU2RbTZYFDA\">TERRA MIRABILIS<\/a> <strong>\ud83d\udd17<\/strong>. Les esp\u00e8ces du r\u00e8gne v\u00e9g\u00e9tal ont mis en place des strat\u00e9gies ing\u00e9nieuses et vari\u00e9es afin de se propager sur de nouveaux territoires. Pour faire voyager leurs semences, elles peuvent se servir du vent ou des cours d\u2019eau, mais \u00e9galement des animaux. Certains d\u00e9placent ainsi leurs graines par le biais de leur syst\u00e8me digestif, de leur pelage ou de leurs plumes.<\/figcaption><\/figure>\n\n\n\n<figure class=\"wp-block-embed aligncenter is-type-video is-provider-youtube wp-block-embed-youtube wp-embed-aspect-16-9 wp-has-aspect-ratio\"><div class=\"wp-block-embed__wrapper\">\n<iframe  id=\"_ytid_12539\"  width=\"640\" height=\"360\"  data-origwidth=\"640\" data-origheight=\"360\" src=\"https:\/\/www.youtube.com\/embed\/Hfofo55KygU?enablejsapi=1&#038;autoplay=0&#038;cc_load_policy=0&#038;cc_lang_pref=&#038;iv_load_policy=1&#038;loop=0&#038;rel=1&#038;fs=1&#038;playsinline=0&#038;autohide=2&#038;theme=dark&#038;color=red&#038;controls=1&#038;disablekb=0&#038;\" class=\"__youtube_prefs__  epyt-is-override  no-lazyload\" title=\"YouTube player\"  allow=\"fullscreen; accelerometer; autoplay; clipboard-write; encrypted-media; gyroscope; picture-in-picture; web-share\" referrerpolicy=\"strict-origin-when-cross-origin\" allowfullscreen data-no-lazy=\"1\" data-skipgform_ajax_framebjll=\"\"><\/iframe>\n<\/div><figcaption class=\"wp-element-caption\"><strong>La vie secr\u00e8te des plantes 2\/3 : Alimentation<\/strong> \/ <a href=\"https:\/\/youtu.be\/Hfofo55KygU?si=5RyMsvQPRblNaVzA\" type=\"link\" id=\"https:\/\/youtu.be\/bwRu9UetAu4?si=ch0b6aU2RbTZYFDA\">TERRA MIRABILIS<\/a> <strong>\ud83d\udd17<\/strong>. \u00c0 la d\u00e9couverte des incroyables strat\u00e9gies de survie \u00e9labor\u00e9es par le monde v\u00e9g\u00e9tal. Pour cro\u00eetre, les plantes ont besoin d\u2019eau, de soleil et de min\u00e9raux&#8230; Afin de b\u00e9n\u00e9ficier de ces ressources indispensables, certaines plantes noient des petites proies ou recueillent des d\u00e9jections animales, tandis que d\u2019autres se guident gr\u00e2ce \u00e0 leur \u00ab\u00a0odorat\u00a0\u00bb pour atteindre une tige dont elles absorberont l\u2019\u00e9nergie. Et si elles nous semblent immobiles, elles sont en r\u00e9alit\u00e9 en mouvement permanent afin de capter un maximum de lumi\u00e8re. Gr\u00e2ce \u00e0 des images macro spectaculaires et de superbes time-lapses, on d\u00e9couvre une incroyable cha\u00eene alimentaire v\u00e9g\u00e9tale, ainsi que des comportements que l\u2019on pourrait croire r\u00e9serv\u00e9s aux animaux.<\/figcaption><\/figure>\n\n\n\n<figure class=\"wp-block-embed aligncenter is-type-video is-provider-youtube wp-block-embed-youtube wp-embed-aspect-16-9 wp-has-aspect-ratio\"><div class=\"wp-block-embed__wrapper\">\n<iframe  id=\"_ytid_28200\"  width=\"640\" height=\"360\"  data-origwidth=\"640\" data-origheight=\"360\" src=\"https:\/\/www.youtube.com\/embed\/sIUyxSmumcI?enablejsapi=1&#038;autoplay=0&#038;cc_load_policy=0&#038;cc_lang_pref=&#038;iv_load_policy=1&#038;loop=0&#038;rel=1&#038;fs=1&#038;playsinline=0&#038;autohide=2&#038;theme=dark&#038;color=red&#038;controls=1&#038;disablekb=0&#038;\" class=\"__youtube_prefs__  epyt-is-override  no-lazyload\" title=\"YouTube player\"  allow=\"fullscreen; accelerometer; autoplay; clipboard-write; encrypted-media; gyroscope; picture-in-picture; web-share\" referrerpolicy=\"strict-origin-when-cross-origin\" allowfullscreen data-no-lazy=\"1\" data-skipgform_ajax_framebjll=\"\"><\/iframe>\n<\/div><figcaption class=\"wp-element-caption\"><strong>La vie secr\u00e8te des plantes 3\/3 : Reproduction<\/strong> \/ <a href=\"https:\/\/youtu.be\/sIUyxSmumcI?si=9MCVeznTP0Ebj4T6\" type=\"link\" id=\"https:\/\/youtu.be\/bwRu9UetAu4?si=ch0b6aU2RbTZYFDA\">TERRA MIRABILIS<\/a> <strong>\ud83d\udd17<\/strong>. \u00c0 la d\u00e9couverte des incroyables strat\u00e9gies de survie du monde v\u00e9g\u00e9tal. Comment se reproduire lorsqu\u2019on est incapable de se d\u00e9placer ? Afin d&rsquo;assurer la f\u00e9condation d\u2019une fleur par le pollen d\u2019une autre, la plupart des plantes doivent faire appel \u00e0 des alli\u00e9s de choix : les animaux. Pour arriver \u00e0 leurs fins, certaines esp\u00e8ces v\u00e9g\u00e9tales exploitent avec une grande finesse les besoins nutritifs et les instincts sexuels des insectes pollinisateurs, \u00e0 l\u2019image des fleurs imitant \u00e0 la perfection une gu\u00eape femelle. Certaines orchid\u00e9es ont m\u00eame d\u00e9velopp\u00e9 d\u2019incroyables m\u00e9canismes pour s\u00e9lectionner leur insecte de pr\u00e9dilection.<\/figcaption><\/figure>\n\n\n\n<p><span style=\"text-decoration: underline;\">En bonus<\/span>  : <\/p>\n\n\n\n<p>\ud83c\udf43 <strong><mark style=\"background-color:rgba(0, 0, 0, 0)\" class=\"has-inline-color has-vivid-red-color\">\u00ab La Parole du Druide \u00bb avec Pascal Lamour<\/mark><\/strong> \ud83c\udf33\ud83c\udf3f<\/p>\n\n\n\n<figure class=\"wp-block-embed aligncenter is-type-video is-provider-youtube wp-block-embed-youtube wp-embed-aspect-16-9 wp-has-aspect-ratio\"><div class=\"wp-block-embed__wrapper\">\n<iframe title=\"\u00ab La Parole du Druide \u00bb avec Pascal Lamour\" width=\"640\" height=\"360\" src=\"https:\/\/www.youtube.com\/embed\/BGoKToVk_vI?feature=oembed\" frameborder=\"0\" allow=\"accelerometer; autoplay; clipboard-write; encrypted-media; gyroscope; picture-in-picture; web-share\" referrerpolicy=\"strict-origin-when-cross-origin\" allowfullscreen><\/iframe>\n<\/div><\/figure>\n\n\n\n<p>Dans cette \u00e9mission diffus\u00e9e sur <a href=\"https:\/\/www.youtube.com\/@NUR%C3%89ATV\" type=\"link\" id=\"https:\/\/www.youtube.com\/@NUR%C3%89ATV\">Nur\u00e9a TV<\/a> <strong>\ud83d\udd17<\/strong>, le druide et docteur en pharmacie <strong>Pascal Lamour<\/strong> pr\u00e9sente les grandes lignes de son ouvrage <em><a href=\"https:\/\/www.emmanuelyvesmonin.com\/index.php\/le-manuscrit-des-paroles-du-druide-sans-nom-et-sans-visage\" type=\"link\" id=\"https:\/\/www.emmanuelyvesmonin.com\/index.php\/le-manuscrit-des-paroles-du-druide-sans-nom-et-sans-visage\">La Parole du Druide<\/a><\/em> <strong>\ud83d\udd17<\/strong>. \u00c0 travers le r\u00e9cit d\u2019un <strong>druide en devenir<\/strong> et de son <strong>chemin initiatique<\/strong>, il partage une approche du d\u00e9veloppement personnel <strong>inspir\u00e9e de l\u2019h\u00e9ritage spirituel celtique.<\/strong><\/p>\n\n\n\n<p>L\u2019auteur y explore des cl\u00e9s de <strong>compr\u00e9hension du monde <\/strong>et de <strong>soi-m\u00eame<\/strong>, invitant chacun \u00e0 <strong>cultiver <\/strong>l\u2019<strong>\u00e9quilibre int\u00e9rieur, l\u2019harmonie avec la nature et une relation plus consciente aux autres<\/strong>. Entre traditions <strong>anciennes <\/strong>et r\u00e9flexion <strong>contemporaine<\/strong>, cette rencontre propose un regard accessible sur la <mark style=\"background-color:rgba(0, 0, 0, 0)\" class=\"has-inline-color has-vivid-red-color\">sagesse druidique<\/mark> et ses <mark style=\"background-color:rgba(0, 0, 0, 0)\" class=\"has-inline-color has-vivid-red-color\">enseignements pour la vie quotidienne.<\/mark><\/p>\n\n\n\n<p>Site officiel de Pascal Lamour : <a href=\"https:\/\/pascallamour.com\">https:\/\/pascallamour.com<\/a> <strong>\ud83d\udd17<\/strong><\/p>\n\n\n\n<div style=\"margin:40px 0; padding:28px 22px; background:linear-gradient(135deg,#0b0f14,#121a24,#0f141c); border:1px solid rgba(120,180,255,0.25); border-radius:18px; box-shadow:0 0 18px rgba(80,140,255,0.12), 0 0 36px rgba(0,0,0,0.35); text-align:center;\">\n\n  <p style=\"margin:0 0 18px 0; font-size:22px; font-weight:700; color:#ffffff;\">\n    \ud83c\udfa5 Prolongez l\u2019exploration avec <span style=\"color:#7fd4ff;\">Planet Actus<\/span>\n  <\/p>\n\n  <p style=\"margin:0 auto 24px auto; max-width:860px; font-size:17px; line-height:1.7; color:#d8e6f5;\">\n    Pour prolonger cette exploration sur les myst\u00e8res du vivant, retrouvez \u00e9galement les playlists de\n    <strong style=\"color:#ffffff;\">Planet Actus<\/strong> sur YouTube :\n    nature, conscience, ph\u00e9nom\u00e8nes inexpliqu\u00e9s, spiritualit\u00e9 et documentaires s\u00e9lectionn\u00e9s.\n  <\/p>\n\n  <div style=\"display:flex; flex-wrap:wrap; gap:14px; justify-content:center; align-items:center;\">\n\n    <a href=\"https:\/\/www.youtube.com\/@PlanetActus?sub_confirmation=1\"\n       target=\"_blank\"\n       rel=\"noopener noreferrer\"\n       style=\"display:inline-block; background:linear-gradient(135deg,#ff1e1e,#c40000); color:#ffffff; font-size:17px; font-weight:700; text-decoration:none; padding:14px 24px; border-radius:10px; box-shadow:0 0 14px rgba(255,0,0,0.35), 0 4px 14px rgba(0,0,0,0.28); border:1px solid rgba(255,255,255,0.12);\">\n      \u25b6\ufe0f S\u2019abonner \u00e0 la cha\u00eene\n    <\/a>\n\n    <a href=\"https:\/\/www.youtube.com\/@PlanetActus\/playlists\"\n       target=\"_blank\"\n       rel=\"noopener noreferrer\"\n       style=\"display:inline-block; background:linear-gradient(135deg,#152233,#1b3047); color:#ffffff; font-size:17px; font-weight:700; text-decoration:none; padding:14px 24px; border-radius:10px; box-shadow:0 0 14px rgba(90,170,255,0.18), 0 4px 14px rgba(0,0,0,0.28); border:1px solid rgba(127,212,255,0.28);\">\n      \ud83d\udcc2 Voir les playlists\n    <\/a>\n\n  <\/div>\n\n<\/div>\n\n\n<div class=\"wp-block-post-author\"><div class=\"wp-block-post-author__avatar\"><img decoding=async data-opt-id=1391982141  alt='' src='\/\/www.gravatar.com\/avatar\/1f651b4ef1fc23d4d1601d6f2649258e?s=48&#038;r=g&#038;d=mm' srcset='\/\/www.gravatar.com\/avatar\/1f651b4ef1fc23d4d1601d6f2649258e?s=48&#038;r=g&#038;d=mm 2x' class='avatar avatar-48 photo' height='48' width='48' \/><\/div><div class=\"wp-block-post-author__content\"><p class=\"wp-block-post-author__byline\"><a href=\"https:\/\/planetactus.com\/\" id=\"https:\/\/planetactus.com\/\">planetactus<\/a><\/p><p class=\"wp-block-post-author__name\">planetactus.com<\/p><\/div><\/div><div class=\"gsp_post_data\" \r\n\t            data-post_type=\"post\" \r\n\t            data-cat=\"a-la-une,fantomes-esprits,ia-interviews-youtube,mysteres-lieux-charges,ocean-indien\" \r\n\t            data-modified=\"120\"\r\n\t            data-created=\"1773565410\"\r\n\t            data-title=\"L\u2019Arbre Gardien de La R\u00e9union (974) : simple jeu de lumi\u00e8re\u2026 ou manifestation de l\u2019invisible ?\" \r\n\t            data-home=\"https:\/\/planetactus.com\"><\/div>","protected":false},"excerpt":{"rendered":"<p>Planet Actus \u2022 Myst\u00e8re, Conscience &amp; R\u00e9v\u00e9lations Une \u00e9trange pr\u00e9sence lumineuse photographi\u00e9e pr\u00e8s d\u2019un arbre situ\u00e9 sur les hauteurs de Saint-Paul interroge autant qu\u2019elle fascine. Entre observation, traditions anciennes et respect du vivant, cette image ouvre une r\u00e9flexion plus profonde sur les myst\u00e8res silencieux de la nature. \ud83c\udf33 L\u2019Arbre Gardien La manifestation de l\u2019esprit du [&hellip;]<\/p>\n","protected":false},"author":1,"featured_media":5544,"comment_status":"open","ping_status":"open","sticky":false,"template":"","format":"standard","meta":{"_bbp_topic_count":0,"_bbp_reply_count":0,"_bbp_total_topic_count":0,"_bbp_total_reply_count":0,"_bbp_voice_count":0,"_bbp_anonymous_reply_count":0,"_bbp_topic_count_hidden":0,"_bbp_reply_count_hidden":0,"_bbp_forum_subforum_count":0,"fifu_image_url":"","fifu_image_alt":"","_jetpack_memberships_contains_paid_content":false,"footnotes":"","jetpack_publicize_message":"","jetpack_publicize_feature_enabled":true,"jetpack_social_post_already_shared":true,"jetpack_social_options":{"image_generator_settings":{"template":"highway","default_image_id":0,"font":"","enabled":false},"version":2}},"categories":[19,184,168,186,26],"tags":[],"class_list":["post-5509","post","type-post","status-publish","format-standard","has-post-thumbnail","hentry","category-a-la-une","category-fantomes-esprits","category-ia-interviews-youtube","category-mysteres-lieux-charges","category-ocean-indien"],"featured_image_src":"https:\/\/mlrdeoj2ejbf.i.optimole.com\/cb:mvHM.4ca\/w:auto\/h:auto\/q:mauto\/f:best\/https:\/\/i0.wp.com\/planetactus.com\/wp-content\/uploads\/2026\/03\/arbre-gardien-elemental-nature-reunion-planetactus.jpg?fit=1024%2C1536&ssl=1","author_info":{"display_name":"planetactus.com","author_link":"https:\/\/planetactus.com\/index.php\/author\/admin9861\/"},"yoast_head":"<!-- This site is optimized with the Yoast SEO plugin v27.5 - https:\/\/yoast.com\/product\/yoast-seo-wordpress\/ -->\n<title>L\u2019Arbre Gardien de La R\u00e9union (974) : pr\u00e9sence invisible ?<\/title>\n<meta name=\"description\" content=\"Sur une parcelle agricole de l\u2019\u00eele de La R\u00e9union, une photographie r\u00e9v\u00e8le une \u00e9trange manifestation lumineuse au pied d\u2019un arbre ancien. Ph\u00e9nom\u00e8ne optique\u2026 ou trace d\u2019une pr\u00e9sence invisible li\u00e9e \u00e0 la nature ?\" class=\"yoast-seo-meta-tag\" \/>\n<meta name=\"robots\" content=\"index, follow, max-snippet:-1, max-image-preview:large, max-video-preview:-1\" \/>\n<link rel=\"canonical\" href=\"https:\/\/planetactus.com\/index.php\/2026\/03\/15\/arbre-gardien-reunion-manifestation-lumineuse\/\" class=\"yoast-seo-meta-tag\" \/>\n<meta property=\"og:locale\" content=\"fr_FR\" class=\"yoast-seo-meta-tag\" \/>\n<meta property=\"og:type\" content=\"article\" class=\"yoast-seo-meta-tag\" \/>\n<meta property=\"og:title\" content=\"L\u2019Arbre Gardien de La R\u00e9union (974) : ph\u00e9nom\u00e8ne lumineux ou pr\u00e9sence invisible ?\" class=\"yoast-seo-meta-tag\" \/>\n<meta property=\"og:description\" content=\"Sur les hauteurs de Saint-Paul \u00e0 l\u2019\u00eele de La R\u00e9union, une photographie r\u00e9v\u00e8le une \u00e9trange manifestation lumineuse au pied d\u2019un arbre ancien\u2026\" class=\"yoast-seo-meta-tag\" \/>\n<meta property=\"og:url\" content=\"https:\/\/planetactus.com\/index.php\/2026\/03\/15\/arbre-gardien-reunion-manifestation-lumineuse\/\" class=\"yoast-seo-meta-tag\" \/>\n<meta property=\"article:publisher\" content=\"https:\/\/www.facebook.com\/profile.php?id=61561620320740\" class=\"yoast-seo-meta-tag\" \/>\n<meta property=\"article:author\" content=\"https:\/\/www.facebook.com\/profile.php?id=61561620320740\" class=\"yoast-seo-meta-tag\" \/>\n<meta property=\"article:published_time\" content=\"2026-03-15T08:03:30+00:00\" class=\"yoast-seo-meta-tag\" \/>\n<meta property=\"article:modified_time\" content=\"2026-03-15T11:17:12+00:00\" class=\"yoast-seo-meta-tag\" \/>\n<meta property=\"og:image\" content=\"https:\/\/mlrdeoj2ejbf.i.optimole.com\/cb:mvHM.4ca\/w:auto\/h:auto\/q:mauto\/f:best\/http:\/\/planetactus.com\/wp-content\/uploads\/2026\/03\/arbre-gardien-elemental-nature-reunion-planetactus.jpg\" class=\"yoast-seo-meta-tag\" \/>\n\t<meta property=\"og:image:width\" content=\"1024\" class=\"yoast-seo-meta-tag\" \/>\n\t<meta property=\"og:image:height\" content=\"1536\" class=\"yoast-seo-meta-tag\" \/>\n\t<meta property=\"og:image:type\" content=\"image\/jpeg\" class=\"yoast-seo-meta-tag\" \/>\n<meta name=\"author\" content=\"planetactus.com\" class=\"yoast-seo-meta-tag\" \/>\n<meta name=\"twitter:card\" content=\"summary_large_image\" class=\"yoast-seo-meta-tag\" \/>\n<meta name=\"twitter:title\" content=\"L\u2019Arbre Gardien de La R\u00e9union (974) : ph\u00e9nom\u00e8ne lumineux ou pr\u00e9sence invisible ?\" class=\"yoast-seo-meta-tag\" \/>\n<meta name=\"twitter:description\" content=\"Sur les hauteurs de Saint-Paul \u00e0 l\u2019\u00eele de La R\u00e9union, une photographie r\u00e9v\u00e8le une \u00e9trange manifestation lumineuse au pied d\u2019un arbre ancien\u2026\" class=\"yoast-seo-meta-tag\" \/>\n<meta name=\"twitter:image\" content=\"https:\/\/mlrdeoj2ejbf.i.optimole.com\/cb:mvHM.4ca\/w:auto\/h:auto\/q:mauto\/f:best\/https:\/\/i0.wp.com\/planetactus.com\/wp-content\/uploads\/2026\/03\/arbre-gardien-elemental-nature-reunion-planetactus.jpg?fit=1024%2C1536&ssl=1\" class=\"yoast-seo-meta-tag\" \/>\n<meta name=\"twitter:creator\" content=\"@https:\/\/x.com\/PlanetActus\" class=\"yoast-seo-meta-tag\" \/>\n<meta name=\"twitter:site\" content=\"@PlanetActus\" class=\"yoast-seo-meta-tag\" \/>\n<meta name=\"twitter:label1\" content=\"\u00c9crit par\" class=\"yoast-seo-meta-tag\" \/>\n\t<meta name=\"twitter:data1\" content=\"planetactus.com\" class=\"yoast-seo-meta-tag\" \/>\n\t<meta name=\"twitter:label2\" content=\"Dur\u00e9e de lecture estim\u00e9e\" class=\"yoast-seo-meta-tag\" \/>\n\t<meta name=\"twitter:data2\" content=\"17 minutes\" class=\"yoast-seo-meta-tag\" \/>\n<script type=\"application\/ld+json\" class=\"yoast-schema-graph\">{\"@context\":\"https:\\\/\\\/schema.org\",\"@graph\":[{\"@type\":\"Article\",\"@id\":\"https:\\\/\\\/planetactus.com\\\/index.php\\\/2026\\\/03\\\/15\\\/arbre-gardien-reunion-manifestation-lumineuse\\\/#article\",\"isPartOf\":{\"@id\":\"https:\\\/\\\/planetactus.com\\\/index.php\\\/2026\\\/03\\\/15\\\/arbre-gardien-reunion-manifestation-lumineuse\\\/\"},\"author\":{\"name\":\"planetactus.com\",\"@id\":\"https:\\\/\\\/planetactus.com\\\/#\\\/schema\\\/person\\\/fbb75ac73a2424d2e176d31b021372a4\"},\"headline\":\"L\u2019Arbre Gardien de La R\u00e9union (974) : simple jeu de lumi\u00e8re\u2026 ou manifestation de l\u2019invisible ?\",\"datePublished\":\"2026-03-15T08:03:30+00:00\",\"dateModified\":\"2026-03-15T11:17:12+00:00\",\"mainEntityOfPage\":{\"@id\":\"https:\\\/\\\/planetactus.com\\\/index.php\\\/2026\\\/03\\\/15\\\/arbre-gardien-reunion-manifestation-lumineuse\\\/\"},\"wordCount\":3546,\"commentCount\":0,\"publisher\":{\"@id\":\"https:\\\/\\\/planetactus.com\\\/#\\\/schema\\\/person\\\/fbb75ac73a2424d2e176d31b021372a4\"},\"image\":{\"@id\":\"https:\\\/\\\/planetactus.com\\\/index.php\\\/2026\\\/03\\\/15\\\/arbre-gardien-reunion-manifestation-lumineuse\\\/#primaryimage\"},\"thumbnailUrl\":\"https:\\/\\/i0.wp.com\\/planetactus.com\\/wp-content\\/uploads\\/2026\\/03\\/arbre-gardien-elemental-nature-reunion-planetactus.jpg?fit=1024%2C1536&ssl=1\",\"articleSection\":[\"A la Une\",\"Fant\u00f4mes &amp; Esprits\",\"IA Interviews\",\"Myst\u00e8res &amp; Lieux charg\u00e9s\",\"Oc\u00e9an Indien\"],\"inLanguage\":\"fr-FR\",\"potentialAction\":[{\"@type\":\"CommentAction\",\"name\":\"Comment\",\"target\":[\"https:\\\/\\\/planetactus.com\\\/index.php\\\/2026\\\/03\\\/15\\\/arbre-gardien-reunion-manifestation-lumineuse\\\/#respond\"]}]},{\"@type\":\"WebPage\",\"@id\":\"https:\\\/\\\/planetactus.com\\\/index.php\\\/2026\\\/03\\\/15\\\/arbre-gardien-reunion-manifestation-lumineuse\\\/\",\"url\":\"https:\\\/\\\/planetactus.com\\\/index.php\\\/2026\\\/03\\\/15\\\/arbre-gardien-reunion-manifestation-lumineuse\\\/\",\"name\":\"L\u2019Arbre Gardien de La R\u00e9union (974) : pr\u00e9sence invisible ?\",\"isPartOf\":{\"@id\":\"https:\\\/\\\/planetactus.com\\\/#website\"},\"primaryImageOfPage\":{\"@id\":\"https:\\\/\\\/planetactus.com\\\/index.php\\\/2026\\\/03\\\/15\\\/arbre-gardien-reunion-manifestation-lumineuse\\\/#primaryimage\"},\"image\":{\"@id\":\"https:\\\/\\\/planetactus.com\\\/index.php\\\/2026\\\/03\\\/15\\\/arbre-gardien-reunion-manifestation-lumineuse\\\/#primaryimage\"},\"thumbnailUrl\":\"https:\\/\\/i0.wp.com\\/planetactus.com\\/wp-content\\/uploads\\/2026\\/03\\/arbre-gardien-elemental-nature-reunion-planetactus.jpg?fit=1024%2C1536&ssl=1\",\"datePublished\":\"2026-03-15T08:03:30+00:00\",\"dateModified\":\"2026-03-15T11:17:12+00:00\",\"description\":\"Sur une parcelle agricole de l\u2019\u00eele de La R\u00e9union, une photographie r\u00e9v\u00e8le une \u00e9trange manifestation lumineuse au pied d\u2019un arbre ancien. Ph\u00e9nom\u00e8ne optique\u2026 ou trace d\u2019une pr\u00e9sence invisible li\u00e9e \u00e0 la nature ?\",\"breadcrumb\":{\"@id\":\"https:\\\/\\\/planetactus.com\\\/index.php\\\/2026\\\/03\\\/15\\\/arbre-gardien-reunion-manifestation-lumineuse\\\/#breadcrumb\"},\"inLanguage\":\"fr-FR\",\"potentialAction\":[{\"@type\":\"ReadAction\",\"target\":[\"https:\\\/\\\/planetactus.com\\\/index.php\\\/2026\\\/03\\\/15\\\/arbre-gardien-reunion-manifestation-lumineuse\\\/\"]}]},{\"@type\":\"ImageObject\",\"inLanguage\":\"fr-FR\",\"@id\":\"https:\\\/\\\/planetactus.com\\\/index.php\\\/2026\\\/03\\\/15\\\/arbre-gardien-reunion-manifestation-lumineuse\\\/#primaryimage\",\"url\":\"https:\\/\\/i0.wp.com\\/planetactus.com\\/wp-content\\/uploads\\/2026\\/03\\/arbre-gardien-elemental-nature-reunion-planetactus.jpg?fit=1024%2C1536&ssl=1\",\"contentUrl\":\"https:\\/\\/i0.wp.com\\/planetactus.com\\/wp-content\\/uploads\\/2026\\/03\\/arbre-gardien-elemental-nature-reunion-planetactus.jpg?fit=1024%2C1536&ssl=1\",\"width\":1024,\"height\":1536,\"caption\":\"Illustration symbolique repr\u00e9sentant un esprit de la nature ou gardien invisible associ\u00e9 aux arbres anciens.\"},{\"@type\":\"BreadcrumbList\",\"@id\":\"https:\\\/\\\/planetactus.com\\\/index.php\\\/2026\\\/03\\\/15\\\/arbre-gardien-reunion-manifestation-lumineuse\\\/#breadcrumb\",\"itemListElement\":[{\"@type\":\"ListItem\",\"position\":1,\"name\":\"Accueil\",\"item\":\"https:\\\/\\\/planetactus.com\\\/\"},{\"@type\":\"ListItem\",\"position\":2,\"name\":\"L\u2019Arbre Gardien de La R\u00e9union (974) : simple jeu de lumi\u00e8re\u2026 ou manifestation de l\u2019invisible ?\"}]},{\"@type\":\"WebSite\",\"@id\":\"https:\\\/\\\/planetactus.com\\\/#website\",\"url\":\"https:\\\/\\\/planetactus.com\\\/\",\"name\":\"PLANET ACTUS\",\"description\":\"PLANET ACTUS\",\"publisher\":{\"@id\":\"https:\\\/\\\/planetactus.com\\\/#\\\/schema\\\/person\\\/fbb75ac73a2424d2e176d31b021372a4\"},\"potentialAction\":[{\"@type\":\"SearchAction\",\"target\":{\"@type\":\"EntryPoint\",\"urlTemplate\":\"https:\\\/\\\/planetactus.com\\\/?s={search_term_string}\"},\"query-input\":{\"@type\":\"PropertyValueSpecification\",\"valueRequired\":true,\"valueName\":\"search_term_string\"}}],\"inLanguage\":\"fr-FR\"},{\"@type\":[\"Person\",\"Organization\"],\"@id\":\"https:\\\/\\\/planetactus.com\\\/#\\\/schema\\\/person\\\/fbb75ac73a2424d2e176d31b021372a4\",\"name\":\"planetactus.com\",\"image\":{\"@type\":\"ImageObject\",\"inLanguage\":\"fr-FR\",\"@id\":\"https:\\/\\/i0.wp.com\\/planetactus.com\\/wp-content\\/uploads\\/2024\\/07\\/cropped-2-Planet-Actus-Banniere-02a.jpg?fit=1189%2C365&ssl=1\",\"url\":\"https:\\/\\/i0.wp.com\\/planetactus.com\\/wp-content\\/uploads\\/2024\\/07\\/cropped-2-Planet-Actus-Banniere-02a.jpg?fit=1189%2C365&ssl=1\",\"contentUrl\":\"https:\\/\\/i0.wp.com\\/planetactus.com\\/wp-content\\/uploads\\/2024\\/07\\/cropped-2-Planet-Actus-Banniere-02a.jpg?fit=1189%2C365&ssl=1\",\"width\":1189,\"height\":365,\"caption\":\"planetactus.com\"},\"logo\":{\"@id\":\"https:\\/\\/i0.wp.com\\/planetactus.com\\/wp-content\\/uploads\\/2024\\/07\\/cropped-2-Planet-Actus-Banniere-02a.jpg?fit=1189%2C365&ssl=1\"},\"sameAs\":[\"http:\\\/\\\/planetactus.com\",\"https:\\\/\\\/www.facebook.com\\\/profile.php?id=61561620320740\",\"https:\\\/\\\/x.com\\\/https:\\\/\\\/x.com\\\/PlanetActus\",\"https:\\\/\\\/www.youtube.com\\\/@PlanetActus\"],\"url\":\"https:\\\/\\\/planetactus.com\\\/index.php\\\/author\\\/admin9861\\\/\"}]}<\/script>\n<!-- \/ Yoast SEO plugin. -->","yoast_head_json":{"title":"L\u2019Arbre Gardien de La R\u00e9union (974) : pr\u00e9sence invisible ?","description":"Sur une parcelle agricole de l\u2019\u00eele de La R\u00e9union, une photographie r\u00e9v\u00e8le une \u00e9trange manifestation lumineuse au pied d\u2019un arbre ancien. Ph\u00e9nom\u00e8ne optique\u2026 ou trace d\u2019une pr\u00e9sence invisible li\u00e9e \u00e0 la nature ?","robots":{"index":"index","follow":"follow","max-snippet":"max-snippet:-1","max-image-preview":"max-image-preview:large","max-video-preview":"max-video-preview:-1"},"canonical":"https:\/\/planetactus.com\/index.php\/2026\/03\/15\/arbre-gardien-reunion-manifestation-lumineuse\/","og_locale":"fr_FR","og_type":"article","og_title":"L\u2019Arbre Gardien de La R\u00e9union (974) : ph\u00e9nom\u00e8ne lumineux ou pr\u00e9sence invisible ?","og_description":"Sur les hauteurs de Saint-Paul \u00e0 l\u2019\u00eele de La R\u00e9union, une photographie r\u00e9v\u00e8le une \u00e9trange manifestation lumineuse au pied d\u2019un arbre ancien\u2026","og_url":"https:\/\/planetactus.com\/index.php\/2026\/03\/15\/arbre-gardien-reunion-manifestation-lumineuse\/","article_publisher":"https:\/\/www.facebook.com\/profile.php?id=61561620320740","article_author":"https:\/\/www.facebook.com\/profile.php?id=61561620320740","article_published_time":"2026-03-15T08:03:30+00:00","article_modified_time":"2026-03-15T11:17:12+00:00","og_image":[{"width":1024,"height":1536,"url":"https:\/\/mlrdeoj2ejbf.i.optimole.com\/cb:mvHM.4ca\/w:auto\/h:auto\/q:mauto\/f:best\/http:\/\/planetactus.com\/wp-content\/uploads\/2026\/03\/arbre-gardien-elemental-nature-reunion-planetactus.jpg","type":"image\/jpeg"}],"author":"planetactus.com","twitter_card":"summary_large_image","twitter_title":"L\u2019Arbre Gardien de La R\u00e9union (974) : ph\u00e9nom\u00e8ne lumineux ou pr\u00e9sence invisible ?","twitter_description":"Sur les hauteurs de Saint-Paul \u00e0 l\u2019\u00eele de La R\u00e9union, une photographie r\u00e9v\u00e8le une \u00e9trange manifestation lumineuse au pied d\u2019un arbre ancien\u2026","twitter_image":"https:\/\/mlrdeoj2ejbf.i.optimole.com\/cb:mvHM.4ca\/w:auto\/h:auto\/q:mauto\/f:best\/https:\/\/i0.wp.com\/planetactus.com\/wp-content\/uploads\/2026\/03\/arbre-gardien-elemental-nature-reunion-planetactus.jpg?fit=1024%2C1536&ssl=1","twitter_creator":"@https:\/\/x.com\/PlanetActus","twitter_site":"@PlanetActus","twitter_misc":{"\u00c9crit par":"planetactus.com","Dur\u00e9e de lecture estim\u00e9e":"17 minutes"},"schema":{"@context":"https:\/\/schema.org","@graph":[{"@type":"Article","@id":"https:\/\/planetactus.com\/index.php\/2026\/03\/15\/arbre-gardien-reunion-manifestation-lumineuse\/#article","isPartOf":{"@id":"https:\/\/planetactus.com\/index.php\/2026\/03\/15\/arbre-gardien-reunion-manifestation-lumineuse\/"},"author":{"name":"planetactus.com","@id":"https:\/\/planetactus.com\/#\/schema\/person\/fbb75ac73a2424d2e176d31b021372a4"},"headline":"L\u2019Arbre Gardien de La R\u00e9union (974) : simple jeu de lumi\u00e8re\u2026 ou manifestation de l\u2019invisible ?","datePublished":"2026-03-15T08:03:30+00:00","dateModified":"2026-03-15T11:17:12+00:00","mainEntityOfPage":{"@id":"https:\/\/planetactus.com\/index.php\/2026\/03\/15\/arbre-gardien-reunion-manifestation-lumineuse\/"},"wordCount":3546,"commentCount":0,"publisher":{"@id":"https:\/\/planetactus.com\/#\/schema\/person\/fbb75ac73a2424d2e176d31b021372a4"},"image":{"@id":"https:\/\/planetactus.com\/index.php\/2026\/03\/15\/arbre-gardien-reunion-manifestation-lumineuse\/#primaryimage"},"thumbnailUrl":"https:\/\/mlrdeoj2ejbf.i.optimole.com\/cb:mvHM.4ca\/w:auto\/h:auto\/q:mauto\/f:best\/https:\/\/i0.wp.com\/planetactus.com\/wp-content\/uploads\/2026\/03\/arbre-gardien-elemental-nature-reunion-planetactus.jpg?fit=1024%2C1536&ssl=1","articleSection":["A la Une","Fant\u00f4mes &amp; Esprits","IA Interviews","Myst\u00e8res &amp; Lieux charg\u00e9s","Oc\u00e9an Indien"],"inLanguage":"fr-FR","potentialAction":[{"@type":"CommentAction","name":"Comment","target":["https:\/\/planetactus.com\/index.php\/2026\/03\/15\/arbre-gardien-reunion-manifestation-lumineuse\/#respond"]}]},{"@type":"WebPage","@id":"https:\/\/planetactus.com\/index.php\/2026\/03\/15\/arbre-gardien-reunion-manifestation-lumineuse\/","url":"https:\/\/planetactus.com\/index.php\/2026\/03\/15\/arbre-gardien-reunion-manifestation-lumineuse\/","name":"L\u2019Arbre Gardien de La R\u00e9union (974) : pr\u00e9sence invisible ?","isPartOf":{"@id":"https:\/\/planetactus.com\/#website"},"primaryImageOfPage":{"@id":"https:\/\/planetactus.com\/index.php\/2026\/03\/15\/arbre-gardien-reunion-manifestation-lumineuse\/#primaryimage"},"image":{"@id":"https:\/\/planetactus.com\/index.php\/2026\/03\/15\/arbre-gardien-reunion-manifestation-lumineuse\/#primaryimage"},"thumbnailUrl":"https:\/\/mlrdeoj2ejbf.i.optimole.com\/cb:mvHM.4ca\/w:auto\/h:auto\/q:mauto\/f:best\/https:\/\/i0.wp.com\/planetactus.com\/wp-content\/uploads\/2026\/03\/arbre-gardien-elemental-nature-reunion-planetactus.jpg?fit=1024%2C1536&ssl=1","datePublished":"2026-03-15T08:03:30+00:00","dateModified":"2026-03-15T11:17:12+00:00","description":"Sur une parcelle agricole de l\u2019\u00eele de La R\u00e9union, une photographie r\u00e9v\u00e8le une \u00e9trange manifestation lumineuse au pied d\u2019un arbre ancien. Ph\u00e9nom\u00e8ne optique\u2026 ou trace d\u2019une pr\u00e9sence invisible li\u00e9e \u00e0 la nature ?","breadcrumb":{"@id":"https:\/\/planetactus.com\/index.php\/2026\/03\/15\/arbre-gardien-reunion-manifestation-lumineuse\/#breadcrumb"},"inLanguage":"fr-FR","potentialAction":[{"@type":"ReadAction","target":["https:\/\/planetactus.com\/index.php\/2026\/03\/15\/arbre-gardien-reunion-manifestation-lumineuse\/"]}]},{"@type":"ImageObject","inLanguage":"fr-FR","@id":"https:\/\/planetactus.com\/index.php\/2026\/03\/15\/arbre-gardien-reunion-manifestation-lumineuse\/#primaryimage","url":"https:\/\/mlrdeoj2ejbf.i.optimole.com\/cb:mvHM.4ca\/w:auto\/h:auto\/q:mauto\/f:best\/https:\/\/i0.wp.com\/planetactus.com\/wp-content\/uploads\/2026\/03\/arbre-gardien-elemental-nature-reunion-planetactus.jpg?fit=1024%2C1536&ssl=1","contentUrl":"https:\/\/mlrdeoj2ejbf.i.optimole.com\/cb:mvHM.4ca\/w:auto\/h:auto\/q:mauto\/f:best\/https:\/\/i0.wp.com\/planetactus.com\/wp-content\/uploads\/2026\/03\/arbre-gardien-elemental-nature-reunion-planetactus.jpg?fit=1024%2C1536&ssl=1","width":1024,"height":1536,"caption":"Illustration symbolique repr\u00e9sentant un esprit de la nature ou gardien invisible associ\u00e9 aux arbres anciens."},{"@type":"BreadcrumbList","@id":"https:\/\/planetactus.com\/index.php\/2026\/03\/15\/arbre-gardien-reunion-manifestation-lumineuse\/#breadcrumb","itemListElement":[{"@type":"ListItem","position":1,"name":"Accueil","item":"https:\/\/planetactus.com\/"},{"@type":"ListItem","position":2,"name":"L\u2019Arbre Gardien de La R\u00e9union (974) : simple jeu de lumi\u00e8re\u2026 ou manifestation de l\u2019invisible ?"}]},{"@type":"WebSite","@id":"https:\/\/planetactus.com\/#website","url":"https:\/\/planetactus.com\/","name":"PLANET ACTUS","description":"PLANET ACTUS","publisher":{"@id":"https:\/\/planetactus.com\/#\/schema\/person\/fbb75ac73a2424d2e176d31b021372a4"},"potentialAction":[{"@type":"SearchAction","target":{"@type":"EntryPoint","urlTemplate":"https:\/\/planetactus.com\/?s={search_term_string}"},"query-input":{"@type":"PropertyValueSpecification","valueRequired":true,"valueName":"search_term_string"}}],"inLanguage":"fr-FR"},{"@type":["Person","Organization"],"@id":"https:\/\/planetactus.com\/#\/schema\/person\/fbb75ac73a2424d2e176d31b021372a4","name":"planetactus.com","image":{"@type":"ImageObject","inLanguage":"fr-FR","@id":"https:\/\/mlrdeoj2ejbf.i.optimole.com\/cb:mvHM.4ca\/w:auto\/h:auto\/q:mauto\/f:best\/https:\/\/i0.wp.com\/planetactus.com\/wp-content\/uploads\/2024\/07\/cropped-2-Planet-Actus-Banniere-02a.jpg?fit=1189%2C365&ssl=1","url":"https:\/\/mlrdeoj2ejbf.i.optimole.com\/cb:mvHM.4ca\/w:auto\/h:auto\/q:mauto\/f:best\/https:\/\/i0.wp.com\/planetactus.com\/wp-content\/uploads\/2024\/07\/cropped-2-Planet-Actus-Banniere-02a.jpg?fit=1189%2C365&ssl=1","contentUrl":"https:\/\/mlrdeoj2ejbf.i.optimole.com\/cb:mvHM.4ca\/w:auto\/h:auto\/q:mauto\/f:best\/https:\/\/i0.wp.com\/planetactus.com\/wp-content\/uploads\/2024\/07\/cropped-2-Planet-Actus-Banniere-02a.jpg?fit=1189%2C365&ssl=1","width":1189,"height":365,"caption":"planetactus.com"},"logo":{"@id":"https:\/\/mlrdeoj2ejbf.i.optimole.com\/cb:mvHM.4ca\/w:auto\/h:auto\/q:mauto\/f:best\/https:\/\/i0.wp.com\/planetactus.com\/wp-content\/uploads\/2024\/07\/cropped-2-Planet-Actus-Banniere-02a.jpg?fit=1189%2C365&ssl=1"},"sameAs":["http:\/\/planetactus.com","https:\/\/www.facebook.com\/profile.php?id=61561620320740","https:\/\/x.com\/https:\/\/x.com\/PlanetActus","https:\/\/www.youtube.com\/@PlanetActus"],"url":"https:\/\/planetactus.com\/index.php\/author\/admin9861\/"}]}},"jetpack_publicize_connections":[],"jetpack_featured_media_url":"https:\/\/mlrdeoj2ejbf.i.optimole.com\/cb:mvHM.4ca\/w:auto\/h:auto\/q:mauto\/f:best\/https:\/\/i0.wp.com\/planetactus.com\/wp-content\/uploads\/2026\/03\/arbre-gardien-elemental-nature-reunion-planetactus.jpg?fit=1024%2C1536&ssl=1","jetpack_sharing_enabled":true,"_links":{"self":[{"href":"https:\/\/planetactus.com\/index.php\/wp-json\/wp\/v2\/posts\/5509","targetHints":{"allow":["GET"]}}],"collection":[{"href":"https:\/\/planetactus.com\/index.php\/wp-json\/wp\/v2\/posts"}],"about":[{"href":"https:\/\/planetactus.com\/index.php\/wp-json\/wp\/v2\/types\/post"}],"author":[{"embeddable":true,"href":"https:\/\/planetactus.com\/index.php\/wp-json\/wp\/v2\/users\/1"}],"replies":[{"embeddable":true,"href":"https:\/\/planetactus.com\/index.php\/wp-json\/wp\/v2\/comments?post=5509"}],"version-history":[{"count":21,"href":"https:\/\/planetactus.com\/index.php\/wp-json\/wp\/v2\/posts\/5509\/revisions"}],"predecessor-version":[{"id":5549,"href":"https:\/\/planetactus.com\/index.php\/wp-json\/wp\/v2\/posts\/5509\/revisions\/5549"}],"wp:featuredmedia":[{"embeddable":true,"href":"https:\/\/planetactus.com\/index.php\/wp-json\/wp\/v2\/media\/5544"}],"wp:attachment":[{"href":"https:\/\/planetactus.com\/index.php\/wp-json\/wp\/v2\/media?parent=5509"}],"wp:term":[{"taxonomy":"category","embeddable":true,"href":"https:\/\/planetactus.com\/index.php\/wp-json\/wp\/v2\/categories?post=5509"},{"taxonomy":"post_tag","embeddable":true,"href":"https:\/\/planetactus.com\/index.php\/wp-json\/wp\/v2\/tags?post=5509"}],"curies":[{"name":"wp","href":"https:\/\/api.w.org\/{rel}","templated":true}]}}